{"id":680,"date":"2010-12-15T16:17:58","date_gmt":"2010-12-15T15:17:58","guid":{"rendered":"https:\/\/www.revistarambla.com\/espiritu-navideno-caganers-y-papa-noeles-de-trapo\/"},"modified":"2021-12-08T20:26:40","modified_gmt":"2021-12-08T19:26:40","slug":"espiritu-navideno-caganers-y-papa-noeles-de-trapo","status":"publish","type":"post","link":"https:\/\/www.revistarambla.com\/en\/espiritu-navideno-caganers-y-papa-noeles-de-trapo\/","title":{"rendered":"Esp\u00edritu navide\u00f1o: caganers y Pap\u00e1s Noeles de trapo"},"content":{"rendered":"<p><a href=\"https:\/\/www.revistarambla.com\/wp-content\/uploads\/2013\/12\/arbol_navidada_rambla_02.jpg\"><img decoding=\"async\" class=\"wp-image-4526 alignright\" src=\"https:\/\/www.revistarambla.com\/wp-content\/uploads\/2013\/12\/arbol_navidada_rambla_02.jpg\" alt=\"esp\u00edritu navide\u00f1o\" width=\"392\" height=\"261\" srcset=\"https:\/\/www.revistarambla.com\/wp-content\/uploads\/2013\/12\/arbol_navidada_rambla_02.jpg 700w, https:\/\/www.revistarambla.com\/wp-content\/uploads\/2013\/12\/arbol_navidada_rambla_02-300x200.jpg 300w, https:\/\/www.revistarambla.com\/wp-content\/uploads\/2013\/12\/arbol_navidada_rambla_02-500x334.jpg 500w\" sizes=\"(max-width: 392px) 100vw, 392px\" \/><\/a>Faltan pocos d\u00edas <a href=\"https:\/\/www.revistarambla.com\/en\/el-origen-pagano-de-la-navidad\/\">para que llegue la Navidad<\/a>, pero hace ya unos cuantos que el mundo entero se prepara para recibir el esp\u00edritu navide\u00f1o con sus mejores galas. Las calles se visten de luz y los comercios de\u00a0 rojo, blanco y dorado, y en los hogares se acerca el momento de volver a poner en pie el \u00e1rbol. De adornarlo de ra\u00edz a copa, colgando de cada una de sus ramas mu\u00f1ecos de nieve y estrellas de purpurina. La intenci\u00f3n, que cada a\u00f1o luzca m\u00e1s que el anterior, y para ello, cabe darle un toque de distinci\u00f3n. Nuevos adornos, nuevas luces o un pesebre y un Caga Ti\u00f3 como nuevos compa\u00f1eros de fiesta. Encontrarlos es sencillo, son muchas las tiendas de tem\u00e1tica navide\u00f1a, aunque una de las mejores opciones est\u00e1 al aire libre, en la Plaza de la Catedral de Barcelona. Se trata de <a href=\"https:\/\/es.firadesantallucia.cat\/\">la Fira de Santa Ll\u00facia<\/a>, a disposici\u00f3n de los viandantes hasta el 23 de diciembre, un mercado repleto de todos los adornos de Navidad imaginables capaz de despertar la ilusi\u00f3n hasta en el m\u00e1s incr\u00e9dulo.<\/p>\n<p>Papa Noeles de tela o de pl\u00e1stico, Caga tions con pipa y barretina, y \u00e1ngeles dorados con corona de plata. Todo tipo de personajes esperan poder adornar los hogares de cientos de barceloneses. Unos m\u00e1s graciosos, otros m\u00e1s bonitos, pero sin duda, hay unos que acaparan todas las miradas y que no pueden faltar en ninguna casa. Los caganers. Esas peque\u00f1as figuritas de barro que forman parte de la tradici\u00f3n catalana, y que pueden ponerse en el Bel\u00e9n o como adorno de estanter\u00eda. Cada a\u00f1o, alg\u00fan nuevo famoso se despierta en barro y hecho caganer, todo un honor, pues significa que para bien o para mal es alguien relevante en la sociedad y para el esp\u00edritu navide\u00f1o. Estas Navidades en la Fira de Santa Ll\u00facia, Joan Puigcerc\u00f3s, Alicia S\u00e1nchez-Camacho, Artur Mas, Piqu\u00e9, David Villa, Guardiola, Spiderman, John Lennon, Michael Jackson o la Estatua de la Libertad han sido algunos de los nuevos caganers del puesto de Caganers.com, aunque los m\u00e1s vendidos han sido otros. Messi, que se agot\u00f3 al tercer d\u00eda de la feria, y Bob Esponja, al segundo d\u00eda, seguidos de Mourinho.<\/p>\n<p>Otro de los puestos de la feria que tiene como protagonista a la figura del caganer es el de la familia de <strong>Adelina F\u00e0bregas<\/strong>, que ha participado en el evento desde el final de la Guerra Civil. En su tienda, que despierta el aut\u00e9ntico esp\u00edritu navide\u00f1o, los caganers m\u00e1s vendidos este a\u00f1o han sido Guardiola y tambi\u00e9n Bob Esponja, mientras que el de Pap\u00e1 Noel ha sido el que menos; y la novedad, el Caganer de la Sort, un hombrecillo con barretina que se agacha para coger un euro. Como comenta F\u00e0bregas, \u201clo hicimos expresamente porque creemos que nos hace falta un poco de suerte para sacar adelante el pa\u00eds\u201d. <a href=\"https:\/\/www.revistarambla.com\/en\/hoy-dia-no-hay-postura-mas-inteligente-para-un-catalan-que-ser-independentista\/\">El Caganer Independentista<\/a> tambi\u00e9n ha sido otra de las nuevas propuestas, seg\u00fan F\u00e0bregues \u201cpor las circunstancias en las que nos encontramos con el tema del Estatut\u201d.<\/p>","protected":false},"excerpt":{"rendered":"<p>Faltan pocos d\u00edas para que llegue la Navidad, pero hace ya unos cuantos que el mundo entero se prepara para recibir el esp\u00edritu navide\u00f1o con sus mejores galas. Las calles se visten de luz y los comercios de\u00a0 rojo, blanco y dorado, y en los hogares se acerca el momento [&hellip;]<\/p>\n","protected":false},"author":39,"featured_media":4526,"comment_status":"open","ping_status":"open","sticky":false,"template":"","format":"standard","meta":{"footnotes":""},"categories":[3,76],"tags":[],"class_list":["post-680","post","type-post","status-publish","format-standard","has-post-thumbnail","hentry","category-actualidad","category-barcelona"],"yoast_head":"<!-- This site is optimized with the Yoast SEO plugin v27.5 - https:\/\/yoast.com\/product\/yoast-seo-wordpress\/ -->\n<title>Esp\u00edritu navide\u00f1o: caganers y Pap\u00e1s Noeles de trapo - Revista Rambla<\/title>\n<meta name=\"description\" content=\"Faltan pocos d\u00edas para que llegue la Navidad, pero hace ya unos cuantos que el mundo entero se prepara para recibir el esp\u00edritu navide\u00f1o con sus mejores...\" \/>\n<meta name=\"robots\" content=\"index, follow, max-snippet:-1, max-image-preview:large, max-video-preview:-1\" \/>\n<link rel=\"canonical\" href=\"https:\/\/www.revistarambla.com\/en\/espiritu-navideno-caganers-y-papa-noeles-de-trapo\/\" \/>\n<meta property=\"og:locale\" content=\"en_GB\" \/>\n<meta property=\"og:type\" content=\"article\" \/>\n<meta property=\"og:title\" content=\"Esp\u00edritu navide\u00f1o: caganers y Pap\u00e1s Noeles de trapo - Revista Rambla\" \/>\n<meta property=\"og:description\" content=\"Faltan pocos d\u00edas para que llegue la Navidad, pero hace ya unos cuantos que el mundo entero se prepara para recibir el esp\u00edritu navide\u00f1o con sus mejores...\" \/>\n<meta property=\"og:url\" content=\"https:\/\/www.revistarambla.com\/en\/espiritu-navideno-caganers-y-papa-noeles-de-trapo\/\" \/>\n<meta property=\"og:site_name\" content=\"Revista Rambla\" \/>\n<meta property=\"article:publisher\" content=\"https:\/\/www.facebook.com\/revistarambla\/\" \/>\n<meta property=\"article:published_time\" content=\"2010-12-15T15:17:58+00:00\" \/>\n<meta property=\"article:modified_time\" content=\"2021-12-08T19:26:40+00:00\" \/>\n<meta property=\"og:image\" content=\"https:\/\/www.revistarambla.com\/wp-content\/uploads\/2013\/12\/arbol_navidada_rambla_02.jpg\" \/>\n\t<meta property=\"og:image:width\" content=\"700\" \/>\n\t<meta property=\"og:image:height\" content=\"467\" \/>\n\t<meta property=\"og:image:type\" content=\"image\/jpeg\" \/>\n<meta name=\"author\" content=\"Blanca Mendiguren Gomila\" \/>\n<meta name=\"twitter:card\" content=\"summary_large_image\" \/>\n<meta name=\"twitter:creator\" content=\"@BlancaGomila\" \/>\n<meta name=\"twitter:site\" content=\"@revistarambla\" \/>\n<meta name=\"twitter:label1\" content=\"Written by\" \/>\n\t<meta name=\"twitter:data1\" content=\"Blanca Mendiguren Gomila\" \/>\n\t<meta name=\"twitter:label2\" content=\"Estimated reading time\" \/>\n\t<meta name=\"twitter:data2\" content=\"3 minutes\" \/>\n<script type=\"application\/ld+json\" class=\"yoast-schema-graph\">{\"@context\":\"https:\\\/\\\/schema.org\",\"@graph\":[{\"@type\":\"Article\",\"@id\":\"https:\\\/\\\/www.revistarambla.com\\\/espiritu-navideno-caganers-y-papa-noeles-de-trapo\\\/#article\",\"isPartOf\":{\"@id\":\"https:\\\/\\\/www.revistarambla.com\\\/espiritu-navideno-caganers-y-papa-noeles-de-trapo\\\/\"},\"author\":{\"name\":\"Blanca Mendiguren Gomila\",\"@id\":\"https:\\\/\\\/www.revistarambla.com\\\/#\\\/schema\\\/person\\\/ef3b07dd258f83e19609a57611e756c9\"},\"headline\":\"Esp\u00edritu navide\u00f1o: caganers y Pap\u00e1s Noeles de trapo\",\"datePublished\":\"2010-12-15T15:17:58+00:00\",\"dateModified\":\"2021-12-08T19:26:40+00:00\",\"mainEntityOfPage\":{\"@id\":\"https:\\\/\\\/www.revistarambla.com\\\/espiritu-navideno-caganers-y-papa-noeles-de-trapo\\\/\"},\"wordCount\":555,\"commentCount\":0,\"publisher\":{\"@id\":\"https:\\\/\\\/www.revistarambla.com\\\/#organization\"},\"image\":{\"@id\":\"https:\\\/\\\/www.revistarambla.com\\\/espiritu-navideno-caganers-y-papa-noeles-de-trapo\\\/#primaryimage\"},\"thumbnailUrl\":\"https:\\\/\\\/www.revistarambla.com\\\/wp-content\\\/uploads\\\/2013\\\/12\\\/arbol_navidada_rambla_02.jpg\",\"articleSection\":[\"Actualidad\",\"Barcelona\"],\"inLanguage\":\"en-GB\",\"potentialAction\":[{\"@type\":\"CommentAction\",\"name\":\"Comment\",\"target\":[\"https:\\\/\\\/www.revistarambla.com\\\/espiritu-navideno-caganers-y-papa-noeles-de-trapo\\\/#respond\"]}]},{\"@type\":\"WebPage\",\"@id\":\"https:\\\/\\\/www.revistarambla.com\\\/espiritu-navideno-caganers-y-papa-noeles-de-trapo\\\/\",\"url\":\"https:\\\/\\\/www.revistarambla.com\\\/espiritu-navideno-caganers-y-papa-noeles-de-trapo\\\/\",\"name\":\"Esp\u00edritu navide\u00f1o: caganers y Pap\u00e1s Noeles de trapo - Revista Rambla\",\"isPartOf\":{\"@id\":\"https:\\\/\\\/www.revistarambla.com\\\/#website\"},\"primaryImageOfPage\":{\"@id\":\"https:\\\/\\\/www.revistarambla.com\\\/espiritu-navideno-caganers-y-papa-noeles-de-trapo\\\/#primaryimage\"},\"image\":{\"@id\":\"https:\\\/\\\/www.revistarambla.com\\\/espiritu-navideno-caganers-y-papa-noeles-de-trapo\\\/#primaryimage\"},\"thumbnailUrl\":\"https:\\\/\\\/www.revistarambla.com\\\/wp-content\\\/uploads\\\/2013\\\/12\\\/arbol_navidada_rambla_02.jpg\",\"datePublished\":\"2010-12-15T15:17:58+00:00\",\"dateModified\":\"2021-12-08T19:26:40+00:00\",\"description\":\"Faltan pocos d\u00edas para que llegue la Navidad, pero hace ya unos cuantos que el mundo entero se prepara para recibir el esp\u00edritu navide\u00f1o con sus mejores...\",\"breadcrumb\":{\"@id\":\"https:\\\/\\\/www.revistarambla.com\\\/espiritu-navideno-caganers-y-papa-noeles-de-trapo\\\/#breadcrumb\"},\"inLanguage\":\"en-GB\",\"potentialAction\":[{\"@type\":\"ReadAction\",\"target\":[\"https:\\\/\\\/www.revistarambla.com\\\/espiritu-navideno-caganers-y-papa-noeles-de-trapo\\\/\"]}]},{\"@type\":\"ImageObject\",\"inLanguage\":\"en-GB\",\"@id\":\"https:\\\/\\\/www.revistarambla.com\\\/espiritu-navideno-caganers-y-papa-noeles-de-trapo\\\/#primaryimage\",\"url\":\"https:\\\/\\\/www.revistarambla.com\\\/wp-content\\\/uploads\\\/2013\\\/12\\\/arbol_navidada_rambla_02.jpg\",\"contentUrl\":\"https:\\\/\\\/www.revistarambla.com\\\/wp-content\\\/uploads\\\/2013\\\/12\\\/arbol_navidada_rambla_02.jpg\",\"width\":700,\"height\":467,\"caption\":\"esp\u00edritu navide\u00f1o\"},{\"@type\":\"BreadcrumbList\",\"@id\":\"https:\\\/\\\/www.revistarambla.com\\\/espiritu-navideno-caganers-y-papa-noeles-de-trapo\\\/#breadcrumb\",\"itemListElement\":[{\"@type\":\"ListItem\",\"position\":1,\"name\":\"Portada\",\"item\":\"https:\\\/\\\/www.revistarambla.com\\\/\"},{\"@type\":\"ListItem\",\"position\":2,\"name\":\"Esp\u00edritu navide\u00f1o: caganers y Pap\u00e1s Noeles de trapo\"}]},{\"@type\":\"WebSite\",\"@id\":\"https:\\\/\\\/www.revistarambla.com\\\/#website\",\"url\":\"https:\\\/\\\/www.revistarambla.com\\\/\",\"name\":\"Revista Rambla Barcelona\",\"description\":\"Periodismo independiente\",\"publisher\":{\"@id\":\"https:\\\/\\\/www.revistarambla.com\\\/#organization\"},\"potentialAction\":[{\"@type\":\"SearchAction\",\"target\":{\"@type\":\"EntryPoint\",\"urlTemplate\":\"https:\\\/\\\/www.revistarambla.com\\\/?s={search_term_string}\"},\"query-input\":{\"@type\":\"PropertyValueSpecification\",\"valueRequired\":true,\"valueName\":\"search_term_string\"}}],\"inLanguage\":\"en-GB\"},{\"@type\":\"Organization\",\"@id\":\"https:\\\/\\\/www.revistarambla.com\\\/#organization\",\"name\":\"Revista Rambla\",\"url\":\"https:\\\/\\\/www.revistarambla.com\\\/\",\"logo\":{\"@type\":\"ImageObject\",\"inLanguage\":\"en-GB\",\"@id\":\"https:\\\/\\\/www.revistarambla.com\\\/#\\\/schema\\\/logo\\\/image\\\/\",\"url\":\"https:\\\/\\\/www.revistarambla.com\\\/wp-content\\\/uploads\\\/2020\\\/09\\\/banner_rambla_1900x600_BB.png\",\"contentUrl\":\"https:\\\/\\\/www.revistarambla.com\\\/wp-content\\\/uploads\\\/2020\\\/09\\\/banner_rambla_1900x600_BB.png\",\"width\":1900,\"height\":600,\"caption\":\"Revista Rambla\"},\"image\":{\"@id\":\"https:\\\/\\\/www.revistarambla.com\\\/#\\\/schema\\\/logo\\\/image\\\/\"},\"sameAs\":[\"https:\\\/\\\/www.facebook.com\\\/revistarambla\\\/\",\"https:\\\/\\\/x.com\\\/revistarambla\",\"https:\\\/\\\/www.instagram.com\\\/revista_rambla\",\"https:\\\/\\\/es.linkedin.com\\\/company\\\/revista-rambla\"]},{\"@type\":\"Person\",\"@id\":\"https:\\\/\\\/www.revistarambla.com\\\/#\\\/schema\\\/person\\\/ef3b07dd258f83e19609a57611e756c9\",\"name\":\"Blanca Mendiguren Gomila\",\"description\":\"Periodista.\",\"sameAs\":[\"https:\\\/\\\/x.com\\\/BlancaGomila\"]}]}<\/script>\n<!-- \/ Yoast SEO plugin. -->","yoast_head_json":{"title":"Esp\u00edritu navide\u00f1o: caganers y Pap\u00e1s Noeles de trapo - Revista Rambla","description":"Faltan pocos d\u00edas para que llegue la Navidad, pero hace ya unos cuantos que el mundo entero se prepara para recibir el esp\u00edritu navide\u00f1o con sus mejores...","robots":{"index":"index","follow":"follow","max-snippet":"max-snippet:-1","max-image-preview":"max-image-preview:large","max-video-preview":"max-video-preview:-1"},"canonical":"https:\/\/www.revistarambla.com\/en\/espiritu-navideno-caganers-y-papa-noeles-de-trapo\/","og_locale":"en_GB","og_type":"article","og_title":"Esp\u00edritu navide\u00f1o: caganers y Pap\u00e1s Noeles de trapo - Revista Rambla","og_description":"Faltan pocos d\u00edas para que llegue la Navidad, pero hace ya unos cuantos que el mundo entero se prepara para recibir el esp\u00edritu navide\u00f1o con sus mejores...","og_url":"https:\/\/www.revistarambla.com\/en\/espiritu-navideno-caganers-y-papa-noeles-de-trapo\/","og_site_name":"Revista Rambla","article_publisher":"https:\/\/www.facebook.com\/revistarambla\/","article_published_time":"2010-12-15T15:17:58+00:00","article_modified_time":"2021-12-08T19:26:40+00:00","og_image":[{"width":700,"height":467,"url":"https:\/\/www.revistarambla.com\/wp-content\/uploads\/2013\/12\/arbol_navidada_rambla_02.jpg","type":"image\/jpeg"}],"author":"Blanca Mendiguren Gomila","twitter_card":"summary_large_image","twitter_creator":"@BlancaGomila","twitter_site":"@revistarambla","twitter_misc":{"Written by":"Blanca Mendiguren Gomila","Estimated reading time":"3 minutes"},"schema":{"@context":"https:\/\/schema.org","@graph":[{"@type":"Article","@id":"https:\/\/www.revistarambla.com\/espiritu-navideno-caganers-y-papa-noeles-de-trapo\/#article","isPartOf":{"@id":"https:\/\/www.revistarambla.com\/espiritu-navideno-caganers-y-papa-noeles-de-trapo\/"},"author":{"name":"Blanca Mendiguren Gomila","@id":"https:\/\/www.revistarambla.com\/#\/schema\/person\/ef3b07dd258f83e19609a57611e756c9"},"headline":"Esp\u00edritu navide\u00f1o: caganers y Pap\u00e1s Noeles de trapo","datePublished":"2010-12-15T15:17:58+00:00","dateModified":"2021-12-08T19:26:40+00:00","mainEntityOfPage":{"@id":"https:\/\/www.revistarambla.com\/espiritu-navideno-caganers-y-papa-noeles-de-trapo\/"},"wordCount":555,"commentCount":0,"publisher":{"@id":"https:\/\/www.revistarambla.com\/#organization"},"image":{"@id":"https:\/\/www.revistarambla.com\/espiritu-navideno-caganers-y-papa-noeles-de-trapo\/#primaryimage"},"thumbnailUrl":"https:\/\/www.revistarambla.com\/wp-content\/uploads\/2013\/12\/arbol_navidada_rambla_02.jpg","articleSection":["Actualidad","Barcelona"],"inLanguage":"en-GB","potentialAction":[{"@type":"CommentAction","name":"Comment","target":["https:\/\/www.revistarambla.com\/espiritu-navideno-caganers-y-papa-noeles-de-trapo\/#respond"]}]},{"@type":"WebPage","@id":"https:\/\/www.revistarambla.com\/espiritu-navideno-caganers-y-papa-noeles-de-trapo\/","url":"https:\/\/www.revistarambla.com\/espiritu-navideno-caganers-y-papa-noeles-de-trapo\/","name":"Esp\u00edritu navide\u00f1o: caganers y Pap\u00e1s Noeles de trapo - Revista Rambla","isPartOf":{"@id":"https:\/\/www.revistarambla.com\/#website"},"primaryImageOfPage":{"@id":"https:\/\/www.revistarambla.com\/espiritu-navideno-caganers-y-papa-noeles-de-trapo\/#primaryimage"},"image":{"@id":"https:\/\/www.revistarambla.com\/espiritu-navideno-caganers-y-papa-noeles-de-trapo\/#primaryimage"},"thumbnailUrl":"https:\/\/www.revistarambla.com\/wp-content\/uploads\/2013\/12\/arbol_navidada_rambla_02.jpg","datePublished":"2010-12-15T15:17:58+00:00","dateModified":"2021-12-08T19:26:40+00:00","description":"Faltan pocos d\u00edas para que llegue la Navidad, pero hace ya unos cuantos que el mundo entero se prepara para recibir el esp\u00edritu navide\u00f1o con sus mejores...","breadcrumb":{"@id":"https:\/\/www.revistarambla.com\/espiritu-navideno-caganers-y-papa-noeles-de-trapo\/#breadcrumb"},"inLanguage":"en-GB","potentialAction":[{"@type":"ReadAction","target":["https:\/\/www.revistarambla.com\/espiritu-navideno-caganers-y-papa-noeles-de-trapo\/"]}]},{"@type":"ImageObject","inLanguage":"en-GB","@id":"https:\/\/www.revistarambla.com\/espiritu-navideno-caganers-y-papa-noeles-de-trapo\/#primaryimage","url":"https:\/\/www.revistarambla.com\/wp-content\/uploads\/2013\/12\/arbol_navidada_rambla_02.jpg","contentUrl":"https:\/\/www.revistarambla.com\/wp-content\/uploads\/2013\/12\/arbol_navidada_rambla_02.jpg","width":700,"height":467,"caption":"esp\u00edritu navide\u00f1o"},{"@type":"BreadcrumbList","@id":"https:\/\/www.revistarambla.com\/espiritu-navideno-caganers-y-papa-noeles-de-trapo\/#breadcrumb","itemListElement":[{"@type":"ListItem","position":1,"name":"Portada","item":"https:\/\/www.revistarambla.com\/"},{"@type":"ListItem","position":2,"name":"Esp\u00edritu navide\u00f1o: caganers y Pap\u00e1s Noeles de trapo"}]},{"@type":"WebSite","@id":"https:\/\/www.revistarambla.com\/#website","url":"https:\/\/www.revistarambla.com\/","name":"Revista Rambla Barcelona","description":"Periodismo independiente","publisher":{"@id":"https:\/\/www.revistarambla.com\/#organization"},"potentialAction":[{"@type":"SearchAction","target":{"@type":"EntryPoint","urlTemplate":"https:\/\/www.revistarambla.com\/?s={search_term_string}"},"query-input":{"@type":"PropertyValueSpecification","valueRequired":true,"valueName":"search_term_string"}}],"inLanguage":"en-GB"},{"@type":"Organization","@id":"https:\/\/www.revistarambla.com\/#organization","name":"Revista Rambla","url":"https:\/\/www.revistarambla.com\/","logo":{"@type":"ImageObject","inLanguage":"en-GB","@id":"https:\/\/www.revistarambla.com\/#\/schema\/logo\/image\/","url":"https:\/\/www.revistarambla.com\/wp-content\/uploads\/2020\/09\/banner_rambla_1900x600_BB.png","contentUrl":"https:\/\/www.revistarambla.com\/wp-content\/uploads\/2020\/09\/banner_rambla_1900x600_BB.png","width":1900,"height":600,"caption":"Revista Rambla"},"image":{"@id":"https:\/\/www.revistarambla.com\/#\/schema\/logo\/image\/"},"sameAs":["https:\/\/www.facebook.com\/revistarambla\/","https:\/\/x.com\/revistarambla","https:\/\/www.instagram.com\/revista_rambla","https:\/\/es.linkedin.com\/company\/revista-rambla"]},{"@type":"Person","@id":"https:\/\/www.revistarambla.com\/#\/schema\/person\/ef3b07dd258f83e19609a57611e756c9","name":"Blanca Mendiguren Gomila","description":"Periodista.","sameAs":["https:\/\/x.com\/BlancaGomila"]}]}},"_links":{"self":[{"href":"https:\/\/www.revistarambla.com\/en\/wp-json\/wp\/v2\/posts\/680","targetHints":{"allow":["GET"]}}],"collection":[{"href":"https:\/\/www.revistarambla.com\/en\/wp-json\/wp\/v2\/posts"}],"about":[{"href":"https:\/\/www.revistarambla.com\/en\/wp-json\/wp\/v2\/types\/post"}],"author":[{"embeddable":true,"href":"https:\/\/www.revistarambla.com\/en\/wp-json\/wp\/v2\/users\/39"}],"replies":[{"embeddable":true,"href":"https:\/\/www.revistarambla.com\/en\/wp-json\/wp\/v2\/comments?post=680"}],"version-history":[{"count":0,"href":"https:\/\/www.revistarambla.com\/en\/wp-json\/wp\/v2\/posts\/680\/revisions"}],"wp:featuredmedia":[{"embeddable":true,"href":"https:\/\/www.revistarambla.com\/en\/wp-json\/wp\/v2\/media\/4526"}],"wp:attachment":[{"href":"https:\/\/www.revistarambla.com\/en\/wp-json\/wp\/v2\/media?parent=680"}],"wp:term":[{"taxonomy":"category","embeddable":true,"href":"https:\/\/www.revistarambla.com\/en\/wp-json\/wp\/v2\/categories?post=680"},{"taxonomy":"post_tag","embeddable":true,"href":"https:\/\/www.revistarambla.com\/en\/wp-json\/wp\/v2\/tags?post=680"}],"curies":[{"name":"wp","href":"https:\/\/api.w.org\/{rel}","templated":true}]}}