{"id":67953,"date":"2026-03-18T10:34:26","date_gmt":"2026-03-18T09:34:26","guid":{"rendered":"https:\/\/www.revistarambla.com\/?p=67953"},"modified":"2026-03-18T10:34:26","modified_gmt":"2026-03-18T09:34:26","slug":"el-palacio-desaparecido-de-los-goytisolo-que-aun-respira-bajo-el-ruido-de-la-plaza-de-cataluna","status":"publish","type":"post","link":"https:\/\/www.revistarambla.com\/en\/el-palacio-desaparecido-de-los-goytisolo-que-aun-respira-bajo-el-ruido-de-la-plaza-de-cataluna\/","title":{"rendered":"El palacio desaparecido de los Goytisolo que a\u00fan respira bajo el ruido de la Plaza de Catalu\u00f1a"},"content":{"rendered":"<p><em>De la riqueza colonial a la cultura global: la historia enterrada bajo uno de los iconos tur\u00edsticos de Barcelona<\/em><!--more--><\/p>\n<p>Hay lugares donde el tiempo no pasa, sino que se acumula. La plaza de Catalu\u00f1a, hoy convertida en un epicentro de tr\u00e1nsito, consumo y fotograf\u00eda r\u00e1pida, es uno de ellos. Bajo el bullicio constante, entre escaparates y franquicias globales, late una ciudad que ya no existe. En ese punto exacto donde hoy se levanta un conocido restaurante internacional, se alz\u00f3 en otro tiempo el Palacio Goytisolo, s\u00edmbolo de una \u00e9poca en la que Barcelona se reinventaba a s\u00ed misma a golpe de capital ultramarino y ambici\u00f3n burguesa.<\/p>\n<p>La historia comienza lejos del asfalto barcelon\u00e9s, en los campos de ca\u00f1a de az\u00facar de Cuba. All\u00ed, en el siglo XIX, Agust\u00edn Goytisolo Lezarzaburu forj\u00f3 una fortuna que cambiar\u00eda no solo el destino de su familia, sino tambi\u00e9n una parte del paisaje urbano de Barcelona. Como tantos indianos, march\u00f3 joven a Am\u00e9rica empujado por la necesidad y regres\u00f3 convertido en un hombre de negocios pr\u00f3spero, con un patrimonio construido sobre la explotaci\u00f3n agr\u00edcola intensiva y una red comercial que conectaba el Caribe con Estados Unidos y Europa.<\/p>\n<p>El retorno a Espa\u00f1a no fue una retirada, sino una operaci\u00f3n estrat\u00e9gica. Goytisolo eligi\u00f3 Barcelona como centro de operaciones, siguiendo la estela de otros grandes capitales que ve\u00edan en la ciudad un espacio ideal para consolidar prestigio social y rentabilidad econ\u00f3mica. En un momento en que la capital catalana comenzaba a expandirse m\u00e1s all\u00e1 de sus antiguas murallas, la inversi\u00f3n inmobiliaria se convirti\u00f3 en un instrumento clave de ascenso social.<\/p>\n<p>La plaza de Catalu\u00f1a, todav\u00eda en proceso de definici\u00f3n urbana, ofrec\u00eda el escenario perfecto. No era a\u00fan la gran rotonda neur\u00e1lgica que hoy conocemos, sino un espacio en transformaci\u00f3n, un punto de contacto entre la ciudad antigua y el Ensanche emergente. En ese contexto, el Palacio Goytisolo no fue simplemente una residencia: fue una declaraci\u00f3n de poder. Dise\u00f1ado por el arquitecto Francesc Brossa i Casanovas, el edificio ocupaba el n\u00famero 21 de la plaza y respond\u00eda a una l\u00f3gica clara: mostrar, desde la arquitectura, la consolidaci\u00f3n de una nueva \u00e9lite econ\u00f3mica.<\/p>\n<p>El inmueble se integraba en una estrategia m\u00e1s amplia. Goytisolo no se limit\u00f3 a levantar un palacio; despleg\u00f3 una red de propiedades en zonas clave como el paseo de Gracia, la Rambla de Catalu\u00f1a o los entonces perif\u00e9ricos barrios de Sarri\u00e0 y Sant Gervasi. Su fortuna no descansaba solo en el ladrillo: inclu\u00eda participaciones en compa\u00f1\u00edas navieras, acciones ferroviarias y deuda p\u00fablica, configurando un perfil de empresario moderno, diversificado y profundamente conectado con los circuitos financieros internacionales.<\/p>\n<p>La Barcelona que acogi\u00f3 ese crecimiento era una ciudad en plena mutaci\u00f3n. Desde mediados del siglo XIX, la apertura de la plaza de Catalu\u00f1a hab\u00eda impulsado una transformaci\u00f3n urban\u00edstica que la convirti\u00f3 en eje articulador entre la vieja ciudad medieval y los nuevos barrios del Ensanche. La progresiva urbanizaci\u00f3n, culminada en las primeras d\u00e9cadas del siglo XX, consolid\u00f3 el espacio como centro simb\u00f3lico y funcional de la ciudad.<\/p>\n<p>En ese ecosistema, el Palacio Goytisolo convivi\u00f3 con teatros, caf\u00e9s y entidades financieras que configuraban una vida urbana intensa y sofisticada. La plaza no era solo un lugar de paso: era un escenario social donde se cruzaban negocios, cultura y pol\u00edtica. La presencia de grandes familias como los Goytisolo contribu\u00eda a reforzar ese car\u00e1cter, convirtiendo el entorno en una extensi\u00f3n de los salones privados de la burgues\u00eda.<\/p>\n<p>Sin embargo, como ocurre con muchas construcciones ligadas a un momento hist\u00f3rico concreto, el palacio no sobrevivi\u00f3 al cambio de ciclo. El siglo XX trajo consigo nuevas din\u00e1micas econ\u00f3micas y urbanas que transformaron radicalmente la fisonom\u00eda de la plaza. El auge del sistema bancario convirti\u00f3 el espacio en un centro financiero de primer orden, desplazando progresivamente las residencias aristocr\u00e1ticas en favor de edificios corporativos.<\/p>\n<p>El Palacio Goytisolo desapareci\u00f3 en ese proceso de sustituci\u00f3n. Su solar fue absorbido por nuevas construcciones que respond\u00edan a las necesidades de una ciudad en plena modernizaci\u00f3n. Durante d\u00e9cadas, la plaza de Catalu\u00f1a estuvo dominada por sedes bancarias, reflejo de una econom\u00eda que hab\u00eda pasado de la acumulaci\u00f3n colonial al capitalismo financiero.<\/p>\n<p>Pero la historia no se detuvo ah\u00ed. A finales del siglo XX, otro cambio profundo alter\u00f3 de nuevo el paisaje. La deslocalizaci\u00f3n de las entidades financieras y la transformaci\u00f3n del centro urbano en un espacio orientado al turismo y al consumo provocaron la desaparici\u00f3n progresiva de los bancos. En su lugar, emergieron nuevas formas de ocupaci\u00f3n del espacio, m\u00e1s vinculadas a la cultura global y al ocio.<\/p>\n<p>Es en ese contexto donde aparece el actual uso del edificio: un establecimiento de una cadena internacional que abri\u00f3 sus puertas en 1997, simbolizando la entrada definitiva de la plaza en la l\u00f3gica de la globalizaci\u00f3n. El lugar que hab\u00eda sido residencia de una de las familias m\u00e1s influyentes de la Barcelona del XIX se convert\u00eda as\u00ed en un icono del consumo global, accesible a millones de visitantes.<\/p>\n<p>La transici\u00f3n no es solo arquitect\u00f3nica, sino tambi\u00e9n simb\u00f3lica. El Palacio Goytisolo representaba una forma de poder basada en la acumulaci\u00f3n privada y en la exhibici\u00f3n selectiva. El establecimiento actual, en cambio, responde a una l\u00f3gica inversa: democratiza el acceso al espacio, lo abre a un p\u00fablico masivo y lo integra en una red global de experiencias estandarizadas. La exclusividad se transforma en universalidad, y la memoria en espect\u00e1culo.<\/p>\n<p>Sin embargo, la desaparici\u00f3n f\u00edsica del palacio no implica su borrado completo. Su historia sigue presente en la estructura invisible de la ciudad, en esa capa profunda que solo se revela cuando se observa m\u00e1s all\u00e1 de la superficie. La plaza de Catalu\u00f1a es, en este sentido, un palimpsesto urbano: cada generaci\u00f3n escribe sobre la anterior, pero nunca la elimina del todo.<\/p>\n<p>La trayectoria de los Goytisolo a\u00f1ade una dimensi\u00f3n adicional a este relato. La familia, que con el tiempo se convertir\u00eda en una referencia de la literatura espa\u00f1ola contempor\u00e1nea, tiene en su origen una historia marcada por la movilidad, el comercio y la adaptaci\u00f3n. Su paso de los ingenios azucareros de Cuba a los salones de la burgues\u00eda barcelonesa ilustra una din\u00e1mica m\u00e1s amplia: la construcci\u00f3n de la modernidad europea a partir de capitales generados en ultramar.<\/p>\n<p>Ese v\u00ednculo entre riqueza colonial y desarrollo urbano es fundamental para entender no solo el Palacio Goytisolo, sino tambi\u00e9n la propia configuraci\u00f3n de Barcelona. La ciudad que hoy se presenta como un referente cultural y tur\u00edstico global se edific\u00f3, en buena medida, sobre ese flujo de capitales que permiti\u00f3 financiar infraestructuras, viviendas y proyectos urban\u00edsticos de gran escala.<\/p>\n<p>La sustituci\u00f3n del palacio por un espacio de consumo global plantea, por tanto, una pregunta inc\u00f3moda: \u00bfqu\u00e9 queda de aquella historia en la Barcelona actual? La respuesta no es evidente. Por un lado, la ciudad ha sabido reinventarse, adapt\u00e1ndose a nuevas realidades econ\u00f3micas y manteniendo su atractivo internacional. Por otro, ese proceso ha implicado la p\u00e9rdida de referentes materiales que permit\u00edan leer el pasado de forma directa.<\/p>\n<p>La desaparici\u00f3n del Palacio Goytisolo no es un caso aislado, sino parte de una tendencia m\u00e1s amplia que ha afectado a numerosos edificios hist\u00f3ricos en el centro de Barcelona. La presi\u00f3n inmobiliaria, las transformaciones econ\u00f3micas y la evoluci\u00f3n de los usos urbanos han favorecido una renovaci\u00f3n constante que, en muchos casos, ha priorizado la funcionalidad sobre la conservaci\u00f3n.<\/p>\n<p>Aun as\u00ed, la memoria persiste en los relatos, en los archivos y en la capacidad de reconstruir el pasado a partir de fragmentos. Saber que bajo el actual paisaje comercial se escond\u00eda un palacio ligado a la expansi\u00f3n colonial y al auge de la burgues\u00eda permite mirar la plaza con otros ojos. Ya no es solo un punto de encuentro o un nodo de transporte, sino un espacio cargado de significado hist\u00f3rico.<\/p>\n<p>En \u00faltima instancia, la historia del Palacio Goytisolo es tambi\u00e9n la historia de Barcelona como ciudad en permanente transformaci\u00f3n. Una ciudad que ha sabido absorber influencias, capitales y culturas, redefini\u00e9ndose en cada etapa sin perder del todo su identidad. El edificio ya no existe, pero su huella sigue inscrita en el lugar que ocup\u00f3, recordando que incluso en los espacios m\u00e1s transitados se esconden relatos complejos y, a menudo, olvidados.<\/p>\n<p>As\u00ed, cada vez que alguien cruza la plaza de Catalu\u00f1a y se detiene frente a ese edificio, participa sin saberlo en una historia que comenz\u00f3 en los campos de ca\u00f1a de az\u00facar de Cuba y que contin\u00faa, de forma silenciosa, en el coraz\u00f3n de la Barcelona contempor\u00e1nea.<\/p>","protected":false},"excerpt":{"rendered":"<p>De la riqueza colonial a la cultura global: la historia enterrada bajo uno de los iconos tur\u00edsticos de Barcelona<\/p>","protected":false},"author":3,"featured_media":67954,"comment_status":"closed","ping_status":"closed","sticky":false,"template":"","format":"standard","meta":{"footnotes":""},"categories":[76],"tags":[],"class_list":["post-67953","post","type-post","status-publish","format-standard","has-post-thumbnail","hentry","category-barcelona"],"yoast_head":"<!-- This site is optimized with the Yoast SEO plugin v27.5 - https:\/\/yoast.com\/product\/yoast-seo-wordpress\/ -->\n<title>El palacio desaparecido de los Goytisolo que a\u00fan respira bajo el ruido de la Plaza de Catalu\u00f1a - Revista Rambla<\/title>\n<meta name=\"robots\" content=\"index, follow, max-snippet:-1, max-image-preview:large, max-video-preview:-1\" \/>\n<link rel=\"canonical\" href=\"https:\/\/www.revistarambla.com\/en\/el-palacio-desaparecido-de-los-goytisolo-que-aun-respira-bajo-el-ruido-de-la-plaza-de-cataluna\/\" \/>\n<meta property=\"og:locale\" content=\"en_GB\" \/>\n<meta property=\"og:type\" content=\"article\" \/>\n<meta property=\"og:title\" content=\"El palacio desaparecido de los Goytisolo que a\u00fan respira bajo el ruido de la Plaza de Catalu\u00f1a - Revista Rambla\" \/>\n<meta property=\"og:description\" content=\"De la riqueza colonial a la cultura global: la historia enterrada bajo uno de los iconos tur\u00edsticos de Barcelona\" \/>\n<meta property=\"og:url\" content=\"https:\/\/www.revistarambla.com\/en\/el-palacio-desaparecido-de-los-goytisolo-que-aun-respira-bajo-el-ruido-de-la-plaza-de-cataluna\/\" \/>\n<meta property=\"og:site_name\" content=\"Revista Rambla\" \/>\n<meta property=\"article:publisher\" content=\"https:\/\/www.facebook.com\/revistarambla\/\" \/>\n<meta property=\"article:author\" content=\"https:\/\/www.facebook.com\/revistarambla\" \/>\n<meta property=\"article:published_time\" content=\"2026-03-18T09:34:26+00:00\" \/>\n<meta property=\"og:image\" content=\"https:\/\/www.revistarambla.com\/wp-content\/uploads\/2026\/03\/palacio-goytisolo.webp\" \/>\n\t<meta property=\"og:image:width\" content=\"1880\" \/>\n\t<meta property=\"og:image:height\" content=\"987\" \/>\n\t<meta property=\"og:image:type\" content=\"image\/webp\" \/>\n<meta name=\"author\" content=\"R@mbla\" \/>\n<meta name=\"twitter:card\" content=\"summary_large_image\" \/>\n<meta name=\"twitter:creator\" content=\"@revistarambla\" \/>\n<meta name=\"twitter:site\" content=\"@revistarambla\" \/>\n<meta name=\"twitter:label1\" content=\"Written by\" \/>\n\t<meta name=\"twitter:data1\" content=\"R@mbla\" \/>\n\t<meta name=\"twitter:label2\" content=\"Estimated reading time\" \/>\n\t<meta name=\"twitter:data2\" content=\"7 minutes\" \/>\n<script type=\"application\/ld+json\" class=\"yoast-schema-graph\">{\"@context\":\"https:\\\/\\\/schema.org\",\"@graph\":[{\"@type\":\"Article\",\"@id\":\"https:\\\/\\\/www.revistarambla.com\\\/el-palacio-desaparecido-de-los-goytisolo-que-aun-respira-bajo-el-ruido-de-la-plaza-de-cataluna\\\/#article\",\"isPartOf\":{\"@id\":\"https:\\\/\\\/www.revistarambla.com\\\/el-palacio-desaparecido-de-los-goytisolo-que-aun-respira-bajo-el-ruido-de-la-plaza-de-cataluna\\\/\"},\"author\":{\"name\":\"R@mbla\",\"@id\":\"https:\\\/\\\/www.revistarambla.com\\\/#\\\/schema\\\/person\\\/a146a5a2550b94981a75131180e1bd9c\"},\"headline\":\"El palacio desaparecido de los Goytisolo que a\u00fan respira bajo el ruido de la Plaza de Catalu\u00f1a\",\"datePublished\":\"2026-03-18T09:34:26+00:00\",\"mainEntityOfPage\":{\"@id\":\"https:\\\/\\\/www.revistarambla.com\\\/el-palacio-desaparecido-de-los-goytisolo-que-aun-respira-bajo-el-ruido-de-la-plaza-de-cataluna\\\/\"},\"wordCount\":1551,\"publisher\":{\"@id\":\"https:\\\/\\\/www.revistarambla.com\\\/#organization\"},\"image\":{\"@id\":\"https:\\\/\\\/www.revistarambla.com\\\/el-palacio-desaparecido-de-los-goytisolo-que-aun-respira-bajo-el-ruido-de-la-plaza-de-cataluna\\\/#primaryimage\"},\"thumbnailUrl\":\"https:\\\/\\\/www.revistarambla.com\\\/wp-content\\\/uploads\\\/2026\\\/03\\\/palacio-goytisolo.webp\",\"articleSection\":[\"Barcelona\"],\"inLanguage\":\"en-GB\"},{\"@type\":\"WebPage\",\"@id\":\"https:\\\/\\\/www.revistarambla.com\\\/el-palacio-desaparecido-de-los-goytisolo-que-aun-respira-bajo-el-ruido-de-la-plaza-de-cataluna\\\/\",\"url\":\"https:\\\/\\\/www.revistarambla.com\\\/el-palacio-desaparecido-de-los-goytisolo-que-aun-respira-bajo-el-ruido-de-la-plaza-de-cataluna\\\/\",\"name\":\"El palacio desaparecido de los Goytisolo que a\u00fan respira bajo el ruido de la Plaza de Catalu\u00f1a - Revista Rambla\",\"isPartOf\":{\"@id\":\"https:\\\/\\\/www.revistarambla.com\\\/#website\"},\"primaryImageOfPage\":{\"@id\":\"https:\\\/\\\/www.revistarambla.com\\\/el-palacio-desaparecido-de-los-goytisolo-que-aun-respira-bajo-el-ruido-de-la-plaza-de-cataluna\\\/#primaryimage\"},\"image\":{\"@id\":\"https:\\\/\\\/www.revistarambla.com\\\/el-palacio-desaparecido-de-los-goytisolo-que-aun-respira-bajo-el-ruido-de-la-plaza-de-cataluna\\\/#primaryimage\"},\"thumbnailUrl\":\"https:\\\/\\\/www.revistarambla.com\\\/wp-content\\\/uploads\\\/2026\\\/03\\\/palacio-goytisolo.webp\",\"datePublished\":\"2026-03-18T09:34:26+00:00\",\"breadcrumb\":{\"@id\":\"https:\\\/\\\/www.revistarambla.com\\\/el-palacio-desaparecido-de-los-goytisolo-que-aun-respira-bajo-el-ruido-de-la-plaza-de-cataluna\\\/#breadcrumb\"},\"inLanguage\":\"en-GB\",\"potentialAction\":[{\"@type\":\"ReadAction\",\"target\":[\"https:\\\/\\\/www.revistarambla.com\\\/el-palacio-desaparecido-de-los-goytisolo-que-aun-respira-bajo-el-ruido-de-la-plaza-de-cataluna\\\/\"]}]},{\"@type\":\"ImageObject\",\"inLanguage\":\"en-GB\",\"@id\":\"https:\\\/\\\/www.revistarambla.com\\\/el-palacio-desaparecido-de-los-goytisolo-que-aun-respira-bajo-el-ruido-de-la-plaza-de-cataluna\\\/#primaryimage\",\"url\":\"https:\\\/\\\/www.revistarambla.com\\\/wp-content\\\/uploads\\\/2026\\\/03\\\/palacio-goytisolo.webp\",\"contentUrl\":\"https:\\\/\\\/www.revistarambla.com\\\/wp-content\\\/uploads\\\/2026\\\/03\\\/palacio-goytisolo.webp\",\"width\":1880,\"height\":987,\"caption\":\"Palacio Goytisolo\"},{\"@type\":\"BreadcrumbList\",\"@id\":\"https:\\\/\\\/www.revistarambla.com\\\/el-palacio-desaparecido-de-los-goytisolo-que-aun-respira-bajo-el-ruido-de-la-plaza-de-cataluna\\\/#breadcrumb\",\"itemListElement\":[{\"@type\":\"ListItem\",\"position\":1,\"name\":\"Portada\",\"item\":\"https:\\\/\\\/www.revistarambla.com\\\/\"},{\"@type\":\"ListItem\",\"position\":2,\"name\":\"El palacio desaparecido de los Goytisolo que a\u00fan respira bajo el ruido de la Plaza de Catalu\u00f1a\"}]},{\"@type\":\"WebSite\",\"@id\":\"https:\\\/\\\/www.revistarambla.com\\\/#website\",\"url\":\"https:\\\/\\\/www.revistarambla.com\\\/\",\"name\":\"Revista Rambla Barcelona\",\"description\":\"Periodismo independiente\",\"publisher\":{\"@id\":\"https:\\\/\\\/www.revistarambla.com\\\/#organization\"},\"potentialAction\":[{\"@type\":\"SearchAction\",\"target\":{\"@type\":\"EntryPoint\",\"urlTemplate\":\"https:\\\/\\\/www.revistarambla.com\\\/?s={search_term_string}\"},\"query-input\":{\"@type\":\"PropertyValueSpecification\",\"valueRequired\":true,\"valueName\":\"search_term_string\"}}],\"inLanguage\":\"en-GB\"},{\"@type\":\"Organization\",\"@id\":\"https:\\\/\\\/www.revistarambla.com\\\/#organization\",\"name\":\"Revista Rambla\",\"url\":\"https:\\\/\\\/www.revistarambla.com\\\/\",\"logo\":{\"@type\":\"ImageObject\",\"inLanguage\":\"en-GB\",\"@id\":\"https:\\\/\\\/www.revistarambla.com\\\/#\\\/schema\\\/logo\\\/image\\\/\",\"url\":\"https:\\\/\\\/www.revistarambla.com\\\/wp-content\\\/uploads\\\/2020\\\/09\\\/banner_rambla_1900x600_BB.png\",\"contentUrl\":\"https:\\\/\\\/www.revistarambla.com\\\/wp-content\\\/uploads\\\/2020\\\/09\\\/banner_rambla_1900x600_BB.png\",\"width\":1900,\"height\":600,\"caption\":\"Revista Rambla\"},\"image\":{\"@id\":\"https:\\\/\\\/www.revistarambla.com\\\/#\\\/schema\\\/logo\\\/image\\\/\"},\"sameAs\":[\"https:\\\/\\\/www.facebook.com\\\/revistarambla\\\/\",\"https:\\\/\\\/x.com\\\/revistarambla\",\"https:\\\/\\\/www.instagram.com\\\/revista_rambla\",\"https:\\\/\\\/es.linkedin.com\\\/company\\\/revista-rambla\"]},{\"@type\":\"Person\",\"@id\":\"https:\\\/\\\/www.revistarambla.com\\\/#\\\/schema\\\/person\\\/a146a5a2550b94981a75131180e1bd9c\",\"name\":\"R@mbla\",\"description\":\"Este art\u00edculo ha sido redactado y\\\/o validado por el equipo de redacci\u00f3n de Revista Rambla.\",\"sameAs\":[\"https:\\\/\\\/www.revistarambla.com\\\/\",\"https:\\\/\\\/www.facebook.com\\\/revistarambla\",\"https:\\\/\\\/x.com\\\/revistarambla\"]}]}<\/script>\n<!-- \/ Yoast SEO plugin. -->","yoast_head_json":{"title":"El palacio desaparecido de los Goytisolo que a\u00fan respira bajo el ruido de la Plaza de Catalu\u00f1a - Revista Rambla","robots":{"index":"index","follow":"follow","max-snippet":"max-snippet:-1","max-image-preview":"max-image-preview:large","max-video-preview":"max-video-preview:-1"},"canonical":"https:\/\/www.revistarambla.com\/en\/el-palacio-desaparecido-de-los-goytisolo-que-aun-respira-bajo-el-ruido-de-la-plaza-de-cataluna\/","og_locale":"en_GB","og_type":"article","og_title":"El palacio desaparecido de los Goytisolo que a\u00fan respira bajo el ruido de la Plaza de Catalu\u00f1a - Revista Rambla","og_description":"De la riqueza colonial a la cultura global: la historia enterrada bajo uno de los iconos tur\u00edsticos de Barcelona","og_url":"https:\/\/www.revistarambla.com\/en\/el-palacio-desaparecido-de-los-goytisolo-que-aun-respira-bajo-el-ruido-de-la-plaza-de-cataluna\/","og_site_name":"Revista Rambla","article_publisher":"https:\/\/www.facebook.com\/revistarambla\/","article_author":"https:\/\/www.facebook.com\/revistarambla","article_published_time":"2026-03-18T09:34:26+00:00","og_image":[{"width":1880,"height":987,"url":"https:\/\/www.revistarambla.com\/wp-content\/uploads\/2026\/03\/palacio-goytisolo.webp","type":"image\/webp"}],"author":"R@mbla","twitter_card":"summary_large_image","twitter_creator":"@revistarambla","twitter_site":"@revistarambla","twitter_misc":{"Written by":"R@mbla","Estimated reading time":"7 minutes"},"schema":{"@context":"https:\/\/schema.org","@graph":[{"@type":"Article","@id":"https:\/\/www.revistarambla.com\/el-palacio-desaparecido-de-los-goytisolo-que-aun-respira-bajo-el-ruido-de-la-plaza-de-cataluna\/#article","isPartOf":{"@id":"https:\/\/www.revistarambla.com\/el-palacio-desaparecido-de-los-goytisolo-que-aun-respira-bajo-el-ruido-de-la-plaza-de-cataluna\/"},"author":{"name":"R@mbla","@id":"https:\/\/www.revistarambla.com\/#\/schema\/person\/a146a5a2550b94981a75131180e1bd9c"},"headline":"El palacio desaparecido de los Goytisolo que a\u00fan respira bajo el ruido de la Plaza de Catalu\u00f1a","datePublished":"2026-03-18T09:34:26+00:00","mainEntityOfPage":{"@id":"https:\/\/www.revistarambla.com\/el-palacio-desaparecido-de-los-goytisolo-que-aun-respira-bajo-el-ruido-de-la-plaza-de-cataluna\/"},"wordCount":1551,"publisher":{"@id":"https:\/\/www.revistarambla.com\/#organization"},"image":{"@id":"https:\/\/www.revistarambla.com\/el-palacio-desaparecido-de-los-goytisolo-que-aun-respira-bajo-el-ruido-de-la-plaza-de-cataluna\/#primaryimage"},"thumbnailUrl":"https:\/\/www.revistarambla.com\/wp-content\/uploads\/2026\/03\/palacio-goytisolo.webp","articleSection":["Barcelona"],"inLanguage":"en-GB"},{"@type":"WebPage","@id":"https:\/\/www.revistarambla.com\/el-palacio-desaparecido-de-los-goytisolo-que-aun-respira-bajo-el-ruido-de-la-plaza-de-cataluna\/","url":"https:\/\/www.revistarambla.com\/el-palacio-desaparecido-de-los-goytisolo-que-aun-respira-bajo-el-ruido-de-la-plaza-de-cataluna\/","name":"El palacio desaparecido de los Goytisolo que a\u00fan respira bajo el ruido de la Plaza de Catalu\u00f1a - Revista Rambla","isPartOf":{"@id":"https:\/\/www.revistarambla.com\/#website"},"primaryImageOfPage":{"@id":"https:\/\/www.revistarambla.com\/el-palacio-desaparecido-de-los-goytisolo-que-aun-respira-bajo-el-ruido-de-la-plaza-de-cataluna\/#primaryimage"},"image":{"@id":"https:\/\/www.revistarambla.com\/el-palacio-desaparecido-de-los-goytisolo-que-aun-respira-bajo-el-ruido-de-la-plaza-de-cataluna\/#primaryimage"},"thumbnailUrl":"https:\/\/www.revistarambla.com\/wp-content\/uploads\/2026\/03\/palacio-goytisolo.webp","datePublished":"2026-03-18T09:34:26+00:00","breadcrumb":{"@id":"https:\/\/www.revistarambla.com\/el-palacio-desaparecido-de-los-goytisolo-que-aun-respira-bajo-el-ruido-de-la-plaza-de-cataluna\/#breadcrumb"},"inLanguage":"en-GB","potentialAction":[{"@type":"ReadAction","target":["https:\/\/www.revistarambla.com\/el-palacio-desaparecido-de-los-goytisolo-que-aun-respira-bajo-el-ruido-de-la-plaza-de-cataluna\/"]}]},{"@type":"ImageObject","inLanguage":"en-GB","@id":"https:\/\/www.revistarambla.com\/el-palacio-desaparecido-de-los-goytisolo-que-aun-respira-bajo-el-ruido-de-la-plaza-de-cataluna\/#primaryimage","url":"https:\/\/www.revistarambla.com\/wp-content\/uploads\/2026\/03\/palacio-goytisolo.webp","contentUrl":"https:\/\/www.revistarambla.com\/wp-content\/uploads\/2026\/03\/palacio-goytisolo.webp","width":1880,"height":987,"caption":"Palacio Goytisolo"},{"@type":"BreadcrumbList","@id":"https:\/\/www.revistarambla.com\/el-palacio-desaparecido-de-los-goytisolo-que-aun-respira-bajo-el-ruido-de-la-plaza-de-cataluna\/#breadcrumb","itemListElement":[{"@type":"ListItem","position":1,"name":"Portada","item":"https:\/\/www.revistarambla.com\/"},{"@type":"ListItem","position":2,"name":"El palacio desaparecido de los Goytisolo que a\u00fan respira bajo el ruido de la Plaza de Catalu\u00f1a"}]},{"@type":"WebSite","@id":"https:\/\/www.revistarambla.com\/#website","url":"https:\/\/www.revistarambla.com\/","name":"Revista Rambla Barcelona","description":"Periodismo independiente","publisher":{"@id":"https:\/\/www.revistarambla.com\/#organization"},"potentialAction":[{"@type":"SearchAction","target":{"@type":"EntryPoint","urlTemplate":"https:\/\/www.revistarambla.com\/?s={search_term_string}"},"query-input":{"@type":"PropertyValueSpecification","valueRequired":true,"valueName":"search_term_string"}}],"inLanguage":"en-GB"},{"@type":"Organization","@id":"https:\/\/www.revistarambla.com\/#organization","name":"Revista Rambla","url":"https:\/\/www.revistarambla.com\/","logo":{"@type":"ImageObject","inLanguage":"en-GB","@id":"https:\/\/www.revistarambla.com\/#\/schema\/logo\/image\/","url":"https:\/\/www.revistarambla.com\/wp-content\/uploads\/2020\/09\/banner_rambla_1900x600_BB.png","contentUrl":"https:\/\/www.revistarambla.com\/wp-content\/uploads\/2020\/09\/banner_rambla_1900x600_BB.png","width":1900,"height":600,"caption":"Revista Rambla"},"image":{"@id":"https:\/\/www.revistarambla.com\/#\/schema\/logo\/image\/"},"sameAs":["https:\/\/www.facebook.com\/revistarambla\/","https:\/\/x.com\/revistarambla","https:\/\/www.instagram.com\/revista_rambla","https:\/\/es.linkedin.com\/company\/revista-rambla"]},{"@type":"Person","@id":"https:\/\/www.revistarambla.com\/#\/schema\/person\/a146a5a2550b94981a75131180e1bd9c","name":"R@mbla","description":"Este art\u00edculo ha sido redactado y\/o validado por el equipo de redacci\u00f3n de Revista Rambla.","sameAs":["https:\/\/www.revistarambla.com\/","https:\/\/www.facebook.com\/revistarambla","https:\/\/x.com\/revistarambla"]}]}},"_links":{"self":[{"href":"https:\/\/www.revistarambla.com\/en\/wp-json\/wp\/v2\/posts\/67953","targetHints":{"allow":["GET"]}}],"collection":[{"href":"https:\/\/www.revistarambla.com\/en\/wp-json\/wp\/v2\/posts"}],"about":[{"href":"https:\/\/www.revistarambla.com\/en\/wp-json\/wp\/v2\/types\/post"}],"author":[{"embeddable":true,"href":"https:\/\/www.revistarambla.com\/en\/wp-json\/wp\/v2\/users\/3"}],"replies":[{"embeddable":true,"href":"https:\/\/www.revistarambla.com\/en\/wp-json\/wp\/v2\/comments?post=67953"}],"version-history":[{"count":1,"href":"https:\/\/www.revistarambla.com\/en\/wp-json\/wp\/v2\/posts\/67953\/revisions"}],"predecessor-version":[{"id":67955,"href":"https:\/\/www.revistarambla.com\/en\/wp-json\/wp\/v2\/posts\/67953\/revisions\/67955"}],"wp:featuredmedia":[{"embeddable":true,"href":"https:\/\/www.revistarambla.com\/en\/wp-json\/wp\/v2\/media\/67954"}],"wp:attachment":[{"href":"https:\/\/www.revistarambla.com\/en\/wp-json\/wp\/v2\/media?parent=67953"}],"wp:term":[{"taxonomy":"category","embeddable":true,"href":"https:\/\/www.revistarambla.com\/en\/wp-json\/wp\/v2\/categories?post=67953"},{"taxonomy":"post_tag","embeddable":true,"href":"https:\/\/www.revistarambla.com\/en\/wp-json\/wp\/v2\/tags?post=67953"}],"curies":[{"name":"wp","href":"https:\/\/api.w.org\/{rel}","templated":true}]}}