{"id":67936,"date":"2026-03-16T09:50:46","date_gmt":"2026-03-16T08:50:46","guid":{"rendered":"https:\/\/www.revistarambla.com\/?p=67936"},"modified":"2026-03-18T10:12:39","modified_gmt":"2026-03-18T09:12:39","slug":"resistencias-cargadas-de-vida","status":"publish","type":"post","link":"https:\/\/www.revistarambla.com\/en\/resistencias-cargadas-de-vida\/","title":{"rendered":"\u201cResistencias cargadas de vida\u201d"},"content":{"rendered":"<p><b><i><span lang=\"ES\">Entrevista con Cecilia Merch\u00e1n, dirigente feminista y social<\/span><\/i><\/b><\/p>\n<p><i><span lang=\"ES\">Cuando irrumpi\u00f3 la \u00faltima dictadura en Argentina en marzo de 1976, Cecilia \u201cChecha\u201d Merch\u00e1n ten\u00eda apenas 6 a\u00f1os. Como adolescente, empez\u00f3 con su militancia social en C\u00f3rdoba, a 700 kil\u00f3metros al noroeste de Buenos Aires. A partir de los a\u00f1os 2000, en representaci\u00f3n de un fuerte movimiento social y de colectivos de mujeres, asumi\u00f3 roles pol\u00edticos como diputada nacional por su provincia (2007 a 2011) y a\u00f1os despu\u00e9s como representante al PARLASUR (Parlamento del MERCOSUR). Sin embargo, como lo subraya, \u201clo m\u00e1s importante de mi etapa con roles institucionales\u201d fueron los avances que pudo consolidar en pol\u00edticas de <\/span><\/i><i>igualdad, diversidad y contra la trata y la explotaci\u00f3n de personas. Hoy, alejada de cargos p\u00fablicos y de la pol\u00edtica institucional, sigue siendo la activa militante social y feminista de siempre. \u201cMis tres prioridades son coordinar La Colectiva, que es una corriente feminista presente en seis provincias con varios centenares de mujeres activas. Impulsar la cooperativa editorial independiente ChiriMbote, especializada en libros infantiles, con la idea de dar una batalla cultural contra el revisionismo conservador del actual Gobierno. Y, adem\u00e1s, participar en Confusas, un grupo musical de fuerte arraigo territorial y participativo en Translasierra, la zona donde vivo\u201d. <b>Entrevista exclusiva.<\/b><\/i><\/p>\n<figure id=\"attachment_67938\" aria-describedby=\"caption-attachment-67938\" style=\"width: 1000px\" class=\"wp-caption aligncenter\"><img decoding=\"async\" class=\"wp-image-67938 size-full\" src=\"https:\/\/www.revistarambla.com\/wp-content\/uploads\/2026\/03\/Cecilia-Merchan.-Foto-La-Colectiva.jpg\" alt=\"Cecilia Merch\u00e1n\" width=\"1000\" height=\"998\" srcset=\"https:\/\/www.revistarambla.com\/wp-content\/uploads\/2026\/03\/Cecilia-Merchan.-Foto-La-Colectiva.jpg 1000w, https:\/\/www.revistarambla.com\/wp-content\/uploads\/2026\/03\/Cecilia-Merchan.-Foto-La-Colectiva-366x365.jpg 366w, https:\/\/www.revistarambla.com\/wp-content\/uploads\/2026\/03\/Cecilia-Merchan.-Foto-La-Colectiva-840x838.jpg 840w, https:\/\/www.revistarambla.com\/wp-content\/uploads\/2026\/03\/Cecilia-Merchan.-Foto-La-Colectiva-768x766.jpg 768w, https:\/\/www.revistarambla.com\/wp-content\/uploads\/2026\/03\/Cecilia-Merchan.-Foto-La-Colectiva-12x12.jpg 12w, https:\/\/www.revistarambla.com\/wp-content\/uploads\/2026\/03\/Cecilia-Merchan.-Foto-La-Colectiva-150x150.jpg 150w, https:\/\/www.revistarambla.com\/wp-content\/uploads\/2026\/03\/Cecilia-Merchan.-Foto-La-Colectiva-70x70.jpg 70w\" sizes=\"(max-width: 1000px) 100vw, 1000px\" \/><figcaption id=\"caption-attachment-67938\" class=\"wp-caption-text\">Cecilia Merch\u00e1n<\/figcaption><\/figure>\n<p><i><b><\/b><\/i><b><br \/>\nPregunta: \u00bfCu\u00e1l es la ra\u00edz de su tan variada y rica historia personal?<\/p>\n<p>Cecilia Merch\u00e1n (CM): <\/b>Desde peque\u00f1ita tuve dos potentes referentes: mi madre y mi abuela. Viv\u00edamos en un peque\u00f1o pueblo del interior. Mi abuela me contaba cuentos e historias que me parec\u00edan obras literarias producto de su gran inteligencia. Un d\u00eda le ped\u00ed apoyo para una tarea escolar. Para mi sorpresa, me respondi\u00f3: \u201cno puedo ayudarte porque no s\u00e9 leer ni escribir\u201d. \u00a0Y me explic\u00f3 que no pudo ir a la escuela porque era pobre, mujer y del campo. Ese d\u00eda entend\u00ed todo sobre lo que deber\u00eda hacer en mi vida para ayudar a cambiar realidades brutales de exclusi\u00f3n social. Con apenas 17 a\u00f1os fui a estudiar a la ciudad de C\u00f3rdoba y empec\u00e9 a actuar m\u00e1s activamente en una corriente pol\u00edtico-social progresista creada por ex militantes antidictatoriales de los a\u00f1os 70 que desarroll\u00f3 intenso trabajo barrial y fue uno de los pilares del movimiento \u201cpiquetero\u201d. Desde entonces no par\u00e9 nunca hasta hoy.<\/p>\n<p><b>P<\/b>: <b>Hasta hoy, que pareciera ser un momento especialmente dif\u00edcil para las y los actores sociales en Argentina\u2026<\/b><\/p>\n<p><b><span lang=\"ES\">CM:<\/span><\/b><span lang=\"ES\"> No es simple enfrentar un proyecto tan reaccionario y un presidente tan impresentable, que nunca pensamos que llegar\u00eda a ser gobierno. Pero ya vivimos una etapa muy compleja en los a\u00f1os 90, cuando gobern\u00f3 Carlos Menem, que aplic\u00f3 un programa semejante al actual en muchos rubros y promovi\u00f3 el desmantelamiento del Estado. Lo combatimos abiertamente. Y esa experiencia colectiva acumulada permiti\u00f3 llegar al periodo del 2003 al 2015 que se convirti\u00f3 en una etapa con grandes logros para los sectores m\u00e1s relegados. Eso me da una gran confianza. La historia tiene altos y bajos, y los que hoy piensan que ganaron todo para siempre, como Milei y su gente, seguramente se equivocan. Si observamos la constante protesta social en los lugares m\u00e1s alejados del pa\u00eds no tenemos por qu\u00e9 desesperarnos.<\/p>\n<p><b>P: \u00bfPuede explicarnos mejor c\u00f3mo se expresa esa protesta?<\/b><\/span><\/p>\n<p><b><span lang=\"ES\">CM: <\/span><\/b><span lang=\"ES\">Es necesario hablar de dos niveles diferentes y muy complementarios de la protesta. El m\u00e1s visible es el de las decenas de grandes movilizaciones nacionales con distintos ejes (universitarios, derechos humanos, jubilados, feminismo y diversidad, entre otros), as\u00ed como las huelgas generales, que ya fueron cuatro en los dos \u00faltimos a\u00f1os. Este es uno de los gobiernos en democracia que m\u00e1s conflictos sindicales y sociales ha confrontado. Es dif\u00edcil hablar de cifras, pero pienso que en esta etapa han sido miles y miles, por no hablar de millones de personas que en total han participado al menos de una protesta masiva.<br \/>\nUn \u00faltimo ejemplo de poder en las calles lo dieron las mujeres y las diversidades en la reciente jornada del D\u00eda Internacional de los derechos de las mujeres que en Argentina se celebr\u00f3 el lunes 9 de marzo. Se movilizaron miles y miles en diversos lugares del pa\u00eds. En Buenos Aires, la manifestaci\u00f3n llen\u00f3 la Plaza de Mayo (frente a la Casa de Gobierno) y las inmediaciones de la misma. Una de las consignas era \u201ccontra Milei y el Fondo Monetario Internacional\u00bb.<\/span><\/p>\n<p><span lang=\"ES\">Es importante recordar lo que se vivi\u00f3 el mes pasado. El 19 de febrero, las principales centrales sindicales del pa\u00eds convocaron la m\u00e1s reciente huelga nacional desde que Milei lleg\u00f3 al Gobierno contra la nueva Ley de Reforma Laboral. Las semanas previas fueron emblem\u00e1ticas por la intensidad de la protesta en la calle. As\u00ed, por ejemplo, el 7 del mismo mes se realiz\u00f3 una multitudinaria marcha antifascista; cuatro d\u00edas m\u00e1s tarde, una movilizaci\u00f3n sindical contra el proyecto de ley sindical y la misma semana una protesta contra la Reforma a la Ley Penal Juvenil, en virtud de la cual el Gobierno buscaba reducir la edad de imputabilidad de 16 a 13 a\u00f1os. El aparato represivo con moderno equipamiento policial tambi\u00e9n sali\u00f3 a la calle.<\/span><\/p>\n<p><span lang=\"ES\">En los dos a\u00f1os de este gobierno, el prestigioso Centro de Econom\u00eda Popular de Argentina (CEPA) documenta m\u00e1s de 700 conflictos laborales ligados a cierres de empresas, quiebres de f\u00e1bricas etc. con los correspondientes <\/span>despidos masivos y suspensiones de trabajadores.<\/p>\n<p><span lang=\"ES\">Desde 2024 hasta hoy, todos los mi\u00e9rcoles y en muy diversos sitios, los jubilados y pensionados protestan en las calles. Muchas de estas movilizaciones, como la de marzo de 2025 en la ciudad de Buenos Aires, fueron reprimidas duramente cuando simpatizantes de equipos de f\u00fatbol se solidarizaron con ellos.\u00a0 <\/span><\/p>\n<p><span lang=\"ES\">Tambi\u00e9n contin\u00faan las \u201cRondas\u201d de las Madres y Abuelas de Plaza de Mayo cada jueves frente a la Casa de Gobierno de Buenos Aires, as\u00ed como en otras partes del pa\u00eds. Convocan semanalmente al amplio movimiento de Derechos Humanos, a los gremios m\u00e1s combativos y a vastos sectores pol\u00edticos y sociales progresistas. Desde la elecci\u00f3n de Milei incorpora a sus hist\u00f3ricas demandas la denuncia de su negacionismo de los Derechos Humanos, cuya estructura estatal el nuevo gobierno ha debilitado mediante el desfinanciamiento de museos y espacios de memoria adem\u00e1s de expresar su empat\u00eda hacia los cientos de represores de la \u00faltima dictadura, condenados a partir del 2003 por cr\u00edmenes contra la humanidad. <\/span><\/p>\n<p><span lang=\"ES\">No menos significativas siguen siendo las movilizaciones multitudinarias en todo el pa\u00eds cada 24 de marzo, aniversario del Golpe de 1976. Tanto en 2024 como en 2025, estas manifestaciones nacionales masivas tambi\u00e9n han denunciado la pol\u00edtica negacionista y reaccionaria del Gobierno.<\/span><\/p>\n<p><span lang=\"ES\">El singular crecimiento participativo de las Marchas <\/span>del Orgullo estos \u00faltimos dos a\u00f1os, con claras consignas antigubernamentales, es otra expresi\u00f3n del cuestionamiento a la pol\u00edtica oficial. El 1ro. de noviembre de 2025, en la ciudad de Buenos Aires, la 34\u00aa. edici\u00f3n de este evento reuni\u00f3 a m\u00e1s de 1 mill\u00f3n de personas, fundamentalmente mujeres j\u00f3venes. Y en febrero de este a\u00f1o tuvo lugar la segunda edici\u00f3n de la Marcha Federal del Orgullo Antifascista y Antirracista. Su primera convocatoria en 2025 se organiz\u00f3 como respuesta a las virulentas y provocadoras declaraciones de Milei en el Foro Econ\u00f3mico de Davos (Suiza) contra la diversidad en general y, en particular contra la comunidad LGBTIQ+. <span lang=\"ES\">Seg\u00fan un informe de la Comisi\u00f3n Provincial por la Memoria, organismo que forma parte del Sistema Nacional de Prevenci\u00f3n de la Tortura, durante el segundo a\u00f1o del gobierno Milei\u00a0la represi\u00f3n contra la protesta social se duplic\u00f3 con respecto al a\u00f1o anterior.<\/span><\/p>\n<p><b><span lang=\"ES\">P: Y las otras formas de resistencia ciudadana\u2026<\/span><\/b><\/p>\n<p><b><span lang=\"ES\">CM: <\/span><\/b><span lang=\"ES\">Se trata tambi\u00e9n de formas constantes y cotidianas de resistencia, diseminadas en todo el territorio nacional. Muchas veces son menos espectaculares y menos mediatizadas, pero expresan un descontento profundo de much\u00edsima gente ante lo que est\u00e1 viviendo. Un ejemplo muy revelador: en julio del a\u00f1o pasado decenas de vecinos de la localidad de Villa Allende, en mi provincia, se movilizaron para defender un \u00e1rbol algarrobo de 300 a\u00f1os que pretend\u00edan cortar. Hubo represi\u00f3n e incluso una mujer detenida<i> <\/i>(<\/span><a href=\"https:\/\/argentina.indymedia.org\/2025\/07\/06\/un-arbol-de-300-anos-frente-a-un-modelo-de-destruccion\/\" target=\"_blank\" rel=\"nofollow noopener\" data-saferedirecturl=\"https:\/\/www.google.com\/url?q=https:\/\/argentina.indymedia.org\/2025\/07\/06\/un-arbol-de-300-anos-frente-a-un-modelo-de-destruccion\/&amp;source=gmail&amp;ust=1773737262732000&amp;usg=AOvVaw3MA-c799FniZc4ZARDtoeG\"><i><span lang=\"ES\">https:\/\/argentina.indymedia.<wbr \/>org\/2025\/07\/06\/un-arbol-de-<wbr \/>300-anos-frente-a-un-modelo-<wbr \/>de-destruccion\/<\/span><\/i><\/a><span lang=\"ES\">).<\/span><\/p>\n<p><span lang=\"ES\">Hay localidades, como La Falda, tambi\u00e9n en mi provincia, donde se dio una batalla fuerte de vecinos (unidos a jubilada-os) para evitar el corte de ciertos servicios m\u00e9dicos en el hospital municipal. A otro nivel, son cada d\u00eda m\u00e1s las ferias populares promovidas por peque\u00f1as y peque\u00f1os productores que resisten en defensa de sus art\u00edculos (muchas veces vegetales, comestibles, ropa o artesan\u00edas) y contra la importaci\u00f3n masiva. Una de ellas es la Feria Feminista que se hace en la ciudad de C\u00f3rdoba, que cada vez m\u00e1s ofrece una variedad enorme de productos. Ni qu<\/span><span lang=\"ES\">\u00e9<\/span><span lang=\"ES\"> hablar de las expresiones culturales alternativas. Hay m\u00fasicos populares, todav\u00eda adolescentes, que est\u00e1n introduciendo al folklore expresiones roqueras. Muchos se expresan claramente anti-Milei. Otros, sin declararse antigubernamentales, promueven contenidos claramente anti sist\u00e9micos.<\/span><\/p>\n<p>As\u00ed mismo, nuestras experiencias con La Colectiva parten todas de la realidad, de las necesidades y de las aspiraciones muy concretas de las mujeres de un territorio. Por ejemplo, en un barrio de Buenos Aires reunimos mujeres trabajadoras y profesionales, con otras que est\u00e1n en situaci\u00f3n de calle. Se comparte en torno al bordado, se intercambian experiencias, se abordan los temas m\u00e1s preocupantes para ellas. Adem\u00e1s, en muchas de estas iniciativas se vive un riqu\u00edsimo cruce generacional de mujeres de 15 a\u00f1os hasta otras de 80.<\/p>\n<p><span lang=\"ES\">En s\u00edntesis, en conjunto, son centenas \u2013tal vez miles&#8211; de acciones y actividades peque\u00f1as que impactan en la vida y el pensamiento de la gente y que se convierten en ejemplos a imitar. Fundadas en la apuesta a la sobrevivencia y la dignidad. Pero tambi\u00e9n a recuperar la utop\u00eda, la vida misma. Estas formas de resistencia est\u00e1n cargadas de vitalidad. Vital como sin\u00f3nimo de existencia. Se confrontan al proyecto de muerte tan presente y dominante hoy en todo el mundo. Desde las pol\u00edticas antisociales y represivas de Milei, hasta la propuesta b\u00e9lico-militarista que est\u00e1 llevando a la humanidad al riesgo de autodestrucci\u00f3n.<\/span><\/p>\n<p><b><span lang=\"ES\">P: Concluimos con la situaci\u00f3n mundial muy preocupante. Pero en la cual, tambi\u00e9n, hay expresiones cotidianas de apoyo a los pueblos en lucha\u2026<\/span><\/b><\/p>\n<p><b><span lang=\"ES\">CM<\/span><\/b><span lang=\"ES\">: La solidaridad sincera, respetuosa, horizontal, tiene un valor inestimable. Nosotros, tanto La Colectiva como nuestra cooperativa editorial, hemos recibido ese precioso apoyo justamente de Solifonds, de Suiza. Quiero subrayar que no aceptamos cualquier tipo de recursos. Pero cuando sentimos que en una relaci\u00f3n internacional prima la igualdad entre pares, la horizontalidad, la escucha y comprensi\u00f3n mutua, ninguna imposici\u00f3n neocolonial y la voluntad de aprender unas y otras de las experiencias diversas, nos abrimos de coraz\u00f3n. Convencidas de que nuestra resistencia en Argentina y la de otras sociedades constituyen la semilla necesaria para que germine la imprescindible utop\u00eda global.<\/span><\/p>","protected":false},"excerpt":{"rendered":"<p>Entrevista con Cecilia Merch\u00e1n, dirigente feminista y social Cuando irrumpi\u00f3 la \u00faltima dictadura en Argentina en marzo de 1976, Cecilia \u201cChecha\u201d Merch\u00e1n ten\u00eda apenas 6 a\u00f1os. Como adolescente, empez\u00f3 con su militancia social en C\u00f3rdoba, a 700 kil\u00f3metros al noroeste de Buenos Aires. A partir de los a\u00f1os 2000, en [&hellip;]<\/p>\n","protected":false},"author":24,"featured_media":67937,"comment_status":"closed","ping_status":"closed","sticky":false,"template":"","format":"standard","meta":{"footnotes":""},"categories":[4108],"tags":[],"class_list":["post-67936","post","type-post","status-publish","format-standard","has-post-thumbnail","hentry","category-el-apunte-de-sergio-ferrari"],"yoast_head":"<!-- This site is optimized with the Yoast SEO plugin v27.5 - https:\/\/yoast.com\/product\/yoast-seo-wordpress\/ -->\n<title>\u201cResistencias cargadas de vida\u201d - Revista Rambla<\/title>\n<meta name=\"robots\" content=\"index, follow, max-snippet:-1, max-image-preview:large, max-video-preview:-1\" \/>\n<link rel=\"canonical\" href=\"https:\/\/www.revistarambla.com\/en\/resistencias-cargadas-de-vida\/\" \/>\n<meta property=\"og:locale\" content=\"en_GB\" \/>\n<meta property=\"og:type\" content=\"article\" \/>\n<meta property=\"og:title\" content=\"\u201cResistencias cargadas de vida\u201d - Revista Rambla\" \/>\n<meta property=\"og:description\" content=\"Entrevista con Cecilia Merch\u00e1n, dirigente feminista y social Cuando irrumpi\u00f3 la \u00faltima dictadura en Argentina en marzo de 1976, Cecilia \u201cChecha\u201d Merch\u00e1n ten\u00eda apenas 6 a\u00f1os. Como adolescente, empez\u00f3 con su militancia social en C\u00f3rdoba, a 700 kil\u00f3metros al noroeste de Buenos Aires. A partir de los a\u00f1os 2000, en [&hellip;]\" \/>\n<meta property=\"og:url\" content=\"https:\/\/www.revistarambla.com\/en\/resistencias-cargadas-de-vida\/\" \/>\n<meta property=\"og:site_name\" content=\"Revista Rambla\" \/>\n<meta property=\"article:publisher\" content=\"https:\/\/www.facebook.com\/revistarambla\/\" \/>\n<meta property=\"article:author\" content=\"https:\/\/www.facebook.com\/sergio.ferrari.9655\" \/>\n<meta property=\"article:published_time\" content=\"2026-03-16T08:50:46+00:00\" \/>\n<meta property=\"article:modified_time\" content=\"2026-03-18T09:12:39+00:00\" \/>\n<meta property=\"og:image\" content=\"https:\/\/www.revistarambla.com\/wp-content\/uploads\/2026\/03\/Manifestacion-en-Santa-Fe-Argentina-en-el-marco-de-la-jornada-del-Dia-internaconal-de-las-Mujeres-Foto-Jose-Cettour.jpg\" \/>\n\t<meta property=\"og:image:width\" content=\"1200\" \/>\n\t<meta property=\"og:image:height\" content=\"800\" \/>\n\t<meta property=\"og:image:type\" content=\"image\/jpeg\" \/>\n<meta name=\"author\" content=\"Sergio Ferrari\" \/>\n<meta name=\"twitter:card\" content=\"summary_large_image\" \/>\n<meta name=\"twitter:creator\" content=\"@SergiooFerrari\" \/>\n<meta name=\"twitter:site\" content=\"@revistarambla\" \/>\n<meta name=\"twitter:label1\" content=\"Written by\" \/>\n\t<meta name=\"twitter:data1\" content=\"Sergio Ferrari\" \/>\n\t<meta name=\"twitter:label2\" content=\"Estimated reading time\" \/>\n\t<meta name=\"twitter:data2\" content=\"9 minutes\" \/>\n<script type=\"application\/ld+json\" class=\"yoast-schema-graph\">{\"@context\":\"https:\\\/\\\/schema.org\",\"@graph\":[{\"@type\":\"Article\",\"@id\":\"https:\\\/\\\/www.revistarambla.com\\\/resistencias-cargadas-de-vida\\\/#article\",\"isPartOf\":{\"@id\":\"https:\\\/\\\/www.revistarambla.com\\\/resistencias-cargadas-de-vida\\\/\"},\"author\":{\"name\":\"Sergio Ferrari\",\"@id\":\"https:\\\/\\\/www.revistarambla.com\\\/#\\\/schema\\\/person\\\/339e2410a25811f9912d8a8551fa5d96\"},\"headline\":\"\u201cResistencias cargadas de vida\u201d\",\"datePublished\":\"2026-03-16T08:50:46+00:00\",\"dateModified\":\"2026-03-18T09:12:39+00:00\",\"mainEntityOfPage\":{\"@id\":\"https:\\\/\\\/www.revistarambla.com\\\/resistencias-cargadas-de-vida\\\/\"},\"wordCount\":1877,\"publisher\":{\"@id\":\"https:\\\/\\\/www.revistarambla.com\\\/#organization\"},\"image\":{\"@id\":\"https:\\\/\\\/www.revistarambla.com\\\/resistencias-cargadas-de-vida\\\/#primaryimage\"},\"thumbnailUrl\":\"https:\\\/\\\/www.revistarambla.com\\\/wp-content\\\/uploads\\\/2026\\\/03\\\/Manifestacion-en-Santa-Fe-Argentina-en-el-marco-de-la-jornada-del-Dia-internaconal-de-las-Mujeres-Foto-Jose-Cettour.jpg\",\"articleSection\":[\"El Apunte\"],\"inLanguage\":\"en-GB\"},{\"@type\":\"WebPage\",\"@id\":\"https:\\\/\\\/www.revistarambla.com\\\/resistencias-cargadas-de-vida\\\/\",\"url\":\"https:\\\/\\\/www.revistarambla.com\\\/resistencias-cargadas-de-vida\\\/\",\"name\":\"\u201cResistencias cargadas de vida\u201d - Revista Rambla\",\"isPartOf\":{\"@id\":\"https:\\\/\\\/www.revistarambla.com\\\/#website\"},\"primaryImageOfPage\":{\"@id\":\"https:\\\/\\\/www.revistarambla.com\\\/resistencias-cargadas-de-vida\\\/#primaryimage\"},\"image\":{\"@id\":\"https:\\\/\\\/www.revistarambla.com\\\/resistencias-cargadas-de-vida\\\/#primaryimage\"},\"thumbnailUrl\":\"https:\\\/\\\/www.revistarambla.com\\\/wp-content\\\/uploads\\\/2026\\\/03\\\/Manifestacion-en-Santa-Fe-Argentina-en-el-marco-de-la-jornada-del-Dia-internaconal-de-las-Mujeres-Foto-Jose-Cettour.jpg\",\"datePublished\":\"2026-03-16T08:50:46+00:00\",\"dateModified\":\"2026-03-18T09:12:39+00:00\",\"breadcrumb\":{\"@id\":\"https:\\\/\\\/www.revistarambla.com\\\/resistencias-cargadas-de-vida\\\/#breadcrumb\"},\"inLanguage\":\"en-GB\",\"potentialAction\":[{\"@type\":\"ReadAction\",\"target\":[\"https:\\\/\\\/www.revistarambla.com\\\/resistencias-cargadas-de-vida\\\/\"]}]},{\"@type\":\"ImageObject\",\"inLanguage\":\"en-GB\",\"@id\":\"https:\\\/\\\/www.revistarambla.com\\\/resistencias-cargadas-de-vida\\\/#primaryimage\",\"url\":\"https:\\\/\\\/www.revistarambla.com\\\/wp-content\\\/uploads\\\/2026\\\/03\\\/Manifestacion-en-Santa-Fe-Argentina-en-el-marco-de-la-jornada-del-Dia-internaconal-de-las-Mujeres-Foto-Jose-Cettour.jpg\",\"contentUrl\":\"https:\\\/\\\/www.revistarambla.com\\\/wp-content\\\/uploads\\\/2026\\\/03\\\/Manifestacion-en-Santa-Fe-Argentina-en-el-marco-de-la-jornada-del-Dia-internaconal-de-las-Mujeres-Foto-Jose-Cettour.jpg\",\"width\":1200,\"height\":800,\"caption\":\"Cecilia Merch\u00e1n\"},{\"@type\":\"BreadcrumbList\",\"@id\":\"https:\\\/\\\/www.revistarambla.com\\\/resistencias-cargadas-de-vida\\\/#breadcrumb\",\"itemListElement\":[{\"@type\":\"ListItem\",\"position\":1,\"name\":\"Portada\",\"item\":\"https:\\\/\\\/www.revistarambla.com\\\/\"},{\"@type\":\"ListItem\",\"position\":2,\"name\":\"\u201cResistencias cargadas de vida\u201d\"}]},{\"@type\":\"WebSite\",\"@id\":\"https:\\\/\\\/www.revistarambla.com\\\/#website\",\"url\":\"https:\\\/\\\/www.revistarambla.com\\\/\",\"name\":\"Revista Rambla Barcelona\",\"description\":\"Periodismo independiente\",\"publisher\":{\"@id\":\"https:\\\/\\\/www.revistarambla.com\\\/#organization\"},\"potentialAction\":[{\"@type\":\"SearchAction\",\"target\":{\"@type\":\"EntryPoint\",\"urlTemplate\":\"https:\\\/\\\/www.revistarambla.com\\\/?s={search_term_string}\"},\"query-input\":{\"@type\":\"PropertyValueSpecification\",\"valueRequired\":true,\"valueName\":\"search_term_string\"}}],\"inLanguage\":\"en-GB\"},{\"@type\":\"Organization\",\"@id\":\"https:\\\/\\\/www.revistarambla.com\\\/#organization\",\"name\":\"Revista Rambla\",\"url\":\"https:\\\/\\\/www.revistarambla.com\\\/\",\"logo\":{\"@type\":\"ImageObject\",\"inLanguage\":\"en-GB\",\"@id\":\"https:\\\/\\\/www.revistarambla.com\\\/#\\\/schema\\\/logo\\\/image\\\/\",\"url\":\"https:\\\/\\\/www.revistarambla.com\\\/wp-content\\\/uploads\\\/2020\\\/09\\\/banner_rambla_1900x600_BB.png\",\"contentUrl\":\"https:\\\/\\\/www.revistarambla.com\\\/wp-content\\\/uploads\\\/2020\\\/09\\\/banner_rambla_1900x600_BB.png\",\"width\":1900,\"height\":600,\"caption\":\"Revista Rambla\"},\"image\":{\"@id\":\"https:\\\/\\\/www.revistarambla.com\\\/#\\\/schema\\\/logo\\\/image\\\/\"},\"sameAs\":[\"https:\\\/\\\/www.facebook.com\\\/revistarambla\\\/\",\"https:\\\/\\\/x.com\\\/revistarambla\",\"https:\\\/\\\/www.instagram.com\\\/revista_rambla\",\"https:\\\/\\\/es.linkedin.com\\\/company\\\/revista-rambla\"]},{\"@type\":\"Person\",\"@id\":\"https:\\\/\\\/www.revistarambla.com\\\/#\\\/schema\\\/person\\\/339e2410a25811f9912d8a8551fa5d96\",\"name\":\"Sergio Ferrari\",\"description\":\"Periodista argentino radicado en Berna, Suiza. Acreditado ante el Gobierno suizo. Colaborador regular de numerosos medios latinoamericanos y europeos.\",\"sameAs\":[\"https:\\\/\\\/www.voltairenet.org\\\/auteur120173.html?lang=es\",\"https:\\\/\\\/www.facebook.com\\\/sergio.ferrari.9655\",\"https:\\\/\\\/x.com\\\/SergiooFerrari\"]}]}<\/script>\n<!-- \/ Yoast SEO plugin. -->","yoast_head_json":{"title":"\u201cResistencias cargadas de vida\u201d - Revista Rambla","robots":{"index":"index","follow":"follow","max-snippet":"max-snippet:-1","max-image-preview":"max-image-preview:large","max-video-preview":"max-video-preview:-1"},"canonical":"https:\/\/www.revistarambla.com\/en\/resistencias-cargadas-de-vida\/","og_locale":"en_GB","og_type":"article","og_title":"\u201cResistencias cargadas de vida\u201d - Revista Rambla","og_description":"Entrevista con Cecilia Merch\u00e1n, dirigente feminista y social Cuando irrumpi\u00f3 la \u00faltima dictadura en Argentina en marzo de 1976, Cecilia \u201cChecha\u201d Merch\u00e1n ten\u00eda apenas 6 a\u00f1os. Como adolescente, empez\u00f3 con su militancia social en C\u00f3rdoba, a 700 kil\u00f3metros al noroeste de Buenos Aires. A partir de los a\u00f1os 2000, en [&hellip;]","og_url":"https:\/\/www.revistarambla.com\/en\/resistencias-cargadas-de-vida\/","og_site_name":"Revista Rambla","article_publisher":"https:\/\/www.facebook.com\/revistarambla\/","article_author":"https:\/\/www.facebook.com\/sergio.ferrari.9655","article_published_time":"2026-03-16T08:50:46+00:00","article_modified_time":"2026-03-18T09:12:39+00:00","og_image":[{"width":1200,"height":800,"url":"https:\/\/www.revistarambla.com\/wp-content\/uploads\/2026\/03\/Manifestacion-en-Santa-Fe-Argentina-en-el-marco-de-la-jornada-del-Dia-internaconal-de-las-Mujeres-Foto-Jose-Cettour.jpg","type":"image\/jpeg"}],"author":"Sergio Ferrari","twitter_card":"summary_large_image","twitter_creator":"@SergiooFerrari","twitter_site":"@revistarambla","twitter_misc":{"Written by":"Sergio Ferrari","Estimated reading time":"9 minutes"},"schema":{"@context":"https:\/\/schema.org","@graph":[{"@type":"Article","@id":"https:\/\/www.revistarambla.com\/resistencias-cargadas-de-vida\/#article","isPartOf":{"@id":"https:\/\/www.revistarambla.com\/resistencias-cargadas-de-vida\/"},"author":{"name":"Sergio Ferrari","@id":"https:\/\/www.revistarambla.com\/#\/schema\/person\/339e2410a25811f9912d8a8551fa5d96"},"headline":"\u201cResistencias cargadas de vida\u201d","datePublished":"2026-03-16T08:50:46+00:00","dateModified":"2026-03-18T09:12:39+00:00","mainEntityOfPage":{"@id":"https:\/\/www.revistarambla.com\/resistencias-cargadas-de-vida\/"},"wordCount":1877,"publisher":{"@id":"https:\/\/www.revistarambla.com\/#organization"},"image":{"@id":"https:\/\/www.revistarambla.com\/resistencias-cargadas-de-vida\/#primaryimage"},"thumbnailUrl":"https:\/\/www.revistarambla.com\/wp-content\/uploads\/2026\/03\/Manifestacion-en-Santa-Fe-Argentina-en-el-marco-de-la-jornada-del-Dia-internaconal-de-las-Mujeres-Foto-Jose-Cettour.jpg","articleSection":["El Apunte"],"inLanguage":"en-GB"},{"@type":"WebPage","@id":"https:\/\/www.revistarambla.com\/resistencias-cargadas-de-vida\/","url":"https:\/\/www.revistarambla.com\/resistencias-cargadas-de-vida\/","name":"\u201cResistencias cargadas de vida\u201d - Revista Rambla","isPartOf":{"@id":"https:\/\/www.revistarambla.com\/#website"},"primaryImageOfPage":{"@id":"https:\/\/www.revistarambla.com\/resistencias-cargadas-de-vida\/#primaryimage"},"image":{"@id":"https:\/\/www.revistarambla.com\/resistencias-cargadas-de-vida\/#primaryimage"},"thumbnailUrl":"https:\/\/www.revistarambla.com\/wp-content\/uploads\/2026\/03\/Manifestacion-en-Santa-Fe-Argentina-en-el-marco-de-la-jornada-del-Dia-internaconal-de-las-Mujeres-Foto-Jose-Cettour.jpg","datePublished":"2026-03-16T08:50:46+00:00","dateModified":"2026-03-18T09:12:39+00:00","breadcrumb":{"@id":"https:\/\/www.revistarambla.com\/resistencias-cargadas-de-vida\/#breadcrumb"},"inLanguage":"en-GB","potentialAction":[{"@type":"ReadAction","target":["https:\/\/www.revistarambla.com\/resistencias-cargadas-de-vida\/"]}]},{"@type":"ImageObject","inLanguage":"en-GB","@id":"https:\/\/www.revistarambla.com\/resistencias-cargadas-de-vida\/#primaryimage","url":"https:\/\/www.revistarambla.com\/wp-content\/uploads\/2026\/03\/Manifestacion-en-Santa-Fe-Argentina-en-el-marco-de-la-jornada-del-Dia-internaconal-de-las-Mujeres-Foto-Jose-Cettour.jpg","contentUrl":"https:\/\/www.revistarambla.com\/wp-content\/uploads\/2026\/03\/Manifestacion-en-Santa-Fe-Argentina-en-el-marco-de-la-jornada-del-Dia-internaconal-de-las-Mujeres-Foto-Jose-Cettour.jpg","width":1200,"height":800,"caption":"Cecilia Merch\u00e1n"},{"@type":"BreadcrumbList","@id":"https:\/\/www.revistarambla.com\/resistencias-cargadas-de-vida\/#breadcrumb","itemListElement":[{"@type":"ListItem","position":1,"name":"Portada","item":"https:\/\/www.revistarambla.com\/"},{"@type":"ListItem","position":2,"name":"\u201cResistencias cargadas de vida\u201d"}]},{"@type":"WebSite","@id":"https:\/\/www.revistarambla.com\/#website","url":"https:\/\/www.revistarambla.com\/","name":"Revista Rambla Barcelona","description":"Periodismo independiente","publisher":{"@id":"https:\/\/www.revistarambla.com\/#organization"},"potentialAction":[{"@type":"SearchAction","target":{"@type":"EntryPoint","urlTemplate":"https:\/\/www.revistarambla.com\/?s={search_term_string}"},"query-input":{"@type":"PropertyValueSpecification","valueRequired":true,"valueName":"search_term_string"}}],"inLanguage":"en-GB"},{"@type":"Organization","@id":"https:\/\/www.revistarambla.com\/#organization","name":"Revista Rambla","url":"https:\/\/www.revistarambla.com\/","logo":{"@type":"ImageObject","inLanguage":"en-GB","@id":"https:\/\/www.revistarambla.com\/#\/schema\/logo\/image\/","url":"https:\/\/www.revistarambla.com\/wp-content\/uploads\/2020\/09\/banner_rambla_1900x600_BB.png","contentUrl":"https:\/\/www.revistarambla.com\/wp-content\/uploads\/2020\/09\/banner_rambla_1900x600_BB.png","width":1900,"height":600,"caption":"Revista Rambla"},"image":{"@id":"https:\/\/www.revistarambla.com\/#\/schema\/logo\/image\/"},"sameAs":["https:\/\/www.facebook.com\/revistarambla\/","https:\/\/x.com\/revistarambla","https:\/\/www.instagram.com\/revista_rambla","https:\/\/es.linkedin.com\/company\/revista-rambla"]},{"@type":"Person","@id":"https:\/\/www.revistarambla.com\/#\/schema\/person\/339e2410a25811f9912d8a8551fa5d96","name":"Sergio Ferrari","description":"Periodista argentino radicado en Berna, Suiza. Acreditado ante el Gobierno suizo. Colaborador regular de numerosos medios latinoamericanos y europeos.","sameAs":["https:\/\/www.voltairenet.org\/auteur120173.html?lang=es","https:\/\/www.facebook.com\/sergio.ferrari.9655","https:\/\/x.com\/SergiooFerrari"]}]}},"_links":{"self":[{"href":"https:\/\/www.revistarambla.com\/en\/wp-json\/wp\/v2\/posts\/67936","targetHints":{"allow":["GET"]}}],"collection":[{"href":"https:\/\/www.revistarambla.com\/en\/wp-json\/wp\/v2\/posts"}],"about":[{"href":"https:\/\/www.revistarambla.com\/en\/wp-json\/wp\/v2\/types\/post"}],"author":[{"embeddable":true,"href":"https:\/\/www.revistarambla.com\/en\/wp-json\/wp\/v2\/users\/24"}],"replies":[{"embeddable":true,"href":"https:\/\/www.revistarambla.com\/en\/wp-json\/wp\/v2\/comments?post=67936"}],"version-history":[{"count":1,"href":"https:\/\/www.revistarambla.com\/en\/wp-json\/wp\/v2\/posts\/67936\/revisions"}],"predecessor-version":[{"id":67939,"href":"https:\/\/www.revistarambla.com\/en\/wp-json\/wp\/v2\/posts\/67936\/revisions\/67939"}],"wp:featuredmedia":[{"embeddable":true,"href":"https:\/\/www.revistarambla.com\/en\/wp-json\/wp\/v2\/media\/67937"}],"wp:attachment":[{"href":"https:\/\/www.revistarambla.com\/en\/wp-json\/wp\/v2\/media?parent=67936"}],"wp:term":[{"taxonomy":"category","embeddable":true,"href":"https:\/\/www.revistarambla.com\/en\/wp-json\/wp\/v2\/categories?post=67936"},{"taxonomy":"post_tag","embeddable":true,"href":"https:\/\/www.revistarambla.com\/en\/wp-json\/wp\/v2\/tags?post=67936"}],"curies":[{"name":"wp","href":"https:\/\/api.w.org\/{rel}","templated":true}]}}