{"id":67933,"date":"2026-03-12T11:46:59","date_gmt":"2026-03-12T10:46:59","guid":{"rendered":"https:\/\/www.revistarambla.com\/?p=67933"},"modified":"2026-03-16T09:51:09","modified_gmt":"2026-03-16T08:51:09","slug":"la-guerrilla-libertaria-olvidada-del-sur","status":"publish","type":"post","link":"https:\/\/www.revistarambla.com\/en\/la-guerrilla-libertaria-olvidada-del-sur\/","title":{"rendered":"La guerrilla libertaria olvidada del sur"},"content":{"rendered":"<h5><em>Entre las sierras de C\u00e1diz y M\u00e1laga, peque\u00f1as partidas anarquistas sostuvieron durante a\u00f1os una resistencia armada contra el franquismo, una historia fragmentaria que hoy empieza a recuperar su lugar en la memoria hist\u00f3rica.<\/em><\/h5>\n<p>En los mapas de la resistencia antifranquista hay zonas que parecen dibujadas con tinta tenue. No porque all\u00ed no hubiera lucha, sino porque el tiempo, la propaganda y la memoria selectiva han ido borrando sus contornos. La Serran\u00eda de Ronda, Sierra Blanca o Sierra Bermeja \u2014territorios abruptos entre C\u00e1diz y M\u00e1laga\u2014 forman parte de ese paisaje hist\u00f3rico parcialmente olvidado. Durante los a\u00f1os posteriores a la Guerra Civil espa\u00f1ola, estas monta\u00f1as albergaron a peque\u00f1as partidas de guerrilleros libertarios que se negaron a aceptar la derrota y continuaron la lucha desde la clandestinidad. Sus historias, a menudo fragmentarias, revelan una red de resistencia que sobrevivi\u00f3 entre persecuciones, delaciones y enfrentamientos armados.<\/p>\n<p>El relato tradicional de la guerrilla antifranquista suele concentrarse en ciertos territorios o en organizaciones mejor documentadas. Sin embargo, Andaluc\u00eda fue uno de los grandes escenarios de la resistencia armada tras 1939. A pesar de ello, muchas de las partidas que actuaron en el sur permanecieron durante d\u00e9cadas en un segundo plano historiogr\u00e1fico. No eran grandes columnas ni estructuras centralizadas, sino grupos reducidos, a veces compuestos por apenas una docena de hombres, vinculados en muchos casos al movimiento libertario y a la tradici\u00f3n sindical de la Confederaci\u00f3n Nacional del Trabajo. Desde las sierras organizaban peque\u00f1as operaciones, manten\u00edan redes de apoyo con el mundo rural y trataban de sobrevivir en un entorno hostil donde la Guardia Civil desplegaba una vigilancia constante.<\/p>\n<p>Uno de esos grupos fue la llamada partida de Casares, nombrada tanto por el apodo de su l\u00edder como por el origen de varios de sus integrantes. El grupo estaba dirigido por Germinal Mateos Berenguer, conocido precisamente como \u201cCasares\u201d. Junto a \u00e9l se encontraban militantes y simpatizantes libertarios que hab\u00edan optado por refugiarse en la sierra tras la derrota republicana. La partida lleg\u00f3 a reunir hasta diecis\u00e9is miembros, la mayor\u00eda afiliados a la CNT. Sus movimientos se concentraban en Sierra Bermeja y en \u00e1reas pr\u00f3ximas de la provincia de C\u00e1diz, donde establecieron campamentos en zonas abruptas y de dif\u00edcil acceso. Aquellos refugios improvisados, como el situado en la Garganta del Arroyo del Medio, constitu\u00edan aut\u00e9nticas bases de supervivencia desde las que organizar incursiones o simplemente resistir el paso del tiempo.<\/p>\n<p>La actividad de este grupo se extendi\u00f3 aproximadamente entre 1937 y 1941, a\u00f1os especialmente duros para los guerrilleros. La informaci\u00f3n disponible sobre sus acciones es fragmentaria y procede sobre todo de informes policiales o de enfrentamientos documentados con las fuerzas de seguridad. Los archivos hablan de tiroteos, detenciones y muertes en combate, pero apenas registran las actividades cotidianas de la partida: el abastecimiento, las redes de apoyo campesino o las estrategias para evitar la captura. Sabemos, por ejemplo, que algunos de sus miembros cayeron en enfrentamientos con la Guardia Civil o fueron detenidos tras operaciones de rastreo. Con el paso del tiempo, la presi\u00f3n policial y el desgaste interno acabaron fragmentando el grupo, cuyos supervivientes terminaron integr\u00e1ndose en otras partidas de la zona.<\/p>\n<p>La geograf\u00eda desempe\u00f1\u00f3 un papel crucial en esta historia. Las sierras del sur peninsular ofrec\u00edan refugios naturales pero tambi\u00e9n impon\u00edan una vida extremadamente dura. El monte no era solo un escondite: era un entorno donde el fr\u00edo, la escasez de alimentos y el aislamiento pod\u00edan resultar tan peligrosos como la persecuci\u00f3n policial. Los guerrilleros depend\u00edan en gran medida de enlaces locales \u2014campesinos, jornaleros o familiares\u2014 que les proporcionaban comida, informaci\u00f3n o refugio temporal. Esa red informal permit\u00eda prolongar la resistencia, aunque tambi\u00e9n la hac\u00eda vulnerable a la delaci\u00f3n o a la presi\u00f3n de las autoridades.<\/p>\n<p>Otra de las partidas activas en la zona fue la liderada por Manuel Granados Dom\u00ednguez, conocido como \u201cel Dios de Ist\u00e1n\u201d. Este grupo oper\u00f3 principalmente en Sierra Blanca entre 1937 y 1944. A diferencia de otras partidas, su trayectoria est\u00e1 algo mejor documentada, en parte porque protagoniz\u00f3 episodios que quedaron registrados en informes oficiales. Entre ellos se menciona el asalto a un molino en 1940 o su implicaci\u00f3n en represalias posteriores al asesinato de un guerrillero socialista en la localidad de Ist\u00e1n. La guerra irregular que se libraba en estas monta\u00f1as mezclaba ideolog\u00eda, supervivencia y venganzas personales, generando una violencia que a menudo se extend\u00eda m\u00e1s all\u00e1 de los propios combatientes.<\/p>\n<p>El grupo de Granados tambi\u00e9n protagoniz\u00f3 emboscadas contra la Guardia Civil y acciones destinadas a obtener recursos. En algunos casos recurrieron a secuestros o a la exigencia de rescates, una pr\u00e1ctica relativamente frecuente entre las guerrillas de la \u00e9poca. Estas operaciones ten\u00edan un doble objetivo: financiar la supervivencia del grupo y mantener una presi\u00f3n constante sobre las \u00e9lites locales que apoyaban al r\u00e9gimen franquista. Sin embargo, tambi\u00e9n alimentaban la narrativa oficial que presentaba a los guerrilleros como simples bandoleros. En esa frontera difusa entre resistencia pol\u00edtica y delincuencia se libr\u00f3 buena parte de la batalla propagand\u00edstica del franquismo.<\/p>\n<p>La represi\u00f3n termin\u00f3 imponi\u00e9ndose. En junio de 1944, tras un enfrentamiento con la Guardia Civil cerca de una mina de la zona, uno de los miembros del grupo muri\u00f3 en combate y el propio Granados result\u00f3 herido de gravedad. Fallecer\u00eda pocos d\u00edas despu\u00e9s. La desaparici\u00f3n de su l\u00edder supuso el final efectivo de la partida. Historias como esta se repitieron una y otra vez en la geograf\u00eda de la guerrilla antifranquista: peque\u00f1os grupos que resist\u00edan durante a\u00f1os hasta que la presi\u00f3n militar, la falta de recursos o la p\u00e9rdida de sus dirigentes acababan por desarticularlos.<\/p>\n<p>En la misma regi\u00f3n actu\u00f3 tambi\u00e9n la partida dirigida por Juan Toledo Mart\u00ednez, conocido como \u201cCaracoles\u201d. Este grupo ten\u00eda v\u00ednculos con otras formaciones guerrilleras de la zona, lo que ilustra la naturaleza cambiante de estas redes clandestinas. Los guerrilleros pasaban de una partida a otra seg\u00fan las circunstancias, las p\u00e9rdidas o las alianzas. En el caso de \u201cCaracoles\u201d, varios de sus miembros proced\u00edan de la partida de los Morenos de Cortes, otro grupo de inspiraci\u00f3n libertaria activo en la regi\u00f3n. Entre 1943 y 1945 desarrollaron su actividad en la Serran\u00eda de Ronda y sus alrededores, enfrent\u00e1ndose repetidamente a las fuerzas franquistas.<\/p>\n<p>La vida en la sierra estaba marcada por la precariedad absoluta. Los testimonios de antiguos guerrilleros o de quienes convivieron con ellos describen jornadas enteras dedicadas a buscar comida, vigilar los accesos a los campamentos o trasladarse de un refugio a otro para evitar ser localizados. Las noches pod\u00edan convertirse en el \u00fanico momento seguro para desplazarse, mientras que el d\u00eda obligaba a permanecer ocultos entre rocas y matorrales. Incluso en los momentos de descanso, la incomodidad era constante: la humedad, los insectos o los animales que merodeaban por los campamentos formaban parte del paisaje cotidiano.<\/p>\n<p>Las an\u00e9cdotas transmitidas por algunos compa\u00f1eros reflejan esa mezcla de dureza y camarader\u00eda que caracterizaba la vida guerrillera. Se cuenta que en una ocasi\u00f3n, mientras dorm\u00edan en un campamento lleno de roedores atra\u00eddos por las migas de comida, uno de los guerrilleros despert\u00f3 con parte de la oreja ro\u00edda por los ratones. La escena provoc\u00f3 risas entre sus compa\u00f1eros, un ejemplo de c\u00f3mo el humor serv\u00eda a veces para aliviar una existencia marcada por la tensi\u00f3n permanente.<\/p>\n<p>A mediados de los a\u00f1os cuarenta, las din\u00e1micas de la guerrilla comenzaron a transformarse. Algunas partidas optaron por integrarse en estructuras m\u00e1s amplias, como las agrupaciones guerrilleras organizadas en diferentes regiones. Los supervivientes de la partida de \u201cCaracoles\u201d, por ejemplo, terminaron incorpor\u00e1ndose a la Junta Nacional de Guerrilleros Antifascistas del Sector Sur y posteriormente a la Agrupaci\u00f3n Ferm\u00edn Gal\u00e1n. Estas organizaciones pretend\u00edan coordinar mejor la lucha armada y dotarla de una estrategia com\u00fan, aunque en la pr\u00e1ctica la presi\u00f3n del r\u00e9gimen y la falta de apoyo internacional limitaban enormemente sus posibilidades.<\/p>\n<p>La derrota de estas partidas no signific\u00f3 necesariamente el final de su historia. Muchos guerrilleros lograron escapar al exilio, mientras que otros fueron encarcelados o ejecutados tras su captura. Durante d\u00e9cadas, sus nombres apenas aparecieron en los relatos oficiales del franquismo, que los presentaban como criminales comunes. Tampoco la historiograf\u00eda posterior les prest\u00f3 siempre la atenci\u00f3n que merec\u00edan. La memoria de la guerrilla se fue reconstruyendo lentamente gracias al trabajo de historiadores, investigadores y familiares que recopilaron testimonios y documentos dispersos.<\/p>\n<p>En esa recuperaci\u00f3n de la memoria desempe\u00f1an un papel fundamental los estudios dedicados a la guerrilla antifranquista en Andaluc\u00eda, que han permitido reconstruir censos de combatientes, trayectorias individuales y mapas de actividad guerrillera. Estos trabajos muestran que la resistencia en el sur fue m\u00e1s amplia y compleja de lo que durante mucho tiempo se crey\u00f3. Las partidas libertarias de la zona gaditano-malacitana forman parte de esa historia, una trama de peque\u00f1as unidades que, pese a su tama\u00f1o reducido, mantuvieron viva durante a\u00f1os la oposici\u00f3n armada al r\u00e9gimen.<\/p>\n<p>Hoy, cuando la memoria hist\u00f3rica vuelve a ocupar un lugar central en el debate p\u00fablico, estas historias adquieren un nuevo significado. No se trata \u00fanicamente de rescatar nombres o episodios olvidados, sino de comprender las m\u00faltiples formas que adopt\u00f3 la resistencia al franquismo. Las partidas libertarias de las sierras del sur representan una de esas formas: una lucha persistente, fragmentaria y a menudo desesperada, que se desarroll\u00f3 lejos de los grandes focos de atenci\u00f3n.<\/p>\n<p>Quiz\u00e1 por eso su recuerdo sigue siendo tan necesario. En aquellas monta\u00f1as, entre barrancos y caminos apenas transitados, un pu\u00f1ado de hombres decidi\u00f3 que la derrota no ser\u00eda el final. Resistieron como pudieron, improvisando campamentos, manteniendo redes clandestinas y enfrent\u00e1ndose a un aparato represivo que no estaba dispuesto a tolerar ninguna forma de disidencia. Sus historias, recuperadas hoy a partir de fragmentos de archivo y testimonios dispersos, nos recuerdan que la memoria de la resistencia tambi\u00e9n se escribe en los m\u00e1rgenes de la historia.<\/p>","protected":false},"excerpt":{"rendered":"<p>Entre las sierras de C\u00e1diz y M\u00e1laga, peque\u00f1as partidas anarquistas sostuvieron durante a\u00f1os una resistencia armada contra el franquismo, una historia fragmentaria que hoy empieza a recuperar su lugar en la memoria hist\u00f3rica. En los mapas de la resistencia antifranquista hay zonas que parecen dibujadas con tinta tenue. No porque [&hellip;]<\/p>\n","protected":false},"author":3,"featured_media":67934,"comment_status":"closed","ping_status":"closed","sticky":false,"template":"","format":"standard","meta":{"footnotes":""},"categories":[562],"tags":[],"class_list":["post-67933","post","type-post","status-publish","format-standard","has-post-thumbnail","hentry","category-historia"],"yoast_head":"<!-- This site is optimized with the Yoast SEO plugin v27.5 - https:\/\/yoast.com\/product\/yoast-seo-wordpress\/ -->\n<title>La guerrilla libertaria olvidada del sur - Revista Rambla<\/title>\n<meta name=\"robots\" content=\"index, follow, max-snippet:-1, max-image-preview:large, max-video-preview:-1\" \/>\n<link rel=\"canonical\" href=\"https:\/\/www.revistarambla.com\/en\/la-guerrilla-libertaria-olvidada-del-sur\/\" \/>\n<meta property=\"og:locale\" content=\"en_GB\" \/>\n<meta property=\"og:type\" content=\"article\" \/>\n<meta property=\"og:title\" content=\"La guerrilla libertaria olvidada del sur - Revista Rambla\" \/>\n<meta property=\"og:description\" content=\"Entre las sierras de C\u00e1diz y M\u00e1laga, peque\u00f1as partidas anarquistas sostuvieron durante a\u00f1os una resistencia armada contra el franquismo, una historia fragmentaria que hoy empieza a recuperar su lugar en la memoria hist\u00f3rica. En los mapas de la resistencia antifranquista hay zonas que parecen dibujadas con tinta tenue. No porque [&hellip;]\" \/>\n<meta property=\"og:url\" content=\"https:\/\/www.revistarambla.com\/en\/la-guerrilla-libertaria-olvidada-del-sur\/\" \/>\n<meta property=\"og:site_name\" content=\"Revista Rambla\" \/>\n<meta property=\"article:publisher\" content=\"https:\/\/www.facebook.com\/revistarambla\/\" \/>\n<meta property=\"article:author\" content=\"https:\/\/www.facebook.com\/revistarambla\" \/>\n<meta property=\"article:published_time\" content=\"2026-03-12T10:46:59+00:00\" \/>\n<meta property=\"article:modified_time\" content=\"2026-03-16T08:51:09+00:00\" \/>\n<meta property=\"og:image\" content=\"https:\/\/www.revistarambla.com\/wp-content\/uploads\/2026\/03\/guerrilleros-andalucia.jpg\" \/>\n\t<meta property=\"og:image:width\" content=\"600\" \/>\n\t<meta property=\"og:image:height\" content=\"336\" \/>\n\t<meta property=\"og:image:type\" content=\"image\/jpeg\" \/>\n<meta name=\"author\" content=\"R@mbla\" \/>\n<meta name=\"twitter:card\" content=\"summary_large_image\" \/>\n<meta name=\"twitter:creator\" content=\"@revistarambla\" \/>\n<meta name=\"twitter:site\" content=\"@revistarambla\" \/>\n<meta name=\"twitter:label1\" content=\"Written by\" \/>\n\t<meta name=\"twitter:data1\" content=\"R@mbla\" \/>\n\t<meta name=\"twitter:label2\" content=\"Estimated reading time\" \/>\n\t<meta name=\"twitter:data2\" content=\"8 minutes\" \/>\n<script type=\"application\/ld+json\" class=\"yoast-schema-graph\">{\"@context\":\"https:\\\/\\\/schema.org\",\"@graph\":[{\"@type\":\"Article\",\"@id\":\"https:\\\/\\\/www.revistarambla.com\\\/la-guerrilla-libertaria-olvidada-del-sur\\\/#article\",\"isPartOf\":{\"@id\":\"https:\\\/\\\/www.revistarambla.com\\\/la-guerrilla-libertaria-olvidada-del-sur\\\/\"},\"author\":{\"name\":\"R@mbla\",\"@id\":\"https:\\\/\\\/www.revistarambla.com\\\/#\\\/schema\\\/person\\\/a146a5a2550b94981a75131180e1bd9c\"},\"headline\":\"La guerrilla libertaria olvidada del sur\",\"datePublished\":\"2026-03-12T10:46:59+00:00\",\"dateModified\":\"2026-03-16T08:51:09+00:00\",\"mainEntityOfPage\":{\"@id\":\"https:\\\/\\\/www.revistarambla.com\\\/la-guerrilla-libertaria-olvidada-del-sur\\\/\"},\"wordCount\":1738,\"publisher\":{\"@id\":\"https:\\\/\\\/www.revistarambla.com\\\/#organization\"},\"image\":{\"@id\":\"https:\\\/\\\/www.revistarambla.com\\\/la-guerrilla-libertaria-olvidada-del-sur\\\/#primaryimage\"},\"thumbnailUrl\":\"https:\\\/\\\/www.revistarambla.com\\\/wp-content\\\/uploads\\\/2026\\\/03\\\/guerrilleros-andalucia.jpg\",\"articleSection\":[\"Historia\"],\"inLanguage\":\"en-GB\"},{\"@type\":\"WebPage\",\"@id\":\"https:\\\/\\\/www.revistarambla.com\\\/la-guerrilla-libertaria-olvidada-del-sur\\\/\",\"url\":\"https:\\\/\\\/www.revistarambla.com\\\/la-guerrilla-libertaria-olvidada-del-sur\\\/\",\"name\":\"La guerrilla libertaria olvidada del sur - Revista Rambla\",\"isPartOf\":{\"@id\":\"https:\\\/\\\/www.revistarambla.com\\\/#website\"},\"primaryImageOfPage\":{\"@id\":\"https:\\\/\\\/www.revistarambla.com\\\/la-guerrilla-libertaria-olvidada-del-sur\\\/#primaryimage\"},\"image\":{\"@id\":\"https:\\\/\\\/www.revistarambla.com\\\/la-guerrilla-libertaria-olvidada-del-sur\\\/#primaryimage\"},\"thumbnailUrl\":\"https:\\\/\\\/www.revistarambla.com\\\/wp-content\\\/uploads\\\/2026\\\/03\\\/guerrilleros-andalucia.jpg\",\"datePublished\":\"2026-03-12T10:46:59+00:00\",\"dateModified\":\"2026-03-16T08:51:09+00:00\",\"breadcrumb\":{\"@id\":\"https:\\\/\\\/www.revistarambla.com\\\/la-guerrilla-libertaria-olvidada-del-sur\\\/#breadcrumb\"},\"inLanguage\":\"en-GB\",\"potentialAction\":[{\"@type\":\"ReadAction\",\"target\":[\"https:\\\/\\\/www.revistarambla.com\\\/la-guerrilla-libertaria-olvidada-del-sur\\\/\"]}]},{\"@type\":\"ImageObject\",\"inLanguage\":\"en-GB\",\"@id\":\"https:\\\/\\\/www.revistarambla.com\\\/la-guerrilla-libertaria-olvidada-del-sur\\\/#primaryimage\",\"url\":\"https:\\\/\\\/www.revistarambla.com\\\/wp-content\\\/uploads\\\/2026\\\/03\\\/guerrilleros-andalucia.jpg\",\"contentUrl\":\"https:\\\/\\\/www.revistarambla.com\\\/wp-content\\\/uploads\\\/2026\\\/03\\\/guerrilleros-andalucia.jpg\",\"width\":600,\"height\":336,\"caption\":\"guerrilleros andaluc\u00eda\"},{\"@type\":\"BreadcrumbList\",\"@id\":\"https:\\\/\\\/www.revistarambla.com\\\/la-guerrilla-libertaria-olvidada-del-sur\\\/#breadcrumb\",\"itemListElement\":[{\"@type\":\"ListItem\",\"position\":1,\"name\":\"Portada\",\"item\":\"https:\\\/\\\/www.revistarambla.com\\\/\"},{\"@type\":\"ListItem\",\"position\":2,\"name\":\"La guerrilla libertaria olvidada del sur\"}]},{\"@type\":\"WebSite\",\"@id\":\"https:\\\/\\\/www.revistarambla.com\\\/#website\",\"url\":\"https:\\\/\\\/www.revistarambla.com\\\/\",\"name\":\"Revista Rambla Barcelona\",\"description\":\"Periodismo independiente\",\"publisher\":{\"@id\":\"https:\\\/\\\/www.revistarambla.com\\\/#organization\"},\"potentialAction\":[{\"@type\":\"SearchAction\",\"target\":{\"@type\":\"EntryPoint\",\"urlTemplate\":\"https:\\\/\\\/www.revistarambla.com\\\/?s={search_term_string}\"},\"query-input\":{\"@type\":\"PropertyValueSpecification\",\"valueRequired\":true,\"valueName\":\"search_term_string\"}}],\"inLanguage\":\"en-GB\"},{\"@type\":\"Organization\",\"@id\":\"https:\\\/\\\/www.revistarambla.com\\\/#organization\",\"name\":\"Revista Rambla\",\"url\":\"https:\\\/\\\/www.revistarambla.com\\\/\",\"logo\":{\"@type\":\"ImageObject\",\"inLanguage\":\"en-GB\",\"@id\":\"https:\\\/\\\/www.revistarambla.com\\\/#\\\/schema\\\/logo\\\/image\\\/\",\"url\":\"https:\\\/\\\/www.revistarambla.com\\\/wp-content\\\/uploads\\\/2020\\\/09\\\/banner_rambla_1900x600_BB.png\",\"contentUrl\":\"https:\\\/\\\/www.revistarambla.com\\\/wp-content\\\/uploads\\\/2020\\\/09\\\/banner_rambla_1900x600_BB.png\",\"width\":1900,\"height\":600,\"caption\":\"Revista Rambla\"},\"image\":{\"@id\":\"https:\\\/\\\/www.revistarambla.com\\\/#\\\/schema\\\/logo\\\/image\\\/\"},\"sameAs\":[\"https:\\\/\\\/www.facebook.com\\\/revistarambla\\\/\",\"https:\\\/\\\/x.com\\\/revistarambla\",\"https:\\\/\\\/www.instagram.com\\\/revista_rambla\",\"https:\\\/\\\/es.linkedin.com\\\/company\\\/revista-rambla\"]},{\"@type\":\"Person\",\"@id\":\"https:\\\/\\\/www.revistarambla.com\\\/#\\\/schema\\\/person\\\/a146a5a2550b94981a75131180e1bd9c\",\"name\":\"R@mbla\",\"description\":\"Este art\u00edculo ha sido redactado y\\\/o validado por el equipo de redacci\u00f3n de Revista Rambla.\",\"sameAs\":[\"https:\\\/\\\/www.revistarambla.com\\\/\",\"https:\\\/\\\/www.facebook.com\\\/revistarambla\",\"https:\\\/\\\/x.com\\\/revistarambla\"]}]}<\/script>\n<!-- \/ Yoast SEO plugin. -->","yoast_head_json":{"title":"La guerrilla libertaria olvidada del sur - Revista Rambla","robots":{"index":"index","follow":"follow","max-snippet":"max-snippet:-1","max-image-preview":"max-image-preview:large","max-video-preview":"max-video-preview:-1"},"canonical":"https:\/\/www.revistarambla.com\/en\/la-guerrilla-libertaria-olvidada-del-sur\/","og_locale":"en_GB","og_type":"article","og_title":"La guerrilla libertaria olvidada del sur - Revista Rambla","og_description":"Entre las sierras de C\u00e1diz y M\u00e1laga, peque\u00f1as partidas anarquistas sostuvieron durante a\u00f1os una resistencia armada contra el franquismo, una historia fragmentaria que hoy empieza a recuperar su lugar en la memoria hist\u00f3rica. En los mapas de la resistencia antifranquista hay zonas que parecen dibujadas con tinta tenue. No porque [&hellip;]","og_url":"https:\/\/www.revistarambla.com\/en\/la-guerrilla-libertaria-olvidada-del-sur\/","og_site_name":"Revista Rambla","article_publisher":"https:\/\/www.facebook.com\/revistarambla\/","article_author":"https:\/\/www.facebook.com\/revistarambla","article_published_time":"2026-03-12T10:46:59+00:00","article_modified_time":"2026-03-16T08:51:09+00:00","og_image":[{"width":600,"height":336,"url":"https:\/\/www.revistarambla.com\/wp-content\/uploads\/2026\/03\/guerrilleros-andalucia.jpg","type":"image\/jpeg"}],"author":"R@mbla","twitter_card":"summary_large_image","twitter_creator":"@revistarambla","twitter_site":"@revistarambla","twitter_misc":{"Written by":"R@mbla","Estimated reading time":"8 minutes"},"schema":{"@context":"https:\/\/schema.org","@graph":[{"@type":"Article","@id":"https:\/\/www.revistarambla.com\/la-guerrilla-libertaria-olvidada-del-sur\/#article","isPartOf":{"@id":"https:\/\/www.revistarambla.com\/la-guerrilla-libertaria-olvidada-del-sur\/"},"author":{"name":"R@mbla","@id":"https:\/\/www.revistarambla.com\/#\/schema\/person\/a146a5a2550b94981a75131180e1bd9c"},"headline":"La guerrilla libertaria olvidada del sur","datePublished":"2026-03-12T10:46:59+00:00","dateModified":"2026-03-16T08:51:09+00:00","mainEntityOfPage":{"@id":"https:\/\/www.revistarambla.com\/la-guerrilla-libertaria-olvidada-del-sur\/"},"wordCount":1738,"publisher":{"@id":"https:\/\/www.revistarambla.com\/#organization"},"image":{"@id":"https:\/\/www.revistarambla.com\/la-guerrilla-libertaria-olvidada-del-sur\/#primaryimage"},"thumbnailUrl":"https:\/\/www.revistarambla.com\/wp-content\/uploads\/2026\/03\/guerrilleros-andalucia.jpg","articleSection":["Historia"],"inLanguage":"en-GB"},{"@type":"WebPage","@id":"https:\/\/www.revistarambla.com\/la-guerrilla-libertaria-olvidada-del-sur\/","url":"https:\/\/www.revistarambla.com\/la-guerrilla-libertaria-olvidada-del-sur\/","name":"La guerrilla libertaria olvidada del sur - Revista Rambla","isPartOf":{"@id":"https:\/\/www.revistarambla.com\/#website"},"primaryImageOfPage":{"@id":"https:\/\/www.revistarambla.com\/la-guerrilla-libertaria-olvidada-del-sur\/#primaryimage"},"image":{"@id":"https:\/\/www.revistarambla.com\/la-guerrilla-libertaria-olvidada-del-sur\/#primaryimage"},"thumbnailUrl":"https:\/\/www.revistarambla.com\/wp-content\/uploads\/2026\/03\/guerrilleros-andalucia.jpg","datePublished":"2026-03-12T10:46:59+00:00","dateModified":"2026-03-16T08:51:09+00:00","breadcrumb":{"@id":"https:\/\/www.revistarambla.com\/la-guerrilla-libertaria-olvidada-del-sur\/#breadcrumb"},"inLanguage":"en-GB","potentialAction":[{"@type":"ReadAction","target":["https:\/\/www.revistarambla.com\/la-guerrilla-libertaria-olvidada-del-sur\/"]}]},{"@type":"ImageObject","inLanguage":"en-GB","@id":"https:\/\/www.revistarambla.com\/la-guerrilla-libertaria-olvidada-del-sur\/#primaryimage","url":"https:\/\/www.revistarambla.com\/wp-content\/uploads\/2026\/03\/guerrilleros-andalucia.jpg","contentUrl":"https:\/\/www.revistarambla.com\/wp-content\/uploads\/2026\/03\/guerrilleros-andalucia.jpg","width":600,"height":336,"caption":"guerrilleros andaluc\u00eda"},{"@type":"BreadcrumbList","@id":"https:\/\/www.revistarambla.com\/la-guerrilla-libertaria-olvidada-del-sur\/#breadcrumb","itemListElement":[{"@type":"ListItem","position":1,"name":"Portada","item":"https:\/\/www.revistarambla.com\/"},{"@type":"ListItem","position":2,"name":"La guerrilla libertaria olvidada del sur"}]},{"@type":"WebSite","@id":"https:\/\/www.revistarambla.com\/#website","url":"https:\/\/www.revistarambla.com\/","name":"Revista Rambla Barcelona","description":"Periodismo independiente","publisher":{"@id":"https:\/\/www.revistarambla.com\/#organization"},"potentialAction":[{"@type":"SearchAction","target":{"@type":"EntryPoint","urlTemplate":"https:\/\/www.revistarambla.com\/?s={search_term_string}"},"query-input":{"@type":"PropertyValueSpecification","valueRequired":true,"valueName":"search_term_string"}}],"inLanguage":"en-GB"},{"@type":"Organization","@id":"https:\/\/www.revistarambla.com\/#organization","name":"Revista Rambla","url":"https:\/\/www.revistarambla.com\/","logo":{"@type":"ImageObject","inLanguage":"en-GB","@id":"https:\/\/www.revistarambla.com\/#\/schema\/logo\/image\/","url":"https:\/\/www.revistarambla.com\/wp-content\/uploads\/2020\/09\/banner_rambla_1900x600_BB.png","contentUrl":"https:\/\/www.revistarambla.com\/wp-content\/uploads\/2020\/09\/banner_rambla_1900x600_BB.png","width":1900,"height":600,"caption":"Revista Rambla"},"image":{"@id":"https:\/\/www.revistarambla.com\/#\/schema\/logo\/image\/"},"sameAs":["https:\/\/www.facebook.com\/revistarambla\/","https:\/\/x.com\/revistarambla","https:\/\/www.instagram.com\/revista_rambla","https:\/\/es.linkedin.com\/company\/revista-rambla"]},{"@type":"Person","@id":"https:\/\/www.revistarambla.com\/#\/schema\/person\/a146a5a2550b94981a75131180e1bd9c","name":"R@mbla","description":"Este art\u00edculo ha sido redactado y\/o validado por el equipo de redacci\u00f3n de Revista Rambla.","sameAs":["https:\/\/www.revistarambla.com\/","https:\/\/www.facebook.com\/revistarambla","https:\/\/x.com\/revistarambla"]}]}},"_links":{"self":[{"href":"https:\/\/www.revistarambla.com\/en\/wp-json\/wp\/v2\/posts\/67933","targetHints":{"allow":["GET"]}}],"collection":[{"href":"https:\/\/www.revistarambla.com\/en\/wp-json\/wp\/v2\/posts"}],"about":[{"href":"https:\/\/www.revistarambla.com\/en\/wp-json\/wp\/v2\/types\/post"}],"author":[{"embeddable":true,"href":"https:\/\/www.revistarambla.com\/en\/wp-json\/wp\/v2\/users\/3"}],"replies":[{"embeddable":true,"href":"https:\/\/www.revistarambla.com\/en\/wp-json\/wp\/v2\/comments?post=67933"}],"version-history":[{"count":1,"href":"https:\/\/www.revistarambla.com\/en\/wp-json\/wp\/v2\/posts\/67933\/revisions"}],"predecessor-version":[{"id":67935,"href":"https:\/\/www.revistarambla.com\/en\/wp-json\/wp\/v2\/posts\/67933\/revisions\/67935"}],"wp:featuredmedia":[{"embeddable":true,"href":"https:\/\/www.revistarambla.com\/en\/wp-json\/wp\/v2\/media\/67934"}],"wp:attachment":[{"href":"https:\/\/www.revistarambla.com\/en\/wp-json\/wp\/v2\/media?parent=67933"}],"wp:term":[{"taxonomy":"category","embeddable":true,"href":"https:\/\/www.revistarambla.com\/en\/wp-json\/wp\/v2\/categories?post=67933"},{"taxonomy":"post_tag","embeddable":true,"href":"https:\/\/www.revistarambla.com\/en\/wp-json\/wp\/v2\/tags?post=67933"}],"curies":[{"name":"wp","href":"https:\/\/api.w.org\/{rel}","templated":true}]}}