{"id":67930,"date":"2026-03-12T11:36:26","date_gmt":"2026-03-12T10:36:26","guid":{"rendered":"https:\/\/www.revistarambla.com\/?p=67930"},"modified":"2026-03-12T11:36:26","modified_gmt":"2026-03-12T10:36:26","slug":"la-escena-sin-barreras-companias-inclusivas-reclaman-su-lugar-en-el-teatro-contemporaneo","status":"publish","type":"post","link":"https:\/\/www.revistarambla.com\/en\/la-escena-sin-barreras-companias-inclusivas-reclaman-su-lugar-en-el-teatro-contemporaneo\/","title":{"rendered":"La escena sin barreras: compa\u00f1\u00edas inclusivas reclaman su lugar en el teatro contempor\u00e1neo"},"content":{"rendered":"<p>El teatro siempre ha sido un territorio de transformaci\u00f3n. Sobre las tablas se han cuestionado normas sociales, se han imaginado mundos posibles <!--more-->y se han dado voz a quienes no la ten\u00edan. Sin embargo, incluso en un espacio hist\u00f3ricamente asociado a la libertad creativa, existen todav\u00eda fronteras invisibles que delimitan qui\u00e9n puede ocupar el escenario y qui\u00e9n permanece relegado a los m\u00e1rgenes. En ese punto de tensi\u00f3n entre la promesa de apertura del arte y la persistencia de estructuras excluyentes surge una nueva alianza de compa\u00f1\u00edas que se propone alterar las reglas del juego. Bajo el nombre de La Expandida, varias agrupaciones dedicadas a las artes esc\u00e9nicas inclusivas han decidido unir fuerzas para reclamar algo tan simple como revolucionario: que la diversidad tenga un lugar real en la escena profesional.<\/p>\n<p>El nacimiento de esta red no responde a un gesto simb\u00f3lico ni a una iniciativa aislada. Es el resultado de a\u00f1os de trabajo silencioso en talleres, salas alternativas y circuitos culturales donde actores, bailarines y creadores con diversidad funcional han desarrollado propuestas esc\u00e9nicas de gran potencia art\u00edstica, aunque muchas veces sin el reconocimiento institucional o la presencia en los grandes teatros. Durante demasiado tiempo, estas iniciativas han sido encuadradas en el \u00e1mbito social o terap\u00e9utico, como si su valor principal residiera en la integraci\u00f3n y no en la creaci\u00f3n. Para las compa\u00f1\u00edas que forman parte de La Expandida, esa mirada paternalista ha sido uno de los principales obst\u00e1culos para consolidar una trayectoria profesional equiparable a la de cualquier otra formaci\u00f3n esc\u00e9nica.<\/p>\n<p>El proyecto re\u00fane a siete entidades con trayectorias distintas pero con una convicci\u00f3n compartida: la diversidad no es un l\u00edmite para el arte, sino una fuente de innovaci\u00f3n est\u00e9tica y narrativa. Entre ellas se encuentran agrupaciones que trabajan desde la danza contempor\u00e1nea, el flamenco o el teatro f\u00edsico, y que integran int\u00e9rpretes con s\u00edndrome de Down, discapacidad intelectual u otras realidades diversas. Sus producciones han recorrido escenarios nacionales e internacionales y han demostrado que la presencia de artistas con diferentes capacidades no solo ampl\u00eda la representaci\u00f3n social en el escenario, sino que tambi\u00e9n genera nuevos lenguajes esc\u00e9nicos.<\/p>\n<p>La idea de crear una red surgi\u00f3 tras constatar que los problemas que enfrentaban estas compa\u00f1\u00edas eran pr\u00e1cticamente id\u00e9nticos, independientemente de su disciplina o de la ciudad en la que trabajaran. La primera dificultad es estructural: la ausencia de una formaci\u00f3n reglada en artes esc\u00e9nicas accesible para personas con diversidad funcional. Aunque existen talleres y programas formativos impulsados por asociaciones o fundaciones, el acceso a estudios oficiales de interpretaci\u00f3n o danza sigue siendo excepcional. Sin esa formaci\u00f3n reconocida, la profesionalizaci\u00f3n de los artistas se vuelve m\u00e1s compleja, pues muchos circuitos culturales y convocatorias p\u00fablicas exigen acreditaciones acad\u00e9micas que, en la pr\u00e1ctica, resultan inaccesibles para ellos.<\/p>\n<p>La segunda barrera aparece una vez superada la etapa formativa. Incluso cuando estas compa\u00f1\u00edas producen espect\u00e1culos de calidad y logran girar por festivales o circuitos alternativos, la programaci\u00f3n regular en teatros p\u00fablicos o privados sigue siendo escasa. Los programadores culturales suelen percibir sus propuestas como iniciativas especiales o eventos puntuales ligados a la inclusi\u00f3n, no como parte de la oferta esc\u00e9nica habitual. Esa l\u00f3gica limita la continuidad de los proyectos y dificulta que los artistas puedan desarrollar carreras estables.<\/p>\n<p>La Expandida nace precisamente para cambiar ese marco mental. Sus integrantes defienden que la inclusi\u00f3n no debe entenderse como una concesi\u00f3n, sino como un principio b\u00e1sico de los derechos culturales. El acceso a la creaci\u00f3n y a la participaci\u00f3n art\u00edstica forma parte del derecho de cualquier persona a expresarse y a intervenir en la vida cultural de su comunidad. Desde esta perspectiva, la diversidad en el escenario no es un gesto caritativo, sino una cuesti\u00f3n de justicia cultural.<\/p>\n<p>Pero el discurso de estas compa\u00f1\u00edas va m\u00e1s all\u00e1 de la reivindicaci\u00f3n pol\u00edtica. En el centro de su propuesta est\u00e1 tambi\u00e9n la convicci\u00f3n de que la presencia de int\u00e9rpretes con diferentes corporalidades, ritmos y formas de comunicaci\u00f3n transforma profundamente el lenguaje esc\u00e9nico. All\u00ed donde el teatro tradicional ha tendido a buscar la uniformidad t\u00e9cnica, estas experiencias introducen una pluralidad de gestos, tiempos y maneras de estar en escena que ampl\u00edan las posibilidades expresivas del arte dram\u00e1tico.<\/p>\n<p>Los creadores implicados en la red suelen describir sus procesos como laboratorios colectivos. El trabajo esc\u00e9nico no se construye sobre la adaptaci\u00f3n de los int\u00e9rpretes a un modelo preexistente, sino sobre la exploraci\u00f3n de aquello que cada cuerpo y cada voz pueden aportar al conjunto. En lugar de corregir o ocultar las diferencias, se integran en la dramaturgia como parte esencial de la narrativa. Esa l\u00f3gica convierte la diversidad en materia creativa.<\/p>\n<p>El impacto de estas pr\u00e1cticas no se limita al \u00e1mbito art\u00edstico. Para muchos int\u00e9rpretes, participar en una compa\u00f1\u00eda supone tambi\u00e9n una experiencia de autonom\u00eda personal y reconocimiento social. El teatro se convierte en un espacio donde las identidades suelen redefinirse. Personas que durante a\u00f1os han sido vistas \u00fanicamente a trav\u00e9s de la etiqueta de la discapacidad descubren que el escenario les ofrece otra forma de ser percibidas: como artistas, como profesionales, como creadores capaces de emocionar al p\u00fablico.<\/p>\n<p>En este sentido, la reivindicaci\u00f3n de La Expandida se conecta con una transformaci\u00f3n m\u00e1s amplia que atraviesa el mundo cultural. En las \u00faltimas d\u00e9cadas, las artes esc\u00e9nicas han comenzado a cuestionar los modelos tradicionales de representaci\u00f3n y a explorar nuevas formas de diversidad, ya sea en t\u00e9rminos de g\u00e9nero, origen cultural o capacidades f\u00edsicas. Los movimientos por la accesibilidad y la inclusi\u00f3n han impulsado festivales, encuentros y programas que buscan abrir el sector a colectivos hist\u00f3ricamente excluidos.<\/p>\n<p>Sin embargo, quienes trabajan en este campo advierten que a\u00fan queda un largo camino por recorrer. La mayor\u00eda de iniciativas inclusivas siguen dependiendo de proyectos temporales, subvenciones espec\u00edficas o espacios alternativos. El reto consiste en pasar de la excepci\u00f3n a la normalidad: que la presencia de artistas con diversidad funcional en los escenarios deje de ser noticia y se convierta en parte habitual de la vida cultural.<\/p>\n<p>La creaci\u00f3n de una red como La Expandida apunta precisamente en esa direcci\u00f3n. Al articularse como plataforma colectiva, las compa\u00f1\u00edas esperan fortalecer su capacidad de interlocuci\u00f3n con instituciones culturales, administraciones p\u00fablicas y programadores. La estrategia no se limita a reclamar recursos, sino tambi\u00e9n a construir un relato que visibilice la riqueza art\u00edstica de estas propuestas.<\/p>\n<p>En esa narrativa, el concepto de \u201cescena inclusiva\u201d se redefine. No se trata \u00fanicamente de adaptar espacios o eliminar barreras f\u00edsicas, aunque esas medidas siguen siendo imprescindibles. La inclusi\u00f3n implica tambi\u00e9n transformar los imaginarios culturales que determinan qui\u00e9n puede ser protagonista de una obra y qu\u00e9 cuerpos se consideran leg\u00edtimos en el escenario. Cuando un espectador presencia un espect\u00e1culo interpretado por artistas con distintas capacidades, la experiencia est\u00e9tica puede convertirse tambi\u00e9n en una experiencia pol\u00edtica: un cuestionamiento de las normas que han definido hist\u00f3ricamente la idea de normalidad.<\/p>\n<p>Los impulsores de la red conf\u00edan en que la visibilidad conjunta de sus proyectos genere un efecto contagio en el sector. Su aspiraci\u00f3n es que los teatros p\u00fablicos incorporen estas propuestas en su programaci\u00f3n regular, que las escuelas de artes esc\u00e9nicas revisen sus criterios de acceso y que las pol\u00edticas culturales reconozcan la diversidad como un valor estrat\u00e9gico. No se trata de crear un circuito paralelo para artistas con discapacidad, sino de abrir el existente para que todos puedan participar en igualdad de condiciones.<\/p>\n<p>La historia del teatro demuestra que muchas de sus grandes transformaciones nacieron en los m\u00e1rgenes. Movimientos que en su momento parec\u00edan minoritarios terminaron redefiniendo el lenguaje esc\u00e9nico y la relaci\u00f3n con el p\u00fablico. Las compa\u00f1\u00edas que hoy integran La Expandida se inscriben en esa tradici\u00f3n de renovaci\u00f3n. Su apuesta no consiste solo en reclamar un lugar en el escenario, sino en ampliar la propia idea de lo que el teatro puede ser.<\/p>\n<p>En una \u00e9poca en la que el arte se enfrenta a m\u00faltiples crisis \u2014econ\u00f3micas, institucionales y simb\u00f3licas\u2014, la diversidad aparece como una de sus mayores fuentes de vitalidad. Las nuevas generaciones de creadores buscan formas de romper las jerarqu\u00edas tradicionales y de construir procesos m\u00e1s colaborativos. En ese contexto, las artes esc\u00e9nicas inclusivas ofrecen una pista sobre el futuro posible de la cultura: un espacio donde la diferencia no sea un problema que resolver, sino un punto de partida para imaginar otros modos de creaci\u00f3n.<\/p>\n<p>La escena, al fin y al cabo, es un lugar de encuentro. Un espacio donde cuerpos distintos comparten el mismo tiempo y la misma luz frente a una comunidad que observa. Cuando esa comunidad descubre que la emoci\u00f3n, la belleza o la potencia dram\u00e1tica pueden surgir de cuerpos y voces que durante mucho tiempo fueron invisibles, algo cambia en la percepci\u00f3n colectiva. La frontera entre lo posible y lo imposible se desplaza.<\/p>\n<p>Quiz\u00e1 esa sea la verdadera ambici\u00f3n de La Expandida: no solo conquistar m\u00e1s escenarios, sino transformar la mirada del p\u00fablico y del propio sector cultural. Recordar que el arte, en su esencia m\u00e1s profunda, no reconoce l\u00edmites impuestos por la normalidad. Y que cuando esos l\u00edmites se rompen, el escenario se convierte en un territorio mucho m\u00e1s amplio, donde la creatividad encuentra nuevas formas de respirar.<\/p>","protected":false},"excerpt":{"rendered":"<p>El teatro siempre ha sido un territorio de transformaci\u00f3n. Sobre las tablas se han cuestionado normas sociales, se han imaginado mundos posibles<\/p>","protected":false},"author":3,"featured_media":67931,"comment_status":"closed","ping_status":"closed","sticky":false,"template":"","format":"standard","meta":{"footnotes":""},"categories":[62],"tags":[],"class_list":["post-67930","post","type-post","status-publish","format-standard","has-post-thumbnail","hentry","category-teatro"],"yoast_head":"<!-- This site is optimized with the Yoast SEO plugin v27.5 - https:\/\/yoast.com\/product\/yoast-seo-wordpress\/ -->\n<title>La escena sin barreras: compa\u00f1\u00edas inclusivas reclaman su lugar en el teatro contempor\u00e1neo - Revista Rambla<\/title>\n<meta name=\"robots\" content=\"index, follow, max-snippet:-1, max-image-preview:large, max-video-preview:-1\" \/>\n<link rel=\"canonical\" href=\"https:\/\/www.revistarambla.com\/en\/la-escena-sin-barreras-companias-inclusivas-reclaman-su-lugar-en-el-teatro-contemporaneo\/\" \/>\n<meta property=\"og:locale\" content=\"en_GB\" \/>\n<meta property=\"og:type\" content=\"article\" \/>\n<meta property=\"og:title\" content=\"La escena sin barreras: compa\u00f1\u00edas inclusivas reclaman su lugar en el teatro contempor\u00e1neo - Revista Rambla\" \/>\n<meta property=\"og:description\" content=\"El teatro siempre ha sido un territorio de transformaci\u00f3n. Sobre las tablas se han cuestionado normas sociales, se han imaginado mundos posibles\" \/>\n<meta property=\"og:url\" content=\"https:\/\/www.revistarambla.com\/en\/la-escena-sin-barreras-companias-inclusivas-reclaman-su-lugar-en-el-teatro-contemporaneo\/\" \/>\n<meta property=\"og:site_name\" content=\"Revista Rambla\" \/>\n<meta property=\"article:publisher\" content=\"https:\/\/www.facebook.com\/revistarambla\/\" \/>\n<meta property=\"article:author\" content=\"https:\/\/www.facebook.com\/revistarambla\" \/>\n<meta property=\"article:published_time\" content=\"2026-03-12T10:36:26+00:00\" \/>\n<meta property=\"og:image\" content=\"https:\/\/www.revistarambla.com\/wp-content\/uploads\/2026\/03\/LA-EXPANDIDA.webp\" \/>\n\t<meta property=\"og:image:width\" content=\"1600\" \/>\n\t<meta property=\"og:image:height\" content=\"1080\" \/>\n\t<meta property=\"og:image:type\" content=\"image\/webp\" \/>\n<meta name=\"author\" content=\"R@mbla\" \/>\n<meta name=\"twitter:card\" content=\"summary_large_image\" \/>\n<meta name=\"twitter:creator\" content=\"@revistarambla\" \/>\n<meta name=\"twitter:site\" content=\"@revistarambla\" \/>\n<meta name=\"twitter:label1\" content=\"Written by\" \/>\n\t<meta name=\"twitter:data1\" content=\"R@mbla\" \/>\n\t<meta name=\"twitter:label2\" content=\"Estimated reading time\" \/>\n\t<meta name=\"twitter:data2\" content=\"8 minutes\" \/>\n<script type=\"application\/ld+json\" class=\"yoast-schema-graph\">{\"@context\":\"https:\\\/\\\/schema.org\",\"@graph\":[{\"@type\":\"Article\",\"@id\":\"https:\\\/\\\/www.revistarambla.com\\\/la-escena-sin-barreras-companias-inclusivas-reclaman-su-lugar-en-el-teatro-contemporaneo\\\/#article\",\"isPartOf\":{\"@id\":\"https:\\\/\\\/www.revistarambla.com\\\/la-escena-sin-barreras-companias-inclusivas-reclaman-su-lugar-en-el-teatro-contemporaneo\\\/\"},\"author\":{\"name\":\"R@mbla\",\"@id\":\"https:\\\/\\\/www.revistarambla.com\\\/#\\\/schema\\\/person\\\/a146a5a2550b94981a75131180e1bd9c\"},\"headline\":\"La escena sin barreras: compa\u00f1\u00edas inclusivas reclaman su lugar en el teatro contempor\u00e1neo\",\"datePublished\":\"2026-03-12T10:36:26+00:00\",\"mainEntityOfPage\":{\"@id\":\"https:\\\/\\\/www.revistarambla.com\\\/la-escena-sin-barreras-companias-inclusivas-reclaman-su-lugar-en-el-teatro-contemporaneo\\\/\"},\"wordCount\":1667,\"publisher\":{\"@id\":\"https:\\\/\\\/www.revistarambla.com\\\/#organization\"},\"image\":{\"@id\":\"https:\\\/\\\/www.revistarambla.com\\\/la-escena-sin-barreras-companias-inclusivas-reclaman-su-lugar-en-el-teatro-contemporaneo\\\/#primaryimage\"},\"thumbnailUrl\":\"https:\\\/\\\/www.revistarambla.com\\\/wp-content\\\/uploads\\\/2026\\\/03\\\/LA-EXPANDIDA.webp\",\"articleSection\":[\"Teatro\"],\"inLanguage\":\"en-GB\"},{\"@type\":\"WebPage\",\"@id\":\"https:\\\/\\\/www.revistarambla.com\\\/la-escena-sin-barreras-companias-inclusivas-reclaman-su-lugar-en-el-teatro-contemporaneo\\\/\",\"url\":\"https:\\\/\\\/www.revistarambla.com\\\/la-escena-sin-barreras-companias-inclusivas-reclaman-su-lugar-en-el-teatro-contemporaneo\\\/\",\"name\":\"La escena sin barreras: compa\u00f1\u00edas inclusivas reclaman su lugar en el teatro contempor\u00e1neo - Revista Rambla\",\"isPartOf\":{\"@id\":\"https:\\\/\\\/www.revistarambla.com\\\/#website\"},\"primaryImageOfPage\":{\"@id\":\"https:\\\/\\\/www.revistarambla.com\\\/la-escena-sin-barreras-companias-inclusivas-reclaman-su-lugar-en-el-teatro-contemporaneo\\\/#primaryimage\"},\"image\":{\"@id\":\"https:\\\/\\\/www.revistarambla.com\\\/la-escena-sin-barreras-companias-inclusivas-reclaman-su-lugar-en-el-teatro-contemporaneo\\\/#primaryimage\"},\"thumbnailUrl\":\"https:\\\/\\\/www.revistarambla.com\\\/wp-content\\\/uploads\\\/2026\\\/03\\\/LA-EXPANDIDA.webp\",\"datePublished\":\"2026-03-12T10:36:26+00:00\",\"breadcrumb\":{\"@id\":\"https:\\\/\\\/www.revistarambla.com\\\/la-escena-sin-barreras-companias-inclusivas-reclaman-su-lugar-en-el-teatro-contemporaneo\\\/#breadcrumb\"},\"inLanguage\":\"en-GB\",\"potentialAction\":[{\"@type\":\"ReadAction\",\"target\":[\"https:\\\/\\\/www.revistarambla.com\\\/la-escena-sin-barreras-companias-inclusivas-reclaman-su-lugar-en-el-teatro-contemporaneo\\\/\"]}]},{\"@type\":\"ImageObject\",\"inLanguage\":\"en-GB\",\"@id\":\"https:\\\/\\\/www.revistarambla.com\\\/la-escena-sin-barreras-companias-inclusivas-reclaman-su-lugar-en-el-teatro-contemporaneo\\\/#primaryimage\",\"url\":\"https:\\\/\\\/www.revistarambla.com\\\/wp-content\\\/uploads\\\/2026\\\/03\\\/LA-EXPANDIDA.webp\",\"contentUrl\":\"https:\\\/\\\/www.revistarambla.com\\\/wp-content\\\/uploads\\\/2026\\\/03\\\/LA-EXPANDIDA.webp\",\"width\":1600,\"height\":1080,\"caption\":\"compa\u00f1\u00edas inclusivas\"},{\"@type\":\"BreadcrumbList\",\"@id\":\"https:\\\/\\\/www.revistarambla.com\\\/la-escena-sin-barreras-companias-inclusivas-reclaman-su-lugar-en-el-teatro-contemporaneo\\\/#breadcrumb\",\"itemListElement\":[{\"@type\":\"ListItem\",\"position\":1,\"name\":\"Portada\",\"item\":\"https:\\\/\\\/www.revistarambla.com\\\/\"},{\"@type\":\"ListItem\",\"position\":2,\"name\":\"La escena sin barreras: compa\u00f1\u00edas inclusivas reclaman su lugar en el teatro contempor\u00e1neo\"}]},{\"@type\":\"WebSite\",\"@id\":\"https:\\\/\\\/www.revistarambla.com\\\/#website\",\"url\":\"https:\\\/\\\/www.revistarambla.com\\\/\",\"name\":\"Revista Rambla Barcelona\",\"description\":\"Periodismo independiente\",\"publisher\":{\"@id\":\"https:\\\/\\\/www.revistarambla.com\\\/#organization\"},\"potentialAction\":[{\"@type\":\"SearchAction\",\"target\":{\"@type\":\"EntryPoint\",\"urlTemplate\":\"https:\\\/\\\/www.revistarambla.com\\\/?s={search_term_string}\"},\"query-input\":{\"@type\":\"PropertyValueSpecification\",\"valueRequired\":true,\"valueName\":\"search_term_string\"}}],\"inLanguage\":\"en-GB\"},{\"@type\":\"Organization\",\"@id\":\"https:\\\/\\\/www.revistarambla.com\\\/#organization\",\"name\":\"Revista Rambla\",\"url\":\"https:\\\/\\\/www.revistarambla.com\\\/\",\"logo\":{\"@type\":\"ImageObject\",\"inLanguage\":\"en-GB\",\"@id\":\"https:\\\/\\\/www.revistarambla.com\\\/#\\\/schema\\\/logo\\\/image\\\/\",\"url\":\"https:\\\/\\\/www.revistarambla.com\\\/wp-content\\\/uploads\\\/2020\\\/09\\\/banner_rambla_1900x600_BB.png\",\"contentUrl\":\"https:\\\/\\\/www.revistarambla.com\\\/wp-content\\\/uploads\\\/2020\\\/09\\\/banner_rambla_1900x600_BB.png\",\"width\":1900,\"height\":600,\"caption\":\"Revista Rambla\"},\"image\":{\"@id\":\"https:\\\/\\\/www.revistarambla.com\\\/#\\\/schema\\\/logo\\\/image\\\/\"},\"sameAs\":[\"https:\\\/\\\/www.facebook.com\\\/revistarambla\\\/\",\"https:\\\/\\\/x.com\\\/revistarambla\",\"https:\\\/\\\/www.instagram.com\\\/revista_rambla\",\"https:\\\/\\\/es.linkedin.com\\\/company\\\/revista-rambla\"]},{\"@type\":\"Person\",\"@id\":\"https:\\\/\\\/www.revistarambla.com\\\/#\\\/schema\\\/person\\\/a146a5a2550b94981a75131180e1bd9c\",\"name\":\"R@mbla\",\"description\":\"Este art\u00edculo ha sido redactado y\\\/o validado por el equipo de redacci\u00f3n de Revista Rambla.\",\"sameAs\":[\"https:\\\/\\\/www.revistarambla.com\\\/\",\"https:\\\/\\\/www.facebook.com\\\/revistarambla\",\"https:\\\/\\\/x.com\\\/revistarambla\"]}]}<\/script>\n<!-- \/ Yoast SEO plugin. -->","yoast_head_json":{"title":"La escena sin barreras: compa\u00f1\u00edas inclusivas reclaman su lugar en el teatro contempor\u00e1neo - Revista Rambla","robots":{"index":"index","follow":"follow","max-snippet":"max-snippet:-1","max-image-preview":"max-image-preview:large","max-video-preview":"max-video-preview:-1"},"canonical":"https:\/\/www.revistarambla.com\/en\/la-escena-sin-barreras-companias-inclusivas-reclaman-su-lugar-en-el-teatro-contemporaneo\/","og_locale":"en_GB","og_type":"article","og_title":"La escena sin barreras: compa\u00f1\u00edas inclusivas reclaman su lugar en el teatro contempor\u00e1neo - Revista Rambla","og_description":"El teatro siempre ha sido un territorio de transformaci\u00f3n. Sobre las tablas se han cuestionado normas sociales, se han imaginado mundos posibles","og_url":"https:\/\/www.revistarambla.com\/en\/la-escena-sin-barreras-companias-inclusivas-reclaman-su-lugar-en-el-teatro-contemporaneo\/","og_site_name":"Revista Rambla","article_publisher":"https:\/\/www.facebook.com\/revistarambla\/","article_author":"https:\/\/www.facebook.com\/revistarambla","article_published_time":"2026-03-12T10:36:26+00:00","og_image":[{"width":1600,"height":1080,"url":"https:\/\/www.revistarambla.com\/wp-content\/uploads\/2026\/03\/LA-EXPANDIDA.webp","type":"image\/webp"}],"author":"R@mbla","twitter_card":"summary_large_image","twitter_creator":"@revistarambla","twitter_site":"@revistarambla","twitter_misc":{"Written by":"R@mbla","Estimated reading time":"8 minutes"},"schema":{"@context":"https:\/\/schema.org","@graph":[{"@type":"Article","@id":"https:\/\/www.revistarambla.com\/la-escena-sin-barreras-companias-inclusivas-reclaman-su-lugar-en-el-teatro-contemporaneo\/#article","isPartOf":{"@id":"https:\/\/www.revistarambla.com\/la-escena-sin-barreras-companias-inclusivas-reclaman-su-lugar-en-el-teatro-contemporaneo\/"},"author":{"name":"R@mbla","@id":"https:\/\/www.revistarambla.com\/#\/schema\/person\/a146a5a2550b94981a75131180e1bd9c"},"headline":"La escena sin barreras: compa\u00f1\u00edas inclusivas reclaman su lugar en el teatro contempor\u00e1neo","datePublished":"2026-03-12T10:36:26+00:00","mainEntityOfPage":{"@id":"https:\/\/www.revistarambla.com\/la-escena-sin-barreras-companias-inclusivas-reclaman-su-lugar-en-el-teatro-contemporaneo\/"},"wordCount":1667,"publisher":{"@id":"https:\/\/www.revistarambla.com\/#organization"},"image":{"@id":"https:\/\/www.revistarambla.com\/la-escena-sin-barreras-companias-inclusivas-reclaman-su-lugar-en-el-teatro-contemporaneo\/#primaryimage"},"thumbnailUrl":"https:\/\/www.revistarambla.com\/wp-content\/uploads\/2026\/03\/LA-EXPANDIDA.webp","articleSection":["Teatro"],"inLanguage":"en-GB"},{"@type":"WebPage","@id":"https:\/\/www.revistarambla.com\/la-escena-sin-barreras-companias-inclusivas-reclaman-su-lugar-en-el-teatro-contemporaneo\/","url":"https:\/\/www.revistarambla.com\/la-escena-sin-barreras-companias-inclusivas-reclaman-su-lugar-en-el-teatro-contemporaneo\/","name":"La escena sin barreras: compa\u00f1\u00edas inclusivas reclaman su lugar en el teatro contempor\u00e1neo - Revista Rambla","isPartOf":{"@id":"https:\/\/www.revistarambla.com\/#website"},"primaryImageOfPage":{"@id":"https:\/\/www.revistarambla.com\/la-escena-sin-barreras-companias-inclusivas-reclaman-su-lugar-en-el-teatro-contemporaneo\/#primaryimage"},"image":{"@id":"https:\/\/www.revistarambla.com\/la-escena-sin-barreras-companias-inclusivas-reclaman-su-lugar-en-el-teatro-contemporaneo\/#primaryimage"},"thumbnailUrl":"https:\/\/www.revistarambla.com\/wp-content\/uploads\/2026\/03\/LA-EXPANDIDA.webp","datePublished":"2026-03-12T10:36:26+00:00","breadcrumb":{"@id":"https:\/\/www.revistarambla.com\/la-escena-sin-barreras-companias-inclusivas-reclaman-su-lugar-en-el-teatro-contemporaneo\/#breadcrumb"},"inLanguage":"en-GB","potentialAction":[{"@type":"ReadAction","target":["https:\/\/www.revistarambla.com\/la-escena-sin-barreras-companias-inclusivas-reclaman-su-lugar-en-el-teatro-contemporaneo\/"]}]},{"@type":"ImageObject","inLanguage":"en-GB","@id":"https:\/\/www.revistarambla.com\/la-escena-sin-barreras-companias-inclusivas-reclaman-su-lugar-en-el-teatro-contemporaneo\/#primaryimage","url":"https:\/\/www.revistarambla.com\/wp-content\/uploads\/2026\/03\/LA-EXPANDIDA.webp","contentUrl":"https:\/\/www.revistarambla.com\/wp-content\/uploads\/2026\/03\/LA-EXPANDIDA.webp","width":1600,"height":1080,"caption":"compa\u00f1\u00edas inclusivas"},{"@type":"BreadcrumbList","@id":"https:\/\/www.revistarambla.com\/la-escena-sin-barreras-companias-inclusivas-reclaman-su-lugar-en-el-teatro-contemporaneo\/#breadcrumb","itemListElement":[{"@type":"ListItem","position":1,"name":"Portada","item":"https:\/\/www.revistarambla.com\/"},{"@type":"ListItem","position":2,"name":"La escena sin barreras: compa\u00f1\u00edas inclusivas reclaman su lugar en el teatro contempor\u00e1neo"}]},{"@type":"WebSite","@id":"https:\/\/www.revistarambla.com\/#website","url":"https:\/\/www.revistarambla.com\/","name":"Revista Rambla Barcelona","description":"Periodismo independiente","publisher":{"@id":"https:\/\/www.revistarambla.com\/#organization"},"potentialAction":[{"@type":"SearchAction","target":{"@type":"EntryPoint","urlTemplate":"https:\/\/www.revistarambla.com\/?s={search_term_string}"},"query-input":{"@type":"PropertyValueSpecification","valueRequired":true,"valueName":"search_term_string"}}],"inLanguage":"en-GB"},{"@type":"Organization","@id":"https:\/\/www.revistarambla.com\/#organization","name":"Revista Rambla","url":"https:\/\/www.revistarambla.com\/","logo":{"@type":"ImageObject","inLanguage":"en-GB","@id":"https:\/\/www.revistarambla.com\/#\/schema\/logo\/image\/","url":"https:\/\/www.revistarambla.com\/wp-content\/uploads\/2020\/09\/banner_rambla_1900x600_BB.png","contentUrl":"https:\/\/www.revistarambla.com\/wp-content\/uploads\/2020\/09\/banner_rambla_1900x600_BB.png","width":1900,"height":600,"caption":"Revista Rambla"},"image":{"@id":"https:\/\/www.revistarambla.com\/#\/schema\/logo\/image\/"},"sameAs":["https:\/\/www.facebook.com\/revistarambla\/","https:\/\/x.com\/revistarambla","https:\/\/www.instagram.com\/revista_rambla","https:\/\/es.linkedin.com\/company\/revista-rambla"]},{"@type":"Person","@id":"https:\/\/www.revistarambla.com\/#\/schema\/person\/a146a5a2550b94981a75131180e1bd9c","name":"R@mbla","description":"Este art\u00edculo ha sido redactado y\/o validado por el equipo de redacci\u00f3n de Revista Rambla.","sameAs":["https:\/\/www.revistarambla.com\/","https:\/\/www.facebook.com\/revistarambla","https:\/\/x.com\/revistarambla"]}]}},"_links":{"self":[{"href":"https:\/\/www.revistarambla.com\/en\/wp-json\/wp\/v2\/posts\/67930","targetHints":{"allow":["GET"]}}],"collection":[{"href":"https:\/\/www.revistarambla.com\/en\/wp-json\/wp\/v2\/posts"}],"about":[{"href":"https:\/\/www.revistarambla.com\/en\/wp-json\/wp\/v2\/types\/post"}],"author":[{"embeddable":true,"href":"https:\/\/www.revistarambla.com\/en\/wp-json\/wp\/v2\/users\/3"}],"replies":[{"embeddable":true,"href":"https:\/\/www.revistarambla.com\/en\/wp-json\/wp\/v2\/comments?post=67930"}],"version-history":[{"count":1,"href":"https:\/\/www.revistarambla.com\/en\/wp-json\/wp\/v2\/posts\/67930\/revisions"}],"predecessor-version":[{"id":67932,"href":"https:\/\/www.revistarambla.com\/en\/wp-json\/wp\/v2\/posts\/67930\/revisions\/67932"}],"wp:featuredmedia":[{"embeddable":true,"href":"https:\/\/www.revistarambla.com\/en\/wp-json\/wp\/v2\/media\/67931"}],"wp:attachment":[{"href":"https:\/\/www.revistarambla.com\/en\/wp-json\/wp\/v2\/media?parent=67930"}],"wp:term":[{"taxonomy":"category","embeddable":true,"href":"https:\/\/www.revistarambla.com\/en\/wp-json\/wp\/v2\/categories?post=67930"},{"taxonomy":"post_tag","embeddable":true,"href":"https:\/\/www.revistarambla.com\/en\/wp-json\/wp\/v2\/tags?post=67930"}],"curies":[{"name":"wp","href":"https:\/\/api.w.org\/{rel}","templated":true}]}}