{"id":67927,"date":"2026-03-12T11:31:53","date_gmt":"2026-03-12T10:31:53","guid":{"rendered":"https:\/\/www.revistarambla.com\/?p=67927"},"modified":"2026-03-12T11:31:53","modified_gmt":"2026-03-12T10:31:53","slug":"prohibir-o-perpetuar-las-terapias-de-conversion","status":"publish","type":"post","link":"https:\/\/www.revistarambla.com\/en\/prohibir-o-perpetuar-las-terapias-de-conversion\/","title":{"rendered":"Prohibir o perpetuar las \u201cterapias de conversi\u00f3n\u201d"},"content":{"rendered":"<p>En pleno coraz\u00f3n de la Uni\u00f3n Europea, esa arquitectura pol\u00edtica que se concibe a s\u00ed misma como un basti\u00f3n de derechos fundamentales<!--more-->, emerge con fuerza una pregunta inc\u00f3moda: \u00bfpuede una entidad supranacional permitir que pr\u00e1cticas que lesionan la dignidad humana sigan existiendo bajo su mandato cuando la sociedad civil clama por su abolici\u00f3n? La respuesta que d\u00e9 la Comisi\u00f3n Europea a la Iniciativa Ciudadana Europea (ICE) sobre la prohibici\u00f3n de las llamadas \u201cterapias de conversi\u00f3n\u201d no ser\u00e1 solo un acto administrativo, sino un reflejo del alma pol\u00edtica de Europa.<\/p>\n<p>Estas pr\u00e1cticas, definidas por quienes las sufren y por quienes las han estudiado como intentos de \u201ccambiar, reprimir o suprimir\u201d la orientaci\u00f3n sexual, la identidad de g\u00e9nero o la expresi\u00f3n de g\u00e9nero, ya no pueden ser reducidas a meras an\u00e9cdotas aisladas en pa\u00edses lejanos. Cualquier ciudadano informado sabe que su alcance es profundo: un informe europeo indica que alrededor de una de cada cuatro personas LGTBI+ ha sido objeto de alguna forma de conversi\u00f3n, desde humillaciones verbales hasta abusos f\u00edsicos y rituales de coerci\u00f3n que dejan cicatrices invisibles y duraderas.<\/p>\n<p>Cuando m\u00e1s de <strong>1.245.000 ciudadanos de distintos Estados miembros<\/strong> respaldan una iniciativa que exige la prohibici\u00f3n de estas pr\u00e1cticas, lo que late detr\u00e1s no es \u00fanicamente la urgencia por cambiar leyes: es la clamaci\u00f3n por poner fin a siglos de discursos que patologizan el amor, la identidad y la existencia de millones de personas. La recogida de firmas super\u00f3 con creces el m\u00ednimo requerido por la normativa europea para que la Comisi\u00f3n tenga la obligaci\u00f3n de responder en un plazo m\u00e1ximo de seis meses; ese plazo culmina el <strong>17 de mayo de 2026<\/strong>, coincidiendo simb\u00f3licamente con el D\u00eda Internacional contra la LGTBI\u2011fobia.<\/p>\n<p>Que la ICE fuese validada por la propia Comisi\u00f3n y que la presidenta Ursula von der Leyen haya encomendado expresamente a la comisaria de Igualdad la elaboraci\u00f3n de medidas dirigidas a erradicar estas pr\u00e1cticas habla de un compromiso formal. Sin embargo, tambi\u00e9n deja entrever las tensiones latentes entre un cuerpo ejecutivo que legisla con reticencias y una sociedad que exige acciones concretas y vinculantes. La iniciativa, promovida por la organizaci\u00f3n francesa ACT (Against Conversion Therapy), no solicita un mero pronunciamiento moral, sino una legislaci\u00f3n <strong>vinculante<\/strong> que proscriba de forma clara y homog\u00e9nea estas pr\u00e1cticas en todo el territorio de la Uni\u00f3n.<\/p>\n<p>El debate en torno a las terapias de conversi\u00f3n no es un debate t\u00e9cnico: es, sobre todo, un debate \u00e9tico. Porque legalizar la protecci\u00f3n contra la violencia simb\u00f3lica y f\u00edsica que estas pr\u00e1cticas implican equivale a reconocer el da\u00f1o que generan, a aceptar que la dignidad humana no puede ser relativizada por consideraciones culturales o dogm\u00e1ticas. Por el contrario, no actuar significar\u00e1 permitir que un problema real con consecuencias psicol\u00f3gicas y sociales devastadoras se siga invisibilizando bajo eufemismos.<\/p>\n<p>Es revelador que estos procedimientos, especializados en disfrazarse de \u201ctratamientos\u201d o \u201casesoramientos\u201d, hayan logrado persistir precisamente gracias a su indefinici\u00f3n normativa: en muchos casos se esconden detr\u00e1s de puertas cerradas, en instituciones religiosas, en consultas privadas o en entornos familiares donde el silencio social y la complicidad cultural facilitan su perpetuaci\u00f3n. La falta de un marco legal claro que los proh\u00edba en toda la UE deja a quienes los sufren en un limbo jur\u00eddico que, de facto, legitima la vulneraci\u00f3n de sus derechos.<\/p>\n<p>El rechazo a las terapias de conversi\u00f3n no es un capricho ideol\u00f3gico, sino una posici\u00f3n sustentada en evidencias cient\u00edficas robustas y en est\u00e1ndares internacionales de derechos humanos. Organismos como las Naciones Unidas han calificado estas pr\u00e1cticas como una forma de tortura, lo que deber\u00eda ser suficiente para que cualquier gobierno o instituci\u00f3n comprometida con la universalidad de los derechos humanos actuara sin dilaci\u00f3n. Pero, en el contexto europeo, las inercias pol\u00edticas y la fragmentaci\u00f3n normativa entre Estados miembros han convertido esta obligaci\u00f3n \u00e9tico\u2011jur\u00eddica en una disputa dilatada en el tiempo.<\/p>\n<p>Existen ejemplos dentro del propio bloque que pueden servir de br\u00fajula: pa\u00edses como Francia, B\u00e9lgica, Portugal y Malta han implementado prohibiciones m\u00e1s extensas y claras que protegen a sus ciudadanos de estas intervenciones. En Espa\u00f1a, aunque se han dado pasos hacia la sanci\u00f3n administrativa de tales pr\u00e1cticas y se discuten iniciativas legislativas para incorporarlas al C\u00f3digo Penal, todav\u00eda falta una armonizaci\u00f3n normativa que evite que los vac\u00edos legales se traduzcan en impunidad.<\/p>\n<p>El peso de una decisi\u00f3n de este calibre, por tanto, va mucho m\u00e1s all\u00e1 del texto de una norma. Europa enfrenta una encrucijada civilizatoria: optar por defender los valores que proclama o resignarse a un status quo que deja desprotegidos a miles de personas. No es una elecci\u00f3n menor. Requiere coraje pol\u00edtico y sensibilidad social, dos cualidades que a menudo se declaran en abstracto, pero que se ponen verdaderamente a prueba cuando la dignidad de un colectivo vulnerable est\u00e1 en juego.<\/p>\n<p>La discusi\u00f3n sobre las terapias de conversi\u00f3n tambi\u00e9n urge a la sociedad en general a replantearse qu\u00e9 entendemos por igualdad real. La igualdad no es simplemente la ausencia de discriminaci\u00f3n formal, sino la existencia de condiciones que permitan a todas las personas vivir sin miedo a ser forzadas a renunciar a su identidad m\u00e1s \u00edntima. Una Europa que habilita, tolera o duda en prohibir las pr\u00e1cticas que persiguen imponer anhelos de cambio sobre la esencia de una persona deja de lado el compromiso con la igualdad efectiva.<\/p>\n<p>La respuesta que brinde la Comisi\u00f3n Europea en las pr\u00f3ximas semanas tendr\u00e1 repercusiones que trascienden el \u00e1mbito jur\u00eddico. En primer lugar, definir\u00e1 si la UE est\u00e1 dispuesta a utilizar plenamente los mecanismos de democracia participativa que ella misma ha dise\u00f1ado, como la ICE, para responder a demandas sociales urgentes. Pero, m\u00e1s all\u00e1 de la institucionalidad, ser\u00e1 un test sobre la conciencia pol\u00edtica del proyecto europeo: si realmente los valores de libertad, dignidad y no discriminaci\u00f3n son pilares vivientes o meros lemas ceremoniales.<\/p>\n<p>La ciudadan\u00eda europea ha hablado con una fuerza inusual: m\u00e1s de un mill\u00f3n de voces que no piden privilegios, sino derechos b\u00e1sicos. El desaf\u00edo para la Comisi\u00f3n es estar a la altura de esa demanda. Porque, cuando se trata de la integridad moral y psicol\u00f3gica de las personas, no hay espacio para medias tintas legislativas. En caso contrario, la Uni\u00f3n Europea se arriesga a perder credibilidad frente a sus propios ciudadanos y ante el mundo, mostrando que en la praxis los derechos humanos pueden ser modulables seg\u00fan conveniencias pol\u00edticas o equilibrios institucionales.<\/p>\n<p>En conclusi\u00f3n, la prohibici\u00f3n de las terapias de conversi\u00f3n en toda la Uni\u00f3n Europea no deber\u00eda ser vista como una concesi\u00f3n a un grupo concreto, sino como una afirmaci\u00f3n de principios universales que sostienen cualquier democracia madura. La ocasi\u00f3n para legislar existe, la evidencia del da\u00f1o es irrefutable y la voluntad popular se ha expresado con claridad. Europa puede demostrar que es un espacio donde la protecci\u00f3n de los derechos humanos no es un simple ideal, sino una realidad tangible. Lo que est\u00e1 en juego, en \u00faltima instancia, es el tipo de sociedad que queremos construir: una que proteja y respete la diversidad humana o una que tolere la violencia disfrazada de \u201ctratamiento\u201d. La respuesta est\u00e1 en manos de quienes hoy tienen la responsabilidad de decidir.<\/p>","protected":false},"excerpt":{"rendered":"<p>En pleno coraz\u00f3n de la Uni\u00f3n Europea, esa arquitectura pol\u00edtica que se concibe a s\u00ed misma como un basti\u00f3n de derechos fundamentales<\/p>","protected":false},"author":3,"featured_media":67928,"comment_status":"closed","ping_status":"closed","sticky":false,"template":"","format":"standard","meta":{"footnotes":""},"categories":[72],"tags":[],"class_list":["post-67927","post","type-post","status-publish","format-standard","has-post-thumbnail","hentry","category-opinion"],"yoast_head":"<!-- This site is optimized with the Yoast SEO plugin v27.5 - https:\/\/yoast.com\/product\/yoast-seo-wordpress\/ -->\n<title>Prohibir o perpetuar las \u201cterapias de conversi\u00f3n\u201d - Revista Rambla<\/title>\n<meta name=\"robots\" content=\"index, follow, max-snippet:-1, max-image-preview:large, max-video-preview:-1\" \/>\n<link rel=\"canonical\" href=\"https:\/\/www.revistarambla.com\/en\/prohibir-o-perpetuar-las-terapias-de-conversion\/\" \/>\n<meta property=\"og:locale\" content=\"en_GB\" \/>\n<meta property=\"og:type\" content=\"article\" \/>\n<meta property=\"og:title\" content=\"Prohibir o perpetuar las \u201cterapias de conversi\u00f3n\u201d - Revista Rambla\" \/>\n<meta property=\"og:description\" content=\"En pleno coraz\u00f3n de la Uni\u00f3n Europea, esa arquitectura pol\u00edtica que se concibe a s\u00ed misma como un basti\u00f3n de derechos fundamentales\" \/>\n<meta property=\"og:url\" content=\"https:\/\/www.revistarambla.com\/en\/prohibir-o-perpetuar-las-terapias-de-conversion\/\" \/>\n<meta property=\"og:site_name\" content=\"Revista Rambla\" \/>\n<meta property=\"article:publisher\" content=\"https:\/\/www.facebook.com\/revistarambla\/\" \/>\n<meta property=\"article:author\" content=\"https:\/\/www.facebook.com\/revistarambla\" \/>\n<meta property=\"article:published_time\" content=\"2026-03-12T10:31:53+00:00\" \/>\n<meta property=\"og:image\" content=\"https:\/\/www.revistarambla.com\/wp-content\/uploads\/2026\/03\/terapia-de-conversion.jpg\" \/>\n\t<meta property=\"og:image:width\" content=\"850\" \/>\n\t<meta property=\"og:image:height\" content=\"590\" \/>\n\t<meta property=\"og:image:type\" content=\"image\/jpeg\" \/>\n<meta name=\"author\" content=\"R@mbla\" \/>\n<meta name=\"twitter:card\" content=\"summary_large_image\" \/>\n<meta name=\"twitter:creator\" content=\"@revistarambla\" \/>\n<meta name=\"twitter:site\" content=\"@revistarambla\" \/>\n<meta name=\"twitter:label1\" content=\"Written by\" \/>\n\t<meta name=\"twitter:data1\" content=\"R@mbla\" \/>\n\t<meta name=\"twitter:label2\" content=\"Estimated reading time\" \/>\n\t<meta name=\"twitter:data2\" content=\"6 minutes\" \/>\n<script type=\"application\/ld+json\" class=\"yoast-schema-graph\">{\"@context\":\"https:\\\/\\\/schema.org\",\"@graph\":[{\"@type\":\"Article\",\"@id\":\"https:\\\/\\\/www.revistarambla.com\\\/prohibir-o-perpetuar-las-terapias-de-conversion\\\/#article\",\"isPartOf\":{\"@id\":\"https:\\\/\\\/www.revistarambla.com\\\/prohibir-o-perpetuar-las-terapias-de-conversion\\\/\"},\"author\":{\"name\":\"R@mbla\",\"@id\":\"https:\\\/\\\/www.revistarambla.com\\\/#\\\/schema\\\/person\\\/a146a5a2550b94981a75131180e1bd9c\"},\"headline\":\"Prohibir o perpetuar las \u201cterapias de conversi\u00f3n\u201d\",\"datePublished\":\"2026-03-12T10:31:53+00:00\",\"mainEntityOfPage\":{\"@id\":\"https:\\\/\\\/www.revistarambla.com\\\/prohibir-o-perpetuar-las-terapias-de-conversion\\\/\"},\"wordCount\":1297,\"publisher\":{\"@id\":\"https:\\\/\\\/www.revistarambla.com\\\/#organization\"},\"image\":{\"@id\":\"https:\\\/\\\/www.revistarambla.com\\\/prohibir-o-perpetuar-las-terapias-de-conversion\\\/#primaryimage\"},\"thumbnailUrl\":\"https:\\\/\\\/www.revistarambla.com\\\/wp-content\\\/uploads\\\/2026\\\/03\\\/terapia-de-conversion.jpg\",\"articleSection\":[\"Opiniones\"],\"inLanguage\":\"en-GB\"},{\"@type\":\"WebPage\",\"@id\":\"https:\\\/\\\/www.revistarambla.com\\\/prohibir-o-perpetuar-las-terapias-de-conversion\\\/\",\"url\":\"https:\\\/\\\/www.revistarambla.com\\\/prohibir-o-perpetuar-las-terapias-de-conversion\\\/\",\"name\":\"Prohibir o perpetuar las \u201cterapias de conversi\u00f3n\u201d - Revista Rambla\",\"isPartOf\":{\"@id\":\"https:\\\/\\\/www.revistarambla.com\\\/#website\"},\"primaryImageOfPage\":{\"@id\":\"https:\\\/\\\/www.revistarambla.com\\\/prohibir-o-perpetuar-las-terapias-de-conversion\\\/#primaryimage\"},\"image\":{\"@id\":\"https:\\\/\\\/www.revistarambla.com\\\/prohibir-o-perpetuar-las-terapias-de-conversion\\\/#primaryimage\"},\"thumbnailUrl\":\"https:\\\/\\\/www.revistarambla.com\\\/wp-content\\\/uploads\\\/2026\\\/03\\\/terapia-de-conversion.jpg\",\"datePublished\":\"2026-03-12T10:31:53+00:00\",\"breadcrumb\":{\"@id\":\"https:\\\/\\\/www.revistarambla.com\\\/prohibir-o-perpetuar-las-terapias-de-conversion\\\/#breadcrumb\"},\"inLanguage\":\"en-GB\",\"potentialAction\":[{\"@type\":\"ReadAction\",\"target\":[\"https:\\\/\\\/www.revistarambla.com\\\/prohibir-o-perpetuar-las-terapias-de-conversion\\\/\"]}]},{\"@type\":\"ImageObject\",\"inLanguage\":\"en-GB\",\"@id\":\"https:\\\/\\\/www.revistarambla.com\\\/prohibir-o-perpetuar-las-terapias-de-conversion\\\/#primaryimage\",\"url\":\"https:\\\/\\\/www.revistarambla.com\\\/wp-content\\\/uploads\\\/2026\\\/03\\\/terapia-de-conversion.jpg\",\"contentUrl\":\"https:\\\/\\\/www.revistarambla.com\\\/wp-content\\\/uploads\\\/2026\\\/03\\\/terapia-de-conversion.jpg\",\"width\":850,\"height\":590,\"caption\":\"terapias de conversi\u00f3n\"},{\"@type\":\"BreadcrumbList\",\"@id\":\"https:\\\/\\\/www.revistarambla.com\\\/prohibir-o-perpetuar-las-terapias-de-conversion\\\/#breadcrumb\",\"itemListElement\":[{\"@type\":\"ListItem\",\"position\":1,\"name\":\"Portada\",\"item\":\"https:\\\/\\\/www.revistarambla.com\\\/\"},{\"@type\":\"ListItem\",\"position\":2,\"name\":\"Prohibir o perpetuar las \u201cterapias de conversi\u00f3n\u201d\"}]},{\"@type\":\"WebSite\",\"@id\":\"https:\\\/\\\/www.revistarambla.com\\\/#website\",\"url\":\"https:\\\/\\\/www.revistarambla.com\\\/\",\"name\":\"Revista Rambla Barcelona\",\"description\":\"Periodismo independiente\",\"publisher\":{\"@id\":\"https:\\\/\\\/www.revistarambla.com\\\/#organization\"},\"potentialAction\":[{\"@type\":\"SearchAction\",\"target\":{\"@type\":\"EntryPoint\",\"urlTemplate\":\"https:\\\/\\\/www.revistarambla.com\\\/?s={search_term_string}\"},\"query-input\":{\"@type\":\"PropertyValueSpecification\",\"valueRequired\":true,\"valueName\":\"search_term_string\"}}],\"inLanguage\":\"en-GB\"},{\"@type\":\"Organization\",\"@id\":\"https:\\\/\\\/www.revistarambla.com\\\/#organization\",\"name\":\"Revista Rambla\",\"url\":\"https:\\\/\\\/www.revistarambla.com\\\/\",\"logo\":{\"@type\":\"ImageObject\",\"inLanguage\":\"en-GB\",\"@id\":\"https:\\\/\\\/www.revistarambla.com\\\/#\\\/schema\\\/logo\\\/image\\\/\",\"url\":\"https:\\\/\\\/www.revistarambla.com\\\/wp-content\\\/uploads\\\/2020\\\/09\\\/banner_rambla_1900x600_BB.png\",\"contentUrl\":\"https:\\\/\\\/www.revistarambla.com\\\/wp-content\\\/uploads\\\/2020\\\/09\\\/banner_rambla_1900x600_BB.png\",\"width\":1900,\"height\":600,\"caption\":\"Revista Rambla\"},\"image\":{\"@id\":\"https:\\\/\\\/www.revistarambla.com\\\/#\\\/schema\\\/logo\\\/image\\\/\"},\"sameAs\":[\"https:\\\/\\\/www.facebook.com\\\/revistarambla\\\/\",\"https:\\\/\\\/x.com\\\/revistarambla\",\"https:\\\/\\\/www.instagram.com\\\/revista_rambla\",\"https:\\\/\\\/es.linkedin.com\\\/company\\\/revista-rambla\"]},{\"@type\":\"Person\",\"@id\":\"https:\\\/\\\/www.revistarambla.com\\\/#\\\/schema\\\/person\\\/a146a5a2550b94981a75131180e1bd9c\",\"name\":\"R@mbla\",\"description\":\"Este art\u00edculo ha sido redactado y\\\/o validado por el equipo de redacci\u00f3n de Revista Rambla.\",\"sameAs\":[\"https:\\\/\\\/www.revistarambla.com\\\/\",\"https:\\\/\\\/www.facebook.com\\\/revistarambla\",\"https:\\\/\\\/x.com\\\/revistarambla\"]}]}<\/script>\n<!-- \/ Yoast SEO plugin. -->","yoast_head_json":{"title":"Prohibir o perpetuar las \u201cterapias de conversi\u00f3n\u201d - Revista Rambla","robots":{"index":"index","follow":"follow","max-snippet":"max-snippet:-1","max-image-preview":"max-image-preview:large","max-video-preview":"max-video-preview:-1"},"canonical":"https:\/\/www.revistarambla.com\/en\/prohibir-o-perpetuar-las-terapias-de-conversion\/","og_locale":"en_GB","og_type":"article","og_title":"Prohibir o perpetuar las \u201cterapias de conversi\u00f3n\u201d - Revista Rambla","og_description":"En pleno coraz\u00f3n de la Uni\u00f3n Europea, esa arquitectura pol\u00edtica que se concibe a s\u00ed misma como un basti\u00f3n de derechos fundamentales","og_url":"https:\/\/www.revistarambla.com\/en\/prohibir-o-perpetuar-las-terapias-de-conversion\/","og_site_name":"Revista Rambla","article_publisher":"https:\/\/www.facebook.com\/revistarambla\/","article_author":"https:\/\/www.facebook.com\/revistarambla","article_published_time":"2026-03-12T10:31:53+00:00","og_image":[{"width":850,"height":590,"url":"https:\/\/www.revistarambla.com\/wp-content\/uploads\/2026\/03\/terapia-de-conversion.jpg","type":"image\/jpeg"}],"author":"R@mbla","twitter_card":"summary_large_image","twitter_creator":"@revistarambla","twitter_site":"@revistarambla","twitter_misc":{"Written by":"R@mbla","Estimated reading time":"6 minutes"},"schema":{"@context":"https:\/\/schema.org","@graph":[{"@type":"Article","@id":"https:\/\/www.revistarambla.com\/prohibir-o-perpetuar-las-terapias-de-conversion\/#article","isPartOf":{"@id":"https:\/\/www.revistarambla.com\/prohibir-o-perpetuar-las-terapias-de-conversion\/"},"author":{"name":"R@mbla","@id":"https:\/\/www.revistarambla.com\/#\/schema\/person\/a146a5a2550b94981a75131180e1bd9c"},"headline":"Prohibir o perpetuar las \u201cterapias de conversi\u00f3n\u201d","datePublished":"2026-03-12T10:31:53+00:00","mainEntityOfPage":{"@id":"https:\/\/www.revistarambla.com\/prohibir-o-perpetuar-las-terapias-de-conversion\/"},"wordCount":1297,"publisher":{"@id":"https:\/\/www.revistarambla.com\/#organization"},"image":{"@id":"https:\/\/www.revistarambla.com\/prohibir-o-perpetuar-las-terapias-de-conversion\/#primaryimage"},"thumbnailUrl":"https:\/\/www.revistarambla.com\/wp-content\/uploads\/2026\/03\/terapia-de-conversion.jpg","articleSection":["Opiniones"],"inLanguage":"en-GB"},{"@type":"WebPage","@id":"https:\/\/www.revistarambla.com\/prohibir-o-perpetuar-las-terapias-de-conversion\/","url":"https:\/\/www.revistarambla.com\/prohibir-o-perpetuar-las-terapias-de-conversion\/","name":"Prohibir o perpetuar las \u201cterapias de conversi\u00f3n\u201d - Revista Rambla","isPartOf":{"@id":"https:\/\/www.revistarambla.com\/#website"},"primaryImageOfPage":{"@id":"https:\/\/www.revistarambla.com\/prohibir-o-perpetuar-las-terapias-de-conversion\/#primaryimage"},"image":{"@id":"https:\/\/www.revistarambla.com\/prohibir-o-perpetuar-las-terapias-de-conversion\/#primaryimage"},"thumbnailUrl":"https:\/\/www.revistarambla.com\/wp-content\/uploads\/2026\/03\/terapia-de-conversion.jpg","datePublished":"2026-03-12T10:31:53+00:00","breadcrumb":{"@id":"https:\/\/www.revistarambla.com\/prohibir-o-perpetuar-las-terapias-de-conversion\/#breadcrumb"},"inLanguage":"en-GB","potentialAction":[{"@type":"ReadAction","target":["https:\/\/www.revistarambla.com\/prohibir-o-perpetuar-las-terapias-de-conversion\/"]}]},{"@type":"ImageObject","inLanguage":"en-GB","@id":"https:\/\/www.revistarambla.com\/prohibir-o-perpetuar-las-terapias-de-conversion\/#primaryimage","url":"https:\/\/www.revistarambla.com\/wp-content\/uploads\/2026\/03\/terapia-de-conversion.jpg","contentUrl":"https:\/\/www.revistarambla.com\/wp-content\/uploads\/2026\/03\/terapia-de-conversion.jpg","width":850,"height":590,"caption":"terapias de conversi\u00f3n"},{"@type":"BreadcrumbList","@id":"https:\/\/www.revistarambla.com\/prohibir-o-perpetuar-las-terapias-de-conversion\/#breadcrumb","itemListElement":[{"@type":"ListItem","position":1,"name":"Portada","item":"https:\/\/www.revistarambla.com\/"},{"@type":"ListItem","position":2,"name":"Prohibir o perpetuar las \u201cterapias de conversi\u00f3n\u201d"}]},{"@type":"WebSite","@id":"https:\/\/www.revistarambla.com\/#website","url":"https:\/\/www.revistarambla.com\/","name":"Revista Rambla Barcelona","description":"Periodismo independiente","publisher":{"@id":"https:\/\/www.revistarambla.com\/#organization"},"potentialAction":[{"@type":"SearchAction","target":{"@type":"EntryPoint","urlTemplate":"https:\/\/www.revistarambla.com\/?s={search_term_string}"},"query-input":{"@type":"PropertyValueSpecification","valueRequired":true,"valueName":"search_term_string"}}],"inLanguage":"en-GB"},{"@type":"Organization","@id":"https:\/\/www.revistarambla.com\/#organization","name":"Revista Rambla","url":"https:\/\/www.revistarambla.com\/","logo":{"@type":"ImageObject","inLanguage":"en-GB","@id":"https:\/\/www.revistarambla.com\/#\/schema\/logo\/image\/","url":"https:\/\/www.revistarambla.com\/wp-content\/uploads\/2020\/09\/banner_rambla_1900x600_BB.png","contentUrl":"https:\/\/www.revistarambla.com\/wp-content\/uploads\/2020\/09\/banner_rambla_1900x600_BB.png","width":1900,"height":600,"caption":"Revista Rambla"},"image":{"@id":"https:\/\/www.revistarambla.com\/#\/schema\/logo\/image\/"},"sameAs":["https:\/\/www.facebook.com\/revistarambla\/","https:\/\/x.com\/revistarambla","https:\/\/www.instagram.com\/revista_rambla","https:\/\/es.linkedin.com\/company\/revista-rambla"]},{"@type":"Person","@id":"https:\/\/www.revistarambla.com\/#\/schema\/person\/a146a5a2550b94981a75131180e1bd9c","name":"R@mbla","description":"Este art\u00edculo ha sido redactado y\/o validado por el equipo de redacci\u00f3n de Revista Rambla.","sameAs":["https:\/\/www.revistarambla.com\/","https:\/\/www.facebook.com\/revistarambla","https:\/\/x.com\/revistarambla"]}]}},"_links":{"self":[{"href":"https:\/\/www.revistarambla.com\/en\/wp-json\/wp\/v2\/posts\/67927","targetHints":{"allow":["GET"]}}],"collection":[{"href":"https:\/\/www.revistarambla.com\/en\/wp-json\/wp\/v2\/posts"}],"about":[{"href":"https:\/\/www.revistarambla.com\/en\/wp-json\/wp\/v2\/types\/post"}],"author":[{"embeddable":true,"href":"https:\/\/www.revistarambla.com\/en\/wp-json\/wp\/v2\/users\/3"}],"replies":[{"embeddable":true,"href":"https:\/\/www.revistarambla.com\/en\/wp-json\/wp\/v2\/comments?post=67927"}],"version-history":[{"count":1,"href":"https:\/\/www.revistarambla.com\/en\/wp-json\/wp\/v2\/posts\/67927\/revisions"}],"predecessor-version":[{"id":67929,"href":"https:\/\/www.revistarambla.com\/en\/wp-json\/wp\/v2\/posts\/67927\/revisions\/67929"}],"wp:featuredmedia":[{"embeddable":true,"href":"https:\/\/www.revistarambla.com\/en\/wp-json\/wp\/v2\/media\/67928"}],"wp:attachment":[{"href":"https:\/\/www.revistarambla.com\/en\/wp-json\/wp\/v2\/media?parent=67927"}],"wp:term":[{"taxonomy":"category","embeddable":true,"href":"https:\/\/www.revistarambla.com\/en\/wp-json\/wp\/v2\/categories?post=67927"},{"taxonomy":"post_tag","embeddable":true,"href":"https:\/\/www.revistarambla.com\/en\/wp-json\/wp\/v2\/tags?post=67927"}],"curies":[{"name":"wp","href":"https:\/\/api.w.org\/{rel}","templated":true}]}}