{"id":67917,"date":"2026-03-12T11:16:19","date_gmt":"2026-03-12T10:16:19","guid":{"rendered":"https:\/\/www.revistarambla.com\/?p=67917"},"modified":"2026-03-12T11:16:19","modified_gmt":"2026-03-12T10:16:19","slug":"el-maestro-placido-domingo-recibe-el-premio-zeffirelli-tras-una-renombrada-gira-en-febrero","status":"publish","type":"post","link":"https:\/\/www.revistarambla.com\/en\/el-maestro-placido-domingo-recibe-el-premio-zeffirelli-tras-una-renombrada-gira-en-febrero\/","title":{"rendered":"El maestro Pl\u00e1cido Domingo recibe el Premio Zeffirelli tras una renombrada gira en febrero"},"content":{"rendered":"<p>La agenda internacional de Pl\u00e1cido Domingo atrajo atenci\u00f3n durante febrero de 2026, impulsada por una serie de actuaciones, reconocimientos y eventos que destacaron su firme dedicaci\u00f3n a la cultura. En un breve lapso de tiempo, el tenor espa\u00f1ol dej\u00f3 una huella notable en Egipto, M\u00f3naco e Italia, reafirmando su presencia en prestigiosos escenarios de relevancia global.<\/p>\n<p>El 6 de febrero de 2026, el maestro Pl\u00e1cido Domingo actu\u00f3 en el concierto Voices of the Century New Opera en El Cairo, junto a Jos\u00e9 Carreras. Este evento reuni\u00f3 a dos artistas ic\u00f3nicos del repertorio oper\u00edstico en la capital egipcia, generando un notable eco en las redes sociales. Dos d\u00edas despu\u00e9s, el artista tuvo la oportunidad de explorar el Grand Egyptian Museum, conocido como GEM, donde se reuni\u00f3 con el director del museo.<\/p>\n<p>La actividad se traslad\u00f3 a Europa, donde el 14 de febrero de 2026 se llev\u00f3 a cabo el recital R\u00e9cital Cecilia &amp; Pl\u00e1cido en la \u00d3pera Garnier de Montecarlo, un evento que logr\u00f3 un agotamiento total de localidades. En el escenario, Cecilia Bartoli y Pl\u00e1cido Domingo ofrecieron una actuaci\u00f3n excepcional, respaldados por David Fray al piano. El repertorio incluy\u00f3 una mezcla de obras vocales y oper\u00edsticas, de acuerdo con la informaci\u00f3n proporcionada por la asociaci\u00f3n monegasca y los artistas. La respuesta del p\u00fablico dej\u00f3 claro el inter\u00e9s creciente por este tipo de colaboraciones en los tradicionales auditorios europeos.<\/p>\n<h2><b>Pl\u00e1cido Domingo, condecorado en el Palazzo Vecchio durante la primera edici\u00f3n del Premio Zeffirelli<\/b><\/h2>\n<p>El 16 de febrero, la atenci\u00f3n se traslad\u00f3 a Florencia, donde se celebr\u00f3 la primera edici\u00f3n del Premio Franco Zeffirelli. En el majestuoso Salone dei Cinquecento del Palazzo Vecchio, Pl\u00e1cido Domingo fue reconocido junto al actor Robert Powell. La ceremonia tambi\u00e9n distingui\u00f3 al director Marco Bellocchio, a la vestuarista Ann Roth y a las escen\u00f3grafas Greenwood y Spencer, seg\u00fan se detalla en el dossier medi\u00e1tico del evento.<\/p>\n<p>La entrega del galard\u00f3n fue realizada por la alcaldesa de Florencia, Sara Funaro, quien estuvo acompa\u00f1ada por el presidente de la Regi\u00f3n Toscana, Eugenio Giani, y la asesora de cultura Cristina Manetti. Las rese\u00f1as y las fotograf\u00edas acreditadas a Giuseppe Cabras mostraron un ambiente cercano, lleno de di\u00e1logos y saludos entre las autoridades y el tenor. Ambos, Funaro y Giani, pertenecen al espectro pol\u00edtico de centroizquierda en Italia, un aspecto que ha sido comentado por cr\u00edticos al evaluar la recepci\u00f3n del evento.<\/p>\n<p>La cobertura medi\u00e1tica del Premio Zeffirelli fue amplia. Informativos como TG2, TG5, RaiNews24 y SkyTG24 dedicaron parte de su programaci\u00f3n a la ceremonia, mientras que medios impresos como Corriere della Sera, La Nazione, Il Tirreno y Il Fatto Quotidiano publicaron rese\u00f1as sobre esta primera edici\u00f3n del galard\u00f3n. Plataformas especializadas como Cinecitt\u00e0 News, Cinematografo y otros medios culturales tambi\u00e9n destacaron la participaci\u00f3n de Pl\u00e1cido Domingo.<\/p>\n<p>Tras recibir el reconocimiento, el tenor comparti\u00f3 un mensaje de agradecimiento en sus redes sociales, evocando la figura de Franco Zeffirelli y el significado personal de este galard\u00f3n. Las im\u00e1genes del evento en el Palazzo Vecchio, tambi\u00e9n difundidas en sus perfiles oficiales, capturan el momento clave de la entrega y la presencia de otros galardonados.<\/p>\n<h2><b>Pr\u00f3xima gira por el norte de Europa<\/b><\/h2>\n<p>Mientras se desarrollaban estos compromisos, el entorno del tenor comenz\u00f3 a anticipar nuevas presentaciones. Para principios de marzo, se espera que el maestro inicie una gira por Dinamarca e Islandia, de acuerdo con la programaci\u00f3n revelada en sus canales oficiales. Este recorrido por el norte de Europa ampliar\u00e1 a\u00fan m\u00e1s la secuencia de presentaciones internacionales que han caracterizado el inicio de 2026.<\/p>\n<p>La serie de eventos entre El Cairo, Montecarlo y Florencia configura un trimestre de activa participaci\u00f3n para Pl\u00e1cido Domingo, lleno de actuaciones, <a href=\"https:\/\/academiadelasartesescenicas.es\/placido-domingo\/\">reconocimientos institucionales<\/a> y un firme compromiso con la cultura europea. Las redes sociales del tenor y la cobertura de medios italianos se presentan como las herramientas principales para seguir el desarrollo de este reciente itinerario.<\/p>","protected":false},"excerpt":{"rendered":"<p>La agenda internacional de Pl\u00e1cido Domingo atrajo atenci\u00f3n durante febrero de 2026, impulsada por una serie de actuaciones, reconocimientos y eventos que destacaron su firme dedicaci\u00f3n a la cultura. En un breve lapso de tiempo, el tenor espa\u00f1ol dej\u00f3 una huella notable en Egipto, M\u00f3naco e Italia, reafirmando su presencia [&hellip;]<\/p>\n","protected":false},"author":3,"featured_media":67918,"comment_status":"closed","ping_status":"closed","sticky":false,"template":"","format":"standard","meta":{"footnotes":""},"categories":[3790],"tags":[],"class_list":["post-67917","post","type-post","status-publish","format-standard","has-post-thumbnail","hentry","category-otras-noticias"],"yoast_head":"<!-- This site is optimized with the Yoast SEO plugin v27.5 - https:\/\/yoast.com\/product\/yoast-seo-wordpress\/ -->\n<title>El maestro Pl\u00e1cido Domingo recibe el Premio Zeffirelli tras una renombrada gira en febrero - Revista Rambla<\/title>\n<meta name=\"robots\" content=\"index, follow, max-snippet:-1, max-image-preview:large, max-video-preview:-1\" \/>\n<link rel=\"canonical\" href=\"https:\/\/www.revistarambla.com\/en\/el-maestro-placido-domingo-recibe-el-premio-zeffirelli-tras-una-renombrada-gira-en-febrero\/\" \/>\n<meta property=\"og:locale\" content=\"en_GB\" \/>\n<meta property=\"og:type\" content=\"article\" \/>\n<meta property=\"og:title\" content=\"El maestro Pl\u00e1cido Domingo recibe el Premio Zeffirelli tras una renombrada gira en febrero - Revista Rambla\" \/>\n<meta property=\"og:description\" content=\"La agenda internacional de Pl\u00e1cido Domingo atrajo atenci\u00f3n durante febrero de 2026, impulsada por una serie de actuaciones, reconocimientos y eventos que destacaron su firme dedicaci\u00f3n a la cultura. En un breve lapso de tiempo, el tenor espa\u00f1ol dej\u00f3 una huella notable en Egipto, M\u00f3naco e Italia, reafirmando su presencia [&hellip;]\" \/>\n<meta property=\"og:url\" content=\"https:\/\/www.revistarambla.com\/en\/el-maestro-placido-domingo-recibe-el-premio-zeffirelli-tras-una-renombrada-gira-en-febrero\/\" \/>\n<meta property=\"og:site_name\" content=\"Revista Rambla\" \/>\n<meta property=\"article:publisher\" content=\"https:\/\/www.facebook.com\/revistarambla\/\" \/>\n<meta property=\"article:author\" content=\"https:\/\/www.facebook.com\/revistarambla\" \/>\n<meta property=\"article:published_time\" content=\"2026-03-12T10:16:19+00:00\" \/>\n<meta property=\"og:image\" content=\"https:\/\/www.revistarambla.com\/wp-content\/uploads\/2026\/03\/phpcnPPEI69afdb8070592.jpg\" \/>\n\t<meta property=\"og:image:width\" content=\"1800\" \/>\n\t<meta property=\"og:image:height\" content=\"1200\" \/>\n\t<meta property=\"og:image:type\" content=\"image\/jpeg\" \/>\n<meta name=\"author\" content=\"R@mbla\" \/>\n<meta name=\"twitter:card\" content=\"summary_large_image\" \/>\n<meta name=\"twitter:creator\" content=\"@revistarambla\" \/>\n<meta name=\"twitter:site\" content=\"@revistarambla\" \/>\n<meta name=\"twitter:label1\" content=\"Written by\" \/>\n\t<meta name=\"twitter:data1\" content=\"R@mbla\" \/>\n\t<meta name=\"twitter:label2\" content=\"Estimated reading time\" \/>\n\t<meta name=\"twitter:data2\" content=\"4 minutes\" \/>\n<script type=\"application\/ld+json\" class=\"yoast-schema-graph\">{\"@context\":\"https:\\\/\\\/schema.org\",\"@graph\":[{\"@type\":\"Article\",\"@id\":\"https:\\\/\\\/www.revistarambla.com\\\/el-maestro-placido-domingo-recibe-el-premio-zeffirelli-tras-una-renombrada-gira-en-febrero\\\/#article\",\"isPartOf\":{\"@id\":\"https:\\\/\\\/www.revistarambla.com\\\/el-maestro-placido-domingo-recibe-el-premio-zeffirelli-tras-una-renombrada-gira-en-febrero\\\/\"},\"author\":{\"name\":\"R@mbla\",\"@id\":\"https:\\\/\\\/www.revistarambla.com\\\/#\\\/schema\\\/person\\\/a146a5a2550b94981a75131180e1bd9c\"},\"headline\":\"El maestro Pl\u00e1cido Domingo recibe el Premio Zeffirelli tras una renombrada gira en febrero\",\"datePublished\":\"2026-03-12T10:16:19+00:00\",\"mainEntityOfPage\":{\"@id\":\"https:\\\/\\\/www.revistarambla.com\\\/el-maestro-placido-domingo-recibe-el-premio-zeffirelli-tras-una-renombrada-gira-en-febrero\\\/\"},\"wordCount\":698,\"publisher\":{\"@id\":\"https:\\\/\\\/www.revistarambla.com\\\/#organization\"},\"image\":{\"@id\":\"https:\\\/\\\/www.revistarambla.com\\\/el-maestro-placido-domingo-recibe-el-premio-zeffirelli-tras-una-renombrada-gira-en-febrero\\\/#primaryimage\"},\"thumbnailUrl\":\"https:\\\/\\\/www.revistarambla.com\\\/wp-content\\\/uploads\\\/2026\\\/03\\\/phpcnPPEI69afdb8070592.jpg\",\"articleSection\":[\"Otras Noticias\"],\"inLanguage\":\"en-GB\"},{\"@type\":\"WebPage\",\"@id\":\"https:\\\/\\\/www.revistarambla.com\\\/el-maestro-placido-domingo-recibe-el-premio-zeffirelli-tras-una-renombrada-gira-en-febrero\\\/\",\"url\":\"https:\\\/\\\/www.revistarambla.com\\\/el-maestro-placido-domingo-recibe-el-premio-zeffirelli-tras-una-renombrada-gira-en-febrero\\\/\",\"name\":\"El maestro Pl\u00e1cido Domingo recibe el Premio Zeffirelli tras una renombrada gira en febrero - Revista Rambla\",\"isPartOf\":{\"@id\":\"https:\\\/\\\/www.revistarambla.com\\\/#website\"},\"primaryImageOfPage\":{\"@id\":\"https:\\\/\\\/www.revistarambla.com\\\/el-maestro-placido-domingo-recibe-el-premio-zeffirelli-tras-una-renombrada-gira-en-febrero\\\/#primaryimage\"},\"image\":{\"@id\":\"https:\\\/\\\/www.revistarambla.com\\\/el-maestro-placido-domingo-recibe-el-premio-zeffirelli-tras-una-renombrada-gira-en-febrero\\\/#primaryimage\"},\"thumbnailUrl\":\"https:\\\/\\\/www.revistarambla.com\\\/wp-content\\\/uploads\\\/2026\\\/03\\\/phpcnPPEI69afdb8070592.jpg\",\"datePublished\":\"2026-03-12T10:16:19+00:00\",\"breadcrumb\":{\"@id\":\"https:\\\/\\\/www.revistarambla.com\\\/el-maestro-placido-domingo-recibe-el-premio-zeffirelli-tras-una-renombrada-gira-en-febrero\\\/#breadcrumb\"},\"inLanguage\":\"en-GB\",\"potentialAction\":[{\"@type\":\"ReadAction\",\"target\":[\"https:\\\/\\\/www.revistarambla.com\\\/el-maestro-placido-domingo-recibe-el-premio-zeffirelli-tras-una-renombrada-gira-en-febrero\\\/\"]}]},{\"@type\":\"ImageObject\",\"inLanguage\":\"en-GB\",\"@id\":\"https:\\\/\\\/www.revistarambla.com\\\/el-maestro-placido-domingo-recibe-el-premio-zeffirelli-tras-una-renombrada-gira-en-febrero\\\/#primaryimage\",\"url\":\"https:\\\/\\\/www.revistarambla.com\\\/wp-content\\\/uploads\\\/2026\\\/03\\\/phpcnPPEI69afdb8070592.jpg\",\"contentUrl\":\"https:\\\/\\\/www.revistarambla.com\\\/wp-content\\\/uploads\\\/2026\\\/03\\\/phpcnPPEI69afdb8070592.jpg\",\"width\":1800,\"height\":1200,\"caption\":\"PL\u00c1CIDO\"},{\"@type\":\"BreadcrumbList\",\"@id\":\"https:\\\/\\\/www.revistarambla.com\\\/el-maestro-placido-domingo-recibe-el-premio-zeffirelli-tras-una-renombrada-gira-en-febrero\\\/#breadcrumb\",\"itemListElement\":[{\"@type\":\"ListItem\",\"position\":1,\"name\":\"Portada\",\"item\":\"https:\\\/\\\/www.revistarambla.com\\\/\"},{\"@type\":\"ListItem\",\"position\":2,\"name\":\"El maestro Pl\u00e1cido Domingo recibe el Premio Zeffirelli tras una renombrada gira en febrero\"}]},{\"@type\":\"WebSite\",\"@id\":\"https:\\\/\\\/www.revistarambla.com\\\/#website\",\"url\":\"https:\\\/\\\/www.revistarambla.com\\\/\",\"name\":\"Revista Rambla Barcelona\",\"description\":\"Periodismo independiente\",\"publisher\":{\"@id\":\"https:\\\/\\\/www.revistarambla.com\\\/#organization\"},\"potentialAction\":[{\"@type\":\"SearchAction\",\"target\":{\"@type\":\"EntryPoint\",\"urlTemplate\":\"https:\\\/\\\/www.revistarambla.com\\\/?s={search_term_string}\"},\"query-input\":{\"@type\":\"PropertyValueSpecification\",\"valueRequired\":true,\"valueName\":\"search_term_string\"}}],\"inLanguage\":\"en-GB\"},{\"@type\":\"Organization\",\"@id\":\"https:\\\/\\\/www.revistarambla.com\\\/#organization\",\"name\":\"Revista Rambla\",\"url\":\"https:\\\/\\\/www.revistarambla.com\\\/\",\"logo\":{\"@type\":\"ImageObject\",\"inLanguage\":\"en-GB\",\"@id\":\"https:\\\/\\\/www.revistarambla.com\\\/#\\\/schema\\\/logo\\\/image\\\/\",\"url\":\"https:\\\/\\\/www.revistarambla.com\\\/wp-content\\\/uploads\\\/2020\\\/09\\\/banner_rambla_1900x600_BB.png\",\"contentUrl\":\"https:\\\/\\\/www.revistarambla.com\\\/wp-content\\\/uploads\\\/2020\\\/09\\\/banner_rambla_1900x600_BB.png\",\"width\":1900,\"height\":600,\"caption\":\"Revista Rambla\"},\"image\":{\"@id\":\"https:\\\/\\\/www.revistarambla.com\\\/#\\\/schema\\\/logo\\\/image\\\/\"},\"sameAs\":[\"https:\\\/\\\/www.facebook.com\\\/revistarambla\\\/\",\"https:\\\/\\\/x.com\\\/revistarambla\",\"https:\\\/\\\/www.instagram.com\\\/revista_rambla\",\"https:\\\/\\\/es.linkedin.com\\\/company\\\/revista-rambla\"]},{\"@type\":\"Person\",\"@id\":\"https:\\\/\\\/www.revistarambla.com\\\/#\\\/schema\\\/person\\\/a146a5a2550b94981a75131180e1bd9c\",\"name\":\"R@mbla\",\"description\":\"Este art\u00edculo ha sido redactado y\\\/o validado por el equipo de redacci\u00f3n de Revista Rambla.\",\"sameAs\":[\"https:\\\/\\\/www.revistarambla.com\\\/\",\"https:\\\/\\\/www.facebook.com\\\/revistarambla\",\"https:\\\/\\\/x.com\\\/revistarambla\"]}]}<\/script>\n<!-- \/ Yoast SEO plugin. -->","yoast_head_json":{"title":"El maestro Pl\u00e1cido Domingo recibe el Premio Zeffirelli tras una renombrada gira en febrero - Revista Rambla","robots":{"index":"index","follow":"follow","max-snippet":"max-snippet:-1","max-image-preview":"max-image-preview:large","max-video-preview":"max-video-preview:-1"},"canonical":"https:\/\/www.revistarambla.com\/en\/el-maestro-placido-domingo-recibe-el-premio-zeffirelli-tras-una-renombrada-gira-en-febrero\/","og_locale":"en_GB","og_type":"article","og_title":"El maestro Pl\u00e1cido Domingo recibe el Premio Zeffirelli tras una renombrada gira en febrero - Revista Rambla","og_description":"La agenda internacional de Pl\u00e1cido Domingo atrajo atenci\u00f3n durante febrero de 2026, impulsada por una serie de actuaciones, reconocimientos y eventos que destacaron su firme dedicaci\u00f3n a la cultura. En un breve lapso de tiempo, el tenor espa\u00f1ol dej\u00f3 una huella notable en Egipto, M\u00f3naco e Italia, reafirmando su presencia [&hellip;]","og_url":"https:\/\/www.revistarambla.com\/en\/el-maestro-placido-domingo-recibe-el-premio-zeffirelli-tras-una-renombrada-gira-en-febrero\/","og_site_name":"Revista Rambla","article_publisher":"https:\/\/www.facebook.com\/revistarambla\/","article_author":"https:\/\/www.facebook.com\/revistarambla","article_published_time":"2026-03-12T10:16:19+00:00","og_image":[{"width":1800,"height":1200,"url":"https:\/\/www.revistarambla.com\/wp-content\/uploads\/2026\/03\/phpcnPPEI69afdb8070592.jpg","type":"image\/jpeg"}],"author":"R@mbla","twitter_card":"summary_large_image","twitter_creator":"@revistarambla","twitter_site":"@revistarambla","twitter_misc":{"Written by":"R@mbla","Estimated reading time":"4 minutes"},"schema":{"@context":"https:\/\/schema.org","@graph":[{"@type":"Article","@id":"https:\/\/www.revistarambla.com\/el-maestro-placido-domingo-recibe-el-premio-zeffirelli-tras-una-renombrada-gira-en-febrero\/#article","isPartOf":{"@id":"https:\/\/www.revistarambla.com\/el-maestro-placido-domingo-recibe-el-premio-zeffirelli-tras-una-renombrada-gira-en-febrero\/"},"author":{"name":"R@mbla","@id":"https:\/\/www.revistarambla.com\/#\/schema\/person\/a146a5a2550b94981a75131180e1bd9c"},"headline":"El maestro Pl\u00e1cido Domingo recibe el Premio Zeffirelli tras una renombrada gira en febrero","datePublished":"2026-03-12T10:16:19+00:00","mainEntityOfPage":{"@id":"https:\/\/www.revistarambla.com\/el-maestro-placido-domingo-recibe-el-premio-zeffirelli-tras-una-renombrada-gira-en-febrero\/"},"wordCount":698,"publisher":{"@id":"https:\/\/www.revistarambla.com\/#organization"},"image":{"@id":"https:\/\/www.revistarambla.com\/el-maestro-placido-domingo-recibe-el-premio-zeffirelli-tras-una-renombrada-gira-en-febrero\/#primaryimage"},"thumbnailUrl":"https:\/\/www.revistarambla.com\/wp-content\/uploads\/2026\/03\/phpcnPPEI69afdb8070592.jpg","articleSection":["Otras Noticias"],"inLanguage":"en-GB"},{"@type":"WebPage","@id":"https:\/\/www.revistarambla.com\/el-maestro-placido-domingo-recibe-el-premio-zeffirelli-tras-una-renombrada-gira-en-febrero\/","url":"https:\/\/www.revistarambla.com\/el-maestro-placido-domingo-recibe-el-premio-zeffirelli-tras-una-renombrada-gira-en-febrero\/","name":"El maestro Pl\u00e1cido Domingo recibe el Premio Zeffirelli tras una renombrada gira en febrero - Revista Rambla","isPartOf":{"@id":"https:\/\/www.revistarambla.com\/#website"},"primaryImageOfPage":{"@id":"https:\/\/www.revistarambla.com\/el-maestro-placido-domingo-recibe-el-premio-zeffirelli-tras-una-renombrada-gira-en-febrero\/#primaryimage"},"image":{"@id":"https:\/\/www.revistarambla.com\/el-maestro-placido-domingo-recibe-el-premio-zeffirelli-tras-una-renombrada-gira-en-febrero\/#primaryimage"},"thumbnailUrl":"https:\/\/www.revistarambla.com\/wp-content\/uploads\/2026\/03\/phpcnPPEI69afdb8070592.jpg","datePublished":"2026-03-12T10:16:19+00:00","breadcrumb":{"@id":"https:\/\/www.revistarambla.com\/el-maestro-placido-domingo-recibe-el-premio-zeffirelli-tras-una-renombrada-gira-en-febrero\/#breadcrumb"},"inLanguage":"en-GB","potentialAction":[{"@type":"ReadAction","target":["https:\/\/www.revistarambla.com\/el-maestro-placido-domingo-recibe-el-premio-zeffirelli-tras-una-renombrada-gira-en-febrero\/"]}]},{"@type":"ImageObject","inLanguage":"en-GB","@id":"https:\/\/www.revistarambla.com\/el-maestro-placido-domingo-recibe-el-premio-zeffirelli-tras-una-renombrada-gira-en-febrero\/#primaryimage","url":"https:\/\/www.revistarambla.com\/wp-content\/uploads\/2026\/03\/phpcnPPEI69afdb8070592.jpg","contentUrl":"https:\/\/www.revistarambla.com\/wp-content\/uploads\/2026\/03\/phpcnPPEI69afdb8070592.jpg","width":1800,"height":1200,"caption":"PL\u00c1CIDO"},{"@type":"BreadcrumbList","@id":"https:\/\/www.revistarambla.com\/el-maestro-placido-domingo-recibe-el-premio-zeffirelli-tras-una-renombrada-gira-en-febrero\/#breadcrumb","itemListElement":[{"@type":"ListItem","position":1,"name":"Portada","item":"https:\/\/www.revistarambla.com\/"},{"@type":"ListItem","position":2,"name":"El maestro Pl\u00e1cido Domingo recibe el Premio Zeffirelli tras una renombrada gira en febrero"}]},{"@type":"WebSite","@id":"https:\/\/www.revistarambla.com\/#website","url":"https:\/\/www.revistarambla.com\/","name":"Revista Rambla Barcelona","description":"Periodismo independiente","publisher":{"@id":"https:\/\/www.revistarambla.com\/#organization"},"potentialAction":[{"@type":"SearchAction","target":{"@type":"EntryPoint","urlTemplate":"https:\/\/www.revistarambla.com\/?s={search_term_string}"},"query-input":{"@type":"PropertyValueSpecification","valueRequired":true,"valueName":"search_term_string"}}],"inLanguage":"en-GB"},{"@type":"Organization","@id":"https:\/\/www.revistarambla.com\/#organization","name":"Revista Rambla","url":"https:\/\/www.revistarambla.com\/","logo":{"@type":"ImageObject","inLanguage":"en-GB","@id":"https:\/\/www.revistarambla.com\/#\/schema\/logo\/image\/","url":"https:\/\/www.revistarambla.com\/wp-content\/uploads\/2020\/09\/banner_rambla_1900x600_BB.png","contentUrl":"https:\/\/www.revistarambla.com\/wp-content\/uploads\/2020\/09\/banner_rambla_1900x600_BB.png","width":1900,"height":600,"caption":"Revista Rambla"},"image":{"@id":"https:\/\/www.revistarambla.com\/#\/schema\/logo\/image\/"},"sameAs":["https:\/\/www.facebook.com\/revistarambla\/","https:\/\/x.com\/revistarambla","https:\/\/www.instagram.com\/revista_rambla","https:\/\/es.linkedin.com\/company\/revista-rambla"]},{"@type":"Person","@id":"https:\/\/www.revistarambla.com\/#\/schema\/person\/a146a5a2550b94981a75131180e1bd9c","name":"R@mbla","description":"Este art\u00edculo ha sido redactado y\/o validado por el equipo de redacci\u00f3n de Revista Rambla.","sameAs":["https:\/\/www.revistarambla.com\/","https:\/\/www.facebook.com\/revistarambla","https:\/\/x.com\/revistarambla"]}]}},"_links":{"self":[{"href":"https:\/\/www.revistarambla.com\/en\/wp-json\/wp\/v2\/posts\/67917","targetHints":{"allow":["GET"]}}],"collection":[{"href":"https:\/\/www.revistarambla.com\/en\/wp-json\/wp\/v2\/posts"}],"about":[{"href":"https:\/\/www.revistarambla.com\/en\/wp-json\/wp\/v2\/types\/post"}],"author":[{"embeddable":true,"href":"https:\/\/www.revistarambla.com\/en\/wp-json\/wp\/v2\/users\/3"}],"replies":[{"embeddable":true,"href":"https:\/\/www.revistarambla.com\/en\/wp-json\/wp\/v2\/comments?post=67917"}],"version-history":[{"count":1,"href":"https:\/\/www.revistarambla.com\/en\/wp-json\/wp\/v2\/posts\/67917\/revisions"}],"predecessor-version":[{"id":67919,"href":"https:\/\/www.revistarambla.com\/en\/wp-json\/wp\/v2\/posts\/67917\/revisions\/67919"}],"wp:featuredmedia":[{"embeddable":true,"href":"https:\/\/www.revistarambla.com\/en\/wp-json\/wp\/v2\/media\/67918"}],"wp:attachment":[{"href":"https:\/\/www.revistarambla.com\/en\/wp-json\/wp\/v2\/media?parent=67917"}],"wp:term":[{"taxonomy":"category","embeddable":true,"href":"https:\/\/www.revistarambla.com\/en\/wp-json\/wp\/v2\/categories?post=67917"},{"taxonomy":"post_tag","embeddable":true,"href":"https:\/\/www.revistarambla.com\/en\/wp-json\/wp\/v2\/tags?post=67917"}],"curies":[{"name":"wp","href":"https:\/\/api.w.org\/{rel}","templated":true}]}}