{"id":67913,"date":"2026-03-09T18:26:33","date_gmt":"2026-03-09T17:26:33","guid":{"rendered":"https:\/\/www.revistarambla.com\/?p=67913"},"modified":"2026-03-12T11:47:34","modified_gmt":"2026-03-12T10:47:34","slug":"iran-en-el-umbral-de-lo-irreversible","status":"publish","type":"post","link":"https:\/\/www.revistarambla.com\/en\/iran-en-el-umbral-de-lo-irreversible\/","title":{"rendered":"Ir\u00e1n, en el umbral de lo irreversible"},"content":{"rendered":"<p>En la historia de los Estados hay momentos en los que las tensiones acumuladas dejan de ser gestionables dentro de los m\u00e1rgenes habituales de la pol\u00edtica. Es el instante en que las contradicciones estructurales \u2014econ\u00f3micas, sociales, geopol\u00edticas\u2014 se entrelazan con una crisis inmediata y empujan al sistema hacia un territorio desconocido. Ir\u00e1n parece haber entrado precisamente en esa fase. La Rep\u00fablica Isl\u00e1mica, nacida de la revoluci\u00f3n de 1979 y construida durante d\u00e9cadas sobre un equilibrio delicado entre ideolog\u00eda, poder clerical, aparato militar y legitimidad nacional, atraviesa hoy una coyuntura en la que cada decisi\u00f3n puede tener consecuencias irreversibles.<\/p>\n<p>La percepci\u00f3n de que el pa\u00eds se aproxima a un punto de no retorno se sustenta en una combinaci\u00f3n de factores internos y externos. Por un lado, una guerra abierta o encubierta con Estados Unidos e Israel ha escalado hasta niveles que pocos analistas habr\u00edan considerado plausibles hace apenas unos a\u00f1os. Por otro, la estructura pol\u00edtica iran\u00ed sufre un desgaste acumulado por d\u00e9cadas de sanciones econ\u00f3micas, aislamiento internacional y tensiones sociales que se han expresado repetidamente en protestas masivas. Cuando ambas din\u00e1micas se superponen \u2014conflicto exterior y fragilidad interior\u2014 el resultado suele ser una crisis de r\u00e9gimen o una radicalizaci\u00f3n del sistema.<\/p>\n<p>El detonante inmediato es la confrontaci\u00f3n militar. La ofensiva de Israel contra objetivos estrat\u00e9gicos en territorio iran\u00ed, incluyendo instalaciones vinculadas al programa nuclear, abri\u00f3 una fase de hostilidades que r\u00e1pidamente escal\u00f3 hacia una guerra indirecta entre potencias regionales y globales. En esos ataques murieron altos mandos militares y cient\u00edficos nucleares, y se golpearon infraestructuras clave del pa\u00eds. Israel justific\u00f3 la operaci\u00f3n argumentando que Teher\u00e1n estaba acerc\u00e1ndose a la capacidad de producir armas nucleares, lo que, desde su perspectiva, constitu\u00eda una amenaza existencial.<\/p>\n<p>La respuesta iran\u00ed no tard\u00f3 en llegar. Drones, misiles y operaciones indirectas en diversos escenarios regionales marcaron el inicio de una espiral de represalias. En paralelo, el estrat\u00e9gico estrecho de Ormuz \u2014por donde transita una parte sustancial del petr\u00f3leo mundial\u2014 se convirti\u00f3 en un escenario de tensi\u00f3n permanente. El simple riesgo de que el tr\u00e1nsito mar\u00edtimo se vea interrumpido ha disparado las alarmas en los mercados energ\u00e9ticos y ha colocado al Golfo P\u00e9rsico en el centro de la geopol\u00edtica global.<\/p>\n<p>Pero reducir la situaci\u00f3n iran\u00ed a una crisis militar ser\u00eda una simplificaci\u00f3n peligrosa. La presi\u00f3n exterior act\u00faa como catalizador de un problema m\u00e1s profundo: el desgaste interno del sistema pol\u00edtico. En los \u00faltimos a\u00f1os, Ir\u00e1n ha vivido algunas de las mayores protestas desde la instauraci\u00f3n de la Rep\u00fablica Isl\u00e1mica. Las movilizaciones, impulsadas inicialmente por el deterioro econ\u00f3mico \u2014inflaci\u00f3n descontrolada, depreciaci\u00f3n del rial, escasez de recursos\u2014 evolucionaron r\u00e1pidamente hacia demandas pol\u00edticas m\u00e1s radicales, incluida la ca\u00edda del r\u00e9gimen.<\/p>\n<p>El r\u00e9gimen respondi\u00f3 con una represi\u00f3n severa. El aparato de seguridad, apoyado por la Guardia Revolucionaria, utiliz\u00f3 una combinaci\u00f3n de detenciones masivas, censura digital y fuerza directa para sofocar las manifestaciones. Sin embargo, la represi\u00f3n no resolvi\u00f3 el problema estructural: una parte significativa de la sociedad iran\u00ed percibe que el sistema pol\u00edtico ya no ofrece canales para expresar el descontento ni perspectivas de reforma real. En esa brecha entre Estado y sociedad se gestan las crisis de legitimidad m\u00e1s profundas.<\/p>\n<p>Parad\u00f3jicamente, el conflicto externo puede reforzar temporalmente al r\u00e9gimen. La historia muestra que los Estados sometidos a amenazas militares tienden a cerrar filas internamente. Ese fen\u00f3meno, conocido como \u201cefecto de agrupamiento en torno a la bandera\u201d, se ha observado repetidamente en Ir\u00e1n. Incluso sectores cr\u00edticos del gobierno tienden a movilizarse en defensa de la soberan\u00eda nacional cuando perciben una agresi\u00f3n extranjera. Esta reacci\u00f3n patri\u00f3tica ofrece al poder una narrativa \u00fatil para justificar el control pol\u00edtico y deslegitimar a la oposici\u00f3n.<\/p>\n<p>Sin embargo, esa cohesi\u00f3n suele ser fr\u00e1gil. Cuando la guerra prolonga las dificultades econ\u00f3micas o multiplica los sacrificios sociales, el efecto puede invertirse. Ir\u00e1n lleva d\u00e9cadas viviendo bajo sanciones internacionales que han restringido su comercio, limitado la inversi\u00f3n extranjera y golpeado el nivel de vida de la poblaci\u00f3n. Diversos estudios han mostrado que este aislamiento geopol\u00edtico ha tenido consecuencias persistentes sobre el crecimiento econ\u00f3mico y la estabilidad institucional del pa\u00eds.<\/p>\n<p>El resultado es una econom\u00eda atrapada entre la resistencia y el agotamiento. Aunque el pa\u00eds posee enormes recursos energ\u00e9ticos y una sociedad altamente educada, el sistema productivo depende en gran medida del petr\u00f3leo y de redes econ\u00f3micas controladas por el Estado y la Guardia Revolucionaria. Esta estructura ha permitido sobrevivir a d\u00e9cadas de sanciones, pero tambi\u00e9n ha generado una econom\u00eda r\u00edgida, poco diversificada y vulnerable a las fluctuaciones del mercado energ\u00e9tico.<\/p>\n<p>A este cuadro se suma una crisis demogr\u00e1fica y generacional. M\u00e1s de la mitad de la poblaci\u00f3n iran\u00ed tiene menos de 35 a\u00f1os. Muchos de esos j\u00f3venes han crecido en un mundo globalizado, conectados culturalmente con el exterior y con expectativas de libertades personales y oportunidades econ\u00f3micas que el sistema actual dif\u00edcilmente puede ofrecer. Esta brecha entre la sociedad emergente y las estructuras pol\u00edticas heredadas es uno de los factores que alimentan el malestar.<\/p>\n<p>La cuesti\u00f3n del liderazgo tambi\u00e9n a\u00f1ade incertidumbre. El sistema pol\u00edtico iran\u00ed gira en torno a la figura del l\u00edder supremo, que ejerce un poder decisivo como \u00e1rbitro entre las instituciones religiosas, militares y civiles. Aunque la arquitectura institucional fue dise\u00f1ada para resistir presiones externas y garantizar continuidad, la eventual transici\u00f3n de liderazgo podr\u00eda desencadenar tensiones entre las distintas facciones del r\u00e9gimen. La experiencia hist\u00f3rica demuestra que las sucesiones en sistemas altamente centralizados suelen ser momentos cr\u00edticos.<\/p>\n<p>En este contexto, el t\u00e9rmino \u201cpunto de no retorno\u201d adquiere un significado espec\u00edfico. No implica necesariamente el colapso inmediato del Estado, sino la entrada en una din\u00e1mica de decisiones irreversibles. Cuando un pa\u00eds cruza ese umbral, cada movimiento reduce el margen para retroceder hacia el equilibrio anterior. La escalada militar, el endurecimiento interno del r\u00e9gimen o el desarrollo acelerado de capacidades nucleares son ejemplos de procesos que pueden transformar permanentemente la posici\u00f3n internacional de Ir\u00e1n.<\/p>\n<p>Desde la perspectiva de sus dirigentes, la confrontaci\u00f3n puede ser vista como una estrategia de supervivencia. El r\u00e9gimen iran\u00ed se ha construido hist\u00f3ricamente sobre la narrativa de resistencia frente a potencias extranjeras. Renunciar a esa identidad implicar\u00eda redefinir los fundamentos ideol\u00f3gicos del sistema. Por ello, incluso bajo presi\u00f3n extrema, el poder pol\u00edtico tiende a optar por la firmeza antes que por concesiones que podr\u00edan interpretarse como debilidad.<\/p>\n<p>Para Estados Unidos e Israel, en cambio, la prioridad es impedir que Ir\u00e1n se convierta en una potencia nuclear capaz de alterar el equilibrio estrat\u00e9gico en Oriente Medio. Esta l\u00f3gica de seguridad alimenta un ciclo de desconfianza mutua que dificulta cualquier salida diplom\u00e1tica. Cada acci\u00f3n defensiva de un actor es interpretada como amenaza por el otro, lo que conduce a nuevas medidas de contenci\u00f3n o ataque.<\/p>\n<p>El problema es que ese ciclo de escalada no ocurre en un vac\u00edo regional. Oriente Medio es un mosaico de conflictos interconectados: rivalidades entre potencias regionales, guerras civiles latentes, tensiones sectarias y disputas energ\u00e9ticas. En ese tablero, Ir\u00e1n no es solo un Estado, sino tambi\u00e9n un nodo de alianzas con actores como milicias regionales y movimientos pol\u00edticos que ampl\u00edan el alcance de cualquier confrontaci\u00f3n.<\/p>\n<p>Las consecuencias de un colapso o transformaci\u00f3n radical de Ir\u00e1n ser\u00edan imprevisibles. Con casi noventa millones de habitantes, una ubicaci\u00f3n estrat\u00e9gica entre Asia Central y el Golfo P\u00e9rsico y vastos recursos energ\u00e9ticos, el pa\u00eds es una pieza clave del equilibrio regional. Una crisis profunda podr\u00eda desencadenar efectos domin\u00f3 en pa\u00edses vecinos, alterar los mercados energ\u00e9ticos y reconfigurar las alianzas geopol\u00edticas en Eurasia.<\/p>\n<p>Por eso, m\u00e1s que un simple conflicto regional, lo que est\u00e1 en juego es el lugar de Ir\u00e1n en el orden internacional del siglo XXI. Si el pa\u00eds se consolida como potencia nuclear y actor central de un bloque antioccidental, el sistema internacional podr\u00eda entrar en una fase de polarizaci\u00f3n m\u00e1s intensa. Si, por el contrario, el r\u00e9gimen sufre una transformaci\u00f3n interna significativa, se abrir\u00eda una etapa de transici\u00f3n pol\u00edtica cuyas consecuencias son igualmente inciertas.<\/p>\n<p>En cualquiera de los escenarios posibles, lo que parece claro es que el equilibrio que permiti\u00f3 a la Rep\u00fablica Isl\u00e1mica sobrevivir durante m\u00e1s de cuatro d\u00e9cadas est\u00e1 bajo presi\u00f3n como nunca antes. La combinaci\u00f3n de guerra, crisis econ\u00f3mica y contestaci\u00f3n social crea un c\u00f3ctel pol\u00edtico dif\u00edcil de gestionar incluso para un sistema acostumbrado a resistir.<\/p>\n<p>Ir\u00e1n no se encuentra necesariamente al borde del colapso, pero s\u00ed en una fase en la que el retorno al statu quo anterior resulta cada vez m\u00e1s improbable. En ese sentido, el pa\u00eds se mueve en el umbral de una transformaci\u00f3n hist\u00f3rica: un punto en el que el pasado ya no ofrece respuestas y el futuro todav\u00eda no ha tomado forma.<\/p>","protected":false},"excerpt":{"rendered":"<p>La presi\u00f3n externa, el desgaste interno y la l\u00f3gica de la guerra empujan a la Rep\u00fablica Isl\u00e1mica hacia una encrucijada hist\u00f3rica<\/p>","protected":false},"author":3,"featured_media":67914,"comment_status":"closed","ping_status":"closed","sticky":false,"template":"","format":"standard","meta":{"footnotes":""},"categories":[57],"tags":[],"class_list":["post-67913","post","type-post","status-publish","format-standard","has-post-thumbnail","hentry","category-global"],"yoast_head":"<!-- This site is optimized with the Yoast SEO plugin v27.5 - https:\/\/yoast.com\/product\/yoast-seo-wordpress\/ -->\n<title>Ir\u00e1n, en el umbral de lo irreversible - Revista Rambla<\/title>\n<meta name=\"robots\" content=\"index, follow, max-snippet:-1, max-image-preview:large, max-video-preview:-1\" \/>\n<link rel=\"canonical\" href=\"https:\/\/www.revistarambla.com\/en\/iran-en-el-umbral-de-lo-irreversible\/\" \/>\n<meta property=\"og:locale\" content=\"en_GB\" \/>\n<meta property=\"og:type\" content=\"article\" \/>\n<meta property=\"og:title\" content=\"Ir\u00e1n, en el umbral de lo irreversible - Revista Rambla\" \/>\n<meta property=\"og:description\" content=\"La presi\u00f3n externa, el desgaste interno y la l\u00f3gica de la guerra empujan a la Rep\u00fablica Isl\u00e1mica hacia una encrucijada hist\u00f3rica\" \/>\n<meta property=\"og:url\" content=\"https:\/\/www.revistarambla.com\/en\/iran-en-el-umbral-de-lo-irreversible\/\" \/>\n<meta property=\"og:site_name\" content=\"Revista Rambla\" \/>\n<meta property=\"article:publisher\" content=\"https:\/\/www.facebook.com\/revistarambla\/\" \/>\n<meta property=\"article:author\" content=\"https:\/\/www.facebook.com\/revistarambla\" \/>\n<meta property=\"article:published_time\" content=\"2026-03-09T17:26:33+00:00\" \/>\n<meta property=\"article:modified_time\" content=\"2026-03-12T10:47:34+00:00\" \/>\n<meta property=\"og:image\" content=\"https:\/\/www.revistarambla.com\/wp-content\/uploads\/2026\/03\/iran.webp\" \/>\n\t<meta property=\"og:image:width\" content=\"1200\" \/>\n\t<meta property=\"og:image:height\" content=\"900\" \/>\n\t<meta property=\"og:image:type\" content=\"image\/webp\" \/>\n<meta name=\"author\" content=\"R@mbla\" \/>\n<meta name=\"twitter:card\" content=\"summary_large_image\" \/>\n<meta name=\"twitter:creator\" content=\"@revistarambla\" \/>\n<meta name=\"twitter:site\" content=\"@revistarambla\" \/>\n<meta name=\"twitter:label1\" content=\"Written by\" \/>\n\t<meta name=\"twitter:data1\" content=\"R@mbla\" \/>\n\t<meta name=\"twitter:label2\" content=\"Estimated reading time\" \/>\n\t<meta name=\"twitter:data2\" content=\"7 minutes\" \/>\n<script type=\"application\/ld+json\" class=\"yoast-schema-graph\">{\"@context\":\"https:\\\/\\\/schema.org\",\"@graph\":[{\"@type\":\"Article\",\"@id\":\"https:\\\/\\\/www.revistarambla.com\\\/iran-en-el-umbral-de-lo-irreversible\\\/#article\",\"isPartOf\":{\"@id\":\"https:\\\/\\\/www.revistarambla.com\\\/iran-en-el-umbral-de-lo-irreversible\\\/\"},\"author\":{\"name\":\"R@mbla\",\"@id\":\"https:\\\/\\\/www.revistarambla.com\\\/#\\\/schema\\\/person\\\/a146a5a2550b94981a75131180e1bd9c\"},\"headline\":\"Ir\u00e1n, en el umbral de lo irreversible\",\"datePublished\":\"2026-03-09T17:26:33+00:00\",\"dateModified\":\"2026-03-12T10:47:34+00:00\",\"mainEntityOfPage\":{\"@id\":\"https:\\\/\\\/www.revistarambla.com\\\/iran-en-el-umbral-de-lo-irreversible\\\/\"},\"wordCount\":1604,\"publisher\":{\"@id\":\"https:\\\/\\\/www.revistarambla.com\\\/#organization\"},\"image\":{\"@id\":\"https:\\\/\\\/www.revistarambla.com\\\/iran-en-el-umbral-de-lo-irreversible\\\/#primaryimage\"},\"thumbnailUrl\":\"https:\\\/\\\/www.revistarambla.com\\\/wp-content\\\/uploads\\\/2026\\\/03\\\/iran.webp\",\"articleSection\":[\"Global\"],\"inLanguage\":\"en-GB\"},{\"@type\":\"WebPage\",\"@id\":\"https:\\\/\\\/www.revistarambla.com\\\/iran-en-el-umbral-de-lo-irreversible\\\/\",\"url\":\"https:\\\/\\\/www.revistarambla.com\\\/iran-en-el-umbral-de-lo-irreversible\\\/\",\"name\":\"Ir\u00e1n, en el umbral de lo irreversible - Revista Rambla\",\"isPartOf\":{\"@id\":\"https:\\\/\\\/www.revistarambla.com\\\/#website\"},\"primaryImageOfPage\":{\"@id\":\"https:\\\/\\\/www.revistarambla.com\\\/iran-en-el-umbral-de-lo-irreversible\\\/#primaryimage\"},\"image\":{\"@id\":\"https:\\\/\\\/www.revistarambla.com\\\/iran-en-el-umbral-de-lo-irreversible\\\/#primaryimage\"},\"thumbnailUrl\":\"https:\\\/\\\/www.revistarambla.com\\\/wp-content\\\/uploads\\\/2026\\\/03\\\/iran.webp\",\"datePublished\":\"2026-03-09T17:26:33+00:00\",\"dateModified\":\"2026-03-12T10:47:34+00:00\",\"breadcrumb\":{\"@id\":\"https:\\\/\\\/www.revistarambla.com\\\/iran-en-el-umbral-de-lo-irreversible\\\/#breadcrumb\"},\"inLanguage\":\"en-GB\",\"potentialAction\":[{\"@type\":\"ReadAction\",\"target\":[\"https:\\\/\\\/www.revistarambla.com\\\/iran-en-el-umbral-de-lo-irreversible\\\/\"]}]},{\"@type\":\"ImageObject\",\"inLanguage\":\"en-GB\",\"@id\":\"https:\\\/\\\/www.revistarambla.com\\\/iran-en-el-umbral-de-lo-irreversible\\\/#primaryimage\",\"url\":\"https:\\\/\\\/www.revistarambla.com\\\/wp-content\\\/uploads\\\/2026\\\/03\\\/iran.webp\",\"contentUrl\":\"https:\\\/\\\/www.revistarambla.com\\\/wp-content\\\/uploads\\\/2026\\\/03\\\/iran.webp\",\"width\":1200,\"height\":900,\"caption\":\"bombardeo ir\u00e1n\"},{\"@type\":\"BreadcrumbList\",\"@id\":\"https:\\\/\\\/www.revistarambla.com\\\/iran-en-el-umbral-de-lo-irreversible\\\/#breadcrumb\",\"itemListElement\":[{\"@type\":\"ListItem\",\"position\":1,\"name\":\"Portada\",\"item\":\"https:\\\/\\\/www.revistarambla.com\\\/\"},{\"@type\":\"ListItem\",\"position\":2,\"name\":\"Ir\u00e1n, en el umbral de lo irreversible\"}]},{\"@type\":\"WebSite\",\"@id\":\"https:\\\/\\\/www.revistarambla.com\\\/#website\",\"url\":\"https:\\\/\\\/www.revistarambla.com\\\/\",\"name\":\"Revista Rambla Barcelona\",\"description\":\"Periodismo independiente\",\"publisher\":{\"@id\":\"https:\\\/\\\/www.revistarambla.com\\\/#organization\"},\"potentialAction\":[{\"@type\":\"SearchAction\",\"target\":{\"@type\":\"EntryPoint\",\"urlTemplate\":\"https:\\\/\\\/www.revistarambla.com\\\/?s={search_term_string}\"},\"query-input\":{\"@type\":\"PropertyValueSpecification\",\"valueRequired\":true,\"valueName\":\"search_term_string\"}}],\"inLanguage\":\"en-GB\"},{\"@type\":\"Organization\",\"@id\":\"https:\\\/\\\/www.revistarambla.com\\\/#organization\",\"name\":\"Revista Rambla\",\"url\":\"https:\\\/\\\/www.revistarambla.com\\\/\",\"logo\":{\"@type\":\"ImageObject\",\"inLanguage\":\"en-GB\",\"@id\":\"https:\\\/\\\/www.revistarambla.com\\\/#\\\/schema\\\/logo\\\/image\\\/\",\"url\":\"https:\\\/\\\/www.revistarambla.com\\\/wp-content\\\/uploads\\\/2020\\\/09\\\/banner_rambla_1900x600_BB.png\",\"contentUrl\":\"https:\\\/\\\/www.revistarambla.com\\\/wp-content\\\/uploads\\\/2020\\\/09\\\/banner_rambla_1900x600_BB.png\",\"width\":1900,\"height\":600,\"caption\":\"Revista Rambla\"},\"image\":{\"@id\":\"https:\\\/\\\/www.revistarambla.com\\\/#\\\/schema\\\/logo\\\/image\\\/\"},\"sameAs\":[\"https:\\\/\\\/www.facebook.com\\\/revistarambla\\\/\",\"https:\\\/\\\/x.com\\\/revistarambla\",\"https:\\\/\\\/www.instagram.com\\\/revista_rambla\",\"https:\\\/\\\/es.linkedin.com\\\/company\\\/revista-rambla\"]},{\"@type\":\"Person\",\"@id\":\"https:\\\/\\\/www.revistarambla.com\\\/#\\\/schema\\\/person\\\/a146a5a2550b94981a75131180e1bd9c\",\"name\":\"R@mbla\",\"description\":\"Este art\u00edculo ha sido redactado y\\\/o validado por el equipo de redacci\u00f3n de Revista Rambla.\",\"sameAs\":[\"https:\\\/\\\/www.revistarambla.com\\\/\",\"https:\\\/\\\/www.facebook.com\\\/revistarambla\",\"https:\\\/\\\/x.com\\\/revistarambla\"]}]}<\/script>\n<!-- \/ Yoast SEO plugin. -->","yoast_head_json":{"title":"Ir\u00e1n, en el umbral de lo irreversible - Revista Rambla","robots":{"index":"index","follow":"follow","max-snippet":"max-snippet:-1","max-image-preview":"max-image-preview:large","max-video-preview":"max-video-preview:-1"},"canonical":"https:\/\/www.revistarambla.com\/en\/iran-en-el-umbral-de-lo-irreversible\/","og_locale":"en_GB","og_type":"article","og_title":"Ir\u00e1n, en el umbral de lo irreversible - Revista Rambla","og_description":"La presi\u00f3n externa, el desgaste interno y la l\u00f3gica de la guerra empujan a la Rep\u00fablica Isl\u00e1mica hacia una encrucijada hist\u00f3rica","og_url":"https:\/\/www.revistarambla.com\/en\/iran-en-el-umbral-de-lo-irreversible\/","og_site_name":"Revista Rambla","article_publisher":"https:\/\/www.facebook.com\/revistarambla\/","article_author":"https:\/\/www.facebook.com\/revistarambla","article_published_time":"2026-03-09T17:26:33+00:00","article_modified_time":"2026-03-12T10:47:34+00:00","og_image":[{"width":1200,"height":900,"url":"https:\/\/www.revistarambla.com\/wp-content\/uploads\/2026\/03\/iran.webp","type":"image\/webp"}],"author":"R@mbla","twitter_card":"summary_large_image","twitter_creator":"@revistarambla","twitter_site":"@revistarambla","twitter_misc":{"Written by":"R@mbla","Estimated reading time":"7 minutes"},"schema":{"@context":"https:\/\/schema.org","@graph":[{"@type":"Article","@id":"https:\/\/www.revistarambla.com\/iran-en-el-umbral-de-lo-irreversible\/#article","isPartOf":{"@id":"https:\/\/www.revistarambla.com\/iran-en-el-umbral-de-lo-irreversible\/"},"author":{"name":"R@mbla","@id":"https:\/\/www.revistarambla.com\/#\/schema\/person\/a146a5a2550b94981a75131180e1bd9c"},"headline":"Ir\u00e1n, en el umbral de lo irreversible","datePublished":"2026-03-09T17:26:33+00:00","dateModified":"2026-03-12T10:47:34+00:00","mainEntityOfPage":{"@id":"https:\/\/www.revistarambla.com\/iran-en-el-umbral-de-lo-irreversible\/"},"wordCount":1604,"publisher":{"@id":"https:\/\/www.revistarambla.com\/#organization"},"image":{"@id":"https:\/\/www.revistarambla.com\/iran-en-el-umbral-de-lo-irreversible\/#primaryimage"},"thumbnailUrl":"https:\/\/www.revistarambla.com\/wp-content\/uploads\/2026\/03\/iran.webp","articleSection":["Global"],"inLanguage":"en-GB"},{"@type":"WebPage","@id":"https:\/\/www.revistarambla.com\/iran-en-el-umbral-de-lo-irreversible\/","url":"https:\/\/www.revistarambla.com\/iran-en-el-umbral-de-lo-irreversible\/","name":"Ir\u00e1n, en el umbral de lo irreversible - Revista Rambla","isPartOf":{"@id":"https:\/\/www.revistarambla.com\/#website"},"primaryImageOfPage":{"@id":"https:\/\/www.revistarambla.com\/iran-en-el-umbral-de-lo-irreversible\/#primaryimage"},"image":{"@id":"https:\/\/www.revistarambla.com\/iran-en-el-umbral-de-lo-irreversible\/#primaryimage"},"thumbnailUrl":"https:\/\/www.revistarambla.com\/wp-content\/uploads\/2026\/03\/iran.webp","datePublished":"2026-03-09T17:26:33+00:00","dateModified":"2026-03-12T10:47:34+00:00","breadcrumb":{"@id":"https:\/\/www.revistarambla.com\/iran-en-el-umbral-de-lo-irreversible\/#breadcrumb"},"inLanguage":"en-GB","potentialAction":[{"@type":"ReadAction","target":["https:\/\/www.revistarambla.com\/iran-en-el-umbral-de-lo-irreversible\/"]}]},{"@type":"ImageObject","inLanguage":"en-GB","@id":"https:\/\/www.revistarambla.com\/iran-en-el-umbral-de-lo-irreversible\/#primaryimage","url":"https:\/\/www.revistarambla.com\/wp-content\/uploads\/2026\/03\/iran.webp","contentUrl":"https:\/\/www.revistarambla.com\/wp-content\/uploads\/2026\/03\/iran.webp","width":1200,"height":900,"caption":"bombardeo ir\u00e1n"},{"@type":"BreadcrumbList","@id":"https:\/\/www.revistarambla.com\/iran-en-el-umbral-de-lo-irreversible\/#breadcrumb","itemListElement":[{"@type":"ListItem","position":1,"name":"Portada","item":"https:\/\/www.revistarambla.com\/"},{"@type":"ListItem","position":2,"name":"Ir\u00e1n, en el umbral de lo irreversible"}]},{"@type":"WebSite","@id":"https:\/\/www.revistarambla.com\/#website","url":"https:\/\/www.revistarambla.com\/","name":"Revista Rambla Barcelona","description":"Periodismo independiente","publisher":{"@id":"https:\/\/www.revistarambla.com\/#organization"},"potentialAction":[{"@type":"SearchAction","target":{"@type":"EntryPoint","urlTemplate":"https:\/\/www.revistarambla.com\/?s={search_term_string}"},"query-input":{"@type":"PropertyValueSpecification","valueRequired":true,"valueName":"search_term_string"}}],"inLanguage":"en-GB"},{"@type":"Organization","@id":"https:\/\/www.revistarambla.com\/#organization","name":"Revista Rambla","url":"https:\/\/www.revistarambla.com\/","logo":{"@type":"ImageObject","inLanguage":"en-GB","@id":"https:\/\/www.revistarambla.com\/#\/schema\/logo\/image\/","url":"https:\/\/www.revistarambla.com\/wp-content\/uploads\/2020\/09\/banner_rambla_1900x600_BB.png","contentUrl":"https:\/\/www.revistarambla.com\/wp-content\/uploads\/2020\/09\/banner_rambla_1900x600_BB.png","width":1900,"height":600,"caption":"Revista Rambla"},"image":{"@id":"https:\/\/www.revistarambla.com\/#\/schema\/logo\/image\/"},"sameAs":["https:\/\/www.facebook.com\/revistarambla\/","https:\/\/x.com\/revistarambla","https:\/\/www.instagram.com\/revista_rambla","https:\/\/es.linkedin.com\/company\/revista-rambla"]},{"@type":"Person","@id":"https:\/\/www.revistarambla.com\/#\/schema\/person\/a146a5a2550b94981a75131180e1bd9c","name":"R@mbla","description":"Este art\u00edculo ha sido redactado y\/o validado por el equipo de redacci\u00f3n de Revista Rambla.","sameAs":["https:\/\/www.revistarambla.com\/","https:\/\/www.facebook.com\/revistarambla","https:\/\/x.com\/revistarambla"]}]}},"_links":{"self":[{"href":"https:\/\/www.revistarambla.com\/en\/wp-json\/wp\/v2\/posts\/67913","targetHints":{"allow":["GET"]}}],"collection":[{"href":"https:\/\/www.revistarambla.com\/en\/wp-json\/wp\/v2\/posts"}],"about":[{"href":"https:\/\/www.revistarambla.com\/en\/wp-json\/wp\/v2\/types\/post"}],"author":[{"embeddable":true,"href":"https:\/\/www.revistarambla.com\/en\/wp-json\/wp\/v2\/users\/3"}],"replies":[{"embeddable":true,"href":"https:\/\/www.revistarambla.com\/en\/wp-json\/wp\/v2\/comments?post=67913"}],"version-history":[{"count":1,"href":"https:\/\/www.revistarambla.com\/en\/wp-json\/wp\/v2\/posts\/67913\/revisions"}],"predecessor-version":[{"id":67915,"href":"https:\/\/www.revistarambla.com\/en\/wp-json\/wp\/v2\/posts\/67913\/revisions\/67915"}],"wp:featuredmedia":[{"embeddable":true,"href":"https:\/\/www.revistarambla.com\/en\/wp-json\/wp\/v2\/media\/67914"}],"wp:attachment":[{"href":"https:\/\/www.revistarambla.com\/en\/wp-json\/wp\/v2\/media?parent=67913"}],"wp:term":[{"taxonomy":"category","embeddable":true,"href":"https:\/\/www.revistarambla.com\/en\/wp-json\/wp\/v2\/categories?post=67913"},{"taxonomy":"post_tag","embeddable":true,"href":"https:\/\/www.revistarambla.com\/en\/wp-json\/wp\/v2\/tags?post=67913"}],"curies":[{"name":"wp","href":"https:\/\/api.w.org\/{rel}","templated":true}]}}