{"id":67910,"date":"2026-03-09T18:13:01","date_gmt":"2026-03-09T17:13:01","guid":{"rendered":"https:\/\/www.revistarambla.com\/?p=67910"},"modified":"2026-03-09T18:13:01","modified_gmt":"2026-03-09T17:13:01","slug":"metropolis-un-siglo-mirando-al-futuro","status":"publish","type":"post","link":"https:\/\/www.revistarambla.com\/en\/metropolis-un-siglo-mirando-al-futuro\/","title":{"rendered":"Metr\u00f3polis, un siglo mirando al futuro"},"content":{"rendered":"<p>En 1926 apareci\u00f3 una novela que imaginaba un futuro dominado por rascacielos gigantes, m\u00e1quinas omnipresentes y una sociedad dividida entre quienes piensan y quienes trabajan. <!--more-->Un a\u00f1o despu\u00e9s esa historia se convertir\u00eda en una pel\u00edcula destinada a marcar para siempre la historia del cine. Hoy, un siglo despu\u00e9s de aquella intuici\u00f3n narrativa, <em>Metr\u00f3polis<\/em> contin\u00faa proyectando una sombra inquietantemente actual sobre el presente. Lo que en su momento parec\u00eda una fantas\u00eda futurista se revela ahora como un espejo inc\u00f3modo de nuestro propio tiempo.<\/p>\n<p>La obra surgi\u00f3 en un momento de convulsi\u00f3n hist\u00f3rica. Europa todav\u00eda se recuperaba de las heridas de la Primera Guerra Mundial, mientras las ciudades industriales crec\u00edan con una velocidad que parec\u00eda desafiar cualquier equilibrio social. En ese contexto, la escritora Thea von Harbou public\u00f3 la novela que servir\u00eda de base para la pel\u00edcula dirigida por Fritz Lang. La historia se sit\u00faa en una ciudad del futuro donde la riqueza, el poder y el ocio habitan en lo alto de enormes torres de cristal, mientras que en el subsuelo miles de trabajadores sostienen la maquinaria que mantiene viva a la metr\u00f3polis. La divisi\u00f3n no es solo econ\u00f3mica: es tambi\u00e9n espacial, moral y simb\u00f3lica. Arriba, la luz; abajo, la oscuridad. Arriba, el cerebro; abajo, las manos.<\/p>\n<p>Cuando Lang llev\u00f3 la historia a la pantalla en 1927, el resultado fue una de las producciones m\u00e1s ambiciosas del cine europeo. Con decorados monumentales, efectos visuales innovadores y miles de extras, la pel\u00edcula recreaba una ciudad futurista cuyo impacto visual sigue siendo deslumbrante. Aquella arquitectura cinematogr\u00e1fica mezclaba influencias del art d\u00e9co, del modernismo funcionalista y de una imaginaci\u00f3n tecnol\u00f3gica que convert\u00eda a la ciudad en un organismo vivo. Las avenidas elevadas, los rascacielos en cascada y las gigantescas m\u00e1quinas parec\u00edan anticipar el paisaje urbano del siglo XXI. No era solo una escenograf\u00eda espectacular; era una met\u00e1fora del nuevo mundo industrial que estaba naciendo.<\/p>\n<p>El origen visual de ese universo tuvo una an\u00e9cdota reveladora. Lang contaba que la idea surgi\u00f3 cuando, durante un viaje a Estados Unidos, contempl\u00f3 por primera vez el skyline nocturno de Nueva York. Aquellos edificios iluminados, erigidos como velas verticales contra el cielo oscuro, le produjeron una mezcla de fascinaci\u00f3n y desasosiego. La ciudad moderna, con su promesa de progreso infinito, escond\u00eda tambi\u00e9n una sensaci\u00f3n de v\u00e9rtigo. Esa impresi\u00f3n quedar\u00eda grabada en el ADN est\u00e9tico de <em>Metr\u00f3polis<\/em>.<\/p>\n<p>Pero la pel\u00edcula no fue solo un prodigio visual. Bajo la espectacularidad de sus im\u00e1genes lat\u00eda una inquietud profundamente pol\u00edtica. La sociedad de <em>Metr\u00f3polis<\/em> aparece organizada en dos mundos irreconciliables. Los dirigentes, instalados en jardines elevados y espacios luminosos, toman decisiones que afectan a millones de trabajadores invisibles. En los niveles inferiores, estos obreros pasan su vida alimentando m\u00e1quinas gigantescas que devoran su energ\u00eda y su tiempo. El progreso tecnol\u00f3gico no ha liberado a la humanidad; la ha sometido a una nueva forma de esclavitud industrial.<\/p>\n<p>La historia se articula alrededor del descubrimiento de esta realidad por parte de Freder, hijo del poderoso gobernante de la ciudad. Al descender a las profundidades de la metr\u00f3polis, el joven descubre el sufrimiento de los trabajadores y conoce a Mar\u00eda, una mujer que predica la esperanza de reconciliaci\u00f3n entre las clases. El argumento mezcla melodrama, par\u00e1bola religiosa y alegor\u00eda pol\u00edtica. El famoso lema que atraviesa la obra \u2014la idea de que el mediador entre el cerebro y las manos debe ser el coraz\u00f3n\u2014 resume esa aspiraci\u00f3n de armon\u00eda social que atraviesa la narrativa.<\/p>\n<p>Sin embargo, la fuerza de <em>Metr\u00f3polis<\/em> no reside tanto en su resoluci\u00f3n moral como en la crudeza con la que retrata las tensiones de la sociedad industrial. La pel\u00edcula muestra una civilizaci\u00f3n fascinada por sus m\u00e1quinas y al mismo tiempo dominada por ellas. En su visi\u00f3n del futuro, la tecnolog\u00eda se convierte casi en una divinidad moderna, poderosa e intimidante, ante la cual los seres humanos aparecen reducidos a simples piezas de un engranaje gigantesco. La ciudad funciona como un mecanismo perfecto que exige sacrificios humanos para mantenerse en marcha.<\/p>\n<p>Esa visi\u00f3n respond\u00eda a las contradicciones de la \u00e9poca en que fue creada. La Alemania de la Rep\u00fablica de Weimar viv\u00eda una modernizaci\u00f3n vertiginosa, marcada por la industrializaci\u00f3n, la urbanizaci\u00f3n y la crisis social. Las tensiones pol\u00edticas se intensificaban mientras las promesas del progreso parec\u00edan cada vez m\u00e1s fr\u00e1giles. En ese clima, el expresionismo alem\u00e1n \u2014movimiento art\u00edstico al que pertenece la pel\u00edcula\u2014 exploraba las angustias de una sociedad que avanzaba hacia un futuro incierto. Las im\u00e1genes deformadas, los contrastes de luz y sombra y los escenarios monumentales eran una forma de representar el malestar colectivo de aquellos a\u00f1os convulsos.<\/p>\n<p>La propia pel\u00edcula est\u00e1 llena de contradicciones ideol\u00f3gicas. Por un lado, su representaci\u00f3n de la explotaci\u00f3n laboral y de la alienaci\u00f3n industrial tiene ecos del pensamiento marxista. La ciudad aparece claramente dividida en clases, y el trabajo mecanizado reduce a los obreros a una masa an\u00f3nima. Pero al mismo tiempo la soluci\u00f3n propuesta por la historia no es la revoluci\u00f3n sino la reconciliaci\u00f3n, una especie de armon\u00eda corporativa entre dirigentes y trabajadores. Esa ambig\u00fcedad refleja las tensiones ideol\u00f3gicas de la \u00e9poca y tambi\u00e9n las diferencias entre sus creadores.<\/p>\n<p>Pese a su monumentalidad, <em>Metr\u00f3polis<\/em> no fue un \u00e9xito inmediato. El enorme presupuesto invertido en la producci\u00f3n result\u00f3 dif\u00edcil de recuperar en taquilla y la pel\u00edcula sufri\u00f3 recortes que mutilaron su estructura narrativa durante d\u00e9cadas. Parad\u00f3jicamente, su verdadera consagraci\u00f3n lleg\u00f3 mucho despu\u00e9s. Con el tiempo, las generaciones posteriores de cineastas descubrieron en ella una fuente inagotable de inspiraci\u00f3n. Sus im\u00e1genes influyeron en pel\u00edculas de ciencia ficci\u00f3n, en la est\u00e9tica de los videoclips y en la iconograf\u00eda de la cultura popular.<\/p>\n<p>La influencia visual de la obra es casi imposible de exagerar. Las ciudades futuristas del cine contempor\u00e1neo, desde los paisajes urbanos saturados de ne\u00f3n hasta las autopistas a\u00e9reas entre rascacielos, tienen una deuda evidente con las visiones de Lang. El robot femenino que aparece en la pel\u00edcula \u2014uno de los primeros androides del cine\u2014 anticip\u00f3 un imaginario que hoy es omnipresente en la cultura tecnol\u00f3gica. Incluso la idea de una sociedad dominada por algoritmos y m\u00e1quinas encuentra un eco sorprendente en aquellas im\u00e1genes de obreros convertidos en engranajes humanos.<\/p>\n<p>Pero quiz\u00e1 lo m\u00e1s inquietante de <em>Metr\u00f3polis<\/em> sea su dimensi\u00f3n prof\u00e9tica. La historia se sit\u00faa en un futuro que, en algunas versiones del relato, coincide precisamente con nuestro presente. El a\u00f1o 2026 aparece como el horizonte temporal de aquella sociedad imaginada, una coincidencia que convierte el centenario de la obra en una especie de espejo hist\u00f3rico. Aquella ficci\u00f3n pensada para advertir sobre los peligros del progreso sin justicia social se superpone ahora con un mundo real atravesado por desigualdades tecnol\u00f3gicas, automatizaci\u00f3n del trabajo y concentraci\u00f3n del poder econ\u00f3mico.<\/p>\n<p>La pregunta que planteaba la pel\u00edcula sigue abierta. \u00bfPuede la tecnolog\u00eda construir una sociedad m\u00e1s justa o terminar\u00e1 profundizando las divisiones existentes? La metr\u00f3polis de Lang era un lugar donde el progreso material conviv\u00eda con una profunda fractura social. Los dirigentes cre\u00edan controlar el sistema, pero en realidad depend\u00edan de una masa de trabajadores invisibles cuyo descontento pod\u00eda hacer colapsar la ciudad entera.<\/p>\n<p>Esa tensi\u00f3n entre progreso y desigualdad es una de las razones por las que la obra contin\u00faa resultando actual. En un mundo donde las plataformas digitales, la inteligencia artificial y la automatizaci\u00f3n transforman el trabajo a gran velocidad, la met\u00e1fora de la m\u00e1quina que devora a sus operadores adquiere un significado renovado. La pel\u00edcula no imaginaba ordenadores ni redes globales, pero s\u00ed comprend\u00eda algo esencial: que la tecnolog\u00eda nunca es neutral y que su impacto depende de la forma en que se organiza la sociedad.<\/p>\n<p>Tambi\u00e9n hay en <em>Metr\u00f3polis<\/em> una reflexi\u00f3n sobre la relaci\u00f3n entre poder y arquitectura. La ciudad no es solo un escenario; es una estructura que refleja y reproduce la jerarqu\u00eda social. Las alturas luminosas simbolizan el dominio de las \u00e9lites, mientras que las profundidades subterr\u00e1neas representan la invisibilidad de quienes sostienen el sistema. Esa distribuci\u00f3n vertical del espacio se ha convertido en una met\u00e1fora recurrente para describir las desigualdades contempor\u00e1neas.<\/p>\n<p>Un siglo despu\u00e9s de su nacimiento, la obra sigue generando interpretaciones. Algunos la ven como una advertencia contra los excesos del capitalismo industrial; otros, como una alegor\u00eda religiosa sobre la reconciliaci\u00f3n humana. Hay quienes destacan su ambig\u00fcedad pol\u00edtica y quienes subrayan su dimensi\u00f3n est\u00e9tica. Pero en todas esas lecturas hay un elemento com\u00fan: la sensaci\u00f3n de que aquella visi\u00f3n del futuro no pertenece solo al pasado.<\/p>\n<p>El tiempo ha transformado a <em>Metr\u00f3polis<\/em> en algo m\u00e1s que una pel\u00edcula. Es un mito cultural, una imagen persistente de la modernidad y de sus promesas contradictorias. En sus calles imaginarias se cruzan el entusiasmo por la tecnolog\u00eda, el miedo a la deshumanizaci\u00f3n y la esperanza de una sociedad m\u00e1s equilibrada. Tal vez por eso sigue fascinando a cada nueva generaci\u00f3n de espectadores.<\/p>\n<p>A cien a\u00f1os de su concepci\u00f3n, la gran ciudad futurista de Lang contin\u00faa iluminando nuestras propias incertidumbres. No porque haya acertado todos los detalles del futuro, sino porque supo captar una verdad m\u00e1s profunda: que el progreso sin justicia puede construir metr\u00f3polis deslumbrantes, pero tambi\u00e9n mundos profundamente fracturados. Y que, entre las m\u00e1quinas y los seres humanos, siempre quedar\u00e1 pendiente la misma pregunta que resonaba en aquella historia: qui\u00e9n controla realmente la ciudad que hemos construido.<\/p>","protected":false},"excerpt":{"rendered":"<p>La obra visionaria de Fritz Lang que imagin\u00f3 el siglo XXI y revel\u00f3 las tensiones sociales de la modernidad sigue interpelando a nuestro tiempo cien a\u00f1os despu\u00e9s.<\/p>","protected":false},"author":3,"featured_media":67911,"comment_status":"closed","ping_status":"closed","sticky":false,"template":"","format":"standard","meta":{"footnotes":""},"categories":[61],"tags":[],"class_list":["post-67910","post","type-post","status-publish","format-standard","has-post-thumbnail","hentry","category-cine"],"yoast_head":"<!-- This site is optimized with the Yoast SEO plugin v27.5 - https:\/\/yoast.com\/product\/yoast-seo-wordpress\/ -->\n<title>Metr\u00f3polis, un siglo mirando al futuro - Revista Rambla<\/title>\n<meta name=\"robots\" content=\"index, follow, max-snippet:-1, max-image-preview:large, max-video-preview:-1\" \/>\n<link rel=\"canonical\" href=\"https:\/\/www.revistarambla.com\/en\/metropolis-un-siglo-mirando-al-futuro\/\" \/>\n<meta property=\"og:locale\" content=\"en_GB\" \/>\n<meta property=\"og:type\" content=\"article\" \/>\n<meta property=\"og:title\" content=\"Metr\u00f3polis, un siglo mirando al futuro - Revista Rambla\" \/>\n<meta property=\"og:description\" content=\"La obra visionaria de Fritz Lang que imagin\u00f3 el siglo XXI y revel\u00f3 las tensiones sociales de la modernidad sigue interpelando a nuestro tiempo cien a\u00f1os despu\u00e9s.\" \/>\n<meta property=\"og:url\" content=\"https:\/\/www.revistarambla.com\/en\/metropolis-un-siglo-mirando-al-futuro\/\" \/>\n<meta property=\"og:site_name\" content=\"Revista Rambla\" \/>\n<meta property=\"article:publisher\" content=\"https:\/\/www.facebook.com\/revistarambla\/\" \/>\n<meta property=\"article:author\" content=\"https:\/\/www.facebook.com\/revistarambla\" \/>\n<meta property=\"article:published_time\" content=\"2026-03-09T17:13:01+00:00\" \/>\n<meta property=\"og:image\" content=\"https:\/\/www.revistarambla.com\/wp-content\/uploads\/2026\/03\/metropolis-1926-07-g.jpg\" \/>\n\t<meta property=\"og:image:width\" content=\"1131\" \/>\n\t<meta property=\"og:image:height\" content=\"928\" \/>\n\t<meta property=\"og:image:type\" content=\"image\/jpeg\" \/>\n<meta name=\"author\" content=\"R@mbla\" \/>\n<meta name=\"twitter:card\" content=\"summary_large_image\" \/>\n<meta name=\"twitter:creator\" content=\"@revistarambla\" \/>\n<meta name=\"twitter:site\" content=\"@revistarambla\" \/>\n<meta name=\"twitter:label1\" content=\"Written by\" \/>\n\t<meta name=\"twitter:data1\" content=\"R@mbla\" \/>\n\t<meta name=\"twitter:label2\" content=\"Estimated reading time\" \/>\n\t<meta name=\"twitter:data2\" content=\"8 minutes\" \/>\n<script type=\"application\/ld+json\" class=\"yoast-schema-graph\">{\"@context\":\"https:\\\/\\\/schema.org\",\"@graph\":[{\"@type\":\"Article\",\"@id\":\"https:\\\/\\\/www.revistarambla.com\\\/metropolis-un-siglo-mirando-al-futuro\\\/#article\",\"isPartOf\":{\"@id\":\"https:\\\/\\\/www.revistarambla.com\\\/metropolis-un-siglo-mirando-al-futuro\\\/\"},\"author\":{\"name\":\"R@mbla\",\"@id\":\"https:\\\/\\\/www.revistarambla.com\\\/#\\\/schema\\\/person\\\/a146a5a2550b94981a75131180e1bd9c\"},\"headline\":\"Metr\u00f3polis, un siglo mirando al futuro\",\"datePublished\":\"2026-03-09T17:13:01+00:00\",\"mainEntityOfPage\":{\"@id\":\"https:\\\/\\\/www.revistarambla.com\\\/metropolis-un-siglo-mirando-al-futuro\\\/\"},\"wordCount\":1709,\"publisher\":{\"@id\":\"https:\\\/\\\/www.revistarambla.com\\\/#organization\"},\"image\":{\"@id\":\"https:\\\/\\\/www.revistarambla.com\\\/metropolis-un-siglo-mirando-al-futuro\\\/#primaryimage\"},\"thumbnailUrl\":\"https:\\\/\\\/www.revistarambla.com\\\/wp-content\\\/uploads\\\/2026\\\/03\\\/metropolis-1926-07-g.jpg\",\"articleSection\":[\"Cine &amp; Series\"],\"inLanguage\":\"en-GB\"},{\"@type\":\"WebPage\",\"@id\":\"https:\\\/\\\/www.revistarambla.com\\\/metropolis-un-siglo-mirando-al-futuro\\\/\",\"url\":\"https:\\\/\\\/www.revistarambla.com\\\/metropolis-un-siglo-mirando-al-futuro\\\/\",\"name\":\"Metr\u00f3polis, un siglo mirando al futuro - Revista Rambla\",\"isPartOf\":{\"@id\":\"https:\\\/\\\/www.revistarambla.com\\\/#website\"},\"primaryImageOfPage\":{\"@id\":\"https:\\\/\\\/www.revistarambla.com\\\/metropolis-un-siglo-mirando-al-futuro\\\/#primaryimage\"},\"image\":{\"@id\":\"https:\\\/\\\/www.revistarambla.com\\\/metropolis-un-siglo-mirando-al-futuro\\\/#primaryimage\"},\"thumbnailUrl\":\"https:\\\/\\\/www.revistarambla.com\\\/wp-content\\\/uploads\\\/2026\\\/03\\\/metropolis-1926-07-g.jpg\",\"datePublished\":\"2026-03-09T17:13:01+00:00\",\"breadcrumb\":{\"@id\":\"https:\\\/\\\/www.revistarambla.com\\\/metropolis-un-siglo-mirando-al-futuro\\\/#breadcrumb\"},\"inLanguage\":\"en-GB\",\"potentialAction\":[{\"@type\":\"ReadAction\",\"target\":[\"https:\\\/\\\/www.revistarambla.com\\\/metropolis-un-siglo-mirando-al-futuro\\\/\"]}]},{\"@type\":\"ImageObject\",\"inLanguage\":\"en-GB\",\"@id\":\"https:\\\/\\\/www.revistarambla.com\\\/metropolis-un-siglo-mirando-al-futuro\\\/#primaryimage\",\"url\":\"https:\\\/\\\/www.revistarambla.com\\\/wp-content\\\/uploads\\\/2026\\\/03\\\/metropolis-1926-07-g.jpg\",\"contentUrl\":\"https:\\\/\\\/www.revistarambla.com\\\/wp-content\\\/uploads\\\/2026\\\/03\\\/metropolis-1926-07-g.jpg\",\"width\":1131,\"height\":928,\"caption\":\"metropolis\"},{\"@type\":\"BreadcrumbList\",\"@id\":\"https:\\\/\\\/www.revistarambla.com\\\/metropolis-un-siglo-mirando-al-futuro\\\/#breadcrumb\",\"itemListElement\":[{\"@type\":\"ListItem\",\"position\":1,\"name\":\"Portada\",\"item\":\"https:\\\/\\\/www.revistarambla.com\\\/\"},{\"@type\":\"ListItem\",\"position\":2,\"name\":\"Metr\u00f3polis, un siglo mirando al futuro\"}]},{\"@type\":\"WebSite\",\"@id\":\"https:\\\/\\\/www.revistarambla.com\\\/#website\",\"url\":\"https:\\\/\\\/www.revistarambla.com\\\/\",\"name\":\"Revista Rambla Barcelona\",\"description\":\"Periodismo independiente\",\"publisher\":{\"@id\":\"https:\\\/\\\/www.revistarambla.com\\\/#organization\"},\"potentialAction\":[{\"@type\":\"SearchAction\",\"target\":{\"@type\":\"EntryPoint\",\"urlTemplate\":\"https:\\\/\\\/www.revistarambla.com\\\/?s={search_term_string}\"},\"query-input\":{\"@type\":\"PropertyValueSpecification\",\"valueRequired\":true,\"valueName\":\"search_term_string\"}}],\"inLanguage\":\"en-GB\"},{\"@type\":\"Organization\",\"@id\":\"https:\\\/\\\/www.revistarambla.com\\\/#organization\",\"name\":\"Revista Rambla\",\"url\":\"https:\\\/\\\/www.revistarambla.com\\\/\",\"logo\":{\"@type\":\"ImageObject\",\"inLanguage\":\"en-GB\",\"@id\":\"https:\\\/\\\/www.revistarambla.com\\\/#\\\/schema\\\/logo\\\/image\\\/\",\"url\":\"https:\\\/\\\/www.revistarambla.com\\\/wp-content\\\/uploads\\\/2020\\\/09\\\/banner_rambla_1900x600_BB.png\",\"contentUrl\":\"https:\\\/\\\/www.revistarambla.com\\\/wp-content\\\/uploads\\\/2020\\\/09\\\/banner_rambla_1900x600_BB.png\",\"width\":1900,\"height\":600,\"caption\":\"Revista Rambla\"},\"image\":{\"@id\":\"https:\\\/\\\/www.revistarambla.com\\\/#\\\/schema\\\/logo\\\/image\\\/\"},\"sameAs\":[\"https:\\\/\\\/www.facebook.com\\\/revistarambla\\\/\",\"https:\\\/\\\/x.com\\\/revistarambla\",\"https:\\\/\\\/www.instagram.com\\\/revista_rambla\",\"https:\\\/\\\/es.linkedin.com\\\/company\\\/revista-rambla\"]},{\"@type\":\"Person\",\"@id\":\"https:\\\/\\\/www.revistarambla.com\\\/#\\\/schema\\\/person\\\/a146a5a2550b94981a75131180e1bd9c\",\"name\":\"R@mbla\",\"description\":\"Este art\u00edculo ha sido redactado y\\\/o validado por el equipo de redacci\u00f3n de Revista Rambla.\",\"sameAs\":[\"https:\\\/\\\/www.revistarambla.com\\\/\",\"https:\\\/\\\/www.facebook.com\\\/revistarambla\",\"https:\\\/\\\/x.com\\\/revistarambla\"]}]}<\/script>\n<!-- \/ Yoast SEO plugin. -->","yoast_head_json":{"title":"Metr\u00f3polis, un siglo mirando al futuro - Revista Rambla","robots":{"index":"index","follow":"follow","max-snippet":"max-snippet:-1","max-image-preview":"max-image-preview:large","max-video-preview":"max-video-preview:-1"},"canonical":"https:\/\/www.revistarambla.com\/en\/metropolis-un-siglo-mirando-al-futuro\/","og_locale":"en_GB","og_type":"article","og_title":"Metr\u00f3polis, un siglo mirando al futuro - Revista Rambla","og_description":"La obra visionaria de Fritz Lang que imagin\u00f3 el siglo XXI y revel\u00f3 las tensiones sociales de la modernidad sigue interpelando a nuestro tiempo cien a\u00f1os despu\u00e9s.","og_url":"https:\/\/www.revistarambla.com\/en\/metropolis-un-siglo-mirando-al-futuro\/","og_site_name":"Revista Rambla","article_publisher":"https:\/\/www.facebook.com\/revistarambla\/","article_author":"https:\/\/www.facebook.com\/revistarambla","article_published_time":"2026-03-09T17:13:01+00:00","og_image":[{"width":1131,"height":928,"url":"https:\/\/www.revistarambla.com\/wp-content\/uploads\/2026\/03\/metropolis-1926-07-g.jpg","type":"image\/jpeg"}],"author":"R@mbla","twitter_card":"summary_large_image","twitter_creator":"@revistarambla","twitter_site":"@revistarambla","twitter_misc":{"Written by":"R@mbla","Estimated reading time":"8 minutes"},"schema":{"@context":"https:\/\/schema.org","@graph":[{"@type":"Article","@id":"https:\/\/www.revistarambla.com\/metropolis-un-siglo-mirando-al-futuro\/#article","isPartOf":{"@id":"https:\/\/www.revistarambla.com\/metropolis-un-siglo-mirando-al-futuro\/"},"author":{"name":"R@mbla","@id":"https:\/\/www.revistarambla.com\/#\/schema\/person\/a146a5a2550b94981a75131180e1bd9c"},"headline":"Metr\u00f3polis, un siglo mirando al futuro","datePublished":"2026-03-09T17:13:01+00:00","mainEntityOfPage":{"@id":"https:\/\/www.revistarambla.com\/metropolis-un-siglo-mirando-al-futuro\/"},"wordCount":1709,"publisher":{"@id":"https:\/\/www.revistarambla.com\/#organization"},"image":{"@id":"https:\/\/www.revistarambla.com\/metropolis-un-siglo-mirando-al-futuro\/#primaryimage"},"thumbnailUrl":"https:\/\/www.revistarambla.com\/wp-content\/uploads\/2026\/03\/metropolis-1926-07-g.jpg","articleSection":["Cine &amp; Series"],"inLanguage":"en-GB"},{"@type":"WebPage","@id":"https:\/\/www.revistarambla.com\/metropolis-un-siglo-mirando-al-futuro\/","url":"https:\/\/www.revistarambla.com\/metropolis-un-siglo-mirando-al-futuro\/","name":"Metr\u00f3polis, un siglo mirando al futuro - Revista Rambla","isPartOf":{"@id":"https:\/\/www.revistarambla.com\/#website"},"primaryImageOfPage":{"@id":"https:\/\/www.revistarambla.com\/metropolis-un-siglo-mirando-al-futuro\/#primaryimage"},"image":{"@id":"https:\/\/www.revistarambla.com\/metropolis-un-siglo-mirando-al-futuro\/#primaryimage"},"thumbnailUrl":"https:\/\/www.revistarambla.com\/wp-content\/uploads\/2026\/03\/metropolis-1926-07-g.jpg","datePublished":"2026-03-09T17:13:01+00:00","breadcrumb":{"@id":"https:\/\/www.revistarambla.com\/metropolis-un-siglo-mirando-al-futuro\/#breadcrumb"},"inLanguage":"en-GB","potentialAction":[{"@type":"ReadAction","target":["https:\/\/www.revistarambla.com\/metropolis-un-siglo-mirando-al-futuro\/"]}]},{"@type":"ImageObject","inLanguage":"en-GB","@id":"https:\/\/www.revistarambla.com\/metropolis-un-siglo-mirando-al-futuro\/#primaryimage","url":"https:\/\/www.revistarambla.com\/wp-content\/uploads\/2026\/03\/metropolis-1926-07-g.jpg","contentUrl":"https:\/\/www.revistarambla.com\/wp-content\/uploads\/2026\/03\/metropolis-1926-07-g.jpg","width":1131,"height":928,"caption":"metropolis"},{"@type":"BreadcrumbList","@id":"https:\/\/www.revistarambla.com\/metropolis-un-siglo-mirando-al-futuro\/#breadcrumb","itemListElement":[{"@type":"ListItem","position":1,"name":"Portada","item":"https:\/\/www.revistarambla.com\/"},{"@type":"ListItem","position":2,"name":"Metr\u00f3polis, un siglo mirando al futuro"}]},{"@type":"WebSite","@id":"https:\/\/www.revistarambla.com\/#website","url":"https:\/\/www.revistarambla.com\/","name":"Revista Rambla Barcelona","description":"Periodismo independiente","publisher":{"@id":"https:\/\/www.revistarambla.com\/#organization"},"potentialAction":[{"@type":"SearchAction","target":{"@type":"EntryPoint","urlTemplate":"https:\/\/www.revistarambla.com\/?s={search_term_string}"},"query-input":{"@type":"PropertyValueSpecification","valueRequired":true,"valueName":"search_term_string"}}],"inLanguage":"en-GB"},{"@type":"Organization","@id":"https:\/\/www.revistarambla.com\/#organization","name":"Revista Rambla","url":"https:\/\/www.revistarambla.com\/","logo":{"@type":"ImageObject","inLanguage":"en-GB","@id":"https:\/\/www.revistarambla.com\/#\/schema\/logo\/image\/","url":"https:\/\/www.revistarambla.com\/wp-content\/uploads\/2020\/09\/banner_rambla_1900x600_BB.png","contentUrl":"https:\/\/www.revistarambla.com\/wp-content\/uploads\/2020\/09\/banner_rambla_1900x600_BB.png","width":1900,"height":600,"caption":"Revista Rambla"},"image":{"@id":"https:\/\/www.revistarambla.com\/#\/schema\/logo\/image\/"},"sameAs":["https:\/\/www.facebook.com\/revistarambla\/","https:\/\/x.com\/revistarambla","https:\/\/www.instagram.com\/revista_rambla","https:\/\/es.linkedin.com\/company\/revista-rambla"]},{"@type":"Person","@id":"https:\/\/www.revistarambla.com\/#\/schema\/person\/a146a5a2550b94981a75131180e1bd9c","name":"R@mbla","description":"Este art\u00edculo ha sido redactado y\/o validado por el equipo de redacci\u00f3n de Revista Rambla.","sameAs":["https:\/\/www.revistarambla.com\/","https:\/\/www.facebook.com\/revistarambla","https:\/\/x.com\/revistarambla"]}]}},"_links":{"self":[{"href":"https:\/\/www.revistarambla.com\/en\/wp-json\/wp\/v2\/posts\/67910","targetHints":{"allow":["GET"]}}],"collection":[{"href":"https:\/\/www.revistarambla.com\/en\/wp-json\/wp\/v2\/posts"}],"about":[{"href":"https:\/\/www.revistarambla.com\/en\/wp-json\/wp\/v2\/types\/post"}],"author":[{"embeddable":true,"href":"https:\/\/www.revistarambla.com\/en\/wp-json\/wp\/v2\/users\/3"}],"replies":[{"embeddable":true,"href":"https:\/\/www.revistarambla.com\/en\/wp-json\/wp\/v2\/comments?post=67910"}],"version-history":[{"count":1,"href":"https:\/\/www.revistarambla.com\/en\/wp-json\/wp\/v2\/posts\/67910\/revisions"}],"predecessor-version":[{"id":67912,"href":"https:\/\/www.revistarambla.com\/en\/wp-json\/wp\/v2\/posts\/67910\/revisions\/67912"}],"wp:featuredmedia":[{"embeddable":true,"href":"https:\/\/www.revistarambla.com\/en\/wp-json\/wp\/v2\/media\/67911"}],"wp:attachment":[{"href":"https:\/\/www.revistarambla.com\/en\/wp-json\/wp\/v2\/media?parent=67910"}],"wp:term":[{"taxonomy":"category","embeddable":true,"href":"https:\/\/www.revistarambla.com\/en\/wp-json\/wp\/v2\/categories?post=67910"},{"taxonomy":"post_tag","embeddable":true,"href":"https:\/\/www.revistarambla.com\/en\/wp-json\/wp\/v2\/tags?post=67910"}],"curies":[{"name":"wp","href":"https:\/\/api.w.org\/{rel}","templated":true}]}}