{"id":67905,"date":"2026-03-09T17:59:03","date_gmt":"2026-03-09T16:59:03","guid":{"rendered":"https:\/\/www.revistarambla.com\/?p=67905"},"modified":"2026-03-09T17:59:03","modified_gmt":"2026-03-09T16:59:03","slug":"el-ecocidio-como-horizonte-del-capitalismo","status":"publish","type":"post","link":"https:\/\/www.revistarambla.com\/en\/el-ecocidio-como-horizonte-del-capitalismo\/","title":{"rendered":"El ecocidio como horizonte del capitalismo"},"content":{"rendered":"<p>Durante d\u00e9cadas, la crisis ecol\u00f3gica ha sido descrita como una anomal\u00eda del progreso. <!--more-->Un da\u00f1o colateral del desarrollo, un error corregible mediante mejores tecnolog\u00edas, regulaciones m\u00e1s estrictas o cambios en los h\u00e1bitos de consumo. Sin embargo, cada vez m\u00e1s voces dentro del pensamiento cr\u00edtico sostienen algo m\u00e1s inquietante: la devastaci\u00f3n ambiental no es un desv\u00edo del capitalismo, sino una de sus consecuencias estructurales. Desde esta perspectiva, el concepto de \u201cecocidio capitalista\u201d no es una met\u00e1fora exagerada, sino una forma de nombrar con precisi\u00f3n el alcance de la destrucci\u00f3n en curso.<\/p>\n<p>Esta idea parte de un diagn\u00f3stico radical: el capitalismo no puede existir sin una relaci\u00f3n depredadora con la naturaleza. Su din\u00e1mica fundamental \u2014la acumulaci\u00f3n permanente de capital\u2014 exige expandir continuamente la producci\u00f3n, el consumo y la extracci\u00f3n de recursos. En un planeta finito, esa l\u00f3gica de crecimiento ilimitado se convierte inevitablemente en una m\u00e1quina de desgaste ecol\u00f3gico. El resultado es un sistema que prospera al mismo tiempo que erosiona las bases materiales que sostienen la vida.<\/p>\n<p>La expansi\u00f3n del capitalismo a escala mundial transform\u00f3 profundamente la relaci\u00f3n entre sociedad y naturaleza. Durante siglos, las econom\u00edas humanas mantuvieron una interacci\u00f3n relativamente integrada con los ecosistemas locales. La agricultura, la ganader\u00eda o la artesan\u00eda se desarrollaban dentro de l\u00edmites ecol\u00f3gicos m\u00e1s o menos reconocidos. La irrupci\u00f3n del capitalismo industrial alter\u00f3 ese equilibrio. La tierra dej\u00f3 de ser un espacio vital para convertirse en un factor de producci\u00f3n; los bosques pasaron a ser reservas de madera; los r\u00edos, canales de energ\u00eda; y los animales, unidades productivas.<\/p>\n<p>Este cambio no fue simplemente t\u00e9cnico. Supuso una transformaci\u00f3n cultural y econ\u00f3mica profunda: la naturaleza dej\u00f3 de ser un entorno compartido para convertirse en una mercanc\u00eda. La l\u00f3gica de mercado se impuso sobre la l\u00f3gica ecol\u00f3gica. All\u00ed donde antes exist\u00edan ciclos naturales y l\u00edmites f\u00edsicos, el capitalismo introdujo la obsesi\u00f3n por la rentabilidad y el crecimiento continuo.<\/p>\n<p>Ese proceso se aceler\u00f3 con la revoluci\u00f3n industrial y el uso masivo de combustibles f\u00f3siles. La econom\u00eda moderna se construy\u00f3 sobre una base energ\u00e9tica extraordinariamente concentrada: carb\u00f3n, petr\u00f3leo y gas. Gracias a esa energ\u00eda abundante, el capitalismo pudo multiplicar su escala productiva hasta niveles jam\u00e1s vistos. Pero ese mismo impulso abri\u00f3 la puerta a una crisis ambiental global.<\/p>\n<p>Hoy, el calentamiento clim\u00e1tico, la p\u00e9rdida de biodiversidad, la degradaci\u00f3n de los suelos y la contaminaci\u00f3n generalizada no son fen\u00f3menos aislados. Forman parte de un mismo patr\u00f3n: la sobreexplotaci\u00f3n sistem\u00e1tica de la biosfera. El capitalismo, en su b\u00fasqueda permanente de beneficio, ha colonizado cada rinc\u00f3n del planeta. Bosques convertidos en monocultivos, oc\u00e9anos sometidos a pesca industrial, monta\u00f1as perforadas para extraer minerales, territorios enteros reorganizados seg\u00fan las necesidades del mercado global.<\/p>\n<p>La agricultura industrial es uno de los ejemplos m\u00e1s visibles de esta din\u00e1mica. El modelo agroindustrial ha sustituido sistemas agr\u00edcolas diversificados por enormes monocultivos dependientes de fertilizantes qu\u00edmicos, pesticidas y maquinaria pesada. El objetivo no es alimentar a las poblaciones de manera equilibrada, sino maximizar la productividad y la rentabilidad. En ese proceso, la tierra se degrada, los ecosistemas se simplifican y la biodiversidad se reduce dr\u00e1sticamente.<\/p>\n<p>El mismo patr\u00f3n se repite en otros sectores. La urbanizaci\u00f3n acelerada ha concentrado a millones de personas en megaciudades desconectadas de los ciclos naturales. La industria alimentaria ha transformado los h\u00e1bitos diet\u00e9ticos y ha impulsado la producci\u00f3n masiva de alimentos ultraprocesados. Incluso nuestros cuerpos han sido incorporados a la l\u00f3gica del mercado, convertidos en consumidores permanentes de productos, medicamentos y servicios.<\/p>\n<p>En este contexto, hablar de \u201cecocidio\u201d adquiere un significado preciso. El t\u00e9rmino se utiliza para describir la destrucci\u00f3n masiva de ecosistemas, comparable en gravedad a los cr\u00edmenes contra la humanidad. No se trata solo de contaminaci\u00f3n o deterioro ambiental, sino de procesos que ponen en riesgo la estabilidad de la biosfera y, con ella, la continuidad de la vida humana.<\/p>\n<p>Lo inquietante es que este proceso no se debe a decisiones aisladas o a errores de gesti\u00f3n. Es la consecuencia l\u00f3gica de un sistema que necesita expandirse constantemente. El capital no puede detenerse. Cada empresa compite con otras por ampliar mercados, reducir costes y aumentar beneficios. Esa competencia obliga a acelerar la producci\u00f3n y a intensificar la explotaci\u00f3n de recursos. Incluso cuando existen regulaciones ambientales, la presi\u00f3n competitiva empuja a buscar nuevas fuentes de extracci\u00f3n o a trasladar la producci\u00f3n a regiones con menos controles.<\/p>\n<p>Por eso, las soluciones superficiales resultan insuficientes. Durante a\u00f1os se ha promovido la idea de un \u201ccapitalismo verde\u201d, capaz de reconciliar crecimiento econ\u00f3mico y sostenibilidad ecol\u00f3gica. Sin embargo, la evidencia muestra que las mejoras tecnol\u00f3gicas o las energ\u00edas renovables no bastan para compensar el aumento constante del consumo de materiales y energ\u00eda. Mientras el crecimiento econ\u00f3mico siga siendo el objetivo central, la presi\u00f3n sobre los ecosistemas continuar\u00e1 aumentando.<\/p>\n<p>Esta contradicci\u00f3n revela uno de los grandes dilemas de nuestra \u00e9poca. La transici\u00f3n ecol\u00f3gica es urgentemente necesaria, pero choca con las estructuras fundamentales del sistema econ\u00f3mico actual. Reducir dr\u00e1sticamente el uso de combustibles f\u00f3siles, preservar los ecosistemas y reorganizar la producci\u00f3n implicar\u00eda cuestionar la l\u00f3gica del crecimiento permanente.<\/p>\n<p>A ello se suma otro elemento decisivo: la desigualdad global. El impacto de la crisis ecol\u00f3gica no se distribuye de manera uniforme. Las regiones m\u00e1s pobres del planeta suelen ser las m\u00e1s afectadas por el cambio clim\u00e1tico, la degradaci\u00f3n ambiental y los desastres ecol\u00f3gicos, a pesar de haber contribuido mucho menos a provocarlos. Las emisiones de carbono, por ejemplo, var\u00edan enormemente entre pa\u00edses y dentro de ellos, reflejando profundas desigualdades en el consumo energ\u00e9tico y en la distribuci\u00f3n de la riqueza.<\/p>\n<p>Esta desigualdad no es accidental. Forma parte de la estructura hist\u00f3rica del capitalismo global. Durante siglos, las econom\u00edas industriales del Norte se han beneficiado de la extracci\u00f3n de recursos y de la explotaci\u00f3n de territorios en otras regiones del mundo. El resultado es una geograf\u00eda del ecocidio en la que los beneficios se concentran en unos lugares mientras los da\u00f1os se acumulan en otros.<\/p>\n<p>En este sentido, la crisis ecol\u00f3gica no puede separarse de las relaciones de poder que organizan la econom\u00eda mundial. Los conflictos por la tierra, el agua, los minerales o la energ\u00eda son tambi\u00e9n conflictos sociales y pol\u00edticos. Comunidades campesinas desplazadas por megaproyectos, pueblos ind\u00edgenas que defienden sus territorios frente a la miner\u00eda o el petr\u00f3leo, movimientos sociales que denuncian la contaminaci\u00f3n industrial: todos ellos forman parte de una lucha m\u00e1s amplia por redefinir nuestra relaci\u00f3n con la naturaleza.<\/p>\n<p>La cuesti\u00f3n central, por tanto, no es solo ambiental, sino civilizatoria. El capitalismo ha construido una forma de vida basada en el consumo ilimitado y en la idea de que el progreso material puede expandirse indefinidamente. Esa visi\u00f3n choca ahora con los l\u00edmites f\u00edsicos del planeta.<\/p>\n<p>Aceptar esos l\u00edmites implica replantear los fundamentos mismos de la econom\u00eda. Significa cuestionar la centralidad del crecimiento, reorganizar la producci\u00f3n en funci\u00f3n de las necesidades sociales y reducir dr\u00e1sticamente la extracci\u00f3n de recursos. Tambi\u00e9n exige repensar el concepto de riqueza, desplaz\u00e1ndolo desde la acumulaci\u00f3n de bienes hacia la calidad de vida, la cooperaci\u00f3n social y la estabilidad ecol\u00f3gica.<\/p>\n<p>Este cambio no ser\u00e1 sencillo. Las estructuras econ\u00f3micas, pol\u00edticas y culturales del capitalismo est\u00e1n profundamente arraigadas. Sin embargo, la magnitud de la crisis ecol\u00f3gica hace cada vez m\u00e1s evidente que continuar por el mismo camino conduce a un escenario de deterioro creciente.<\/p>\n<p>En \u00faltima instancia, el concepto de ecocidio capitalista nos obliga a mirar la crisis ambiental con una claridad inc\u00f3moda. No se trata simplemente de proteger la naturaleza o de gestionar mejor los recursos. Se trata de decidir qu\u00e9 tipo de sociedad queremos construir en un planeta cuyos l\u00edmites ya no pueden ignorarse.<\/p>\n<p>Quiz\u00e1 el desaf\u00edo m\u00e1s profundo de nuestro tiempo sea precisamente ese: abandonar la ilusi\u00f3n de un crecimiento infinito y aprender a vivir dentro de los l\u00edmites de la Tierra. Porque si algo demuestra la crisis ecol\u00f3gica es que el verdadero lujo del siglo XXI no ser\u00e1 la abundancia sin fin, sino la posibilidad de preservar las condiciones mismas que hacen posible la vida.<\/p>","protected":false},"excerpt":{"rendered":"<p>La devastaci\u00f3n ecol\u00f3gica no es un accidente del sistema, sino una consecuencia l\u00f3gica de su expansi\u00f3n y de su l\u00f3gica de acumulaci\u00f3n infinita<\/p>","protected":false},"author":3,"featured_media":54698,"comment_status":"closed","ping_status":"closed","sticky":false,"template":"","format":"standard","meta":{"footnotes":""},"categories":[72],"tags":[],"class_list":["post-67905","post","type-post","status-publish","format-standard","has-post-thumbnail","hentry","category-opinion"],"yoast_head":"<!-- This site is optimized with the Yoast SEO plugin v27.5 - https:\/\/yoast.com\/product\/yoast-seo-wordpress\/ -->\n<title>El ecocidio como horizonte del capitalismo - Revista Rambla<\/title>\n<meta name=\"robots\" content=\"index, follow, max-snippet:-1, max-image-preview:large, max-video-preview:-1\" \/>\n<link rel=\"canonical\" href=\"https:\/\/www.revistarambla.com\/en\/el-ecocidio-como-horizonte-del-capitalismo\/\" \/>\n<meta property=\"og:locale\" content=\"en_GB\" \/>\n<meta property=\"og:type\" content=\"article\" \/>\n<meta property=\"og:title\" content=\"El ecocidio como horizonte del capitalismo - Revista Rambla\" \/>\n<meta property=\"og:description\" content=\"La devastaci\u00f3n ecol\u00f3gica no es un accidente del sistema, sino una consecuencia l\u00f3gica de su expansi\u00f3n y de su l\u00f3gica de acumulaci\u00f3n infinita\" \/>\n<meta property=\"og:url\" content=\"https:\/\/www.revistarambla.com\/en\/el-ecocidio-como-horizonte-del-capitalismo\/\" \/>\n<meta property=\"og:site_name\" content=\"Revista Rambla\" \/>\n<meta property=\"article:publisher\" content=\"https:\/\/www.facebook.com\/revistarambla\/\" \/>\n<meta property=\"article:author\" content=\"https:\/\/www.facebook.com\/revistarambla\" \/>\n<meta property=\"article:published_time\" content=\"2026-03-09T16:59:03+00:00\" \/>\n<meta property=\"og:image\" content=\"https:\/\/www.revistarambla.com\/wp-content\/uploads\/2023\/05\/sequia-agua-pantano-catalunya-revista-rambla.jpg\" \/>\n\t<meta property=\"og:image:width\" content=\"1200\" \/>\n\t<meta property=\"og:image:height\" content=\"840\" \/>\n\t<meta property=\"og:image:type\" content=\"image\/jpeg\" \/>\n<meta name=\"author\" content=\"R@mbla\" \/>\n<meta name=\"twitter:card\" content=\"summary_large_image\" \/>\n<meta name=\"twitter:creator\" content=\"@revistarambla\" \/>\n<meta name=\"twitter:site\" content=\"@revistarambla\" \/>\n<meta name=\"twitter:label1\" content=\"Written by\" \/>\n\t<meta name=\"twitter:data1\" content=\"R@mbla\" \/>\n\t<meta name=\"twitter:label2\" content=\"Estimated reading time\" \/>\n\t<meta name=\"twitter:data2\" content=\"7 minutes\" \/>\n<script type=\"application\/ld+json\" class=\"yoast-schema-graph\">{\"@context\":\"https:\\\/\\\/schema.org\",\"@graph\":[{\"@type\":\"Article\",\"@id\":\"https:\\\/\\\/www.revistarambla.com\\\/el-ecocidio-como-horizonte-del-capitalismo\\\/#article\",\"isPartOf\":{\"@id\":\"https:\\\/\\\/www.revistarambla.com\\\/el-ecocidio-como-horizonte-del-capitalismo\\\/\"},\"author\":{\"name\":\"R@mbla\",\"@id\":\"https:\\\/\\\/www.revistarambla.com\\\/#\\\/schema\\\/person\\\/a146a5a2550b94981a75131180e1bd9c\"},\"headline\":\"El ecocidio como horizonte del capitalismo\",\"datePublished\":\"2026-03-09T16:59:03+00:00\",\"mainEntityOfPage\":{\"@id\":\"https:\\\/\\\/www.revistarambla.com\\\/el-ecocidio-como-horizonte-del-capitalismo\\\/\"},\"wordCount\":1479,\"publisher\":{\"@id\":\"https:\\\/\\\/www.revistarambla.com\\\/#organization\"},\"image\":{\"@id\":\"https:\\\/\\\/www.revistarambla.com\\\/el-ecocidio-como-horizonte-del-capitalismo\\\/#primaryimage\"},\"thumbnailUrl\":\"https:\\\/\\\/www.revistarambla.com\\\/wp-content\\\/uploads\\\/2023\\\/05\\\/sequia-agua-pantano-catalunya-revista-rambla.jpg\",\"articleSection\":[\"Opiniones\"],\"inLanguage\":\"en-GB\"},{\"@type\":\"WebPage\",\"@id\":\"https:\\\/\\\/www.revistarambla.com\\\/el-ecocidio-como-horizonte-del-capitalismo\\\/\",\"url\":\"https:\\\/\\\/www.revistarambla.com\\\/el-ecocidio-como-horizonte-del-capitalismo\\\/\",\"name\":\"El ecocidio como horizonte del capitalismo - Revista Rambla\",\"isPartOf\":{\"@id\":\"https:\\\/\\\/www.revistarambla.com\\\/#website\"},\"primaryImageOfPage\":{\"@id\":\"https:\\\/\\\/www.revistarambla.com\\\/el-ecocidio-como-horizonte-del-capitalismo\\\/#primaryimage\"},\"image\":{\"@id\":\"https:\\\/\\\/www.revistarambla.com\\\/el-ecocidio-como-horizonte-del-capitalismo\\\/#primaryimage\"},\"thumbnailUrl\":\"https:\\\/\\\/www.revistarambla.com\\\/wp-content\\\/uploads\\\/2023\\\/05\\\/sequia-agua-pantano-catalunya-revista-rambla.jpg\",\"datePublished\":\"2026-03-09T16:59:03+00:00\",\"breadcrumb\":{\"@id\":\"https:\\\/\\\/www.revistarambla.com\\\/el-ecocidio-como-horizonte-del-capitalismo\\\/#breadcrumb\"},\"inLanguage\":\"en-GB\",\"potentialAction\":[{\"@type\":\"ReadAction\",\"target\":[\"https:\\\/\\\/www.revistarambla.com\\\/el-ecocidio-como-horizonte-del-capitalismo\\\/\"]}]},{\"@type\":\"ImageObject\",\"inLanguage\":\"en-GB\",\"@id\":\"https:\\\/\\\/www.revistarambla.com\\\/el-ecocidio-como-horizonte-del-capitalismo\\\/#primaryimage\",\"url\":\"https:\\\/\\\/www.revistarambla.com\\\/wp-content\\\/uploads\\\/2023\\\/05\\\/sequia-agua-pantano-catalunya-revista-rambla.jpg\",\"contentUrl\":\"https:\\\/\\\/www.revistarambla.com\\\/wp-content\\\/uploads\\\/2023\\\/05\\\/sequia-agua-pantano-catalunya-revista-rambla.jpg\",\"width\":1200,\"height\":840,\"caption\":\"Catalunya crisis clim\u00e1tica ecocidio\"},{\"@type\":\"BreadcrumbList\",\"@id\":\"https:\\\/\\\/www.revistarambla.com\\\/el-ecocidio-como-horizonte-del-capitalismo\\\/#breadcrumb\",\"itemListElement\":[{\"@type\":\"ListItem\",\"position\":1,\"name\":\"Portada\",\"item\":\"https:\\\/\\\/www.revistarambla.com\\\/\"},{\"@type\":\"ListItem\",\"position\":2,\"name\":\"El ecocidio como horizonte del capitalismo\"}]},{\"@type\":\"WebSite\",\"@id\":\"https:\\\/\\\/www.revistarambla.com\\\/#website\",\"url\":\"https:\\\/\\\/www.revistarambla.com\\\/\",\"name\":\"Revista Rambla Barcelona\",\"description\":\"Periodismo independiente\",\"publisher\":{\"@id\":\"https:\\\/\\\/www.revistarambla.com\\\/#organization\"},\"potentialAction\":[{\"@type\":\"SearchAction\",\"target\":{\"@type\":\"EntryPoint\",\"urlTemplate\":\"https:\\\/\\\/www.revistarambla.com\\\/?s={search_term_string}\"},\"query-input\":{\"@type\":\"PropertyValueSpecification\",\"valueRequired\":true,\"valueName\":\"search_term_string\"}}],\"inLanguage\":\"en-GB\"},{\"@type\":\"Organization\",\"@id\":\"https:\\\/\\\/www.revistarambla.com\\\/#organization\",\"name\":\"Revista Rambla\",\"url\":\"https:\\\/\\\/www.revistarambla.com\\\/\",\"logo\":{\"@type\":\"ImageObject\",\"inLanguage\":\"en-GB\",\"@id\":\"https:\\\/\\\/www.revistarambla.com\\\/#\\\/schema\\\/logo\\\/image\\\/\",\"url\":\"https:\\\/\\\/www.revistarambla.com\\\/wp-content\\\/uploads\\\/2020\\\/09\\\/banner_rambla_1900x600_BB.png\",\"contentUrl\":\"https:\\\/\\\/www.revistarambla.com\\\/wp-content\\\/uploads\\\/2020\\\/09\\\/banner_rambla_1900x600_BB.png\",\"width\":1900,\"height\":600,\"caption\":\"Revista Rambla\"},\"image\":{\"@id\":\"https:\\\/\\\/www.revistarambla.com\\\/#\\\/schema\\\/logo\\\/image\\\/\"},\"sameAs\":[\"https:\\\/\\\/www.facebook.com\\\/revistarambla\\\/\",\"https:\\\/\\\/x.com\\\/revistarambla\",\"https:\\\/\\\/www.instagram.com\\\/revista_rambla\",\"https:\\\/\\\/es.linkedin.com\\\/company\\\/revista-rambla\"]},{\"@type\":\"Person\",\"@id\":\"https:\\\/\\\/www.revistarambla.com\\\/#\\\/schema\\\/person\\\/a146a5a2550b94981a75131180e1bd9c\",\"name\":\"R@mbla\",\"description\":\"Este art\u00edculo ha sido redactado y\\\/o validado por el equipo de redacci\u00f3n de Revista Rambla.\",\"sameAs\":[\"https:\\\/\\\/www.revistarambla.com\\\/\",\"https:\\\/\\\/www.facebook.com\\\/revistarambla\",\"https:\\\/\\\/x.com\\\/revistarambla\"]}]}<\/script>\n<!-- \/ Yoast SEO plugin. -->","yoast_head_json":{"title":"El ecocidio como horizonte del capitalismo - Revista Rambla","robots":{"index":"index","follow":"follow","max-snippet":"max-snippet:-1","max-image-preview":"max-image-preview:large","max-video-preview":"max-video-preview:-1"},"canonical":"https:\/\/www.revistarambla.com\/en\/el-ecocidio-como-horizonte-del-capitalismo\/","og_locale":"en_GB","og_type":"article","og_title":"El ecocidio como horizonte del capitalismo - Revista Rambla","og_description":"La devastaci\u00f3n ecol\u00f3gica no es un accidente del sistema, sino una consecuencia l\u00f3gica de su expansi\u00f3n y de su l\u00f3gica de acumulaci\u00f3n infinita","og_url":"https:\/\/www.revistarambla.com\/en\/el-ecocidio-como-horizonte-del-capitalismo\/","og_site_name":"Revista Rambla","article_publisher":"https:\/\/www.facebook.com\/revistarambla\/","article_author":"https:\/\/www.facebook.com\/revistarambla","article_published_time":"2026-03-09T16:59:03+00:00","og_image":[{"width":1200,"height":840,"url":"https:\/\/www.revistarambla.com\/wp-content\/uploads\/2023\/05\/sequia-agua-pantano-catalunya-revista-rambla.jpg","type":"image\/jpeg"}],"author":"R@mbla","twitter_card":"summary_large_image","twitter_creator":"@revistarambla","twitter_site":"@revistarambla","twitter_misc":{"Written by":"R@mbla","Estimated reading time":"7 minutes"},"schema":{"@context":"https:\/\/schema.org","@graph":[{"@type":"Article","@id":"https:\/\/www.revistarambla.com\/el-ecocidio-como-horizonte-del-capitalismo\/#article","isPartOf":{"@id":"https:\/\/www.revistarambla.com\/el-ecocidio-como-horizonte-del-capitalismo\/"},"author":{"name":"R@mbla","@id":"https:\/\/www.revistarambla.com\/#\/schema\/person\/a146a5a2550b94981a75131180e1bd9c"},"headline":"El ecocidio como horizonte del capitalismo","datePublished":"2026-03-09T16:59:03+00:00","mainEntityOfPage":{"@id":"https:\/\/www.revistarambla.com\/el-ecocidio-como-horizonte-del-capitalismo\/"},"wordCount":1479,"publisher":{"@id":"https:\/\/www.revistarambla.com\/#organization"},"image":{"@id":"https:\/\/www.revistarambla.com\/el-ecocidio-como-horizonte-del-capitalismo\/#primaryimage"},"thumbnailUrl":"https:\/\/www.revistarambla.com\/wp-content\/uploads\/2023\/05\/sequia-agua-pantano-catalunya-revista-rambla.jpg","articleSection":["Opiniones"],"inLanguage":"en-GB"},{"@type":"WebPage","@id":"https:\/\/www.revistarambla.com\/el-ecocidio-como-horizonte-del-capitalismo\/","url":"https:\/\/www.revistarambla.com\/el-ecocidio-como-horizonte-del-capitalismo\/","name":"El ecocidio como horizonte del capitalismo - Revista Rambla","isPartOf":{"@id":"https:\/\/www.revistarambla.com\/#website"},"primaryImageOfPage":{"@id":"https:\/\/www.revistarambla.com\/el-ecocidio-como-horizonte-del-capitalismo\/#primaryimage"},"image":{"@id":"https:\/\/www.revistarambla.com\/el-ecocidio-como-horizonte-del-capitalismo\/#primaryimage"},"thumbnailUrl":"https:\/\/www.revistarambla.com\/wp-content\/uploads\/2023\/05\/sequia-agua-pantano-catalunya-revista-rambla.jpg","datePublished":"2026-03-09T16:59:03+00:00","breadcrumb":{"@id":"https:\/\/www.revistarambla.com\/el-ecocidio-como-horizonte-del-capitalismo\/#breadcrumb"},"inLanguage":"en-GB","potentialAction":[{"@type":"ReadAction","target":["https:\/\/www.revistarambla.com\/el-ecocidio-como-horizonte-del-capitalismo\/"]}]},{"@type":"ImageObject","inLanguage":"en-GB","@id":"https:\/\/www.revistarambla.com\/el-ecocidio-como-horizonte-del-capitalismo\/#primaryimage","url":"https:\/\/www.revistarambla.com\/wp-content\/uploads\/2023\/05\/sequia-agua-pantano-catalunya-revista-rambla.jpg","contentUrl":"https:\/\/www.revistarambla.com\/wp-content\/uploads\/2023\/05\/sequia-agua-pantano-catalunya-revista-rambla.jpg","width":1200,"height":840,"caption":"Catalunya crisis clim\u00e1tica ecocidio"},{"@type":"BreadcrumbList","@id":"https:\/\/www.revistarambla.com\/el-ecocidio-como-horizonte-del-capitalismo\/#breadcrumb","itemListElement":[{"@type":"ListItem","position":1,"name":"Portada","item":"https:\/\/www.revistarambla.com\/"},{"@type":"ListItem","position":2,"name":"El ecocidio como horizonte del capitalismo"}]},{"@type":"WebSite","@id":"https:\/\/www.revistarambla.com\/#website","url":"https:\/\/www.revistarambla.com\/","name":"Revista Rambla Barcelona","description":"Periodismo independiente","publisher":{"@id":"https:\/\/www.revistarambla.com\/#organization"},"potentialAction":[{"@type":"SearchAction","target":{"@type":"EntryPoint","urlTemplate":"https:\/\/www.revistarambla.com\/?s={search_term_string}"},"query-input":{"@type":"PropertyValueSpecification","valueRequired":true,"valueName":"search_term_string"}}],"inLanguage":"en-GB"},{"@type":"Organization","@id":"https:\/\/www.revistarambla.com\/#organization","name":"Revista Rambla","url":"https:\/\/www.revistarambla.com\/","logo":{"@type":"ImageObject","inLanguage":"en-GB","@id":"https:\/\/www.revistarambla.com\/#\/schema\/logo\/image\/","url":"https:\/\/www.revistarambla.com\/wp-content\/uploads\/2020\/09\/banner_rambla_1900x600_BB.png","contentUrl":"https:\/\/www.revistarambla.com\/wp-content\/uploads\/2020\/09\/banner_rambla_1900x600_BB.png","width":1900,"height":600,"caption":"Revista Rambla"},"image":{"@id":"https:\/\/www.revistarambla.com\/#\/schema\/logo\/image\/"},"sameAs":["https:\/\/www.facebook.com\/revistarambla\/","https:\/\/x.com\/revistarambla","https:\/\/www.instagram.com\/revista_rambla","https:\/\/es.linkedin.com\/company\/revista-rambla"]},{"@type":"Person","@id":"https:\/\/www.revistarambla.com\/#\/schema\/person\/a146a5a2550b94981a75131180e1bd9c","name":"R@mbla","description":"Este art\u00edculo ha sido redactado y\/o validado por el equipo de redacci\u00f3n de Revista Rambla.","sameAs":["https:\/\/www.revistarambla.com\/","https:\/\/www.facebook.com\/revistarambla","https:\/\/x.com\/revistarambla"]}]}},"_links":{"self":[{"href":"https:\/\/www.revistarambla.com\/en\/wp-json\/wp\/v2\/posts\/67905","targetHints":{"allow":["GET"]}}],"collection":[{"href":"https:\/\/www.revistarambla.com\/en\/wp-json\/wp\/v2\/posts"}],"about":[{"href":"https:\/\/www.revistarambla.com\/en\/wp-json\/wp\/v2\/types\/post"}],"author":[{"embeddable":true,"href":"https:\/\/www.revistarambla.com\/en\/wp-json\/wp\/v2\/users\/3"}],"replies":[{"embeddable":true,"href":"https:\/\/www.revistarambla.com\/en\/wp-json\/wp\/v2\/comments?post=67905"}],"version-history":[{"count":1,"href":"https:\/\/www.revistarambla.com\/en\/wp-json\/wp\/v2\/posts\/67905\/revisions"}],"predecessor-version":[{"id":67906,"href":"https:\/\/www.revistarambla.com\/en\/wp-json\/wp\/v2\/posts\/67905\/revisions\/67906"}],"wp:featuredmedia":[{"embeddable":true,"href":"https:\/\/www.revistarambla.com\/en\/wp-json\/wp\/v2\/media\/54698"}],"wp:attachment":[{"href":"https:\/\/www.revistarambla.com\/en\/wp-json\/wp\/v2\/media?parent=67905"}],"wp:term":[{"taxonomy":"category","embeddable":true,"href":"https:\/\/www.revistarambla.com\/en\/wp-json\/wp\/v2\/categories?post=67905"},{"taxonomy":"post_tag","embeddable":true,"href":"https:\/\/www.revistarambla.com\/en\/wp-json\/wp\/v2\/tags?post=67905"}],"curies":[{"name":"wp","href":"https:\/\/api.w.org\/{rel}","templated":true}]}}