{"id":67895,"date":"2026-03-07T19:37:54","date_gmt":"2026-03-07T18:37:54","guid":{"rendered":"https:\/\/www.revistarambla.com\/?p=67895"},"modified":"2026-03-07T19:37:54","modified_gmt":"2026-03-07T18:37:54","slug":"un-planeta-envenenado-por-el-plastico-la-coartada-invisible-del-progreso","status":"publish","type":"post","link":"https:\/\/www.revistarambla.com\/en\/un-planeta-envenenado-por-el-plastico-la-coartada-invisible-del-progreso\/","title":{"rendered":"Un planeta envenenado por el pl\u00e1stico: la coartada invisible del progreso"},"content":{"rendered":"<p>Desde la c\u00faspide del monte Everest hasta las profundidades abisales de la fosa de las Marianas, el pl\u00e1stico ha dejado de ser un objeto para convertirse en un signo indeleble de nuestra \u00e9poca. <!--more-->Ya no es solo basura a la deriva sobre las olas o desperdicio amontonado en vertederos: fragmentos microsc\u00f3picos de pl\u00e1stico, impregnados de aditivos t\u00f3xicos, se han infiltrado en cada rinc\u00f3n del planeta y en cada sistema vivo que conoce la ciencia. Las part\u00edculas flotan en r\u00edos y mares, se alojan en los pulmones y el torrente sangu\u00edneo humano, y act\u00faan como vectores para decenas de miles de sustancias qu\u00edmicas potencialmente da\u00f1inas. Esta es la dimensi\u00f3n real de la crisis pl\u00e1stica: no es un problema de residuos que podamos \u201climpiar\u201d, sino una intoxicaci\u00f3n progresiva de las bases biof\u00edsicas que sostienen la vida en la Tierra.<\/p>\n<p>Lo que comenz\u00f3 como una revoluci\u00f3n tecnol\u00f3gica con la promesa de materiales ligeros, baratos y vers\u00e1tiles, se ha transformado en una pesadilla ecol\u00f3gica. En pocas d\u00e9cadas, la producci\u00f3n de pl\u00e1sticos ha pasado de unos pocos millones de toneladas a mediados del siglo XX a m\u00e1s de quinientos millones en 2025, con proyecciones que superan el bill\u00f3n de toneladas para mediados de este siglo. M\u00e1s de la mitad de todo el pl\u00e1stico jam\u00e1s producido est\u00e1 dise\u00f1ado para un solo uso: empaques, envoltorios, objetos desechables que cumplen su funci\u00f3n durante minutos y persisten durante siglos o milenios. El resultado es un planeta saturado de residuos que no pueden metabolizarse de nuevo en el ciclo natural.<\/p>\n<p>Los efectos son profundos, complejos y perversos. M\u00e1s de seis mil millones de toneladas de pl\u00e1stico est\u00e1n enterradas en vertederos, incineradas o dispersas en el medio ambiente. Cada a\u00f1o, decenas de millones de toneladas son liberadas al ambiente, donde el viento, el agua y la radiaci\u00f3n solar las fragmentan en micro y nanopl\u00e1sticos que penetran en las cadenas alimentarias. El mar, ese vasto reservorio de vida y equilibrio clim\u00e1tico, se ha convertido en un archivo global de part\u00edculas sint\u00e9ticas. No se trata solo de las grandes \u201cislas de basura\u201d que flotan en los giros oce\u00e1nicos del Pac\u00edfico, el Atl\u00e1ntico o el \u00cdndico, visibles desde sat\u00e9lites o barcos: la mayor parte del pl\u00e1stico que hemos creado se ha transformado en billones de piezas microsc\u00f3picas que circulan libremente en la columna de agua, afectando procesos biogeoqu\u00edmicos fundamentales.<\/p>\n<p>Esta crisis no respeta fronteras ni jurisdicciones. La contaminaci\u00f3n por micropl\u00e1sticos se encuentra incluso en las regiones m\u00e1s remotas del planeta, desde los glaciares del \u00c1rtico hasta las playas m\u00e1s aisladas y, lo m\u00e1s inquietante, en el cuerpo humano. Investigaciones recientes muestran que fragmentos de pl\u00e1stico y las sustancias qu\u00edmicas asociadas se han detectado en sangre, pulmones, \u00f3rganos internos e incluso en la leche materna. Esta presencia ubicua plantea cuestiones \u00e9ticas y cient\u00edficas profundas: \u00bfqu\u00e9 significa vivir en un mundo donde la sustancia que supuestamente nos facilita la vida tambi\u00e9n se convierte en un contaminante permanente dentro de nosotros mismos?<\/p>\n<p>Los pl\u00e1sticos no son inocuos. Aunque su utilidad tecnol\u00f3gica es innegable \u2014desde dispositivos m\u00e9dicos que salvan vidas hasta componentes fundamentales en infraestructura moderna\u2014, tambi\u00e9n act\u00faan como portadores de toxinas persistentes. Muchos de los 16.000 productos qu\u00edmicos utilizados en la fabricaci\u00f3n de pl\u00e1sticos no est\u00e1n regulados globalmente y poseen propiedades peligrosas para la salud humana y ambiental. Estos compuestos pueden lixiviar, volatilizar o adherirse a part\u00edculas que entran en contacto con organismos vivos, desencadenando efectos adversos que van desde trastornos endocrinos hasta c\u00e1ncer y da\u00f1o gen\u00e9tico. M\u00e1s a\u00fan, estos qu\u00edmicos afectan a ecosistemas enteros, alterando la reproducci\u00f3n, la fisiolog\u00eda y la supervivencia de numerosas especies.<\/p>\n<p>Parad\u00f3jicamente, mientras la ciencia documenta esta cat\u00e1strofe silenciosa, las pol\u00edticas p\u00fablicas y las estructuras econ\u00f3micas siguen favoreciendo la expansi\u00f3n de la producci\u00f3n pl\u00e1stica. Las grandes corporaciones petroqu\u00edmicas, impulsadas por una l\u00f3gica de crecimiento infinito, defienden su \u201cderecho a producir\u201d como si la Tierra fuera una f\u00e1brica sin l\u00edmites. La extracci\u00f3n continua de combustibles f\u00f3siles para alimentar tanto la energ\u00eda global como la materia prima del pl\u00e1stico refuerza un ciclo destructivo que complica cualquier intento de mitigaci\u00f3n efectiva. Este v\u00ednculo entre pl\u00e1sticos, petr\u00f3leo y cambio clim\u00e1tico convierte la crisis pl\u00e1stica no solo en un problema ambiental, sino en un s\u00edntoma profundo de un modelo econ\u00f3mico mundial que sacrifica la sostenibilidad por el beneficio a corto plazo.<\/p>\n<p>La narrativa dominante que celebra al pl\u00e1stico como s\u00edmbolo de progreso y comodidad ha cegado a muchos frente a sus consecuencias reales. La ilusi\u00f3n de que podr\u00edamos \u201climpiar\u201d nuestros oc\u00e9anos con programas voluntarios de reciclaje o campa\u00f1as de sensibilizaci\u00f3n ha dejado de ser viable ante la magnitud del desastre. El reciclaje, por s\u00ed solo, no es una panacea: solo una fracci\u00f3n m\u00ednima del pl\u00e1stico se recicla realmente, y incluso los materiales reciclados terminan fragment\u00e1ndose en componentes que siguen siendo peligrosos. La realidad es que hemos creado una dependencia cultural y econ\u00f3mica del pl\u00e1stico que ahora act\u00faa como una trampa para nuestras propias expectativas de bienestar.<\/p>\n<p>Adem\u00e1s, los da\u00f1os colaterales son incalculables. Las especies marinas ingieren pl\u00e1stico pensando que es alimento, y millones mueren cada a\u00f1o como resultado de la obstrucci\u00f3n intestinal, enredos o intoxicaciones qu\u00edmicas. La biodiversidad, ya amenazada por la p\u00e9rdida de h\u00e1bitats y el cambio clim\u00e1tico, ahora enfrenta un enemigo silencioso e insidioso que altera las funciones ecol\u00f3gicas b\u00e1sicas. Y mientras los efectos sobre la fauna son visibles y horripilantes, los impactos en la salud humana est\u00e1n comenzando apenas a entenderse: estudios epidemiol\u00f3gicos se\u00f1alan asociaciones entre la exposici\u00f3n a part\u00edculas pl\u00e1sticas y una gama de enfermedades cr\u00f3nicas, desde trastornos metab\u00f3licos hasta problemas reproductivos.<\/p>\n<p>Frente a este panorama, la respuesta tradicional se queda corta. No es suficiente restringir bolsas o pajitas de pl\u00e1stico; hace falta una transformaci\u00f3n radical de c\u00f3mo producimos, consumimos y valoramos los recursos materiales. Debemos repensar nuestras econom\u00edas para dejar de depender de insumos que degradan los sistemas vivos que nos sostienen. Esto implica no solo regulaciones estrictas sobre la producci\u00f3n de pl\u00e1sticos, sino una reinvenci\u00f3n del dise\u00f1o industrial, el transporte, la agricultura y el consumo en general. Es urgente un enfoque que reconozca los l\u00edmites biof\u00edsicos del planeta y que priorice la salud del ecosistema global por encima de las ganancias corporativas inmediatas.<\/p>\n<p>Por \u00faltimo, esta crisis pl\u00e1stica es un espejo de nuestra relaci\u00f3n con la naturaleza: hemos tratado a la Tierra como un almac\u00e9n inagotable y un vertedero infinito. Pero la biosfera, como comunidad de vida, tiene l\u00edmites precisos, y las rupturas que hoy observamos no son anomal\u00edas, sino s\u00edntomas de un sistema que ha alcanzado sus umbrales de tolerancia. La pregunta que enfrentamos ahora es si seremos capaces de reconocer este hecho y actuar con la audacia que la crisis exige. El tiempo para debates cosm\u00e9ticos sobre reciclaje ha pasado: lo que se requiere es una revoluci\u00f3n ecol\u00f3gica que trascienda fronteras y sectores, y que coloque la vida \u2014toda la vida\u2014 en el centro de nuestras prioridades.<\/p>","protected":false},"excerpt":{"rendered":"<p>La contaminaci\u00f3n pl\u00e1stica ha trascendido nuestras costas para transformarse en un veneno omnipresente que no solo desfigura ecosistemas, sino que reconfigura nuestra biolog\u00eda, nuestras econom\u00edas y el sentido mismo de una civilizaci\u00f3n que se niega a desafiar sus propios mitos de crecimiento<\/p>","protected":false},"author":3,"featured_media":67896,"comment_status":"closed","ping_status":"closed","sticky":false,"template":"","format":"standard","meta":{"footnotes":""},"categories":[4099],"tags":[],"class_list":["post-67895","post","type-post","status-publish","format-standard","has-post-thumbnail","hentry","category-otras-miradas"],"yoast_head":"<!-- This site is optimized with the Yoast SEO plugin v27.5 - https:\/\/yoast.com\/product\/yoast-seo-wordpress\/ -->\n<title>Un planeta envenenado por el pl\u00e1stico: la coartada invisible del progreso - Revista Rambla<\/title>\n<meta name=\"robots\" content=\"index, follow, max-snippet:-1, max-image-preview:large, max-video-preview:-1\" \/>\n<link rel=\"canonical\" href=\"https:\/\/www.revistarambla.com\/en\/un-planeta-envenenado-por-el-plastico-la-coartada-invisible-del-progreso\/\" \/>\n<meta property=\"og:locale\" content=\"en_GB\" \/>\n<meta property=\"og:type\" content=\"article\" \/>\n<meta property=\"og:title\" content=\"Un planeta envenenado por el pl\u00e1stico: la coartada invisible del progreso - Revista Rambla\" \/>\n<meta property=\"og:description\" content=\"La contaminaci\u00f3n pl\u00e1stica ha trascendido nuestras costas para transformarse en un veneno omnipresente que no solo desfigura ecosistemas, sino que reconfigura nuestra biolog\u00eda, nuestras econom\u00edas y el sentido mismo de una civilizaci\u00f3n que se niega a desafiar sus propios mitos de crecimiento\" \/>\n<meta property=\"og:url\" content=\"https:\/\/www.revistarambla.com\/en\/un-planeta-envenenado-por-el-plastico-la-coartada-invisible-del-progreso\/\" \/>\n<meta property=\"og:site_name\" content=\"Revista Rambla\" \/>\n<meta property=\"article:publisher\" content=\"https:\/\/www.facebook.com\/revistarambla\/\" \/>\n<meta property=\"article:author\" content=\"https:\/\/www.facebook.com\/revistarambla\" \/>\n<meta property=\"article:published_time\" content=\"2026-03-07T18:37:54+00:00\" \/>\n<meta property=\"og:image\" content=\"https:\/\/www.revistarambla.com\/wp-content\/uploads\/2026\/03\/rios-son-fuente-de-los-plasticos-del-mar-1024x683-1.jpg\" \/>\n\t<meta property=\"og:image:width\" content=\"1024\" \/>\n\t<meta property=\"og:image:height\" content=\"683\" \/>\n\t<meta property=\"og:image:type\" content=\"image\/jpeg\" \/>\n<meta name=\"author\" content=\"R@mbla\" \/>\n<meta name=\"twitter:card\" content=\"summary_large_image\" \/>\n<meta name=\"twitter:creator\" content=\"@revistarambla\" \/>\n<meta name=\"twitter:site\" content=\"@revistarambla\" \/>\n<meta name=\"twitter:label1\" content=\"Written by\" \/>\n\t<meta name=\"twitter:data1\" content=\"R@mbla\" \/>\n\t<meta name=\"twitter:label2\" content=\"Estimated reading time\" \/>\n\t<meta name=\"twitter:data2\" content=\"6 minutes\" \/>\n<script type=\"application\/ld+json\" class=\"yoast-schema-graph\">{\"@context\":\"https:\\\/\\\/schema.org\",\"@graph\":[{\"@type\":\"Article\",\"@id\":\"https:\\\/\\\/www.revistarambla.com\\\/un-planeta-envenenado-por-el-plastico-la-coartada-invisible-del-progreso\\\/#article\",\"isPartOf\":{\"@id\":\"https:\\\/\\\/www.revistarambla.com\\\/un-planeta-envenenado-por-el-plastico-la-coartada-invisible-del-progreso\\\/\"},\"author\":{\"name\":\"R@mbla\",\"@id\":\"https:\\\/\\\/www.revistarambla.com\\\/#\\\/schema\\\/person\\\/a146a5a2550b94981a75131180e1bd9c\"},\"headline\":\"Un planeta envenenado por el pl\u00e1stico: la coartada invisible del progreso\",\"datePublished\":\"2026-03-07T18:37:54+00:00\",\"mainEntityOfPage\":{\"@id\":\"https:\\\/\\\/www.revistarambla.com\\\/un-planeta-envenenado-por-el-plastico-la-coartada-invisible-del-progreso\\\/\"},\"wordCount\":1287,\"publisher\":{\"@id\":\"https:\\\/\\\/www.revistarambla.com\\\/#organization\"},\"image\":{\"@id\":\"https:\\\/\\\/www.revistarambla.com\\\/un-planeta-envenenado-por-el-plastico-la-coartada-invisible-del-progreso\\\/#primaryimage\"},\"thumbnailUrl\":\"https:\\\/\\\/www.revistarambla.com\\\/wp-content\\\/uploads\\\/2026\\\/03\\\/rios-son-fuente-de-los-plasticos-del-mar-1024x683-1.jpg\",\"articleSection\":[\"Otras Miradas\"],\"inLanguage\":\"en-GB\"},{\"@type\":\"WebPage\",\"@id\":\"https:\\\/\\\/www.revistarambla.com\\\/un-planeta-envenenado-por-el-plastico-la-coartada-invisible-del-progreso\\\/\",\"url\":\"https:\\\/\\\/www.revistarambla.com\\\/un-planeta-envenenado-por-el-plastico-la-coartada-invisible-del-progreso\\\/\",\"name\":\"Un planeta envenenado por el pl\u00e1stico: la coartada invisible del progreso - Revista Rambla\",\"isPartOf\":{\"@id\":\"https:\\\/\\\/www.revistarambla.com\\\/#website\"},\"primaryImageOfPage\":{\"@id\":\"https:\\\/\\\/www.revistarambla.com\\\/un-planeta-envenenado-por-el-plastico-la-coartada-invisible-del-progreso\\\/#primaryimage\"},\"image\":{\"@id\":\"https:\\\/\\\/www.revistarambla.com\\\/un-planeta-envenenado-por-el-plastico-la-coartada-invisible-del-progreso\\\/#primaryimage\"},\"thumbnailUrl\":\"https:\\\/\\\/www.revistarambla.com\\\/wp-content\\\/uploads\\\/2026\\\/03\\\/rios-son-fuente-de-los-plasticos-del-mar-1024x683-1.jpg\",\"datePublished\":\"2026-03-07T18:37:54+00:00\",\"breadcrumb\":{\"@id\":\"https:\\\/\\\/www.revistarambla.com\\\/un-planeta-envenenado-por-el-plastico-la-coartada-invisible-del-progreso\\\/#breadcrumb\"},\"inLanguage\":\"en-GB\",\"potentialAction\":[{\"@type\":\"ReadAction\",\"target\":[\"https:\\\/\\\/www.revistarambla.com\\\/un-planeta-envenenado-por-el-plastico-la-coartada-invisible-del-progreso\\\/\"]}]},{\"@type\":\"ImageObject\",\"inLanguage\":\"en-GB\",\"@id\":\"https:\\\/\\\/www.revistarambla.com\\\/un-planeta-envenenado-por-el-plastico-la-coartada-invisible-del-progreso\\\/#primaryimage\",\"url\":\"https:\\\/\\\/www.revistarambla.com\\\/wp-content\\\/uploads\\\/2026\\\/03\\\/rios-son-fuente-de-los-plasticos-del-mar-1024x683-1.jpg\",\"contentUrl\":\"https:\\\/\\\/www.revistarambla.com\\\/wp-content\\\/uploads\\\/2026\\\/03\\\/rios-son-fuente-de-los-plasticos-del-mar-1024x683-1.jpg\",\"width\":1024,\"height\":683,\"caption\":\"planeta pl\u00e1stico\"},{\"@type\":\"BreadcrumbList\",\"@id\":\"https:\\\/\\\/www.revistarambla.com\\\/un-planeta-envenenado-por-el-plastico-la-coartada-invisible-del-progreso\\\/#breadcrumb\",\"itemListElement\":[{\"@type\":\"ListItem\",\"position\":1,\"name\":\"Portada\",\"item\":\"https:\\\/\\\/www.revistarambla.com\\\/\"},{\"@type\":\"ListItem\",\"position\":2,\"name\":\"Un planeta envenenado por el pl\u00e1stico: la coartada invisible del progreso\"}]},{\"@type\":\"WebSite\",\"@id\":\"https:\\\/\\\/www.revistarambla.com\\\/#website\",\"url\":\"https:\\\/\\\/www.revistarambla.com\\\/\",\"name\":\"Revista Rambla Barcelona\",\"description\":\"Periodismo independiente\",\"publisher\":{\"@id\":\"https:\\\/\\\/www.revistarambla.com\\\/#organization\"},\"potentialAction\":[{\"@type\":\"SearchAction\",\"target\":{\"@type\":\"EntryPoint\",\"urlTemplate\":\"https:\\\/\\\/www.revistarambla.com\\\/?s={search_term_string}\"},\"query-input\":{\"@type\":\"PropertyValueSpecification\",\"valueRequired\":true,\"valueName\":\"search_term_string\"}}],\"inLanguage\":\"en-GB\"},{\"@type\":\"Organization\",\"@id\":\"https:\\\/\\\/www.revistarambla.com\\\/#organization\",\"name\":\"Revista Rambla\",\"url\":\"https:\\\/\\\/www.revistarambla.com\\\/\",\"logo\":{\"@type\":\"ImageObject\",\"inLanguage\":\"en-GB\",\"@id\":\"https:\\\/\\\/www.revistarambla.com\\\/#\\\/schema\\\/logo\\\/image\\\/\",\"url\":\"https:\\\/\\\/www.revistarambla.com\\\/wp-content\\\/uploads\\\/2020\\\/09\\\/banner_rambla_1900x600_BB.png\",\"contentUrl\":\"https:\\\/\\\/www.revistarambla.com\\\/wp-content\\\/uploads\\\/2020\\\/09\\\/banner_rambla_1900x600_BB.png\",\"width\":1900,\"height\":600,\"caption\":\"Revista Rambla\"},\"image\":{\"@id\":\"https:\\\/\\\/www.revistarambla.com\\\/#\\\/schema\\\/logo\\\/image\\\/\"},\"sameAs\":[\"https:\\\/\\\/www.facebook.com\\\/revistarambla\\\/\",\"https:\\\/\\\/x.com\\\/revistarambla\",\"https:\\\/\\\/www.instagram.com\\\/revista_rambla\",\"https:\\\/\\\/es.linkedin.com\\\/company\\\/revista-rambla\"]},{\"@type\":\"Person\",\"@id\":\"https:\\\/\\\/www.revistarambla.com\\\/#\\\/schema\\\/person\\\/a146a5a2550b94981a75131180e1bd9c\",\"name\":\"R@mbla\",\"description\":\"Este art\u00edculo ha sido redactado y\\\/o validado por el equipo de redacci\u00f3n de Revista Rambla.\",\"sameAs\":[\"https:\\\/\\\/www.revistarambla.com\\\/\",\"https:\\\/\\\/www.facebook.com\\\/revistarambla\",\"https:\\\/\\\/x.com\\\/revistarambla\"]}]}<\/script>\n<!-- \/ Yoast SEO plugin. -->","yoast_head_json":{"title":"Un planeta envenenado por el pl\u00e1stico: la coartada invisible del progreso - Revista Rambla","robots":{"index":"index","follow":"follow","max-snippet":"max-snippet:-1","max-image-preview":"max-image-preview:large","max-video-preview":"max-video-preview:-1"},"canonical":"https:\/\/www.revistarambla.com\/en\/un-planeta-envenenado-por-el-plastico-la-coartada-invisible-del-progreso\/","og_locale":"en_GB","og_type":"article","og_title":"Un planeta envenenado por el pl\u00e1stico: la coartada invisible del progreso - Revista Rambla","og_description":"La contaminaci\u00f3n pl\u00e1stica ha trascendido nuestras costas para transformarse en un veneno omnipresente que no solo desfigura ecosistemas, sino que reconfigura nuestra biolog\u00eda, nuestras econom\u00edas y el sentido mismo de una civilizaci\u00f3n que se niega a desafiar sus propios mitos de crecimiento","og_url":"https:\/\/www.revistarambla.com\/en\/un-planeta-envenenado-por-el-plastico-la-coartada-invisible-del-progreso\/","og_site_name":"Revista Rambla","article_publisher":"https:\/\/www.facebook.com\/revistarambla\/","article_author":"https:\/\/www.facebook.com\/revistarambla","article_published_time":"2026-03-07T18:37:54+00:00","og_image":[{"width":1024,"height":683,"url":"https:\/\/www.revistarambla.com\/wp-content\/uploads\/2026\/03\/rios-son-fuente-de-los-plasticos-del-mar-1024x683-1.jpg","type":"image\/jpeg"}],"author":"R@mbla","twitter_card":"summary_large_image","twitter_creator":"@revistarambla","twitter_site":"@revistarambla","twitter_misc":{"Written by":"R@mbla","Estimated reading time":"6 minutes"},"schema":{"@context":"https:\/\/schema.org","@graph":[{"@type":"Article","@id":"https:\/\/www.revistarambla.com\/un-planeta-envenenado-por-el-plastico-la-coartada-invisible-del-progreso\/#article","isPartOf":{"@id":"https:\/\/www.revistarambla.com\/un-planeta-envenenado-por-el-plastico-la-coartada-invisible-del-progreso\/"},"author":{"name":"R@mbla","@id":"https:\/\/www.revistarambla.com\/#\/schema\/person\/a146a5a2550b94981a75131180e1bd9c"},"headline":"Un planeta envenenado por el pl\u00e1stico: la coartada invisible del progreso","datePublished":"2026-03-07T18:37:54+00:00","mainEntityOfPage":{"@id":"https:\/\/www.revistarambla.com\/un-planeta-envenenado-por-el-plastico-la-coartada-invisible-del-progreso\/"},"wordCount":1287,"publisher":{"@id":"https:\/\/www.revistarambla.com\/#organization"},"image":{"@id":"https:\/\/www.revistarambla.com\/un-planeta-envenenado-por-el-plastico-la-coartada-invisible-del-progreso\/#primaryimage"},"thumbnailUrl":"https:\/\/www.revistarambla.com\/wp-content\/uploads\/2026\/03\/rios-son-fuente-de-los-plasticos-del-mar-1024x683-1.jpg","articleSection":["Otras Miradas"],"inLanguage":"en-GB"},{"@type":"WebPage","@id":"https:\/\/www.revistarambla.com\/un-planeta-envenenado-por-el-plastico-la-coartada-invisible-del-progreso\/","url":"https:\/\/www.revistarambla.com\/un-planeta-envenenado-por-el-plastico-la-coartada-invisible-del-progreso\/","name":"Un planeta envenenado por el pl\u00e1stico: la coartada invisible del progreso - Revista Rambla","isPartOf":{"@id":"https:\/\/www.revistarambla.com\/#website"},"primaryImageOfPage":{"@id":"https:\/\/www.revistarambla.com\/un-planeta-envenenado-por-el-plastico-la-coartada-invisible-del-progreso\/#primaryimage"},"image":{"@id":"https:\/\/www.revistarambla.com\/un-planeta-envenenado-por-el-plastico-la-coartada-invisible-del-progreso\/#primaryimage"},"thumbnailUrl":"https:\/\/www.revistarambla.com\/wp-content\/uploads\/2026\/03\/rios-son-fuente-de-los-plasticos-del-mar-1024x683-1.jpg","datePublished":"2026-03-07T18:37:54+00:00","breadcrumb":{"@id":"https:\/\/www.revistarambla.com\/un-planeta-envenenado-por-el-plastico-la-coartada-invisible-del-progreso\/#breadcrumb"},"inLanguage":"en-GB","potentialAction":[{"@type":"ReadAction","target":["https:\/\/www.revistarambla.com\/un-planeta-envenenado-por-el-plastico-la-coartada-invisible-del-progreso\/"]}]},{"@type":"ImageObject","inLanguage":"en-GB","@id":"https:\/\/www.revistarambla.com\/un-planeta-envenenado-por-el-plastico-la-coartada-invisible-del-progreso\/#primaryimage","url":"https:\/\/www.revistarambla.com\/wp-content\/uploads\/2026\/03\/rios-son-fuente-de-los-plasticos-del-mar-1024x683-1.jpg","contentUrl":"https:\/\/www.revistarambla.com\/wp-content\/uploads\/2026\/03\/rios-son-fuente-de-los-plasticos-del-mar-1024x683-1.jpg","width":1024,"height":683,"caption":"planeta pl\u00e1stico"},{"@type":"BreadcrumbList","@id":"https:\/\/www.revistarambla.com\/un-planeta-envenenado-por-el-plastico-la-coartada-invisible-del-progreso\/#breadcrumb","itemListElement":[{"@type":"ListItem","position":1,"name":"Portada","item":"https:\/\/www.revistarambla.com\/"},{"@type":"ListItem","position":2,"name":"Un planeta envenenado por el pl\u00e1stico: la coartada invisible del progreso"}]},{"@type":"WebSite","@id":"https:\/\/www.revistarambla.com\/#website","url":"https:\/\/www.revistarambla.com\/","name":"Revista Rambla Barcelona","description":"Periodismo independiente","publisher":{"@id":"https:\/\/www.revistarambla.com\/#organization"},"potentialAction":[{"@type":"SearchAction","target":{"@type":"EntryPoint","urlTemplate":"https:\/\/www.revistarambla.com\/?s={search_term_string}"},"query-input":{"@type":"PropertyValueSpecification","valueRequired":true,"valueName":"search_term_string"}}],"inLanguage":"en-GB"},{"@type":"Organization","@id":"https:\/\/www.revistarambla.com\/#organization","name":"Revista Rambla","url":"https:\/\/www.revistarambla.com\/","logo":{"@type":"ImageObject","inLanguage":"en-GB","@id":"https:\/\/www.revistarambla.com\/#\/schema\/logo\/image\/","url":"https:\/\/www.revistarambla.com\/wp-content\/uploads\/2020\/09\/banner_rambla_1900x600_BB.png","contentUrl":"https:\/\/www.revistarambla.com\/wp-content\/uploads\/2020\/09\/banner_rambla_1900x600_BB.png","width":1900,"height":600,"caption":"Revista Rambla"},"image":{"@id":"https:\/\/www.revistarambla.com\/#\/schema\/logo\/image\/"},"sameAs":["https:\/\/www.facebook.com\/revistarambla\/","https:\/\/x.com\/revistarambla","https:\/\/www.instagram.com\/revista_rambla","https:\/\/es.linkedin.com\/company\/revista-rambla"]},{"@type":"Person","@id":"https:\/\/www.revistarambla.com\/#\/schema\/person\/a146a5a2550b94981a75131180e1bd9c","name":"R@mbla","description":"Este art\u00edculo ha sido redactado y\/o validado por el equipo de redacci\u00f3n de Revista Rambla.","sameAs":["https:\/\/www.revistarambla.com\/","https:\/\/www.facebook.com\/revistarambla","https:\/\/x.com\/revistarambla"]}]}},"_links":{"self":[{"href":"https:\/\/www.revistarambla.com\/en\/wp-json\/wp\/v2\/posts\/67895","targetHints":{"allow":["GET"]}}],"collection":[{"href":"https:\/\/www.revistarambla.com\/en\/wp-json\/wp\/v2\/posts"}],"about":[{"href":"https:\/\/www.revistarambla.com\/en\/wp-json\/wp\/v2\/types\/post"}],"author":[{"embeddable":true,"href":"https:\/\/www.revistarambla.com\/en\/wp-json\/wp\/v2\/users\/3"}],"replies":[{"embeddable":true,"href":"https:\/\/www.revistarambla.com\/en\/wp-json\/wp\/v2\/comments?post=67895"}],"version-history":[{"count":1,"href":"https:\/\/www.revistarambla.com\/en\/wp-json\/wp\/v2\/posts\/67895\/revisions"}],"predecessor-version":[{"id":67897,"href":"https:\/\/www.revistarambla.com\/en\/wp-json\/wp\/v2\/posts\/67895\/revisions\/67897"}],"wp:featuredmedia":[{"embeddable":true,"href":"https:\/\/www.revistarambla.com\/en\/wp-json\/wp\/v2\/media\/67896"}],"wp:attachment":[{"href":"https:\/\/www.revistarambla.com\/en\/wp-json\/wp\/v2\/media?parent=67895"}],"wp:term":[{"taxonomy":"category","embeddable":true,"href":"https:\/\/www.revistarambla.com\/en\/wp-json\/wp\/v2\/categories?post=67895"},{"taxonomy":"post_tag","embeddable":true,"href":"https:\/\/www.revistarambla.com\/en\/wp-json\/wp\/v2\/tags?post=67895"}],"curies":[{"name":"wp","href":"https:\/\/api.w.org\/{rel}","templated":true}]}}