{"id":67892,"date":"2026-03-07T19:32:50","date_gmt":"2026-03-07T18:32:50","guid":{"rendered":"https:\/\/www.revistarambla.com\/?p=67892"},"modified":"2026-03-07T19:32:50","modified_gmt":"2026-03-07T18:32:50","slug":"picasso-stalin-y-el-error-de-concebir-el-arte-como-propaganda","status":"publish","type":"post","link":"https:\/\/www.revistarambla.com\/en\/picasso-stalin-y-el-error-de-concebir-el-arte-como-propaganda\/","title":{"rendered":"Picasso, Stalin y el error de concebir el arte como propaganda"},"content":{"rendered":"<p>Es tentador creer que una simple imagen, un trazo de l\u00e1piz sobre papel, no merece m\u00e1s que una menci\u00f3n fugaz. <!--more-->Pero la historia del retrato de Jos\u00e9 Stalin que realiz\u00f3 <strong>Pablo Picasso<\/strong> tras la muerte del dictador sovi\u00e9tico en marzo de 1953 no es una an\u00e9cdota menor, sino un espejo que refleja las tensiones de una \u00e9poca, los dilemas de la creaci\u00f3n art\u00edstica y el fr\u00e1gil equilibrio entre la autonom\u00eda del creador y las expectativas de los movimientos pol\u00edticos que intenta representar o honrar. La pol\u00e9mica que gener\u00f3 aquel dibujo, hoy pr\u00e1cticamente olvidada por muchos, nos obliga a reconsiderar c\u00f3mo entendemos el arte \u2014no como un ornamento de fanfarria ideol\u00f3gica, sino como una expresi\u00f3n que puede interrogar, desafiar, tensar y, s\u00ed, hasta contradecir las verdades que pretende inmortalizar.<\/p>\n<p><img decoding=\"async\" class=\"aligncenter wp-image-67893 size-full\" src=\"https:\/\/www.revistarambla.com\/wp-content\/uploads\/2026\/03\/Picasso1.png\" alt=\"picasso stalin\" width=\"309\" height=\"414\" srcset=\"https:\/\/www.revistarambla.com\/wp-content\/uploads\/2026\/03\/Picasso1.png 309w, https:\/\/www.revistarambla.com\/wp-content\/uploads\/2026\/03\/Picasso1-272x365.png 272w, https:\/\/www.revistarambla.com\/wp-content\/uploads\/2026\/03\/Picasso1-9x12.png 9w\" sizes=\"(max-width: 309px) 100vw, 309px\" \/><\/p>\n<p>Picasso, en 1953, ya era una figura monumental en el arte moderno y, desde hac\u00eda a\u00f1os, militante del Partido Comunista Franc\u00e9s. Su adhesi\u00f3n pol\u00edtica no era superficial: en medio del fragor de la posguerra, cuando la memoria de la lucha contra el fascismo y la esperanza de un mundo diferente segu\u00edan vivos, muchos intelectuales vieron en los ideales comunistas una fuerza regeneradora. Para la revista parisina <em>Les Lettres Fran\u00e7aises<\/em>, \u00f3rgano cultural del Partido Comunista Franc\u00e9s dirigido por <strong>Louis Aragon<\/strong>, no cab\u00eda duda de que la muerte de Stalin \u2014a quien muchos comunistas a\u00fan recordaban como el estratega de la victoria en Stalingrado y el l\u00edder del movimiento obrero internacional\u2014 deb\u00eda ser conmemorada con solemnidad y respeto.<\/p>\n<p>En este contexto, Aragon solicit\u00f3 a Picasso que enviara algo para ilustrar el n\u00famero dedicado a Stalin que estaba preparando la revista. La petici\u00f3n fue amplia: \u00abenv\u00edame lo que quieras, un texto o un dibujo\u2026\u00bb. Picasso eligi\u00f3 responder con un dibujo: un retrato de Stalin basado en fotograf\u00edas de su juventud. No era el busto glorificado, marm\u00f3reo y dogm\u00e1tico que muchos esperaban; tampoco un cuadro que siguiera al pie de la letra las convenciones del realismo socialista que imperaban en la Uni\u00f3n Sovi\u00e9tica. Lo que Picasso present\u00f3 fue, m\u00e1s bien, su visi\u00f3n propia: un Stalin joven, sorprendido, inquieto, con ojos abiertos y sin el aura de impenetrable sabidur\u00eda que la propaganda del partido le atribu\u00eda.<\/p>\n<p>Aqu\u00ed reside la esencia del conflicto: el retrato no reflejaba ni la bondad heroica ni la fuerza invencible con la que los comunistas quer\u00edan identificarse. Para muchos militantes de base, aquel Stalin parec\u00eda un hombre com\u00fan, demasiado humano, incluso demasiado vulnerable, y eso era intolerable para quienes quer\u00edan rendirle homenaje en su muerte. La direcci\u00f3n del PCF reaccion\u00f3 con una desaprobaci\u00f3n formal, no s\u00f3lo criticando la publicaci\u00f3n sino instrumentalizando la indignaci\u00f3n de la militancia para atacar a Aragon. Los argumentos no fueron puramente art\u00edsticos, sino profundamente pol\u00edticos: no se trataba de discutir el m\u00e9rito del dibujo, sino de restituir la imagen monumental del l\u00edder fallecido.<\/p>\n<p>Esta reacci\u00f3n no debe sorprendernos si consideramos el contexto hist\u00f3rico y cultural. Las organizaciones pol\u00edticas, especialmente las que se definen por su coherencia ideol\u00f3gica, suelen reivindicar formas de arte que refuercen sus narrativas. El realismo socialista, por ejemplo, no es una simple corriente est\u00e9tica: es un instrumento de legitimaci\u00f3n del poder, una forma de imponer una mirada \u00fanica sobre la realidad. Para estas corrientes, el arte que no se somete a su l\u00f3gica es sospechoso, y el artista que se atreve a apartarse de ella es visto como un traidor, un hereje.<\/p>\n<p>Pero Picasso no era un militante al servicio de un dogma. Su libertad creadora y su genio rebelde \u2014como lo ha demostrado a lo largo de toda su carrera\u2014 no pod\u00edan ser reducidos a un simple recurso propagand\u00edstico. Su obra, incluso cuando nace de una petici\u00f3n espec\u00edfica, siempre mantiene un n\u00facleo contradictorio, tensionado entre el impulso \u00edntimo del artista y las demandas del entorno. En el retrato de Stalin, Picasso no traicion\u00f3 su compromiso pol\u00edtico: lo reinterpret\u00f3, cuestion\u00f3 y desafi\u00f3. Present\u00f3 una imagen que no complac\u00eda, que no obedec\u00eda, y eso fue considerado un error, o peor a\u00fan, una provocaci\u00f3n.<\/p>\n<p>Esta historia, que en apariencia puede parecer un episodio casi risible de la historia del comunismo franc\u00e9s, tiene implicaciones m\u00e1s profundas sobre la relaci\u00f3n entre arte y pol\u00edtica. Nos recuerda que cuando las organizaciones intentan subordinar la creaci\u00f3n art\u00edstica a sus objetivos, corren el riesgo de banalizarla o, incluso, de corromperla. El arte no es una herramienta de legitimaci\u00f3n; es una forma de pensamiento cr\u00edtico, una apuesta por la complejidad, la contradicci\u00f3n y la libertad. Y esta tensi\u00f3n, entre la autonom\u00eda del artista y las expectativas del poder, es una de las claves para entender por qu\u00e9 el retrato de Stalin de Picasso provoc\u00f3 una pol\u00e9mica tan intensa en su momento.<\/p>\n<p>El episodio tambi\u00e9n nos invita a reconsiderar c\u00f3mo interpretamos la herencia de figuras como Stalin en tiempos actuales. Hoy, con las heridas de los reg\u00edmenes totalitarios a\u00fan vigentes en la memoria colectiva, muchos ven en Stalin la encarnaci\u00f3n de la represi\u00f3n y el terror. Sin embargo, en la d\u00e9cada de 1950, esa percepci\u00f3n no era un\u00e1nime: para millones de comunistas en Europa Occidental, su figura estaba impregnada de simbolismo positivo, asociado a la derrota del nazismo y la lucha por un mundo m\u00e1s justo. La pol\u00e9mica sobre el retrato de Picasso ocurre justo en ese momento hist\u00f3rico de tensiones, idealismos y contradicciones.<\/p>\n<p>Lo que resulta particularmente revelador es c\u00f3mo el propio PCF, al condenar el retrato, mostr\u00f3 los l\u00edmites de su apertura cultural. En lugar de aceptar una interpretaci\u00f3n art\u00edstica plural, prefiri\u00f3 imponer una visi\u00f3n monol\u00edtica de lo que deb\u00eda ser la representaci\u00f3n de Stalin. La direcci\u00f3n del partido utiliz\u00f3 entonces este incidente para ajustar cuentas internas, dirimir rivalidades y reafirmar su autoridad sobre el terreno cultural, m\u00e1s que para debatir realmente el significado y el valor del dibujo.<\/p>\n<p>Y aqu\u00ed llegamos a la lecci\u00f3n m\u00e1s punzante: el arte no se presta a ser esclavo de una narrativa. Puede inspirarla, cuestionarla o incluso subvertirla, pero no puede ser reducido a ella. El error no estuvo en Picasso por ofrecer su visi\u00f3n, sino en quienes esperaban de \u00e9l una imagen complaciente, servil y obediente. Porque cuando el arte es al servicio del dogma, pierde su fuerza cr\u00edtica y se convierte en mera ilustraci\u00f3n de consignas. La historia del retrato de Stalin nos recuerda que el verdadero valor del arte radica en su capacidad para poner en di\u00e1logo, incluso en confrontaci\u00f3n, nuestras certezas pol\u00edticas y nuestras convicciones m\u00e1s profundas.<\/p>\n<p>En un mundo donde la instrumentalizaci\u00f3n del arte por parte de los poderes \u2014pol\u00edticos, econ\u00f3micos o ideol\u00f3gicos\u2014 sigue siendo una realidad, la an\u00e9cdota de Picasso y Stalin act\u00faa como advertencia y llamado de alerta. El artista no es un reproductor de s\u00edmbolos; es un creador de sentidos. Y por eso, incluso un simple retrato puede desencadenar debates, pol\u00e9micas y reflexiones que trascienden la imagen misma, alcanzando las convulsiones de su tiempo y resonando, d\u00e9cadas despu\u00e9s, en nuestra comprensi\u00f3n de la relaci\u00f3n entre libertad y representaci\u00f3n.<\/p>\n<p>Finalmente, la pol\u00e9mica nos obliga a preguntarnos: \u00bfc\u00f3mo concebimos hoy la funci\u00f3n p\u00fablica del arte? \u00bfDebe el creador someterse a las expectativas de las grandes narrativas colectivas, o debe mantener un territorio de libertad que pueda incomodar y desafiar? Picasso, con su retrato de Stalin, no s\u00f3lo pint\u00f3 una imagen: deline\u00f3, sin saberlo, un conflicto eterno entre la fidelidad a la idea y la fidelidad al pensamiento libre. Y en ese gesto radica, quiz\u00e1, la verdadera lecci\u00f3n de este esc\u00e1ndalo.<\/p>","protected":false},"excerpt":{"rendered":"<p>Cuando la libertad creadora choca con los dogmas ideol\u00f3gicos y las lealtades pol\u00edticas<\/p>","protected":false},"author":3,"featured_media":67893,"comment_status":"closed","ping_status":"closed","sticky":false,"template":"","format":"standard","meta":{"footnotes":""},"categories":[64],"tags":[],"class_list":["post-67892","post","type-post","status-publish","format-standard","has-post-thumbnail","hentry","category-arte"],"yoast_head":"<!-- This site is optimized with the Yoast SEO plugin v27.5 - https:\/\/yoast.com\/product\/yoast-seo-wordpress\/ -->\n<title>Picasso, Stalin y el error de concebir el arte como propaganda - Revista Rambla<\/title>\n<meta name=\"robots\" content=\"index, follow, max-snippet:-1, max-image-preview:large, max-video-preview:-1\" \/>\n<link rel=\"canonical\" href=\"https:\/\/www.revistarambla.com\/en\/picasso-stalin-y-el-error-de-concebir-el-arte-como-propaganda\/\" \/>\n<meta property=\"og:locale\" content=\"en_GB\" \/>\n<meta property=\"og:type\" content=\"article\" \/>\n<meta property=\"og:title\" content=\"Picasso, Stalin y el error de concebir el arte como propaganda - Revista Rambla\" \/>\n<meta property=\"og:description\" content=\"Cuando la libertad creadora choca con los dogmas ideol\u00f3gicos y las lealtades pol\u00edticas\" \/>\n<meta property=\"og:url\" content=\"https:\/\/www.revistarambla.com\/en\/picasso-stalin-y-el-error-de-concebir-el-arte-como-propaganda\/\" \/>\n<meta property=\"og:site_name\" content=\"Revista Rambla\" \/>\n<meta property=\"article:publisher\" content=\"https:\/\/www.facebook.com\/revistarambla\/\" \/>\n<meta property=\"article:author\" content=\"https:\/\/www.facebook.com\/revistarambla\" \/>\n<meta property=\"article:published_time\" content=\"2026-03-07T18:32:50+00:00\" \/>\n<meta property=\"og:image\" content=\"https:\/\/www.revistarambla.com\/wp-content\/uploads\/2026\/03\/Picasso1.png\" \/>\n\t<meta property=\"og:image:width\" content=\"309\" \/>\n\t<meta property=\"og:image:height\" content=\"414\" \/>\n\t<meta property=\"og:image:type\" content=\"image\/png\" \/>\n<meta name=\"author\" content=\"R@mbla\" \/>\n<meta name=\"twitter:card\" content=\"summary_large_image\" \/>\n<meta name=\"twitter:creator\" content=\"@revistarambla\" \/>\n<meta name=\"twitter:site\" content=\"@revistarambla\" \/>\n<meta name=\"twitter:label1\" content=\"Written by\" \/>\n\t<meta name=\"twitter:data1\" content=\"R@mbla\" \/>\n\t<meta name=\"twitter:label2\" content=\"Estimated reading time\" \/>\n\t<meta name=\"twitter:data2\" content=\"6 minutes\" \/>\n<script type=\"application\/ld+json\" class=\"yoast-schema-graph\">{\"@context\":\"https:\\\/\\\/schema.org\",\"@graph\":[{\"@type\":\"Article\",\"@id\":\"https:\\\/\\\/www.revistarambla.com\\\/picasso-stalin-y-el-error-de-concebir-el-arte-como-propaganda\\\/#article\",\"isPartOf\":{\"@id\":\"https:\\\/\\\/www.revistarambla.com\\\/picasso-stalin-y-el-error-de-concebir-el-arte-como-propaganda\\\/\"},\"author\":{\"name\":\"R@mbla\",\"@id\":\"https:\\\/\\\/www.revistarambla.com\\\/#\\\/schema\\\/person\\\/a146a5a2550b94981a75131180e1bd9c\"},\"headline\":\"Picasso, Stalin y el error de concebir el arte como propaganda\",\"datePublished\":\"2026-03-07T18:32:50+00:00\",\"mainEntityOfPage\":{\"@id\":\"https:\\\/\\\/www.revistarambla.com\\\/picasso-stalin-y-el-error-de-concebir-el-arte-como-propaganda\\\/\"},\"wordCount\":1359,\"publisher\":{\"@id\":\"https:\\\/\\\/www.revistarambla.com\\\/#organization\"},\"image\":{\"@id\":\"https:\\\/\\\/www.revistarambla.com\\\/picasso-stalin-y-el-error-de-concebir-el-arte-como-propaganda\\\/#primaryimage\"},\"thumbnailUrl\":\"https:\\\/\\\/www.revistarambla.com\\\/wp-content\\\/uploads\\\/2026\\\/03\\\/Picasso1.png\",\"articleSection\":[\"Arte\"],\"inLanguage\":\"en-GB\"},{\"@type\":\"WebPage\",\"@id\":\"https:\\\/\\\/www.revistarambla.com\\\/picasso-stalin-y-el-error-de-concebir-el-arte-como-propaganda\\\/\",\"url\":\"https:\\\/\\\/www.revistarambla.com\\\/picasso-stalin-y-el-error-de-concebir-el-arte-como-propaganda\\\/\",\"name\":\"Picasso, Stalin y el error de concebir el arte como propaganda - Revista Rambla\",\"isPartOf\":{\"@id\":\"https:\\\/\\\/www.revistarambla.com\\\/#website\"},\"primaryImageOfPage\":{\"@id\":\"https:\\\/\\\/www.revistarambla.com\\\/picasso-stalin-y-el-error-de-concebir-el-arte-como-propaganda\\\/#primaryimage\"},\"image\":{\"@id\":\"https:\\\/\\\/www.revistarambla.com\\\/picasso-stalin-y-el-error-de-concebir-el-arte-como-propaganda\\\/#primaryimage\"},\"thumbnailUrl\":\"https:\\\/\\\/www.revistarambla.com\\\/wp-content\\\/uploads\\\/2026\\\/03\\\/Picasso1.png\",\"datePublished\":\"2026-03-07T18:32:50+00:00\",\"breadcrumb\":{\"@id\":\"https:\\\/\\\/www.revistarambla.com\\\/picasso-stalin-y-el-error-de-concebir-el-arte-como-propaganda\\\/#breadcrumb\"},\"inLanguage\":\"en-GB\",\"potentialAction\":[{\"@type\":\"ReadAction\",\"target\":[\"https:\\\/\\\/www.revistarambla.com\\\/picasso-stalin-y-el-error-de-concebir-el-arte-como-propaganda\\\/\"]}]},{\"@type\":\"ImageObject\",\"inLanguage\":\"en-GB\",\"@id\":\"https:\\\/\\\/www.revistarambla.com\\\/picasso-stalin-y-el-error-de-concebir-el-arte-como-propaganda\\\/#primaryimage\",\"url\":\"https:\\\/\\\/www.revistarambla.com\\\/wp-content\\\/uploads\\\/2026\\\/03\\\/Picasso1.png\",\"contentUrl\":\"https:\\\/\\\/www.revistarambla.com\\\/wp-content\\\/uploads\\\/2026\\\/03\\\/Picasso1.png\",\"width\":309,\"height\":414,\"caption\":\"picasso stalin\"},{\"@type\":\"BreadcrumbList\",\"@id\":\"https:\\\/\\\/www.revistarambla.com\\\/picasso-stalin-y-el-error-de-concebir-el-arte-como-propaganda\\\/#breadcrumb\",\"itemListElement\":[{\"@type\":\"ListItem\",\"position\":1,\"name\":\"Portada\",\"item\":\"https:\\\/\\\/www.revistarambla.com\\\/\"},{\"@type\":\"ListItem\",\"position\":2,\"name\":\"Picasso, Stalin y el error de concebir el arte como propaganda\"}]},{\"@type\":\"WebSite\",\"@id\":\"https:\\\/\\\/www.revistarambla.com\\\/#website\",\"url\":\"https:\\\/\\\/www.revistarambla.com\\\/\",\"name\":\"Revista Rambla Barcelona\",\"description\":\"Periodismo independiente\",\"publisher\":{\"@id\":\"https:\\\/\\\/www.revistarambla.com\\\/#organization\"},\"potentialAction\":[{\"@type\":\"SearchAction\",\"target\":{\"@type\":\"EntryPoint\",\"urlTemplate\":\"https:\\\/\\\/www.revistarambla.com\\\/?s={search_term_string}\"},\"query-input\":{\"@type\":\"PropertyValueSpecification\",\"valueRequired\":true,\"valueName\":\"search_term_string\"}}],\"inLanguage\":\"en-GB\"},{\"@type\":\"Organization\",\"@id\":\"https:\\\/\\\/www.revistarambla.com\\\/#organization\",\"name\":\"Revista Rambla\",\"url\":\"https:\\\/\\\/www.revistarambla.com\\\/\",\"logo\":{\"@type\":\"ImageObject\",\"inLanguage\":\"en-GB\",\"@id\":\"https:\\\/\\\/www.revistarambla.com\\\/#\\\/schema\\\/logo\\\/image\\\/\",\"url\":\"https:\\\/\\\/www.revistarambla.com\\\/wp-content\\\/uploads\\\/2020\\\/09\\\/banner_rambla_1900x600_BB.png\",\"contentUrl\":\"https:\\\/\\\/www.revistarambla.com\\\/wp-content\\\/uploads\\\/2020\\\/09\\\/banner_rambla_1900x600_BB.png\",\"width\":1900,\"height\":600,\"caption\":\"Revista Rambla\"},\"image\":{\"@id\":\"https:\\\/\\\/www.revistarambla.com\\\/#\\\/schema\\\/logo\\\/image\\\/\"},\"sameAs\":[\"https:\\\/\\\/www.facebook.com\\\/revistarambla\\\/\",\"https:\\\/\\\/x.com\\\/revistarambla\",\"https:\\\/\\\/www.instagram.com\\\/revista_rambla\",\"https:\\\/\\\/es.linkedin.com\\\/company\\\/revista-rambla\"]},{\"@type\":\"Person\",\"@id\":\"https:\\\/\\\/www.revistarambla.com\\\/#\\\/schema\\\/person\\\/a146a5a2550b94981a75131180e1bd9c\",\"name\":\"R@mbla\",\"description\":\"Este art\u00edculo ha sido redactado y\\\/o validado por el equipo de redacci\u00f3n de Revista Rambla.\",\"sameAs\":[\"https:\\\/\\\/www.revistarambla.com\\\/\",\"https:\\\/\\\/www.facebook.com\\\/revistarambla\",\"https:\\\/\\\/x.com\\\/revistarambla\"]}]}<\/script>\n<!-- \/ Yoast SEO plugin. -->","yoast_head_json":{"title":"Picasso, Stalin y el error de concebir el arte como propaganda - Revista Rambla","robots":{"index":"index","follow":"follow","max-snippet":"max-snippet:-1","max-image-preview":"max-image-preview:large","max-video-preview":"max-video-preview:-1"},"canonical":"https:\/\/www.revistarambla.com\/en\/picasso-stalin-y-el-error-de-concebir-el-arte-como-propaganda\/","og_locale":"en_GB","og_type":"article","og_title":"Picasso, Stalin y el error de concebir el arte como propaganda - Revista Rambla","og_description":"Cuando la libertad creadora choca con los dogmas ideol\u00f3gicos y las lealtades pol\u00edticas","og_url":"https:\/\/www.revistarambla.com\/en\/picasso-stalin-y-el-error-de-concebir-el-arte-como-propaganda\/","og_site_name":"Revista Rambla","article_publisher":"https:\/\/www.facebook.com\/revistarambla\/","article_author":"https:\/\/www.facebook.com\/revistarambla","article_published_time":"2026-03-07T18:32:50+00:00","og_image":[{"width":309,"height":414,"url":"https:\/\/www.revistarambla.com\/wp-content\/uploads\/2026\/03\/Picasso1.png","type":"image\/png"}],"author":"R@mbla","twitter_card":"summary_large_image","twitter_creator":"@revistarambla","twitter_site":"@revistarambla","twitter_misc":{"Written by":"R@mbla","Estimated reading time":"6 minutes"},"schema":{"@context":"https:\/\/schema.org","@graph":[{"@type":"Article","@id":"https:\/\/www.revistarambla.com\/picasso-stalin-y-el-error-de-concebir-el-arte-como-propaganda\/#article","isPartOf":{"@id":"https:\/\/www.revistarambla.com\/picasso-stalin-y-el-error-de-concebir-el-arte-como-propaganda\/"},"author":{"name":"R@mbla","@id":"https:\/\/www.revistarambla.com\/#\/schema\/person\/a146a5a2550b94981a75131180e1bd9c"},"headline":"Picasso, Stalin y el error de concebir el arte como propaganda","datePublished":"2026-03-07T18:32:50+00:00","mainEntityOfPage":{"@id":"https:\/\/www.revistarambla.com\/picasso-stalin-y-el-error-de-concebir-el-arte-como-propaganda\/"},"wordCount":1359,"publisher":{"@id":"https:\/\/www.revistarambla.com\/#organization"},"image":{"@id":"https:\/\/www.revistarambla.com\/picasso-stalin-y-el-error-de-concebir-el-arte-como-propaganda\/#primaryimage"},"thumbnailUrl":"https:\/\/www.revistarambla.com\/wp-content\/uploads\/2026\/03\/Picasso1.png","articleSection":["Arte"],"inLanguage":"en-GB"},{"@type":"WebPage","@id":"https:\/\/www.revistarambla.com\/picasso-stalin-y-el-error-de-concebir-el-arte-como-propaganda\/","url":"https:\/\/www.revistarambla.com\/picasso-stalin-y-el-error-de-concebir-el-arte-como-propaganda\/","name":"Picasso, Stalin y el error de concebir el arte como propaganda - Revista Rambla","isPartOf":{"@id":"https:\/\/www.revistarambla.com\/#website"},"primaryImageOfPage":{"@id":"https:\/\/www.revistarambla.com\/picasso-stalin-y-el-error-de-concebir-el-arte-como-propaganda\/#primaryimage"},"image":{"@id":"https:\/\/www.revistarambla.com\/picasso-stalin-y-el-error-de-concebir-el-arte-como-propaganda\/#primaryimage"},"thumbnailUrl":"https:\/\/www.revistarambla.com\/wp-content\/uploads\/2026\/03\/Picasso1.png","datePublished":"2026-03-07T18:32:50+00:00","breadcrumb":{"@id":"https:\/\/www.revistarambla.com\/picasso-stalin-y-el-error-de-concebir-el-arte-como-propaganda\/#breadcrumb"},"inLanguage":"en-GB","potentialAction":[{"@type":"ReadAction","target":["https:\/\/www.revistarambla.com\/picasso-stalin-y-el-error-de-concebir-el-arte-como-propaganda\/"]}]},{"@type":"ImageObject","inLanguage":"en-GB","@id":"https:\/\/www.revistarambla.com\/picasso-stalin-y-el-error-de-concebir-el-arte-como-propaganda\/#primaryimage","url":"https:\/\/www.revistarambla.com\/wp-content\/uploads\/2026\/03\/Picasso1.png","contentUrl":"https:\/\/www.revistarambla.com\/wp-content\/uploads\/2026\/03\/Picasso1.png","width":309,"height":414,"caption":"picasso stalin"},{"@type":"BreadcrumbList","@id":"https:\/\/www.revistarambla.com\/picasso-stalin-y-el-error-de-concebir-el-arte-como-propaganda\/#breadcrumb","itemListElement":[{"@type":"ListItem","position":1,"name":"Portada","item":"https:\/\/www.revistarambla.com\/"},{"@type":"ListItem","position":2,"name":"Picasso, Stalin y el error de concebir el arte como propaganda"}]},{"@type":"WebSite","@id":"https:\/\/www.revistarambla.com\/#website","url":"https:\/\/www.revistarambla.com\/","name":"Revista Rambla Barcelona","description":"Periodismo independiente","publisher":{"@id":"https:\/\/www.revistarambla.com\/#organization"},"potentialAction":[{"@type":"SearchAction","target":{"@type":"EntryPoint","urlTemplate":"https:\/\/www.revistarambla.com\/?s={search_term_string}"},"query-input":{"@type":"PropertyValueSpecification","valueRequired":true,"valueName":"search_term_string"}}],"inLanguage":"en-GB"},{"@type":"Organization","@id":"https:\/\/www.revistarambla.com\/#organization","name":"Revista Rambla","url":"https:\/\/www.revistarambla.com\/","logo":{"@type":"ImageObject","inLanguage":"en-GB","@id":"https:\/\/www.revistarambla.com\/#\/schema\/logo\/image\/","url":"https:\/\/www.revistarambla.com\/wp-content\/uploads\/2020\/09\/banner_rambla_1900x600_BB.png","contentUrl":"https:\/\/www.revistarambla.com\/wp-content\/uploads\/2020\/09\/banner_rambla_1900x600_BB.png","width":1900,"height":600,"caption":"Revista Rambla"},"image":{"@id":"https:\/\/www.revistarambla.com\/#\/schema\/logo\/image\/"},"sameAs":["https:\/\/www.facebook.com\/revistarambla\/","https:\/\/x.com\/revistarambla","https:\/\/www.instagram.com\/revista_rambla","https:\/\/es.linkedin.com\/company\/revista-rambla"]},{"@type":"Person","@id":"https:\/\/www.revistarambla.com\/#\/schema\/person\/a146a5a2550b94981a75131180e1bd9c","name":"R@mbla","description":"Este art\u00edculo ha sido redactado y\/o validado por el equipo de redacci\u00f3n de Revista Rambla.","sameAs":["https:\/\/www.revistarambla.com\/","https:\/\/www.facebook.com\/revistarambla","https:\/\/x.com\/revistarambla"]}]}},"_links":{"self":[{"href":"https:\/\/www.revistarambla.com\/en\/wp-json\/wp\/v2\/posts\/67892","targetHints":{"allow":["GET"]}}],"collection":[{"href":"https:\/\/www.revistarambla.com\/en\/wp-json\/wp\/v2\/posts"}],"about":[{"href":"https:\/\/www.revistarambla.com\/en\/wp-json\/wp\/v2\/types\/post"}],"author":[{"embeddable":true,"href":"https:\/\/www.revistarambla.com\/en\/wp-json\/wp\/v2\/users\/3"}],"replies":[{"embeddable":true,"href":"https:\/\/www.revistarambla.com\/en\/wp-json\/wp\/v2\/comments?post=67892"}],"version-history":[{"count":1,"href":"https:\/\/www.revistarambla.com\/en\/wp-json\/wp\/v2\/posts\/67892\/revisions"}],"predecessor-version":[{"id":67894,"href":"https:\/\/www.revistarambla.com\/en\/wp-json\/wp\/v2\/posts\/67892\/revisions\/67894"}],"wp:featuredmedia":[{"embeddable":true,"href":"https:\/\/www.revistarambla.com\/en\/wp-json\/wp\/v2\/media\/67893"}],"wp:attachment":[{"href":"https:\/\/www.revistarambla.com\/en\/wp-json\/wp\/v2\/media?parent=67892"}],"wp:term":[{"taxonomy":"category","embeddable":true,"href":"https:\/\/www.revistarambla.com\/en\/wp-json\/wp\/v2\/categories?post=67892"},{"taxonomy":"post_tag","embeddable":true,"href":"https:\/\/www.revistarambla.com\/en\/wp-json\/wp\/v2\/tags?post=67892"}],"curies":[{"name":"wp","href":"https:\/\/api.w.org\/{rel}","templated":true}]}}