{"id":67889,"date":"2026-03-07T19:28:57","date_gmt":"2026-03-07T18:28:57","guid":{"rendered":"https:\/\/www.revistarambla.com\/?p=67889"},"modified":"2026-03-07T19:28:57","modified_gmt":"2026-03-07T18:28:57","slug":"la-vigencia-de-un-clasico-ante-un-mundo-que-no-aprendio-90-anos-de-tiempos-modernos","status":"publish","type":"post","link":"https:\/\/www.revistarambla.com\/en\/la-vigencia-de-un-clasico-ante-un-mundo-que-no-aprendio-90-anos-de-tiempos-modernos\/","title":{"rendered":"La vigencia de un cl\u00e1sico ante un mundo que no aprendi\u00f3: 90 a\u00f1os de Tiempos Modernos"},"content":{"rendered":"<p>Hay obras que, desde su primera proyecci\u00f3n, dejan de ser arte para convertirse en espejo de su tiempo y de los tiempos por venir. Ocurre con <em>Tiempos modernos<\/em>, la pel\u00edcula que hace ahora <strong>noventa a\u00f1os<\/strong> estren\u00f3 <strong>Charles Chaplin<\/strong> en el Teatro Rivoli de Nueva York, marcando no solo un hito cinematogr\u00e1fico \u2014culminando casi la etapa del cine mudo con ingeniosas interjecciones sonoras\u2014 sino tambi\u00e9n un manifiesto que sigue resonando en la reflexi\u00f3n sobre el trabajo, la industrializaci\u00f3n y la condici\u00f3n humana.<\/p>\n<p>La cinta, que Chaplin escribi\u00f3, dirigi\u00f3 y protagoniz\u00f3, no es simplemente una comedia: es un documento pol\u00edtico de una \u00e9poca marcada por la <em>Gran Depresi\u00f3n<\/em> y por la depresi\u00f3n moral de millones que vieron desvanecerse sus sue\u00f1os bajo el peso de sistemas productivos que parec\u00edan valorar m\u00e1s las m\u00e1quinas que a las personas. Su protagonista, el entra\u00f1able vagabundo Charlot, se enfrenta con humor y ternura a una realidad que muchos quisieran creer superada: la deshumanizaci\u00f3n del trabajo en cadena, la reducci\u00f3n del individuo a un engranaje m\u00e1s dentro del complejo aparato de la producci\u00f3n capitalista.<\/p>\n<p>Pero \u00bfqu\u00e9 tiene que ver hoy una pel\u00edcula de hace casi un siglo con los debates contempor\u00e1neos sobre modernizaci\u00f3n laboral, plataformas digitales y algoritmos que regulan ritmos de trabajo? La respuesta, para quienes se detienen a pensar m\u00e1s all\u00e1 de la an\u00e9cdota, es que <em>Tiempos modernos<\/em> no se limita a criticar la industrializaci\u00f3n f\u00edsica de los a\u00f1os treinta: pone en cuesti\u00f3n la l\u00f3gica misma de una acumulaci\u00f3n que prioriza eficiencia y productividad por sobre dignidad y derechos. Y esa l\u00f3gica \u2014a pesar de los avances tecnol\u00f3gicos, las transformaciones del empleo y los cambios sociales\u2014 sigue profundamente vigente.<\/p>\n<p>Este aniversario coincide, parad\u00f3jicamente, con un momento pol\u00edtico en el que muchas sociedades debaten leyes que, bajo el eufemismo de \u201cmodernizaci\u00f3n\u201d, buscan flexibilizar las relaciones laborales para <em>aumentar la productividad<\/em> y <em>reducir los costos empresariales<\/em>. En el caso de Argentina, por ejemplo, el tratamiento de una reforma laboral en el Congreso propone cambios estructurales: mayor flexibilidad en la jornada de trabajo, un banco de horas que pone a disposici\u00f3n de los empleadores el tiempo de los trabajadores sin l\u00edmites claros, reducci\u00f3n de aportes patronales y reg\u00edmenes de indemnizaci\u00f3n que debilitan la protecci\u00f3n ante despidos. Estas medidas \u2014defendidas por algunos como herramientas para combatir la informalidad\u2014 son criticadas por expertos en derecho laboral por no crear empleo genuino ni modernizar las relaciones laborales, sino por debilitar derechos hist\u00f3ricos y retrotraer las condiciones de trabajo a estados que recuerdan expl\u00edcitamente los tiempos previos a los grandes avances sindicales del siglo XX.<\/p>\n<p>Esa coincidencia entre la efem\u00e9ride cinematogr\u00e1fica y un debate pol\u00edtico contempor\u00e1neo no es casual ni anecd\u00f3tica. M\u00e1s bien pone de relieve c\u00f3mo ciertas tensiones estructurales de las sociedades industriales y postindustriales siguen vivas: la presi\u00f3n por aumentar la productividad, el control del tiempo ajeno \u2014ya no solo en las f\u00e1bricas, sino tambi\u00e9n en las plataformas digitales que miden cada clic, cada minuto, cada desplazamiento\u2014 y la negociaci\u00f3n permanente entre capital y trabajo. La pel\u00edcula de Chaplin, con sus gags sobre la l\u00ednea de montaje o la escena absurda en la que una m\u00e1quina dise\u00f1ada para alimentar a los trabajadores sin detener la producci\u00f3n demuestra que el af\u00e1n de eficiencia puede convertirse en herramienta de opresi\u00f3n. Y ense\u00f1a tambi\u00e9n que la risa \u2014esa risa que nace del reconocimiento de lo absurdo\u2014 puede ser una forma de resistencia.<\/p>\n<p>En el meticuloso contraste entre las enormes ruedas dentadas de una f\u00e1brica y la figura casi vulnerable del vagabundo Chaplin, se esconde una cr\u00edtica profunda a los esfuerzos modernos por transformar a las personas en piezas intercambiables de un enorme mecanismo productivo. El personaje no s\u00f3lo representa al obrero de la \u00e9poca industrial; encarna al sujeto contempor\u00e1neo que, en medio de algoritmos y m\u00e9tricas, ha de demostrar su \u201cvalor\u201d productivo constantemente. Esta imagen no es solo hist\u00f3rica: remite a las plataformas digitales que ahora median la fuerza de trabajo, a los sistemas de evaluaci\u00f3n laboral basados en datos y a las estructuras globales que priorizan la eficiencia por sobre cualquier noci\u00f3n de bienestar colectivo.<\/p>\n<p>Pero <em>Tiempos modernos<\/em> no es \u00fanicamente una cr\u00edtica social: tambi\u00e9n contiene una historia humana, la de una amistad y una b\u00fasqueda de dignidad en un mundo hostil. Charlot y su compa\u00f1era, Gamin, interpretada con sensibilidad, no encuentran soluciones colectivas a las estructuras que los oprimen, sino que hallan en su v\u00ednculo una salida individualizada que, si bien no transforma el sistema, s\u00ed reivindica el valor de la solidaridad humana frente a la imposici\u00f3n mecanicista de la productividad. Esa tensi\u00f3n entre lo colectivo y lo individual, entre lo humano y lo mec\u00e1nico, es quiz\u00e1 lo que otorga a la pel\u00edcula su dimensi\u00f3n atemporal y su vigencia.<\/p>\n<p>Al celebrar ahora los 90 a\u00f1os de este cl\u00e1sico, no se trata simplemente de recordar una joya del s\u00e9ptimo arte o de reverenciar a uno de sus m\u00e1ximos exponentes. La conmemoraci\u00f3n nos invita a reflexionar sobre c\u00f3mo, pese a los profundos cambios tecnol\u00f3gicos y sociales, las tensiones esenciales que Chaplin puso en escena siguen sin resolverse. La rob\u00f3tica, la inteligencia artificial, las nuevas formas de gestionar el trabajo remoto y la hiperconectividad no han suprimido estas tensiones; m\u00e1s bien las han transformado y multiplicado, extendiendo la l\u00f3gica de control del tiempo ajeno m\u00e1s all\u00e1 de las f\u00e1bricas y hacia la vida cotidiana.<\/p>\n<p>Es urgente preguntarse, como lo har\u00eda cualquier espectador atento, qu\u00e9 significa <em>modernizar<\/em> en el siglo XXI: \u00bfmodernizar para qui\u00e9n? \u00bfEn qu\u00e9 condiciones? \u00bfA qu\u00e9 costo humano? Estas preguntas, impl\u00edcitas en la memoria de una pel\u00edcula que celebramos hoy como patrimonio cultural universal, son tan relevantes ahora como lo fueron hace nueve d\u00e9cadas. En un mundo donde las expectativas de mayor productividad a menudo entran en conflicto con la necesidad de proteger derechos, dignidad y bienestar, la obra de Chaplin sigue siendo un faro cr\u00edtico, una provocaci\u00f3n para pensar c\u00f3mo queremos organizar el trabajo, la tecnolog\u00eda y, en \u00faltima instancia, nuestras vidas colectivas.<\/p>\n<p>Y aunque el contexto social, tecnol\u00f3gico y pol\u00edtico ha cambiado radicalmente desde el estreno de aquella cinta en 1936, la pregunta fundamental persiste: \u00bfhemos aprendido algo de los <em>tiempos modernos<\/em>, o seguimos repitiendo los mismos errores bajo nuevos nombres y discursos? La respuesta, como nos recuerda la pel\u00edcula, quiz\u00e1s no est\u00e1 en la m\u00e1quina, sino en nuestra capacidad de imaginar y construir relaciones de trabajo que reconozcan primero la humanidad de quienes las llevan adelante.<\/p>","protected":false},"excerpt":{"rendered":"<p>C\u00f3mo una pel\u00edcula de 1936 ilumina hoy los debates sobre trabajo, tecnolog\u00eda y derechos laborales en un contexto de reformas regresivas<\/p>","protected":false},"author":3,"featured_media":67890,"comment_status":"closed","ping_status":"closed","sticky":false,"template":"","format":"standard","meta":{"footnotes":""},"categories":[4],"tags":[],"class_list":["post-67889","post","type-post","status-publish","format-standard","has-post-thumbnail","hentry","category-cultura"],"yoast_head":"<!-- This site is optimized with the Yoast SEO plugin v27.5 - https:\/\/yoast.com\/product\/yoast-seo-wordpress\/ -->\n<title>La vigencia de un cl\u00e1sico ante un mundo que no aprendi\u00f3: 90 a\u00f1os de Tiempos Modernos - Revista Rambla<\/title>\n<meta name=\"robots\" content=\"index, follow, max-snippet:-1, max-image-preview:large, max-video-preview:-1\" \/>\n<link rel=\"canonical\" href=\"https:\/\/www.revistarambla.com\/en\/la-vigencia-de-un-clasico-ante-un-mundo-que-no-aprendio-90-anos-de-tiempos-modernos\/\" \/>\n<meta property=\"og:locale\" content=\"en_GB\" \/>\n<meta property=\"og:type\" content=\"article\" \/>\n<meta property=\"og:title\" content=\"La vigencia de un cl\u00e1sico ante un mundo que no aprendi\u00f3: 90 a\u00f1os de Tiempos Modernos - Revista Rambla\" \/>\n<meta property=\"og:description\" content=\"C\u00f3mo una pel\u00edcula de 1936 ilumina hoy los debates sobre trabajo, tecnolog\u00eda y derechos laborales en un contexto de reformas regresivas\" \/>\n<meta property=\"og:url\" content=\"https:\/\/www.revistarambla.com\/en\/la-vigencia-de-un-clasico-ante-un-mundo-que-no-aprendio-90-anos-de-tiempos-modernos\/\" \/>\n<meta property=\"og:site_name\" content=\"Revista Rambla\" \/>\n<meta property=\"article:publisher\" content=\"https:\/\/www.facebook.com\/revistarambla\/\" \/>\n<meta property=\"article:author\" content=\"https:\/\/www.facebook.com\/revistarambla\" \/>\n<meta property=\"article:published_time\" content=\"2026-03-07T18:28:57+00:00\" \/>\n<meta property=\"og:image\" content=\"https:\/\/www.revistarambla.com\/wp-content\/uploads\/2026\/03\/TiemposMOdernos3-1024x640-1.jpg\" \/>\n\t<meta property=\"og:image:width\" content=\"1024\" \/>\n\t<meta property=\"og:image:height\" content=\"640\" \/>\n\t<meta property=\"og:image:type\" content=\"image\/jpeg\" \/>\n<meta name=\"author\" content=\"R@mbla\" \/>\n<meta name=\"twitter:card\" content=\"summary_large_image\" \/>\n<meta name=\"twitter:creator\" content=\"@revistarambla\" \/>\n<meta name=\"twitter:site\" content=\"@revistarambla\" \/>\n<meta name=\"twitter:label1\" content=\"Written by\" \/>\n\t<meta name=\"twitter:data1\" content=\"R@mbla\" \/>\n\t<meta name=\"twitter:label2\" content=\"Estimated reading time\" \/>\n\t<meta name=\"twitter:data2\" content=\"6 minutes\" \/>\n<script type=\"application\/ld+json\" class=\"yoast-schema-graph\">{\"@context\":\"https:\\\/\\\/schema.org\",\"@graph\":[{\"@type\":\"Article\",\"@id\":\"https:\\\/\\\/www.revistarambla.com\\\/la-vigencia-de-un-clasico-ante-un-mundo-que-no-aprendio-90-anos-de-tiempos-modernos\\\/#article\",\"isPartOf\":{\"@id\":\"https:\\\/\\\/www.revistarambla.com\\\/la-vigencia-de-un-clasico-ante-un-mundo-que-no-aprendio-90-anos-de-tiempos-modernos\\\/\"},\"author\":{\"name\":\"R@mbla\",\"@id\":\"https:\\\/\\\/www.revistarambla.com\\\/#\\\/schema\\\/person\\\/a146a5a2550b94981a75131180e1bd9c\"},\"headline\":\"La vigencia de un cl\u00e1sico ante un mundo que no aprendi\u00f3: 90 a\u00f1os de Tiempos Modernos\",\"datePublished\":\"2026-03-07T18:28:57+00:00\",\"mainEntityOfPage\":{\"@id\":\"https:\\\/\\\/www.revistarambla.com\\\/la-vigencia-de-un-clasico-ante-un-mundo-que-no-aprendio-90-anos-de-tiempos-modernos\\\/\"},\"wordCount\":1179,\"publisher\":{\"@id\":\"https:\\\/\\\/www.revistarambla.com\\\/#organization\"},\"image\":{\"@id\":\"https:\\\/\\\/www.revistarambla.com\\\/la-vigencia-de-un-clasico-ante-un-mundo-que-no-aprendio-90-anos-de-tiempos-modernos\\\/#primaryimage\"},\"thumbnailUrl\":\"https:\\\/\\\/www.revistarambla.com\\\/wp-content\\\/uploads\\\/2026\\\/03\\\/TiemposMOdernos3-1024x640-1.jpg\",\"articleSection\":[\"Cultura\"],\"inLanguage\":\"en-GB\"},{\"@type\":\"WebPage\",\"@id\":\"https:\\\/\\\/www.revistarambla.com\\\/la-vigencia-de-un-clasico-ante-un-mundo-que-no-aprendio-90-anos-de-tiempos-modernos\\\/\",\"url\":\"https:\\\/\\\/www.revistarambla.com\\\/la-vigencia-de-un-clasico-ante-un-mundo-que-no-aprendio-90-anos-de-tiempos-modernos\\\/\",\"name\":\"La vigencia de un cl\u00e1sico ante un mundo que no aprendi\u00f3: 90 a\u00f1os de Tiempos Modernos - Revista Rambla\",\"isPartOf\":{\"@id\":\"https:\\\/\\\/www.revistarambla.com\\\/#website\"},\"primaryImageOfPage\":{\"@id\":\"https:\\\/\\\/www.revistarambla.com\\\/la-vigencia-de-un-clasico-ante-un-mundo-que-no-aprendio-90-anos-de-tiempos-modernos\\\/#primaryimage\"},\"image\":{\"@id\":\"https:\\\/\\\/www.revistarambla.com\\\/la-vigencia-de-un-clasico-ante-un-mundo-que-no-aprendio-90-anos-de-tiempos-modernos\\\/#primaryimage\"},\"thumbnailUrl\":\"https:\\\/\\\/www.revistarambla.com\\\/wp-content\\\/uploads\\\/2026\\\/03\\\/TiemposMOdernos3-1024x640-1.jpg\",\"datePublished\":\"2026-03-07T18:28:57+00:00\",\"breadcrumb\":{\"@id\":\"https:\\\/\\\/www.revistarambla.com\\\/la-vigencia-de-un-clasico-ante-un-mundo-que-no-aprendio-90-anos-de-tiempos-modernos\\\/#breadcrumb\"},\"inLanguage\":\"en-GB\",\"potentialAction\":[{\"@type\":\"ReadAction\",\"target\":[\"https:\\\/\\\/www.revistarambla.com\\\/la-vigencia-de-un-clasico-ante-un-mundo-que-no-aprendio-90-anos-de-tiempos-modernos\\\/\"]}]},{\"@type\":\"ImageObject\",\"inLanguage\":\"en-GB\",\"@id\":\"https:\\\/\\\/www.revistarambla.com\\\/la-vigencia-de-un-clasico-ante-un-mundo-que-no-aprendio-90-anos-de-tiempos-modernos\\\/#primaryimage\",\"url\":\"https:\\\/\\\/www.revistarambla.com\\\/wp-content\\\/uploads\\\/2026\\\/03\\\/TiemposMOdernos3-1024x640-1.jpg\",\"contentUrl\":\"https:\\\/\\\/www.revistarambla.com\\\/wp-content\\\/uploads\\\/2026\\\/03\\\/TiemposMOdernos3-1024x640-1.jpg\",\"width\":1024,\"height\":640,\"caption\":\"tiempos modernos\"},{\"@type\":\"BreadcrumbList\",\"@id\":\"https:\\\/\\\/www.revistarambla.com\\\/la-vigencia-de-un-clasico-ante-un-mundo-que-no-aprendio-90-anos-de-tiempos-modernos\\\/#breadcrumb\",\"itemListElement\":[{\"@type\":\"ListItem\",\"position\":1,\"name\":\"Portada\",\"item\":\"https:\\\/\\\/www.revistarambla.com\\\/\"},{\"@type\":\"ListItem\",\"position\":2,\"name\":\"La vigencia de un cl\u00e1sico ante un mundo que no aprendi\u00f3: 90 a\u00f1os de Tiempos Modernos\"}]},{\"@type\":\"WebSite\",\"@id\":\"https:\\\/\\\/www.revistarambla.com\\\/#website\",\"url\":\"https:\\\/\\\/www.revistarambla.com\\\/\",\"name\":\"Revista Rambla Barcelona\",\"description\":\"Periodismo independiente\",\"publisher\":{\"@id\":\"https:\\\/\\\/www.revistarambla.com\\\/#organization\"},\"potentialAction\":[{\"@type\":\"SearchAction\",\"target\":{\"@type\":\"EntryPoint\",\"urlTemplate\":\"https:\\\/\\\/www.revistarambla.com\\\/?s={search_term_string}\"},\"query-input\":{\"@type\":\"PropertyValueSpecification\",\"valueRequired\":true,\"valueName\":\"search_term_string\"}}],\"inLanguage\":\"en-GB\"},{\"@type\":\"Organization\",\"@id\":\"https:\\\/\\\/www.revistarambla.com\\\/#organization\",\"name\":\"Revista Rambla\",\"url\":\"https:\\\/\\\/www.revistarambla.com\\\/\",\"logo\":{\"@type\":\"ImageObject\",\"inLanguage\":\"en-GB\",\"@id\":\"https:\\\/\\\/www.revistarambla.com\\\/#\\\/schema\\\/logo\\\/image\\\/\",\"url\":\"https:\\\/\\\/www.revistarambla.com\\\/wp-content\\\/uploads\\\/2020\\\/09\\\/banner_rambla_1900x600_BB.png\",\"contentUrl\":\"https:\\\/\\\/www.revistarambla.com\\\/wp-content\\\/uploads\\\/2020\\\/09\\\/banner_rambla_1900x600_BB.png\",\"width\":1900,\"height\":600,\"caption\":\"Revista Rambla\"},\"image\":{\"@id\":\"https:\\\/\\\/www.revistarambla.com\\\/#\\\/schema\\\/logo\\\/image\\\/\"},\"sameAs\":[\"https:\\\/\\\/www.facebook.com\\\/revistarambla\\\/\",\"https:\\\/\\\/x.com\\\/revistarambla\",\"https:\\\/\\\/www.instagram.com\\\/revista_rambla\",\"https:\\\/\\\/es.linkedin.com\\\/company\\\/revista-rambla\"]},{\"@type\":\"Person\",\"@id\":\"https:\\\/\\\/www.revistarambla.com\\\/#\\\/schema\\\/person\\\/a146a5a2550b94981a75131180e1bd9c\",\"name\":\"R@mbla\",\"description\":\"Este art\u00edculo ha sido redactado y\\\/o validado por el equipo de redacci\u00f3n de Revista Rambla.\",\"sameAs\":[\"https:\\\/\\\/www.revistarambla.com\\\/\",\"https:\\\/\\\/www.facebook.com\\\/revistarambla\",\"https:\\\/\\\/x.com\\\/revistarambla\"]}]}<\/script>\n<!-- \/ Yoast SEO plugin. -->","yoast_head_json":{"title":"La vigencia de un cl\u00e1sico ante un mundo que no aprendi\u00f3: 90 a\u00f1os de Tiempos Modernos - Revista Rambla","robots":{"index":"index","follow":"follow","max-snippet":"max-snippet:-1","max-image-preview":"max-image-preview:large","max-video-preview":"max-video-preview:-1"},"canonical":"https:\/\/www.revistarambla.com\/en\/la-vigencia-de-un-clasico-ante-un-mundo-que-no-aprendio-90-anos-de-tiempos-modernos\/","og_locale":"en_GB","og_type":"article","og_title":"La vigencia de un cl\u00e1sico ante un mundo que no aprendi\u00f3: 90 a\u00f1os de Tiempos Modernos - Revista Rambla","og_description":"C\u00f3mo una pel\u00edcula de 1936 ilumina hoy los debates sobre trabajo, tecnolog\u00eda y derechos laborales en un contexto de reformas regresivas","og_url":"https:\/\/www.revistarambla.com\/en\/la-vigencia-de-un-clasico-ante-un-mundo-que-no-aprendio-90-anos-de-tiempos-modernos\/","og_site_name":"Revista Rambla","article_publisher":"https:\/\/www.facebook.com\/revistarambla\/","article_author":"https:\/\/www.facebook.com\/revistarambla","article_published_time":"2026-03-07T18:28:57+00:00","og_image":[{"width":1024,"height":640,"url":"https:\/\/www.revistarambla.com\/wp-content\/uploads\/2026\/03\/TiemposMOdernos3-1024x640-1.jpg","type":"image\/jpeg"}],"author":"R@mbla","twitter_card":"summary_large_image","twitter_creator":"@revistarambla","twitter_site":"@revistarambla","twitter_misc":{"Written by":"R@mbla","Estimated reading time":"6 minutes"},"schema":{"@context":"https:\/\/schema.org","@graph":[{"@type":"Article","@id":"https:\/\/www.revistarambla.com\/la-vigencia-de-un-clasico-ante-un-mundo-que-no-aprendio-90-anos-de-tiempos-modernos\/#article","isPartOf":{"@id":"https:\/\/www.revistarambla.com\/la-vigencia-de-un-clasico-ante-un-mundo-que-no-aprendio-90-anos-de-tiempos-modernos\/"},"author":{"name":"R@mbla","@id":"https:\/\/www.revistarambla.com\/#\/schema\/person\/a146a5a2550b94981a75131180e1bd9c"},"headline":"La vigencia de un cl\u00e1sico ante un mundo que no aprendi\u00f3: 90 a\u00f1os de Tiempos Modernos","datePublished":"2026-03-07T18:28:57+00:00","mainEntityOfPage":{"@id":"https:\/\/www.revistarambla.com\/la-vigencia-de-un-clasico-ante-un-mundo-que-no-aprendio-90-anos-de-tiempos-modernos\/"},"wordCount":1179,"publisher":{"@id":"https:\/\/www.revistarambla.com\/#organization"},"image":{"@id":"https:\/\/www.revistarambla.com\/la-vigencia-de-un-clasico-ante-un-mundo-que-no-aprendio-90-anos-de-tiempos-modernos\/#primaryimage"},"thumbnailUrl":"https:\/\/www.revistarambla.com\/wp-content\/uploads\/2026\/03\/TiemposMOdernos3-1024x640-1.jpg","articleSection":["Cultura"],"inLanguage":"en-GB"},{"@type":"WebPage","@id":"https:\/\/www.revistarambla.com\/la-vigencia-de-un-clasico-ante-un-mundo-que-no-aprendio-90-anos-de-tiempos-modernos\/","url":"https:\/\/www.revistarambla.com\/la-vigencia-de-un-clasico-ante-un-mundo-que-no-aprendio-90-anos-de-tiempos-modernos\/","name":"La vigencia de un cl\u00e1sico ante un mundo que no aprendi\u00f3: 90 a\u00f1os de Tiempos Modernos - Revista Rambla","isPartOf":{"@id":"https:\/\/www.revistarambla.com\/#website"},"primaryImageOfPage":{"@id":"https:\/\/www.revistarambla.com\/la-vigencia-de-un-clasico-ante-un-mundo-que-no-aprendio-90-anos-de-tiempos-modernos\/#primaryimage"},"image":{"@id":"https:\/\/www.revistarambla.com\/la-vigencia-de-un-clasico-ante-un-mundo-que-no-aprendio-90-anos-de-tiempos-modernos\/#primaryimage"},"thumbnailUrl":"https:\/\/www.revistarambla.com\/wp-content\/uploads\/2026\/03\/TiemposMOdernos3-1024x640-1.jpg","datePublished":"2026-03-07T18:28:57+00:00","breadcrumb":{"@id":"https:\/\/www.revistarambla.com\/la-vigencia-de-un-clasico-ante-un-mundo-que-no-aprendio-90-anos-de-tiempos-modernos\/#breadcrumb"},"inLanguage":"en-GB","potentialAction":[{"@type":"ReadAction","target":["https:\/\/www.revistarambla.com\/la-vigencia-de-un-clasico-ante-un-mundo-que-no-aprendio-90-anos-de-tiempos-modernos\/"]}]},{"@type":"ImageObject","inLanguage":"en-GB","@id":"https:\/\/www.revistarambla.com\/la-vigencia-de-un-clasico-ante-un-mundo-que-no-aprendio-90-anos-de-tiempos-modernos\/#primaryimage","url":"https:\/\/www.revistarambla.com\/wp-content\/uploads\/2026\/03\/TiemposMOdernos3-1024x640-1.jpg","contentUrl":"https:\/\/www.revistarambla.com\/wp-content\/uploads\/2026\/03\/TiemposMOdernos3-1024x640-1.jpg","width":1024,"height":640,"caption":"tiempos modernos"},{"@type":"BreadcrumbList","@id":"https:\/\/www.revistarambla.com\/la-vigencia-de-un-clasico-ante-un-mundo-que-no-aprendio-90-anos-de-tiempos-modernos\/#breadcrumb","itemListElement":[{"@type":"ListItem","position":1,"name":"Portada","item":"https:\/\/www.revistarambla.com\/"},{"@type":"ListItem","position":2,"name":"La vigencia de un cl\u00e1sico ante un mundo que no aprendi\u00f3: 90 a\u00f1os de Tiempos Modernos"}]},{"@type":"WebSite","@id":"https:\/\/www.revistarambla.com\/#website","url":"https:\/\/www.revistarambla.com\/","name":"Revista Rambla Barcelona","description":"Periodismo independiente","publisher":{"@id":"https:\/\/www.revistarambla.com\/#organization"},"potentialAction":[{"@type":"SearchAction","target":{"@type":"EntryPoint","urlTemplate":"https:\/\/www.revistarambla.com\/?s={search_term_string}"},"query-input":{"@type":"PropertyValueSpecification","valueRequired":true,"valueName":"search_term_string"}}],"inLanguage":"en-GB"},{"@type":"Organization","@id":"https:\/\/www.revistarambla.com\/#organization","name":"Revista Rambla","url":"https:\/\/www.revistarambla.com\/","logo":{"@type":"ImageObject","inLanguage":"en-GB","@id":"https:\/\/www.revistarambla.com\/#\/schema\/logo\/image\/","url":"https:\/\/www.revistarambla.com\/wp-content\/uploads\/2020\/09\/banner_rambla_1900x600_BB.png","contentUrl":"https:\/\/www.revistarambla.com\/wp-content\/uploads\/2020\/09\/banner_rambla_1900x600_BB.png","width":1900,"height":600,"caption":"Revista Rambla"},"image":{"@id":"https:\/\/www.revistarambla.com\/#\/schema\/logo\/image\/"},"sameAs":["https:\/\/www.facebook.com\/revistarambla\/","https:\/\/x.com\/revistarambla","https:\/\/www.instagram.com\/revista_rambla","https:\/\/es.linkedin.com\/company\/revista-rambla"]},{"@type":"Person","@id":"https:\/\/www.revistarambla.com\/#\/schema\/person\/a146a5a2550b94981a75131180e1bd9c","name":"R@mbla","description":"Este art\u00edculo ha sido redactado y\/o validado por el equipo de redacci\u00f3n de Revista Rambla.","sameAs":["https:\/\/www.revistarambla.com\/","https:\/\/www.facebook.com\/revistarambla","https:\/\/x.com\/revistarambla"]}]}},"_links":{"self":[{"href":"https:\/\/www.revistarambla.com\/en\/wp-json\/wp\/v2\/posts\/67889","targetHints":{"allow":["GET"]}}],"collection":[{"href":"https:\/\/www.revistarambla.com\/en\/wp-json\/wp\/v2\/posts"}],"about":[{"href":"https:\/\/www.revistarambla.com\/en\/wp-json\/wp\/v2\/types\/post"}],"author":[{"embeddable":true,"href":"https:\/\/www.revistarambla.com\/en\/wp-json\/wp\/v2\/users\/3"}],"replies":[{"embeddable":true,"href":"https:\/\/www.revistarambla.com\/en\/wp-json\/wp\/v2\/comments?post=67889"}],"version-history":[{"count":1,"href":"https:\/\/www.revistarambla.com\/en\/wp-json\/wp\/v2\/posts\/67889\/revisions"}],"predecessor-version":[{"id":67891,"href":"https:\/\/www.revistarambla.com\/en\/wp-json\/wp\/v2\/posts\/67889\/revisions\/67891"}],"wp:featuredmedia":[{"embeddable":true,"href":"https:\/\/www.revistarambla.com\/en\/wp-json\/wp\/v2\/media\/67890"}],"wp:attachment":[{"href":"https:\/\/www.revistarambla.com\/en\/wp-json\/wp\/v2\/media?parent=67889"}],"wp:term":[{"taxonomy":"category","embeddable":true,"href":"https:\/\/www.revistarambla.com\/en\/wp-json\/wp\/v2\/categories?post=67889"},{"taxonomy":"post_tag","embeddable":true,"href":"https:\/\/www.revistarambla.com\/en\/wp-json\/wp\/v2\/tags?post=67889"}],"curies":[{"name":"wp","href":"https:\/\/api.w.org\/{rel}","templated":true}]}}