{"id":67885,"date":"2026-03-07T19:21:50","date_gmt":"2026-03-07T18:21:50","guid":{"rendered":"https:\/\/www.revistarambla.com\/?p=67885"},"modified":"2026-03-07T19:22:03","modified_gmt":"2026-03-07T18:22:03","slug":"la-nueva-ola-de-la-derecha-juvenil-irrumpe-en-cataluna-como-el-despertar-reconfigura-el-mapa-ideologico-de-la-generacion-z","status":"publish","type":"post","link":"https:\/\/www.revistarambla.com\/en\/la-nueva-ola-de-la-derecha-juvenil-irrumpe-en-cataluna-como-el-despertar-reconfigura-el-mapa-ideologico-de-la-generacion-z\/","title":{"rendered":"La nueva ola de la derecha juvenil irrumpe en Catalu\u00f1a: c\u00f3mo \u201cEl Despertar\u201d reconfigura el mapa ideol\u00f3gico de la Generaci\u00f3n Z"},"content":{"rendered":"<p>En un momento en que las narrativas sociopol\u00edticas se entrelazan con la vida cotidiana de millones de j\u00f3venes, emerge con fuerza un fen\u00f3meno que, hasta hace poco, parec\u00eda relegado <!--more-->a foros digitales o debates marginales: <em>El Despertar<\/em>, la plataforma que encarna una nueva forma de derecha juvenil, ha aterrizado en Catalu\u00f1a con una energ\u00eda imprevista, reconfigurando la manera en que una parte significativa de la Generaci\u00f3n Z percibe y se involucra en la pol\u00edtica cultural contempor\u00e1nea. Este movimiento no es una r\u00e9plica de est\u00e9ticas extremistas del pasado, ni una simple agitaci\u00f3n de consignas en red, sino una corriente que combina valores religiosos, conservadurismo social y propuestas neoliberales en un discurso atractivo para muchos j\u00f3venes que buscan respuestas m\u00e1s all\u00e1 de los marcos tradicionales.<\/p>\n<p>Lo que llama la atenci\u00f3n de <em>El Despertar<\/em> no es \u00fanicamente su capacidad de movilizaci\u00f3n, que logr\u00f3 congregar a m\u00e1s de 6.000 j\u00f3venes en un evento reciente en Madrid con debates, cervezas y pizzas, sino, sobre todo, la manera en que ha conseguido traspasar las fronteras de lo puramente virtual para convertirse en un movimiento social con presencia f\u00edsica, influencia cultural y respaldo empresarial. Las marcas y entidades que han dado su apoyo a sus iniciativas \u2014incluyendo figuras relevantes del mundo empresarial catal\u00e1n\u2014 han pasado de ser simples patrocinadores ocasionales a aliados visibles de un proyecto cuyo impacto va mucho m\u00e1s all\u00e1 de una simple ideolog\u00eda pol\u00edtica.<\/p>\n<p>Catalu\u00f1a, con su rica y compleja vida pol\u00edtica, ha comenzado a sentir los efectos de esta nueva corriente. Los actos conocidos como <em>Thinkglaos<\/em> \u2014espacios de debate dise\u00f1ados para confrontar ideas que desaf\u00edan lo que este movimiento describe como \u201clo pol\u00edticamente correcto\u201d\u2014 han encontrado aqu\u00ed un terreno f\u00e9rtil. En ciudades como Sant Cugat del Vall\u00e8s, Girona e Igualada, j\u00f3venes se re\u00fanen para escuchar ponentes con perfiles profundamente cat\u00f3licos y conservadores, debatir sobre temas de actualidad y compartir experiencias que se alejan de los discursos dominantes en muchos \u00e1mbitos acad\u00e9micos y medi\u00e1ticos.<\/p>\n<p>Es importante destacar que este fen\u00f3meno no surge de la nada. Su origen se remonta a una plataforma denominada <em>It\u2019s Time To Think<\/em> (\u201cEs tiempo de pensar\u201d), que naci\u00f3 oficialmente durante la pandemia como una iniciativa de j\u00f3venes \u201cvoluntarios\u201d. Con el tiempo, esta plataforma ha adquirido un \u00e9nfasis mucho m\u00e1s claro en valores tradicionales, reivindicaciones culturales y defensa de un pensamiento que ellos consideran libre de las ataduras del relativismo moral. Hoy, \u00e9sta no es simplemente una red de discusi\u00f3n filos\u00f3fica: es una fuerza capaz de atraer a miles de j\u00f3venes con un mensaje potente y directo, reforzado por una presencia activa en redes sociales y respaldado por figuras influyentes, tanto intelectuales como medi\u00e1ticas.<\/p>\n<p>Precisamente esa presencia digital ha sido una de las palancas de expansi\u00f3n de <em>El Despertar<\/em>. En una d\u00e9cada marcada por la omnipresencia de redes como Instagram, TikTok o YouTube, cualquier movimiento que no tenga una estrategia efectiva en estos ecosistemas est\u00e1 destinado a permanecer en los m\u00e1rgenes. Pero <em>El Despertar<\/em> ha entendido esta din\u00e1mica y la ha convertido en una herramienta de convocatoria y consolidaci\u00f3n identitaria. Su lenguaje, menos r\u00edgido y m\u00e1s directo, ha calado particularmente entre j\u00f3venes que sienten que las narrativas dominantes no representan sus inquietudes, sus valores o su forma de entender el mundo.<\/p>\n<p>No es casualidad que muchos de los ponentes y figuras asociadas a estas reuniones \u2014desde profesores hasta influenciadores con cientos de miles de seguidores\u2014 articulen discursos que combinan fe religiosa, cr\u00edtica a lo que consideran imposiciones culturales y un llamado a la libertad de pensamiento frente a lo que perciben como una hegemon\u00eda ideol\u00f3gica de izquierdas. La mezcla de argumentos conservadores, tradicionales y, en ocasiones, provocadores, ha generado tanto entusiasmo entre sus seguidores como rechazo entre quienes perciben este fen\u00f3meno como una reconfiguraci\u00f3n peligrosa del debate p\u00fablico juvenil.<\/p>\n<p>La llegada de <em>El Despertar<\/em> a Catalu\u00f1a tambi\u00e9n ha suscitado preguntas inevitables sobre el papel de las instituciones y de la sociedad civil en el surgimiento de movimientos de este tipo. \u00bfQu\u00e9 brechas culturales o pol\u00edticas han permitido que un discurso de este tenor encuentre eco entre tantos j\u00f3venes? Algunos analistas se\u00f1alan que la sensaci\u00f3n de desconexi\u00f3n con las narrativas tradicionales, la polarizaci\u00f3n en torno a temas como la identidad o la religi\u00f3n, y la b\u00fasqueda de respuestas claras ante incertidumbres econ\u00f3micas y sociales han creado un ambiente propicio para que surjan corrientes que prometen claridad, pertenencia y orgullo en valores considerados \u201ccl\u00e1sicos\u201d.<\/p>\n<p>Este fen\u00f3meno no est\u00e1 exento de cr\u00edticas: sectores progresistas y acad\u00e9micos se\u00f1alan que estos encuentros, lejos de ser espacios puros de debate intelectual, pueden convertirse en plataformas de legitimaci\u00f3n de discursos que predisponen a la confrontaci\u00f3n cultural y a la estigmatizaci\u00f3n de posturas alternativas. La preocupaci\u00f3n radica en que, bajo la apariencia de \u201clibertad de pensamiento\u201d, se difundan ideas que, bajo la superficie, puedan reforzar exclusiones o prejuicios sociales. Sin embargo, desde la perspectiva de sus promotores, se trata de un ejercicio de contracultura necesario, una recuperaci\u00f3n de voces y valores que, seg\u00fan ellos, hab\u00edan sido marginados o invisibilizados en los grandes foros del pensamiento contempor\u00e1neo.<\/p>\n<p>Asimismo, la implicaci\u00f3n de actores empresariales que han apoyado <em>El Despertar<\/em> ha generado debate. \u00bfRepresenta este respaldo una simple apuesta por un proyecto cultural joven, o revela un alineamiento m\u00e1s profundo con las ideas que promueve? Algunas de estas empresas sostienen que su apoyo responde a esfuerzos por fomentar el pensamiento cr\u00edtico entre j\u00f3venes, mientras que los cr\u00edticos del movimiento ven en ese patrocinio un gesto de normalizaci\u00f3n de discursos que antes se consideraban marginales o radicales.<\/p>\n<p>M\u00e1s all\u00e1 de las pol\u00e9micas y de las interpretaciones encontradas, lo cierto es que <em>El Despertar<\/em> ha conseguido algo que pocos movimientos juveniles logran: articular una narrativa que trasciende la simple protesta o disidencia, para convertirse en una comunidad cohesionada alrededor de una visi\u00f3n del mundo. Sus detractores pueden debatir sobre su contenido ideol\u00f3gico, pero nadie puede negar que, en poco tiempo, esta corriente ha sabido movilizar, inspirar y estructurar una forma de pensamiento que muchos j\u00f3venes sienten como propia.<\/p>\n<p>En definitiva, la irrupci\u00f3n de <em>El Despertar<\/em> en Catalu\u00f1a simboliza un momento de inflexi\u00f3n en el debate cultural y pol\u00edtico juvenil. Al conjugar religiosidad, cr\u00edtica cultural y una est\u00e9tica moderna de di\u00e1logo, este fen\u00f3meno desaf\u00eda las categorizaciones tradicionales de izquierda y derecha, proponiendo una tercera v\u00eda que, para sus seguidores, no es una simple etiqueta pol\u00edtica sino una invitaci\u00f3n a repensar las certezas del presente. Sea admirado o cuestionado, el impacto de este movimiento en el tejido social y en la manera en que los j\u00f3venes se relacionan con la pol\u00edtica ser\u00e1, sin lugar a dudas, un elemento definitorio de los pr\u00f3ximos a\u00f1os.<\/p>","protected":false},"excerpt":{"rendered":"<p>Lo que parec\u00eda un fen\u00f3meno perif\u00e9rico de redes sociales se transforma en una fuerza cultural con patrocinadores empresariales, discursos audaces y un ambicioso proyecto de construcci\u00f3n identitaria entre j\u00f3venes cat\u00f3licos y conservadores<\/p>","protected":false},"author":3,"featured_media":67886,"comment_status":"closed","ping_status":"closed","sticky":false,"template":"","format":"standard","meta":{"footnotes":""},"categories":[59],"tags":[],"class_list":["post-67885","post","type-post","status-publish","format-standard","has-post-thumbnail","hentry","category-catalunya"],"yoast_head":"<!-- This site is optimized with the Yoast SEO plugin v27.5 - https:\/\/yoast.com\/product\/yoast-seo-wordpress\/ -->\n<title>La nueva ola de la derecha juvenil irrumpe en Catalu\u00f1a: c\u00f3mo \u201cEl Despertar\u201d reconfigura el mapa ideol\u00f3gico de la Generaci\u00f3n Z - Revista Rambla<\/title>\n<meta name=\"robots\" content=\"index, follow, max-snippet:-1, max-image-preview:large, max-video-preview:-1\" \/>\n<link rel=\"canonical\" href=\"https:\/\/www.revistarambla.com\/en\/la-nueva-ola-de-la-derecha-juvenil-irrumpe-en-cataluna-como-el-despertar-reconfigura-el-mapa-ideologico-de-la-generacion-z\/\" \/>\n<meta property=\"og:locale\" content=\"en_GB\" \/>\n<meta property=\"og:type\" content=\"article\" \/>\n<meta property=\"og:title\" content=\"La nueva ola de la derecha juvenil irrumpe en Catalu\u00f1a: c\u00f3mo \u201cEl Despertar\u201d reconfigura el mapa ideol\u00f3gico de la Generaci\u00f3n Z - Revista Rambla\" \/>\n<meta property=\"og:description\" content=\"Lo que parec\u00eda un fen\u00f3meno perif\u00e9rico de redes sociales se transforma en una fuerza cultural con patrocinadores empresariales, discursos audaces y un ambicioso proyecto de construcci\u00f3n identitaria entre j\u00f3venes cat\u00f3licos y conservadores\" \/>\n<meta property=\"og:url\" content=\"https:\/\/www.revistarambla.com\/en\/la-nueva-ola-de-la-derecha-juvenil-irrumpe-en-cataluna-como-el-despertar-reconfigura-el-mapa-ideologico-de-la-generacion-z\/\" \/>\n<meta property=\"og:site_name\" content=\"Revista Rambla\" \/>\n<meta property=\"article:publisher\" content=\"https:\/\/www.facebook.com\/revistarambla\/\" \/>\n<meta property=\"article:author\" content=\"https:\/\/www.facebook.com\/revistarambla\" \/>\n<meta property=\"article:published_time\" content=\"2026-03-07T18:21:50+00:00\" \/>\n<meta property=\"article:modified_time\" content=\"2026-03-07T18:22:03+00:00\" \/>\n<meta name=\"author\" content=\"R@mbla\" \/>\n<meta name=\"twitter:card\" content=\"summary_large_image\" \/>\n<meta name=\"twitter:creator\" content=\"@revistarambla\" \/>\n<meta name=\"twitter:site\" content=\"@revistarambla\" \/>\n<meta name=\"twitter:label1\" content=\"Written by\" \/>\n\t<meta name=\"twitter:data1\" content=\"R@mbla\" \/>\n\t<meta name=\"twitter:label2\" content=\"Estimated reading time\" \/>\n\t<meta name=\"twitter:data2\" content=\"6 minutes\" \/>\n<script type=\"application\/ld+json\" class=\"yoast-schema-graph\">{\"@context\":\"https:\\\/\\\/schema.org\",\"@graph\":[{\"@type\":\"Article\",\"@id\":\"https:\\\/\\\/www.revistarambla.com\\\/la-nueva-ola-de-la-derecha-juvenil-irrumpe-en-cataluna-como-el-despertar-reconfigura-el-mapa-ideologico-de-la-generacion-z\\\/#article\",\"isPartOf\":{\"@id\":\"https:\\\/\\\/www.revistarambla.com\\\/la-nueva-ola-de-la-derecha-juvenil-irrumpe-en-cataluna-como-el-despertar-reconfigura-el-mapa-ideologico-de-la-generacion-z\\\/\"},\"author\":{\"name\":\"R@mbla\",\"@id\":\"https:\\\/\\\/www.revistarambla.com\\\/#\\\/schema\\\/person\\\/a146a5a2550b94981a75131180e1bd9c\"},\"headline\":\"La nueva ola de la derecha juvenil irrumpe en Catalu\u00f1a: c\u00f3mo \u201cEl Despertar\u201d reconfigura el mapa ideol\u00f3gico de la Generaci\u00f3n Z\",\"datePublished\":\"2026-03-07T18:21:50+00:00\",\"dateModified\":\"2026-03-07T18:22:03+00:00\",\"mainEntityOfPage\":{\"@id\":\"https:\\\/\\\/www.revistarambla.com\\\/la-nueva-ola-de-la-derecha-juvenil-irrumpe-en-cataluna-como-el-despertar-reconfigura-el-mapa-ideologico-de-la-generacion-z\\\/\"},\"wordCount\":1220,\"publisher\":{\"@id\":\"https:\\\/\\\/www.revistarambla.com\\\/#organization\"},\"image\":{\"@id\":\"https:\\\/\\\/www.revistarambla.com\\\/la-nueva-ola-de-la-derecha-juvenil-irrumpe-en-cataluna-como-el-despertar-reconfigura-el-mapa-ideologico-de-la-generacion-z\\\/#primaryimage\"},\"thumbnailUrl\":\"https:\\\/\\\/www.revistarambla.com\\\/wp-content\\\/uploads\\\/2026\\\/03\\\/dca753_528562be11d24ea8a760bbe9e2c710f9mv2.avif\",\"articleSection\":[\"Catalunya\"],\"inLanguage\":\"en-GB\"},{\"@type\":\"WebPage\",\"@id\":\"https:\\\/\\\/www.revistarambla.com\\\/la-nueva-ola-de-la-derecha-juvenil-irrumpe-en-cataluna-como-el-despertar-reconfigura-el-mapa-ideologico-de-la-generacion-z\\\/\",\"url\":\"https:\\\/\\\/www.revistarambla.com\\\/la-nueva-ola-de-la-derecha-juvenil-irrumpe-en-cataluna-como-el-despertar-reconfigura-el-mapa-ideologico-de-la-generacion-z\\\/\",\"name\":\"La nueva ola de la derecha juvenil irrumpe en Catalu\u00f1a: c\u00f3mo \u201cEl Despertar\u201d reconfigura el mapa ideol\u00f3gico de la Generaci\u00f3n Z - Revista Rambla\",\"isPartOf\":{\"@id\":\"https:\\\/\\\/www.revistarambla.com\\\/#website\"},\"primaryImageOfPage\":{\"@id\":\"https:\\\/\\\/www.revistarambla.com\\\/la-nueva-ola-de-la-derecha-juvenil-irrumpe-en-cataluna-como-el-despertar-reconfigura-el-mapa-ideologico-de-la-generacion-z\\\/#primaryimage\"},\"image\":{\"@id\":\"https:\\\/\\\/www.revistarambla.com\\\/la-nueva-ola-de-la-derecha-juvenil-irrumpe-en-cataluna-como-el-despertar-reconfigura-el-mapa-ideologico-de-la-generacion-z\\\/#primaryimage\"},\"thumbnailUrl\":\"https:\\\/\\\/www.revistarambla.com\\\/wp-content\\\/uploads\\\/2026\\\/03\\\/dca753_528562be11d24ea8a760bbe9e2c710f9mv2.avif\",\"datePublished\":\"2026-03-07T18:21:50+00:00\",\"dateModified\":\"2026-03-07T18:22:03+00:00\",\"breadcrumb\":{\"@id\":\"https:\\\/\\\/www.revistarambla.com\\\/la-nueva-ola-de-la-derecha-juvenil-irrumpe-en-cataluna-como-el-despertar-reconfigura-el-mapa-ideologico-de-la-generacion-z\\\/#breadcrumb\"},\"inLanguage\":\"en-GB\",\"potentialAction\":[{\"@type\":\"ReadAction\",\"target\":[\"https:\\\/\\\/www.revistarambla.com\\\/la-nueva-ola-de-la-derecha-juvenil-irrumpe-en-cataluna-como-el-despertar-reconfigura-el-mapa-ideologico-de-la-generacion-z\\\/\"]}]},{\"@type\":\"ImageObject\",\"inLanguage\":\"en-GB\",\"@id\":\"https:\\\/\\\/www.revistarambla.com\\\/la-nueva-ola-de-la-derecha-juvenil-irrumpe-en-cataluna-como-el-despertar-reconfigura-el-mapa-ideologico-de-la-generacion-z\\\/#primaryimage\",\"url\":\"https:\\\/\\\/www.revistarambla.com\\\/wp-content\\\/uploads\\\/2026\\\/03\\\/dca753_528562be11d24ea8a760bbe9e2c710f9mv2.avif\",\"contentUrl\":\"https:\\\/\\\/www.revistarambla.com\\\/wp-content\\\/uploads\\\/2026\\\/03\\\/dca753_528562be11d24ea8a760bbe9e2c710f9mv2.avif\",\"width\":640,\"height\":360,\"caption\":\"el despertar\"},{\"@type\":\"BreadcrumbList\",\"@id\":\"https:\\\/\\\/www.revistarambla.com\\\/la-nueva-ola-de-la-derecha-juvenil-irrumpe-en-cataluna-como-el-despertar-reconfigura-el-mapa-ideologico-de-la-generacion-z\\\/#breadcrumb\",\"itemListElement\":[{\"@type\":\"ListItem\",\"position\":1,\"name\":\"Portada\",\"item\":\"https:\\\/\\\/www.revistarambla.com\\\/\"},{\"@type\":\"ListItem\",\"position\":2,\"name\":\"La nueva ola de la derecha juvenil irrumpe en Catalu\u00f1a: c\u00f3mo \u201cEl Despertar\u201d reconfigura el mapa ideol\u00f3gico de la Generaci\u00f3n Z\"}]},{\"@type\":\"WebSite\",\"@id\":\"https:\\\/\\\/www.revistarambla.com\\\/#website\",\"url\":\"https:\\\/\\\/www.revistarambla.com\\\/\",\"name\":\"Revista Rambla Barcelona\",\"description\":\"Periodismo independiente\",\"publisher\":{\"@id\":\"https:\\\/\\\/www.revistarambla.com\\\/#organization\"},\"potentialAction\":[{\"@type\":\"SearchAction\",\"target\":{\"@type\":\"EntryPoint\",\"urlTemplate\":\"https:\\\/\\\/www.revistarambla.com\\\/?s={search_term_string}\"},\"query-input\":{\"@type\":\"PropertyValueSpecification\",\"valueRequired\":true,\"valueName\":\"search_term_string\"}}],\"inLanguage\":\"en-GB\"},{\"@type\":\"Organization\",\"@id\":\"https:\\\/\\\/www.revistarambla.com\\\/#organization\",\"name\":\"Revista Rambla\",\"url\":\"https:\\\/\\\/www.revistarambla.com\\\/\",\"logo\":{\"@type\":\"ImageObject\",\"inLanguage\":\"en-GB\",\"@id\":\"https:\\\/\\\/www.revistarambla.com\\\/#\\\/schema\\\/logo\\\/image\\\/\",\"url\":\"https:\\\/\\\/www.revistarambla.com\\\/wp-content\\\/uploads\\\/2020\\\/09\\\/banner_rambla_1900x600_BB.png\",\"contentUrl\":\"https:\\\/\\\/www.revistarambla.com\\\/wp-content\\\/uploads\\\/2020\\\/09\\\/banner_rambla_1900x600_BB.png\",\"width\":1900,\"height\":600,\"caption\":\"Revista Rambla\"},\"image\":{\"@id\":\"https:\\\/\\\/www.revistarambla.com\\\/#\\\/schema\\\/logo\\\/image\\\/\"},\"sameAs\":[\"https:\\\/\\\/www.facebook.com\\\/revistarambla\\\/\",\"https:\\\/\\\/x.com\\\/revistarambla\",\"https:\\\/\\\/www.instagram.com\\\/revista_rambla\",\"https:\\\/\\\/es.linkedin.com\\\/company\\\/revista-rambla\"]},{\"@type\":\"Person\",\"@id\":\"https:\\\/\\\/www.revistarambla.com\\\/#\\\/schema\\\/person\\\/a146a5a2550b94981a75131180e1bd9c\",\"name\":\"R@mbla\",\"description\":\"Este art\u00edculo ha sido redactado y\\\/o validado por el equipo de redacci\u00f3n de Revista Rambla.\",\"sameAs\":[\"https:\\\/\\\/www.revistarambla.com\\\/\",\"https:\\\/\\\/www.facebook.com\\\/revistarambla\",\"https:\\\/\\\/x.com\\\/revistarambla\"]}]}<\/script>\n<!-- \/ Yoast SEO plugin. -->","yoast_head_json":{"title":"La nueva ola de la derecha juvenil irrumpe en Catalu\u00f1a: c\u00f3mo \u201cEl Despertar\u201d reconfigura el mapa ideol\u00f3gico de la Generaci\u00f3n Z - Revista Rambla","robots":{"index":"index","follow":"follow","max-snippet":"max-snippet:-1","max-image-preview":"max-image-preview:large","max-video-preview":"max-video-preview:-1"},"canonical":"https:\/\/www.revistarambla.com\/en\/la-nueva-ola-de-la-derecha-juvenil-irrumpe-en-cataluna-como-el-despertar-reconfigura-el-mapa-ideologico-de-la-generacion-z\/","og_locale":"en_GB","og_type":"article","og_title":"La nueva ola de la derecha juvenil irrumpe en Catalu\u00f1a: c\u00f3mo \u201cEl Despertar\u201d reconfigura el mapa ideol\u00f3gico de la Generaci\u00f3n Z - Revista Rambla","og_description":"Lo que parec\u00eda un fen\u00f3meno perif\u00e9rico de redes sociales se transforma en una fuerza cultural con patrocinadores empresariales, discursos audaces y un ambicioso proyecto de construcci\u00f3n identitaria entre j\u00f3venes cat\u00f3licos y conservadores","og_url":"https:\/\/www.revistarambla.com\/en\/la-nueva-ola-de-la-derecha-juvenil-irrumpe-en-cataluna-como-el-despertar-reconfigura-el-mapa-ideologico-de-la-generacion-z\/","og_site_name":"Revista Rambla","article_publisher":"https:\/\/www.facebook.com\/revistarambla\/","article_author":"https:\/\/www.facebook.com\/revistarambla","article_published_time":"2026-03-07T18:21:50+00:00","article_modified_time":"2026-03-07T18:22:03+00:00","author":"R@mbla","twitter_card":"summary_large_image","twitter_creator":"@revistarambla","twitter_site":"@revistarambla","twitter_misc":{"Written by":"R@mbla","Estimated reading time":"6 minutes"},"schema":{"@context":"https:\/\/schema.org","@graph":[{"@type":"Article","@id":"https:\/\/www.revistarambla.com\/la-nueva-ola-de-la-derecha-juvenil-irrumpe-en-cataluna-como-el-despertar-reconfigura-el-mapa-ideologico-de-la-generacion-z\/#article","isPartOf":{"@id":"https:\/\/www.revistarambla.com\/la-nueva-ola-de-la-derecha-juvenil-irrumpe-en-cataluna-como-el-despertar-reconfigura-el-mapa-ideologico-de-la-generacion-z\/"},"author":{"name":"R@mbla","@id":"https:\/\/www.revistarambla.com\/#\/schema\/person\/a146a5a2550b94981a75131180e1bd9c"},"headline":"La nueva ola de la derecha juvenil irrumpe en Catalu\u00f1a: c\u00f3mo \u201cEl Despertar\u201d reconfigura el mapa ideol\u00f3gico de la Generaci\u00f3n Z","datePublished":"2026-03-07T18:21:50+00:00","dateModified":"2026-03-07T18:22:03+00:00","mainEntityOfPage":{"@id":"https:\/\/www.revistarambla.com\/la-nueva-ola-de-la-derecha-juvenil-irrumpe-en-cataluna-como-el-despertar-reconfigura-el-mapa-ideologico-de-la-generacion-z\/"},"wordCount":1220,"publisher":{"@id":"https:\/\/www.revistarambla.com\/#organization"},"image":{"@id":"https:\/\/www.revistarambla.com\/la-nueva-ola-de-la-derecha-juvenil-irrumpe-en-cataluna-como-el-despertar-reconfigura-el-mapa-ideologico-de-la-generacion-z\/#primaryimage"},"thumbnailUrl":"https:\/\/www.revistarambla.com\/wp-content\/uploads\/2026\/03\/dca753_528562be11d24ea8a760bbe9e2c710f9mv2.avif","articleSection":["Catalunya"],"inLanguage":"en-GB"},{"@type":"WebPage","@id":"https:\/\/www.revistarambla.com\/la-nueva-ola-de-la-derecha-juvenil-irrumpe-en-cataluna-como-el-despertar-reconfigura-el-mapa-ideologico-de-la-generacion-z\/","url":"https:\/\/www.revistarambla.com\/la-nueva-ola-de-la-derecha-juvenil-irrumpe-en-cataluna-como-el-despertar-reconfigura-el-mapa-ideologico-de-la-generacion-z\/","name":"La nueva ola de la derecha juvenil irrumpe en Catalu\u00f1a: c\u00f3mo \u201cEl Despertar\u201d reconfigura el mapa ideol\u00f3gico de la Generaci\u00f3n Z - Revista Rambla","isPartOf":{"@id":"https:\/\/www.revistarambla.com\/#website"},"primaryImageOfPage":{"@id":"https:\/\/www.revistarambla.com\/la-nueva-ola-de-la-derecha-juvenil-irrumpe-en-cataluna-como-el-despertar-reconfigura-el-mapa-ideologico-de-la-generacion-z\/#primaryimage"},"image":{"@id":"https:\/\/www.revistarambla.com\/la-nueva-ola-de-la-derecha-juvenil-irrumpe-en-cataluna-como-el-despertar-reconfigura-el-mapa-ideologico-de-la-generacion-z\/#primaryimage"},"thumbnailUrl":"https:\/\/www.revistarambla.com\/wp-content\/uploads\/2026\/03\/dca753_528562be11d24ea8a760bbe9e2c710f9mv2.avif","datePublished":"2026-03-07T18:21:50+00:00","dateModified":"2026-03-07T18:22:03+00:00","breadcrumb":{"@id":"https:\/\/www.revistarambla.com\/la-nueva-ola-de-la-derecha-juvenil-irrumpe-en-cataluna-como-el-despertar-reconfigura-el-mapa-ideologico-de-la-generacion-z\/#breadcrumb"},"inLanguage":"en-GB","potentialAction":[{"@type":"ReadAction","target":["https:\/\/www.revistarambla.com\/la-nueva-ola-de-la-derecha-juvenil-irrumpe-en-cataluna-como-el-despertar-reconfigura-el-mapa-ideologico-de-la-generacion-z\/"]}]},{"@type":"ImageObject","inLanguage":"en-GB","@id":"https:\/\/www.revistarambla.com\/la-nueva-ola-de-la-derecha-juvenil-irrumpe-en-cataluna-como-el-despertar-reconfigura-el-mapa-ideologico-de-la-generacion-z\/#primaryimage","url":"https:\/\/www.revistarambla.com\/wp-content\/uploads\/2026\/03\/dca753_528562be11d24ea8a760bbe9e2c710f9mv2.avif","contentUrl":"https:\/\/www.revistarambla.com\/wp-content\/uploads\/2026\/03\/dca753_528562be11d24ea8a760bbe9e2c710f9mv2.avif","width":640,"height":360,"caption":"el despertar"},{"@type":"BreadcrumbList","@id":"https:\/\/www.revistarambla.com\/la-nueva-ola-de-la-derecha-juvenil-irrumpe-en-cataluna-como-el-despertar-reconfigura-el-mapa-ideologico-de-la-generacion-z\/#breadcrumb","itemListElement":[{"@type":"ListItem","position":1,"name":"Portada","item":"https:\/\/www.revistarambla.com\/"},{"@type":"ListItem","position":2,"name":"La nueva ola de la derecha juvenil irrumpe en Catalu\u00f1a: c\u00f3mo \u201cEl Despertar\u201d reconfigura el mapa ideol\u00f3gico de la Generaci\u00f3n Z"}]},{"@type":"WebSite","@id":"https:\/\/www.revistarambla.com\/#website","url":"https:\/\/www.revistarambla.com\/","name":"Revista Rambla Barcelona","description":"Periodismo independiente","publisher":{"@id":"https:\/\/www.revistarambla.com\/#organization"},"potentialAction":[{"@type":"SearchAction","target":{"@type":"EntryPoint","urlTemplate":"https:\/\/www.revistarambla.com\/?s={search_term_string}"},"query-input":{"@type":"PropertyValueSpecification","valueRequired":true,"valueName":"search_term_string"}}],"inLanguage":"en-GB"},{"@type":"Organization","@id":"https:\/\/www.revistarambla.com\/#organization","name":"Revista Rambla","url":"https:\/\/www.revistarambla.com\/","logo":{"@type":"ImageObject","inLanguage":"en-GB","@id":"https:\/\/www.revistarambla.com\/#\/schema\/logo\/image\/","url":"https:\/\/www.revistarambla.com\/wp-content\/uploads\/2020\/09\/banner_rambla_1900x600_BB.png","contentUrl":"https:\/\/www.revistarambla.com\/wp-content\/uploads\/2020\/09\/banner_rambla_1900x600_BB.png","width":1900,"height":600,"caption":"Revista Rambla"},"image":{"@id":"https:\/\/www.revistarambla.com\/#\/schema\/logo\/image\/"},"sameAs":["https:\/\/www.facebook.com\/revistarambla\/","https:\/\/x.com\/revistarambla","https:\/\/www.instagram.com\/revista_rambla","https:\/\/es.linkedin.com\/company\/revista-rambla"]},{"@type":"Person","@id":"https:\/\/www.revistarambla.com\/#\/schema\/person\/a146a5a2550b94981a75131180e1bd9c","name":"R@mbla","description":"Este art\u00edculo ha sido redactado y\/o validado por el equipo de redacci\u00f3n de Revista Rambla.","sameAs":["https:\/\/www.revistarambla.com\/","https:\/\/www.facebook.com\/revistarambla","https:\/\/x.com\/revistarambla"]}]}},"_links":{"self":[{"href":"https:\/\/www.revistarambla.com\/en\/wp-json\/wp\/v2\/posts\/67885","targetHints":{"allow":["GET"]}}],"collection":[{"href":"https:\/\/www.revistarambla.com\/en\/wp-json\/wp\/v2\/posts"}],"about":[{"href":"https:\/\/www.revistarambla.com\/en\/wp-json\/wp\/v2\/types\/post"}],"author":[{"embeddable":true,"href":"https:\/\/www.revistarambla.com\/en\/wp-json\/wp\/v2\/users\/3"}],"replies":[{"embeddable":true,"href":"https:\/\/www.revistarambla.com\/en\/wp-json\/wp\/v2\/comments?post=67885"}],"version-history":[{"count":2,"href":"https:\/\/www.revistarambla.com\/en\/wp-json\/wp\/v2\/posts\/67885\/revisions"}],"predecessor-version":[{"id":67888,"href":"https:\/\/www.revistarambla.com\/en\/wp-json\/wp\/v2\/posts\/67885\/revisions\/67888"}],"wp:featuredmedia":[{"embeddable":true,"href":"https:\/\/www.revistarambla.com\/en\/wp-json\/wp\/v2\/media\/67886"}],"wp:attachment":[{"href":"https:\/\/www.revistarambla.com\/en\/wp-json\/wp\/v2\/media?parent=67885"}],"wp:term":[{"taxonomy":"category","embeddable":true,"href":"https:\/\/www.revistarambla.com\/en\/wp-json\/wp\/v2\/categories?post=67885"},{"taxonomy":"post_tag","embeddable":true,"href":"https:\/\/www.revistarambla.com\/en\/wp-json\/wp\/v2\/tags?post=67885"}],"curies":[{"name":"wp","href":"https:\/\/api.w.org\/{rel}","templated":true}]}}