{"id":67883,"date":"2026-03-07T19:16:33","date_gmt":"2026-03-07T18:16:33","guid":{"rendered":"https:\/\/www.revistarambla.com\/?p=67883"},"modified":"2026-03-07T19:16:33","modified_gmt":"2026-03-07T18:16:33","slug":"la-sanidad-catalana-cuando-lo-publico-se-sostiene-sobre-cimientos-privados","status":"publish","type":"post","link":"https:\/\/www.revistarambla.com\/en\/la-sanidad-catalana-cuando-lo-publico-se-sostiene-sobre-cimientos-privados\/","title":{"rendered":"La sanidad catalana: cuando lo p\u00fablico se sostiene sobre cimientos privados"},"content":{"rendered":"<p>Durante a\u00f1os, el debate sobre la privatizaci\u00f3n de la sanidad en Espa\u00f1a ha tenido un epicentro pol\u00edtico muy claro: la Comunidad de Madrid. <!--more-->Las pol\u00e9micas en torno a las pol\u00edticas sanitarias de gobiernos madrile\u00f1os han convertido ese territorio en el s\u00edmbolo recurrente de la externalizaci\u00f3n de servicios p\u00fablicos. Sin embargo, cuando se examinan los datos con detenimiento, aparece una realidad menos visible y m\u00e1s inc\u00f3moda: el sistema sanitario catal\u00e1n presenta uno de los niveles m\u00e1s altos de gesti\u00f3n privada dentro de la sanidad p\u00fablica de todo el Estado.<\/p>\n<p>Las cifras son contundentes. En Catalu\u00f1a existen 155 hospitales integrados en el sistema p\u00fablico de salud, pero 90 de ellos est\u00e1n gestionados por entidades privadas. En t\u00e9rminos porcentuales, esto significa que el 58 % de los hospitales que forman parte de la red p\u00fablica est\u00e1n en manos privadas, casi el doble de la media espa\u00f1ola, que se sit\u00faa en torno al 30,7 %.\u00a0Esta proporci\u00f3n contrasta tambi\u00e9n con la de otras grandes comunidades aut\u00f3nomas: Andaluc\u00eda tiene un 22,7 % de hospitales privados dentro del sistema p\u00fablico, Madrid un 14 % y la Comunidad Valenciana apenas un 2,6 %.<\/p>\n<p>Esta singularidad no es fruto de una decisi\u00f3n pol\u00edtica reciente ni de una reforma puntual. Es el resultado de una estructura sanitaria que se fue configurando durante d\u00e9cadas y que responde tanto a razones hist\u00f3ricas como institucionales. Cuando la Generalitat recibi\u00f3 las competencias sanitarias a comienzos de los a\u00f1os ochenta, Catalu\u00f1a ya contaba con una red de hospitales gestionados por mutualidades, \u00f3rdenes religiosas y fundaciones. Esa infraestructura preexistente se integr\u00f3 en el sistema p\u00fablico mediante conciertos y acuerdos de financiaci\u00f3n, dando lugar a un modelo h\u00edbrido que combina provisi\u00f3n p\u00fablica y gesti\u00f3n privada.<\/p>\n<p>El resultado es un ecosistema sanitario en el que conviven m\u00faltiples actores: hospitales gestionados directamente por la administraci\u00f3n, centros administrados por fundaciones sin \u00e1nimo de lucro y otros controlados por grandes grupos empresariales del sector sanitario. Aunque muchos de estos centros privados no persiguen formalmente el beneficio econ\u00f3mico \u2014al menos en el caso de algunas entidades hist\u00f3ricas vinculadas al \u00e1mbito religioso o social\u2014, todos operan dentro de una l\u00f3gica de competencia por contratos p\u00fablicos y financiaci\u00f3n.<\/p>\n<p>Esta din\u00e1mica ha ido consolidando lo que algunos expertos describen como una \u201cl\u00f3gica de mercado\u201d dentro del propio sistema sanitario. Los diferentes proveedores compiten entre s\u00ed por obtener contratos con el servicio p\u00fablico de salud, lo que fomenta la externalizaci\u00f3n de servicios y la colaboraci\u00f3n p\u00fablico-privada como f\u00f3rmula habitual de gesti\u00f3n.\u00a0Para los defensores de este modelo, esa diversidad de operadores permite ampliar la oferta sanitaria, mejorar la eficiencia y aprovechar infraestructuras ya existentes. Para sus cr\u00edticos, en cambio, supone introducir incentivos econ\u00f3micos en un \u00e1mbito que deber\u00eda regirse exclusivamente por criterios de salud p\u00fablica.<\/p>\n<p>Las dudas sobre este modelo no se limitan al n\u00famero de hospitales. Cuando se analizan otros recursos sanitarios clave, la presencia del sector privado vuelve a ser significativa. En Catalu\u00f1a existen 617 quir\u00f3fanos, y m\u00e1s de un tercio \u2014un 36 %\u2014 pertenecen a centros privados. En el caso de las camas hospitalarias, la proporci\u00f3n privada supera incluso la mitad del total, con un 51,3 %. En otras palabras, una parte sustancial de la capacidad asistencial del sistema p\u00fablico depende de infraestructuras gestionadas por entidades privadas.<\/p>\n<p>A diferencia de lo ocurrido en otras comunidades aut\u00f3nomas, estas proporciones se han mantenido relativamente estables durante m\u00e1s de una d\u00e9cada. Entre 2011 y 2023 apenas se ha reducido en un punto porcentual el peso de los hospitales privados dentro del sistema p\u00fablico catal\u00e1n.\u00a0 Esto indica que el modelo no responde tanto a un ciclo pol\u00edtico concreto como a una estructura profundamente arraigada en la organizaci\u00f3n sanitaria del territorio.<\/p>\n<p>El papel del sector privado tambi\u00e9n se ha extendido a \u00e1mbitos tecnol\u00f3gicos y diagn\u00f3sticos. En los equipos de diagn\u00f3stico por imagen PET \u2014una tecnolog\u00eda avanzada utilizada para detectar enfermedades como el c\u00e1ncer\u2014 la presencia privada pr\u00e1cticamente se ha duplicado en los \u00faltimos a\u00f1os, pasando de representar un 20 % a un 41 % del total.\u00a0Aunque en otras tecnolog\u00edas, como los equipos de TAC, el peso privado ha disminuido ligeramente, el conjunto del sistema muestra una interdependencia cada vez mayor entre la sanidad p\u00fablica y proveedores privados.<\/p>\n<p>Pero la influencia del sector privado no se limita a hospitales o tecnolog\u00eda m\u00e9dica. En algunos casos alcanza incluso a servicios que los ciudadanos perciben como completamente p\u00fablicos. Un ejemplo es el sistema de emergencias m\u00e9dicas, que opera como una sociedad mercantil p\u00fablica y subcontrata parte de su actividad a empresas privadas, especialmente en el \u00e1mbito de las ambulancias.\u00a0Este tipo de estructuras h\u00edbridas ilustran hasta qu\u00e9 punto la frontera entre lo p\u00fablico y lo privado puede volverse difusa.<\/p>\n<p>Los cr\u00edticos del modelo advierten de varios riesgos asociados a esta mercantilizaci\u00f3n progresiva del sistema sanitario. Entre ellos destacan la opacidad en la gesti\u00f3n de recursos p\u00fablicos, la dificultad para supervisar el uso de fondos cuando se transfieren a entidades privadas y la posibilidad de que las decisiones sanitarias est\u00e9n condicionadas por criterios econ\u00f3micos.\u00a0Adem\u00e1s, algunos estudios han vinculado la creciente presencia de operadores privados con recortes de costes que pueden traducirse en peores condiciones laborales para el personal sanitario o en barreras de acceso para determinados pacientes.<\/p>\n<p>En paralelo a esta evoluci\u00f3n institucional, otro fen\u00f3meno ha ido ganando peso en la sociedad catalana: el aumento de los seguros m\u00e9dicos privados. Actualmente, el 43,4 % de la poblaci\u00f3n dispone de alg\u00fan tipo de seguro sanitario privado, una cifra muy superior a la media espa\u00f1ola, situada en el 32,3 %.\u00a0Solo Madrid supera a Catalu\u00f1a en este indicador.<\/p>\n<p>La expansi\u00f3n de estos seguros refleja una tendencia que se ha intensificado en los \u00faltimos a\u00f1os. En Espa\u00f1a, la proporci\u00f3n de personas con cobertura sanitaria privada casi se ha duplicado desde 2018, pasando del 17,2 % al 32,6 %.\u00a0Catalu\u00f1a ha seguido una trayectoria similar, con un crecimiento cercano al 82 % en el mismo periodo.<\/p>\n<p>Detr\u00e1s de este aumento hay varios factores. Por un lado, las listas de espera y la saturaci\u00f3n de algunos servicios p\u00fablicos han llevado a muchos ciudadanos a contratar seguros privados como complemento. Por otro, el propio modelo sanitario catal\u00e1n \u2014basado en una fuerte colaboraci\u00f3n p\u00fablico-privada\u2014 ha facilitado hist\u00f3ricamente la coexistencia entre ambos sistemas. La frontera entre uno y otro, de hecho, no siempre es evidente para el paciente: un mismo hospital puede atender tanto a usuarios del sistema p\u00fablico como a clientes privados.<\/p>\n<p>Esta doble din\u00e1mica \u2014privatizaci\u00f3n parcial del sistema p\u00fablico y expansi\u00f3n de los seguros privados\u2014 plantea interrogantes sobre el futuro del modelo sanitario. Para algunos analistas, podr\u00eda consolidarse un sistema de dos velocidades, en el que quienes pueden permitirse pagar un seguro acceden a servicios m\u00e1s r\u00e1pidos o especializados, mientras el resto depende exclusivamente de la red p\u00fablica. Otros consideran que la coexistencia entre ambos sectores puede ser compatible con un sistema universal siempre que exista una regulaci\u00f3n eficaz y una financiaci\u00f3n suficiente.<\/p>\n<p>El debate no es nuevo, pero ha cobrado una intensidad renovada en los \u00faltimos a\u00f1os. La pandemia de COVID-19 puso de relieve tanto la importancia de contar con una sanidad p\u00fablica robusta como la complejidad de coordinar m\u00faltiples actores dentro del sistema sanitario. Al mismo tiempo, la presi\u00f3n demogr\u00e1fica, el envejecimiento de la poblaci\u00f3n y el aumento de los costes tecnol\u00f3gicos obligan a replantear c\u00f3mo se financia y organiza la atenci\u00f3n sanitaria.<\/p>\n<p>En Catalu\u00f1a, ese debate adquiere una dimensi\u00f3n particular. El modelo mixto ha sido durante d\u00e9cadas una se\u00f1a de identidad del sistema sanitario catal\u00e1n y ha contado con el respaldo de gobiernos de diferentes orientaciones pol\u00edticas. Sin embargo, la creciente sensibilidad social hacia la defensa de los servicios p\u00fablicos y las desigualdades en el acceso a la atenci\u00f3n m\u00e9dica han reabierto la discusi\u00f3n sobre los l\u00edmites de la colaboraci\u00f3n p\u00fablico-privada.<\/p>\n<p>La cuesti\u00f3n de fondo es, en realidad, m\u00e1s profunda que la simple dicotom\u00eda entre p\u00fablico y privado. Se trata de definir qu\u00e9 papel deben desempe\u00f1ar los distintos actores en un sistema que aspira a garantizar la salud como derecho universal. La experiencia catalana demuestra que los modelos h\u00edbridos pueden funcionar durante largos periodos, pero tambi\u00e9n que generan tensiones permanentes sobre la transparencia, la equidad y el control democr\u00e1tico.<\/p>\n<p>En \u00faltima instancia, el debate sobre la sanidad catalana refleja una pregunta que atraviesa a todas las sociedades avanzadas: hasta qu\u00e9 punto los servicios esenciales deben depender de la l\u00f3gica del mercado. Mientras esa pregunta siga abierta, el modelo sanitario catal\u00e1n continuar\u00e1 siendo un laboratorio pol\u00edtico y social en el que se ensayan distintas respuestas a uno de los desaf\u00edos m\u00e1s complejos del Estado del bienestar.<\/p>","protected":false},"excerpt":{"rendered":"<p>Un modelo sanitario singular en Espa\u00f1a, con mayor\u00eda de hospitales de gesti\u00f3n privada dentro del sistema p\u00fablico, reabre el debate sobre la mercantilizaci\u00f3n de la salud y sus consecuencias sociales<\/p>","protected":false},"author":3,"featured_media":43672,"comment_status":"closed","ping_status":"closed","sticky":false,"template":"","format":"standard","meta":{"footnotes":""},"categories":[59],"tags":[],"class_list":["post-67883","post","type-post","status-publish","format-standard","has-post-thumbnail","hentry","category-catalunya"],"yoast_head":"<!-- This site is optimized with the Yoast SEO plugin v27.5 - https:\/\/yoast.com\/product\/yoast-seo-wordpress\/ -->\n<title>La sanidad catalana: cuando lo p\u00fablico se sostiene sobre cimientos privados - Revista Rambla<\/title>\n<meta name=\"robots\" content=\"index, follow, max-snippet:-1, max-image-preview:large, max-video-preview:-1\" \/>\n<link rel=\"canonical\" href=\"https:\/\/www.revistarambla.com\/en\/la-sanidad-catalana-cuando-lo-publico-se-sostiene-sobre-cimientos-privados\/\" \/>\n<meta property=\"og:locale\" content=\"en_GB\" \/>\n<meta property=\"og:type\" content=\"article\" \/>\n<meta property=\"og:title\" content=\"La sanidad catalana: cuando lo p\u00fablico se sostiene sobre cimientos privados - Revista Rambla\" \/>\n<meta property=\"og:description\" content=\"Un modelo sanitario singular en Espa\u00f1a, con mayor\u00eda de hospitales de gesti\u00f3n privada dentro del sistema p\u00fablico, reabre el debate sobre la mercantilizaci\u00f3n de la salud y sus consecuencias sociales\" \/>\n<meta property=\"og:url\" content=\"https:\/\/www.revistarambla.com\/en\/la-sanidad-catalana-cuando-lo-publico-se-sostiene-sobre-cimientos-privados\/\" \/>\n<meta property=\"og:site_name\" content=\"Revista Rambla\" \/>\n<meta property=\"article:publisher\" content=\"https:\/\/www.facebook.com\/revistarambla\/\" \/>\n<meta property=\"article:author\" content=\"https:\/\/www.facebook.com\/revistarambla\" \/>\n<meta property=\"article:published_time\" content=\"2026-03-07T18:16:33+00:00\" \/>\n<meta property=\"og:image\" content=\"https:\/\/www.revistarambla.com\/wp-content\/uploads\/2022\/06\/hospital-de-nit.jpg\" \/>\n\t<meta property=\"og:image:width\" content=\"2000\" \/>\n\t<meta property=\"og:image:height\" content=\"1182\" \/>\n\t<meta property=\"og:image:type\" content=\"image\/jpeg\" \/>\n<meta name=\"author\" content=\"R@mbla\" \/>\n<meta name=\"twitter:card\" content=\"summary_large_image\" \/>\n<meta name=\"twitter:creator\" content=\"@revistarambla\" \/>\n<meta name=\"twitter:site\" content=\"@revistarambla\" \/>\n<meta name=\"twitter:label1\" content=\"Written by\" \/>\n\t<meta name=\"twitter:data1\" content=\"R@mbla\" \/>\n\t<meta name=\"twitter:label2\" content=\"Estimated reading time\" \/>\n\t<meta name=\"twitter:data2\" content=\"7 minutes\" \/>\n<script type=\"application\/ld+json\" class=\"yoast-schema-graph\">{\"@context\":\"https:\\\/\\\/schema.org\",\"@graph\":[{\"@type\":\"Article\",\"@id\":\"https:\\\/\\\/www.revistarambla.com\\\/la-sanidad-catalana-cuando-lo-publico-se-sostiene-sobre-cimientos-privados\\\/#article\",\"isPartOf\":{\"@id\":\"https:\\\/\\\/www.revistarambla.com\\\/la-sanidad-catalana-cuando-lo-publico-se-sostiene-sobre-cimientos-privados\\\/\"},\"author\":{\"name\":\"R@mbla\",\"@id\":\"https:\\\/\\\/www.revistarambla.com\\\/#\\\/schema\\\/person\\\/a146a5a2550b94981a75131180e1bd9c\"},\"headline\":\"La sanidad catalana: cuando lo p\u00fablico se sostiene sobre cimientos privados\",\"datePublished\":\"2026-03-07T18:16:33+00:00\",\"mainEntityOfPage\":{\"@id\":\"https:\\\/\\\/www.revistarambla.com\\\/la-sanidad-catalana-cuando-lo-publico-se-sostiene-sobre-cimientos-privados\\\/\"},\"wordCount\":1553,\"publisher\":{\"@id\":\"https:\\\/\\\/www.revistarambla.com\\\/#organization\"},\"image\":{\"@id\":\"https:\\\/\\\/www.revistarambla.com\\\/la-sanidad-catalana-cuando-lo-publico-se-sostiene-sobre-cimientos-privados\\\/#primaryimage\"},\"thumbnailUrl\":\"https:\\\/\\\/www.revistarambla.com\\\/wp-content\\\/uploads\\\/2022\\\/06\\\/hospital-de-nit.jpg\",\"articleSection\":[\"Catalunya\"],\"inLanguage\":\"en-GB\"},{\"@type\":\"WebPage\",\"@id\":\"https:\\\/\\\/www.revistarambla.com\\\/la-sanidad-catalana-cuando-lo-publico-se-sostiene-sobre-cimientos-privados\\\/\",\"url\":\"https:\\\/\\\/www.revistarambla.com\\\/la-sanidad-catalana-cuando-lo-publico-se-sostiene-sobre-cimientos-privados\\\/\",\"name\":\"La sanidad catalana: cuando lo p\u00fablico se sostiene sobre cimientos privados - Revista Rambla\",\"isPartOf\":{\"@id\":\"https:\\\/\\\/www.revistarambla.com\\\/#website\"},\"primaryImageOfPage\":{\"@id\":\"https:\\\/\\\/www.revistarambla.com\\\/la-sanidad-catalana-cuando-lo-publico-se-sostiene-sobre-cimientos-privados\\\/#primaryimage\"},\"image\":{\"@id\":\"https:\\\/\\\/www.revistarambla.com\\\/la-sanidad-catalana-cuando-lo-publico-se-sostiene-sobre-cimientos-privados\\\/#primaryimage\"},\"thumbnailUrl\":\"https:\\\/\\\/www.revistarambla.com\\\/wp-content\\\/uploads\\\/2022\\\/06\\\/hospital-de-nit.jpg\",\"datePublished\":\"2026-03-07T18:16:33+00:00\",\"breadcrumb\":{\"@id\":\"https:\\\/\\\/www.revistarambla.com\\\/la-sanidad-catalana-cuando-lo-publico-se-sostiene-sobre-cimientos-privados\\\/#breadcrumb\"},\"inLanguage\":\"en-GB\",\"potentialAction\":[{\"@type\":\"ReadAction\",\"target\":[\"https:\\\/\\\/www.revistarambla.com\\\/la-sanidad-catalana-cuando-lo-publico-se-sostiene-sobre-cimientos-privados\\\/\"]}]},{\"@type\":\"ImageObject\",\"inLanguage\":\"en-GB\",\"@id\":\"https:\\\/\\\/www.revistarambla.com\\\/la-sanidad-catalana-cuando-lo-publico-se-sostiene-sobre-cimientos-privados\\\/#primaryimage\",\"url\":\"https:\\\/\\\/www.revistarambla.com\\\/wp-content\\\/uploads\\\/2022\\\/06\\\/hospital-de-nit.jpg\",\"contentUrl\":\"https:\\\/\\\/www.revistarambla.com\\\/wp-content\\\/uploads\\\/2022\\\/06\\\/hospital-de-nit.jpg\",\"width\":2000,\"height\":1182,\"caption\":\"sanidad privatizada\"},{\"@type\":\"BreadcrumbList\",\"@id\":\"https:\\\/\\\/www.revistarambla.com\\\/la-sanidad-catalana-cuando-lo-publico-se-sostiene-sobre-cimientos-privados\\\/#breadcrumb\",\"itemListElement\":[{\"@type\":\"ListItem\",\"position\":1,\"name\":\"Portada\",\"item\":\"https:\\\/\\\/www.revistarambla.com\\\/\"},{\"@type\":\"ListItem\",\"position\":2,\"name\":\"La sanidad catalana: cuando lo p\u00fablico se sostiene sobre cimientos privados\"}]},{\"@type\":\"WebSite\",\"@id\":\"https:\\\/\\\/www.revistarambla.com\\\/#website\",\"url\":\"https:\\\/\\\/www.revistarambla.com\\\/\",\"name\":\"Revista Rambla Barcelona\",\"description\":\"Periodismo independiente\",\"publisher\":{\"@id\":\"https:\\\/\\\/www.revistarambla.com\\\/#organization\"},\"potentialAction\":[{\"@type\":\"SearchAction\",\"target\":{\"@type\":\"EntryPoint\",\"urlTemplate\":\"https:\\\/\\\/www.revistarambla.com\\\/?s={search_term_string}\"},\"query-input\":{\"@type\":\"PropertyValueSpecification\",\"valueRequired\":true,\"valueName\":\"search_term_string\"}}],\"inLanguage\":\"en-GB\"},{\"@type\":\"Organization\",\"@id\":\"https:\\\/\\\/www.revistarambla.com\\\/#organization\",\"name\":\"Revista Rambla\",\"url\":\"https:\\\/\\\/www.revistarambla.com\\\/\",\"logo\":{\"@type\":\"ImageObject\",\"inLanguage\":\"en-GB\",\"@id\":\"https:\\\/\\\/www.revistarambla.com\\\/#\\\/schema\\\/logo\\\/image\\\/\",\"url\":\"https:\\\/\\\/www.revistarambla.com\\\/wp-content\\\/uploads\\\/2020\\\/09\\\/banner_rambla_1900x600_BB.png\",\"contentUrl\":\"https:\\\/\\\/www.revistarambla.com\\\/wp-content\\\/uploads\\\/2020\\\/09\\\/banner_rambla_1900x600_BB.png\",\"width\":1900,\"height\":600,\"caption\":\"Revista Rambla\"},\"image\":{\"@id\":\"https:\\\/\\\/www.revistarambla.com\\\/#\\\/schema\\\/logo\\\/image\\\/\"},\"sameAs\":[\"https:\\\/\\\/www.facebook.com\\\/revistarambla\\\/\",\"https:\\\/\\\/x.com\\\/revistarambla\",\"https:\\\/\\\/www.instagram.com\\\/revista_rambla\",\"https:\\\/\\\/es.linkedin.com\\\/company\\\/revista-rambla\"]},{\"@type\":\"Person\",\"@id\":\"https:\\\/\\\/www.revistarambla.com\\\/#\\\/schema\\\/person\\\/a146a5a2550b94981a75131180e1bd9c\",\"name\":\"R@mbla\",\"description\":\"Este art\u00edculo ha sido redactado y\\\/o validado por el equipo de redacci\u00f3n de Revista Rambla.\",\"sameAs\":[\"https:\\\/\\\/www.revistarambla.com\\\/\",\"https:\\\/\\\/www.facebook.com\\\/revistarambla\",\"https:\\\/\\\/x.com\\\/revistarambla\"]}]}<\/script>\n<!-- \/ Yoast SEO plugin. -->","yoast_head_json":{"title":"La sanidad catalana: cuando lo p\u00fablico se sostiene sobre cimientos privados - Revista Rambla","robots":{"index":"index","follow":"follow","max-snippet":"max-snippet:-1","max-image-preview":"max-image-preview:large","max-video-preview":"max-video-preview:-1"},"canonical":"https:\/\/www.revistarambla.com\/en\/la-sanidad-catalana-cuando-lo-publico-se-sostiene-sobre-cimientos-privados\/","og_locale":"en_GB","og_type":"article","og_title":"La sanidad catalana: cuando lo p\u00fablico se sostiene sobre cimientos privados - Revista Rambla","og_description":"Un modelo sanitario singular en Espa\u00f1a, con mayor\u00eda de hospitales de gesti\u00f3n privada dentro del sistema p\u00fablico, reabre el debate sobre la mercantilizaci\u00f3n de la salud y sus consecuencias sociales","og_url":"https:\/\/www.revistarambla.com\/en\/la-sanidad-catalana-cuando-lo-publico-se-sostiene-sobre-cimientos-privados\/","og_site_name":"Revista Rambla","article_publisher":"https:\/\/www.facebook.com\/revistarambla\/","article_author":"https:\/\/www.facebook.com\/revistarambla","article_published_time":"2026-03-07T18:16:33+00:00","og_image":[{"width":2000,"height":1182,"url":"https:\/\/www.revistarambla.com\/wp-content\/uploads\/2022\/06\/hospital-de-nit.jpg","type":"image\/jpeg"}],"author":"R@mbla","twitter_card":"summary_large_image","twitter_creator":"@revistarambla","twitter_site":"@revistarambla","twitter_misc":{"Written by":"R@mbla","Estimated reading time":"7 minutes"},"schema":{"@context":"https:\/\/schema.org","@graph":[{"@type":"Article","@id":"https:\/\/www.revistarambla.com\/la-sanidad-catalana-cuando-lo-publico-se-sostiene-sobre-cimientos-privados\/#article","isPartOf":{"@id":"https:\/\/www.revistarambla.com\/la-sanidad-catalana-cuando-lo-publico-se-sostiene-sobre-cimientos-privados\/"},"author":{"name":"R@mbla","@id":"https:\/\/www.revistarambla.com\/#\/schema\/person\/a146a5a2550b94981a75131180e1bd9c"},"headline":"La sanidad catalana: cuando lo p\u00fablico se sostiene sobre cimientos privados","datePublished":"2026-03-07T18:16:33+00:00","mainEntityOfPage":{"@id":"https:\/\/www.revistarambla.com\/la-sanidad-catalana-cuando-lo-publico-se-sostiene-sobre-cimientos-privados\/"},"wordCount":1553,"publisher":{"@id":"https:\/\/www.revistarambla.com\/#organization"},"image":{"@id":"https:\/\/www.revistarambla.com\/la-sanidad-catalana-cuando-lo-publico-se-sostiene-sobre-cimientos-privados\/#primaryimage"},"thumbnailUrl":"https:\/\/www.revistarambla.com\/wp-content\/uploads\/2022\/06\/hospital-de-nit.jpg","articleSection":["Catalunya"],"inLanguage":"en-GB"},{"@type":"WebPage","@id":"https:\/\/www.revistarambla.com\/la-sanidad-catalana-cuando-lo-publico-se-sostiene-sobre-cimientos-privados\/","url":"https:\/\/www.revistarambla.com\/la-sanidad-catalana-cuando-lo-publico-se-sostiene-sobre-cimientos-privados\/","name":"La sanidad catalana: cuando lo p\u00fablico se sostiene sobre cimientos privados - Revista Rambla","isPartOf":{"@id":"https:\/\/www.revistarambla.com\/#website"},"primaryImageOfPage":{"@id":"https:\/\/www.revistarambla.com\/la-sanidad-catalana-cuando-lo-publico-se-sostiene-sobre-cimientos-privados\/#primaryimage"},"image":{"@id":"https:\/\/www.revistarambla.com\/la-sanidad-catalana-cuando-lo-publico-se-sostiene-sobre-cimientos-privados\/#primaryimage"},"thumbnailUrl":"https:\/\/www.revistarambla.com\/wp-content\/uploads\/2022\/06\/hospital-de-nit.jpg","datePublished":"2026-03-07T18:16:33+00:00","breadcrumb":{"@id":"https:\/\/www.revistarambla.com\/la-sanidad-catalana-cuando-lo-publico-se-sostiene-sobre-cimientos-privados\/#breadcrumb"},"inLanguage":"en-GB","potentialAction":[{"@type":"ReadAction","target":["https:\/\/www.revistarambla.com\/la-sanidad-catalana-cuando-lo-publico-se-sostiene-sobre-cimientos-privados\/"]}]},{"@type":"ImageObject","inLanguage":"en-GB","@id":"https:\/\/www.revistarambla.com\/la-sanidad-catalana-cuando-lo-publico-se-sostiene-sobre-cimientos-privados\/#primaryimage","url":"https:\/\/www.revistarambla.com\/wp-content\/uploads\/2022\/06\/hospital-de-nit.jpg","contentUrl":"https:\/\/www.revistarambla.com\/wp-content\/uploads\/2022\/06\/hospital-de-nit.jpg","width":2000,"height":1182,"caption":"sanidad privatizada"},{"@type":"BreadcrumbList","@id":"https:\/\/www.revistarambla.com\/la-sanidad-catalana-cuando-lo-publico-se-sostiene-sobre-cimientos-privados\/#breadcrumb","itemListElement":[{"@type":"ListItem","position":1,"name":"Portada","item":"https:\/\/www.revistarambla.com\/"},{"@type":"ListItem","position":2,"name":"La sanidad catalana: cuando lo p\u00fablico se sostiene sobre cimientos privados"}]},{"@type":"WebSite","@id":"https:\/\/www.revistarambla.com\/#website","url":"https:\/\/www.revistarambla.com\/","name":"Revista Rambla Barcelona","description":"Periodismo independiente","publisher":{"@id":"https:\/\/www.revistarambla.com\/#organization"},"potentialAction":[{"@type":"SearchAction","target":{"@type":"EntryPoint","urlTemplate":"https:\/\/www.revistarambla.com\/?s={search_term_string}"},"query-input":{"@type":"PropertyValueSpecification","valueRequired":true,"valueName":"search_term_string"}}],"inLanguage":"en-GB"},{"@type":"Organization","@id":"https:\/\/www.revistarambla.com\/#organization","name":"Revista Rambla","url":"https:\/\/www.revistarambla.com\/","logo":{"@type":"ImageObject","inLanguage":"en-GB","@id":"https:\/\/www.revistarambla.com\/#\/schema\/logo\/image\/","url":"https:\/\/www.revistarambla.com\/wp-content\/uploads\/2020\/09\/banner_rambla_1900x600_BB.png","contentUrl":"https:\/\/www.revistarambla.com\/wp-content\/uploads\/2020\/09\/banner_rambla_1900x600_BB.png","width":1900,"height":600,"caption":"Revista Rambla"},"image":{"@id":"https:\/\/www.revistarambla.com\/#\/schema\/logo\/image\/"},"sameAs":["https:\/\/www.facebook.com\/revistarambla\/","https:\/\/x.com\/revistarambla","https:\/\/www.instagram.com\/revista_rambla","https:\/\/es.linkedin.com\/company\/revista-rambla"]},{"@type":"Person","@id":"https:\/\/www.revistarambla.com\/#\/schema\/person\/a146a5a2550b94981a75131180e1bd9c","name":"R@mbla","description":"Este art\u00edculo ha sido redactado y\/o validado por el equipo de redacci\u00f3n de Revista Rambla.","sameAs":["https:\/\/www.revistarambla.com\/","https:\/\/www.facebook.com\/revistarambla","https:\/\/x.com\/revistarambla"]}]}},"_links":{"self":[{"href":"https:\/\/www.revistarambla.com\/en\/wp-json\/wp\/v2\/posts\/67883","targetHints":{"allow":["GET"]}}],"collection":[{"href":"https:\/\/www.revistarambla.com\/en\/wp-json\/wp\/v2\/posts"}],"about":[{"href":"https:\/\/www.revistarambla.com\/en\/wp-json\/wp\/v2\/types\/post"}],"author":[{"embeddable":true,"href":"https:\/\/www.revistarambla.com\/en\/wp-json\/wp\/v2\/users\/3"}],"replies":[{"embeddable":true,"href":"https:\/\/www.revistarambla.com\/en\/wp-json\/wp\/v2\/comments?post=67883"}],"version-history":[{"count":1,"href":"https:\/\/www.revistarambla.com\/en\/wp-json\/wp\/v2\/posts\/67883\/revisions"}],"predecessor-version":[{"id":67884,"href":"https:\/\/www.revistarambla.com\/en\/wp-json\/wp\/v2\/posts\/67883\/revisions\/67884"}],"wp:featuredmedia":[{"embeddable":true,"href":"https:\/\/www.revistarambla.com\/en\/wp-json\/wp\/v2\/media\/43672"}],"wp:attachment":[{"href":"https:\/\/www.revistarambla.com\/en\/wp-json\/wp\/v2\/media?parent=67883"}],"wp:term":[{"taxonomy":"category","embeddable":true,"href":"https:\/\/www.revistarambla.com\/en\/wp-json\/wp\/v2\/categories?post=67883"},{"taxonomy":"post_tag","embeddable":true,"href":"https:\/\/www.revistarambla.com\/en\/wp-json\/wp\/v2\/tags?post=67883"}],"curies":[{"name":"wp","href":"https:\/\/api.w.org\/{rel}","templated":true}]}}