{"id":67881,"date":"2026-03-07T19:12:22","date_gmt":"2026-03-07T18:12:22","guid":{"rendered":"https:\/\/www.revistarambla.com\/?p=67881"},"modified":"2026-03-07T19:12:22","modified_gmt":"2026-03-07T18:12:22","slug":"la-filantropia-armada","status":"publish","type":"post","link":"https:\/\/www.revistarambla.com\/en\/la-filantropia-armada\/","title":{"rendered":"La filantrop\u00eda armada"},"content":{"rendered":"<p>Hay instituciones que forman parte del paisaje mental de un pa\u00eds. Est\u00e1n ah\u00ed desde siempre, con una presencia tan familiar que rara vez se cuestiona su papel real. En Catalu\u00f1a, una de esas instituciones ha sido hist\u00f3ricamente \u201cla Caixa\u201d. Durante d\u00e9cadas se ha proyectado como una especie de columna vertebral social: una entidad financiera poderosa, s\u00ed, pero tambi\u00e9n un actor filantr\u00f3pico que financia investigaci\u00f3n m\u00e9dica, programas culturales, becas educativas y ayudas sociales. Su obra social ha sido celebrada como uno de los mayores instrumentos de mecenazgo privado en Europa. Sin embargo, cuando se examinan con m\u00e1s detalle los flujos de ese dinero filantr\u00f3pico, aparece una pregunta inc\u00f3moda: \u00bfqu\u00e9 ocurre cuando la beneficencia se mezcla con el poder coercitivo del Estado?<\/p>\n<p>La revelaci\u00f3n de que millones de euros procedentes de la obra social de \u201cla Caixa\u201d han financiado fundaciones vinculadas a la Polic\u00eda Nacional y a la Guardia Civil obliga a replantear ese relato casi sacralizado de la filantrop\u00eda bancaria. Entre 2019 y 2024, las fundaciones asociadas a ambos cuerpos recibieron en conjunto m\u00e1s de 3,3 millones de euros de la fundaci\u00f3n bancaria heredera de la antigua caja de ahorros catalana. De esa cantidad, aproximadamente 1,3 millones se destinaron a la fundaci\u00f3n vinculada a la Polic\u00eda Nacional y m\u00e1s de 2 millones a la fundaci\u00f3n asociada a la Guardia Civil. El dinero se canaliz\u00f3 a trav\u00e9s de convenios de colaboraci\u00f3n para financiar actividades culturales, sociales y formativas de estas entidades.<\/p>\n<p>A primera vista, podr\u00eda parecer un gesto inocuo. Al fin y al cabo, las fundaciones policiales se presentan como organizaciones privadas dedicadas a mejorar la imagen institucional de los cuerpos de seguridad, apoyar a sus miembros y promover actividades educativas o culturales. Sin embargo, el problema no radica tanto en la legalidad de esas donaciones \u2014que existe\u2014 como en su significado pol\u00edtico y simb\u00f3lico. Porque cuando una entidad financiera de tama\u00f1o sist\u00e9mico decide destinar recursos filantr\u00f3picos a reforzar la proyecci\u00f3n social de las fuerzas de seguridad del Estado, est\u00e1 tomando partido en la arquitectura del poder.<\/p>\n<p>La obra social de \u201cla Caixa\u201d no es una fundaci\u00f3n menor. Maneja presupuestos que superan ampliamente los de muchas pol\u00edticas p\u00fablicas. Solo para 2026 se prev\u00e9 un presupuesto de alrededor de 710 millones de euros, con un plan estrat\u00e9gico que aspira a elevar esa cifra hasta los 800 millones anuales en 2030. Ese dinero se reparte en programas sociales, culturales, educativos y de investigaci\u00f3n sanitaria. Cuando una instituci\u00f3n con semejante capacidad de intervenci\u00f3n decide financiar estructuras vinculadas al aparato coercitivo del Estado, el gesto adquiere una dimensi\u00f3n que trasciende la mera acci\u00f3n filantr\u00f3pica.<\/p>\n<p>De hecho, la relaci\u00f3n entre la entidad y las fuerzas de seguridad no se limita a estas donaciones. Desde hace a\u00f1os existen acuerdos que permiten a miembros de la Polic\u00eda y de la Guardia Civil acceder a becas para cursar estudios de posgrado o realizar cursos de idiomas financiados por la fundaci\u00f3n. En paralelo, tambi\u00e9n se desarrollaron campa\u00f1as comerciales dirigidas espec\u00edficamente a agentes reci\u00e9n graduados para atraer sus n\u00f3minas a la entidad bancaria, incluso ofreciendo equipamiento para su formaci\u00f3n policial como incentivo.<\/p>\n<p>Todo ello dibuja una relaci\u00f3n que va m\u00e1s all\u00e1 de la simple cooperaci\u00f3n puntual. Se trata de una red de intereses compartidos donde la filantrop\u00eda, la estrategia comercial y la proximidad institucional se entrelazan. La pregunta inevitable es si una fundaci\u00f3n que se presenta como motor de progreso social deber\u00eda invertir recursos en reforzar la imagen y las capacidades formativas de cuerpos policiales que ya cuentan con amplios presupuestos p\u00fablicos.<\/p>\n<p>La cuesti\u00f3n es especialmente sensible en contextos donde la actuaci\u00f3n policial forma parte de un debate pol\u00edtico intenso. En Catalu\u00f1a, por ejemplo, el recuerdo de episodios de represi\u00f3n policial durante diferentes momentos de la historia reciente sigue siendo una herida abierta en determinados sectores de la sociedad. En ese escenario, la financiaci\u00f3n privada de estructuras vinculadas a esos cuerpos adquiere inevitablemente una lectura pol\u00edtica.<\/p>\n<p>La filantrop\u00eda corporativa nunca es neutral. Aunque se presente como un ejercicio altruista, siempre responde a una determinada visi\u00f3n del mundo. En el caso de las grandes fundaciones empresariales, esa visi\u00f3n suele coincidir con la defensa de un determinado orden social y econ\u00f3mico. No se trata necesariamente de una conspiraci\u00f3n ni de una estrategia oculta; es m\u00e1s bien una forma de coherencia estructural. Las grandes corporaciones tienden a apoyar aquellas instituciones que garantizan estabilidad, previsibilidad y continuidad en el sistema que les permite prosperar.<\/p>\n<p>Desde ese punto de vista, el apoyo a las fundaciones policiales puede interpretarse como una inversi\u00f3n en estabilidad institucional. Las fuerzas de seguridad representan el monopolio leg\u00edtimo de la coerci\u00f3n del Estado, y su prestigio social es un elemento central para el mantenimiento del orden pol\u00edtico. Si una gran entidad financiera decide contribuir a reforzar esa legitimidad mediante actividades culturales, becas o programas formativos, en cierto modo est\u00e1 invirtiendo en el entorno institucional que sostiene su propia actividad.<\/p>\n<p>Pero precisamente ah\u00ed reside el dilema democr\u00e1tico. La obra social de una entidad financiera que se presenta como instrumento de bienestar colectivo deber\u00eda someterse a un escrutinio p\u00fablico mucho m\u00e1s riguroso. Porque aunque el dinero sea formalmente privado, su origen y su funci\u00f3n tienen una dimensi\u00f3n social evidente. Durante d\u00e9cadas, las cajas de ahorro se construyeron gracias al ahorro de millones de ciudadanos y a un marco regulatorio que les otorgaba un papel cuasi p\u00fablico. Su obra social naci\u00f3 como una forma de redistribuir parte de ese capital hacia la comunidad.<\/p>\n<p>Con la transformaci\u00f3n del sistema financiero y la conversi\u00f3n de muchas cajas en bancos comerciales, esa herencia social qued\u00f3 encapsulada en fundaciones bancarias que gestionan grandes patrimonios. Pero el principio original \u2014la idea de devolver a la sociedad parte de la riqueza generada colectivamente\u2014 sigue siendo el argumento central que legitima su existencia.<\/p>\n<p>Por eso resulta leg\u00edtimo preguntarse qu\u00e9 prioridades deber\u00edan guiar esa redistribuci\u00f3n. \u00bfTiene sentido que una fundaci\u00f3n con cientos de millones de euros de presupuesto destine recursos a fundaciones policiales cuando existen d\u00e9ficits evidentes en \u00e1mbitos como la vivienda, la salud mental o la pobreza infantil? \u00bfQu\u00e9 mensaje transmite a la sociedad cuando el dinero destinado a la solidaridad termina reforzando instituciones que ya cuentan con amplios recursos estatales?<\/p>\n<p>La respuesta no es sencilla. Quienes defienden estas colaboraciones argumentan que las fuerzas de seguridad tambi\u00e9n forman parte de la sociedad y que sus miembros \u2014como cualquier otro colectivo profesional\u2014 pueden beneficiarse de programas educativos o culturales. Desde ese punto de vista, las donaciones no ser\u00edan m\u00e1s que una extensi\u00f3n natural de la pol\u00edtica de becas o de apoyo a colectivos espec\u00edficos.<\/p>\n<p>Sin embargo, la cuesti\u00f3n no es tanto qui\u00e9n recibe el dinero como el significado estructural de esas alianzas. Cuando una gran fundaci\u00f3n empresarial estrecha v\u00ednculos con instituciones que encarnan el poder coercitivo del Estado, se produce una convergencia entre capital financiero y poder policial que merece ser analizada con cuidado.<\/p>\n<p>La historia econ\u00f3mica est\u00e1 llena de ejemplos donde esa convergencia ha sido decisiva. Desde los grandes magnates industriales del siglo XIX que financiaban fuerzas privadas de seguridad para proteger sus f\u00e1bricas hasta las modernas alianzas entre corporaciones y aparatos de seguridad en contextos de conflicto social. En todos esos casos, el apoyo econ\u00f3mico a estructuras coercitivas ha sido una forma de asegurar la estabilidad del orden existente.<\/p>\n<p>No se trata de afirmar que la situaci\u00f3n actual sea equivalente a esos episodios hist\u00f3ricos, pero s\u00ed de reconocer que la relaci\u00f3n entre capital y seguridad nunca ha sido completamente inocente. Cuando el poder econ\u00f3mico y el poder coercitivo se acercan demasiado, el equilibrio democr\u00e1tico puede resentirse.<\/p>\n<p>En el fondo, el debate que abre este tipo de revelaciones no es \u00fanicamente sobre un banco o una fundaci\u00f3n concreta. Es un debate sobre el papel de las grandes instituciones privadas en la esfera p\u00fablica. En sociedades donde el poder econ\u00f3mico se concentra cada vez m\u00e1s, las decisiones filantr\u00f3picas de unos pocos actores pueden tener un impacto comparable al de pol\u00edticas p\u00fablicas enteras.<\/p>\n<p>Por eso, m\u00e1s que escandalizarse o trivializar el asunto, quiz\u00e1 lo m\u00e1s sensato sea exigir transparencia y debate. La obra social de las grandes fundaciones deber\u00eda estar sujeta a un escrutinio democr\u00e1tico proporcional a su capacidad de influencia. No para limitar su autonom\u00eda, sino para garantizar que esa autonom\u00eda se ejerce de forma coherente con el inter\u00e9s colectivo.<\/p>\n<p>Porque la filantrop\u00eda, cuando maneja cientos de millones de euros y afecta a instituciones fundamentales del Estado, deja de ser un gesto privado. Se convierte en una forma de poder. Y todo poder, por muy bienintencionado que se presente, merece siempre ser observado con atenci\u00f3n cr\u00edtica.<\/p>","protected":false},"excerpt":{"rendered":"<p>Cuando la obra social se cruza con el poder policial<\/p>","protected":false},"author":3,"featured_media":24460,"comment_status":"closed","ping_status":"closed","sticky":false,"template":"","format":"standard","meta":{"footnotes":""},"categories":[59],"tags":[],"class_list":["post-67881","post","type-post","status-publish","format-standard","has-post-thumbnail","hentry","category-catalunya"],"yoast_head":"<!-- This site is optimized with the Yoast SEO plugin v27.5 - https:\/\/yoast.com\/product\/yoast-seo-wordpress\/ -->\n<title>La filantrop\u00eda armada - Revista Rambla<\/title>\n<meta name=\"robots\" content=\"index, follow, max-snippet:-1, max-image-preview:large, max-video-preview:-1\" \/>\n<link rel=\"canonical\" href=\"https:\/\/www.revistarambla.com\/en\/la-filantropia-armada\/\" \/>\n<meta property=\"og:locale\" content=\"en_GB\" \/>\n<meta property=\"og:type\" content=\"article\" \/>\n<meta property=\"og:title\" content=\"La filantrop\u00eda armada - Revista Rambla\" \/>\n<meta property=\"og:description\" content=\"Cuando la obra social se cruza con el poder policial\" \/>\n<meta property=\"og:url\" content=\"https:\/\/www.revistarambla.com\/en\/la-filantropia-armada\/\" \/>\n<meta property=\"og:site_name\" content=\"Revista Rambla\" \/>\n<meta property=\"article:publisher\" content=\"https:\/\/www.facebook.com\/revistarambla\/\" \/>\n<meta property=\"article:author\" content=\"https:\/\/www.facebook.com\/revistarambla\" \/>\n<meta property=\"article:published_time\" content=\"2026-03-07T18:12:22+00:00\" \/>\n<meta property=\"og:image\" content=\"https:\/\/www.revistarambla.com\/wp-content\/uploads\/2020\/09\/234_Torres_de_la_Caixa_av._Diagonal_621-629_Barcelona-scaled.jpg\" \/>\n\t<meta property=\"og:image:width\" content=\"2048\" \/>\n\t<meta property=\"og:image:height\" content=\"1536\" \/>\n\t<meta property=\"og:image:type\" content=\"image\/jpeg\" \/>\n<meta name=\"author\" content=\"R@mbla\" \/>\n<meta name=\"twitter:card\" content=\"summary_large_image\" \/>\n<meta name=\"twitter:creator\" content=\"@revistarambla\" \/>\n<meta name=\"twitter:site\" content=\"@revistarambla\" \/>\n<meta name=\"twitter:label1\" content=\"Written by\" \/>\n\t<meta name=\"twitter:data1\" content=\"R@mbla\" \/>\n\t<meta name=\"twitter:label2\" content=\"Estimated reading time\" \/>\n\t<meta name=\"twitter:data2\" content=\"7 minutes\" \/>\n<script type=\"application\/ld+json\" class=\"yoast-schema-graph\">{\"@context\":\"https:\\\/\\\/schema.org\",\"@graph\":[{\"@type\":\"Article\",\"@id\":\"https:\\\/\\\/www.revistarambla.com\\\/la-filantropia-armada\\\/#article\",\"isPartOf\":{\"@id\":\"https:\\\/\\\/www.revistarambla.com\\\/la-filantropia-armada\\\/\"},\"author\":{\"name\":\"R@mbla\",\"@id\":\"https:\\\/\\\/www.revistarambla.com\\\/#\\\/schema\\\/person\\\/a146a5a2550b94981a75131180e1bd9c\"},\"headline\":\"La filantrop\u00eda armada\",\"datePublished\":\"2026-03-07T18:12:22+00:00\",\"mainEntityOfPage\":{\"@id\":\"https:\\\/\\\/www.revistarambla.com\\\/la-filantropia-armada\\\/\"},\"wordCount\":1531,\"publisher\":{\"@id\":\"https:\\\/\\\/www.revistarambla.com\\\/#organization\"},\"image\":{\"@id\":\"https:\\\/\\\/www.revistarambla.com\\\/la-filantropia-armada\\\/#primaryimage\"},\"thumbnailUrl\":\"https:\\\/\\\/www.revistarambla.com\\\/wp-content\\\/uploads\\\/2020\\\/09\\\/234_Torres_de_la_Caixa_av._Diagonal_621-629_Barcelona-scaled.jpg\",\"articleSection\":[\"Catalunya\"],\"inLanguage\":\"en-GB\"},{\"@type\":\"WebPage\",\"@id\":\"https:\\\/\\\/www.revistarambla.com\\\/la-filantropia-armada\\\/\",\"url\":\"https:\\\/\\\/www.revistarambla.com\\\/la-filantropia-armada\\\/\",\"name\":\"La filantrop\u00eda armada - Revista Rambla\",\"isPartOf\":{\"@id\":\"https:\\\/\\\/www.revistarambla.com\\\/#website\"},\"primaryImageOfPage\":{\"@id\":\"https:\\\/\\\/www.revistarambla.com\\\/la-filantropia-armada\\\/#primaryimage\"},\"image\":{\"@id\":\"https:\\\/\\\/www.revistarambla.com\\\/la-filantropia-armada\\\/#primaryimage\"},\"thumbnailUrl\":\"https:\\\/\\\/www.revistarambla.com\\\/wp-content\\\/uploads\\\/2020\\\/09\\\/234_Torres_de_la_Caixa_av._Diagonal_621-629_Barcelona-scaled.jpg\",\"datePublished\":\"2026-03-07T18:12:22+00:00\",\"breadcrumb\":{\"@id\":\"https:\\\/\\\/www.revistarambla.com\\\/la-filantropia-armada\\\/#breadcrumb\"},\"inLanguage\":\"en-GB\",\"potentialAction\":[{\"@type\":\"ReadAction\",\"target\":[\"https:\\\/\\\/www.revistarambla.com\\\/la-filantropia-armada\\\/\"]}]},{\"@type\":\"ImageObject\",\"inLanguage\":\"en-GB\",\"@id\":\"https:\\\/\\\/www.revistarambla.com\\\/la-filantropia-armada\\\/#primaryimage\",\"url\":\"https:\\\/\\\/www.revistarambla.com\\\/wp-content\\\/uploads\\\/2020\\\/09\\\/234_Torres_de_la_Caixa_av._Diagonal_621-629_Barcelona-scaled.jpg\",\"contentUrl\":\"https:\\\/\\\/www.revistarambla.com\\\/wp-content\\\/uploads\\\/2020\\\/09\\\/234_Torres_de_la_Caixa_av._Diagonal_621-629_Barcelona-scaled.jpg\",\"width\":2048,\"height\":1536,\"caption\":\"obra social la caixa\"},{\"@type\":\"BreadcrumbList\",\"@id\":\"https:\\\/\\\/www.revistarambla.com\\\/la-filantropia-armada\\\/#breadcrumb\",\"itemListElement\":[{\"@type\":\"ListItem\",\"position\":1,\"name\":\"Portada\",\"item\":\"https:\\\/\\\/www.revistarambla.com\\\/\"},{\"@type\":\"ListItem\",\"position\":2,\"name\":\"La filantrop\u00eda armada\"}]},{\"@type\":\"WebSite\",\"@id\":\"https:\\\/\\\/www.revistarambla.com\\\/#website\",\"url\":\"https:\\\/\\\/www.revistarambla.com\\\/\",\"name\":\"Revista Rambla Barcelona\",\"description\":\"Periodismo independiente\",\"publisher\":{\"@id\":\"https:\\\/\\\/www.revistarambla.com\\\/#organization\"},\"potentialAction\":[{\"@type\":\"SearchAction\",\"target\":{\"@type\":\"EntryPoint\",\"urlTemplate\":\"https:\\\/\\\/www.revistarambla.com\\\/?s={search_term_string}\"},\"query-input\":{\"@type\":\"PropertyValueSpecification\",\"valueRequired\":true,\"valueName\":\"search_term_string\"}}],\"inLanguage\":\"en-GB\"},{\"@type\":\"Organization\",\"@id\":\"https:\\\/\\\/www.revistarambla.com\\\/#organization\",\"name\":\"Revista Rambla\",\"url\":\"https:\\\/\\\/www.revistarambla.com\\\/\",\"logo\":{\"@type\":\"ImageObject\",\"inLanguage\":\"en-GB\",\"@id\":\"https:\\\/\\\/www.revistarambla.com\\\/#\\\/schema\\\/logo\\\/image\\\/\",\"url\":\"https:\\\/\\\/www.revistarambla.com\\\/wp-content\\\/uploads\\\/2020\\\/09\\\/banner_rambla_1900x600_BB.png\",\"contentUrl\":\"https:\\\/\\\/www.revistarambla.com\\\/wp-content\\\/uploads\\\/2020\\\/09\\\/banner_rambla_1900x600_BB.png\",\"width\":1900,\"height\":600,\"caption\":\"Revista Rambla\"},\"image\":{\"@id\":\"https:\\\/\\\/www.revistarambla.com\\\/#\\\/schema\\\/logo\\\/image\\\/\"},\"sameAs\":[\"https:\\\/\\\/www.facebook.com\\\/revistarambla\\\/\",\"https:\\\/\\\/x.com\\\/revistarambla\",\"https:\\\/\\\/www.instagram.com\\\/revista_rambla\",\"https:\\\/\\\/es.linkedin.com\\\/company\\\/revista-rambla\"]},{\"@type\":\"Person\",\"@id\":\"https:\\\/\\\/www.revistarambla.com\\\/#\\\/schema\\\/person\\\/a146a5a2550b94981a75131180e1bd9c\",\"name\":\"R@mbla\",\"description\":\"Este art\u00edculo ha sido redactado y\\\/o validado por el equipo de redacci\u00f3n de Revista Rambla.\",\"sameAs\":[\"https:\\\/\\\/www.revistarambla.com\\\/\",\"https:\\\/\\\/www.facebook.com\\\/revistarambla\",\"https:\\\/\\\/x.com\\\/revistarambla\"]}]}<\/script>\n<!-- \/ Yoast SEO plugin. -->","yoast_head_json":{"title":"La filantrop\u00eda armada - Revista Rambla","robots":{"index":"index","follow":"follow","max-snippet":"max-snippet:-1","max-image-preview":"max-image-preview:large","max-video-preview":"max-video-preview:-1"},"canonical":"https:\/\/www.revistarambla.com\/en\/la-filantropia-armada\/","og_locale":"en_GB","og_type":"article","og_title":"La filantrop\u00eda armada - Revista Rambla","og_description":"Cuando la obra social se cruza con el poder policial","og_url":"https:\/\/www.revistarambla.com\/en\/la-filantropia-armada\/","og_site_name":"Revista Rambla","article_publisher":"https:\/\/www.facebook.com\/revistarambla\/","article_author":"https:\/\/www.facebook.com\/revistarambla","article_published_time":"2026-03-07T18:12:22+00:00","og_image":[{"width":2048,"height":1536,"url":"https:\/\/www.revistarambla.com\/wp-content\/uploads\/2020\/09\/234_Torres_de_la_Caixa_av._Diagonal_621-629_Barcelona-scaled.jpg","type":"image\/jpeg"}],"author":"R@mbla","twitter_card":"summary_large_image","twitter_creator":"@revistarambla","twitter_site":"@revistarambla","twitter_misc":{"Written by":"R@mbla","Estimated reading time":"7 minutes"},"schema":{"@context":"https:\/\/schema.org","@graph":[{"@type":"Article","@id":"https:\/\/www.revistarambla.com\/la-filantropia-armada\/#article","isPartOf":{"@id":"https:\/\/www.revistarambla.com\/la-filantropia-armada\/"},"author":{"name":"R@mbla","@id":"https:\/\/www.revistarambla.com\/#\/schema\/person\/a146a5a2550b94981a75131180e1bd9c"},"headline":"La filantrop\u00eda armada","datePublished":"2026-03-07T18:12:22+00:00","mainEntityOfPage":{"@id":"https:\/\/www.revistarambla.com\/la-filantropia-armada\/"},"wordCount":1531,"publisher":{"@id":"https:\/\/www.revistarambla.com\/#organization"},"image":{"@id":"https:\/\/www.revistarambla.com\/la-filantropia-armada\/#primaryimage"},"thumbnailUrl":"https:\/\/www.revistarambla.com\/wp-content\/uploads\/2020\/09\/234_Torres_de_la_Caixa_av._Diagonal_621-629_Barcelona-scaled.jpg","articleSection":["Catalunya"],"inLanguage":"en-GB"},{"@type":"WebPage","@id":"https:\/\/www.revistarambla.com\/la-filantropia-armada\/","url":"https:\/\/www.revistarambla.com\/la-filantropia-armada\/","name":"La filantrop\u00eda armada - Revista Rambla","isPartOf":{"@id":"https:\/\/www.revistarambla.com\/#website"},"primaryImageOfPage":{"@id":"https:\/\/www.revistarambla.com\/la-filantropia-armada\/#primaryimage"},"image":{"@id":"https:\/\/www.revistarambla.com\/la-filantropia-armada\/#primaryimage"},"thumbnailUrl":"https:\/\/www.revistarambla.com\/wp-content\/uploads\/2020\/09\/234_Torres_de_la_Caixa_av._Diagonal_621-629_Barcelona-scaled.jpg","datePublished":"2026-03-07T18:12:22+00:00","breadcrumb":{"@id":"https:\/\/www.revistarambla.com\/la-filantropia-armada\/#breadcrumb"},"inLanguage":"en-GB","potentialAction":[{"@type":"ReadAction","target":["https:\/\/www.revistarambla.com\/la-filantropia-armada\/"]}]},{"@type":"ImageObject","inLanguage":"en-GB","@id":"https:\/\/www.revistarambla.com\/la-filantropia-armada\/#primaryimage","url":"https:\/\/www.revistarambla.com\/wp-content\/uploads\/2020\/09\/234_Torres_de_la_Caixa_av._Diagonal_621-629_Barcelona-scaled.jpg","contentUrl":"https:\/\/www.revistarambla.com\/wp-content\/uploads\/2020\/09\/234_Torres_de_la_Caixa_av._Diagonal_621-629_Barcelona-scaled.jpg","width":2048,"height":1536,"caption":"obra social la caixa"},{"@type":"BreadcrumbList","@id":"https:\/\/www.revistarambla.com\/la-filantropia-armada\/#breadcrumb","itemListElement":[{"@type":"ListItem","position":1,"name":"Portada","item":"https:\/\/www.revistarambla.com\/"},{"@type":"ListItem","position":2,"name":"La filantrop\u00eda armada"}]},{"@type":"WebSite","@id":"https:\/\/www.revistarambla.com\/#website","url":"https:\/\/www.revistarambla.com\/","name":"Revista Rambla Barcelona","description":"Periodismo independiente","publisher":{"@id":"https:\/\/www.revistarambla.com\/#organization"},"potentialAction":[{"@type":"SearchAction","target":{"@type":"EntryPoint","urlTemplate":"https:\/\/www.revistarambla.com\/?s={search_term_string}"},"query-input":{"@type":"PropertyValueSpecification","valueRequired":true,"valueName":"search_term_string"}}],"inLanguage":"en-GB"},{"@type":"Organization","@id":"https:\/\/www.revistarambla.com\/#organization","name":"Revista Rambla","url":"https:\/\/www.revistarambla.com\/","logo":{"@type":"ImageObject","inLanguage":"en-GB","@id":"https:\/\/www.revistarambla.com\/#\/schema\/logo\/image\/","url":"https:\/\/www.revistarambla.com\/wp-content\/uploads\/2020\/09\/banner_rambla_1900x600_BB.png","contentUrl":"https:\/\/www.revistarambla.com\/wp-content\/uploads\/2020\/09\/banner_rambla_1900x600_BB.png","width":1900,"height":600,"caption":"Revista Rambla"},"image":{"@id":"https:\/\/www.revistarambla.com\/#\/schema\/logo\/image\/"},"sameAs":["https:\/\/www.facebook.com\/revistarambla\/","https:\/\/x.com\/revistarambla","https:\/\/www.instagram.com\/revista_rambla","https:\/\/es.linkedin.com\/company\/revista-rambla"]},{"@type":"Person","@id":"https:\/\/www.revistarambla.com\/#\/schema\/person\/a146a5a2550b94981a75131180e1bd9c","name":"R@mbla","description":"Este art\u00edculo ha sido redactado y\/o validado por el equipo de redacci\u00f3n de Revista Rambla.","sameAs":["https:\/\/www.revistarambla.com\/","https:\/\/www.facebook.com\/revistarambla","https:\/\/x.com\/revistarambla"]}]}},"_links":{"self":[{"href":"https:\/\/www.revistarambla.com\/en\/wp-json\/wp\/v2\/posts\/67881","targetHints":{"allow":["GET"]}}],"collection":[{"href":"https:\/\/www.revistarambla.com\/en\/wp-json\/wp\/v2\/posts"}],"about":[{"href":"https:\/\/www.revistarambla.com\/en\/wp-json\/wp\/v2\/types\/post"}],"author":[{"embeddable":true,"href":"https:\/\/www.revistarambla.com\/en\/wp-json\/wp\/v2\/users\/3"}],"replies":[{"embeddable":true,"href":"https:\/\/www.revistarambla.com\/en\/wp-json\/wp\/v2\/comments?post=67881"}],"version-history":[{"count":1,"href":"https:\/\/www.revistarambla.com\/en\/wp-json\/wp\/v2\/posts\/67881\/revisions"}],"predecessor-version":[{"id":67882,"href":"https:\/\/www.revistarambla.com\/en\/wp-json\/wp\/v2\/posts\/67881\/revisions\/67882"}],"wp:featuredmedia":[{"embeddable":true,"href":"https:\/\/www.revistarambla.com\/en\/wp-json\/wp\/v2\/media\/24460"}],"wp:attachment":[{"href":"https:\/\/www.revistarambla.com\/en\/wp-json\/wp\/v2\/media?parent=67881"}],"wp:term":[{"taxonomy":"category","embeddable":true,"href":"https:\/\/www.revistarambla.com\/en\/wp-json\/wp\/v2\/categories?post=67881"},{"taxonomy":"post_tag","embeddable":true,"href":"https:\/\/www.revistarambla.com\/en\/wp-json\/wp\/v2\/tags?post=67881"}],"curies":[{"name":"wp","href":"https:\/\/api.w.org\/{rel}","templated":true}]}}