{"id":67876,"date":"2026-03-07T19:03:16","date_gmt":"2026-03-07T18:03:16","guid":{"rendered":"https:\/\/www.revistarambla.com\/?p=67876"},"modified":"2026-03-07T19:03:16","modified_gmt":"2026-03-07T18:03:16","slug":"como-la-izquierda-espanola-logro-en-1936-una-alianza-improbable-que-todavia-interpela-a-la-politica-contemporanea","status":"publish","type":"post","link":"https:\/\/www.revistarambla.com\/en\/como-la-izquierda-espanola-logro-en-1936-una-alianza-improbable-que-todavia-interpela-a-la-politica-contemporanea\/","title":{"rendered":"C\u00f3mo la izquierda espa\u00f1ola logr\u00f3 en 1936 una alianza improbable que todav\u00eda interpela a la pol\u00edtica contempor\u00e1nea"},"content":{"rendered":"<p>La historia suele simplificar lo que en su momento fue tremendamente complejo. <!--more-->Con el paso de las d\u00e9cadas, el Frente Popular de 1936 aparece a menudo como una alianza casi inevitable de las izquierdas frente a la reacci\u00f3n conservadora. Pero la realidad fue muy distinta: su construcci\u00f3n fue una operaci\u00f3n pol\u00edtica laboriosa, llena de vetos, desconfianzas y negociaciones \u00e1speras. M\u00e1s que un pacto natural entre fuerzas afines, fue el resultado de una serie de renuncias calculadas y concesiones inc\u00f3modas. Comprender ese proceso es \u00fatil no solo para entender la Segunda Rep\u00fablica, sino tambi\u00e9n para reflexionar sobre los dilemas permanentes de la pol\u00edtica democr\u00e1tica: c\u00f3mo cooperar entre diferentes cuando la alternativa es perderlo todo.<\/p>\n<p>Las elecciones del 16 de febrero de 1936 se decidieron por un margen m\u00ednimo. La izquierda obtuvo alrededor del 47 % de los votos frente al 46 % de las derechas, apenas unos cien mil sufragios de diferencia en todo el pa\u00eds. Sin embargo, el sistema electoral amplific\u00f3 esa victoria y permiti\u00f3 formar gobierno a la coalici\u00f3n progresista. Aquella victoria ajustada fue el resultado de una campa\u00f1a intensamente polarizada y de un pa\u00eds profundamente dividido, pero tambi\u00e9n de una decisi\u00f3n estrat\u00e9gica: concurrir unidos a las urnas. Esa decisi\u00f3n no fue obvia ni sencilla. Lleg\u00f3 tras a\u00f1os de desencuentros entre republicanos, socialistas, comunistas y otros sectores de la izquierda.<\/p>\n<p>El origen de esas tensiones se remonta a los primeros a\u00f1os de la Segunda Rep\u00fablica. Entre 1931 y 1933, la coalici\u00f3n republicano-socialista hab\u00eda impulsado reformas ambiciosas: expansi\u00f3n de la educaci\u00f3n p\u00fablica, legislaci\u00f3n laboral avanzada, intentos de modernizaci\u00f3n del Estado. Pero muchas expectativas quedaron frustradas. La reforma agraria avanz\u00f3 lentamente, la represi\u00f3n de conflictos sociales gener\u00f3 malestar en sectores obreros y campesinos, y el desencanto se extendi\u00f3 entre quienes hab\u00edan visto en la Rep\u00fablica una promesa de transformaci\u00f3n radical. Esa mezcla de logros y frustraciones termin\u00f3 erosionando la alianza original entre republicanos y socialistas.<\/p>\n<p>La ruptura se consum\u00f3 tras las elecciones de 1933, cuando las derechas lograron imponerse. A partir de ese momento, el debate estrat\u00e9gico en la izquierda se volvi\u00f3 intenso. Para algunos dirigentes socialistas, la experiencia de gobernar con republicanos hab\u00eda sido un error que hab\u00eda moderado demasiado sus objetivos. Otros pensaban exactamente lo contrario: que la divisi\u00f3n hab\u00eda permitido el triunfo conservador y que solo una coalici\u00f3n amplia podr\u00eda evitarlo en el futuro. Durante los a\u00f1os siguientes, esas discusiones no solo reflejaban diferencias ideol\u00f3gicas, sino tambi\u00e9n una cuesti\u00f3n de confianza pol\u00edtica. Las heridas de la etapa anterior segu\u00edan abiertas.<\/p>\n<p>El punto de inflexi\u00f3n lleg\u00f3 despu\u00e9s de la represi\u00f3n de la insurrecci\u00f3n de octubre de 1934, especialmente en Asturias. Miles de detenidos, una dura persecuci\u00f3n pol\u00edtica y un clima de confrontaci\u00f3n permanente hicieron evidente que la fragmentaci\u00f3n de la izquierda favorec\u00eda a sus adversarios. La necesidad de un frente com\u00fan comenz\u00f3 a imponerse como una conclusi\u00f3n pragm\u00e1tica. No todos los actores compart\u00edan el mismo horizonte pol\u00edtico, pero s\u00ed una percepci\u00f3n creciente: sin unidad, las posibilidades electorales eran escasas.<\/p>\n<p>A partir de 1935 comenzaron las negociaciones formales para construir una alianza electoral. Fue un proceso tortuoso. Los republicanos tem\u00edan que una presencia excesiva de organizaciones obreras radicalizara el programa. Los socialistas discut\u00edan internamente hasta qu\u00e9 punto deb\u00edan comprometerse con un proyecto republicano. Los comunistas buscaban reconocimiento pol\u00edtico en una coalici\u00f3n que hasta entonces les hab\u00eda mantenido en los m\u00e1rgenes. Y, adem\u00e1s, hab\u00eda innumerables diferencias sobre prioridades program\u00e1ticas, candidaturas y liderazgo.<\/p>\n<p>En ese contexto, la clave del acuerdo fue la moderaci\u00f3n deliberada del programa com\u00fan. El documento que finalmente se present\u00f3 a los electores no propon\u00eda una revoluci\u00f3n social ni transformaciones radicales inmediatas. M\u00e1s bien planteaba medidas relativamente moderadas: restablecer las garant\u00edas constitucionales, impulsar reformas sociales graduales, mejorar las condiciones laborales, ampliar la educaci\u00f3n p\u00fablica y aprobar una amplia amnist\u00eda para los presos pol\u00edticos relacionados con los acontecimientos de 1934. El gobierno, seg\u00fan el acuerdo, estar\u00eda compuesto por republicanos de izquierda, mientras que las organizaciones obreras ofrecer\u00edan apoyo parlamentario.<\/p>\n<p>Este equilibrio fue fundamental para hacer posible el pacto. Cada actor pol\u00edtico pudo presentar el acuerdo a su base como un compromiso razonable. Los republicanos manten\u00edan el liderazgo institucional; los socialistas obten\u00edan la liberaci\u00f3n de los presos y la promesa de reformas sociales; los comunistas acced\u00edan por primera vez a una coalici\u00f3n amplia. En otras palabras, el Frente Popular no fue una s\u00edntesis ideol\u00f3gica, sino una convergencia estrat\u00e9gica.<\/p>\n<p>La l\u00f3gica que permiti\u00f3 ese acuerdo puede resumirse en una idea sencilla pero profunda: la pol\u00edtica de coalici\u00f3n exige abandonar algunas posiciones propias para construir un espacio compartido. En lugar de sumar programas completos, se trata de reducirlos a un m\u00ednimo com\u00fan denominador capaz de movilizar mayor\u00edas. Esa l\u00f3gica, que en su momento fue vista por algunos como una concesi\u00f3n excesiva, result\u00f3 ser la \u00fanica v\u00eda viable para competir electoralmente con una derecha cada vez m\u00e1s cohesionada.<\/p>\n<p>Conviene recordar que la uni\u00f3n de la izquierda no se produjo en el vac\u00edo. El contexto europeo estaba marcado por el ascenso del fascismo y por la fragilidad de las democracias liberales. En varios pa\u00edses surgieron alianzas similares, como el Frente Popular franc\u00e9s, que intentaban contener ese avance mediante coaliciones amplias de fuerzas progresistas. La experiencia espa\u00f1ola se inscrib\u00eda en esa din\u00e1mica continental: un intento de defender el sistema democr\u00e1tico frente a corrientes autoritarias en expansi\u00f3n.<\/p>\n<p>Sin embargo, incluso despu\u00e9s de firmarse el pacto, las tensiones no desaparecieron. Las negociaciones para elaborar las listas electorales fueron intensas, y las discrepancias sobre la estrategia pol\u00edtica persistieron. La alianza era, en muchos sentidos, una estructura fr\u00e1gil sostenida por un objetivo com\u00fan inmediato: ganar las elecciones y revertir el rumbo pol\u00edtico del pa\u00eds.<\/p>\n<p>La victoria de febrero de 1936 confirm\u00f3 que la estrategia hab\u00eda funcionado electoralmente. Pero tambi\u00e9n puso de manifiesto las limitaciones del acuerdo. La coalici\u00f3n gobernante deb\u00eda gestionar expectativas sociales muy elevadas en un contexto de enorme polarizaci\u00f3n. Las reformas prometidas, las movilizaciones sociales y la reacci\u00f3n de las derechas generaron una din\u00e1mica pol\u00edtica cada vez m\u00e1s tensa. En paralelo, sectores del ej\u00e9rcito comenzaron a preparar una conspiraci\u00f3n que desembocar\u00eda en el golpe de Estado de julio de ese mismo a\u00f1o y en el inicio de la Guerra Civil.<\/p>\n<p>Mirado con perspectiva hist\u00f3rica, el Frente Popular representa una paradoja. Por un lado, fue un ejemplo de cooperaci\u00f3n pol\u00edtica entre fuerzas muy diferentes, capaces de superar vetos y rivalidades para construir una mayor\u00eda electoral. Por otro, su breve existencia estuvo marcada por la intensidad de los conflictos que atravesaban la sociedad espa\u00f1ola. Fue al mismo tiempo una muestra de pragmatismo democr\u00e1tico y el preludio de una tragedia nacional.<\/p>\n<p>Sin embargo, reducir su significado a ese desenlace ser\u00eda injusto. El proceso de negociaci\u00f3n que permiti\u00f3 su nacimiento muestra hasta qu\u00e9 punto la pol\u00edtica democr\u00e1tica depende de la capacidad de pactar. Ninguna de las organizaciones implicadas consigui\u00f3 todo lo que quer\u00eda. Todas tuvieron que aceptar compromisos inc\u00f3modos. Pero precisamente en esa renuncia parcial resid\u00eda la fuerza del acuerdo.<\/p>\n<p>Hoy, cuando los debates pol\u00edticos vuelven a girar en torno a coaliciones, vetos cruzados y alianzas dif\u00edciles, la experiencia de 1936 ofrece una lecci\u00f3n valiosa. La pol\u00edtica no consiste en encontrar socios perfectos, sino en identificar objetivos comunes suficientemente importantes como para justificar un acuerdo. En ocasiones, la alternativa a pactar no es mantener la pureza ideol\u00f3gica, sino perder la capacidad de influir en el rumbo de los acontecimientos.<\/p>\n<p>Quiz\u00e1 por eso la historia del Frente Popular sigue resonando en el presente. Nos recuerda que las alianzas pol\u00edticas no nacen de la afinidad absoluta, sino de la necesidad compartida. Y que, cuando las circunstancias lo exigen, la verdadera habilidad pol\u00edtica consiste en saber qu\u00e9 principios defender y qu\u00e9 diferencias dejar, al menos temporalmente, en segundo plano.<\/p>\n<p>La democracia, en definitiva, es el arte de convivir con la incomodidad del acuerdo. Y pocas experiencias hist\u00f3ricas ilustran mejor esa verdad que el tortuoso, improbable y decisivo nacimiento del Frente Popular en 1936.<\/p>","protected":false},"excerpt":{"rendered":"<p>El dif\u00edcil arte de ponerse de acuerdo<\/p>","protected":false},"author":3,"featured_media":67877,"comment_status":"closed","ping_status":"closed","sticky":false,"template":"","format":"standard","meta":{"footnotes":""},"categories":[562],"tags":[],"class_list":["post-67876","post","type-post","status-publish","format-standard","has-post-thumbnail","hentry","category-historia"],"yoast_head":"<!-- This site is optimized with the Yoast SEO plugin v27.5 - https:\/\/yoast.com\/product\/yoast-seo-wordpress\/ -->\n<title>C\u00f3mo la izquierda espa\u00f1ola logr\u00f3 en 1936 una alianza improbable que todav\u00eda interpela a la pol\u00edtica contempor\u00e1nea - Revista Rambla<\/title>\n<meta name=\"robots\" content=\"index, follow, max-snippet:-1, max-image-preview:large, max-video-preview:-1\" \/>\n<link rel=\"canonical\" href=\"https:\/\/www.revistarambla.com\/en\/como-la-izquierda-espanola-logro-en-1936-una-alianza-improbable-que-todavia-interpela-a-la-politica-contemporanea\/\" \/>\n<meta property=\"og:locale\" content=\"en_GB\" \/>\n<meta property=\"og:type\" content=\"article\" \/>\n<meta property=\"og:title\" content=\"C\u00f3mo la izquierda espa\u00f1ola logr\u00f3 en 1936 una alianza improbable que todav\u00eda interpela a la pol\u00edtica contempor\u00e1nea - Revista Rambla\" \/>\n<meta property=\"og:description\" content=\"El dif\u00edcil arte de ponerse de acuerdo\" \/>\n<meta property=\"og:url\" content=\"https:\/\/www.revistarambla.com\/en\/como-la-izquierda-espanola-logro-en-1936-una-alianza-improbable-que-todavia-interpela-a-la-politica-contemporanea\/\" \/>\n<meta property=\"og:site_name\" content=\"Revista Rambla\" \/>\n<meta property=\"article:publisher\" content=\"https:\/\/www.facebook.com\/revistarambla\/\" \/>\n<meta property=\"article:author\" content=\"https:\/\/www.facebook.com\/revistarambla\" \/>\n<meta property=\"article:published_time\" content=\"2026-03-07T18:03:16+00:00\" \/>\n<meta property=\"og:image\" content=\"https:\/\/www.revistarambla.com\/wp-content\/uploads\/2026\/03\/images_cms-image-000038966.jpg\" \/>\n\t<meta property=\"og:image:width\" content=\"783\" \/>\n\t<meta property=\"og:image:height\" content=\"540\" \/>\n\t<meta property=\"og:image:type\" content=\"image\/jpeg\" \/>\n<meta name=\"author\" content=\"R@mbla\" \/>\n<meta name=\"twitter:card\" content=\"summary_large_image\" \/>\n<meta name=\"twitter:creator\" content=\"@revistarambla\" \/>\n<meta name=\"twitter:site\" content=\"@revistarambla\" \/>\n<meta name=\"twitter:label1\" content=\"Written by\" \/>\n\t<meta name=\"twitter:data1\" content=\"R@mbla\" \/>\n\t<meta name=\"twitter:label2\" content=\"Estimated reading time\" \/>\n\t<meta name=\"twitter:data2\" content=\"7 minutes\" \/>\n<script type=\"application\/ld+json\" class=\"yoast-schema-graph\">{\"@context\":\"https:\\\/\\\/schema.org\",\"@graph\":[{\"@type\":\"Article\",\"@id\":\"https:\\\/\\\/www.revistarambla.com\\\/como-la-izquierda-espanola-logro-en-1936-una-alianza-improbable-que-todavia-interpela-a-la-politica-contemporanea\\\/#article\",\"isPartOf\":{\"@id\":\"https:\\\/\\\/www.revistarambla.com\\\/como-la-izquierda-espanola-logro-en-1936-una-alianza-improbable-que-todavia-interpela-a-la-politica-contemporanea\\\/\"},\"author\":{\"name\":\"R@mbla\",\"@id\":\"https:\\\/\\\/www.revistarambla.com\\\/#\\\/schema\\\/person\\\/a146a5a2550b94981a75131180e1bd9c\"},\"headline\":\"C\u00f3mo la izquierda espa\u00f1ola logr\u00f3 en 1936 una alianza improbable que todav\u00eda interpela a la pol\u00edtica contempor\u00e1nea\",\"datePublished\":\"2026-03-07T18:03:16+00:00\",\"mainEntityOfPage\":{\"@id\":\"https:\\\/\\\/www.revistarambla.com\\\/como-la-izquierda-espanola-logro-en-1936-una-alianza-improbable-que-todavia-interpela-a-la-politica-contemporanea\\\/\"},\"wordCount\":1457,\"publisher\":{\"@id\":\"https:\\\/\\\/www.revistarambla.com\\\/#organization\"},\"image\":{\"@id\":\"https:\\\/\\\/www.revistarambla.com\\\/como-la-izquierda-espanola-logro-en-1936-una-alianza-improbable-que-todavia-interpela-a-la-politica-contemporanea\\\/#primaryimage\"},\"thumbnailUrl\":\"https:\\\/\\\/www.revistarambla.com\\\/wp-content\\\/uploads\\\/2026\\\/03\\\/images_cms-image-000038966.jpg\",\"articleSection\":[\"Historia\"],\"inLanguage\":\"en-GB\"},{\"@type\":\"WebPage\",\"@id\":\"https:\\\/\\\/www.revistarambla.com\\\/como-la-izquierda-espanola-logro-en-1936-una-alianza-improbable-que-todavia-interpela-a-la-politica-contemporanea\\\/\",\"url\":\"https:\\\/\\\/www.revistarambla.com\\\/como-la-izquierda-espanola-logro-en-1936-una-alianza-improbable-que-todavia-interpela-a-la-politica-contemporanea\\\/\",\"name\":\"C\u00f3mo la izquierda espa\u00f1ola logr\u00f3 en 1936 una alianza improbable que todav\u00eda interpela a la pol\u00edtica contempor\u00e1nea - Revista Rambla\",\"isPartOf\":{\"@id\":\"https:\\\/\\\/www.revistarambla.com\\\/#website\"},\"primaryImageOfPage\":{\"@id\":\"https:\\\/\\\/www.revistarambla.com\\\/como-la-izquierda-espanola-logro-en-1936-una-alianza-improbable-que-todavia-interpela-a-la-politica-contemporanea\\\/#primaryimage\"},\"image\":{\"@id\":\"https:\\\/\\\/www.revistarambla.com\\\/como-la-izquierda-espanola-logro-en-1936-una-alianza-improbable-que-todavia-interpela-a-la-politica-contemporanea\\\/#primaryimage\"},\"thumbnailUrl\":\"https:\\\/\\\/www.revistarambla.com\\\/wp-content\\\/uploads\\\/2026\\\/03\\\/images_cms-image-000038966.jpg\",\"datePublished\":\"2026-03-07T18:03:16+00:00\",\"breadcrumb\":{\"@id\":\"https:\\\/\\\/www.revistarambla.com\\\/como-la-izquierda-espanola-logro-en-1936-una-alianza-improbable-que-todavia-interpela-a-la-politica-contemporanea\\\/#breadcrumb\"},\"inLanguage\":\"en-GB\",\"potentialAction\":[{\"@type\":\"ReadAction\",\"target\":[\"https:\\\/\\\/www.revistarambla.com\\\/como-la-izquierda-espanola-logro-en-1936-una-alianza-improbable-que-todavia-interpela-a-la-politica-contemporanea\\\/\"]}]},{\"@type\":\"ImageObject\",\"inLanguage\":\"en-GB\",\"@id\":\"https:\\\/\\\/www.revistarambla.com\\\/como-la-izquierda-espanola-logro-en-1936-una-alianza-improbable-que-todavia-interpela-a-la-politica-contemporanea\\\/#primaryimage\",\"url\":\"https:\\\/\\\/www.revistarambla.com\\\/wp-content\\\/uploads\\\/2026\\\/03\\\/images_cms-image-000038966.jpg\",\"contentUrl\":\"https:\\\/\\\/www.revistarambla.com\\\/wp-content\\\/uploads\\\/2026\\\/03\\\/images_cms-image-000038966.jpg\",\"width\":783,\"height\":540,\"caption\":\"Frente Popular 1936\"},{\"@type\":\"BreadcrumbList\",\"@id\":\"https:\\\/\\\/www.revistarambla.com\\\/como-la-izquierda-espanola-logro-en-1936-una-alianza-improbable-que-todavia-interpela-a-la-politica-contemporanea\\\/#breadcrumb\",\"itemListElement\":[{\"@type\":\"ListItem\",\"position\":1,\"name\":\"Portada\",\"item\":\"https:\\\/\\\/www.revistarambla.com\\\/\"},{\"@type\":\"ListItem\",\"position\":2,\"name\":\"C\u00f3mo la izquierda espa\u00f1ola logr\u00f3 en 1936 una alianza improbable que todav\u00eda interpela a la pol\u00edtica contempor\u00e1nea\"}]},{\"@type\":\"WebSite\",\"@id\":\"https:\\\/\\\/www.revistarambla.com\\\/#website\",\"url\":\"https:\\\/\\\/www.revistarambla.com\\\/\",\"name\":\"Revista Rambla Barcelona\",\"description\":\"Periodismo independiente\",\"publisher\":{\"@id\":\"https:\\\/\\\/www.revistarambla.com\\\/#organization\"},\"potentialAction\":[{\"@type\":\"SearchAction\",\"target\":{\"@type\":\"EntryPoint\",\"urlTemplate\":\"https:\\\/\\\/www.revistarambla.com\\\/?s={search_term_string}\"},\"query-input\":{\"@type\":\"PropertyValueSpecification\",\"valueRequired\":true,\"valueName\":\"search_term_string\"}}],\"inLanguage\":\"en-GB\"},{\"@type\":\"Organization\",\"@id\":\"https:\\\/\\\/www.revistarambla.com\\\/#organization\",\"name\":\"Revista Rambla\",\"url\":\"https:\\\/\\\/www.revistarambla.com\\\/\",\"logo\":{\"@type\":\"ImageObject\",\"inLanguage\":\"en-GB\",\"@id\":\"https:\\\/\\\/www.revistarambla.com\\\/#\\\/schema\\\/logo\\\/image\\\/\",\"url\":\"https:\\\/\\\/www.revistarambla.com\\\/wp-content\\\/uploads\\\/2020\\\/09\\\/banner_rambla_1900x600_BB.png\",\"contentUrl\":\"https:\\\/\\\/www.revistarambla.com\\\/wp-content\\\/uploads\\\/2020\\\/09\\\/banner_rambla_1900x600_BB.png\",\"width\":1900,\"height\":600,\"caption\":\"Revista Rambla\"},\"image\":{\"@id\":\"https:\\\/\\\/www.revistarambla.com\\\/#\\\/schema\\\/logo\\\/image\\\/\"},\"sameAs\":[\"https:\\\/\\\/www.facebook.com\\\/revistarambla\\\/\",\"https:\\\/\\\/x.com\\\/revistarambla\",\"https:\\\/\\\/www.instagram.com\\\/revista_rambla\",\"https:\\\/\\\/es.linkedin.com\\\/company\\\/revista-rambla\"]},{\"@type\":\"Person\",\"@id\":\"https:\\\/\\\/www.revistarambla.com\\\/#\\\/schema\\\/person\\\/a146a5a2550b94981a75131180e1bd9c\",\"name\":\"R@mbla\",\"description\":\"Este art\u00edculo ha sido redactado y\\\/o validado por el equipo de redacci\u00f3n de Revista Rambla.\",\"sameAs\":[\"https:\\\/\\\/www.revistarambla.com\\\/\",\"https:\\\/\\\/www.facebook.com\\\/revistarambla\",\"https:\\\/\\\/x.com\\\/revistarambla\"]}]}<\/script>\n<!-- \/ Yoast SEO plugin. -->","yoast_head_json":{"title":"C\u00f3mo la izquierda espa\u00f1ola logr\u00f3 en 1936 una alianza improbable que todav\u00eda interpela a la pol\u00edtica contempor\u00e1nea - Revista Rambla","robots":{"index":"index","follow":"follow","max-snippet":"max-snippet:-1","max-image-preview":"max-image-preview:large","max-video-preview":"max-video-preview:-1"},"canonical":"https:\/\/www.revistarambla.com\/en\/como-la-izquierda-espanola-logro-en-1936-una-alianza-improbable-que-todavia-interpela-a-la-politica-contemporanea\/","og_locale":"en_GB","og_type":"article","og_title":"C\u00f3mo la izquierda espa\u00f1ola logr\u00f3 en 1936 una alianza improbable que todav\u00eda interpela a la pol\u00edtica contempor\u00e1nea - Revista Rambla","og_description":"El dif\u00edcil arte de ponerse de acuerdo","og_url":"https:\/\/www.revistarambla.com\/en\/como-la-izquierda-espanola-logro-en-1936-una-alianza-improbable-que-todavia-interpela-a-la-politica-contemporanea\/","og_site_name":"Revista Rambla","article_publisher":"https:\/\/www.facebook.com\/revistarambla\/","article_author":"https:\/\/www.facebook.com\/revistarambla","article_published_time":"2026-03-07T18:03:16+00:00","og_image":[{"width":783,"height":540,"url":"https:\/\/www.revistarambla.com\/wp-content\/uploads\/2026\/03\/images_cms-image-000038966.jpg","type":"image\/jpeg"}],"author":"R@mbla","twitter_card":"summary_large_image","twitter_creator":"@revistarambla","twitter_site":"@revistarambla","twitter_misc":{"Written by":"R@mbla","Estimated reading time":"7 minutes"},"schema":{"@context":"https:\/\/schema.org","@graph":[{"@type":"Article","@id":"https:\/\/www.revistarambla.com\/como-la-izquierda-espanola-logro-en-1936-una-alianza-improbable-que-todavia-interpela-a-la-politica-contemporanea\/#article","isPartOf":{"@id":"https:\/\/www.revistarambla.com\/como-la-izquierda-espanola-logro-en-1936-una-alianza-improbable-que-todavia-interpela-a-la-politica-contemporanea\/"},"author":{"name":"R@mbla","@id":"https:\/\/www.revistarambla.com\/#\/schema\/person\/a146a5a2550b94981a75131180e1bd9c"},"headline":"C\u00f3mo la izquierda espa\u00f1ola logr\u00f3 en 1936 una alianza improbable que todav\u00eda interpela a la pol\u00edtica contempor\u00e1nea","datePublished":"2026-03-07T18:03:16+00:00","mainEntityOfPage":{"@id":"https:\/\/www.revistarambla.com\/como-la-izquierda-espanola-logro-en-1936-una-alianza-improbable-que-todavia-interpela-a-la-politica-contemporanea\/"},"wordCount":1457,"publisher":{"@id":"https:\/\/www.revistarambla.com\/#organization"},"image":{"@id":"https:\/\/www.revistarambla.com\/como-la-izquierda-espanola-logro-en-1936-una-alianza-improbable-que-todavia-interpela-a-la-politica-contemporanea\/#primaryimage"},"thumbnailUrl":"https:\/\/www.revistarambla.com\/wp-content\/uploads\/2026\/03\/images_cms-image-000038966.jpg","articleSection":["Historia"],"inLanguage":"en-GB"},{"@type":"WebPage","@id":"https:\/\/www.revistarambla.com\/como-la-izquierda-espanola-logro-en-1936-una-alianza-improbable-que-todavia-interpela-a-la-politica-contemporanea\/","url":"https:\/\/www.revistarambla.com\/como-la-izquierda-espanola-logro-en-1936-una-alianza-improbable-que-todavia-interpela-a-la-politica-contemporanea\/","name":"C\u00f3mo la izquierda espa\u00f1ola logr\u00f3 en 1936 una alianza improbable que todav\u00eda interpela a la pol\u00edtica contempor\u00e1nea - Revista Rambla","isPartOf":{"@id":"https:\/\/www.revistarambla.com\/#website"},"primaryImageOfPage":{"@id":"https:\/\/www.revistarambla.com\/como-la-izquierda-espanola-logro-en-1936-una-alianza-improbable-que-todavia-interpela-a-la-politica-contemporanea\/#primaryimage"},"image":{"@id":"https:\/\/www.revistarambla.com\/como-la-izquierda-espanola-logro-en-1936-una-alianza-improbable-que-todavia-interpela-a-la-politica-contemporanea\/#primaryimage"},"thumbnailUrl":"https:\/\/www.revistarambla.com\/wp-content\/uploads\/2026\/03\/images_cms-image-000038966.jpg","datePublished":"2026-03-07T18:03:16+00:00","breadcrumb":{"@id":"https:\/\/www.revistarambla.com\/como-la-izquierda-espanola-logro-en-1936-una-alianza-improbable-que-todavia-interpela-a-la-politica-contemporanea\/#breadcrumb"},"inLanguage":"en-GB","potentialAction":[{"@type":"ReadAction","target":["https:\/\/www.revistarambla.com\/como-la-izquierda-espanola-logro-en-1936-una-alianza-improbable-que-todavia-interpela-a-la-politica-contemporanea\/"]}]},{"@type":"ImageObject","inLanguage":"en-GB","@id":"https:\/\/www.revistarambla.com\/como-la-izquierda-espanola-logro-en-1936-una-alianza-improbable-que-todavia-interpela-a-la-politica-contemporanea\/#primaryimage","url":"https:\/\/www.revistarambla.com\/wp-content\/uploads\/2026\/03\/images_cms-image-000038966.jpg","contentUrl":"https:\/\/www.revistarambla.com\/wp-content\/uploads\/2026\/03\/images_cms-image-000038966.jpg","width":783,"height":540,"caption":"Frente Popular 1936"},{"@type":"BreadcrumbList","@id":"https:\/\/www.revistarambla.com\/como-la-izquierda-espanola-logro-en-1936-una-alianza-improbable-que-todavia-interpela-a-la-politica-contemporanea\/#breadcrumb","itemListElement":[{"@type":"ListItem","position":1,"name":"Portada","item":"https:\/\/www.revistarambla.com\/"},{"@type":"ListItem","position":2,"name":"C\u00f3mo la izquierda espa\u00f1ola logr\u00f3 en 1936 una alianza improbable que todav\u00eda interpela a la pol\u00edtica contempor\u00e1nea"}]},{"@type":"WebSite","@id":"https:\/\/www.revistarambla.com\/#website","url":"https:\/\/www.revistarambla.com\/","name":"Revista Rambla Barcelona","description":"Periodismo independiente","publisher":{"@id":"https:\/\/www.revistarambla.com\/#organization"},"potentialAction":[{"@type":"SearchAction","target":{"@type":"EntryPoint","urlTemplate":"https:\/\/www.revistarambla.com\/?s={search_term_string}"},"query-input":{"@type":"PropertyValueSpecification","valueRequired":true,"valueName":"search_term_string"}}],"inLanguage":"en-GB"},{"@type":"Organization","@id":"https:\/\/www.revistarambla.com\/#organization","name":"Revista Rambla","url":"https:\/\/www.revistarambla.com\/","logo":{"@type":"ImageObject","inLanguage":"en-GB","@id":"https:\/\/www.revistarambla.com\/#\/schema\/logo\/image\/","url":"https:\/\/www.revistarambla.com\/wp-content\/uploads\/2020\/09\/banner_rambla_1900x600_BB.png","contentUrl":"https:\/\/www.revistarambla.com\/wp-content\/uploads\/2020\/09\/banner_rambla_1900x600_BB.png","width":1900,"height":600,"caption":"Revista Rambla"},"image":{"@id":"https:\/\/www.revistarambla.com\/#\/schema\/logo\/image\/"},"sameAs":["https:\/\/www.facebook.com\/revistarambla\/","https:\/\/x.com\/revistarambla","https:\/\/www.instagram.com\/revista_rambla","https:\/\/es.linkedin.com\/company\/revista-rambla"]},{"@type":"Person","@id":"https:\/\/www.revistarambla.com\/#\/schema\/person\/a146a5a2550b94981a75131180e1bd9c","name":"R@mbla","description":"Este art\u00edculo ha sido redactado y\/o validado por el equipo de redacci\u00f3n de Revista Rambla.","sameAs":["https:\/\/www.revistarambla.com\/","https:\/\/www.facebook.com\/revistarambla","https:\/\/x.com\/revistarambla"]}]}},"_links":{"self":[{"href":"https:\/\/www.revistarambla.com\/en\/wp-json\/wp\/v2\/posts\/67876","targetHints":{"allow":["GET"]}}],"collection":[{"href":"https:\/\/www.revistarambla.com\/en\/wp-json\/wp\/v2\/posts"}],"about":[{"href":"https:\/\/www.revistarambla.com\/en\/wp-json\/wp\/v2\/types\/post"}],"author":[{"embeddable":true,"href":"https:\/\/www.revistarambla.com\/en\/wp-json\/wp\/v2\/users\/3"}],"replies":[{"embeddable":true,"href":"https:\/\/www.revistarambla.com\/en\/wp-json\/wp\/v2\/comments?post=67876"}],"version-history":[{"count":1,"href":"https:\/\/www.revistarambla.com\/en\/wp-json\/wp\/v2\/posts\/67876\/revisions"}],"predecessor-version":[{"id":67878,"href":"https:\/\/www.revistarambla.com\/en\/wp-json\/wp\/v2\/posts\/67876\/revisions\/67878"}],"wp:featuredmedia":[{"embeddable":true,"href":"https:\/\/www.revistarambla.com\/en\/wp-json\/wp\/v2\/media\/67877"}],"wp:attachment":[{"href":"https:\/\/www.revistarambla.com\/en\/wp-json\/wp\/v2\/media?parent=67876"}],"wp:term":[{"taxonomy":"category","embeddable":true,"href":"https:\/\/www.revistarambla.com\/en\/wp-json\/wp\/v2\/categories?post=67876"},{"taxonomy":"post_tag","embeddable":true,"href":"https:\/\/www.revistarambla.com\/en\/wp-json\/wp\/v2\/tags?post=67876"}],"curies":[{"name":"wp","href":"https:\/\/api.w.org\/{rel}","templated":true}]}}