{"id":67871,"date":"2026-03-07T18:37:33","date_gmt":"2026-03-07T17:37:33","guid":{"rendered":"https:\/\/www.revistarambla.com\/?p=67871"},"modified":"2026-03-07T18:37:33","modified_gmt":"2026-03-07T17:37:33","slug":"no-a-la-guerra-la-ambiguedad-estrategica-de-espana-ante-la-guerra-de-iran","status":"publish","type":"post","link":"https:\/\/www.revistarambla.com\/en\/no-a-la-guerra-la-ambiguedad-estrategica-de-espana-ante-la-guerra-de-iran\/","title":{"rendered":"\u00bfNo a la guerra? La ambig\u00fcedad estrat\u00e9gica de Espa\u00f1a ante la guerra de Ir\u00e1n"},"content":{"rendered":"<p>La pol\u00edtica internacional rara vez se mueve en el terreno de la pureza moral. <!--more-->M\u00e1s bien habita una zona gris en la que los principios se mezclan con intereses estrat\u00e9gicos, compromisos militares y equilibrios diplom\u00e1ticos. En ese territorio ambiguo se encuentra hoy Espa\u00f1a ante la escalada b\u00e9lica entre Estados Unidos, Israel e Ir\u00e1n. El Gobierno de Pedro S\u00e1nchez ha proclamado p\u00fablicamente su rechazo a la guerra, apelando al lema que marc\u00f3 a una generaci\u00f3n pol\u00edtica espa\u00f1ola desde 2003: \u201cNo a la guerra\u201d. Sin embargo, cuando se examinan con detenimiento las decisiones concretas del Ejecutivo, surge una pregunta inc\u00f3moda: \u00bfpuede un pa\u00eds oponerse realmente a un conflicto mientras mantiene intactos los engranajes que lo hacen posible?<\/p>\n<p>El debate ha cobrado fuerza a ra\u00edz de la ofensiva lanzada por Estados Unidos e Israel contra Ir\u00e1n, una operaci\u00f3n que ha intensificado la tensi\u00f3n en todo Oriente Pr\u00f3ximo y ha desencadenado represalias iran\u00edes en la regi\u00f3n. Los bombardeos han alcanzado objetivos militares y estrat\u00e9gicos dentro del territorio iran\u00ed, mientras Teher\u00e1n ha respondido con misiles y drones contra intereses estadounidenses y aliados en varios pa\u00edses del Golfo. El resultado es una espiral de violencia que amenaza con desestabilizar uno de los centros neur\u00e1lgicos del sistema energ\u00e9tico mundial.<\/p>\n<p>En este contexto, el Gobierno espa\u00f1ol ha tratado de proyectar una imagen clara: Espa\u00f1a no apoya la guerra. Pedro S\u00e1nchez ha reiterado que el conflicto constituye \u201cun error\u201d y ha insistido en la necesidad de una desescalada diplom\u00e1tica. El Ejecutivo incluso se ha negado a autorizar el uso de ciertas bases militares espa\u00f1olas para operaciones estadounidenses, en un gesto interpretado por algunos analistas como una muestra de autonom\u00eda estrat\u00e9gica dentro de la alianza atl\u00e1ntica.<\/p>\n<p>Pero la pol\u00edtica exterior no se mide \u00fanicamente por declaraciones. Tambi\u00e9n se define por la infraestructura militar disponible, los acuerdos estrat\u00e9gicos en vigor y las operaciones que contin\u00faan desarroll\u00e1ndose bajo el paraguas de alianzas internacionales. Y ah\u00ed es donde emergen las contradicciones.<\/p>\n<p>Seg\u00fan el an\u00e1lisis publicado en el medio <em>Diario Red<\/em>, el discurso gubernamental convive con una realidad mucho m\u00e1s compleja: Espa\u00f1a sigue proporcionando apoyo indirecto a la arquitectura militar occidental que sustenta la ofensiva contra Ir\u00e1n. Ese apoyo no se expresa necesariamente en la participaci\u00f3n directa en los bombardeos, sino en la continuidad de una red log\u00edstica y estrat\u00e9gica que facilita la proyecci\u00f3n militar de Estados Unidos y sus aliados.<\/p>\n<p>La clave de esta paradoja reside en la estructura de cooperaci\u00f3n militar que Espa\u00f1a mantiene desde hace d\u00e9cadas con Washington. Las bases de Rota y Mor\u00f3n, por ejemplo, forman parte de un sistema estrat\u00e9gico que permite el despliegue r\u00e1pido de fuerzas estadounidenses en m\u00faltiples escenarios internacionales. Aunque el Gobierno espa\u00f1ol pueda restringir determinadas operaciones concretas, la infraestructura en s\u00ed misma sigue siendo un componente esencial del dispositivo militar occidental.<\/p>\n<p>Esto plantea un dilema fundamental: \u00bfhasta qu\u00e9 punto un pa\u00eds puede desmarcarse de una guerra cuando forma parte de una alianza militar dise\u00f1ada precisamente para responder a conflictos de ese tipo?<\/p>\n<p>La historia reciente ofrece precedentes reveladores. Durante la invasi\u00f3n de Irak en 2003, el Gobierno de Jos\u00e9 Mar\u00eda Aznar se aline\u00f3 abiertamente con Washington, generando una movilizaci\u00f3n social masiva en Espa\u00f1a bajo el lema \u201cNo a la guerra\u201d. Aquella crisis dej\u00f3 una huella profunda en la cultura pol\u00edtica del pa\u00eds. Desde entonces, cualquier conflicto internacional que implique a Estados Unidos despierta inevitablemente el recuerdo de aquella fractura entre gobierno y ciudadan\u00eda.<\/p>\n<p>Pedro S\u00e1nchez parece ser muy consciente de ese legado. Su estrategia comunicativa ha buscado situarse simb\u00f3licamente en el lado opuesto de la intervenci\u00f3n militar. Al evocar el esp\u00edritu de 2003, el presidente intenta conectar con una memoria colectiva en la que el rechazo a la guerra se convirti\u00f3 en un elemento identitario de la izquierda espa\u00f1ola.<\/p>\n<p>Sin embargo, el contexto geopol\u00edtico actual es radicalmente distinto. Espa\u00f1a ya no es simplemente un aliado pol\u00edtico de Estados Unidos; es tambi\u00e9n un nodo estrat\u00e9gico dentro de la arquitectura militar de la OTAN. Eso limita considerablemente el margen de maniobra de cualquier gobierno que pretenda adoptar una posici\u00f3n completamente neutral.<\/p>\n<p>La cuesti\u00f3n no es solo jur\u00eddica o militar, sino tambi\u00e9n econ\u00f3mica y diplom\u00e1tica. Espa\u00f1a depende en gran medida de sus relaciones con la Uni\u00f3n Europea y con Estados Unidos para garantizar estabilidad comercial, seguridad energ\u00e9tica y cooperaci\u00f3n tecnol\u00f3gica. En un mundo cada vez m\u00e1s fragmentado, romper esos v\u00ednculos tendr\u00eda consecuencias dif\u00edciles de asumir para cualquier pa\u00eds de tama\u00f1o medio.<\/p>\n<p>Por eso algunos analistas interpretan la posici\u00f3n de S\u00e1nchez como un ejercicio de equilibrio pol\u00edtico m\u00e1s que como una ruptura real con la estrategia occidental. El Gobierno intenta preservar la alianza con Estados Unidos mientras proyecta hacia el electorado nacional una imagen de autonom\u00eda y rechazo a la guerra.<\/p>\n<p>Ese equilibrio, sin embargo, es fr\u00e1gil. La oposici\u00f3n conservadora ha criticado la postura del Ejecutivo, acus\u00e1ndolo de incoherencia y de debilitar la relaci\u00f3n con Washington en un momento de tensi\u00f3n internacional. Desde el Gobierno, en cambio, se argumenta que oponerse a la guerra no implica apoyar al r\u00e9gimen iran\u00ed ni romper con los aliados, sino defender el derecho internacional y evitar una escalada que podr\u00eda tener consecuencias devastadoras para la econom\u00eda global.<\/p>\n<p>La econom\u00eda es, de hecho, uno de los factores m\u00e1s determinantes en esta crisis. Un conflicto prolongado en Oriente Pr\u00f3ximo amenaza con disparar los precios del petr\u00f3leo y del gas, afectando directamente a las econom\u00edas europeas. Espa\u00f1a, aunque menos dependiente que otros pa\u00edses de la energ\u00eda rusa tras la guerra de Ucrania, sigue siendo vulnerable a las turbulencias del mercado energ\u00e9tico mundial.<\/p>\n<p>En este sentido, el rechazo oficial a la guerra puede interpretarse tambi\u00e9n como una forma de anticiparse a los costes econ\u00f3micos del conflicto. Un aumento sostenido del precio de la energ\u00eda tendr\u00eda efectos inmediatos en la inflaci\u00f3n, en el coste del transporte y en la competitividad industrial europea.<\/p>\n<p>Pero m\u00e1s all\u00e1 de la coyuntura econ\u00f3mica, el debate revela algo m\u00e1s profundo: la dificultad de Europa para definir una pol\u00edtica exterior verdaderamente aut\u00f3noma.<\/p>\n<p>Durante d\u00e9cadas, el continente ha vivido bajo el paraguas estrat\u00e9gico de Estados Unidos. Esa relaci\u00f3n proporcion\u00f3 estabilidad durante la Guerra Fr\u00eda y en el periodo posterior al colapso sovi\u00e9tico. Sin embargo, el nuevo contexto internacional \u2014marcado por la rivalidad entre grandes potencias y la multiplicaci\u00f3n de conflictos regionales\u2014 est\u00e1 obligando a los pa\u00edses europeos a replantear su papel en el mundo.<\/p>\n<p>Espa\u00f1a se encuentra en una posici\u00f3n particularmente interesante dentro de ese debate. Geogr\u00e1ficamente situada entre el Atl\u00e1ntico, el Mediterr\u00e1neo y \u00c1frica, el pa\u00eds es una pieza clave en las rutas militares y comerciales que conectan Europa con Oriente Pr\u00f3ximo y el norte de \u00c1frica.<\/p>\n<p>Esa centralidad estrat\u00e9gica explica por qu\u00e9 las bases militares espa\u00f1olas tienen una importancia que trasciende el \u00e1mbito nacional. Son parte de una red global que permite a Estados Unidos desplegar fuerzas en m\u00faltiples escenarios de forma r\u00e1pida y flexible.<\/p>\n<p>Por eso el debate sobre la guerra de Ir\u00e1n no es solo un asunto de pol\u00edtica exterior espa\u00f1ola. Es tambi\u00e9n un reflejo de las tensiones internas dentro de la propia alianza occidental.<\/p>\n<p>La paradoja que enfrenta el Gobierno de S\u00e1nchez \u2014rechazar la guerra mientras mantiene los compromisos militares con Estados Unidos\u2014 es, en realidad, la misma que enfrenta buena parte de Europa. Los gobiernos europeos quieren evitar una escalada b\u00e9lica que desestabilice la econom\u00eda global, pero al mismo tiempo dependen de la alianza atl\u00e1ntica para garantizar su seguridad.<\/p>\n<p>Esa contradicci\u00f3n estructural explica por qu\u00e9 el discurso pol\u00edtico suele avanzar m\u00e1s r\u00e1pido que la realidad estrat\u00e9gica. Es m\u00e1s f\u00e1cil proclamar el rechazo a la guerra que desmontar las estructuras militares que la sostienen.<\/p>\n<p>La pregunta de fondo, por tanto, no es solo si Espa\u00f1a apoya o no la ofensiva contra Ir\u00e1n. La cuesti\u00f3n m\u00e1s profunda es si alg\u00fan pa\u00eds europeo puede realmente desvincularse de las decisiones militares de la alianza occidental sin redefinir completamente su pol\u00edtica de defensa.<\/p>\n<p>Hasta ahora, ning\u00fan gobierno ha dado ese paso.<\/p>\n<p>Espa\u00f1a, como el resto de Europa, contin\u00faa atrapada entre dos imperativos contradictorios: la voluntad pol\u00edtica de evitar nuevas guerras y la dependencia estrat\u00e9gica de una arquitectura militar dise\u00f1ada precisamente para librarlas.<\/p>\n<p>En ese sentido, la pol\u00e9mica actual revela algo m\u00e1s que una disputa pol\u00edtica dom\u00e9stica. Es el s\u00edntoma de una transici\u00f3n geopol\u00edtica m\u00e1s amplia en la que las viejas alianzas siguen funcionando mientras el mundo que las cre\u00f3 empieza a desaparecer.<\/p>\n<p>El Gobierno de S\u00e1nchez intenta navegar esa transici\u00f3n con una estrategia que combina discurso pacifista, pragmatismo diplom\u00e1tico y continuidad militar. Puede que esa ambig\u00fcedad resulte inc\u00f3moda para quienes exigen posiciones claras. Pero tambi\u00e9n es posible que refleje la \u00fanica postura viable en un escenario internacional cada vez m\u00e1s incierto.<\/p>\n<p>Porque en pol\u00edtica exterior, como en la vida, las decisiones raramente se toman entre el bien y el mal absolutos. Con mucha m\u00e1s frecuencia se toman entre contradicciones inevitables.<\/p>\n<p>Y la guerra \u2014o la forma de evitarla\u2014 es quiz\u00e1 la mayor de todas ellas.<\/p>","protected":false},"excerpt":{"rendered":"<p>Entre el discurso del \u201cNo a la guerra\u201d y la continuidad de la cooperaci\u00f3n militar con Estados Unidos, el Gobierno de Pedro S\u00e1nchez encarna las contradicciones de la pol\u00edtica exterior europea en un mundo que vuelve a militarizarse<\/p>","protected":false},"author":15,"featured_media":51040,"comment_status":"closed","ping_status":"closed","sticky":false,"template":"","format":"standard","meta":{"footnotes":""},"categories":[58],"tags":[],"class_list":["post-67871","post","type-post","status-publish","format-standard","has-post-thumbnail","hentry","category-estado-espanol"],"yoast_head":"<!-- This site is optimized with the Yoast SEO plugin v27.5 - https:\/\/yoast.com\/product\/yoast-seo-wordpress\/ -->\n<title>\u00bfNo a la guerra? La ambig\u00fcedad estrat\u00e9gica de Espa\u00f1a ante la guerra de Ir\u00e1n - Revista Rambla<\/title>\n<meta name=\"robots\" content=\"index, follow, max-snippet:-1, max-image-preview:large, max-video-preview:-1\" \/>\n<link rel=\"canonical\" href=\"https:\/\/www.revistarambla.com\/en\/no-a-la-guerra-la-ambiguedad-estrategica-de-espana-ante-la-guerra-de-iran\/\" \/>\n<meta property=\"og:locale\" content=\"en_GB\" \/>\n<meta property=\"og:type\" content=\"article\" \/>\n<meta property=\"og:title\" content=\"\u00bfNo a la guerra? La ambig\u00fcedad estrat\u00e9gica de Espa\u00f1a ante la guerra de Ir\u00e1n - Revista Rambla\" \/>\n<meta property=\"og:description\" content=\"Entre el discurso del \u201cNo a la guerra\u201d y la continuidad de la cooperaci\u00f3n militar con Estados Unidos, el Gobierno de Pedro S\u00e1nchez encarna las contradicciones de la pol\u00edtica exterior europea en un mundo que vuelve a militarizarse\" \/>\n<meta property=\"og:url\" content=\"https:\/\/www.revistarambla.com\/en\/no-a-la-guerra-la-ambiguedad-estrategica-de-espana-ante-la-guerra-de-iran\/\" \/>\n<meta property=\"og:site_name\" content=\"Revista Rambla\" \/>\n<meta property=\"article:publisher\" content=\"https:\/\/www.facebook.com\/revistarambla\/\" \/>\n<meta property=\"article:published_time\" content=\"2026-03-07T17:37:33+00:00\" \/>\n<meta property=\"og:image\" content=\"https:\/\/www.revistarambla.com\/wp-content\/uploads\/2022\/11\/no-a-la-guerra.jpg\" \/>\n\t<meta property=\"og:image:width\" content=\"1683\" \/>\n\t<meta property=\"og:image:height\" content=\"1274\" \/>\n\t<meta property=\"og:image:type\" content=\"image\/jpeg\" \/>\n<meta name=\"author\" content=\"Alejandra Maller\" \/>\n<meta name=\"twitter:card\" content=\"summary_large_image\" \/>\n<meta name=\"twitter:creator\" content=\"@revistarambla\" \/>\n<meta name=\"twitter:site\" content=\"@revistarambla\" \/>\n<meta name=\"twitter:label1\" content=\"Written by\" \/>\n\t<meta name=\"twitter:data1\" content=\"Alejandra Maller\" \/>\n\t<meta name=\"twitter:label2\" content=\"Estimated reading time\" \/>\n\t<meta name=\"twitter:data2\" content=\"7 minutes\" \/>\n<script type=\"application\/ld+json\" class=\"yoast-schema-graph\">{\"@context\":\"https:\\\/\\\/schema.org\",\"@graph\":[{\"@type\":\"Article\",\"@id\":\"https:\\\/\\\/www.revistarambla.com\\\/no-a-la-guerra-la-ambiguedad-estrategica-de-espana-ante-la-guerra-de-iran\\\/#article\",\"isPartOf\":{\"@id\":\"https:\\\/\\\/www.revistarambla.com\\\/no-a-la-guerra-la-ambiguedad-estrategica-de-espana-ante-la-guerra-de-iran\\\/\"},\"author\":{\"name\":\"Alejandra Maller\",\"@id\":\"https:\\\/\\\/www.revistarambla.com\\\/#\\\/schema\\\/person\\\/2b19179a8ace334b829ad72cc6e6ce97\"},\"headline\":\"\u00bfNo a la guerra? La ambig\u00fcedad estrat\u00e9gica de Espa\u00f1a ante la guerra de Ir\u00e1n\",\"datePublished\":\"2026-03-07T17:37:33+00:00\",\"mainEntityOfPage\":{\"@id\":\"https:\\\/\\\/www.revistarambla.com\\\/no-a-la-guerra-la-ambiguedad-estrategica-de-espana-ante-la-guerra-de-iran\\\/\"},\"wordCount\":1663,\"publisher\":{\"@id\":\"https:\\\/\\\/www.revistarambla.com\\\/#organization\"},\"image\":{\"@id\":\"https:\\\/\\\/www.revistarambla.com\\\/no-a-la-guerra-la-ambiguedad-estrategica-de-espana-ante-la-guerra-de-iran\\\/#primaryimage\"},\"thumbnailUrl\":\"https:\\\/\\\/www.revistarambla.com\\\/wp-content\\\/uploads\\\/2022\\\/11\\\/no-a-la-guerra.jpg\",\"articleSection\":[\"Estado Espa\u00f1ol\"],\"inLanguage\":\"en-GB\"},{\"@type\":\"WebPage\",\"@id\":\"https:\\\/\\\/www.revistarambla.com\\\/no-a-la-guerra-la-ambiguedad-estrategica-de-espana-ante-la-guerra-de-iran\\\/\",\"url\":\"https:\\\/\\\/www.revistarambla.com\\\/no-a-la-guerra-la-ambiguedad-estrategica-de-espana-ante-la-guerra-de-iran\\\/\",\"name\":\"\u00bfNo a la guerra? La ambig\u00fcedad estrat\u00e9gica de Espa\u00f1a ante la guerra de Ir\u00e1n - Revista Rambla\",\"isPartOf\":{\"@id\":\"https:\\\/\\\/www.revistarambla.com\\\/#website\"},\"primaryImageOfPage\":{\"@id\":\"https:\\\/\\\/www.revistarambla.com\\\/no-a-la-guerra-la-ambiguedad-estrategica-de-espana-ante-la-guerra-de-iran\\\/#primaryimage\"},\"image\":{\"@id\":\"https:\\\/\\\/www.revistarambla.com\\\/no-a-la-guerra-la-ambiguedad-estrategica-de-espana-ante-la-guerra-de-iran\\\/#primaryimage\"},\"thumbnailUrl\":\"https:\\\/\\\/www.revistarambla.com\\\/wp-content\\\/uploads\\\/2022\\\/11\\\/no-a-la-guerra.jpg\",\"datePublished\":\"2026-03-07T17:37:33+00:00\",\"breadcrumb\":{\"@id\":\"https:\\\/\\\/www.revistarambla.com\\\/no-a-la-guerra-la-ambiguedad-estrategica-de-espana-ante-la-guerra-de-iran\\\/#breadcrumb\"},\"inLanguage\":\"en-GB\",\"potentialAction\":[{\"@type\":\"ReadAction\",\"target\":[\"https:\\\/\\\/www.revistarambla.com\\\/no-a-la-guerra-la-ambiguedad-estrategica-de-espana-ante-la-guerra-de-iran\\\/\"]}]},{\"@type\":\"ImageObject\",\"inLanguage\":\"en-GB\",\"@id\":\"https:\\\/\\\/www.revistarambla.com\\\/no-a-la-guerra-la-ambiguedad-estrategica-de-espana-ante-la-guerra-de-iran\\\/#primaryimage\",\"url\":\"https:\\\/\\\/www.revistarambla.com\\\/wp-content\\\/uploads\\\/2022\\\/11\\\/no-a-la-guerra.jpg\",\"contentUrl\":\"https:\\\/\\\/www.revistarambla.com\\\/wp-content\\\/uploads\\\/2022\\\/11\\\/no-a-la-guerra.jpg\",\"width\":1683,\"height\":1274,\"caption\":\"FOTOTECA FERNANDO LAB:J LIZ\u00d3N\"},{\"@type\":\"BreadcrumbList\",\"@id\":\"https:\\\/\\\/www.revistarambla.com\\\/no-a-la-guerra-la-ambiguedad-estrategica-de-espana-ante-la-guerra-de-iran\\\/#breadcrumb\",\"itemListElement\":[{\"@type\":\"ListItem\",\"position\":1,\"name\":\"Portada\",\"item\":\"https:\\\/\\\/www.revistarambla.com\\\/\"},{\"@type\":\"ListItem\",\"position\":2,\"name\":\"\u00bfNo a la guerra? La ambig\u00fcedad estrat\u00e9gica de Espa\u00f1a ante la guerra de Ir\u00e1n\"}]},{\"@type\":\"WebSite\",\"@id\":\"https:\\\/\\\/www.revistarambla.com\\\/#website\",\"url\":\"https:\\\/\\\/www.revistarambla.com\\\/\",\"name\":\"Revista Rambla Barcelona\",\"description\":\"Periodismo independiente\",\"publisher\":{\"@id\":\"https:\\\/\\\/www.revistarambla.com\\\/#organization\"},\"potentialAction\":[{\"@type\":\"SearchAction\",\"target\":{\"@type\":\"EntryPoint\",\"urlTemplate\":\"https:\\\/\\\/www.revistarambla.com\\\/?s={search_term_string}\"},\"query-input\":{\"@type\":\"PropertyValueSpecification\",\"valueRequired\":true,\"valueName\":\"search_term_string\"}}],\"inLanguage\":\"en-GB\"},{\"@type\":\"Organization\",\"@id\":\"https:\\\/\\\/www.revistarambla.com\\\/#organization\",\"name\":\"Revista Rambla\",\"url\":\"https:\\\/\\\/www.revistarambla.com\\\/\",\"logo\":{\"@type\":\"ImageObject\",\"inLanguage\":\"en-GB\",\"@id\":\"https:\\\/\\\/www.revistarambla.com\\\/#\\\/schema\\\/logo\\\/image\\\/\",\"url\":\"https:\\\/\\\/www.revistarambla.com\\\/wp-content\\\/uploads\\\/2020\\\/09\\\/banner_rambla_1900x600_BB.png\",\"contentUrl\":\"https:\\\/\\\/www.revistarambla.com\\\/wp-content\\\/uploads\\\/2020\\\/09\\\/banner_rambla_1900x600_BB.png\",\"width\":1900,\"height\":600,\"caption\":\"Revista Rambla\"},\"image\":{\"@id\":\"https:\\\/\\\/www.revistarambla.com\\\/#\\\/schema\\\/logo\\\/image\\\/\"},\"sameAs\":[\"https:\\\/\\\/www.facebook.com\\\/revistarambla\\\/\",\"https:\\\/\\\/x.com\\\/revistarambla\",\"https:\\\/\\\/www.instagram.com\\\/revista_rambla\",\"https:\\\/\\\/es.linkedin.com\\\/company\\\/revista-rambla\"]},{\"@type\":\"Person\",\"@id\":\"https:\\\/\\\/www.revistarambla.com\\\/#\\\/schema\\\/person\\\/2b19179a8ace334b829ad72cc6e6ce97\",\"name\":\"Alejandra Maller\",\"description\":\"Periodista y catalana.\",\"sameAs\":[\"https:\\\/\\\/www.revistarambla.com\\\/\"]}]}<\/script>\n<!-- \/ Yoast SEO plugin. -->","yoast_head_json":{"title":"\u00bfNo a la guerra? La ambig\u00fcedad estrat\u00e9gica de Espa\u00f1a ante la guerra de Ir\u00e1n - Revista Rambla","robots":{"index":"index","follow":"follow","max-snippet":"max-snippet:-1","max-image-preview":"max-image-preview:large","max-video-preview":"max-video-preview:-1"},"canonical":"https:\/\/www.revistarambla.com\/en\/no-a-la-guerra-la-ambiguedad-estrategica-de-espana-ante-la-guerra-de-iran\/","og_locale":"en_GB","og_type":"article","og_title":"\u00bfNo a la guerra? La ambig\u00fcedad estrat\u00e9gica de Espa\u00f1a ante la guerra de Ir\u00e1n - Revista Rambla","og_description":"Entre el discurso del \u201cNo a la guerra\u201d y la continuidad de la cooperaci\u00f3n militar con Estados Unidos, el Gobierno de Pedro S\u00e1nchez encarna las contradicciones de la pol\u00edtica exterior europea en un mundo que vuelve a militarizarse","og_url":"https:\/\/www.revistarambla.com\/en\/no-a-la-guerra-la-ambiguedad-estrategica-de-espana-ante-la-guerra-de-iran\/","og_site_name":"Revista Rambla","article_publisher":"https:\/\/www.facebook.com\/revistarambla\/","article_published_time":"2026-03-07T17:37:33+00:00","og_image":[{"width":1683,"height":1274,"url":"https:\/\/www.revistarambla.com\/wp-content\/uploads\/2022\/11\/no-a-la-guerra.jpg","type":"image\/jpeg"}],"author":"Alejandra Maller","twitter_card":"summary_large_image","twitter_creator":"@revistarambla","twitter_site":"@revistarambla","twitter_misc":{"Written by":"Alejandra Maller","Estimated reading time":"7 minutes"},"schema":{"@context":"https:\/\/schema.org","@graph":[{"@type":"Article","@id":"https:\/\/www.revistarambla.com\/no-a-la-guerra-la-ambiguedad-estrategica-de-espana-ante-la-guerra-de-iran\/#article","isPartOf":{"@id":"https:\/\/www.revistarambla.com\/no-a-la-guerra-la-ambiguedad-estrategica-de-espana-ante-la-guerra-de-iran\/"},"author":{"name":"Alejandra Maller","@id":"https:\/\/www.revistarambla.com\/#\/schema\/person\/2b19179a8ace334b829ad72cc6e6ce97"},"headline":"\u00bfNo a la guerra? La ambig\u00fcedad estrat\u00e9gica de Espa\u00f1a ante la guerra de Ir\u00e1n","datePublished":"2026-03-07T17:37:33+00:00","mainEntityOfPage":{"@id":"https:\/\/www.revistarambla.com\/no-a-la-guerra-la-ambiguedad-estrategica-de-espana-ante-la-guerra-de-iran\/"},"wordCount":1663,"publisher":{"@id":"https:\/\/www.revistarambla.com\/#organization"},"image":{"@id":"https:\/\/www.revistarambla.com\/no-a-la-guerra-la-ambiguedad-estrategica-de-espana-ante-la-guerra-de-iran\/#primaryimage"},"thumbnailUrl":"https:\/\/www.revistarambla.com\/wp-content\/uploads\/2022\/11\/no-a-la-guerra.jpg","articleSection":["Estado Espa\u00f1ol"],"inLanguage":"en-GB"},{"@type":"WebPage","@id":"https:\/\/www.revistarambla.com\/no-a-la-guerra-la-ambiguedad-estrategica-de-espana-ante-la-guerra-de-iran\/","url":"https:\/\/www.revistarambla.com\/no-a-la-guerra-la-ambiguedad-estrategica-de-espana-ante-la-guerra-de-iran\/","name":"\u00bfNo a la guerra? La ambig\u00fcedad estrat\u00e9gica de Espa\u00f1a ante la guerra de Ir\u00e1n - Revista Rambla","isPartOf":{"@id":"https:\/\/www.revistarambla.com\/#website"},"primaryImageOfPage":{"@id":"https:\/\/www.revistarambla.com\/no-a-la-guerra-la-ambiguedad-estrategica-de-espana-ante-la-guerra-de-iran\/#primaryimage"},"image":{"@id":"https:\/\/www.revistarambla.com\/no-a-la-guerra-la-ambiguedad-estrategica-de-espana-ante-la-guerra-de-iran\/#primaryimage"},"thumbnailUrl":"https:\/\/www.revistarambla.com\/wp-content\/uploads\/2022\/11\/no-a-la-guerra.jpg","datePublished":"2026-03-07T17:37:33+00:00","breadcrumb":{"@id":"https:\/\/www.revistarambla.com\/no-a-la-guerra-la-ambiguedad-estrategica-de-espana-ante-la-guerra-de-iran\/#breadcrumb"},"inLanguage":"en-GB","potentialAction":[{"@type":"ReadAction","target":["https:\/\/www.revistarambla.com\/no-a-la-guerra-la-ambiguedad-estrategica-de-espana-ante-la-guerra-de-iran\/"]}]},{"@type":"ImageObject","inLanguage":"en-GB","@id":"https:\/\/www.revistarambla.com\/no-a-la-guerra-la-ambiguedad-estrategica-de-espana-ante-la-guerra-de-iran\/#primaryimage","url":"https:\/\/www.revistarambla.com\/wp-content\/uploads\/2022\/11\/no-a-la-guerra.jpg","contentUrl":"https:\/\/www.revistarambla.com\/wp-content\/uploads\/2022\/11\/no-a-la-guerra.jpg","width":1683,"height":1274,"caption":"FOTOTECA FERNANDO LAB:J LIZ\u00d3N"},{"@type":"BreadcrumbList","@id":"https:\/\/www.revistarambla.com\/no-a-la-guerra-la-ambiguedad-estrategica-de-espana-ante-la-guerra-de-iran\/#breadcrumb","itemListElement":[{"@type":"ListItem","position":1,"name":"Portada","item":"https:\/\/www.revistarambla.com\/"},{"@type":"ListItem","position":2,"name":"\u00bfNo a la guerra? La ambig\u00fcedad estrat\u00e9gica de Espa\u00f1a ante la guerra de Ir\u00e1n"}]},{"@type":"WebSite","@id":"https:\/\/www.revistarambla.com\/#website","url":"https:\/\/www.revistarambla.com\/","name":"Revista Rambla Barcelona","description":"Periodismo independiente","publisher":{"@id":"https:\/\/www.revistarambla.com\/#organization"},"potentialAction":[{"@type":"SearchAction","target":{"@type":"EntryPoint","urlTemplate":"https:\/\/www.revistarambla.com\/?s={search_term_string}"},"query-input":{"@type":"PropertyValueSpecification","valueRequired":true,"valueName":"search_term_string"}}],"inLanguage":"en-GB"},{"@type":"Organization","@id":"https:\/\/www.revistarambla.com\/#organization","name":"Revista Rambla","url":"https:\/\/www.revistarambla.com\/","logo":{"@type":"ImageObject","inLanguage":"en-GB","@id":"https:\/\/www.revistarambla.com\/#\/schema\/logo\/image\/","url":"https:\/\/www.revistarambla.com\/wp-content\/uploads\/2020\/09\/banner_rambla_1900x600_BB.png","contentUrl":"https:\/\/www.revistarambla.com\/wp-content\/uploads\/2020\/09\/banner_rambla_1900x600_BB.png","width":1900,"height":600,"caption":"Revista Rambla"},"image":{"@id":"https:\/\/www.revistarambla.com\/#\/schema\/logo\/image\/"},"sameAs":["https:\/\/www.facebook.com\/revistarambla\/","https:\/\/x.com\/revistarambla","https:\/\/www.instagram.com\/revista_rambla","https:\/\/es.linkedin.com\/company\/revista-rambla"]},{"@type":"Person","@id":"https:\/\/www.revistarambla.com\/#\/schema\/person\/2b19179a8ace334b829ad72cc6e6ce97","name":"Alejandra Maller","description":"Periodista y catalana.","sameAs":["https:\/\/www.revistarambla.com\/"]}]}},"_links":{"self":[{"href":"https:\/\/www.revistarambla.com\/en\/wp-json\/wp\/v2\/posts\/67871","targetHints":{"allow":["GET"]}}],"collection":[{"href":"https:\/\/www.revistarambla.com\/en\/wp-json\/wp\/v2\/posts"}],"about":[{"href":"https:\/\/www.revistarambla.com\/en\/wp-json\/wp\/v2\/types\/post"}],"author":[{"embeddable":true,"href":"https:\/\/www.revistarambla.com\/en\/wp-json\/wp\/v2\/users\/15"}],"replies":[{"embeddable":true,"href":"https:\/\/www.revistarambla.com\/en\/wp-json\/wp\/v2\/comments?post=67871"}],"version-history":[{"count":1,"href":"https:\/\/www.revistarambla.com\/en\/wp-json\/wp\/v2\/posts\/67871\/revisions"}],"predecessor-version":[{"id":67872,"href":"https:\/\/www.revistarambla.com\/en\/wp-json\/wp\/v2\/posts\/67871\/revisions\/67872"}],"wp:featuredmedia":[{"embeddable":true,"href":"https:\/\/www.revistarambla.com\/en\/wp-json\/wp\/v2\/media\/51040"}],"wp:attachment":[{"href":"https:\/\/www.revistarambla.com\/en\/wp-json\/wp\/v2\/media?parent=67871"}],"wp:term":[{"taxonomy":"category","embeddable":true,"href":"https:\/\/www.revistarambla.com\/en\/wp-json\/wp\/v2\/categories?post=67871"},{"taxonomy":"post_tag","embeddable":true,"href":"https:\/\/www.revistarambla.com\/en\/wp-json\/wp\/v2\/tags?post=67871"}],"curies":[{"name":"wp","href":"https:\/\/api.w.org\/{rel}","templated":true}]}}