{"id":67868,"date":"2026-03-07T18:33:26","date_gmt":"2026-03-07T17:33:26","guid":{"rendered":"https:\/\/www.revistarambla.com\/?p=67868"},"modified":"2026-03-09T18:27:23","modified_gmt":"2026-03-09T17:27:23","slug":"el-poder-del-ruido-feminista","status":"publish","type":"post","link":"https:\/\/www.revistarambla.com\/en\/el-poder-del-ruido-feminista\/","title":{"rendered":"El poder del ruido feminista"},"content":{"rendered":"<p>Hay momentos hist\u00f3ricos en los que la pol\u00edtica no surge de los despachos ni de los parlamentos, sino del ruido. <!--more-->No del ruido vac\u00edo de la propaganda o del espect\u00e1culo medi\u00e1tico, sino del ruido que nace cuando quienes han sido obligadas a callar deciden hablar juntas. Ese es, en esencia, uno de los rasgos m\u00e1s caracter\u00edsticos del feminismo contempor\u00e1neo: un movimiento que ha aprendido a convertir el murmullo disperso de experiencias individuales en una resonancia colectiva capaz de atravesar fronteras sociales, culturales y geogr\u00e1ficas. Ese \u201cruido contagioso\u201d, como lo describen varias autoras en un reciente texto publicado en Rebeli\u00f3n, no es una met\u00e1fora casual; es la imagen precisa de un fen\u00f3meno pol\u00edtico que se propaga por contagio, por imitaci\u00f3n y por solidaridad.<\/p>\n<p>El ejemplo con el que comienza ese art\u00edculo es revelador. En algunos barrios de Nairobi existe una norma comunitaria no escrita: si una mujer sufre una agresi\u00f3n, las dem\u00e1s salen a las calles con cazuelas y utensilios para hacer ruido. No se trata simplemente de llamar la atenci\u00f3n. Ese estruendo colectivo cumple una funci\u00f3n pol\u00edtica inmediata: rompe el aislamiento de la v\u00edctima, visibiliza la violencia y convierte un problema privado en un asunto p\u00fablico. El ruido se transforma as\u00ed en una forma de protecci\u00f3n y de denuncia simult\u00e1nea. La violencia deja de ser invisible porque la comunidad la expone a la luz del d\u00eda.<\/p>\n<p>Esa l\u00f3gica de contagio ha sido una constante en las luchas feministas de las \u00faltimas d\u00e9cadas. Lo que empieza como una experiencia local puede amplificarse y replicarse en otros lugares, generando una cadena de resonancias que conecta luchas aparentemente dispersas. No es casual que muchas movilizaciones feministas contempor\u00e1neas se caractericen por una est\u00e9tica sonora: caceroladas, consignas repetidas en coro, performances colectivas, cantos que se viralizan. En todos esos casos el ruido cumple una funci\u00f3n estrat\u00e9gica: produce comunidad. Y la comunidad es la base de cualquier movimiento pol\u00edtico que aspire a transformar las estructuras sociales.<\/p>\n<p>El feminismo ha aprendido que las injusticias que enfrenta rara vez se manifiestan de forma espectacular. Muchas de ellas ocurren en los espacios m\u00e1s invisibles de la vida cotidiana: el interior de los hogares, los trabajos de cuidados, las relaciones laborales informales, los silencios de las instituciones. Durante siglos, esos \u00e1mbitos quedaron fuera del radar de la pol\u00edtica. La violencia dom\u00e9stica, por ejemplo, fue considerada un asunto privado durante generaciones. El trabajo dom\u00e9stico fue tratado como una obligaci\u00f3n natural de las mujeres y no como una actividad econ\u00f3mica esencial para la reproducci\u00f3n de la sociedad.<\/p>\n<p>Cuando el feminismo hace ruido, lo que realmente est\u00e1 haciendo es desplazar la frontera de lo visible. Est\u00e1 diciendo que aquello que ocurre en la intimidad de las casas tambi\u00e9n es pol\u00edtica, que los abusos laborales en el empleo dom\u00e9stico no son simples conflictos individuales sino expresiones de un sistema de desigualdad, y que las jerarqu\u00edas sociales basadas en g\u00e9nero, clase o raza no pueden seguir escondidas bajo la apariencia de normalidad.<\/p>\n<p>En ese sentido, el ruido feminista es tambi\u00e9n una forma de conocimiento. Cada denuncia p\u00fablica, cada testimonio compartido, cada protesta colectiva contribuye a construir un mapa de la desigualdad que antes permanec\u00eda fragmentado. Cuando miles de mujeres relatan experiencias similares de discriminaci\u00f3n o violencia, lo que emerge no es una suma de casos aislados, sino un patr\u00f3n estructural. Ese reconocimiento colectivo es el primer paso para cualquier transformaci\u00f3n pol\u00edtica profunda.<\/p>\n<p>Un ejemplo significativo de esta din\u00e1mica se encuentra en las luchas de las trabajadoras del hogar. Durante mucho tiempo, su situaci\u00f3n laboral permaneci\u00f3 invisibilizada precisamente porque su lugar de trabajo era el espacio dom\u00e9stico de otras personas. La relaci\u00f3n laboral quedaba disuelta en una supuesta relaci\u00f3n personal o familiar. Sin embargo, cuando esas trabajadoras comenzaron a organizarse, a denunciar abusos y a llevar sus reivindicaciones a la esfera p\u00fablica, el problema dej\u00f3 de ser invisible. El ruido feminista sac\u00f3 a la luz una estructura laboral profundamente desigual, atravesada por factores de clase, g\u00e9nero y migraci\u00f3n.<\/p>\n<p>Lo interesante es que este proceso no se limita a un pa\u00eds o a una regi\u00f3n espec\u00edfica. El feminismo contempor\u00e1neo ha desarrollado una fuerte dimensi\u00f3n internacionalista. Las luchas locales dialogan entre s\u00ed, se inspiran mutuamente y generan un efecto de eco global. Un movimiento en Am\u00e9rica Latina puede inspirar protestas en Europa; una campa\u00f1a en \u00c1frica puede influir en debates pol\u00edticos en Am\u00e9rica del Norte. En esa red de resonancias, el ruido se convierte en una herramienta de conexi\u00f3n.<\/p>\n<p>Este car\u00e1cter contagioso del feminismo explica en parte la reacci\u00f3n que el movimiento ha provocado en muchos sectores pol\u00edticos y culturales. Cada vez que el feminismo logra ampliar el campo de lo visible, tambi\u00e9n cuestiona privilegios establecidos. La incomodidad que genera no es un accidente, sino un s\u00edntoma de su eficacia. Cuando las estructuras de poder permanecen intactas, suelen hacerlo gracias al silencio. Romper ese silencio implica necesariamente confrontar intereses.<\/p>\n<p>El ruido feminista tambi\u00e9n incomoda porque cuestiona la narrativa tradicional de la pol\u00edtica. Durante mucho tiempo se asumi\u00f3 que los cambios sociales deb\u00edan surgir de grandes l\u00edderes, partidos o instituciones. El feminismo ha demostrado que la transformaci\u00f3n puede surgir de procesos mucho m\u00e1s horizontales y cotidianos. No se trata de una revoluci\u00f3n dirigida desde arriba, sino de una multiplicidad de iniciativas que nacen en los barrios, en los lugares de trabajo, en las redes de apoyo y en las experiencias compartidas.<\/p>\n<p>En ese sentido, el feminismo no ofrece un plan maestro para reorganizar el mundo. Lo que ofrece es algo quiz\u00e1 m\u00e1s poderoso: una forma de acci\u00f3n colectiva basada en la organizaci\u00f3n, la solidaridad y la confianza mutua. Las propias autoras del art\u00edculo lo expresan con claridad cuando afirman que, frente al avance de fuerzas reaccionarias, no existe una estrategia perfecta, pero s\u00ed una certeza fundamental: la fuerza de la movilizaci\u00f3n colectiva.<\/p>\n<p>Esta perspectiva contrasta con una visi\u00f3n tecnocr\u00e1tica de la pol\u00edtica que conf\u00eda exclusivamente en reformas institucionales o en decisiones gubernamentales. El feminismo no desprecia esos espacios, pero sabe que las leyes y las pol\u00edticas p\u00fablicas suelen ser el resultado de presiones sociales previas. Antes de que una reforma se convierta en ley, alguien tuvo que hacer ruido para que ese problema fuera reconocido.<\/p>\n<p>La historia reciente ofrece numerosos ejemplos de este proceso. Las movilizaciones masivas del 8 de marzo en muchos pa\u00edses no surgieron de la nada. Fueron el resultado de a\u00f1os de organizaci\u00f3n, debates y experiencias compartidas. Cuando finalmente estallaron en las calles, lo hicieron con una intensidad que sorprendi\u00f3 incluso a muchos observadores pol\u00edticos. Ese estallido no fue un fen\u00f3meno espont\u00e1neo, sino el punto culminante de una acumulaci\u00f3n de ruidos, de peque\u00f1as acciones y de redes de solidaridad construidas durante a\u00f1os.<\/p>\n<p>La met\u00e1fora del ruido tambi\u00e9n permite comprender una de las caracter\u00edsticas m\u00e1s importantes del feminismo contempor\u00e1neo: su capacidad de adaptarse a diferentes contextos. Cada comunidad encuentra sus propias formas de hacer visible la desigualdad y de expresar la resistencia. En algunos lugares ser\u00e1n marchas multitudinarias; en otros, acciones simb\u00f3licas; en otros, redes de apoyo comunitario. Lo que las une no es una forma \u00fanica de protesta, sino una l\u00f3gica compartida: la convicci\u00f3n de que la acci\u00f3n colectiva puede transformar la realidad.<\/p>\n<p>Sin embargo, el ruido feminista no est\u00e1 exento de desaf\u00edos. Uno de ellos es la tentaci\u00f3n de convertir la protesta en un fin en s\u00ed mismo. El ruido es una herramienta poderosa para visibilizar problemas, pero no siempre garantiza soluciones inmediatas. La construcci\u00f3n de cambios duraderos requiere tambi\u00e9n procesos de negociaci\u00f3n, elaboraci\u00f3n pol\u00edtica y creaci\u00f3n de instituciones m\u00e1s justas.<\/p>\n<p>Otro desaf\u00edo tiene que ver con la diversidad interna del propio movimiento. El feminismo no es un bloque homog\u00e9neo. Est\u00e1 atravesado por debates sobre estrategia, prioridades y enfoques te\u00f3ricos. Lejos de ser una debilidad, esa pluralidad puede ser una fuente de riqueza pol\u00edtica, siempre que no se convierta en fragmentaci\u00f3n paralizante. El reto consiste en mantener la capacidad de actuar colectivamente incluso en medio de diferencias.<\/p>\n<p>Quiz\u00e1 por eso la idea del ruido contagioso resulta tan sugerente. El ruido no exige uniformidad absoluta. Puede surgir de voces diferentes, de ritmos distintos, de experiencias diversas. Lo importante es que esas voces encuentren un punto de resonancia com\u00fan. Cuando eso ocurre, el efecto puede ser extraordinariamente poderoso.<\/p>\n<p>En \u00faltima instancia, el feminismo recuerda algo que a menudo olvidamos en las democracias contempor\u00e1neas: que la pol\u00edtica no se limita a las instituciones. Tambi\u00e9n ocurre en las calles, en las conversaciones cotidianas, en los gestos de solidaridad y en las redes de apoyo mutuo. El ruido feminista es la expresi\u00f3n audible de esa pol\u00edtica desde abajo.<\/p>\n<p>Tal vez por eso resulta tan contagioso. Porque cada vez que alguien rompe el silencio y denuncia una injusticia, abre la puerta para que otras personas hagan lo mismo. Y cuando ese gesto se multiplica, cuando miles de voces se suman a la misma denuncia, el ruido deja de ser un simple sonido. Se convierte en una fuerza social capaz de cambiar la historia.<\/p>\n<p>Ese es, en definitiva, el verdadero poder del feminismo: no la perfecci\u00f3n de sus estrategias ni la unanimidad de sus discursos, sino su capacidad para transformar el silencio en resonancia colectiva. Mientras exista esa capacidad de contagio, mientras haya mujeres dispuestas a salir a la calle con cazuelas, consignas o palabras para defender su derecho a vivir sin violencia, el ruido seguir\u00e1 creciendo. Y con \u00e9l, la posibilidad de un mundo m\u00e1s justo.<\/p>","protected":false},"excerpt":{"rendered":"<p>Cuando las voces colectivas transforman el silencio en pol\u00edtica<\/p>","protected":false},"author":3,"featured_media":39711,"comment_status":"closed","ping_status":"closed","sticky":false,"template":"","format":"standard","meta":{"footnotes":""},"categories":[72],"tags":[],"class_list":["post-67868","post","type-post","status-publish","format-standard","has-post-thumbnail","hentry","category-opinion"],"yoast_head":"<!-- This site is optimized with the Yoast SEO plugin v27.5 - https:\/\/yoast.com\/product\/yoast-seo-wordpress\/ -->\n<title>El poder del ruido feminista - Revista Rambla<\/title>\n<meta name=\"robots\" content=\"index, follow, max-snippet:-1, max-image-preview:large, max-video-preview:-1\" \/>\n<link rel=\"canonical\" href=\"https:\/\/www.revistarambla.com\/en\/el-poder-del-ruido-feminista\/\" \/>\n<meta property=\"og:locale\" content=\"en_GB\" \/>\n<meta property=\"og:type\" content=\"article\" \/>\n<meta property=\"og:title\" content=\"El poder del ruido feminista - Revista Rambla\" \/>\n<meta property=\"og:description\" content=\"Cuando las voces colectivas transforman el silencio en pol\u00edtica\" \/>\n<meta property=\"og:url\" content=\"https:\/\/www.revistarambla.com\/en\/el-poder-del-ruido-feminista\/\" \/>\n<meta property=\"og:site_name\" content=\"Revista Rambla\" \/>\n<meta property=\"article:publisher\" content=\"https:\/\/www.facebook.com\/revistarambla\/\" \/>\n<meta property=\"article:author\" content=\"https:\/\/www.facebook.com\/revistarambla\" \/>\n<meta property=\"article:published_time\" content=\"2026-03-07T17:33:26+00:00\" \/>\n<meta property=\"article:modified_time\" content=\"2026-03-09T17:27:23+00:00\" \/>\n<meta property=\"og:image\" content=\"https:\/\/www.revistarambla.com\/wp-content\/uploads\/2022\/03\/Screenshot-2022-03-03-at-17-47-56-La-Direccio-de-Transports-de-Barcelona-\u2013-TMB-Discrimina-a-la-dona-\u2013-Vaga-General-Feminista.png\" \/>\n\t<meta property=\"og:image:width\" content=\"674\" \/>\n\t<meta property=\"og:image:height\" content=\"359\" \/>\n\t<meta property=\"og:image:type\" content=\"image\/png\" \/>\n<meta name=\"author\" content=\"R@mbla\" \/>\n<meta name=\"twitter:card\" content=\"summary_large_image\" \/>\n<meta name=\"twitter:creator\" content=\"@revistarambla\" \/>\n<meta name=\"twitter:site\" content=\"@revistarambla\" \/>\n<meta name=\"twitter:label1\" content=\"Written by\" \/>\n\t<meta name=\"twitter:data1\" content=\"R@mbla\" \/>\n\t<meta name=\"twitter:label2\" content=\"Estimated reading time\" \/>\n\t<meta name=\"twitter:data2\" content=\"8 minutes\" \/>\n<script type=\"application\/ld+json\" class=\"yoast-schema-graph\">{\"@context\":\"https:\\\/\\\/schema.org\",\"@graph\":[{\"@type\":\"Article\",\"@id\":\"https:\\\/\\\/www.revistarambla.com\\\/el-poder-del-ruido-feminista\\\/#article\",\"isPartOf\":{\"@id\":\"https:\\\/\\\/www.revistarambla.com\\\/el-poder-del-ruido-feminista\\\/\"},\"author\":{\"name\":\"R@mbla\",\"@id\":\"https:\\\/\\\/www.revistarambla.com\\\/#\\\/schema\\\/person\\\/a146a5a2550b94981a75131180e1bd9c\"},\"headline\":\"El poder del ruido feminista\",\"datePublished\":\"2026-03-07T17:33:26+00:00\",\"dateModified\":\"2026-03-09T17:27:23+00:00\",\"mainEntityOfPage\":{\"@id\":\"https:\\\/\\\/www.revistarambla.com\\\/el-poder-del-ruido-feminista\\\/\"},\"wordCount\":1682,\"publisher\":{\"@id\":\"https:\\\/\\\/www.revistarambla.com\\\/#organization\"},\"image\":{\"@id\":\"https:\\\/\\\/www.revistarambla.com\\\/el-poder-del-ruido-feminista\\\/#primaryimage\"},\"thumbnailUrl\":\"https:\\\/\\\/www.revistarambla.com\\\/wp-content\\\/uploads\\\/2022\\\/03\\\/Screenshot-2022-03-03-at-17-47-56-La-Direccio-de-Transports-de-Barcelona-\u2013-TMB-Discrimina-a-la-dona-\u2013-Vaga-General-Feminista.png\",\"articleSection\":[\"Opiniones\"],\"inLanguage\":\"en-GB\"},{\"@type\":\"WebPage\",\"@id\":\"https:\\\/\\\/www.revistarambla.com\\\/el-poder-del-ruido-feminista\\\/\",\"url\":\"https:\\\/\\\/www.revistarambla.com\\\/el-poder-del-ruido-feminista\\\/\",\"name\":\"El poder del ruido feminista - Revista Rambla\",\"isPartOf\":{\"@id\":\"https:\\\/\\\/www.revistarambla.com\\\/#website\"},\"primaryImageOfPage\":{\"@id\":\"https:\\\/\\\/www.revistarambla.com\\\/el-poder-del-ruido-feminista\\\/#primaryimage\"},\"image\":{\"@id\":\"https:\\\/\\\/www.revistarambla.com\\\/el-poder-del-ruido-feminista\\\/#primaryimage\"},\"thumbnailUrl\":\"https:\\\/\\\/www.revistarambla.com\\\/wp-content\\\/uploads\\\/2022\\\/03\\\/Screenshot-2022-03-03-at-17-47-56-La-Direccio-de-Transports-de-Barcelona-\u2013-TMB-Discrimina-a-la-dona-\u2013-Vaga-General-Feminista.png\",\"datePublished\":\"2026-03-07T17:33:26+00:00\",\"dateModified\":\"2026-03-09T17:27:23+00:00\",\"breadcrumb\":{\"@id\":\"https:\\\/\\\/www.revistarambla.com\\\/el-poder-del-ruido-feminista\\\/#breadcrumb\"},\"inLanguage\":\"en-GB\",\"potentialAction\":[{\"@type\":\"ReadAction\",\"target\":[\"https:\\\/\\\/www.revistarambla.com\\\/el-poder-del-ruido-feminista\\\/\"]}]},{\"@type\":\"ImageObject\",\"inLanguage\":\"en-GB\",\"@id\":\"https:\\\/\\\/www.revistarambla.com\\\/el-poder-del-ruido-feminista\\\/#primaryimage\",\"url\":\"https:\\\/\\\/www.revistarambla.com\\\/wp-content\\\/uploads\\\/2022\\\/03\\\/Screenshot-2022-03-03-at-17-47-56-La-Direccio-de-Transports-de-Barcelona-\u2013-TMB-Discrimina-a-la-dona-\u2013-Vaga-General-Feminista.png\",\"contentUrl\":\"https:\\\/\\\/www.revistarambla.com\\\/wp-content\\\/uploads\\\/2022\\\/03\\\/Screenshot-2022-03-03-at-17-47-56-La-Direccio-de-Transports-de-Barcelona-\u2013-TMB-Discrimina-a-la-dona-\u2013-Vaga-General-Feminista.png\",\"width\":674,\"height\":359,\"caption\":\"feminista\"},{\"@type\":\"BreadcrumbList\",\"@id\":\"https:\\\/\\\/www.revistarambla.com\\\/el-poder-del-ruido-feminista\\\/#breadcrumb\",\"itemListElement\":[{\"@type\":\"ListItem\",\"position\":1,\"name\":\"Portada\",\"item\":\"https:\\\/\\\/www.revistarambla.com\\\/\"},{\"@type\":\"ListItem\",\"position\":2,\"name\":\"El poder del ruido feminista\"}]},{\"@type\":\"WebSite\",\"@id\":\"https:\\\/\\\/www.revistarambla.com\\\/#website\",\"url\":\"https:\\\/\\\/www.revistarambla.com\\\/\",\"name\":\"Revista Rambla Barcelona\",\"description\":\"Periodismo independiente\",\"publisher\":{\"@id\":\"https:\\\/\\\/www.revistarambla.com\\\/#organization\"},\"potentialAction\":[{\"@type\":\"SearchAction\",\"target\":{\"@type\":\"EntryPoint\",\"urlTemplate\":\"https:\\\/\\\/www.revistarambla.com\\\/?s={search_term_string}\"},\"query-input\":{\"@type\":\"PropertyValueSpecification\",\"valueRequired\":true,\"valueName\":\"search_term_string\"}}],\"inLanguage\":\"en-GB\"},{\"@type\":\"Organization\",\"@id\":\"https:\\\/\\\/www.revistarambla.com\\\/#organization\",\"name\":\"Revista Rambla\",\"url\":\"https:\\\/\\\/www.revistarambla.com\\\/\",\"logo\":{\"@type\":\"ImageObject\",\"inLanguage\":\"en-GB\",\"@id\":\"https:\\\/\\\/www.revistarambla.com\\\/#\\\/schema\\\/logo\\\/image\\\/\",\"url\":\"https:\\\/\\\/www.revistarambla.com\\\/wp-content\\\/uploads\\\/2020\\\/09\\\/banner_rambla_1900x600_BB.png\",\"contentUrl\":\"https:\\\/\\\/www.revistarambla.com\\\/wp-content\\\/uploads\\\/2020\\\/09\\\/banner_rambla_1900x600_BB.png\",\"width\":1900,\"height\":600,\"caption\":\"Revista Rambla\"},\"image\":{\"@id\":\"https:\\\/\\\/www.revistarambla.com\\\/#\\\/schema\\\/logo\\\/image\\\/\"},\"sameAs\":[\"https:\\\/\\\/www.facebook.com\\\/revistarambla\\\/\",\"https:\\\/\\\/x.com\\\/revistarambla\",\"https:\\\/\\\/www.instagram.com\\\/revista_rambla\",\"https:\\\/\\\/es.linkedin.com\\\/company\\\/revista-rambla\"]},{\"@type\":\"Person\",\"@id\":\"https:\\\/\\\/www.revistarambla.com\\\/#\\\/schema\\\/person\\\/a146a5a2550b94981a75131180e1bd9c\",\"name\":\"R@mbla\",\"description\":\"Este art\u00edculo ha sido redactado y\\\/o validado por el equipo de redacci\u00f3n de Revista Rambla.\",\"sameAs\":[\"https:\\\/\\\/www.revistarambla.com\\\/\",\"https:\\\/\\\/www.facebook.com\\\/revistarambla\",\"https:\\\/\\\/x.com\\\/revistarambla\"]}]}<\/script>\n<!-- \/ Yoast SEO plugin. -->","yoast_head_json":{"title":"El poder del ruido feminista - Revista Rambla","robots":{"index":"index","follow":"follow","max-snippet":"max-snippet:-1","max-image-preview":"max-image-preview:large","max-video-preview":"max-video-preview:-1"},"canonical":"https:\/\/www.revistarambla.com\/en\/el-poder-del-ruido-feminista\/","og_locale":"en_GB","og_type":"article","og_title":"El poder del ruido feminista - Revista Rambla","og_description":"Cuando las voces colectivas transforman el silencio en pol\u00edtica","og_url":"https:\/\/www.revistarambla.com\/en\/el-poder-del-ruido-feminista\/","og_site_name":"Revista Rambla","article_publisher":"https:\/\/www.facebook.com\/revistarambla\/","article_author":"https:\/\/www.facebook.com\/revistarambla","article_published_time":"2026-03-07T17:33:26+00:00","article_modified_time":"2026-03-09T17:27:23+00:00","og_image":[{"width":674,"height":359,"url":"https:\/\/www.revistarambla.com\/wp-content\/uploads\/2022\/03\/Screenshot-2022-03-03-at-17-47-56-La-Direccio-de-Transports-de-Barcelona-\u2013-TMB-Discrimina-a-la-dona-\u2013-Vaga-General-Feminista.png","type":"image\/png"}],"author":"R@mbla","twitter_card":"summary_large_image","twitter_creator":"@revistarambla","twitter_site":"@revistarambla","twitter_misc":{"Written by":"R@mbla","Estimated reading time":"8 minutes"},"schema":{"@context":"https:\/\/schema.org","@graph":[{"@type":"Article","@id":"https:\/\/www.revistarambla.com\/el-poder-del-ruido-feminista\/#article","isPartOf":{"@id":"https:\/\/www.revistarambla.com\/el-poder-del-ruido-feminista\/"},"author":{"name":"R@mbla","@id":"https:\/\/www.revistarambla.com\/#\/schema\/person\/a146a5a2550b94981a75131180e1bd9c"},"headline":"El poder del ruido feminista","datePublished":"2026-03-07T17:33:26+00:00","dateModified":"2026-03-09T17:27:23+00:00","mainEntityOfPage":{"@id":"https:\/\/www.revistarambla.com\/el-poder-del-ruido-feminista\/"},"wordCount":1682,"publisher":{"@id":"https:\/\/www.revistarambla.com\/#organization"},"image":{"@id":"https:\/\/www.revistarambla.com\/el-poder-del-ruido-feminista\/#primaryimage"},"thumbnailUrl":"https:\/\/www.revistarambla.com\/wp-content\/uploads\/2022\/03\/Screenshot-2022-03-03-at-17-47-56-La-Direccio-de-Transports-de-Barcelona-\u2013-TMB-Discrimina-a-la-dona-\u2013-Vaga-General-Feminista.png","articleSection":["Opiniones"],"inLanguage":"en-GB"},{"@type":"WebPage","@id":"https:\/\/www.revistarambla.com\/el-poder-del-ruido-feminista\/","url":"https:\/\/www.revistarambla.com\/el-poder-del-ruido-feminista\/","name":"El poder del ruido feminista - Revista Rambla","isPartOf":{"@id":"https:\/\/www.revistarambla.com\/#website"},"primaryImageOfPage":{"@id":"https:\/\/www.revistarambla.com\/el-poder-del-ruido-feminista\/#primaryimage"},"image":{"@id":"https:\/\/www.revistarambla.com\/el-poder-del-ruido-feminista\/#primaryimage"},"thumbnailUrl":"https:\/\/www.revistarambla.com\/wp-content\/uploads\/2022\/03\/Screenshot-2022-03-03-at-17-47-56-La-Direccio-de-Transports-de-Barcelona-\u2013-TMB-Discrimina-a-la-dona-\u2013-Vaga-General-Feminista.png","datePublished":"2026-03-07T17:33:26+00:00","dateModified":"2026-03-09T17:27:23+00:00","breadcrumb":{"@id":"https:\/\/www.revistarambla.com\/el-poder-del-ruido-feminista\/#breadcrumb"},"inLanguage":"en-GB","potentialAction":[{"@type":"ReadAction","target":["https:\/\/www.revistarambla.com\/el-poder-del-ruido-feminista\/"]}]},{"@type":"ImageObject","inLanguage":"en-GB","@id":"https:\/\/www.revistarambla.com\/el-poder-del-ruido-feminista\/#primaryimage","url":"https:\/\/www.revistarambla.com\/wp-content\/uploads\/2022\/03\/Screenshot-2022-03-03-at-17-47-56-La-Direccio-de-Transports-de-Barcelona-\u2013-TMB-Discrimina-a-la-dona-\u2013-Vaga-General-Feminista.png","contentUrl":"https:\/\/www.revistarambla.com\/wp-content\/uploads\/2022\/03\/Screenshot-2022-03-03-at-17-47-56-La-Direccio-de-Transports-de-Barcelona-\u2013-TMB-Discrimina-a-la-dona-\u2013-Vaga-General-Feminista.png","width":674,"height":359,"caption":"feminista"},{"@type":"BreadcrumbList","@id":"https:\/\/www.revistarambla.com\/el-poder-del-ruido-feminista\/#breadcrumb","itemListElement":[{"@type":"ListItem","position":1,"name":"Portada","item":"https:\/\/www.revistarambla.com\/"},{"@type":"ListItem","position":2,"name":"El poder del ruido feminista"}]},{"@type":"WebSite","@id":"https:\/\/www.revistarambla.com\/#website","url":"https:\/\/www.revistarambla.com\/","name":"Revista Rambla Barcelona","description":"Periodismo independiente","publisher":{"@id":"https:\/\/www.revistarambla.com\/#organization"},"potentialAction":[{"@type":"SearchAction","target":{"@type":"EntryPoint","urlTemplate":"https:\/\/www.revistarambla.com\/?s={search_term_string}"},"query-input":{"@type":"PropertyValueSpecification","valueRequired":true,"valueName":"search_term_string"}}],"inLanguage":"en-GB"},{"@type":"Organization","@id":"https:\/\/www.revistarambla.com\/#organization","name":"Revista Rambla","url":"https:\/\/www.revistarambla.com\/","logo":{"@type":"ImageObject","inLanguage":"en-GB","@id":"https:\/\/www.revistarambla.com\/#\/schema\/logo\/image\/","url":"https:\/\/www.revistarambla.com\/wp-content\/uploads\/2020\/09\/banner_rambla_1900x600_BB.png","contentUrl":"https:\/\/www.revistarambla.com\/wp-content\/uploads\/2020\/09\/banner_rambla_1900x600_BB.png","width":1900,"height":600,"caption":"Revista Rambla"},"image":{"@id":"https:\/\/www.revistarambla.com\/#\/schema\/logo\/image\/"},"sameAs":["https:\/\/www.facebook.com\/revistarambla\/","https:\/\/x.com\/revistarambla","https:\/\/www.instagram.com\/revista_rambla","https:\/\/es.linkedin.com\/company\/revista-rambla"]},{"@type":"Person","@id":"https:\/\/www.revistarambla.com\/#\/schema\/person\/a146a5a2550b94981a75131180e1bd9c","name":"R@mbla","description":"Este art\u00edculo ha sido redactado y\/o validado por el equipo de redacci\u00f3n de Revista Rambla.","sameAs":["https:\/\/www.revistarambla.com\/","https:\/\/www.facebook.com\/revistarambla","https:\/\/x.com\/revistarambla"]}]}},"_links":{"self":[{"href":"https:\/\/www.revistarambla.com\/en\/wp-json\/wp\/v2\/posts\/67868","targetHints":{"allow":["GET"]}}],"collection":[{"href":"https:\/\/www.revistarambla.com\/en\/wp-json\/wp\/v2\/posts"}],"about":[{"href":"https:\/\/www.revistarambla.com\/en\/wp-json\/wp\/v2\/types\/post"}],"author":[{"embeddable":true,"href":"https:\/\/www.revistarambla.com\/en\/wp-json\/wp\/v2\/users\/3"}],"replies":[{"embeddable":true,"href":"https:\/\/www.revistarambla.com\/en\/wp-json\/wp\/v2\/comments?post=67868"}],"version-history":[{"count":3,"href":"https:\/\/www.revistarambla.com\/en\/wp-json\/wp\/v2\/posts\/67868\/revisions"}],"predecessor-version":[{"id":67901,"href":"https:\/\/www.revistarambla.com\/en\/wp-json\/wp\/v2\/posts\/67868\/revisions\/67901"}],"wp:featuredmedia":[{"embeddable":true,"href":"https:\/\/www.revistarambla.com\/en\/wp-json\/wp\/v2\/media\/39711"}],"wp:attachment":[{"href":"https:\/\/www.revistarambla.com\/en\/wp-json\/wp\/v2\/media?parent=67868"}],"wp:term":[{"taxonomy":"category","embeddable":true,"href":"https:\/\/www.revistarambla.com\/en\/wp-json\/wp\/v2\/categories?post=67868"},{"taxonomy":"post_tag","embeddable":true,"href":"https:\/\/www.revistarambla.com\/en\/wp-json\/wp\/v2\/tags?post=67868"}],"curies":[{"name":"wp","href":"https:\/\/api.w.org\/{rel}","templated":true}]}}