{"id":67866,"date":"2026-03-07T18:30:31","date_gmt":"2026-03-07T17:30:31","guid":{"rendered":"https:\/\/www.revistarambla.com\/?p=67866"},"modified":"2026-03-07T18:30:31","modified_gmt":"2026-03-07T17:30:31","slug":"del-servicio-publico-al-mercado-como-la-privatizacion-de-los-medios-electronicos-redefinio-la-democracia","status":"publish","type":"post","link":"https:\/\/www.revistarambla.com\/en\/del-servicio-publico-al-mercado-como-la-privatizacion-de-los-medios-electronicos-redefinio-la-democracia\/","title":{"rendered":"Del servicio p\u00fablico al mercado: c\u00f3mo la privatizaci\u00f3n de los medios electr\u00f3nicos redefini\u00f3 la democracia"},"content":{"rendered":"<p>Hubo un tiempo en que los medios electr\u00f3nicos no eran, al menos en su concepci\u00f3n original, simples negocios. <!--more-->La radio y la televisi\u00f3n nacieron como instrumentos estrat\u00e9gicos de cohesi\u00f3n social, educaci\u00f3n y cultura. Su valor se med\u00eda por su capacidad de articular comunidades y fortalecer la vida p\u00fablica. Sin embargo, la historia de su privatizaci\u00f3n revela una transformaci\u00f3n profunda: el desplazamiento de un modelo basado en el inter\u00e9s colectivo hacia otro dominado por la l\u00f3gica del mercado. Este cambio no fue inevitable ni puramente tecnol\u00f3gico; fue el resultado de decisiones pol\u00edticas, de correlaciones de poder y de una ideolog\u00eda econ\u00f3mica que, desde finales del siglo XX, redefini\u00f3 el papel del Estado y del mercado en casi todos los \u00e1mbitos de la vida social.<\/p>\n<p>Para comprender esta transformaci\u00f3n hay que volver al periodo posterior a la Segunda Guerra Mundial. En gran parte de Europa, el modelo dominante de radiodifusi\u00f3n se articul\u00f3 alrededor de instituciones p\u00fablicas o mixtas que respond\u00edan a la idea de que el espectro radioel\u00e9ctrico \u2014un recurso limitado\u2014 deb\u00eda administrarse en beneficio de la sociedad. El caso paradigm\u00e1tico fue el de la BBC en el Reino Unido. Durante d\u00e9cadas, esta instituci\u00f3n simboliz\u00f3 un modelo de radiodifusi\u00f3n no comercial basado en el servicio p\u00fablico, con una programaci\u00f3n que privilegiaba la informaci\u00f3n, la educaci\u00f3n y la cultura sobre el entretenimiento puramente lucrativo. El apoyo social a este sistema era considerable, y la legitimidad de la radiodifusi\u00f3n p\u00fablica se mantuvo s\u00f3lida durante buena parte del siglo XX. ([rebelion.org][1])<\/p>\n<p>Ese equilibrio entre capital p\u00fablico, regulaci\u00f3n estatal y responsabilidad cultural caracteriz\u00f3 a muchos sistemas medi\u00e1ticos entre los a\u00f1os cincuenta y ochenta. Incluso cuando coexist\u00edan operadores privados, el Estado manten\u00eda mecanismos de control o supervisi\u00f3n sobre contenidos y est\u00e1ndares informativos. En ese contexto, los medios electr\u00f3nicos eran entendidos como infraestructuras sociales comparables a la educaci\u00f3n o el transporte: \u00e1mbitos en los que el inter\u00e9s p\u00fablico deb\u00eda prevalecer sobre la l\u00f3gica estrictamente comercial.<\/p>\n<p>Pero este paradigma empez\u00f3 a resquebrajarse a partir de la d\u00e9cada de 1980. La ola neoliberal que se extendi\u00f3 por el mundo occidental redefini\u00f3 la relaci\u00f3n entre Estado y mercado. Bajo el liderazgo pol\u00edtico de figuras como Ronald Reagan en Estados Unidos y Margaret Thatcher en el Reino Unido, la privatizaci\u00f3n y la desregulaci\u00f3n se convirtieron en pilares centrales de la pol\u00edtica econ\u00f3mica. Los medios electr\u00f3nicos no quedaron al margen de esta transformaci\u00f3n.<\/p>\n<p>La nueva ortodoxia sosten\u00eda que el mercado era m\u00e1s eficiente que el Estado para gestionar casi cualquier actividad. En consecuencia, los gobiernos comenzaron a reducir la intervenci\u00f3n p\u00fablica en el sector medi\u00e1tico, flexibilizando regulaciones, permitiendo mayores niveles de concentraci\u00f3n empresarial y promoviendo la expansi\u00f3n de operadores privados. La televisi\u00f3n comercial, impulsada por la publicidad y la competencia por audiencias masivas, pas\u00f3 a dominar el panorama medi\u00e1tico en muchos pa\u00edses.<\/p>\n<p>La privatizaci\u00f3n no signific\u00f3 \u00fanicamente la venta de empresas p\u00fablicas o la concesi\u00f3n de nuevas licencias privadas. Tambi\u00e9n implic\u00f3 una transformaci\u00f3n m\u00e1s profunda: el cambio de los criterios que defin\u00edan el \u00e9xito de un medio. Si antes se hablaba de calidad cultural o responsabilidad informativa, el nuevo lenguaje gir\u00f3 alrededor de indicadores como rating, cuota de mercado o rentabilidad publicitaria. La l\u00f3gica empresarial comenz\u00f3 a imponerse sobre la l\u00f3gica c\u00edvica.<\/p>\n<p>Uno de los resultados m\u00e1s visibles fue la concentraci\u00f3n de la propiedad medi\u00e1tica. A medida que se relajaban las restricciones regulatorias, conglomerados cada vez m\u00e1s grandes absorbieron estaciones de radio, canales de televisi\u00f3n y posteriormente plataformas digitales. Esta tendencia no solo alter\u00f3 la estructura econ\u00f3mica del sector, sino que tambi\u00e9n tuvo implicaciones pol\u00edticas profundas. Cuando un n\u00famero reducido de corporaciones controla gran parte del flujo de informaci\u00f3n, la pluralidad de voces \u2014un elemento esencial para la democracia\u2014 se ve inevitablemente comprometida.<\/p>\n<p>Adem\u00e1s, el modelo comercial tiende a privilegiar contenidos que maximicen la audiencia y, por tanto, los ingresos publicitarios. Esto favorece formatos de entretenimiento r\u00e1pido, sensacionalismo o polarizaci\u00f3n, mientras que los contenidos informativos complejos o culturalmente exigentes suelen quedar relegados a espacios marginales. La l\u00f3gica del mercado premia lo que atrae atenci\u00f3n inmediata, no necesariamente lo que fortalece el debate p\u00fablico.<\/p>\n<p>La historia de la privatizaci\u00f3n medi\u00e1tica tambi\u00e9n revela un fen\u00f3meno menos visible pero igualmente decisivo: la redefinici\u00f3n del ciudadano como consumidor. En el modelo de servicio p\u00fablico, la audiencia era concebida como una comunidad pol\u00edtica con derechos informativos. En el modelo comercial, en cambio, el espectador se convierte principalmente en un mercado: un conjunto de consumidores cuyo valor se mide por su capacidad de generar ingresos publicitarios.<\/p>\n<p>Este cambio de perspectiva tiene consecuencias profundas para la democracia. La informaci\u00f3n deja de ser un bien p\u00fablico esencial para la deliberaci\u00f3n colectiva y pasa a ser un producto sujeto a las mismas din\u00e1micas que cualquier otra mercanc\u00eda. Cuando la l\u00f3gica del beneficio domina el ecosistema informativo, las prioridades editoriales pueden desplazarse desde la b\u00fasqueda de la verdad hacia la maximizaci\u00f3n de la rentabilidad.<\/p>\n<p>Por supuesto, los defensores de la privatizaci\u00f3n argumentan que la competencia estimula la innovaci\u00f3n y ampl\u00eda la diversidad de contenidos. En cierta medida, esto es cierto. La expansi\u00f3n de operadores privados multiplic\u00f3 las opciones disponibles para las audiencias y aceler\u00f3 el desarrollo tecnol\u00f3gico del sector. Sin embargo, la diversidad cuantitativa no siempre se traduce en diversidad real de perspectivas. Muchos canales pueden pertenecer a los mismos conglomerados y reproducir narrativas similares.<\/p>\n<p>La evoluci\u00f3n reciente del ecosistema medi\u00e1tico digital a\u00f1ade otra capa de complejidad a este proceso hist\u00f3rico. Internet promet\u00eda democratizar la producci\u00f3n y distribuci\u00f3n de informaci\u00f3n, rompiendo el monopolio de las grandes corporaciones medi\u00e1ticas. En cierto sentido, lo ha hecho. Nunca hab\u00eda sido tan f\u00e1cil publicar opiniones, crear contenido audiovisual o acceder a fuentes alternativas de informaci\u00f3n.<\/p>\n<p>Sin embargo, las din\u00e1micas de concentraci\u00f3n no han desaparecido; simplemente han cambiado de forma. Grandes plataformas tecnol\u00f3gicas han adquirido un poder sin precedentes sobre los flujos de informaci\u00f3n globales. Algoritmos opacos deciden qu\u00e9 noticias vemos, qu\u00e9 contenidos se vuelven virales y qu\u00e9 voces permanecen invisibles. En este nuevo escenario, el problema ya no es solo qui\u00e9n posee los medios, sino qui\u00e9n controla las infraestructuras digitales que organizan la atenci\u00f3n p\u00fablica.<\/p>\n<p>La privatizaci\u00f3n de los medios electr\u00f3nicos, por tanto, no es simplemente un episodio hist\u00f3rico del siglo XX. Es parte de un proceso m\u00e1s amplio de mercantilizaci\u00f3n de la esfera p\u00fablica. Desde la radio anal\u00f3gica hasta las plataformas digitales, la tensi\u00f3n entre inter\u00e9s p\u00fablico y beneficio privado sigue definiendo el futuro de la comunicaci\u00f3n.<\/p>\n<p>La pregunta central es si la informaci\u00f3n puede sobrevivir como bien p\u00fablico en un entorno dominado por incentivos comerciales. La experiencia hist\u00f3rica sugiere que confiar exclusivamente en el mercado para garantizar un ecosistema informativo saludable es, como m\u00ednimo, problem\u00e1tico. La l\u00f3gica empresarial puede producir abundancia de contenidos, pero no necesariamente pluralismo, rigor o responsabilidad democr\u00e1tica.<\/p>\n<p>Por esta raz\u00f3n, el debate sobre la regulaci\u00f3n medi\u00e1tica sigue siendo crucial. No se trata de restaurar modelos estatales r\u00edgidos ni de suprimir la iniciativa privada, sino de reconocer que la informaci\u00f3n ocupa un lugar especial en la arquitectura de la democracia. Las sociedades necesitan mecanismos que garanticen diversidad de voces, independencia editorial y acceso equitativo a la informaci\u00f3n.<\/p>\n<p>En \u00faltima instancia, la historia de la privatizaci\u00f3n de los medios electr\u00f3nicos es tambi\u00e9n una historia sobre el poder. Quien controla los canales de comunicaci\u00f3n tiene una influencia extraordinaria sobre la percepci\u00f3n de la realidad. Puede definir qu\u00e9 temas se discuten, qu\u00e9 problemas se consideran urgentes y qu\u00e9 narrativas dominan el espacio p\u00fablico.<\/p>\n<p>Por eso, el debate sobre los medios nunca es puramente t\u00e9cnico ni econ\u00f3mico. Es una discusi\u00f3n sobre la calidad de la democracia. Una sociedad en la que la informaci\u00f3n est\u00e1 completamente subordinada al mercado corre el riesgo de convertir la deliberaci\u00f3n p\u00fablica en un espect\u00e1culo m\u00e1s del entretenimiento comercial.<\/p>\n<p>Tal vez la lecci\u00f3n m\u00e1s importante de esta historia sea que los medios no son simplemente empresas ni meras tecnolog\u00edas. Son instituciones sociales que estructuran nuestra relaci\u00f3n con la verdad, con el poder y con los dem\u00e1s ciudadanos. Y como tales, su organizaci\u00f3n no deber\u00eda depender \u00fanicamente de la rentabilidad financiera, sino tambi\u00e9n de principios democr\u00e1ticos.<\/p>\n<p>En un momento hist\u00f3rico en el que la desinformaci\u00f3n, la polarizaci\u00f3n y la concentraci\u00f3n medi\u00e1tica amenazan la calidad del debate p\u00fablico, volver a discutir el papel social de los medios no es una nostalgia del pasado. Es una necesidad urgente del presente. Porque la forma en que una sociedad organiza su sistema de comunicaci\u00f3n dice mucho sobre el tipo de democracia que aspira a construir. ([rebelion.org][1])<\/p>\n<p>[1]: https:\/\/rebelion.org\/breve-historia-de-la-privatizacion-de-los-medios-electronicos\/?utm_source=chatgpt.com \u00abBreve historia de la privatizaci\u00f3n de los medios electr\u00f3nicos\u00bb<\/p>\n","protected":false},"excerpt":{"rendered":"<p>La historia de la radio y la televisi\u00f3n revela que la batalla por la informaci\u00f3n nunca ha sido solo tecnol\u00f3gica, sino profundamente pol\u00edtica: una disputa entre el inter\u00e9s p\u00fablico y la l\u00f3gica del mercado.<\/p>","protected":false},"author":3,"featured_media":55201,"comment_status":"closed","ping_status":"closed","sticky":false,"template":"","format":"standard","meta":{"footnotes":""},"categories":[72],"tags":[],"class_list":["post-67866","post","type-post","status-publish","format-standard","has-post-thumbnail","hentry","category-opinion"],"yoast_head":"<!-- This site is optimized with the Yoast SEO plugin v27.5 - https:\/\/yoast.com\/product\/yoast-seo-wordpress\/ -->\n<title>Del servicio p\u00fablico al mercado: c\u00f3mo la privatizaci\u00f3n de los medios electr\u00f3nicos redefini\u00f3 la democracia - Revista Rambla<\/title>\n<meta name=\"robots\" content=\"index, follow, max-snippet:-1, max-image-preview:large, max-video-preview:-1\" \/>\n<link rel=\"canonical\" href=\"https:\/\/www.revistarambla.com\/en\/del-servicio-publico-al-mercado-como-la-privatizacion-de-los-medios-electronicos-redefinio-la-democracia\/\" \/>\n<meta property=\"og:locale\" content=\"en_GB\" \/>\n<meta property=\"og:type\" content=\"article\" \/>\n<meta property=\"og:title\" content=\"Del servicio p\u00fablico al mercado: c\u00f3mo la privatizaci\u00f3n de los medios electr\u00f3nicos redefini\u00f3 la democracia - Revista Rambla\" \/>\n<meta property=\"og:description\" content=\"La historia de la radio y la televisi\u00f3n revela que la batalla por la informaci\u00f3n nunca ha sido solo tecnol\u00f3gica, sino profundamente pol\u00edtica: una disputa entre el inter\u00e9s p\u00fablico y la l\u00f3gica del mercado.\" \/>\n<meta property=\"og:url\" content=\"https:\/\/www.revistarambla.com\/en\/del-servicio-publico-al-mercado-como-la-privatizacion-de-los-medios-electronicos-redefinio-la-democracia\/\" \/>\n<meta property=\"og:site_name\" content=\"Revista Rambla\" \/>\n<meta property=\"article:publisher\" content=\"https:\/\/www.facebook.com\/revistarambla\/\" \/>\n<meta property=\"article:author\" content=\"https:\/\/www.facebook.com\/revistarambla\" \/>\n<meta property=\"article:published_time\" content=\"2026-03-07T17:30:31+00:00\" \/>\n<meta property=\"og:image\" content=\"https:\/\/www.revistarambla.com\/wp-content\/uploads\/2023\/05\/prensa-periodicos-diarios-publicidad-kiosko-cabeceras-revista-rambla.jpg\" \/>\n\t<meta property=\"og:image:width\" content=\"1200\" \/>\n\t<meta property=\"og:image:height\" content=\"675\" \/>\n\t<meta property=\"og:image:type\" content=\"image\/jpeg\" \/>\n<meta name=\"author\" content=\"R@mbla\" \/>\n<meta name=\"twitter:card\" content=\"summary_large_image\" \/>\n<meta name=\"twitter:creator\" content=\"@revistarambla\" \/>\n<meta name=\"twitter:site\" content=\"@revistarambla\" \/>\n<meta name=\"twitter:label1\" content=\"Written by\" \/>\n\t<meta name=\"twitter:data1\" content=\"R@mbla\" \/>\n\t<meta name=\"twitter:label2\" content=\"Estimated reading time\" \/>\n\t<meta name=\"twitter:data2\" content=\"7 minutes\" \/>\n<script type=\"application\/ld+json\" class=\"yoast-schema-graph\">{\"@context\":\"https:\\\/\\\/schema.org\",\"@graph\":[{\"@type\":\"Article\",\"@id\":\"https:\\\/\\\/www.revistarambla.com\\\/del-servicio-publico-al-mercado-como-la-privatizacion-de-los-medios-electronicos-redefinio-la-democracia\\\/#article\",\"isPartOf\":{\"@id\":\"https:\\\/\\\/www.revistarambla.com\\\/del-servicio-publico-al-mercado-como-la-privatizacion-de-los-medios-electronicos-redefinio-la-democracia\\\/\"},\"author\":{\"name\":\"R@mbla\",\"@id\":\"https:\\\/\\\/www.revistarambla.com\\\/#\\\/schema\\\/person\\\/a146a5a2550b94981a75131180e1bd9c\"},\"headline\":\"Del servicio p\u00fablico al mercado: c\u00f3mo la privatizaci\u00f3n de los medios electr\u00f3nicos redefini\u00f3 la democracia\",\"datePublished\":\"2026-03-07T17:30:31+00:00\",\"mainEntityOfPage\":{\"@id\":\"https:\\\/\\\/www.revistarambla.com\\\/del-servicio-publico-al-mercado-como-la-privatizacion-de-los-medios-electronicos-redefinio-la-democracia\\\/\"},\"wordCount\":1614,\"publisher\":{\"@id\":\"https:\\\/\\\/www.revistarambla.com\\\/#organization\"},\"image\":{\"@id\":\"https:\\\/\\\/www.revistarambla.com\\\/del-servicio-publico-al-mercado-como-la-privatizacion-de-los-medios-electronicos-redefinio-la-democracia\\\/#primaryimage\"},\"thumbnailUrl\":\"https:\\\/\\\/www.revistarambla.com\\\/wp-content\\\/uploads\\\/2023\\\/05\\\/prensa-periodicos-diarios-publicidad-kiosko-cabeceras-revista-rambla.jpg\",\"articleSection\":[\"Opiniones\"],\"inLanguage\":\"en-GB\"},{\"@type\":\"WebPage\",\"@id\":\"https:\\\/\\\/www.revistarambla.com\\\/del-servicio-publico-al-mercado-como-la-privatizacion-de-los-medios-electronicos-redefinio-la-democracia\\\/\",\"url\":\"https:\\\/\\\/www.revistarambla.com\\\/del-servicio-publico-al-mercado-como-la-privatizacion-de-los-medios-electronicos-redefinio-la-democracia\\\/\",\"name\":\"Del servicio p\u00fablico al mercado: c\u00f3mo la privatizaci\u00f3n de los medios electr\u00f3nicos redefini\u00f3 la democracia - Revista Rambla\",\"isPartOf\":{\"@id\":\"https:\\\/\\\/www.revistarambla.com\\\/#website\"},\"primaryImageOfPage\":{\"@id\":\"https:\\\/\\\/www.revistarambla.com\\\/del-servicio-publico-al-mercado-como-la-privatizacion-de-los-medios-electronicos-redefinio-la-democracia\\\/#primaryimage\"},\"image\":{\"@id\":\"https:\\\/\\\/www.revistarambla.com\\\/del-servicio-publico-al-mercado-como-la-privatizacion-de-los-medios-electronicos-redefinio-la-democracia\\\/#primaryimage\"},\"thumbnailUrl\":\"https:\\\/\\\/www.revistarambla.com\\\/wp-content\\\/uploads\\\/2023\\\/05\\\/prensa-periodicos-diarios-publicidad-kiosko-cabeceras-revista-rambla.jpg\",\"datePublished\":\"2026-03-07T17:30:31+00:00\",\"breadcrumb\":{\"@id\":\"https:\\\/\\\/www.revistarambla.com\\\/del-servicio-publico-al-mercado-como-la-privatizacion-de-los-medios-electronicos-redefinio-la-democracia\\\/#breadcrumb\"},\"inLanguage\":\"en-GB\",\"potentialAction\":[{\"@type\":\"ReadAction\",\"target\":[\"https:\\\/\\\/www.revistarambla.com\\\/del-servicio-publico-al-mercado-como-la-privatizacion-de-los-medios-electronicos-redefinio-la-democracia\\\/\"]}]},{\"@type\":\"ImageObject\",\"inLanguage\":\"en-GB\",\"@id\":\"https:\\\/\\\/www.revistarambla.com\\\/del-servicio-publico-al-mercado-como-la-privatizacion-de-los-medios-electronicos-redefinio-la-democracia\\\/#primaryimage\",\"url\":\"https:\\\/\\\/www.revistarambla.com\\\/wp-content\\\/uploads\\\/2023\\\/05\\\/prensa-periodicos-diarios-publicidad-kiosko-cabeceras-revista-rambla.jpg\",\"contentUrl\":\"https:\\\/\\\/www.revistarambla.com\\\/wp-content\\\/uploads\\\/2023\\\/05\\\/prensa-periodicos-diarios-publicidad-kiosko-cabeceras-revista-rambla.jpg\",\"width\":1200,\"height\":675},{\"@type\":\"BreadcrumbList\",\"@id\":\"https:\\\/\\\/www.revistarambla.com\\\/del-servicio-publico-al-mercado-como-la-privatizacion-de-los-medios-electronicos-redefinio-la-democracia\\\/#breadcrumb\",\"itemListElement\":[{\"@type\":\"ListItem\",\"position\":1,\"name\":\"Portada\",\"item\":\"https:\\\/\\\/www.revistarambla.com\\\/\"},{\"@type\":\"ListItem\",\"position\":2,\"name\":\"Del servicio p\u00fablico al mercado: c\u00f3mo la privatizaci\u00f3n de los medios electr\u00f3nicos redefini\u00f3 la democracia\"}]},{\"@type\":\"WebSite\",\"@id\":\"https:\\\/\\\/www.revistarambla.com\\\/#website\",\"url\":\"https:\\\/\\\/www.revistarambla.com\\\/\",\"name\":\"Revista Rambla Barcelona\",\"description\":\"Periodismo independiente\",\"publisher\":{\"@id\":\"https:\\\/\\\/www.revistarambla.com\\\/#organization\"},\"potentialAction\":[{\"@type\":\"SearchAction\",\"target\":{\"@type\":\"EntryPoint\",\"urlTemplate\":\"https:\\\/\\\/www.revistarambla.com\\\/?s={search_term_string}\"},\"query-input\":{\"@type\":\"PropertyValueSpecification\",\"valueRequired\":true,\"valueName\":\"search_term_string\"}}],\"inLanguage\":\"en-GB\"},{\"@type\":\"Organization\",\"@id\":\"https:\\\/\\\/www.revistarambla.com\\\/#organization\",\"name\":\"Revista Rambla\",\"url\":\"https:\\\/\\\/www.revistarambla.com\\\/\",\"logo\":{\"@type\":\"ImageObject\",\"inLanguage\":\"en-GB\",\"@id\":\"https:\\\/\\\/www.revistarambla.com\\\/#\\\/schema\\\/logo\\\/image\\\/\",\"url\":\"https:\\\/\\\/www.revistarambla.com\\\/wp-content\\\/uploads\\\/2020\\\/09\\\/banner_rambla_1900x600_BB.png\",\"contentUrl\":\"https:\\\/\\\/www.revistarambla.com\\\/wp-content\\\/uploads\\\/2020\\\/09\\\/banner_rambla_1900x600_BB.png\",\"width\":1900,\"height\":600,\"caption\":\"Revista Rambla\"},\"image\":{\"@id\":\"https:\\\/\\\/www.revistarambla.com\\\/#\\\/schema\\\/logo\\\/image\\\/\"},\"sameAs\":[\"https:\\\/\\\/www.facebook.com\\\/revistarambla\\\/\",\"https:\\\/\\\/x.com\\\/revistarambla\",\"https:\\\/\\\/www.instagram.com\\\/revista_rambla\",\"https:\\\/\\\/es.linkedin.com\\\/company\\\/revista-rambla\"]},{\"@type\":\"Person\",\"@id\":\"https:\\\/\\\/www.revistarambla.com\\\/#\\\/schema\\\/person\\\/a146a5a2550b94981a75131180e1bd9c\",\"name\":\"R@mbla\",\"description\":\"Este art\u00edculo ha sido redactado y\\\/o validado por el equipo de redacci\u00f3n de Revista Rambla.\",\"sameAs\":[\"https:\\\/\\\/www.revistarambla.com\\\/\",\"https:\\\/\\\/www.facebook.com\\\/revistarambla\",\"https:\\\/\\\/x.com\\\/revistarambla\"]}]}<\/script>\n<!-- \/ Yoast SEO plugin. -->","yoast_head_json":{"title":"Del servicio p\u00fablico al mercado: c\u00f3mo la privatizaci\u00f3n de los medios electr\u00f3nicos redefini\u00f3 la democracia - Revista Rambla","robots":{"index":"index","follow":"follow","max-snippet":"max-snippet:-1","max-image-preview":"max-image-preview:large","max-video-preview":"max-video-preview:-1"},"canonical":"https:\/\/www.revistarambla.com\/en\/del-servicio-publico-al-mercado-como-la-privatizacion-de-los-medios-electronicos-redefinio-la-democracia\/","og_locale":"en_GB","og_type":"article","og_title":"Del servicio p\u00fablico al mercado: c\u00f3mo la privatizaci\u00f3n de los medios electr\u00f3nicos redefini\u00f3 la democracia - Revista Rambla","og_description":"La historia de la radio y la televisi\u00f3n revela que la batalla por la informaci\u00f3n nunca ha sido solo tecnol\u00f3gica, sino profundamente pol\u00edtica: una disputa entre el inter\u00e9s p\u00fablico y la l\u00f3gica del mercado.","og_url":"https:\/\/www.revistarambla.com\/en\/del-servicio-publico-al-mercado-como-la-privatizacion-de-los-medios-electronicos-redefinio-la-democracia\/","og_site_name":"Revista Rambla","article_publisher":"https:\/\/www.facebook.com\/revistarambla\/","article_author":"https:\/\/www.facebook.com\/revistarambla","article_published_time":"2026-03-07T17:30:31+00:00","og_image":[{"width":1200,"height":675,"url":"https:\/\/www.revistarambla.com\/wp-content\/uploads\/2023\/05\/prensa-periodicos-diarios-publicidad-kiosko-cabeceras-revista-rambla.jpg","type":"image\/jpeg"}],"author":"R@mbla","twitter_card":"summary_large_image","twitter_creator":"@revistarambla","twitter_site":"@revistarambla","twitter_misc":{"Written by":"R@mbla","Estimated reading time":"7 minutes"},"schema":{"@context":"https:\/\/schema.org","@graph":[{"@type":"Article","@id":"https:\/\/www.revistarambla.com\/del-servicio-publico-al-mercado-como-la-privatizacion-de-los-medios-electronicos-redefinio-la-democracia\/#article","isPartOf":{"@id":"https:\/\/www.revistarambla.com\/del-servicio-publico-al-mercado-como-la-privatizacion-de-los-medios-electronicos-redefinio-la-democracia\/"},"author":{"name":"R@mbla","@id":"https:\/\/www.revistarambla.com\/#\/schema\/person\/a146a5a2550b94981a75131180e1bd9c"},"headline":"Del servicio p\u00fablico al mercado: c\u00f3mo la privatizaci\u00f3n de los medios electr\u00f3nicos redefini\u00f3 la democracia","datePublished":"2026-03-07T17:30:31+00:00","mainEntityOfPage":{"@id":"https:\/\/www.revistarambla.com\/del-servicio-publico-al-mercado-como-la-privatizacion-de-los-medios-electronicos-redefinio-la-democracia\/"},"wordCount":1614,"publisher":{"@id":"https:\/\/www.revistarambla.com\/#organization"},"image":{"@id":"https:\/\/www.revistarambla.com\/del-servicio-publico-al-mercado-como-la-privatizacion-de-los-medios-electronicos-redefinio-la-democracia\/#primaryimage"},"thumbnailUrl":"https:\/\/www.revistarambla.com\/wp-content\/uploads\/2023\/05\/prensa-periodicos-diarios-publicidad-kiosko-cabeceras-revista-rambla.jpg","articleSection":["Opiniones"],"inLanguage":"en-GB"},{"@type":"WebPage","@id":"https:\/\/www.revistarambla.com\/del-servicio-publico-al-mercado-como-la-privatizacion-de-los-medios-electronicos-redefinio-la-democracia\/","url":"https:\/\/www.revistarambla.com\/del-servicio-publico-al-mercado-como-la-privatizacion-de-los-medios-electronicos-redefinio-la-democracia\/","name":"Del servicio p\u00fablico al mercado: c\u00f3mo la privatizaci\u00f3n de los medios electr\u00f3nicos redefini\u00f3 la democracia - Revista Rambla","isPartOf":{"@id":"https:\/\/www.revistarambla.com\/#website"},"primaryImageOfPage":{"@id":"https:\/\/www.revistarambla.com\/del-servicio-publico-al-mercado-como-la-privatizacion-de-los-medios-electronicos-redefinio-la-democracia\/#primaryimage"},"image":{"@id":"https:\/\/www.revistarambla.com\/del-servicio-publico-al-mercado-como-la-privatizacion-de-los-medios-electronicos-redefinio-la-democracia\/#primaryimage"},"thumbnailUrl":"https:\/\/www.revistarambla.com\/wp-content\/uploads\/2023\/05\/prensa-periodicos-diarios-publicidad-kiosko-cabeceras-revista-rambla.jpg","datePublished":"2026-03-07T17:30:31+00:00","breadcrumb":{"@id":"https:\/\/www.revistarambla.com\/del-servicio-publico-al-mercado-como-la-privatizacion-de-los-medios-electronicos-redefinio-la-democracia\/#breadcrumb"},"inLanguage":"en-GB","potentialAction":[{"@type":"ReadAction","target":["https:\/\/www.revistarambla.com\/del-servicio-publico-al-mercado-como-la-privatizacion-de-los-medios-electronicos-redefinio-la-democracia\/"]}]},{"@type":"ImageObject","inLanguage":"en-GB","@id":"https:\/\/www.revistarambla.com\/del-servicio-publico-al-mercado-como-la-privatizacion-de-los-medios-electronicos-redefinio-la-democracia\/#primaryimage","url":"https:\/\/www.revistarambla.com\/wp-content\/uploads\/2023\/05\/prensa-periodicos-diarios-publicidad-kiosko-cabeceras-revista-rambla.jpg","contentUrl":"https:\/\/www.revistarambla.com\/wp-content\/uploads\/2023\/05\/prensa-periodicos-diarios-publicidad-kiosko-cabeceras-revista-rambla.jpg","width":1200,"height":675},{"@type":"BreadcrumbList","@id":"https:\/\/www.revistarambla.com\/del-servicio-publico-al-mercado-como-la-privatizacion-de-los-medios-electronicos-redefinio-la-democracia\/#breadcrumb","itemListElement":[{"@type":"ListItem","position":1,"name":"Portada","item":"https:\/\/www.revistarambla.com\/"},{"@type":"ListItem","position":2,"name":"Del servicio p\u00fablico al mercado: c\u00f3mo la privatizaci\u00f3n de los medios electr\u00f3nicos redefini\u00f3 la democracia"}]},{"@type":"WebSite","@id":"https:\/\/www.revistarambla.com\/#website","url":"https:\/\/www.revistarambla.com\/","name":"Revista Rambla Barcelona","description":"Periodismo independiente","publisher":{"@id":"https:\/\/www.revistarambla.com\/#organization"},"potentialAction":[{"@type":"SearchAction","target":{"@type":"EntryPoint","urlTemplate":"https:\/\/www.revistarambla.com\/?s={search_term_string}"},"query-input":{"@type":"PropertyValueSpecification","valueRequired":true,"valueName":"search_term_string"}}],"inLanguage":"en-GB"},{"@type":"Organization","@id":"https:\/\/www.revistarambla.com\/#organization","name":"Revista Rambla","url":"https:\/\/www.revistarambla.com\/","logo":{"@type":"ImageObject","inLanguage":"en-GB","@id":"https:\/\/www.revistarambla.com\/#\/schema\/logo\/image\/","url":"https:\/\/www.revistarambla.com\/wp-content\/uploads\/2020\/09\/banner_rambla_1900x600_BB.png","contentUrl":"https:\/\/www.revistarambla.com\/wp-content\/uploads\/2020\/09\/banner_rambla_1900x600_BB.png","width":1900,"height":600,"caption":"Revista Rambla"},"image":{"@id":"https:\/\/www.revistarambla.com\/#\/schema\/logo\/image\/"},"sameAs":["https:\/\/www.facebook.com\/revistarambla\/","https:\/\/x.com\/revistarambla","https:\/\/www.instagram.com\/revista_rambla","https:\/\/es.linkedin.com\/company\/revista-rambla"]},{"@type":"Person","@id":"https:\/\/www.revistarambla.com\/#\/schema\/person\/a146a5a2550b94981a75131180e1bd9c","name":"R@mbla","description":"Este art\u00edculo ha sido redactado y\/o validado por el equipo de redacci\u00f3n de Revista Rambla.","sameAs":["https:\/\/www.revistarambla.com\/","https:\/\/www.facebook.com\/revistarambla","https:\/\/x.com\/revistarambla"]}]}},"_links":{"self":[{"href":"https:\/\/www.revistarambla.com\/en\/wp-json\/wp\/v2\/posts\/67866","targetHints":{"allow":["GET"]}}],"collection":[{"href":"https:\/\/www.revistarambla.com\/en\/wp-json\/wp\/v2\/posts"}],"about":[{"href":"https:\/\/www.revistarambla.com\/en\/wp-json\/wp\/v2\/types\/post"}],"author":[{"embeddable":true,"href":"https:\/\/www.revistarambla.com\/en\/wp-json\/wp\/v2\/users\/3"}],"replies":[{"embeddable":true,"href":"https:\/\/www.revistarambla.com\/en\/wp-json\/wp\/v2\/comments?post=67866"}],"version-history":[{"count":1,"href":"https:\/\/www.revistarambla.com\/en\/wp-json\/wp\/v2\/posts\/67866\/revisions"}],"predecessor-version":[{"id":67867,"href":"https:\/\/www.revistarambla.com\/en\/wp-json\/wp\/v2\/posts\/67866\/revisions\/67867"}],"wp:featuredmedia":[{"embeddable":true,"href":"https:\/\/www.revistarambla.com\/en\/wp-json\/wp\/v2\/media\/55201"}],"wp:attachment":[{"href":"https:\/\/www.revistarambla.com\/en\/wp-json\/wp\/v2\/media?parent=67866"}],"wp:term":[{"taxonomy":"category","embeddable":true,"href":"https:\/\/www.revistarambla.com\/en\/wp-json\/wp\/v2\/categories?post=67866"},{"taxonomy":"post_tag","embeddable":true,"href":"https:\/\/www.revistarambla.com\/en\/wp-json\/wp\/v2\/tags?post=67866"}],"curies":[{"name":"wp","href":"https:\/\/api.w.org\/{rel}","templated":true}]}}