{"id":67863,"date":"2026-03-07T18:27:03","date_gmt":"2026-03-07T17:27:03","guid":{"rendered":"https:\/\/www.revistarambla.com\/?p=67863"},"modified":"2026-03-07T18:27:03","modified_gmt":"2026-03-07T17:27:03","slug":"los-archivos-epstein-y-la-politica-del-chantaje","status":"publish","type":"post","link":"https:\/\/www.revistarambla.com\/en\/los-archivos-epstein-y-la-politica-del-chantaje\/","title":{"rendered":"Los archivos Epstein y la pol\u00edtica del chantaje"},"content":{"rendered":"<p>El esc\u00e1ndalo Epstein nunca fue simplemente la historia de un depredador sexual con acceso a la alta sociedad. <!--more-->Siempre fue algo m\u00e1s oscuro: un espejo que refleja c\u00f3mo funciona realmente el poder en Occidente. Cada nueva tanda de documentos desclasificados no solo ampl\u00eda el cat\u00e1logo de relaciones del financiero ca\u00eddo en desgracia, sino que revela una estructura mucho m\u00e1s profunda: una red de influencia, chantaje y complicidades que conecta dinero, pol\u00edtica, inteligencia y geopol\u00edtica. En ese tablero, el nombre de Donald Trump aparece con una frecuencia inc\u00f3moda, pero lo verdaderamente perturbador no es la presencia de un pol\u00edtico concreto, sino el sistema que permiti\u00f3 que un personaje como Jeffrey Epstein se convirtiera en intermediario entre las \u00e9lites globales.<\/p>\n<p>La reciente publicaci\u00f3n de millones de p\u00e1ginas de documentos relacionados con el caso ha reavivado el debate p\u00fablico sobre el alcance real de esa red. El Departamento de Justicia de Estados Unidos liber\u00f3 materiales que incluyen agendas, correos electr\u00f3nicos, registros de vuelos y testimonios recopilados durante a\u00f1os de investigaci\u00f3n. Ese gigantesco archivo \u2014m\u00e1s de tres millones de p\u00e1ginas, adem\u00e1s de miles de videos e im\u00e1genes\u2014 no constituye una simple colecci\u00f3n de pruebas judiciales: es el mapa parcial de una estructura de poder que durante d\u00e9cadas oper\u00f3 a plena vista.<\/p>\n<p>Durante mucho tiempo, Epstein cultiv\u00f3 relaciones con una constelaci\u00f3n de multimillonarios, acad\u00e9micos, pol\u00edticos y celebridades. Esa red no fue accidental. Seg\u00fan los documentos y los an\u00e1lisis derivados de ellos, su m\u00e9todo consist\u00eda en dedicar enormes cantidades de tiempo a nutrir relaciones personales con figuras influyentes, convirti\u00e9ndose en un nodo central en un circuito global de poder.<\/p>\n<p>La pregunta que surge inevitablemente es: \u00bfc\u00f3mo un hombre con un historial criminal conocido logr\u00f3 mantener durante tanto tiempo el acceso a las \u00e9lites pol\u00edticas y financieras del planeta? La explicaci\u00f3n m\u00e1s plausible no reside en el carisma personal ni en su capacidad para atraer riqueza \u2014aunque ambas exist\u00edan\u2014 sino en el valor estrat\u00e9gico que su red representaba para quienes operan en las sombras del poder.<\/p>\n<p>Uno de los aspectos m\u00e1s pol\u00e9micos que emergen de los documentos es la posibilidad de que Epstein estuviera vinculado a redes de inteligencia. La figura de Ghislaine Maxwell resulta clave en esta hip\u00f3tesis. Su padre, Robert Maxwell, magnate medi\u00e1tico fallecido en circunstancias misteriosas en 1991, fue posteriormente identificado como colaborador de los servicios de inteligencia israel\u00edes. Esa conexi\u00f3n no demuestra por s\u00ed misma que Epstein fuera un agente o colaborador de inteligencia, pero s\u00ed sit\u00faa su entorno en una esfera donde pol\u00edtica, espionaje y negocios se entrelazan de forma habitual.<\/p>\n<p>Los archivos tambi\u00e9n muestran relaciones estrechas entre Epstein y figuras influyentes de Israel, incluido el ex primer ministro Ehud Barak. Correos electr\u00f3nicos y registros financieros revelan intercambios frecuentes, reuniones y transferencias de dinero vinculadas a proyectos de inversi\u00f3n y contactos diplom\u00e1ticos. Algunos documentos citan incluso testimonios seg\u00fan los cuales Epstein habr\u00eda estado \u201ccerca\u201d de c\u00edrculos de inteligencia israel\u00edes, aunque estas afirmaciones siguen siendo objeto de debate y no constituyen pruebas concluyentes.<\/p>\n<p>M\u00e1s all\u00e1 de las especulaciones sobre espionaje, lo que s\u00ed parece claro es que Epstein operaba como un intermediario privilegiado entre distintas \u00e9lites. Su red funcionaba como un club privado donde confluyen riqueza extrema, poder pol\u00edtico y prestigio social. En ese contexto, la explotaci\u00f3n sexual de menores \u2014el crimen por el que fue acusado y finalmente condenado\u2014 adquiere una dimensi\u00f3n distinta: no solo como delito individual, sino como posible instrumento de control.<\/p>\n<p>Varios analistas sostienen que el verdadero poder de los archivos Epstein no reside en los nombres que contienen, sino en los materiales que todav\u00eda no se han publicado. Mientras que correos electr\u00f3nicos y agendas han sido parcialmente liberados, el contenido audiovisual \u2014fotograf\u00edas y videos que documentar\u00edan los abusos\u2014 permanece bajo custodia de las autoridades. Ese material, si existe en la escala que algunos investigadores sugieren, podr\u00eda constituir una herramienta de chantaje extraordinariamente poderosa.<\/p>\n<p>En ese contexto se entiende la tensi\u00f3n pol\u00edtica que rodea la publicaci\u00f3n de los documentos. Las recientes revelaciones han provocado enfrentamientos dentro del propio sistema pol\u00edtico estadounidense. Algunos legisladores han acusado al Departamento de Justicia de ocultar o eliminar archivos potencialmente comprometedores, mientras otros defienden que la censura responde a la necesidad de proteger a las v\u00edctimas.<\/p>\n<p>La controversia se intensific\u00f3 cuando se hicieron p\u00fablicos documentos del FBI que inclu\u00edan el testimonio de una mujer que acus\u00f3 a Donald Trump de haberla agredido sexualmente cuando era menor de edad tras haber sido presentada por Epstein. La acusaci\u00f3n, que data de hace d\u00e9cadas y no ha sido probada judicialmente, forma parte de los materiales recientemente divulgados por el Departamento de Justicia.<\/p>\n<p>El debate sobre estos documentos ha colocado al actual presidente estadounidense en una posici\u00f3n pol\u00edticamente delicada. Por un lado, su administraci\u00f3n se ha visto presionada para permitir la publicaci\u00f3n de archivos que potencialmente podr\u00edan perjudicarle. Por otro, la divulgaci\u00f3n parcial de documentos ha alimentado sospechas de manipulaci\u00f3n pol\u00edtica del proceso.<\/p>\n<p>En ese sentido, la saga Epstein se ha convertido en un campo de batalla simb\u00f3lico donde distintas facciones intentan controlar la narrativa. Cada nueva filtraci\u00f3n puede ser interpretada de dos maneras opuestas: como un acto de transparencia o como una maniobra estrat\u00e9gica para desacreditar a determinados adversarios pol\u00edticos.<\/p>\n<p>Pero centrarse \u00fanicamente en la dimensi\u00f3n partidista del esc\u00e1ndalo ser\u00eda un error. La verdadera cuesti\u00f3n que plantean los archivos Epstein es mucho m\u00e1s profunda: revelan el grado de impunidad con el que opera una \u00e9lite global interconectada.<\/p>\n<p>En esa \u00e9lite, los l\u00edmites entre negocios, pol\u00edtica y relaciones personales se diluyen. El mismo c\u00edrculo social que organiza conferencias filantr\u00f3picas o financia proyectos cient\u00edficos puede, simult\u00e1neamente, tolerar conductas criminales durante a\u00f1os sin que se produzcan consecuencias significativas. El caso Epstein ilustra con crudeza c\u00f3mo esa cultura de privilegio permite que determinados individuos se sit\u00faen por encima de la ley.<\/p>\n<p>La reacci\u00f3n medi\u00e1tica ante los documentos tambi\u00e9n merece atenci\u00f3n. Durante a\u00f1os, muchos de los v\u00ednculos de Epstein con figuras influyentes fueron tratados como an\u00e9cdotas sociales. Solo despu\u00e9s de su arresto en 2019 comenzaron a ser examinados con mayor rigor. Incluso hoy, la cobertura medi\u00e1tica oscila entre el sensacionalismo y la cautela excesiva.<\/p>\n<p>Ese desequilibrio refleja un problema estructural: los grandes medios forman parte del mismo ecosistema de poder que los protagonistas del esc\u00e1ndalo. No es necesariamente una conspiraci\u00f3n coordinada, sino una convergencia de intereses. Cuando periodistas, pol\u00edticos y multimillonarios comparten los mismos c\u00edrculos sociales, la distancia cr\u00edtica se reduce inevitablemente.<\/p>\n<p>Los archivos Epstein, por tanto, no son solo un conjunto de documentos judiciales. Son un recordatorio inc\u00f3modo de c\u00f3mo funciona el poder en el siglo XXI. La globalizaci\u00f3n no solo ha integrado mercados y tecnolog\u00edas; tambi\u00e9n ha integrado redes de influencia donde la riqueza extrema puede traducirse en acceso pol\u00edtico, protecci\u00f3n institucional y silencio medi\u00e1tico.<\/p>\n<p>Ese sistema no depende de una sola persona. Jeffrey Epstein fue, en cierto sentido, prescindible. Su ca\u00edda \u2014y su muerte en circunstancias a\u00fan debatidas\u2014 no destruy\u00f3 la estructura que lo rodeaba. Solo revel\u00f3 brevemente su existencia.<\/p>\n<p>Por eso la publicaci\u00f3n de los archivos genera tanta ansiedad en las \u00e9lites pol\u00edticas. No porque exponga a un pu\u00f1ado de individuos, sino porque amenaza con revelar la l\u00f3gica misma del sistema. Si la sociedad comienza a percibir que las reglas no se aplican de manera igualitaria, la legitimidad del orden pol\u00edtico se erosiona.<\/p>\n<p>La historia moderna est\u00e1 llena de ejemplos de esc\u00e1ndalos que sacudieron temporalmente a las \u00e9lites sin alterar la estructura de poder subyacente. El caso Epstein podr\u00eda convertirse en uno m\u00e1s de esa lista. Un peque\u00f1o n\u00famero de figuras ser\u00e1 sacrificado, algunos nombres desaparecer\u00e1n de la escena p\u00fablica y el sistema continuar\u00e1 funcionando con relativa normalidad.<\/p>\n<p>Sin embargo, existe tambi\u00e9n otra posibilidad: que el esc\u00e1ndalo marque un punto de inflexi\u00f3n en la percepci\u00f3n p\u00fablica del poder. La magnitud de los documentos publicados, la variedad de nombres implicados y la persistencia de las preguntas sin respuesta han creado una presi\u00f3n pol\u00edtica sin precedentes.<\/p>\n<p>El resultado final depender\u00e1 de algo que los archivos por s\u00ed solos no pueden determinar: la voluntad de las instituciones y de la opini\u00f3n p\u00fablica para exigir una rendici\u00f3n de cuentas real.<\/p>\n<p>Porque, al final, el verdadero legado del caso Epstein no ser\u00e1 la lista de nombres que aparezcan en los documentos. Ser\u00e1 la respuesta que la sociedad d\u00e9 a una pregunta mucho m\u00e1s fundamental: si el poder puede seguir operando en las sombras, o si finalmente ha llegado el momento de encender la luz.<\/p>","protected":false},"excerpt":{"rendered":"<p>C\u00f3mo la desclasificaci\u00f3n de millones de documentos vuelve a revelar la zona oscura donde se cruzan poder, geopol\u00edtica y las \u00e9lites que operan m\u00e1s all\u00e1 del escrutinio p\u00fablico.<\/p>","protected":false},"author":3,"featured_media":67864,"comment_status":"closed","ping_status":"closed","sticky":false,"template":"","format":"standard","meta":{"footnotes":""},"categories":[57],"tags":[],"class_list":["post-67863","post","type-post","status-publish","format-standard","has-post-thumbnail","hentry","category-global"],"yoast_head":"<!-- This site is optimized with the Yoast SEO plugin v27.5 - https:\/\/yoast.com\/product\/yoast-seo-wordpress\/ -->\n<title>Los archivos Epstein y la pol\u00edtica del chantaje - Revista Rambla<\/title>\n<meta name=\"robots\" content=\"index, follow, max-snippet:-1, max-image-preview:large, max-video-preview:-1\" \/>\n<link rel=\"canonical\" href=\"https:\/\/www.revistarambla.com\/en\/los-archivos-epstein-y-la-politica-del-chantaje\/\" \/>\n<meta property=\"og:locale\" content=\"en_GB\" \/>\n<meta property=\"og:type\" content=\"article\" \/>\n<meta property=\"og:title\" content=\"Los archivos Epstein y la pol\u00edtica del chantaje - Revista Rambla\" \/>\n<meta property=\"og:description\" content=\"C\u00f3mo la desclasificaci\u00f3n de millones de documentos vuelve a revelar la zona oscura donde se cruzan poder, geopol\u00edtica y las \u00e9lites que operan m\u00e1s all\u00e1 del escrutinio p\u00fablico.\" \/>\n<meta property=\"og:url\" content=\"https:\/\/www.revistarambla.com\/en\/los-archivos-epstein-y-la-politica-del-chantaje\/\" \/>\n<meta property=\"og:site_name\" content=\"Revista Rambla\" \/>\n<meta property=\"article:publisher\" content=\"https:\/\/www.facebook.com\/revistarambla\/\" \/>\n<meta property=\"article:author\" content=\"https:\/\/www.facebook.com\/revistarambla\" \/>\n<meta property=\"article:published_time\" content=\"2026-03-07T17:27:03+00:00\" \/>\n<meta property=\"og:image\" content=\"https:\/\/www.revistarambla.com\/wp-content\/uploads\/2026\/03\/Archivos-Epstein.jpg\" \/>\n\t<meta property=\"og:image:width\" content=\"600\" \/>\n\t<meta property=\"og:image:height\" content=\"400\" \/>\n\t<meta property=\"og:image:type\" content=\"image\/jpeg\" \/>\n<meta name=\"author\" content=\"R@mbla\" \/>\n<meta name=\"twitter:card\" content=\"summary_large_image\" \/>\n<meta name=\"twitter:creator\" content=\"@revistarambla\" \/>\n<meta name=\"twitter:site\" content=\"@revistarambla\" \/>\n<meta name=\"twitter:label1\" content=\"Written by\" \/>\n\t<meta name=\"twitter:data1\" content=\"R@mbla\" \/>\n\t<meta name=\"twitter:label2\" content=\"Estimated reading time\" \/>\n\t<meta name=\"twitter:data2\" content=\"7 minutes\" \/>\n<script type=\"application\/ld+json\" class=\"yoast-schema-graph\">{\"@context\":\"https:\\\/\\\/schema.org\",\"@graph\":[{\"@type\":\"Article\",\"@id\":\"https:\\\/\\\/www.revistarambla.com\\\/los-archivos-epstein-y-la-politica-del-chantaje\\\/#article\",\"isPartOf\":{\"@id\":\"https:\\\/\\\/www.revistarambla.com\\\/los-archivos-epstein-y-la-politica-del-chantaje\\\/\"},\"author\":{\"name\":\"R@mbla\",\"@id\":\"https:\\\/\\\/www.revistarambla.com\\\/#\\\/schema\\\/person\\\/a146a5a2550b94981a75131180e1bd9c\"},\"headline\":\"Los archivos Epstein y la pol\u00edtica del chantaje\",\"datePublished\":\"2026-03-07T17:27:03+00:00\",\"mainEntityOfPage\":{\"@id\":\"https:\\\/\\\/www.revistarambla.com\\\/los-archivos-epstein-y-la-politica-del-chantaje\\\/\"},\"wordCount\":1532,\"publisher\":{\"@id\":\"https:\\\/\\\/www.revistarambla.com\\\/#organization\"},\"image\":{\"@id\":\"https:\\\/\\\/www.revistarambla.com\\\/los-archivos-epstein-y-la-politica-del-chantaje\\\/#primaryimage\"},\"thumbnailUrl\":\"https:\\\/\\\/www.revistarambla.com\\\/wp-content\\\/uploads\\\/2026\\\/03\\\/Archivos-Epstein.jpg\",\"articleSection\":[\"Global\"],\"inLanguage\":\"en-GB\"},{\"@type\":\"WebPage\",\"@id\":\"https:\\\/\\\/www.revistarambla.com\\\/los-archivos-epstein-y-la-politica-del-chantaje\\\/\",\"url\":\"https:\\\/\\\/www.revistarambla.com\\\/los-archivos-epstein-y-la-politica-del-chantaje\\\/\",\"name\":\"Los archivos Epstein y la pol\u00edtica del chantaje - Revista Rambla\",\"isPartOf\":{\"@id\":\"https:\\\/\\\/www.revistarambla.com\\\/#website\"},\"primaryImageOfPage\":{\"@id\":\"https:\\\/\\\/www.revistarambla.com\\\/los-archivos-epstein-y-la-politica-del-chantaje\\\/#primaryimage\"},\"image\":{\"@id\":\"https:\\\/\\\/www.revistarambla.com\\\/los-archivos-epstein-y-la-politica-del-chantaje\\\/#primaryimage\"},\"thumbnailUrl\":\"https:\\\/\\\/www.revistarambla.com\\\/wp-content\\\/uploads\\\/2026\\\/03\\\/Archivos-Epstein.jpg\",\"datePublished\":\"2026-03-07T17:27:03+00:00\",\"breadcrumb\":{\"@id\":\"https:\\\/\\\/www.revistarambla.com\\\/los-archivos-epstein-y-la-politica-del-chantaje\\\/#breadcrumb\"},\"inLanguage\":\"en-GB\",\"potentialAction\":[{\"@type\":\"ReadAction\",\"target\":[\"https:\\\/\\\/www.revistarambla.com\\\/los-archivos-epstein-y-la-politica-del-chantaje\\\/\"]}]},{\"@type\":\"ImageObject\",\"inLanguage\":\"en-GB\",\"@id\":\"https:\\\/\\\/www.revistarambla.com\\\/los-archivos-epstein-y-la-politica-del-chantaje\\\/#primaryimage\",\"url\":\"https:\\\/\\\/www.revistarambla.com\\\/wp-content\\\/uploads\\\/2026\\\/03\\\/Archivos-Epstein.jpg\",\"contentUrl\":\"https:\\\/\\\/www.revistarambla.com\\\/wp-content\\\/uploads\\\/2026\\\/03\\\/Archivos-Epstein.jpg\",\"width\":600,\"height\":400,\"caption\":\"epstein iran\"},{\"@type\":\"BreadcrumbList\",\"@id\":\"https:\\\/\\\/www.revistarambla.com\\\/los-archivos-epstein-y-la-politica-del-chantaje\\\/#breadcrumb\",\"itemListElement\":[{\"@type\":\"ListItem\",\"position\":1,\"name\":\"Portada\",\"item\":\"https:\\\/\\\/www.revistarambla.com\\\/\"},{\"@type\":\"ListItem\",\"position\":2,\"name\":\"Los archivos Epstein y la pol\u00edtica del chantaje\"}]},{\"@type\":\"WebSite\",\"@id\":\"https:\\\/\\\/www.revistarambla.com\\\/#website\",\"url\":\"https:\\\/\\\/www.revistarambla.com\\\/\",\"name\":\"Revista Rambla Barcelona\",\"description\":\"Periodismo independiente\",\"publisher\":{\"@id\":\"https:\\\/\\\/www.revistarambla.com\\\/#organization\"},\"potentialAction\":[{\"@type\":\"SearchAction\",\"target\":{\"@type\":\"EntryPoint\",\"urlTemplate\":\"https:\\\/\\\/www.revistarambla.com\\\/?s={search_term_string}\"},\"query-input\":{\"@type\":\"PropertyValueSpecification\",\"valueRequired\":true,\"valueName\":\"search_term_string\"}}],\"inLanguage\":\"en-GB\"},{\"@type\":\"Organization\",\"@id\":\"https:\\\/\\\/www.revistarambla.com\\\/#organization\",\"name\":\"Revista Rambla\",\"url\":\"https:\\\/\\\/www.revistarambla.com\\\/\",\"logo\":{\"@type\":\"ImageObject\",\"inLanguage\":\"en-GB\",\"@id\":\"https:\\\/\\\/www.revistarambla.com\\\/#\\\/schema\\\/logo\\\/image\\\/\",\"url\":\"https:\\\/\\\/www.revistarambla.com\\\/wp-content\\\/uploads\\\/2020\\\/09\\\/banner_rambla_1900x600_BB.png\",\"contentUrl\":\"https:\\\/\\\/www.revistarambla.com\\\/wp-content\\\/uploads\\\/2020\\\/09\\\/banner_rambla_1900x600_BB.png\",\"width\":1900,\"height\":600,\"caption\":\"Revista Rambla\"},\"image\":{\"@id\":\"https:\\\/\\\/www.revistarambla.com\\\/#\\\/schema\\\/logo\\\/image\\\/\"},\"sameAs\":[\"https:\\\/\\\/www.facebook.com\\\/revistarambla\\\/\",\"https:\\\/\\\/x.com\\\/revistarambla\",\"https:\\\/\\\/www.instagram.com\\\/revista_rambla\",\"https:\\\/\\\/es.linkedin.com\\\/company\\\/revista-rambla\"]},{\"@type\":\"Person\",\"@id\":\"https:\\\/\\\/www.revistarambla.com\\\/#\\\/schema\\\/person\\\/a146a5a2550b94981a75131180e1bd9c\",\"name\":\"R@mbla\",\"description\":\"Este art\u00edculo ha sido redactado y\\\/o validado por el equipo de redacci\u00f3n de Revista Rambla.\",\"sameAs\":[\"https:\\\/\\\/www.revistarambla.com\\\/\",\"https:\\\/\\\/www.facebook.com\\\/revistarambla\",\"https:\\\/\\\/x.com\\\/revistarambla\"]}]}<\/script>\n<!-- \/ Yoast SEO plugin. -->","yoast_head_json":{"title":"Los archivos Epstein y la pol\u00edtica del chantaje - Revista Rambla","robots":{"index":"index","follow":"follow","max-snippet":"max-snippet:-1","max-image-preview":"max-image-preview:large","max-video-preview":"max-video-preview:-1"},"canonical":"https:\/\/www.revistarambla.com\/en\/los-archivos-epstein-y-la-politica-del-chantaje\/","og_locale":"en_GB","og_type":"article","og_title":"Los archivos Epstein y la pol\u00edtica del chantaje - Revista Rambla","og_description":"C\u00f3mo la desclasificaci\u00f3n de millones de documentos vuelve a revelar la zona oscura donde se cruzan poder, geopol\u00edtica y las \u00e9lites que operan m\u00e1s all\u00e1 del escrutinio p\u00fablico.","og_url":"https:\/\/www.revistarambla.com\/en\/los-archivos-epstein-y-la-politica-del-chantaje\/","og_site_name":"Revista Rambla","article_publisher":"https:\/\/www.facebook.com\/revistarambla\/","article_author":"https:\/\/www.facebook.com\/revistarambla","article_published_time":"2026-03-07T17:27:03+00:00","og_image":[{"width":600,"height":400,"url":"https:\/\/www.revistarambla.com\/wp-content\/uploads\/2026\/03\/Archivos-Epstein.jpg","type":"image\/jpeg"}],"author":"R@mbla","twitter_card":"summary_large_image","twitter_creator":"@revistarambla","twitter_site":"@revistarambla","twitter_misc":{"Written by":"R@mbla","Estimated reading time":"7 minutes"},"schema":{"@context":"https:\/\/schema.org","@graph":[{"@type":"Article","@id":"https:\/\/www.revistarambla.com\/los-archivos-epstein-y-la-politica-del-chantaje\/#article","isPartOf":{"@id":"https:\/\/www.revistarambla.com\/los-archivos-epstein-y-la-politica-del-chantaje\/"},"author":{"name":"R@mbla","@id":"https:\/\/www.revistarambla.com\/#\/schema\/person\/a146a5a2550b94981a75131180e1bd9c"},"headline":"Los archivos Epstein y la pol\u00edtica del chantaje","datePublished":"2026-03-07T17:27:03+00:00","mainEntityOfPage":{"@id":"https:\/\/www.revistarambla.com\/los-archivos-epstein-y-la-politica-del-chantaje\/"},"wordCount":1532,"publisher":{"@id":"https:\/\/www.revistarambla.com\/#organization"},"image":{"@id":"https:\/\/www.revistarambla.com\/los-archivos-epstein-y-la-politica-del-chantaje\/#primaryimage"},"thumbnailUrl":"https:\/\/www.revistarambla.com\/wp-content\/uploads\/2026\/03\/Archivos-Epstein.jpg","articleSection":["Global"],"inLanguage":"en-GB"},{"@type":"WebPage","@id":"https:\/\/www.revistarambla.com\/los-archivos-epstein-y-la-politica-del-chantaje\/","url":"https:\/\/www.revistarambla.com\/los-archivos-epstein-y-la-politica-del-chantaje\/","name":"Los archivos Epstein y la pol\u00edtica del chantaje - Revista Rambla","isPartOf":{"@id":"https:\/\/www.revistarambla.com\/#website"},"primaryImageOfPage":{"@id":"https:\/\/www.revistarambla.com\/los-archivos-epstein-y-la-politica-del-chantaje\/#primaryimage"},"image":{"@id":"https:\/\/www.revistarambla.com\/los-archivos-epstein-y-la-politica-del-chantaje\/#primaryimage"},"thumbnailUrl":"https:\/\/www.revistarambla.com\/wp-content\/uploads\/2026\/03\/Archivos-Epstein.jpg","datePublished":"2026-03-07T17:27:03+00:00","breadcrumb":{"@id":"https:\/\/www.revistarambla.com\/los-archivos-epstein-y-la-politica-del-chantaje\/#breadcrumb"},"inLanguage":"en-GB","potentialAction":[{"@type":"ReadAction","target":["https:\/\/www.revistarambla.com\/los-archivos-epstein-y-la-politica-del-chantaje\/"]}]},{"@type":"ImageObject","inLanguage":"en-GB","@id":"https:\/\/www.revistarambla.com\/los-archivos-epstein-y-la-politica-del-chantaje\/#primaryimage","url":"https:\/\/www.revistarambla.com\/wp-content\/uploads\/2026\/03\/Archivos-Epstein.jpg","contentUrl":"https:\/\/www.revistarambla.com\/wp-content\/uploads\/2026\/03\/Archivos-Epstein.jpg","width":600,"height":400,"caption":"epstein iran"},{"@type":"BreadcrumbList","@id":"https:\/\/www.revistarambla.com\/los-archivos-epstein-y-la-politica-del-chantaje\/#breadcrumb","itemListElement":[{"@type":"ListItem","position":1,"name":"Portada","item":"https:\/\/www.revistarambla.com\/"},{"@type":"ListItem","position":2,"name":"Los archivos Epstein y la pol\u00edtica del chantaje"}]},{"@type":"WebSite","@id":"https:\/\/www.revistarambla.com\/#website","url":"https:\/\/www.revistarambla.com\/","name":"Revista Rambla Barcelona","description":"Periodismo independiente","publisher":{"@id":"https:\/\/www.revistarambla.com\/#organization"},"potentialAction":[{"@type":"SearchAction","target":{"@type":"EntryPoint","urlTemplate":"https:\/\/www.revistarambla.com\/?s={search_term_string}"},"query-input":{"@type":"PropertyValueSpecification","valueRequired":true,"valueName":"search_term_string"}}],"inLanguage":"en-GB"},{"@type":"Organization","@id":"https:\/\/www.revistarambla.com\/#organization","name":"Revista Rambla","url":"https:\/\/www.revistarambla.com\/","logo":{"@type":"ImageObject","inLanguage":"en-GB","@id":"https:\/\/www.revistarambla.com\/#\/schema\/logo\/image\/","url":"https:\/\/www.revistarambla.com\/wp-content\/uploads\/2020\/09\/banner_rambla_1900x600_BB.png","contentUrl":"https:\/\/www.revistarambla.com\/wp-content\/uploads\/2020\/09\/banner_rambla_1900x600_BB.png","width":1900,"height":600,"caption":"Revista Rambla"},"image":{"@id":"https:\/\/www.revistarambla.com\/#\/schema\/logo\/image\/"},"sameAs":["https:\/\/www.facebook.com\/revistarambla\/","https:\/\/x.com\/revistarambla","https:\/\/www.instagram.com\/revista_rambla","https:\/\/es.linkedin.com\/company\/revista-rambla"]},{"@type":"Person","@id":"https:\/\/www.revistarambla.com\/#\/schema\/person\/a146a5a2550b94981a75131180e1bd9c","name":"R@mbla","description":"Este art\u00edculo ha sido redactado y\/o validado por el equipo de redacci\u00f3n de Revista Rambla.","sameAs":["https:\/\/www.revistarambla.com\/","https:\/\/www.facebook.com\/revistarambla","https:\/\/x.com\/revistarambla"]}]}},"_links":{"self":[{"href":"https:\/\/www.revistarambla.com\/en\/wp-json\/wp\/v2\/posts\/67863","targetHints":{"allow":["GET"]}}],"collection":[{"href":"https:\/\/www.revistarambla.com\/en\/wp-json\/wp\/v2\/posts"}],"about":[{"href":"https:\/\/www.revistarambla.com\/en\/wp-json\/wp\/v2\/types\/post"}],"author":[{"embeddable":true,"href":"https:\/\/www.revistarambla.com\/en\/wp-json\/wp\/v2\/users\/3"}],"replies":[{"embeddable":true,"href":"https:\/\/www.revistarambla.com\/en\/wp-json\/wp\/v2\/comments?post=67863"}],"version-history":[{"count":1,"href":"https:\/\/www.revistarambla.com\/en\/wp-json\/wp\/v2\/posts\/67863\/revisions"}],"predecessor-version":[{"id":67865,"href":"https:\/\/www.revistarambla.com\/en\/wp-json\/wp\/v2\/posts\/67863\/revisions\/67865"}],"wp:featuredmedia":[{"embeddable":true,"href":"https:\/\/www.revistarambla.com\/en\/wp-json\/wp\/v2\/media\/67864"}],"wp:attachment":[{"href":"https:\/\/www.revistarambla.com\/en\/wp-json\/wp\/v2\/media?parent=67863"}],"wp:term":[{"taxonomy":"category","embeddable":true,"href":"https:\/\/www.revistarambla.com\/en\/wp-json\/wp\/v2\/categories?post=67863"},{"taxonomy":"post_tag","embeddable":true,"href":"https:\/\/www.revistarambla.com\/en\/wp-json\/wp\/v2\/tags?post=67863"}],"curies":[{"name":"wp","href":"https:\/\/api.w.org\/{rel}","templated":true}]}}