{"id":67722,"date":"2026-01-30T12:58:24","date_gmt":"2026-01-30T11:58:24","guid":{"rendered":"https:\/\/www.revistarambla.com\/?p=67722"},"modified":"2026-01-30T12:58:24","modified_gmt":"2026-01-30T11:58:24","slug":"dolly-van-doll-el-ocaso-de-una-reina-del-cabaret-que-desafio-a-su-tiempo","status":"publish","type":"post","link":"https:\/\/www.revistarambla.com\/en\/dolly-van-doll-el-ocaso-de-una-reina-del-cabaret-que-desafio-a-su-tiempo\/","title":{"rendered":"Dolly Van Doll: El ocaso de una reina del cabaret que desafi\u00f3 a su tiempo"},"content":{"rendered":"<p><strong>Dolly Van Doll<\/strong>, vedette, empresaria y pionera transg\u00e9nero que marc\u00f3 buena parte de la escena musical y nocturna de la ciudad en la d\u00e9cada de 1970, muri\u00f3 en octubre de 2025 en Barcelona a los 87 a\u00f1os. Su fallecimiento, tras un derrame cerebral, marca el fin de un arco vital tan vibrante como solitario y simboliza un cap\u00edtulo poco contado de la cultura popular espa\u00f1ola: el de las artistas trans que pavimentaron un camino escarpado en una Europa todav\u00eda hostil para la diversidad de g\u00e9nero.<\/p>\n<h2><strong>Infancia y primeros a\u00f1os: de Tur\u00edn al coraz\u00f3n europeo<\/strong><\/h2>\n<p>Nacida en <strong>Tur\u00edn en 1938<\/strong> como <strong>Carlo \u00c1ngelo<\/strong>, Dolly Van Doll sinti\u00f3 desde la infancia que su identidad de g\u00e9nero no correspond\u00eda con el cuerpo en el que naci\u00f3. Ya a los diez a\u00f1os confes\u00f3 a su madre que deseaba ser mujer, en un contexto social profundamente conservador y hostil. La falta de apoyo familiar \u2014especialmente de un padre biol\u00f3gico ausente y un padre sustituto indiferente\u2014 marc\u00f3 su juventud con amargura y una necesidad de fingir que la llevaba a ocultar su verdadero yo durante a\u00f1os.<\/p>\n<p>El mundo del espect\u00e1culo, con sus luces, disfraces y escenarios transgresores, fue su salvavidas. Despu\u00e9s de trabajar como botones en hoteles \u2014donde ya llamaba la atenci\u00f3n por su belleza\u2014 se decidi\u00f3 por el cabaret en Alemania y, posteriormente, en <strong>Par\u00eds<\/strong>, donde actuaba con el nombre de <strong>Carla Follis<\/strong> y debi\u00f3 enfrentar extenuantes exigencias de actuaci\u00f3n.<\/p>\n<p>En medio de esta traves\u00eda vital, Dolly pronunci\u00f3 una de las frases que mejor resumen su lucha interior: <em>\u201cMi naturaleza ha sido un error absoluto. Yo he nacido con piel de mujer, con formas de mujer, con esp\u00edritu y ademanes de mujer aunque tenga atributos masculinos, mis genitales\u201d<\/em>. Esta declaraci\u00f3n, desgarradora pero profunda, refleja las contradicciones a las que muchas personas trans deben enfrentarse en sociedades que no comprenden la disforia de g\u00e9nero.<\/p>\n<h2><strong>El hito de Casablanca: una pionera entre pioneras<\/strong><\/h2>\n<p>En <strong>1964<\/strong> Dolly tom\u00f3 una decisi\u00f3n que ser\u00eda emblem\u00e1tica para las generaciones siguientes: se someti\u00f3 a una <strong>operaci\u00f3n de reasignaci\u00f3n de sexo en Casablanca<\/strong>. En aquellos a\u00f1os, las intervenciones de este tipo eran excepcionalmente raras y arriesgadas; el hecho de acceder a una cirug\u00eda en una ciudad africana donde cierta discreci\u00f3n era posible, subraya no s\u00f3lo su determinaci\u00f3n personal sino tambi\u00e9n la escasa disponibilidad de recursos m\u00e9dicos para personas trans en Europa occidental en esa \u00e9poca.<\/p>\n<p>Este paso crucial la coloc\u00f3 entre las primeras artistas trans que formalizaron su identidad mediante intervenci\u00f3n quir\u00fargica, a\u00f1os antes de que el activismo trans y la medicina especializada comenzaran a articularse con mayor fuerza. La elecci\u00f3n de Casablanca, en lugar de centros europeos m\u00e1s convencionales, resalta las limitaciones y riesgos que muchas figuras pioneras deb\u00edan asumir para vivir aut\u00e9nticamente.<\/p>\n<h2><strong>Barcelona: la ciudad canalla y la corona nocturna<\/strong><\/h2>\n<p>La vida art\u00edstica de Dolly Van Doll vivi\u00f3 su apogeo tras su llegada a <strong>Barcelona en 1971<\/strong>. La capital catalana, con su escena nocturna m\u00e1s permisiva que la de ciudades como Madrid en esa \u00e9poca, se convirti\u00f3 en su verdadero escenario. Los cabarets, music halls y espacios de espect\u00e1culos de la Barcelona de los a\u00f1os setenta eran territorio de transgresi\u00f3n y exploraci\u00f3n art\u00edstica, y Dolly encontr\u00f3 all\u00ed una audiencia dispuesta a admirar su estilo.<\/p>\n<p>Lejos de limitarse a ser una simple int\u00e9rprete, Dolly se hizo empresaria. Dirigi\u00f3 su propio espect\u00e1culo y fue parte integral de locales que se convirtieron en s\u00edmbolos de una escena nocturna que mezclaba glamour con marginalidad. Su figura \u2014al mismo tiempo desafiante y sofisticada\u2014 encarn\u00f3 ese cruce entre lo popular y lo prohibido que fascinaba al p\u00fablico nocturno.<\/p>\n<p>Seg\u00fan registros bibliogr\u00e1ficos especializados, la m\u00fasica y cabaret de aquellas d\u00e9cadas representaron un territorio de ambig\u00fcedad y libertad donde muchas artistas trans encontraron expresi\u00f3n, aunque a menudo con precariedad y riesgo. Las biograf\u00edas, memorias y estudios que recuperan este periodo muestran que Dolly Van Doll no fue un fen\u00f3meno aislado, sino parte de una galaxia cultural que inclu\u00eda nombres como Violeta la Burra o Carmen de Mairena, a pesar de que muchas quedaran en el olvido por la invisibilizaci\u00f3n hist\u00f3rica.<\/p>\n<h2><strong>Amores, biograf\u00eda y humanizaci\u00f3n de una figura m\u00edtica<\/strong><\/h2>\n<p>La vida amorosa de Dolly fue tan intensa como su carrera. En Par\u00eds, un arist\u00f3crata, el bar\u00f3n <strong>Jean Luc Vermont<\/strong>, se enamor\u00f3 perdidamente de ella hasta descubrir su identidad trans. La propia Dolly le revel\u00f3 su historia personal, lo que rompi\u00f3 la ilusi\u00f3n rom\u00e1ntica del bar\u00f3n y expuso las tensiones \u00edntimas de un amor que chocaba con las convenciones sociales de la \u00e9poca.<\/p>\n<p>Tiempo despu\u00e9s, en Alemania, Dolly se enamor\u00f3 de un obrero de la factor\u00eda Siemens, quien abandon\u00f3 la relaci\u00f3n tras conocer su historia. Finalmente, en Barcelona, encontr\u00f3 la estabilidad sentimental junto a un empresario catal\u00e1n, <strong>Fernando Vila<\/strong>, compa\u00f1ero con el que vivi\u00f3 hasta su muerte. Este relato amoroso ofrece una dimensi\u00f3n profundamente humana de una figura que, pese a su estatus ic\u00f3nico, luchaba con los mismos dilemas de afecto, vulnerabilidad y b\u00fasqueda de afecto que cualquier otra persona.<\/p>\n<p>La artista tambi\u00e9n dej\u00f3 un testimonio literario de su propia experiencia. Su biograf\u00eda <em>De ni\u00f1o a mujer<\/em>, que parafrasea una conocida canci\u00f3n espa\u00f1ola, es un documento invaluable que ofrece una mirada \u00edntima sobre su infancia, sus carencias afectivas y su constante b\u00fasqueda de identidad. En este texto, Dolly negaba categ\u00f3ricamente haber recurrido a la prostituci\u00f3n para sobrevivir, un estigma que muchas personas trans de su generaci\u00f3n sufrieron por defecto, incluso cuando esto no correspond\u00eda con sus trayectorias reales.<\/p>\n<h2><strong>Legado y memoria: \u00bfuna estrella olvidada?<\/strong><\/h2>\n<p>La muerte de Dolly Van Doll ha sido cubierta con honores en algunos medios, pero su figura a\u00fan requiere una reconstrucci\u00f3n hist\u00f3rica m\u00e1s amplia. Su importancia no radica \u00fanicamente en haber cambiado de sexo ni en su glamour sobre el escenario, sino en lo que su vida representa: una resistencia continua frente a esclusas sociales que exclu\u00edan, estigmatizaban y, muchas veces, borraban a personas trans.<\/p>\n<p>Esta invisibilizaci\u00f3n \u2014que persiste en muchos casos\u2014 tiene nombre propio en otros episodios de la historia espa\u00f1ola. La muerte de la activista trans <strong>Sonia Rescalvo Zafra<\/strong> en 1991 a manos de neonazis en Barcelona es un ejemplo estremecedor de la violencia que enfrent\u00f3 y a\u00fan enfrenta esta comunidad. Su asesinato marc\u00f3 un antes y un despu\u00e9s en la lucha contra la transfobia en Espa\u00f1a y recuerda que, detr\u00e1s de la est\u00e9tica del cabaret, exist\u00edan realidades de vulnerabilidad que muchas artistas y activistas afrontaron con valent\u00eda.<\/p>\n<p>Hoy, el teatro social y la memoria cultural discuten con m\u00e1s intensidad estas historias, integr\u00e1ndolas en narrativas m\u00e1s amplias sobre derechos, identidad y dignidad. El legado de artistas como Dolly Van Doll se entiende mejor cuando se conecta con el proceso hist\u00f3rico que llev\u00f3 a mayores espacios de visibilidad y reconocimiento para las personas trans en Europa y el mundo.<\/p>\n<h2><strong>Entre luces y sombras<\/strong><\/h2>\n<p>Dolly Van Doll fue mucho m\u00e1s que una vedette o una curiosidad art\u00edstica de los a\u00f1os setenta. Fue una mujer que, en un contexto sociocultural adverso, desafi\u00f3 las normas de g\u00e9nero, construy\u00f3 una identidad aut\u00e9ntica y brill\u00f3 con luz propia en la Barcelona canalla de su \u00e9poca. Su vida, con sus amores, \u00e9xitos y dificultades, es ahora un legado que merece ser recuperado, analizado y celebrado no s\u00f3lo como un fen\u00f3meno art\u00edstico, sino como una historia humana de coraje, transformaci\u00f3n y resistencia.<\/p>\n<p>En su muerte, Barcelona pierde a una de sus figuras m\u00e1s singulares. Pero en su vida, el tiempo gan\u00f3 una narraci\u00f3n que hoy m\u00e1s que nunca invita a recordar que las historias de identidad trans no son fen\u00f3menos aislados, sino parte integral de las culturas urbanas europeas del siglo XX.<\/p>","protected":false},"excerpt":{"rendered":"<p>Dolly Van Doll, vedette, empresaria y pionera transg\u00e9nero que marc\u00f3 buena parte de la escena musical y nocturna de la ciudad en la d\u00e9cada de 1970, muri\u00f3 en octubre de 2025 en Barcelona a los 87 a\u00f1os. Su fallecimiento, tras un derrame cerebral, marca el fin de un arco vital [&hellip;]<\/p>\n","protected":false},"author":3,"featured_media":67723,"comment_status":"closed","ping_status":"closed","sticky":false,"template":"","format":"standard","meta":{"footnotes":""},"categories":[4],"tags":[],"class_list":["post-67722","post","type-post","status-publish","format-standard","has-post-thumbnail","hentry","category-cultura"],"yoast_head":"<!-- This site is optimized with the Yoast SEO plugin v27.5 - https:\/\/yoast.com\/product\/yoast-seo-wordpress\/ -->\n<title>Dolly Van Doll: El ocaso de una reina del cabaret que desafi\u00f3 a su tiempo - Revista Rambla<\/title>\n<meta name=\"robots\" content=\"index, follow, max-snippet:-1, max-image-preview:large, max-video-preview:-1\" \/>\n<link rel=\"canonical\" href=\"https:\/\/www.revistarambla.com\/en\/dolly-van-doll-el-ocaso-de-una-reina-del-cabaret-que-desafio-a-su-tiempo\/\" \/>\n<meta property=\"og:locale\" content=\"en_GB\" \/>\n<meta property=\"og:type\" content=\"article\" \/>\n<meta property=\"og:title\" content=\"Dolly Van Doll: El ocaso de una reina del cabaret que desafi\u00f3 a su tiempo - Revista Rambla\" \/>\n<meta property=\"og:description\" content=\"Dolly Van Doll, vedette, empresaria y pionera transg\u00e9nero que marc\u00f3 buena parte de la escena musical y nocturna de la ciudad en la d\u00e9cada de 1970, muri\u00f3 en octubre de 2025 en Barcelona a los 87 a\u00f1os. Su fallecimiento, tras un derrame cerebral, marca el fin de un arco vital [&hellip;]\" \/>\n<meta property=\"og:url\" content=\"https:\/\/www.revistarambla.com\/en\/dolly-van-doll-el-ocaso-de-una-reina-del-cabaret-que-desafio-a-su-tiempo\/\" \/>\n<meta property=\"og:site_name\" content=\"Revista Rambla\" \/>\n<meta property=\"article:publisher\" content=\"https:\/\/www.facebook.com\/revistarambla\/\" \/>\n<meta property=\"article:author\" content=\"https:\/\/www.facebook.com\/revistarambla\" \/>\n<meta property=\"article:published_time\" content=\"2026-01-30T11:58:24+00:00\" \/>\n<meta property=\"og:image\" content=\"https:\/\/www.revistarambla.com\/wp-content\/uploads\/2026\/01\/Dolly-Van-Doll.jpg\" \/>\n\t<meta property=\"og:image:width\" content=\"1200\" \/>\n\t<meta property=\"og:image:height\" content=\"675\" \/>\n\t<meta property=\"og:image:type\" content=\"image\/jpeg\" \/>\n<meta name=\"author\" content=\"R@mbla\" \/>\n<meta name=\"twitter:card\" content=\"summary_large_image\" \/>\n<meta name=\"twitter:creator\" content=\"@revistarambla\" \/>\n<meta name=\"twitter:site\" content=\"@revistarambla\" \/>\n<meta name=\"twitter:label1\" content=\"Written by\" \/>\n\t<meta name=\"twitter:data1\" content=\"R@mbla\" \/>\n\t<meta name=\"twitter:label2\" content=\"Estimated reading time\" \/>\n\t<meta name=\"twitter:data2\" content=\"6 minutes\" \/>\n<script type=\"application\/ld+json\" class=\"yoast-schema-graph\">{\"@context\":\"https:\\\/\\\/schema.org\",\"@graph\":[{\"@type\":\"Article\",\"@id\":\"https:\\\/\\\/www.revistarambla.com\\\/dolly-van-doll-el-ocaso-de-una-reina-del-cabaret-que-desafio-a-su-tiempo\\\/#article\",\"isPartOf\":{\"@id\":\"https:\\\/\\\/www.revistarambla.com\\\/dolly-van-doll-el-ocaso-de-una-reina-del-cabaret-que-desafio-a-su-tiempo\\\/\"},\"author\":{\"name\":\"R@mbla\",\"@id\":\"https:\\\/\\\/www.revistarambla.com\\\/#\\\/schema\\\/person\\\/a146a5a2550b94981a75131180e1bd9c\"},\"headline\":\"Dolly Van Doll: El ocaso de una reina del cabaret que desafi\u00f3 a su tiempo\",\"datePublished\":\"2026-01-30T11:58:24+00:00\",\"mainEntityOfPage\":{\"@id\":\"https:\\\/\\\/www.revistarambla.com\\\/dolly-van-doll-el-ocaso-de-una-reina-del-cabaret-que-desafio-a-su-tiempo\\\/\"},\"wordCount\":1381,\"publisher\":{\"@id\":\"https:\\\/\\\/www.revistarambla.com\\\/#organization\"},\"image\":{\"@id\":\"https:\\\/\\\/www.revistarambla.com\\\/dolly-van-doll-el-ocaso-de-una-reina-del-cabaret-que-desafio-a-su-tiempo\\\/#primaryimage\"},\"thumbnailUrl\":\"https:\\\/\\\/www.revistarambla.com\\\/wp-content\\\/uploads\\\/2026\\\/01\\\/Dolly-Van-Doll.jpg\",\"articleSection\":[\"Cultura\"],\"inLanguage\":\"en-GB\"},{\"@type\":\"WebPage\",\"@id\":\"https:\\\/\\\/www.revistarambla.com\\\/dolly-van-doll-el-ocaso-de-una-reina-del-cabaret-que-desafio-a-su-tiempo\\\/\",\"url\":\"https:\\\/\\\/www.revistarambla.com\\\/dolly-van-doll-el-ocaso-de-una-reina-del-cabaret-que-desafio-a-su-tiempo\\\/\",\"name\":\"Dolly Van Doll: El ocaso de una reina del cabaret que desafi\u00f3 a su tiempo - Revista Rambla\",\"isPartOf\":{\"@id\":\"https:\\\/\\\/www.revistarambla.com\\\/#website\"},\"primaryImageOfPage\":{\"@id\":\"https:\\\/\\\/www.revistarambla.com\\\/dolly-van-doll-el-ocaso-de-una-reina-del-cabaret-que-desafio-a-su-tiempo\\\/#primaryimage\"},\"image\":{\"@id\":\"https:\\\/\\\/www.revistarambla.com\\\/dolly-van-doll-el-ocaso-de-una-reina-del-cabaret-que-desafio-a-su-tiempo\\\/#primaryimage\"},\"thumbnailUrl\":\"https:\\\/\\\/www.revistarambla.com\\\/wp-content\\\/uploads\\\/2026\\\/01\\\/Dolly-Van-Doll.jpg\",\"datePublished\":\"2026-01-30T11:58:24+00:00\",\"breadcrumb\":{\"@id\":\"https:\\\/\\\/www.revistarambla.com\\\/dolly-van-doll-el-ocaso-de-una-reina-del-cabaret-que-desafio-a-su-tiempo\\\/#breadcrumb\"},\"inLanguage\":\"en-GB\",\"potentialAction\":[{\"@type\":\"ReadAction\",\"target\":[\"https:\\\/\\\/www.revistarambla.com\\\/dolly-van-doll-el-ocaso-de-una-reina-del-cabaret-que-desafio-a-su-tiempo\\\/\"]}]},{\"@type\":\"ImageObject\",\"inLanguage\":\"en-GB\",\"@id\":\"https:\\\/\\\/www.revistarambla.com\\\/dolly-van-doll-el-ocaso-de-una-reina-del-cabaret-que-desafio-a-su-tiempo\\\/#primaryimage\",\"url\":\"https:\\\/\\\/www.revistarambla.com\\\/wp-content\\\/uploads\\\/2026\\\/01\\\/Dolly-Van-Doll.jpg\",\"contentUrl\":\"https:\\\/\\\/www.revistarambla.com\\\/wp-content\\\/uploads\\\/2026\\\/01\\\/Dolly-Van-Doll.jpg\",\"width\":1200,\"height\":675,\"caption\":\"Dolly Van Doll\"},{\"@type\":\"BreadcrumbList\",\"@id\":\"https:\\\/\\\/www.revistarambla.com\\\/dolly-van-doll-el-ocaso-de-una-reina-del-cabaret-que-desafio-a-su-tiempo\\\/#breadcrumb\",\"itemListElement\":[{\"@type\":\"ListItem\",\"position\":1,\"name\":\"Portada\",\"item\":\"https:\\\/\\\/www.revistarambla.com\\\/\"},{\"@type\":\"ListItem\",\"position\":2,\"name\":\"Dolly Van Doll: El ocaso de una reina del cabaret que desafi\u00f3 a su tiempo\"}]},{\"@type\":\"WebSite\",\"@id\":\"https:\\\/\\\/www.revistarambla.com\\\/#website\",\"url\":\"https:\\\/\\\/www.revistarambla.com\\\/\",\"name\":\"Revista Rambla Barcelona\",\"description\":\"Periodismo independiente\",\"publisher\":{\"@id\":\"https:\\\/\\\/www.revistarambla.com\\\/#organization\"},\"potentialAction\":[{\"@type\":\"SearchAction\",\"target\":{\"@type\":\"EntryPoint\",\"urlTemplate\":\"https:\\\/\\\/www.revistarambla.com\\\/?s={search_term_string}\"},\"query-input\":{\"@type\":\"PropertyValueSpecification\",\"valueRequired\":true,\"valueName\":\"search_term_string\"}}],\"inLanguage\":\"en-GB\"},{\"@type\":\"Organization\",\"@id\":\"https:\\\/\\\/www.revistarambla.com\\\/#organization\",\"name\":\"Revista Rambla\",\"url\":\"https:\\\/\\\/www.revistarambla.com\\\/\",\"logo\":{\"@type\":\"ImageObject\",\"inLanguage\":\"en-GB\",\"@id\":\"https:\\\/\\\/www.revistarambla.com\\\/#\\\/schema\\\/logo\\\/image\\\/\",\"url\":\"https:\\\/\\\/www.revistarambla.com\\\/wp-content\\\/uploads\\\/2020\\\/09\\\/banner_rambla_1900x600_BB.png\",\"contentUrl\":\"https:\\\/\\\/www.revistarambla.com\\\/wp-content\\\/uploads\\\/2020\\\/09\\\/banner_rambla_1900x600_BB.png\",\"width\":1900,\"height\":600,\"caption\":\"Revista Rambla\"},\"image\":{\"@id\":\"https:\\\/\\\/www.revistarambla.com\\\/#\\\/schema\\\/logo\\\/image\\\/\"},\"sameAs\":[\"https:\\\/\\\/www.facebook.com\\\/revistarambla\\\/\",\"https:\\\/\\\/x.com\\\/revistarambla\",\"https:\\\/\\\/www.instagram.com\\\/revista_rambla\",\"https:\\\/\\\/es.linkedin.com\\\/company\\\/revista-rambla\"]},{\"@type\":\"Person\",\"@id\":\"https:\\\/\\\/www.revistarambla.com\\\/#\\\/schema\\\/person\\\/a146a5a2550b94981a75131180e1bd9c\",\"name\":\"R@mbla\",\"description\":\"Este art\u00edculo ha sido redactado y\\\/o validado por el equipo de redacci\u00f3n de Revista Rambla.\",\"sameAs\":[\"https:\\\/\\\/www.revistarambla.com\\\/\",\"https:\\\/\\\/www.facebook.com\\\/revistarambla\",\"https:\\\/\\\/x.com\\\/revistarambla\"]}]}<\/script>\n<!-- \/ Yoast SEO plugin. -->","yoast_head_json":{"title":"Dolly Van Doll: El ocaso de una reina del cabaret que desafi\u00f3 a su tiempo - Revista Rambla","robots":{"index":"index","follow":"follow","max-snippet":"max-snippet:-1","max-image-preview":"max-image-preview:large","max-video-preview":"max-video-preview:-1"},"canonical":"https:\/\/www.revistarambla.com\/en\/dolly-van-doll-el-ocaso-de-una-reina-del-cabaret-que-desafio-a-su-tiempo\/","og_locale":"en_GB","og_type":"article","og_title":"Dolly Van Doll: El ocaso de una reina del cabaret que desafi\u00f3 a su tiempo - Revista Rambla","og_description":"Dolly Van Doll, vedette, empresaria y pionera transg\u00e9nero que marc\u00f3 buena parte de la escena musical y nocturna de la ciudad en la d\u00e9cada de 1970, muri\u00f3 en octubre de 2025 en Barcelona a los 87 a\u00f1os. Su fallecimiento, tras un derrame cerebral, marca el fin de un arco vital [&hellip;]","og_url":"https:\/\/www.revistarambla.com\/en\/dolly-van-doll-el-ocaso-de-una-reina-del-cabaret-que-desafio-a-su-tiempo\/","og_site_name":"Revista Rambla","article_publisher":"https:\/\/www.facebook.com\/revistarambla\/","article_author":"https:\/\/www.facebook.com\/revistarambla","article_published_time":"2026-01-30T11:58:24+00:00","og_image":[{"width":1200,"height":675,"url":"https:\/\/www.revistarambla.com\/wp-content\/uploads\/2026\/01\/Dolly-Van-Doll.jpg","type":"image\/jpeg"}],"author":"R@mbla","twitter_card":"summary_large_image","twitter_creator":"@revistarambla","twitter_site":"@revistarambla","twitter_misc":{"Written by":"R@mbla","Estimated reading time":"6 minutes"},"schema":{"@context":"https:\/\/schema.org","@graph":[{"@type":"Article","@id":"https:\/\/www.revistarambla.com\/dolly-van-doll-el-ocaso-de-una-reina-del-cabaret-que-desafio-a-su-tiempo\/#article","isPartOf":{"@id":"https:\/\/www.revistarambla.com\/dolly-van-doll-el-ocaso-de-una-reina-del-cabaret-que-desafio-a-su-tiempo\/"},"author":{"name":"R@mbla","@id":"https:\/\/www.revistarambla.com\/#\/schema\/person\/a146a5a2550b94981a75131180e1bd9c"},"headline":"Dolly Van Doll: El ocaso de una reina del cabaret que desafi\u00f3 a su tiempo","datePublished":"2026-01-30T11:58:24+00:00","mainEntityOfPage":{"@id":"https:\/\/www.revistarambla.com\/dolly-van-doll-el-ocaso-de-una-reina-del-cabaret-que-desafio-a-su-tiempo\/"},"wordCount":1381,"publisher":{"@id":"https:\/\/www.revistarambla.com\/#organization"},"image":{"@id":"https:\/\/www.revistarambla.com\/dolly-van-doll-el-ocaso-de-una-reina-del-cabaret-que-desafio-a-su-tiempo\/#primaryimage"},"thumbnailUrl":"https:\/\/www.revistarambla.com\/wp-content\/uploads\/2026\/01\/Dolly-Van-Doll.jpg","articleSection":["Cultura"],"inLanguage":"en-GB"},{"@type":"WebPage","@id":"https:\/\/www.revistarambla.com\/dolly-van-doll-el-ocaso-de-una-reina-del-cabaret-que-desafio-a-su-tiempo\/","url":"https:\/\/www.revistarambla.com\/dolly-van-doll-el-ocaso-de-una-reina-del-cabaret-que-desafio-a-su-tiempo\/","name":"Dolly Van Doll: El ocaso de una reina del cabaret que desafi\u00f3 a su tiempo - Revista Rambla","isPartOf":{"@id":"https:\/\/www.revistarambla.com\/#website"},"primaryImageOfPage":{"@id":"https:\/\/www.revistarambla.com\/dolly-van-doll-el-ocaso-de-una-reina-del-cabaret-que-desafio-a-su-tiempo\/#primaryimage"},"image":{"@id":"https:\/\/www.revistarambla.com\/dolly-van-doll-el-ocaso-de-una-reina-del-cabaret-que-desafio-a-su-tiempo\/#primaryimage"},"thumbnailUrl":"https:\/\/www.revistarambla.com\/wp-content\/uploads\/2026\/01\/Dolly-Van-Doll.jpg","datePublished":"2026-01-30T11:58:24+00:00","breadcrumb":{"@id":"https:\/\/www.revistarambla.com\/dolly-van-doll-el-ocaso-de-una-reina-del-cabaret-que-desafio-a-su-tiempo\/#breadcrumb"},"inLanguage":"en-GB","potentialAction":[{"@type":"ReadAction","target":["https:\/\/www.revistarambla.com\/dolly-van-doll-el-ocaso-de-una-reina-del-cabaret-que-desafio-a-su-tiempo\/"]}]},{"@type":"ImageObject","inLanguage":"en-GB","@id":"https:\/\/www.revistarambla.com\/dolly-van-doll-el-ocaso-de-una-reina-del-cabaret-que-desafio-a-su-tiempo\/#primaryimage","url":"https:\/\/www.revistarambla.com\/wp-content\/uploads\/2026\/01\/Dolly-Van-Doll.jpg","contentUrl":"https:\/\/www.revistarambla.com\/wp-content\/uploads\/2026\/01\/Dolly-Van-Doll.jpg","width":1200,"height":675,"caption":"Dolly Van Doll"},{"@type":"BreadcrumbList","@id":"https:\/\/www.revistarambla.com\/dolly-van-doll-el-ocaso-de-una-reina-del-cabaret-que-desafio-a-su-tiempo\/#breadcrumb","itemListElement":[{"@type":"ListItem","position":1,"name":"Portada","item":"https:\/\/www.revistarambla.com\/"},{"@type":"ListItem","position":2,"name":"Dolly Van Doll: El ocaso de una reina del cabaret que desafi\u00f3 a su tiempo"}]},{"@type":"WebSite","@id":"https:\/\/www.revistarambla.com\/#website","url":"https:\/\/www.revistarambla.com\/","name":"Revista Rambla Barcelona","description":"Periodismo independiente","publisher":{"@id":"https:\/\/www.revistarambla.com\/#organization"},"potentialAction":[{"@type":"SearchAction","target":{"@type":"EntryPoint","urlTemplate":"https:\/\/www.revistarambla.com\/?s={search_term_string}"},"query-input":{"@type":"PropertyValueSpecification","valueRequired":true,"valueName":"search_term_string"}}],"inLanguage":"en-GB"},{"@type":"Organization","@id":"https:\/\/www.revistarambla.com\/#organization","name":"Revista Rambla","url":"https:\/\/www.revistarambla.com\/","logo":{"@type":"ImageObject","inLanguage":"en-GB","@id":"https:\/\/www.revistarambla.com\/#\/schema\/logo\/image\/","url":"https:\/\/www.revistarambla.com\/wp-content\/uploads\/2020\/09\/banner_rambla_1900x600_BB.png","contentUrl":"https:\/\/www.revistarambla.com\/wp-content\/uploads\/2020\/09\/banner_rambla_1900x600_BB.png","width":1900,"height":600,"caption":"Revista Rambla"},"image":{"@id":"https:\/\/www.revistarambla.com\/#\/schema\/logo\/image\/"},"sameAs":["https:\/\/www.facebook.com\/revistarambla\/","https:\/\/x.com\/revistarambla","https:\/\/www.instagram.com\/revista_rambla","https:\/\/es.linkedin.com\/company\/revista-rambla"]},{"@type":"Person","@id":"https:\/\/www.revistarambla.com\/#\/schema\/person\/a146a5a2550b94981a75131180e1bd9c","name":"R@mbla","description":"Este art\u00edculo ha sido redactado y\/o validado por el equipo de redacci\u00f3n de Revista Rambla.","sameAs":["https:\/\/www.revistarambla.com\/","https:\/\/www.facebook.com\/revistarambla","https:\/\/x.com\/revistarambla"]}]}},"_links":{"self":[{"href":"https:\/\/www.revistarambla.com\/en\/wp-json\/wp\/v2\/posts\/67722","targetHints":{"allow":["GET"]}}],"collection":[{"href":"https:\/\/www.revistarambla.com\/en\/wp-json\/wp\/v2\/posts"}],"about":[{"href":"https:\/\/www.revistarambla.com\/en\/wp-json\/wp\/v2\/types\/post"}],"author":[{"embeddable":true,"href":"https:\/\/www.revistarambla.com\/en\/wp-json\/wp\/v2\/users\/3"}],"replies":[{"embeddable":true,"href":"https:\/\/www.revistarambla.com\/en\/wp-json\/wp\/v2\/comments?post=67722"}],"version-history":[{"count":1,"href":"https:\/\/www.revistarambla.com\/en\/wp-json\/wp\/v2\/posts\/67722\/revisions"}],"predecessor-version":[{"id":67724,"href":"https:\/\/www.revistarambla.com\/en\/wp-json\/wp\/v2\/posts\/67722\/revisions\/67724"}],"wp:featuredmedia":[{"embeddable":true,"href":"https:\/\/www.revistarambla.com\/en\/wp-json\/wp\/v2\/media\/67723"}],"wp:attachment":[{"href":"https:\/\/www.revistarambla.com\/en\/wp-json\/wp\/v2\/media?parent=67722"}],"wp:term":[{"taxonomy":"category","embeddable":true,"href":"https:\/\/www.revistarambla.com\/en\/wp-json\/wp\/v2\/categories?post=67722"},{"taxonomy":"post_tag","embeddable":true,"href":"https:\/\/www.revistarambla.com\/en\/wp-json\/wp\/v2\/tags?post=67722"}],"curies":[{"name":"wp","href":"https:\/\/api.w.org\/{rel}","templated":true}]}}