{"id":67720,"date":"2026-01-30T12:45:20","date_gmt":"2026-01-30T11:45:20","guid":{"rendered":"https:\/\/www.revistarambla.com\/?p=67720"},"modified":"2026-01-30T12:45:20","modified_gmt":"2026-01-30T11:45:20","slug":"embajadas-y-empresas-extranjeras-revisan-planes-en-cuba-ante-escalada-de-tension-e-incertidumbre","status":"publish","type":"post","link":"https:\/\/www.revistarambla.com\/en\/embajadas-y-empresas-extranjeras-revisan-planes-en-cuba-ante-escalada-de-tension-e-incertidumbre\/","title":{"rendered":"Embajadas y empresas extranjeras revisan planes en Cuba ante escalada de tensi\u00f3n e incertidumbre"},"content":{"rendered":"<p>Varias embajadas y empresas con presencia en Cuba se encuentran en un proceso de revisi\u00f3n y actualizaci\u00f3n de sus planes de contingencia y evacuaci\u00f3n <!--more-->ante un clima de creciente incertidumbre pol\u00edtica, geopol\u00edtica y econ\u00f3mica que sacude a la isla caribe\u00f1a. La situaci\u00f3n se da en un contexto marcado por tensiones internacionales, crisis energ\u00e9tica en Cuba y medidas estadounidenses que han generado alarma entre gobiernos y actores privados.<\/p>\n<h3><strong>Un clima de tensi\u00f3n internacional en ascenso<\/strong><\/h3>\n<p>La tensi\u00f3n geopol\u00edtica en torno a Cuba ha aumentado dr\u00e1sticamente en las \u00faltimas semanas, impulsada por varios factores externos e internos. Uno de los m\u00e1s relevantes ha sido la reciente captura del expresidente venezolano Nicol\u00e1s Maduro por parte de fuerzas estadounidenses, un evento que ha profundizado las fricciones en Am\u00e9rica Latina y llevado la atenci\u00f3n del Gobierno de Estados Unidos hacia la situaci\u00f3n cubana.<\/p>\n<p>En este marco, Washington, bajo la administraci\u00f3n del presidente Donald Trump, ha adoptado una postura cada vez m\u00e1s dura con respecto al Gobierno de Cuba. El mandatario estadounidense ha llegado a calificar al pa\u00eds como una \u201camenaza inusual y extraordinaria para la seguridad nacional y la pol\u00edtica exterior de Estados Unidos\u201d, y ha firmado \u00f3rdenes ejecutivas que contemplan sanciones econ\u00f3micas contra naciones que suministren petr\u00f3leo a la isla.<\/p>\n<p>Paralelamente, funcionarios del Departamento de Estado han enfatizado que Washington aspira a un cambio pol\u00edtico en Cuba en 2026 que permita a los cubanos ejercer \u201csus libertades fundamentales\u201d, una declaraci\u00f3n interpretada por analistas como un mensaje hacia el r\u00e9gimen de Miguel D\u00edaz-Canel y, m\u00e1s ampliamente, hacia la comunidad internacional.<\/p>\n<h3><strong>Embajadas reevaluando riesgos<\/strong><\/h3>\n<p>En este contexto, varias embajadas de pa\u00edses europeos y latinoamericanos han iniciado la revisi\u00f3n de sus planes de emergencia y evacuaci\u00f3n en La Habana. Seg\u00fan fuentes diplom\u00e1ticas citadas por la agencia EFE, estas representaciones est\u00e1n actualizando listados de nacionales residentes en Cuba, contact\u00e1ndolos incluso de forma individual para verificar datos y ubicaci\u00f3n, y evaluando escenarios de crisis de corto plazo.<\/p>\n<p>Los motivos detr\u00e1s de esta reevaluaci\u00f3n obedecen a una combinaci\u00f3n de factores. Por un lado, est\u00e1 la preocupaci\u00f3n por una posible intervenci\u00f3n militar \u2014aunque sea limitada\u2014 ordenada desde Washington, un escenario que algunas fuentes consideran plausible dada la reciente presi\u00f3n estadounidense en la regi\u00f3n y los hechos vividos en Venezuela.<\/p>\n<p>Por otro, las misiones diplom\u00e1ticas tambi\u00e9n se preparan para escenarios m\u00e1s prosaicos pero igualmente cr\u00edticos: largos per\u00edodos sin servicios b\u00e1sicos como electricidad, agua o combustible, condiciones que varias legaciones consideran ya una posibilidad real debido a la crisis energ\u00e9tica que enfrenta Cuba.<\/p>\n<h3><strong>Empresas internacionales bajo alerta<\/strong><\/h3>\n<p>No solo las representaciones diplom\u00e1ticas han comenzado a moverse. Varias filiales de empresas internacionales con operaciones en Cuba han admitido que, ante la incertidumbre geopol\u00edtica, est\u00e1n revisando sus planes junto con sus casas matrices para evaluar los riesgos de continuidad operativa.<\/p>\n<p>El deterioro de la situaci\u00f3n econ\u00f3mica y log\u00edstica en la isla ha sido un factor decisivo para estas consideraciones. Con apagones prolongados, escasez de combustible y una capacidad industrial cada vez m\u00e1s limitada, algunas empresas se\u00f1alan que la producci\u00f3n y la log\u00edstica podr\u00edan volverse insostenibles si los env\u00edos de crudo y derivados no se normalizan o aumentan.<\/p>\n<p>Uno de los casos m\u00e1s llamativos es el de la multinacional brit\u00e1nica <strong>Unilever<\/strong>, que seg\u00fan fuentes cercanas a la compa\u00f1\u00eda ya habr\u00eda evacuado a las familias de sus trabajadores extranjeros en Cuba como medida preventiva. Aunque la empresa no ha confirmado oficialmente la informaci\u00f3n, este paso simboliza la cautela creciente en el sector privado internacional.<\/p>\n<h3><strong>Crisis energ\u00e9tica y econ\u00f3mica interna<\/strong><\/h3>\n<p>La preocupaci\u00f3n diplom\u00e1tica y empresarial no surge en el vac\u00edo. Cuba atraviesa una de sus peores crisis energ\u00e9ticas en la historia reciente. La principal termoel\u00e9ctrica del pa\u00eds, Antonio Guiteras, ha sufrido apagones significativos, mientras que los datos reportados por fuentes especializadas dan cuenta de reservas de petr\u00f3leo que podr\u00edan agotarse en unas pocas semanas si no se reanudan los suministros.<\/p>\n<p>La situaci\u00f3n se agrava por la cancelaci\u00f3n de env\u00edos de petr\u00f3leo procedente de M\u00e9xico, que anteriormente hab\u00eda funcionado como un enlace cr\u00edtico tras la interrupci\u00f3n del suministro de Caracas. Aunque M\u00e9xico ha insistido en su soberan\u00eda y en que no responde a presiones externas, la reducci\u00f3n de estos env\u00edos ha aumentado la escasez de combustible en Cuba y ha sido un factor clave en el colapso de servicios b\u00e1sicos.<\/p>\n<p>El impacto es amplio. M\u00e1s all\u00e1 de los apagones, la escasez de gasolina afecta actividades cotidianas como la recolecci\u00f3n de basura y el transporte p\u00fablico, mientras que el sector tur\u00edstico \u2014tradicionalmente una fuente importante de divisas para la isla\u2014 ha visto un notable descenso en visitantes y actividad.<\/p>\n<h3><strong>Repercusiones geopol\u00edticas<\/strong><\/h3>\n<p>La situaci\u00f3n en Cuba no solo es una cuesti\u00f3n bilateral entre La Habana y Washington. La escalada de tensi\u00f3n tiene implicaciones m\u00e1s amplias para las relaciones internacionales en la regi\u00f3n. La captura de Nicol\u00e1s Maduro en Venezuela marc\u00f3 un punto de inflexi\u00f3n en las din\u00e1micas entre Estados Unidos y varios gobiernos latinoamericanos, generando una ola de incertidumbre sobre el futuro de la cooperaci\u00f3n regional.<\/p>\n<p>Adem\u00e1s, las nuevas medidas estadounidenses \u2014como la amenaza de imponer aranceles a pa\u00edses que suministren petr\u00f3leo a Cuba o incluso contemplar un bloqueo naval para detener importaciones energ\u00e9ticas\u2014 han despertado reacciones y debates sobre la soberan\u00eda de naciones como M\u00e9xico y otros potenciales proveedores.<\/p>\n<p>Este contexto ha llevado a que algunos gobiernos reconsideren su postura en relaci\u00f3n con La Habana. Aunque muchos reafirmaron su compromiso con la no intervenci\u00f3n y el respeto a la soberan\u00eda cubana, la persistente presi\u00f3n externa y la volatilidad del entorno han impulsado una mayor cautela en las decisiones diplom\u00e1ticas y comerciales.<\/p>\n<h3><strong>Comunicaci\u00f3n oficial y respuestas cubanas<\/strong><\/h3>\n<p>El Gobierno cubano ha reaccionado de manera cr\u00edtica a las medidas y presiones externas. Autoridades y medios oficiales han denunciado los intentos de injerencia en sus asuntos internos, acusando a Estados Unidos de buscar la desestabilizaci\u00f3n del pa\u00eds y de provocar sufrimiento social. Desde La Habana se asegura que la soberan\u00eda nacional no est\u00e1 en discusi\u00f3n y que el pueblo cubano resistir\u00e1 las adversidades.<\/p>\n<p>Las declaraciones oficiales tambi\u00e9n han enfatizado el derecho de Cuba a mantener relaciones internacionales independientes y a gestionar sus recursos energ\u00e9ticos y econ\u00f3micos sin injerencias externas. El discurso gubernamental apunta a contrarrestar la narrativa de crisis con llamados a la unidad interna y solidaridad frente a lo que consideran un cerco diplom\u00e1tico y econ\u00f3mico.<\/p>\n<h3><strong>Perspectivas y escenarios futuros<\/strong><\/h3>\n<p>Los analistas coinciden en que diversas fuerzas est\u00e1n moldeando el presente y futuro inmediato de Cuba. La conjunci\u00f3n de un deterioro econ\u00f3mico interno, el endurecimiento de pol\u00edticas estadounidenses y una gesti\u00f3n diplom\u00e1tica cautelosa por parte de pa\u00edses con presencia en la isla crea un escenario complejo y de alta incertidumbre.<\/p>\n<p>Para las embajadas, el principal reto ser\u00e1 equilibrar la seguridad de sus nacionales con la preservaci\u00f3n de relaciones bilaterales y misiones diplom\u00e1ticas activas. Ese desaf\u00edo implica actualizar protocolos sin generar p\u00e1nico ni tomar decisiones precipitadas que puedan agravarel clima de tensi\u00f3n.<\/p>\n<p>En el \u00e1mbito empresarial, la continuidad de operaciones depender\u00e1 en gran medida de la evoluci\u00f3n de la situaci\u00f3n energ\u00e9tica y log\u00edstica. Si las condiciones internas no mejoran, no ser\u00eda sorprendente ver un incremento en planes de repliegue, reducciones operativas o incluso salidas definitivas de algunos actores privados.<\/p>\n<p>Finalmente, el papel de actores externos \u2014tanto regionales como globales\u2014 ser\u00e1 clave para determinar si la actual fase de tensi\u00f3n se intensifica o si se abren espacios para la negociaci\u00f3n y la reducci\u00f3n del conflicto. Este equilibrio entre presi\u00f3n y diplomacia podr\u00eda definir no solo el futuro de Cuba, sino tambi\u00e9n las relaciones hemisf\u00e9ricas en los pr\u00f3ximos a\u00f1os.<\/p>","protected":false},"excerpt":{"rendered":"<p>Varias embajadas y empresas con presencia en Cuba se encuentran en un proceso de revisi\u00f3n y actualizaci\u00f3n de sus planes de contingencia y evacuaci\u00f3n<\/p>","protected":false},"author":3,"featured_media":63545,"comment_status":"closed","ping_status":"closed","sticky":false,"template":"","format":"standard","meta":{"footnotes":""},"categories":[57],"tags":[],"class_list":["post-67720","post","type-post","status-publish","format-standard","has-post-thumbnail","hentry","category-global"],"yoast_head":"<!-- This site is optimized with the Yoast SEO plugin v27.5 - https:\/\/yoast.com\/product\/yoast-seo-wordpress\/ -->\n<title>Embajadas y empresas extranjeras revisan planes en Cuba ante escalada de tensi\u00f3n e incertidumbre - Revista Rambla<\/title>\n<meta name=\"robots\" content=\"index, follow, max-snippet:-1, max-image-preview:large, max-video-preview:-1\" \/>\n<link rel=\"canonical\" href=\"https:\/\/www.revistarambla.com\/en\/embajadas-y-empresas-extranjeras-revisan-planes-en-cuba-ante-escalada-de-tension-e-incertidumbre\/\" \/>\n<meta property=\"og:locale\" content=\"en_GB\" \/>\n<meta property=\"og:type\" content=\"article\" \/>\n<meta property=\"og:title\" content=\"Embajadas y empresas extranjeras revisan planes en Cuba ante escalada de tensi\u00f3n e incertidumbre - Revista Rambla\" \/>\n<meta property=\"og:description\" content=\"Varias embajadas y empresas con presencia en Cuba se encuentran en un proceso de revisi\u00f3n y actualizaci\u00f3n de sus planes de contingencia y evacuaci\u00f3n\" \/>\n<meta property=\"og:url\" content=\"https:\/\/www.revistarambla.com\/en\/embajadas-y-empresas-extranjeras-revisan-planes-en-cuba-ante-escalada-de-tension-e-incertidumbre\/\" \/>\n<meta property=\"og:site_name\" content=\"Revista Rambla\" \/>\n<meta property=\"article:publisher\" content=\"https:\/\/www.facebook.com\/revistarambla\/\" \/>\n<meta property=\"article:author\" content=\"https:\/\/www.facebook.com\/revistarambla\" \/>\n<meta property=\"article:published_time\" content=\"2026-01-30T11:45:20+00:00\" \/>\n<meta property=\"og:image\" content=\"https:\/\/www.revistarambla.com\/wp-content\/uploads\/2024\/11\/aeropuerto-internacional-habana-cuba.jpg\" \/>\n\t<meta property=\"og:image:width\" content=\"850\" \/>\n\t<meta property=\"og:image:height\" content=\"567\" \/>\n\t<meta property=\"og:image:type\" content=\"image\/jpeg\" \/>\n<meta name=\"author\" content=\"R@mbla\" \/>\n<meta name=\"twitter:card\" content=\"summary_large_image\" \/>\n<meta name=\"twitter:creator\" content=\"@revistarambla\" \/>\n<meta name=\"twitter:site\" content=\"@revistarambla\" \/>\n<meta name=\"twitter:label1\" content=\"Written by\" \/>\n\t<meta name=\"twitter:data1\" content=\"R@mbla\" \/>\n\t<meta name=\"twitter:label2\" content=\"Estimated reading time\" \/>\n\t<meta name=\"twitter:data2\" content=\"6 minutes\" \/>\n<script type=\"application\/ld+json\" class=\"yoast-schema-graph\">{\"@context\":\"https:\\\/\\\/schema.org\",\"@graph\":[{\"@type\":\"Article\",\"@id\":\"https:\\\/\\\/www.revistarambla.com\\\/embajadas-y-empresas-extranjeras-revisan-planes-en-cuba-ante-escalada-de-tension-e-incertidumbre\\\/#article\",\"isPartOf\":{\"@id\":\"https:\\\/\\\/www.revistarambla.com\\\/embajadas-y-empresas-extranjeras-revisan-planes-en-cuba-ante-escalada-de-tension-e-incertidumbre\\\/\"},\"author\":{\"name\":\"R@mbla\",\"@id\":\"https:\\\/\\\/www.revistarambla.com\\\/#\\\/schema\\\/person\\\/a146a5a2550b94981a75131180e1bd9c\"},\"headline\":\"Embajadas y empresas extranjeras revisan planes en Cuba ante escalada de tensi\u00f3n e incertidumbre\",\"datePublished\":\"2026-01-30T11:45:20+00:00\",\"mainEntityOfPage\":{\"@id\":\"https:\\\/\\\/www.revistarambla.com\\\/embajadas-y-empresas-extranjeras-revisan-planes-en-cuba-ante-escalada-de-tension-e-incertidumbre\\\/\"},\"wordCount\":1402,\"publisher\":{\"@id\":\"https:\\\/\\\/www.revistarambla.com\\\/#organization\"},\"image\":{\"@id\":\"https:\\\/\\\/www.revistarambla.com\\\/embajadas-y-empresas-extranjeras-revisan-planes-en-cuba-ante-escalada-de-tension-e-incertidumbre\\\/#primaryimage\"},\"thumbnailUrl\":\"https:\\\/\\\/www.revistarambla.com\\\/wp-content\\\/uploads\\\/2024\\\/11\\\/aeropuerto-internacional-habana-cuba.jpg\",\"articleSection\":[\"Global\"],\"inLanguage\":\"en-GB\"},{\"@type\":\"WebPage\",\"@id\":\"https:\\\/\\\/www.revistarambla.com\\\/embajadas-y-empresas-extranjeras-revisan-planes-en-cuba-ante-escalada-de-tension-e-incertidumbre\\\/\",\"url\":\"https:\\\/\\\/www.revistarambla.com\\\/embajadas-y-empresas-extranjeras-revisan-planes-en-cuba-ante-escalada-de-tension-e-incertidumbre\\\/\",\"name\":\"Embajadas y empresas extranjeras revisan planes en Cuba ante escalada de tensi\u00f3n e incertidumbre - Revista Rambla\",\"isPartOf\":{\"@id\":\"https:\\\/\\\/www.revistarambla.com\\\/#website\"},\"primaryImageOfPage\":{\"@id\":\"https:\\\/\\\/www.revistarambla.com\\\/embajadas-y-empresas-extranjeras-revisan-planes-en-cuba-ante-escalada-de-tension-e-incertidumbre\\\/#primaryimage\"},\"image\":{\"@id\":\"https:\\\/\\\/www.revistarambla.com\\\/embajadas-y-empresas-extranjeras-revisan-planes-en-cuba-ante-escalada-de-tension-e-incertidumbre\\\/#primaryimage\"},\"thumbnailUrl\":\"https:\\\/\\\/www.revistarambla.com\\\/wp-content\\\/uploads\\\/2024\\\/11\\\/aeropuerto-internacional-habana-cuba.jpg\",\"datePublished\":\"2026-01-30T11:45:20+00:00\",\"breadcrumb\":{\"@id\":\"https:\\\/\\\/www.revistarambla.com\\\/embajadas-y-empresas-extranjeras-revisan-planes-en-cuba-ante-escalada-de-tension-e-incertidumbre\\\/#breadcrumb\"},\"inLanguage\":\"en-GB\",\"potentialAction\":[{\"@type\":\"ReadAction\",\"target\":[\"https:\\\/\\\/www.revistarambla.com\\\/embajadas-y-empresas-extranjeras-revisan-planes-en-cuba-ante-escalada-de-tension-e-incertidumbre\\\/\"]}]},{\"@type\":\"ImageObject\",\"inLanguage\":\"en-GB\",\"@id\":\"https:\\\/\\\/www.revistarambla.com\\\/embajadas-y-empresas-extranjeras-revisan-planes-en-cuba-ante-escalada-de-tension-e-incertidumbre\\\/#primaryimage\",\"url\":\"https:\\\/\\\/www.revistarambla.com\\\/wp-content\\\/uploads\\\/2024\\\/11\\\/aeropuerto-internacional-habana-cuba.jpg\",\"contentUrl\":\"https:\\\/\\\/www.revistarambla.com\\\/wp-content\\\/uploads\\\/2024\\\/11\\\/aeropuerto-internacional-habana-cuba.jpg\",\"width\":850,\"height\":567,\"caption\":\"env\u00edos a cuba invasi\u00f3n cuba\"},{\"@type\":\"BreadcrumbList\",\"@id\":\"https:\\\/\\\/www.revistarambla.com\\\/embajadas-y-empresas-extranjeras-revisan-planes-en-cuba-ante-escalada-de-tension-e-incertidumbre\\\/#breadcrumb\",\"itemListElement\":[{\"@type\":\"ListItem\",\"position\":1,\"name\":\"Portada\",\"item\":\"https:\\\/\\\/www.revistarambla.com\\\/\"},{\"@type\":\"ListItem\",\"position\":2,\"name\":\"Embajadas y empresas extranjeras revisan planes en Cuba ante escalada de tensi\u00f3n e incertidumbre\"}]},{\"@type\":\"WebSite\",\"@id\":\"https:\\\/\\\/www.revistarambla.com\\\/#website\",\"url\":\"https:\\\/\\\/www.revistarambla.com\\\/\",\"name\":\"Revista Rambla Barcelona\",\"description\":\"Periodismo independiente\",\"publisher\":{\"@id\":\"https:\\\/\\\/www.revistarambla.com\\\/#organization\"},\"potentialAction\":[{\"@type\":\"SearchAction\",\"target\":{\"@type\":\"EntryPoint\",\"urlTemplate\":\"https:\\\/\\\/www.revistarambla.com\\\/?s={search_term_string}\"},\"query-input\":{\"@type\":\"PropertyValueSpecification\",\"valueRequired\":true,\"valueName\":\"search_term_string\"}}],\"inLanguage\":\"en-GB\"},{\"@type\":\"Organization\",\"@id\":\"https:\\\/\\\/www.revistarambla.com\\\/#organization\",\"name\":\"Revista Rambla\",\"url\":\"https:\\\/\\\/www.revistarambla.com\\\/\",\"logo\":{\"@type\":\"ImageObject\",\"inLanguage\":\"en-GB\",\"@id\":\"https:\\\/\\\/www.revistarambla.com\\\/#\\\/schema\\\/logo\\\/image\\\/\",\"url\":\"https:\\\/\\\/www.revistarambla.com\\\/wp-content\\\/uploads\\\/2020\\\/09\\\/banner_rambla_1900x600_BB.png\",\"contentUrl\":\"https:\\\/\\\/www.revistarambla.com\\\/wp-content\\\/uploads\\\/2020\\\/09\\\/banner_rambla_1900x600_BB.png\",\"width\":1900,\"height\":600,\"caption\":\"Revista Rambla\"},\"image\":{\"@id\":\"https:\\\/\\\/www.revistarambla.com\\\/#\\\/schema\\\/logo\\\/image\\\/\"},\"sameAs\":[\"https:\\\/\\\/www.facebook.com\\\/revistarambla\\\/\",\"https:\\\/\\\/x.com\\\/revistarambla\",\"https:\\\/\\\/www.instagram.com\\\/revista_rambla\",\"https:\\\/\\\/es.linkedin.com\\\/company\\\/revista-rambla\"]},{\"@type\":\"Person\",\"@id\":\"https:\\\/\\\/www.revistarambla.com\\\/#\\\/schema\\\/person\\\/a146a5a2550b94981a75131180e1bd9c\",\"name\":\"R@mbla\",\"description\":\"Este art\u00edculo ha sido redactado y\\\/o validado por el equipo de redacci\u00f3n de Revista Rambla.\",\"sameAs\":[\"https:\\\/\\\/www.revistarambla.com\\\/\",\"https:\\\/\\\/www.facebook.com\\\/revistarambla\",\"https:\\\/\\\/x.com\\\/revistarambla\"]}]}<\/script>\n<!-- \/ Yoast SEO plugin. -->","yoast_head_json":{"title":"Embajadas y empresas extranjeras revisan planes en Cuba ante escalada de tensi\u00f3n e incertidumbre - Revista Rambla","robots":{"index":"index","follow":"follow","max-snippet":"max-snippet:-1","max-image-preview":"max-image-preview:large","max-video-preview":"max-video-preview:-1"},"canonical":"https:\/\/www.revistarambla.com\/en\/embajadas-y-empresas-extranjeras-revisan-planes-en-cuba-ante-escalada-de-tension-e-incertidumbre\/","og_locale":"en_GB","og_type":"article","og_title":"Embajadas y empresas extranjeras revisan planes en Cuba ante escalada de tensi\u00f3n e incertidumbre - Revista Rambla","og_description":"Varias embajadas y empresas con presencia en Cuba se encuentran en un proceso de revisi\u00f3n y actualizaci\u00f3n de sus planes de contingencia y evacuaci\u00f3n","og_url":"https:\/\/www.revistarambla.com\/en\/embajadas-y-empresas-extranjeras-revisan-planes-en-cuba-ante-escalada-de-tension-e-incertidumbre\/","og_site_name":"Revista Rambla","article_publisher":"https:\/\/www.facebook.com\/revistarambla\/","article_author":"https:\/\/www.facebook.com\/revistarambla","article_published_time":"2026-01-30T11:45:20+00:00","og_image":[{"width":850,"height":567,"url":"https:\/\/www.revistarambla.com\/wp-content\/uploads\/2024\/11\/aeropuerto-internacional-habana-cuba.jpg","type":"image\/jpeg"}],"author":"R@mbla","twitter_card":"summary_large_image","twitter_creator":"@revistarambla","twitter_site":"@revistarambla","twitter_misc":{"Written by":"R@mbla","Estimated reading time":"6 minutes"},"schema":{"@context":"https:\/\/schema.org","@graph":[{"@type":"Article","@id":"https:\/\/www.revistarambla.com\/embajadas-y-empresas-extranjeras-revisan-planes-en-cuba-ante-escalada-de-tension-e-incertidumbre\/#article","isPartOf":{"@id":"https:\/\/www.revistarambla.com\/embajadas-y-empresas-extranjeras-revisan-planes-en-cuba-ante-escalada-de-tension-e-incertidumbre\/"},"author":{"name":"R@mbla","@id":"https:\/\/www.revistarambla.com\/#\/schema\/person\/a146a5a2550b94981a75131180e1bd9c"},"headline":"Embajadas y empresas extranjeras revisan planes en Cuba ante escalada de tensi\u00f3n e incertidumbre","datePublished":"2026-01-30T11:45:20+00:00","mainEntityOfPage":{"@id":"https:\/\/www.revistarambla.com\/embajadas-y-empresas-extranjeras-revisan-planes-en-cuba-ante-escalada-de-tension-e-incertidumbre\/"},"wordCount":1402,"publisher":{"@id":"https:\/\/www.revistarambla.com\/#organization"},"image":{"@id":"https:\/\/www.revistarambla.com\/embajadas-y-empresas-extranjeras-revisan-planes-en-cuba-ante-escalada-de-tension-e-incertidumbre\/#primaryimage"},"thumbnailUrl":"https:\/\/www.revistarambla.com\/wp-content\/uploads\/2024\/11\/aeropuerto-internacional-habana-cuba.jpg","articleSection":["Global"],"inLanguage":"en-GB"},{"@type":"WebPage","@id":"https:\/\/www.revistarambla.com\/embajadas-y-empresas-extranjeras-revisan-planes-en-cuba-ante-escalada-de-tension-e-incertidumbre\/","url":"https:\/\/www.revistarambla.com\/embajadas-y-empresas-extranjeras-revisan-planes-en-cuba-ante-escalada-de-tension-e-incertidumbre\/","name":"Embajadas y empresas extranjeras revisan planes en Cuba ante escalada de tensi\u00f3n e incertidumbre - Revista Rambla","isPartOf":{"@id":"https:\/\/www.revistarambla.com\/#website"},"primaryImageOfPage":{"@id":"https:\/\/www.revistarambla.com\/embajadas-y-empresas-extranjeras-revisan-planes-en-cuba-ante-escalada-de-tension-e-incertidumbre\/#primaryimage"},"image":{"@id":"https:\/\/www.revistarambla.com\/embajadas-y-empresas-extranjeras-revisan-planes-en-cuba-ante-escalada-de-tension-e-incertidumbre\/#primaryimage"},"thumbnailUrl":"https:\/\/www.revistarambla.com\/wp-content\/uploads\/2024\/11\/aeropuerto-internacional-habana-cuba.jpg","datePublished":"2026-01-30T11:45:20+00:00","breadcrumb":{"@id":"https:\/\/www.revistarambla.com\/embajadas-y-empresas-extranjeras-revisan-planes-en-cuba-ante-escalada-de-tension-e-incertidumbre\/#breadcrumb"},"inLanguage":"en-GB","potentialAction":[{"@type":"ReadAction","target":["https:\/\/www.revistarambla.com\/embajadas-y-empresas-extranjeras-revisan-planes-en-cuba-ante-escalada-de-tension-e-incertidumbre\/"]}]},{"@type":"ImageObject","inLanguage":"en-GB","@id":"https:\/\/www.revistarambla.com\/embajadas-y-empresas-extranjeras-revisan-planes-en-cuba-ante-escalada-de-tension-e-incertidumbre\/#primaryimage","url":"https:\/\/www.revistarambla.com\/wp-content\/uploads\/2024\/11\/aeropuerto-internacional-habana-cuba.jpg","contentUrl":"https:\/\/www.revistarambla.com\/wp-content\/uploads\/2024\/11\/aeropuerto-internacional-habana-cuba.jpg","width":850,"height":567,"caption":"env\u00edos a cuba invasi\u00f3n cuba"},{"@type":"BreadcrumbList","@id":"https:\/\/www.revistarambla.com\/embajadas-y-empresas-extranjeras-revisan-planes-en-cuba-ante-escalada-de-tension-e-incertidumbre\/#breadcrumb","itemListElement":[{"@type":"ListItem","position":1,"name":"Portada","item":"https:\/\/www.revistarambla.com\/"},{"@type":"ListItem","position":2,"name":"Embajadas y empresas extranjeras revisan planes en Cuba ante escalada de tensi\u00f3n e incertidumbre"}]},{"@type":"WebSite","@id":"https:\/\/www.revistarambla.com\/#website","url":"https:\/\/www.revistarambla.com\/","name":"Revista Rambla Barcelona","description":"Periodismo independiente","publisher":{"@id":"https:\/\/www.revistarambla.com\/#organization"},"potentialAction":[{"@type":"SearchAction","target":{"@type":"EntryPoint","urlTemplate":"https:\/\/www.revistarambla.com\/?s={search_term_string}"},"query-input":{"@type":"PropertyValueSpecification","valueRequired":true,"valueName":"search_term_string"}}],"inLanguage":"en-GB"},{"@type":"Organization","@id":"https:\/\/www.revistarambla.com\/#organization","name":"Revista Rambla","url":"https:\/\/www.revistarambla.com\/","logo":{"@type":"ImageObject","inLanguage":"en-GB","@id":"https:\/\/www.revistarambla.com\/#\/schema\/logo\/image\/","url":"https:\/\/www.revistarambla.com\/wp-content\/uploads\/2020\/09\/banner_rambla_1900x600_BB.png","contentUrl":"https:\/\/www.revistarambla.com\/wp-content\/uploads\/2020\/09\/banner_rambla_1900x600_BB.png","width":1900,"height":600,"caption":"Revista Rambla"},"image":{"@id":"https:\/\/www.revistarambla.com\/#\/schema\/logo\/image\/"},"sameAs":["https:\/\/www.facebook.com\/revistarambla\/","https:\/\/x.com\/revistarambla","https:\/\/www.instagram.com\/revista_rambla","https:\/\/es.linkedin.com\/company\/revista-rambla"]},{"@type":"Person","@id":"https:\/\/www.revistarambla.com\/#\/schema\/person\/a146a5a2550b94981a75131180e1bd9c","name":"R@mbla","description":"Este art\u00edculo ha sido redactado y\/o validado por el equipo de redacci\u00f3n de Revista Rambla.","sameAs":["https:\/\/www.revistarambla.com\/","https:\/\/www.facebook.com\/revistarambla","https:\/\/x.com\/revistarambla"]}]}},"_links":{"self":[{"href":"https:\/\/www.revistarambla.com\/en\/wp-json\/wp\/v2\/posts\/67720","targetHints":{"allow":["GET"]}}],"collection":[{"href":"https:\/\/www.revistarambla.com\/en\/wp-json\/wp\/v2\/posts"}],"about":[{"href":"https:\/\/www.revistarambla.com\/en\/wp-json\/wp\/v2\/types\/post"}],"author":[{"embeddable":true,"href":"https:\/\/www.revistarambla.com\/en\/wp-json\/wp\/v2\/users\/3"}],"replies":[{"embeddable":true,"href":"https:\/\/www.revistarambla.com\/en\/wp-json\/wp\/v2\/comments?post=67720"}],"version-history":[{"count":1,"href":"https:\/\/www.revistarambla.com\/en\/wp-json\/wp\/v2\/posts\/67720\/revisions"}],"predecessor-version":[{"id":67721,"href":"https:\/\/www.revistarambla.com\/en\/wp-json\/wp\/v2\/posts\/67720\/revisions\/67721"}],"wp:featuredmedia":[{"embeddable":true,"href":"https:\/\/www.revistarambla.com\/en\/wp-json\/wp\/v2\/media\/63545"}],"wp:attachment":[{"href":"https:\/\/www.revistarambla.com\/en\/wp-json\/wp\/v2\/media?parent=67720"}],"wp:term":[{"taxonomy":"category","embeddable":true,"href":"https:\/\/www.revistarambla.com\/en\/wp-json\/wp\/v2\/categories?post=67720"},{"taxonomy":"post_tag","embeddable":true,"href":"https:\/\/www.revistarambla.com\/en\/wp-json\/wp\/v2\/tags?post=67720"}],"curies":[{"name":"wp","href":"https:\/\/api.w.org\/{rel}","templated":true}]}}