{"id":67717,"date":"2026-01-30T12:34:24","date_gmt":"2026-01-30T11:34:24","guid":{"rendered":"https:\/\/www.revistarambla.com\/?p=67717"},"modified":"2026-01-30T12:34:24","modified_gmt":"2026-01-30T11:34:24","slug":"largas-colas-en-el-consulado-de-pakistan-de-barcelona-reflejo-de-una-politica-migratoria-inedita","status":"publish","type":"post","link":"https:\/\/www.revistarambla.com\/en\/largas-colas-en-el-consulado-de-pakistan-de-barcelona-reflejo-de-una-politica-migratoria-inedita\/","title":{"rendered":"Largas colas en el consulado de Pakist\u00e1n de Barcelona: reflejo de una pol\u00edtica migratoria in\u00e9dita"},"content":{"rendered":"<p>Barcelona se ha despertado en los \u00faltimos d\u00edas con una imagen inusual frente al Consulado General de Pakist\u00e1n: largas colas que se prolongan por toda la acera de la avenida de Sarri\u00e0 <!--more-->desde primera hora de la ma\u00f1ana, incluso desde horas antes de que abra la oficina. Cientos de ciudadanos, principalmente de origen paquistan\u00ed, esperan pacientemente \u2014algunos desde la madrugada\u2014 para conseguir un \u00fanico documento: el certificado de antecedentes penales requerido para iniciar su proceso de regularizaci\u00f3n en Espa\u00f1a.<\/p>\n<p>Este fen\u00f3meno no es un simple desbordamiento puntual de tr\u00e1mites burocr\u00e1ticos; constituye uno de los primeros s\u00edntomas visibles de la <strong>entrada en vigor de un proceso de regularizaci\u00f3n extraordinaria<\/strong> que el Gobierno central ha puesto en marcha para alrededor de <strong>medio mill\u00f3n de personas inmigrantes en situaci\u00f3n administrativa irregular en Espa\u00f1a<\/strong>.<\/p>\n<h2><strong>\u00bfQu\u00e9 est\u00e1 pasando exactamente en el consulado?<\/strong><\/h2>\n<p>El contexto es el siguiente: tras la aprobaci\u00f3n de un real decreto por parte del Gobierno espa\u00f1ol \u2014acordado en Consejo de Ministros\u2014 se ha abierto la puerta a que personas que han residido en Espa\u00f1a de forma continuada y sin papeles puedan regularizar su situaci\u00f3n administrativa. Para acogerse a esta medida, se exige, entre otras condiciones, <strong>acreditar no tener antecedentes penales en el pa\u00eds de origen<\/strong> y demostrar una <strong>residencia m\u00ednima de cinco meses en Espa\u00f1a antes de que acabe 2025<\/strong>.<\/p>\n<p>El consulado de Pakist\u00e1n en Barcelona, una de las ciudades con mayor presencia de ciudadanos paquistan\u00edes en Catalu\u00f1a, se ha convertido en punto neur\u00e1lgico de esta primera fase de tr\u00e1mites, donde se acumulan largas filas desde horas antes de la apertura matinal, y donde decenas de personas aguardan durante m\u00e1s de cuatro horas esperando ser atendidas.<\/p>\n<p>Murad Ali Wazir, c\u00f3nsul general del pa\u00eds asi\u00e1tico, ha se\u00f1alado que su oficina est\u00e1 <strong>atendiendo unas 1.000 personas cada d\u00eda<\/strong>, con el objetivo de ampliar incluso los horarios e incluir atenci\u00f3n los fines de semana para absorber la enorme demanda.<\/p>\n<h2><strong>M\u00e1s que colas: una respuesta social a una oportunidad in\u00e9dita<\/strong><\/h2>\n<p>Las escenas ante el consulado \u2014largas filas, testimonios de espera desde la madrugada, y expectativas a la entrada del edificio\u2014 representan <strong>algo m\u00e1s que burocracia<\/strong>: simbolizan la <strong>esperanza acumulada de miles de personas que han vivido durante a\u00f1os en condiciones de precariedad y exclusi\u00f3n social<\/strong>.<\/p>\n<p>Para muchos de los que esperan tranquilos en la cola, este tr\u00e1mite es el <strong>primer paso real hacia una vida con derechos<\/strong>: poder trabajar legalmente, acceder a servicios sociales y sanitarios, y reunirse con familiares que a\u00fan residen en su pa\u00eds de origen. Historias recogidas en varias cr\u00f3nicas muestran que algunos migrantes llevan <strong>a\u00f1os sin ver a sus hijos o parejas<\/strong>, y ahora ven en esta regularizaci\u00f3n una oportunidad tangible para planificar su futuro en Espa\u00f1a.<\/p>\n<p>Este proceso, sin duda, <strong>pone rostro humano a las estad\u00edsticas migratorias<\/strong>; no es una \u201coleada\u201d abstracta, sino personas con nombres, proyectos y v\u00ednculos afectivos que buscan formalizar su estancia y dejar atr\u00e1s la invisibilidad.<\/p>\n<h2><strong>El efecto inmediato en Barcelona: entre organizaci\u00f3n y caos<\/strong><\/h2>\n<p>La presencia masiva de ciudadanos paquistan\u00edes en el consulado ha obligado incluso a <strong>actuaciones de las fuerzas de seguridad<\/strong> para garantizar que las colas no invadan la calzada y para <strong>regular el flujo de personas<\/strong> alrededor de la sede consular.<\/p>\n<p>La imagen de una acera de varios cientos de metros llena de personas esperando su turno es llamativa por su magnitud y por la paciencia que demuestra, pero tambi\u00e9n ha puesto de manifiesto <strong>las limitaciones log\u00edsticas de la red consular ante una demanda s\u00fabita y elevada<\/strong>. La decisi\u00f3n de ampliar horarios, incluida la apertura en fines de semana, responde precisamente a esta necesidad urgente de gestionar un flujo que, de otro modo, colapsar\u00eda no solo el consulado sino la movilidad peatonal y el espacio urbano.<\/p>\n<h2><strong>El simbolismo pol\u00edtico de las colas<\/strong><\/h2>\n<p>Aunque las colas se explican por motivos burocr\u00e1ticos, su existencia tiene tambi\u00e9n una lectura pol\u00edtica potente. La <strong>regularizaci\u00f3n extraordinaria<\/strong> impulsada por el Gobierno no solo tiene efectos administrativos o laborales, sino que representa un <strong>cambio de paradigma en la pol\u00edtica migratoria espa\u00f1ola<\/strong>, que hasta ahora hab\u00eda apostado por enfoques m\u00e1s restrictivos o fragmentados.<\/p>\n<p>En este sentido, las largas esperas ante el consulado son tambi\u00e9n un <strong>s\u00edntoma de un nuevo modelo de gesti\u00f3n migratoria<\/strong>, donde el Estado \u2014en colaboraci\u00f3n con representaciones diplom\u00e1ticas\u2014 articula herramientas para que una parte significativa de la poblaci\u00f3n en situaci\u00f3n irregular pueda acceder a derechos b\u00e1sicos.<\/p>\n<p>Esta medida, que tardar\u00e1 a\u00fan unos meses en traducirse en solicitudes formales (se espera que el periodo de presentaci\u00f3n comience alrededor de abril y se prolongue hasta junio), ya ha tenido un <strong>impacto inmediato en la vida de miles de personas<\/strong>.<\/p>\n<h2><strong>Reflexi\u00f3n final: \u00bfhacia d\u00f3nde va la pol\u00edtica migratoria?<\/strong><\/h2>\n<p>Las largas colas frente al consulado pakistan\u00ed de Barcelona nos confrontan con una realidad que muchas veces queda oculta en los debates pol\u00edticos: <strong>la migraci\u00f3n no es un fen\u00f3meno abstracto, sino experiencias humanas profundas<\/strong>. La historia de cada persona esperando su turno encarna un deseo universal: vivir con dignidad, con seguridad jur\u00eddica y con la posibilidad de ofrecer un futuro mejor a quienes se ama.<\/p>\n<p>Este episodio no es un simple episodio medi\u00e1tico. Representa el <strong>inicio visible de una transformaci\u00f3n institucional<\/strong> en la forma en que el Estado espa\u00f1ol aborda la inmigraci\u00f3n irregular. Las consecuencias de esta transformaci\u00f3n \u2014positivas y tambi\u00e9n desafiantes\u2014 a\u00fan est\u00e1n por verse plenamente, pero lo que s\u00ed es evidente es que <strong>hoy miles de personas han recuperado la posibilidad de existir legalmente ante la ley<\/strong>.<\/p>\n<p>Y en una sociedad que aspira a ser m\u00e1s inclusiva, estas colas pueden leerse no como un problema, sino como <strong>un s\u00edntoma de esperanza colectiva y de un cambio hist\u00f3rico en curso<\/strong>.<\/p>","protected":false},"excerpt":{"rendered":"<p>Barcelona se ha despertado en los \u00faltimos d\u00edas con una imagen inusual frente al Consulado General de Pakist\u00e1n: largas colas que se prolongan por toda la acera de la avenida de Sarri\u00e0<\/p>","protected":false},"author":3,"featured_media":67718,"comment_status":"closed","ping_status":"closed","sticky":false,"template":"","format":"standard","meta":{"footnotes":""},"categories":[76],"tags":[],"class_list":["post-67717","post","type-post","status-publish","format-standard","has-post-thumbnail","hentry","category-barcelona"],"yoast_head":"<!-- This site is optimized with the Yoast SEO plugin v27.5 - https:\/\/yoast.com\/product\/yoast-seo-wordpress\/ -->\n<title>Largas colas en el consulado de Pakist\u00e1n de Barcelona: reflejo de una pol\u00edtica migratoria in\u00e9dita - Revista Rambla<\/title>\n<meta name=\"robots\" content=\"index, follow, max-snippet:-1, max-image-preview:large, max-video-preview:-1\" \/>\n<link rel=\"canonical\" href=\"https:\/\/www.revistarambla.com\/en\/largas-colas-en-el-consulado-de-pakistan-de-barcelona-reflejo-de-una-politica-migratoria-inedita\/\" \/>\n<meta property=\"og:locale\" content=\"en_GB\" \/>\n<meta property=\"og:type\" content=\"article\" \/>\n<meta property=\"og:title\" content=\"Largas colas en el consulado de Pakist\u00e1n de Barcelona: reflejo de una pol\u00edtica migratoria in\u00e9dita - Revista Rambla\" \/>\n<meta property=\"og:description\" content=\"Barcelona se ha despertado en los \u00faltimos d\u00edas con una imagen inusual frente al Consulado General de Pakist\u00e1n: largas colas que se prolongan por toda la acera de la avenida de Sarri\u00e0\" \/>\n<meta property=\"og:url\" content=\"https:\/\/www.revistarambla.com\/en\/largas-colas-en-el-consulado-de-pakistan-de-barcelona-reflejo-de-una-politica-migratoria-inedita\/\" \/>\n<meta property=\"og:site_name\" content=\"Revista Rambla\" \/>\n<meta property=\"article:publisher\" content=\"https:\/\/www.facebook.com\/revistarambla\/\" \/>\n<meta property=\"article:author\" content=\"https:\/\/www.facebook.com\/revistarambla\" \/>\n<meta property=\"article:published_time\" content=\"2026-01-30T11:34:24+00:00\" \/>\n<meta property=\"og:image\" content=\"https:\/\/www.revistarambla.com\/wp-content\/uploads\/2026\/01\/694190629_10954435_1024x576.webp\" \/>\n\t<meta property=\"og:image:width\" content=\"1024\" \/>\n\t<meta property=\"og:image:height\" content=\"576\" \/>\n\t<meta property=\"og:image:type\" content=\"image\/webp\" \/>\n<meta name=\"author\" content=\"R@mbla\" \/>\n<meta name=\"twitter:card\" content=\"summary_large_image\" \/>\n<meta name=\"twitter:creator\" content=\"@revistarambla\" \/>\n<meta name=\"twitter:site\" content=\"@revistarambla\" \/>\n<meta name=\"twitter:label1\" content=\"Written by\" \/>\n\t<meta name=\"twitter:data1\" content=\"R@mbla\" \/>\n\t<meta name=\"twitter:label2\" content=\"Estimated reading time\" \/>\n\t<meta name=\"twitter:data2\" content=\"5 minutes\" \/>\n<script type=\"application\/ld+json\" class=\"yoast-schema-graph\">{\"@context\":\"https:\\\/\\\/schema.org\",\"@graph\":[{\"@type\":\"Article\",\"@id\":\"https:\\\/\\\/www.revistarambla.com\\\/largas-colas-en-el-consulado-de-pakistan-de-barcelona-reflejo-de-una-politica-migratoria-inedita\\\/#article\",\"isPartOf\":{\"@id\":\"https:\\\/\\\/www.revistarambla.com\\\/largas-colas-en-el-consulado-de-pakistan-de-barcelona-reflejo-de-una-politica-migratoria-inedita\\\/\"},\"author\":{\"name\":\"R@mbla\",\"@id\":\"https:\\\/\\\/www.revistarambla.com\\\/#\\\/schema\\\/person\\\/a146a5a2550b94981a75131180e1bd9c\"},\"headline\":\"Largas colas en el consulado de Pakist\u00e1n de Barcelona: reflejo de una pol\u00edtica migratoria in\u00e9dita\",\"datePublished\":\"2026-01-30T11:34:24+00:00\",\"mainEntityOfPage\":{\"@id\":\"https:\\\/\\\/www.revistarambla.com\\\/largas-colas-en-el-consulado-de-pakistan-de-barcelona-reflejo-de-una-politica-migratoria-inedita\\\/\"},\"wordCount\":1035,\"publisher\":{\"@id\":\"https:\\\/\\\/www.revistarambla.com\\\/#organization\"},\"image\":{\"@id\":\"https:\\\/\\\/www.revistarambla.com\\\/largas-colas-en-el-consulado-de-pakistan-de-barcelona-reflejo-de-una-politica-migratoria-inedita\\\/#primaryimage\"},\"thumbnailUrl\":\"https:\\\/\\\/www.revistarambla.com\\\/wp-content\\\/uploads\\\/2026\\\/01\\\/694190629_10954435_1024x576.webp\",\"articleSection\":[\"Barcelona\"],\"inLanguage\":\"en-GB\"},{\"@type\":\"WebPage\",\"@id\":\"https:\\\/\\\/www.revistarambla.com\\\/largas-colas-en-el-consulado-de-pakistan-de-barcelona-reflejo-de-una-politica-migratoria-inedita\\\/\",\"url\":\"https:\\\/\\\/www.revistarambla.com\\\/largas-colas-en-el-consulado-de-pakistan-de-barcelona-reflejo-de-una-politica-migratoria-inedita\\\/\",\"name\":\"Largas colas en el consulado de Pakist\u00e1n de Barcelona: reflejo de una pol\u00edtica migratoria in\u00e9dita - Revista Rambla\",\"isPartOf\":{\"@id\":\"https:\\\/\\\/www.revistarambla.com\\\/#website\"},\"primaryImageOfPage\":{\"@id\":\"https:\\\/\\\/www.revistarambla.com\\\/largas-colas-en-el-consulado-de-pakistan-de-barcelona-reflejo-de-una-politica-migratoria-inedita\\\/#primaryimage\"},\"image\":{\"@id\":\"https:\\\/\\\/www.revistarambla.com\\\/largas-colas-en-el-consulado-de-pakistan-de-barcelona-reflejo-de-una-politica-migratoria-inedita\\\/#primaryimage\"},\"thumbnailUrl\":\"https:\\\/\\\/www.revistarambla.com\\\/wp-content\\\/uploads\\\/2026\\\/01\\\/694190629_10954435_1024x576.webp\",\"datePublished\":\"2026-01-30T11:34:24+00:00\",\"breadcrumb\":{\"@id\":\"https:\\\/\\\/www.revistarambla.com\\\/largas-colas-en-el-consulado-de-pakistan-de-barcelona-reflejo-de-una-politica-migratoria-inedita\\\/#breadcrumb\"},\"inLanguage\":\"en-GB\",\"potentialAction\":[{\"@type\":\"ReadAction\",\"target\":[\"https:\\\/\\\/www.revistarambla.com\\\/largas-colas-en-el-consulado-de-pakistan-de-barcelona-reflejo-de-una-politica-migratoria-inedita\\\/\"]}]},{\"@type\":\"ImageObject\",\"inLanguage\":\"en-GB\",\"@id\":\"https:\\\/\\\/www.revistarambla.com\\\/largas-colas-en-el-consulado-de-pakistan-de-barcelona-reflejo-de-una-politica-migratoria-inedita\\\/#primaryimage\",\"url\":\"https:\\\/\\\/www.revistarambla.com\\\/wp-content\\\/uploads\\\/2026\\\/01\\\/694190629_10954435_1024x576.webp\",\"contentUrl\":\"https:\\\/\\\/www.revistarambla.com\\\/wp-content\\\/uploads\\\/2026\\\/01\\\/694190629_10954435_1024x576.webp\",\"width\":1024,\"height\":576,\"caption\":\"consulado pakistan barcelona\"},{\"@type\":\"BreadcrumbList\",\"@id\":\"https:\\\/\\\/www.revistarambla.com\\\/largas-colas-en-el-consulado-de-pakistan-de-barcelona-reflejo-de-una-politica-migratoria-inedita\\\/#breadcrumb\",\"itemListElement\":[{\"@type\":\"ListItem\",\"position\":1,\"name\":\"Portada\",\"item\":\"https:\\\/\\\/www.revistarambla.com\\\/\"},{\"@type\":\"ListItem\",\"position\":2,\"name\":\"Largas colas en el consulado de Pakist\u00e1n de Barcelona: reflejo de una pol\u00edtica migratoria in\u00e9dita\"}]},{\"@type\":\"WebSite\",\"@id\":\"https:\\\/\\\/www.revistarambla.com\\\/#website\",\"url\":\"https:\\\/\\\/www.revistarambla.com\\\/\",\"name\":\"Revista Rambla Barcelona\",\"description\":\"Periodismo independiente\",\"publisher\":{\"@id\":\"https:\\\/\\\/www.revistarambla.com\\\/#organization\"},\"potentialAction\":[{\"@type\":\"SearchAction\",\"target\":{\"@type\":\"EntryPoint\",\"urlTemplate\":\"https:\\\/\\\/www.revistarambla.com\\\/?s={search_term_string}\"},\"query-input\":{\"@type\":\"PropertyValueSpecification\",\"valueRequired\":true,\"valueName\":\"search_term_string\"}}],\"inLanguage\":\"en-GB\"},{\"@type\":\"Organization\",\"@id\":\"https:\\\/\\\/www.revistarambla.com\\\/#organization\",\"name\":\"Revista Rambla\",\"url\":\"https:\\\/\\\/www.revistarambla.com\\\/\",\"logo\":{\"@type\":\"ImageObject\",\"inLanguage\":\"en-GB\",\"@id\":\"https:\\\/\\\/www.revistarambla.com\\\/#\\\/schema\\\/logo\\\/image\\\/\",\"url\":\"https:\\\/\\\/www.revistarambla.com\\\/wp-content\\\/uploads\\\/2020\\\/09\\\/banner_rambla_1900x600_BB.png\",\"contentUrl\":\"https:\\\/\\\/www.revistarambla.com\\\/wp-content\\\/uploads\\\/2020\\\/09\\\/banner_rambla_1900x600_BB.png\",\"width\":1900,\"height\":600,\"caption\":\"Revista Rambla\"},\"image\":{\"@id\":\"https:\\\/\\\/www.revistarambla.com\\\/#\\\/schema\\\/logo\\\/image\\\/\"},\"sameAs\":[\"https:\\\/\\\/www.facebook.com\\\/revistarambla\\\/\",\"https:\\\/\\\/x.com\\\/revistarambla\",\"https:\\\/\\\/www.instagram.com\\\/revista_rambla\",\"https:\\\/\\\/es.linkedin.com\\\/company\\\/revista-rambla\"]},{\"@type\":\"Person\",\"@id\":\"https:\\\/\\\/www.revistarambla.com\\\/#\\\/schema\\\/person\\\/a146a5a2550b94981a75131180e1bd9c\",\"name\":\"R@mbla\",\"description\":\"Este art\u00edculo ha sido redactado y\\\/o validado por el equipo de redacci\u00f3n de Revista Rambla.\",\"sameAs\":[\"https:\\\/\\\/www.revistarambla.com\\\/\",\"https:\\\/\\\/www.facebook.com\\\/revistarambla\",\"https:\\\/\\\/x.com\\\/revistarambla\"]}]}<\/script>\n<!-- \/ Yoast SEO plugin. -->","yoast_head_json":{"title":"Largas colas en el consulado de Pakist\u00e1n de Barcelona: reflejo de una pol\u00edtica migratoria in\u00e9dita - Revista Rambla","robots":{"index":"index","follow":"follow","max-snippet":"max-snippet:-1","max-image-preview":"max-image-preview:large","max-video-preview":"max-video-preview:-1"},"canonical":"https:\/\/www.revistarambla.com\/en\/largas-colas-en-el-consulado-de-pakistan-de-barcelona-reflejo-de-una-politica-migratoria-inedita\/","og_locale":"en_GB","og_type":"article","og_title":"Largas colas en el consulado de Pakist\u00e1n de Barcelona: reflejo de una pol\u00edtica migratoria in\u00e9dita - Revista Rambla","og_description":"Barcelona se ha despertado en los \u00faltimos d\u00edas con una imagen inusual frente al Consulado General de Pakist\u00e1n: largas colas que se prolongan por toda la acera de la avenida de Sarri\u00e0","og_url":"https:\/\/www.revistarambla.com\/en\/largas-colas-en-el-consulado-de-pakistan-de-barcelona-reflejo-de-una-politica-migratoria-inedita\/","og_site_name":"Revista Rambla","article_publisher":"https:\/\/www.facebook.com\/revistarambla\/","article_author":"https:\/\/www.facebook.com\/revistarambla","article_published_time":"2026-01-30T11:34:24+00:00","og_image":[{"width":1024,"height":576,"url":"https:\/\/www.revistarambla.com\/wp-content\/uploads\/2026\/01\/694190629_10954435_1024x576.webp","type":"image\/webp"}],"author":"R@mbla","twitter_card":"summary_large_image","twitter_creator":"@revistarambla","twitter_site":"@revistarambla","twitter_misc":{"Written by":"R@mbla","Estimated reading time":"5 minutes"},"schema":{"@context":"https:\/\/schema.org","@graph":[{"@type":"Article","@id":"https:\/\/www.revistarambla.com\/largas-colas-en-el-consulado-de-pakistan-de-barcelona-reflejo-de-una-politica-migratoria-inedita\/#article","isPartOf":{"@id":"https:\/\/www.revistarambla.com\/largas-colas-en-el-consulado-de-pakistan-de-barcelona-reflejo-de-una-politica-migratoria-inedita\/"},"author":{"name":"R@mbla","@id":"https:\/\/www.revistarambla.com\/#\/schema\/person\/a146a5a2550b94981a75131180e1bd9c"},"headline":"Largas colas en el consulado de Pakist\u00e1n de Barcelona: reflejo de una pol\u00edtica migratoria in\u00e9dita","datePublished":"2026-01-30T11:34:24+00:00","mainEntityOfPage":{"@id":"https:\/\/www.revistarambla.com\/largas-colas-en-el-consulado-de-pakistan-de-barcelona-reflejo-de-una-politica-migratoria-inedita\/"},"wordCount":1035,"publisher":{"@id":"https:\/\/www.revistarambla.com\/#organization"},"image":{"@id":"https:\/\/www.revistarambla.com\/largas-colas-en-el-consulado-de-pakistan-de-barcelona-reflejo-de-una-politica-migratoria-inedita\/#primaryimage"},"thumbnailUrl":"https:\/\/www.revistarambla.com\/wp-content\/uploads\/2026\/01\/694190629_10954435_1024x576.webp","articleSection":["Barcelona"],"inLanguage":"en-GB"},{"@type":"WebPage","@id":"https:\/\/www.revistarambla.com\/largas-colas-en-el-consulado-de-pakistan-de-barcelona-reflejo-de-una-politica-migratoria-inedita\/","url":"https:\/\/www.revistarambla.com\/largas-colas-en-el-consulado-de-pakistan-de-barcelona-reflejo-de-una-politica-migratoria-inedita\/","name":"Largas colas en el consulado de Pakist\u00e1n de Barcelona: reflejo de una pol\u00edtica migratoria in\u00e9dita - Revista Rambla","isPartOf":{"@id":"https:\/\/www.revistarambla.com\/#website"},"primaryImageOfPage":{"@id":"https:\/\/www.revistarambla.com\/largas-colas-en-el-consulado-de-pakistan-de-barcelona-reflejo-de-una-politica-migratoria-inedita\/#primaryimage"},"image":{"@id":"https:\/\/www.revistarambla.com\/largas-colas-en-el-consulado-de-pakistan-de-barcelona-reflejo-de-una-politica-migratoria-inedita\/#primaryimage"},"thumbnailUrl":"https:\/\/www.revistarambla.com\/wp-content\/uploads\/2026\/01\/694190629_10954435_1024x576.webp","datePublished":"2026-01-30T11:34:24+00:00","breadcrumb":{"@id":"https:\/\/www.revistarambla.com\/largas-colas-en-el-consulado-de-pakistan-de-barcelona-reflejo-de-una-politica-migratoria-inedita\/#breadcrumb"},"inLanguage":"en-GB","potentialAction":[{"@type":"ReadAction","target":["https:\/\/www.revistarambla.com\/largas-colas-en-el-consulado-de-pakistan-de-barcelona-reflejo-de-una-politica-migratoria-inedita\/"]}]},{"@type":"ImageObject","inLanguage":"en-GB","@id":"https:\/\/www.revistarambla.com\/largas-colas-en-el-consulado-de-pakistan-de-barcelona-reflejo-de-una-politica-migratoria-inedita\/#primaryimage","url":"https:\/\/www.revistarambla.com\/wp-content\/uploads\/2026\/01\/694190629_10954435_1024x576.webp","contentUrl":"https:\/\/www.revistarambla.com\/wp-content\/uploads\/2026\/01\/694190629_10954435_1024x576.webp","width":1024,"height":576,"caption":"consulado pakistan barcelona"},{"@type":"BreadcrumbList","@id":"https:\/\/www.revistarambla.com\/largas-colas-en-el-consulado-de-pakistan-de-barcelona-reflejo-de-una-politica-migratoria-inedita\/#breadcrumb","itemListElement":[{"@type":"ListItem","position":1,"name":"Portada","item":"https:\/\/www.revistarambla.com\/"},{"@type":"ListItem","position":2,"name":"Largas colas en el consulado de Pakist\u00e1n de Barcelona: reflejo de una pol\u00edtica migratoria in\u00e9dita"}]},{"@type":"WebSite","@id":"https:\/\/www.revistarambla.com\/#website","url":"https:\/\/www.revistarambla.com\/","name":"Revista Rambla Barcelona","description":"Periodismo independiente","publisher":{"@id":"https:\/\/www.revistarambla.com\/#organization"},"potentialAction":[{"@type":"SearchAction","target":{"@type":"EntryPoint","urlTemplate":"https:\/\/www.revistarambla.com\/?s={search_term_string}"},"query-input":{"@type":"PropertyValueSpecification","valueRequired":true,"valueName":"search_term_string"}}],"inLanguage":"en-GB"},{"@type":"Organization","@id":"https:\/\/www.revistarambla.com\/#organization","name":"Revista Rambla","url":"https:\/\/www.revistarambla.com\/","logo":{"@type":"ImageObject","inLanguage":"en-GB","@id":"https:\/\/www.revistarambla.com\/#\/schema\/logo\/image\/","url":"https:\/\/www.revistarambla.com\/wp-content\/uploads\/2020\/09\/banner_rambla_1900x600_BB.png","contentUrl":"https:\/\/www.revistarambla.com\/wp-content\/uploads\/2020\/09\/banner_rambla_1900x600_BB.png","width":1900,"height":600,"caption":"Revista Rambla"},"image":{"@id":"https:\/\/www.revistarambla.com\/#\/schema\/logo\/image\/"},"sameAs":["https:\/\/www.facebook.com\/revistarambla\/","https:\/\/x.com\/revistarambla","https:\/\/www.instagram.com\/revista_rambla","https:\/\/es.linkedin.com\/company\/revista-rambla"]},{"@type":"Person","@id":"https:\/\/www.revistarambla.com\/#\/schema\/person\/a146a5a2550b94981a75131180e1bd9c","name":"R@mbla","description":"Este art\u00edculo ha sido redactado y\/o validado por el equipo de redacci\u00f3n de Revista Rambla.","sameAs":["https:\/\/www.revistarambla.com\/","https:\/\/www.facebook.com\/revistarambla","https:\/\/x.com\/revistarambla"]}]}},"_links":{"self":[{"href":"https:\/\/www.revistarambla.com\/en\/wp-json\/wp\/v2\/posts\/67717","targetHints":{"allow":["GET"]}}],"collection":[{"href":"https:\/\/www.revistarambla.com\/en\/wp-json\/wp\/v2\/posts"}],"about":[{"href":"https:\/\/www.revistarambla.com\/en\/wp-json\/wp\/v2\/types\/post"}],"author":[{"embeddable":true,"href":"https:\/\/www.revistarambla.com\/en\/wp-json\/wp\/v2\/users\/3"}],"replies":[{"embeddable":true,"href":"https:\/\/www.revistarambla.com\/en\/wp-json\/wp\/v2\/comments?post=67717"}],"version-history":[{"count":1,"href":"https:\/\/www.revistarambla.com\/en\/wp-json\/wp\/v2\/posts\/67717\/revisions"}],"predecessor-version":[{"id":67719,"href":"https:\/\/www.revistarambla.com\/en\/wp-json\/wp\/v2\/posts\/67717\/revisions\/67719"}],"wp:featuredmedia":[{"embeddable":true,"href":"https:\/\/www.revistarambla.com\/en\/wp-json\/wp\/v2\/media\/67718"}],"wp:attachment":[{"href":"https:\/\/www.revistarambla.com\/en\/wp-json\/wp\/v2\/media?parent=67717"}],"wp:term":[{"taxonomy":"category","embeddable":true,"href":"https:\/\/www.revistarambla.com\/en\/wp-json\/wp\/v2\/categories?post=67717"},{"taxonomy":"post_tag","embeddable":true,"href":"https:\/\/www.revistarambla.com\/en\/wp-json\/wp\/v2\/tags?post=67717"}],"curies":[{"name":"wp","href":"https:\/\/api.w.org\/{rel}","templated":true}]}}