{"id":67700,"date":"2026-01-29T12:52:54","date_gmt":"2026-01-29T11:52:54","guid":{"rendered":"https:\/\/www.revistarambla.com\/?p=67700"},"modified":"2026-01-29T12:52:54","modified_gmt":"2026-01-29T11:52:54","slug":"gaudi-contra-el-topico-por-que-seguimos-sin-entender-a-nuestro-arquitecto-mas-radical","status":"publish","type":"post","link":"https:\/\/www.revistarambla.com\/en\/gaudi-contra-el-topico-por-que-seguimos-sin-entender-a-nuestro-arquitecto-mas-radical\/","title":{"rendered":"Gaud\u00ed contra el t\u00f3pico: por qu\u00e9 seguimos sin entender a nuestro arquitecto m\u00e1s radical"},"content":{"rendered":"<p>Cada cierto tiempo, como un eco mal enterrado, reaparece la misma cantinela: <em>Gaud\u00ed es para turistas<\/em>. O peor a\u00fan: <em>Gaud\u00ed es kitsch<\/em>. <!--more-->Un decorador excesivo, un barroco fuera de control, una anomal\u00eda simp\u00e1tica reducida a postal, im\u00e1n de selfis y colas interminables. Cien a\u00f1os despu\u00e9s de su muerte, Antoni Gaud\u00ed sigue siendo una figura inc\u00f3moda para una parte del pensamiento cultural: demasiado popular para ser respetable, demasiado singular para ser clasificado, demasiado radical para ser domesticado. Tal vez por eso sigue despertando rechazo. Tal vez por eso sigue siendo necesario defenderlo.<\/p>\n<p>Que George Orwell calificara la Sagrada Familia como \u201cuno de los edificios m\u00e1s horrendos del mundo\u201d suele citarse como prueba de que incluso las grandes mentes pueden equivocarse. Pero quiz\u00e1 sea algo m\u00e1s revelador: Gaud\u00ed no encaja en los par\u00e1metros desde los que se juzga la arquitectura moderna. No responde al dogma racionalista, no se somete al canon internacional, no busca la abstracci\u00f3n geom\u00e9trica ni la neutralidad est\u00e9tica. Su obra inc\u00f3moda porque obliga a pensar la arquitectura desde otros lugares: desde la naturaleza, desde la simbolog\u00eda, desde la ciencia aplicada al oficio, desde una espiritualidad que hoy resulta casi escandalosa.<\/p>\n<p>Bajo esta tensi\u00f3n \u2014entre genialidad y malentendido\u2014 nace el <strong>A\u00f1o Gaud\u00ed 2026<\/strong>, articulado bajo un lema tan elocuente como preciso: <em>El orden invisible<\/em>. No se trata solo de conmemorar un centenario, sino de una operaci\u00f3n cultural ambiciosa cuyo objetivo declarado es desmontar los t\u00f3picos, neutralizar a los detractores y devolver a Gaud\u00ed al lugar que le corresponde: no como icono tur\u00edstico, sino como uno de los grandes pensadores de la arquitectura universal.<\/p>\n<p>La clave est\u00e1 en el enfoque. Lejos de una celebraci\u00f3n superficial o folcl\u00f3rica, los responsables del programa \u2014con la C\u00e1tedra Gaud\u00ed de la UPC como eje vertebrador\u2014 apuestan por una lectura cient\u00edfica, acad\u00e9mica e integral de su obra. Una lectura que, parad\u00f3jicamente, todav\u00eda no ha calado del todo ni siquiera en su propio pa\u00eds. Resulta revelador que Gaud\u00ed fuera el primer arquitecto en tener una exposici\u00f3n en el MoMA de Nueva York y que, al mismo tiempo, siguiera siendo objeto de ataques en su tierra. La contradicci\u00f3n no es anecd\u00f3tica: es estructural.<\/p>\n<p>Desde su fundaci\u00f3n en 1956, la C\u00e1tedra Gaud\u00ed naci\u00f3 precisamente para combatir el desprecio intelectual hacia su obra. Setenta a\u00f1os despu\u00e9s, esa misi\u00f3n no solo sigue vigente, sino que se vuelve urgente. Porque el problema no es que Gaud\u00ed sea popular; el problema es que su popularidad ha servido de excusa para no estudiarlo con la profundidad que merece. Se le ha convertido en marca, en decorado urbano, en experiencia tur\u00edstica, mientras se ignoraba \u2014o se minimizaba\u2014 la radicalidad de sus aportaciones t\u00e9cnicas, estructurales y conceptuales.<\/p>\n<p>El itinerario inaugural del A\u00f1o Gaud\u00ed, significativamente titulado <em>El Gaud\u00ed desconocido<\/em>, es toda una declaraci\u00f3n de intenciones. Pabellones G\u00fcell, Colegio de las Teresianas y Torre Bellesguard no son simples obras menores o laterales, sino laboratorios donde se gesta el pensamiento gaudiniano. En los Pabellones G\u00fcell, un Gaud\u00ed joven experimenta con el <em>trencad\u00eds<\/em> y redefine la relaci\u00f3n entre arquitectura, funci\u00f3n y entorno. En el Colegio de las Teresianas, inspirado por <em>Las moradas<\/em> de Santa Teresa, ensaya una arquitectura m\u00edstica de una densidad conceptual extrema, que anticipa soluciones formales y simb\u00f3licas de la Sagrada Familia. Y en Bellesguard, interviene sobre un lugar cargado de memoria hist\u00f3rica, integrando pasado medieval y modernidad arquitect\u00f3nica sin caer en el historicismo banal.<\/p>\n<p>Estas obras, le\u00eddas en conjunto y no de forma aislada, permiten comprender a Gaud\u00ed como un creador transversal, obsesionado por la coherencia interna de sus sistemas. De ah\u00ed la importancia de abandonar el an\u00e1lisis obra a obra y apostar por una visi\u00f3n integral, poli\u00e9drica, capaz de generar nuevas lecturas. Gaud\u00ed no dise\u00f1aba edificios: dise\u00f1aba universos.<\/p>\n<p>El programa del centenario insiste en esta idea de legado frente a evento ef\u00edmero. Congresos acad\u00e9micos, exposiciones internacionales, investigaci\u00f3n cient\u00edfica, catalogaci\u00f3n rigurosa. La voluntad expl\u00edcita es que el A\u00f1o Gaud\u00ed no sea un par\u00e9ntesis conmemorativo, sino un punto de inflexi\u00f3n en los estudios gaudinianos. Especialmente relevante ser\u00e1 el congreso internacional en la Pedrera, centrado en las aportaciones cient\u00edficas del arquitecto. Porque si hay algo que desmonta definitivamente el clich\u00e9 del decorador es la evidencia de que Gaud\u00ed fue, ante todo, un investigador.<\/p>\n<p>La incorporaci\u00f3n de tecnolog\u00edas inmersivas \u2014como la experiencia <em>C\u00f3digo Gaud\u00ed<\/em>\u2014 puede parecer, a primera vista, una concesi\u00f3n al espect\u00e1culo. Sin embargo, bien entendida, responde a la misma l\u00f3gica: hacer visible lo invisible. Permitir que el p\u00fablico acceda al coraz\u00f3n de los procesos creativos, a las superficies, a las estructuras, a la l\u00f3gica interna que gobierna sus formas. Gaud\u00ed no improvisaba; calculaba. No ornamentaba; estructuraba. La tecnolog\u00eda, en este caso, no sustituye al pensamiento, sino que lo traduce.<\/p>\n<p>No es casual que el lema del centenario sea <em>El orden invisible<\/em>. Gaud\u00ed trabajaba con leyes naturales, con geometr\u00edas complejas, con sistemas que hoy asociar\u00edamos a la biomim\u00e9tica o a la ingenier\u00eda avanzada. Lo que muchos interpretan como exceso ornamental es, en realidad, consecuencia de una l\u00f3gica interna extremadamente rigurosa. El problema es que ese orden no se presenta de forma evidente ni se deja reducir a f\u00f3rmulas simples. Exige tiempo, estudio y una mirada libre de prejuicios.<\/p>\n<p>La asociaci\u00f3n de Gaud\u00ed con el turismo masificado ha sido, probablemente, uno de los mayores da\u00f1os colaterales a su legado intelectual. Pero culpar al arquitecto de las din\u00e1micas contempor\u00e1neas del turismo cultural es tan absurdo como juzgar a Bach por los conciertos de fondo en los aeropuertos. La soluci\u00f3n no pasa por repudiar la obra, sino por recuperar el discurso que la sostiene.<\/p>\n<p>En este sentido, el A\u00f1o Gaud\u00ed tiene una responsabilidad que va m\u00e1s all\u00e1 de la celebraci\u00f3n: reeducar la mirada. Recordarnos que lo popular no es incompatible con lo profundo, que la emoci\u00f3n no excluye la inteligencia, que la espiritualidad puede convivir con la ciencia. Y que, quiz\u00e1, el verdadero problema no es Gaud\u00ed, sino nuestra incapacidad para asumir una obra que no se deja domesticar.<\/p>\n<p>Cien a\u00f1os despu\u00e9s, Gaud\u00ed sigue siendo inc\u00f3modo porque sigue siendo radical. Porque no encaja. Porque obliga a pensar. Y en una \u00e9poca acostumbrada a consumir cultura en c\u00e1psulas r\u00e1pidas, su obra exige lo contrario: tiempo, atenci\u00f3n y una cierta humildad intelectual. Tal vez por eso algunos prefieren despacharlo como kitsch. Es m\u00e1s f\u00e1cil que enfrentarse a lo que realmente propone.<\/p>\n<p>Defender a Gaud\u00ed hoy no es un gesto nost\u00e1lgico ni patri\u00f3tico. Es una apuesta por una cultura que no renuncia a la complejidad. Y eso, en los tiempos que corren, es casi un acto de resistencia.<\/p>","protected":false},"excerpt":{"rendered":"<p>Cada cierto tiempo, como un eco mal enterrado, reaparece la misma cantinela: Gaud\u00ed es para turistas. O peor a\u00fan: Gaud\u00ed es kitsch.<\/p>","protected":false},"author":3,"featured_media":36674,"comment_status":"closed","ping_status":"closed","sticky":false,"template":"","format":"standard","meta":{"footnotes":""},"categories":[4],"tags":[],"class_list":["post-67700","post","type-post","status-publish","format-standard","has-post-thumbnail","hentry","category-cultura"],"yoast_head":"<!-- This site is optimized with the Yoast SEO plugin v27.5 - https:\/\/yoast.com\/product\/yoast-seo-wordpress\/ -->\n<title>Gaud\u00ed contra el t\u00f3pico: por qu\u00e9 seguimos sin entender a nuestro arquitecto m\u00e1s radical - Revista Rambla<\/title>\n<meta name=\"robots\" content=\"index, follow, max-snippet:-1, max-image-preview:large, max-video-preview:-1\" \/>\n<link rel=\"canonical\" href=\"https:\/\/www.revistarambla.com\/en\/gaudi-contra-el-topico-por-que-seguimos-sin-entender-a-nuestro-arquitecto-mas-radical\/\" \/>\n<meta property=\"og:locale\" content=\"en_GB\" \/>\n<meta property=\"og:type\" content=\"article\" \/>\n<meta property=\"og:title\" content=\"Gaud\u00ed contra el t\u00f3pico: por qu\u00e9 seguimos sin entender a nuestro arquitecto m\u00e1s radical - Revista Rambla\" \/>\n<meta property=\"og:description\" content=\"Cada cierto tiempo, como un eco mal enterrado, reaparece la misma cantinela: Gaud\u00ed es para turistas. O peor a\u00fan: Gaud\u00ed es kitsch.\" \/>\n<meta property=\"og:url\" content=\"https:\/\/www.revistarambla.com\/en\/gaudi-contra-el-topico-por-que-seguimos-sin-entender-a-nuestro-arquitecto-mas-radical\/\" \/>\n<meta property=\"og:site_name\" content=\"Revista Rambla\" \/>\n<meta property=\"article:publisher\" content=\"https:\/\/www.facebook.com\/revistarambla\/\" \/>\n<meta property=\"article:author\" content=\"https:\/\/www.facebook.com\/revistarambla\" \/>\n<meta property=\"article:published_time\" content=\"2026-01-29T11:52:54+00:00\" \/>\n<meta property=\"og:image\" content=\"https:\/\/www.revistarambla.com\/wp-content\/uploads\/2021\/11\/gaudi_tapant-se_la_cara_amb_un_barret_davant_la_sagrada_familia_1920_cedoc.webp\" \/>\n\t<meta property=\"og:image:width\" content=\"1138\" \/>\n\t<meta property=\"og:image:height\" content=\"1900\" \/>\n\t<meta property=\"og:image:type\" content=\"image\/webp\" \/>\n<meta name=\"author\" content=\"R@mbla\" \/>\n<meta name=\"twitter:card\" content=\"summary_large_image\" \/>\n<meta name=\"twitter:creator\" content=\"@revistarambla\" \/>\n<meta name=\"twitter:site\" content=\"@revistarambla\" \/>\n<meta name=\"twitter:label1\" content=\"Written by\" \/>\n\t<meta name=\"twitter:data1\" content=\"R@mbla\" \/>\n\t<meta name=\"twitter:label2\" content=\"Estimated reading time\" \/>\n\t<meta name=\"twitter:data2\" content=\"6 minutes\" \/>\n<script type=\"application\/ld+json\" class=\"yoast-schema-graph\">{\"@context\":\"https:\\\/\\\/schema.org\",\"@graph\":[{\"@type\":\"Article\",\"@id\":\"https:\\\/\\\/www.revistarambla.com\\\/gaudi-contra-el-topico-por-que-seguimos-sin-entender-a-nuestro-arquitecto-mas-radical\\\/#article\",\"isPartOf\":{\"@id\":\"https:\\\/\\\/www.revistarambla.com\\\/gaudi-contra-el-topico-por-que-seguimos-sin-entender-a-nuestro-arquitecto-mas-radical\\\/\"},\"author\":{\"name\":\"R@mbla\",\"@id\":\"https:\\\/\\\/www.revistarambla.com\\\/#\\\/schema\\\/person\\\/a146a5a2550b94981a75131180e1bd9c\"},\"headline\":\"Gaud\u00ed contra el t\u00f3pico: por qu\u00e9 seguimos sin entender a nuestro arquitecto m\u00e1s radical\",\"datePublished\":\"2026-01-29T11:52:54+00:00\",\"mainEntityOfPage\":{\"@id\":\"https:\\\/\\\/www.revistarambla.com\\\/gaudi-contra-el-topico-por-que-seguimos-sin-entender-a-nuestro-arquitecto-mas-radical\\\/\"},\"wordCount\":1187,\"publisher\":{\"@id\":\"https:\\\/\\\/www.revistarambla.com\\\/#organization\"},\"image\":{\"@id\":\"https:\\\/\\\/www.revistarambla.com\\\/gaudi-contra-el-topico-por-que-seguimos-sin-entender-a-nuestro-arquitecto-mas-radical\\\/#primaryimage\"},\"thumbnailUrl\":\"https:\\\/\\\/www.revistarambla.com\\\/wp-content\\\/uploads\\\/2021\\\/11\\\/gaudi_tapant-se_la_cara_amb_un_barret_davant_la_sagrada_familia_1920_cedoc.webp\",\"articleSection\":[\"Cultura\"],\"inLanguage\":\"en-GB\"},{\"@type\":\"WebPage\",\"@id\":\"https:\\\/\\\/www.revistarambla.com\\\/gaudi-contra-el-topico-por-que-seguimos-sin-entender-a-nuestro-arquitecto-mas-radical\\\/\",\"url\":\"https:\\\/\\\/www.revistarambla.com\\\/gaudi-contra-el-topico-por-que-seguimos-sin-entender-a-nuestro-arquitecto-mas-radical\\\/\",\"name\":\"Gaud\u00ed contra el t\u00f3pico: por qu\u00e9 seguimos sin entender a nuestro arquitecto m\u00e1s radical - Revista Rambla\",\"isPartOf\":{\"@id\":\"https:\\\/\\\/www.revistarambla.com\\\/#website\"},\"primaryImageOfPage\":{\"@id\":\"https:\\\/\\\/www.revistarambla.com\\\/gaudi-contra-el-topico-por-que-seguimos-sin-entender-a-nuestro-arquitecto-mas-radical\\\/#primaryimage\"},\"image\":{\"@id\":\"https:\\\/\\\/www.revistarambla.com\\\/gaudi-contra-el-topico-por-que-seguimos-sin-entender-a-nuestro-arquitecto-mas-radical\\\/#primaryimage\"},\"thumbnailUrl\":\"https:\\\/\\\/www.revistarambla.com\\\/wp-content\\\/uploads\\\/2021\\\/11\\\/gaudi_tapant-se_la_cara_amb_un_barret_davant_la_sagrada_familia_1920_cedoc.webp\",\"datePublished\":\"2026-01-29T11:52:54+00:00\",\"breadcrumb\":{\"@id\":\"https:\\\/\\\/www.revistarambla.com\\\/gaudi-contra-el-topico-por-que-seguimos-sin-entender-a-nuestro-arquitecto-mas-radical\\\/#breadcrumb\"},\"inLanguage\":\"en-GB\",\"potentialAction\":[{\"@type\":\"ReadAction\",\"target\":[\"https:\\\/\\\/www.revistarambla.com\\\/gaudi-contra-el-topico-por-que-seguimos-sin-entender-a-nuestro-arquitecto-mas-radical\\\/\"]}]},{\"@type\":\"ImageObject\",\"inLanguage\":\"en-GB\",\"@id\":\"https:\\\/\\\/www.revistarambla.com\\\/gaudi-contra-el-topico-por-que-seguimos-sin-entender-a-nuestro-arquitecto-mas-radical\\\/#primaryimage\",\"url\":\"https:\\\/\\\/www.revistarambla.com\\\/wp-content\\\/uploads\\\/2021\\\/11\\\/gaudi_tapant-se_la_cara_amb_un_barret_davant_la_sagrada_familia_1920_cedoc.webp\",\"contentUrl\":\"https:\\\/\\\/www.revistarambla.com\\\/wp-content\\\/uploads\\\/2021\\\/11\\\/gaudi_tapant-se_la_cara_amb_un_barret_davant_la_sagrada_familia_1920_cedoc.webp\",\"width\":1138,\"height\":1900,\"caption\":\"gaud\u00ed arquitecto\"},{\"@type\":\"BreadcrumbList\",\"@id\":\"https:\\\/\\\/www.revistarambla.com\\\/gaudi-contra-el-topico-por-que-seguimos-sin-entender-a-nuestro-arquitecto-mas-radical\\\/#breadcrumb\",\"itemListElement\":[{\"@type\":\"ListItem\",\"position\":1,\"name\":\"Portada\",\"item\":\"https:\\\/\\\/www.revistarambla.com\\\/\"},{\"@type\":\"ListItem\",\"position\":2,\"name\":\"Gaud\u00ed contra el t\u00f3pico: por qu\u00e9 seguimos sin entender a nuestro arquitecto m\u00e1s radical\"}]},{\"@type\":\"WebSite\",\"@id\":\"https:\\\/\\\/www.revistarambla.com\\\/#website\",\"url\":\"https:\\\/\\\/www.revistarambla.com\\\/\",\"name\":\"Revista Rambla Barcelona\",\"description\":\"Periodismo independiente\",\"publisher\":{\"@id\":\"https:\\\/\\\/www.revistarambla.com\\\/#organization\"},\"potentialAction\":[{\"@type\":\"SearchAction\",\"target\":{\"@type\":\"EntryPoint\",\"urlTemplate\":\"https:\\\/\\\/www.revistarambla.com\\\/?s={search_term_string}\"},\"query-input\":{\"@type\":\"PropertyValueSpecification\",\"valueRequired\":true,\"valueName\":\"search_term_string\"}}],\"inLanguage\":\"en-GB\"},{\"@type\":\"Organization\",\"@id\":\"https:\\\/\\\/www.revistarambla.com\\\/#organization\",\"name\":\"Revista Rambla\",\"url\":\"https:\\\/\\\/www.revistarambla.com\\\/\",\"logo\":{\"@type\":\"ImageObject\",\"inLanguage\":\"en-GB\",\"@id\":\"https:\\\/\\\/www.revistarambla.com\\\/#\\\/schema\\\/logo\\\/image\\\/\",\"url\":\"https:\\\/\\\/www.revistarambla.com\\\/wp-content\\\/uploads\\\/2020\\\/09\\\/banner_rambla_1900x600_BB.png\",\"contentUrl\":\"https:\\\/\\\/www.revistarambla.com\\\/wp-content\\\/uploads\\\/2020\\\/09\\\/banner_rambla_1900x600_BB.png\",\"width\":1900,\"height\":600,\"caption\":\"Revista Rambla\"},\"image\":{\"@id\":\"https:\\\/\\\/www.revistarambla.com\\\/#\\\/schema\\\/logo\\\/image\\\/\"},\"sameAs\":[\"https:\\\/\\\/www.facebook.com\\\/revistarambla\\\/\",\"https:\\\/\\\/x.com\\\/revistarambla\",\"https:\\\/\\\/www.instagram.com\\\/revista_rambla\",\"https:\\\/\\\/es.linkedin.com\\\/company\\\/revista-rambla\"]},{\"@type\":\"Person\",\"@id\":\"https:\\\/\\\/www.revistarambla.com\\\/#\\\/schema\\\/person\\\/a146a5a2550b94981a75131180e1bd9c\",\"name\":\"R@mbla\",\"description\":\"Este art\u00edculo ha sido redactado y\\\/o validado por el equipo de redacci\u00f3n de Revista Rambla.\",\"sameAs\":[\"https:\\\/\\\/www.revistarambla.com\\\/\",\"https:\\\/\\\/www.facebook.com\\\/revistarambla\",\"https:\\\/\\\/x.com\\\/revistarambla\"]}]}<\/script>\n<!-- \/ Yoast SEO plugin. -->","yoast_head_json":{"title":"Gaud\u00ed contra el t\u00f3pico: por qu\u00e9 seguimos sin entender a nuestro arquitecto m\u00e1s radical - Revista Rambla","robots":{"index":"index","follow":"follow","max-snippet":"max-snippet:-1","max-image-preview":"max-image-preview:large","max-video-preview":"max-video-preview:-1"},"canonical":"https:\/\/www.revistarambla.com\/en\/gaudi-contra-el-topico-por-que-seguimos-sin-entender-a-nuestro-arquitecto-mas-radical\/","og_locale":"en_GB","og_type":"article","og_title":"Gaud\u00ed contra el t\u00f3pico: por qu\u00e9 seguimos sin entender a nuestro arquitecto m\u00e1s radical - Revista Rambla","og_description":"Cada cierto tiempo, como un eco mal enterrado, reaparece la misma cantinela: Gaud\u00ed es para turistas. O peor a\u00fan: Gaud\u00ed es kitsch.","og_url":"https:\/\/www.revistarambla.com\/en\/gaudi-contra-el-topico-por-que-seguimos-sin-entender-a-nuestro-arquitecto-mas-radical\/","og_site_name":"Revista Rambla","article_publisher":"https:\/\/www.facebook.com\/revistarambla\/","article_author":"https:\/\/www.facebook.com\/revistarambla","article_published_time":"2026-01-29T11:52:54+00:00","og_image":[{"width":1138,"height":1900,"url":"https:\/\/www.revistarambla.com\/wp-content\/uploads\/2021\/11\/gaudi_tapant-se_la_cara_amb_un_barret_davant_la_sagrada_familia_1920_cedoc.webp","type":"image\/webp"}],"author":"R@mbla","twitter_card":"summary_large_image","twitter_creator":"@revistarambla","twitter_site":"@revistarambla","twitter_misc":{"Written by":"R@mbla","Estimated reading time":"6 minutes"},"schema":{"@context":"https:\/\/schema.org","@graph":[{"@type":"Article","@id":"https:\/\/www.revistarambla.com\/gaudi-contra-el-topico-por-que-seguimos-sin-entender-a-nuestro-arquitecto-mas-radical\/#article","isPartOf":{"@id":"https:\/\/www.revistarambla.com\/gaudi-contra-el-topico-por-que-seguimos-sin-entender-a-nuestro-arquitecto-mas-radical\/"},"author":{"name":"R@mbla","@id":"https:\/\/www.revistarambla.com\/#\/schema\/person\/a146a5a2550b94981a75131180e1bd9c"},"headline":"Gaud\u00ed contra el t\u00f3pico: por qu\u00e9 seguimos sin entender a nuestro arquitecto m\u00e1s radical","datePublished":"2026-01-29T11:52:54+00:00","mainEntityOfPage":{"@id":"https:\/\/www.revistarambla.com\/gaudi-contra-el-topico-por-que-seguimos-sin-entender-a-nuestro-arquitecto-mas-radical\/"},"wordCount":1187,"publisher":{"@id":"https:\/\/www.revistarambla.com\/#organization"},"image":{"@id":"https:\/\/www.revistarambla.com\/gaudi-contra-el-topico-por-que-seguimos-sin-entender-a-nuestro-arquitecto-mas-radical\/#primaryimage"},"thumbnailUrl":"https:\/\/www.revistarambla.com\/wp-content\/uploads\/2021\/11\/gaudi_tapant-se_la_cara_amb_un_barret_davant_la_sagrada_familia_1920_cedoc.webp","articleSection":["Cultura"],"inLanguage":"en-GB"},{"@type":"WebPage","@id":"https:\/\/www.revistarambla.com\/gaudi-contra-el-topico-por-que-seguimos-sin-entender-a-nuestro-arquitecto-mas-radical\/","url":"https:\/\/www.revistarambla.com\/gaudi-contra-el-topico-por-que-seguimos-sin-entender-a-nuestro-arquitecto-mas-radical\/","name":"Gaud\u00ed contra el t\u00f3pico: por qu\u00e9 seguimos sin entender a nuestro arquitecto m\u00e1s radical - Revista Rambla","isPartOf":{"@id":"https:\/\/www.revistarambla.com\/#website"},"primaryImageOfPage":{"@id":"https:\/\/www.revistarambla.com\/gaudi-contra-el-topico-por-que-seguimos-sin-entender-a-nuestro-arquitecto-mas-radical\/#primaryimage"},"image":{"@id":"https:\/\/www.revistarambla.com\/gaudi-contra-el-topico-por-que-seguimos-sin-entender-a-nuestro-arquitecto-mas-radical\/#primaryimage"},"thumbnailUrl":"https:\/\/www.revistarambla.com\/wp-content\/uploads\/2021\/11\/gaudi_tapant-se_la_cara_amb_un_barret_davant_la_sagrada_familia_1920_cedoc.webp","datePublished":"2026-01-29T11:52:54+00:00","breadcrumb":{"@id":"https:\/\/www.revistarambla.com\/gaudi-contra-el-topico-por-que-seguimos-sin-entender-a-nuestro-arquitecto-mas-radical\/#breadcrumb"},"inLanguage":"en-GB","potentialAction":[{"@type":"ReadAction","target":["https:\/\/www.revistarambla.com\/gaudi-contra-el-topico-por-que-seguimos-sin-entender-a-nuestro-arquitecto-mas-radical\/"]}]},{"@type":"ImageObject","inLanguage":"en-GB","@id":"https:\/\/www.revistarambla.com\/gaudi-contra-el-topico-por-que-seguimos-sin-entender-a-nuestro-arquitecto-mas-radical\/#primaryimage","url":"https:\/\/www.revistarambla.com\/wp-content\/uploads\/2021\/11\/gaudi_tapant-se_la_cara_amb_un_barret_davant_la_sagrada_familia_1920_cedoc.webp","contentUrl":"https:\/\/www.revistarambla.com\/wp-content\/uploads\/2021\/11\/gaudi_tapant-se_la_cara_amb_un_barret_davant_la_sagrada_familia_1920_cedoc.webp","width":1138,"height":1900,"caption":"gaud\u00ed arquitecto"},{"@type":"BreadcrumbList","@id":"https:\/\/www.revistarambla.com\/gaudi-contra-el-topico-por-que-seguimos-sin-entender-a-nuestro-arquitecto-mas-radical\/#breadcrumb","itemListElement":[{"@type":"ListItem","position":1,"name":"Portada","item":"https:\/\/www.revistarambla.com\/"},{"@type":"ListItem","position":2,"name":"Gaud\u00ed contra el t\u00f3pico: por qu\u00e9 seguimos sin entender a nuestro arquitecto m\u00e1s radical"}]},{"@type":"WebSite","@id":"https:\/\/www.revistarambla.com\/#website","url":"https:\/\/www.revistarambla.com\/","name":"Revista Rambla Barcelona","description":"Periodismo independiente","publisher":{"@id":"https:\/\/www.revistarambla.com\/#organization"},"potentialAction":[{"@type":"SearchAction","target":{"@type":"EntryPoint","urlTemplate":"https:\/\/www.revistarambla.com\/?s={search_term_string}"},"query-input":{"@type":"PropertyValueSpecification","valueRequired":true,"valueName":"search_term_string"}}],"inLanguage":"en-GB"},{"@type":"Organization","@id":"https:\/\/www.revistarambla.com\/#organization","name":"Revista Rambla","url":"https:\/\/www.revistarambla.com\/","logo":{"@type":"ImageObject","inLanguage":"en-GB","@id":"https:\/\/www.revistarambla.com\/#\/schema\/logo\/image\/","url":"https:\/\/www.revistarambla.com\/wp-content\/uploads\/2020\/09\/banner_rambla_1900x600_BB.png","contentUrl":"https:\/\/www.revistarambla.com\/wp-content\/uploads\/2020\/09\/banner_rambla_1900x600_BB.png","width":1900,"height":600,"caption":"Revista Rambla"},"image":{"@id":"https:\/\/www.revistarambla.com\/#\/schema\/logo\/image\/"},"sameAs":["https:\/\/www.facebook.com\/revistarambla\/","https:\/\/x.com\/revistarambla","https:\/\/www.instagram.com\/revista_rambla","https:\/\/es.linkedin.com\/company\/revista-rambla"]},{"@type":"Person","@id":"https:\/\/www.revistarambla.com\/#\/schema\/person\/a146a5a2550b94981a75131180e1bd9c","name":"R@mbla","description":"Este art\u00edculo ha sido redactado y\/o validado por el equipo de redacci\u00f3n de Revista Rambla.","sameAs":["https:\/\/www.revistarambla.com\/","https:\/\/www.facebook.com\/revistarambla","https:\/\/x.com\/revistarambla"]}]}},"_links":{"self":[{"href":"https:\/\/www.revistarambla.com\/en\/wp-json\/wp\/v2\/posts\/67700","targetHints":{"allow":["GET"]}}],"collection":[{"href":"https:\/\/www.revistarambla.com\/en\/wp-json\/wp\/v2\/posts"}],"about":[{"href":"https:\/\/www.revistarambla.com\/en\/wp-json\/wp\/v2\/types\/post"}],"author":[{"embeddable":true,"href":"https:\/\/www.revistarambla.com\/en\/wp-json\/wp\/v2\/users\/3"}],"replies":[{"embeddable":true,"href":"https:\/\/www.revistarambla.com\/en\/wp-json\/wp\/v2\/comments?post=67700"}],"version-history":[{"count":1,"href":"https:\/\/www.revistarambla.com\/en\/wp-json\/wp\/v2\/posts\/67700\/revisions"}],"predecessor-version":[{"id":67701,"href":"https:\/\/www.revistarambla.com\/en\/wp-json\/wp\/v2\/posts\/67700\/revisions\/67701"}],"wp:featuredmedia":[{"embeddable":true,"href":"https:\/\/www.revistarambla.com\/en\/wp-json\/wp\/v2\/media\/36674"}],"wp:attachment":[{"href":"https:\/\/www.revistarambla.com\/en\/wp-json\/wp\/v2\/media?parent=67700"}],"wp:term":[{"taxonomy":"category","embeddable":true,"href":"https:\/\/www.revistarambla.com\/en\/wp-json\/wp\/v2\/categories?post=67700"},{"taxonomy":"post_tag","embeddable":true,"href":"https:\/\/www.revistarambla.com\/en\/wp-json\/wp\/v2\/tags?post=67700"}],"curies":[{"name":"wp","href":"https:\/\/api.w.org\/{rel}","templated":true}]}}