{"id":67698,"date":"2026-01-29T12:28:57","date_gmt":"2026-01-29T11:28:57","guid":{"rendered":"https:\/\/www.revistarambla.com\/?p=67698"},"modified":"2026-02-04T13:08:43","modified_gmt":"2026-02-04T12:08:43","slug":"cuando-la-edad-pesa-mas-que-la-salud-publica","status":"publish","type":"post","link":"https:\/\/www.revistarambla.com\/en\/cuando-la-edad-pesa-mas-que-la-salud-publica\/","title":{"rendered":"Cuando la edad pesa m\u00e1s que la salud p\u00fablica"},"content":{"rendered":"<p>En los \u00faltimos a\u00f1os, la evoluci\u00f3n del sistema sanitario espa\u00f1ol ha estado marcada por un fen\u00f3meno que combina tendencia demogr\u00e1fica, desgaste estructural y <!--more-->decisiones econ\u00f3micas individuales: el aumento de la contrataci\u00f3n de <strong>seguros de salud privados<\/strong>, particularmente entre la poblaci\u00f3n de mayor edad. Lo que en su origen fue visto como un complemento opcional al sistema p\u00fablico \u2014el <strong>Sistema Nacional de Salud (SNS)<\/strong>\u2014 se ha convertido progresivamente en una estrategia de autoprotecci\u00f3n para quienes temen al deterioro de la atenci\u00f3n p\u00fablica y a las largas esperas.<\/p>\n<h2><strong>Un auge que ya no es marginal<\/strong><\/h2>\n<p>Seg\u00fan el <strong>Bar\u00f3metro Sanitario del Centro de Investigaciones Sociol\u00f3gicas (CIS) 2025<\/strong>, cerca del 30 % de la poblaci\u00f3n espa\u00f1ola declara tener alg\u00fan tipo de seguro m\u00e9dico privado, que incluye coberturas individuales, colectivas y mutualidades, lo que representa alrededor de <strong>12,6 millones de personas<\/strong> con seguro de salud privado. Esta cifra equivale aproximadamente al 26 % de la poblaci\u00f3n total e incluye tanto p\u00f3lizas sujetas a pago directo como aquellas contratadas a trav\u00e9s de empleadores o mutualidades.<\/p>\n<p>Aunque ese porcentaje baja frente a m\u00e1ximos anteriores, subraya que <strong>uno de cada cuatro espa\u00f1oles<\/strong> conf\u00eda en la sanidad privada para resolver sus necesidades m\u00e9dicas o, al menos, como respaldo frente a fallos percibidos de la atenci\u00f3n p\u00fablica.<\/p>\n<p>Este crecimiento no es casual: en la \u00faltima d\u00e9cada, los ingresos y el n\u00famero de asegurados de salud han crecido de forma sostenida, y el sector se ha consolidado como un actor econ\u00f3mico de peso significativo en Espa\u00f1a.<\/p>\n<h2><strong>El peso de la edad y la inseguridad sanitaria<\/strong><\/h2>\n<p>La tendencia es clara: aunque las tasas de contrataci\u00f3n privada entre personas mayores de 65 a\u00f1os no son tan altas como en poblaciones activas (datos recientes sit\u00faan la cobertura en torno al 15\u201317 % en ese grupo etario), quienes s\u00ed se aseguran \u2014o intentan hacerlo\u2014 se enfrentan a una realidad econ\u00f3mica muy distinta de la de los j\u00f3venes.<\/p>\n<p>En Espa\u00f1a, como en otros pa\u00edses con mercados aseguradores desarrollados, <strong>la edad es un factor determinante en el c\u00e1lculo de la prima<\/strong> de los seguros privados. Las aseguradoras suelen cobrar mucho m\u00e1s \u2014casi el doble o m\u00e1s\u2014 por las p\u00f3lizas de las personas mayores que por las de los adultos m\u00e1s j\u00f3venes.\u00a0En determinados casos, las primas para mayores de 65 a\u00f1os pueden <strong>triplicar las que paga un titular de 40 a\u00f1os<\/strong>, cerca de 180 euros al mes frente a cifras sensiblemente inferiores en edades medias.<\/p>\n<p>Desde la \u00f3ptica del sector asegurador, esta diferencia responde a criterios de \u201criesgo actuarial\u201d: las personas mayores, en promedio, requieren m\u00e1s atenci\u00f3n m\u00e9dica, realizan m\u00e1s consultas y tienen m\u00e1s probabilidad de padecer enfermedades cr\u00f3nicas, lo que encarece la cobertura. Sin embargo, desde el punto de vista social, esta pr\u00e1ctica plantea interrogantes \u00e9ticos y de equidad, porque quienes m\u00e1s necesitan protecci\u00f3n suelen ser, parad\u00f3jicamente, quienes menos pueden costearse una cobertura razonable.<\/p>\n<h2><strong>\u00bfPor qu\u00e9 recurre la poblaci\u00f3n mayor a los seguros privados?<\/strong><\/h2>\n<p>La contrataci\u00f3n de seguros de salud privados no ocurre en el vac\u00edo, sino en respuesta a problemas tangibles en la prestaci\u00f3n p\u00fablica \u2014y a motivaciones percibidas de los usuarios\u2014 entre las cuales destacan:<\/p>\n<h3><strong>1. Listas de espera y percepci\u00f3n de deterioro del SNS<\/strong><\/h3>\n<p>Numerosos an\u00e1lisis y testimonios coinciden en que la percepci\u00f3n de deterioro de la sanidad p\u00fablica \u2014especialmente en tiempos de pandemia y postpandemia\u2014 ha disparado una demanda anticipatoria de servicios privados. Las largas esperas para pruebas diagn\u00f3sticas o intervenciones, un cl\u00e1sico problema del SNS en varias comunidades aut\u00f3nomas, empujan a muchos a buscar seguridad en el sector privado.<\/p>\n<p>Un informe publicado por un medio nacional destac\u00f3 que por cada d\u00eda adicional de espera en atenci\u00f3n primaria en Espa\u00f1a se contrataron kil\u00f3metros de seguros privados adicionales, se\u00f1alando una relaci\u00f3n directa entre los tiempos de acceso y la demanda de servicios asegurados.<\/p>\n<h3><strong>2. Rapidez, comodidad y atenci\u00f3n directa<\/strong><\/h3>\n<p>Estudios del sector aseguran que las principales motivaciones declaradas por los asegurados incluyen la <strong>agilidad en el acceso a especialistas y pruebas<\/strong>, un trato preferencial y la comodidad de no depender de listas de espera.\u00a0Para la poblaci\u00f3n mayor, estos factores son especialmente relevantes: la probabilidad de enfrentar problemas complejos de salud es mayor, al igual que la impaciencia por resolverlos.<\/p>\n<h3><strong>3. Miedo y autoseguro tras la pandemia<\/strong><\/h3>\n<p>El impacto psicosocial de la pandemia contribuy\u00f3 a que muchos percibieran la sanidad privada como una \u201cred de seguridad\u201d en caso de futuros colapsos sanitarios o retrasos, reforzando la idea de que pagar por un seguro privado era una inversi\u00f3n en tranquilidad personal.<\/p>\n<h2><strong>Cr\u00edticas al auge privado: justicia social y sostenibilidad del sistema<\/strong><\/h2>\n<p>Aunque la expansi\u00f3n de los seguros privados ofrece a muchas personas mayor tranquilidad y acceso r\u00e1pido a servicios, tambi\u00e9n suscita cr\u00edticas relevantes desde varias perspectivas:<\/p>\n<h3><strong>1. Desigualdad y acceso seg\u00fan renta<\/strong><\/h3>\n<p>El crecimiento de la contrataci\u00f3n privada, especialmente entre mayores con recursos suficientes, refuerza una forma de \u201cdos velocidades\u201d en el acceso a la salud. Esta l\u00f3gica tiende a segmentar a la poblaci\u00f3n en funci\u00f3n de su capacidad econ\u00f3mica: quienes pueden pagar acceden antes y con m\u00e1s comodidad, mientras la mayor\u00eda sigue dependiendo de un sistema p\u00fablico que arrastra problemas estructurales.<\/p>\n<p>Adem\u00e1s, el hecho de que las primas crezcan con la edad y que las aseguradoras puedan incluso negarse a renovar p\u00f3lizas a personas con un historial m\u00e9dico complejo, intensifica esta desigualdad, dejando a algunos en una situaci\u00f3n de inseguridad sanitaria.<\/p>\n<h3><strong>2. Riesgo moral y desatenci\u00f3n de la sanidad p\u00fablica<\/strong><\/h3>\n<p>El auge del sector privado puede tener efectos contraproducentes en el SNS si reduce la presi\u00f3n pol\u00edtica para abordar sus fallos. Si un segmento notable de la poblaci\u00f3n rica o con recursos opta por salirse de la demanda de servicios p\u00fablicos, disminuye el incentivo para mejorar la eficiencia y la financiaci\u00f3n del SNS. Una sanidad p\u00fablica fuerte necesita respaldo ciudadano amplio para justificar inversiones y reformas.<\/p>\n<h3><strong>3. Ejecutivo y mercado: \u00bfqui\u00e9n regula?<\/strong><\/h3>\n<p>La intervenci\u00f3n del Estado en este sector ha sido objeto de debate. Recientemente se propuso gravar los seguros de salud con un impuesto especial, lo que, seg\u00fan las aseguradoras, podr\u00eda retraer a algunos usuarios y aumentar la presi\u00f3n sobre el sistema p\u00fablico si estas personas \u2014ante la p\u00e9rdida del incentivo fiscal\u2014 decidieran depender exclusivamente de la sanidad p\u00fablica.<\/p>\n<p>Sin embargo, quienes critican esta propuesta argumentan que el impuesto deber\u00eda acompa\u00f1arse de mejoras sustanciales en el SNS para que el aumento de recursos se traduzca en mejores servicios, no en un simple ingreso presupuestario.<\/p>\n<h2><strong>Envejecimiento demogr\u00e1fico: m\u00e1s a\u00f1os, m\u00e1s atenci\u00f3n<\/strong><\/h2>\n<p>El trasfondo demogr\u00e1fico de este debate no puede ignorarse. Europa en su conjunto est\u00e1 envejeciendo de manera sostenida: la proporci\u00f3n de personas mayores de 65 a\u00f1os frente a la poblaci\u00f3n en edad laboral aumenta a\u00f1o tras a\u00f1o y se proyecta que esta tendencia se mantenga durante d\u00e9cadas.<\/p>\n<p>Este cambio estructural implica que la demanda de servicios sanitarios, incluidos los seguros complementarios, seguir\u00e1 creciendo, porque las necesidades m\u00e9dicas de las personas mayores son mayores y m\u00e1s cr\u00f3nicas. Asia, Am\u00e9rica del Norte y buena parte de Europa enfrentan esta misma din\u00e1mica, lo que obliga a revisar c\u00f3mo se combinan los sistemas p\u00fablicos y privados para atender a una poblaci\u00f3n que vive m\u00e1s a\u00f1os, pero tambi\u00e9n con m\u00e1s comorbilidades.<\/p>\n<h2><strong>Conclusi\u00f3n: \u00bfcomplemento o sustituto?<\/strong><\/h2>\n<p>El aumento de la contrataci\u00f3n de seguros de salud privados por parte de personas mayores en Espa\u00f1a \u2014y en otras sociedades europeas\u2014 no es un fen\u00f3meno aislado ni \u00fanicamente individual. Es el resultado de m\u00faltiples factores: la percepci\u00f3n y realidad de fallos en la sanidad p\u00fablica, los incentivos econ\u00f3micos de las aseguradoras, las tensiones demogr\u00e1ficas del envejecimiento y un mercado asegurador que ha sabido explotar estos cambios.<\/p>\n<p>Como sociedad, la pregunta central no es simplemente si m\u00e1s personas mayores optan por seguros privados, sino <strong>qu\u00e9 modelo de salud queremos sostener<\/strong>: uno donde redes privadas complementan y alivian la carga de los sistemas p\u00fablicos para todos, o uno en el que la salud se convierte en un bien fuertemente segmentado por renta y edad.<\/p>\n<p>En ese debate est\u00e1n en juego tanto la justicia social como la sostenibilidad financiera del sistema sanitario espa\u00f1ol a medio y largo plazo.<\/p>","protected":false},"excerpt":{"rendered":"<p>El auge de los seguros sanitarios privados entre personas mayores en Espa\u00f1a: explicaci\u00f3n, tensiones y cr\u00edticas<\/p>","protected":false},"author":3,"featured_media":51752,"comment_status":"closed","ping_status":"closed","sticky":false,"template":"","format":"standard","meta":{"footnotes":""},"categories":[58],"tags":[],"class_list":["post-67698","post","type-post","status-publish","format-standard","has-post-thumbnail","hentry","category-estado-espanol"],"yoast_head":"<!-- This site is optimized with the Yoast SEO plugin v27.5 - https:\/\/yoast.com\/product\/yoast-seo-wordpress\/ -->\n<title>Cuando la edad pesa m\u00e1s que la salud p\u00fablica - Revista Rambla<\/title>\n<meta name=\"robots\" content=\"index, follow, max-snippet:-1, max-image-preview:large, max-video-preview:-1\" \/>\n<link rel=\"canonical\" href=\"https:\/\/www.revistarambla.com\/en\/cuando-la-edad-pesa-mas-que-la-salud-publica\/\" \/>\n<meta property=\"og:locale\" content=\"en_GB\" \/>\n<meta property=\"og:type\" content=\"article\" \/>\n<meta property=\"og:title\" content=\"Cuando la edad pesa m\u00e1s que la salud p\u00fablica - Revista Rambla\" \/>\n<meta property=\"og:description\" content=\"El auge de los seguros sanitarios privados entre personas mayores en Espa\u00f1a: explicaci\u00f3n, tensiones y cr\u00edticas\" \/>\n<meta property=\"og:url\" content=\"https:\/\/www.revistarambla.com\/en\/cuando-la-edad-pesa-mas-que-la-salud-publica\/\" \/>\n<meta property=\"og:site_name\" content=\"Revista Rambla\" \/>\n<meta property=\"article:publisher\" content=\"https:\/\/www.facebook.com\/revistarambla\/\" \/>\n<meta property=\"article:author\" content=\"https:\/\/www.facebook.com\/revistarambla\" \/>\n<meta property=\"article:published_time\" content=\"2026-01-29T11:28:57+00:00\" \/>\n<meta property=\"article:modified_time\" content=\"2026-02-04T12:08:43+00:00\" \/>\n<meta property=\"og:image\" content=\"https:\/\/www.revistarambla.com\/wp-content\/uploads\/2023\/01\/UEGENCIAS-HOSPITAL-PACIENTES-SANIDAD-PUBLICA.jpg\" \/>\n\t<meta property=\"og:image:width\" content=\"1200\" \/>\n\t<meta property=\"og:image:height\" content=\"871\" \/>\n\t<meta property=\"og:image:type\" content=\"image\/jpeg\" \/>\n<meta name=\"author\" content=\"R@mbla\" \/>\n<meta name=\"twitter:card\" content=\"summary_large_image\" \/>\n<meta name=\"twitter:creator\" content=\"@revistarambla\" \/>\n<meta name=\"twitter:site\" content=\"@revistarambla\" \/>\n<meta name=\"twitter:label1\" content=\"Written by\" \/>\n\t<meta name=\"twitter:data1\" content=\"R@mbla\" \/>\n\t<meta name=\"twitter:label2\" content=\"Estimated reading time\" \/>\n\t<meta name=\"twitter:data2\" content=\"7 minutes\" \/>\n<script type=\"application\/ld+json\" class=\"yoast-schema-graph\">{\"@context\":\"https:\\\/\\\/schema.org\",\"@graph\":[{\"@type\":\"Article\",\"@id\":\"https:\\\/\\\/www.revistarambla.com\\\/cuando-la-edad-pesa-mas-que-la-salud-publica\\\/#article\",\"isPartOf\":{\"@id\":\"https:\\\/\\\/www.revistarambla.com\\\/cuando-la-edad-pesa-mas-que-la-salud-publica\\\/\"},\"author\":{\"name\":\"R@mbla\",\"@id\":\"https:\\\/\\\/www.revistarambla.com\\\/#\\\/schema\\\/person\\\/a146a5a2550b94981a75131180e1bd9c\"},\"headline\":\"Cuando la edad pesa m\u00e1s que la salud p\u00fablica\",\"datePublished\":\"2026-01-29T11:28:57+00:00\",\"dateModified\":\"2026-02-04T12:08:43+00:00\",\"mainEntityOfPage\":{\"@id\":\"https:\\\/\\\/www.revistarambla.com\\\/cuando-la-edad-pesa-mas-que-la-salud-publica\\\/\"},\"wordCount\":1467,\"publisher\":{\"@id\":\"https:\\\/\\\/www.revistarambla.com\\\/#organization\"},\"image\":{\"@id\":\"https:\\\/\\\/www.revistarambla.com\\\/cuando-la-edad-pesa-mas-que-la-salud-publica\\\/#primaryimage\"},\"thumbnailUrl\":\"https:\\\/\\\/www.revistarambla.com\\\/wp-content\\\/uploads\\\/2023\\\/01\\\/UEGENCIAS-HOSPITAL-PACIENTES-SANIDAD-PUBLICA.jpg\",\"articleSection\":[\"Estado Espa\u00f1ol\"],\"inLanguage\":\"en-GB\"},{\"@type\":\"WebPage\",\"@id\":\"https:\\\/\\\/www.revistarambla.com\\\/cuando-la-edad-pesa-mas-que-la-salud-publica\\\/\",\"url\":\"https:\\\/\\\/www.revistarambla.com\\\/cuando-la-edad-pesa-mas-que-la-salud-publica\\\/\",\"name\":\"Cuando la edad pesa m\u00e1s que la salud p\u00fablica - Revista Rambla\",\"isPartOf\":{\"@id\":\"https:\\\/\\\/www.revistarambla.com\\\/#website\"},\"primaryImageOfPage\":{\"@id\":\"https:\\\/\\\/www.revistarambla.com\\\/cuando-la-edad-pesa-mas-que-la-salud-publica\\\/#primaryimage\"},\"image\":{\"@id\":\"https:\\\/\\\/www.revistarambla.com\\\/cuando-la-edad-pesa-mas-que-la-salud-publica\\\/#primaryimage\"},\"thumbnailUrl\":\"https:\\\/\\\/www.revistarambla.com\\\/wp-content\\\/uploads\\\/2023\\\/01\\\/UEGENCIAS-HOSPITAL-PACIENTES-SANIDAD-PUBLICA.jpg\",\"datePublished\":\"2026-01-29T11:28:57+00:00\",\"dateModified\":\"2026-02-04T12:08:43+00:00\",\"breadcrumb\":{\"@id\":\"https:\\\/\\\/www.revistarambla.com\\\/cuando-la-edad-pesa-mas-que-la-salud-publica\\\/#breadcrumb\"},\"inLanguage\":\"en-GB\",\"potentialAction\":[{\"@type\":\"ReadAction\",\"target\":[\"https:\\\/\\\/www.revistarambla.com\\\/cuando-la-edad-pesa-mas-que-la-salud-publica\\\/\"]}]},{\"@type\":\"ImageObject\",\"inLanguage\":\"en-GB\",\"@id\":\"https:\\\/\\\/www.revistarambla.com\\\/cuando-la-edad-pesa-mas-que-la-salud-publica\\\/#primaryimage\",\"url\":\"https:\\\/\\\/www.revistarambla.com\\\/wp-content\\\/uploads\\\/2023\\\/01\\\/UEGENCIAS-HOSPITAL-PACIENTES-SANIDAD-PUBLICA.jpg\",\"contentUrl\":\"https:\\\/\\\/www.revistarambla.com\\\/wp-content\\\/uploads\\\/2023\\\/01\\\/UEGENCIAS-HOSPITAL-PACIENTES-SANIDAD-PUBLICA.jpg\",\"width\":1200,\"height\":871,\"caption\":\"seguros sanitarios privados\"},{\"@type\":\"BreadcrumbList\",\"@id\":\"https:\\\/\\\/www.revistarambla.com\\\/cuando-la-edad-pesa-mas-que-la-salud-publica\\\/#breadcrumb\",\"itemListElement\":[{\"@type\":\"ListItem\",\"position\":1,\"name\":\"Portada\",\"item\":\"https:\\\/\\\/www.revistarambla.com\\\/\"},{\"@type\":\"ListItem\",\"position\":2,\"name\":\"Cuando la edad pesa m\u00e1s que la salud p\u00fablica\"}]},{\"@type\":\"WebSite\",\"@id\":\"https:\\\/\\\/www.revistarambla.com\\\/#website\",\"url\":\"https:\\\/\\\/www.revistarambla.com\\\/\",\"name\":\"Revista Rambla Barcelona\",\"description\":\"Periodismo independiente\",\"publisher\":{\"@id\":\"https:\\\/\\\/www.revistarambla.com\\\/#organization\"},\"potentialAction\":[{\"@type\":\"SearchAction\",\"target\":{\"@type\":\"EntryPoint\",\"urlTemplate\":\"https:\\\/\\\/www.revistarambla.com\\\/?s={search_term_string}\"},\"query-input\":{\"@type\":\"PropertyValueSpecification\",\"valueRequired\":true,\"valueName\":\"search_term_string\"}}],\"inLanguage\":\"en-GB\"},{\"@type\":\"Organization\",\"@id\":\"https:\\\/\\\/www.revistarambla.com\\\/#organization\",\"name\":\"Revista Rambla\",\"url\":\"https:\\\/\\\/www.revistarambla.com\\\/\",\"logo\":{\"@type\":\"ImageObject\",\"inLanguage\":\"en-GB\",\"@id\":\"https:\\\/\\\/www.revistarambla.com\\\/#\\\/schema\\\/logo\\\/image\\\/\",\"url\":\"https:\\\/\\\/www.revistarambla.com\\\/wp-content\\\/uploads\\\/2020\\\/09\\\/banner_rambla_1900x600_BB.png\",\"contentUrl\":\"https:\\\/\\\/www.revistarambla.com\\\/wp-content\\\/uploads\\\/2020\\\/09\\\/banner_rambla_1900x600_BB.png\",\"width\":1900,\"height\":600,\"caption\":\"Revista Rambla\"},\"image\":{\"@id\":\"https:\\\/\\\/www.revistarambla.com\\\/#\\\/schema\\\/logo\\\/image\\\/\"},\"sameAs\":[\"https:\\\/\\\/www.facebook.com\\\/revistarambla\\\/\",\"https:\\\/\\\/x.com\\\/revistarambla\",\"https:\\\/\\\/www.instagram.com\\\/revista_rambla\",\"https:\\\/\\\/es.linkedin.com\\\/company\\\/revista-rambla\"]},{\"@type\":\"Person\",\"@id\":\"https:\\\/\\\/www.revistarambla.com\\\/#\\\/schema\\\/person\\\/a146a5a2550b94981a75131180e1bd9c\",\"name\":\"R@mbla\",\"description\":\"Este art\u00edculo ha sido redactado y\\\/o validado por el equipo de redacci\u00f3n de Revista Rambla.\",\"sameAs\":[\"https:\\\/\\\/www.revistarambla.com\\\/\",\"https:\\\/\\\/www.facebook.com\\\/revistarambla\",\"https:\\\/\\\/x.com\\\/revistarambla\"]}]}<\/script>\n<!-- \/ Yoast SEO plugin. -->","yoast_head_json":{"title":"Cuando la edad pesa m\u00e1s que la salud p\u00fablica - Revista Rambla","robots":{"index":"index","follow":"follow","max-snippet":"max-snippet:-1","max-image-preview":"max-image-preview:large","max-video-preview":"max-video-preview:-1"},"canonical":"https:\/\/www.revistarambla.com\/en\/cuando-la-edad-pesa-mas-que-la-salud-publica\/","og_locale":"en_GB","og_type":"article","og_title":"Cuando la edad pesa m\u00e1s que la salud p\u00fablica - Revista Rambla","og_description":"El auge de los seguros sanitarios privados entre personas mayores en Espa\u00f1a: explicaci\u00f3n, tensiones y cr\u00edticas","og_url":"https:\/\/www.revistarambla.com\/en\/cuando-la-edad-pesa-mas-que-la-salud-publica\/","og_site_name":"Revista Rambla","article_publisher":"https:\/\/www.facebook.com\/revistarambla\/","article_author":"https:\/\/www.facebook.com\/revistarambla","article_published_time":"2026-01-29T11:28:57+00:00","article_modified_time":"2026-02-04T12:08:43+00:00","og_image":[{"width":1200,"height":871,"url":"https:\/\/www.revistarambla.com\/wp-content\/uploads\/2023\/01\/UEGENCIAS-HOSPITAL-PACIENTES-SANIDAD-PUBLICA.jpg","type":"image\/jpeg"}],"author":"R@mbla","twitter_card":"summary_large_image","twitter_creator":"@revistarambla","twitter_site":"@revistarambla","twitter_misc":{"Written by":"R@mbla","Estimated reading time":"7 minutes"},"schema":{"@context":"https:\/\/schema.org","@graph":[{"@type":"Article","@id":"https:\/\/www.revistarambla.com\/cuando-la-edad-pesa-mas-que-la-salud-publica\/#article","isPartOf":{"@id":"https:\/\/www.revistarambla.com\/cuando-la-edad-pesa-mas-que-la-salud-publica\/"},"author":{"name":"R@mbla","@id":"https:\/\/www.revistarambla.com\/#\/schema\/person\/a146a5a2550b94981a75131180e1bd9c"},"headline":"Cuando la edad pesa m\u00e1s que la salud p\u00fablica","datePublished":"2026-01-29T11:28:57+00:00","dateModified":"2026-02-04T12:08:43+00:00","mainEntityOfPage":{"@id":"https:\/\/www.revistarambla.com\/cuando-la-edad-pesa-mas-que-la-salud-publica\/"},"wordCount":1467,"publisher":{"@id":"https:\/\/www.revistarambla.com\/#organization"},"image":{"@id":"https:\/\/www.revistarambla.com\/cuando-la-edad-pesa-mas-que-la-salud-publica\/#primaryimage"},"thumbnailUrl":"https:\/\/www.revistarambla.com\/wp-content\/uploads\/2023\/01\/UEGENCIAS-HOSPITAL-PACIENTES-SANIDAD-PUBLICA.jpg","articleSection":["Estado Espa\u00f1ol"],"inLanguage":"en-GB"},{"@type":"WebPage","@id":"https:\/\/www.revistarambla.com\/cuando-la-edad-pesa-mas-que-la-salud-publica\/","url":"https:\/\/www.revistarambla.com\/cuando-la-edad-pesa-mas-que-la-salud-publica\/","name":"Cuando la edad pesa m\u00e1s que la salud p\u00fablica - Revista Rambla","isPartOf":{"@id":"https:\/\/www.revistarambla.com\/#website"},"primaryImageOfPage":{"@id":"https:\/\/www.revistarambla.com\/cuando-la-edad-pesa-mas-que-la-salud-publica\/#primaryimage"},"image":{"@id":"https:\/\/www.revistarambla.com\/cuando-la-edad-pesa-mas-que-la-salud-publica\/#primaryimage"},"thumbnailUrl":"https:\/\/www.revistarambla.com\/wp-content\/uploads\/2023\/01\/UEGENCIAS-HOSPITAL-PACIENTES-SANIDAD-PUBLICA.jpg","datePublished":"2026-01-29T11:28:57+00:00","dateModified":"2026-02-04T12:08:43+00:00","breadcrumb":{"@id":"https:\/\/www.revistarambla.com\/cuando-la-edad-pesa-mas-que-la-salud-publica\/#breadcrumb"},"inLanguage":"en-GB","potentialAction":[{"@type":"ReadAction","target":["https:\/\/www.revistarambla.com\/cuando-la-edad-pesa-mas-que-la-salud-publica\/"]}]},{"@type":"ImageObject","inLanguage":"en-GB","@id":"https:\/\/www.revistarambla.com\/cuando-la-edad-pesa-mas-que-la-salud-publica\/#primaryimage","url":"https:\/\/www.revistarambla.com\/wp-content\/uploads\/2023\/01\/UEGENCIAS-HOSPITAL-PACIENTES-SANIDAD-PUBLICA.jpg","contentUrl":"https:\/\/www.revistarambla.com\/wp-content\/uploads\/2023\/01\/UEGENCIAS-HOSPITAL-PACIENTES-SANIDAD-PUBLICA.jpg","width":1200,"height":871,"caption":"seguros sanitarios privados"},{"@type":"BreadcrumbList","@id":"https:\/\/www.revistarambla.com\/cuando-la-edad-pesa-mas-que-la-salud-publica\/#breadcrumb","itemListElement":[{"@type":"ListItem","position":1,"name":"Portada","item":"https:\/\/www.revistarambla.com\/"},{"@type":"ListItem","position":2,"name":"Cuando la edad pesa m\u00e1s que la salud p\u00fablica"}]},{"@type":"WebSite","@id":"https:\/\/www.revistarambla.com\/#website","url":"https:\/\/www.revistarambla.com\/","name":"Revista Rambla Barcelona","description":"Periodismo independiente","publisher":{"@id":"https:\/\/www.revistarambla.com\/#organization"},"potentialAction":[{"@type":"SearchAction","target":{"@type":"EntryPoint","urlTemplate":"https:\/\/www.revistarambla.com\/?s={search_term_string}"},"query-input":{"@type":"PropertyValueSpecification","valueRequired":true,"valueName":"search_term_string"}}],"inLanguage":"en-GB"},{"@type":"Organization","@id":"https:\/\/www.revistarambla.com\/#organization","name":"Revista Rambla","url":"https:\/\/www.revistarambla.com\/","logo":{"@type":"ImageObject","inLanguage":"en-GB","@id":"https:\/\/www.revistarambla.com\/#\/schema\/logo\/image\/","url":"https:\/\/www.revistarambla.com\/wp-content\/uploads\/2020\/09\/banner_rambla_1900x600_BB.png","contentUrl":"https:\/\/www.revistarambla.com\/wp-content\/uploads\/2020\/09\/banner_rambla_1900x600_BB.png","width":1900,"height":600,"caption":"Revista Rambla"},"image":{"@id":"https:\/\/www.revistarambla.com\/#\/schema\/logo\/image\/"},"sameAs":["https:\/\/www.facebook.com\/revistarambla\/","https:\/\/x.com\/revistarambla","https:\/\/www.instagram.com\/revista_rambla","https:\/\/es.linkedin.com\/company\/revista-rambla"]},{"@type":"Person","@id":"https:\/\/www.revistarambla.com\/#\/schema\/person\/a146a5a2550b94981a75131180e1bd9c","name":"R@mbla","description":"Este art\u00edculo ha sido redactado y\/o validado por el equipo de redacci\u00f3n de Revista Rambla.","sameAs":["https:\/\/www.revistarambla.com\/","https:\/\/www.facebook.com\/revistarambla","https:\/\/x.com\/revistarambla"]}]}},"_links":{"self":[{"href":"https:\/\/www.revistarambla.com\/en\/wp-json\/wp\/v2\/posts\/67698","targetHints":{"allow":["GET"]}}],"collection":[{"href":"https:\/\/www.revistarambla.com\/en\/wp-json\/wp\/v2\/posts"}],"about":[{"href":"https:\/\/www.revistarambla.com\/en\/wp-json\/wp\/v2\/types\/post"}],"author":[{"embeddable":true,"href":"https:\/\/www.revistarambla.com\/en\/wp-json\/wp\/v2\/users\/3"}],"replies":[{"embeddable":true,"href":"https:\/\/www.revistarambla.com\/en\/wp-json\/wp\/v2\/comments?post=67698"}],"version-history":[{"count":2,"href":"https:\/\/www.revistarambla.com\/en\/wp-json\/wp\/v2\/posts\/67698\/revisions"}],"predecessor-version":[{"id":67730,"href":"https:\/\/www.revistarambla.com\/en\/wp-json\/wp\/v2\/posts\/67698\/revisions\/67730"}],"wp:featuredmedia":[{"embeddable":true,"href":"https:\/\/www.revistarambla.com\/en\/wp-json\/wp\/v2\/media\/51752"}],"wp:attachment":[{"href":"https:\/\/www.revistarambla.com\/en\/wp-json\/wp\/v2\/media?parent=67698"}],"wp:term":[{"taxonomy":"category","embeddable":true,"href":"https:\/\/www.revistarambla.com\/en\/wp-json\/wp\/v2\/categories?post=67698"},{"taxonomy":"post_tag","embeddable":true,"href":"https:\/\/www.revistarambla.com\/en\/wp-json\/wp\/v2\/tags?post=67698"}],"curies":[{"name":"wp","href":"https:\/\/api.w.org\/{rel}","templated":true}]}}