{"id":67694,"date":"2026-01-28T20:21:01","date_gmt":"2026-01-28T19:21:01","guid":{"rendered":"https:\/\/www.revistarambla.com\/?p=67694"},"modified":"2026-01-28T20:21:01","modified_gmt":"2026-01-28T19:21:01","slug":"rodalies-en-coma-la-crisis-que-desnuda-un-modelo-agotado","status":"publish","type":"post","link":"https:\/\/www.revistarambla.com\/en\/rodalies-en-coma-la-crisis-que-desnuda-un-modelo-agotado\/","title":{"rendered":"Rodalies en coma: la crisis que desnuda un modelo agotado"},"content":{"rendered":"<p>La semana que acaba de vivir Catalu\u00f1a con su red de Rodalies ha sido, sin exageraci\u00f3n, una de las m\u00e1s oscuras en la historia reciente del transporte p\u00fablico ferroviario en el pa\u00eds. <!--more-->Y no por un solo incidente aislado, sino por la concatenaci\u00f3n explosiva de errores estructurales, fallos t\u00e9cnicos, contradicciones institucionales y un hartazgo ciudadano que ya no cabe en los vagones.<\/p>\n<p>Pocas infraestructuras p\u00fablicas son tan simb\u00f3licas \u2014y tan vitales\u2014 como el tren de cercan\u00edas para una gran metr\u00f3polis y su \u00e1rea metropolitana. Medio mill\u00f3n de personas dependen de Rodalies cada d\u00eda para ir a trabajar, estudiar, atender a su familia o simplemente desplazarse. Pero la semana pasada, esta red demostr\u00f3 que no s\u00f3lo est\u00e1 quejumbrosa\u2026 sino en coma.<\/p>\n<h3><strong>Un accidente que agudiza una herida profunda<\/strong><\/h3>\n<p>Todo comenz\u00f3 con un accidente tr\u00e1gico: un muro se derrumb\u00f3 sobre un tren de la l\u00ednea R4 cerca de Gelida, destrozando la cabina, dejando heridos y provocando la muerte de un maquinista en formaci\u00f3n. Ese impacto no fue s\u00f3lo f\u00edsico, sino tambi\u00e9n simb\u00f3lico: sac\u00f3 a la luz una red que funciona, literalmente, en condiciones precarias.<\/p>\n<p>La respuesta inmediata fue el paro total del servicio ferroviario. En cuesti\u00f3n de horas, miles de usuarios se levantaron sin saber si aquel mi\u00e9rcoles habr\u00eda trenes o si tendr\u00edan que improvisar otros medios de transporte. Esa incertidumbre, que deber\u00eda ser excepcional, se convirti\u00f3 en rutina.<\/p>\n<h3><strong>\u00bfFall\u00f3 todo, o siempre ha estado fallando?<\/strong><\/h3>\n<p>Lo que describe el art\u00edculo de <em>3CatInfo<\/em> es demoledor: <em>\u201cen una semana Rodalies se ha detenido por la presi\u00f3n de los maquinistas, por la incapacidad de Renfe, por orden del gobierno o por aver\u00edas en Adif. Ras y corto: ha fallado todo.\u201d<\/em><\/p>\n<p>Probablemente no sea exageraci\u00f3n. Si un sistema colapsa por m\u00faltiples causas \u2014laborales, t\u00e9cnicas y de gesti\u00f3n\u2014 en cuesti\u00f3n de d\u00edas, es porque llevaba tiempo acumulando tensiones estructurales. Y en el caso de Rodalies, ese diagn\u00f3stico no es nuevo: informes, an\u00e1lisis y hasta declaraciones del propio ministro de Transportes reconocen que la infraestructura est\u00e1 entre las m\u00e1s deterioradas del pa\u00eds, con inversi\u00f3n insuficiente y mantenimiento deficiente durante a\u00f1os.<\/p>\n<p>Este no es el fallo de un d\u00eda. Es el resultado de d\u00e9cadas de promesas incumplidas, parches y una prioridad pol\u00edtica m\u00e1s en letras que en obras y planificaci\u00f3n estrat\u00e9gica.<\/p>\n<h3><strong>Una gesti\u00f3n fragmentada y contradictoria<\/strong><\/h3>\n<p>Parte de los problemas de esta crisis tiene causas t\u00e9cnicas \u2014como las revisiones urgentes tras el accidente o las condiciones de la red debilitada por el temporal\u2014 pero otra parte importante es organizativa y pol\u00edtica.<\/p>\n<p>La estructura actual de las responsabilidades entre la Generalitat, Renfe, Adif y el Ministerio de Transportes est\u00e1 tan enredada que, en momentos de crisis, parece un casting de excusas m\u00e1s que un aparato de gesti\u00f3n. El art\u00edculo se\u00f1ala que la mala relaci\u00f3n entre Renfe y Adif \u2014segregadas desde 2005\u2014 sigue condicionando la gesti\u00f3n.<\/p>\n<p>Y por si fuera poco, la comunicaci\u00f3n entre ellos y con la Generalitat tampoco ha fluido de manera coherente. No es sorprendente que esto genere desconfianza, contradicciones en los comunicados oficiales y respuestas tard\u00edas o inconexas para los pasajeros.<\/p>\n<p>Cuando los trenes no funcionan, los errores de coordinaci\u00f3n son imposibles de ocultar. Esta semana, la suspensi\u00f3n del servicio por una aver\u00eda en el centro de control de Adif el mismo d\u00eda que se anunciaba su reanudaci\u00f3n fue una muestra extrema de esa incapacidad de gestionar de forma conjunta y eficaz.<\/p>\n<h3><strong>La presi\u00f3n social se vuelve insostenible<\/strong><\/h3>\n<p>La crisis de Rodalies no es s\u00f3lo una falla t\u00e9cnica; es una falla social.<\/p>\n<p>Cuando cientos de miles de personas experimentan retrasos, cancelaciones, viajes interminables combinando tren y autob\u00fas, o simplemente se quedan sin tren, el impacto se transmite m\u00e1s all\u00e1 de las estaciones. Lo que hace una semana era hartazgo diario se ha convertido en indignaci\u00f3n abierta.<\/p>\n<p>Algunos usuarios han llegado a cambiar sus planes de vida \u2014su lugar de trabajo o incluso su residencia\u2014 porque ya no pueden depender de un sistema que consideran imprevisible. Esa erosi\u00f3n de confianza tiene efectos profundos: no s\u00f3lo en la movilidad cotidiana, sino en la percepci\u00f3n de la clase pol\u00edtica y de la gesti\u00f3n p\u00fablica.<\/p>\n<h3><strong>La pol\u00edtica entra en la escena (aunque tarde)<\/strong><\/h3>\n<p>Como era de prever, la crisis ha desembocado en un debate pol\u00edtico caliente. En el Parlament, la oposici\u00f3n ha pedido dimisiones y ha criticado con dureza la gesti\u00f3n del Govern. La defensa del ejecutivo se ha centrado en justificar las actuaciones de emergencia y mantener acuerdos como las bonificaciones del transporte durante toda la legislatura, pero el choque de posiciones revela una tensi\u00f3n profunda por qui\u00e9n debe asumir responsabilidades reales.<\/p>\n<p>Este es un punto clave: los partidos pol\u00edticos no s\u00f3lo discuten sobre c\u00f3mo gestionar la crisis, sino sobre c\u00f3mo repartir culpas. Y mientras tanto, las personas que dependen de Rodalies viven sus desplazamientos como una tensi\u00f3n constante.<\/p>\n<p>Por supuesto, parte de ese ruido pol\u00edtico es previsible en cualquier crisis que afecte la vida cotidiana de tanta gente. Pero tambi\u00e9n evidencia que las cuestiones de transporte p\u00fablico han sido dejadas en segundo plano, hasta que han explotado de manera dram\u00e1tica.<\/p>\n<h3><strong>Inversiones\u2026 \u00bfpero suficientes?<\/strong><\/h3>\n<p>Frente a la evidencia del mal estado de la red, el Ministerio de Transportes ha anunciado planes de inversi\u00f3n masiva \u20141.700 millones adicionales hasta 2030\u2014 destinados principalmente al mantenimiento.\u00a0Esta cifra puede sonar bien en abstracci\u00f3n, pero sin una ejecuci\u00f3n clara, calendarizada y ejecutada con transparencia, corre el riesgo de convertirse en otra promesa m\u00e1s que queda en papeles y titulares.<\/p>\n<p>No basta con anunciar dinero; hay que garantizar que se utiliza de manera eficiente, con criterios t\u00e9cnicos, calendarios estrictos, y sin influencias pol\u00edticas cortoplacistas.<\/p>\n<h3><strong>\u00bfQu\u00e9 nos est\u00e1 ense\u00f1ando esta crisis?<\/strong><\/h3>\n<p>Esta crisis ha tenido un efecto pedag\u00f3gico involuntario: ha dejado ver lo que siempre estuvo ah\u00ed pero pocos quer\u00edan reconocer. Las grietas en la infraestructura, s\u00ed \u2014pero tambi\u00e9n en la gesti\u00f3n, la coordinaci\u00f3n y la comunicaci\u00f3n entre administraciones.<\/p>\n<p>Cuando un sistema falla, lo hace por acumulaci\u00f3n de problemas no resueltos. Y Rodalies lleva demasiado tiempo funcionando con parches, con prioridades distorsionadas y con decisiones tomadas m\u00e1s en el terreno pol\u00edtico que en el t\u00e9cnico.<\/p>\n<p>Adem\u00e1s, hay una cuesti\u00f3n de equidad: Rodalies no es un lujo. Es un servicio esencial que conecta \u00e1reas metropolitanas, zonas residenciales, pueblos y ciudades. Su buen funcionamiento tiene efectos directos en la calidad de vida, en la econom\u00eda local, en la igualdad de oportunidades y en la sostenibilidad ambiental. Fallar aqu\u00ed no afecta solo a usuarios individuales: perjudica a la cohesi\u00f3n social y a la competitividad de toda la regi\u00f3n metropolitana de Barcelona y de Catalu\u00f1a entera.<\/p>\n<h3><strong>Mirando hacia adelante: \u00bfhay salida?<\/strong><\/h3>\n<p>S\u00ed, la hay, pero exige algo m\u00e1s que inversiones y anuncios puntuales.<\/p>\n<p>Primero, se requiere una <strong>reforma profunda en la gesti\u00f3n y coordinaci\u00f3n interinstitucional<\/strong>. No puede haber un sistema en el que Adif, Renfe y la Generalitat funcionen como compartimentos estancos o, peor a\u00fan, como adversarios. La planificaci\u00f3n, la informaci\u00f3n y la toma de decisiones deben estar integradas.<\/p>\n<p>Segundo, la <strong>infraestructura debe dejar de ser reactiva y pasar a ser preventiva<\/strong>. Esto significa mantenimiento regular, renovaci\u00f3n de piezas cr\u00edticas antes de que fallen, inversi\u00f3n en tecnolog\u00eda fiable y sistemas de control robustos que no dependan de parches improvisados.<\/p>\n<p>Tercero, se necesita <strong>transparencia con los ciudadanos<\/strong>. Muchas de las cr\u00edticas no solo se dirigen a los fallos t\u00e9cnicos, sino a la opacidad y a la laguna informativa durante los momentos de crisis. Los usuarios no piden perfecci\u00f3n, piden informaci\u00f3n clara y veraz.<\/p>\n<p>Y cuarto, hay que <strong>revisar la cultura institucional<\/strong>. Un sindicato que puede paralizar el servicio sin canales de interlocuci\u00f3n adecuados, una empresa p\u00fablica que lucha con su propio presidente o una administraci\u00f3n que no logra coordinarse con las otras dos son s\u00edntomas de que falta una cultura de responsabilidad compartida.<\/p>\n<p>La crisis de Rodalies no es un accidente. Es el s\u00edntoma de un modelo de gesti\u00f3n agotado, de inversiones insuficientes, de pol\u00edticas mal alineadas y de un sistema que ha dejado de responder a las necesidades reales de la gente.<\/p>\n<p>Si algo ha abierto esta crisis, es la posibilidad de una reflexi\u00f3n profunda: sobre para qu\u00e9 queremos el transporte p\u00fablico, c\u00f3mo lo financiamos y qui\u00e9n lo gestiona. Y tambi\u00e9n, claro, si estamos dispuestos a exigir responsabilidades cuando el inter\u00e9s general est\u00e1 en juego.<\/p>\n<p>Porque al final, Rodalies no es un engranaje t\u00e9cnico: es parte del latido diario de medio mill\u00f3n de vidas. Y cuando ese latido se detiene, no basta con parches.<\/p>","protected":false},"excerpt":{"rendered":"<p>La semana que acaba de vivir Catalu\u00f1a con su red de Rodalies ha sido, sin exageraci\u00f3n, una de las m\u00e1s oscuras en la historia reciente del transporte p\u00fablico ferroviario en el pa\u00eds.<\/p>","protected":false},"author":3,"featured_media":64698,"comment_status":"closed","ping_status":"closed","sticky":false,"template":"","format":"standard","meta":{"footnotes":""},"categories":[72],"tags":[],"class_list":["post-67694","post","type-post","status-publish","format-standard","has-post-thumbnail","hentry","category-opinion"],"yoast_head":"<!-- This site is optimized with the Yoast SEO plugin v27.5 - https:\/\/yoast.com\/product\/yoast-seo-wordpress\/ -->\n<title>Rodalies en coma: la crisis que desnuda un modelo agotado - Revista Rambla<\/title>\n<meta name=\"robots\" content=\"index, follow, max-snippet:-1, max-image-preview:large, max-video-preview:-1\" \/>\n<link rel=\"canonical\" href=\"https:\/\/www.revistarambla.com\/en\/rodalies-en-coma-la-crisis-que-desnuda-un-modelo-agotado\/\" \/>\n<meta property=\"og:locale\" content=\"en_GB\" \/>\n<meta property=\"og:type\" content=\"article\" \/>\n<meta property=\"og:title\" content=\"Rodalies en coma: la crisis que desnuda un modelo agotado - Revista Rambla\" \/>\n<meta property=\"og:description\" content=\"La semana que acaba de vivir Catalu\u00f1a con su red de Rodalies ha sido, sin exageraci\u00f3n, una de las m\u00e1s oscuras en la historia reciente del transporte p\u00fablico ferroviario en el pa\u00eds.\" \/>\n<meta property=\"og:url\" content=\"https:\/\/www.revistarambla.com\/en\/rodalies-en-coma-la-crisis-que-desnuda-un-modelo-agotado\/\" \/>\n<meta property=\"og:site_name\" content=\"Revista Rambla\" \/>\n<meta property=\"article:publisher\" content=\"https:\/\/www.facebook.com\/revistarambla\/\" \/>\n<meta property=\"article:author\" content=\"https:\/\/www.facebook.com\/revistarambla\" \/>\n<meta property=\"article:published_time\" content=\"2026-01-28T19:21:01+00:00\" \/>\n<meta property=\"og:image\" content=\"https:\/\/www.revistarambla.com\/wp-content\/uploads\/2025\/03\/Rodalies_renfe-e1531380437223.jpg\" \/>\n\t<meta property=\"og:image:width\" content=\"1041\" \/>\n\t<meta property=\"og:image:height\" content=\"694\" \/>\n\t<meta property=\"og:image:type\" content=\"image\/jpeg\" \/>\n<meta name=\"author\" content=\"R@mbla\" \/>\n<meta name=\"twitter:card\" content=\"summary_large_image\" \/>\n<meta name=\"twitter:creator\" content=\"@revistarambla\" \/>\n<meta name=\"twitter:site\" content=\"@revistarambla\" \/>\n<meta name=\"twitter:label1\" content=\"Written by\" \/>\n\t<meta name=\"twitter:data1\" content=\"R@mbla\" \/>\n\t<meta name=\"twitter:label2\" content=\"Estimated reading time\" \/>\n\t<meta name=\"twitter:data2\" content=\"7 minutes\" \/>\n<script type=\"application\/ld+json\" class=\"yoast-schema-graph\">{\"@context\":\"https:\\\/\\\/schema.org\",\"@graph\":[{\"@type\":\"Article\",\"@id\":\"https:\\\/\\\/www.revistarambla.com\\\/rodalies-en-coma-la-crisis-que-desnuda-un-modelo-agotado\\\/#article\",\"isPartOf\":{\"@id\":\"https:\\\/\\\/www.revistarambla.com\\\/rodalies-en-coma-la-crisis-que-desnuda-un-modelo-agotado\\\/\"},\"author\":{\"name\":\"R@mbla\",\"@id\":\"https:\\\/\\\/www.revistarambla.com\\\/#\\\/schema\\\/person\\\/a146a5a2550b94981a75131180e1bd9c\"},\"headline\":\"Rodalies en coma: la crisis que desnuda un modelo agotado\",\"datePublished\":\"2026-01-28T19:21:01+00:00\",\"mainEntityOfPage\":{\"@id\":\"https:\\\/\\\/www.revistarambla.com\\\/rodalies-en-coma-la-crisis-que-desnuda-un-modelo-agotado\\\/\"},\"wordCount\":1534,\"publisher\":{\"@id\":\"https:\\\/\\\/www.revistarambla.com\\\/#organization\"},\"image\":{\"@id\":\"https:\\\/\\\/www.revistarambla.com\\\/rodalies-en-coma-la-crisis-que-desnuda-un-modelo-agotado\\\/#primaryimage\"},\"thumbnailUrl\":\"https:\\\/\\\/www.revistarambla.com\\\/wp-content\\\/uploads\\\/2025\\\/03\\\/Rodalies_renfe-e1531380437223.jpg\",\"articleSection\":[\"Opiniones\"],\"inLanguage\":\"en-GB\"},{\"@type\":\"WebPage\",\"@id\":\"https:\\\/\\\/www.revistarambla.com\\\/rodalies-en-coma-la-crisis-que-desnuda-un-modelo-agotado\\\/\",\"url\":\"https:\\\/\\\/www.revistarambla.com\\\/rodalies-en-coma-la-crisis-que-desnuda-un-modelo-agotado\\\/\",\"name\":\"Rodalies en coma: la crisis que desnuda un modelo agotado - Revista Rambla\",\"isPartOf\":{\"@id\":\"https:\\\/\\\/www.revistarambla.com\\\/#website\"},\"primaryImageOfPage\":{\"@id\":\"https:\\\/\\\/www.revistarambla.com\\\/rodalies-en-coma-la-crisis-que-desnuda-un-modelo-agotado\\\/#primaryimage\"},\"image\":{\"@id\":\"https:\\\/\\\/www.revistarambla.com\\\/rodalies-en-coma-la-crisis-que-desnuda-un-modelo-agotado\\\/#primaryimage\"},\"thumbnailUrl\":\"https:\\\/\\\/www.revistarambla.com\\\/wp-content\\\/uploads\\\/2025\\\/03\\\/Rodalies_renfe-e1531380437223.jpg\",\"datePublished\":\"2026-01-28T19:21:01+00:00\",\"breadcrumb\":{\"@id\":\"https:\\\/\\\/www.revistarambla.com\\\/rodalies-en-coma-la-crisis-que-desnuda-un-modelo-agotado\\\/#breadcrumb\"},\"inLanguage\":\"en-GB\",\"potentialAction\":[{\"@type\":\"ReadAction\",\"target\":[\"https:\\\/\\\/www.revistarambla.com\\\/rodalies-en-coma-la-crisis-que-desnuda-un-modelo-agotado\\\/\"]}]},{\"@type\":\"ImageObject\",\"inLanguage\":\"en-GB\",\"@id\":\"https:\\\/\\\/www.revistarambla.com\\\/rodalies-en-coma-la-crisis-que-desnuda-un-modelo-agotado\\\/#primaryimage\",\"url\":\"https:\\\/\\\/www.revistarambla.com\\\/wp-content\\\/uploads\\\/2025\\\/03\\\/Rodalies_renfe-e1531380437223.jpg\",\"contentUrl\":\"https:\\\/\\\/www.revistarambla.com\\\/wp-content\\\/uploads\\\/2025\\\/03\\\/Rodalies_renfe-e1531380437223.jpg\",\"width\":1041,\"height\":694,\"caption\":\"El traspaso de Rodalies: un proceso en medio de tensiones pol\u00edticas y sindicales\"},{\"@type\":\"BreadcrumbList\",\"@id\":\"https:\\\/\\\/www.revistarambla.com\\\/rodalies-en-coma-la-crisis-que-desnuda-un-modelo-agotado\\\/#breadcrumb\",\"itemListElement\":[{\"@type\":\"ListItem\",\"position\":1,\"name\":\"Portada\",\"item\":\"https:\\\/\\\/www.revistarambla.com\\\/\"},{\"@type\":\"ListItem\",\"position\":2,\"name\":\"Rodalies en coma: la crisis que desnuda un modelo agotado\"}]},{\"@type\":\"WebSite\",\"@id\":\"https:\\\/\\\/www.revistarambla.com\\\/#website\",\"url\":\"https:\\\/\\\/www.revistarambla.com\\\/\",\"name\":\"Revista Rambla Barcelona\",\"description\":\"Periodismo independiente\",\"publisher\":{\"@id\":\"https:\\\/\\\/www.revistarambla.com\\\/#organization\"},\"potentialAction\":[{\"@type\":\"SearchAction\",\"target\":{\"@type\":\"EntryPoint\",\"urlTemplate\":\"https:\\\/\\\/www.revistarambla.com\\\/?s={search_term_string}\"},\"query-input\":{\"@type\":\"PropertyValueSpecification\",\"valueRequired\":true,\"valueName\":\"search_term_string\"}}],\"inLanguage\":\"en-GB\"},{\"@type\":\"Organization\",\"@id\":\"https:\\\/\\\/www.revistarambla.com\\\/#organization\",\"name\":\"Revista Rambla\",\"url\":\"https:\\\/\\\/www.revistarambla.com\\\/\",\"logo\":{\"@type\":\"ImageObject\",\"inLanguage\":\"en-GB\",\"@id\":\"https:\\\/\\\/www.revistarambla.com\\\/#\\\/schema\\\/logo\\\/image\\\/\",\"url\":\"https:\\\/\\\/www.revistarambla.com\\\/wp-content\\\/uploads\\\/2020\\\/09\\\/banner_rambla_1900x600_BB.png\",\"contentUrl\":\"https:\\\/\\\/www.revistarambla.com\\\/wp-content\\\/uploads\\\/2020\\\/09\\\/banner_rambla_1900x600_BB.png\",\"width\":1900,\"height\":600,\"caption\":\"Revista Rambla\"},\"image\":{\"@id\":\"https:\\\/\\\/www.revistarambla.com\\\/#\\\/schema\\\/logo\\\/image\\\/\"},\"sameAs\":[\"https:\\\/\\\/www.facebook.com\\\/revistarambla\\\/\",\"https:\\\/\\\/x.com\\\/revistarambla\",\"https:\\\/\\\/www.instagram.com\\\/revista_rambla\",\"https:\\\/\\\/es.linkedin.com\\\/company\\\/revista-rambla\"]},{\"@type\":\"Person\",\"@id\":\"https:\\\/\\\/www.revistarambla.com\\\/#\\\/schema\\\/person\\\/a146a5a2550b94981a75131180e1bd9c\",\"name\":\"R@mbla\",\"description\":\"Este art\u00edculo ha sido redactado y\\\/o validado por el equipo de redacci\u00f3n de Revista Rambla.\",\"sameAs\":[\"https:\\\/\\\/www.revistarambla.com\\\/\",\"https:\\\/\\\/www.facebook.com\\\/revistarambla\",\"https:\\\/\\\/x.com\\\/revistarambla\"]}]}<\/script>\n<!-- \/ Yoast SEO plugin. -->","yoast_head_json":{"title":"Rodalies en coma: la crisis que desnuda un modelo agotado - Revista Rambla","robots":{"index":"index","follow":"follow","max-snippet":"max-snippet:-1","max-image-preview":"max-image-preview:large","max-video-preview":"max-video-preview:-1"},"canonical":"https:\/\/www.revistarambla.com\/en\/rodalies-en-coma-la-crisis-que-desnuda-un-modelo-agotado\/","og_locale":"en_GB","og_type":"article","og_title":"Rodalies en coma: la crisis que desnuda un modelo agotado - Revista Rambla","og_description":"La semana que acaba de vivir Catalu\u00f1a con su red de Rodalies ha sido, sin exageraci\u00f3n, una de las m\u00e1s oscuras en la historia reciente del transporte p\u00fablico ferroviario en el pa\u00eds.","og_url":"https:\/\/www.revistarambla.com\/en\/rodalies-en-coma-la-crisis-que-desnuda-un-modelo-agotado\/","og_site_name":"Revista Rambla","article_publisher":"https:\/\/www.facebook.com\/revistarambla\/","article_author":"https:\/\/www.facebook.com\/revistarambla","article_published_time":"2026-01-28T19:21:01+00:00","og_image":[{"width":1041,"height":694,"url":"https:\/\/www.revistarambla.com\/wp-content\/uploads\/2025\/03\/Rodalies_renfe-e1531380437223.jpg","type":"image\/jpeg"}],"author":"R@mbla","twitter_card":"summary_large_image","twitter_creator":"@revistarambla","twitter_site":"@revistarambla","twitter_misc":{"Written by":"R@mbla","Estimated reading time":"7 minutes"},"schema":{"@context":"https:\/\/schema.org","@graph":[{"@type":"Article","@id":"https:\/\/www.revistarambla.com\/rodalies-en-coma-la-crisis-que-desnuda-un-modelo-agotado\/#article","isPartOf":{"@id":"https:\/\/www.revistarambla.com\/rodalies-en-coma-la-crisis-que-desnuda-un-modelo-agotado\/"},"author":{"name":"R@mbla","@id":"https:\/\/www.revistarambla.com\/#\/schema\/person\/a146a5a2550b94981a75131180e1bd9c"},"headline":"Rodalies en coma: la crisis que desnuda un modelo agotado","datePublished":"2026-01-28T19:21:01+00:00","mainEntityOfPage":{"@id":"https:\/\/www.revistarambla.com\/rodalies-en-coma-la-crisis-que-desnuda-un-modelo-agotado\/"},"wordCount":1534,"publisher":{"@id":"https:\/\/www.revistarambla.com\/#organization"},"image":{"@id":"https:\/\/www.revistarambla.com\/rodalies-en-coma-la-crisis-que-desnuda-un-modelo-agotado\/#primaryimage"},"thumbnailUrl":"https:\/\/www.revistarambla.com\/wp-content\/uploads\/2025\/03\/Rodalies_renfe-e1531380437223.jpg","articleSection":["Opiniones"],"inLanguage":"en-GB"},{"@type":"WebPage","@id":"https:\/\/www.revistarambla.com\/rodalies-en-coma-la-crisis-que-desnuda-un-modelo-agotado\/","url":"https:\/\/www.revistarambla.com\/rodalies-en-coma-la-crisis-que-desnuda-un-modelo-agotado\/","name":"Rodalies en coma: la crisis que desnuda un modelo agotado - Revista Rambla","isPartOf":{"@id":"https:\/\/www.revistarambla.com\/#website"},"primaryImageOfPage":{"@id":"https:\/\/www.revistarambla.com\/rodalies-en-coma-la-crisis-que-desnuda-un-modelo-agotado\/#primaryimage"},"image":{"@id":"https:\/\/www.revistarambla.com\/rodalies-en-coma-la-crisis-que-desnuda-un-modelo-agotado\/#primaryimage"},"thumbnailUrl":"https:\/\/www.revistarambla.com\/wp-content\/uploads\/2025\/03\/Rodalies_renfe-e1531380437223.jpg","datePublished":"2026-01-28T19:21:01+00:00","breadcrumb":{"@id":"https:\/\/www.revistarambla.com\/rodalies-en-coma-la-crisis-que-desnuda-un-modelo-agotado\/#breadcrumb"},"inLanguage":"en-GB","potentialAction":[{"@type":"ReadAction","target":["https:\/\/www.revistarambla.com\/rodalies-en-coma-la-crisis-que-desnuda-un-modelo-agotado\/"]}]},{"@type":"ImageObject","inLanguage":"en-GB","@id":"https:\/\/www.revistarambla.com\/rodalies-en-coma-la-crisis-que-desnuda-un-modelo-agotado\/#primaryimage","url":"https:\/\/www.revistarambla.com\/wp-content\/uploads\/2025\/03\/Rodalies_renfe-e1531380437223.jpg","contentUrl":"https:\/\/www.revistarambla.com\/wp-content\/uploads\/2025\/03\/Rodalies_renfe-e1531380437223.jpg","width":1041,"height":694,"caption":"El traspaso de Rodalies: un proceso en medio de tensiones pol\u00edticas y sindicales"},{"@type":"BreadcrumbList","@id":"https:\/\/www.revistarambla.com\/rodalies-en-coma-la-crisis-que-desnuda-un-modelo-agotado\/#breadcrumb","itemListElement":[{"@type":"ListItem","position":1,"name":"Portada","item":"https:\/\/www.revistarambla.com\/"},{"@type":"ListItem","position":2,"name":"Rodalies en coma: la crisis que desnuda un modelo agotado"}]},{"@type":"WebSite","@id":"https:\/\/www.revistarambla.com\/#website","url":"https:\/\/www.revistarambla.com\/","name":"Revista Rambla Barcelona","description":"Periodismo independiente","publisher":{"@id":"https:\/\/www.revistarambla.com\/#organization"},"potentialAction":[{"@type":"SearchAction","target":{"@type":"EntryPoint","urlTemplate":"https:\/\/www.revistarambla.com\/?s={search_term_string}"},"query-input":{"@type":"PropertyValueSpecification","valueRequired":true,"valueName":"search_term_string"}}],"inLanguage":"en-GB"},{"@type":"Organization","@id":"https:\/\/www.revistarambla.com\/#organization","name":"Revista Rambla","url":"https:\/\/www.revistarambla.com\/","logo":{"@type":"ImageObject","inLanguage":"en-GB","@id":"https:\/\/www.revistarambla.com\/#\/schema\/logo\/image\/","url":"https:\/\/www.revistarambla.com\/wp-content\/uploads\/2020\/09\/banner_rambla_1900x600_BB.png","contentUrl":"https:\/\/www.revistarambla.com\/wp-content\/uploads\/2020\/09\/banner_rambla_1900x600_BB.png","width":1900,"height":600,"caption":"Revista Rambla"},"image":{"@id":"https:\/\/www.revistarambla.com\/#\/schema\/logo\/image\/"},"sameAs":["https:\/\/www.facebook.com\/revistarambla\/","https:\/\/x.com\/revistarambla","https:\/\/www.instagram.com\/revista_rambla","https:\/\/es.linkedin.com\/company\/revista-rambla"]},{"@type":"Person","@id":"https:\/\/www.revistarambla.com\/#\/schema\/person\/a146a5a2550b94981a75131180e1bd9c","name":"R@mbla","description":"Este art\u00edculo ha sido redactado y\/o validado por el equipo de redacci\u00f3n de Revista Rambla.","sameAs":["https:\/\/www.revistarambla.com\/","https:\/\/www.facebook.com\/revistarambla","https:\/\/x.com\/revistarambla"]}]}},"_links":{"self":[{"href":"https:\/\/www.revistarambla.com\/en\/wp-json\/wp\/v2\/posts\/67694","targetHints":{"allow":["GET"]}}],"collection":[{"href":"https:\/\/www.revistarambla.com\/en\/wp-json\/wp\/v2\/posts"}],"about":[{"href":"https:\/\/www.revistarambla.com\/en\/wp-json\/wp\/v2\/types\/post"}],"author":[{"embeddable":true,"href":"https:\/\/www.revistarambla.com\/en\/wp-json\/wp\/v2\/users\/3"}],"replies":[{"embeddable":true,"href":"https:\/\/www.revistarambla.com\/en\/wp-json\/wp\/v2\/comments?post=67694"}],"version-history":[{"count":1,"href":"https:\/\/www.revistarambla.com\/en\/wp-json\/wp\/v2\/posts\/67694\/revisions"}],"predecessor-version":[{"id":67695,"href":"https:\/\/www.revistarambla.com\/en\/wp-json\/wp\/v2\/posts\/67694\/revisions\/67695"}],"wp:featuredmedia":[{"embeddable":true,"href":"https:\/\/www.revistarambla.com\/en\/wp-json\/wp\/v2\/media\/64698"}],"wp:attachment":[{"href":"https:\/\/www.revistarambla.com\/en\/wp-json\/wp\/v2\/media?parent=67694"}],"wp:term":[{"taxonomy":"category","embeddable":true,"href":"https:\/\/www.revistarambla.com\/en\/wp-json\/wp\/v2\/categories?post=67694"},{"taxonomy":"post_tag","embeddable":true,"href":"https:\/\/www.revistarambla.com\/en\/wp-json\/wp\/v2\/tags?post=67694"}],"curies":[{"name":"wp","href":"https:\/\/api.w.org\/{rel}","templated":true}]}}