{"id":67692,"date":"2026-01-28T20:16:44","date_gmt":"2026-01-28T19:16:44","guid":{"rendered":"https:\/\/www.revistarambla.com\/?p=67692"},"modified":"2026-01-28T20:16:44","modified_gmt":"2026-01-28T19:16:44","slug":"el-fin-de-la-moratoria-de-desahucios-en-espana-riesgo-de-13-000-expulsiones-forzosas-de-sus-hogares-en-cataluna","status":"publish","type":"post","link":"https:\/\/www.revistarambla.com\/en\/el-fin-de-la-moratoria-de-desahucios-en-espana-riesgo-de-13-000-expulsiones-forzosas-de-sus-hogares-en-cataluna\/","title":{"rendered":"El fin de la moratoria de desahucios en Espa\u00f1a: riesgo de 13 000 expulsiones forzosas de sus hogares en Catalu\u00f1a"},"content":{"rendered":"<p>La controvertida decisi\u00f3n del Congreso de los Diputados de no prorrogar la moratoria de desahucios que proteg\u00eda a familias vulnerables marca un antes y un despu\u00e9s <!--more-->en la pol\u00edtica de vivienda en Espa\u00f1a. Tras a\u00f1os de suspensi\u00f3n de lanzamientos forzosos por motivos de vulnerabilidad econ\u00f3mica y social, miles de hogares quedan ahora expuestos a perder sus viviendas en medio de una crisis habitacional que organiza y agrava desigualdades profundas.<\/p>\n<p>El debate pol\u00edtico y social en torno al acceso a una vivienda digna ha cobrado una enorme relevancia en los \u00faltimos a\u00f1os, especialmente desde la pandemia de COVID-19, cuando el Gobierno espa\u00f1ol, impulsado por una situaci\u00f3n de extrema vulnerabilidad de amplios sectores de la poblaci\u00f3n, acord\u00f3 suspender los desahucios sin alternativa habitacional. La medida form\u00f3 parte de un paquete de protecci\u00f3n social que tambi\u00e9n inclu\u00eda la suspensi\u00f3n de cortes de suministros b\u00e1sicos y otras ayudas del llamado \u201cescudo social\u201d.<\/p>\n<h3>La ca\u00edda de un decreto emblem\u00e1tico<\/h3>\n<p>El pasado 27 de enero, con los votos de <strong>Partido Popular (PP), Vox y Junts<\/strong>, el pleno del Congreso rechaz\u00f3 la convalidaci\u00f3n de un decreto-ley que, entre otras cosas, prorrogaba esta moratoria de desahucios para familias vulnerables y revalorizaba las pensiones. Esta decisi\u00f3n ha sido calificada por distintas organizaciones sociales como un golpe directo a las protecciones que hab\u00edan evitado la expulsi\u00f3n de miles de hogares.<\/p>\n<p>Seg\u00fan la <em>Taula d\u2019entitats del Tercer Sector Social de Catalunya<\/em>, una plataforma que agrupa a m\u00e1s de 3 000 entidades sociales, <strong>alrededor de 13 000 familias en Catalu\u00f1a quedan ahora en riesgo de ser desahuciadas<\/strong> una vez levantada la prohibici\u00f3n legal que hasta ahora proteg\u00eda sus hogares, sin que existan mecanismos alternativos s\u00f3lidos para garantizar su derecho a una vivienda digna.<\/p>\n<p>Para poner esta cifra en contexto, durante la aplicaci\u00f3n de la moratoria \u2014que se extendi\u00f3 desde abril de 2020 hasta finales de 2025\u2014 se habr\u00edan paralizado <strong>m\u00e1s de 13 000 desahucios solo en Catalu\u00f1a<\/strong>, seg\u00fan estimaciones de la propia Taula. A estas cifras hay que sumar los miles de desahucios que se produc\u00edan cada a\u00f1o antes de la moratoria y que, aunque ahora vuelven a activarse, se suman a un panorama de escasez de vivienda asequible.<\/p>\n<h3>\u00bfQu\u00e9 implicaba realmente la moratoria?<\/h3>\n<p>La moratoria de desahucios fue una herramienta de emergencia destinada a proteger a aquellas personas y familias que, por causas econ\u00f3micas o sociales, se encontraban en una situaci\u00f3n de vulnerabilidad extrema. Bajo ese decreto, <strong>no se pod\u00eda ejecutar un desahucio si la persona o familia no ten\u00eda una alternativa de vivienda garantizada<\/strong>, y los servicios sociales eran los encargados de evaluar qui\u00e9n entraba en esta categor\u00eda y de facilitar soluciones habitacionales.<\/p>\n<p>Esta protecci\u00f3n abarcaba a personas con ingresos insuficientes, hogares con dependientes, v\u00edctimas de violencia de g\u00e9nero, y familias con menores de edad \u2014grupos de poblaci\u00f3n que se encuentran especialmente expuestos al impacto del desempleo, la precariedad laboral y la inflaci\u00f3n en los costes de vida.<\/p>\n<p>No obstante, la moratoria tambi\u00e9n gener\u00f3 debates y tensiones entre diferentes sectores de la sociedad. Por un lado, grupos de defensa de los derechos sociales la consideraban indispensable para evitar situaciones de exclusi\u00f3n residencial; por otro, algunos propietarios y peque\u00f1as entidades reclamaban compensaciones por las limitaciones impuestas en el ejercicio de sus derechos sobre la propiedad y los ingresos derivados de los alquileres.<\/p>\n<h3>Pol\u00edticas de vivienda en disputa<\/h3>\n<p>El fracaso del pleno del Congreso para prorrogar la moratoria no solo tiene implicaciones inmediatas en t\u00e9rminos de desahucios. Tambi\u00e9n pone de manifiesto la profunda divisi\u00f3n pol\u00edtica sobre c\u00f3mo abordar el derecho a la vivienda en Espa\u00f1a.<\/p>\n<p><strong>PP, Vox y Junts<\/strong> argumentaron en contra de la pr\u00f3rroga de la moratoria por considerar que medidas como estas pueden generar inseguridad jur\u00eddica y desincentivar la inversi\u00f3n en el mercado de alquiler, perjudicando a los propietarios. Algunos de estos discursos han sido criticados por sectores progresistas por priorizar los intereses econ\u00f3micos de los propietarios frente a las necesidades sociales de quienes carecen de recursos.<\/p>\n<p>Adem\u00e1s, otras fuerzas pol\u00edticas reclaman soluciones estructurales m\u00e1s all\u00e1 de las moratorias temporales. Proponen reformar la legislaci\u00f3n de vivienda para aumentar el parque de vivienda p\u00fablica, regular los precios del alquiler, limitar la especulaci\u00f3n y reforzar los servicios sociales para que no queden desbordados ante la creciente demanda.<\/p>\n<p>Desde el lado de las entidades sociales, la ca\u00edda del decreto se interpreta como una muestra de irresponsabilidad pol\u00edtica en plena crisis habitacional. El coordinador de vivienda de la Taula del tercer sector, <strong>Mart\u00ed Batllori<\/strong>, declar\u00f3 que los gobiernos central y auton\u00f3mico deben \u201casumir su responsabilidad\u201d y activar \u201crespuestas urgentes\u201d para evitar que m\u00e1s familias acaben en la calle, especialmente en pleno invierno.<\/p>\n<h3>Impacto social y humano<\/h3>\n<p>M\u00e1s all\u00e1 de los n\u00fameros y el debate pol\u00edtico, la suspensi\u00f3n de la moratoria de desahucios tiene un fuerte impacto humano. Los desahucios no son meros procesos administrativos: suponen la p\u00e9rdida del hogar, la separaci\u00f3n de comunidades y redes de apoyo, y la intensificaci\u00f3n de la vulnerabilidad econ\u00f3mica y emocional de las personas afectadas.<\/p>\n<p>Los colectivos sociales alertan de que sin mecanismos de protecci\u00f3n efectivos, <strong>viejas y nuevas desigualdades se agudizar\u00e1n<\/strong>. Familias con ni\u00f1os peque\u00f1os, personas mayores, migrantes con recursos limitados y personas desempleadas son especialmente vulnerables ante un proceso de desahucio, ya que <strong>a menudo no tienen acceso a alternativas habitacionales dignas<\/strong> ni redes de apoyo suficientes.<\/p>\n<p>La situaci\u00f3n es especialmente cr\u00edtica en regiones como Catalu\u00f1a, donde el mercado de alquiler ha experimentado una presi\u00f3n enorme en los \u00faltimos a\u00f1os, con precios elevados y una oferta insuficiente de vivienda asequible. Antes de la pandemia, datos judiciales mostraban que Catalu\u00f1a lideraba el n\u00famero de desahucios en Espa\u00f1a, en gran parte vinculados al impago de alquileres.<\/p>\n<h3>Movilizaciones y resistencia social<\/h3>\n<p>La respuesta de la sociedad civil no se ha hecho esperar. Organizaciones como el <strong>Sindicat de Llogateres<\/strong> han convocado movilizaciones para exigir una rectificaci\u00f3n pol\u00edtica y la recuperaci\u00f3n de las medidas de apoyo social que han sido tumbadas en el Congreso. En Barcelona, ya se han registrado protestas frente a sedes de partidos pol\u00edticos implicados en la decisi\u00f3n, con mensajes que piden pol\u00edticas de vivienda que protejan a las familias m\u00e1s fr\u00e1giles.<\/p>\n<p>Adem\u00e1s de las protestas callejeras, diversas entidades sociales, plataformas de vivienda y sindicatos han iniciado campa\u00f1as de trabajo con servicios sociales, letrados y colectivos vecinales para intentar mitigar los efectos del levantamiento de la moratoria. Se buscan soluciones temporales de alojamiento, asesoramiento jur\u00eddico gratuito y presi\u00f3n pol\u00edtica para que nuevas iniciativas legales protejan a las familias en riesgo.<\/p>\n<h3>El desaf\u00edo de garantizar vivienda digna<\/h3>\n<p>El levantamiento de la moratoria abre una nueva etapa en la pol\u00edtica de vivienda en Espa\u00f1a. Algunas voces abogan por dar un paso m\u00e1s all\u00e1 y reformar la Ley de Vivienda para asegurar que el derecho a una vivienda digna, reconocido en diversos marcos legales y sociales, se traduzca en pol\u00edticas efectivas y sostenibles a largo plazo.<\/p>\n<p>Propuestas como el aumento del parque p\u00fablico de viviendas, la regulaci\u00f3n de precios de alquiler en zonas tensionadas y la creaci\u00f3n de un fondo de emergencia para aquellas familias en situaci\u00f3n de vulnerabilidad han ganado impulso en el debate p\u00fablico. Sin embargo, su aplicaci\u00f3n requiere consenso pol\u00edtico, recursos financieros y una visi\u00f3n coordinada entre administraciones municipales, auton\u00f3micas y el Estado.<\/p>\n<h3>Conclusi\u00f3n<\/h3>\n<p>La decisi\u00f3n del Congreso de no renovar la moratoria de desahucios para familias vulnerables ha reabierto un debate central sobre c\u00f3mo se garantizan los derechos sociales en Espa\u00f1a. La estimaci\u00f3n de que <strong>13 000 familias en Catalu\u00f1a podr\u00edan perder su hogar<\/strong> pone de manifiesto la urgencia de pol\u00edticas p\u00fablicas eficaces que protejan a las personas m\u00e1s vulnerables, especialmente en un contexto de crisis de la vivienda y precariedad econ\u00f3mica persistente.<\/p>\n<p>Mientras tanto, las movilizaciones sociales, las iniciativas de apoyo comunitario y las propuestas legislativas alternativas buscan dar respuesta a esta situaci\u00f3n dram\u00e1tica. La pregunta que queda en el aire es si las instituciones pol\u00edticas estar\u00e1n a la altura de este desaf\u00edo y dise\u00f1ar\u00e1n soluciones duraderas que garanticen el acceso a una vivienda digna para todos.<\/p>","protected":false},"excerpt":{"rendered":"<p>La controvertida decisi\u00f3n del Congreso de los Diputados de no prorrogar la moratoria de desahucios que proteg\u00eda a familias vulnerables marca un antes y un despu\u00e9s<\/p>","protected":false},"author":3,"featured_media":42767,"comment_status":"closed","ping_status":"closed","sticky":false,"template":"","format":"standard","meta":{"footnotes":""},"categories":[59],"tags":[],"class_list":["post-67692","post","type-post","status-publish","format-standard","has-post-thumbnail","hentry","category-catalunya"],"yoast_head":"<!-- This site is optimized with the Yoast SEO plugin v27.5 - https:\/\/yoast.com\/product\/yoast-seo-wordpress\/ -->\n<title>El fin de la moratoria de desahucios en Espa\u00f1a: riesgo de 13 000 expulsiones forzosas de sus hogares en Catalu\u00f1a - Revista Rambla<\/title>\n<meta name=\"robots\" content=\"index, follow, max-snippet:-1, max-image-preview:large, max-video-preview:-1\" \/>\n<link rel=\"canonical\" href=\"https:\/\/www.revistarambla.com\/en\/el-fin-de-la-moratoria-de-desahucios-en-espana-riesgo-de-13-000-expulsiones-forzosas-de-sus-hogares-en-cataluna\/\" \/>\n<meta property=\"og:locale\" content=\"en_GB\" \/>\n<meta property=\"og:type\" content=\"article\" \/>\n<meta property=\"og:title\" content=\"El fin de la moratoria de desahucios en Espa\u00f1a: riesgo de 13 000 expulsiones forzosas de sus hogares en Catalu\u00f1a - Revista Rambla\" \/>\n<meta property=\"og:description\" content=\"La controvertida decisi\u00f3n del Congreso de los Diputados de no prorrogar la moratoria de desahucios que proteg\u00eda a familias vulnerables marca un antes y un despu\u00e9s\" \/>\n<meta property=\"og:url\" content=\"https:\/\/www.revistarambla.com\/en\/el-fin-de-la-moratoria-de-desahucios-en-espana-riesgo-de-13-000-expulsiones-forzosas-de-sus-hogares-en-cataluna\/\" \/>\n<meta property=\"og:site_name\" content=\"Revista Rambla\" \/>\n<meta property=\"article:publisher\" content=\"https:\/\/www.facebook.com\/revistarambla\/\" \/>\n<meta property=\"article:author\" content=\"https:\/\/www.facebook.com\/revistarambla\" \/>\n<meta property=\"article:published_time\" content=\"2026-01-28T19:16:44+00:00\" \/>\n<meta property=\"og:image\" content=\"https:\/\/www.revistarambla.com\/wp-content\/uploads\/2022\/06\/DESAHUCIO-BARCELONA-MOSSOS.jpg\" \/>\n\t<meta property=\"og:image:width\" content=\"1600\" \/>\n\t<meta property=\"og:image:height\" content=\"900\" \/>\n\t<meta property=\"og:image:type\" content=\"image\/jpeg\" \/>\n<meta name=\"author\" content=\"R@mbla\" \/>\n<meta name=\"twitter:card\" content=\"summary_large_image\" \/>\n<meta name=\"twitter:creator\" content=\"@revistarambla\" \/>\n<meta name=\"twitter:site\" content=\"@revistarambla\" \/>\n<meta name=\"twitter:label1\" content=\"Written by\" \/>\n\t<meta name=\"twitter:data1\" content=\"R@mbla\" \/>\n\t<meta name=\"twitter:label2\" content=\"Estimated reading time\" \/>\n\t<meta name=\"twitter:data2\" content=\"7 minutes\" \/>\n<script type=\"application\/ld+json\" class=\"yoast-schema-graph\">{\"@context\":\"https:\\\/\\\/schema.org\",\"@graph\":[{\"@type\":\"Article\",\"@id\":\"https:\\\/\\\/www.revistarambla.com\\\/el-fin-de-la-moratoria-de-desahucios-en-espana-riesgo-de-13-000-expulsiones-forzosas-de-sus-hogares-en-cataluna\\\/#article\",\"isPartOf\":{\"@id\":\"https:\\\/\\\/www.revistarambla.com\\\/el-fin-de-la-moratoria-de-desahucios-en-espana-riesgo-de-13-000-expulsiones-forzosas-de-sus-hogares-en-cataluna\\\/\"},\"author\":{\"name\":\"R@mbla\",\"@id\":\"https:\\\/\\\/www.revistarambla.com\\\/#\\\/schema\\\/person\\\/a146a5a2550b94981a75131180e1bd9c\"},\"headline\":\"El fin de la moratoria de desahucios en Espa\u00f1a: riesgo de 13 000 expulsiones forzosas de sus hogares en Catalu\u00f1a\",\"datePublished\":\"2026-01-28T19:16:44+00:00\",\"mainEntityOfPage\":{\"@id\":\"https:\\\/\\\/www.revistarambla.com\\\/el-fin-de-la-moratoria-de-desahucios-en-espana-riesgo-de-13-000-expulsiones-forzosas-de-sus-hogares-en-cataluna\\\/\"},\"wordCount\":1457,\"publisher\":{\"@id\":\"https:\\\/\\\/www.revistarambla.com\\\/#organization\"},\"image\":{\"@id\":\"https:\\\/\\\/www.revistarambla.com\\\/el-fin-de-la-moratoria-de-desahucios-en-espana-riesgo-de-13-000-expulsiones-forzosas-de-sus-hogares-en-cataluna\\\/#primaryimage\"},\"thumbnailUrl\":\"https:\\\/\\\/www.revistarambla.com\\\/wp-content\\\/uploads\\\/2022\\\/06\\\/DESAHUCIO-BARCELONA-MOSSOS.jpg\",\"articleSection\":[\"Catalunya\"],\"inLanguage\":\"en-GB\"},{\"@type\":\"WebPage\",\"@id\":\"https:\\\/\\\/www.revistarambla.com\\\/el-fin-de-la-moratoria-de-desahucios-en-espana-riesgo-de-13-000-expulsiones-forzosas-de-sus-hogares-en-cataluna\\\/\",\"url\":\"https:\\\/\\\/www.revistarambla.com\\\/el-fin-de-la-moratoria-de-desahucios-en-espana-riesgo-de-13-000-expulsiones-forzosas-de-sus-hogares-en-cataluna\\\/\",\"name\":\"El fin de la moratoria de desahucios en Espa\u00f1a: riesgo de 13 000 expulsiones forzosas de sus hogares en Catalu\u00f1a - Revista Rambla\",\"isPartOf\":{\"@id\":\"https:\\\/\\\/www.revistarambla.com\\\/#website\"},\"primaryImageOfPage\":{\"@id\":\"https:\\\/\\\/www.revistarambla.com\\\/el-fin-de-la-moratoria-de-desahucios-en-espana-riesgo-de-13-000-expulsiones-forzosas-de-sus-hogares-en-cataluna\\\/#primaryimage\"},\"image\":{\"@id\":\"https:\\\/\\\/www.revistarambla.com\\\/el-fin-de-la-moratoria-de-desahucios-en-espana-riesgo-de-13-000-expulsiones-forzosas-de-sus-hogares-en-cataluna\\\/#primaryimage\"},\"thumbnailUrl\":\"https:\\\/\\\/www.revistarambla.com\\\/wp-content\\\/uploads\\\/2022\\\/06\\\/DESAHUCIO-BARCELONA-MOSSOS.jpg\",\"datePublished\":\"2026-01-28T19:16:44+00:00\",\"breadcrumb\":{\"@id\":\"https:\\\/\\\/www.revistarambla.com\\\/el-fin-de-la-moratoria-de-desahucios-en-espana-riesgo-de-13-000-expulsiones-forzosas-de-sus-hogares-en-cataluna\\\/#breadcrumb\"},\"inLanguage\":\"en-GB\",\"potentialAction\":[{\"@type\":\"ReadAction\",\"target\":[\"https:\\\/\\\/www.revistarambla.com\\\/el-fin-de-la-moratoria-de-desahucios-en-espana-riesgo-de-13-000-expulsiones-forzosas-de-sus-hogares-en-cataluna\\\/\"]}]},{\"@type\":\"ImageObject\",\"inLanguage\":\"en-GB\",\"@id\":\"https:\\\/\\\/www.revistarambla.com\\\/el-fin-de-la-moratoria-de-desahucios-en-espana-riesgo-de-13-000-expulsiones-forzosas-de-sus-hogares-en-cataluna\\\/#primaryimage\",\"url\":\"https:\\\/\\\/www.revistarambla.com\\\/wp-content\\\/uploads\\\/2022\\\/06\\\/DESAHUCIO-BARCELONA-MOSSOS.jpg\",\"contentUrl\":\"https:\\\/\\\/www.revistarambla.com\\\/wp-content\\\/uploads\\\/2022\\\/06\\\/DESAHUCIO-BARCELONA-MOSSOS.jpg\",\"width\":1600,\"height\":900,\"caption\":\"13 000 familias en Catalu\u00f1a podr\u00edan perder su hogar\"},{\"@type\":\"BreadcrumbList\",\"@id\":\"https:\\\/\\\/www.revistarambla.com\\\/el-fin-de-la-moratoria-de-desahucios-en-espana-riesgo-de-13-000-expulsiones-forzosas-de-sus-hogares-en-cataluna\\\/#breadcrumb\",\"itemListElement\":[{\"@type\":\"ListItem\",\"position\":1,\"name\":\"Portada\",\"item\":\"https:\\\/\\\/www.revistarambla.com\\\/\"},{\"@type\":\"ListItem\",\"position\":2,\"name\":\"El fin de la moratoria de desahucios en Espa\u00f1a: riesgo de 13 000 expulsiones forzosas de sus hogares en Catalu\u00f1a\"}]},{\"@type\":\"WebSite\",\"@id\":\"https:\\\/\\\/www.revistarambla.com\\\/#website\",\"url\":\"https:\\\/\\\/www.revistarambla.com\\\/\",\"name\":\"Revista Rambla Barcelona\",\"description\":\"Periodismo independiente\",\"publisher\":{\"@id\":\"https:\\\/\\\/www.revistarambla.com\\\/#organization\"},\"potentialAction\":[{\"@type\":\"SearchAction\",\"target\":{\"@type\":\"EntryPoint\",\"urlTemplate\":\"https:\\\/\\\/www.revistarambla.com\\\/?s={search_term_string}\"},\"query-input\":{\"@type\":\"PropertyValueSpecification\",\"valueRequired\":true,\"valueName\":\"search_term_string\"}}],\"inLanguage\":\"en-GB\"},{\"@type\":\"Organization\",\"@id\":\"https:\\\/\\\/www.revistarambla.com\\\/#organization\",\"name\":\"Revista Rambla\",\"url\":\"https:\\\/\\\/www.revistarambla.com\\\/\",\"logo\":{\"@type\":\"ImageObject\",\"inLanguage\":\"en-GB\",\"@id\":\"https:\\\/\\\/www.revistarambla.com\\\/#\\\/schema\\\/logo\\\/image\\\/\",\"url\":\"https:\\\/\\\/www.revistarambla.com\\\/wp-content\\\/uploads\\\/2020\\\/09\\\/banner_rambla_1900x600_BB.png\",\"contentUrl\":\"https:\\\/\\\/www.revistarambla.com\\\/wp-content\\\/uploads\\\/2020\\\/09\\\/banner_rambla_1900x600_BB.png\",\"width\":1900,\"height\":600,\"caption\":\"Revista Rambla\"},\"image\":{\"@id\":\"https:\\\/\\\/www.revistarambla.com\\\/#\\\/schema\\\/logo\\\/image\\\/\"},\"sameAs\":[\"https:\\\/\\\/www.facebook.com\\\/revistarambla\\\/\",\"https:\\\/\\\/x.com\\\/revistarambla\",\"https:\\\/\\\/www.instagram.com\\\/revista_rambla\",\"https:\\\/\\\/es.linkedin.com\\\/company\\\/revista-rambla\"]},{\"@type\":\"Person\",\"@id\":\"https:\\\/\\\/www.revistarambla.com\\\/#\\\/schema\\\/person\\\/a146a5a2550b94981a75131180e1bd9c\",\"name\":\"R@mbla\",\"description\":\"Este art\u00edculo ha sido redactado y\\\/o validado por el equipo de redacci\u00f3n de Revista Rambla.\",\"sameAs\":[\"https:\\\/\\\/www.revistarambla.com\\\/\",\"https:\\\/\\\/www.facebook.com\\\/revistarambla\",\"https:\\\/\\\/x.com\\\/revistarambla\"]}]}<\/script>\n<!-- \/ Yoast SEO plugin. -->","yoast_head_json":{"title":"El fin de la moratoria de desahucios en Espa\u00f1a: riesgo de 13 000 expulsiones forzosas de sus hogares en Catalu\u00f1a - Revista Rambla","robots":{"index":"index","follow":"follow","max-snippet":"max-snippet:-1","max-image-preview":"max-image-preview:large","max-video-preview":"max-video-preview:-1"},"canonical":"https:\/\/www.revistarambla.com\/en\/el-fin-de-la-moratoria-de-desahucios-en-espana-riesgo-de-13-000-expulsiones-forzosas-de-sus-hogares-en-cataluna\/","og_locale":"en_GB","og_type":"article","og_title":"El fin de la moratoria de desahucios en Espa\u00f1a: riesgo de 13 000 expulsiones forzosas de sus hogares en Catalu\u00f1a - Revista Rambla","og_description":"La controvertida decisi\u00f3n del Congreso de los Diputados de no prorrogar la moratoria de desahucios que proteg\u00eda a familias vulnerables marca un antes y un despu\u00e9s","og_url":"https:\/\/www.revistarambla.com\/en\/el-fin-de-la-moratoria-de-desahucios-en-espana-riesgo-de-13-000-expulsiones-forzosas-de-sus-hogares-en-cataluna\/","og_site_name":"Revista Rambla","article_publisher":"https:\/\/www.facebook.com\/revistarambla\/","article_author":"https:\/\/www.facebook.com\/revistarambla","article_published_time":"2026-01-28T19:16:44+00:00","og_image":[{"width":1600,"height":900,"url":"https:\/\/www.revistarambla.com\/wp-content\/uploads\/2022\/06\/DESAHUCIO-BARCELONA-MOSSOS.jpg","type":"image\/jpeg"}],"author":"R@mbla","twitter_card":"summary_large_image","twitter_creator":"@revistarambla","twitter_site":"@revistarambla","twitter_misc":{"Written by":"R@mbla","Estimated reading time":"7 minutes"},"schema":{"@context":"https:\/\/schema.org","@graph":[{"@type":"Article","@id":"https:\/\/www.revistarambla.com\/el-fin-de-la-moratoria-de-desahucios-en-espana-riesgo-de-13-000-expulsiones-forzosas-de-sus-hogares-en-cataluna\/#article","isPartOf":{"@id":"https:\/\/www.revistarambla.com\/el-fin-de-la-moratoria-de-desahucios-en-espana-riesgo-de-13-000-expulsiones-forzosas-de-sus-hogares-en-cataluna\/"},"author":{"name":"R@mbla","@id":"https:\/\/www.revistarambla.com\/#\/schema\/person\/a146a5a2550b94981a75131180e1bd9c"},"headline":"El fin de la moratoria de desahucios en Espa\u00f1a: riesgo de 13 000 expulsiones forzosas de sus hogares en Catalu\u00f1a","datePublished":"2026-01-28T19:16:44+00:00","mainEntityOfPage":{"@id":"https:\/\/www.revistarambla.com\/el-fin-de-la-moratoria-de-desahucios-en-espana-riesgo-de-13-000-expulsiones-forzosas-de-sus-hogares-en-cataluna\/"},"wordCount":1457,"publisher":{"@id":"https:\/\/www.revistarambla.com\/#organization"},"image":{"@id":"https:\/\/www.revistarambla.com\/el-fin-de-la-moratoria-de-desahucios-en-espana-riesgo-de-13-000-expulsiones-forzosas-de-sus-hogares-en-cataluna\/#primaryimage"},"thumbnailUrl":"https:\/\/www.revistarambla.com\/wp-content\/uploads\/2022\/06\/DESAHUCIO-BARCELONA-MOSSOS.jpg","articleSection":["Catalunya"],"inLanguage":"en-GB"},{"@type":"WebPage","@id":"https:\/\/www.revistarambla.com\/el-fin-de-la-moratoria-de-desahucios-en-espana-riesgo-de-13-000-expulsiones-forzosas-de-sus-hogares-en-cataluna\/","url":"https:\/\/www.revistarambla.com\/el-fin-de-la-moratoria-de-desahucios-en-espana-riesgo-de-13-000-expulsiones-forzosas-de-sus-hogares-en-cataluna\/","name":"El fin de la moratoria de desahucios en Espa\u00f1a: riesgo de 13 000 expulsiones forzosas de sus hogares en Catalu\u00f1a - Revista Rambla","isPartOf":{"@id":"https:\/\/www.revistarambla.com\/#website"},"primaryImageOfPage":{"@id":"https:\/\/www.revistarambla.com\/el-fin-de-la-moratoria-de-desahucios-en-espana-riesgo-de-13-000-expulsiones-forzosas-de-sus-hogares-en-cataluna\/#primaryimage"},"image":{"@id":"https:\/\/www.revistarambla.com\/el-fin-de-la-moratoria-de-desahucios-en-espana-riesgo-de-13-000-expulsiones-forzosas-de-sus-hogares-en-cataluna\/#primaryimage"},"thumbnailUrl":"https:\/\/www.revistarambla.com\/wp-content\/uploads\/2022\/06\/DESAHUCIO-BARCELONA-MOSSOS.jpg","datePublished":"2026-01-28T19:16:44+00:00","breadcrumb":{"@id":"https:\/\/www.revistarambla.com\/el-fin-de-la-moratoria-de-desahucios-en-espana-riesgo-de-13-000-expulsiones-forzosas-de-sus-hogares-en-cataluna\/#breadcrumb"},"inLanguage":"en-GB","potentialAction":[{"@type":"ReadAction","target":["https:\/\/www.revistarambla.com\/el-fin-de-la-moratoria-de-desahucios-en-espana-riesgo-de-13-000-expulsiones-forzosas-de-sus-hogares-en-cataluna\/"]}]},{"@type":"ImageObject","inLanguage":"en-GB","@id":"https:\/\/www.revistarambla.com\/el-fin-de-la-moratoria-de-desahucios-en-espana-riesgo-de-13-000-expulsiones-forzosas-de-sus-hogares-en-cataluna\/#primaryimage","url":"https:\/\/www.revistarambla.com\/wp-content\/uploads\/2022\/06\/DESAHUCIO-BARCELONA-MOSSOS.jpg","contentUrl":"https:\/\/www.revistarambla.com\/wp-content\/uploads\/2022\/06\/DESAHUCIO-BARCELONA-MOSSOS.jpg","width":1600,"height":900,"caption":"13 000 familias en Catalu\u00f1a podr\u00edan perder su hogar"},{"@type":"BreadcrumbList","@id":"https:\/\/www.revistarambla.com\/el-fin-de-la-moratoria-de-desahucios-en-espana-riesgo-de-13-000-expulsiones-forzosas-de-sus-hogares-en-cataluna\/#breadcrumb","itemListElement":[{"@type":"ListItem","position":1,"name":"Portada","item":"https:\/\/www.revistarambla.com\/"},{"@type":"ListItem","position":2,"name":"El fin de la moratoria de desahucios en Espa\u00f1a: riesgo de 13 000 expulsiones forzosas de sus hogares en Catalu\u00f1a"}]},{"@type":"WebSite","@id":"https:\/\/www.revistarambla.com\/#website","url":"https:\/\/www.revistarambla.com\/","name":"Revista Rambla Barcelona","description":"Periodismo independiente","publisher":{"@id":"https:\/\/www.revistarambla.com\/#organization"},"potentialAction":[{"@type":"SearchAction","target":{"@type":"EntryPoint","urlTemplate":"https:\/\/www.revistarambla.com\/?s={search_term_string}"},"query-input":{"@type":"PropertyValueSpecification","valueRequired":true,"valueName":"search_term_string"}}],"inLanguage":"en-GB"},{"@type":"Organization","@id":"https:\/\/www.revistarambla.com\/#organization","name":"Revista Rambla","url":"https:\/\/www.revistarambla.com\/","logo":{"@type":"ImageObject","inLanguage":"en-GB","@id":"https:\/\/www.revistarambla.com\/#\/schema\/logo\/image\/","url":"https:\/\/www.revistarambla.com\/wp-content\/uploads\/2020\/09\/banner_rambla_1900x600_BB.png","contentUrl":"https:\/\/www.revistarambla.com\/wp-content\/uploads\/2020\/09\/banner_rambla_1900x600_BB.png","width":1900,"height":600,"caption":"Revista Rambla"},"image":{"@id":"https:\/\/www.revistarambla.com\/#\/schema\/logo\/image\/"},"sameAs":["https:\/\/www.facebook.com\/revistarambla\/","https:\/\/x.com\/revistarambla","https:\/\/www.instagram.com\/revista_rambla","https:\/\/es.linkedin.com\/company\/revista-rambla"]},{"@type":"Person","@id":"https:\/\/www.revistarambla.com\/#\/schema\/person\/a146a5a2550b94981a75131180e1bd9c","name":"R@mbla","description":"Este art\u00edculo ha sido redactado y\/o validado por el equipo de redacci\u00f3n de Revista Rambla.","sameAs":["https:\/\/www.revistarambla.com\/","https:\/\/www.facebook.com\/revistarambla","https:\/\/x.com\/revistarambla"]}]}},"_links":{"self":[{"href":"https:\/\/www.revistarambla.com\/en\/wp-json\/wp\/v2\/posts\/67692","targetHints":{"allow":["GET"]}}],"collection":[{"href":"https:\/\/www.revistarambla.com\/en\/wp-json\/wp\/v2\/posts"}],"about":[{"href":"https:\/\/www.revistarambla.com\/en\/wp-json\/wp\/v2\/types\/post"}],"author":[{"embeddable":true,"href":"https:\/\/www.revistarambla.com\/en\/wp-json\/wp\/v2\/users\/3"}],"replies":[{"embeddable":true,"href":"https:\/\/www.revistarambla.com\/en\/wp-json\/wp\/v2\/comments?post=67692"}],"version-history":[{"count":1,"href":"https:\/\/www.revistarambla.com\/en\/wp-json\/wp\/v2\/posts\/67692\/revisions"}],"predecessor-version":[{"id":67693,"href":"https:\/\/www.revistarambla.com\/en\/wp-json\/wp\/v2\/posts\/67692\/revisions\/67693"}],"wp:featuredmedia":[{"embeddable":true,"href":"https:\/\/www.revistarambla.com\/en\/wp-json\/wp\/v2\/media\/42767"}],"wp:attachment":[{"href":"https:\/\/www.revistarambla.com\/en\/wp-json\/wp\/v2\/media?parent=67692"}],"wp:term":[{"taxonomy":"category","embeddable":true,"href":"https:\/\/www.revistarambla.com\/en\/wp-json\/wp\/v2\/categories?post=67692"},{"taxonomy":"post_tag","embeddable":true,"href":"https:\/\/www.revistarambla.com\/en\/wp-json\/wp\/v2\/tags?post=67692"}],"curies":[{"name":"wp","href":"https:\/\/api.w.org\/{rel}","templated":true}]}}