{"id":67689,"date":"2026-01-28T20:11:36","date_gmt":"2026-01-28T19:11:36","guid":{"rendered":"https:\/\/www.revistarambla.com\/?p=67689"},"modified":"2026-01-28T20:11:36","modified_gmt":"2026-01-28T19:11:36","slug":"un-gigante-prehistorico-que-redefine-la-historia-de-la-vida-en-la-tierra","status":"publish","type":"post","link":"https:\/\/www.revistarambla.com\/en\/un-gigante-prehistorico-que-redefine-la-historia-de-la-vida-en-la-tierra\/","title":{"rendered":"Un Gigante Prehist\u00f3rico que Redefine la Historia de la Vida en la Tierra"},"content":{"rendered":"<p>Durante m\u00e1s de 160 a\u00f1os, uno de los mayores misterios de la paleontolog\u00eda ha sido la naturaleza de <em>Prototaxites<\/em>, un organismo f\u00f3sil gigantesco<!--more--> que vivi\u00f3 hace aproximadamente <strong>420\u2013370 millones de a\u00f1os<\/strong> en un mundo muy distinto al que hoy conocemos. Recientes investigaciones han permitido por fin descifrar su identidad: no fue un hongo, ni una planta, ni un animal, sino un <strong>linaje eucariota completamente extinguido<\/strong>, desconocido en los reinos actuales de la vida. Este hallazgo revoluciona nuestra comprensi\u00f3n de la evoluci\u00f3n y de c\u00f3mo la vida coloniz\u00f3 la tierra firme.<\/p>\n<h2>Historia de un Enigma Cient\u00edfico<\/h2>\n<p>Los f\u00f3siles de <em>Prototaxites<\/em> se descubrieron por primera vez en el siglo XIX en dep\u00f3sitos rocosos del Dev\u00f3nico y el Sil\u00farico. Desde entonces, los paleont\u00f3logos los hab\u00edan descrito como <strong>estructuras cil\u00edndricas verticales<\/strong>, sin hojas, ramas ni ra\u00edces claras, que se alzaban directamente desde el suelo como columnas naturales gigantescas.<\/p>\n<p>Durante d\u00e9cadas, estas formas gigantescas plantearon m\u00e1s preguntas que respuestas. \u00bfEran \u00e1rboles primitivos? \u00bfAlgas gigantes? \u00bfL\u00edquenes monumentalmente grandes? \u00bfHongos descomunales? Cada hip\u00f3tesis ten\u00eda fallos, especialmente cuando se comparaba con el registro f\u00f3sil m\u00e1s detallado o con an\u00e1lisis qu\u00edmicos.<\/p>\n<h2>El Nuevo Estudio: Ciencia Avanzada para un Viejo Problema<\/h2>\n<p>La clave para resolver este antiguo rompecabezas vino con un <strong>anat\u00f3mico, qu\u00edmico y microsc\u00f3pico an\u00e1lisis de un ejemplar excepcionalmente bien conservado<\/strong> de <em>Prototaxites taiti<\/em> recuperado en el famoso yacimiento de Rhynie, en Escocia \u2014un sitio paleontol\u00f3gico de renombre por su conservaci\u00f3n tridimensional de organismos del Dev\u00f3nico temprano.<\/p>\n<p>Utilizando t\u00e9cnicas modernas como espectroscop\u00eda infrarroja y modelos estad\u00edsticos de clasificaci\u00f3n, los investigadores compararon la composici\u00f3n molecular de <em>Prototaxites<\/em> con la de hongos, plantas, artr\u00f3podos y otros organismos f\u00f3siles. La conclusi\u00f3n fue contundente: <strong>no existe evidencia molecular que respalde una afinidad f\u00fangica o vegetal<\/strong>. Por ejemplo, <em>Prototaxites<\/em> carece de compuestos asociados con la quitina, un componente esencial de las paredes celulares de los hongos actuales.<\/p>\n<h2>Un Linaje Eucariota Desconocido<\/h2>\n<p>La interpretaci\u00f3n m\u00e1s s\u00f3lida, seg\u00fan los investigadores, es que <em>Prototaxites<\/em> form\u00f3 parte de un <strong>linaje eucariota multicelular complejo completamente extinguido<\/strong>. Esto significa que \u2014aunque estaba compuesto por c\u00e9lulas eucariotas (con n\u00facleo)\u2014 no se puede encajar con seguridad dentro de ninguno de los grandes grupos de organismos actuales: plantas, hongos, animales, o algas. (<a title=\"Identifican una forma de vida extinta de hasta ocho metros que domin\u00f3 la Tierra hace 400 millones de a\u00f1os - Libertad Digital\" href=\"https:\/\/www.libertaddigital.com\/ciencia-tecnologia\/ciencia\/2026-01-28\/identifican-una-forma-de-vida-extinta-de-hasta-ocho-metros-que-domino-la-tierra-hace-400-millones-de-anos-7349328\/\">Libertad Digital<\/a>)<\/p>\n<p>La evidencia sugiere que estas gigantescas columnas estaban hechas de <strong>una compleja red de tubos interconectados y tejidos internos \u00fanicos<\/strong>, sin estructuras reproductivas claramente identificables, sin adaptaciones conocidas a la fotos\u00edntesis y sin asociaci\u00f3n simbi\u00f3tica con microbios fotosint\u00e9ticos, como ocurre en los l\u00edquenes. (<a title=\"Identifican una forma de vida extinta de hasta ocho metros que domin\u00f3 la Tierra hace 400 millones de a\u00f1os - Libertad Digital\" href=\"https:\/\/www.libertaddigital.com\/ciencia-tecnologia\/ciencia\/2026-01-28\/identifican-una-forma-de-vida-extinta-de-hasta-ocho-metros-que-domino-la-tierra-hace-400-millones-de-anos-7349328\/\">Libertad Digital<\/a>)<\/p>\n<h2>Un Gigante de Antes de los Bosques<\/h2>\n<p>Durante el tiempo en que <em>Prototaxites<\/em> prosper\u00f3 \u2014entre los per\u00edodos Sil\u00farico y Dev\u00f3nico temprano\u2014 las plantas terrestres eran peque\u00f1as y bajas, mayoritariamente <strong>hierbas y matorrales diminutos<\/strong> de apenas unos cent\u00edmetros de altura. En ese mundo primitivo de aguas poco profundas, charcos y suelos incipientes, <em>Prototaxites<\/em> <strong>pod\u00eda alcanzar hasta 8 metros de altura y 1 metro de ancho<\/strong>.<\/p>\n<p>Esto lo convierte no solo en el <strong>organismo terrestre m\u00e1s grande de su \u00e9poca<\/strong>, sino en un actor ecol\u00f3gico dominante mucho antes de que evolucionaran los primeros \u00e1rboles verdaderos.<\/p>\n<h2>\u00bfQu\u00e9 Tipo de Vida Era <em>Prototaxites<\/em>?<\/h2>\n<p>Aunque no se clasifica claramente dentro de los reinos actuales, s\u00ed se sabe lo siguiente gracias al registro f\u00f3sil:<\/p>\n<ul>\n<li><strong>Estructura compleja:<\/strong> Pose\u00eda una red de tubos internos interconectados, distintos de las estructuras celulares habituales en hongos y plantas.<\/li>\n<li><strong>Sin adaptaciones fotosint\u00e9ticas claras:<\/strong> No hay evidencia de hojas, clorofila o partes fotosint\u00e9ticas visibles.<\/li>\n<li><strong>No fue un hongo t\u00edpico:<\/strong> Carece de quitina y de otros biomarcadores caracter\u00edsticos de hongos.<\/li>\n<li><strong>No parec\u00eda dependiente de asociaciones con algas:<\/strong> Es decir, no era un l\u00edquen simbi\u00f3tico.<\/li>\n<\/ul>\n<p>Esto ha llevado a los cient\u00edficos a sugerir que <em>Prototaxites<\/em> podr\u00eda haber usado mecanismos de nutrici\u00f3n distintos a los de plantas y hongos conocidos, tal vez basados en <strong>absorci\u00f3n de materia org\u00e1nica del suelo o de la humedad ambiental<\/strong>, aunque a\u00fan esto es motivo de debate.<\/p>\n<h2>\u00bfPor Qu\u00e9 fue Tan Grande?<\/h2>\n<p>Una de las grandes preguntas es por qu\u00e9 un organismo as\u00ed alcanz\u00f3 <strong>tama\u00f1os tan gigantescos<\/strong> en un mundo donde casi ninguna otra planta terrestre superaba unos pocos cent\u00edmetros. Parte de la respuesta puede estar en su <strong>arquitectura interna y composici\u00f3n qu\u00edmica<\/strong>, que probablemente le permiti\u00f3 soportar estructuras verticales masivas y acceder a recursos en la superficie terrestre antes de que evolucionaran ra\u00edces profundas u otras adaptaciones vegetales complejas.<\/p>\n<p>Adem\u00e1s, el dominio que ejerc\u00eda sobre el paisaje sugiere que cumpl\u00eda una funci\u00f3n ecol\u00f3gica importante, quiz\u00e1 similar a la de las plantas o los hongos en los ecosistemas actuales, aunque de una forma completamente distinta.<\/p>\n<h2>Implicaciones para la Historia de la Vida<\/h2>\n<p>El reconocimiento de <em>Prototaxites<\/em> como un <strong>linaje extinto completo<\/strong> tiene implicaciones profundas para la biolog\u00eda evolutiva:<\/p>\n<ol>\n<li><strong>Reescribe c\u00f3mo entendemos la colonizaci\u00f3n terrestre:<\/strong> Los primeros ecosistemas terrestres fueron m\u00e1s diversos filogen\u00e9ticamente de lo que se pensaba.<\/li>\n<li><strong>Sugiere que hubo experimentos evolutivos fallidos:<\/strong> Organismos complejos que surgieron y desaparecieron sin dejar descendientes directos.<\/li>\n<li><strong>Ampl\u00eda nuestra concepci\u00f3n de la eucariog\u00e9nesis:<\/strong> Es decir, c\u00f3mo se organizaron las c\u00e9lulas complejas multicelulares en formas de vida muy distintas a las plantas, animales o hongos que vemos hoy.<\/li>\n<\/ol>\n<p>Este descubrimiento pone de manifiesto que la vida en la Tierra ha experimentado <strong>muchas m\u00e1s rutas evolutivas de las que el registro f\u00f3sil cl\u00e1sico \u2014solo centrado en animales y plantas dominantes\u2014 hab\u00eda sugerido hasta ahora.\u00a0<\/strong><\/p>\n<h2>Un Ecosistema Preforestal Dominado por Extra\u00f1os<\/h2>\n<p>Antes de que los grandes \u00e1rboles evolucionaran y se diversificaran, <strong>el paisaje terrestre estaba poblado por musgos, peque\u00f1as plantas vasculares y cientos de especies diminutas<\/strong>. En ese contexto, <em>Prototaxites<\/em> no solo sobresal\u00eda por su tama\u00f1o, sino que actuaba como una de las formas de vida m\u00e1s visibles del planeta.<\/p>\n<p>La presencia de estos gigantes sugiere que <strong>los sistemas ecol\u00f3gicos terrestres tempranos eran complejos y estaban estructurados de formas que apenas comenzamos a comprender<\/strong>, con nichos ecol\u00f3gicos ocupados por organismos que no tienen equivalente entre los grupos vivos actuales.<\/p>\n<h2>\u00bfQu\u00e9 Nos Dice Esto Sobre la Evoluci\u00f3n?<\/h2>\n<p>El caso de <em>Prototaxites<\/em> sirve como recordatorio de que <strong>la evoluci\u00f3n no sigue una l\u00ednea recta hacia caracter\u00edsticas modernas<\/strong>. Organismos exitosos en su tiempo pueden desaparecer por completo sin dejar parientes cercanos. Esto es similar a otros ejemplos en paleontolog\u00eda donde linajes enteros \u2014como ciertos grupos marinos antiguos o formas de vida \u00fanicas del C\u00e1mbrico\u2014 <strong>fueron experimentos evolutivos que no persistieron hasta hoy<\/strong>.<\/p>\n<h2>\u00bfQu\u00e9 Faltar\u00eda por Saber?<\/h2>\n<p>A pesar de estos avances, <strong>a\u00fan quedan preguntas abiertas<\/strong>:<\/p>\n<ul>\n<li>\u00bfC\u00f3mo se nutr\u00eda exactamente <em>Prototaxites<\/em>?<\/li>\n<li>\u00bfQu\u00e9 ventajas evolutivas le dieron su enorme tama\u00f1o?<\/li>\n<li>\u00bfExistieron otros organismos tan diferentes y a\u00fan no identificados?<\/li>\n<\/ul>\n<p>Responder estas preguntas requerir\u00e1 m\u00e1s f\u00f3siles bien preservados y nuevas t\u00e9cnicas anal\u00edticas, incluyendo an\u00e1lisis moleculares avanzados y reconstrucci\u00f3n 3D de estructuras internas.<\/p>\n<h2>Conclusi\u00f3n: Un Cap\u00edtulo Nuevo en la Historia de la Vida<\/h2>\n<p>El descubrimiento de <em>Prototaxites<\/em> como un <strong>linaje eucariota extinguido y desconocido hasta ahora<\/strong> no es solo una curiosidad paleontol\u00f3gica. Es un hito que nos recuerda que la evoluci\u00f3n de la vida en la Tierra es m\u00e1s rica y diversa de lo que cualquier clasificaci\u00f3n simplista puede captar. Estos gigantes preforestales nos muestran que la colonizaci\u00f3n terrestre fue un proceso din\u00e1mico, lleno de experimentos evolutivos fascinantes, muchos de los cuales ya no tienen representantes vivientes.<\/p>\n<p>La ciencia contin\u00faa explorando este cap\u00edtulo remoto de la vida, y con cada nuevo avance estamos m\u00e1s cerca de comprender no solo <em>qui\u00e9nes fueron estos gigantes<\/em>, sino <strong>qu\u00e9 pudo llevar a la vida a surgir y diversificarse en formas tan extravagantes<\/strong> en nuestro planeta.<\/p>","protected":false},"excerpt":{"rendered":"<p>Durante m\u00e1s de 160 a\u00f1os, uno de los mayores misterios de la paleontolog\u00eda ha sido la naturaleza de Prototaxites, un organismo f\u00f3sil gigantesco<\/p>","protected":false},"author":3,"featured_media":67690,"comment_status":"closed","ping_status":"closed","sticky":false,"template":"","format":"standard","meta":{"footnotes":""},"categories":[4099],"tags":[],"class_list":["post-67689","post","type-post","status-publish","format-standard","has-post-thumbnail","hentry","category-otras-miradas"],"yoast_head":"<!-- This site is optimized with the Yoast SEO plugin v27.5 - https:\/\/yoast.com\/product\/yoast-seo-wordpress\/ -->\n<title>Un Gigante Prehist\u00f3rico que Redefine la Historia de la Vida en la Tierra - Revista Rambla<\/title>\n<meta name=\"robots\" content=\"index, follow, max-snippet:-1, max-image-preview:large, max-video-preview:-1\" \/>\n<link rel=\"canonical\" href=\"https:\/\/www.revistarambla.com\/en\/un-gigante-prehistorico-que-redefine-la-historia-de-la-vida-en-la-tierra\/\" \/>\n<meta property=\"og:locale\" content=\"en_GB\" \/>\n<meta property=\"og:type\" content=\"article\" \/>\n<meta property=\"og:title\" content=\"Un Gigante Prehist\u00f3rico que Redefine la Historia de la Vida en la Tierra - Revista Rambla\" \/>\n<meta property=\"og:description\" content=\"Durante m\u00e1s de 160 a\u00f1os, uno de los mayores misterios de la paleontolog\u00eda ha sido la naturaleza de Prototaxites, un organismo f\u00f3sil gigantesco\" \/>\n<meta property=\"og:url\" content=\"https:\/\/www.revistarambla.com\/en\/un-gigante-prehistorico-que-redefine-la-historia-de-la-vida-en-la-tierra\/\" \/>\n<meta property=\"og:site_name\" content=\"Revista Rambla\" \/>\n<meta property=\"article:publisher\" content=\"https:\/\/www.facebook.com\/revistarambla\/\" \/>\n<meta property=\"article:author\" content=\"https:\/\/www.facebook.com\/revistarambla\" \/>\n<meta property=\"article:published_time\" content=\"2026-01-28T19:11:36+00:00\" \/>\n<meta property=\"og:image\" content=\"https:\/\/www.revistarambla.com\/wp-content\/uploads\/2026\/01\/foto-noticia-2.jpg\" \/>\n\t<meta property=\"og:image:width\" content=\"1920\" \/>\n\t<meta property=\"og:image:height\" content=\"1080\" \/>\n\t<meta property=\"og:image:type\" content=\"image\/jpeg\" \/>\n<meta name=\"author\" content=\"R@mbla\" \/>\n<meta name=\"twitter:card\" content=\"summary_large_image\" \/>\n<meta name=\"twitter:creator\" content=\"@revistarambla\" \/>\n<meta name=\"twitter:site\" content=\"@revistarambla\" \/>\n<meta name=\"twitter:label1\" content=\"Written by\" \/>\n\t<meta name=\"twitter:data1\" content=\"R@mbla\" \/>\n\t<meta name=\"twitter:label2\" content=\"Estimated reading time\" \/>\n\t<meta name=\"twitter:data2\" content=\"6 minutes\" \/>\n<script type=\"application\/ld+json\" class=\"yoast-schema-graph\">{\"@context\":\"https:\\\/\\\/schema.org\",\"@graph\":[{\"@type\":\"Article\",\"@id\":\"https:\\\/\\\/www.revistarambla.com\\\/un-gigante-prehistorico-que-redefine-la-historia-de-la-vida-en-la-tierra\\\/#article\",\"isPartOf\":{\"@id\":\"https:\\\/\\\/www.revistarambla.com\\\/un-gigante-prehistorico-que-redefine-la-historia-de-la-vida-en-la-tierra\\\/\"},\"author\":{\"name\":\"R@mbla\",\"@id\":\"https:\\\/\\\/www.revistarambla.com\\\/#\\\/schema\\\/person\\\/a146a5a2550b94981a75131180e1bd9c\"},\"headline\":\"Un Gigante Prehist\u00f3rico que Redefine la Historia de la Vida en la Tierra\",\"datePublished\":\"2026-01-28T19:11:36+00:00\",\"mainEntityOfPage\":{\"@id\":\"https:\\\/\\\/www.revistarambla.com\\\/un-gigante-prehistorico-que-redefine-la-historia-de-la-vida-en-la-tierra\\\/\"},\"wordCount\":1359,\"publisher\":{\"@id\":\"https:\\\/\\\/www.revistarambla.com\\\/#organization\"},\"image\":{\"@id\":\"https:\\\/\\\/www.revistarambla.com\\\/un-gigante-prehistorico-que-redefine-la-historia-de-la-vida-en-la-tierra\\\/#primaryimage\"},\"thumbnailUrl\":\"https:\\\/\\\/www.revistarambla.com\\\/wp-content\\\/uploads\\\/2026\\\/01\\\/foto-noticia-2.jpg\",\"articleSection\":[\"Otras Miradas\"],\"inLanguage\":\"en-GB\"},{\"@type\":\"WebPage\",\"@id\":\"https:\\\/\\\/www.revistarambla.com\\\/un-gigante-prehistorico-que-redefine-la-historia-de-la-vida-en-la-tierra\\\/\",\"url\":\"https:\\\/\\\/www.revistarambla.com\\\/un-gigante-prehistorico-que-redefine-la-historia-de-la-vida-en-la-tierra\\\/\",\"name\":\"Un Gigante Prehist\u00f3rico que Redefine la Historia de la Vida en la Tierra - Revista Rambla\",\"isPartOf\":{\"@id\":\"https:\\\/\\\/www.revistarambla.com\\\/#website\"},\"primaryImageOfPage\":{\"@id\":\"https:\\\/\\\/www.revistarambla.com\\\/un-gigante-prehistorico-que-redefine-la-historia-de-la-vida-en-la-tierra\\\/#primaryimage\"},\"image\":{\"@id\":\"https:\\\/\\\/www.revistarambla.com\\\/un-gigante-prehistorico-que-redefine-la-historia-de-la-vida-en-la-tierra\\\/#primaryimage\"},\"thumbnailUrl\":\"https:\\\/\\\/www.revistarambla.com\\\/wp-content\\\/uploads\\\/2026\\\/01\\\/foto-noticia-2.jpg\",\"datePublished\":\"2026-01-28T19:11:36+00:00\",\"breadcrumb\":{\"@id\":\"https:\\\/\\\/www.revistarambla.com\\\/un-gigante-prehistorico-que-redefine-la-historia-de-la-vida-en-la-tierra\\\/#breadcrumb\"},\"inLanguage\":\"en-GB\",\"potentialAction\":[{\"@type\":\"ReadAction\",\"target\":[\"https:\\\/\\\/www.revistarambla.com\\\/un-gigante-prehistorico-que-redefine-la-historia-de-la-vida-en-la-tierra\\\/\"]}]},{\"@type\":\"ImageObject\",\"inLanguage\":\"en-GB\",\"@id\":\"https:\\\/\\\/www.revistarambla.com\\\/un-gigante-prehistorico-que-redefine-la-historia-de-la-vida-en-la-tierra\\\/#primaryimage\",\"url\":\"https:\\\/\\\/www.revistarambla.com\\\/wp-content\\\/uploads\\\/2026\\\/01\\\/foto-noticia-2.jpg\",\"contentUrl\":\"https:\\\/\\\/www.revistarambla.com\\\/wp-content\\\/uploads\\\/2026\\\/01\\\/foto-noticia-2.jpg\",\"width\":1920,\"height\":1080,\"caption\":\"Prototaxites\"},{\"@type\":\"BreadcrumbList\",\"@id\":\"https:\\\/\\\/www.revistarambla.com\\\/un-gigante-prehistorico-que-redefine-la-historia-de-la-vida-en-la-tierra\\\/#breadcrumb\",\"itemListElement\":[{\"@type\":\"ListItem\",\"position\":1,\"name\":\"Portada\",\"item\":\"https:\\\/\\\/www.revistarambla.com\\\/\"},{\"@type\":\"ListItem\",\"position\":2,\"name\":\"Un Gigante Prehist\u00f3rico que Redefine la Historia de la Vida en la Tierra\"}]},{\"@type\":\"WebSite\",\"@id\":\"https:\\\/\\\/www.revistarambla.com\\\/#website\",\"url\":\"https:\\\/\\\/www.revistarambla.com\\\/\",\"name\":\"Revista Rambla Barcelona\",\"description\":\"Periodismo independiente\",\"publisher\":{\"@id\":\"https:\\\/\\\/www.revistarambla.com\\\/#organization\"},\"potentialAction\":[{\"@type\":\"SearchAction\",\"target\":{\"@type\":\"EntryPoint\",\"urlTemplate\":\"https:\\\/\\\/www.revistarambla.com\\\/?s={search_term_string}\"},\"query-input\":{\"@type\":\"PropertyValueSpecification\",\"valueRequired\":true,\"valueName\":\"search_term_string\"}}],\"inLanguage\":\"en-GB\"},{\"@type\":\"Organization\",\"@id\":\"https:\\\/\\\/www.revistarambla.com\\\/#organization\",\"name\":\"Revista Rambla\",\"url\":\"https:\\\/\\\/www.revistarambla.com\\\/\",\"logo\":{\"@type\":\"ImageObject\",\"inLanguage\":\"en-GB\",\"@id\":\"https:\\\/\\\/www.revistarambla.com\\\/#\\\/schema\\\/logo\\\/image\\\/\",\"url\":\"https:\\\/\\\/www.revistarambla.com\\\/wp-content\\\/uploads\\\/2020\\\/09\\\/banner_rambla_1900x600_BB.png\",\"contentUrl\":\"https:\\\/\\\/www.revistarambla.com\\\/wp-content\\\/uploads\\\/2020\\\/09\\\/banner_rambla_1900x600_BB.png\",\"width\":1900,\"height\":600,\"caption\":\"Revista Rambla\"},\"image\":{\"@id\":\"https:\\\/\\\/www.revistarambla.com\\\/#\\\/schema\\\/logo\\\/image\\\/\"},\"sameAs\":[\"https:\\\/\\\/www.facebook.com\\\/revistarambla\\\/\",\"https:\\\/\\\/x.com\\\/revistarambla\",\"https:\\\/\\\/www.instagram.com\\\/revista_rambla\",\"https:\\\/\\\/es.linkedin.com\\\/company\\\/revista-rambla\"]},{\"@type\":\"Person\",\"@id\":\"https:\\\/\\\/www.revistarambla.com\\\/#\\\/schema\\\/person\\\/a146a5a2550b94981a75131180e1bd9c\",\"name\":\"R@mbla\",\"description\":\"Este art\u00edculo ha sido redactado y\\\/o validado por el equipo de redacci\u00f3n de Revista Rambla.\",\"sameAs\":[\"https:\\\/\\\/www.revistarambla.com\\\/\",\"https:\\\/\\\/www.facebook.com\\\/revistarambla\",\"https:\\\/\\\/x.com\\\/revistarambla\"]}]}<\/script>\n<!-- \/ Yoast SEO plugin. -->","yoast_head_json":{"title":"Un Gigante Prehist\u00f3rico que Redefine la Historia de la Vida en la Tierra - Revista Rambla","robots":{"index":"index","follow":"follow","max-snippet":"max-snippet:-1","max-image-preview":"max-image-preview:large","max-video-preview":"max-video-preview:-1"},"canonical":"https:\/\/www.revistarambla.com\/en\/un-gigante-prehistorico-que-redefine-la-historia-de-la-vida-en-la-tierra\/","og_locale":"en_GB","og_type":"article","og_title":"Un Gigante Prehist\u00f3rico que Redefine la Historia de la Vida en la Tierra - Revista Rambla","og_description":"Durante m\u00e1s de 160 a\u00f1os, uno de los mayores misterios de la paleontolog\u00eda ha sido la naturaleza de Prototaxites, un organismo f\u00f3sil gigantesco","og_url":"https:\/\/www.revistarambla.com\/en\/un-gigante-prehistorico-que-redefine-la-historia-de-la-vida-en-la-tierra\/","og_site_name":"Revista Rambla","article_publisher":"https:\/\/www.facebook.com\/revistarambla\/","article_author":"https:\/\/www.facebook.com\/revistarambla","article_published_time":"2026-01-28T19:11:36+00:00","og_image":[{"width":1920,"height":1080,"url":"https:\/\/www.revistarambla.com\/wp-content\/uploads\/2026\/01\/foto-noticia-2.jpg","type":"image\/jpeg"}],"author":"R@mbla","twitter_card":"summary_large_image","twitter_creator":"@revistarambla","twitter_site":"@revistarambla","twitter_misc":{"Written by":"R@mbla","Estimated reading time":"6 minutes"},"schema":{"@context":"https:\/\/schema.org","@graph":[{"@type":"Article","@id":"https:\/\/www.revistarambla.com\/un-gigante-prehistorico-que-redefine-la-historia-de-la-vida-en-la-tierra\/#article","isPartOf":{"@id":"https:\/\/www.revistarambla.com\/un-gigante-prehistorico-que-redefine-la-historia-de-la-vida-en-la-tierra\/"},"author":{"name":"R@mbla","@id":"https:\/\/www.revistarambla.com\/#\/schema\/person\/a146a5a2550b94981a75131180e1bd9c"},"headline":"Un Gigante Prehist\u00f3rico que Redefine la Historia de la Vida en la Tierra","datePublished":"2026-01-28T19:11:36+00:00","mainEntityOfPage":{"@id":"https:\/\/www.revistarambla.com\/un-gigante-prehistorico-que-redefine-la-historia-de-la-vida-en-la-tierra\/"},"wordCount":1359,"publisher":{"@id":"https:\/\/www.revistarambla.com\/#organization"},"image":{"@id":"https:\/\/www.revistarambla.com\/un-gigante-prehistorico-que-redefine-la-historia-de-la-vida-en-la-tierra\/#primaryimage"},"thumbnailUrl":"https:\/\/www.revistarambla.com\/wp-content\/uploads\/2026\/01\/foto-noticia-2.jpg","articleSection":["Otras Miradas"],"inLanguage":"en-GB"},{"@type":"WebPage","@id":"https:\/\/www.revistarambla.com\/un-gigante-prehistorico-que-redefine-la-historia-de-la-vida-en-la-tierra\/","url":"https:\/\/www.revistarambla.com\/un-gigante-prehistorico-que-redefine-la-historia-de-la-vida-en-la-tierra\/","name":"Un Gigante Prehist\u00f3rico que Redefine la Historia de la Vida en la Tierra - Revista Rambla","isPartOf":{"@id":"https:\/\/www.revistarambla.com\/#website"},"primaryImageOfPage":{"@id":"https:\/\/www.revistarambla.com\/un-gigante-prehistorico-que-redefine-la-historia-de-la-vida-en-la-tierra\/#primaryimage"},"image":{"@id":"https:\/\/www.revistarambla.com\/un-gigante-prehistorico-que-redefine-la-historia-de-la-vida-en-la-tierra\/#primaryimage"},"thumbnailUrl":"https:\/\/www.revistarambla.com\/wp-content\/uploads\/2026\/01\/foto-noticia-2.jpg","datePublished":"2026-01-28T19:11:36+00:00","breadcrumb":{"@id":"https:\/\/www.revistarambla.com\/un-gigante-prehistorico-que-redefine-la-historia-de-la-vida-en-la-tierra\/#breadcrumb"},"inLanguage":"en-GB","potentialAction":[{"@type":"ReadAction","target":["https:\/\/www.revistarambla.com\/un-gigante-prehistorico-que-redefine-la-historia-de-la-vida-en-la-tierra\/"]}]},{"@type":"ImageObject","inLanguage":"en-GB","@id":"https:\/\/www.revistarambla.com\/un-gigante-prehistorico-que-redefine-la-historia-de-la-vida-en-la-tierra\/#primaryimage","url":"https:\/\/www.revistarambla.com\/wp-content\/uploads\/2026\/01\/foto-noticia-2.jpg","contentUrl":"https:\/\/www.revistarambla.com\/wp-content\/uploads\/2026\/01\/foto-noticia-2.jpg","width":1920,"height":1080,"caption":"Prototaxites"},{"@type":"BreadcrumbList","@id":"https:\/\/www.revistarambla.com\/un-gigante-prehistorico-que-redefine-la-historia-de-la-vida-en-la-tierra\/#breadcrumb","itemListElement":[{"@type":"ListItem","position":1,"name":"Portada","item":"https:\/\/www.revistarambla.com\/"},{"@type":"ListItem","position":2,"name":"Un Gigante Prehist\u00f3rico que Redefine la Historia de la Vida en la Tierra"}]},{"@type":"WebSite","@id":"https:\/\/www.revistarambla.com\/#website","url":"https:\/\/www.revistarambla.com\/","name":"Revista Rambla Barcelona","description":"Periodismo independiente","publisher":{"@id":"https:\/\/www.revistarambla.com\/#organization"},"potentialAction":[{"@type":"SearchAction","target":{"@type":"EntryPoint","urlTemplate":"https:\/\/www.revistarambla.com\/?s={search_term_string}"},"query-input":{"@type":"PropertyValueSpecification","valueRequired":true,"valueName":"search_term_string"}}],"inLanguage":"en-GB"},{"@type":"Organization","@id":"https:\/\/www.revistarambla.com\/#organization","name":"Revista Rambla","url":"https:\/\/www.revistarambla.com\/","logo":{"@type":"ImageObject","inLanguage":"en-GB","@id":"https:\/\/www.revistarambla.com\/#\/schema\/logo\/image\/","url":"https:\/\/www.revistarambla.com\/wp-content\/uploads\/2020\/09\/banner_rambla_1900x600_BB.png","contentUrl":"https:\/\/www.revistarambla.com\/wp-content\/uploads\/2020\/09\/banner_rambla_1900x600_BB.png","width":1900,"height":600,"caption":"Revista Rambla"},"image":{"@id":"https:\/\/www.revistarambla.com\/#\/schema\/logo\/image\/"},"sameAs":["https:\/\/www.facebook.com\/revistarambla\/","https:\/\/x.com\/revistarambla","https:\/\/www.instagram.com\/revista_rambla","https:\/\/es.linkedin.com\/company\/revista-rambla"]},{"@type":"Person","@id":"https:\/\/www.revistarambla.com\/#\/schema\/person\/a146a5a2550b94981a75131180e1bd9c","name":"R@mbla","description":"Este art\u00edculo ha sido redactado y\/o validado por el equipo de redacci\u00f3n de Revista Rambla.","sameAs":["https:\/\/www.revistarambla.com\/","https:\/\/www.facebook.com\/revistarambla","https:\/\/x.com\/revistarambla"]}]}},"_links":{"self":[{"href":"https:\/\/www.revistarambla.com\/en\/wp-json\/wp\/v2\/posts\/67689","targetHints":{"allow":["GET"]}}],"collection":[{"href":"https:\/\/www.revistarambla.com\/en\/wp-json\/wp\/v2\/posts"}],"about":[{"href":"https:\/\/www.revistarambla.com\/en\/wp-json\/wp\/v2\/types\/post"}],"author":[{"embeddable":true,"href":"https:\/\/www.revistarambla.com\/en\/wp-json\/wp\/v2\/users\/3"}],"replies":[{"embeddable":true,"href":"https:\/\/www.revistarambla.com\/en\/wp-json\/wp\/v2\/comments?post=67689"}],"version-history":[{"count":1,"href":"https:\/\/www.revistarambla.com\/en\/wp-json\/wp\/v2\/posts\/67689\/revisions"}],"predecessor-version":[{"id":67691,"href":"https:\/\/www.revistarambla.com\/en\/wp-json\/wp\/v2\/posts\/67689\/revisions\/67691"}],"wp:featuredmedia":[{"embeddable":true,"href":"https:\/\/www.revistarambla.com\/en\/wp-json\/wp\/v2\/media\/67690"}],"wp:attachment":[{"href":"https:\/\/www.revistarambla.com\/en\/wp-json\/wp\/v2\/media?parent=67689"}],"wp:term":[{"taxonomy":"category","embeddable":true,"href":"https:\/\/www.revistarambla.com\/en\/wp-json\/wp\/v2\/categories?post=67689"},{"taxonomy":"post_tag","embeddable":true,"href":"https:\/\/www.revistarambla.com\/en\/wp-json\/wp\/v2\/tags?post=67689"}],"curies":[{"name":"wp","href":"https:\/\/api.w.org\/{rel}","templated":true}]}}