{"id":67686,"date":"2026-01-28T19:58:16","date_gmt":"2026-01-28T18:58:16","guid":{"rendered":"https:\/\/www.revistarambla.com\/?p=67686"},"modified":"2026-01-29T12:29:20","modified_gmt":"2026-01-29T11:29:20","slug":"la-energia-nuclear-el-pilar-maldito-que-evita-otro-colapso-del-sistema-electrico-espanol","status":"publish","type":"post","link":"https:\/\/www.revistarambla.com\/en\/la-energia-nuclear-el-pilar-maldito-que-evita-otro-colapso-del-sistema-electrico-espanol\/","title":{"rendered":"La energ\u00eda nuclear, el pilar maldito que evita otro colapso del sistema el\u00e9ctrico espa\u00f1ol"},"content":{"rendered":"<p>El mi\u00e9rcoles 28 de enero de 2026 pasar\u00e1 a la historia energ\u00e9tica de Espa\u00f1a como un d\u00eda de tensi\u00f3n inesperada en el sistema el\u00e9ctrico nacional. En las primeras horas de la ma\u00f1ana, <strong>Red El\u00e9ctrica de Espa\u00f1a (REE)<\/strong> se vio obligada a activar el <strong>Servicio de Respuesta Activa de la Demanda (SRAD)<\/strong> \u2014un mecanismo excepcional de emergencia\u2014 para evitar un desajuste grave entre generaci\u00f3n y consumo. La medida implic\u00f3 <strong>recortes temporales de consumo industrial<\/strong> durante alrededor de dos horas, interrumpiendo la actividad de sectores productivos para asegurar el suministro al resto del pa\u00eds.<\/p>\n<p>Este suceso pone de manifiesto, una vez m\u00e1s, la compleja transici\u00f3n energ\u00e9tica que vive Espa\u00f1a. No se trata \u00fanicamente de cifras en un gr\u00e1fico o discursos pol\u00edticos sobre electrificaci\u00f3n y \u00abenerg\u00eda verde\u00bb: cuando el equilibrio del sistema el\u00e9ctrico se tensa, la fortaleza o fragilidad de las distintas fuentes de generaci\u00f3n se hace patente en segundos.<\/p>\n<h2><strong>\u00bfQu\u00e9 ocurri\u00f3 exactamente? La ma\u00f1ana en que el viento dej\u00f3 al sistema al l\u00edmite<\/strong><\/h2>\n<p>El principal detonante t\u00e9cnico de la situaci\u00f3n fue una <strong>ca\u00edda significativa de la producci\u00f3n e\u00f3lica<\/strong>, la principal fuente renovable del sistema espa\u00f1ol en muchos periodos del a\u00f1o. Seg\u00fan el an\u00e1lisis t\u00e9cnico, la e\u00f3lica produjo alrededor de <strong>7.500 MW cuando se esperaba una generaci\u00f3n superior a los 11.000 MW<\/strong>. La raz\u00f3n no fue la falta de viento, sino m\u00e1s bien lo contrario: <strong>un viento excesivo activ\u00f3 los sistemas autom\u00e1ticos de protecci\u00f3n de los aerogeneradores, que se detienen para evitar da\u00f1os mec\u00e1nicos<\/strong>.<\/p>\n<p>Paralelamente, un temporal redujo la capacidad de importaci\u00f3n de energ\u00eda desde Portugal, pasando de unos <strong>2.300 MW previstos a aproximadamente 800 MW en el momento cr\u00edtico<\/strong>, seg\u00fan datos oficiales de la red. Esta doble combinaci\u00f3n \u2014menos producci\u00f3n e\u00f3lica ajustada y menos ayuda exterior\u2014 cre\u00f3 un d\u00e9ficit de generaci\u00f3n que tuvo que ser compensado.<\/p>\n<p>En condiciones normales, los sistemas de gesti\u00f3n del suministro aseguran que <strong>el sistema el\u00e9ctrico siempre mantenga un equilibrio entre generaci\u00f3n y demanda<\/strong>, pero cuando m\u00faltiples factores adversos coinciden, es necesario recurrir a mecanismos extraordinarios como el SRAD.<\/p>\n<h2><strong>\u00bfPor qu\u00e9 no bast\u00f3 el gas? El papel de los ciclos combinados<\/strong><\/h2>\n<p>Ante el d\u00e9ficit de potencia, el sistema respondi\u00f3 como puede: <strong>quemando gas<\/strong>. Las centrales de ciclo combinado, que pueden arrancar relativamente r\u00e1pido respecto a tecnolog\u00edas m\u00e1s lentas, aumentaron su producci\u00f3n de cerca de <strong>3.000 MW a casi 9.000 MW entre las 06:00 y las 09:00<\/strong> de la ma\u00f1ana.<\/p>\n<p>Este hecho resulta parad\u00f3jico si se considera la narrativa dominante en muchos discursos p\u00fablicos: el gas ha sido se\u00f1alado repetidamente como fuente energ\u00e9ticamente \u00absucia\u00bb o indeseable en la transici\u00f3n ecol\u00f3gica. Sin embargo, cuando las condiciones se complican \u2014como hoy\u2014, <strong>el gas act\u00faa como una tecnolog\u00eda de apoyo clave para estabilizar la red a corto plazo<\/strong>.<\/p>\n<p>Aun as\u00ed, incluso con el esfuerzo de los ciclos de gas, el sistema no pudo recuperar el equilibrio sin recurrir a la reducci\u00f3n de demanda industrial, lo que hizo evidente que el margen de maniobra era limitado.<\/p>\n<h2><strong>El salvavidas silencioso: la energ\u00eda nuclear<\/strong><\/h2>\n<p>En medio de toda la discusi\u00f3n t\u00e9cnica, hay un elemento del sistema energ\u00e9tico que rara vez aparece con luz, pero cuya presencia fue decisiva: <strong>la energ\u00eda nuclear<\/strong>.<\/p>\n<p>En Espa\u00f1a, las centrales nucleares son una fuente firme y predecible de energ\u00eda el\u00e9ctrica. Seg\u00fan informes del sector, <strong>las plantas nucleares aportaron cerca de 20 % de la producci\u00f3n el\u00e9ctrica neta en 2024<\/strong> y constituyen una de las fuentes libres de emisiones m\u00e1s estables del sistema.<\/p>\n<p>A diferencia de las renovables variables \u2014como la e\u00f3lica o la solar\u2014 cuya producci\u00f3n depende de las condiciones climatol\u00f3gicas, <strong>la nuclear produce energ\u00eda 24 h al d\u00eda durante la mayor\u00eda del a\u00f1o<\/strong>. Adem\u00e1s, los reactores nucleares proporcionan <strong>inercia rotacional al sistema el\u00e9ctrico<\/strong> (debido a sus grandes generadores s\u00edncronos), lo que contribuye a estabilizar la frecuencia y tensi\u00f3n de la red, un aspecto crucial en momentos de desequilibrio.<\/p>\n<p>Esta estabilidad f\u00edsica es algo que, por ahora, las renovables no pueden proporcionar por s\u00ed solas sin apoyos tecnol\u00f3gicos adicionales (como bater\u00edas de gran escala o mecanismos de almacenamiento energ\u00e9tico), que todav\u00eda no est\u00e1n desplegados de forma masiva en Espa\u00f1a.<\/p>\n<h2><strong>Variable vs. firme: el reto estructural del mix el\u00e9ctrico<\/strong><\/h2>\n<p>La situaci\u00f3n vivida este mi\u00e9rcoles pone de manifiesto una tensi\u00f3n inherente en el modelo energ\u00e9tico espa\u00f1ol: la coexistencia de energ\u00edas <strong>variables<\/strong> y energ\u00edas <strong>firmes<\/strong>.<\/p>\n<ul>\n<li><strong>Energ\u00edas variables<\/strong>: Incluyen e\u00f3lica y solar, que dependen de las condiciones del viento y del sol respectivamente. Espa\u00f1a ha hecho grandes avances: las renovables han llegado a superar el 50 % de la producci\u00f3n el\u00e9ctrica en algunos periodos recientes, con la e\u00f3lica consolid\u00e1ndose como la principal fuente de generaci\u00f3n en muchos meses.<\/li>\n<li><strong>Energ\u00edas firmes<\/strong>: Incluyen la nuclear, centrales hidr\u00e1ulicas de reserva y t\u00e9rmicas como los ciclos combinados. Estas fuentes pueden programarse con mayor certidumbre y responder ante picos de demanda o ca\u00eddas de generaci\u00f3n variable.<\/li>\n<\/ul>\n<p>En el caso concreto de Espa\u00f1a, datos recientes sit\u00faan a <strong>las renovables en torno a un 56 % del mix<\/strong>, mientras que la nuclear sigue aportando cerca de <strong>20 %<\/strong> de la producci\u00f3n total.<\/p>\n<p>Este equilibrio es delicado: si bien las renovables son esenciales para reducir emisiones y avanzar en descarbonizaci\u00f3n, tambi\u00e9n presentan la desventaja de la <strong>intermitencia<\/strong>. El viento no siempre sopla, y el sol no siempre brilla al mismo ritmo. Mientras tanto, tecnolog\u00edas como la nuclear ofrecen <strong>consistencia y previsibilidad<\/strong>, elementos vitales para evitar desequilibrios bruscos como el de hoy.<\/p>\n<h2><strong>\u00bfQu\u00e9 hubiera pasado sin nucleares? Una pregunta inc\u00f3moda<\/strong><\/h2>\n<p>Si Espa\u00f1a hubiera reducido significativamente o incluso cerrado su capacidad nuclear, como algunos planes pol\u00edticos han planteado en diferentes momentos, la situaci\u00f3n de este mi\u00e9rcoles habr\u00eda sido m\u00e1s complicada. La ausencia de potencia firme habr\u00eda reducido el margen de actuaci\u00f3n del sistema y habr\u00eda obligado a recurrir a\u00fan m\u00e1s a soluciones como:<\/p>\n<ul>\n<li>Mayores importaciones energ\u00e9ticas externas (a\u00fan m\u00e1s afectadas por el temporal).<\/li>\n<li>Incrementos de ciclo combinado y gas para cubrir d\u00e9ficit.<\/li>\n<li>Interruptiones m\u00e1s amplias de consumo.<\/li>\n<\/ul>\n<p>En definitiva, <strong>m\u00e1s incertidumbre, mayor coste para consumidores y empresas, y mayores emisiones de gases de efecto invernadero<\/strong>.<\/p>\n<p>Este c\u00e1lculo no es s\u00f3lo te\u00f3rico: en otros sistemas el\u00e9ctricos con menor presencia de nucleares y reservas robustas, los momentos de alta penetraci\u00f3n renovable han mostrado desaf\u00edos de estabilidad y gesti\u00f3n que requieren inversiones adicionales en redes, almacenamiento y flexibilidad.<\/p>\n<h2><strong>Lecciones del pasado: el apag\u00f3n de 2025<\/strong><\/h2>\n<p>No hace mucho, en abril de 2025, Espa\u00f1a vivi\u00f3 un apag\u00f3n generalizado que afect\u00f3 a millones de personas. Aquella interrupci\u00f3n \u2014que dej\u00f3 sin suministro a amplias zonas de la pen\u00ednsula ib\u00e9rica\u2014 fue un revulsivo para la opini\u00f3n p\u00fablica y para las autoridades. A pesar de que muchos lectores asociaron aquel apag\u00f3n directamente con las energ\u00edas renovables, informes t\u00e9cnicos y an\u00e1lisis detallados indicaron que <strong>el apag\u00f3n no fue causado por las renovables<\/strong>, sino por fallos en la planificaci\u00f3n y operaci\u00f3n del sistema convencional.<\/p>\n<p>Incluso en ese episodio, la presencia de centrales nucleares con su alta disponibilidad y robustez t\u00e9cnica fue un factor que evit\u00f3 una escalada a\u00fan mayor del colapso. Aunque algunos reactores se desconectaron autom\u00e1ticamente por razones de seguridad, la red contaba con ellas como parte de su colch\u00f3n de potencia firme.<\/p>\n<h2><strong>\u00bfHacia d\u00f3nde va Espa\u00f1a? \u00bfDescarbonizaci\u00f3n o seguridad energ\u00e9tica?<\/strong><\/h2>\n<p>Espa\u00f1a y Europa comparten el objetivo de reducir las emisiones y avanzar hacia un sistema energ\u00e9tico cada vez m\u00e1s sostenible. Sin embargo, la experiencia reciente muestra que <strong>la transici\u00f3n ecol\u00f3gica no puede basarse s\u00f3lo en voluntad pol\u00edtica o en porcentajes de energ\u00eda renovable en el mix<\/strong>.<\/p>\n<p>Los sistemas el\u00e9ctricos requieren <strong>resiliencia, capacidad de respuesta instant\u00e1nea, y un equilibrio entre fuentes variables y fuentes estables<\/strong> para garantizar seguridad de suministro. Esto implica no s\u00f3lo promover renovables, sino tambi\u00e9n:<\/p>\n<ol>\n<li><strong>Mantener y optimizar la operaci\u00f3n de fuentes firmes<\/strong>, como la nuclear, cuando son seguras y t\u00e9cnicamente viables.<\/li>\n<li><strong>Desarrollar almacenamiento energ\u00e9tico de gran escala<\/strong>, para mitigar la intermitencia de las renovables.<\/li>\n<li><strong>Fortalecer interconexiones internacionales y redes inteligentes<\/strong>, que pueden aportar flexibilidad operativa.<\/li>\n<li><strong>Reforzar incentivos para que la industria y la gesti\u00f3n de la demanda contribuyan a la estabilidad del sistema<\/strong>, sin recurrir a interrupciones traum\u00e1ticas como el SRAD.<\/li>\n<\/ol>\n<p>La activaci\u00f3n del SRAD en enero de 2026 debe verse como una alerta estructural m\u00e1s que como un incidente aislado. Es un testimonio de que la transici\u00f3n energ\u00e9tica no es s\u00f3lo una cuesti\u00f3n de porcentajes o metas ambientales, sino de <strong>ingenier\u00eda compleja, planificaci\u00f3n estrat\u00e9gica y equilibrio entre tecnolog\u00edas diversas<\/strong>.<\/p>\n<p>Hoy, m\u00e1s que nunca, <strong>la energ\u00eda nuclear se presenta no como un vestigio del pasado, sino como un elemento esencial del sistema energ\u00e9tico espa\u00f1ol<\/strong>, aportando estabilidad, firmeza y seguridad cuando las fuentes variables \u2014por s\u00ed solas\u2014 no bastan.<\/p>\n<p>La transici\u00f3n energ\u00e9tica debe seguir avanzando, pero con los pies en la tierra: el sol y el viento son imprescindibles para la descarbonizaci\u00f3n, pero <strong>la continuidad del suministro el\u00e9ctrico requiere m\u00e1s que esperanza; exige realismo t\u00e9cnico y decisiones pol\u00edticas informadas.<\/strong><\/p>","protected":false},"excerpt":{"rendered":"<p>El mi\u00e9rcoles 28 de enero de 2026 pasar\u00e1 a la historia energ\u00e9tica de Espa\u00f1a como un d\u00eda de tensi\u00f3n inesperada en el sistema el\u00e9ctrico nacional. En las primeras horas de la ma\u00f1ana, Red El\u00e9ctrica de Espa\u00f1a (REE) se vio obligada a activar el Servicio de Respuesta Activa de la Demanda [&hellip;]<\/p>\n","protected":false},"author":3,"featured_media":46765,"comment_status":"closed","ping_status":"closed","sticky":false,"template":"","format":"standard","meta":{"footnotes":""},"categories":[58],"tags":[],"class_list":["post-67686","post","type-post","status-publish","format-standard","has-post-thumbnail","hentry","category-estado-espanol"],"yoast_head":"<!-- This site is optimized with the Yoast SEO plugin v27.5 - https:\/\/yoast.com\/product\/yoast-seo-wordpress\/ -->\n<title>La energ\u00eda nuclear, el pilar maldito que evita otro colapso del sistema el\u00e9ctrico espa\u00f1ol - Revista Rambla<\/title>\n<meta name=\"robots\" content=\"index, follow, max-snippet:-1, max-image-preview:large, max-video-preview:-1\" \/>\n<link rel=\"canonical\" href=\"https:\/\/www.revistarambla.com\/en\/la-energia-nuclear-el-pilar-maldito-que-evita-otro-colapso-del-sistema-electrico-espanol\/\" \/>\n<meta property=\"og:locale\" content=\"en_GB\" \/>\n<meta property=\"og:type\" content=\"article\" \/>\n<meta property=\"og:title\" content=\"La energ\u00eda nuclear, el pilar maldito que evita otro colapso del sistema el\u00e9ctrico espa\u00f1ol - Revista Rambla\" \/>\n<meta property=\"og:description\" content=\"El mi\u00e9rcoles 28 de enero de 2026 pasar\u00e1 a la historia energ\u00e9tica de Espa\u00f1a como un d\u00eda de tensi\u00f3n inesperada en el sistema el\u00e9ctrico nacional. En las primeras horas de la ma\u00f1ana, Red El\u00e9ctrica de Espa\u00f1a (REE) se vio obligada a activar el Servicio de Respuesta Activa de la Demanda [&hellip;]\" \/>\n<meta property=\"og:url\" content=\"https:\/\/www.revistarambla.com\/en\/la-energia-nuclear-el-pilar-maldito-que-evita-otro-colapso-del-sistema-electrico-espanol\/\" \/>\n<meta property=\"og:site_name\" content=\"Revista Rambla\" \/>\n<meta property=\"article:publisher\" content=\"https:\/\/www.facebook.com\/revistarambla\/\" \/>\n<meta property=\"article:author\" content=\"https:\/\/www.facebook.com\/revistarambla\" \/>\n<meta property=\"article:published_time\" content=\"2026-01-28T18:58:16+00:00\" \/>\n<meta property=\"article:modified_time\" content=\"2026-01-29T11:29:20+00:00\" \/>\n<meta property=\"og:image\" content=\"https:\/\/www.revistarambla.com\/wp-content\/uploads\/2022\/09\/1024px-Central_Nuclear_dAsco_Tarragona_Catalunya.jpg\" \/>\n\t<meta property=\"og:image:width\" content=\"1024\" \/>\n\t<meta property=\"og:image:height\" content=\"681\" \/>\n\t<meta property=\"og:image:type\" content=\"image\/jpeg\" \/>\n<meta name=\"author\" content=\"R@mbla\" \/>\n<meta name=\"twitter:card\" content=\"summary_large_image\" \/>\n<meta name=\"twitter:creator\" content=\"@revistarambla\" \/>\n<meta name=\"twitter:site\" content=\"@revistarambla\" \/>\n<meta name=\"twitter:label1\" content=\"Written by\" \/>\n\t<meta name=\"twitter:data1\" content=\"R@mbla\" \/>\n\t<meta name=\"twitter:label2\" content=\"Estimated reading time\" \/>\n\t<meta name=\"twitter:data2\" content=\"7 minutes\" \/>\n<script type=\"application\/ld+json\" class=\"yoast-schema-graph\">{\"@context\":\"https:\\\/\\\/schema.org\",\"@graph\":[{\"@type\":\"Article\",\"@id\":\"https:\\\/\\\/www.revistarambla.com\\\/la-energia-nuclear-el-pilar-maldito-que-evita-otro-colapso-del-sistema-electrico-espanol\\\/#article\",\"isPartOf\":{\"@id\":\"https:\\\/\\\/www.revistarambla.com\\\/la-energia-nuclear-el-pilar-maldito-que-evita-otro-colapso-del-sistema-electrico-espanol\\\/\"},\"author\":{\"name\":\"R@mbla\",\"@id\":\"https:\\\/\\\/www.revistarambla.com\\\/#\\\/schema\\\/person\\\/a146a5a2550b94981a75131180e1bd9c\"},\"headline\":\"La energ\u00eda nuclear, el pilar maldito que evita otro colapso del sistema el\u00e9ctrico espa\u00f1ol\",\"datePublished\":\"2026-01-28T18:58:16+00:00\",\"dateModified\":\"2026-01-29T11:29:20+00:00\",\"mainEntityOfPage\":{\"@id\":\"https:\\\/\\\/www.revistarambla.com\\\/la-energia-nuclear-el-pilar-maldito-que-evita-otro-colapso-del-sistema-electrico-espanol\\\/\"},\"wordCount\":1645,\"publisher\":{\"@id\":\"https:\\\/\\\/www.revistarambla.com\\\/#organization\"},\"image\":{\"@id\":\"https:\\\/\\\/www.revistarambla.com\\\/la-energia-nuclear-el-pilar-maldito-que-evita-otro-colapso-del-sistema-electrico-espanol\\\/#primaryimage\"},\"thumbnailUrl\":\"https:\\\/\\\/www.revistarambla.com\\\/wp-content\\\/uploads\\\/2022\\\/09\\\/1024px-Central_Nuclear_dAsco_Tarragona_Catalunya.jpg\",\"articleSection\":[\"Estado Espa\u00f1ol\"],\"inLanguage\":\"en-GB\"},{\"@type\":\"WebPage\",\"@id\":\"https:\\\/\\\/www.revistarambla.com\\\/la-energia-nuclear-el-pilar-maldito-que-evita-otro-colapso-del-sistema-electrico-espanol\\\/\",\"url\":\"https:\\\/\\\/www.revistarambla.com\\\/la-energia-nuclear-el-pilar-maldito-que-evita-otro-colapso-del-sistema-electrico-espanol\\\/\",\"name\":\"La energ\u00eda nuclear, el pilar maldito que evita otro colapso del sistema el\u00e9ctrico espa\u00f1ol - Revista Rambla\",\"isPartOf\":{\"@id\":\"https:\\\/\\\/www.revistarambla.com\\\/#website\"},\"primaryImageOfPage\":{\"@id\":\"https:\\\/\\\/www.revistarambla.com\\\/la-energia-nuclear-el-pilar-maldito-que-evita-otro-colapso-del-sistema-electrico-espanol\\\/#primaryimage\"},\"image\":{\"@id\":\"https:\\\/\\\/www.revistarambla.com\\\/la-energia-nuclear-el-pilar-maldito-que-evita-otro-colapso-del-sistema-electrico-espanol\\\/#primaryimage\"},\"thumbnailUrl\":\"https:\\\/\\\/www.revistarambla.com\\\/wp-content\\\/uploads\\\/2022\\\/09\\\/1024px-Central_Nuclear_dAsco_Tarragona_Catalunya.jpg\",\"datePublished\":\"2026-01-28T18:58:16+00:00\",\"dateModified\":\"2026-01-29T11:29:20+00:00\",\"breadcrumb\":{\"@id\":\"https:\\\/\\\/www.revistarambla.com\\\/la-energia-nuclear-el-pilar-maldito-que-evita-otro-colapso-del-sistema-electrico-espanol\\\/#breadcrumb\"},\"inLanguage\":\"en-GB\",\"potentialAction\":[{\"@type\":\"ReadAction\",\"target\":[\"https:\\\/\\\/www.revistarambla.com\\\/la-energia-nuclear-el-pilar-maldito-que-evita-otro-colapso-del-sistema-electrico-espanol\\\/\"]}]},{\"@type\":\"ImageObject\",\"inLanguage\":\"en-GB\",\"@id\":\"https:\\\/\\\/www.revistarambla.com\\\/la-energia-nuclear-el-pilar-maldito-que-evita-otro-colapso-del-sistema-electrico-espanol\\\/#primaryimage\",\"url\":\"https:\\\/\\\/www.revistarambla.com\\\/wp-content\\\/uploads\\\/2022\\\/09\\\/1024px-Central_Nuclear_dAsco_Tarragona_Catalunya.jpg\",\"contentUrl\":\"https:\\\/\\\/www.revistarambla.com\\\/wp-content\\\/uploads\\\/2022\\\/09\\\/1024px-Central_Nuclear_dAsco_Tarragona_Catalunya.jpg\",\"width\":1024,\"height\":681,\"caption\":\"centrales nucleares energ\u00eda nuclear\"},{\"@type\":\"BreadcrumbList\",\"@id\":\"https:\\\/\\\/www.revistarambla.com\\\/la-energia-nuclear-el-pilar-maldito-que-evita-otro-colapso-del-sistema-electrico-espanol\\\/#breadcrumb\",\"itemListElement\":[{\"@type\":\"ListItem\",\"position\":1,\"name\":\"Portada\",\"item\":\"https:\\\/\\\/www.revistarambla.com\\\/\"},{\"@type\":\"ListItem\",\"position\":2,\"name\":\"La energ\u00eda nuclear, el pilar maldito que evita otro colapso del sistema el\u00e9ctrico espa\u00f1ol\"}]},{\"@type\":\"WebSite\",\"@id\":\"https:\\\/\\\/www.revistarambla.com\\\/#website\",\"url\":\"https:\\\/\\\/www.revistarambla.com\\\/\",\"name\":\"Revista Rambla Barcelona\",\"description\":\"Periodismo independiente\",\"publisher\":{\"@id\":\"https:\\\/\\\/www.revistarambla.com\\\/#organization\"},\"potentialAction\":[{\"@type\":\"SearchAction\",\"target\":{\"@type\":\"EntryPoint\",\"urlTemplate\":\"https:\\\/\\\/www.revistarambla.com\\\/?s={search_term_string}\"},\"query-input\":{\"@type\":\"PropertyValueSpecification\",\"valueRequired\":true,\"valueName\":\"search_term_string\"}}],\"inLanguage\":\"en-GB\"},{\"@type\":\"Organization\",\"@id\":\"https:\\\/\\\/www.revistarambla.com\\\/#organization\",\"name\":\"Revista Rambla\",\"url\":\"https:\\\/\\\/www.revistarambla.com\\\/\",\"logo\":{\"@type\":\"ImageObject\",\"inLanguage\":\"en-GB\",\"@id\":\"https:\\\/\\\/www.revistarambla.com\\\/#\\\/schema\\\/logo\\\/image\\\/\",\"url\":\"https:\\\/\\\/www.revistarambla.com\\\/wp-content\\\/uploads\\\/2020\\\/09\\\/banner_rambla_1900x600_BB.png\",\"contentUrl\":\"https:\\\/\\\/www.revistarambla.com\\\/wp-content\\\/uploads\\\/2020\\\/09\\\/banner_rambla_1900x600_BB.png\",\"width\":1900,\"height\":600,\"caption\":\"Revista Rambla\"},\"image\":{\"@id\":\"https:\\\/\\\/www.revistarambla.com\\\/#\\\/schema\\\/logo\\\/image\\\/\"},\"sameAs\":[\"https:\\\/\\\/www.facebook.com\\\/revistarambla\\\/\",\"https:\\\/\\\/x.com\\\/revistarambla\",\"https:\\\/\\\/www.instagram.com\\\/revista_rambla\",\"https:\\\/\\\/es.linkedin.com\\\/company\\\/revista-rambla\"]},{\"@type\":\"Person\",\"@id\":\"https:\\\/\\\/www.revistarambla.com\\\/#\\\/schema\\\/person\\\/a146a5a2550b94981a75131180e1bd9c\",\"name\":\"R@mbla\",\"description\":\"Este art\u00edculo ha sido redactado y\\\/o validado por el equipo de redacci\u00f3n de Revista Rambla.\",\"sameAs\":[\"https:\\\/\\\/www.revistarambla.com\\\/\",\"https:\\\/\\\/www.facebook.com\\\/revistarambla\",\"https:\\\/\\\/x.com\\\/revistarambla\"]}]}<\/script>\n<!-- \/ Yoast SEO plugin. -->","yoast_head_json":{"title":"La energ\u00eda nuclear, el pilar maldito que evita otro colapso del sistema el\u00e9ctrico espa\u00f1ol - Revista Rambla","robots":{"index":"index","follow":"follow","max-snippet":"max-snippet:-1","max-image-preview":"max-image-preview:large","max-video-preview":"max-video-preview:-1"},"canonical":"https:\/\/www.revistarambla.com\/en\/la-energia-nuclear-el-pilar-maldito-que-evita-otro-colapso-del-sistema-electrico-espanol\/","og_locale":"en_GB","og_type":"article","og_title":"La energ\u00eda nuclear, el pilar maldito que evita otro colapso del sistema el\u00e9ctrico espa\u00f1ol - Revista Rambla","og_description":"El mi\u00e9rcoles 28 de enero de 2026 pasar\u00e1 a la historia energ\u00e9tica de Espa\u00f1a como un d\u00eda de tensi\u00f3n inesperada en el sistema el\u00e9ctrico nacional. En las primeras horas de la ma\u00f1ana, Red El\u00e9ctrica de Espa\u00f1a (REE) se vio obligada a activar el Servicio de Respuesta Activa de la Demanda [&hellip;]","og_url":"https:\/\/www.revistarambla.com\/en\/la-energia-nuclear-el-pilar-maldito-que-evita-otro-colapso-del-sistema-electrico-espanol\/","og_site_name":"Revista Rambla","article_publisher":"https:\/\/www.facebook.com\/revistarambla\/","article_author":"https:\/\/www.facebook.com\/revistarambla","article_published_time":"2026-01-28T18:58:16+00:00","article_modified_time":"2026-01-29T11:29:20+00:00","og_image":[{"width":1024,"height":681,"url":"https:\/\/www.revistarambla.com\/wp-content\/uploads\/2022\/09\/1024px-Central_Nuclear_dAsco_Tarragona_Catalunya.jpg","type":"image\/jpeg"}],"author":"R@mbla","twitter_card":"summary_large_image","twitter_creator":"@revistarambla","twitter_site":"@revistarambla","twitter_misc":{"Written by":"R@mbla","Estimated reading time":"7 minutes"},"schema":{"@context":"https:\/\/schema.org","@graph":[{"@type":"Article","@id":"https:\/\/www.revistarambla.com\/la-energia-nuclear-el-pilar-maldito-que-evita-otro-colapso-del-sistema-electrico-espanol\/#article","isPartOf":{"@id":"https:\/\/www.revistarambla.com\/la-energia-nuclear-el-pilar-maldito-que-evita-otro-colapso-del-sistema-electrico-espanol\/"},"author":{"name":"R@mbla","@id":"https:\/\/www.revistarambla.com\/#\/schema\/person\/a146a5a2550b94981a75131180e1bd9c"},"headline":"La energ\u00eda nuclear, el pilar maldito que evita otro colapso del sistema el\u00e9ctrico espa\u00f1ol","datePublished":"2026-01-28T18:58:16+00:00","dateModified":"2026-01-29T11:29:20+00:00","mainEntityOfPage":{"@id":"https:\/\/www.revistarambla.com\/la-energia-nuclear-el-pilar-maldito-que-evita-otro-colapso-del-sistema-electrico-espanol\/"},"wordCount":1645,"publisher":{"@id":"https:\/\/www.revistarambla.com\/#organization"},"image":{"@id":"https:\/\/www.revistarambla.com\/la-energia-nuclear-el-pilar-maldito-que-evita-otro-colapso-del-sistema-electrico-espanol\/#primaryimage"},"thumbnailUrl":"https:\/\/www.revistarambla.com\/wp-content\/uploads\/2022\/09\/1024px-Central_Nuclear_dAsco_Tarragona_Catalunya.jpg","articleSection":["Estado Espa\u00f1ol"],"inLanguage":"en-GB"},{"@type":"WebPage","@id":"https:\/\/www.revistarambla.com\/la-energia-nuclear-el-pilar-maldito-que-evita-otro-colapso-del-sistema-electrico-espanol\/","url":"https:\/\/www.revistarambla.com\/la-energia-nuclear-el-pilar-maldito-que-evita-otro-colapso-del-sistema-electrico-espanol\/","name":"La energ\u00eda nuclear, el pilar maldito que evita otro colapso del sistema el\u00e9ctrico espa\u00f1ol - Revista Rambla","isPartOf":{"@id":"https:\/\/www.revistarambla.com\/#website"},"primaryImageOfPage":{"@id":"https:\/\/www.revistarambla.com\/la-energia-nuclear-el-pilar-maldito-que-evita-otro-colapso-del-sistema-electrico-espanol\/#primaryimage"},"image":{"@id":"https:\/\/www.revistarambla.com\/la-energia-nuclear-el-pilar-maldito-que-evita-otro-colapso-del-sistema-electrico-espanol\/#primaryimage"},"thumbnailUrl":"https:\/\/www.revistarambla.com\/wp-content\/uploads\/2022\/09\/1024px-Central_Nuclear_dAsco_Tarragona_Catalunya.jpg","datePublished":"2026-01-28T18:58:16+00:00","dateModified":"2026-01-29T11:29:20+00:00","breadcrumb":{"@id":"https:\/\/www.revistarambla.com\/la-energia-nuclear-el-pilar-maldito-que-evita-otro-colapso-del-sistema-electrico-espanol\/#breadcrumb"},"inLanguage":"en-GB","potentialAction":[{"@type":"ReadAction","target":["https:\/\/www.revistarambla.com\/la-energia-nuclear-el-pilar-maldito-que-evita-otro-colapso-del-sistema-electrico-espanol\/"]}]},{"@type":"ImageObject","inLanguage":"en-GB","@id":"https:\/\/www.revistarambla.com\/la-energia-nuclear-el-pilar-maldito-que-evita-otro-colapso-del-sistema-electrico-espanol\/#primaryimage","url":"https:\/\/www.revistarambla.com\/wp-content\/uploads\/2022\/09\/1024px-Central_Nuclear_dAsco_Tarragona_Catalunya.jpg","contentUrl":"https:\/\/www.revistarambla.com\/wp-content\/uploads\/2022\/09\/1024px-Central_Nuclear_dAsco_Tarragona_Catalunya.jpg","width":1024,"height":681,"caption":"centrales nucleares energ\u00eda nuclear"},{"@type":"BreadcrumbList","@id":"https:\/\/www.revistarambla.com\/la-energia-nuclear-el-pilar-maldito-que-evita-otro-colapso-del-sistema-electrico-espanol\/#breadcrumb","itemListElement":[{"@type":"ListItem","position":1,"name":"Portada","item":"https:\/\/www.revistarambla.com\/"},{"@type":"ListItem","position":2,"name":"La energ\u00eda nuclear, el pilar maldito que evita otro colapso del sistema el\u00e9ctrico espa\u00f1ol"}]},{"@type":"WebSite","@id":"https:\/\/www.revistarambla.com\/#website","url":"https:\/\/www.revistarambla.com\/","name":"Revista Rambla Barcelona","description":"Periodismo independiente","publisher":{"@id":"https:\/\/www.revistarambla.com\/#organization"},"potentialAction":[{"@type":"SearchAction","target":{"@type":"EntryPoint","urlTemplate":"https:\/\/www.revistarambla.com\/?s={search_term_string}"},"query-input":{"@type":"PropertyValueSpecification","valueRequired":true,"valueName":"search_term_string"}}],"inLanguage":"en-GB"},{"@type":"Organization","@id":"https:\/\/www.revistarambla.com\/#organization","name":"Revista Rambla","url":"https:\/\/www.revistarambla.com\/","logo":{"@type":"ImageObject","inLanguage":"en-GB","@id":"https:\/\/www.revistarambla.com\/#\/schema\/logo\/image\/","url":"https:\/\/www.revistarambla.com\/wp-content\/uploads\/2020\/09\/banner_rambla_1900x600_BB.png","contentUrl":"https:\/\/www.revistarambla.com\/wp-content\/uploads\/2020\/09\/banner_rambla_1900x600_BB.png","width":1900,"height":600,"caption":"Revista Rambla"},"image":{"@id":"https:\/\/www.revistarambla.com\/#\/schema\/logo\/image\/"},"sameAs":["https:\/\/www.facebook.com\/revistarambla\/","https:\/\/x.com\/revistarambla","https:\/\/www.instagram.com\/revista_rambla","https:\/\/es.linkedin.com\/company\/revista-rambla"]},{"@type":"Person","@id":"https:\/\/www.revistarambla.com\/#\/schema\/person\/a146a5a2550b94981a75131180e1bd9c","name":"R@mbla","description":"Este art\u00edculo ha sido redactado y\/o validado por el equipo de redacci\u00f3n de Revista Rambla.","sameAs":["https:\/\/www.revistarambla.com\/","https:\/\/www.facebook.com\/revistarambla","https:\/\/x.com\/revistarambla"]}]}},"_links":{"self":[{"href":"https:\/\/www.revistarambla.com\/en\/wp-json\/wp\/v2\/posts\/67686","targetHints":{"allow":["GET"]}}],"collection":[{"href":"https:\/\/www.revistarambla.com\/en\/wp-json\/wp\/v2\/posts"}],"about":[{"href":"https:\/\/www.revistarambla.com\/en\/wp-json\/wp\/v2\/types\/post"}],"author":[{"embeddable":true,"href":"https:\/\/www.revistarambla.com\/en\/wp-json\/wp\/v2\/users\/3"}],"replies":[{"embeddable":true,"href":"https:\/\/www.revistarambla.com\/en\/wp-json\/wp\/v2\/comments?post=67686"}],"version-history":[{"count":1,"href":"https:\/\/www.revistarambla.com\/en\/wp-json\/wp\/v2\/posts\/67686\/revisions"}],"predecessor-version":[{"id":67687,"href":"https:\/\/www.revistarambla.com\/en\/wp-json\/wp\/v2\/posts\/67686\/revisions\/67687"}],"wp:featuredmedia":[{"embeddable":true,"href":"https:\/\/www.revistarambla.com\/en\/wp-json\/wp\/v2\/media\/46765"}],"wp:attachment":[{"href":"https:\/\/www.revistarambla.com\/en\/wp-json\/wp\/v2\/media?parent=67686"}],"wp:term":[{"taxonomy":"category","embeddable":true,"href":"https:\/\/www.revistarambla.com\/en\/wp-json\/wp\/v2\/categories?post=67686"},{"taxonomy":"post_tag","embeddable":true,"href":"https:\/\/www.revistarambla.com\/en\/wp-json\/wp\/v2\/tags?post=67686"}],"curies":[{"name":"wp","href":"https:\/\/api.w.org\/{rel}","templated":true}]}}