{"id":67676,"date":"2026-01-27T18:26:58","date_gmt":"2026-01-27T17:26:58","guid":{"rendered":"https:\/\/www.revistarambla.com\/?p=67676"},"modified":"2026-01-27T18:26:58","modified_gmt":"2026-01-27T17:26:58","slug":"adolfo-del-cueto-aramburu-situa-los-indicadores-que-decidiran-el-rumbo-economico-de-2026","status":"publish","type":"post","link":"https:\/\/www.revistarambla.com\/en\/adolfo-del-cueto-aramburu-situa-los-indicadores-que-decidiran-el-rumbo-economico-de-2026\/","title":{"rendered":"Adolfo del Cueto Aramburu sit\u00faa los indicadores que decidir\u00e1n el rumbo econ\u00f3mico de 2026"},"content":{"rendered":"<p>\u00bfQu\u00e9 variables deber\u00edan vigilar los inversores de cara al pr\u00f3ximo a\u00f1o? <a href=\"https:\/\/revistafortuna.com.mx\/2025\/12\/22\/una-empresa-hecha-por-personas-para-personas-25-anos-de-bulltick-con-adolfo-del-cueto-aramburu-al-frente\/\"><b>Adolfo del Cueto Aramburu<\/b><\/a>, fundador y CEO de la firma de servicios financieros Bulltick, ha presentado un an\u00e1lisis detallado sobre los indicadores que marcar\u00e1n la pauta de la econom\u00eda global durante 2026.<\/p>\n<p>Bas\u00e1ndose en informes propios de la compa\u00f1\u00eda, subraya que el pr\u00f3ximo a\u00f1o se definir\u00e1 por una <b>normalizaci\u00f3n gradual<\/b> y una serie de ajustes en variables cr\u00edticas. Por eso, ser\u00e1 necesario un an\u00e1lisis riguroso para la toma de decisiones estrat\u00e9gicas. El informe proyecta un escenario sin grandes sobresaltos, pero con matices importantes que los inversores deber\u00e1n vigilar de cerca.<\/p>\n<p>El an\u00e1lisis se aleja de las narrativas de crisis inminente para centrarse en una serie de m\u00e9tricas interconectadas que, en conjunto, ofrecen una hoja de ruta sobre el comportamiento de los mercados.<\/p>\n<p><i>\u00abEl 2026 no ser\u00e1 un a\u00f1o de extremos, sino de transiciones\u00bb<\/i>, afirma Del Cueto. <i>\u00abLa clave residir\u00e1 en interpretar correctamente las se\u00f1ales que nos env\u00edan indicadores como el crecimiento global, la inflaci\u00f3n estructural en Estados Unidos, la pol\u00edtica monetaria de la Reserva Federal y el comportamiento de activos refugio como el oro. Es un panorama que premia la estrategia informada por encima de la reacci\u00f3n impulsiva\u00bb.<\/i><\/p>\n<h2><b>Crecimiento global: una desaceleraci\u00f3n controlada como nuevo paradigma<\/b><\/h2>\n<p>Uno de los principales indicadores que define el informe es la consolidaci\u00f3n de una <b>desaceleraci\u00f3n econ\u00f3mica global controlada<\/b>. Lejos del hist\u00f3rico repunte del 6.6% de 2021, las proyecciones sit\u00faan el <b>crecimiento mundial en un 2.9%<\/b> para 2026, una ligera moderaci\u00f3n frente al 3.0% de 2025.<\/p>\n<p>Este enfriamiento no debe interpretarse como una se\u00f1al de alarma, sino como la continuaci\u00f3n de una fase de normalizaci\u00f3n post-pandemia. Los principales motores del crecimiento, incluyendo China, India, Jap\u00f3n y la zona euro, mostrar\u00e1n avances m\u00e1s contenidos. Eso s\u00ed, los dos gigantes asi\u00e1ticos seguir\u00e1n liderando el dinamismo entre los mercados emergentes.<\/p>\n<p>En este contexto, Estados Unidos emerge como una notable excepci\u00f3n. La econom\u00eda estadounidense proyecta un <b>crecimiento del 2.3%<\/b>, superando no solo su ritmo de 2025 sino tambi\u00e9n su potencial estimado de 1.8%.<\/p>\n<p>Este desempe\u00f1o resiliente se apoya en <b>tres pilares fundamentales<\/b>:<\/p>\n<ul>\n<li aria-level=\"1\">Un consumo privado que se mantiene s\u00f3lido.<\/li>\n<li aria-level=\"1\">Un mercado laboral estable.<\/li>\n<li aria-level=\"1\">Una fuerte inversi\u00f3n en el sector de la inteligencia artificial.<\/li>\n<\/ul>\n<p>La confianza en la econom\u00eda norteamericana se ve reforzada por una probabilidad de recesi\u00f3n estimada en solo un 30% para 2026, un indicador que aporta certidumbre en un panorama global m\u00e1s moderado.<\/p>\n<h2><b>La inflaci\u00f3n en EEUU y la pausa de la Fed: el d\u00fao que marca el comp\u00e1s<\/b><\/h2>\n<p>Un segundo indicador de m\u00e1xima relevancia es la persistencia de la <b>inflaci\u00f3n<\/b> en Estados Unidos.<\/p>\n<p>El informe de Bulltick considera poco probable que se alcance el objetivo del 2.0% fijado por la Reserva Federal. Las estimaciones apuntan a una <b>inflaci\u00f3n del 3.3% a mediados de a\u00f1o<\/b>, para <b>cerrar 2026 en torno al 2.9%<\/b>. La clave de esta resistencia, seg\u00fan el documento, es que cerca del 60% del exceso inflacionario obedece a factores estructurales, lo que descarta que sea un fen\u00f3meno meramente transitorio.<\/p>\n<p>Esta tenacidad de la inflaci\u00f3n condiciona directamente el tercer indicador crucial: la <b>pol\u00edtica monetaria<\/b>. Tras tres recortes en 2025 que dejaron la tasa de referencia en 3.75%, el escenario contempla una \u00abpausa prolongada\u00bb por parte de la Reserva Federal que se extender\u00e1 hasta mediados de 2026.<\/p>\n<p>Esta decisi\u00f3n se interpreta como una se\u00f1al de cautela calculada. La Fed necesita tiempo para evaluar el impacto acumulado de sus pol\u00edticas y la evoluci\u00f3n de la inflaci\u00f3n estructural antes de comprometerse con nuevos movimientos. Para los mercados, esto se traduce en un periodo de relativa certidumbre en las tasas a corto plazo, pero de m\u00e1xima expectaci\u00f3n sobre los pasos a seguir en la segunda mitad del a\u00f1o.<\/p>\n<h2><b>Dos caras de la moneda estadounidense: fortaleza laboral y vulnerabilidad fiscal<\/b><\/h2>\n<p>El an\u00e1lisis de Adolfo del Cueto tambi\u00e9n pone el foco en la dualidad que presenta la econom\u00eda estadounidense a trav\u00e9s de dos indicadores aparentemente contradictorios.<\/p>\n<p>Por un lado, el mercado laboral exhibe una notable fortaleza. Se proyecta que<b> la tasa de desempleo cierre 2026 en un 4.4%<\/b>, apenas por encima del nivel considerado de pleno empleo (4.2%) y muy por debajo del promedio de 5.7% de los \u00faltimos 25 a\u00f1os. Esta estabilidad es un pilar que sostiene la confianza del consumidor y, por ende, el crecimiento econ\u00f3mico.<\/p>\n<p>Por otro lado, el d\u00e9ficit fiscal se presenta como un indicador de vulnerabilidad a largo plazo. Las proyecciones lo sit\u00faan en torno al <b>6.5% del PIB <\/b>para los pr\u00f3ximos dos a\u00f1os, cifra que duplica el rango del 2.0%-3.0% considerado prudente. Esta tensi\u00f3n entre una econom\u00eda robusta en el presente y un desequilibrio fiscal que genera interrogantes a futuro es fundamental para comprender la compleja din\u00e1mica de Estados Unidos y sus implicaciones globales.<\/p>\n<h2><b>Activos estrat\u00e9gicos: el bar\u00f3metro del sentimiento inversor<\/b><\/h2>\n<p>Finalmente, el informe desgrana el comportamiento esperado de tres activos estrat\u00e9gicos que funcionan como un term\u00f3metro del apetito por el riesgo.<\/p>\n<p>El <b>oro<\/b> se consolida como el principal indicador de la b\u00fasqueda de refugio. Con proyecciones que apuntan a que superar\u00e1 los <b>5,000 d\u00f3lares por onza<\/b>, su tendencia alcista refleja una demanda sostenida de seguridad por parte de los inversores.<\/p>\n<p>En contraste, el <b>d\u00f3lar<\/b> estadounidense se encaminar\u00eda hacia una depreciaci\u00f3n moderada, contenida en un <b>rango acotado de \u00b13%<\/b>. Este movimiento sugiere que no se anticipan shocks en el mercado de divisas, pero s\u00ed un ligero debilitamiento de la moneda norteamericana.<\/p>\n<p>A su vez, el <b>petr\u00f3leo <\/b>retomar\u00eda una trayectoria descendente, con una <b>ca\u00edda proyectada cercana al 5%-6%<\/b>. Esta circunstancia podr\u00eda aliviar presiones inflacionarias por el lado de la energ\u00eda y apunta a una demanda global m\u00e1s contenida.<\/p>\n<p><i>\u00abLa lectura conjunta de estos indicadores ofrece una gu\u00eda clara\u00bb<\/i>, concluye Del Cueto. <i>\u00abUn oro al alza, un d\u00f3lar estable pero con sesgo bajista y un petr\u00f3leo a la baja dibujan un mapa donde la prudencia y la selectividad son primordiales. El 2026 exige a los inversores ir m\u00e1s all\u00e1 de los titulares y analizar en profundidad estas interconexiones para construir carteras resilientes\u00bb.<\/i><\/p>\n<h2><b>Sobre Adolfo del Cueto Aramburu y Bulltick<\/b><\/h2>\n<p>Adolfo del Cueto Aramburu es el fundador y CEO de Bulltick, una firma de servicios financieros con 25 a\u00f1os de trayectoria en el sector. Su carrera se ha especializado en operaciones de financiamiento, activos en dificultades y procesos de reestructuraci\u00f3n corporativa. Adem\u00e1s, es un reconocido emprendedor y capitalista de riesgo, con participaci\u00f3n activa en consejos directivos de empresas en los sectores de energ\u00eda, entretenimiento y desarrollo inmobiliario.<\/p>\n<p>Bulltick fue fundada en 1999 y tiene su sede en Miami, con oficinas en Ciudad de M\u00e9xico y Bogot\u00e1, consolid\u00e1ndose como un referente financiero en Latinoam\u00e9rica. La firma es un Broker-Dealer registrado ante la SEC y miembro de FINRA, NFA y SIPC, ofreciendo servicios de gesti\u00f3n patrimonial, banca de inversi\u00f3n e inversiones alternativas.<\/p>\n<p>Su filosof\u00eda se resume en el lema <i>\u00abuna empresa hecha por personas, para personas\u00bb<\/i>, un compromiso que pone el foco en la construcci\u00f3n de relaciones de confianza a largo plazo con sus clientes.<\/p>","protected":false},"excerpt":{"rendered":"<p>\u00bfQu\u00e9 variables deber\u00edan vigilar los inversores de cara al pr\u00f3ximo a\u00f1o? Adolfo del Cueto Aramburu, fundador y CEO de la firma de servicios financieros Bulltick, ha presentado un an\u00e1lisis detallado sobre los indicadores que marcar\u00e1n la pauta de la econom\u00eda global durante 2026. Bas\u00e1ndose en informes propios de la compa\u00f1\u00eda, [&hellip;]<\/p>\n","protected":false},"author":3,"featured_media":12099,"comment_status":"closed","ping_status":"closed","sticky":false,"template":"","format":"standard","meta":{"footnotes":""},"categories":[3790],"tags":[],"class_list":["post-67676","post","type-post","status-publish","format-standard","has-post-thumbnail","hentry","category-otras-noticias"],"yoast_head":"<!-- This site is optimized with the Yoast SEO plugin v27.5 - https:\/\/yoast.com\/product\/yoast-seo-wordpress\/ -->\n<title>Adolfo del Cueto Aramburu sit\u00faa los indicadores que decidir\u00e1n el rumbo econ\u00f3mico de 2026 - Revista Rambla<\/title>\n<meta name=\"robots\" content=\"index, follow, max-snippet:-1, max-image-preview:large, max-video-preview:-1\" \/>\n<link rel=\"canonical\" href=\"https:\/\/www.revistarambla.com\/en\/adolfo-del-cueto-aramburu-situa-los-indicadores-que-decidiran-el-rumbo-economico-de-2026\/\" \/>\n<meta property=\"og:locale\" content=\"en_GB\" \/>\n<meta property=\"og:type\" content=\"article\" \/>\n<meta property=\"og:title\" content=\"Adolfo del Cueto Aramburu sit\u00faa los indicadores que decidir\u00e1n el rumbo econ\u00f3mico de 2026 - Revista Rambla\" \/>\n<meta property=\"og:description\" content=\"\u00bfQu\u00e9 variables deber\u00edan vigilar los inversores de cara al pr\u00f3ximo a\u00f1o? Adolfo del Cueto Aramburu, fundador y CEO de la firma de servicios financieros Bulltick, ha presentado un an\u00e1lisis detallado sobre los indicadores que marcar\u00e1n la pauta de la econom\u00eda global durante 2026. Bas\u00e1ndose en informes propios de la compa\u00f1\u00eda, [&hellip;]\" \/>\n<meta property=\"og:url\" content=\"https:\/\/www.revistarambla.com\/en\/adolfo-del-cueto-aramburu-situa-los-indicadores-que-decidiran-el-rumbo-economico-de-2026\/\" \/>\n<meta property=\"og:site_name\" content=\"Revista Rambla\" \/>\n<meta property=\"article:publisher\" content=\"https:\/\/www.facebook.com\/revistarambla\/\" \/>\n<meta property=\"article:author\" content=\"https:\/\/www.facebook.com\/revistarambla\" \/>\n<meta property=\"article:published_time\" content=\"2026-01-27T17:26:58+00:00\" \/>\n<meta property=\"og:image\" content=\"https:\/\/www.revistarambla.com\/wp-content\/uploads\/2017\/03\/bolsa-de-valores-1987032.jpg\" \/>\n\t<meta property=\"og:image:width\" content=\"1600\" \/>\n\t<meta property=\"og:image:height\" content=\"950\" \/>\n\t<meta property=\"og:image:type\" content=\"image\/jpeg\" \/>\n<meta name=\"author\" content=\"R@mbla\" \/>\n<meta name=\"twitter:card\" content=\"summary_large_image\" \/>\n<meta name=\"twitter:creator\" content=\"@revistarambla\" \/>\n<meta name=\"twitter:site\" content=\"@revistarambla\" \/>\n<meta name=\"twitter:label1\" content=\"Written by\" \/>\n\t<meta name=\"twitter:data1\" content=\"R@mbla\" \/>\n\t<meta name=\"twitter:label2\" content=\"Estimated reading time\" \/>\n\t<meta name=\"twitter:data2\" content=\"6 minutes\" \/>\n<script type=\"application\/ld+json\" class=\"yoast-schema-graph\">{\"@context\":\"https:\\\/\\\/schema.org\",\"@graph\":[{\"@type\":\"Article\",\"@id\":\"https:\\\/\\\/www.revistarambla.com\\\/adolfo-del-cueto-aramburu-situa-los-indicadores-que-decidiran-el-rumbo-economico-de-2026\\\/#article\",\"isPartOf\":{\"@id\":\"https:\\\/\\\/www.revistarambla.com\\\/adolfo-del-cueto-aramburu-situa-los-indicadores-que-decidiran-el-rumbo-economico-de-2026\\\/\"},\"author\":{\"name\":\"R@mbla\",\"@id\":\"https:\\\/\\\/www.revistarambla.com\\\/#\\\/schema\\\/person\\\/a146a5a2550b94981a75131180e1bd9c\"},\"headline\":\"Adolfo del Cueto Aramburu sit\u00faa los indicadores que decidir\u00e1n el rumbo econ\u00f3mico de 2026\",\"datePublished\":\"2026-01-27T17:26:58+00:00\",\"mainEntityOfPage\":{\"@id\":\"https:\\\/\\\/www.revistarambla.com\\\/adolfo-del-cueto-aramburu-situa-los-indicadores-que-decidiran-el-rumbo-economico-de-2026\\\/\"},\"wordCount\":1239,\"publisher\":{\"@id\":\"https:\\\/\\\/www.revistarambla.com\\\/#organization\"},\"image\":{\"@id\":\"https:\\\/\\\/www.revistarambla.com\\\/adolfo-del-cueto-aramburu-situa-los-indicadores-que-decidiran-el-rumbo-economico-de-2026\\\/#primaryimage\"},\"thumbnailUrl\":\"https:\\\/\\\/www.revistarambla.com\\\/wp-content\\\/uploads\\\/2017\\\/03\\\/bolsa-de-valores-1987032.jpg\",\"articleSection\":[\"Otras Noticias\"],\"inLanguage\":\"en-GB\"},{\"@type\":\"WebPage\",\"@id\":\"https:\\\/\\\/www.revistarambla.com\\\/adolfo-del-cueto-aramburu-situa-los-indicadores-que-decidiran-el-rumbo-economico-de-2026\\\/\",\"url\":\"https:\\\/\\\/www.revistarambla.com\\\/adolfo-del-cueto-aramburu-situa-los-indicadores-que-decidiran-el-rumbo-economico-de-2026\\\/\",\"name\":\"Adolfo del Cueto Aramburu sit\u00faa los indicadores que decidir\u00e1n el rumbo econ\u00f3mico de 2026 - Revista Rambla\",\"isPartOf\":{\"@id\":\"https:\\\/\\\/www.revistarambla.com\\\/#website\"},\"primaryImageOfPage\":{\"@id\":\"https:\\\/\\\/www.revistarambla.com\\\/adolfo-del-cueto-aramburu-situa-los-indicadores-que-decidiran-el-rumbo-economico-de-2026\\\/#primaryimage\"},\"image\":{\"@id\":\"https:\\\/\\\/www.revistarambla.com\\\/adolfo-del-cueto-aramburu-situa-los-indicadores-que-decidiran-el-rumbo-economico-de-2026\\\/#primaryimage\"},\"thumbnailUrl\":\"https:\\\/\\\/www.revistarambla.com\\\/wp-content\\\/uploads\\\/2017\\\/03\\\/bolsa-de-valores-1987032.jpg\",\"datePublished\":\"2026-01-27T17:26:58+00:00\",\"breadcrumb\":{\"@id\":\"https:\\\/\\\/www.revistarambla.com\\\/adolfo-del-cueto-aramburu-situa-los-indicadores-que-decidiran-el-rumbo-economico-de-2026\\\/#breadcrumb\"},\"inLanguage\":\"en-GB\",\"potentialAction\":[{\"@type\":\"ReadAction\",\"target\":[\"https:\\\/\\\/www.revistarambla.com\\\/adolfo-del-cueto-aramburu-situa-los-indicadores-que-decidiran-el-rumbo-economico-de-2026\\\/\"]}]},{\"@type\":\"ImageObject\",\"inLanguage\":\"en-GB\",\"@id\":\"https:\\\/\\\/www.revistarambla.com\\\/adolfo-del-cueto-aramburu-situa-los-indicadores-que-decidiran-el-rumbo-economico-de-2026\\\/#primaryimage\",\"url\":\"https:\\\/\\\/www.revistarambla.com\\\/wp-content\\\/uploads\\\/2017\\\/03\\\/bolsa-de-valores-1987032.jpg\",\"contentUrl\":\"https:\\\/\\\/www.revistarambla.com\\\/wp-content\\\/uploads\\\/2017\\\/03\\\/bolsa-de-valores-1987032.jpg\",\"width\":1600,\"height\":950,\"caption\":\"financial security econom\u00eda inversiones fondos indexados Bulltick\"},{\"@type\":\"BreadcrumbList\",\"@id\":\"https:\\\/\\\/www.revistarambla.com\\\/adolfo-del-cueto-aramburu-situa-los-indicadores-que-decidiran-el-rumbo-economico-de-2026\\\/#breadcrumb\",\"itemListElement\":[{\"@type\":\"ListItem\",\"position\":1,\"name\":\"Portada\",\"item\":\"https:\\\/\\\/www.revistarambla.com\\\/\"},{\"@type\":\"ListItem\",\"position\":2,\"name\":\"Adolfo del Cueto Aramburu sit\u00faa los indicadores que decidir\u00e1n el rumbo econ\u00f3mico de 2026\"}]},{\"@type\":\"WebSite\",\"@id\":\"https:\\\/\\\/www.revistarambla.com\\\/#website\",\"url\":\"https:\\\/\\\/www.revistarambla.com\\\/\",\"name\":\"Revista Rambla Barcelona\",\"description\":\"Periodismo independiente\",\"publisher\":{\"@id\":\"https:\\\/\\\/www.revistarambla.com\\\/#organization\"},\"potentialAction\":[{\"@type\":\"SearchAction\",\"target\":{\"@type\":\"EntryPoint\",\"urlTemplate\":\"https:\\\/\\\/www.revistarambla.com\\\/?s={search_term_string}\"},\"query-input\":{\"@type\":\"PropertyValueSpecification\",\"valueRequired\":true,\"valueName\":\"search_term_string\"}}],\"inLanguage\":\"en-GB\"},{\"@type\":\"Organization\",\"@id\":\"https:\\\/\\\/www.revistarambla.com\\\/#organization\",\"name\":\"Revista Rambla\",\"url\":\"https:\\\/\\\/www.revistarambla.com\\\/\",\"logo\":{\"@type\":\"ImageObject\",\"inLanguage\":\"en-GB\",\"@id\":\"https:\\\/\\\/www.revistarambla.com\\\/#\\\/schema\\\/logo\\\/image\\\/\",\"url\":\"https:\\\/\\\/www.revistarambla.com\\\/wp-content\\\/uploads\\\/2020\\\/09\\\/banner_rambla_1900x600_BB.png\",\"contentUrl\":\"https:\\\/\\\/www.revistarambla.com\\\/wp-content\\\/uploads\\\/2020\\\/09\\\/banner_rambla_1900x600_BB.png\",\"width\":1900,\"height\":600,\"caption\":\"Revista Rambla\"},\"image\":{\"@id\":\"https:\\\/\\\/www.revistarambla.com\\\/#\\\/schema\\\/logo\\\/image\\\/\"},\"sameAs\":[\"https:\\\/\\\/www.facebook.com\\\/revistarambla\\\/\",\"https:\\\/\\\/x.com\\\/revistarambla\",\"https:\\\/\\\/www.instagram.com\\\/revista_rambla\",\"https:\\\/\\\/es.linkedin.com\\\/company\\\/revista-rambla\"]},{\"@type\":\"Person\",\"@id\":\"https:\\\/\\\/www.revistarambla.com\\\/#\\\/schema\\\/person\\\/a146a5a2550b94981a75131180e1bd9c\",\"name\":\"R@mbla\",\"description\":\"Este art\u00edculo ha sido redactado y\\\/o validado por el equipo de redacci\u00f3n de Revista Rambla.\",\"sameAs\":[\"https:\\\/\\\/www.revistarambla.com\\\/\",\"https:\\\/\\\/www.facebook.com\\\/revistarambla\",\"https:\\\/\\\/x.com\\\/revistarambla\"]}]}<\/script>\n<!-- \/ Yoast SEO plugin. -->","yoast_head_json":{"title":"Adolfo del Cueto Aramburu sit\u00faa los indicadores que decidir\u00e1n el rumbo econ\u00f3mico de 2026 - Revista Rambla","robots":{"index":"index","follow":"follow","max-snippet":"max-snippet:-1","max-image-preview":"max-image-preview:large","max-video-preview":"max-video-preview:-1"},"canonical":"https:\/\/www.revistarambla.com\/en\/adolfo-del-cueto-aramburu-situa-los-indicadores-que-decidiran-el-rumbo-economico-de-2026\/","og_locale":"en_GB","og_type":"article","og_title":"Adolfo del Cueto Aramburu sit\u00faa los indicadores que decidir\u00e1n el rumbo econ\u00f3mico de 2026 - Revista Rambla","og_description":"\u00bfQu\u00e9 variables deber\u00edan vigilar los inversores de cara al pr\u00f3ximo a\u00f1o? Adolfo del Cueto Aramburu, fundador y CEO de la firma de servicios financieros Bulltick, ha presentado un an\u00e1lisis detallado sobre los indicadores que marcar\u00e1n la pauta de la econom\u00eda global durante 2026. Bas\u00e1ndose en informes propios de la compa\u00f1\u00eda, [&hellip;]","og_url":"https:\/\/www.revistarambla.com\/en\/adolfo-del-cueto-aramburu-situa-los-indicadores-que-decidiran-el-rumbo-economico-de-2026\/","og_site_name":"Revista Rambla","article_publisher":"https:\/\/www.facebook.com\/revistarambla\/","article_author":"https:\/\/www.facebook.com\/revistarambla","article_published_time":"2026-01-27T17:26:58+00:00","og_image":[{"width":1600,"height":950,"url":"https:\/\/www.revistarambla.com\/wp-content\/uploads\/2017\/03\/bolsa-de-valores-1987032.jpg","type":"image\/jpeg"}],"author":"R@mbla","twitter_card":"summary_large_image","twitter_creator":"@revistarambla","twitter_site":"@revistarambla","twitter_misc":{"Written by":"R@mbla","Estimated reading time":"6 minutes"},"schema":{"@context":"https:\/\/schema.org","@graph":[{"@type":"Article","@id":"https:\/\/www.revistarambla.com\/adolfo-del-cueto-aramburu-situa-los-indicadores-que-decidiran-el-rumbo-economico-de-2026\/#article","isPartOf":{"@id":"https:\/\/www.revistarambla.com\/adolfo-del-cueto-aramburu-situa-los-indicadores-que-decidiran-el-rumbo-economico-de-2026\/"},"author":{"name":"R@mbla","@id":"https:\/\/www.revistarambla.com\/#\/schema\/person\/a146a5a2550b94981a75131180e1bd9c"},"headline":"Adolfo del Cueto Aramburu sit\u00faa los indicadores que decidir\u00e1n el rumbo econ\u00f3mico de 2026","datePublished":"2026-01-27T17:26:58+00:00","mainEntityOfPage":{"@id":"https:\/\/www.revistarambla.com\/adolfo-del-cueto-aramburu-situa-los-indicadores-que-decidiran-el-rumbo-economico-de-2026\/"},"wordCount":1239,"publisher":{"@id":"https:\/\/www.revistarambla.com\/#organization"},"image":{"@id":"https:\/\/www.revistarambla.com\/adolfo-del-cueto-aramburu-situa-los-indicadores-que-decidiran-el-rumbo-economico-de-2026\/#primaryimage"},"thumbnailUrl":"https:\/\/www.revistarambla.com\/wp-content\/uploads\/2017\/03\/bolsa-de-valores-1987032.jpg","articleSection":["Otras Noticias"],"inLanguage":"en-GB"},{"@type":"WebPage","@id":"https:\/\/www.revistarambla.com\/adolfo-del-cueto-aramburu-situa-los-indicadores-que-decidiran-el-rumbo-economico-de-2026\/","url":"https:\/\/www.revistarambla.com\/adolfo-del-cueto-aramburu-situa-los-indicadores-que-decidiran-el-rumbo-economico-de-2026\/","name":"Adolfo del Cueto Aramburu sit\u00faa los indicadores que decidir\u00e1n el rumbo econ\u00f3mico de 2026 - Revista Rambla","isPartOf":{"@id":"https:\/\/www.revistarambla.com\/#website"},"primaryImageOfPage":{"@id":"https:\/\/www.revistarambla.com\/adolfo-del-cueto-aramburu-situa-los-indicadores-que-decidiran-el-rumbo-economico-de-2026\/#primaryimage"},"image":{"@id":"https:\/\/www.revistarambla.com\/adolfo-del-cueto-aramburu-situa-los-indicadores-que-decidiran-el-rumbo-economico-de-2026\/#primaryimage"},"thumbnailUrl":"https:\/\/www.revistarambla.com\/wp-content\/uploads\/2017\/03\/bolsa-de-valores-1987032.jpg","datePublished":"2026-01-27T17:26:58+00:00","breadcrumb":{"@id":"https:\/\/www.revistarambla.com\/adolfo-del-cueto-aramburu-situa-los-indicadores-que-decidiran-el-rumbo-economico-de-2026\/#breadcrumb"},"inLanguage":"en-GB","potentialAction":[{"@type":"ReadAction","target":["https:\/\/www.revistarambla.com\/adolfo-del-cueto-aramburu-situa-los-indicadores-que-decidiran-el-rumbo-economico-de-2026\/"]}]},{"@type":"ImageObject","inLanguage":"en-GB","@id":"https:\/\/www.revistarambla.com\/adolfo-del-cueto-aramburu-situa-los-indicadores-que-decidiran-el-rumbo-economico-de-2026\/#primaryimage","url":"https:\/\/www.revistarambla.com\/wp-content\/uploads\/2017\/03\/bolsa-de-valores-1987032.jpg","contentUrl":"https:\/\/www.revistarambla.com\/wp-content\/uploads\/2017\/03\/bolsa-de-valores-1987032.jpg","width":1600,"height":950,"caption":"financial security econom\u00eda inversiones fondos indexados Bulltick"},{"@type":"BreadcrumbList","@id":"https:\/\/www.revistarambla.com\/adolfo-del-cueto-aramburu-situa-los-indicadores-que-decidiran-el-rumbo-economico-de-2026\/#breadcrumb","itemListElement":[{"@type":"ListItem","position":1,"name":"Portada","item":"https:\/\/www.revistarambla.com\/"},{"@type":"ListItem","position":2,"name":"Adolfo del Cueto Aramburu sit\u00faa los indicadores que decidir\u00e1n el rumbo econ\u00f3mico de 2026"}]},{"@type":"WebSite","@id":"https:\/\/www.revistarambla.com\/#website","url":"https:\/\/www.revistarambla.com\/","name":"Revista Rambla Barcelona","description":"Periodismo independiente","publisher":{"@id":"https:\/\/www.revistarambla.com\/#organization"},"potentialAction":[{"@type":"SearchAction","target":{"@type":"EntryPoint","urlTemplate":"https:\/\/www.revistarambla.com\/?s={search_term_string}"},"query-input":{"@type":"PropertyValueSpecification","valueRequired":true,"valueName":"search_term_string"}}],"inLanguage":"en-GB"},{"@type":"Organization","@id":"https:\/\/www.revistarambla.com\/#organization","name":"Revista Rambla","url":"https:\/\/www.revistarambla.com\/","logo":{"@type":"ImageObject","inLanguage":"en-GB","@id":"https:\/\/www.revistarambla.com\/#\/schema\/logo\/image\/","url":"https:\/\/www.revistarambla.com\/wp-content\/uploads\/2020\/09\/banner_rambla_1900x600_BB.png","contentUrl":"https:\/\/www.revistarambla.com\/wp-content\/uploads\/2020\/09\/banner_rambla_1900x600_BB.png","width":1900,"height":600,"caption":"Revista Rambla"},"image":{"@id":"https:\/\/www.revistarambla.com\/#\/schema\/logo\/image\/"},"sameAs":["https:\/\/www.facebook.com\/revistarambla\/","https:\/\/x.com\/revistarambla","https:\/\/www.instagram.com\/revista_rambla","https:\/\/es.linkedin.com\/company\/revista-rambla"]},{"@type":"Person","@id":"https:\/\/www.revistarambla.com\/#\/schema\/person\/a146a5a2550b94981a75131180e1bd9c","name":"R@mbla","description":"Este art\u00edculo ha sido redactado y\/o validado por el equipo de redacci\u00f3n de Revista Rambla.","sameAs":["https:\/\/www.revistarambla.com\/","https:\/\/www.facebook.com\/revistarambla","https:\/\/x.com\/revistarambla"]}]}},"_links":{"self":[{"href":"https:\/\/www.revistarambla.com\/en\/wp-json\/wp\/v2\/posts\/67676","targetHints":{"allow":["GET"]}}],"collection":[{"href":"https:\/\/www.revistarambla.com\/en\/wp-json\/wp\/v2\/posts"}],"about":[{"href":"https:\/\/www.revistarambla.com\/en\/wp-json\/wp\/v2\/types\/post"}],"author":[{"embeddable":true,"href":"https:\/\/www.revistarambla.com\/en\/wp-json\/wp\/v2\/users\/3"}],"replies":[{"embeddable":true,"href":"https:\/\/www.revistarambla.com\/en\/wp-json\/wp\/v2\/comments?post=67676"}],"version-history":[{"count":1,"href":"https:\/\/www.revistarambla.com\/en\/wp-json\/wp\/v2\/posts\/67676\/revisions"}],"predecessor-version":[{"id":67677,"href":"https:\/\/www.revistarambla.com\/en\/wp-json\/wp\/v2\/posts\/67676\/revisions\/67677"}],"wp:featuredmedia":[{"embeddable":true,"href":"https:\/\/www.revistarambla.com\/en\/wp-json\/wp\/v2\/media\/12099"}],"wp:attachment":[{"href":"https:\/\/www.revistarambla.com\/en\/wp-json\/wp\/v2\/media?parent=67676"}],"wp:term":[{"taxonomy":"category","embeddable":true,"href":"https:\/\/www.revistarambla.com\/en\/wp-json\/wp\/v2\/categories?post=67676"},{"taxonomy":"post_tag","embeddable":true,"href":"https:\/\/www.revistarambla.com\/en\/wp-json\/wp\/v2\/tags?post=67676"}],"curies":[{"name":"wp","href":"https:\/\/api.w.org\/{rel}","templated":true}]}}