{"id":67672,"date":"2026-01-24T20:45:02","date_gmt":"2026-01-24T19:45:02","guid":{"rendered":"https:\/\/www.revistarambla.com\/?p=67672"},"modified":"2026-01-27T19:10:10","modified_gmt":"2026-01-27T18:10:10","slug":"el-garrote-contra-groenlandia-y-una-crisis-no-resuelta","status":"publish","type":"post","link":"https:\/\/www.revistarambla.com\/en\/el-garrote-contra-groenlandia-y-una-crisis-no-resuelta\/","title":{"rendered":"El garrote contra Groenlandia y una crisis no resuelta"},"content":{"rendered":"<p class=\"x_2101019880ydpa4315a56yiv7623907917ydp7c89d3e3yiv1068021815ydpfe3ff8acyiv9964827955ydp94598961yiv4101205041ydpa856258byiv2399613690ydpac59423ayiv2806365198ydpe71802d3msonormal\"><b><span lang=\"ES\">Regi\u00f3n casi desconocida hace apenas algunos meses, Groenlandia irrumpi\u00f3 abruptamente como centro del mapamundi geopol\u00edtico mundial y puso a prueba su fr\u00e1gil equilibrio. La tercera semana de enero, el hielo polar \u00e1rtico de esa isla gigantesca se desplaz\u00f3 hasta la alpina Davos y calent\u00f3 el debate en el Foro Econ\u00f3mico Mundial, relegando los temas del temario a un plano virtualmente secundario. Adem\u00e1s, mostr\u00f3 un punto de fuerte tensi\u00f3n entre Washington y sus aliados occidentales y debilit\u00f3 las simpat\u00edas de la extrema derecha europea hacia su referente en la Casa Blanca.<\/span><\/b><\/p>\n<p class=\"x_2101019880ydpa4315a56yiv7623907917ydp7c89d3e3yiv1068021815ydpfe3ff8acyiv9964827955ydp94598961yiv4101205041ydpa856258byiv2399613690ydpac59423ayiv2806365198ydpe71802d3msonormal\"><span lang=\"ES\">Desde 1979, Groenlandia, con m\u00e1s de 2 millones de kil\u00f3metros cuadrados de superficie &#8211;el 81% bajo el hielo&#8211; ha funcionado como un pa\u00eds aut\u00f3nomo dentro del Reino de Dinamarca. Colonizada por n\u00f3rdicos procedentes de Islandia a fines del siglo X, tras un per\u00edodo de control noruego pas\u00f3 a manos danesas en el siglo XVIII, relaci\u00f3n que ha perdurado hasta hoy.<\/span><span lang=\"ES\">\u00a0<\/span>En 2009 logr\u00f3 su autonom\u00eda, con derecho a la gesti\u00f3n judicial, policial y de recursos naturales, quedando en manos de Dinamarca la de relaciones exteriores y seguridad.<\/p>\n<p class=\"x_2101019880ydpa4315a56yiv7623907917ydp7c89d3e3yiv1068021815ydpfe3ff8acyiv9964827955ydp94598961yiv4101205041ydpa856258byiv2399613690ydpac59423ayiv2806365198ydpe71802d3msonormal\"><b><span lang=\"ES\">Centro del debate en el Foro<\/span><\/b><\/p>\n<p class=\"x_2101019880ydpa4315a56yiv7623907917ydp7c89d3e3yiv1068021815ydpfe3ff8acyiv9964827955ydp94598961yiv4101205041ydpa856258byiv2399613690ydpac59423ayiv2806365198ydpe71802d3msonormal\"><span lang=\"ES\">Ya en Davos, el martes 20 de enero el presidente franc\u00e9s Emmanuel Macron y la presidenta de la Comisi\u00f3n Europea, Ursula von der Leyen, asumieron la iniciativa en la tematizaci\u00f3n de la crisis groenlandesa al poner en el mismo centro de sus declaraciones el concepto de una Europa \u201cindependiente\u201d.<\/span><\/p>\n<p class=\"x_2101019880ydpa4315a56yiv7623907917ydp7c89d3e3yiv1068021815ydpfe3ff8acyiv9964827955ydp94598961yiv4101205041ydpa856258byiv2399613690ydpac59423ayiv2806365198ydpe71802d3msonormal\"><span lang=\"ES\">La soberan\u00eda y la integridad de este territorio dan\u00e9s aut\u00f3nomo no son negociables, subray\u00f3 von der Leyen, aunque dejando la puerta abierta a una posible colaboraci\u00f3n con Estados Unidos para decidir sobre su futuro. Por otra parte, advirti\u00f3, los recargos arancelarios que propone Trump como retorsi\u00f3n a los pa\u00edses europeos que defienden la soberan\u00eda territorial de Groenlandia constituyen un \u201cerror\u201d. Y prometi\u00f3 una respuesta europea \u201cfirme, unida y proporcionada\u201d al tiempo que destac\u00f3 la amistad que une a la Uni\u00f3n Europea con Estados Unidos. D\u00edas antes, el presidente estadounidense hab\u00eda amenazado a ocho pa\u00edses del Viejo Mundo -que movilizaron una peque\u00f1a tropa hacia la isla- con mayores aranceles si no le ced\u00edan Groenlandia.\u00a0\u00a0<\/span><\/p>\n<p class=\"x_2101019880ydpa4315a56yiv7623907917ydp7c89d3e3yiv1068021815ydpfe3ff8acyiv9964827955ydp94598961yiv4101205041ydpa856258byiv2399613690ydpac59423ayiv2806365198ydpe71802d3msonormal\"><span lang=\"ES\">Von der Leyen adem\u00e1s anticip\u00f3 la intenci\u00f3n de reforzar la seguridad en el \u00c1rtico en colaboraci\u00f3n con Groenlandia, Dinamarca y Estados Unidos. Por su parte, Macron, durante esa misma jornada del Foro, abog\u00f3 ante las grandes potencias por una respuesta europea de ninguna manera \u201ct\u00edmida\u201d en un mundo en el que \u201cparece reinar la ley del m\u00e1s fuerte\u201d.<\/span><\/p>\n<p>Un d\u00eda despu\u00e9s, el mi\u00e9rcoles 21,\u00a0en un discurso tan tedioso como repetitivo y definitivamente \u201celectoralista\u201d, Trump\u00a0 tematiz\u00f3 en primera persona y con actitudes y un tono de capataz del mundo, sus propias aspiraciones con respecto al territorio groenland\u00e9s, \u201ceso que es solo un gran pedazo de hielo\u201d. Si bien asegur\u00f3 que no emplear\u00eda la violencia para apropiarse del mismo, reiter\u00f3 en varios momentos de su improvisada perorata que Estados Unidos deber\u00eda recibir la isla como reconocimiento de Dinamarca, Europa y la OTAN. Algo as\u00ed como una muestra de agradecimiento de parte de sus aliados por todo lo que la potencia americana ha estado haciendo desde hace d\u00e9cadas a favor de ellos y sin pedirles nada a cambio. En otras palabras, en la concepci\u00f3n <i>trumpiana<\/i> la mayor isla del mundo ser\u00eda una parte del precio justo a pagarle a Washington como contraprestaci\u00f3n por la asistencia pol\u00edtico-militar norteamericana desde la 2da guerra mundial hasta el presente.<\/p>\n<p>Sin poder esconder un cierto tono de impotencia en su argumentaci\u00f3n, Trump culmin\u00f3 con un tono entre decepcionado y amenazante afirmando que si recibe \u00a0Groenlandia, \u201cEstados Unidos se los agradecer\u00e1\u201d, pero que si no lo hacen, \u201cnos vamos a acordar\u201d, es decir, lo van a lamentar.\u00a0\u00a0Posiblemente, de este modo trataba de insinuar t\u00e1citamente la eventualidad de nuevas retorsiones, con aranceles aduaneros m\u00e1s onerosos sobre los productos europeos exportados a Estados Unidos. Incluso, el quiebre de ciertas alianzas pol\u00edticas y militares entre Washington y Bruselas.<\/p>\n<p><span lang=\"ES\">Horas despu\u00e9s de su discurso en Davos, el mandatario mantuvo una reuni\u00f3n con el secretario general de la OTAN, Mark Rutte, calificada por ambos como de \u201cmuy \u00fatil\u201d. En ese encuentro hubo humo blanco y se habr\u00eda evaluado un marco para un eventual futuro acuerdo con respecto a Groenlandia. A cambio, Trump comunic\u00f3 que retrocede con su decisi\u00f3n de sanciones arancelarias a los ocho pa\u00edses europeos que d\u00edas antes hab\u00eda \u201csancionado\u201d. La reuni\u00f3n especial de los dirigentes de la Uni\u00f3n Europea del jueves 22 de enero sirvi\u00f3 para bajar la tensi\u00f3n de varias semanas de una espiral ret\u00f3rica confrontativa con Washington en aumento. Fue el \u00e1mbito para reiterar la soberan\u00eda territorial de Dinamarca sobre Groenlandia y un escenario donde las desconfianzas de fondo no terminaron de desaparecer.<\/span><\/p>\n<p>Las pr\u00f3ximas semanas permitir\u00e1n entender mejor los cursos probables. En particular comprender si el capricho anexionista del jefe de la Casa Blanca fue satisfecho -total o parcialmente- por sus aliados europeos. O si el anuncio de ese preacuerdo fue una salida elegante para que Trum no vuelva a Washington con las manos vac\u00edas. Lo cierto es que en el \u201ccaso Groenlandia\u201d se transit\u00f3 un primer quiebre importante en la relaci\u00f3n entre Trump y sus aliados europeos. Y ni siquiera, en este caso, las amenazas de los nuevos aranceles -con el consiguiente impacto econ\u00f3mico en productos europeos de exportaci\u00f3n- tuvo un efecto directo en la posici\u00f3n europea con respecto a la soberan\u00eda territorial de Groenlandia.\u00a0 <span lang=\"ES\"><br \/>\n<b><br \/>\n<\/b><\/span><b><span lang=\"ES\">Antecedentes de una escalada<\/span><\/b><\/p>\n<p class=\"x_2101019880ydpa4315a56yiv7623907917ydp7c89d3e3yiv1068021815ydpfe3ff8acyiv9964827955ydp94598961yiv4101205041ydpa856258byiv2399613690ydpac59423ayiv2806365198ydpe71802d3msonormal\"><span lang=\"ES\">Apenas dos semanas antes de la apertura del Foro, varios pa\u00edses europeos hab\u00edan decidido cerrar filas contra las aspiraciones expansionistas de Trump. Francia, Alemania, Italia, Polonia, Espa\u00f1a y el Reino Unido anunciaron conjuntamente su apoyo a Dinamarca frente a la escalada estadounidense. \u201cGroenlandia pertenece a su pueblo. Corresponde decidir a Dinamarca y Groenlandia, y solo a ellas\u201d, enfatizaron sus respectivos dirigentes. La mayor isla del mundo, argumentaron en\u00e9rgicamente, \u201cforma parte\u201d de la Organizaci\u00f3n del Tratado del Atl\u00e1ntico Norte al igual que Estados Unidos. Por otra parte, le recordaron a Trump que Estados Unidos sigue estrechamente vinculado a Copenhague por un acuerdo de defensa.<\/span><\/p>\n<p class=\"x_2101019880ydpa4315a56yiv7623907917ydp7c89d3e3yiv1068021815ydpfe3ff8acyiv9964827955ydp94598961yiv4101205041ydpa856258byiv2399613690ydpac59423ayiv2806365198ydpe71802d3msonormal\"><span lang=\"ES\">\u201cLa seguridad en el \u00c1rtico\u201d, agregaron, \u201csigue siendo una prioridad fundamental para Europa y es crucial para la seguridad internacional y transatl\u00e1ntica\u201d y que, debido a que \u201cel Reino de Dinamarca, incluida Groenlandia, forma parte de la OTAN, dicha seguridad se debe garantizar colectivamente, en cooperaci\u00f3n con los aliados de la OTAN, incluidos los Estados Unidos\u201d. Por otra parte, y fundamentalmente, insisten los signatarios de la declaraci\u00f3n, se debe respetar \u201clos principios de la Carta de las Naciones Unidas, en particular la soberan\u00eda, la integridad territorial y la inviolabilidad de las fronteras\u201d por constituir \u201cprincipios universales\u201d, que no dejar\u00e1n de defender.<\/span><\/p>\n<p class=\"x_2101019880ydpa4315a56yiv7623907917ydp7c89d3e3yiv1068021815ydpfe3ff8acyiv9964827955ydp94598961yiv4101205041ydpa856258byiv2399613690ydpac59423ayiv2806365198ydpe71802d3msonormal\"><b><span lang=\"ES\">Se resienten las alianzas \u201cnaturales\u201d<\/span><\/b><\/p>\n<p><span lang=\"ES\">Las fuerzas de centro y de derecha representadas por los partidos populares y liberales \u2013 hist\u00f3ricamente dispuestos a alcanzar compromisos pol\u00edticos con Washington&#8211; controlan, junto con la socialdemocracia, el partido Verde y la izquierda, la mayor\u00eda de los 720 esca\u00f1os del Parlamento Europeo.<\/span><\/p>\n<p>A ra\u00edz de las tensiones generadas por las aspiraciones estadounidenses sobre Groenlandia, esos partidos han comenzado a distanciarse de Washington por considerar esencial y no negociable el respeto a la soberan\u00eda territorial de cada Estado europeo y de\u00a0la propia Uni\u00f3n Europea.<\/p>\n<p class=\"x_2101019880ydpa4315a56yiv7623907917ydp7c89d3e3yiv1068021815ydpfe3ff8acyiv9964827955ydp94598961yiv4101205041ydpa856258byiv2399613690ydpac59423ayiv2806365198ydpe71802d3msonormal\">Adicionalmente, para esos sectores, en la medida en que los Estados Unidos amenacen con apropiarse de Groenlandia con el argumento de su propia seguridad y de la \u201cseguridad mundial\u201d, est\u00e1n validando y reforzando la tendencia a similares intervenciones o conflictos, actuales o potenciales, tanto en Europa del Este como en Medio Oriente y en Asia. En otros t\u00e9rminos: la ley del m\u00e1s fuerte en Occidente legitima una similar ley de la selva en otras regiones del mundo a riesgo de hacer estallar en pedazos el ya fragilizado orden multilateral y su mayor referencia, las Naciones Unidas y sus instituciones.<\/p>\n<p><b>La extrema derecha contra las cuerdas<br \/>\n<\/b><br \/>\nEn el caso espec\u00edfico de los partidos y las fuerzas de la extrema derecha europea, el tema Groenlandia los confronta con un problema a\u00fan mayor. Aunque han venido expresando profundas simpat\u00edas con Washington desde la vuelta de Trump a la presidencia -coincidiendo con\u00a0 sus arrebatos nacionalistas, el control de fronteras, la pol\u00edtica anti inmigraci\u00f3n y las definiciones contra las diversidades- , una eventual agresi\u00f3n a la soberan\u00eda territorial europea les pone contra la espada y la pared.<\/p>\n<p>Seg\u00fan la edici\u00f3n digital del 21 de enero de <i>Corriere della Sera<\/i>, la primera ministra italiana de extrema derecha Giorgia Meloni est\u00e1 adoptando el enfoque m\u00e1s diplom\u00e1tico posible, convencida de que debe haber margen para un acuerdo integral entre\u00a0Dinamarca, la Uni\u00f3n Europea y Estados Unidos\u00a0sobre la explotaci\u00f3n de Groenlandia. Sin embargo, sostiene, la desescalada no puede lograrse sin pasar primero de las amenazas mutuas a una mesa de di\u00e1logo. Por otra parte, se\u00f1ala este cotidiano, Meloni ha recibido elogios directos e indirectos, por ejemplo, del presidente del Consejo Europeo,\u00a0Antonio Costa, por hacer algo que requiri\u00f3 mucha valent\u00eda:\u00a0\u201cllamar a Trump\u00a0y decirle a la\u00a0Casa Blanca\u00a0que se equivoca\u201d. Italia es uno de los seis firmantes de la declaraci\u00f3n conjunta exigi\u00e9ndole a Washington el respeto de la soberan\u00eda territorial de Dinamarca y Groenlandia.<\/p>\n<p><span lang=\"ES\">En cuanto a la extrema derecha francesa, el mi\u00e9rcoles 21 la cadena televisiva\u00a0<i>TF1<\/i>\u00a0coment\u00f3 que Jordan Bardella, l\u00edder de la Agrupaci\u00f3n Nacional de ese pa\u00eds, durante una sesi\u00f3n del Parlamento Europeo en Estrasburgo hab\u00eda instado a Francia y a la Uni\u00f3n Europea a \u201cmostrar fuerza\u201d contra Trump y su \u201cchantaje arancelario\u201d.\u00a0La crisis diplom\u00e1tica con Estados Unidos ha empujado a esa fuerza a reconsiderar su posici\u00f3n con respecto a Trump. Seg\u00fan <i>TF1<\/i>, estamos en presencia de un modelo inc\u00f3modo ya que la \u201cAgrupaci\u00f3n Nacional nunca ha ocultado su admiraci\u00f3n y afinidad con las ideas de Donald Trump; sin embargo, en los \u00faltimos meses, el presidente estadounidense se ha vuelto m\u00e1s dif\u00edcil de apoyar debido a sus crecientes\u00a0amenazas y ataques contra Francia y la Uni\u00f3n Europea\u201d. Contra todo pron\u00f3stico, concluye <i>TF1,<\/i> \u201cla actual crisis transatl\u00e1ntica est\u00e1 cambiando el panorama pol\u00edtico de la extrema derecha, obligando al partido de Jordan\u00a0<\/span>Bardella y Marine Le Pen a reconsiderar sus doctrinas\u201d. Bardella, quien tambi\u00e9n es eurodiputado, declar\u00f3 enf\u00e1ticamente que \u201cEl chantaje arancelario que utiliza la soberan\u00eda de un Estado europeo es inaceptable. O reaccionamos con la firmeza que implica este chantaje o desaparecemos\u201d.<\/p>\n<p class=\"x_2101019880ydpa4315a56yiv7623907917ydp7c89d3e3yiv1068021815ydpfe3ff8acyiv9964827955ydp94598961yiv4101205041ydpa856258byiv2399613690ydpac59423ayiv2806365198ydpe71802d3msonormal\"><span lang=\"ES\">En Alemania, hace apenas un a\u00f1o el partido ultraderechista Alternativa para Alemania (AfD) celebraba la victoria de Trump. Era el momento en que la AfD coqueteaba con Elon Musk, entonces el hombre fuerte de la gesti\u00f3n del nuevo presidente estadounidense. Hoy, la AfD critica la intervenci\u00f3n estadounidense en Venezuela y sus amenazas contra Groenlandia, acaba de comentar el peri\u00f3dico suizo\u00a0<i>Le Temps<\/i>. El art\u00edculo sostiene que \u201c<\/span>La verg\u00fcenza es palpable en Alternativa para Alemania\u201d. La c\u00fapula del partido hab\u00eda tardado diez d\u00edas en comentar oficialmente la captura del presidente venezolano por tropas estadounidenses el 3 de enero, as\u00ed como las amenazas de Trump contra Groenlandia. Pero, para sorpresa de todos, de pronto comenzaron a cuestionarlo.<\/p>\n<p class=\"x_2101019880ydpa4315a56yiv7623907917ydp7c89d3e3yiv1068021815ydpfe3ff8acyiv9964827955ydp94598961yiv4101205041ydpa856258byiv2399613690ydpac59423ayiv2806365198ydpe71802d3msonormal\">Por su parte, Alice Weidel, la principal dirigente del partido, afirm\u00f3 en Berl\u00edn la segunda semana de enero: \u201c[Trump] ha roto una promesa fundamental de campa\u00f1a: no interferir en los asuntos de otros Estados. Debe explic\u00e1rselo a sus votantes\u201d. Su colega Tino Chrupalla fue m\u00e1s lejos al equiparar la posici\u00f3n de Trump con respecto a Groenlandia con \u201cm\u00e9todos dignos del Oeste Salvaje\u201d. Y Markus Frohnmaier, responsable de relaciones internacionales de la Alianza, ratific\u00f3 el apoyo a la soberan\u00eda nacional de Dinamarca y Groenlandia. Seg\u00fan <i>Le Temps<\/i>, \u00e9ste declar\u00f3: \u201cSon los propios daneses y groenlandeses los que decidir\u00e1n su futuro\u201d.<\/p>\n<p class=\"x_2101019880ydpa4315a56yiv7623907917ydp7c89d3e3yiv1068021815ydpfe3ff8acyiv9964827955ydp94598961yiv4101205041ydpa856258byiv2399613690ydpac59423ayiv2806365198ydpe71802d3msonormal\"><b><span lang=\"ES\">Aunque el futuro de Groenlandia contin\u00faa siendo incierto se ha instalado como punto importante en la agenda de los disensos entre los hist\u00f3ricos aliados occidentales. Hizo estallar alianzas, amistades, simpat\u00edas. Mostr\u00f3 un sistema internacional resquebrajado. Cre\u00f3 un cimbronazo en el centro y la derecha continental. Signific\u00f3 un verdadero tsunami para una parte importante de la ascendente extrema derecha europea. Todos costos colaterales de una crisis que deja heridas y, sobre todo, profundiza desconfianzas a los dos lados del Atl\u00e1ntico<\/span><\/b><span lang=\"ES\">.<\/span><\/p>\n","protected":false},"excerpt":{"rendered":"<p>Davos 2026, poco de econom\u00eda y mucho de pulseada geopol\u00edtica<\/p>","protected":false},"author":24,"featured_media":67673,"comment_status":"closed","ping_status":"closed","sticky":false,"template":"","format":"standard","meta":{"footnotes":""},"categories":[4108],"tags":[],"class_list":["post-67672","post","type-post","status-publish","format-standard","has-post-thumbnail","hentry","category-el-apunte-de-sergio-ferrari"],"yoast_head":"<!-- This site is optimized with the Yoast SEO plugin v27.5 - https:\/\/yoast.com\/product\/yoast-seo-wordpress\/ -->\n<title>El garrote contra Groenlandia y una crisis no resuelta - Revista Rambla<\/title>\n<meta name=\"robots\" content=\"index, follow, max-snippet:-1, max-image-preview:large, max-video-preview:-1\" \/>\n<link rel=\"canonical\" href=\"https:\/\/www.revistarambla.com\/en\/el-garrote-contra-groenlandia-y-una-crisis-no-resuelta\/\" \/>\n<meta property=\"og:locale\" content=\"en_GB\" \/>\n<meta property=\"og:type\" content=\"article\" \/>\n<meta property=\"og:title\" content=\"El garrote contra Groenlandia y una crisis no resuelta - Revista Rambla\" \/>\n<meta property=\"og:description\" content=\"Davos 2026, poco de econom\u00eda y mucho de pulseada geopol\u00edtica\" \/>\n<meta property=\"og:url\" content=\"https:\/\/www.revistarambla.com\/en\/el-garrote-contra-groenlandia-y-una-crisis-no-resuelta\/\" \/>\n<meta property=\"og:site_name\" content=\"Revista Rambla\" \/>\n<meta property=\"article:publisher\" content=\"https:\/\/www.facebook.com\/revistarambla\/\" \/>\n<meta property=\"article:author\" content=\"https:\/\/www.facebook.com\/sergio.ferrari.9655\" \/>\n<meta property=\"article:published_time\" content=\"2026-01-24T19:45:02+00:00\" \/>\n<meta property=\"article:modified_time\" content=\"2026-01-27T18:10:10+00:00\" \/>\n<meta property=\"og:image\" content=\"https:\/\/www.revistarambla.com\/wp-content\/uploads\/2026\/01\/El-presidente-Trump-en-el-Foro-Economico-de-Davos_Foto-\u00a92026WEF_Benedikt-von-Loebell.jpg\" \/>\n\t<meta property=\"og:image:width\" content=\"800\" \/>\n\t<meta property=\"og:image:height\" content=\"533\" \/>\n\t<meta property=\"og:image:type\" content=\"image\/jpeg\" \/>\n<meta name=\"author\" content=\"Sergio Ferrari\" \/>\n<meta name=\"twitter:card\" content=\"summary_large_image\" \/>\n<meta name=\"twitter:creator\" content=\"@SergiooFerrari\" \/>\n<meta name=\"twitter:site\" content=\"@revistarambla\" \/>\n<meta name=\"twitter:label1\" content=\"Written by\" \/>\n\t<meta name=\"twitter:data1\" content=\"Sergio Ferrari\" \/>\n\t<meta name=\"twitter:label2\" content=\"Estimated reading time\" \/>\n\t<meta name=\"twitter:data2\" content=\"10 minutes\" \/>\n<script type=\"application\/ld+json\" class=\"yoast-schema-graph\">{\"@context\":\"https:\\\/\\\/schema.org\",\"@graph\":[{\"@type\":\"Article\",\"@id\":\"https:\\\/\\\/www.revistarambla.com\\\/el-garrote-contra-groenlandia-y-una-crisis-no-resuelta\\\/#article\",\"isPartOf\":{\"@id\":\"https:\\\/\\\/www.revistarambla.com\\\/el-garrote-contra-groenlandia-y-una-crisis-no-resuelta\\\/\"},\"author\":{\"name\":\"Sergio Ferrari\",\"@id\":\"https:\\\/\\\/www.revistarambla.com\\\/#\\\/schema\\\/person\\\/339e2410a25811f9912d8a8551fa5d96\"},\"headline\":\"El garrote contra Groenlandia y una crisis no resuelta\",\"datePublished\":\"2026-01-24T19:45:02+00:00\",\"dateModified\":\"2026-01-27T18:10:10+00:00\",\"mainEntityOfPage\":{\"@id\":\"https:\\\/\\\/www.revistarambla.com\\\/el-garrote-contra-groenlandia-y-una-crisis-no-resuelta\\\/\"},\"wordCount\":2136,\"publisher\":{\"@id\":\"https:\\\/\\\/www.revistarambla.com\\\/#organization\"},\"image\":{\"@id\":\"https:\\\/\\\/www.revistarambla.com\\\/el-garrote-contra-groenlandia-y-una-crisis-no-resuelta\\\/#primaryimage\"},\"thumbnailUrl\":\"https:\\\/\\\/www.revistarambla.com\\\/wp-content\\\/uploads\\\/2026\\\/01\\\/El-presidente-Trump-en-el-Foro-Economico-de-Davos_Foto-\u00a92026WEF_Benedikt-von-Loebell.jpg\",\"articleSection\":[\"El Apunte\"],\"inLanguage\":\"en-GB\"},{\"@type\":\"WebPage\",\"@id\":\"https:\\\/\\\/www.revistarambla.com\\\/el-garrote-contra-groenlandia-y-una-crisis-no-resuelta\\\/\",\"url\":\"https:\\\/\\\/www.revistarambla.com\\\/el-garrote-contra-groenlandia-y-una-crisis-no-resuelta\\\/\",\"name\":\"El garrote contra Groenlandia y una crisis no resuelta - Revista Rambla\",\"isPartOf\":{\"@id\":\"https:\\\/\\\/www.revistarambla.com\\\/#website\"},\"primaryImageOfPage\":{\"@id\":\"https:\\\/\\\/www.revistarambla.com\\\/el-garrote-contra-groenlandia-y-una-crisis-no-resuelta\\\/#primaryimage\"},\"image\":{\"@id\":\"https:\\\/\\\/www.revistarambla.com\\\/el-garrote-contra-groenlandia-y-una-crisis-no-resuelta\\\/#primaryimage\"},\"thumbnailUrl\":\"https:\\\/\\\/www.revistarambla.com\\\/wp-content\\\/uploads\\\/2026\\\/01\\\/El-presidente-Trump-en-el-Foro-Economico-de-Davos_Foto-\u00a92026WEF_Benedikt-von-Loebell.jpg\",\"datePublished\":\"2026-01-24T19:45:02+00:00\",\"dateModified\":\"2026-01-27T18:10:10+00:00\",\"breadcrumb\":{\"@id\":\"https:\\\/\\\/www.revistarambla.com\\\/el-garrote-contra-groenlandia-y-una-crisis-no-resuelta\\\/#breadcrumb\"},\"inLanguage\":\"en-GB\",\"potentialAction\":[{\"@type\":\"ReadAction\",\"target\":[\"https:\\\/\\\/www.revistarambla.com\\\/el-garrote-contra-groenlandia-y-una-crisis-no-resuelta\\\/\"]}]},{\"@type\":\"ImageObject\",\"inLanguage\":\"en-GB\",\"@id\":\"https:\\\/\\\/www.revistarambla.com\\\/el-garrote-contra-groenlandia-y-una-crisis-no-resuelta\\\/#primaryimage\",\"url\":\"https:\\\/\\\/www.revistarambla.com\\\/wp-content\\\/uploads\\\/2026\\\/01\\\/El-presidente-Trump-en-el-Foro-Economico-de-Davos_Foto-\u00a92026WEF_Benedikt-von-Loebell.jpg\",\"contentUrl\":\"https:\\\/\\\/www.revistarambla.com\\\/wp-content\\\/uploads\\\/2026\\\/01\\\/El-presidente-Trump-en-el-Foro-Economico-de-Davos_Foto-\u00a92026WEF_Benedikt-von-Loebell.jpg\",\"width\":800,\"height\":533,\"caption\":\"Groenlandia\"},{\"@type\":\"BreadcrumbList\",\"@id\":\"https:\\\/\\\/www.revistarambla.com\\\/el-garrote-contra-groenlandia-y-una-crisis-no-resuelta\\\/#breadcrumb\",\"itemListElement\":[{\"@type\":\"ListItem\",\"position\":1,\"name\":\"Portada\",\"item\":\"https:\\\/\\\/www.revistarambla.com\\\/\"},{\"@type\":\"ListItem\",\"position\":2,\"name\":\"El garrote contra Groenlandia y una crisis no resuelta\"}]},{\"@type\":\"WebSite\",\"@id\":\"https:\\\/\\\/www.revistarambla.com\\\/#website\",\"url\":\"https:\\\/\\\/www.revistarambla.com\\\/\",\"name\":\"Revista Rambla Barcelona\",\"description\":\"Periodismo independiente\",\"publisher\":{\"@id\":\"https:\\\/\\\/www.revistarambla.com\\\/#organization\"},\"potentialAction\":[{\"@type\":\"SearchAction\",\"target\":{\"@type\":\"EntryPoint\",\"urlTemplate\":\"https:\\\/\\\/www.revistarambla.com\\\/?s={search_term_string}\"},\"query-input\":{\"@type\":\"PropertyValueSpecification\",\"valueRequired\":true,\"valueName\":\"search_term_string\"}}],\"inLanguage\":\"en-GB\"},{\"@type\":\"Organization\",\"@id\":\"https:\\\/\\\/www.revistarambla.com\\\/#organization\",\"name\":\"Revista Rambla\",\"url\":\"https:\\\/\\\/www.revistarambla.com\\\/\",\"logo\":{\"@type\":\"ImageObject\",\"inLanguage\":\"en-GB\",\"@id\":\"https:\\\/\\\/www.revistarambla.com\\\/#\\\/schema\\\/logo\\\/image\\\/\",\"url\":\"https:\\\/\\\/www.revistarambla.com\\\/wp-content\\\/uploads\\\/2020\\\/09\\\/banner_rambla_1900x600_BB.png\",\"contentUrl\":\"https:\\\/\\\/www.revistarambla.com\\\/wp-content\\\/uploads\\\/2020\\\/09\\\/banner_rambla_1900x600_BB.png\",\"width\":1900,\"height\":600,\"caption\":\"Revista Rambla\"},\"image\":{\"@id\":\"https:\\\/\\\/www.revistarambla.com\\\/#\\\/schema\\\/logo\\\/image\\\/\"},\"sameAs\":[\"https:\\\/\\\/www.facebook.com\\\/revistarambla\\\/\",\"https:\\\/\\\/x.com\\\/revistarambla\",\"https:\\\/\\\/www.instagram.com\\\/revista_rambla\",\"https:\\\/\\\/es.linkedin.com\\\/company\\\/revista-rambla\"]},{\"@type\":\"Person\",\"@id\":\"https:\\\/\\\/www.revistarambla.com\\\/#\\\/schema\\\/person\\\/339e2410a25811f9912d8a8551fa5d96\",\"name\":\"Sergio Ferrari\",\"description\":\"Periodista argentino radicado en Berna, Suiza. Acreditado ante el Gobierno suizo. Colaborador regular de numerosos medios latinoamericanos y europeos.\",\"sameAs\":[\"https:\\\/\\\/www.voltairenet.org\\\/auteur120173.html?lang=es\",\"https:\\\/\\\/www.facebook.com\\\/sergio.ferrari.9655\",\"https:\\\/\\\/x.com\\\/SergiooFerrari\"]}]}<\/script>\n<!-- \/ Yoast SEO plugin. -->","yoast_head_json":{"title":"El garrote contra Groenlandia y una crisis no resuelta - Revista Rambla","robots":{"index":"index","follow":"follow","max-snippet":"max-snippet:-1","max-image-preview":"max-image-preview:large","max-video-preview":"max-video-preview:-1"},"canonical":"https:\/\/www.revistarambla.com\/en\/el-garrote-contra-groenlandia-y-una-crisis-no-resuelta\/","og_locale":"en_GB","og_type":"article","og_title":"El garrote contra Groenlandia y una crisis no resuelta - Revista Rambla","og_description":"Davos 2026, poco de econom\u00eda y mucho de pulseada geopol\u00edtica","og_url":"https:\/\/www.revistarambla.com\/en\/el-garrote-contra-groenlandia-y-una-crisis-no-resuelta\/","og_site_name":"Revista Rambla","article_publisher":"https:\/\/www.facebook.com\/revistarambla\/","article_author":"https:\/\/www.facebook.com\/sergio.ferrari.9655","article_published_time":"2026-01-24T19:45:02+00:00","article_modified_time":"2026-01-27T18:10:10+00:00","og_image":[{"width":800,"height":533,"url":"https:\/\/www.revistarambla.com\/wp-content\/uploads\/2026\/01\/El-presidente-Trump-en-el-Foro-Economico-de-Davos_Foto-\u00a92026WEF_Benedikt-von-Loebell.jpg","type":"image\/jpeg"}],"author":"Sergio Ferrari","twitter_card":"summary_large_image","twitter_creator":"@SergiooFerrari","twitter_site":"@revistarambla","twitter_misc":{"Written by":"Sergio Ferrari","Estimated reading time":"10 minutes"},"schema":{"@context":"https:\/\/schema.org","@graph":[{"@type":"Article","@id":"https:\/\/www.revistarambla.com\/el-garrote-contra-groenlandia-y-una-crisis-no-resuelta\/#article","isPartOf":{"@id":"https:\/\/www.revistarambla.com\/el-garrote-contra-groenlandia-y-una-crisis-no-resuelta\/"},"author":{"name":"Sergio Ferrari","@id":"https:\/\/www.revistarambla.com\/#\/schema\/person\/339e2410a25811f9912d8a8551fa5d96"},"headline":"El garrote contra Groenlandia y una crisis no resuelta","datePublished":"2026-01-24T19:45:02+00:00","dateModified":"2026-01-27T18:10:10+00:00","mainEntityOfPage":{"@id":"https:\/\/www.revistarambla.com\/el-garrote-contra-groenlandia-y-una-crisis-no-resuelta\/"},"wordCount":2136,"publisher":{"@id":"https:\/\/www.revistarambla.com\/#organization"},"image":{"@id":"https:\/\/www.revistarambla.com\/el-garrote-contra-groenlandia-y-una-crisis-no-resuelta\/#primaryimage"},"thumbnailUrl":"https:\/\/www.revistarambla.com\/wp-content\/uploads\/2026\/01\/El-presidente-Trump-en-el-Foro-Economico-de-Davos_Foto-\u00a92026WEF_Benedikt-von-Loebell.jpg","articleSection":["El Apunte"],"inLanguage":"en-GB"},{"@type":"WebPage","@id":"https:\/\/www.revistarambla.com\/el-garrote-contra-groenlandia-y-una-crisis-no-resuelta\/","url":"https:\/\/www.revistarambla.com\/el-garrote-contra-groenlandia-y-una-crisis-no-resuelta\/","name":"El garrote contra Groenlandia y una crisis no resuelta - Revista Rambla","isPartOf":{"@id":"https:\/\/www.revistarambla.com\/#website"},"primaryImageOfPage":{"@id":"https:\/\/www.revistarambla.com\/el-garrote-contra-groenlandia-y-una-crisis-no-resuelta\/#primaryimage"},"image":{"@id":"https:\/\/www.revistarambla.com\/el-garrote-contra-groenlandia-y-una-crisis-no-resuelta\/#primaryimage"},"thumbnailUrl":"https:\/\/www.revistarambla.com\/wp-content\/uploads\/2026\/01\/El-presidente-Trump-en-el-Foro-Economico-de-Davos_Foto-\u00a92026WEF_Benedikt-von-Loebell.jpg","datePublished":"2026-01-24T19:45:02+00:00","dateModified":"2026-01-27T18:10:10+00:00","breadcrumb":{"@id":"https:\/\/www.revistarambla.com\/el-garrote-contra-groenlandia-y-una-crisis-no-resuelta\/#breadcrumb"},"inLanguage":"en-GB","potentialAction":[{"@type":"ReadAction","target":["https:\/\/www.revistarambla.com\/el-garrote-contra-groenlandia-y-una-crisis-no-resuelta\/"]}]},{"@type":"ImageObject","inLanguage":"en-GB","@id":"https:\/\/www.revistarambla.com\/el-garrote-contra-groenlandia-y-una-crisis-no-resuelta\/#primaryimage","url":"https:\/\/www.revistarambla.com\/wp-content\/uploads\/2026\/01\/El-presidente-Trump-en-el-Foro-Economico-de-Davos_Foto-\u00a92026WEF_Benedikt-von-Loebell.jpg","contentUrl":"https:\/\/www.revistarambla.com\/wp-content\/uploads\/2026\/01\/El-presidente-Trump-en-el-Foro-Economico-de-Davos_Foto-\u00a92026WEF_Benedikt-von-Loebell.jpg","width":800,"height":533,"caption":"Groenlandia"},{"@type":"BreadcrumbList","@id":"https:\/\/www.revistarambla.com\/el-garrote-contra-groenlandia-y-una-crisis-no-resuelta\/#breadcrumb","itemListElement":[{"@type":"ListItem","position":1,"name":"Portada","item":"https:\/\/www.revistarambla.com\/"},{"@type":"ListItem","position":2,"name":"El garrote contra Groenlandia y una crisis no resuelta"}]},{"@type":"WebSite","@id":"https:\/\/www.revistarambla.com\/#website","url":"https:\/\/www.revistarambla.com\/","name":"Revista Rambla Barcelona","description":"Periodismo independiente","publisher":{"@id":"https:\/\/www.revistarambla.com\/#organization"},"potentialAction":[{"@type":"SearchAction","target":{"@type":"EntryPoint","urlTemplate":"https:\/\/www.revistarambla.com\/?s={search_term_string}"},"query-input":{"@type":"PropertyValueSpecification","valueRequired":true,"valueName":"search_term_string"}}],"inLanguage":"en-GB"},{"@type":"Organization","@id":"https:\/\/www.revistarambla.com\/#organization","name":"Revista Rambla","url":"https:\/\/www.revistarambla.com\/","logo":{"@type":"ImageObject","inLanguage":"en-GB","@id":"https:\/\/www.revistarambla.com\/#\/schema\/logo\/image\/","url":"https:\/\/www.revistarambla.com\/wp-content\/uploads\/2020\/09\/banner_rambla_1900x600_BB.png","contentUrl":"https:\/\/www.revistarambla.com\/wp-content\/uploads\/2020\/09\/banner_rambla_1900x600_BB.png","width":1900,"height":600,"caption":"Revista Rambla"},"image":{"@id":"https:\/\/www.revistarambla.com\/#\/schema\/logo\/image\/"},"sameAs":["https:\/\/www.facebook.com\/revistarambla\/","https:\/\/x.com\/revistarambla","https:\/\/www.instagram.com\/revista_rambla","https:\/\/es.linkedin.com\/company\/revista-rambla"]},{"@type":"Person","@id":"https:\/\/www.revistarambla.com\/#\/schema\/person\/339e2410a25811f9912d8a8551fa5d96","name":"Sergio Ferrari","description":"Periodista argentino radicado en Berna, Suiza. Acreditado ante el Gobierno suizo. Colaborador regular de numerosos medios latinoamericanos y europeos.","sameAs":["https:\/\/www.voltairenet.org\/auteur120173.html?lang=es","https:\/\/www.facebook.com\/sergio.ferrari.9655","https:\/\/x.com\/SergiooFerrari"]}]}},"_links":{"self":[{"href":"https:\/\/www.revistarambla.com\/en\/wp-json\/wp\/v2\/posts\/67672","targetHints":{"allow":["GET"]}}],"collection":[{"href":"https:\/\/www.revistarambla.com\/en\/wp-json\/wp\/v2\/posts"}],"about":[{"href":"https:\/\/www.revistarambla.com\/en\/wp-json\/wp\/v2\/types\/post"}],"author":[{"embeddable":true,"href":"https:\/\/www.revistarambla.com\/en\/wp-json\/wp\/v2\/users\/24"}],"replies":[{"embeddable":true,"href":"https:\/\/www.revistarambla.com\/en\/wp-json\/wp\/v2\/comments?post=67672"}],"version-history":[{"count":3,"href":"https:\/\/www.revistarambla.com\/en\/wp-json\/wp\/v2\/posts\/67672\/revisions"}],"predecessor-version":[{"id":67684,"href":"https:\/\/www.revistarambla.com\/en\/wp-json\/wp\/v2\/posts\/67672\/revisions\/67684"}],"wp:featuredmedia":[{"embeddable":true,"href":"https:\/\/www.revistarambla.com\/en\/wp-json\/wp\/v2\/media\/67673"}],"wp:attachment":[{"href":"https:\/\/www.revistarambla.com\/en\/wp-json\/wp\/v2\/media?parent=67672"}],"wp:term":[{"taxonomy":"category","embeddable":true,"href":"https:\/\/www.revistarambla.com\/en\/wp-json\/wp\/v2\/categories?post=67672"},{"taxonomy":"post_tag","embeddable":true,"href":"https:\/\/www.revistarambla.com\/en\/wp-json\/wp\/v2\/tags?post=67672"}],"curies":[{"name":"wp","href":"https:\/\/api.w.org\/{rel}","templated":true}]}}