{"id":67669,"date":"2026-01-24T20:42:43","date_gmt":"2026-01-24T19:42:43","guid":{"rendered":"https:\/\/www.revistarambla.com\/?p=67669"},"modified":"2026-01-24T20:42:43","modified_gmt":"2026-01-24T19:42:43","slug":"la-deuda-adulta-con-la-infancia","status":"publish","type":"post","link":"https:\/\/www.revistarambla.com\/en\/la-deuda-adulta-con-la-infancia\/","title":{"rendered":"La deuda adulta con la infancia"},"content":{"rendered":"<p class=\"x_1861163108ydp24a50ed4yiv1224476509ydp26fa823ayiv5917815893ydpfe218ad4yiv8092586227ydpaad8c588yiv3909395544ydp5e78729byiv8952950000ydp7a587a41MsoNormal\"><b><span lang=\"ES\">La crisis de la infancia pone en cuesti\u00f3n la conciencia planetaria, aunque no ocupe los titulares medi\u00e1ticos. Uno de cada cinco menores en todos los continentes sufre la pobreza extrema, y la tendencia es el empeoramiento.<\/span><\/b><\/p>\n<p class=\"x_1861163108ydp24a50ed4yiv1224476509ydp26fa823ayiv5917815893ydpfe218ad4yiv8092586227ydpaad8c588yiv3909395544ydp5e78729byiv8952950000ydp7a587a41MsoNormal\"><span lang=\"ES\">En los pa\u00edses de menores recursos, m<\/span>\u00e1s de 412 millones de ni\u00f1as y ni\u00f1os sobreviven actualmente con menos de 3 d\u00f3lares al d\u00eda. Sin embargo, afirma el Informe sobre el Estado de la Infancia Mundial publicado por UNICEF hace apenas unas semanas, \u201cla pobreza infantil no se circunscribe a las regiones m\u00e1s pobres del mundo\u201d. De hecho, tambi\u00e9n afecta a los pa\u00edses de ingresos medianos y altos. Seg\u00fan el Informe, si en estos \u00faltimos se aplicara un umbral de pobreza m\u00e1s realista &#8212; por ejemplo, 8.30 d\u00f3lares diarios en lugar de 3&#8211;, la cantidad de ni\u00f1os y ni\u00f1as en situaci\u00f3n de \u201cpobreza monetaria\u201d en el mundo ascender\u00eda a dos de cada tres, aproximadamente 1.400 millones.<\/p>\n<p class=\"x_1861163108ydp24a50ed4yiv1224476509ydp26fa823ayiv5917815893ydpfe218ad4yiv8092586227ydpaad8c588yiv3909395544ydp5e78729byiv8952950000ydp7a587a41MsoNormal\">\u201cEn una \u00e9poca en que el gasto militar ha alcanzado la exorbitante cifra de 272 billones de d\u00f3lares\u201d, subrayan los autores del estudio de UNICEF, \u201ccientos de millones de ni\u00f1os y ni\u00f1as siguen careciendo de bienes tan b\u00e1sicos como la educaci\u00f3n, el agua salubre y una vivienda adecuada\u201d. (<a href=\"https:\/\/www.unicef.org\/es\/media\/176341\/file\/SOWC-2025-executive-summary-ES.pdf\" target=\"_blank\" rel=\"nofollow noopener\"><i>https:\/\/www.unicef.org\/es\/media\/176341\/file\/SOWC-2025-executive-summary-ES.pdf<\/i><\/a>).<\/p>\n<p class=\"x_1861163108ydp24a50ed4yiv1224476509ydp26fa823ayiv5917815893ydpfe218ad4yiv8092586227ydpaad8c588yiv3909395544ydp5e78729byiv8952950000ydp7a587a41MsoNormal\"><b>La deuda y su impacto letal en la infancia<\/b><\/p>\n<p class=\"x_1861163108ydp24a50ed4yiv1224476509ydp26fa823ayiv5917815893ydpfe218ad4yiv8092586227ydpaad8c588yiv3909395544ydp5e78729byiv8952950000ydp7a587a41MsoNormal\">Muchos pa\u00edses en desarrollo se confrontan con una compleja situaci\u00f3n econ\u00f3mica cuyo resultado es casi siempre el deterioro de su <i>crecimiento<\/i>, lo cual impacta directamente en los programas de lucha contra la pobreza y los servicios p\u00fablicos destinados a la infancia. Deterioro que se agrava por recortes sustantivos a la ayuda para el desarrollo. Hacia el a\u00f1o 2030, esta f\u00f3rmula letal podr\u00eda causar la muerte de unos 4.5 millones de menores de 5 a\u00f1os.<\/p>\n<p>La ayuda prevista para educaci\u00f3n en 2026 ser\u00e1 un 25% menor que en 2025, sin duda una amenaza de desescolarizaci\u00f3n para seis millones de ni\u00f1os y ni\u00f1as. Realidad agravada por el impacto directo de la deuda externa. En efecto: cuarenta y cinco de los pa\u00edses en desarrollo destinan m\u00e1s recursos al pago de intereses sobre esa deuda que al presupuesto de salud.<\/p>\n<p>\u201cLas cifras actualizadas sobre la situaci\u00f3n de la infancia son tan dram\u00e1ticas como alarmantes\u201d, afirma el te\u00f3logo Beat Wehrle, especialista suizo en derechos de la infancia y miembro de la direcci\u00f3n de la ONG Terre des Hommes en Alemania, una de las m\u00e1s din\u00e1micas en el sector de la infancia. Pero, argumenta Wehrle, esas cifras no son inocentes; por el contrario, \u201creflejan el ataque sistem\u00e1tico neoliberal a las pol\u00edticas p\u00fablicas\u201d. Con una larga experiencia de trabajo en diversos pa\u00edses de Am\u00e9rica Latina, Wehrle explica que esta agresi\u00f3n neoliberal se manifiesta \u201cen el aumento significativo del nivel de endeudamiento no solo a nivel estatal, sino tambi\u00e9n en las econom\u00edas familiares\u201d. Y con consecuencias dram\u00e1ticas, ya que la l\u00f3gica neoliberal reduce la oferta de pol\u00edticas p\u00fablicas de educaci\u00f3n y salud. Dicha reducci\u00f3n, subrayara Wehrle, se ve agravada, adem\u00e1s, \u201cpor la injustificable ca\u00edda de los recursos destinados a la cooperaci\u00f3n internacional, cuyo ejemplo m\u00e1s significativo lo constituye la total desintegraci\u00f3n de USAid a principios de 2025\u201d. Y remarca que la misma tendencia tambi\u00e9n se percibe en la mayor\u00eda de los pa\u00edses europeos, como puede comprobarse cuando se analiza la cooperaci\u00f3n con el desarrollo y la ayuda humanitaria del Viejo Mundo.<\/p>\n<p class=\"x_1861163108ydp24a50ed4yiv1224476509ydp26fa823ayiv5917815893ydpfe218ad4yiv8092586227ydpaad8c588yiv3909395544ydp5e78729byiv8952950000ydp7a587a41MsoNormal\">Las dram\u00e1ticas consecuencias de estos recortes que ya se hicieron sentir con tanta fuerza en 2025, se reflejar\u00e1n en pr\u00f3ximo Informe de la UNICEF de 2026. \u201cEs seguro que la ya dram\u00e1tica situaci\u00f3n global que vive la ni\u00f1ez tender\u00e1 a agravarse a\u00fan m\u00e1s\u201d, concluye Wehrle.<\/p>\n<p class=\"x_1861163108ydp24a50ed4yiv1224476509ydp26fa823ayiv5917815893ydpfe218ad4yiv8092586227ydpaad8c588yiv3909395544ydp5e78729byiv8952950000ydp7a587a41MsoNormal\"><b>Menores marginados<\/b><\/p>\n<p class=\"x_1861163108ydp24a50ed4yiv1224476509ydp26fa823ayiv5917815893ydpfe218ad4yiv8092586227ydpaad8c588yiv3909395544ydp5e78729byiv8952950000ydp7a587a41MsoNormal\">Los \u00edndices de pobreza m\u00e1s altos para la infancia en todo el mundo se registran entre los ni\u00f1os y ni\u00f1as m\u00e1s peque\u00f1os. En 2024, el 22,3% de los menores de cuatro a\u00f1os viv\u00eda en condiciones de pobreza monetaria extrema, casi el doble del porcentual de la juventud entre quince y diecisiete a\u00f1os.<\/p>\n<p class=\"x_1861163108ydp24a50ed4yiv1224476509ydp26fa823ayiv5917815893ydpfe218ad4yiv8092586227ydpaad8c588yiv3909395544ydp5e78729byiv8952950000ydp7a587a41MsoNormal\">Adem\u00e1s de las consecuencias del endeudamiento y la distorsi\u00f3n de las pol\u00edticas nacionales, hay otros factores no menos cr\u00edticos que tomar en cuenta.<\/p>\n<p class=\"x_1861163108ydp24a50ed4yiv1224476509ydp26fa823ayiv5917815893ydpfe218ad4yiv8092586227ydpaad8c588yiv3909395544ydp5e78729byiv8952950000ydp7a587a41MsoNormal\">El nivel de escolaridad de las personas a cargo de sus respectivas familias. En aquellos hogares donde los referentes familiares no han recibido educaci\u00f3n b\u00e1sica, el \u00edndice de pobreza extrema es 32,9%. En familias donde la persona cabeza de familia ha completado la educaci\u00f3n terciaria, este \u00edndice es 5,8%.<\/p>\n<p class=\"x_1861163108ydp24a50ed4yiv1224476509ydp26fa823ayiv5917815893ydpfe218ad4yiv8092586227ydpaad8c588yiv3909395544ydp5e78729byiv8952950000ydp7a587a41MsoNormal\">Significativamente, cerca del 79% de los ni\u00f1os y ni\u00f1as en pobreza extrema viven en comunidades rurales. De todos modos, en las zonas urbanas el nivel de pobreza en los asentamientos informales y los barrios marginales es muy superior a la media.<\/p>\n<p>La infancia con discapacidades tiene muchas m\u00e1s probabilidades de padecer pobreza debido a que los gastos de salud resultan mucho m\u00e1s altos para sus familias. Por otra parte, el cuidado de esos ni\u00f1os generalmente impide que sus padres o guardianes puedan trabajar fuera del hogar.<\/p>\n<p>Los ni\u00f1os desplazados o refugiados, cuyas cifras a menudo se subestiman, corren m\u00e1s riesgo de caer en la pobreza no solo durante el tr\u00e1nsito de un sitio a otro sino tambi\u00e9n a partir del momento en que llegan a su nuevo destino. Estudios procedentes de Colombia, L\u00edbano y Uganda se\u00f1alan \u00edndices elevados de pobreza entre las poblaciones desplazadas.<\/p>\n<p class=\"x_1861163108ydp24a50ed4yiv1224476509ydp26fa823ayiv5917815893ydpfe218ad4yiv8092586227ydpaad8c588yiv3909395544ydp5e78729byiv8952950000ydp7a587a41MsoNormal\">Tambi\u00e9n los ni\u00f1os y las ni\u00f1as ind\u00edgenas presentan \u00edndices de pobreza bastante m\u00e1s elevados. En los veintitr\u00e9s pa\u00edses que ratificaron el Convenio sobre los pueblos ind\u00edgenas y tribales, en 2024 el 18,7% de esas comunidades viv\u00eda en situaci\u00f3n de pobreza monetaria extrema, en comparaci\u00f3n con el 9,3% de la poblaci\u00f3n en general.<\/p>\n<p class=\"x_1861163108ydp24a50ed4yiv1224476509ydp26fa823ayiv5917815893ydpfe218ad4yiv8092586227ydpaad8c588yiv3909395544ydp5e78729byiv8952950000ydp7a587a41MsoNormal\">No menos significativo es el impacto de las guerras y otras situaciones conflictivas. La mitad de los ni\u00f1os y ni\u00f1as en contextos de conflicto (y la fragilidad derivada de los mismos) padece pobreza extrema. En contextos no afectados, solo el 11,4%.<\/p>\n<p class=\"x_1861163108ydp24a50ed4yiv1224476509ydp26fa823ayiv5917815893ydpfe218ad4yiv8092586227ydpaad8c588yiv3909395544ydp5e78729byiv8952950000ydp7a587a41MsoNormal\"><b>Las guerras como agravantes<\/b><\/p>\n<p class=\"x_1861163108ydp24a50ed4yiv1224476509ydp26fa823ayiv5917815893ydpfe218ad4yiv8092586227ydpaad8c588yiv3909395544ydp5e78729byiv8952950000ydp7a587a41MsoNormal\">En todo el mundo se est\u00e1 constatando un extraordinario aumento de conflictos armados: en 2024 y 2025 se registr\u00f3 el n\u00famero m\u00e1s elevado de pa\u00edses involucrados en conflictos armados desde la Segunda Guerra Mundial. En 2024, cerca del 19% de la infancia viv\u00eda en zonas de conflicto, porcentaje que pr\u00e1cticamente duplica el de mediados de la d\u00e9cada de 1990. En 2024, Naciones Unidas identific\u00f3 41.370 casos de violaciones graves contra la infancia en zonas de conflicto, un incremento del 25% respecto de 2023. La negaci\u00f3n de acceso humanitario deja a los ni\u00f1os y ni\u00f1as en grave peligro de maltratos, explotaci\u00f3n, enfermedades y hambre.<\/p>\n<p class=\"x_1861163108ydp24a50ed4yiv1224476509ydp26fa823ayiv5917815893ydpfe218ad4yiv8092586227ydpaad8c588yiv3909395544ydp5e78729byiv8952950000ydp7a587a41MsoNormal\">Entre 2014 y 2024, la tasa de pobreza monetaria extrema en contextos de fragilidad y conflicto aument\u00f3 de 46% a 50,2%; fuera de esas \u00e1reas conflictivas, la tasa descendi\u00f3 de 19,9% a 11,4%. En otras palabras, la mitad de los ni\u00f1os y ni\u00f1as en \u00e1reas de conflicto; apenas uno de cada nueve en \u00e1reas sin conflicto.<\/p>\n<p class=\"x_1861163108ydp24a50ed4yiv1224476509ydp26fa823ayiv5917815893ydpfe218ad4yiv8092586227ydpaad8c588yiv3909395544ydp5e78729byiv8952950000ydp7a587a41MsoNormal\">Los conflictos generan pobreza porque minan la estabilidad econ\u00f3mica, destruyen la infraestructura e interrumpen los servicios p\u00fablicos, como el agua, la educaci\u00f3n y el suministro energ\u00e9tico. Las interrupciones en la educaci\u00f3n vulneran el derecho de los menores a aprender y prosperar y, en consecuencia, erosionan tanto el potencial individual como la prosperidad conjunta.<\/p>\n<p class=\"x_1861163108ydp24a50ed4yiv1224476509ydp26fa823ayiv5917815893ydpfe218ad4yiv8092586227ydpaad8c588yiv3909395544ydp5e78729byiv8952950000ydp7a587a41MsoNormal\">Seg\u00fan Wehrle, los datos analizados por UNICEF revelan dos realidades particularmente preocupantes. Por una parte, la reducci\u00f3n de la inversi\u00f3n p\u00fablica para la primera infancia y, por otra, el aumento significativo del n\u00famero de ni\u00f1os expuestos a situaciones de conflicto armado y violencia. La confluencia de estos dos factores, argumenta Wehrle, convierte a la infancia en v\u00edctima privilegiada de la irracionalidad adulta.<\/p>\n<p class=\"x_1861163108ydp24a50ed4yiv1224476509ydp26fa823ayiv5917815893ydpfe218ad4yiv8092586227ydpaad8c588yiv3909395544ydp5e78729byiv8952950000ydp7a587a41MsoNormal\"><b>La ni\u00f1ez como actor de cambio<\/b><\/p>\n<p class=\"x_1861163108ydp24a50ed4yiv1224476509ydp26fa823ayiv5917815893ydpfe218ad4yiv8092586227ydpaad8c588yiv3909395544ydp5e78729byiv8952950000ydp7a587a41MsoNormal\"><span lang=\"ES\">Aunque el estudio de UNICEF ofrece una imagen bastante clara de la dram\u00e1tica realidad de la infancia, Wehrle se\u00f1ala que \u201cllama la atenci\u00f3n que siga siendo un informe <i>sobre<\/i> la infancia\u201d ya que la cuesti\u00f3n de la participaci\u00f3n de los ni\u00f1os, adolescentes y j\u00f3venes solamente aparece de forma marginal en el documento. De esta forma, tanto la producci\u00f3n de esta realidad dram\u00e1tica, as\u00ed como la reflexi\u00f3n sobre la misma solo quedan a cargo de los adultos\u201d. Sin duda un hecho lamentable porque, como alega este experto suizo, los ni\u00f1os son o deber\u00edan ser mucho m\u00e1s que v\u00edctimas: tambi\u00e9n se los debe considerar sujetos con derechos y agentes de cambio. La inexistencia de una perspectiva directa y de participaci\u00f3n concreta de la infancia al momento de definir las prioridades en las pol\u00edticas p\u00fablicas es algo que se debe cuestionar y resolver urgentemente.<br \/>\n<\/span><br \/>\nSi la reducci\u00f3n de la participaci\u00f3n de la sociedad civil ya es grave a nivel mundial, seg\u00fan Wehrle \u201cla ausencia de las voces y la acci\u00f3n de los ni\u00f1os, adolescentes y j\u00f3venes constituye un error a\u00fan m\u00e1s significativo\u201d. Por lo tanto, insiste, \u201cno habr\u00eda que aceptar nada sobre la infancia sin la participaci\u00f3n directa de la propia infancia\u201d. A pesar de que el panorama global de la ni\u00f1ez hoy es dif\u00edcil, complejo y poco esperanzador, de todos modos, seg\u00fan Wehrle, existen innumerables experiencias positivas de afirmaci\u00f3n de los derechos de la infancia, la adolescencia y la juventud a nivel local y a trav\u00e9s de todo el mundo. \u00a0Esas experiencias, concluye, deben conectarse de manera m\u00e1s significativa para que se conviertan en una voz cada vez m\u00e1s imposible de ignorar.<\/p>","protected":false},"excerpt":{"rendered":"<p>La crisis de la infancia pone en cuesti\u00f3n la conciencia planetaria, aunque no ocupe los titulares medi\u00e1ticos. Uno de cada cinco menores en todos los continentes sufre la pobreza extrema, y la tendencia es el empeoramiento. En los pa\u00edses de menores recursos, m\u00e1s de 412 millones de ni\u00f1as y ni\u00f1os [&hellip;]<\/p>\n","protected":false},"author":24,"featured_media":67670,"comment_status":"closed","ping_status":"closed","sticky":false,"template":"","format":"standard","meta":{"footnotes":""},"categories":[4108],"tags":[],"class_list":["post-67669","post","type-post","status-publish","format-standard","has-post-thumbnail","hentry","category-el-apunte-de-sergio-ferrari"],"yoast_head":"<!-- This site is optimized with the Yoast SEO plugin v27.5 - https:\/\/yoast.com\/product\/yoast-seo-wordpress\/ -->\n<title>La deuda adulta con la infancia - Revista Rambla<\/title>\n<meta name=\"robots\" content=\"index, follow, max-snippet:-1, max-image-preview:large, max-video-preview:-1\" \/>\n<link rel=\"canonical\" href=\"https:\/\/www.revistarambla.com\/en\/la-deuda-adulta-con-la-infancia\/\" \/>\n<meta property=\"og:locale\" content=\"en_GB\" \/>\n<meta property=\"og:type\" content=\"article\" \/>\n<meta property=\"og:title\" content=\"La deuda adulta con la infancia - Revista Rambla\" \/>\n<meta property=\"og:description\" content=\"La crisis de la infancia pone en cuesti\u00f3n la conciencia planetaria, aunque no ocupe los titulares medi\u00e1ticos. Uno de cada cinco menores en todos los continentes sufre la pobreza extrema, y la tendencia es el empeoramiento. En los pa\u00edses de menores recursos, m\u00e1s de 412 millones de ni\u00f1as y ni\u00f1os [&hellip;]\" \/>\n<meta property=\"og:url\" content=\"https:\/\/www.revistarambla.com\/en\/la-deuda-adulta-con-la-infancia\/\" \/>\n<meta property=\"og:site_name\" content=\"Revista Rambla\" \/>\n<meta property=\"article:publisher\" content=\"https:\/\/www.facebook.com\/revistarambla\/\" \/>\n<meta property=\"article:author\" content=\"https:\/\/www.facebook.com\/sergio.ferrari.9655\" \/>\n<meta property=\"article:published_time\" content=\"2026-01-24T19:42:43+00:00\" \/>\n<meta property=\"og:image\" content=\"https:\/\/www.revistarambla.com\/wp-content\/uploads\/2026\/01\/UNICEF-propone-una-agenda-para-apoyar-a-la-infancia-en-situaciones-de-guerra-como-aqui-en-Palestina.-Foto.-UNICEF.jpg\" \/>\n\t<meta property=\"og:image:width\" content=\"1170\" \/>\n\t<meta property=\"og:image:height\" content=\"530\" \/>\n\t<meta property=\"og:image:type\" content=\"image\/jpeg\" \/>\n<meta name=\"author\" content=\"Sergio Ferrari\" \/>\n<meta name=\"twitter:card\" content=\"summary_large_image\" \/>\n<meta name=\"twitter:creator\" content=\"@SergiooFerrari\" \/>\n<meta name=\"twitter:site\" content=\"@revistarambla\" \/>\n<meta name=\"twitter:label1\" content=\"Written by\" \/>\n\t<meta name=\"twitter:data1\" content=\"Sergio Ferrari\" \/>\n\t<meta name=\"twitter:label2\" content=\"Estimated reading time\" \/>\n\t<meta name=\"twitter:data2\" content=\"8 minutes\" \/>\n<script type=\"application\/ld+json\" class=\"yoast-schema-graph\">{\"@context\":\"https:\\\/\\\/schema.org\",\"@graph\":[{\"@type\":\"Article\",\"@id\":\"https:\\\/\\\/www.revistarambla.com\\\/la-deuda-adulta-con-la-infancia\\\/#article\",\"isPartOf\":{\"@id\":\"https:\\\/\\\/www.revistarambla.com\\\/la-deuda-adulta-con-la-infancia\\\/\"},\"author\":{\"name\":\"Sergio Ferrari\",\"@id\":\"https:\\\/\\\/www.revistarambla.com\\\/#\\\/schema\\\/person\\\/339e2410a25811f9912d8a8551fa5d96\"},\"headline\":\"La deuda adulta con la infancia\",\"datePublished\":\"2026-01-24T19:42:43+00:00\",\"mainEntityOfPage\":{\"@id\":\"https:\\\/\\\/www.revistarambla.com\\\/la-deuda-adulta-con-la-infancia\\\/\"},\"wordCount\":1655,\"publisher\":{\"@id\":\"https:\\\/\\\/www.revistarambla.com\\\/#organization\"},\"image\":{\"@id\":\"https:\\\/\\\/www.revistarambla.com\\\/la-deuda-adulta-con-la-infancia\\\/#primaryimage\"},\"thumbnailUrl\":\"https:\\\/\\\/www.revistarambla.com\\\/wp-content\\\/uploads\\\/2026\\\/01\\\/UNICEF-propone-una-agenda-para-apoyar-a-la-infancia-en-situaciones-de-guerra-como-aqui-en-Palestina.-Foto.-UNICEF.jpg\",\"articleSection\":[\"El Apunte\"],\"inLanguage\":\"en-GB\"},{\"@type\":\"WebPage\",\"@id\":\"https:\\\/\\\/www.revistarambla.com\\\/la-deuda-adulta-con-la-infancia\\\/\",\"url\":\"https:\\\/\\\/www.revistarambla.com\\\/la-deuda-adulta-con-la-infancia\\\/\",\"name\":\"La deuda adulta con la infancia - Revista Rambla\",\"isPartOf\":{\"@id\":\"https:\\\/\\\/www.revistarambla.com\\\/#website\"},\"primaryImageOfPage\":{\"@id\":\"https:\\\/\\\/www.revistarambla.com\\\/la-deuda-adulta-con-la-infancia\\\/#primaryimage\"},\"image\":{\"@id\":\"https:\\\/\\\/www.revistarambla.com\\\/la-deuda-adulta-con-la-infancia\\\/#primaryimage\"},\"thumbnailUrl\":\"https:\\\/\\\/www.revistarambla.com\\\/wp-content\\\/uploads\\\/2026\\\/01\\\/UNICEF-propone-una-agenda-para-apoyar-a-la-infancia-en-situaciones-de-guerra-como-aqui-en-Palestina.-Foto.-UNICEF.jpg\",\"datePublished\":\"2026-01-24T19:42:43+00:00\",\"breadcrumb\":{\"@id\":\"https:\\\/\\\/www.revistarambla.com\\\/la-deuda-adulta-con-la-infancia\\\/#breadcrumb\"},\"inLanguage\":\"en-GB\",\"potentialAction\":[{\"@type\":\"ReadAction\",\"target\":[\"https:\\\/\\\/www.revistarambla.com\\\/la-deuda-adulta-con-la-infancia\\\/\"]}]},{\"@type\":\"ImageObject\",\"inLanguage\":\"en-GB\",\"@id\":\"https:\\\/\\\/www.revistarambla.com\\\/la-deuda-adulta-con-la-infancia\\\/#primaryimage\",\"url\":\"https:\\\/\\\/www.revistarambla.com\\\/wp-content\\\/uploads\\\/2026\\\/01\\\/UNICEF-propone-una-agenda-para-apoyar-a-la-infancia-en-situaciones-de-guerra-como-aqui-en-Palestina.-Foto.-UNICEF.jpg\",\"contentUrl\":\"https:\\\/\\\/www.revistarambla.com\\\/wp-content\\\/uploads\\\/2026\\\/01\\\/UNICEF-propone-una-agenda-para-apoyar-a-la-infancia-en-situaciones-de-guerra-como-aqui-en-Palestina.-Foto.-UNICEF.jpg\",\"width\":1170,\"height\":530,\"caption\":\"infancia\"},{\"@type\":\"BreadcrumbList\",\"@id\":\"https:\\\/\\\/www.revistarambla.com\\\/la-deuda-adulta-con-la-infancia\\\/#breadcrumb\",\"itemListElement\":[{\"@type\":\"ListItem\",\"position\":1,\"name\":\"Portada\",\"item\":\"https:\\\/\\\/www.revistarambla.com\\\/\"},{\"@type\":\"ListItem\",\"position\":2,\"name\":\"La deuda adulta con la infancia\"}]},{\"@type\":\"WebSite\",\"@id\":\"https:\\\/\\\/www.revistarambla.com\\\/#website\",\"url\":\"https:\\\/\\\/www.revistarambla.com\\\/\",\"name\":\"Revista Rambla Barcelona\",\"description\":\"Periodismo independiente\",\"publisher\":{\"@id\":\"https:\\\/\\\/www.revistarambla.com\\\/#organization\"},\"potentialAction\":[{\"@type\":\"SearchAction\",\"target\":{\"@type\":\"EntryPoint\",\"urlTemplate\":\"https:\\\/\\\/www.revistarambla.com\\\/?s={search_term_string}\"},\"query-input\":{\"@type\":\"PropertyValueSpecification\",\"valueRequired\":true,\"valueName\":\"search_term_string\"}}],\"inLanguage\":\"en-GB\"},{\"@type\":\"Organization\",\"@id\":\"https:\\\/\\\/www.revistarambla.com\\\/#organization\",\"name\":\"Revista Rambla\",\"url\":\"https:\\\/\\\/www.revistarambla.com\\\/\",\"logo\":{\"@type\":\"ImageObject\",\"inLanguage\":\"en-GB\",\"@id\":\"https:\\\/\\\/www.revistarambla.com\\\/#\\\/schema\\\/logo\\\/image\\\/\",\"url\":\"https:\\\/\\\/www.revistarambla.com\\\/wp-content\\\/uploads\\\/2020\\\/09\\\/banner_rambla_1900x600_BB.png\",\"contentUrl\":\"https:\\\/\\\/www.revistarambla.com\\\/wp-content\\\/uploads\\\/2020\\\/09\\\/banner_rambla_1900x600_BB.png\",\"width\":1900,\"height\":600,\"caption\":\"Revista Rambla\"},\"image\":{\"@id\":\"https:\\\/\\\/www.revistarambla.com\\\/#\\\/schema\\\/logo\\\/image\\\/\"},\"sameAs\":[\"https:\\\/\\\/www.facebook.com\\\/revistarambla\\\/\",\"https:\\\/\\\/x.com\\\/revistarambla\",\"https:\\\/\\\/www.instagram.com\\\/revista_rambla\",\"https:\\\/\\\/es.linkedin.com\\\/company\\\/revista-rambla\"]},{\"@type\":\"Person\",\"@id\":\"https:\\\/\\\/www.revistarambla.com\\\/#\\\/schema\\\/person\\\/339e2410a25811f9912d8a8551fa5d96\",\"name\":\"Sergio Ferrari\",\"description\":\"Periodista argentino radicado en Berna, Suiza. Acreditado ante el Gobierno suizo. Colaborador regular de numerosos medios latinoamericanos y europeos.\",\"sameAs\":[\"https:\\\/\\\/www.voltairenet.org\\\/auteur120173.html?lang=es\",\"https:\\\/\\\/www.facebook.com\\\/sergio.ferrari.9655\",\"https:\\\/\\\/x.com\\\/SergiooFerrari\"]}]}<\/script>\n<!-- \/ Yoast SEO plugin. -->","yoast_head_json":{"title":"La deuda adulta con la infancia - Revista Rambla","robots":{"index":"index","follow":"follow","max-snippet":"max-snippet:-1","max-image-preview":"max-image-preview:large","max-video-preview":"max-video-preview:-1"},"canonical":"https:\/\/www.revistarambla.com\/en\/la-deuda-adulta-con-la-infancia\/","og_locale":"en_GB","og_type":"article","og_title":"La deuda adulta con la infancia - Revista Rambla","og_description":"La crisis de la infancia pone en cuesti\u00f3n la conciencia planetaria, aunque no ocupe los titulares medi\u00e1ticos. Uno de cada cinco menores en todos los continentes sufre la pobreza extrema, y la tendencia es el empeoramiento. En los pa\u00edses de menores recursos, m\u00e1s de 412 millones de ni\u00f1as y ni\u00f1os [&hellip;]","og_url":"https:\/\/www.revistarambla.com\/en\/la-deuda-adulta-con-la-infancia\/","og_site_name":"Revista Rambla","article_publisher":"https:\/\/www.facebook.com\/revistarambla\/","article_author":"https:\/\/www.facebook.com\/sergio.ferrari.9655","article_published_time":"2026-01-24T19:42:43+00:00","og_image":[{"width":1170,"height":530,"url":"https:\/\/www.revistarambla.com\/wp-content\/uploads\/2026\/01\/UNICEF-propone-una-agenda-para-apoyar-a-la-infancia-en-situaciones-de-guerra-como-aqui-en-Palestina.-Foto.-UNICEF.jpg","type":"image\/jpeg"}],"author":"Sergio Ferrari","twitter_card":"summary_large_image","twitter_creator":"@SergiooFerrari","twitter_site":"@revistarambla","twitter_misc":{"Written by":"Sergio Ferrari","Estimated reading time":"8 minutes"},"schema":{"@context":"https:\/\/schema.org","@graph":[{"@type":"Article","@id":"https:\/\/www.revistarambla.com\/la-deuda-adulta-con-la-infancia\/#article","isPartOf":{"@id":"https:\/\/www.revistarambla.com\/la-deuda-adulta-con-la-infancia\/"},"author":{"name":"Sergio Ferrari","@id":"https:\/\/www.revistarambla.com\/#\/schema\/person\/339e2410a25811f9912d8a8551fa5d96"},"headline":"La deuda adulta con la infancia","datePublished":"2026-01-24T19:42:43+00:00","mainEntityOfPage":{"@id":"https:\/\/www.revistarambla.com\/la-deuda-adulta-con-la-infancia\/"},"wordCount":1655,"publisher":{"@id":"https:\/\/www.revistarambla.com\/#organization"},"image":{"@id":"https:\/\/www.revistarambla.com\/la-deuda-adulta-con-la-infancia\/#primaryimage"},"thumbnailUrl":"https:\/\/www.revistarambla.com\/wp-content\/uploads\/2026\/01\/UNICEF-propone-una-agenda-para-apoyar-a-la-infancia-en-situaciones-de-guerra-como-aqui-en-Palestina.-Foto.-UNICEF.jpg","articleSection":["El Apunte"],"inLanguage":"en-GB"},{"@type":"WebPage","@id":"https:\/\/www.revistarambla.com\/la-deuda-adulta-con-la-infancia\/","url":"https:\/\/www.revistarambla.com\/la-deuda-adulta-con-la-infancia\/","name":"La deuda adulta con la infancia - Revista Rambla","isPartOf":{"@id":"https:\/\/www.revistarambla.com\/#website"},"primaryImageOfPage":{"@id":"https:\/\/www.revistarambla.com\/la-deuda-adulta-con-la-infancia\/#primaryimage"},"image":{"@id":"https:\/\/www.revistarambla.com\/la-deuda-adulta-con-la-infancia\/#primaryimage"},"thumbnailUrl":"https:\/\/www.revistarambla.com\/wp-content\/uploads\/2026\/01\/UNICEF-propone-una-agenda-para-apoyar-a-la-infancia-en-situaciones-de-guerra-como-aqui-en-Palestina.-Foto.-UNICEF.jpg","datePublished":"2026-01-24T19:42:43+00:00","breadcrumb":{"@id":"https:\/\/www.revistarambla.com\/la-deuda-adulta-con-la-infancia\/#breadcrumb"},"inLanguage":"en-GB","potentialAction":[{"@type":"ReadAction","target":["https:\/\/www.revistarambla.com\/la-deuda-adulta-con-la-infancia\/"]}]},{"@type":"ImageObject","inLanguage":"en-GB","@id":"https:\/\/www.revistarambla.com\/la-deuda-adulta-con-la-infancia\/#primaryimage","url":"https:\/\/www.revistarambla.com\/wp-content\/uploads\/2026\/01\/UNICEF-propone-una-agenda-para-apoyar-a-la-infancia-en-situaciones-de-guerra-como-aqui-en-Palestina.-Foto.-UNICEF.jpg","contentUrl":"https:\/\/www.revistarambla.com\/wp-content\/uploads\/2026\/01\/UNICEF-propone-una-agenda-para-apoyar-a-la-infancia-en-situaciones-de-guerra-como-aqui-en-Palestina.-Foto.-UNICEF.jpg","width":1170,"height":530,"caption":"infancia"},{"@type":"BreadcrumbList","@id":"https:\/\/www.revistarambla.com\/la-deuda-adulta-con-la-infancia\/#breadcrumb","itemListElement":[{"@type":"ListItem","position":1,"name":"Portada","item":"https:\/\/www.revistarambla.com\/"},{"@type":"ListItem","position":2,"name":"La deuda adulta con la infancia"}]},{"@type":"WebSite","@id":"https:\/\/www.revistarambla.com\/#website","url":"https:\/\/www.revistarambla.com\/","name":"Revista Rambla Barcelona","description":"Periodismo independiente","publisher":{"@id":"https:\/\/www.revistarambla.com\/#organization"},"potentialAction":[{"@type":"SearchAction","target":{"@type":"EntryPoint","urlTemplate":"https:\/\/www.revistarambla.com\/?s={search_term_string}"},"query-input":{"@type":"PropertyValueSpecification","valueRequired":true,"valueName":"search_term_string"}}],"inLanguage":"en-GB"},{"@type":"Organization","@id":"https:\/\/www.revistarambla.com\/#organization","name":"Revista Rambla","url":"https:\/\/www.revistarambla.com\/","logo":{"@type":"ImageObject","inLanguage":"en-GB","@id":"https:\/\/www.revistarambla.com\/#\/schema\/logo\/image\/","url":"https:\/\/www.revistarambla.com\/wp-content\/uploads\/2020\/09\/banner_rambla_1900x600_BB.png","contentUrl":"https:\/\/www.revistarambla.com\/wp-content\/uploads\/2020\/09\/banner_rambla_1900x600_BB.png","width":1900,"height":600,"caption":"Revista Rambla"},"image":{"@id":"https:\/\/www.revistarambla.com\/#\/schema\/logo\/image\/"},"sameAs":["https:\/\/www.facebook.com\/revistarambla\/","https:\/\/x.com\/revistarambla","https:\/\/www.instagram.com\/revista_rambla","https:\/\/es.linkedin.com\/company\/revista-rambla"]},{"@type":"Person","@id":"https:\/\/www.revistarambla.com\/#\/schema\/person\/339e2410a25811f9912d8a8551fa5d96","name":"Sergio Ferrari","description":"Periodista argentino radicado en Berna, Suiza. Acreditado ante el Gobierno suizo. Colaborador regular de numerosos medios latinoamericanos y europeos.","sameAs":["https:\/\/www.voltairenet.org\/auteur120173.html?lang=es","https:\/\/www.facebook.com\/sergio.ferrari.9655","https:\/\/x.com\/SergiooFerrari"]}]}},"_links":{"self":[{"href":"https:\/\/www.revistarambla.com\/en\/wp-json\/wp\/v2\/posts\/67669","targetHints":{"allow":["GET"]}}],"collection":[{"href":"https:\/\/www.revistarambla.com\/en\/wp-json\/wp\/v2\/posts"}],"about":[{"href":"https:\/\/www.revistarambla.com\/en\/wp-json\/wp\/v2\/types\/post"}],"author":[{"embeddable":true,"href":"https:\/\/www.revistarambla.com\/en\/wp-json\/wp\/v2\/users\/24"}],"replies":[{"embeddable":true,"href":"https:\/\/www.revistarambla.com\/en\/wp-json\/wp\/v2\/comments?post=67669"}],"version-history":[{"count":1,"href":"https:\/\/www.revistarambla.com\/en\/wp-json\/wp\/v2\/posts\/67669\/revisions"}],"predecessor-version":[{"id":67671,"href":"https:\/\/www.revistarambla.com\/en\/wp-json\/wp\/v2\/posts\/67669\/revisions\/67671"}],"wp:featuredmedia":[{"embeddable":true,"href":"https:\/\/www.revistarambla.com\/en\/wp-json\/wp\/v2\/media\/67670"}],"wp:attachment":[{"href":"https:\/\/www.revistarambla.com\/en\/wp-json\/wp\/v2\/media?parent=67669"}],"wp:term":[{"taxonomy":"category","embeddable":true,"href":"https:\/\/www.revistarambla.com\/en\/wp-json\/wp\/v2\/categories?post=67669"},{"taxonomy":"post_tag","embeddable":true,"href":"https:\/\/www.revistarambla.com\/en\/wp-json\/wp\/v2\/tags?post=67669"}],"curies":[{"name":"wp","href":"https:\/\/api.w.org\/{rel}","templated":true}]}}