{"id":67664,"date":"2026-01-20T19:24:11","date_gmt":"2026-01-20T18:24:11","guid":{"rendered":"https:\/\/www.revistarambla.com\/?p=67664"},"modified":"2026-01-20T19:24:11","modified_gmt":"2026-01-20T18:24:11","slug":"estamos-perdiendo-el-fotoperiodismo-de-calidad-una-crisis-silenciosa-que-define-el-presente","status":"publish","type":"post","link":"https:\/\/www.revistarambla.com\/en\/estamos-perdiendo-el-fotoperiodismo-de-calidad-una-crisis-silenciosa-que-define-el-presente\/","title":{"rendered":"Estamos perdiendo el fotoperiodismo de calidad: una crisis silenciosa que define el presente"},"content":{"rendered":"<p>En los \u00faltimos a\u00f1os, sentencias como <em>\u201cestamos perdiendo el fotoperiodismo de calidad\u201d<\/em> han surgido en medios especializados y an\u00e1lisis de opini\u00f3n como s\u00edntomas de una transformaci\u00f3n profunda en el ecosistema informativo. Esta afirmaci\u00f3n, enunciada por Gabriel Jaraba en <strong>Catalunya Plural<\/strong>, no es una hip\u00e9rbole: es un diagn\u00f3stico urgente sobre un fen\u00f3meno estructural que amenaza no solo la pr\u00e1ctica fotogr\u00e1fica profesional sino la propia capacidad del periodismo para narrar en im\u00e1genes la realidad que nos rodea.<\/p>\n<h3><strong>De la abundancia de im\u00e1genes a la escasez de sentido<\/strong><\/h3>\n<p>Hoy en d\u00eda los peri\u00f3dicos y plataformas digitales est\u00e1n saturados de im\u00e1genes. Sin embargo, como se\u00f1ala el propio art\u00edculo, esa abundancia visual no se traduce en verdadera presencia del fotoperiodismo. Lo que predomina son <em>ilustraciones editoriales<\/em> o fotos de relleno, que no explican por s\u00ed mismas la complejidad de los hechos, ni aportan contexto, ni capturan la profundidad humana de una escena. La fotograf\u00eda period\u00edstica de impacto, capaz de condensar una historia entera en un solo instante significativo, parece convertirse en una rareza.<\/p>\n<p>El autor subraya que la tecnolog\u00eda nunca antes hab\u00eda ofrecido herramientas tan poderosas: c\u00e1maras con sensores extraordinarios, capacidades de enfoque autom\u00e1tico de \u00faltima generaci\u00f3n, y aplicaciones que permiten manipular y editar im\u00e1genes con facilidad. A pesar de ello, parad\u00f3jicamente, el fotoperiodismo est\u00e1 <em>encogi\u00e9ndose<\/em>, no por falta de herramientas t\u00e9cnicas, sino por la ausencia de condiciones que permitan un ejercicio profesional serio y profundo.<\/p>\n<h3><strong>La ilusi\u00f3n de la democratizaci\u00f3n digital y la paradoja del contenido<\/strong><\/h3>\n<p>La revoluci\u00f3n digital prometi\u00f3 democratizar la creaci\u00f3n de contenidos. Hoy cualquiera con un smartphone puede capturar y publicar im\u00e1genes que potencialmente llegan a millones de personas. La consecuencia es doble. Por un lado, la inmediatez y la viralidad permiten que sucesos que antes pasaban desapercibidos se hagan visibles. Por otro, esta misma democratizaci\u00f3n genera una <em>paradoja<\/em>: las im\u00e1genes circulan sin filtro, sin contexto y, muchas veces, sin verificaci\u00f3n profunda.<\/p>\n<p>Estudios acad\u00e9micos sobre el fotoperiodismo con m\u00f3vil han se\u00f1alado que la proliferaci\u00f3n de im\u00e1genes generadas por aficionados ha permitido a algunos medios utilizar material gratuito, desplazando parcialmente a los fot\u00f3grafos profesionales. Esto no solo cambia la din\u00e1mica de producci\u00f3n, sino que tambi\u00e9n <em>erosiona las pr\u00e1cticas y est\u00e1ndares cl\u00e1sicos del fotoperiodismo<\/em>.<\/p>\n<p>Esta tendencia, aliada a la l\u00f3gica del clic y la econom\u00eda de la atenci\u00f3n, provoca que muchas im\u00e1genes se publiquen no por su valor informativo o narrativo, sino por su capacidad de captar un golpe de atenci\u00f3n superficial. Dicho de otro modo, prima la imagen que hace \u201cruido\u201d (clickbait visual) sobre aquella que explica, conmueve o abre espacios de reflexi\u00f3n. El resultado es una narrativa visual fragmentaria e inerte, donde el estilo y la profundidad quedan subordinados a la velocidad y al impacto inmediato.<\/p>\n<h3><strong>Crisis profesional y precariedad en la pr\u00e1ctica fotogr\u00e1fica<\/strong><\/h3>\n<p>La crisis del fotoperiodismo no es solo est\u00e9tica o conceptual: es tambi\u00e9n laboral y estructural. En el contexto period\u00edstico actual, marcado por ajustes presupuestarios, reducciones de plantilla y el auge de modelos \u2018multimedia\u2019 sin especializaci\u00f3n, muchos medios han reducido o eliminado las plazas de fotoperiodistas profesionales. Esto se traduce en una menor presencia de fot\u00f3grafos formados en las t\u00e9cnicas, la \u00e9tica y las narrativas propias de este g\u00e9nero period\u00edstico.<\/p>\n<p>Organizaciones del sector han denunciado esta precarizaci\u00f3n desde hace a\u00f1os, destacando que los profesionales altamente cualificados se ven empujados a marcharse o a reinventarse recurriendo al trabajo freelance o emigrando a mercados con mejores condiciones para continuar ejerciendo. Adem\u00e1s, esta situaci\u00f3n favorece el intrusismo y la proliferaci\u00f3n de contenido visual de baja calidad t\u00e9cnica y \u00e9tica, difundido como si fuera producto profesional.<\/p>\n<p>La precariedad tambi\u00e9n tiene efectos colaterales \u00e9ticos: sin estructuras s\u00f3lidas de respaldo editorial, las pr\u00e1cticas de verificaci\u00f3n y contraste frente a im\u00e1genes virales o manipuladas se debilitan, y la l\u00ednea entre documentaci\u00f3n period\u00edstica y simple ilustraci\u00f3n visual se vuelve cada vez m\u00e1s difusa.<\/p>\n<h3><strong>Fotoperiodismo como documento hist\u00f3rico y memoria colectiva<\/strong><\/h3>\n<p>Lejos de ser un accesorio decorativo de las noticias, el fotoperiodismo ha desempe\u00f1ado hist\u00f3ricamente un papel crucial en la construcci\u00f3n de memoria colectiva y en la documentaci\u00f3n de hechos que definieron generaciones enteras. Desde las fotograf\u00edas emblem\u00e1ticas de guerras, crisis y transformaciones sociales hasta escenas de la vida cotidiana que capturan cambios culturales profundos, la disciplina ha sido un testigo privilegiado \u2014y a menudo inc\u00f3modo\u2014 de nuestro tiempo.<\/p>\n<p>Por ejemplo, en Espa\u00f1a, figuras como Agust\u00ed Centelles documentaron la Guerra Civil con un enfoque que combinaba rigor documental y conciencia est\u00e9tica, creando un registro visual que trasciende lo informativo y se convierte en testimonio hist\u00f3rico.<\/p>\n<p>Del mismo modo, el desarrollo de la fotograf\u00eda period\u00edstica en tiempos de conflicto fue clave para dar voz, evidencia y humanidad a contextos que los textos por s\u00ed solos no pod\u00edan transmitir con la misma intensidad narrativa. Esta dimensi\u00f3n testimonial es precisamente lo que est\u00e1 en riesgo cuando se sustituye el fotoperiodismo profesional por im\u00e1genes gen\u00e9ricas sin sello editorial ni contexto.<\/p>\n<h3><strong>Premios, festivales y resistencia del fotoperiodismo de calidad<\/strong><\/h3>\n<p>Aun en medio de esta crisis, iniciativas culturales y festivales internacionales contin\u00faan reivindicando el papel del fotoperiodismo. Eventos como <strong>Visa pour l\u2019image<\/strong> o los premios <strong>World Press Photo<\/strong> siguen siendo plataformas globales donde se reconoce y discute el valor de la fotograf\u00eda documental comprometida, enfrentada a guerras, crisis clim\u00e1ticas, desigualdades y tragedias humanas que no pueden contarse con simples palabras.<\/p>\n<p>Asimismo, reconocimientos recientes a fotoperiodistas como Albert Garc\u00eda reflejan que el oficio \u2014aunque fr\u00e1gil\u2014 no ha desaparecido y sigue siendo capaz de producir trabajos que combinan calidad t\u00e9cnica, profundidad narrativa y compromiso humano.<\/p>\n<p>Estas manifestaciones culturales y premios no solo celebran excelencia, sino que tambi\u00e9n subrayan la necesidad de un periodismo visual que se enfrente a los desaf\u00edos contempor\u00e1neos con rigor, creatividad y responsabilidad.<\/p>\n<h3><strong>El desaf\u00edo de la inteligencia artificial y la \u00e9tica visual<\/strong><\/h3>\n<p>Otro elemento relevante en la discusi\u00f3n sobre el estado del fotoperiodismo es la irrupci\u00f3n de la inteligencia artificial (IA) en la generaci\u00f3n y manipulaci\u00f3n de im\u00e1genes. Aunque la IA puede ser vista como una herramienta adicional en la caja t\u00e9cnica del fot\u00f3grafo, tambi\u00e9n representa un riesgo para la credibilidad y autenticidad de las im\u00e1genes period\u00edsticas. La posibilidad de crear im\u00e1genes hiperrealistas sin v\u00ednculo con la realidad impone nuevos est\u00e1ndares \u00e9ticos, as\u00ed como procedimientos rigurosos de verificaci\u00f3n y transparencia.<\/p>\n<p>El problema no reside exclusivamente en el uso de IA, sino en c\u00f3mo los medios y la sociedad absorben, procesan y validan visualmente la realidad. Si la preocupaci\u00f3n central se limita a saber si una imagen fue generada por IA o retocada digitalmente, se pierde de vista que el verdadero peligro es <em>la ausencia de im\u00e1genes con rigor period\u00edstico<\/em>, es decir, aquellas que testimonian acontecimientos reales con contexto, intenci\u00f3n y significado.<\/p>\n<h3><strong>Hacia un fotoperiodismo resiliente: propuestas de recuperaci\u00f3n<\/strong><\/h3>\n<p>Frente a este diagn\u00f3stico sombr\u00edo, no todo est\u00e1 perdido. La defensa del fotoperiodismo de calidad requiere acciones en m\u00faltiples frentes:<\/p>\n<ol>\n<li><strong>Inversi\u00f3n editorial sostenida:<\/strong> Los medios deben reconocer que una imagen potente no es un gasto, sino una inversi\u00f3n en credibilidad y profundidad informativa.<\/li>\n<li><strong>Formaci\u00f3n y especializaci\u00f3n:<\/strong> Los programas educativos deben fortalecer la formaci\u00f3n en \u00e9tica visual, narrativa fotogr\u00e1fica y an\u00e1lisis contextual, para que los futuros profesionales no se limiten a capturar escenas, sino a <em>contar historias con significado<\/em>.<\/li>\n<li><strong>Modelos de negocio sostenibles:<\/strong> El fotoperiodismo necesita estructuras econ\u00f3micas que reconozcan el trabajo creativo y garantice que las im\u00e1genes se paguen, se acrediten y se preserven como archivos hist\u00f3ricos.<\/li>\n<li><strong>Transparencia y verificaci\u00f3n:<\/strong> Frente a la proliferaci\u00f3n de contenido visual manipulado, los medios deben implementar procesos claros para certificar y contextualizar cada imagen, informando al p\u00fablico sobre su origen, autor\u00eda y contexto.<\/li>\n<li><strong>Promoci\u00f3n cultural:<\/strong> Festivales, exposiciones y premios deben reforzar su rol como espacios de reflexi\u00f3n cr\u00edtica sobre la pr\u00e1ctica, la est\u00e9tica y la \u00e9tica del fotoperiodismo.<\/li>\n<\/ol>\n<h3><strong>Conclusi\u00f3n: m\u00e1s all\u00e1 de la nostalgia, una urgencia civil<\/strong><\/h3>\n<p>Decir que \u201cestamos perdiendo el fotoperiodismo de calidad\u201d no es un reclamo nost\u00e1lgico por una era pasada, sino una llamada de atenci\u00f3n sobre la capacidad de nuestras sociedades para comprenderse y testimoniarse a s\u00ed mismas. El fotoperiodismo no es un ornamento del periodismo moderno, sino una disciplina que ha demostrado ser esencial para la comprensi\u00f3n visual de los hechos que nos moldean.<\/p>\n<p>Si las im\u00e1genes que regalan sentido a nuestras historias desaparecen o se diluyen en un mar de ruido visual superficial, perdemos algo irreparable: la posibilidad de ver el mundo tal como es \u2014con todas sus contradicciones, sufrimientos, dignidades y matices\u2014 y, con ello, la oportunidad de pensar, empatizar y actuar con mayor claridad.<\/p>\n<p>La defensa del fotoperiodismo de calidad es, por tanto, un imperativo democr\u00e1tico, \u00e9tico y cultural: una tarea colectiva que exige medios responsables, profesionales comprometidos y p\u00fablicos conscientes de que las im\u00e1genes que eligen importan.<\/p>","protected":false},"excerpt":{"rendered":"<p>En los \u00faltimos a\u00f1os, sentencias como \u201cestamos perdiendo el fotoperiodismo de calidad\u201d han surgido en medios especializados y an\u00e1lisis de opini\u00f3n como s\u00edntomas de una transformaci\u00f3n profunda en el ecosistema informativo. Esta afirmaci\u00f3n, enunciada por Gabriel Jaraba en Catalunya Plural, no es una hip\u00e9rbole: es un diagn\u00f3stico urgente sobre un [&hellip;]<\/p>\n","protected":false},"author":15,"featured_media":67665,"comment_status":"closed","ping_status":"closed","sticky":false,"template":"","format":"standard","meta":{"footnotes":""},"categories":[72],"tags":[],"class_list":["post-67664","post","type-post","status-publish","format-standard","has-post-thumbnail","hentry","category-opinion"],"yoast_head":"<!-- This site is optimized with the Yoast SEO plugin v27.5 - https:\/\/yoast.com\/product\/yoast-seo-wordpress\/ -->\n<title>Estamos perdiendo el fotoperiodismo de calidad: una crisis silenciosa que define el presente - Revista Rambla<\/title>\n<meta name=\"robots\" content=\"index, follow, max-snippet:-1, max-image-preview:large, max-video-preview:-1\" \/>\n<link rel=\"canonical\" href=\"https:\/\/www.revistarambla.com\/en\/estamos-perdiendo-el-fotoperiodismo-de-calidad-una-crisis-silenciosa-que-define-el-presente\/\" \/>\n<meta property=\"og:locale\" content=\"en_GB\" \/>\n<meta property=\"og:type\" content=\"article\" \/>\n<meta property=\"og:title\" content=\"Estamos perdiendo el fotoperiodismo de calidad: una crisis silenciosa que define el presente - Revista Rambla\" \/>\n<meta property=\"og:description\" content=\"En los \u00faltimos a\u00f1os, sentencias como \u201cestamos perdiendo el fotoperiodismo de calidad\u201d han surgido en medios especializados y an\u00e1lisis de opini\u00f3n como s\u00edntomas de una transformaci\u00f3n profunda en el ecosistema informativo. Esta afirmaci\u00f3n, enunciada por Gabriel Jaraba en Catalunya Plural, no es una hip\u00e9rbole: es un diagn\u00f3stico urgente sobre un [&hellip;]\" \/>\n<meta property=\"og:url\" content=\"https:\/\/www.revistarambla.com\/en\/estamos-perdiendo-el-fotoperiodismo-de-calidad-una-crisis-silenciosa-que-define-el-presente\/\" \/>\n<meta property=\"og:site_name\" content=\"Revista Rambla\" \/>\n<meta property=\"article:publisher\" content=\"https:\/\/www.facebook.com\/revistarambla\/\" \/>\n<meta property=\"article:published_time\" content=\"2026-01-20T18:24:11+00:00\" \/>\n<meta property=\"og:image\" content=\"https:\/\/www.revistarambla.com\/wp-content\/uploads\/2026\/01\/Fiesta_del_PCE_003.jpg\" \/>\n\t<meta property=\"og:image:width\" content=\"1920\" \/>\n\t<meta property=\"og:image:height\" content=\"1124\" \/>\n\t<meta property=\"og:image:type\" content=\"image\/jpeg\" \/>\n<meta name=\"author\" content=\"\u00c0lex L\u00f3pez\" \/>\n<meta name=\"twitter:card\" content=\"summary_large_image\" \/>\n<meta name=\"twitter:creator\" content=\"@revistarambla\" \/>\n<meta name=\"twitter:site\" content=\"@revistarambla\" \/>\n<meta name=\"twitter:label1\" content=\"Written by\" \/>\n\t<meta name=\"twitter:data1\" content=\"\u00c0lex L\u00f3pez\" \/>\n\t<meta name=\"twitter:label2\" content=\"Estimated reading time\" \/>\n\t<meta name=\"twitter:data2\" content=\"7 minutes\" \/>\n<script type=\"application\/ld+json\" class=\"yoast-schema-graph\">{\"@context\":\"https:\\\/\\\/schema.org\",\"@graph\":[{\"@type\":\"Article\",\"@id\":\"https:\\\/\\\/www.revistarambla.com\\\/estamos-perdiendo-el-fotoperiodismo-de-calidad-una-crisis-silenciosa-que-define-el-presente\\\/#article\",\"isPartOf\":{\"@id\":\"https:\\\/\\\/www.revistarambla.com\\\/estamos-perdiendo-el-fotoperiodismo-de-calidad-una-crisis-silenciosa-que-define-el-presente\\\/\"},\"author\":{\"name\":\"\u00c0lex L\u00f3pez\",\"@id\":\"https:\\\/\\\/www.revistarambla.com\\\/#\\\/schema\\\/person\\\/2b19179a8ace334b829ad72cc6e6ce97\"},\"headline\":\"Estamos perdiendo el fotoperiodismo de calidad: una crisis silenciosa que define el presente\",\"datePublished\":\"2026-01-20T18:24:11+00:00\",\"mainEntityOfPage\":{\"@id\":\"https:\\\/\\\/www.revistarambla.com\\\/estamos-perdiendo-el-fotoperiodismo-de-calidad-una-crisis-silenciosa-que-define-el-presente\\\/\"},\"wordCount\":1593,\"publisher\":{\"@id\":\"https:\\\/\\\/www.revistarambla.com\\\/#organization\"},\"image\":{\"@id\":\"https:\\\/\\\/www.revistarambla.com\\\/estamos-perdiendo-el-fotoperiodismo-de-calidad-una-crisis-silenciosa-que-define-el-presente\\\/#primaryimage\"},\"thumbnailUrl\":\"https:\\\/\\\/www.revistarambla.com\\\/wp-content\\\/uploads\\\/2026\\\/01\\\/Fiesta_del_PCE_003.jpg\",\"articleSection\":[\"Opiniones\"],\"inLanguage\":\"en-GB\"},{\"@type\":\"WebPage\",\"@id\":\"https:\\\/\\\/www.revistarambla.com\\\/estamos-perdiendo-el-fotoperiodismo-de-calidad-una-crisis-silenciosa-que-define-el-presente\\\/\",\"url\":\"https:\\\/\\\/www.revistarambla.com\\\/estamos-perdiendo-el-fotoperiodismo-de-calidad-una-crisis-silenciosa-que-define-el-presente\\\/\",\"name\":\"Estamos perdiendo el fotoperiodismo de calidad: una crisis silenciosa que define el presente - Revista Rambla\",\"isPartOf\":{\"@id\":\"https:\\\/\\\/www.revistarambla.com\\\/#website\"},\"primaryImageOfPage\":{\"@id\":\"https:\\\/\\\/www.revistarambla.com\\\/estamos-perdiendo-el-fotoperiodismo-de-calidad-una-crisis-silenciosa-que-define-el-presente\\\/#primaryimage\"},\"image\":{\"@id\":\"https:\\\/\\\/www.revistarambla.com\\\/estamos-perdiendo-el-fotoperiodismo-de-calidad-una-crisis-silenciosa-que-define-el-presente\\\/#primaryimage\"},\"thumbnailUrl\":\"https:\\\/\\\/www.revistarambla.com\\\/wp-content\\\/uploads\\\/2026\\\/01\\\/Fiesta_del_PCE_003.jpg\",\"datePublished\":\"2026-01-20T18:24:11+00:00\",\"breadcrumb\":{\"@id\":\"https:\\\/\\\/www.revistarambla.com\\\/estamos-perdiendo-el-fotoperiodismo-de-calidad-una-crisis-silenciosa-que-define-el-presente\\\/#breadcrumb\"},\"inLanguage\":\"en-GB\",\"potentialAction\":[{\"@type\":\"ReadAction\",\"target\":[\"https:\\\/\\\/www.revistarambla.com\\\/estamos-perdiendo-el-fotoperiodismo-de-calidad-una-crisis-silenciosa-que-define-el-presente\\\/\"]}]},{\"@type\":\"ImageObject\",\"inLanguage\":\"en-GB\",\"@id\":\"https:\\\/\\\/www.revistarambla.com\\\/estamos-perdiendo-el-fotoperiodismo-de-calidad-una-crisis-silenciosa-que-define-el-presente\\\/#primaryimage\",\"url\":\"https:\\\/\\\/www.revistarambla.com\\\/wp-content\\\/uploads\\\/2026\\\/01\\\/Fiesta_del_PCE_003.jpg\",\"contentUrl\":\"https:\\\/\\\/www.revistarambla.com\\\/wp-content\\\/uploads\\\/2026\\\/01\\\/Fiesta_del_PCE_003.jpg\",\"width\":1920,\"height\":1124,\"caption\":\"fotoperiodismo de calidad\"},{\"@type\":\"BreadcrumbList\",\"@id\":\"https:\\\/\\\/www.revistarambla.com\\\/estamos-perdiendo-el-fotoperiodismo-de-calidad-una-crisis-silenciosa-que-define-el-presente\\\/#breadcrumb\",\"itemListElement\":[{\"@type\":\"ListItem\",\"position\":1,\"name\":\"Portada\",\"item\":\"https:\\\/\\\/www.revistarambla.com\\\/\"},{\"@type\":\"ListItem\",\"position\":2,\"name\":\"Estamos perdiendo el fotoperiodismo de calidad: una crisis silenciosa que define el presente\"}]},{\"@type\":\"WebSite\",\"@id\":\"https:\\\/\\\/www.revistarambla.com\\\/#website\",\"url\":\"https:\\\/\\\/www.revistarambla.com\\\/\",\"name\":\"Revista Rambla Barcelona\",\"description\":\"Periodismo independiente\",\"publisher\":{\"@id\":\"https:\\\/\\\/www.revistarambla.com\\\/#organization\"},\"potentialAction\":[{\"@type\":\"SearchAction\",\"target\":{\"@type\":\"EntryPoint\",\"urlTemplate\":\"https:\\\/\\\/www.revistarambla.com\\\/?s={search_term_string}\"},\"query-input\":{\"@type\":\"PropertyValueSpecification\",\"valueRequired\":true,\"valueName\":\"search_term_string\"}}],\"inLanguage\":\"en-GB\"},{\"@type\":\"Organization\",\"@id\":\"https:\\\/\\\/www.revistarambla.com\\\/#organization\",\"name\":\"Revista Rambla\",\"url\":\"https:\\\/\\\/www.revistarambla.com\\\/\",\"logo\":{\"@type\":\"ImageObject\",\"inLanguage\":\"en-GB\",\"@id\":\"https:\\\/\\\/www.revistarambla.com\\\/#\\\/schema\\\/logo\\\/image\\\/\",\"url\":\"https:\\\/\\\/www.revistarambla.com\\\/wp-content\\\/uploads\\\/2020\\\/09\\\/banner_rambla_1900x600_BB.png\",\"contentUrl\":\"https:\\\/\\\/www.revistarambla.com\\\/wp-content\\\/uploads\\\/2020\\\/09\\\/banner_rambla_1900x600_BB.png\",\"width\":1900,\"height\":600,\"caption\":\"Revista Rambla\"},\"image\":{\"@id\":\"https:\\\/\\\/www.revistarambla.com\\\/#\\\/schema\\\/logo\\\/image\\\/\"},\"sameAs\":[\"https:\\\/\\\/www.facebook.com\\\/revistarambla\\\/\",\"https:\\\/\\\/x.com\\\/revistarambla\",\"https:\\\/\\\/www.instagram.com\\\/revista_rambla\",\"https:\\\/\\\/es.linkedin.com\\\/company\\\/revista-rambla\"]},{\"@type\":\"Person\",\"@id\":\"https:\\\/\\\/www.revistarambla.com\\\/#\\\/schema\\\/person\\\/2b19179a8ace334b829ad72cc6e6ce97\",\"name\":\"\u00c0lex L\u00f3pez\"}]}<\/script>\n<!-- \/ Yoast SEO plugin. -->","yoast_head_json":{"title":"Estamos perdiendo el fotoperiodismo de calidad: una crisis silenciosa que define el presente - Revista Rambla","robots":{"index":"index","follow":"follow","max-snippet":"max-snippet:-1","max-image-preview":"max-image-preview:large","max-video-preview":"max-video-preview:-1"},"canonical":"https:\/\/www.revistarambla.com\/en\/estamos-perdiendo-el-fotoperiodismo-de-calidad-una-crisis-silenciosa-que-define-el-presente\/","og_locale":"en_GB","og_type":"article","og_title":"Estamos perdiendo el fotoperiodismo de calidad: una crisis silenciosa que define el presente - Revista Rambla","og_description":"En los \u00faltimos a\u00f1os, sentencias como \u201cestamos perdiendo el fotoperiodismo de calidad\u201d han surgido en medios especializados y an\u00e1lisis de opini\u00f3n como s\u00edntomas de una transformaci\u00f3n profunda en el ecosistema informativo. Esta afirmaci\u00f3n, enunciada por Gabriel Jaraba en Catalunya Plural, no es una hip\u00e9rbole: es un diagn\u00f3stico urgente sobre un [&hellip;]","og_url":"https:\/\/www.revistarambla.com\/en\/estamos-perdiendo-el-fotoperiodismo-de-calidad-una-crisis-silenciosa-que-define-el-presente\/","og_site_name":"Revista Rambla","article_publisher":"https:\/\/www.facebook.com\/revistarambla\/","article_published_time":"2026-01-20T18:24:11+00:00","og_image":[{"width":1920,"height":1124,"url":"https:\/\/www.revistarambla.com\/wp-content\/uploads\/2026\/01\/Fiesta_del_PCE_003.jpg","type":"image\/jpeg"}],"author":"\u00c0lex L\u00f3pez","twitter_card":"summary_large_image","twitter_creator":"@revistarambla","twitter_site":"@revistarambla","twitter_misc":{"Written by":"\u00c0lex L\u00f3pez","Estimated reading time":"7 minutes"},"schema":{"@context":"https:\/\/schema.org","@graph":[{"@type":"Article","@id":"https:\/\/www.revistarambla.com\/estamos-perdiendo-el-fotoperiodismo-de-calidad-una-crisis-silenciosa-que-define-el-presente\/#article","isPartOf":{"@id":"https:\/\/www.revistarambla.com\/estamos-perdiendo-el-fotoperiodismo-de-calidad-una-crisis-silenciosa-que-define-el-presente\/"},"author":{"name":"\u00c0lex L\u00f3pez","@id":"https:\/\/www.revistarambla.com\/#\/schema\/person\/2b19179a8ace334b829ad72cc6e6ce97"},"headline":"Estamos perdiendo el fotoperiodismo de calidad: una crisis silenciosa que define el presente","datePublished":"2026-01-20T18:24:11+00:00","mainEntityOfPage":{"@id":"https:\/\/www.revistarambla.com\/estamos-perdiendo-el-fotoperiodismo-de-calidad-una-crisis-silenciosa-que-define-el-presente\/"},"wordCount":1593,"publisher":{"@id":"https:\/\/www.revistarambla.com\/#organization"},"image":{"@id":"https:\/\/www.revistarambla.com\/estamos-perdiendo-el-fotoperiodismo-de-calidad-una-crisis-silenciosa-que-define-el-presente\/#primaryimage"},"thumbnailUrl":"https:\/\/www.revistarambla.com\/wp-content\/uploads\/2026\/01\/Fiesta_del_PCE_003.jpg","articleSection":["Opiniones"],"inLanguage":"en-GB"},{"@type":"WebPage","@id":"https:\/\/www.revistarambla.com\/estamos-perdiendo-el-fotoperiodismo-de-calidad-una-crisis-silenciosa-que-define-el-presente\/","url":"https:\/\/www.revistarambla.com\/estamos-perdiendo-el-fotoperiodismo-de-calidad-una-crisis-silenciosa-que-define-el-presente\/","name":"Estamos perdiendo el fotoperiodismo de calidad: una crisis silenciosa que define el presente - Revista Rambla","isPartOf":{"@id":"https:\/\/www.revistarambla.com\/#website"},"primaryImageOfPage":{"@id":"https:\/\/www.revistarambla.com\/estamos-perdiendo-el-fotoperiodismo-de-calidad-una-crisis-silenciosa-que-define-el-presente\/#primaryimage"},"image":{"@id":"https:\/\/www.revistarambla.com\/estamos-perdiendo-el-fotoperiodismo-de-calidad-una-crisis-silenciosa-que-define-el-presente\/#primaryimage"},"thumbnailUrl":"https:\/\/www.revistarambla.com\/wp-content\/uploads\/2026\/01\/Fiesta_del_PCE_003.jpg","datePublished":"2026-01-20T18:24:11+00:00","breadcrumb":{"@id":"https:\/\/www.revistarambla.com\/estamos-perdiendo-el-fotoperiodismo-de-calidad-una-crisis-silenciosa-que-define-el-presente\/#breadcrumb"},"inLanguage":"en-GB","potentialAction":[{"@type":"ReadAction","target":["https:\/\/www.revistarambla.com\/estamos-perdiendo-el-fotoperiodismo-de-calidad-una-crisis-silenciosa-que-define-el-presente\/"]}]},{"@type":"ImageObject","inLanguage":"en-GB","@id":"https:\/\/www.revistarambla.com\/estamos-perdiendo-el-fotoperiodismo-de-calidad-una-crisis-silenciosa-que-define-el-presente\/#primaryimage","url":"https:\/\/www.revistarambla.com\/wp-content\/uploads\/2026\/01\/Fiesta_del_PCE_003.jpg","contentUrl":"https:\/\/www.revistarambla.com\/wp-content\/uploads\/2026\/01\/Fiesta_del_PCE_003.jpg","width":1920,"height":1124,"caption":"fotoperiodismo de calidad"},{"@type":"BreadcrumbList","@id":"https:\/\/www.revistarambla.com\/estamos-perdiendo-el-fotoperiodismo-de-calidad-una-crisis-silenciosa-que-define-el-presente\/#breadcrumb","itemListElement":[{"@type":"ListItem","position":1,"name":"Portada","item":"https:\/\/www.revistarambla.com\/"},{"@type":"ListItem","position":2,"name":"Estamos perdiendo el fotoperiodismo de calidad: una crisis silenciosa que define el presente"}]},{"@type":"WebSite","@id":"https:\/\/www.revistarambla.com\/#website","url":"https:\/\/www.revistarambla.com\/","name":"Revista Rambla Barcelona","description":"Periodismo independiente","publisher":{"@id":"https:\/\/www.revistarambla.com\/#organization"},"potentialAction":[{"@type":"SearchAction","target":{"@type":"EntryPoint","urlTemplate":"https:\/\/www.revistarambla.com\/?s={search_term_string}"},"query-input":{"@type":"PropertyValueSpecification","valueRequired":true,"valueName":"search_term_string"}}],"inLanguage":"en-GB"},{"@type":"Organization","@id":"https:\/\/www.revistarambla.com\/#organization","name":"Revista Rambla","url":"https:\/\/www.revistarambla.com\/","logo":{"@type":"ImageObject","inLanguage":"en-GB","@id":"https:\/\/www.revistarambla.com\/#\/schema\/logo\/image\/","url":"https:\/\/www.revistarambla.com\/wp-content\/uploads\/2020\/09\/banner_rambla_1900x600_BB.png","contentUrl":"https:\/\/www.revistarambla.com\/wp-content\/uploads\/2020\/09\/banner_rambla_1900x600_BB.png","width":1900,"height":600,"caption":"Revista Rambla"},"image":{"@id":"https:\/\/www.revistarambla.com\/#\/schema\/logo\/image\/"},"sameAs":["https:\/\/www.facebook.com\/revistarambla\/","https:\/\/x.com\/revistarambla","https:\/\/www.instagram.com\/revista_rambla","https:\/\/es.linkedin.com\/company\/revista-rambla"]},{"@type":"Person","@id":"https:\/\/www.revistarambla.com\/#\/schema\/person\/2b19179a8ace334b829ad72cc6e6ce97","name":"\u00c0lex L\u00f3pez"}]}},"_links":{"self":[{"href":"https:\/\/www.revistarambla.com\/en\/wp-json\/wp\/v2\/posts\/67664","targetHints":{"allow":["GET"]}}],"collection":[{"href":"https:\/\/www.revistarambla.com\/en\/wp-json\/wp\/v2\/posts"}],"about":[{"href":"https:\/\/www.revistarambla.com\/en\/wp-json\/wp\/v2\/types\/post"}],"author":[{"embeddable":true,"href":"https:\/\/www.revistarambla.com\/en\/wp-json\/wp\/v2\/users\/15"}],"replies":[{"embeddable":true,"href":"https:\/\/www.revistarambla.com\/en\/wp-json\/wp\/v2\/comments?post=67664"}],"version-history":[{"count":1,"href":"https:\/\/www.revistarambla.com\/en\/wp-json\/wp\/v2\/posts\/67664\/revisions"}],"predecessor-version":[{"id":67666,"href":"https:\/\/www.revistarambla.com\/en\/wp-json\/wp\/v2\/posts\/67664\/revisions\/67666"}],"wp:featuredmedia":[{"embeddable":true,"href":"https:\/\/www.revistarambla.com\/en\/wp-json\/wp\/v2\/media\/67665"}],"wp:attachment":[{"href":"https:\/\/www.revistarambla.com\/en\/wp-json\/wp\/v2\/media?parent=67664"}],"wp:term":[{"taxonomy":"category","embeddable":true,"href":"https:\/\/www.revistarambla.com\/en\/wp-json\/wp\/v2\/categories?post=67664"},{"taxonomy":"post_tag","embeddable":true,"href":"https:\/\/www.revistarambla.com\/en\/wp-json\/wp\/v2\/tags?post=67664"}],"curies":[{"name":"wp","href":"https:\/\/api.w.org\/{rel}","templated":true}]}}