{"id":67661,"date":"2026-01-20T19:19:25","date_gmt":"2026-01-20T18:19:25","guid":{"rendered":"https:\/\/www.revistarambla.com\/?p=67661"},"modified":"2026-01-20T19:19:25","modified_gmt":"2026-01-20T18:19:25","slug":"mas-truhan-que-senor-julio-iglesias-capitalismo-pop-y-el-abuso-de-poder-en-la-cultura-contemporanea","status":"publish","type":"post","link":"https:\/\/www.revistarambla.com\/en\/mas-truhan-que-senor-julio-iglesias-capitalismo-pop-y-el-abuso-de-poder-en-la-cultura-contemporanea\/","title":{"rendered":"\u00bfM\u00e1s truh\u00e1n que se\u00f1or? Julio Iglesias, capitalismo pop y el abuso de poder en la cultura contempor\u00e1nea"},"content":{"rendered":"<p>En los \u00faltimos d\u00edas ha estallado un debate sociocultural profundo y necesario: c\u00f3mo una figura emblem\u00e1tica del pop \u2014Julio Iglesias\u2014, \u00edcono incontestable de la m\u00fasica global <!--more-->durante d\u00e9cadas, se ha visto envuelto en acusaciones de abuso sexual, explotaci\u00f3n laboral e incluso tr\u00e1fico de personas. Lo que inicialmente fue un esc\u00e1ndalo de \u00edndole personal se est\u00e1 transformando en un espejo que nos obliga a examinar c\u00f3mo el <strong>capitalismo pop<\/strong> y la cultura del \u00e9xito transforman a las figuras p\u00fablicas en sujetos casi intocables que, en determinadas condiciones, operan por encima de la \u00e9tica, la justicia y la responsabilidad social.<\/p>\n<h2><strong>I. El \u00eddolo pop y el poder: un contrato social desigual<\/strong><\/h2>\n<p>Julio Iglesias \u2014con una carrera que abarca m\u00e1s de seis d\u00e9cadas, millones de discos vendidos y una presencia internacional que pocos artistas espa\u00f1oles han logrado\u2014 es a la vez producto y reflejo de un sistema cultural que mide el valor art\u00edstico casi exclusivamente en t\u00e9rminos de ventas y celebridad.\u00a0Este sistema, al que podr\u00edamos denominar <em>capitalismo pop<\/em>, premia la rentabilidad, la marca personal y la omnipresencia medi\u00e1tica por encima de la integridad \u00e9tica. En ese entorno, el artista no solo vende discos: vende una narrativa de deseo, aspiraci\u00f3n y exaltaci\u00f3n del ego, que a menudo legitima su acceso a espacios de poder social que deber\u00edan estar bajo escrutinio permanente.<\/p>\n<p>La reciente denuncia presentada por dos exempleadas dom\u00e9sticas contra Iglesias \u2014y respaldada por la organizaci\u00f3n internacional de derechos humanos <em>Women\u2019s Link Worldwide<\/em>\u2014 se\u00f1ala conductas que van m\u00e1s all\u00e1 del acoso puntual: hablan de agresiones sexuales, control coercitivo, humillaciones, jornadas laborales extremas y condiciones que podr\u00edan encajar en definiciones legales de tr\u00e1fico de personas.<\/p>\n<p>Aqu\u00ed no se trata \u00fanicamente de hechos aislados, sino de <strong>una estructura de dominaci\u00f3n sostenida por el prestigio, la riqueza y la adulaci\u00f3n del p\u00fablico<\/strong>.<\/p>\n<h2><strong>II. Las denunciantes y la naturaleza del abuso de poder<\/strong><\/h2>\n<p>Las presuntas v\u00edctimas, identificadas con seud\u00f3nimos para proteger su identidad, trabajaron para el cantante en sus residencias del Caribe. Relatan no solo tocamientos no consentidos y humillaciones, sino tambi\u00e9n un sistema de control f\u00edsico y psicol\u00f3gico donde la dependencia econ\u00f3mica, el aislamiento y la jerarqu\u00eda r\u00edgida del empleo dom\u00e9stico se mezclan con la celebridad del patr\u00f3n.<\/p>\n<p>Lo que emerge de las declaraciones no es solo la presencia de posibles delitos individuales, sino un <strong>patr\u00f3n de abuso estructuralmente facilitado por la posici\u00f3n de poder de Iglesias<\/strong>: un entorno donde la vulnerabilidad de las trabajadoras (extranjeras, sin red social, sin contratos formales) se explota bajo la sombra de la fama y la impunidad social.<\/p>\n<p>Este tipo de relaci\u00f3n \u2014que podr\u00edamos llamar capitalismo pop en su forma m\u00e1s predatoria\u2014 <strong>no es un accidente<\/strong>, sino el resultado l\u00f3gico de un sistema cultural que aplaude la acumulaci\u00f3n de estatus y privilegios sin responsabilidad. Iglesias no es culpable hasta que lo determine una sentencia firme; sin embargo, el proceso medi\u00e1tico y judicial nos obliga a cuestionar c\u00f3mo figuras de ese calibre han podido habitar durante d\u00e9cadas <strong>zonas grises sin escrutinio<\/strong>.<\/p>\n<h2><strong>III. El rol de la fama como blindaje social<\/strong><\/h2>\n<p>La fama funciona como un escudo que, hist\u00f3ricamente, ha protegido a agentes culturales poderosos de las consecuencias de sus actos. Desde hace a\u00f1os, relatos anecd\u00f3ticos en redes y hemerotecas se\u00f1alan comportamientos de Iglesias que, en otros contextos, hubieran suscitado debates m\u00e1s amplios.\u00a0 Sin embargo, la cultura del \u201ctodo vale si eres un genio\u201d tiende a silenciar o minimizar las voces de quienes no forman parte de ese c\u00edrculo de privilegios.<\/p>\n<p>El capitalismo pop se alimenta de esta l\u00f3gica: la celebridad <strong>monetiza la atenci\u00f3n y anula la cr\u00edtica<\/strong>. Que un \u00eddolo tenga la \u00faltima palabra en Instagram, en los medios o en la percepci\u00f3n p\u00fablica, no significa que su conducta deba estar por encima de cualquier examen \u00e9tico o legal. La fama, en este sentido, no puede ni debe ser un sustituto de la responsabilidad.<\/p>\n<h2><strong>IV. La respuesta institucional y la justicia en juego<\/strong><\/h2>\n<p>Iglesias ha negado enf\u00e1ticamente todas las acusaciones, calific\u00e1ndolas de \u201cfalsas\u201d y expresando tristeza ante lo que considera una campa\u00f1a de desinformaci\u00f3n y maldad.\u00a0 El proceso, por el momento, est\u00e1 en una fase preliminar en Espa\u00f1a, con la Fiscal\u00eda de la Audiencia Nacional evaluando su competencia y si ha lugar a continuar con la investigaci\u00f3n.<\/p>\n<p>Pero el debate trasciende lo puramente jur\u00eddico. Como sociedad, debemos preguntarnos por qu\u00e9 medidas tan graves como las alegadas tardan a\u00f1os en salir a la luz, qu\u00e9 barreras estructurales enfrentan las v\u00edctimas (especialmente aquellas sin recursos, extranjeras o en posiciones laborales vulnerables), y c\u00f3mo las din\u00e1micas de poder econ\u00f3mico y celebridad pueden distorsionar la percepci\u00f3n del abuso.<\/p>\n<h2><strong>V. Capitalismo pop: una cultura que protege a los intocables<\/strong><\/h2>\n<p>El t\u00e9rmino <em>capitalismo pop<\/em> \u2014como sugiere el art\u00edculo de an\u00e1lisis que inspir\u00f3 este texto\u2014 hace referencia a un fen\u00f3meno donde la l\u00f3gica del mercado, el culto a la personalidad y la acumulaci\u00f3n de capital simb\u00f3lico convierten a ciertas figuras en entidades casi sagradas, intocables e incluso inmunes al escrutinio que enfrentar\u00eda cualquier otra persona.<\/p>\n<p>Este fen\u00f3meno no solo se ve en la m\u00fasica, sino en diferentes \u00e1mbitos de la cultura, el deporte y la pol\u00edtica. La combinaci\u00f3n de \u00e9xito comercial, carisma medi\u00e1tico y un p\u00fablico global crea una especie de <strong>blindaje social<\/strong> que \u2014en casos extremos\u2014 puede devenir en impunidad cultural. Criticar a una figura de este calibre sol\u00eda considerarse un sacrilegio para ciertos sectores de opini\u00f3n p\u00fablica; ahora sin embargo, el debate est\u00e1 cambiando.<\/p>\n<h2><strong>VI. Hacia una cultura de responsabilidad y transformaci\u00f3n<\/strong><\/h2>\n<p>El proceso judicial, por riguroso que sea, es solo una parte de la respuesta colectiva que necesitamos. El capitalismo pop solo puede replantearse si:<\/p>\n<ul>\n<li><strong>Revisamos c\u00f3mo nuestra cultura idolatra figuras sin examinar sus pr\u00e1cticas \u00e9ticas.<\/strong><\/li>\n<li><strong>Fortalecemos los mecanismos que protegen a trabajadores vulnerables, especialmente en sectores no regulados como empleo dom\u00e9stico.<\/strong><\/li>\n<li><strong>Promovemos una conversaci\u00f3n p\u00fablica que no sacralice la celebridad, sino que responsabilice a los individuos por sus actos, independientemente de su estatus.<\/strong><\/li>\n<\/ul>\n<p>Este caso nos confronta con una pregunta central: \u00bfqueremos una cultura que <strong>adule sin l\u00edmites<\/strong> o una que <strong>valore sin ceguera<\/strong>, que distinga entre el legado art\u00edstico y la conducta humana? El capitalismo pop solo sobrevivir\u00e1 si aceptamos que la fama no puede ser sin\u00f3nimo de impunidad.<\/p>","protected":false},"excerpt":{"rendered":"<p>En los \u00faltimos d\u00edas ha estallado un debate sociocultural profundo y necesario: c\u00f3mo una figura emblem\u00e1tica del pop \u2014Julio Iglesias\u2014, \u00edcono incontestable de la m\u00fasica global<\/p>","protected":false},"author":15,"featured_media":67662,"comment_status":"closed","ping_status":"closed","sticky":false,"template":"","format":"standard","meta":{"footnotes":""},"categories":[72],"tags":[],"class_list":["post-67661","post","type-post","status-publish","format-standard","has-post-thumbnail","hentry","category-opinion"],"yoast_head":"<!-- This site is optimized with the Yoast SEO plugin v27.5 - https:\/\/yoast.com\/product\/yoast-seo-wordpress\/ -->\n<title>\u00bfM\u00e1s truh\u00e1n que se\u00f1or? Julio Iglesias, capitalismo pop y el abuso de poder en la cultura contempor\u00e1nea - Revista Rambla<\/title>\n<meta name=\"robots\" content=\"index, follow, max-snippet:-1, max-image-preview:large, max-video-preview:-1\" \/>\n<link rel=\"canonical\" href=\"https:\/\/www.revistarambla.com\/en\/mas-truhan-que-senor-julio-iglesias-capitalismo-pop-y-el-abuso-de-poder-en-la-cultura-contemporanea\/\" \/>\n<meta property=\"og:locale\" content=\"en_GB\" \/>\n<meta property=\"og:type\" content=\"article\" \/>\n<meta property=\"og:title\" content=\"\u00bfM\u00e1s truh\u00e1n que se\u00f1or? Julio Iglesias, capitalismo pop y el abuso de poder en la cultura contempor\u00e1nea - Revista Rambla\" \/>\n<meta property=\"og:description\" content=\"En los \u00faltimos d\u00edas ha estallado un debate sociocultural profundo y necesario: c\u00f3mo una figura emblem\u00e1tica del pop \u2014Julio Iglesias\u2014, \u00edcono incontestable de la m\u00fasica global\" \/>\n<meta property=\"og:url\" content=\"https:\/\/www.revistarambla.com\/en\/mas-truhan-que-senor-julio-iglesias-capitalismo-pop-y-el-abuso-de-poder-en-la-cultura-contemporanea\/\" \/>\n<meta property=\"og:site_name\" content=\"Revista Rambla\" \/>\n<meta property=\"article:publisher\" content=\"https:\/\/www.facebook.com\/revistarambla\/\" \/>\n<meta property=\"article:published_time\" content=\"2026-01-20T18:19:25+00:00\" \/>\n<meta property=\"og:image\" content=\"https:\/\/www.revistarambla.com\/wp-content\/uploads\/2026\/01\/Julio_Iglesias_9516905427.jpg\" \/>\n\t<meta property=\"og:image:width\" content=\"1200\" \/>\n\t<meta property=\"og:image:height\" content=\"800\" \/>\n\t<meta property=\"og:image:type\" content=\"image\/jpeg\" \/>\n<meta name=\"author\" content=\"Alejandra Maller\" \/>\n<meta name=\"twitter:card\" content=\"summary_large_image\" \/>\n<meta name=\"twitter:creator\" content=\"@revistarambla\" \/>\n<meta name=\"twitter:site\" content=\"@revistarambla\" \/>\n<meta name=\"twitter:label1\" content=\"Written by\" \/>\n\t<meta name=\"twitter:data1\" content=\"Alejandra Maller\" \/>\n\t<meta name=\"twitter:label2\" content=\"Estimated reading time\" \/>\n\t<meta name=\"twitter:data2\" content=\"5 minutes\" \/>\n<script type=\"application\/ld+json\" class=\"yoast-schema-graph\">{\"@context\":\"https:\\\/\\\/schema.org\",\"@graph\":[{\"@type\":\"Article\",\"@id\":\"https:\\\/\\\/www.revistarambla.com\\\/mas-truhan-que-senor-julio-iglesias-capitalismo-pop-y-el-abuso-de-poder-en-la-cultura-contemporanea\\\/#article\",\"isPartOf\":{\"@id\":\"https:\\\/\\\/www.revistarambla.com\\\/mas-truhan-que-senor-julio-iglesias-capitalismo-pop-y-el-abuso-de-poder-en-la-cultura-contemporanea\\\/\"},\"author\":{\"name\":\"Alejandra Maller\",\"@id\":\"https:\\\/\\\/www.revistarambla.com\\\/#\\\/schema\\\/person\\\/2b19179a8ace334b829ad72cc6e6ce97\"},\"headline\":\"\u00bfM\u00e1s truh\u00e1n que se\u00f1or? Julio Iglesias, capitalismo pop y el abuso de poder en la cultura contempor\u00e1nea\",\"datePublished\":\"2026-01-20T18:19:25+00:00\",\"mainEntityOfPage\":{\"@id\":\"https:\\\/\\\/www.revistarambla.com\\\/mas-truhan-que-senor-julio-iglesias-capitalismo-pop-y-el-abuso-de-poder-en-la-cultura-contemporanea\\\/\"},\"wordCount\":1138,\"publisher\":{\"@id\":\"https:\\\/\\\/www.revistarambla.com\\\/#organization\"},\"image\":{\"@id\":\"https:\\\/\\\/www.revistarambla.com\\\/mas-truhan-que-senor-julio-iglesias-capitalismo-pop-y-el-abuso-de-poder-en-la-cultura-contemporanea\\\/#primaryimage\"},\"thumbnailUrl\":\"https:\\\/\\\/www.revistarambla.com\\\/wp-content\\\/uploads\\\/2026\\\/01\\\/Julio_Iglesias_9516905427.jpg\",\"articleSection\":[\"Opiniones\"],\"inLanguage\":\"en-GB\"},{\"@type\":\"WebPage\",\"@id\":\"https:\\\/\\\/www.revistarambla.com\\\/mas-truhan-que-senor-julio-iglesias-capitalismo-pop-y-el-abuso-de-poder-en-la-cultura-contemporanea\\\/\",\"url\":\"https:\\\/\\\/www.revistarambla.com\\\/mas-truhan-que-senor-julio-iglesias-capitalismo-pop-y-el-abuso-de-poder-en-la-cultura-contemporanea\\\/\",\"name\":\"\u00bfM\u00e1s truh\u00e1n que se\u00f1or? Julio Iglesias, capitalismo pop y el abuso de poder en la cultura contempor\u00e1nea - Revista Rambla\",\"isPartOf\":{\"@id\":\"https:\\\/\\\/www.revistarambla.com\\\/#website\"},\"primaryImageOfPage\":{\"@id\":\"https:\\\/\\\/www.revistarambla.com\\\/mas-truhan-que-senor-julio-iglesias-capitalismo-pop-y-el-abuso-de-poder-en-la-cultura-contemporanea\\\/#primaryimage\"},\"image\":{\"@id\":\"https:\\\/\\\/www.revistarambla.com\\\/mas-truhan-que-senor-julio-iglesias-capitalismo-pop-y-el-abuso-de-poder-en-la-cultura-contemporanea\\\/#primaryimage\"},\"thumbnailUrl\":\"https:\\\/\\\/www.revistarambla.com\\\/wp-content\\\/uploads\\\/2026\\\/01\\\/Julio_Iglesias_9516905427.jpg\",\"datePublished\":\"2026-01-20T18:19:25+00:00\",\"breadcrumb\":{\"@id\":\"https:\\\/\\\/www.revistarambla.com\\\/mas-truhan-que-senor-julio-iglesias-capitalismo-pop-y-el-abuso-de-poder-en-la-cultura-contemporanea\\\/#breadcrumb\"},\"inLanguage\":\"en-GB\",\"potentialAction\":[{\"@type\":\"ReadAction\",\"target\":[\"https:\\\/\\\/www.revistarambla.com\\\/mas-truhan-que-senor-julio-iglesias-capitalismo-pop-y-el-abuso-de-poder-en-la-cultura-contemporanea\\\/\"]}]},{\"@type\":\"ImageObject\",\"inLanguage\":\"en-GB\",\"@id\":\"https:\\\/\\\/www.revistarambla.com\\\/mas-truhan-que-senor-julio-iglesias-capitalismo-pop-y-el-abuso-de-poder-en-la-cultura-contemporanea\\\/#primaryimage\",\"url\":\"https:\\\/\\\/www.revistarambla.com\\\/wp-content\\\/uploads\\\/2026\\\/01\\\/Julio_Iglesias_9516905427.jpg\",\"contentUrl\":\"https:\\\/\\\/www.revistarambla.com\\\/wp-content\\\/uploads\\\/2026\\\/01\\\/Julio_Iglesias_9516905427.jpg\",\"width\":1200,\"height\":800,\"caption\":\"julio iglesias\"},{\"@type\":\"BreadcrumbList\",\"@id\":\"https:\\\/\\\/www.revistarambla.com\\\/mas-truhan-que-senor-julio-iglesias-capitalismo-pop-y-el-abuso-de-poder-en-la-cultura-contemporanea\\\/#breadcrumb\",\"itemListElement\":[{\"@type\":\"ListItem\",\"position\":1,\"name\":\"Portada\",\"item\":\"https:\\\/\\\/www.revistarambla.com\\\/\"},{\"@type\":\"ListItem\",\"position\":2,\"name\":\"\u00bfM\u00e1s truh\u00e1n que se\u00f1or? Julio Iglesias, capitalismo pop y el abuso de poder en la cultura contempor\u00e1nea\"}]},{\"@type\":\"WebSite\",\"@id\":\"https:\\\/\\\/www.revistarambla.com\\\/#website\",\"url\":\"https:\\\/\\\/www.revistarambla.com\\\/\",\"name\":\"Revista Rambla Barcelona\",\"description\":\"Periodismo independiente\",\"publisher\":{\"@id\":\"https:\\\/\\\/www.revistarambla.com\\\/#organization\"},\"potentialAction\":[{\"@type\":\"SearchAction\",\"target\":{\"@type\":\"EntryPoint\",\"urlTemplate\":\"https:\\\/\\\/www.revistarambla.com\\\/?s={search_term_string}\"},\"query-input\":{\"@type\":\"PropertyValueSpecification\",\"valueRequired\":true,\"valueName\":\"search_term_string\"}}],\"inLanguage\":\"en-GB\"},{\"@type\":\"Organization\",\"@id\":\"https:\\\/\\\/www.revistarambla.com\\\/#organization\",\"name\":\"Revista Rambla\",\"url\":\"https:\\\/\\\/www.revistarambla.com\\\/\",\"logo\":{\"@type\":\"ImageObject\",\"inLanguage\":\"en-GB\",\"@id\":\"https:\\\/\\\/www.revistarambla.com\\\/#\\\/schema\\\/logo\\\/image\\\/\",\"url\":\"https:\\\/\\\/www.revistarambla.com\\\/wp-content\\\/uploads\\\/2020\\\/09\\\/banner_rambla_1900x600_BB.png\",\"contentUrl\":\"https:\\\/\\\/www.revistarambla.com\\\/wp-content\\\/uploads\\\/2020\\\/09\\\/banner_rambla_1900x600_BB.png\",\"width\":1900,\"height\":600,\"caption\":\"Revista Rambla\"},\"image\":{\"@id\":\"https:\\\/\\\/www.revistarambla.com\\\/#\\\/schema\\\/logo\\\/image\\\/\"},\"sameAs\":[\"https:\\\/\\\/www.facebook.com\\\/revistarambla\\\/\",\"https:\\\/\\\/x.com\\\/revistarambla\",\"https:\\\/\\\/www.instagram.com\\\/revista_rambla\",\"https:\\\/\\\/es.linkedin.com\\\/company\\\/revista-rambla\"]},{\"@type\":\"Person\",\"@id\":\"https:\\\/\\\/www.revistarambla.com\\\/#\\\/schema\\\/person\\\/2b19179a8ace334b829ad72cc6e6ce97\",\"name\":\"Alejandra Maller\",\"description\":\"Periodista y catalana.\",\"sameAs\":[\"https:\\\/\\\/www.revistarambla.com\\\/\"]}]}<\/script>\n<!-- \/ Yoast SEO plugin. -->","yoast_head_json":{"title":"\u00bfM\u00e1s truh\u00e1n que se\u00f1or? Julio Iglesias, capitalismo pop y el abuso de poder en la cultura contempor\u00e1nea - Revista Rambla","robots":{"index":"index","follow":"follow","max-snippet":"max-snippet:-1","max-image-preview":"max-image-preview:large","max-video-preview":"max-video-preview:-1"},"canonical":"https:\/\/www.revistarambla.com\/en\/mas-truhan-que-senor-julio-iglesias-capitalismo-pop-y-el-abuso-de-poder-en-la-cultura-contemporanea\/","og_locale":"en_GB","og_type":"article","og_title":"\u00bfM\u00e1s truh\u00e1n que se\u00f1or? Julio Iglesias, capitalismo pop y el abuso de poder en la cultura contempor\u00e1nea - Revista Rambla","og_description":"En los \u00faltimos d\u00edas ha estallado un debate sociocultural profundo y necesario: c\u00f3mo una figura emblem\u00e1tica del pop \u2014Julio Iglesias\u2014, \u00edcono incontestable de la m\u00fasica global","og_url":"https:\/\/www.revistarambla.com\/en\/mas-truhan-que-senor-julio-iglesias-capitalismo-pop-y-el-abuso-de-poder-en-la-cultura-contemporanea\/","og_site_name":"Revista Rambla","article_publisher":"https:\/\/www.facebook.com\/revistarambla\/","article_published_time":"2026-01-20T18:19:25+00:00","og_image":[{"width":1200,"height":800,"url":"https:\/\/www.revistarambla.com\/wp-content\/uploads\/2026\/01\/Julio_Iglesias_9516905427.jpg","type":"image\/jpeg"}],"author":"Alejandra Maller","twitter_card":"summary_large_image","twitter_creator":"@revistarambla","twitter_site":"@revistarambla","twitter_misc":{"Written by":"Alejandra Maller","Estimated reading time":"5 minutes"},"schema":{"@context":"https:\/\/schema.org","@graph":[{"@type":"Article","@id":"https:\/\/www.revistarambla.com\/mas-truhan-que-senor-julio-iglesias-capitalismo-pop-y-el-abuso-de-poder-en-la-cultura-contemporanea\/#article","isPartOf":{"@id":"https:\/\/www.revistarambla.com\/mas-truhan-que-senor-julio-iglesias-capitalismo-pop-y-el-abuso-de-poder-en-la-cultura-contemporanea\/"},"author":{"name":"Alejandra Maller","@id":"https:\/\/www.revistarambla.com\/#\/schema\/person\/2b19179a8ace334b829ad72cc6e6ce97"},"headline":"\u00bfM\u00e1s truh\u00e1n que se\u00f1or? Julio Iglesias, capitalismo pop y el abuso de poder en la cultura contempor\u00e1nea","datePublished":"2026-01-20T18:19:25+00:00","mainEntityOfPage":{"@id":"https:\/\/www.revistarambla.com\/mas-truhan-que-senor-julio-iglesias-capitalismo-pop-y-el-abuso-de-poder-en-la-cultura-contemporanea\/"},"wordCount":1138,"publisher":{"@id":"https:\/\/www.revistarambla.com\/#organization"},"image":{"@id":"https:\/\/www.revistarambla.com\/mas-truhan-que-senor-julio-iglesias-capitalismo-pop-y-el-abuso-de-poder-en-la-cultura-contemporanea\/#primaryimage"},"thumbnailUrl":"https:\/\/www.revistarambla.com\/wp-content\/uploads\/2026\/01\/Julio_Iglesias_9516905427.jpg","articleSection":["Opiniones"],"inLanguage":"en-GB"},{"@type":"WebPage","@id":"https:\/\/www.revistarambla.com\/mas-truhan-que-senor-julio-iglesias-capitalismo-pop-y-el-abuso-de-poder-en-la-cultura-contemporanea\/","url":"https:\/\/www.revistarambla.com\/mas-truhan-que-senor-julio-iglesias-capitalismo-pop-y-el-abuso-de-poder-en-la-cultura-contemporanea\/","name":"\u00bfM\u00e1s truh\u00e1n que se\u00f1or? Julio Iglesias, capitalismo pop y el abuso de poder en la cultura contempor\u00e1nea - Revista Rambla","isPartOf":{"@id":"https:\/\/www.revistarambla.com\/#website"},"primaryImageOfPage":{"@id":"https:\/\/www.revistarambla.com\/mas-truhan-que-senor-julio-iglesias-capitalismo-pop-y-el-abuso-de-poder-en-la-cultura-contemporanea\/#primaryimage"},"image":{"@id":"https:\/\/www.revistarambla.com\/mas-truhan-que-senor-julio-iglesias-capitalismo-pop-y-el-abuso-de-poder-en-la-cultura-contemporanea\/#primaryimage"},"thumbnailUrl":"https:\/\/www.revistarambla.com\/wp-content\/uploads\/2026\/01\/Julio_Iglesias_9516905427.jpg","datePublished":"2026-01-20T18:19:25+00:00","breadcrumb":{"@id":"https:\/\/www.revistarambla.com\/mas-truhan-que-senor-julio-iglesias-capitalismo-pop-y-el-abuso-de-poder-en-la-cultura-contemporanea\/#breadcrumb"},"inLanguage":"en-GB","potentialAction":[{"@type":"ReadAction","target":["https:\/\/www.revistarambla.com\/mas-truhan-que-senor-julio-iglesias-capitalismo-pop-y-el-abuso-de-poder-en-la-cultura-contemporanea\/"]}]},{"@type":"ImageObject","inLanguage":"en-GB","@id":"https:\/\/www.revistarambla.com\/mas-truhan-que-senor-julio-iglesias-capitalismo-pop-y-el-abuso-de-poder-en-la-cultura-contemporanea\/#primaryimage","url":"https:\/\/www.revistarambla.com\/wp-content\/uploads\/2026\/01\/Julio_Iglesias_9516905427.jpg","contentUrl":"https:\/\/www.revistarambla.com\/wp-content\/uploads\/2026\/01\/Julio_Iglesias_9516905427.jpg","width":1200,"height":800,"caption":"julio iglesias"},{"@type":"BreadcrumbList","@id":"https:\/\/www.revistarambla.com\/mas-truhan-que-senor-julio-iglesias-capitalismo-pop-y-el-abuso-de-poder-en-la-cultura-contemporanea\/#breadcrumb","itemListElement":[{"@type":"ListItem","position":1,"name":"Portada","item":"https:\/\/www.revistarambla.com\/"},{"@type":"ListItem","position":2,"name":"\u00bfM\u00e1s truh\u00e1n que se\u00f1or? Julio Iglesias, capitalismo pop y el abuso de poder en la cultura contempor\u00e1nea"}]},{"@type":"WebSite","@id":"https:\/\/www.revistarambla.com\/#website","url":"https:\/\/www.revistarambla.com\/","name":"Revista Rambla Barcelona","description":"Periodismo independiente","publisher":{"@id":"https:\/\/www.revistarambla.com\/#organization"},"potentialAction":[{"@type":"SearchAction","target":{"@type":"EntryPoint","urlTemplate":"https:\/\/www.revistarambla.com\/?s={search_term_string}"},"query-input":{"@type":"PropertyValueSpecification","valueRequired":true,"valueName":"search_term_string"}}],"inLanguage":"en-GB"},{"@type":"Organization","@id":"https:\/\/www.revistarambla.com\/#organization","name":"Revista Rambla","url":"https:\/\/www.revistarambla.com\/","logo":{"@type":"ImageObject","inLanguage":"en-GB","@id":"https:\/\/www.revistarambla.com\/#\/schema\/logo\/image\/","url":"https:\/\/www.revistarambla.com\/wp-content\/uploads\/2020\/09\/banner_rambla_1900x600_BB.png","contentUrl":"https:\/\/www.revistarambla.com\/wp-content\/uploads\/2020\/09\/banner_rambla_1900x600_BB.png","width":1900,"height":600,"caption":"Revista Rambla"},"image":{"@id":"https:\/\/www.revistarambla.com\/#\/schema\/logo\/image\/"},"sameAs":["https:\/\/www.facebook.com\/revistarambla\/","https:\/\/x.com\/revistarambla","https:\/\/www.instagram.com\/revista_rambla","https:\/\/es.linkedin.com\/company\/revista-rambla"]},{"@type":"Person","@id":"https:\/\/www.revistarambla.com\/#\/schema\/person\/2b19179a8ace334b829ad72cc6e6ce97","name":"Alejandra Maller","description":"Periodista y catalana.","sameAs":["https:\/\/www.revistarambla.com\/"]}]}},"_links":{"self":[{"href":"https:\/\/www.revistarambla.com\/en\/wp-json\/wp\/v2\/posts\/67661","targetHints":{"allow":["GET"]}}],"collection":[{"href":"https:\/\/www.revistarambla.com\/en\/wp-json\/wp\/v2\/posts"}],"about":[{"href":"https:\/\/www.revistarambla.com\/en\/wp-json\/wp\/v2\/types\/post"}],"author":[{"embeddable":true,"href":"https:\/\/www.revistarambla.com\/en\/wp-json\/wp\/v2\/users\/15"}],"replies":[{"embeddable":true,"href":"https:\/\/www.revistarambla.com\/en\/wp-json\/wp\/v2\/comments?post=67661"}],"version-history":[{"count":1,"href":"https:\/\/www.revistarambla.com\/en\/wp-json\/wp\/v2\/posts\/67661\/revisions"}],"predecessor-version":[{"id":67663,"href":"https:\/\/www.revistarambla.com\/en\/wp-json\/wp\/v2\/posts\/67661\/revisions\/67663"}],"wp:featuredmedia":[{"embeddable":true,"href":"https:\/\/www.revistarambla.com\/en\/wp-json\/wp\/v2\/media\/67662"}],"wp:attachment":[{"href":"https:\/\/www.revistarambla.com\/en\/wp-json\/wp\/v2\/media?parent=67661"}],"wp:term":[{"taxonomy":"category","embeddable":true,"href":"https:\/\/www.revistarambla.com\/en\/wp-json\/wp\/v2\/categories?post=67661"},{"taxonomy":"post_tag","embeddable":true,"href":"https:\/\/www.revistarambla.com\/en\/wp-json\/wp\/v2\/tags?post=67661"}],"curies":[{"name":"wp","href":"https:\/\/api.w.org\/{rel}","templated":true}]}}