{"id":67658,"date":"2026-01-20T19:15:35","date_gmt":"2026-01-20T18:15:35","guid":{"rendered":"https:\/\/www.revistarambla.com\/?p=67658"},"modified":"2026-01-20T19:15:35","modified_gmt":"2026-01-20T18:15:35","slug":"alianca-catalana-y-vox-dos-fuerzas-emergentes-en-la-extrema-derecha-catalana","status":"publish","type":"post","link":"https:\/\/www.revistarambla.com\/en\/alianca-catalana-y-vox-dos-fuerzas-emergentes-en-la-extrema-derecha-catalana\/","title":{"rendered":"Alian\u00e7a Catalana y Vox: dos fuerzas emergentes en la extrema derecha catalana"},"content":{"rendered":"<p>En el convulso panorama pol\u00edtico de Catalu\u00f1a \u2014y, en extensi\u00f3n, de Espa\u00f1a\u2014, la aparici\u00f3n de <strong>Alian\u00e7a Catalana<\/strong> como actor pol\u00edtico con representaci\u00f3n en el Parlament <!--more-->ha reconfigurado de manera notable ciertas din\u00e1micas tradicionales del espacio de la extrema derecha y del independentismo. Con Vox como referente claro de la ultraderecha espa\u00f1olista desde hace a\u00f1os, Alian\u00e7a no solo emerge como un competidor ideol\u00f3gico inesperado, sino que obliga a replantear las categor\u00edas cl\u00e1sicas con que se ha venido clasificando ese espectro pol\u00edtico. El an\u00e1lisis de las diferencias y similitudes entre ambas formaciones revela no solo divergencias identitarias profundas, sino tambi\u00e9n coincidencias estrat\u00e9gicas y discursivas que ayudan a comprender mejor el auge de la derecha radical en contextos nacionalistas diversos.<\/p>\n<hr \/>\n<h2><strong>Or\u00edgenes y posicionamientos identitarios<\/strong><\/h2>\n<p>La primera y m\u00e1s evidente diferencia entre <strong>Alian\u00e7a Catalana<\/strong> y <strong>Vox<\/strong> radica en su matriz identitaria y su relaci\u00f3n con el Estado espa\u00f1ol.<\/p>\n<p><strong>Alian\u00e7a Catalana<\/strong> naci\u00f3 como un partido pol\u00edtico en Ripoll en 2020, con un posicionamiento claramente nacionalista catal\u00e1n y de extrema derecha. Defiende la <strong>independencia unilateral de Catalu\u00f1a<\/strong> como culminaci\u00f3n de un proyecto de liberaci\u00f3n nacional, concebido no solo en t\u00e9rminos pol\u00edticos sino tambi\u00e9n culturales y demogr\u00e1ficos. Su discurso incorpora elementos proteccionistas, rechazo a la inmigraci\u00f3n y defensa de una visi\u00f3n de \u201cCatalu\u00f1a para los catalanes\u201d. (<a title=\"Alian\u00e7a Catalana\" href=\"https:\/\/es.wikipedia.org\/wiki\/Alian%C3%A7a_Catalana?utm_source=chatgpt.com\">Wikipedia<\/a>)<\/p>\n<p><strong>Vox<\/strong>, por contraste, representa la otra cara de la moneda identitaria: un <strong>nacionalismo espa\u00f1ol centralista<\/strong> que rechaza de manera frontal cualquier proyecto secesionista. Para Vox, la unidad de Espa\u00f1a no es un principio m\u00e1s de su programa, sino su principal raz\u00f3n de ser; su activismo pol\u00edtico est\u00e1 orientado a revertir los procesos descentralizadores y limitar las competencias auton\u00f3micas por considerarlos una fragmentaci\u00f3n de la soberan\u00eda nacional espa\u00f1ola. (<a title=\"Alian\u00e7a Catalana vs Vox: dos v\u00edas distintas para el voto del malestar\" href=\"https:\/\/www.catnoticias.es\/articulo\/catalunya\/alianca-catalana-vs-vox-dos-vias-distintas-voto-malestar\/20251125181541005806.html?utm_source=chatgpt.com\">CatNoticias.es<\/a>)<\/p>\n<p>Este choque identitario hace que, a pesar de las coincidencias en ciertos ejes tem\u00e1ticos, <strong>las dos formaciones operen en mundos cognitivos distintos<\/strong>: una mira hacia un Estado catal\u00e1n soberano, la otra hacia la preservaci\u00f3n del Estado espa\u00f1ol unidad. Las banderas bajo las cuales articular sus mensajes son, por tanto, incompatibles en el terreno simb\u00f3lico m\u00e1s b\u00e1sico. (<a title=\"Alian\u00e7a Catalana i Vox: difer\u00e8ncies visibles, coincid\u00e8ncies ...\" href=\"https:\/\/catalunyaplural.cat\/ca\/alianca-catalana-i-vox-diferencies-visibles-coincidencies-de-fons\/?utm_source=chatgpt.com\">catalunyaplural.cat<\/a>)<\/p>\n<hr \/>\n<h2><strong>Coincidencias ideol\u00f3gicas y estrategias discursivas compartidas<\/strong><\/h2>\n<p>A pesar de estas diferencias nucleares, <strong>existen coincidencias ideol\u00f3gicas significativas<\/strong> que no se pueden ignorar y que explican parte del cruce de electores o la convergencia de puntos de vista en ciertos \u00e1mbitos:<\/p>\n<h3><strong>1. Inmigraci\u00f3n y seguridad<\/strong><\/h3>\n<p>Tanto Alian\u00e7a como Vox articulan discursos en torno al rechazo a la inmigraci\u00f3n, present\u00e1ndola como una amenaza para la cohesi\u00f3n social, la identidad cultural y la seguridad p\u00fablica. Este eje ha sido una pieza central de su comunicaci\u00f3n pol\u00edtica, y ambos partidos hacen un uso intensivo de elementos ret\u00f3ricos que apelan al miedo y a la necesidad de \u00abcontrol\u00bb de fronteras (externas para Vox y demogr\u00e1ficas para Alian\u00e7a). (<a title=\"Alian\u00e7a Catalana y Vox: diferencias visibles, coincidencias ...\" href=\"https:\/\/catalunyaplural.cat\/es\/alianca-catalana-vox-diferencias-coincidencias\/?utm_source=chatgpt.com\">catalunyaplural.cat<\/a>)<\/p>\n<h3><strong>2. Desconfianza hacia \u00e9lites y medios tradicionales<\/strong><\/h3>\n<p>Otra coincidencia radica en su discurso contra las \u00e9lites pol\u00edticas y medi\u00e1ticas, presentadas como parte de un \u201cestablishment\u201d que traiciona al \u00abpueblo\u00bb y que est\u00e1 desconectado de las preocupaciones de amplios sectores sociales. Esta narrativa anti-\u00e9lite no solo es com\u00fan en ambos partidos, sino que forma parte de una tendencia global del nacionalpopulismo de derecha radical. (<a title=\"Alian\u00e7a Catalana y Vox: diferencias visibles, coincidencias ...\" href=\"https:\/\/catalunyaplural.cat\/es\/alianca-catalana-vox-diferencias-coincidencias\/?utm_source=chatgpt.com\">catalunyaplural.cat<\/a>)<\/p>\n<h3><strong>3. Teor\u00edas conspirativas y consumo medi\u00e1tico<\/strong><\/h3>\n<p>Encuestas sociol\u00f3gicas recientes muestran que una proporci\u00f3n elevada de votantes de Vox y de Alian\u00e7a comparten patrones de pensamiento conspirativo y un alto nivel de desconfianza hacia las fuentes tradicionales de informaci\u00f3n, confiando m\u00e1s en redes sociales o medios alternativos. Esto sugiere que m\u00e1s que afinidades program\u00e1ticas concretas, <strong>existe una convergencia en la forma de procesar y difundir la informaci\u00f3n pol\u00edtica<\/strong>, lo cual condiciona c\u00f3mo perciben problemas como la inmigraci\u00f3n, el independentismo o las \u00e9lites globales. (<a title=\"El conspiracionismo (y m\u00e1s cosas) unen en Catalu\u00f1a a Vox y a Alian\u00e7a: 6 datos que s\u00ed te puedes creer del \u00faltimo 'CIS catal\u00e1n'\" href=\"https:\/\/www.huffingtonpost.es\/politica\/el-conspiracionismo-y-mas-cosas-unen-cataluna-vox-allianca-6-datos-si-te-puedes-creer-ultimo-cis-catalan.html?utm_source=chatgpt.com\">ElHuffPost<\/a>)<\/p>\n<hr \/>\n<h2><strong>Diferencias sustanciales m\u00e1s all\u00e1 de la bandera<\/strong><\/h2>\n<p>Aunque ambos partidos puedan coincidir en agendas de orden p\u00fablico o rechazo migratorio, <strong>las diferencias de fondo son estructurales y se reflejan en m\u00faltiples dimensiones del discurso pol\u00edtico<\/strong>:<\/p>\n<h3><strong>Identidad nacional y proyecto estatal<\/strong><\/h3>\n<p>Ya se ha se\u00f1alado la incompatibilidad entre el proyecto independentista de Alian\u00e7a y el espa\u00f1olismo unitario de Vox. Esta diferencia no es meramente t\u00e1ctica, sino que afecta a todo su relato pol\u00edtico, alianzas potenciales y relaci\u00f3n con otras fuerzas pol\u00edticas de sus respectivos \u00e1mbitos. (<a title=\"Alian\u00e7a Catalana i Vox: difer\u00e8ncies visibles, coincid\u00e8ncies ...\" href=\"https:\/\/catalunyaplural.cat\/ca\/alianca-catalana-i-vox-diferencies-visibles-coincidencies-de-fons\/?utm_source=chatgpt.com\">catalunyaplural.cat<\/a>)<\/p>\n<h3><strong>Posturas sobre derechos sociales y libertades individuales<\/strong><\/h3>\n<p>Alian\u00e7a Catalana, pese a ser un partido de extrema derecha, tiende a <strong>distanciarse de la agenda m\u00e1s tradicionalmente reaccionaria de Vox<\/strong> en \u00e1mbitos como los derechos de las personas LGBT o ciertas libertades morales. Esto le permite construir una imagen de ultraderecha m\u00e1s \u00abmodernizada\u00bb \u2014o al menos pragm\u00e1tica\u2014, que la de Vox, cuyo conservadurismo social cl\u00e1sico es m\u00e1s expl\u00edcito. (<a title=\"Alian\u00e7a Catalana: la tormenta de arena que se cierne sobre el oasis catal\u00e1n | Noticias de Catalu\u00f1a | EL PA\u00cdS\" href=\"https:\/\/elpais.com\/espana\/catalunya\/2025-09-28\/alianca-catalana-la-tormenta-de-arena-que-se-cierne-sobre-el-oasis-catalan.html?utm_source=chatgpt.com\">El Pa\u00eds<\/a>)<\/p>\n<h3><strong>Lengua y cultura<\/strong><\/h3>\n<p>Mientras que Vox promueve el castellano como lengua com\u00fan y critica la inmersi\u00f3n ling\u00fc\u00edstica catalana, Alian\u00e7a Catalana sit\u00faa la <strong>lengua catalana como elemento central de identidad<\/strong> que hay que preservar frente a lo que percibe como amenaza demogr\u00e1fica y cultural. Esta divergencia ling\u00fc\u00edstica es clave en un territorio donde la lengua es uno de los ejes de conflicto pol\u00edtico m\u00e1s potentes. (<a title=\"Alian\u00e7a Catalana y Vox: diferencias visibles, coincidencias ...\" href=\"https:\/\/catalunyaplural.cat\/es\/alianca-catalana-vox-diferencias-coincidencias\/?utm_source=chatgpt.com\">catalunyaplural.cat<\/a>)<\/p>\n<h3><strong>Percepci\u00f3n del \u00abenemigo\u00bb pol\u00edtico<\/strong><\/h3>\n<p>Vox tiende a identificar su principal adversario en el \u00abgobierno socialcomunista\u00bb, en los independentistas y en las \u00e9lites globalistas. Alian\u00e7a, por su parte, sit\u00faa como enemigo fundamental no tanto a Espa\u00f1a, sino a los partidos del \u201cproc\u00e9s\u201d que han renunciado a la independencia y a la inmigraci\u00f3n irregular, interpretada como una amenaza demogr\u00e1fica interna. Este desplazamiento del foco adversarial de lo externo a lo interno configura un antagonismo diferente. (<a title=\"Alian\u00e7a Catalana vs Vox: dos v\u00edas distintas para el voto del malestar\" href=\"https:\/\/www.catnoticias.es\/articulo\/catalunya\/alianca-catalana-vs-vox-dos-vias-distintas-voto-malestar\/20251125181541005806.html?utm_source=chatgpt.com\">CatNoticias.es<\/a>)<\/p>\n<hr \/>\n<h2><strong>Ecos en el electorado: similitudes y divergencias sociales<\/strong><\/h2>\n<p>Los estudios de opini\u00f3n confirman que <strong>el perfil de los votantes de ambos partidos presenta tanto similitudes como diferencias notables<\/strong>:<\/p>\n<ul>\n<li>En cuanto a prioridades, tanto votantes de Vox como de Alian\u00e7a sit\u00faan la inmigraci\u00f3n y la seguridad como problemas principales, muy por encima de la media catalana. (<a title=\"\u00bfQui\u00e9n vota a Alian\u00e7a y Vox en Catalu\u00f1a? Sus apoyos por renta, sexo y edad | Noticias de Catalu\u00f1a | EL PA\u00cdS\" href=\"https:\/\/elpais.com\/espana\/catalunya\/2025-09-28\/quien-vota-a-alianca-y-vox-en-cataluna-sus-apoyos-por-renta-sexo-y-edad.html?utm_source=chatgpt.com\">El Pa\u00eds<\/a>)<\/li>\n<li>No obstante, hay diferencias sociol\u00f3gicas: Alian\u00e7a tiende a atraer votantes con niveles de renta y educaci\u00f3n m\u00e1s altos y con tendencias catalanistas m\u00e1s marcadas, mientras que Vox tiene una base m\u00e1s diversificada en t\u00e9rminos de ingresos y con menor proporci\u00f3n de universitarios. (<a title=\"\u00bfQui\u00e9n vota a Alian\u00e7a y Vox en Catalu\u00f1a? Sus apoyos por renta, sexo y edad | Noticias de Catalu\u00f1a | EL PA\u00cdS\" href=\"https:\/\/elpais.com\/espana\/catalunya\/2025-09-28\/quien-vota-a-alianca-y-vox-en-cataluna-sus-apoyos-por-renta-sexo-y-edad.html?utm_source=chatgpt.com\">El Pa\u00eds<\/a>)<\/li>\n<li>Territorialmente, el voto de Alian\u00e7a es m\u00e1s fuerte en municipios medianos y rurales del interior, mientras que Vox mantiene un apoyo relativamente m\u00e1s transversal aunque con fortaleza en \u00e1reas urbanas. (<a title=\"\u00bfQui\u00e9n vota a Alian\u00e7a y Vox en Catalu\u00f1a? Sus apoyos por renta, sexo y edad | Noticias de Catalu\u00f1a | EL PA\u00cdS\" href=\"https:\/\/elpais.com\/espana\/catalunya\/2025-09-28\/quien-vota-a-alianca-y-vox-en-cataluna-sus-apoyos-por-renta-sexo-y-edad.html?utm_source=chatgpt.com\">El Pa\u00eds<\/a>)<\/li>\n<\/ul>\n<p>Estas distinciones sugieren que <strong>el trasvase de votantes entre las formaciones no es masivo o uniforme<\/strong> sino que responde a motivaciones identitarias y geogr\u00e1ficas muy espec\u00edficas. (<a title=\"\u00bfQui\u00e9n vota a Alian\u00e7a y Vox en Catalu\u00f1a? Sus apoyos por renta, sexo y edad | Noticias de Catalu\u00f1a | EL PA\u00cdS\" href=\"https:\/\/elpais.com\/espana\/catalunya\/2025-09-28\/quien-vota-a-alianca-y-vox-en-cataluna-sus-apoyos-por-renta-sexo-y-edad.html?utm_source=chatgpt.com\">El Pa\u00eds<\/a>)<\/p>\n<hr \/>\n<h2><strong>Competencia y coexistencia en el espacio de la extrema derecha<\/strong><\/h2>\n<p>La expansi\u00f3n de Alian\u00e7a Catalana y su creciente visibilidad han generado tensiones evidentes con Vox y otros actores de la extrema derecha. Informes period\u00edsticos recientes se\u00f1alan que <strong>la batalla por la hegemon\u00eda en el espacio pol\u00edtico radical se ha intensificado<\/strong>, con Alian\u00e7a incluso criticando a Vox por no llevar su discurso xen\u00f3fobo lo suficientemente lejos o por no integrar ciertos segmentos, como los latinoamericanos, en su narrativa anti-inmigraci\u00f3n. (<a title=\"La batalla dentro de la extrema derecha se recrudece con el crecimiento de su espacio electoral\" href=\"https:\/\/elpais.com\/espana\/2026-01-18\/la-batalla-dentro-de-la-extrema-derecha-se-recrudece-con-el-crecimiento-de-su-espacio-electoral.html?utm_source=chatgpt.com\">El Pa\u00eds<\/a>)<\/p>\n<p>Adem\u00e1s, mientras Vox ha sido por a\u00f1os el referente de la extrema derecha en todo el Estado, <strong>Alian\u00e7a ha conseguido capitalizar un malestar espec\u00edfico del electorado catal\u00e1n<\/strong>, atra\u00eddo tanto por la frustraci\u00f3n con los partidos independentistas tradicionales como por un discurso identitario radicalizado. Esta situaci\u00f3n ha fragmentado el espacio electoral tradicional de la derecha radical y obliga a Vox a ajustar su mensaje o a competir por nichos donde antes ten\u00eda un monopolio discursivo claro. (<a title=\"La batalla dentro de la extrema derecha se recrudece con el crecimiento de su espacio electoral\" href=\"https:\/\/elpais.com\/espana\/2026-01-18\/la-batalla-dentro-de-la-extrema-derecha-se-recrudece-con-el-crecimiento-de-su-espacio-electoral.html?utm_source=chatgpt.com\">El Pa\u00eds<\/a>)<\/p>\n<hr \/>\n<h2><strong>Conclusiones: m\u00e1s all\u00e1 de las etiquetas<\/strong><\/h2>\n<p>El an\u00e1lisis comparado de Alian\u00e7a Catalana y Vox pone de manifiesto que <strong>las etiquetas simplistas como \u201cultraderecha\u201d o \u201cextrema derecha\u201d no son suficientes para comprender las complejas realidades pol\u00edticas actuales<\/strong>. Aunque comparten ciertas herramientas discursivas y agendas securitarias, sus ra\u00edces identitarias, proyectos estatales y relaciones con categor\u00edas culturales como la lengua o el independentismo son profundamente divergentes.<\/p>\n<p>En un contexto de polarizaci\u00f3n creciente, el estudio de estos fen\u00f3menos invita a replantear <strong>las categor\u00edas anal\u00edticas con las que se entiende la pol\u00edtica contempor\u00e1nea<\/strong>: no basta con situar fuerzas en un eje izquierda-derecha tradicional, sino que es indispensable considerar ejes transversales como identidad nacional, interpretaci\u00f3n de amenazas culturales, lenguajes de legitimaci\u00f3n pol\u00edtica y din\u00e1micas de competencia interpartidista.<\/p>\n<p>Esta comprensi\u00f3n m\u00e1s matizada tambi\u00e9n tiene implicaciones pr\u00e1cticas para la oposici\u00f3n pol\u00edtica y el debate p\u00fablico: <strong>tratar a Alian\u00e7a Catalana y a Vox como intercambiables o id\u00e9nticos puede oscurecer tanto las diferencias estrat\u00e9gicas como las oportunidades de di\u00e1logo o de confrontaci\u00f3n pol\u00edtica efectiva<\/strong>. Un an\u00e1lisis cuidadoso permite desentra\u00f1ar no solo qui\u00e9nes son estas formaciones, sino tambi\u00e9n por qu\u00e9 emergen y c\u00f3mo articulan \u2014y disputan\u2014 significados pol\u00edticos en una sociedad cada vez m\u00e1s fragmentada. (<a title=\"Alian\u00e7a Catalana i Vox: difer\u00e8ncies visibles, coincid\u00e8ncies ...\" href=\"https:\/\/catalunyaplural.cat\/ca\/alianca-catalana-i-vox-diferencies-visibles-coincidencies-de-fons\/?utm_source=chatgpt.com\">catalunyaplural.cat<\/a>)<\/p>","protected":false},"excerpt":{"rendered":"<p>Diferencias, coincidencias y tensiones de fondo<\/p>","protected":false},"author":3,"featured_media":67659,"comment_status":"closed","ping_status":"closed","sticky":false,"template":"","format":"standard","meta":{"footnotes":""},"categories":[59],"tags":[],"class_list":["post-67658","post","type-post","status-publish","format-standard","has-post-thumbnail","hentry","category-catalunya"],"yoast_head":"<!-- This site is optimized with the Yoast SEO plugin v27.5 - https:\/\/yoast.com\/product\/yoast-seo-wordpress\/ -->\n<title>Alian\u00e7a Catalana y Vox: dos fuerzas emergentes en la extrema derecha catalana - Revista Rambla<\/title>\n<meta name=\"robots\" content=\"index, follow, max-snippet:-1, max-image-preview:large, max-video-preview:-1\" \/>\n<link rel=\"canonical\" href=\"https:\/\/www.revistarambla.com\/en\/alianca-catalana-y-vox-dos-fuerzas-emergentes-en-la-extrema-derecha-catalana\/\" \/>\n<meta property=\"og:locale\" content=\"en_GB\" \/>\n<meta property=\"og:type\" content=\"article\" \/>\n<meta property=\"og:title\" content=\"Alian\u00e7a Catalana y Vox: dos fuerzas emergentes en la extrema derecha catalana - Revista Rambla\" \/>\n<meta property=\"og:description\" content=\"Diferencias, coincidencias y tensiones de fondo\" \/>\n<meta property=\"og:url\" content=\"https:\/\/www.revistarambla.com\/en\/alianca-catalana-y-vox-dos-fuerzas-emergentes-en-la-extrema-derecha-catalana\/\" \/>\n<meta property=\"og:site_name\" content=\"Revista Rambla\" \/>\n<meta property=\"article:publisher\" content=\"https:\/\/www.facebook.com\/revistarambla\/\" \/>\n<meta property=\"article:author\" content=\"https:\/\/www.facebook.com\/revistarambla\" \/>\n<meta property=\"article:published_time\" content=\"2026-01-20T18:15:35+00:00\" \/>\n<meta property=\"og:image\" content=\"https:\/\/www.revistarambla.com\/wp-content\/uploads\/2026\/01\/16948.jpg\" \/>\n\t<meta property=\"og:image:width\" content=\"1440\" \/>\n\t<meta property=\"og:image:height\" content=\"1920\" \/>\n\t<meta property=\"og:image:type\" content=\"image\/jpeg\" \/>\n<meta name=\"author\" content=\"R@mbla\" \/>\n<meta name=\"twitter:card\" content=\"summary_large_image\" \/>\n<meta name=\"twitter:creator\" content=\"@revistarambla\" \/>\n<meta name=\"twitter:site\" content=\"@revistarambla\" \/>\n<meta name=\"twitter:label1\" content=\"Written by\" \/>\n\t<meta name=\"twitter:data1\" content=\"R@mbla\" \/>\n\t<meta name=\"twitter:label2\" content=\"Estimated reading time\" \/>\n\t<meta name=\"twitter:data2\" content=\"7 minutes\" \/>\n<script type=\"application\/ld+json\" class=\"yoast-schema-graph\">{\"@context\":\"https:\\\/\\\/schema.org\",\"@graph\":[{\"@type\":\"Article\",\"@id\":\"https:\\\/\\\/www.revistarambla.com\\\/alianca-catalana-y-vox-dos-fuerzas-emergentes-en-la-extrema-derecha-catalana\\\/#article\",\"isPartOf\":{\"@id\":\"https:\\\/\\\/www.revistarambla.com\\\/alianca-catalana-y-vox-dos-fuerzas-emergentes-en-la-extrema-derecha-catalana\\\/\"},\"author\":{\"name\":\"R@mbla\",\"@id\":\"https:\\\/\\\/www.revistarambla.com\\\/#\\\/schema\\\/person\\\/a146a5a2550b94981a75131180e1bd9c\"},\"headline\":\"Alian\u00e7a Catalana y Vox: dos fuerzas emergentes en la extrema derecha catalana\",\"datePublished\":\"2026-01-20T18:15:35+00:00\",\"mainEntityOfPage\":{\"@id\":\"https:\\\/\\\/www.revistarambla.com\\\/alianca-catalana-y-vox-dos-fuerzas-emergentes-en-la-extrema-derecha-catalana\\\/\"},\"wordCount\":1612,\"publisher\":{\"@id\":\"https:\\\/\\\/www.revistarambla.com\\\/#organization\"},\"image\":{\"@id\":\"https:\\\/\\\/www.revistarambla.com\\\/alianca-catalana-y-vox-dos-fuerzas-emergentes-en-la-extrema-derecha-catalana\\\/#primaryimage\"},\"thumbnailUrl\":\"https:\\\/\\\/www.revistarambla.com\\\/wp-content\\\/uploads\\\/2026\\\/01\\\/16948.jpg\",\"articleSection\":[\"Catalunya\"],\"inLanguage\":\"en-GB\"},{\"@type\":\"WebPage\",\"@id\":\"https:\\\/\\\/www.revistarambla.com\\\/alianca-catalana-y-vox-dos-fuerzas-emergentes-en-la-extrema-derecha-catalana\\\/\",\"url\":\"https:\\\/\\\/www.revistarambla.com\\\/alianca-catalana-y-vox-dos-fuerzas-emergentes-en-la-extrema-derecha-catalana\\\/\",\"name\":\"Alian\u00e7a Catalana y Vox: dos fuerzas emergentes en la extrema derecha catalana - Revista Rambla\",\"isPartOf\":{\"@id\":\"https:\\\/\\\/www.revistarambla.com\\\/#website\"},\"primaryImageOfPage\":{\"@id\":\"https:\\\/\\\/www.revistarambla.com\\\/alianca-catalana-y-vox-dos-fuerzas-emergentes-en-la-extrema-derecha-catalana\\\/#primaryimage\"},\"image\":{\"@id\":\"https:\\\/\\\/www.revistarambla.com\\\/alianca-catalana-y-vox-dos-fuerzas-emergentes-en-la-extrema-derecha-catalana\\\/#primaryimage\"},\"thumbnailUrl\":\"https:\\\/\\\/www.revistarambla.com\\\/wp-content\\\/uploads\\\/2026\\\/01\\\/16948.jpg\",\"datePublished\":\"2026-01-20T18:15:35+00:00\",\"breadcrumb\":{\"@id\":\"https:\\\/\\\/www.revistarambla.com\\\/alianca-catalana-y-vox-dos-fuerzas-emergentes-en-la-extrema-derecha-catalana\\\/#breadcrumb\"},\"inLanguage\":\"en-GB\",\"potentialAction\":[{\"@type\":\"ReadAction\",\"target\":[\"https:\\\/\\\/www.revistarambla.com\\\/alianca-catalana-y-vox-dos-fuerzas-emergentes-en-la-extrema-derecha-catalana\\\/\"]}]},{\"@type\":\"ImageObject\",\"inLanguage\":\"en-GB\",\"@id\":\"https:\\\/\\\/www.revistarambla.com\\\/alianca-catalana-y-vox-dos-fuerzas-emergentes-en-la-extrema-derecha-catalana\\\/#primaryimage\",\"url\":\"https:\\\/\\\/www.revistarambla.com\\\/wp-content\\\/uploads\\\/2026\\\/01\\\/16948.jpg\",\"contentUrl\":\"https:\\\/\\\/www.revistarambla.com\\\/wp-content\\\/uploads\\\/2026\\\/01\\\/16948.jpg\",\"width\":1440,\"height\":1920,\"caption\":\"Alian\u00e7a Catalana y Vox\"},{\"@type\":\"BreadcrumbList\",\"@id\":\"https:\\\/\\\/www.revistarambla.com\\\/alianca-catalana-y-vox-dos-fuerzas-emergentes-en-la-extrema-derecha-catalana\\\/#breadcrumb\",\"itemListElement\":[{\"@type\":\"ListItem\",\"position\":1,\"name\":\"Portada\",\"item\":\"https:\\\/\\\/www.revistarambla.com\\\/\"},{\"@type\":\"ListItem\",\"position\":2,\"name\":\"Alian\u00e7a Catalana y Vox: dos fuerzas emergentes en la extrema derecha catalana\"}]},{\"@type\":\"WebSite\",\"@id\":\"https:\\\/\\\/www.revistarambla.com\\\/#website\",\"url\":\"https:\\\/\\\/www.revistarambla.com\\\/\",\"name\":\"Revista Rambla Barcelona\",\"description\":\"Periodismo independiente\",\"publisher\":{\"@id\":\"https:\\\/\\\/www.revistarambla.com\\\/#organization\"},\"potentialAction\":[{\"@type\":\"SearchAction\",\"target\":{\"@type\":\"EntryPoint\",\"urlTemplate\":\"https:\\\/\\\/www.revistarambla.com\\\/?s={search_term_string}\"},\"query-input\":{\"@type\":\"PropertyValueSpecification\",\"valueRequired\":true,\"valueName\":\"search_term_string\"}}],\"inLanguage\":\"en-GB\"},{\"@type\":\"Organization\",\"@id\":\"https:\\\/\\\/www.revistarambla.com\\\/#organization\",\"name\":\"Revista Rambla\",\"url\":\"https:\\\/\\\/www.revistarambla.com\\\/\",\"logo\":{\"@type\":\"ImageObject\",\"inLanguage\":\"en-GB\",\"@id\":\"https:\\\/\\\/www.revistarambla.com\\\/#\\\/schema\\\/logo\\\/image\\\/\",\"url\":\"https:\\\/\\\/www.revistarambla.com\\\/wp-content\\\/uploads\\\/2020\\\/09\\\/banner_rambla_1900x600_BB.png\",\"contentUrl\":\"https:\\\/\\\/www.revistarambla.com\\\/wp-content\\\/uploads\\\/2020\\\/09\\\/banner_rambla_1900x600_BB.png\",\"width\":1900,\"height\":600,\"caption\":\"Revista Rambla\"},\"image\":{\"@id\":\"https:\\\/\\\/www.revistarambla.com\\\/#\\\/schema\\\/logo\\\/image\\\/\"},\"sameAs\":[\"https:\\\/\\\/www.facebook.com\\\/revistarambla\\\/\",\"https:\\\/\\\/x.com\\\/revistarambla\",\"https:\\\/\\\/www.instagram.com\\\/revista_rambla\",\"https:\\\/\\\/es.linkedin.com\\\/company\\\/revista-rambla\"]},{\"@type\":\"Person\",\"@id\":\"https:\\\/\\\/www.revistarambla.com\\\/#\\\/schema\\\/person\\\/a146a5a2550b94981a75131180e1bd9c\",\"name\":\"R@mbla\",\"description\":\"Este art\u00edculo ha sido redactado y\\\/o validado por el equipo de redacci\u00f3n de Revista Rambla.\",\"sameAs\":[\"https:\\\/\\\/www.revistarambla.com\\\/\",\"https:\\\/\\\/www.facebook.com\\\/revistarambla\",\"https:\\\/\\\/x.com\\\/revistarambla\"]}]}<\/script>\n<!-- \/ Yoast SEO plugin. -->","yoast_head_json":{"title":"Alian\u00e7a Catalana y Vox: dos fuerzas emergentes en la extrema derecha catalana - Revista Rambla","robots":{"index":"index","follow":"follow","max-snippet":"max-snippet:-1","max-image-preview":"max-image-preview:large","max-video-preview":"max-video-preview:-1"},"canonical":"https:\/\/www.revistarambla.com\/en\/alianca-catalana-y-vox-dos-fuerzas-emergentes-en-la-extrema-derecha-catalana\/","og_locale":"en_GB","og_type":"article","og_title":"Alian\u00e7a Catalana y Vox: dos fuerzas emergentes en la extrema derecha catalana - Revista Rambla","og_description":"Diferencias, coincidencias y tensiones de fondo","og_url":"https:\/\/www.revistarambla.com\/en\/alianca-catalana-y-vox-dos-fuerzas-emergentes-en-la-extrema-derecha-catalana\/","og_site_name":"Revista Rambla","article_publisher":"https:\/\/www.facebook.com\/revistarambla\/","article_author":"https:\/\/www.facebook.com\/revistarambla","article_published_time":"2026-01-20T18:15:35+00:00","og_image":[{"width":1440,"height":1920,"url":"https:\/\/www.revistarambla.com\/wp-content\/uploads\/2026\/01\/16948.jpg","type":"image\/jpeg"}],"author":"R@mbla","twitter_card":"summary_large_image","twitter_creator":"@revistarambla","twitter_site":"@revistarambla","twitter_misc":{"Written by":"R@mbla","Estimated reading time":"7 minutes"},"schema":{"@context":"https:\/\/schema.org","@graph":[{"@type":"Article","@id":"https:\/\/www.revistarambla.com\/alianca-catalana-y-vox-dos-fuerzas-emergentes-en-la-extrema-derecha-catalana\/#article","isPartOf":{"@id":"https:\/\/www.revistarambla.com\/alianca-catalana-y-vox-dos-fuerzas-emergentes-en-la-extrema-derecha-catalana\/"},"author":{"name":"R@mbla","@id":"https:\/\/www.revistarambla.com\/#\/schema\/person\/a146a5a2550b94981a75131180e1bd9c"},"headline":"Alian\u00e7a Catalana y Vox: dos fuerzas emergentes en la extrema derecha catalana","datePublished":"2026-01-20T18:15:35+00:00","mainEntityOfPage":{"@id":"https:\/\/www.revistarambla.com\/alianca-catalana-y-vox-dos-fuerzas-emergentes-en-la-extrema-derecha-catalana\/"},"wordCount":1612,"publisher":{"@id":"https:\/\/www.revistarambla.com\/#organization"},"image":{"@id":"https:\/\/www.revistarambla.com\/alianca-catalana-y-vox-dos-fuerzas-emergentes-en-la-extrema-derecha-catalana\/#primaryimage"},"thumbnailUrl":"https:\/\/www.revistarambla.com\/wp-content\/uploads\/2026\/01\/16948.jpg","articleSection":["Catalunya"],"inLanguage":"en-GB"},{"@type":"WebPage","@id":"https:\/\/www.revistarambla.com\/alianca-catalana-y-vox-dos-fuerzas-emergentes-en-la-extrema-derecha-catalana\/","url":"https:\/\/www.revistarambla.com\/alianca-catalana-y-vox-dos-fuerzas-emergentes-en-la-extrema-derecha-catalana\/","name":"Alian\u00e7a Catalana y Vox: dos fuerzas emergentes en la extrema derecha catalana - Revista Rambla","isPartOf":{"@id":"https:\/\/www.revistarambla.com\/#website"},"primaryImageOfPage":{"@id":"https:\/\/www.revistarambla.com\/alianca-catalana-y-vox-dos-fuerzas-emergentes-en-la-extrema-derecha-catalana\/#primaryimage"},"image":{"@id":"https:\/\/www.revistarambla.com\/alianca-catalana-y-vox-dos-fuerzas-emergentes-en-la-extrema-derecha-catalana\/#primaryimage"},"thumbnailUrl":"https:\/\/www.revistarambla.com\/wp-content\/uploads\/2026\/01\/16948.jpg","datePublished":"2026-01-20T18:15:35+00:00","breadcrumb":{"@id":"https:\/\/www.revistarambla.com\/alianca-catalana-y-vox-dos-fuerzas-emergentes-en-la-extrema-derecha-catalana\/#breadcrumb"},"inLanguage":"en-GB","potentialAction":[{"@type":"ReadAction","target":["https:\/\/www.revistarambla.com\/alianca-catalana-y-vox-dos-fuerzas-emergentes-en-la-extrema-derecha-catalana\/"]}]},{"@type":"ImageObject","inLanguage":"en-GB","@id":"https:\/\/www.revistarambla.com\/alianca-catalana-y-vox-dos-fuerzas-emergentes-en-la-extrema-derecha-catalana\/#primaryimage","url":"https:\/\/www.revistarambla.com\/wp-content\/uploads\/2026\/01\/16948.jpg","contentUrl":"https:\/\/www.revistarambla.com\/wp-content\/uploads\/2026\/01\/16948.jpg","width":1440,"height":1920,"caption":"Alian\u00e7a Catalana y Vox"},{"@type":"BreadcrumbList","@id":"https:\/\/www.revistarambla.com\/alianca-catalana-y-vox-dos-fuerzas-emergentes-en-la-extrema-derecha-catalana\/#breadcrumb","itemListElement":[{"@type":"ListItem","position":1,"name":"Portada","item":"https:\/\/www.revistarambla.com\/"},{"@type":"ListItem","position":2,"name":"Alian\u00e7a Catalana y Vox: dos fuerzas emergentes en la extrema derecha catalana"}]},{"@type":"WebSite","@id":"https:\/\/www.revistarambla.com\/#website","url":"https:\/\/www.revistarambla.com\/","name":"Revista Rambla Barcelona","description":"Periodismo independiente","publisher":{"@id":"https:\/\/www.revistarambla.com\/#organization"},"potentialAction":[{"@type":"SearchAction","target":{"@type":"EntryPoint","urlTemplate":"https:\/\/www.revistarambla.com\/?s={search_term_string}"},"query-input":{"@type":"PropertyValueSpecification","valueRequired":true,"valueName":"search_term_string"}}],"inLanguage":"en-GB"},{"@type":"Organization","@id":"https:\/\/www.revistarambla.com\/#organization","name":"Revista Rambla","url":"https:\/\/www.revistarambla.com\/","logo":{"@type":"ImageObject","inLanguage":"en-GB","@id":"https:\/\/www.revistarambla.com\/#\/schema\/logo\/image\/","url":"https:\/\/www.revistarambla.com\/wp-content\/uploads\/2020\/09\/banner_rambla_1900x600_BB.png","contentUrl":"https:\/\/www.revistarambla.com\/wp-content\/uploads\/2020\/09\/banner_rambla_1900x600_BB.png","width":1900,"height":600,"caption":"Revista Rambla"},"image":{"@id":"https:\/\/www.revistarambla.com\/#\/schema\/logo\/image\/"},"sameAs":["https:\/\/www.facebook.com\/revistarambla\/","https:\/\/x.com\/revistarambla","https:\/\/www.instagram.com\/revista_rambla","https:\/\/es.linkedin.com\/company\/revista-rambla"]},{"@type":"Person","@id":"https:\/\/www.revistarambla.com\/#\/schema\/person\/a146a5a2550b94981a75131180e1bd9c","name":"R@mbla","description":"Este art\u00edculo ha sido redactado y\/o validado por el equipo de redacci\u00f3n de Revista Rambla.","sameAs":["https:\/\/www.revistarambla.com\/","https:\/\/www.facebook.com\/revistarambla","https:\/\/x.com\/revistarambla"]}]}},"_links":{"self":[{"href":"https:\/\/www.revistarambla.com\/en\/wp-json\/wp\/v2\/posts\/67658","targetHints":{"allow":["GET"]}}],"collection":[{"href":"https:\/\/www.revistarambla.com\/en\/wp-json\/wp\/v2\/posts"}],"about":[{"href":"https:\/\/www.revistarambla.com\/en\/wp-json\/wp\/v2\/types\/post"}],"author":[{"embeddable":true,"href":"https:\/\/www.revistarambla.com\/en\/wp-json\/wp\/v2\/users\/3"}],"replies":[{"embeddable":true,"href":"https:\/\/www.revistarambla.com\/en\/wp-json\/wp\/v2\/comments?post=67658"}],"version-history":[{"count":1,"href":"https:\/\/www.revistarambla.com\/en\/wp-json\/wp\/v2\/posts\/67658\/revisions"}],"predecessor-version":[{"id":67660,"href":"https:\/\/www.revistarambla.com\/en\/wp-json\/wp\/v2\/posts\/67658\/revisions\/67660"}],"wp:featuredmedia":[{"embeddable":true,"href":"https:\/\/www.revistarambla.com\/en\/wp-json\/wp\/v2\/media\/67659"}],"wp:attachment":[{"href":"https:\/\/www.revistarambla.com\/en\/wp-json\/wp\/v2\/media?parent=67658"}],"wp:term":[{"taxonomy":"category","embeddable":true,"href":"https:\/\/www.revistarambla.com\/en\/wp-json\/wp\/v2\/categories?post=67658"},{"taxonomy":"post_tag","embeddable":true,"href":"https:\/\/www.revistarambla.com\/en\/wp-json\/wp\/v2\/tags?post=67658"}],"curies":[{"name":"wp","href":"https:\/\/api.w.org\/{rel}","templated":true}]}}