{"id":67655,"date":"2026-01-20T19:09:07","date_gmt":"2026-01-20T18:09:07","guid":{"rendered":"https:\/\/www.revistarambla.com\/?p=67655"},"modified":"2026-01-20T19:09:07","modified_gmt":"2026-01-20T18:09:07","slug":"barcelona-una-ciudad-que-respira-mar-pasado-presente-y-futuro-de-su-relacion-mediterranea","status":"publish","type":"post","link":"https:\/\/www.revistarambla.com\/en\/barcelona-una-ciudad-que-respira-mar-pasado-presente-y-futuro-de-su-relacion-mediterranea\/","title":{"rendered":"Barcelona, una ciudad que respira mar: pasado, presente y futuro de su relaci\u00f3n mediterr\u00e1nea"},"content":{"rendered":"<p>Barcelona es, por derecho propio, una ciudad mediterr\u00e1nea cuya identidad hist\u00f3rica, urbana, econ\u00f3mica, ambiental y cultural ha estado marcada desde sus or\u00edgenes por su v\u00ednculo profundo con el mar. <!--more-->M\u00e1s all\u00e1 de la imagen moderna de playas, puertos deportivos y turismo costero, la presencia del Mediterr\u00e1neo ha estructurado a lo largo de siglos la g\u00e9nesis, la expansi\u00f3n, las transformaciones socioecon\u00f3micas y los retos contempor\u00e1neos de la ciudad. (<a title=\"Barcelona, una ciudad \u00edntimamente ligada al mar\" href=\"https:\/\/es-us.noticias.yahoo.com\/barcelona-ciudad-%C3%ADntimamente-ligada-mar-234051529.html?utm_source=chatgpt.com\">Yahoo Noticias<\/a>)<\/p>\n<p>Lo que hoy se ve como un paseo mar\u00edtimo, un centro cosmopolita con arenas urbanas y una ciudad abierta al mar es, en realidad, el resultado de <strong>siglos de din\u00e1mica entre la sociedad humana y el litoral<\/strong>, desde los intercambios comerciales con el Imperio Romano hasta las estrategias urban\u00edsticas del siglo XXI, pasando por evoluciones geogr\u00e1ficas, conquistas, guerras, reformas portuarias e iniciativas culturales. (<a title=\"Beaches History | Barcelona website | Barcelona City Council\" href=\"https:\/\/www.barcelona.cat\/en\/what-to-do-in-bcn\/bathing-and-beaches\/history-beaches?utm_source=chatgpt.com\">Barcelona.cat<\/a>)<\/p>\n<hr \/>\n<h3><strong>I. De puerto utilitario a ciudad mediterr\u00e1nea abierta al mar<\/strong><\/h3>\n<p>Hist\u00f3ricamente, la relaci\u00f3n entre Barcelona y el Mediterr\u00e1neo no fue sencilla ni lineal. Aunque siempre existi\u00f3 el mar como presencia geogr\u00e1fica, <strong>la ciudad no \u201cmir\u00f3 hacia el mar\u201d hasta bien entrado el siglo XX<\/strong>. Durante siglos, el litoral fue territorio de intercambio comercial, defensa militar y actividad portuaria, pero no un espacio de integraci\u00f3n urbana y vida cotidiana. (<a title=\"Beaches History | Barcelona website | Barcelona City Council\" href=\"https:\/\/www.barcelona.cat\/en\/what-to-do-in-bcn\/bathing-and-beaches\/history-beaches?utm_source=chatgpt.com\">Barcelona.cat<\/a>)<\/p>\n<p>En \u00e9poca antigua, el enclave de Barcino (nombre romano de Barcelona) utiliz\u00f3 la bah\u00eda natural situada al sur de Montju\u00efc como punto de intercambio, aunque sin grandes infraestructuras portuarias. Las embarcaciones atracaban en lugares que hoy quedar\u00edan muy pr\u00f3ximos al litoral actual. Con la llegada de los visigodos y los posteriores reinos medievales, el comercio mar\u00edtimo sigui\u00f3 siendo significativo, pero siempre supeditado a la defensa de la ciudad y sus murallas que la manten\u00edan protegida frente a ataques piratas y enemigos. (<a title=\"History | Port de Barcelona\" href=\"https:\/\/www.portdebarcelona.cat\/en\/know-port\/history?utm_source=chatgpt.com\">portdebarcelona.cat<\/a>)<\/p>\n<p>Fue a partir <strong>del siglo XV cuando comenzaron a construirse obras portuarias reales<\/strong>, como los primeros diques y estructuras que permitieron crear un puerto seguro. Estas infraestructuras dar\u00edan lugar a la posterior expansi\u00f3n del puerto y a la generaci\u00f3n de nuevas actividades urbanas vinculadas al mar. (<a title=\"History | Port de Barcelona\" href=\"https:\/\/www.portdebarcelona.cat\/en\/know-port\/history?utm_source=chatgpt.com\">portdebarcelona.cat<\/a>)<\/p>\n<hr \/>\n<h3><strong>II. La consolidaci\u00f3n del nexo urbano-mar\u00edtimo: Port Vell y La Barceloneta<\/strong><\/h3>\n<p>Uno de los hitos m\u00e1s relevantes en la historia urbana de Barcelona fue la creaci\u00f3n de <strong>Port Vell<\/strong>, un proyecto que transform\u00f3 un espacio portuario antiguo y degradado en un nuevo epicentro urbano a finales del siglo XX, especialmente con las reformas de los Juegos Ol\u00edmpicos de 1992. Antes de esos cambios, el litoral barcelon\u00e9s estaba marcado por industrias, bodegas y muelles cerrados al uso ciudadano; despu\u00e9s, se convirti\u00f3 en un lugar de convivencia entre ciudad y mar. (<a title=\"Port Vell\" href=\"https:\/\/en.wikipedia.org\/wiki\/Port_Vell?utm_source=chatgpt.com\">Wikipedia<\/a>)<\/p>\n<p>Port Vell hoy combina funciones: actividades comerciales, de ocio, culturales y tur\u00edsticas. Alberga mercados, paseos p\u00fablicos, esculturas urbanas, actividades deportivas y lugares emblem\u00e1ticos como la Rambla de Mar, un puente flotante que conecta directamente el centro hist\u00f3rico con el mar. (<a title=\"Public space | Port de Barcelona\" href=\"https:\/\/www.portdebarcelona.cat\/en\/port-vell\/public-space?utm_source=chatgpt.com\">portdebarcelona.cat<\/a>)<\/p>\n<p>Al mismo tiempo, la <strong>Barceloneta<\/strong> representa otro caso paradigm\u00e1tico de esta relaci\u00f3n. Originalmente una zona de pescadores y asentamientos humildes, el barrio creci\u00f3 a partir del siglo XVIII gracias a la creaci\u00f3n de diques y a la absorci\u00f3n de la isla de Maians, configurando un espacio urbano directamente vinculado al mar. Hoy la Barceloneta es s\u00edmbolo de identidad mar\u00edtima barcelonesa, aunque tambi\u00e9n ha vivido procesos de transformaci\u00f3n social y econ\u00f3mica ligados al turismo y la gentrificaci\u00f3n. (<a title=\"La Barceloneta\" href=\"https:\/\/es.wikipedia.org\/wiki\/La_Barceloneta?utm_source=chatgpt.com\">Wikipedia<\/a>)<\/p>\n<hr \/>\n<h3><strong>III. El mar en la memoria y la cultura urbana<\/strong><\/h3>\n<p>M\u00e1s all\u00e1 de la infraestructura, Barcelona ha trabajado en <strong>recuperar y promover su memoria mar\u00edtima<\/strong> como parte de su identidad cultural contempor\u00e1nea. Iniciativas municipales han puesto en marcha programas para comunicar al p\u00fablico la historia del litoral, rescatar lugares hist\u00f3ricos como el Camp de la Bota o Somorrostro, y fortalecer la comprensi\u00f3n ciudadana de c\u00f3mo el mar ha formado parte de la vida urbana durante siglos. (<a title=\"Recovery of the city\u2019s maritime memory | Pla Litoral | Ajuntament de Barcelona\" href=\"https:\/\/www.barcelona.cat\/plalitoral\/en\/recovery-citys-maritime-memory?utm_source=chatgpt.com\">Barcelona.cat<\/a>)<\/p>\n<p>El <strong>Museo Mar\u00edtimo de Barcelona<\/strong>, ubicado en el edificio de las Drassanes Reials (los antiguos astilleros), es un ejemplo de este esfuerzo por preservar y difundir el patrimonio naval e hist\u00f3rico de la ciudad. All\u00ed se exhiben artefactos, maquetas, portulanos y objetos que conectan al visitante con la historia mar\u00edtima desde la Edad Media hasta la actualidad. (<a title=\"Maritime Museum of Barcelona\" href=\"https:\/\/en.wikipedia.org\/wiki\/Maritime_Museum_of_Barcelona?utm_source=chatgpt.com\">Wikipedia<\/a>)<\/p>\n<p>Adem\u00e1s, festivales, regatas, muestras educativas y programas de actividades junto al mar han reforzado la presencia simb\u00f3lica del Mediterr\u00e1neo en la vida ciudadana. Programas escolares, jornadas de concienciaci\u00f3n ambiental y exposiciones culturales acercan el conocimiento del mar a generaciones m\u00e1s j\u00f3venes y al p\u00fablico general.<\/p>\n<hr \/>\n<h3><strong>IV. Innovaci\u00f3n, ciencia y econom\u00eda azul: el mar como motor del futuro<\/strong><\/h3>\n<p>Barcelona no se queda en su legado hist\u00f3rico. La ciudad est\u00e1 construyendo una nueva narrativa que posiciona al Mediterr\u00e1neo como un <strong>motor de innovaci\u00f3n cient\u00edfica, tecnol\u00f3gica y econ\u00f3mica<\/strong> en las pr\u00f3ximas d\u00e9cadas.<\/p>\n<p>El proyecto <strong>Barcelona Mar de Ci\u00e8ncia (BCN MdC)<\/strong>, promovido por el Ayuntamiento y el Instituto de Ciencias del Mar (ICM-CSIC), es un centro de 3 000 m\u00b2 dedicado a la divulgaci\u00f3n cient\u00edfica marina. Esta iniciativa busca acercar la investigaci\u00f3n oceanogr\u00e1fica al gran p\u00fablico, fomentar la cultura de la sostenibilidad y generar sinergias entre ciencia, ciudadan\u00eda y sector privado. (<a title=\"Barcelona supports Barcelona Mar de Ciencia to raise awareness of oceanic research and encourage citizen participation | Institut de Ci\u00e8ncies del Mar\" href=\"https:\/\/www.icm.csic.es\/en\/news\/barcelona-supports-barcelona-mar-de-ciencia-raise-awareness-oceanic-research-and-encourage?utm_source=chatgpt.com\">icm.csic.es<\/a>)<\/p>\n<p>Forma parte de una serie de inversiones estrat\u00e9gicas \u2014como el Parc de Tecnologia Mar\u00edtima y el Blue Tech Port\u2014 que aspiran a consolidar a Barcelona como un <strong>hub de la llamada \u201ceconom\u00eda azul\u201d<\/strong>, es decir, un ecosistema de actividades econ\u00f3micas sostenibles vinculadas con el mar (log\u00edstica mar\u00edtima, energ\u00edas renovables marinas, tecnolog\u00edas n\u00e1uticas, formaci\u00f3n especializada, etc.). (<a title=\"New cutting-edge facilities on the coast to strengthen the blue economy | Info Barcelona | Barcelona City Council\" href=\"https:\/\/www.barcelona.cat\/infobarcelona\/en\/new-cutting-edge-facilities-on-the-coast-to-strengthen-the-blue-economy_1440486.html?utm_source=chatgpt.com\">Barcelona.cat<\/a>)<\/p>\n<p>Estas infraestructuras proyectadas, con un presupuesto global de m\u00e1s de 140 millones de euros, pretenden posicionar a la ciudad como un referente mediterr\u00e1neo en investigaci\u00f3n, innovaci\u00f3n y desarrollo tecnol\u00f3gico relacionado con el medio marino.<\/p>\n<hr \/>\n<h3><strong>V. Retos contempor\u00e1neos: cambio clim\u00e1tico y sostenibilidad costera<\/strong><\/h3>\n<p>Pese a esta integraci\u00f3n pujante, Barcelona enfrenta <strong>grandes desaf\u00edos vinculados al cambio clim\u00e1tico y la sostenibilidad costera<\/strong>. El Mediterr\u00e1neo es una de las zonas m\u00e1s sensibles al aumento del nivel del mar y al incremento de eventos clim\u00e1ticos extremos. Estudios y reportajes recientes alertan sobre la posible erosi\u00f3n de las playas urbanas y metropolitanas, el impacto de la elevaci\u00f3n del nivel del mar y la necesidad de adaptar la infraestructura costera de forma urgente. (<a title=\"Barcelona residents fear sea level rise is swallowing their beloved beaches\" href=\"https:\/\/apnews.com\/article\/4ff3b52cdf31f85b3aadab51e1d8b611?utm_source=chatgpt.com\">AP News<\/a>)<\/p>\n<p>Los modelos clim\u00e1ticos modernos sit\u00faan el incremento del nivel del mar en varios mil\u00edmetros anuales, lo que, extrapolado a d\u00e9cadas, representa una amenaza real para barrios costeros bajos, la infraestructura urbana y los espacios p\u00fablicos de playa. La necesidad de pol\u00edticas adaptativas \u2014como barreras naturales, sistemas de drenaje resilientes, infraestructura verde o regulaciones de uso del litoral\u2014 es cada vez m\u00e1s urgente en la agenda municipal, regional y europea.<\/p>\n<hr \/>\n<h3><strong>VI. Turismo mar\u00edtimo, econom\u00eda local y equilibrio urbano<\/strong><\/h3>\n<p>La funci\u00f3n del mar como polo tur\u00edstico ha sido determinante para la econom\u00eda barcelonesa, pero tambi\u00e9n plantea dilemas. El puerto de Barcelona, uno de los m\u00e1s importantes del Mediterr\u00e1neo, atrae a millones de cruceristas cada a\u00f1o. Sin embargo, el crecimiento exponencial de este tipo de turismo ha generado debates sobre el <strong>sobrecargado tur\u00edstico, la presi\u00f3n sobre el espacio urbano y la sostenibilidad ambiental<\/strong>. (<a title=\"Europe's busiest cruise port Barcelona to scale back amid overtourism concerns\" href=\"https:\/\/www.reuters.com\/world\/europes-busiest-cruise-port-barcelona-scale-back-amid-overtourism-concerns-2025-07-18\/?utm_source=chatgpt.com\">Reuters<\/a>)<\/p>\n<p>Ante estas preocupaciones, las autoridades han decidido reducir la capacidad de terminales de cruceros para 2030 como medida para equilibrar el turismo con la calidad de vida de residentes y la preservaci\u00f3n del litoral urbano, adem\u00e1s de promover electrificaci\u00f3n de infraestructuras portuarias para reducir emisiones.<\/p>\n<hr \/>\n<h3><strong>VII. Conclusi\u00f3n: mirar al mar desde una perspectiva integradora<\/strong><\/h3>\n<p>La historia de Barcelona y el mar es una historia de encuentros, transformaciones y reconfiguraciones. Desde un puerto utilitario cerrado al ciudadano hasta una ciudad mediterr\u00e1nea abierta al disfrute, la memoria y la innovaci\u00f3n, el v\u00ednculo entre Barcelona y el mar es inseparable de su identidad.<\/p>\n<p>Hoy, <strong>Barcelona est\u00e1 en un punto de inflexi\u00f3n<\/strong>: su relaci\u00f3n con el mar no se limita a su atractivo tur\u00edstico o a su imagen paisaj\u00edstica. Se trata de un v\u00ednculo que abarca la cultura, la ciencia, la econom\u00eda, la infraestructura y, sobre todo, la sostenibilidad frente a los desaf\u00edos globales del siglo XXI. (<a title=\"Barcelona, una ciudad \u00edntimamente ligada al mar\" href=\"https:\/\/es-us.noticias.yahoo.com\/barcelona-ciudad-%C3%ADntimamente-ligada-mar-234051529.html?utm_source=chatgpt.com\">Yahoo Noticias<\/a>)<\/p>\n<p>Este enfoque integrador \u2014que combina patrimonio, innovaci\u00f3n econ\u00f3mica azul, educaci\u00f3n ambiental y pol\u00edticas clim\u00e1ticas\u2014 es la clave para comprender por qu\u00e9 Barcelona sigue siendo, y quiere ser cada vez m\u00e1s, una <strong>ciudad \u00edntimamente ligada al mar<\/strong> en todas las dimensiones de su presente y su futuro.<\/p>","protected":false},"excerpt":{"rendered":"<p>Barcelona es, por derecho propio, una ciudad mediterr\u00e1nea cuya identidad hist\u00f3rica, urbana, econ\u00f3mica, ambiental y cultural ha estado marcada desde sus or\u00edgenes por su v\u00ednculo profundo con el mar.<\/p>","protected":false},"author":3,"featured_media":67656,"comment_status":"closed","ping_status":"closed","sticky":false,"template":"","format":"standard","meta":{"footnotes":""},"categories":[76],"tags":[],"class_list":["post-67655","post","type-post","status-publish","format-standard","has-post-thumbnail","hentry","category-barcelona"],"yoast_head":"<!-- This site is optimized with the Yoast SEO plugin v27.5 - https:\/\/yoast.com\/product\/yoast-seo-wordpress\/ -->\n<title>Barcelona, una ciudad que respira mar: pasado, presente y futuro de su relaci\u00f3n mediterr\u00e1nea - Revista Rambla<\/title>\n<meta name=\"robots\" content=\"index, follow, max-snippet:-1, max-image-preview:large, max-video-preview:-1\" \/>\n<link rel=\"canonical\" href=\"https:\/\/www.revistarambla.com\/en\/barcelona-una-ciudad-que-respira-mar-pasado-presente-y-futuro-de-su-relacion-mediterranea\/\" \/>\n<meta property=\"og:locale\" content=\"en_GB\" \/>\n<meta property=\"og:type\" content=\"article\" \/>\n<meta property=\"og:title\" content=\"Barcelona, una ciudad que respira mar: pasado, presente y futuro de su relaci\u00f3n mediterr\u00e1nea - Revista Rambla\" \/>\n<meta property=\"og:description\" content=\"Barcelona es, por derecho propio, una ciudad mediterr\u00e1nea cuya identidad hist\u00f3rica, urbana, econ\u00f3mica, ambiental y cultural ha estado marcada desde sus or\u00edgenes por su v\u00ednculo profundo con el mar.\" \/>\n<meta property=\"og:url\" content=\"https:\/\/www.revistarambla.com\/en\/barcelona-una-ciudad-que-respira-mar-pasado-presente-y-futuro-de-su-relacion-mediterranea\/\" \/>\n<meta property=\"og:site_name\" content=\"Revista Rambla\" \/>\n<meta property=\"article:publisher\" content=\"https:\/\/www.facebook.com\/revistarambla\/\" \/>\n<meta property=\"article:author\" content=\"https:\/\/www.facebook.com\/revistarambla\" \/>\n<meta property=\"article:published_time\" content=\"2026-01-20T18:09:07+00:00\" \/>\n<meta property=\"og:image\" content=\"https:\/\/www.revistarambla.com\/wp-content\/uploads\/2026\/01\/Screenshot-2026-01-20-at-19-07-27-file-20251201-56-9ebt4k.jpg-Imagen-JPEG-1920-\u00d7-640-pixeles-Escalado-80-.jpg\" \/>\n\t<meta property=\"og:image:width\" content=\"1297\" \/>\n\t<meta property=\"og:image:height\" content=\"640\" \/>\n\t<meta property=\"og:image:type\" content=\"image\/jpeg\" \/>\n<meta name=\"author\" content=\"R@mbla\" \/>\n<meta name=\"twitter:card\" content=\"summary_large_image\" \/>\n<meta name=\"twitter:creator\" content=\"@revistarambla\" \/>\n<meta name=\"twitter:site\" content=\"@revistarambla\" \/>\n<meta name=\"twitter:label1\" content=\"Written by\" \/>\n\t<meta name=\"twitter:data1\" content=\"R@mbla\" \/>\n\t<meta name=\"twitter:label2\" content=\"Estimated reading time\" \/>\n\t<meta name=\"twitter:data2\" content=\"7 minutes\" \/>\n<script type=\"application\/ld+json\" class=\"yoast-schema-graph\">{\"@context\":\"https:\\\/\\\/schema.org\",\"@graph\":[{\"@type\":\"Article\",\"@id\":\"https:\\\/\\\/www.revistarambla.com\\\/barcelona-una-ciudad-que-respira-mar-pasado-presente-y-futuro-de-su-relacion-mediterranea\\\/#article\",\"isPartOf\":{\"@id\":\"https:\\\/\\\/www.revistarambla.com\\\/barcelona-una-ciudad-que-respira-mar-pasado-presente-y-futuro-de-su-relacion-mediterranea\\\/\"},\"author\":{\"name\":\"R@mbla\",\"@id\":\"https:\\\/\\\/www.revistarambla.com\\\/#\\\/schema\\\/person\\\/a146a5a2550b94981a75131180e1bd9c\"},\"headline\":\"Barcelona, una ciudad que respira mar: pasado, presente y futuro de su relaci\u00f3n mediterr\u00e1nea\",\"datePublished\":\"2026-01-20T18:09:07+00:00\",\"mainEntityOfPage\":{\"@id\":\"https:\\\/\\\/www.revistarambla.com\\\/barcelona-una-ciudad-que-respira-mar-pasado-presente-y-futuro-de-su-relacion-mediterranea\\\/\"},\"wordCount\":1506,\"publisher\":{\"@id\":\"https:\\\/\\\/www.revistarambla.com\\\/#organization\"},\"image\":{\"@id\":\"https:\\\/\\\/www.revistarambla.com\\\/barcelona-una-ciudad-que-respira-mar-pasado-presente-y-futuro-de-su-relacion-mediterranea\\\/#primaryimage\"},\"thumbnailUrl\":\"https:\\\/\\\/www.revistarambla.com\\\/wp-content\\\/uploads\\\/2026\\\/01\\\/Screenshot-2026-01-20-at-19-07-27-file-20251201-56-9ebt4k.jpg-Imagen-JPEG-1920-\u00d7-640-pixeles-Escalado-80-.jpg\",\"articleSection\":[\"Barcelona\"],\"inLanguage\":\"en-GB\"},{\"@type\":\"WebPage\",\"@id\":\"https:\\\/\\\/www.revistarambla.com\\\/barcelona-una-ciudad-que-respira-mar-pasado-presente-y-futuro-de-su-relacion-mediterranea\\\/\",\"url\":\"https:\\\/\\\/www.revistarambla.com\\\/barcelona-una-ciudad-que-respira-mar-pasado-presente-y-futuro-de-su-relacion-mediterranea\\\/\",\"name\":\"Barcelona, una ciudad que respira mar: pasado, presente y futuro de su relaci\u00f3n mediterr\u00e1nea - Revista Rambla\",\"isPartOf\":{\"@id\":\"https:\\\/\\\/www.revistarambla.com\\\/#website\"},\"primaryImageOfPage\":{\"@id\":\"https:\\\/\\\/www.revistarambla.com\\\/barcelona-una-ciudad-que-respira-mar-pasado-presente-y-futuro-de-su-relacion-mediterranea\\\/#primaryimage\"},\"image\":{\"@id\":\"https:\\\/\\\/www.revistarambla.com\\\/barcelona-una-ciudad-que-respira-mar-pasado-presente-y-futuro-de-su-relacion-mediterranea\\\/#primaryimage\"},\"thumbnailUrl\":\"https:\\\/\\\/www.revistarambla.com\\\/wp-content\\\/uploads\\\/2026\\\/01\\\/Screenshot-2026-01-20-at-19-07-27-file-20251201-56-9ebt4k.jpg-Imagen-JPEG-1920-\u00d7-640-pixeles-Escalado-80-.jpg\",\"datePublished\":\"2026-01-20T18:09:07+00:00\",\"breadcrumb\":{\"@id\":\"https:\\\/\\\/www.revistarambla.com\\\/barcelona-una-ciudad-que-respira-mar-pasado-presente-y-futuro-de-su-relacion-mediterranea\\\/#breadcrumb\"},\"inLanguage\":\"en-GB\",\"potentialAction\":[{\"@type\":\"ReadAction\",\"target\":[\"https:\\\/\\\/www.revistarambla.com\\\/barcelona-una-ciudad-que-respira-mar-pasado-presente-y-futuro-de-su-relacion-mediterranea\\\/\"]}]},{\"@type\":\"ImageObject\",\"inLanguage\":\"en-GB\",\"@id\":\"https:\\\/\\\/www.revistarambla.com\\\/barcelona-una-ciudad-que-respira-mar-pasado-presente-y-futuro-de-su-relacion-mediterranea\\\/#primaryimage\",\"url\":\"https:\\\/\\\/www.revistarambla.com\\\/wp-content\\\/uploads\\\/2026\\\/01\\\/Screenshot-2026-01-20-at-19-07-27-file-20251201-56-9ebt4k.jpg-Imagen-JPEG-1920-\u00d7-640-pixeles-Escalado-80-.jpg\",\"contentUrl\":\"https:\\\/\\\/www.revistarambla.com\\\/wp-content\\\/uploads\\\/2026\\\/01\\\/Screenshot-2026-01-20-at-19-07-27-file-20251201-56-9ebt4k.jpg-Imagen-JPEG-1920-\u00d7-640-pixeles-Escalado-80-.jpg\",\"width\":1297,\"height\":640,\"caption\":\"barcelona mar\"},{\"@type\":\"BreadcrumbList\",\"@id\":\"https:\\\/\\\/www.revistarambla.com\\\/barcelona-una-ciudad-que-respira-mar-pasado-presente-y-futuro-de-su-relacion-mediterranea\\\/#breadcrumb\",\"itemListElement\":[{\"@type\":\"ListItem\",\"position\":1,\"name\":\"Portada\",\"item\":\"https:\\\/\\\/www.revistarambla.com\\\/\"},{\"@type\":\"ListItem\",\"position\":2,\"name\":\"Barcelona, una ciudad que respira mar: pasado, presente y futuro de su relaci\u00f3n mediterr\u00e1nea\"}]},{\"@type\":\"WebSite\",\"@id\":\"https:\\\/\\\/www.revistarambla.com\\\/#website\",\"url\":\"https:\\\/\\\/www.revistarambla.com\\\/\",\"name\":\"Revista Rambla Barcelona\",\"description\":\"Periodismo independiente\",\"publisher\":{\"@id\":\"https:\\\/\\\/www.revistarambla.com\\\/#organization\"},\"potentialAction\":[{\"@type\":\"SearchAction\",\"target\":{\"@type\":\"EntryPoint\",\"urlTemplate\":\"https:\\\/\\\/www.revistarambla.com\\\/?s={search_term_string}\"},\"query-input\":{\"@type\":\"PropertyValueSpecification\",\"valueRequired\":true,\"valueName\":\"search_term_string\"}}],\"inLanguage\":\"en-GB\"},{\"@type\":\"Organization\",\"@id\":\"https:\\\/\\\/www.revistarambla.com\\\/#organization\",\"name\":\"Revista Rambla\",\"url\":\"https:\\\/\\\/www.revistarambla.com\\\/\",\"logo\":{\"@type\":\"ImageObject\",\"inLanguage\":\"en-GB\",\"@id\":\"https:\\\/\\\/www.revistarambla.com\\\/#\\\/schema\\\/logo\\\/image\\\/\",\"url\":\"https:\\\/\\\/www.revistarambla.com\\\/wp-content\\\/uploads\\\/2020\\\/09\\\/banner_rambla_1900x600_BB.png\",\"contentUrl\":\"https:\\\/\\\/www.revistarambla.com\\\/wp-content\\\/uploads\\\/2020\\\/09\\\/banner_rambla_1900x600_BB.png\",\"width\":1900,\"height\":600,\"caption\":\"Revista Rambla\"},\"image\":{\"@id\":\"https:\\\/\\\/www.revistarambla.com\\\/#\\\/schema\\\/logo\\\/image\\\/\"},\"sameAs\":[\"https:\\\/\\\/www.facebook.com\\\/revistarambla\\\/\",\"https:\\\/\\\/x.com\\\/revistarambla\",\"https:\\\/\\\/www.instagram.com\\\/revista_rambla\",\"https:\\\/\\\/es.linkedin.com\\\/company\\\/revista-rambla\"]},{\"@type\":\"Person\",\"@id\":\"https:\\\/\\\/www.revistarambla.com\\\/#\\\/schema\\\/person\\\/a146a5a2550b94981a75131180e1bd9c\",\"name\":\"R@mbla\",\"description\":\"Este art\u00edculo ha sido redactado y\\\/o validado por el equipo de redacci\u00f3n de Revista Rambla.\",\"sameAs\":[\"https:\\\/\\\/www.revistarambla.com\\\/\",\"https:\\\/\\\/www.facebook.com\\\/revistarambla\",\"https:\\\/\\\/x.com\\\/revistarambla\"]}]}<\/script>\n<!-- \/ Yoast SEO plugin. -->","yoast_head_json":{"title":"Barcelona, una ciudad que respira mar: pasado, presente y futuro de su relaci\u00f3n mediterr\u00e1nea - Revista Rambla","robots":{"index":"index","follow":"follow","max-snippet":"max-snippet:-1","max-image-preview":"max-image-preview:large","max-video-preview":"max-video-preview:-1"},"canonical":"https:\/\/www.revistarambla.com\/en\/barcelona-una-ciudad-que-respira-mar-pasado-presente-y-futuro-de-su-relacion-mediterranea\/","og_locale":"en_GB","og_type":"article","og_title":"Barcelona, una ciudad que respira mar: pasado, presente y futuro de su relaci\u00f3n mediterr\u00e1nea - Revista Rambla","og_description":"Barcelona es, por derecho propio, una ciudad mediterr\u00e1nea cuya identidad hist\u00f3rica, urbana, econ\u00f3mica, ambiental y cultural ha estado marcada desde sus or\u00edgenes por su v\u00ednculo profundo con el mar.","og_url":"https:\/\/www.revistarambla.com\/en\/barcelona-una-ciudad-que-respira-mar-pasado-presente-y-futuro-de-su-relacion-mediterranea\/","og_site_name":"Revista Rambla","article_publisher":"https:\/\/www.facebook.com\/revistarambla\/","article_author":"https:\/\/www.facebook.com\/revistarambla","article_published_time":"2026-01-20T18:09:07+00:00","og_image":[{"width":1297,"height":640,"url":"https:\/\/www.revistarambla.com\/wp-content\/uploads\/2026\/01\/Screenshot-2026-01-20-at-19-07-27-file-20251201-56-9ebt4k.jpg-Imagen-JPEG-1920-\u00d7-640-pixeles-Escalado-80-.jpg","type":"image\/jpeg"}],"author":"R@mbla","twitter_card":"summary_large_image","twitter_creator":"@revistarambla","twitter_site":"@revistarambla","twitter_misc":{"Written by":"R@mbla","Estimated reading time":"7 minutes"},"schema":{"@context":"https:\/\/schema.org","@graph":[{"@type":"Article","@id":"https:\/\/www.revistarambla.com\/barcelona-una-ciudad-que-respira-mar-pasado-presente-y-futuro-de-su-relacion-mediterranea\/#article","isPartOf":{"@id":"https:\/\/www.revistarambla.com\/barcelona-una-ciudad-que-respira-mar-pasado-presente-y-futuro-de-su-relacion-mediterranea\/"},"author":{"name":"R@mbla","@id":"https:\/\/www.revistarambla.com\/#\/schema\/person\/a146a5a2550b94981a75131180e1bd9c"},"headline":"Barcelona, una ciudad que respira mar: pasado, presente y futuro de su relaci\u00f3n mediterr\u00e1nea","datePublished":"2026-01-20T18:09:07+00:00","mainEntityOfPage":{"@id":"https:\/\/www.revistarambla.com\/barcelona-una-ciudad-que-respira-mar-pasado-presente-y-futuro-de-su-relacion-mediterranea\/"},"wordCount":1506,"publisher":{"@id":"https:\/\/www.revistarambla.com\/#organization"},"image":{"@id":"https:\/\/www.revistarambla.com\/barcelona-una-ciudad-que-respira-mar-pasado-presente-y-futuro-de-su-relacion-mediterranea\/#primaryimage"},"thumbnailUrl":"https:\/\/www.revistarambla.com\/wp-content\/uploads\/2026\/01\/Screenshot-2026-01-20-at-19-07-27-file-20251201-56-9ebt4k.jpg-Imagen-JPEG-1920-\u00d7-640-pixeles-Escalado-80-.jpg","articleSection":["Barcelona"],"inLanguage":"en-GB"},{"@type":"WebPage","@id":"https:\/\/www.revistarambla.com\/barcelona-una-ciudad-que-respira-mar-pasado-presente-y-futuro-de-su-relacion-mediterranea\/","url":"https:\/\/www.revistarambla.com\/barcelona-una-ciudad-que-respira-mar-pasado-presente-y-futuro-de-su-relacion-mediterranea\/","name":"Barcelona, una ciudad que respira mar: pasado, presente y futuro de su relaci\u00f3n mediterr\u00e1nea - Revista Rambla","isPartOf":{"@id":"https:\/\/www.revistarambla.com\/#website"},"primaryImageOfPage":{"@id":"https:\/\/www.revistarambla.com\/barcelona-una-ciudad-que-respira-mar-pasado-presente-y-futuro-de-su-relacion-mediterranea\/#primaryimage"},"image":{"@id":"https:\/\/www.revistarambla.com\/barcelona-una-ciudad-que-respira-mar-pasado-presente-y-futuro-de-su-relacion-mediterranea\/#primaryimage"},"thumbnailUrl":"https:\/\/www.revistarambla.com\/wp-content\/uploads\/2026\/01\/Screenshot-2026-01-20-at-19-07-27-file-20251201-56-9ebt4k.jpg-Imagen-JPEG-1920-\u00d7-640-pixeles-Escalado-80-.jpg","datePublished":"2026-01-20T18:09:07+00:00","breadcrumb":{"@id":"https:\/\/www.revistarambla.com\/barcelona-una-ciudad-que-respira-mar-pasado-presente-y-futuro-de-su-relacion-mediterranea\/#breadcrumb"},"inLanguage":"en-GB","potentialAction":[{"@type":"ReadAction","target":["https:\/\/www.revistarambla.com\/barcelona-una-ciudad-que-respira-mar-pasado-presente-y-futuro-de-su-relacion-mediterranea\/"]}]},{"@type":"ImageObject","inLanguage":"en-GB","@id":"https:\/\/www.revistarambla.com\/barcelona-una-ciudad-que-respira-mar-pasado-presente-y-futuro-de-su-relacion-mediterranea\/#primaryimage","url":"https:\/\/www.revistarambla.com\/wp-content\/uploads\/2026\/01\/Screenshot-2026-01-20-at-19-07-27-file-20251201-56-9ebt4k.jpg-Imagen-JPEG-1920-\u00d7-640-pixeles-Escalado-80-.jpg","contentUrl":"https:\/\/www.revistarambla.com\/wp-content\/uploads\/2026\/01\/Screenshot-2026-01-20-at-19-07-27-file-20251201-56-9ebt4k.jpg-Imagen-JPEG-1920-\u00d7-640-pixeles-Escalado-80-.jpg","width":1297,"height":640,"caption":"barcelona mar"},{"@type":"BreadcrumbList","@id":"https:\/\/www.revistarambla.com\/barcelona-una-ciudad-que-respira-mar-pasado-presente-y-futuro-de-su-relacion-mediterranea\/#breadcrumb","itemListElement":[{"@type":"ListItem","position":1,"name":"Portada","item":"https:\/\/www.revistarambla.com\/"},{"@type":"ListItem","position":2,"name":"Barcelona, una ciudad que respira mar: pasado, presente y futuro de su relaci\u00f3n mediterr\u00e1nea"}]},{"@type":"WebSite","@id":"https:\/\/www.revistarambla.com\/#website","url":"https:\/\/www.revistarambla.com\/","name":"Revista Rambla Barcelona","description":"Periodismo independiente","publisher":{"@id":"https:\/\/www.revistarambla.com\/#organization"},"potentialAction":[{"@type":"SearchAction","target":{"@type":"EntryPoint","urlTemplate":"https:\/\/www.revistarambla.com\/?s={search_term_string}"},"query-input":{"@type":"PropertyValueSpecification","valueRequired":true,"valueName":"search_term_string"}}],"inLanguage":"en-GB"},{"@type":"Organization","@id":"https:\/\/www.revistarambla.com\/#organization","name":"Revista Rambla","url":"https:\/\/www.revistarambla.com\/","logo":{"@type":"ImageObject","inLanguage":"en-GB","@id":"https:\/\/www.revistarambla.com\/#\/schema\/logo\/image\/","url":"https:\/\/www.revistarambla.com\/wp-content\/uploads\/2020\/09\/banner_rambla_1900x600_BB.png","contentUrl":"https:\/\/www.revistarambla.com\/wp-content\/uploads\/2020\/09\/banner_rambla_1900x600_BB.png","width":1900,"height":600,"caption":"Revista Rambla"},"image":{"@id":"https:\/\/www.revistarambla.com\/#\/schema\/logo\/image\/"},"sameAs":["https:\/\/www.facebook.com\/revistarambla\/","https:\/\/x.com\/revistarambla","https:\/\/www.instagram.com\/revista_rambla","https:\/\/es.linkedin.com\/company\/revista-rambla"]},{"@type":"Person","@id":"https:\/\/www.revistarambla.com\/#\/schema\/person\/a146a5a2550b94981a75131180e1bd9c","name":"R@mbla","description":"Este art\u00edculo ha sido redactado y\/o validado por el equipo de redacci\u00f3n de Revista Rambla.","sameAs":["https:\/\/www.revistarambla.com\/","https:\/\/www.facebook.com\/revistarambla","https:\/\/x.com\/revistarambla"]}]}},"_links":{"self":[{"href":"https:\/\/www.revistarambla.com\/en\/wp-json\/wp\/v2\/posts\/67655","targetHints":{"allow":["GET"]}}],"collection":[{"href":"https:\/\/www.revistarambla.com\/en\/wp-json\/wp\/v2\/posts"}],"about":[{"href":"https:\/\/www.revistarambla.com\/en\/wp-json\/wp\/v2\/types\/post"}],"author":[{"embeddable":true,"href":"https:\/\/www.revistarambla.com\/en\/wp-json\/wp\/v2\/users\/3"}],"replies":[{"embeddable":true,"href":"https:\/\/www.revistarambla.com\/en\/wp-json\/wp\/v2\/comments?post=67655"}],"version-history":[{"count":1,"href":"https:\/\/www.revistarambla.com\/en\/wp-json\/wp\/v2\/posts\/67655\/revisions"}],"predecessor-version":[{"id":67657,"href":"https:\/\/www.revistarambla.com\/en\/wp-json\/wp\/v2\/posts\/67655\/revisions\/67657"}],"wp:featuredmedia":[{"embeddable":true,"href":"https:\/\/www.revistarambla.com\/en\/wp-json\/wp\/v2\/media\/67656"}],"wp:attachment":[{"href":"https:\/\/www.revistarambla.com\/en\/wp-json\/wp\/v2\/media?parent=67655"}],"wp:term":[{"taxonomy":"category","embeddable":true,"href":"https:\/\/www.revistarambla.com\/en\/wp-json\/wp\/v2\/categories?post=67655"},{"taxonomy":"post_tag","embeddable":true,"href":"https:\/\/www.revistarambla.com\/en\/wp-json\/wp\/v2\/tags?post=67655"}],"curies":[{"name":"wp","href":"https:\/\/api.w.org\/{rel}","templated":true}]}}