{"id":67645,"date":"2026-01-20T18:58:59","date_gmt":"2026-01-20T17:58:59","guid":{"rendered":"https:\/\/www.revistarambla.com\/?p=67645"},"modified":"2026-01-24T20:45:46","modified_gmt":"2026-01-24T19:45:46","slug":"academias-de-la-lengua-espanola-descriptivas-o-prescriptivas","status":"publish","type":"post","link":"https:\/\/www.revistarambla.com\/en\/academias-de-la-lengua-espanola-descriptivas-o-prescriptivas\/","title":{"rendered":"Academias de la lengua espa\u00f1ola: \u00bfDescriptivas o prescriptivas?"},"content":{"rendered":"<p>La funci\u00f3n de una academia de lengua ha sido tradicionalmente objeto de discusi\u00f3n tanto en c\u00edrculos ling\u00fc\u00edsticos como en el imaginario cultural. A primera vista, parece evidente que una instituci\u00f3n como la Real Academia Espa\u00f1ola (RAE) y sus contrapartes en el mundo hispanohablante tienen un papel normativo: fijar reglas, elaborar manuales, resolver dudas de uso. Sin embargo, un an\u00e1lisis m\u00e1s profundo revela que esta descripci\u00f3n convencional se tensiona con corrientes ling\u00fc\u00edsticas contempor\u00e1neas que ven en las academias m\u00e1s un cuerpo descriptivo que prescriptivo \u2014y, en la pr\u00e1ctica actual, una mezcla compleja de ambas. (<a title=\"Academias de la lengua espa\u00f1ola: \u00bfdescriptoras o prescriptoras del lenguaje? \u2013 DUPO \u2013 Diario de la Universidad Pablo de Olavide\" href=\"https:\/\/www.upo.es\/diario\/theconversation\/2026\/01\/academias-de-la-lengua-espanola-descriptoras-o-prescriptoras-del-lenguaje\/?utm_source=chatgpt.com\">Universidad Pablo de Olavide<\/a>)<\/p>\n<p>El debate fue reavivado recientemente por un art\u00edculo del acad\u00e9mico y escritor Arturo P\u00e9rez Reverte, en el que critica a la RAE por \u201cabandonar su rol normativo\u201d y ceder ante usos populares del lenguaje que, seg\u00fan \u00e9l, erosionan la autoridad de la instituci\u00f3n y de la tradici\u00f3n literaria. Esta pol\u00e9mica pone de manifiesto una tensi\u00f3n hist\u00f3rica entre dos enfoques opuestos: <em>prescriptivismo<\/em> y <em>descriptivismo<\/em>. (<a title=\"Academias de la lengua espa\u00f1ola: \u00bfdescriptoras o prescriptoras del lenguaje? \u2013 DUPO \u2013 Diario de la Universidad Pablo de Olavide\" href=\"https:\/\/www.upo.es\/diario\/theconversation\/2026\/01\/academias-de-la-lengua-espanola-descriptoras-o-prescriptoras-del-lenguaje\/?utm_source=chatgpt.com\">Universidad Pablo de Olavide<\/a>)<\/p>\n<h2><strong>I. Ra\u00edces hist\u00f3ricas del prescriptivismo<\/strong><\/h2>\n<h3><strong>A. El mandato normativo cl\u00e1sico<\/strong><\/h3>\n<p>Desde su fundaci\u00f3n en 1713, la Real Academia Espa\u00f1ola se plante\u00f3 con un objetivo expl\u00edcito \u2014recolectado fielmente en su lema hist\u00f3rico\u2014 de \u201c<em>limpiar, fijar y dar esplendor<\/em>\u201d al idioma espa\u00f1ol. Esta consigna encapsula un ethos prescriptivo: establecer qu\u00e9 formas son correctas, cu\u00e1les deben evitarse y c\u00f3mo debe usarse la lengua en contextos ideales. (<a title=\"Academias de la lengua espa\u00f1ola: \u00bfdescriptoras o prescriptoras del lenguaje? \u2013 DUPO \u2013 Diario de la Universidad Pablo de Olavide\" href=\"https:\/\/www.upo.es\/diario\/theconversation\/2026\/01\/academias-de-la-lengua-espanola-descriptoras-o-prescriptoras-del-lenguaje\/?utm_source=chatgpt.com\">Universidad Pablo de Olavide<\/a>)<\/p>\n<p>Este enfoque normativo no fue exclusivo de la RAE. Instituciones semejantes, como la <em>Acad\u00e9mie fran\u00e7aise<\/em> en Francia o la <em>Accademia della Crusca<\/em> en Italia, surgieron en el mismo periodo con la misi\u00f3n de proteger la \u201cpureza\u201d de la lengua frente a los cambios percibidos como degradaciones o extrav\u00edos. Su visi\u00f3n de la lengua era est\u00e1tica, centrada en la gram\u00e1tica escrita de prestigio y la tradici\u00f3n literaria; se conceb\u00eda el idioma como un arte fijado por modelos culturales elevados, no como un organismo vivo que los hablantes transforman constantemente. (<a title=\"Academias de la lengua espa\u00f1ola: \u00bfdescriptoras o prescriptoras del lenguaje? \u2013 DUPO \u2013 Diario de la Universidad Pablo de Olavide\" href=\"https:\/\/www.upo.es\/diario\/theconversation\/2026\/01\/academias-de-la-lengua-espanola-descriptoras-o-prescriptoras-del-lenguaje\/?utm_source=chatgpt.com\">Universidad Pablo de Olavide<\/a>)<\/p>\n<h3><strong>B. El prescriptivismo en la pr\u00e1ctica<\/strong><\/h3>\n<p>El prescriptivismo ling\u00fc\u00edstico se basa en la idea de que existen formas correctas e incorrectas y que la funci\u00f3n de las instituciones acad\u00e9micas es <em>ordenar<\/em> el uso del idioma. Bajo este paradigma, el cambio ling\u00fc\u00edstico es visto \u2014con frecuencia\u2014 como una corrupci\u00f3n o desviaci\u00f3n indeseable, y la variaci\u00f3n social o dialectal como un fen\u00f3meno que debe ser desalentado. (<a title=\"Academias de la lengua espa\u00f1ola: \u00bfdescriptoras o prescriptoras del lenguaje? \u2013 DUPO \u2013 Diario de la Universidad Pablo de Olavide\" href=\"https:\/\/www.upo.es\/diario\/theconversation\/2026\/01\/academias-de-la-lengua-espanola-descriptoras-o-prescriptoras-del-lenguaje\/?utm_source=chatgpt.com\">Universidad Pablo de Olavide<\/a>)<\/p>\n<p>La RAE consolid\u00f3 esta visi\u00f3n a lo largo de los siglos XVIII y XIX: sus diccionarios, gram\u00e1ticas y ortograf\u00edas reflejaban una lengua <em>idealizada<\/em>, un espa\u00f1ol de \u00e9lite y culto cuyos modelos eran los grandes textos literarios. Esta perspectiva informaba no s\u00f3lo la ense\u00f1anza, sino tambi\u00e9n la legitimaci\u00f3n cultural de la lengua en sociedades letradas. (<a title=\"Academias de la lengua espa\u00f1ola: \u00bfdescriptoras o prescriptoras del lenguaje? \u2013 DUPO \u2013 Diario de la Universidad Pablo de Olavide\" href=\"https:\/\/www.upo.es\/diario\/theconversation\/2026\/01\/academias-de-la-lengua-espanola-descriptoras-o-prescriptoras-del-lenguaje\/?utm_source=chatgpt.com\">Universidad Pablo de Olavide<\/a>)<\/p>\n<h2><strong>II. El giro cient\u00ed\ufb01co: el surgimiento del descriptivismo<\/strong><\/h2>\n<h3><strong>A. La ling\u00fc\u00edstica como ciencia emp\u00edrica<\/strong><\/h3>\n<p>A finales del siglo XIX y a lo largo del XX, con el auge de la ling\u00fc\u00edstica moderna, la disciplina dio un giro metodol\u00f3gico: pas\u00f3 de ser una rama human\u00edstica centrada en textos cl\u00e1sicos a una ciencia emp\u00edrica enfocada en <em>c\u00f3mo<\/em> realmente se usa la lengua. El descriptivismo sostiene que la funci\u00f3n del ling\u00fcista es observar, analizar y documentar el uso real del lenguaje \u2014incluyendo variantes coloquiales, dialectales o sociales\u2014 sin imponer juicios de valor sobre su correcci\u00f3n. (<a title=\"Academias de la lengua espa\u00f1ola: \u00bfdescriptoras o prescriptoras del lenguaje? \u2013 DUPO \u2013 Diario de la Universidad Pablo de Olavide\" href=\"https:\/\/www.upo.es\/diario\/theconversation\/2026\/01\/academias-de-la-lengua-espanola-descriptoras-o-prescriptoras-del-lenguaje\/?utm_source=chatgpt.com\">Universidad Pablo de Olavide<\/a>)<\/p>\n<p>Esta corriente emergi\u00f3 de la necesidad de estudiar la lengua en todos sus contextos: hablado, escrito, formal, informal, regional, social. En lugar de relegar a la variaci\u00f3n ling\u00fc\u00edstica al estatus de \u201cerror\u201d, el descriptivismo reconoce que todas las variantes constituyen sistemas ling\u00fc\u00edsticos coherentes por derecho propio. (<a title=\"Academias de la lengua espa\u00f1ola: \u00bfdescriptoras o prescriptoras del lenguaje? \u2013 DUPO \u2013 Diario de la Universidad Pablo de Olavide\" href=\"https:\/\/www.upo.es\/diario\/theconversation\/2026\/01\/academias-de-la-lengua-espanola-descriptoras-o-prescriptoras-del-lenguaje\/?utm_source=chatgpt.com\">Universidad Pablo de Olavide<\/a>)<\/p>\n<h3><strong>B. El impacto en la RAE y la Asociaci\u00f3n de Academias de la Lengua Espa\u00f1ola (ASALE)<\/strong><\/h3>\n<p>La consolidaci\u00f3n del descriptivismo en el campo ling\u00fc\u00edstico no ocurri\u00f3 de manera abrupta ni en solitario. Fue un proceso gradual que, en el caso del espa\u00f1ol, se aceler\u00f3 con la constituci\u00f3n de la <em>Asociaci\u00f3n de Academias de la Lengua Espa\u00f1ola (ASALE)<\/em> en 1951, integrando 23 academias de todo el mundo m\u00e1s all\u00e1 de Espa\u00f1a. (<a title=\"Academias de la lengua espa\u00f1ola: \u00bfdescriptoras o prescriptoras del lenguaje? \u2013 DUPO \u2013 Diario de la Universidad Pablo de Olavide\" href=\"https:\/\/www.upo.es\/diario\/theconversation\/2026\/01\/academias-de-la-lengua-espanola-descriptoras-o-prescriptoras-del-lenguaje\/?utm_source=chatgpt.com\">Universidad Pablo de Olavide<\/a>)<\/p>\n<p>Este cambio hacia una perspectiva m\u00e1s panhisp\u00e1nica implic\u00f3 reconocer que el espa\u00f1ol no es una entidad monol\u00edtica, sino un conjunto de variedades globales con sus propios usos leg\u00edtimos. Obras conjuntas como la <em>Nueva gram\u00e1tica de la lengua espa\u00f1ola (2009)<\/em>, el <em>Diccionario panhisp\u00e1nico de dudas (2005)<\/em> o el <em>Diccionario de americanismos (2010)<\/em> reflejan una aproximaci\u00f3n descriptiva \u2014registran los usos reales antes de evaluarlos\u2014 y consideran la variaci\u00f3n geogr\u00e1fica y social del idioma. (<a title=\"Academias de la lengua espa\u00f1ola: \u00bfdescriptoras o prescriptoras del lenguaje? \u2013 DUPO \u2013 Diario de la Universidad Pablo de Olavide\" href=\"https:\/\/www.upo.es\/diario\/theconversation\/2026\/01\/academias-de-la-lengua-espanola-descriptoras-o-prescriptoras-del-lenguaje\/?utm_source=chatgpt.com\">Universidad Pablo de Olavide<\/a>)<\/p>\n<h2><strong>III. Una instituci\u00f3n en tensi\u00f3n<\/strong><\/h2>\n<h3><strong>A. Prescriptivismo y descriptivismo no son excluyentes<\/strong><\/h3>\n<p>En la pr\u00e1ctica contempor\u00e1nea, las academias de la lengua no operan \u00fanicamente bajo un paradigma u otro. En lugar de ello, conviven dos funciones aparentemente opuestas:<\/p>\n<ul>\n<li><strong>Descriptiva:<\/strong> Documentar y analizar c\u00f3mo hablan y escriben los hablantes reales en todas sus variedades y contextos.<\/li>\n<li><strong>Prescriptiva:<\/strong> Proporcionar recomendaciones sobre el uso considerado m\u00e1s adecuado o culto en ciertos contextos formales o educativos.<\/li>\n<\/ul>\n<p>Esta dualidad no es arbitraria, sino productiva: sin una base descriptiva, las recomendaciones normativas ser\u00edan irrelevantes o arbitrarias; sin una dimensi\u00f3n prescriptiva, la lengua carecer\u00eda de est\u00e1ndares \u00fatiles para la educaci\u00f3n formal o la comunicaci\u00f3n interregional. (<a title=\"Academias de la lengua espa\u00f1ola: \u00bfdescriptoras o prescriptoras del lenguaje? \u2013 DUPO \u2013 Diario de la Universidad Pablo de Olavide\" href=\"https:\/\/www.upo.es\/diario\/theconversation\/2026\/01\/academias-de-la-lengua-espanola-descriptoras-o-prescriptoras-del-lenguaje\/?utm_source=chatgpt.com\">Universidad Pablo de Olavide<\/a>)<\/p>\n<h3><strong>B. El caso P\u00e9rez Reverte y la pol\u00e9mica normativa<\/strong><\/h3>\n<p>La cr\u00edtica de Arturo P\u00e9rez Reverte surge precisamente de esta tensi\u00f3n. En su art\u00edculo, Reverte acusa a la RAE de abandonar su rol normativo tradicional, cediendo ante medios de comunicaci\u00f3n y redes sociales, y priorizando el uso mayoritario sobre la autoridad literaria y normativa. Sus detractores afirman que esta visi\u00f3n ignora la funci\u00f3n descriptiva esencial y cient\u00edfica que las academias han adquirido, y que no se trata de una rendici\u00f3n ante los usos populares, sino de una leg\u00edtima ampliaci\u00f3n del objeto de estudio ling\u00fc\u00edstico. (<a title=\"Academias de la lengua espa\u00f1ola: \u00bfdescriptoras o prescriptoras del lenguaje? \u2013 DUPO \u2013 Diario de la Universidad Pablo de Olavide\" href=\"https:\/\/www.upo.es\/diario\/theconversation\/2026\/01\/academias-de-la-lengua-espanola-descriptoras-o-prescriptoras-del-lenguaje\/?utm_source=chatgpt.com\">Universidad Pablo de Olavide<\/a>)<\/p>\n<p>Este conflicto, m\u00e1s que un desacuerdo aislado, revela un <strong>debate estructural<\/strong> sobre qu\u00e9 se espera de una academia de lengua en pleno siglo XXI: \u00bfuna instituci\u00f3n de guardianes del \u201ccorrecto uso\u201d o un organismo cient\u00edfico que observa y formaliza lo que ocurre entre los hablantes? (<a title=\"Academias de la lengua espa\u00f1ola: \u00bfdescriptoras o prescriptoras del lenguaje? \u2013 DUPO \u2013 Diario de la Universidad Pablo de Olavide\" href=\"https:\/\/www.upo.es\/diario\/theconversation\/2026\/01\/academias-de-la-lengua-espanola-descriptoras-o-prescriptoras-del-lenguaje\/?utm_source=chatgpt.com\">Universidad Pablo de Olavide<\/a>)<\/p>\n<h3><strong>C. Ideolog\u00eda, autoridad y diversidad cultural<\/strong><\/h3>\n<p>El prescriptivismo ha estado hist\u00f3ricamente ligado a la autoridad cultural, la tradici\u00f3n literaria y la educaci\u00f3n formal. El descriptivismo, por contraste, se asocia con la igualdad de variedades ling\u00fc\u00edsticas y la metodolog\u00eda cient\u00edfica. Esta dicotom\u00eda tiene tambi\u00e9n una dimensi\u00f3n ideol\u00f3gica: el primero tiende a privilegiar modelos culturales hegem\u00f3nicos, el segundo valida la diversidad y la variaci\u00f3n ling\u00fc\u00edstica como riqueza inherente del espa\u00f1ol. (<a title=\"Academias de la lengua espa\u00f1ola: \u00bfdescriptoras o prescriptoras del lenguaje? \u2013 DUPO \u2013 Diario de la Universidad Pablo de Olavide\" href=\"https:\/\/www.upo.es\/diario\/theconversation\/2026\/01\/academias-de-la-lengua-espanola-descriptoras-o-prescriptoras-del-lenguaje\/?utm_source=chatgpt.com\">Universidad Pablo de Olavide<\/a>)<\/p>\n<h2><strong>IV. Instituciones y praxis contempor\u00e1nea<\/strong><\/h2>\n<h3><strong>A. Obras acad\u00e9micas como h\u00edbridos descriptivo-normativos<\/strong><\/h3>\n<p>Las publicaciones modernas de las academias son una s\u00edntesis de ambos enfoques. Por ejemplo, en obras como el <em>Diccionario panhisp\u00e1nico de dudas<\/em>, aunque se ofrece orientaci\u00f3n sobre usos considerados correctos, esta gu\u00eda se basa en el an\u00e1lisis emp\u00edrico del uso real de las palabras, incluyendo variantes regionales. (<a title=\"Diccionario panhisp\u00e1nico de dudas\" href=\"https:\/\/en.wikipedia.org\/wiki\/Diccionario_panhisp%C3%A1nico_de_dudas?utm_source=chatgpt.com\">Wikipedia<\/a>)<\/p>\n<p>Asimismo, la <em>Nueva gram\u00e1tica<\/em> y el <em>Diccionario de americanismos<\/em> no solo recogen formas de uso de millones de hispanohablantes, sino que estructuran esa informaci\u00f3n en sistemas de referencia que sirven tanto a ling\u00fcistas como a educadores y hablantes. (<a title=\"Academias de la lengua espa\u00f1ola: \u00bfdescriptoras o prescriptoras del lenguaje? \u2013 DUPO \u2013 Diario de la Universidad Pablo de Olavide\" href=\"https:\/\/www.upo.es\/diario\/theconversation\/2026\/01\/academias-de-la-lengua-espanola-descriptoras-o-prescriptoras-del-lenguaje\/?utm_source=chatgpt.com\">Universidad Pablo de Olavide<\/a>)<\/p>\n<h3><strong>B. El espa\u00f1ol en el siglo XXI: pluricentrismo y variaci\u00f3n<\/strong><\/h3>\n<p>El desaf\u00edo de las academias contempor\u00e1neas es reflejar un espa\u00f1ol que ya no gira en torno a un centro monol\u00edtico. La lengua se ha convertido en una entidad pluric\u00e9ntrica, distribuida en m\u00faltiples regiones y culturas con sus propias normatividades sociales, modismos, giros y variaciones gramaticales. (<a title=\"Academias de la lengua espa\u00f1ola: \u00bfdescriptoras o prescriptoras del lenguaje? \u2013 DUPO \u2013 Diario de la Universidad Pablo de Olavide\" href=\"https:\/\/www.upo.es\/diario\/theconversation\/2026\/01\/academias-de-la-lengua-espanola-descriptoras-o-prescriptoras-del-lenguaje\/?utm_source=chatgpt.com\">Universidad Pablo de Olavide<\/a>)<\/p>\n<p>Este pluricentrismo obliga a las academias a elaborar normas y recomendaciones que respeten la diversidad sin caer en la anarqu\u00eda ling\u00fc\u00edstica. En este contexto, la visi\u00f3n puramente prescriptiva \u2014que dicta \u201clo correcto\u201d desde una torre de marfil\u2014 resulta cada vez menos plausible. (<a title=\"Academias de la lengua espa\u00f1ola: \u00bfdescriptoras o prescriptoras del lenguaje? \u2013 DUPO \u2013 Diario de la Universidad Pablo de Olavide\" href=\"https:\/\/www.upo.es\/diario\/theconversation\/2026\/01\/academias-de-la-lengua-espanola-descriptoras-o-prescriptoras-del-lenguaje\/?utm_source=chatgpt.com\">Universidad Pablo de Olavide<\/a>)<\/p>\n<h2><strong>Conclusi\u00f3n: una funci\u00f3n dial\u00e9ctica<\/strong><\/h2>\n<p>La pregunta de si las academias de la lengua espa\u00f1ola son <strong>descriptoras o prescriptoras<\/strong> no tiene una respuesta un\u00edvoca. En realidad \u2014y de manera inevitable\u2014 <strong>son ambas<\/strong>. No porque sean instituciones indecisas, sino porque la naturaleza de la lengua exige un enfoque dial\u00e9ctico: observar la realidad ling\u00fc\u00edstica y, al mismo tiempo, ofrecer referencias normativas que faciliten la comunicaci\u00f3n y la ense\u00f1anza.<\/p>\n<p>Este equilibrio es inestable y sujeto a tensiones constantes, como se ha evidenciado en debates recientes protagonizados por figuras como Arturo P\u00e9rez Reverte. Sin embargo, tambi\u00e9n representa una oportunidad: un espacio donde se confrontan la ciencia ling\u00fc\u00edstica, la cultura escrita, la diversidad de los hablantes y la evoluci\u00f3n natural del idioma.<\/p>\n<p>Lejos de ser meras custodias del pasado, las academias de lengua espa\u00f1ola se han transformado en instituciones que <strong>traducen la complejidad de la lengua viva en normas \u00fatiles, respetuosas de su variaci\u00f3n, y conscientes de su historia<\/strong>. Ese rol h\u00edbrido \u2014descriptivo y prescriptivo al mismo tiempo\u2014 es, en definitiva, lo que define a las academias en el mundo contempor\u00e1neo. (<a title=\"Academias de la lengua espa\u00f1ola: \u00bfdescriptoras o prescriptoras del lenguaje? \u2013 DUPO \u2013 Diario de la Universidad Pablo de Olavide\" href=\"https:\/\/www.upo.es\/diario\/theconversation\/2026\/01\/academias-de-la-lengua-espanola-descriptoras-o-prescriptoras-del-lenguaje\/?utm_source=chatgpt.com\">Universidad Pablo de Olavide<\/a>)<\/p>","protected":false},"excerpt":{"rendered":"<p>Una reflexi\u00f3n hist\u00f3rica, cient\u00edfica y socioling\u00fc\u00edstica<\/p>","protected":false},"author":3,"featured_media":67648,"comment_status":"closed","ping_status":"closed","sticky":false,"template":"","format":"standard","meta":{"footnotes":""},"categories":[4099],"tags":[],"class_list":["post-67645","post","type-post","status-publish","format-standard","has-post-thumbnail","hentry","category-otras-miradas"],"yoast_head":"<!-- This site is optimized with the Yoast SEO plugin v27.5 - https:\/\/yoast.com\/product\/yoast-seo-wordpress\/ -->\n<title>Academias de la lengua espa\u00f1ola: \u00bfDescriptivas o prescriptivas? - Revista Rambla<\/title>\n<meta name=\"robots\" content=\"index, follow, max-snippet:-1, max-image-preview:large, max-video-preview:-1\" \/>\n<link rel=\"canonical\" href=\"https:\/\/www.revistarambla.com\/en\/academias-de-la-lengua-espanola-descriptivas-o-prescriptivas\/\" \/>\n<meta property=\"og:locale\" content=\"en_GB\" \/>\n<meta property=\"og:type\" content=\"article\" \/>\n<meta property=\"og:title\" content=\"Academias de la lengua espa\u00f1ola: \u00bfDescriptivas o prescriptivas? - Revista Rambla\" \/>\n<meta property=\"og:description\" content=\"Una reflexi\u00f3n hist\u00f3rica, cient\u00edfica y socioling\u00fc\u00edstica\" \/>\n<meta property=\"og:url\" content=\"https:\/\/www.revistarambla.com\/en\/academias-de-la-lengua-espanola-descriptivas-o-prescriptivas\/\" \/>\n<meta property=\"og:site_name\" content=\"Revista Rambla\" \/>\n<meta property=\"article:publisher\" content=\"https:\/\/www.facebook.com\/revistarambla\/\" \/>\n<meta property=\"article:author\" content=\"https:\/\/www.facebook.com\/revistarambla\" \/>\n<meta property=\"article:published_time\" content=\"2026-01-20T17:58:59+00:00\" \/>\n<meta property=\"article:modified_time\" content=\"2026-01-24T19:45:46+00:00\" \/>\n<meta property=\"og:image\" content=\"https:\/\/www.revistarambla.com\/wp-content\/uploads\/2026\/01\/Sede_de_la_Real_Academia_Espanola.jpg\" \/>\n\t<meta property=\"og:image:width\" content=\"1920\" \/>\n\t<meta property=\"og:image:height\" content=\"1519\" \/>\n\t<meta property=\"og:image:type\" content=\"image\/jpeg\" \/>\n<meta name=\"author\" content=\"R@mbla\" \/>\n<meta name=\"twitter:card\" content=\"summary_large_image\" \/>\n<meta name=\"twitter:creator\" content=\"@revistarambla\" \/>\n<meta name=\"twitter:site\" content=\"@revistarambla\" \/>\n<meta name=\"twitter:label1\" content=\"Written by\" \/>\n\t<meta name=\"twitter:data1\" content=\"R@mbla\" \/>\n\t<meta name=\"twitter:label2\" content=\"Estimated reading time\" \/>\n\t<meta name=\"twitter:data2\" content=\"7 minutes\" \/>\n<script type=\"application\/ld+json\" class=\"yoast-schema-graph\">{\"@context\":\"https:\\\/\\\/schema.org\",\"@graph\":[{\"@type\":\"Article\",\"@id\":\"https:\\\/\\\/www.revistarambla.com\\\/academias-de-la-lengua-espanola-descriptivas-o-prescriptivas\\\/#article\",\"isPartOf\":{\"@id\":\"https:\\\/\\\/www.revistarambla.com\\\/academias-de-la-lengua-espanola-descriptivas-o-prescriptivas\\\/\"},\"author\":{\"name\":\"R@mbla\",\"@id\":\"https:\\\/\\\/www.revistarambla.com\\\/#\\\/schema\\\/person\\\/a146a5a2550b94981a75131180e1bd9c\"},\"headline\":\"Academias de la lengua espa\u00f1ola: \u00bfDescriptivas o prescriptivas?\",\"datePublished\":\"2026-01-20T17:58:59+00:00\",\"dateModified\":\"2026-01-24T19:45:46+00:00\",\"mainEntityOfPage\":{\"@id\":\"https:\\\/\\\/www.revistarambla.com\\\/academias-de-la-lengua-espanola-descriptivas-o-prescriptivas\\\/\"},\"wordCount\":1640,\"publisher\":{\"@id\":\"https:\\\/\\\/www.revistarambla.com\\\/#organization\"},\"image\":{\"@id\":\"https:\\\/\\\/www.revistarambla.com\\\/academias-de-la-lengua-espanola-descriptivas-o-prescriptivas\\\/#primaryimage\"},\"thumbnailUrl\":\"https:\\\/\\\/www.revistarambla.com\\\/wp-content\\\/uploads\\\/2026\\\/01\\\/Sede_de_la_Real_Academia_Espanola.jpg\",\"articleSection\":[\"Otras Miradas\"],\"inLanguage\":\"en-GB\"},{\"@type\":\"WebPage\",\"@id\":\"https:\\\/\\\/www.revistarambla.com\\\/academias-de-la-lengua-espanola-descriptivas-o-prescriptivas\\\/\",\"url\":\"https:\\\/\\\/www.revistarambla.com\\\/academias-de-la-lengua-espanola-descriptivas-o-prescriptivas\\\/\",\"name\":\"Academias de la lengua espa\u00f1ola: \u00bfDescriptivas o prescriptivas? - Revista Rambla\",\"isPartOf\":{\"@id\":\"https:\\\/\\\/www.revistarambla.com\\\/#website\"},\"primaryImageOfPage\":{\"@id\":\"https:\\\/\\\/www.revistarambla.com\\\/academias-de-la-lengua-espanola-descriptivas-o-prescriptivas\\\/#primaryimage\"},\"image\":{\"@id\":\"https:\\\/\\\/www.revistarambla.com\\\/academias-de-la-lengua-espanola-descriptivas-o-prescriptivas\\\/#primaryimage\"},\"thumbnailUrl\":\"https:\\\/\\\/www.revistarambla.com\\\/wp-content\\\/uploads\\\/2026\\\/01\\\/Sede_de_la_Real_Academia_Espanola.jpg\",\"datePublished\":\"2026-01-20T17:58:59+00:00\",\"dateModified\":\"2026-01-24T19:45:46+00:00\",\"breadcrumb\":{\"@id\":\"https:\\\/\\\/www.revistarambla.com\\\/academias-de-la-lengua-espanola-descriptivas-o-prescriptivas\\\/#breadcrumb\"},\"inLanguage\":\"en-GB\",\"potentialAction\":[{\"@type\":\"ReadAction\",\"target\":[\"https:\\\/\\\/www.revistarambla.com\\\/academias-de-la-lengua-espanola-descriptivas-o-prescriptivas\\\/\"]}]},{\"@type\":\"ImageObject\",\"inLanguage\":\"en-GB\",\"@id\":\"https:\\\/\\\/www.revistarambla.com\\\/academias-de-la-lengua-espanola-descriptivas-o-prescriptivas\\\/#primaryimage\",\"url\":\"https:\\\/\\\/www.revistarambla.com\\\/wp-content\\\/uploads\\\/2026\\\/01\\\/Sede_de_la_Real_Academia_Espanola.jpg\",\"contentUrl\":\"https:\\\/\\\/www.revistarambla.com\\\/wp-content\\\/uploads\\\/2026\\\/01\\\/Sede_de_la_Real_Academia_Espanola.jpg\",\"width\":1920,\"height\":1519,\"caption\":\"Academias de la lengua espa\u00f1ola\"},{\"@type\":\"BreadcrumbList\",\"@id\":\"https:\\\/\\\/www.revistarambla.com\\\/academias-de-la-lengua-espanola-descriptivas-o-prescriptivas\\\/#breadcrumb\",\"itemListElement\":[{\"@type\":\"ListItem\",\"position\":1,\"name\":\"Portada\",\"item\":\"https:\\\/\\\/www.revistarambla.com\\\/\"},{\"@type\":\"ListItem\",\"position\":2,\"name\":\"Academias de la lengua espa\u00f1ola: \u00bfDescriptivas o prescriptivas?\"}]},{\"@type\":\"WebSite\",\"@id\":\"https:\\\/\\\/www.revistarambla.com\\\/#website\",\"url\":\"https:\\\/\\\/www.revistarambla.com\\\/\",\"name\":\"Revista Rambla Barcelona\",\"description\":\"Periodismo independiente\",\"publisher\":{\"@id\":\"https:\\\/\\\/www.revistarambla.com\\\/#organization\"},\"potentialAction\":[{\"@type\":\"SearchAction\",\"target\":{\"@type\":\"EntryPoint\",\"urlTemplate\":\"https:\\\/\\\/www.revistarambla.com\\\/?s={search_term_string}\"},\"query-input\":{\"@type\":\"PropertyValueSpecification\",\"valueRequired\":true,\"valueName\":\"search_term_string\"}}],\"inLanguage\":\"en-GB\"},{\"@type\":\"Organization\",\"@id\":\"https:\\\/\\\/www.revistarambla.com\\\/#organization\",\"name\":\"Revista Rambla\",\"url\":\"https:\\\/\\\/www.revistarambla.com\\\/\",\"logo\":{\"@type\":\"ImageObject\",\"inLanguage\":\"en-GB\",\"@id\":\"https:\\\/\\\/www.revistarambla.com\\\/#\\\/schema\\\/logo\\\/image\\\/\",\"url\":\"https:\\\/\\\/www.revistarambla.com\\\/wp-content\\\/uploads\\\/2020\\\/09\\\/banner_rambla_1900x600_BB.png\",\"contentUrl\":\"https:\\\/\\\/www.revistarambla.com\\\/wp-content\\\/uploads\\\/2020\\\/09\\\/banner_rambla_1900x600_BB.png\",\"width\":1900,\"height\":600,\"caption\":\"Revista Rambla\"},\"image\":{\"@id\":\"https:\\\/\\\/www.revistarambla.com\\\/#\\\/schema\\\/logo\\\/image\\\/\"},\"sameAs\":[\"https:\\\/\\\/www.facebook.com\\\/revistarambla\\\/\",\"https:\\\/\\\/x.com\\\/revistarambla\",\"https:\\\/\\\/www.instagram.com\\\/revista_rambla\",\"https:\\\/\\\/es.linkedin.com\\\/company\\\/revista-rambla\"]},{\"@type\":\"Person\",\"@id\":\"https:\\\/\\\/www.revistarambla.com\\\/#\\\/schema\\\/person\\\/a146a5a2550b94981a75131180e1bd9c\",\"name\":\"R@mbla\",\"description\":\"Este art\u00edculo ha sido redactado y\\\/o validado por el equipo de redacci\u00f3n de Revista Rambla.\",\"sameAs\":[\"https:\\\/\\\/www.revistarambla.com\\\/\",\"https:\\\/\\\/www.facebook.com\\\/revistarambla\",\"https:\\\/\\\/x.com\\\/revistarambla\"]}]}<\/script>\n<!-- \/ Yoast SEO plugin. -->","yoast_head_json":{"title":"Academias de la lengua espa\u00f1ola: \u00bfDescriptivas o prescriptivas? - Revista Rambla","robots":{"index":"index","follow":"follow","max-snippet":"max-snippet:-1","max-image-preview":"max-image-preview:large","max-video-preview":"max-video-preview:-1"},"canonical":"https:\/\/www.revistarambla.com\/en\/academias-de-la-lengua-espanola-descriptivas-o-prescriptivas\/","og_locale":"en_GB","og_type":"article","og_title":"Academias de la lengua espa\u00f1ola: \u00bfDescriptivas o prescriptivas? - Revista Rambla","og_description":"Una reflexi\u00f3n hist\u00f3rica, cient\u00edfica y socioling\u00fc\u00edstica","og_url":"https:\/\/www.revistarambla.com\/en\/academias-de-la-lengua-espanola-descriptivas-o-prescriptivas\/","og_site_name":"Revista Rambla","article_publisher":"https:\/\/www.facebook.com\/revistarambla\/","article_author":"https:\/\/www.facebook.com\/revistarambla","article_published_time":"2026-01-20T17:58:59+00:00","article_modified_time":"2026-01-24T19:45:46+00:00","og_image":[{"width":1920,"height":1519,"url":"https:\/\/www.revistarambla.com\/wp-content\/uploads\/2026\/01\/Sede_de_la_Real_Academia_Espanola.jpg","type":"image\/jpeg"}],"author":"R@mbla","twitter_card":"summary_large_image","twitter_creator":"@revistarambla","twitter_site":"@revistarambla","twitter_misc":{"Written by":"R@mbla","Estimated reading time":"7 minutes"},"schema":{"@context":"https:\/\/schema.org","@graph":[{"@type":"Article","@id":"https:\/\/www.revistarambla.com\/academias-de-la-lengua-espanola-descriptivas-o-prescriptivas\/#article","isPartOf":{"@id":"https:\/\/www.revistarambla.com\/academias-de-la-lengua-espanola-descriptivas-o-prescriptivas\/"},"author":{"name":"R@mbla","@id":"https:\/\/www.revistarambla.com\/#\/schema\/person\/a146a5a2550b94981a75131180e1bd9c"},"headline":"Academias de la lengua espa\u00f1ola: \u00bfDescriptivas o prescriptivas?","datePublished":"2026-01-20T17:58:59+00:00","dateModified":"2026-01-24T19:45:46+00:00","mainEntityOfPage":{"@id":"https:\/\/www.revistarambla.com\/academias-de-la-lengua-espanola-descriptivas-o-prescriptivas\/"},"wordCount":1640,"publisher":{"@id":"https:\/\/www.revistarambla.com\/#organization"},"image":{"@id":"https:\/\/www.revistarambla.com\/academias-de-la-lengua-espanola-descriptivas-o-prescriptivas\/#primaryimage"},"thumbnailUrl":"https:\/\/www.revistarambla.com\/wp-content\/uploads\/2026\/01\/Sede_de_la_Real_Academia_Espanola.jpg","articleSection":["Otras Miradas"],"inLanguage":"en-GB"},{"@type":"WebPage","@id":"https:\/\/www.revistarambla.com\/academias-de-la-lengua-espanola-descriptivas-o-prescriptivas\/","url":"https:\/\/www.revistarambla.com\/academias-de-la-lengua-espanola-descriptivas-o-prescriptivas\/","name":"Academias de la lengua espa\u00f1ola: \u00bfDescriptivas o prescriptivas? - Revista Rambla","isPartOf":{"@id":"https:\/\/www.revistarambla.com\/#website"},"primaryImageOfPage":{"@id":"https:\/\/www.revistarambla.com\/academias-de-la-lengua-espanola-descriptivas-o-prescriptivas\/#primaryimage"},"image":{"@id":"https:\/\/www.revistarambla.com\/academias-de-la-lengua-espanola-descriptivas-o-prescriptivas\/#primaryimage"},"thumbnailUrl":"https:\/\/www.revistarambla.com\/wp-content\/uploads\/2026\/01\/Sede_de_la_Real_Academia_Espanola.jpg","datePublished":"2026-01-20T17:58:59+00:00","dateModified":"2026-01-24T19:45:46+00:00","breadcrumb":{"@id":"https:\/\/www.revistarambla.com\/academias-de-la-lengua-espanola-descriptivas-o-prescriptivas\/#breadcrumb"},"inLanguage":"en-GB","potentialAction":[{"@type":"ReadAction","target":["https:\/\/www.revistarambla.com\/academias-de-la-lengua-espanola-descriptivas-o-prescriptivas\/"]}]},{"@type":"ImageObject","inLanguage":"en-GB","@id":"https:\/\/www.revistarambla.com\/academias-de-la-lengua-espanola-descriptivas-o-prescriptivas\/#primaryimage","url":"https:\/\/www.revistarambla.com\/wp-content\/uploads\/2026\/01\/Sede_de_la_Real_Academia_Espanola.jpg","contentUrl":"https:\/\/www.revistarambla.com\/wp-content\/uploads\/2026\/01\/Sede_de_la_Real_Academia_Espanola.jpg","width":1920,"height":1519,"caption":"Academias de la lengua espa\u00f1ola"},{"@type":"BreadcrumbList","@id":"https:\/\/www.revistarambla.com\/academias-de-la-lengua-espanola-descriptivas-o-prescriptivas\/#breadcrumb","itemListElement":[{"@type":"ListItem","position":1,"name":"Portada","item":"https:\/\/www.revistarambla.com\/"},{"@type":"ListItem","position":2,"name":"Academias de la lengua espa\u00f1ola: \u00bfDescriptivas o prescriptivas?"}]},{"@type":"WebSite","@id":"https:\/\/www.revistarambla.com\/#website","url":"https:\/\/www.revistarambla.com\/","name":"Revista Rambla Barcelona","description":"Periodismo independiente","publisher":{"@id":"https:\/\/www.revistarambla.com\/#organization"},"potentialAction":[{"@type":"SearchAction","target":{"@type":"EntryPoint","urlTemplate":"https:\/\/www.revistarambla.com\/?s={search_term_string}"},"query-input":{"@type":"PropertyValueSpecification","valueRequired":true,"valueName":"search_term_string"}}],"inLanguage":"en-GB"},{"@type":"Organization","@id":"https:\/\/www.revistarambla.com\/#organization","name":"Revista Rambla","url":"https:\/\/www.revistarambla.com\/","logo":{"@type":"ImageObject","inLanguage":"en-GB","@id":"https:\/\/www.revistarambla.com\/#\/schema\/logo\/image\/","url":"https:\/\/www.revistarambla.com\/wp-content\/uploads\/2020\/09\/banner_rambla_1900x600_BB.png","contentUrl":"https:\/\/www.revistarambla.com\/wp-content\/uploads\/2020\/09\/banner_rambla_1900x600_BB.png","width":1900,"height":600,"caption":"Revista Rambla"},"image":{"@id":"https:\/\/www.revistarambla.com\/#\/schema\/logo\/image\/"},"sameAs":["https:\/\/www.facebook.com\/revistarambla\/","https:\/\/x.com\/revistarambla","https:\/\/www.instagram.com\/revista_rambla","https:\/\/es.linkedin.com\/company\/revista-rambla"]},{"@type":"Person","@id":"https:\/\/www.revistarambla.com\/#\/schema\/person\/a146a5a2550b94981a75131180e1bd9c","name":"R@mbla","description":"Este art\u00edculo ha sido redactado y\/o validado por el equipo de redacci\u00f3n de Revista Rambla.","sameAs":["https:\/\/www.revistarambla.com\/","https:\/\/www.facebook.com\/revistarambla","https:\/\/x.com\/revistarambla"]}]}},"_links":{"self":[{"href":"https:\/\/www.revistarambla.com\/en\/wp-json\/wp\/v2\/posts\/67645","targetHints":{"allow":["GET"]}}],"collection":[{"href":"https:\/\/www.revistarambla.com\/en\/wp-json\/wp\/v2\/posts"}],"about":[{"href":"https:\/\/www.revistarambla.com\/en\/wp-json\/wp\/v2\/types\/post"}],"author":[{"embeddable":true,"href":"https:\/\/www.revistarambla.com\/en\/wp-json\/wp\/v2\/users\/3"}],"replies":[{"embeddable":true,"href":"https:\/\/www.revistarambla.com\/en\/wp-json\/wp\/v2\/comments?post=67645"}],"version-history":[{"count":1,"href":"https:\/\/www.revistarambla.com\/en\/wp-json\/wp\/v2\/posts\/67645\/revisions"}],"predecessor-version":[{"id":67646,"href":"https:\/\/www.revistarambla.com\/en\/wp-json\/wp\/v2\/posts\/67645\/revisions\/67646"}],"wp:featuredmedia":[{"embeddable":true,"href":"https:\/\/www.revistarambla.com\/en\/wp-json\/wp\/v2\/media\/67648"}],"wp:attachment":[{"href":"https:\/\/www.revistarambla.com\/en\/wp-json\/wp\/v2\/media?parent=67645"}],"wp:term":[{"taxonomy":"category","embeddable":true,"href":"https:\/\/www.revistarambla.com\/en\/wp-json\/wp\/v2\/categories?post=67645"},{"taxonomy":"post_tag","embeddable":true,"href":"https:\/\/www.revistarambla.com\/en\/wp-json\/wp\/v2\/tags?post=67645"}],"curies":[{"name":"wp","href":"https:\/\/api.w.org\/{rel}","templated":true}]}}