{"id":67642,"date":"2026-01-20T18:56:54","date_gmt":"2026-01-20T17:56:54","guid":{"rendered":"https:\/\/www.revistarambla.com\/?p=67642"},"modified":"2026-01-20T18:56:54","modified_gmt":"2026-01-20T17:56:54","slug":"espana-y-la-musica-en-espanol-de-exportadora-a-importadora-de-artistas","status":"publish","type":"post","link":"https:\/\/www.revistarambla.com\/en\/espana-y-la-musica-en-espanol-de-exportadora-a-importadora-de-artistas\/","title":{"rendered":"Espa\u00f1a y la m\u00fasica en espa\u00f1ol: de exportadora a importadora de artistas"},"content":{"rendered":"<p>Durante buena parte del siglo XX, Espa\u00f1a fue una de las pocas naciones europeas con una industria musical en espa\u00f1ol capaz de proyectar sus voces m\u00e1s all\u00e1 de sus fronteras. A trav\u00e9s de sellos discogr\u00e1ficos globales, programas de radio y una potente infraestructura medi\u00e1tica, artistas espa\u00f1oles alcanzaron notoriedad internacional, especialmente en Am\u00e9rica Latina y la comunidad hispanohablante de Estados Unidos. Sin embargo, ese flujo hist\u00f3rico \u2014en el que Espa\u00f1a exportaba artistas en espa\u00f1ol\u2014 ha cambiado radicalmente en las \u00faltimas dos d\u00e9cadas. Hoy, Espa\u00f1a importa sonidos, estilos y artistas cuyo \u00e9xito global y relevancia cultural provienen, en muchos casos, de otros centros de producci\u00f3n musical dentro del mundo hispanohablante. (<a title=\"Espa\u00f1a ya no exporta artistas musicales en espa\u00f1ol, los importa - Diario digital de Cantabria\" href=\"https:\/\/elportaluco.com\/espana-ya-no-exporta-artistas-musicales-en-espanol-los-importa\/?utm_source=chatgpt.com\">elportaluco.com<\/a>)<\/p>\n<p>Este fen\u00f3meno no se explica meramente por preferencias culturales, sino por una <strong>transformaci\u00f3n estructural del mercado musical global<\/strong>, marcada por la digitalizaci\u00f3n del consumo, la globalizaci\u00f3n de la m\u00fasica en streaming, y la emergencia de g\u00e9neros urbanos latinoamericanos como protagonistas del consumo contempor\u00e1neo. (<a title=\"7 de cada 10 canciones de \u00e9xito en nuestro pa\u00eds se cantan en espa\u00f1ol: De Shakira y Alejandro Sanz a Rosal\u00eda y Quevedo\" href=\"https:\/\/www.cadenadial.com\/2025\/7-de-cada-10-canciones-de-exito-en-nuestro-pais-se-cantan-en-espanol-de-shakira-y-alejandro-sanz-a-rosalia-y-quevedo-433429.html?utm_source=chatgpt.com\">Cadena Dial<\/a>)<\/p>\n<h2><strong>Del auge del pop espa\u00f1ol a la hegemon\u00eda urbana latina<\/strong><\/h2>\n<h3><strong>Un pasado exportador<\/strong><\/h3>\n<p>En las d\u00e9cadas de 1980 y 1990, la industria discogr\u00e1fica en Espa\u00f1a vivi\u00f3 una consolidaci\u00f3n acelerada. Varias multinacionales concentraron gran parte del mercado, apoyadas por medios tradicionales y formatos f\u00edsicos como el CD, facilitando que artistas espa\u00f1oles se establecieran internacionalmente. Este momento hist\u00f3rico coincidi\u00f3 con una escena pop y rock espa\u00f1ol vigorosa que hall\u00f3 audiencias en Am\u00e9rica Latina, Europa y, en menor medida, en Estados Unidos. (<a title=\"Espa\u00f1a ya no exporta artistas musicales en espa\u00f1ol, los ...\" href=\"https:\/\/es-us.noticias.yahoo.com\/espa%C3%B1a-exporta-artistas-musicales-espa%C3%B1ol-221113477.html?utm_source=chatgpt.com\">Yahoo Noticias<\/a>)<\/p>\n<p>Artistas como Mecano, H\u00e9roes del Silencio, Alejandro Sanz o Enrique Iglesias se convirtieron en nombres populares m\u00e1s all\u00e1 de Espa\u00f1a, construyendo un relato exportador que muchos analistas consideraban una \u201cmarca Espa\u00f1a\u201d musical en espa\u00f1ol.<\/p>\n<h3><strong>El punto de inflexi\u00f3n: digitalizaci\u00f3n y globalizaci\u00f3n<\/strong><\/h3>\n<p>A comienzos de los 2000, la crisis del mercado f\u00edsico sumada al auge de la pirater\u00eda digital reconfigur\u00f3 las reglas del juego. La transici\u00f3n hacia lo digital debilit\u00f3 el modelo tradicional de sellos discogr\u00e1ficos y abri\u00f3 el mercado a nuevas formas de consumo donde las fronteras geogr\u00e1ficas comenzaron a diluirse. Fue en ese momento cuando la m\u00fasica en espa\u00f1ol dej\u00f3 de depender de la \u201cindustrializaci\u00f3n cultural\u201d tradicional para triunfar globalmente. (<a title=\"Espa\u00f1a ya no exporta artistas musicales en espa\u00f1ol, los ...\" href=\"https:\/\/es-us.noticias.yahoo.com\/espa%C3%B1a-exporta-artistas-musicales-espa%C3%B1ol-221113477.html?utm_source=chatgpt.com\">Yahoo Noticias<\/a>)<\/p>\n<p>Pero el cambio m\u00e1s profundo no fue solo tecnol\u00f3gico: fue sociocultural y ling\u00fc\u00edstico. La colaboraci\u00f3n entre la colombiana Shakira y el espa\u00f1ol Alejandro Sanz con \u201cLa Tortura\u201d en 2005 anticip\u00f3 un nuevo paradigma: el idioma espa\u00f1ol se convert\u00eda en vector principal de conexi\u00f3n global, m\u00e1s all\u00e1 del origen nacional de quien lo interpretaba. A partir de ese hito, los ritmos, formas y narrativas urbanas latinoamericanas comenzar\u00edan a ganar terreno de manera sostenida. (<a title=\"Espa\u00f1a ya no exporta artistas musicales en espa\u00f1ol, los ...\" href=\"https:\/\/es-us.noticias.yahoo.com\/espa%C3%B1a-exporta-artistas-musicales-espa%C3%B1ol-221113477.html?utm_source=chatgpt.com\">Yahoo Noticias<\/a>)<\/p>\n<h2><strong>El consumo musical en Espa\u00f1a: dominan las voces del otro lado del Atl\u00e1ntico<\/strong><\/h2>\n<p>Una de las evidencias m\u00e1s claras de este cambio se observa en los patrones de consumo musical dentro de Espa\u00f1a. Seg\u00fan estudios recientes, <strong>7 de cada 10 canciones exitosas en el pa\u00eds se cantan en espa\u00f1ol<\/strong>, lo que indica una fuerte preferencia del p\u00fablico por letras en su idioma. Pero ese dato, por s\u00ed solo, puede ser enga\u00f1oso: la mayor\u00eda de esas canciones exitosas son de artistas latinoamericanos, no espa\u00f1oles. (<a title=\"7 de cada 10 canciones de \u00e9xito en nuestro pa\u00eds se cantan en espa\u00f1ol: De Shakira y Alejandro Sanz a Rosal\u00eda y Quevedo\" href=\"https:\/\/www.cadenadial.com\/2025\/7-de-cada-10-canciones-de-exito-en-nuestro-pais-se-cantan-en-espanol-de-shakira-y-alejandro-sanz-a-rosalia-y-quevedo-433429.html?utm_source=chatgpt.com\">Cadena Dial<\/a>)<\/p>\n<p>En plataformas digitales, las cifras son a\u00fan m\u00e1s elocuentes. En YouTube, el 94 % de las canciones visualizadas en Espa\u00f1a est\u00e1n en espa\u00f1ol, y en Spotify el porcentaje de consumo de m\u00fasica en espa\u00f1ol tambi\u00e9n es mayoritario. Sin embargo, solo aproximadamente una cuarta parte de esas canciones provienen de int\u00e9rpretes originarios de Espa\u00f1a. Esto significa que <strong>la m\u00fasica que domina el mercado hispanohablante en Espa\u00f1a no es necesariamente m\u00fasica espa\u00f1ola, sino m\u00fasica en espa\u00f1ol con acentos y ra\u00edces diversas<\/strong>. (<a title=\"7 de cada 10 canciones de \u00e9xito en nuestro pa\u00eds se cantan en espa\u00f1ol: De Shakira y Alejandro Sanz a Rosal\u00eda y Quevedo\" href=\"https:\/\/www.cadenadial.com\/2025\/7-de-cada-10-canciones-de-exito-en-nuestro-pais-se-cantan-en-espanol-de-shakira-y-alejandro-sanz-a-rosalia-y-quevedo-433429.html?utm_source=chatgpt.com\">Cadena Dial<\/a>)<\/p>\n<p>Este fen\u00f3meno se ve reforzado por la proliferaci\u00f3n de g\u00e9neros urbanos como el reguet\u00f3n y el trap latino, que han desplazado en gran medida al pop espa\u00f1ol tradicional en las listas de \u00e9xitos y en el consumo digital global. Artistas como Bad Bunny, Karol G, Feid, Myke Towers o Peso Pluma encabezan listas en Espa\u00f1a y en otros pa\u00edses de habla hispana, mientras que la m\u00fasica espa\u00f1ola, en su acepci\u00f3n nacional, ha tenido que redefinir su posici\u00f3n dentro de este ecosistema h\u00edbrido. (<a title=\"Espa\u00f1a ya no exporta artistas musicales en espa\u00f1ol, los ...\" href=\"https:\/\/es-us.noticias.yahoo.com\/espa%C3%B1a-exporta-artistas-musicales-espa%C3%B1ol-221113477.html?utm_source=chatgpt.com\">Yahoo Noticias<\/a>)<\/p>\n<h2><strong>Redefiniendo identidad musical: h\u00edbrido, global y transnacional<\/strong><\/h2>\n<h3><strong>Una nueva narrativa del \u201cSpanish sound\u201d<\/strong><\/h3>\n<p>La noci\u00f3n tradicional de una \u201cmarca Espa\u00f1a\u201d musical est\u00e1 siendo reevaluada. Hoy, m\u00e1s que una est\u00e9tica puramente nacional, se impone una identidad <strong>h\u00edbrida y relacional<\/strong>, donde lo local convive con lo global y donde los sonidos latinoamericanos influyen decisivamente en la m\u00fasica producida y consumida en Espa\u00f1a. La m\u00fasica en espa\u00f1ol en Espa\u00f1a ya no es \u00fanicamente un producto nacional: es un nodo dentro de una red transnacional de producci\u00f3n, consumo y colaboraci\u00f3n art\u00edstica. (<a title=\"7 de cada 10 canciones de \u00e9xito en nuestro pa\u00eds se cantan en espa\u00f1ol: De Shakira y Alejandro Sanz a Rosal\u00eda y Quevedo\" href=\"https:\/\/www.cadenadial.com\/2025\/7-de-cada-10-canciones-de-exito-en-nuestro-pais-se-cantan-en-espanol-de-shakira-y-alejandro-sanz-a-rosalia-y-quevedo-433429.html?utm_source=chatgpt.com\">Cadena Dial<\/a>)<\/p>\n<p>Esta redefinici\u00f3n ha sido acompa\u00f1ada por colaboraciones crecientes entre artistas espa\u00f1oles y latinoamericanos. Las alianzas entre Rosal\u00eda y artistas latinos, entre Aitana y productores internacionales, o entre Quevedo y referentes del trap global muestran un terreno musical compartido donde las identidades se cruzan y se potencian mutuamente, m\u00e1s que compiten. (<a title=\"7 de cada 10 canciones de \u00e9xito en nuestro pa\u00eds se cantan en espa\u00f1ol: De Shakira y Alejandro Sanz a Rosal\u00eda y Quevedo\" href=\"https:\/\/www.cadenadial.com\/2025\/7-de-cada-10-canciones-de-exito-en-nuestro-pais-se-cantan-en-espanol-de-shakira-y-alejandro-sanz-a-rosalia-y-quevedo-433429.html?utm_source=chatgpt.com\">Cadena Dial<\/a>)<\/p>\n<h3><strong>El papel del streaming y las redes sociales<\/strong><\/h3>\n<p>El auge de plataformas como Spotify y YouTube ha sido crucial en esta transformaci\u00f3n. Su algoritmo, orientado al consumo masivo y a la viralidad, favorece g\u00e9neros con fuertes bases de fans y ritmos que trascienden fronteras. Esto ha hecho que m\u00fasica urbana, muchas veces originaria de Am\u00e9rica Latina, domine las conexiones musicales y las listas de \u00e9xitos en Espa\u00f1a, desplazando en parte al pop espa\u00f1ol tradicional. (<a title=\"7 de cada 10 canciones de \u00e9xito en nuestro pa\u00eds se cantan en espa\u00f1ol: De Shakira y Alejandro Sanz a Rosal\u00eda y Quevedo\" href=\"https:\/\/www.cadenadial.com\/2025\/7-de-cada-10-canciones-de-exito-en-nuestro-pais-se-cantan-en-espanol-de-shakira-y-alejandro-sanz-a-rosalia-y-quevedo-433429.html?utm_source=chatgpt.com\">Cadena Dial<\/a>)<\/p>\n<p>Adem\u00e1s, el papel de las redes sociales y plataformas de video ha permitido que artistas emergentes de diferentes regiones compartan escenario con figuras establecidas, acelerando la internacionalizaci\u00f3n de sus carreras sin necesidad de pasar por los canales tradicionales de la industria discogr\u00e1fica. Este ecosistema ha democratizado el acceso, pero tambi\u00e9n ha generado un contexto altamente competitivo y fragmentado, en el que la sostenibilidad de los \u00e9xitos a largo plazo puede ser desafiante.<\/p>\n<h2><strong>Mujeres y diversidad sonora: nuevos protagonistas<\/strong><\/h2>\n<p>Un aspecto relevante de esta transformaci\u00f3n es el papel creciente de las artistas femeninas dentro del panorama global de la m\u00fasica en espa\u00f1ol. Figuras como Karol G, Rosal\u00eda, Shakira, Aitana, Ana Mena o Lola \u00cdndigo representan no solo diversidad estil\u00edstica sino tambi\u00e9n un cambio en las estructuras de visibilidad y \u00e9xito. Muchas de estas artistas han logrado consolidar una presencia internacional significativa, algo que hist\u00f3ricamente hab\u00eda sido dominado por figuras masculinas. (<a title=\"Espa\u00f1a ya no exporta artistas musicales en espa\u00f1ol, los ...\" href=\"https:\/\/es-us.noticias.yahoo.com\/espa%C3%B1a-exporta-artistas-musicales-espa%C3%B1ol-221113477.html?utm_source=chatgpt.com\">Yahoo Noticias<\/a>)<\/p>\n<p>M\u00e1s all\u00e1 de su \u00e9xito individual, su protagonismo es indicativo de una m\u00fasica en espa\u00f1ol que se abre a narrativas m\u00e1s amplias, donde la identidad no es una barrera sino un punto de partida para conectar con audiencias diversas.<\/p>\n<h2><strong>M\u00e1s all\u00e1 de la m\u00fasica: implicaciones culturales y sociales<\/strong><\/h2>\n<p>La transformaci\u00f3n de la industria musical en Espa\u00f1a tiene implicaciones que van m\u00e1s all\u00e1 del mero entretenimiento. Refleja cambios profundos en la identidad cultural y en la manera en que las sociedades construyen sentido colectivo a trav\u00e9s de la m\u00fasica. El hecho de que Espa\u00f1a \u201cimporte\u201d artistas musicales en espa\u00f1ol \u2014en lugar de \u201cexportarlos\u201d\u2014 no es una se\u00f1al de estancamiento cultural, sino de integraci\u00f3n en un espacio hispanohablante global donde las fronteras tradicionales han dejado de ser relevantes. (<a title=\"7 de cada 10 canciones de \u00e9xito en nuestro pa\u00eds se cantan en espa\u00f1ol: De Shakira y Alejandro Sanz a Rosal\u00eda y Quevedo\" href=\"https:\/\/www.cadenadial.com\/2025\/7-de-cada-10-canciones-de-exito-en-nuestro-pais-se-cantan-en-espanol-de-shakira-y-alejandro-sanz-a-rosalia-y-quevedo-433429.html?utm_source=chatgpt.com\">Cadena Dial<\/a>)<\/p>\n<p>Este fen\u00f3meno tambi\u00e9n plantea preguntas sobre pol\u00edticas culturales, educaci\u00f3n musical y estrategias de promoci\u00f3n internacional. \u00bfQu\u00e9 significa para Espa\u00f1a mantener una industria musical competitiva en un mundo globalizado? \u00bfC\u00f3mo pueden las estructuras tradicionales de apoyo a las artes adaptarse a una realidad donde las audiencias y los mercados est\u00e1n fragmentados digitalmente?<\/p>\n<h2><strong>Conclusi\u00f3n: un nuevo mapa sonoro<\/strong><\/h2>\n<p>La m\u00fasica en espa\u00f1ol, y la industria musical en Espa\u00f1a, han entrado en una fase de <strong>reconfiguraci\u00f3n hist\u00f3rica<\/strong>. Espa\u00f1a ya no ejerce la hegemon\u00eda exportadora que tuvo en d\u00e9cadas pasadas; en cambio, se ha integrado en un ecosistema transnacional dominado por ritmos urbanos, plataformas digitales y un p\u00fablico global interconectado. (<a title=\"Espa\u00f1a ya no exporta artistas musicales en espa\u00f1ol, los ...\" href=\"https:\/\/es-us.noticias.yahoo.com\/espa%C3%B1a-exporta-artistas-musicales-espa%C3%B1ol-221113477.html?utm_source=chatgpt.com\">Yahoo Noticias<\/a>)<\/p>\n<p>Lejos de ser una p\u00e9rdida de identidad, este tr\u00e1nsito representa un <strong>enriquecimiento del panorama musical<\/strong>: una m\u00fasica en espa\u00f1ol que dialoga con m\u00faltiples acentos, influencias y experiencias culturales. En este contexto, Espa\u00f1a se posiciona como puente, laboratorio creativo y receptor activo de tendencias globales, m\u00e1s que como centro \u00fanico de exportaci\u00f3n art\u00edstica.<\/p>","protected":false},"excerpt":{"rendered":"<p>Durante buena parte del siglo XX, Espa\u00f1a fue una de las pocas naciones europeas con una industria musical en espa\u00f1ol capaz de proyectar sus voces m\u00e1s all\u00e1 de sus fronteras. A trav\u00e9s de sellos discogr\u00e1ficos globales, programas de radio y una potente infraestructura medi\u00e1tica, artistas espa\u00f1oles alcanzaron notoriedad internacional, especialmente [&hellip;]<\/p>\n","protected":false},"author":3,"featured_media":67643,"comment_status":"closed","ping_status":"closed","sticky":false,"template":"","format":"standard","meta":{"footnotes":""},"categories":[65],"tags":[],"class_list":["post-67642","post","type-post","status-publish","format-standard","has-post-thumbnail","hentry","category-musica"],"yoast_head":"<!-- This site is optimized with the Yoast SEO plugin v27.5 - https:\/\/yoast.com\/product\/yoast-seo-wordpress\/ -->\n<title>Espa\u00f1a y la m\u00fasica en espa\u00f1ol: de exportadora a importadora de artistas - Revista Rambla<\/title>\n<meta name=\"robots\" content=\"index, follow, max-snippet:-1, max-image-preview:large, max-video-preview:-1\" \/>\n<link rel=\"canonical\" href=\"https:\/\/www.revistarambla.com\/en\/espana-y-la-musica-en-espanol-de-exportadora-a-importadora-de-artistas\/\" \/>\n<meta property=\"og:locale\" content=\"en_GB\" \/>\n<meta property=\"og:type\" content=\"article\" \/>\n<meta property=\"og:title\" content=\"Espa\u00f1a y la m\u00fasica en espa\u00f1ol: de exportadora a importadora de artistas - Revista Rambla\" \/>\n<meta property=\"og:description\" content=\"Durante buena parte del siglo XX, Espa\u00f1a fue una de las pocas naciones europeas con una industria musical en espa\u00f1ol capaz de proyectar sus voces m\u00e1s all\u00e1 de sus fronteras. A trav\u00e9s de sellos discogr\u00e1ficos globales, programas de radio y una potente infraestructura medi\u00e1tica, artistas espa\u00f1oles alcanzaron notoriedad internacional, especialmente [&hellip;]\" \/>\n<meta property=\"og:url\" content=\"https:\/\/www.revistarambla.com\/en\/espana-y-la-musica-en-espanol-de-exportadora-a-importadora-de-artistas\/\" \/>\n<meta property=\"og:site_name\" content=\"Revista Rambla\" \/>\n<meta property=\"article:publisher\" content=\"https:\/\/www.facebook.com\/revistarambla\/\" \/>\n<meta property=\"article:author\" content=\"https:\/\/www.facebook.com\/revistarambla\" \/>\n<meta property=\"article:published_time\" content=\"2026-01-20T17:56:54+00:00\" \/>\n<meta property=\"og:image\" content=\"https:\/\/www.revistarambla.com\/wp-content\/uploads\/2026\/01\/Screenshot-2026-01-20-at-18-55-11-file-20251217-56-nwuyn2.jpg-Imagen-JPEG-1920-\u00d7-640-pixeles-Escalado-80-.jpg\" \/>\n\t<meta property=\"og:image:width\" content=\"930\" \/>\n\t<meta property=\"og:image:height\" content=\"640\" \/>\n\t<meta property=\"og:image:type\" content=\"image\/jpeg\" \/>\n<meta name=\"author\" content=\"R@mbla\" \/>\n<meta name=\"twitter:card\" content=\"summary_large_image\" \/>\n<meta name=\"twitter:creator\" content=\"@revistarambla\" \/>\n<meta name=\"twitter:site\" content=\"@revistarambla\" \/>\n<meta name=\"twitter:label1\" content=\"Written by\" \/>\n\t<meta name=\"twitter:data1\" content=\"R@mbla\" \/>\n\t<meta name=\"twitter:label2\" content=\"Estimated reading time\" \/>\n\t<meta name=\"twitter:data2\" content=\"7 minutes\" \/>\n<script type=\"application\/ld+json\" class=\"yoast-schema-graph\">{\"@context\":\"https:\\\/\\\/schema.org\",\"@graph\":[{\"@type\":\"Article\",\"@id\":\"https:\\\/\\\/www.revistarambla.com\\\/espana-y-la-musica-en-espanol-de-exportadora-a-importadora-de-artistas\\\/#article\",\"isPartOf\":{\"@id\":\"https:\\\/\\\/www.revistarambla.com\\\/espana-y-la-musica-en-espanol-de-exportadora-a-importadora-de-artistas\\\/\"},\"author\":{\"name\":\"R@mbla\",\"@id\":\"https:\\\/\\\/www.revistarambla.com\\\/#\\\/schema\\\/person\\\/a146a5a2550b94981a75131180e1bd9c\"},\"headline\":\"Espa\u00f1a y la m\u00fasica en espa\u00f1ol: de exportadora a importadora de artistas\",\"datePublished\":\"2026-01-20T17:56:54+00:00\",\"mainEntityOfPage\":{\"@id\":\"https:\\\/\\\/www.revistarambla.com\\\/espana-y-la-musica-en-espanol-de-exportadora-a-importadora-de-artistas\\\/\"},\"wordCount\":1513,\"publisher\":{\"@id\":\"https:\\\/\\\/www.revistarambla.com\\\/#organization\"},\"image\":{\"@id\":\"https:\\\/\\\/www.revistarambla.com\\\/espana-y-la-musica-en-espanol-de-exportadora-a-importadora-de-artistas\\\/#primaryimage\"},\"thumbnailUrl\":\"https:\\\/\\\/www.revistarambla.com\\\/wp-content\\\/uploads\\\/2026\\\/01\\\/Screenshot-2026-01-20-at-18-55-11-file-20251217-56-nwuyn2.jpg-Imagen-JPEG-1920-\u00d7-640-pixeles-Escalado-80-.jpg\",\"articleSection\":[\"M\u00fasica\"],\"inLanguage\":\"en-GB\"},{\"@type\":\"WebPage\",\"@id\":\"https:\\\/\\\/www.revistarambla.com\\\/espana-y-la-musica-en-espanol-de-exportadora-a-importadora-de-artistas\\\/\",\"url\":\"https:\\\/\\\/www.revistarambla.com\\\/espana-y-la-musica-en-espanol-de-exportadora-a-importadora-de-artistas\\\/\",\"name\":\"Espa\u00f1a y la m\u00fasica en espa\u00f1ol: de exportadora a importadora de artistas - Revista Rambla\",\"isPartOf\":{\"@id\":\"https:\\\/\\\/www.revistarambla.com\\\/#website\"},\"primaryImageOfPage\":{\"@id\":\"https:\\\/\\\/www.revistarambla.com\\\/espana-y-la-musica-en-espanol-de-exportadora-a-importadora-de-artistas\\\/#primaryimage\"},\"image\":{\"@id\":\"https:\\\/\\\/www.revistarambla.com\\\/espana-y-la-musica-en-espanol-de-exportadora-a-importadora-de-artistas\\\/#primaryimage\"},\"thumbnailUrl\":\"https:\\\/\\\/www.revistarambla.com\\\/wp-content\\\/uploads\\\/2026\\\/01\\\/Screenshot-2026-01-20-at-18-55-11-file-20251217-56-nwuyn2.jpg-Imagen-JPEG-1920-\u00d7-640-pixeles-Escalado-80-.jpg\",\"datePublished\":\"2026-01-20T17:56:54+00:00\",\"breadcrumb\":{\"@id\":\"https:\\\/\\\/www.revistarambla.com\\\/espana-y-la-musica-en-espanol-de-exportadora-a-importadora-de-artistas\\\/#breadcrumb\"},\"inLanguage\":\"en-GB\",\"potentialAction\":[{\"@type\":\"ReadAction\",\"target\":[\"https:\\\/\\\/www.revistarambla.com\\\/espana-y-la-musica-en-espanol-de-exportadora-a-importadora-de-artistas\\\/\"]}]},{\"@type\":\"ImageObject\",\"inLanguage\":\"en-GB\",\"@id\":\"https:\\\/\\\/www.revistarambla.com\\\/espana-y-la-musica-en-espanol-de-exportadora-a-importadora-de-artistas\\\/#primaryimage\",\"url\":\"https:\\\/\\\/www.revistarambla.com\\\/wp-content\\\/uploads\\\/2026\\\/01\\\/Screenshot-2026-01-20-at-18-55-11-file-20251217-56-nwuyn2.jpg-Imagen-JPEG-1920-\u00d7-640-pixeles-Escalado-80-.jpg\",\"contentUrl\":\"https:\\\/\\\/www.revistarambla.com\\\/wp-content\\\/uploads\\\/2026\\\/01\\\/Screenshot-2026-01-20-at-18-55-11-file-20251217-56-nwuyn2.jpg-Imagen-JPEG-1920-\u00d7-640-pixeles-Escalado-80-.jpg\",\"width\":930,\"height\":640,\"caption\":\"m\u00fasica en espa\u00f1ol\"},{\"@type\":\"BreadcrumbList\",\"@id\":\"https:\\\/\\\/www.revistarambla.com\\\/espana-y-la-musica-en-espanol-de-exportadora-a-importadora-de-artistas\\\/#breadcrumb\",\"itemListElement\":[{\"@type\":\"ListItem\",\"position\":1,\"name\":\"Portada\",\"item\":\"https:\\\/\\\/www.revistarambla.com\\\/\"},{\"@type\":\"ListItem\",\"position\":2,\"name\":\"Espa\u00f1a y la m\u00fasica en espa\u00f1ol: de exportadora a importadora de artistas\"}]},{\"@type\":\"WebSite\",\"@id\":\"https:\\\/\\\/www.revistarambla.com\\\/#website\",\"url\":\"https:\\\/\\\/www.revistarambla.com\\\/\",\"name\":\"Revista Rambla Barcelona\",\"description\":\"Periodismo independiente\",\"publisher\":{\"@id\":\"https:\\\/\\\/www.revistarambla.com\\\/#organization\"},\"potentialAction\":[{\"@type\":\"SearchAction\",\"target\":{\"@type\":\"EntryPoint\",\"urlTemplate\":\"https:\\\/\\\/www.revistarambla.com\\\/?s={search_term_string}\"},\"query-input\":{\"@type\":\"PropertyValueSpecification\",\"valueRequired\":true,\"valueName\":\"search_term_string\"}}],\"inLanguage\":\"en-GB\"},{\"@type\":\"Organization\",\"@id\":\"https:\\\/\\\/www.revistarambla.com\\\/#organization\",\"name\":\"Revista Rambla\",\"url\":\"https:\\\/\\\/www.revistarambla.com\\\/\",\"logo\":{\"@type\":\"ImageObject\",\"inLanguage\":\"en-GB\",\"@id\":\"https:\\\/\\\/www.revistarambla.com\\\/#\\\/schema\\\/logo\\\/image\\\/\",\"url\":\"https:\\\/\\\/www.revistarambla.com\\\/wp-content\\\/uploads\\\/2020\\\/09\\\/banner_rambla_1900x600_BB.png\",\"contentUrl\":\"https:\\\/\\\/www.revistarambla.com\\\/wp-content\\\/uploads\\\/2020\\\/09\\\/banner_rambla_1900x600_BB.png\",\"width\":1900,\"height\":600,\"caption\":\"Revista Rambla\"},\"image\":{\"@id\":\"https:\\\/\\\/www.revistarambla.com\\\/#\\\/schema\\\/logo\\\/image\\\/\"},\"sameAs\":[\"https:\\\/\\\/www.facebook.com\\\/revistarambla\\\/\",\"https:\\\/\\\/x.com\\\/revistarambla\",\"https:\\\/\\\/www.instagram.com\\\/revista_rambla\",\"https:\\\/\\\/es.linkedin.com\\\/company\\\/revista-rambla\"]},{\"@type\":\"Person\",\"@id\":\"https:\\\/\\\/www.revistarambla.com\\\/#\\\/schema\\\/person\\\/a146a5a2550b94981a75131180e1bd9c\",\"name\":\"R@mbla\",\"description\":\"Este art\u00edculo ha sido redactado y\\\/o validado por el equipo de redacci\u00f3n de Revista Rambla.\",\"sameAs\":[\"https:\\\/\\\/www.revistarambla.com\\\/\",\"https:\\\/\\\/www.facebook.com\\\/revistarambla\",\"https:\\\/\\\/x.com\\\/revistarambla\"]}]}<\/script>\n<!-- \/ Yoast SEO plugin. -->","yoast_head_json":{"title":"Espa\u00f1a y la m\u00fasica en espa\u00f1ol: de exportadora a importadora de artistas - Revista Rambla","robots":{"index":"index","follow":"follow","max-snippet":"max-snippet:-1","max-image-preview":"max-image-preview:large","max-video-preview":"max-video-preview:-1"},"canonical":"https:\/\/www.revistarambla.com\/en\/espana-y-la-musica-en-espanol-de-exportadora-a-importadora-de-artistas\/","og_locale":"en_GB","og_type":"article","og_title":"Espa\u00f1a y la m\u00fasica en espa\u00f1ol: de exportadora a importadora de artistas - Revista Rambla","og_description":"Durante buena parte del siglo XX, Espa\u00f1a fue una de las pocas naciones europeas con una industria musical en espa\u00f1ol capaz de proyectar sus voces m\u00e1s all\u00e1 de sus fronteras. A trav\u00e9s de sellos discogr\u00e1ficos globales, programas de radio y una potente infraestructura medi\u00e1tica, artistas espa\u00f1oles alcanzaron notoriedad internacional, especialmente [&hellip;]","og_url":"https:\/\/www.revistarambla.com\/en\/espana-y-la-musica-en-espanol-de-exportadora-a-importadora-de-artistas\/","og_site_name":"Revista Rambla","article_publisher":"https:\/\/www.facebook.com\/revistarambla\/","article_author":"https:\/\/www.facebook.com\/revistarambla","article_published_time":"2026-01-20T17:56:54+00:00","og_image":[{"width":930,"height":640,"url":"https:\/\/www.revistarambla.com\/wp-content\/uploads\/2026\/01\/Screenshot-2026-01-20-at-18-55-11-file-20251217-56-nwuyn2.jpg-Imagen-JPEG-1920-\u00d7-640-pixeles-Escalado-80-.jpg","type":"image\/jpeg"}],"author":"R@mbla","twitter_card":"summary_large_image","twitter_creator":"@revistarambla","twitter_site":"@revistarambla","twitter_misc":{"Written by":"R@mbla","Estimated reading time":"7 minutes"},"schema":{"@context":"https:\/\/schema.org","@graph":[{"@type":"Article","@id":"https:\/\/www.revistarambla.com\/espana-y-la-musica-en-espanol-de-exportadora-a-importadora-de-artistas\/#article","isPartOf":{"@id":"https:\/\/www.revistarambla.com\/espana-y-la-musica-en-espanol-de-exportadora-a-importadora-de-artistas\/"},"author":{"name":"R@mbla","@id":"https:\/\/www.revistarambla.com\/#\/schema\/person\/a146a5a2550b94981a75131180e1bd9c"},"headline":"Espa\u00f1a y la m\u00fasica en espa\u00f1ol: de exportadora a importadora de artistas","datePublished":"2026-01-20T17:56:54+00:00","mainEntityOfPage":{"@id":"https:\/\/www.revistarambla.com\/espana-y-la-musica-en-espanol-de-exportadora-a-importadora-de-artistas\/"},"wordCount":1513,"publisher":{"@id":"https:\/\/www.revistarambla.com\/#organization"},"image":{"@id":"https:\/\/www.revistarambla.com\/espana-y-la-musica-en-espanol-de-exportadora-a-importadora-de-artistas\/#primaryimage"},"thumbnailUrl":"https:\/\/www.revistarambla.com\/wp-content\/uploads\/2026\/01\/Screenshot-2026-01-20-at-18-55-11-file-20251217-56-nwuyn2.jpg-Imagen-JPEG-1920-\u00d7-640-pixeles-Escalado-80-.jpg","articleSection":["M\u00fasica"],"inLanguage":"en-GB"},{"@type":"WebPage","@id":"https:\/\/www.revistarambla.com\/espana-y-la-musica-en-espanol-de-exportadora-a-importadora-de-artistas\/","url":"https:\/\/www.revistarambla.com\/espana-y-la-musica-en-espanol-de-exportadora-a-importadora-de-artistas\/","name":"Espa\u00f1a y la m\u00fasica en espa\u00f1ol: de exportadora a importadora de artistas - Revista Rambla","isPartOf":{"@id":"https:\/\/www.revistarambla.com\/#website"},"primaryImageOfPage":{"@id":"https:\/\/www.revistarambla.com\/espana-y-la-musica-en-espanol-de-exportadora-a-importadora-de-artistas\/#primaryimage"},"image":{"@id":"https:\/\/www.revistarambla.com\/espana-y-la-musica-en-espanol-de-exportadora-a-importadora-de-artistas\/#primaryimage"},"thumbnailUrl":"https:\/\/www.revistarambla.com\/wp-content\/uploads\/2026\/01\/Screenshot-2026-01-20-at-18-55-11-file-20251217-56-nwuyn2.jpg-Imagen-JPEG-1920-\u00d7-640-pixeles-Escalado-80-.jpg","datePublished":"2026-01-20T17:56:54+00:00","breadcrumb":{"@id":"https:\/\/www.revistarambla.com\/espana-y-la-musica-en-espanol-de-exportadora-a-importadora-de-artistas\/#breadcrumb"},"inLanguage":"en-GB","potentialAction":[{"@type":"ReadAction","target":["https:\/\/www.revistarambla.com\/espana-y-la-musica-en-espanol-de-exportadora-a-importadora-de-artistas\/"]}]},{"@type":"ImageObject","inLanguage":"en-GB","@id":"https:\/\/www.revistarambla.com\/espana-y-la-musica-en-espanol-de-exportadora-a-importadora-de-artistas\/#primaryimage","url":"https:\/\/www.revistarambla.com\/wp-content\/uploads\/2026\/01\/Screenshot-2026-01-20-at-18-55-11-file-20251217-56-nwuyn2.jpg-Imagen-JPEG-1920-\u00d7-640-pixeles-Escalado-80-.jpg","contentUrl":"https:\/\/www.revistarambla.com\/wp-content\/uploads\/2026\/01\/Screenshot-2026-01-20-at-18-55-11-file-20251217-56-nwuyn2.jpg-Imagen-JPEG-1920-\u00d7-640-pixeles-Escalado-80-.jpg","width":930,"height":640,"caption":"m\u00fasica en espa\u00f1ol"},{"@type":"BreadcrumbList","@id":"https:\/\/www.revistarambla.com\/espana-y-la-musica-en-espanol-de-exportadora-a-importadora-de-artistas\/#breadcrumb","itemListElement":[{"@type":"ListItem","position":1,"name":"Portada","item":"https:\/\/www.revistarambla.com\/"},{"@type":"ListItem","position":2,"name":"Espa\u00f1a y la m\u00fasica en espa\u00f1ol: de exportadora a importadora de artistas"}]},{"@type":"WebSite","@id":"https:\/\/www.revistarambla.com\/#website","url":"https:\/\/www.revistarambla.com\/","name":"Revista Rambla Barcelona","description":"Periodismo independiente","publisher":{"@id":"https:\/\/www.revistarambla.com\/#organization"},"potentialAction":[{"@type":"SearchAction","target":{"@type":"EntryPoint","urlTemplate":"https:\/\/www.revistarambla.com\/?s={search_term_string}"},"query-input":{"@type":"PropertyValueSpecification","valueRequired":true,"valueName":"search_term_string"}}],"inLanguage":"en-GB"},{"@type":"Organization","@id":"https:\/\/www.revistarambla.com\/#organization","name":"Revista Rambla","url":"https:\/\/www.revistarambla.com\/","logo":{"@type":"ImageObject","inLanguage":"en-GB","@id":"https:\/\/www.revistarambla.com\/#\/schema\/logo\/image\/","url":"https:\/\/www.revistarambla.com\/wp-content\/uploads\/2020\/09\/banner_rambla_1900x600_BB.png","contentUrl":"https:\/\/www.revistarambla.com\/wp-content\/uploads\/2020\/09\/banner_rambla_1900x600_BB.png","width":1900,"height":600,"caption":"Revista Rambla"},"image":{"@id":"https:\/\/www.revistarambla.com\/#\/schema\/logo\/image\/"},"sameAs":["https:\/\/www.facebook.com\/revistarambla\/","https:\/\/x.com\/revistarambla","https:\/\/www.instagram.com\/revista_rambla","https:\/\/es.linkedin.com\/company\/revista-rambla"]},{"@type":"Person","@id":"https:\/\/www.revistarambla.com\/#\/schema\/person\/a146a5a2550b94981a75131180e1bd9c","name":"R@mbla","description":"Este art\u00edculo ha sido redactado y\/o validado por el equipo de redacci\u00f3n de Revista Rambla.","sameAs":["https:\/\/www.revistarambla.com\/","https:\/\/www.facebook.com\/revistarambla","https:\/\/x.com\/revistarambla"]}]}},"_links":{"self":[{"href":"https:\/\/www.revistarambla.com\/en\/wp-json\/wp\/v2\/posts\/67642","targetHints":{"allow":["GET"]}}],"collection":[{"href":"https:\/\/www.revistarambla.com\/en\/wp-json\/wp\/v2\/posts"}],"about":[{"href":"https:\/\/www.revistarambla.com\/en\/wp-json\/wp\/v2\/types\/post"}],"author":[{"embeddable":true,"href":"https:\/\/www.revistarambla.com\/en\/wp-json\/wp\/v2\/users\/3"}],"replies":[{"embeddable":true,"href":"https:\/\/www.revistarambla.com\/en\/wp-json\/wp\/v2\/comments?post=67642"}],"version-history":[{"count":1,"href":"https:\/\/www.revistarambla.com\/en\/wp-json\/wp\/v2\/posts\/67642\/revisions"}],"predecessor-version":[{"id":67644,"href":"https:\/\/www.revistarambla.com\/en\/wp-json\/wp\/v2\/posts\/67642\/revisions\/67644"}],"wp:featuredmedia":[{"embeddable":true,"href":"https:\/\/www.revistarambla.com\/en\/wp-json\/wp\/v2\/media\/67643"}],"wp:attachment":[{"href":"https:\/\/www.revistarambla.com\/en\/wp-json\/wp\/v2\/media?parent=67642"}],"wp:term":[{"taxonomy":"category","embeddable":true,"href":"https:\/\/www.revistarambla.com\/en\/wp-json\/wp\/v2\/categories?post=67642"},{"taxonomy":"post_tag","embeddable":true,"href":"https:\/\/www.revistarambla.com\/en\/wp-json\/wp\/v2\/tags?post=67642"}],"curies":[{"name":"wp","href":"https:\/\/api.w.org\/{rel}","templated":true}]}}