{"id":6764,"date":"2015-01-27T05:43:03","date_gmt":"2015-01-27T05:43:03","guid":{"rendered":"https:\/\/www.revistarambla.com\/bcnegra-2015-los-crimenes-de-papel-llenaran-barcelona\/"},"modified":"2024-08-23T14:34:22","modified_gmt":"2024-08-23T12:34:22","slug":"bcnegra-2015-los-crimenes-de-papel-llenaran-barcelona","status":"publish","type":"post","link":"https:\/\/www.revistarambla.com\/en\/bcnegra-2015-los-crimenes-de-papel-llenaran-barcelona\/","title":{"rendered":"BCNegra 2015: los cr\u00edmenes de papel llenaran Barcelona"},"content":{"rendered":"<p>M\u00e1s de cincuenta actividades gratuitas se desarrollar\u00e1n en la d\u00e9cima edici\u00f3n del <a href=\"https:\/\/www.revistarambla.com\/en\/crimenes-de-papel-bcnegra-2017\/\">festival de novela policial<\/a> de BCNegra 2015 que, del 29 de enero al 7 de febrero, llenar\u00e1 la ciudad de Barcelona de cr\u00edmenes de papel. El que ya es considerado el m\u00e1s importante certamen de novela negra europeo, conceder\u00e1 en esta edici\u00f3n el X Premio Pepe Carvalho a la escritora Alicia Gim\u00e9nez Bartlett, creadora de la inspectora Petra Delicado y de su compa\u00f1ero Ferm\u00edn Garz\u00f3n.<\/p>\n<p>Conversando durante la BCNegra 2014 con el Comisario del certamen, el librero de \u201cNegra y Criminal\u201d Paco Camarasa, me hablaba de las dificultades que en estos tiempos de crisis (estafa econ\u00f3mica) pasaban las peque\u00f1as librer\u00edas especializadas como la suya, e incluso, me confesaba que el festival de invierno de g\u00e9nero negro, BCNegra, tambi\u00e9n hab\u00eda pasado por la incertidumbre de perder los apoyos, p\u00fablicos y privados, que imposibilitar\u00edan su celebraci\u00f3n. Lejos de ello, el festival barcelon\u00e9s sigue ganando el apoyo de los lectores y aficionados al g\u00e9nero, y su repercusi\u00f3n internacional crece siendo una cita obligada para muchos autores y editoriales. El presupuesto est\u00e1 en 140.000 euros (40.000 \u20ac m\u00e1s que el a\u00f1o pasado), y los organizadores esperan superar los 10.000 visitantes del a\u00f1o pasado. Los participantes extranjeros, entro otros, ser\u00e1n Philip Kerr, Donato Carissi, Tatiana Goransky, Ann Perry, Sue Grafton y Christopher Carlsson. M\u00e1s de cien participantes, entre escritores, editores, periodistas, psic\u00f3logos, crimin\u00f3logos, m\u00e9dicos forenses, etc., participar\u00e1n en mesas redondas, exposiciones, cambio de libros, grupos de lectura y firmas de los autores.<\/p>\n<p>La ciudad invitada de este a\u00f1o es la ciudad de Buenos Aires donde,\u00a0 en 1877, se public\u00f3 La huella del crimen, considerada la primera novela policial del subcontinente. Firmada por Ra\u00fal Waleis, en realidad el nombre es el anagrama de su verdadero autor, Luis Vicente Varela (1845-1911), un poeta, jurista y dramaturgo, cuya obra ha permanecido oculta durante muchos a\u00f1os. La huella del crimen es un follet\u00edn, publicado por entregas en La Tribuna, muy moderno para su \u00e9poca y que transcurre en Lyon, Marsella y Avi\u00f1\u00f3n, sin perder su aire argentino. El personaje colaborador de la polic\u00eda francesa, Andr\u00e9s l\u2019Archiduc, es el descendiente de Lecoq, de Gaboriau;\u00a0 Dupin, de Poe, y antecesor de <a href=\"https:\/\/www.revistarambla.com\/en\/holmes-en-bolsillo\/\">Sherlock Holmes<\/a>, de Doyle<\/p>\n<h2>Nueva sede y X Premio Pepe Carvalho<\/h2>\n<p>Este a\u00f1o BCNegra cambia de sede, y la mayor\u00eda de mesas redondas y debates se celebrar\u00e1n en el Conservatorio del Liceu (c\/. Nou de la Rambla, 88). Por acuerdo con las editoriales, en esta edici\u00f3n no habr\u00e1 paradas para vender libros, aunque s\u00ed intercambio (m\u00e1ximo tres libros por d\u00eda), y cuyo punto de intercambio estar\u00e1 en el citado Conservatorio del Liceu, del lunes 2, al jueves 5 de febrero, de 16:00 a 21.00 horas. Por la experiencia del a\u00f1o pasado, Paco Camarasa nos dice que no se aceptar\u00e1n t\u00edtulos de Agatha Christie, ya que los t\u00edtulos de la autora supusieron el 88 por ciento de los libros cambiados el a\u00f1o pasado, y para este pide una mayor diversidad. Como en las anteriores \u00a0ediciones, las bibliotecas p\u00fablicas de la ciudad se llenaran de clubes de lectura y conferencias sobre el g\u00e9nero, pero tambi\u00e9n habr\u00e1 actos en centros c\u00edvicos, en el Ateneo Barcelon\u00e9s, etc. Como no pod\u00eda ser de otra forma, podemos decir que BCNegra tiene una subsede permanente fuera de la ciudad de Barcelona, se trata de la Biblioteca La B\u00f2bila, de L\u2019Hospitalet de Llobregat, cuyo fondo de novela y cine negro es el m\u00e1s importante de Europa.<\/p>\n<p>El X Premio Pepe Carvalho, que lleva el nombre del personaje creado por Manuel V\u00e1zquez Montalb\u00e1n, este a\u00f1o ha reca\u00eddo en la reconocida escritora Alicia Gim\u00e9nez Barlett. La autora participar\u00e1 en una mesa redonda donde se debatir\u00e1 el porqu\u00e9 las aventuras de su polic\u00eda Petra Delicado tiene m\u00e1s seguidores en Alemania o Francia. Pero es en Italia donde los fans de Petra Delicado se cuentan por millares. La propia autora, por ejemplo, brome\u00f3 en una entrevista en RAC 1 diciendo que: \u201cEn Italia est\u00e1 el Papa Francisco y yo\u201d. Espa\u00f1a. El acto de entrega del premio ser\u00e1 el jueves d\u00eda 5 de febrero, a las 19:00 horas. El lugar el Sal\u00f3 de Cent, del Ayuntamiento de Barcelona, el mismo lugar donde recibieron el mismo premio Francisco Gonz\u00e1lez Ledesma, Henning Mankell, P. D. James, Michael Connelly, Ian Rankin, Andreu Mart\u00edn, Petros M\u00e1rkaris, Maj Sj\u00f6wall y Andrea Camilleri.<\/p>\n<p>El VI Premi Crims de Tinta (Cr\u00edmenes de Tinta) se recupera para esta edici\u00f3n. Despu\u00e9s de cinco ediciones, el prestigioso premio de novela negra escrita en catal\u00e1n estuvo dos a\u00f1os sin convocarse por falta de presupuesto. Ahora, la colaboraci\u00f3n de BCNegra y la editorial La Magrana (RBA) lo ha recuperado. El veredicto del jurado y la entrega del premio se realizar\u00e1n el jueves, 29 de enero, a las 20:00 horas, en la sede de RBA (Av. Diagonal, 189). En ediciones anteriores fueron premiados Marc Pastor, Carles Qu\u00edlez, Teresa Solano, Andreu Mart\u00edn o el recientemente fallecido Agust\u00ed Veh\u00ed.<\/p>\n<h2>Dashiell Hammett: el origen de la novela negra<\/h2>\n<p>En la citada Biblioteca La B\u00f2bila (plaza de la B\u00f2bila, 1. Hospitalet de Llobregat), que dirige Jordi Canals, y del 3 al 27 de febrero, tendremos una exposici\u00f3n dedicada a uno de los fundadores de la novela negra norteamericana, <a href=\"https:\/\/www.revistarambla.com\/en\/cuando-la-novela-grafica-es-arte-matamoscas-dashiell\/\">Dashiell Hammett<\/a> (1894-1961). Volviendo a Barcelona capital, y en el centro c\u00edvico de la Casa Golferichs (Gran v\u00eda, 491) se har\u00e1 una mesa redonda con el t\u00edtulo \u201cLa novela negra americana, de los or\u00edgenes a nuestros d\u00edas\u201d, eso ser\u00e1 el mi\u00e9rcoles 3 de febrero de 19:30 a 21:00 horas. Claro que si quiere profundizar en el estudio, en el mismo lugar, el escritor y cr\u00edtico Sabasti\u00e0 Bennasar dar\u00e1 unas clases, en seis sesiones, sobre la obra de los mitos como el citado Hammett, Raymond Chandler, Patricia Highsmith o el actual Don Winslow. Este curso tiene un costo, y para d\u00edas y horarios deben dirigirse al centro c\u00edvico Golferichs.<\/p>\n<h2>BCNegra 2015: De Carlos P\u00e9rez Merinero a Fu-Manch\u00fa<\/h2>\n<p>El cine negro estar\u00e1 presente como viene siendo habitual en este certamen. La Filmoteca de <a href=\"https:\/\/www.revistarambla.com\/en\/actualidad\/catalunya\/\">Catalunya<\/a> (plaza de Salvador Segu\u00ed, 1-9) dedicar\u00e1 una sesi\u00f3n a uno de los m\u00e1s interesantes y descarnados autores de novela negra en castellano, Carlos P\u00e9rez Merinero, amigo que nos dej\u00f3 el 2012 y cuya \u00faltima novela fue La ni\u00f1a que hac\u00eda llorar a la gente, y que recientemente se ha reeditado D\u00edas de guardar. Junto a Rafael Azcona, P\u00e9rez Merinero fue uno de los mejores guionistas cinematogr\u00e1ficos de este pa\u00eds, con cintas como Amantes dirigida por Vicente Aranda, o La buena estrella, con direcci\u00f3n de Ricardo Franco, por no hablar de su guion para la m\u00edtica serie de TVE, La huella del crimen y que nos relataba el crimen de la calle Fuencarral de Madrid. Pero tambi\u00e9n dirigi\u00f3 alguna que otra cinta. La sesi\u00f3n ser\u00e1 el viernes 30 de enero, a las 19:00 h, y se proyectar\u00e1 Otro cuento de Navidad, que dirigi\u00f3 P\u00e9rez Merinero, cinta que dej\u00f3 inacabada y, con las indicaciones escritas que dejo, la termin\u00f3 Mario Zorrilla; y Estaci\u00f3n de Chamart\u00edn, de 1981. Claro que el ciclo sigue con cl\u00e1sicos del cine negro como Chinatown, y con otras pel\u00edculas dif\u00edcilmente adscritas al g\u00e9nero como La sobra del vampiro o las dedicadas al misterioso personaje de Sax Rohmer, Fu Manch\u00fa.<\/p>\n<p>Para los cin\u00e9filos habr\u00e1 m\u00e1s sorpresas, como por ejemplo la proyecci\u00f3n de Apartado de correos 1001(1950), de Julio Salvador. Pel\u00edcula neorrealista que est\u00e1 rodada en las calles de Barcelona y donde seguimos la investigaci\u00f3n de dos agentes de la Prefectura de polic\u00eda. Con Brigada central, esta pel\u00edcula est\u00e1 considerada por la cr\u00edtica como lo mejor del cine policiaco espa\u00f1ol. Se proyectar\u00e1 el 7 de febrero, a las 19:00 h, en el Museo Nacional de Arte de Catalunya (Montjuic).<\/p>\n<p>Pasada la BCNegra 2015, el incansable Jordi Canals, de la biblioteca La B\u00f2bila de Hospitalet, seguir\u00e1 con un interesante ciclo, del 13 al 27 de febrero, dedicado a las tres versiones cinematogr\u00e1ficas del Halc\u00f3n malt\u00e9s, de Dashiell Hammett. El halc\u00f3n malt\u00e9s, de Roy Del Ruth (1931); Satan Met a Lady, de William Dieterle (1936) y El halc\u00f3n malt\u00e9s, de John Huston (1941).<\/p>\n<h2>M\u00e1s exposiciones y mesas redondas en BCNegra 2015<\/h2>\n<p>Entre los debates y mesas redondas queremos destacar algunas. El programa completo lo podr\u00e1n consultar en los enlaces que les proporcionamos. En \u201cSudor y corrupci\u00f3n\u201d se hablar\u00e1 sobre la cara oscura del deporte. Del 9 al 12 de febrero, en la Escuela de Escritura del Ateneu Barcelon\u00e8s (calle Canuda, 6), se realizar\u00e1 un ciclo de conferencias con el t\u00edtulo: \u201cLa Europa del vino delante de la Europa de la cerveza. Grandes investigadores europeos\u201d. La Biblioteca P\u00fablica Ar\u00fas (Paseo Sant Joan, 26), tendremos otra nueva exposici\u00f3n sobre Sherlock Holmes, aprovechando que entre los amigos de la citada biblioteca mas\u00f3nica se encuentra el mayor coleccionista del mundo sobre el personaje creado por Conan Doyle, me refiero al que fuera presidente del C\u00edrculo Holmes, Joan Proubasta. En la Sala Barts (Paralelo, 62) tambi\u00e9n se realizar\u00e1n actos, como la conversaci\u00f3n con el p\u00fablico de Sue Grafton, la mesa redonda titulada: \u201cLa primera polic\u00eda se llama Petra, Petra Delicado\u201d. Claro que tambi\u00e9n en la citada sala del Paralelo podremos disfrutar de la banda sonora de esta edici\u00f3n, a cargo de Barcelona Big Blues Ban, con Dani Nel\u00b7lo, con el concierto \u201c1.280 notas\u201d, en clara referencia al t\u00edtulo de la magistral novela de Jim Thompson, 1.280 almas. En concierto, que repasar\u00e1 la m\u00fasica del cine negro de las d\u00e9cadas 40 y 50, se celebrar\u00e1 el viernes 6 de febrero, a las 22:00 horas.<\/p>","protected":false},"excerpt":{"rendered":"<p>M\u00e1s de cincuenta actividades gratuitas se desarrollar\u00e1n en la d\u00e9cima edici\u00f3n del festival de novela policial de BCNegra 2015 que, del 29 de enero al 7 de febrero, llenar\u00e1 la ciudad de Barcelona de cr\u00edmenes de papel. El que ya es considerado el m\u00e1s importante certamen de novela negra europeo, [&hellip;]<\/p>\n","protected":false},"author":3,"featured_media":6763,"comment_status":"open","ping_status":"open","sticky":false,"template":"","format":"standard","meta":{"footnotes":""},"categories":[60],"tags":[],"class_list":["post-6764","post","type-post","status-publish","format-standard","has-post-thumbnail","hentry","category-libros"],"yoast_head":"<!-- This site is optimized with the Yoast SEO plugin v27.5 - https:\/\/yoast.com\/product\/yoast-seo-wordpress\/ -->\n<title>BCNegra 2015: los cr\u00edmenes de papel llenaran Barcelona - Revista Rambla<\/title>\n<meta name=\"description\" content=\"M\u00e1s de cincuenta actividades gratuitas se desarrollar\u00e1n en la d\u00e9cima edici\u00f3n del festival de novela policial de BCNegra 2015.\" \/>\n<meta name=\"robots\" content=\"index, follow, max-snippet:-1, max-image-preview:large, max-video-preview:-1\" \/>\n<link rel=\"canonical\" href=\"https:\/\/www.revistarambla.com\/en\/bcnegra-2015-los-crimenes-de-papel-llenaran-barcelona\/\" \/>\n<meta property=\"og:locale\" content=\"en_GB\" \/>\n<meta property=\"og:type\" content=\"article\" \/>\n<meta property=\"og:title\" content=\"BCNegra 2015: los cr\u00edmenes de papel llenaran Barcelona - Revista Rambla\" \/>\n<meta property=\"og:description\" content=\"M\u00e1s de cincuenta actividades gratuitas se desarrollar\u00e1n en la d\u00e9cima edici\u00f3n del festival de novela policial de BCNegra 2015.\" \/>\n<meta property=\"og:url\" content=\"https:\/\/www.revistarambla.com\/en\/bcnegra-2015-los-crimenes-de-papel-llenaran-barcelona\/\" \/>\n<meta property=\"og:site_name\" content=\"Revista Rambla\" \/>\n<meta property=\"article:publisher\" content=\"https:\/\/www.facebook.com\/revistarambla\/\" \/>\n<meta property=\"article:author\" content=\"https:\/\/www.facebook.com\/revistarambla\" \/>\n<meta property=\"article:published_time\" content=\"2015-01-27T05:43:03+00:00\" \/>\n<meta property=\"article:modified_time\" content=\"2024-08-23T12:34:22+00:00\" \/>\n<meta property=\"og:image\" content=\"https:\/\/www.revistarambla.com\/wp-content\/uploads\/2015\/01\/BCNegra_revistarambla_03.jpg\" \/>\n\t<meta property=\"og:image:width\" content=\"700\" \/>\n\t<meta property=\"og:image:height\" content=\"936\" \/>\n\t<meta property=\"og:image:type\" content=\"image\/jpeg\" \/>\n<meta name=\"author\" content=\"R@mbla\" \/>\n<meta name=\"twitter:card\" content=\"summary_large_image\" \/>\n<meta name=\"twitter:creator\" content=\"@revistarambla\" \/>\n<meta name=\"twitter:site\" content=\"@revistarambla\" \/>\n<meta name=\"twitter:label1\" content=\"Written by\" \/>\n\t<meta name=\"twitter:data1\" content=\"R@mbla\" \/>\n\t<meta name=\"twitter:label2\" content=\"Estimated reading time\" \/>\n\t<meta name=\"twitter:data2\" content=\"8 minutes\" \/>\n<script type=\"application\/ld+json\" class=\"yoast-schema-graph\">{\"@context\":\"https:\\\/\\\/schema.org\",\"@graph\":[{\"@type\":\"Article\",\"@id\":\"https:\\\/\\\/www.revistarambla.com\\\/bcnegra-2015-los-crimenes-de-papel-llenaran-barcelona\\\/#article\",\"isPartOf\":{\"@id\":\"https:\\\/\\\/www.revistarambla.com\\\/bcnegra-2015-los-crimenes-de-papel-llenaran-barcelona\\\/\"},\"author\":{\"name\":\"R@mbla\",\"@id\":\"https:\\\/\\\/www.revistarambla.com\\\/#\\\/schema\\\/person\\\/a146a5a2550b94981a75131180e1bd9c\"},\"headline\":\"BCNegra 2015: los cr\u00edmenes de papel llenaran Barcelona\",\"datePublished\":\"2015-01-27T05:43:03+00:00\",\"dateModified\":\"2024-08-23T12:34:22+00:00\",\"mainEntityOfPage\":{\"@id\":\"https:\\\/\\\/www.revistarambla.com\\\/bcnegra-2015-los-crimenes-de-papel-llenaran-barcelona\\\/\"},\"wordCount\":1675,\"commentCount\":0,\"publisher\":{\"@id\":\"https:\\\/\\\/www.revistarambla.com\\\/#organization\"},\"image\":{\"@id\":\"https:\\\/\\\/www.revistarambla.com\\\/bcnegra-2015-los-crimenes-de-papel-llenaran-barcelona\\\/#primaryimage\"},\"thumbnailUrl\":\"https:\\\/\\\/www.revistarambla.com\\\/wp-content\\\/uploads\\\/2015\\\/01\\\/BCNegra_revistarambla_03.jpg\",\"articleSection\":[\"Libros\"],\"inLanguage\":\"en-GB\",\"potentialAction\":[{\"@type\":\"CommentAction\",\"name\":\"Comment\",\"target\":[\"https:\\\/\\\/www.revistarambla.com\\\/bcnegra-2015-los-crimenes-de-papel-llenaran-barcelona\\\/#respond\"]}]},{\"@type\":\"WebPage\",\"@id\":\"https:\\\/\\\/www.revistarambla.com\\\/bcnegra-2015-los-crimenes-de-papel-llenaran-barcelona\\\/\",\"url\":\"https:\\\/\\\/www.revistarambla.com\\\/bcnegra-2015-los-crimenes-de-papel-llenaran-barcelona\\\/\",\"name\":\"BCNegra 2015: los cr\u00edmenes de papel llenaran Barcelona - Revista Rambla\",\"isPartOf\":{\"@id\":\"https:\\\/\\\/www.revistarambla.com\\\/#website\"},\"primaryImageOfPage\":{\"@id\":\"https:\\\/\\\/www.revistarambla.com\\\/bcnegra-2015-los-crimenes-de-papel-llenaran-barcelona\\\/#primaryimage\"},\"image\":{\"@id\":\"https:\\\/\\\/www.revistarambla.com\\\/bcnegra-2015-los-crimenes-de-papel-llenaran-barcelona\\\/#primaryimage\"},\"thumbnailUrl\":\"https:\\\/\\\/www.revistarambla.com\\\/wp-content\\\/uploads\\\/2015\\\/01\\\/BCNegra_revistarambla_03.jpg\",\"datePublished\":\"2015-01-27T05:43:03+00:00\",\"dateModified\":\"2024-08-23T12:34:22+00:00\",\"description\":\"M\u00e1s de cincuenta actividades gratuitas se desarrollar\u00e1n en la d\u00e9cima edici\u00f3n del festival de novela policial de BCNegra 2015.\",\"breadcrumb\":{\"@id\":\"https:\\\/\\\/www.revistarambla.com\\\/bcnegra-2015-los-crimenes-de-papel-llenaran-barcelona\\\/#breadcrumb\"},\"inLanguage\":\"en-GB\",\"potentialAction\":[{\"@type\":\"ReadAction\",\"target\":[\"https:\\\/\\\/www.revistarambla.com\\\/bcnegra-2015-los-crimenes-de-papel-llenaran-barcelona\\\/\"]}]},{\"@type\":\"ImageObject\",\"inLanguage\":\"en-GB\",\"@id\":\"https:\\\/\\\/www.revistarambla.com\\\/bcnegra-2015-los-crimenes-de-papel-llenaran-barcelona\\\/#primaryimage\",\"url\":\"https:\\\/\\\/www.revistarambla.com\\\/wp-content\\\/uploads\\\/2015\\\/01\\\/BCNegra_revistarambla_03.jpg\",\"contentUrl\":\"https:\\\/\\\/www.revistarambla.com\\\/wp-content\\\/uploads\\\/2015\\\/01\\\/BCNegra_revistarambla_03.jpg\",\"width\":700,\"height\":936,\"caption\":\"bcnegra 2015\"},{\"@type\":\"BreadcrumbList\",\"@id\":\"https:\\\/\\\/www.revistarambla.com\\\/bcnegra-2015-los-crimenes-de-papel-llenaran-barcelona\\\/#breadcrumb\",\"itemListElement\":[{\"@type\":\"ListItem\",\"position\":1,\"name\":\"Portada\",\"item\":\"https:\\\/\\\/www.revistarambla.com\\\/\"},{\"@type\":\"ListItem\",\"position\":2,\"name\":\"BCNegra 2015: los cr\u00edmenes de papel llenaran Barcelona\"}]},{\"@type\":\"WebSite\",\"@id\":\"https:\\\/\\\/www.revistarambla.com\\\/#website\",\"url\":\"https:\\\/\\\/www.revistarambla.com\\\/\",\"name\":\"Revista Rambla Barcelona\",\"description\":\"Periodismo independiente\",\"publisher\":{\"@id\":\"https:\\\/\\\/www.revistarambla.com\\\/#organization\"},\"potentialAction\":[{\"@type\":\"SearchAction\",\"target\":{\"@type\":\"EntryPoint\",\"urlTemplate\":\"https:\\\/\\\/www.revistarambla.com\\\/?s={search_term_string}\"},\"query-input\":{\"@type\":\"PropertyValueSpecification\",\"valueRequired\":true,\"valueName\":\"search_term_string\"}}],\"inLanguage\":\"en-GB\"},{\"@type\":\"Organization\",\"@id\":\"https:\\\/\\\/www.revistarambla.com\\\/#organization\",\"name\":\"Revista Rambla\",\"url\":\"https:\\\/\\\/www.revistarambla.com\\\/\",\"logo\":{\"@type\":\"ImageObject\",\"inLanguage\":\"en-GB\",\"@id\":\"https:\\\/\\\/www.revistarambla.com\\\/#\\\/schema\\\/logo\\\/image\\\/\",\"url\":\"https:\\\/\\\/www.revistarambla.com\\\/wp-content\\\/uploads\\\/2020\\\/09\\\/banner_rambla_1900x600_BB.png\",\"contentUrl\":\"https:\\\/\\\/www.revistarambla.com\\\/wp-content\\\/uploads\\\/2020\\\/09\\\/banner_rambla_1900x600_BB.png\",\"width\":1900,\"height\":600,\"caption\":\"Revista Rambla\"},\"image\":{\"@id\":\"https:\\\/\\\/www.revistarambla.com\\\/#\\\/schema\\\/logo\\\/image\\\/\"},\"sameAs\":[\"https:\\\/\\\/www.facebook.com\\\/revistarambla\\\/\",\"https:\\\/\\\/x.com\\\/revistarambla\",\"https:\\\/\\\/www.instagram.com\\\/revista_rambla\",\"https:\\\/\\\/es.linkedin.com\\\/company\\\/revista-rambla\"]},{\"@type\":\"Person\",\"@id\":\"https:\\\/\\\/www.revistarambla.com\\\/#\\\/schema\\\/person\\\/a146a5a2550b94981a75131180e1bd9c\",\"name\":\"R@mbla\",\"description\":\"Este art\u00edculo ha sido redactado y\\\/o validado por el equipo de redacci\u00f3n de Revista Rambla.\",\"sameAs\":[\"https:\\\/\\\/www.revistarambla.com\\\/\",\"https:\\\/\\\/www.facebook.com\\\/revistarambla\",\"https:\\\/\\\/x.com\\\/revistarambla\"]}]}<\/script>\n<!-- \/ Yoast SEO plugin. -->","yoast_head_json":{"title":"BCNegra 2015: los cr\u00edmenes de papel llenaran Barcelona - Revista Rambla","description":"M\u00e1s de cincuenta actividades gratuitas se desarrollar\u00e1n en la d\u00e9cima edici\u00f3n del festival de novela policial de BCNegra 2015.","robots":{"index":"index","follow":"follow","max-snippet":"max-snippet:-1","max-image-preview":"max-image-preview:large","max-video-preview":"max-video-preview:-1"},"canonical":"https:\/\/www.revistarambla.com\/en\/bcnegra-2015-los-crimenes-de-papel-llenaran-barcelona\/","og_locale":"en_GB","og_type":"article","og_title":"BCNegra 2015: los cr\u00edmenes de papel llenaran Barcelona - Revista Rambla","og_description":"M\u00e1s de cincuenta actividades gratuitas se desarrollar\u00e1n en la d\u00e9cima edici\u00f3n del festival de novela policial de BCNegra 2015.","og_url":"https:\/\/www.revistarambla.com\/en\/bcnegra-2015-los-crimenes-de-papel-llenaran-barcelona\/","og_site_name":"Revista Rambla","article_publisher":"https:\/\/www.facebook.com\/revistarambla\/","article_author":"https:\/\/www.facebook.com\/revistarambla","article_published_time":"2015-01-27T05:43:03+00:00","article_modified_time":"2024-08-23T12:34:22+00:00","og_image":[{"width":700,"height":936,"url":"https:\/\/www.revistarambla.com\/wp-content\/uploads\/2015\/01\/BCNegra_revistarambla_03.jpg","type":"image\/jpeg"}],"author":"R@mbla","twitter_card":"summary_large_image","twitter_creator":"@revistarambla","twitter_site":"@revistarambla","twitter_misc":{"Written by":"R@mbla","Estimated reading time":"8 minutes"},"schema":{"@context":"https:\/\/schema.org","@graph":[{"@type":"Article","@id":"https:\/\/www.revistarambla.com\/bcnegra-2015-los-crimenes-de-papel-llenaran-barcelona\/#article","isPartOf":{"@id":"https:\/\/www.revistarambla.com\/bcnegra-2015-los-crimenes-de-papel-llenaran-barcelona\/"},"author":{"name":"R@mbla","@id":"https:\/\/www.revistarambla.com\/#\/schema\/person\/a146a5a2550b94981a75131180e1bd9c"},"headline":"BCNegra 2015: los cr\u00edmenes de papel llenaran Barcelona","datePublished":"2015-01-27T05:43:03+00:00","dateModified":"2024-08-23T12:34:22+00:00","mainEntityOfPage":{"@id":"https:\/\/www.revistarambla.com\/bcnegra-2015-los-crimenes-de-papel-llenaran-barcelona\/"},"wordCount":1675,"commentCount":0,"publisher":{"@id":"https:\/\/www.revistarambla.com\/#organization"},"image":{"@id":"https:\/\/www.revistarambla.com\/bcnegra-2015-los-crimenes-de-papel-llenaran-barcelona\/#primaryimage"},"thumbnailUrl":"https:\/\/www.revistarambla.com\/wp-content\/uploads\/2015\/01\/BCNegra_revistarambla_03.jpg","articleSection":["Libros"],"inLanguage":"en-GB","potentialAction":[{"@type":"CommentAction","name":"Comment","target":["https:\/\/www.revistarambla.com\/bcnegra-2015-los-crimenes-de-papel-llenaran-barcelona\/#respond"]}]},{"@type":"WebPage","@id":"https:\/\/www.revistarambla.com\/bcnegra-2015-los-crimenes-de-papel-llenaran-barcelona\/","url":"https:\/\/www.revistarambla.com\/bcnegra-2015-los-crimenes-de-papel-llenaran-barcelona\/","name":"BCNegra 2015: los cr\u00edmenes de papel llenaran Barcelona - Revista Rambla","isPartOf":{"@id":"https:\/\/www.revistarambla.com\/#website"},"primaryImageOfPage":{"@id":"https:\/\/www.revistarambla.com\/bcnegra-2015-los-crimenes-de-papel-llenaran-barcelona\/#primaryimage"},"image":{"@id":"https:\/\/www.revistarambla.com\/bcnegra-2015-los-crimenes-de-papel-llenaran-barcelona\/#primaryimage"},"thumbnailUrl":"https:\/\/www.revistarambla.com\/wp-content\/uploads\/2015\/01\/BCNegra_revistarambla_03.jpg","datePublished":"2015-01-27T05:43:03+00:00","dateModified":"2024-08-23T12:34:22+00:00","description":"M\u00e1s de cincuenta actividades gratuitas se desarrollar\u00e1n en la d\u00e9cima edici\u00f3n del festival de novela policial de BCNegra 2015.","breadcrumb":{"@id":"https:\/\/www.revistarambla.com\/bcnegra-2015-los-crimenes-de-papel-llenaran-barcelona\/#breadcrumb"},"inLanguage":"en-GB","potentialAction":[{"@type":"ReadAction","target":["https:\/\/www.revistarambla.com\/bcnegra-2015-los-crimenes-de-papel-llenaran-barcelona\/"]}]},{"@type":"ImageObject","inLanguage":"en-GB","@id":"https:\/\/www.revistarambla.com\/bcnegra-2015-los-crimenes-de-papel-llenaran-barcelona\/#primaryimage","url":"https:\/\/www.revistarambla.com\/wp-content\/uploads\/2015\/01\/BCNegra_revistarambla_03.jpg","contentUrl":"https:\/\/www.revistarambla.com\/wp-content\/uploads\/2015\/01\/BCNegra_revistarambla_03.jpg","width":700,"height":936,"caption":"bcnegra 2015"},{"@type":"BreadcrumbList","@id":"https:\/\/www.revistarambla.com\/bcnegra-2015-los-crimenes-de-papel-llenaran-barcelona\/#breadcrumb","itemListElement":[{"@type":"ListItem","position":1,"name":"Portada","item":"https:\/\/www.revistarambla.com\/"},{"@type":"ListItem","position":2,"name":"BCNegra 2015: los cr\u00edmenes de papel llenaran Barcelona"}]},{"@type":"WebSite","@id":"https:\/\/www.revistarambla.com\/#website","url":"https:\/\/www.revistarambla.com\/","name":"Revista Rambla Barcelona","description":"Periodismo independiente","publisher":{"@id":"https:\/\/www.revistarambla.com\/#organization"},"potentialAction":[{"@type":"SearchAction","target":{"@type":"EntryPoint","urlTemplate":"https:\/\/www.revistarambla.com\/?s={search_term_string}"},"query-input":{"@type":"PropertyValueSpecification","valueRequired":true,"valueName":"search_term_string"}}],"inLanguage":"en-GB"},{"@type":"Organization","@id":"https:\/\/www.revistarambla.com\/#organization","name":"Revista Rambla","url":"https:\/\/www.revistarambla.com\/","logo":{"@type":"ImageObject","inLanguage":"en-GB","@id":"https:\/\/www.revistarambla.com\/#\/schema\/logo\/image\/","url":"https:\/\/www.revistarambla.com\/wp-content\/uploads\/2020\/09\/banner_rambla_1900x600_BB.png","contentUrl":"https:\/\/www.revistarambla.com\/wp-content\/uploads\/2020\/09\/banner_rambla_1900x600_BB.png","width":1900,"height":600,"caption":"Revista Rambla"},"image":{"@id":"https:\/\/www.revistarambla.com\/#\/schema\/logo\/image\/"},"sameAs":["https:\/\/www.facebook.com\/revistarambla\/","https:\/\/x.com\/revistarambla","https:\/\/www.instagram.com\/revista_rambla","https:\/\/es.linkedin.com\/company\/revista-rambla"]},{"@type":"Person","@id":"https:\/\/www.revistarambla.com\/#\/schema\/person\/a146a5a2550b94981a75131180e1bd9c","name":"R@mbla","description":"Este art\u00edculo ha sido redactado y\/o validado por el equipo de redacci\u00f3n de Revista Rambla.","sameAs":["https:\/\/www.revistarambla.com\/","https:\/\/www.facebook.com\/revistarambla","https:\/\/x.com\/revistarambla"]}]}},"_links":{"self":[{"href":"https:\/\/www.revistarambla.com\/en\/wp-json\/wp\/v2\/posts\/6764","targetHints":{"allow":["GET"]}}],"collection":[{"href":"https:\/\/www.revistarambla.com\/en\/wp-json\/wp\/v2\/posts"}],"about":[{"href":"https:\/\/www.revistarambla.com\/en\/wp-json\/wp\/v2\/types\/post"}],"author":[{"embeddable":true,"href":"https:\/\/www.revistarambla.com\/en\/wp-json\/wp\/v2\/users\/3"}],"replies":[{"embeddable":true,"href":"https:\/\/www.revistarambla.com\/en\/wp-json\/wp\/v2\/comments?post=6764"}],"version-history":[{"count":2,"href":"https:\/\/www.revistarambla.com\/en\/wp-json\/wp\/v2\/posts\/6764\/revisions"}],"predecessor-version":[{"id":62355,"href":"https:\/\/www.revistarambla.com\/en\/wp-json\/wp\/v2\/posts\/6764\/revisions\/62355"}],"wp:featuredmedia":[{"embeddable":true,"href":"https:\/\/www.revistarambla.com\/en\/wp-json\/wp\/v2\/media\/6763"}],"wp:attachment":[{"href":"https:\/\/www.revistarambla.com\/en\/wp-json\/wp\/v2\/media?parent=6764"}],"wp:term":[{"taxonomy":"category","embeddable":true,"href":"https:\/\/www.revistarambla.com\/en\/wp-json\/wp\/v2\/categories?post=6764"},{"taxonomy":"post_tag","embeddable":true,"href":"https:\/\/www.revistarambla.com\/en\/wp-json\/wp\/v2\/tags?post=6764"}],"curies":[{"name":"wp","href":"https:\/\/api.w.org\/{rel}","templated":true}]}}