{"id":67626,"date":"2025-10-20T11:53:54","date_gmt":"2025-10-20T09:53:54","guid":{"rendered":"https:\/\/www.revistarambla.com\/?p=67626"},"modified":"2026-01-19T11:58:17","modified_gmt":"2026-01-19T10:58:17","slug":"long-acdc-lleida-cat-enforteix-les-capacitats-de-les-dones-a-medellin-tracant-un-nou-cami-de-cultura-de-pau","status":"publish","type":"post","link":"https:\/\/www.revistarambla.com\/en\/long-acdc-lleida-cat-enforteix-les-capacitats-de-les-dones-a-medellin-tracant-un-nou-cami-de-cultura-de-pau\/","title":{"rendered":"L\u2019ONG ACDC Lleida.cat enforteix les capacitats de les dones a Medell\u00edn tra\u00e7ant un nou cam\u00ed de cultura de pau"},"content":{"rendered":"<h5><em>Des de fa 16 anys organitza tallers, sessions i capacitacions entre les dones colombianes que han patit qualsevol mena de viol\u00e8ncia perqu\u00e8 es converteixin en lideresses comunit\u00e0ries.<\/em><\/h5>\n<figure id=\"attachment_67627\" aria-describedby=\"caption-attachment-67627\" style=\"width: 1920px\" class=\"wp-caption aligncenter\"><img decoding=\"async\" class=\"wp-image-67627 size-full\" src=\"https:\/\/www.revistarambla.com\/wp-content\/uploads\/2026\/01\/1721889496595.jpg\" alt=\"ACDC Lleida.cat\" width=\"1920\" height=\"1440\" srcset=\"https:\/\/www.revistarambla.com\/wp-content\/uploads\/2026\/01\/1721889496595.jpg 1920w, https:\/\/www.revistarambla.com\/wp-content\/uploads\/2026\/01\/1721889496595-487x365.jpg 487w, https:\/\/www.revistarambla.com\/wp-content\/uploads\/2026\/01\/1721889496595-840x630.jpg 840w, https:\/\/www.revistarambla.com\/wp-content\/uploads\/2026\/01\/1721889496595-768x576.jpg 768w, https:\/\/www.revistarambla.com\/wp-content\/uploads\/2026\/01\/1721889496595-1536x1152.jpg 1536w, https:\/\/www.revistarambla.com\/wp-content\/uploads\/2026\/01\/1721889496595-16x12.jpg 16w\" sizes=\"(max-width: 1920px) 100vw, 1920px\" \/><figcaption id=\"caption-attachment-67627\" class=\"wp-caption-text\">El cap de projectes, Enric Figueres, va oferir una xerrada informativa sobre la feina feta a Col\u00f2mbia (Foto: ACDC Lleida.cat)<\/figcaption><\/figure>\n<p>S\u00f3n moltes les entitats sense \u00e0nim de lucre que desenvolupen una tasca essencial en pa\u00efsos on els drets humans encara tenen molt cam\u00ed per rec\u00f3rrer. Una d\u2019aquestes organitzacions \u00e9s l\u2019Ag\u00e8ncia Catalana per al Desenvolupament i la Cooperaci\u00f3 (ACDC) Lleida.cat que executa projectes a Medell\u00edn (Col\u00f2mbia) a fi i efecte de millorar les condicions de vides de les dones colpejades per les viol\u00e8ncies masclistes o pels conflictes armats que viu el pa\u00eds. L\u2019entitat durant els darrers setze anys ha desenvolupat projectes de cooperaci\u00f3 en diferents zones colombianes, sobretot en les regions de Cundinamarca, Tolima i Antioquia. Ara com ara ha format i capacitat desenes de dones perqu\u00e8 liderin comunitats locals, mediant en la resoluci\u00f3 de conflictes i aconseguint que els seus barris siguin m\u00e9s segurs i pr\u00f2spers per a les dones i infants.<\/p>\n<p>Durant els anys 2024 i 2025, l\u2019ACDC ha executat el projecte <em>Dones aut\u00f2nomes per la vida i l\u2019equitat, amb el suport de la Paeria de Lleida<\/em>, destinat a \u201cgenerar l\u2019enfortiment personal de les dones, per\u00f2 tamb\u00e9 el comunitari\u201d, explica, durant una xerrada explicativa del projecte a Lleida, Enric Figueres, cap de projectes de l\u2019entitat que desenvolupa la seva tasca de cooperaci\u00f3 sobre el terreny. El responsable de l\u2019entitat va fer una xerrada informativa a la seu de l\u2019ACDC de Lleida per explicar la feina feta durant els \u00faltims dos anys. A escala pr\u00e0ctica, s\u2019organitzen tallers per a l\u2019enfortiment de capacitats, formacions i trobades de reflexi\u00f3 que tenen com a objectiu empoderar les dones que han patit qualsevol mena de viol\u00e8ncia. A partir d\u2019aqu\u00ed es treballa en la creaci\u00f3 de lideresses comunit\u00e0ries que s\u00f3n les que vetllaran en la resoluci\u00f3 de conflictes o en la mediaci\u00f3.<\/p>\n<p><img decoding=\"async\" class=\"aligncenter wp-image-67628 size-full\" src=\"https:\/\/www.revistarambla.com\/wp-content\/uploads\/2026\/01\/WhatsApp-Image-2024-02-01-at-10.23.31-1.jpeg\" alt=\"ACDC Lleida.cat\" width=\"1114\" height=\"836\" srcset=\"https:\/\/www.revistarambla.com\/wp-content\/uploads\/2026\/01\/WhatsApp-Image-2024-02-01-at-10.23.31-1.jpeg 1114w, https:\/\/www.revistarambla.com\/wp-content\/uploads\/2026\/01\/WhatsApp-Image-2024-02-01-at-10.23.31-1-486x365.jpeg 486w, https:\/\/www.revistarambla.com\/wp-content\/uploads\/2026\/01\/WhatsApp-Image-2024-02-01-at-10.23.31-1-840x630.jpeg 840w, https:\/\/www.revistarambla.com\/wp-content\/uploads\/2026\/01\/WhatsApp-Image-2024-02-01-at-10.23.31-1-768x576.jpeg 768w, https:\/\/www.revistarambla.com\/wp-content\/uploads\/2026\/01\/WhatsApp-Image-2024-02-01-at-10.23.31-1-16x12.jpeg 16w\" sizes=\"(max-width: 1114px) 100vw, 1114px\" \/><\/p>\n<p>L\u2019ACDC, segons explica el cap de projectes, executa les seves activitats en col\u00b7laboraci\u00f3 d\u2019entitats locals com PAZSOCAT (Paz y Solidaridad), per\u00f2 tamb\u00e9 amb administracions com la Secretaria de la Dona de l\u2019Alcaldia de Medell\u00edn. \u201cEl treball conjunt amb altres entitats del territori t\u00e9 com a objectiu principal dissenyar, gestionar i desenvolupar projectes en el marc d&#8217;una l\u00ednia d&#8217;educaci\u00f3 de per a la pau i construir cultura de pau, que es focalitzin en problemes fonamentals, territorials i poblacionals, beneficiant els tres eixos de manera simult\u00e0nia\u201d, indica Figueres.<\/p>\n<p>Aquesta tasca es tradueix en \u201cla creaci\u00f3 d&#8217;oportunitats i d&#8217;un entorn favorable per tal que les dones puguin participar, en igualtat de condicions, a la definici\u00f3 de les prioritats de la vida social, econ\u00f2mica i pol\u00edtica, aix\u00ed com en tots els \u00e0mbits del desenvolupament sostenible i en la promoci\u00f3 de la pau\u201d, ressalta Figueres.<\/p>\n<p><img decoding=\"async\" class=\"aligncenter size-full wp-image-67629\" src=\"https:\/\/www.revistarambla.com\/wp-content\/uploads\/2026\/01\/WhatsApp-Image-2024-02-01-at-10.23.34.jpeg\" alt=\"ACDC Lleida.cat\" width=\"670\" height=\"518\" srcset=\"https:\/\/www.revistarambla.com\/wp-content\/uploads\/2026\/01\/WhatsApp-Image-2024-02-01-at-10.23.34.jpeg 670w, https:\/\/www.revistarambla.com\/wp-content\/uploads\/2026\/01\/WhatsApp-Image-2024-02-01-at-10.23.34-472x365.jpeg 472w, https:\/\/www.revistarambla.com\/wp-content\/uploads\/2026\/01\/WhatsApp-Image-2024-02-01-at-10.23.34-16x12.jpeg 16w\" sizes=\"(max-width: 670px) 100vw, 670px\" \/><\/p>\n<p>L\u2019ACDC Lleida.cat \u00e9s membre de l\u2019Institut de Drets Humans de Catalunya des del 2011, tamb\u00e9 forma part, des del 2019, de la Red de Mujeres para el desarrollo, organizaci\u00f3n no guvernamental de San Jos\u00e9 (Costa Rica) i, des del 2024, de l\u2019Agrupaci\u00f3 de petites i mitjanes ONG de Catalunya.<\/p>","protected":false},"excerpt":{"rendered":"<p>Des de fa 16 anys organitza tallers, sessions i capacitacions entre les dones colombianes que han patit qualsevol mena de viol\u00e8ncia perqu\u00e8 es converteixin en lideresses comunit\u00e0ries. S\u00f3n moltes les entitats sense \u00e0nim de lucre que desenvolupen una tasca essencial en pa\u00efsos on els drets humans encara tenen molt cam\u00ed [&hellip;]<\/p>\n","protected":false},"author":3,"featured_media":67631,"comment_status":"closed","ping_status":"closed","sticky":false,"template":"","format":"standard","meta":{"footnotes":""},"categories":[3790],"tags":[],"class_list":["post-67626","post","type-post","status-publish","format-standard","has-post-thumbnail","hentry","category-otras-noticias"],"yoast_head":"<!-- This site is optimized with the Yoast SEO plugin v27.5 - https:\/\/yoast.com\/product\/yoast-seo-wordpress\/ -->\n<title>L\u2019ONG ACDC Lleida.cat enforteix les capacitats de les dones a Medell\u00edn tra\u00e7ant un nou cam\u00ed de cultura de pau - Revista Rambla<\/title>\n<meta name=\"robots\" content=\"index, follow, max-snippet:-1, max-image-preview:large, max-video-preview:-1\" \/>\n<link rel=\"canonical\" href=\"https:\/\/www.revistarambla.com\/en\/long-acdc-lleida-cat-enforteix-les-capacitats-de-les-dones-a-medellin-tracant-un-nou-cami-de-cultura-de-pau\/\" \/>\n<meta property=\"og:locale\" content=\"en_GB\" \/>\n<meta property=\"og:type\" content=\"article\" \/>\n<meta property=\"og:title\" content=\"L\u2019ONG ACDC Lleida.cat enforteix les capacitats de les dones a Medell\u00edn tra\u00e7ant un nou cam\u00ed de cultura de pau - Revista Rambla\" \/>\n<meta property=\"og:description\" content=\"Des de fa 16 anys organitza tallers, sessions i capacitacions entre les dones colombianes que han patit qualsevol mena de viol\u00e8ncia perqu\u00e8 es converteixin en lideresses comunit\u00e0ries. S\u00f3n moltes les entitats sense \u00e0nim de lucre que desenvolupen una tasca essencial en pa\u00efsos on els drets humans encara tenen molt cam\u00ed [&hellip;]\" \/>\n<meta property=\"og:url\" content=\"https:\/\/www.revistarambla.com\/en\/long-acdc-lleida-cat-enforteix-les-capacitats-de-les-dones-a-medellin-tracant-un-nou-cami-de-cultura-de-pau\/\" \/>\n<meta property=\"og:site_name\" content=\"Revista Rambla\" \/>\n<meta property=\"article:publisher\" content=\"https:\/\/www.facebook.com\/revistarambla\/\" \/>\n<meta property=\"article:author\" content=\"https:\/\/www.facebook.com\/revistarambla\" \/>\n<meta property=\"article:published_time\" content=\"2025-10-20T09:53:54+00:00\" \/>\n<meta property=\"article:modified_time\" content=\"2026-01-19T10:58:17+00:00\" \/>\n<meta property=\"og:image\" content=\"https:\/\/www.revistarambla.com\/wp-content\/uploads\/2025\/10\/WhatsApp-Image-2024-02-01-at-10.23.31-1.jpeg\" \/>\n\t<meta property=\"og:image:width\" content=\"1114\" \/>\n\t<meta property=\"og:image:height\" content=\"836\" \/>\n\t<meta property=\"og:image:type\" content=\"image\/jpeg\" \/>\n<meta name=\"author\" content=\"R@mbla\" \/>\n<meta name=\"twitter:card\" content=\"summary_large_image\" \/>\n<meta name=\"twitter:creator\" content=\"@revistarambla\" \/>\n<meta name=\"twitter:site\" content=\"@revistarambla\" \/>\n<meta name=\"twitter:label1\" content=\"Written by\" \/>\n\t<meta name=\"twitter:data1\" content=\"R@mbla\" \/>\n\t<meta name=\"twitter:label2\" content=\"Estimated reading time\" \/>\n\t<meta name=\"twitter:data2\" content=\"4 minutes\" \/>\n<script type=\"application\/ld+json\" class=\"yoast-schema-graph\">{\"@context\":\"https:\\\/\\\/schema.org\",\"@graph\":[{\"@type\":\"Article\",\"@id\":\"https:\\\/\\\/www.revistarambla.com\\\/long-acdc-lleida-cat-enforteix-les-capacitats-de-les-dones-a-medellin-tracant-un-nou-cami-de-cultura-de-pau\\\/#article\",\"isPartOf\":{\"@id\":\"https:\\\/\\\/www.revistarambla.com\\\/long-acdc-lleida-cat-enforteix-les-capacitats-de-les-dones-a-medellin-tracant-un-nou-cami-de-cultura-de-pau\\\/\"},\"author\":{\"name\":\"R@mbla\",\"@id\":\"https:\\\/\\\/www.revistarambla.com\\\/#\\\/schema\\\/person\\\/a146a5a2550b94981a75131180e1bd9c\"},\"headline\":\"L\u2019ONG ACDC Lleida.cat enforteix les capacitats de les dones a Medell\u00edn tra\u00e7ant un nou cam\u00ed de cultura de pau\",\"datePublished\":\"2025-10-20T09:53:54+00:00\",\"dateModified\":\"2026-01-19T10:58:17+00:00\",\"mainEntityOfPage\":{\"@id\":\"https:\\\/\\\/www.revistarambla.com\\\/long-acdc-lleida-cat-enforteix-les-capacitats-de-les-dones-a-medellin-tracant-un-nou-cami-de-cultura-de-pau\\\/\"},\"wordCount\":587,\"publisher\":{\"@id\":\"https:\\\/\\\/www.revistarambla.com\\\/#organization\"},\"image\":{\"@id\":\"https:\\\/\\\/www.revistarambla.com\\\/long-acdc-lleida-cat-enforteix-les-capacitats-de-les-dones-a-medellin-tracant-un-nou-cami-de-cultura-de-pau\\\/#primaryimage\"},\"thumbnailUrl\":\"https:\\\/\\\/www.revistarambla.com\\\/wp-content\\\/uploads\\\/2025\\\/10\\\/WhatsApp-Image-2024-02-01-at-10.23.31-1.jpeg\",\"articleSection\":[\"Otras Noticias\"],\"inLanguage\":\"en-GB\"},{\"@type\":\"WebPage\",\"@id\":\"https:\\\/\\\/www.revistarambla.com\\\/long-acdc-lleida-cat-enforteix-les-capacitats-de-les-dones-a-medellin-tracant-un-nou-cami-de-cultura-de-pau\\\/\",\"url\":\"https:\\\/\\\/www.revistarambla.com\\\/long-acdc-lleida-cat-enforteix-les-capacitats-de-les-dones-a-medellin-tracant-un-nou-cami-de-cultura-de-pau\\\/\",\"name\":\"L\u2019ONG ACDC Lleida.cat enforteix les capacitats de les dones a Medell\u00edn tra\u00e7ant un nou cam\u00ed de cultura de pau - Revista Rambla\",\"isPartOf\":{\"@id\":\"https:\\\/\\\/www.revistarambla.com\\\/#website\"},\"primaryImageOfPage\":{\"@id\":\"https:\\\/\\\/www.revistarambla.com\\\/long-acdc-lleida-cat-enforteix-les-capacitats-de-les-dones-a-medellin-tracant-un-nou-cami-de-cultura-de-pau\\\/#primaryimage\"},\"image\":{\"@id\":\"https:\\\/\\\/www.revistarambla.com\\\/long-acdc-lleida-cat-enforteix-les-capacitats-de-les-dones-a-medellin-tracant-un-nou-cami-de-cultura-de-pau\\\/#primaryimage\"},\"thumbnailUrl\":\"https:\\\/\\\/www.revistarambla.com\\\/wp-content\\\/uploads\\\/2025\\\/10\\\/WhatsApp-Image-2024-02-01-at-10.23.31-1.jpeg\",\"datePublished\":\"2025-10-20T09:53:54+00:00\",\"dateModified\":\"2026-01-19T10:58:17+00:00\",\"breadcrumb\":{\"@id\":\"https:\\\/\\\/www.revistarambla.com\\\/long-acdc-lleida-cat-enforteix-les-capacitats-de-les-dones-a-medellin-tracant-un-nou-cami-de-cultura-de-pau\\\/#breadcrumb\"},\"inLanguage\":\"en-GB\",\"potentialAction\":[{\"@type\":\"ReadAction\",\"target\":[\"https:\\\/\\\/www.revistarambla.com\\\/long-acdc-lleida-cat-enforteix-les-capacitats-de-les-dones-a-medellin-tracant-un-nou-cami-de-cultura-de-pau\\\/\"]}]},{\"@type\":\"ImageObject\",\"inLanguage\":\"en-GB\",\"@id\":\"https:\\\/\\\/www.revistarambla.com\\\/long-acdc-lleida-cat-enforteix-les-capacitats-de-les-dones-a-medellin-tracant-un-nou-cami-de-cultura-de-pau\\\/#primaryimage\",\"url\":\"https:\\\/\\\/www.revistarambla.com\\\/wp-content\\\/uploads\\\/2025\\\/10\\\/WhatsApp-Image-2024-02-01-at-10.23.31-1.jpeg\",\"contentUrl\":\"https:\\\/\\\/www.revistarambla.com\\\/wp-content\\\/uploads\\\/2025\\\/10\\\/WhatsApp-Image-2024-02-01-at-10.23.31-1.jpeg\",\"width\":1114,\"height\":836},{\"@type\":\"BreadcrumbList\",\"@id\":\"https:\\\/\\\/www.revistarambla.com\\\/long-acdc-lleida-cat-enforteix-les-capacitats-de-les-dones-a-medellin-tracant-un-nou-cami-de-cultura-de-pau\\\/#breadcrumb\",\"itemListElement\":[{\"@type\":\"ListItem\",\"position\":1,\"name\":\"Portada\",\"item\":\"https:\\\/\\\/www.revistarambla.com\\\/\"},{\"@type\":\"ListItem\",\"position\":2,\"name\":\"L\u2019ONG ACDC Lleida.cat enforteix les capacitats de les dones a Medell\u00edn tra\u00e7ant un nou cam\u00ed de cultura de pau\"}]},{\"@type\":\"WebSite\",\"@id\":\"https:\\\/\\\/www.revistarambla.com\\\/#website\",\"url\":\"https:\\\/\\\/www.revistarambla.com\\\/\",\"name\":\"Revista Rambla Barcelona\",\"description\":\"Periodismo independiente\",\"publisher\":{\"@id\":\"https:\\\/\\\/www.revistarambla.com\\\/#organization\"},\"potentialAction\":[{\"@type\":\"SearchAction\",\"target\":{\"@type\":\"EntryPoint\",\"urlTemplate\":\"https:\\\/\\\/www.revistarambla.com\\\/?s={search_term_string}\"},\"query-input\":{\"@type\":\"PropertyValueSpecification\",\"valueRequired\":true,\"valueName\":\"search_term_string\"}}],\"inLanguage\":\"en-GB\"},{\"@type\":\"Organization\",\"@id\":\"https:\\\/\\\/www.revistarambla.com\\\/#organization\",\"name\":\"Revista Rambla\",\"url\":\"https:\\\/\\\/www.revistarambla.com\\\/\",\"logo\":{\"@type\":\"ImageObject\",\"inLanguage\":\"en-GB\",\"@id\":\"https:\\\/\\\/www.revistarambla.com\\\/#\\\/schema\\\/logo\\\/image\\\/\",\"url\":\"https:\\\/\\\/www.revistarambla.com\\\/wp-content\\\/uploads\\\/2020\\\/09\\\/banner_rambla_1900x600_BB.png\",\"contentUrl\":\"https:\\\/\\\/www.revistarambla.com\\\/wp-content\\\/uploads\\\/2020\\\/09\\\/banner_rambla_1900x600_BB.png\",\"width\":1900,\"height\":600,\"caption\":\"Revista Rambla\"},\"image\":{\"@id\":\"https:\\\/\\\/www.revistarambla.com\\\/#\\\/schema\\\/logo\\\/image\\\/\"},\"sameAs\":[\"https:\\\/\\\/www.facebook.com\\\/revistarambla\\\/\",\"https:\\\/\\\/x.com\\\/revistarambla\",\"https:\\\/\\\/www.instagram.com\\\/revista_rambla\",\"https:\\\/\\\/es.linkedin.com\\\/company\\\/revista-rambla\"]},{\"@type\":\"Person\",\"@id\":\"https:\\\/\\\/www.revistarambla.com\\\/#\\\/schema\\\/person\\\/a146a5a2550b94981a75131180e1bd9c\",\"name\":\"R@mbla\",\"description\":\"Este art\u00edculo ha sido redactado y\\\/o validado por el equipo de redacci\u00f3n de Revista Rambla.\",\"sameAs\":[\"https:\\\/\\\/www.revistarambla.com\\\/\",\"https:\\\/\\\/www.facebook.com\\\/revistarambla\",\"https:\\\/\\\/x.com\\\/revistarambla\"]}]}<\/script>\n<!-- \/ Yoast SEO plugin. -->","yoast_head_json":{"title":"L\u2019ONG ACDC Lleida.cat enforteix les capacitats de les dones a Medell\u00edn tra\u00e7ant un nou cam\u00ed de cultura de pau - Revista Rambla","robots":{"index":"index","follow":"follow","max-snippet":"max-snippet:-1","max-image-preview":"max-image-preview:large","max-video-preview":"max-video-preview:-1"},"canonical":"https:\/\/www.revistarambla.com\/en\/long-acdc-lleida-cat-enforteix-les-capacitats-de-les-dones-a-medellin-tracant-un-nou-cami-de-cultura-de-pau\/","og_locale":"en_GB","og_type":"article","og_title":"L\u2019ONG ACDC Lleida.cat enforteix les capacitats de les dones a Medell\u00edn tra\u00e7ant un nou cam\u00ed de cultura de pau - Revista Rambla","og_description":"Des de fa 16 anys organitza tallers, sessions i capacitacions entre les dones colombianes que han patit qualsevol mena de viol\u00e8ncia perqu\u00e8 es converteixin en lideresses comunit\u00e0ries. S\u00f3n moltes les entitats sense \u00e0nim de lucre que desenvolupen una tasca essencial en pa\u00efsos on els drets humans encara tenen molt cam\u00ed [&hellip;]","og_url":"https:\/\/www.revistarambla.com\/en\/long-acdc-lleida-cat-enforteix-les-capacitats-de-les-dones-a-medellin-tracant-un-nou-cami-de-cultura-de-pau\/","og_site_name":"Revista Rambla","article_publisher":"https:\/\/www.facebook.com\/revistarambla\/","article_author":"https:\/\/www.facebook.com\/revistarambla","article_published_time":"2025-10-20T09:53:54+00:00","article_modified_time":"2026-01-19T10:58:17+00:00","og_image":[{"width":1114,"height":836,"url":"https:\/\/www.revistarambla.com\/wp-content\/uploads\/2025\/10\/WhatsApp-Image-2024-02-01-at-10.23.31-1.jpeg","type":"image\/jpeg"}],"author":"R@mbla","twitter_card":"summary_large_image","twitter_creator":"@revistarambla","twitter_site":"@revistarambla","twitter_misc":{"Written by":"R@mbla","Estimated reading time":"4 minutes"},"schema":{"@context":"https:\/\/schema.org","@graph":[{"@type":"Article","@id":"https:\/\/www.revistarambla.com\/long-acdc-lleida-cat-enforteix-les-capacitats-de-les-dones-a-medellin-tracant-un-nou-cami-de-cultura-de-pau\/#article","isPartOf":{"@id":"https:\/\/www.revistarambla.com\/long-acdc-lleida-cat-enforteix-les-capacitats-de-les-dones-a-medellin-tracant-un-nou-cami-de-cultura-de-pau\/"},"author":{"name":"R@mbla","@id":"https:\/\/www.revistarambla.com\/#\/schema\/person\/a146a5a2550b94981a75131180e1bd9c"},"headline":"L\u2019ONG ACDC Lleida.cat enforteix les capacitats de les dones a Medell\u00edn tra\u00e7ant un nou cam\u00ed de cultura de pau","datePublished":"2025-10-20T09:53:54+00:00","dateModified":"2026-01-19T10:58:17+00:00","mainEntityOfPage":{"@id":"https:\/\/www.revistarambla.com\/long-acdc-lleida-cat-enforteix-les-capacitats-de-les-dones-a-medellin-tracant-un-nou-cami-de-cultura-de-pau\/"},"wordCount":587,"publisher":{"@id":"https:\/\/www.revistarambla.com\/#organization"},"image":{"@id":"https:\/\/www.revistarambla.com\/long-acdc-lleida-cat-enforteix-les-capacitats-de-les-dones-a-medellin-tracant-un-nou-cami-de-cultura-de-pau\/#primaryimage"},"thumbnailUrl":"https:\/\/www.revistarambla.com\/wp-content\/uploads\/2025\/10\/WhatsApp-Image-2024-02-01-at-10.23.31-1.jpeg","articleSection":["Otras Noticias"],"inLanguage":"en-GB"},{"@type":"WebPage","@id":"https:\/\/www.revistarambla.com\/long-acdc-lleida-cat-enforteix-les-capacitats-de-les-dones-a-medellin-tracant-un-nou-cami-de-cultura-de-pau\/","url":"https:\/\/www.revistarambla.com\/long-acdc-lleida-cat-enforteix-les-capacitats-de-les-dones-a-medellin-tracant-un-nou-cami-de-cultura-de-pau\/","name":"L\u2019ONG ACDC Lleida.cat enforteix les capacitats de les dones a Medell\u00edn tra\u00e7ant un nou cam\u00ed de cultura de pau - Revista Rambla","isPartOf":{"@id":"https:\/\/www.revistarambla.com\/#website"},"primaryImageOfPage":{"@id":"https:\/\/www.revistarambla.com\/long-acdc-lleida-cat-enforteix-les-capacitats-de-les-dones-a-medellin-tracant-un-nou-cami-de-cultura-de-pau\/#primaryimage"},"image":{"@id":"https:\/\/www.revistarambla.com\/long-acdc-lleida-cat-enforteix-les-capacitats-de-les-dones-a-medellin-tracant-un-nou-cami-de-cultura-de-pau\/#primaryimage"},"thumbnailUrl":"https:\/\/www.revistarambla.com\/wp-content\/uploads\/2025\/10\/WhatsApp-Image-2024-02-01-at-10.23.31-1.jpeg","datePublished":"2025-10-20T09:53:54+00:00","dateModified":"2026-01-19T10:58:17+00:00","breadcrumb":{"@id":"https:\/\/www.revistarambla.com\/long-acdc-lleida-cat-enforteix-les-capacitats-de-les-dones-a-medellin-tracant-un-nou-cami-de-cultura-de-pau\/#breadcrumb"},"inLanguage":"en-GB","potentialAction":[{"@type":"ReadAction","target":["https:\/\/www.revistarambla.com\/long-acdc-lleida-cat-enforteix-les-capacitats-de-les-dones-a-medellin-tracant-un-nou-cami-de-cultura-de-pau\/"]}]},{"@type":"ImageObject","inLanguage":"en-GB","@id":"https:\/\/www.revistarambla.com\/long-acdc-lleida-cat-enforteix-les-capacitats-de-les-dones-a-medellin-tracant-un-nou-cami-de-cultura-de-pau\/#primaryimage","url":"https:\/\/www.revistarambla.com\/wp-content\/uploads\/2025\/10\/WhatsApp-Image-2024-02-01-at-10.23.31-1.jpeg","contentUrl":"https:\/\/www.revistarambla.com\/wp-content\/uploads\/2025\/10\/WhatsApp-Image-2024-02-01-at-10.23.31-1.jpeg","width":1114,"height":836},{"@type":"BreadcrumbList","@id":"https:\/\/www.revistarambla.com\/long-acdc-lleida-cat-enforteix-les-capacitats-de-les-dones-a-medellin-tracant-un-nou-cami-de-cultura-de-pau\/#breadcrumb","itemListElement":[{"@type":"ListItem","position":1,"name":"Portada","item":"https:\/\/www.revistarambla.com\/"},{"@type":"ListItem","position":2,"name":"L\u2019ONG ACDC Lleida.cat enforteix les capacitats de les dones a Medell\u00edn tra\u00e7ant un nou cam\u00ed de cultura de pau"}]},{"@type":"WebSite","@id":"https:\/\/www.revistarambla.com\/#website","url":"https:\/\/www.revistarambla.com\/","name":"Revista Rambla Barcelona","description":"Periodismo independiente","publisher":{"@id":"https:\/\/www.revistarambla.com\/#organization"},"potentialAction":[{"@type":"SearchAction","target":{"@type":"EntryPoint","urlTemplate":"https:\/\/www.revistarambla.com\/?s={search_term_string}"},"query-input":{"@type":"PropertyValueSpecification","valueRequired":true,"valueName":"search_term_string"}}],"inLanguage":"en-GB"},{"@type":"Organization","@id":"https:\/\/www.revistarambla.com\/#organization","name":"Revista Rambla","url":"https:\/\/www.revistarambla.com\/","logo":{"@type":"ImageObject","inLanguage":"en-GB","@id":"https:\/\/www.revistarambla.com\/#\/schema\/logo\/image\/","url":"https:\/\/www.revistarambla.com\/wp-content\/uploads\/2020\/09\/banner_rambla_1900x600_BB.png","contentUrl":"https:\/\/www.revistarambla.com\/wp-content\/uploads\/2020\/09\/banner_rambla_1900x600_BB.png","width":1900,"height":600,"caption":"Revista Rambla"},"image":{"@id":"https:\/\/www.revistarambla.com\/#\/schema\/logo\/image\/"},"sameAs":["https:\/\/www.facebook.com\/revistarambla\/","https:\/\/x.com\/revistarambla","https:\/\/www.instagram.com\/revista_rambla","https:\/\/es.linkedin.com\/company\/revista-rambla"]},{"@type":"Person","@id":"https:\/\/www.revistarambla.com\/#\/schema\/person\/a146a5a2550b94981a75131180e1bd9c","name":"R@mbla","description":"Este art\u00edculo ha sido redactado y\/o validado por el equipo de redacci\u00f3n de Revista Rambla.","sameAs":["https:\/\/www.revistarambla.com\/","https:\/\/www.facebook.com\/revistarambla","https:\/\/x.com\/revistarambla"]}]}},"_links":{"self":[{"href":"https:\/\/www.revistarambla.com\/en\/wp-json\/wp\/v2\/posts\/67626","targetHints":{"allow":["GET"]}}],"collection":[{"href":"https:\/\/www.revistarambla.com\/en\/wp-json\/wp\/v2\/posts"}],"about":[{"href":"https:\/\/www.revistarambla.com\/en\/wp-json\/wp\/v2\/types\/post"}],"author":[{"embeddable":true,"href":"https:\/\/www.revistarambla.com\/en\/wp-json\/wp\/v2\/users\/3"}],"replies":[{"embeddable":true,"href":"https:\/\/www.revistarambla.com\/en\/wp-json\/wp\/v2\/comments?post=67626"}],"version-history":[{"count":1,"href":"https:\/\/www.revistarambla.com\/en\/wp-json\/wp\/v2\/posts\/67626\/revisions"}],"predecessor-version":[{"id":67630,"href":"https:\/\/www.revistarambla.com\/en\/wp-json\/wp\/v2\/posts\/67626\/revisions\/67630"}],"wp:featuredmedia":[{"embeddable":true,"href":"https:\/\/www.revistarambla.com\/en\/wp-json\/wp\/v2\/media\/67631"}],"wp:attachment":[{"href":"https:\/\/www.revistarambla.com\/en\/wp-json\/wp\/v2\/media?parent=67626"}],"wp:term":[{"taxonomy":"category","embeddable":true,"href":"https:\/\/www.revistarambla.com\/en\/wp-json\/wp\/v2\/categories?post=67626"},{"taxonomy":"post_tag","embeddable":true,"href":"https:\/\/www.revistarambla.com\/en\/wp-json\/wp\/v2\/tags?post=67626"}],"curies":[{"name":"wp","href":"https:\/\/api.w.org\/{rel}","templated":true}]}}