{"id":67622,"date":"2025-12-22T08:48:09","date_gmt":"2025-12-22T07:48:09","guid":{"rendered":"https:\/\/www.revistarambla.com\/?p=67622"},"modified":"2026-01-19T08:48:43","modified_gmt":"2026-01-19T07:48:43","slug":"el-gcg-inaugura-la-primera-casa-de-la-festa-al-barri-de-la-mariola-de-lleida","status":"publish","type":"post","link":"https:\/\/www.revistarambla.com\/en\/el-gcg-inaugura-la-primera-casa-de-la-festa-al-barri-de-la-mariola-de-lleida\/","title":{"rendered":"El GCG inaugura la primera Casa de la Festa al barri de la Mariola de Lleida"},"content":{"rendered":"<p>El Grup Cultural Garrigues va inaugurar ahir a la ciutat de Lleida un nou espai dedicat a la cultura popular i la tradici\u00f3 catalana. Es tracta de la Casa de la Festa, la nova subseu de l\u2019entitat, ubicada al carrer Ind\u00edbil i Mandoni, 45, al barri de la Mariola de Lleida, un espai restaurat de cap a peus amb el suport de l&#8217;Oficina al Suport de la Iniciativa Cultural (OSIC) de la Generalitat de Catalunya. La inauguraci\u00f3 oficial d\u2019aquest nou equipament cultural es va convertir en una festa oberta a la ciutadania (especialment als ve\u00efns del barri) plena de sorpreses i amb la participaci\u00f3 dels elements de la cultura popular de l\u2019entitat.<\/p>\n<p>\u201cTenim la voluntat que sigui un espai de refer\u00e8ncia de la cultura popular a Lleida i comarques, un espai d\u2019atracci\u00f3 tur\u00edstica i divulgaci\u00f3, per aix\u00f2 es podran programar visites guiades, tant per al p\u00fablic en general com per als centres d\u2019ensenyament\u201d, explica Joan Josep Mas, director del Grup Cultural Garrigues.<\/p>\n<p>A la Casa de la Festa es podran veure de ben a prop figures com l\u2019\u00c0liga de la ciutat, el Lle\u00f3 de Lleida, els capgrossos Tr\u00e0dius i Tronada, o gegants com la Blanca i l\u2019Anastasi, la Padrina Pepa, l\u2019Armat de Lleida, entre altres figures.<\/p>\n<p>La Casa de la Festa vol servir d\u2019espai digne de conservaci\u00f3 de la imatgeria festiva, assaigs i resid\u00e8ncia d\u2019altres entitats, un espai visitable amb un projecte expositiu permanent. \u201c\u00c9s un lloc que atrapa en l&#8217;espai i en el temps la m\u00e0gia pr\u00f2pia de la festa, de la cultura i tradici\u00f3 catalana, per fer-la con\u00e8ixer als visitants al llarg de tot l&#8217;any i submergir-nos en la celebraci\u00f3\u201d, afegeix Mas.<\/p>\n<p>La subseu \u00e9s un espai accessible i polivalent de dos-cents metres quadrats que es pot adaptar a les diferents necessitats de l\u2019entitat: des de l\u2019organitzaci\u00f3 de tallers relacionats amb la difusi\u00f3 de la cultura popular fins a formacions d\u2019arts pl\u00e0stiques, xerrades, confer\u00e8ncies i projeccions. A m\u00e9s disposa d\u2019un espai gastron\u00f2mic que es vol aprofitar per difondre la cuina catalana i impartir formacions culin\u00e0ries. Tamb\u00e9 acollir\u00e0 una petita biblioteca amb llibres sobre cultura popular i tradicions catalanes.<\/p>","protected":false},"excerpt":{"rendered":"<p>El Grup Cultural Garrigues va inaugurar ahir a la ciutat de Lleida un nou espai dedicat a la cultura popular i la tradici\u00f3 catalana. Es tracta de la Casa de la Festa, la nova subseu de l\u2019entitat, ubicada al carrer Ind\u00edbil i Mandoni, 45, al barri de la Mariola de [&hellip;]<\/p>\n","protected":false},"author":3,"featured_media":67623,"comment_status":"closed","ping_status":"closed","sticky":false,"template":"","format":"standard","meta":{"footnotes":""},"categories":[3790],"tags":[],"class_list":["post-67622","post","type-post","status-publish","format-standard","has-post-thumbnail","hentry","category-otras-noticias"],"yoast_head":"<!-- This site is optimized with the Yoast SEO plugin v27.5 - https:\/\/yoast.com\/product\/yoast-seo-wordpress\/ -->\n<title>El GCG inaugura la primera Casa de la Festa al barri de la Mariola de Lleida - Revista Rambla<\/title>\n<meta name=\"robots\" content=\"index, follow, max-snippet:-1, max-image-preview:large, max-video-preview:-1\" \/>\n<link rel=\"canonical\" href=\"https:\/\/www.revistarambla.com\/en\/el-gcg-inaugura-la-primera-casa-de-la-festa-al-barri-de-la-mariola-de-lleida\/\" \/>\n<meta property=\"og:locale\" content=\"en_GB\" \/>\n<meta property=\"og:type\" content=\"article\" \/>\n<meta property=\"og:title\" content=\"El GCG inaugura la primera Casa de la Festa al barri de la Mariola de Lleida - Revista Rambla\" \/>\n<meta property=\"og:description\" content=\"El Grup Cultural Garrigues va inaugurar ahir a la ciutat de Lleida un nou espai dedicat a la cultura popular i la tradici\u00f3 catalana. Es tracta de la Casa de la Festa, la nova subseu de l\u2019entitat, ubicada al carrer Ind\u00edbil i Mandoni, 45, al barri de la Mariola de [&hellip;]\" \/>\n<meta property=\"og:url\" content=\"https:\/\/www.revistarambla.com\/en\/el-gcg-inaugura-la-primera-casa-de-la-festa-al-barri-de-la-mariola-de-lleida\/\" \/>\n<meta property=\"og:site_name\" content=\"Revista Rambla\" \/>\n<meta property=\"article:publisher\" content=\"https:\/\/www.facebook.com\/revistarambla\/\" \/>\n<meta property=\"article:author\" content=\"https:\/\/www.facebook.com\/revistarambla\" \/>\n<meta property=\"article:published_time\" content=\"2025-12-22T07:48:09+00:00\" \/>\n<meta property=\"article:modified_time\" content=\"2026-01-19T07:48:43+00:00\" \/>\n<meta property=\"og:image\" content=\"https:\/\/www.revistarambla.com\/wp-content\/uploads\/2026\/01\/WhatsApp-Image-2025-12-22-at-23.13.59.jpeg\" \/>\n\t<meta property=\"og:image:width\" content=\"1200\" \/>\n\t<meta property=\"og:image:height\" content=\"960\" \/>\n\t<meta property=\"og:image:type\" content=\"image\/jpeg\" \/>\n<meta name=\"author\" content=\"R@mbla\" \/>\n<meta name=\"twitter:card\" content=\"summary_large_image\" \/>\n<meta name=\"twitter:creator\" content=\"@revistarambla\" \/>\n<meta name=\"twitter:site\" content=\"@revistarambla\" \/>\n<meta name=\"twitter:label1\" content=\"Written by\" \/>\n\t<meta name=\"twitter:data1\" content=\"R@mbla\" \/>\n\t<meta name=\"twitter:label2\" content=\"Estimated reading time\" \/>\n\t<meta name=\"twitter:data2\" content=\"2 minutes\" \/>\n<script type=\"application\/ld+json\" class=\"yoast-schema-graph\">{\"@context\":\"https:\\\/\\\/schema.org\",\"@graph\":[{\"@type\":\"Article\",\"@id\":\"https:\\\/\\\/www.revistarambla.com\\\/el-gcg-inaugura-la-primera-casa-de-la-festa-al-barri-de-la-mariola-de-lleida\\\/#article\",\"isPartOf\":{\"@id\":\"https:\\\/\\\/www.revistarambla.com\\\/el-gcg-inaugura-la-primera-casa-de-la-festa-al-barri-de-la-mariola-de-lleida\\\/\"},\"author\":{\"name\":\"R@mbla\",\"@id\":\"https:\\\/\\\/www.revistarambla.com\\\/#\\\/schema\\\/person\\\/a146a5a2550b94981a75131180e1bd9c\"},\"headline\":\"El GCG inaugura la primera Casa de la Festa al barri de la Mariola de Lleida\",\"datePublished\":\"2025-12-22T07:48:09+00:00\",\"dateModified\":\"2026-01-19T07:48:43+00:00\",\"mainEntityOfPage\":{\"@id\":\"https:\\\/\\\/www.revistarambla.com\\\/el-gcg-inaugura-la-primera-casa-de-la-festa-al-barri-de-la-mariola-de-lleida\\\/\"},\"wordCount\":397,\"publisher\":{\"@id\":\"https:\\\/\\\/www.revistarambla.com\\\/#organization\"},\"image\":{\"@id\":\"https:\\\/\\\/www.revistarambla.com\\\/el-gcg-inaugura-la-primera-casa-de-la-festa-al-barri-de-la-mariola-de-lleida\\\/#primaryimage\"},\"thumbnailUrl\":\"https:\\\/\\\/www.revistarambla.com\\\/wp-content\\\/uploads\\\/2026\\\/01\\\/WhatsApp-Image-2025-12-22-at-23.13.59.jpeg\",\"articleSection\":[\"Otras Noticias\"],\"inLanguage\":\"en-GB\"},{\"@type\":\"WebPage\",\"@id\":\"https:\\\/\\\/www.revistarambla.com\\\/el-gcg-inaugura-la-primera-casa-de-la-festa-al-barri-de-la-mariola-de-lleida\\\/\",\"url\":\"https:\\\/\\\/www.revistarambla.com\\\/el-gcg-inaugura-la-primera-casa-de-la-festa-al-barri-de-la-mariola-de-lleida\\\/\",\"name\":\"El GCG inaugura la primera Casa de la Festa al barri de la Mariola de Lleida - Revista Rambla\",\"isPartOf\":{\"@id\":\"https:\\\/\\\/www.revistarambla.com\\\/#website\"},\"primaryImageOfPage\":{\"@id\":\"https:\\\/\\\/www.revistarambla.com\\\/el-gcg-inaugura-la-primera-casa-de-la-festa-al-barri-de-la-mariola-de-lleida\\\/#primaryimage\"},\"image\":{\"@id\":\"https:\\\/\\\/www.revistarambla.com\\\/el-gcg-inaugura-la-primera-casa-de-la-festa-al-barri-de-la-mariola-de-lleida\\\/#primaryimage\"},\"thumbnailUrl\":\"https:\\\/\\\/www.revistarambla.com\\\/wp-content\\\/uploads\\\/2026\\\/01\\\/WhatsApp-Image-2025-12-22-at-23.13.59.jpeg\",\"datePublished\":\"2025-12-22T07:48:09+00:00\",\"dateModified\":\"2026-01-19T07:48:43+00:00\",\"breadcrumb\":{\"@id\":\"https:\\\/\\\/www.revistarambla.com\\\/el-gcg-inaugura-la-primera-casa-de-la-festa-al-barri-de-la-mariola-de-lleida\\\/#breadcrumb\"},\"inLanguage\":\"en-GB\",\"potentialAction\":[{\"@type\":\"ReadAction\",\"target\":[\"https:\\\/\\\/www.revistarambla.com\\\/el-gcg-inaugura-la-primera-casa-de-la-festa-al-barri-de-la-mariola-de-lleida\\\/\"]}]},{\"@type\":\"ImageObject\",\"inLanguage\":\"en-GB\",\"@id\":\"https:\\\/\\\/www.revistarambla.com\\\/el-gcg-inaugura-la-primera-casa-de-la-festa-al-barri-de-la-mariola-de-lleida\\\/#primaryimage\",\"url\":\"https:\\\/\\\/www.revistarambla.com\\\/wp-content\\\/uploads\\\/2026\\\/01\\\/WhatsApp-Image-2025-12-22-at-23.13.59.jpeg\",\"contentUrl\":\"https:\\\/\\\/www.revistarambla.com\\\/wp-content\\\/uploads\\\/2026\\\/01\\\/WhatsApp-Image-2025-12-22-at-23.13.59.jpeg\",\"width\":1200,\"height\":960,\"caption\":\"Casa de la Festa mariola\"},{\"@type\":\"BreadcrumbList\",\"@id\":\"https:\\\/\\\/www.revistarambla.com\\\/el-gcg-inaugura-la-primera-casa-de-la-festa-al-barri-de-la-mariola-de-lleida\\\/#breadcrumb\",\"itemListElement\":[{\"@type\":\"ListItem\",\"position\":1,\"name\":\"Portada\",\"item\":\"https:\\\/\\\/www.revistarambla.com\\\/\"},{\"@type\":\"ListItem\",\"position\":2,\"name\":\"El GCG inaugura la primera Casa de la Festa al barri de la Mariola de Lleida\"}]},{\"@type\":\"WebSite\",\"@id\":\"https:\\\/\\\/www.revistarambla.com\\\/#website\",\"url\":\"https:\\\/\\\/www.revistarambla.com\\\/\",\"name\":\"Revista Rambla Barcelona\",\"description\":\"Periodismo independiente\",\"publisher\":{\"@id\":\"https:\\\/\\\/www.revistarambla.com\\\/#organization\"},\"potentialAction\":[{\"@type\":\"SearchAction\",\"target\":{\"@type\":\"EntryPoint\",\"urlTemplate\":\"https:\\\/\\\/www.revistarambla.com\\\/?s={search_term_string}\"},\"query-input\":{\"@type\":\"PropertyValueSpecification\",\"valueRequired\":true,\"valueName\":\"search_term_string\"}}],\"inLanguage\":\"en-GB\"},{\"@type\":\"Organization\",\"@id\":\"https:\\\/\\\/www.revistarambla.com\\\/#organization\",\"name\":\"Revista Rambla\",\"url\":\"https:\\\/\\\/www.revistarambla.com\\\/\",\"logo\":{\"@type\":\"ImageObject\",\"inLanguage\":\"en-GB\",\"@id\":\"https:\\\/\\\/www.revistarambla.com\\\/#\\\/schema\\\/logo\\\/image\\\/\",\"url\":\"https:\\\/\\\/www.revistarambla.com\\\/wp-content\\\/uploads\\\/2020\\\/09\\\/banner_rambla_1900x600_BB.png\",\"contentUrl\":\"https:\\\/\\\/www.revistarambla.com\\\/wp-content\\\/uploads\\\/2020\\\/09\\\/banner_rambla_1900x600_BB.png\",\"width\":1900,\"height\":600,\"caption\":\"Revista Rambla\"},\"image\":{\"@id\":\"https:\\\/\\\/www.revistarambla.com\\\/#\\\/schema\\\/logo\\\/image\\\/\"},\"sameAs\":[\"https:\\\/\\\/www.facebook.com\\\/revistarambla\\\/\",\"https:\\\/\\\/x.com\\\/revistarambla\",\"https:\\\/\\\/www.instagram.com\\\/revista_rambla\",\"https:\\\/\\\/es.linkedin.com\\\/company\\\/revista-rambla\"]},{\"@type\":\"Person\",\"@id\":\"https:\\\/\\\/www.revistarambla.com\\\/#\\\/schema\\\/person\\\/a146a5a2550b94981a75131180e1bd9c\",\"name\":\"R@mbla\",\"description\":\"Este art\u00edculo ha sido redactado y\\\/o validado por el equipo de redacci\u00f3n de Revista Rambla.\",\"sameAs\":[\"https:\\\/\\\/www.revistarambla.com\\\/\",\"https:\\\/\\\/www.facebook.com\\\/revistarambla\",\"https:\\\/\\\/x.com\\\/revistarambla\"]}]}<\/script>\n<!-- \/ Yoast SEO plugin. -->","yoast_head_json":{"title":"El GCG inaugura la primera Casa de la Festa al barri de la Mariola de Lleida - Revista Rambla","robots":{"index":"index","follow":"follow","max-snippet":"max-snippet:-1","max-image-preview":"max-image-preview:large","max-video-preview":"max-video-preview:-1"},"canonical":"https:\/\/www.revistarambla.com\/en\/el-gcg-inaugura-la-primera-casa-de-la-festa-al-barri-de-la-mariola-de-lleida\/","og_locale":"en_GB","og_type":"article","og_title":"El GCG inaugura la primera Casa de la Festa al barri de la Mariola de Lleida - Revista Rambla","og_description":"El Grup Cultural Garrigues va inaugurar ahir a la ciutat de Lleida un nou espai dedicat a la cultura popular i la tradici\u00f3 catalana. Es tracta de la Casa de la Festa, la nova subseu de l\u2019entitat, ubicada al carrer Ind\u00edbil i Mandoni, 45, al barri de la Mariola de [&hellip;]","og_url":"https:\/\/www.revistarambla.com\/en\/el-gcg-inaugura-la-primera-casa-de-la-festa-al-barri-de-la-mariola-de-lleida\/","og_site_name":"Revista Rambla","article_publisher":"https:\/\/www.facebook.com\/revistarambla\/","article_author":"https:\/\/www.facebook.com\/revistarambla","article_published_time":"2025-12-22T07:48:09+00:00","article_modified_time":"2026-01-19T07:48:43+00:00","og_image":[{"width":1200,"height":960,"url":"https:\/\/www.revistarambla.com\/wp-content\/uploads\/2026\/01\/WhatsApp-Image-2025-12-22-at-23.13.59.jpeg","type":"image\/jpeg"}],"author":"R@mbla","twitter_card":"summary_large_image","twitter_creator":"@revistarambla","twitter_site":"@revistarambla","twitter_misc":{"Written by":"R@mbla","Estimated reading time":"2 minutes"},"schema":{"@context":"https:\/\/schema.org","@graph":[{"@type":"Article","@id":"https:\/\/www.revistarambla.com\/el-gcg-inaugura-la-primera-casa-de-la-festa-al-barri-de-la-mariola-de-lleida\/#article","isPartOf":{"@id":"https:\/\/www.revistarambla.com\/el-gcg-inaugura-la-primera-casa-de-la-festa-al-barri-de-la-mariola-de-lleida\/"},"author":{"name":"R@mbla","@id":"https:\/\/www.revistarambla.com\/#\/schema\/person\/a146a5a2550b94981a75131180e1bd9c"},"headline":"El GCG inaugura la primera Casa de la Festa al barri de la Mariola de Lleida","datePublished":"2025-12-22T07:48:09+00:00","dateModified":"2026-01-19T07:48:43+00:00","mainEntityOfPage":{"@id":"https:\/\/www.revistarambla.com\/el-gcg-inaugura-la-primera-casa-de-la-festa-al-barri-de-la-mariola-de-lleida\/"},"wordCount":397,"publisher":{"@id":"https:\/\/www.revistarambla.com\/#organization"},"image":{"@id":"https:\/\/www.revistarambla.com\/el-gcg-inaugura-la-primera-casa-de-la-festa-al-barri-de-la-mariola-de-lleida\/#primaryimage"},"thumbnailUrl":"https:\/\/www.revistarambla.com\/wp-content\/uploads\/2026\/01\/WhatsApp-Image-2025-12-22-at-23.13.59.jpeg","articleSection":["Otras Noticias"],"inLanguage":"en-GB"},{"@type":"WebPage","@id":"https:\/\/www.revistarambla.com\/el-gcg-inaugura-la-primera-casa-de-la-festa-al-barri-de-la-mariola-de-lleida\/","url":"https:\/\/www.revistarambla.com\/el-gcg-inaugura-la-primera-casa-de-la-festa-al-barri-de-la-mariola-de-lleida\/","name":"El GCG inaugura la primera Casa de la Festa al barri de la Mariola de Lleida - Revista Rambla","isPartOf":{"@id":"https:\/\/www.revistarambla.com\/#website"},"primaryImageOfPage":{"@id":"https:\/\/www.revistarambla.com\/el-gcg-inaugura-la-primera-casa-de-la-festa-al-barri-de-la-mariola-de-lleida\/#primaryimage"},"image":{"@id":"https:\/\/www.revistarambla.com\/el-gcg-inaugura-la-primera-casa-de-la-festa-al-barri-de-la-mariola-de-lleida\/#primaryimage"},"thumbnailUrl":"https:\/\/www.revistarambla.com\/wp-content\/uploads\/2026\/01\/WhatsApp-Image-2025-12-22-at-23.13.59.jpeg","datePublished":"2025-12-22T07:48:09+00:00","dateModified":"2026-01-19T07:48:43+00:00","breadcrumb":{"@id":"https:\/\/www.revistarambla.com\/el-gcg-inaugura-la-primera-casa-de-la-festa-al-barri-de-la-mariola-de-lleida\/#breadcrumb"},"inLanguage":"en-GB","potentialAction":[{"@type":"ReadAction","target":["https:\/\/www.revistarambla.com\/el-gcg-inaugura-la-primera-casa-de-la-festa-al-barri-de-la-mariola-de-lleida\/"]}]},{"@type":"ImageObject","inLanguage":"en-GB","@id":"https:\/\/www.revistarambla.com\/el-gcg-inaugura-la-primera-casa-de-la-festa-al-barri-de-la-mariola-de-lleida\/#primaryimage","url":"https:\/\/www.revistarambla.com\/wp-content\/uploads\/2026\/01\/WhatsApp-Image-2025-12-22-at-23.13.59.jpeg","contentUrl":"https:\/\/www.revistarambla.com\/wp-content\/uploads\/2026\/01\/WhatsApp-Image-2025-12-22-at-23.13.59.jpeg","width":1200,"height":960,"caption":"Casa de la Festa mariola"},{"@type":"BreadcrumbList","@id":"https:\/\/www.revistarambla.com\/el-gcg-inaugura-la-primera-casa-de-la-festa-al-barri-de-la-mariola-de-lleida\/#breadcrumb","itemListElement":[{"@type":"ListItem","position":1,"name":"Portada","item":"https:\/\/www.revistarambla.com\/"},{"@type":"ListItem","position":2,"name":"El GCG inaugura la primera Casa de la Festa al barri de la Mariola de Lleida"}]},{"@type":"WebSite","@id":"https:\/\/www.revistarambla.com\/#website","url":"https:\/\/www.revistarambla.com\/","name":"Revista Rambla Barcelona","description":"Periodismo independiente","publisher":{"@id":"https:\/\/www.revistarambla.com\/#organization"},"potentialAction":[{"@type":"SearchAction","target":{"@type":"EntryPoint","urlTemplate":"https:\/\/www.revistarambla.com\/?s={search_term_string}"},"query-input":{"@type":"PropertyValueSpecification","valueRequired":true,"valueName":"search_term_string"}}],"inLanguage":"en-GB"},{"@type":"Organization","@id":"https:\/\/www.revistarambla.com\/#organization","name":"Revista Rambla","url":"https:\/\/www.revistarambla.com\/","logo":{"@type":"ImageObject","inLanguage":"en-GB","@id":"https:\/\/www.revistarambla.com\/#\/schema\/logo\/image\/","url":"https:\/\/www.revistarambla.com\/wp-content\/uploads\/2020\/09\/banner_rambla_1900x600_BB.png","contentUrl":"https:\/\/www.revistarambla.com\/wp-content\/uploads\/2020\/09\/banner_rambla_1900x600_BB.png","width":1900,"height":600,"caption":"Revista Rambla"},"image":{"@id":"https:\/\/www.revistarambla.com\/#\/schema\/logo\/image\/"},"sameAs":["https:\/\/www.facebook.com\/revistarambla\/","https:\/\/x.com\/revistarambla","https:\/\/www.instagram.com\/revista_rambla","https:\/\/es.linkedin.com\/company\/revista-rambla"]},{"@type":"Person","@id":"https:\/\/www.revistarambla.com\/#\/schema\/person\/a146a5a2550b94981a75131180e1bd9c","name":"R@mbla","description":"Este art\u00edculo ha sido redactado y\/o validado por el equipo de redacci\u00f3n de Revista Rambla.","sameAs":["https:\/\/www.revistarambla.com\/","https:\/\/www.facebook.com\/revistarambla","https:\/\/x.com\/revistarambla"]}]}},"_links":{"self":[{"href":"https:\/\/www.revistarambla.com\/en\/wp-json\/wp\/v2\/posts\/67622","targetHints":{"allow":["GET"]}}],"collection":[{"href":"https:\/\/www.revistarambla.com\/en\/wp-json\/wp\/v2\/posts"}],"about":[{"href":"https:\/\/www.revistarambla.com\/en\/wp-json\/wp\/v2\/types\/post"}],"author":[{"embeddable":true,"href":"https:\/\/www.revistarambla.com\/en\/wp-json\/wp\/v2\/users\/3"}],"replies":[{"embeddable":true,"href":"https:\/\/www.revistarambla.com\/en\/wp-json\/wp\/v2\/comments?post=67622"}],"version-history":[{"count":1,"href":"https:\/\/www.revistarambla.com\/en\/wp-json\/wp\/v2\/posts\/67622\/revisions"}],"predecessor-version":[{"id":67624,"href":"https:\/\/www.revistarambla.com\/en\/wp-json\/wp\/v2\/posts\/67622\/revisions\/67624"}],"wp:featuredmedia":[{"embeddable":true,"href":"https:\/\/www.revistarambla.com\/en\/wp-json\/wp\/v2\/media\/67623"}],"wp:attachment":[{"href":"https:\/\/www.revistarambla.com\/en\/wp-json\/wp\/v2\/media?parent=67622"}],"wp:term":[{"taxonomy":"category","embeddable":true,"href":"https:\/\/www.revistarambla.com\/en\/wp-json\/wp\/v2\/categories?post=67622"},{"taxonomy":"post_tag","embeddable":true,"href":"https:\/\/www.revistarambla.com\/en\/wp-json\/wp\/v2\/tags?post=67622"}],"curies":[{"name":"wp","href":"https:\/\/api.w.org\/{rel}","templated":true}]}}