{"id":67616,"date":"2026-01-18T12:41:56","date_gmt":"2026-01-18T11:41:56","guid":{"rendered":"https:\/\/www.revistarambla.com\/?p=67616"},"modified":"2026-01-20T18:59:39","modified_gmt":"2026-01-20T17:59:39","slug":"la-sareb-y-el-uso-del-agua-como-instrumento-de-presion-diez-familias-vulnerables-denuncian-acoso-inmobiliario-en-casarrubuelos","status":"publish","type":"post","link":"https:\/\/www.revistarambla.com\/en\/la-sareb-y-el-uso-del-agua-como-instrumento-de-presion-diez-familias-vulnerables-denuncian-acoso-inmobiliario-en-casarrubuelos\/","title":{"rendered":"La Sareb y el uso del agua como instrumento de presi\u00f3n: diez familias vulnerables denuncian acoso inmobiliario en Casarrubuelos"},"content":{"rendered":"<p>La gesti\u00f3n de la vivienda p\u00fablica en Espa\u00f1a vuelve a situarse en el centro de la controversia. <!--more-->Diez familias en situaci\u00f3n de vulnerabilidad, residentes en un inmueble del municipio madrile\u00f1o de Casarrubuelos, denuncian estar siendo v\u00edctimas de acoso inmobiliario por parte de la Sareb, la Sociedad de Gesti\u00f3n de Activos procedentes de la Reestructuraci\u00f3n Bancaria, entidad participada mayoritariamente por el Estado y, por tanto, bajo la \u00f3rbita del Gobierno. El motivo inmediato de la denuncia es el corte del suministro de agua en el edificio, una medida que los vecinos consideran injustificada, desproporcionada y contraria a derecho, ya que sus contratos de alquiler social se encuentran plenamente vigentes.<\/p>\n<p>Seg\u00fan relatan los afectados, la Sareb ha ordenado la restricci\u00f3n del suministro en colaboraci\u00f3n con el Canal de Isabel II, la empresa p\u00fablica responsable del ciclo integral del agua en la Comunidad de Madrid. La justificaci\u00f3n es una supuesta deuda asociada al inmueble. Sin embargo, tanto los inquilinos como el Sindicato de Inquilinas e Inquilinos de Madrid subrayan que dicha deuda no corresponde a los actuales residentes, sino al antiguo propietario del edificio, anterior a la entrada de la Sareb como titular del activo.<\/p>\n<p>Para las familias afectadas, el corte del agua no es un hecho aislado ni una mera incidencia administrativa, sino un nuevo episodio dentro de una estrategia prolongada de presi\u00f3n. \u201cNo es un problema t\u00e9cnico ni un error puntual; es una forma de desgaste\u201d, explican los vecinos, que llevan a\u00f1os denunciando obst\u00e1culos para regularizar su situaci\u00f3n habitacional pese a residir en viviendas de titularidad p\u00fablica.<\/p>\n<p>La gravedad del caso se acent\u00faa por el contexto reciente. El pasado 29 de mayo de 2025, los inquilinos lograron una victoria que califican de hist\u00f3rica tras a\u00f1os de colectivo: la firma de nuevos contratos de alquiler social. Estos contratos llegaron despu\u00e9s de que la Sareb se negara inicialmente a formalizarlos, una negativa que, seg\u00fan los vecinos, los situ\u00f3 durante un largo periodo en un limbo jur\u00eddico y bajo la amenaza constante de desahucio. \u201cLa firma de los contratos fue fruto de la organizaci\u00f3n vecinal y del apoyo del Sindicato; supuso frenar un riesgo inmediato y real de perder nuestras casas\u201d, se\u00f1alan.<\/p>\n<p>Ese acuerdo parec\u00eda abrir una nueva etapa de estabilidad para las familias. Sin embargo, apenas unas semanas despu\u00e9s, la instalaci\u00f3n de cepos en el suministro de agua ha vuelto a colocar a los vecinos en una situaci\u00f3n l\u00edmite. Desde el Sindicato de Inquilinas e Inquilinos de Madrid denuncian que el Canal de Isabel II ha ejecutado la medida alegando una deuda que no es imputable a los actuales arrendatarios, lo que, a su juicio, vulnera el principio de responsabilidad individual y castiga injustamente a quienes cumplen con sus obligaciones contractuales.<\/p>\n<p>\u201cEl uso de los suministros b\u00e1sicos como herramienta de presi\u00f3n es una pr\u00e1ctica que encaja en la definici\u00f3n de acoso inmobiliario\u201d, advierten desde el sindicato. En este caso, a\u00f1aden, el hecho resulta especialmente grave porque afecta a viviendas de titularidad p\u00fablica y a familias vulnerables, lo que plantea serias dudas sobre la coherencia entre el discurso institucional de defensa del derecho a la vivienda y la pr\u00e1ctica cotidiana de los organismos dependientes o participados por el Estado.<\/p>\n<p>La Sareb, creada tras la crisis financiera para gestionar los activos t\u00f3xicos del sistema bancario, ha sido objeto de cr\u00edticas recurrentes por su papel en el mercado de la vivienda. Aunque su mandato incluye la desinversi\u00f3n ordenada de activos, organizaciones sociales y colectivos vecinales llevan a\u00f1os denunciando que su actuaci\u00f3n se ha alejado de una funci\u00f3n social acorde con su naturaleza p\u00fablica. El caso de Casarrubuelos se suma as\u00ed a una lista creciente de conflictos en los que se cuestiona la forma en que la entidad gestiona viviendas habitadas por familias con escasos recursos.<\/p>\n<p>Para los vecinos, el mensaje que se transmite es profundamente contradictorio. Por un lado, se reconoce formalmente su derecho a permanecer en las viviendas mediante contratos de alquiler social; por otro, se les priva de un suministro b\u00e1sico indispensable para la vida diaria. \u201cSin agua no hay vida digna, y sin vida digna no se puede hablar de derecho a la vivienda\u201d, resumen los afectados.<\/p>\n<p>El impacto del corte va m\u00e1s all\u00e1 de la incomodidad. El agua es un servicio esencial, imprescindible para la higiene, la alimentaci\u00f3n y la salud, especialmente en hogares con menores, personas mayores o con problemas de salud. La utilizaci\u00f3n de este recurso como palanca de presi\u00f3n no solo agrava la vulnerabilidad de las familias, sino que genera un clima de angustia e incertidumbre que los vecinos describen como insoportable.<\/p>\n<p>Desde Casarrubuelos, los residentes insisten en que la situaci\u00f3n actual no puede entenderse sin el recorrido previo de organizaci\u00f3n y resistencia colectiva. Durante a\u00f1os, explican, la uni\u00f3n vecinal y el apoyo de organizaciones sociales han sido las \u00fanicas herramientas eficaces para frenar procesos que consideran injustos y opacos. La firma de los contratos de alquiler social en mayo fue la prueba de que la movilizaci\u00f3n puede dar resultados. El conflicto actual, sostienen, demuestra que esa misma organizaci\u00f3n sigue siendo necesaria.<\/p>\n<p>\u201cEl problema no es solo nuestro edificio; es un modelo de gesti\u00f3n\u201d, afirman. A su juicio, el caso pone de relieve la necesidad urgente de cambiar la pol\u00edtica de vivienda en manos de la Sareb y de poner fin a las din\u00e1micas que priorizan criterios econ\u00f3micos sobre derechos b\u00e1sicos. Los vecinos reclaman que las viviendas p\u00fablicas se gestionen con una l\u00f3gica social, garantizando estabilidad, suministros b\u00e1sicos y condiciones de vida dignas para quienes las habitan.<\/p>\n<p>El Sindicato de Inquilinas e Inquilinos de Madrid coincide en este diagn\u00f3stico y alerta del precedente que puede sentar este tipo de actuaciones. Si se normaliza el uso del corte de suministros como mecanismo de presi\u00f3n, advierten, se abre la puerta a pr\u00e1cticas que erosionan derechos fundamentales y profundizan la desigualdad. \u201cNo se puede permitir que una empresa participada por el Estado act\u00fae como un gran tenedor privado sin asumir responsabilidades p\u00fablicas\u201d, sostienen.<\/p>\n<p>La controversia tambi\u00e9n interpela al conjunto de las administraciones implicadas. La coordinaci\u00f3n entre la Sareb y el Canal de Isabel II plantea preguntas inc\u00f3modas sobre los protocolos de actuaci\u00f3n cuando existen contratos de alquiler social en vigor y sobre las garant\u00edas que se ofrecen a los inquilinos frente a deudas heredadas de anteriores propietarios. Para los afectados, la falta de respuestas claras y soluciones inmediatas refuerza la sensaci\u00f3n de abandono institucional.<\/p>\n<p>Mientras tanto, las diez familias de Casarrubuelos contin\u00faan a la espera de que se restablezca el suministro y se reconozca, en la pr\u00e1ctica y no solo sobre el papel, su derecho a una vivienda digna. Su situaci\u00f3n se ha convertido en un s\u00edmbolo de un problema m\u00e1s amplio: la tensi\u00f3n entre la gesti\u00f3n econ\u00f3mica de los activos p\u00fablicos y la obligaci\u00f3n de proteger a las personas m\u00e1s vulnerables.<\/p>\n<p>\u201cLa experiencia nos ha ense\u00f1ado que solo la organizaci\u00f3n y la movilizaci\u00f3n frenan estos abusos\u201d, concluyen los vecinos. Su denuncia no es solo una reclamaci\u00f3n local, sino una llamada de atenci\u00f3n sobre el rumbo de las pol\u00edticas de vivienda y sobre el riesgo de que lo p\u00fablico se gestione con l\u00f3gicas que reproducen las mismas pr\u00e1cticas que se prometi\u00f3 superar tras la crisis. En Casarrubuelos, el agua se ha convertido en el centro de una batalla que, en el fondo, trata de algo mucho m\u00e1s profundo: el derecho a vivir con dignidad en un hogar seguro.<\/p>","protected":false},"excerpt":{"rendered":"<p>La gesti\u00f3n de la vivienda p\u00fablica en Espa\u00f1a vuelve a situarse en el centro de la controversia.<\/p>","protected":false},"author":3,"featured_media":67617,"comment_status":"closed","ping_status":"closed","sticky":false,"template":"","format":"standard","meta":{"footnotes":""},"categories":[58],"tags":[],"class_list":["post-67616","post","type-post","status-publish","format-standard","has-post-thumbnail","hentry","category-estado-espanol"],"yoast_head":"<!-- This site is optimized with the Yoast SEO plugin v27.5 - https:\/\/yoast.com\/product\/yoast-seo-wordpress\/ -->\n<title>La Sareb y el uso del agua como instrumento de presi\u00f3n: diez familias vulnerables denuncian acoso inmobiliario en Casarrubuelos - Revista Rambla<\/title>\n<meta name=\"robots\" content=\"index, follow, max-snippet:-1, max-image-preview:large, max-video-preview:-1\" \/>\n<link rel=\"canonical\" href=\"https:\/\/www.revistarambla.com\/en\/la-sareb-y-el-uso-del-agua-como-instrumento-de-presion-diez-familias-vulnerables-denuncian-acoso-inmobiliario-en-casarrubuelos\/\" \/>\n<meta property=\"og:locale\" content=\"en_GB\" \/>\n<meta property=\"og:type\" content=\"article\" \/>\n<meta property=\"og:title\" content=\"La Sareb y el uso del agua como instrumento de presi\u00f3n: diez familias vulnerables denuncian acoso inmobiliario en Casarrubuelos - Revista Rambla\" \/>\n<meta property=\"og:description\" content=\"La gesti\u00f3n de la vivienda p\u00fablica en Espa\u00f1a vuelve a situarse en el centro de la controversia.\" \/>\n<meta property=\"og:url\" content=\"https:\/\/www.revistarambla.com\/en\/la-sareb-y-el-uso-del-agua-como-instrumento-de-presion-diez-familias-vulnerables-denuncian-acoso-inmobiliario-en-casarrubuelos\/\" \/>\n<meta property=\"og:site_name\" content=\"Revista Rambla\" \/>\n<meta property=\"article:publisher\" content=\"https:\/\/www.facebook.com\/revistarambla\/\" \/>\n<meta property=\"article:author\" content=\"https:\/\/www.facebook.com\/revistarambla\" \/>\n<meta property=\"article:published_time\" content=\"2026-01-18T11:41:56+00:00\" \/>\n<meta property=\"article:modified_time\" content=\"2026-01-20T17:59:39+00:00\" \/>\n<meta property=\"og:image\" content=\"https:\/\/www.revistarambla.com\/wp-content\/uploads\/2026\/01\/stand-SIMA.png\" \/>\n\t<meta property=\"og:image:width\" content=\"740\" \/>\n\t<meta property=\"og:image:height\" content=\"479\" \/>\n\t<meta property=\"og:image:type\" content=\"image\/png\" \/>\n<meta name=\"author\" content=\"R@mbla\" \/>\n<meta name=\"twitter:card\" content=\"summary_large_image\" \/>\n<meta name=\"twitter:creator\" content=\"@revistarambla\" \/>\n<meta name=\"twitter:site\" content=\"@revistarambla\" \/>\n<meta name=\"twitter:label1\" content=\"Written by\" \/>\n\t<meta name=\"twitter:data1\" content=\"R@mbla\" \/>\n\t<meta name=\"twitter:label2\" content=\"Estimated reading time\" \/>\n\t<meta name=\"twitter:data2\" content=\"6 minutes\" \/>\n<script type=\"application\/ld+json\" class=\"yoast-schema-graph\">{\"@context\":\"https:\\\/\\\/schema.org\",\"@graph\":[{\"@type\":\"Article\",\"@id\":\"https:\\\/\\\/www.revistarambla.com\\\/la-sareb-y-el-uso-del-agua-como-instrumento-de-presion-diez-familias-vulnerables-denuncian-acoso-inmobiliario-en-casarrubuelos\\\/#article\",\"isPartOf\":{\"@id\":\"https:\\\/\\\/www.revistarambla.com\\\/la-sareb-y-el-uso-del-agua-como-instrumento-de-presion-diez-familias-vulnerables-denuncian-acoso-inmobiliario-en-casarrubuelos\\\/\"},\"author\":{\"name\":\"R@mbla\",\"@id\":\"https:\\\/\\\/www.revistarambla.com\\\/#\\\/schema\\\/person\\\/a146a5a2550b94981a75131180e1bd9c\"},\"headline\":\"La Sareb y el uso del agua como instrumento de presi\u00f3n: diez familias vulnerables denuncian acoso inmobiliario en Casarrubuelos\",\"datePublished\":\"2026-01-18T11:41:56+00:00\",\"dateModified\":\"2026-01-20T17:59:39+00:00\",\"mainEntityOfPage\":{\"@id\":\"https:\\\/\\\/www.revistarambla.com\\\/la-sareb-y-el-uso-del-agua-como-instrumento-de-presion-diez-familias-vulnerables-denuncian-acoso-inmobiliario-en-casarrubuelos\\\/\"},\"wordCount\":1331,\"publisher\":{\"@id\":\"https:\\\/\\\/www.revistarambla.com\\\/#organization\"},\"image\":{\"@id\":\"https:\\\/\\\/www.revistarambla.com\\\/la-sareb-y-el-uso-del-agua-como-instrumento-de-presion-diez-familias-vulnerables-denuncian-acoso-inmobiliario-en-casarrubuelos\\\/#primaryimage\"},\"thumbnailUrl\":\"https:\\\/\\\/www.revistarambla.com\\\/wp-content\\\/uploads\\\/2026\\\/01\\\/stand-SIMA.png\",\"articleSection\":[\"Estado Espa\u00f1ol\"],\"inLanguage\":\"en-GB\"},{\"@type\":\"WebPage\",\"@id\":\"https:\\\/\\\/www.revistarambla.com\\\/la-sareb-y-el-uso-del-agua-como-instrumento-de-presion-diez-familias-vulnerables-denuncian-acoso-inmobiliario-en-casarrubuelos\\\/\",\"url\":\"https:\\\/\\\/www.revistarambla.com\\\/la-sareb-y-el-uso-del-agua-como-instrumento-de-presion-diez-familias-vulnerables-denuncian-acoso-inmobiliario-en-casarrubuelos\\\/\",\"name\":\"La Sareb y el uso del agua como instrumento de presi\u00f3n: diez familias vulnerables denuncian acoso inmobiliario en Casarrubuelos - Revista Rambla\",\"isPartOf\":{\"@id\":\"https:\\\/\\\/www.revistarambla.com\\\/#website\"},\"primaryImageOfPage\":{\"@id\":\"https:\\\/\\\/www.revistarambla.com\\\/la-sareb-y-el-uso-del-agua-como-instrumento-de-presion-diez-familias-vulnerables-denuncian-acoso-inmobiliario-en-casarrubuelos\\\/#primaryimage\"},\"image\":{\"@id\":\"https:\\\/\\\/www.revistarambla.com\\\/la-sareb-y-el-uso-del-agua-como-instrumento-de-presion-diez-familias-vulnerables-denuncian-acoso-inmobiliario-en-casarrubuelos\\\/#primaryimage\"},\"thumbnailUrl\":\"https:\\\/\\\/www.revistarambla.com\\\/wp-content\\\/uploads\\\/2026\\\/01\\\/stand-SIMA.png\",\"datePublished\":\"2026-01-18T11:41:56+00:00\",\"dateModified\":\"2026-01-20T17:59:39+00:00\",\"breadcrumb\":{\"@id\":\"https:\\\/\\\/www.revistarambla.com\\\/la-sareb-y-el-uso-del-agua-como-instrumento-de-presion-diez-familias-vulnerables-denuncian-acoso-inmobiliario-en-casarrubuelos\\\/#breadcrumb\"},\"inLanguage\":\"en-GB\",\"potentialAction\":[{\"@type\":\"ReadAction\",\"target\":[\"https:\\\/\\\/www.revistarambla.com\\\/la-sareb-y-el-uso-del-agua-como-instrumento-de-presion-diez-familias-vulnerables-denuncian-acoso-inmobiliario-en-casarrubuelos\\\/\"]}]},{\"@type\":\"ImageObject\",\"inLanguage\":\"en-GB\",\"@id\":\"https:\\\/\\\/www.revistarambla.com\\\/la-sareb-y-el-uso-del-agua-como-instrumento-de-presion-diez-familias-vulnerables-denuncian-acoso-inmobiliario-en-casarrubuelos\\\/#primaryimage\",\"url\":\"https:\\\/\\\/www.revistarambla.com\\\/wp-content\\\/uploads\\\/2026\\\/01\\\/stand-SIMA.png\",\"contentUrl\":\"https:\\\/\\\/www.revistarambla.com\\\/wp-content\\\/uploads\\\/2026\\\/01\\\/stand-SIMA.png\",\"width\":740,\"height\":479,\"caption\":\"sareb corta agua\"},{\"@type\":\"BreadcrumbList\",\"@id\":\"https:\\\/\\\/www.revistarambla.com\\\/la-sareb-y-el-uso-del-agua-como-instrumento-de-presion-diez-familias-vulnerables-denuncian-acoso-inmobiliario-en-casarrubuelos\\\/#breadcrumb\",\"itemListElement\":[{\"@type\":\"ListItem\",\"position\":1,\"name\":\"Portada\",\"item\":\"https:\\\/\\\/www.revistarambla.com\\\/\"},{\"@type\":\"ListItem\",\"position\":2,\"name\":\"La Sareb y el uso del agua como instrumento de presi\u00f3n: diez familias vulnerables denuncian acoso inmobiliario en Casarrubuelos\"}]},{\"@type\":\"WebSite\",\"@id\":\"https:\\\/\\\/www.revistarambla.com\\\/#website\",\"url\":\"https:\\\/\\\/www.revistarambla.com\\\/\",\"name\":\"Revista Rambla Barcelona\",\"description\":\"Periodismo independiente\",\"publisher\":{\"@id\":\"https:\\\/\\\/www.revistarambla.com\\\/#organization\"},\"potentialAction\":[{\"@type\":\"SearchAction\",\"target\":{\"@type\":\"EntryPoint\",\"urlTemplate\":\"https:\\\/\\\/www.revistarambla.com\\\/?s={search_term_string}\"},\"query-input\":{\"@type\":\"PropertyValueSpecification\",\"valueRequired\":true,\"valueName\":\"search_term_string\"}}],\"inLanguage\":\"en-GB\"},{\"@type\":\"Organization\",\"@id\":\"https:\\\/\\\/www.revistarambla.com\\\/#organization\",\"name\":\"Revista Rambla\",\"url\":\"https:\\\/\\\/www.revistarambla.com\\\/\",\"logo\":{\"@type\":\"ImageObject\",\"inLanguage\":\"en-GB\",\"@id\":\"https:\\\/\\\/www.revistarambla.com\\\/#\\\/schema\\\/logo\\\/image\\\/\",\"url\":\"https:\\\/\\\/www.revistarambla.com\\\/wp-content\\\/uploads\\\/2020\\\/09\\\/banner_rambla_1900x600_BB.png\",\"contentUrl\":\"https:\\\/\\\/www.revistarambla.com\\\/wp-content\\\/uploads\\\/2020\\\/09\\\/banner_rambla_1900x600_BB.png\",\"width\":1900,\"height\":600,\"caption\":\"Revista Rambla\"},\"image\":{\"@id\":\"https:\\\/\\\/www.revistarambla.com\\\/#\\\/schema\\\/logo\\\/image\\\/\"},\"sameAs\":[\"https:\\\/\\\/www.facebook.com\\\/revistarambla\\\/\",\"https:\\\/\\\/x.com\\\/revistarambla\",\"https:\\\/\\\/www.instagram.com\\\/revista_rambla\",\"https:\\\/\\\/es.linkedin.com\\\/company\\\/revista-rambla\"]},{\"@type\":\"Person\",\"@id\":\"https:\\\/\\\/www.revistarambla.com\\\/#\\\/schema\\\/person\\\/a146a5a2550b94981a75131180e1bd9c\",\"name\":\"R@mbla\",\"description\":\"Este art\u00edculo ha sido redactado y\\\/o validado por el equipo de redacci\u00f3n de Revista Rambla.\",\"sameAs\":[\"https:\\\/\\\/www.revistarambla.com\\\/\",\"https:\\\/\\\/www.facebook.com\\\/revistarambla\",\"https:\\\/\\\/x.com\\\/revistarambla\"]}]}<\/script>\n<!-- \/ Yoast SEO plugin. -->","yoast_head_json":{"title":"La Sareb y el uso del agua como instrumento de presi\u00f3n: diez familias vulnerables denuncian acoso inmobiliario en Casarrubuelos - Revista Rambla","robots":{"index":"index","follow":"follow","max-snippet":"max-snippet:-1","max-image-preview":"max-image-preview:large","max-video-preview":"max-video-preview:-1"},"canonical":"https:\/\/www.revistarambla.com\/en\/la-sareb-y-el-uso-del-agua-como-instrumento-de-presion-diez-familias-vulnerables-denuncian-acoso-inmobiliario-en-casarrubuelos\/","og_locale":"en_GB","og_type":"article","og_title":"La Sareb y el uso del agua como instrumento de presi\u00f3n: diez familias vulnerables denuncian acoso inmobiliario en Casarrubuelos - Revista Rambla","og_description":"La gesti\u00f3n de la vivienda p\u00fablica en Espa\u00f1a vuelve a situarse en el centro de la controversia.","og_url":"https:\/\/www.revistarambla.com\/en\/la-sareb-y-el-uso-del-agua-como-instrumento-de-presion-diez-familias-vulnerables-denuncian-acoso-inmobiliario-en-casarrubuelos\/","og_site_name":"Revista Rambla","article_publisher":"https:\/\/www.facebook.com\/revistarambla\/","article_author":"https:\/\/www.facebook.com\/revistarambla","article_published_time":"2026-01-18T11:41:56+00:00","article_modified_time":"2026-01-20T17:59:39+00:00","og_image":[{"width":740,"height":479,"url":"https:\/\/www.revistarambla.com\/wp-content\/uploads\/2026\/01\/stand-SIMA.png","type":"image\/png"}],"author":"R@mbla","twitter_card":"summary_large_image","twitter_creator":"@revistarambla","twitter_site":"@revistarambla","twitter_misc":{"Written by":"R@mbla","Estimated reading time":"6 minutes"},"schema":{"@context":"https:\/\/schema.org","@graph":[{"@type":"Article","@id":"https:\/\/www.revistarambla.com\/la-sareb-y-el-uso-del-agua-como-instrumento-de-presion-diez-familias-vulnerables-denuncian-acoso-inmobiliario-en-casarrubuelos\/#article","isPartOf":{"@id":"https:\/\/www.revistarambla.com\/la-sareb-y-el-uso-del-agua-como-instrumento-de-presion-diez-familias-vulnerables-denuncian-acoso-inmobiliario-en-casarrubuelos\/"},"author":{"name":"R@mbla","@id":"https:\/\/www.revistarambla.com\/#\/schema\/person\/a146a5a2550b94981a75131180e1bd9c"},"headline":"La Sareb y el uso del agua como instrumento de presi\u00f3n: diez familias vulnerables denuncian acoso inmobiliario en Casarrubuelos","datePublished":"2026-01-18T11:41:56+00:00","dateModified":"2026-01-20T17:59:39+00:00","mainEntityOfPage":{"@id":"https:\/\/www.revistarambla.com\/la-sareb-y-el-uso-del-agua-como-instrumento-de-presion-diez-familias-vulnerables-denuncian-acoso-inmobiliario-en-casarrubuelos\/"},"wordCount":1331,"publisher":{"@id":"https:\/\/www.revistarambla.com\/#organization"},"image":{"@id":"https:\/\/www.revistarambla.com\/la-sareb-y-el-uso-del-agua-como-instrumento-de-presion-diez-familias-vulnerables-denuncian-acoso-inmobiliario-en-casarrubuelos\/#primaryimage"},"thumbnailUrl":"https:\/\/www.revistarambla.com\/wp-content\/uploads\/2026\/01\/stand-SIMA.png","articleSection":["Estado Espa\u00f1ol"],"inLanguage":"en-GB"},{"@type":"WebPage","@id":"https:\/\/www.revistarambla.com\/la-sareb-y-el-uso-del-agua-como-instrumento-de-presion-diez-familias-vulnerables-denuncian-acoso-inmobiliario-en-casarrubuelos\/","url":"https:\/\/www.revistarambla.com\/la-sareb-y-el-uso-del-agua-como-instrumento-de-presion-diez-familias-vulnerables-denuncian-acoso-inmobiliario-en-casarrubuelos\/","name":"La Sareb y el uso del agua como instrumento de presi\u00f3n: diez familias vulnerables denuncian acoso inmobiliario en Casarrubuelos - Revista Rambla","isPartOf":{"@id":"https:\/\/www.revistarambla.com\/#website"},"primaryImageOfPage":{"@id":"https:\/\/www.revistarambla.com\/la-sareb-y-el-uso-del-agua-como-instrumento-de-presion-diez-familias-vulnerables-denuncian-acoso-inmobiliario-en-casarrubuelos\/#primaryimage"},"image":{"@id":"https:\/\/www.revistarambla.com\/la-sareb-y-el-uso-del-agua-como-instrumento-de-presion-diez-familias-vulnerables-denuncian-acoso-inmobiliario-en-casarrubuelos\/#primaryimage"},"thumbnailUrl":"https:\/\/www.revistarambla.com\/wp-content\/uploads\/2026\/01\/stand-SIMA.png","datePublished":"2026-01-18T11:41:56+00:00","dateModified":"2026-01-20T17:59:39+00:00","breadcrumb":{"@id":"https:\/\/www.revistarambla.com\/la-sareb-y-el-uso-del-agua-como-instrumento-de-presion-diez-familias-vulnerables-denuncian-acoso-inmobiliario-en-casarrubuelos\/#breadcrumb"},"inLanguage":"en-GB","potentialAction":[{"@type":"ReadAction","target":["https:\/\/www.revistarambla.com\/la-sareb-y-el-uso-del-agua-como-instrumento-de-presion-diez-familias-vulnerables-denuncian-acoso-inmobiliario-en-casarrubuelos\/"]}]},{"@type":"ImageObject","inLanguage":"en-GB","@id":"https:\/\/www.revistarambla.com\/la-sareb-y-el-uso-del-agua-como-instrumento-de-presion-diez-familias-vulnerables-denuncian-acoso-inmobiliario-en-casarrubuelos\/#primaryimage","url":"https:\/\/www.revistarambla.com\/wp-content\/uploads\/2026\/01\/stand-SIMA.png","contentUrl":"https:\/\/www.revistarambla.com\/wp-content\/uploads\/2026\/01\/stand-SIMA.png","width":740,"height":479,"caption":"sareb corta agua"},{"@type":"BreadcrumbList","@id":"https:\/\/www.revistarambla.com\/la-sareb-y-el-uso-del-agua-como-instrumento-de-presion-diez-familias-vulnerables-denuncian-acoso-inmobiliario-en-casarrubuelos\/#breadcrumb","itemListElement":[{"@type":"ListItem","position":1,"name":"Portada","item":"https:\/\/www.revistarambla.com\/"},{"@type":"ListItem","position":2,"name":"La Sareb y el uso del agua como instrumento de presi\u00f3n: diez familias vulnerables denuncian acoso inmobiliario en Casarrubuelos"}]},{"@type":"WebSite","@id":"https:\/\/www.revistarambla.com\/#website","url":"https:\/\/www.revistarambla.com\/","name":"Revista Rambla Barcelona","description":"Periodismo independiente","publisher":{"@id":"https:\/\/www.revistarambla.com\/#organization"},"potentialAction":[{"@type":"SearchAction","target":{"@type":"EntryPoint","urlTemplate":"https:\/\/www.revistarambla.com\/?s={search_term_string}"},"query-input":{"@type":"PropertyValueSpecification","valueRequired":true,"valueName":"search_term_string"}}],"inLanguage":"en-GB"},{"@type":"Organization","@id":"https:\/\/www.revistarambla.com\/#organization","name":"Revista Rambla","url":"https:\/\/www.revistarambla.com\/","logo":{"@type":"ImageObject","inLanguage":"en-GB","@id":"https:\/\/www.revistarambla.com\/#\/schema\/logo\/image\/","url":"https:\/\/www.revistarambla.com\/wp-content\/uploads\/2020\/09\/banner_rambla_1900x600_BB.png","contentUrl":"https:\/\/www.revistarambla.com\/wp-content\/uploads\/2020\/09\/banner_rambla_1900x600_BB.png","width":1900,"height":600,"caption":"Revista Rambla"},"image":{"@id":"https:\/\/www.revistarambla.com\/#\/schema\/logo\/image\/"},"sameAs":["https:\/\/www.facebook.com\/revistarambla\/","https:\/\/x.com\/revistarambla","https:\/\/www.instagram.com\/revista_rambla","https:\/\/es.linkedin.com\/company\/revista-rambla"]},{"@type":"Person","@id":"https:\/\/www.revistarambla.com\/#\/schema\/person\/a146a5a2550b94981a75131180e1bd9c","name":"R@mbla","description":"Este art\u00edculo ha sido redactado y\/o validado por el equipo de redacci\u00f3n de Revista Rambla.","sameAs":["https:\/\/www.revistarambla.com\/","https:\/\/www.facebook.com\/revistarambla","https:\/\/x.com\/revistarambla"]}]}},"_links":{"self":[{"href":"https:\/\/www.revistarambla.com\/en\/wp-json\/wp\/v2\/posts\/67616","targetHints":{"allow":["GET"]}}],"collection":[{"href":"https:\/\/www.revistarambla.com\/en\/wp-json\/wp\/v2\/posts"}],"about":[{"href":"https:\/\/www.revistarambla.com\/en\/wp-json\/wp\/v2\/types\/post"}],"author":[{"embeddable":true,"href":"https:\/\/www.revistarambla.com\/en\/wp-json\/wp\/v2\/users\/3"}],"replies":[{"embeddable":true,"href":"https:\/\/www.revistarambla.com\/en\/wp-json\/wp\/v2\/comments?post=67616"}],"version-history":[{"count":2,"href":"https:\/\/www.revistarambla.com\/en\/wp-json\/wp\/v2\/posts\/67616\/revisions"}],"predecessor-version":[{"id":67647,"href":"https:\/\/www.revistarambla.com\/en\/wp-json\/wp\/v2\/posts\/67616\/revisions\/67647"}],"wp:featuredmedia":[{"embeddable":true,"href":"https:\/\/www.revistarambla.com\/en\/wp-json\/wp\/v2\/media\/67617"}],"wp:attachment":[{"href":"https:\/\/www.revistarambla.com\/en\/wp-json\/wp\/v2\/media?parent=67616"}],"wp:term":[{"taxonomy":"category","embeddable":true,"href":"https:\/\/www.revistarambla.com\/en\/wp-json\/wp\/v2\/categories?post=67616"},{"taxonomy":"post_tag","embeddable":true,"href":"https:\/\/www.revistarambla.com\/en\/wp-json\/wp\/v2\/tags?post=67616"}],"curies":[{"name":"wp","href":"https:\/\/api.w.org\/{rel}","templated":true}]}}