{"id":67592,"date":"2026-01-09T20:06:51","date_gmt":"2026-01-09T19:06:51","guid":{"rendered":"https:\/\/www.revistarambla.com\/?p=67592"},"modified":"2026-01-09T20:06:51","modified_gmt":"2026-01-09T19:06:51","slug":"la-caza-de-grandes-ballenas-en-sudamerica-comenzo-hace-5-000-anos-unmilenio-antes-de-lo-que-se-creia","status":"publish","type":"post","link":"https:\/\/www.revistarambla.com\/en\/la-caza-de-grandes-ballenas-en-sudamerica-comenzo-hace-5-000-anos-unmilenio-antes-de-lo-que-se-creia\/","title":{"rendered":"La caza de grandes ballenas en Sudam\u00e9rica comenz\u00f3 hace 5.000 a\u00f1os, unmilenio antes de lo que se cre\u00eda"},"content":{"rendered":"<p>Una investigaci\u00f3n cient\u00edfica internacional ha dado un giro hist\u00f3rico a nuestro entendimiento de c\u00f3mo y cu\u00e1ndo las sociedades humanas comenzaron a cazar grandes ballenas. El nuevo estudio, publicado en la prestigiosa revista <em>Nature Communications<\/em>, presenta pruebas contundentes de que comunidades ind\u00edgenas en el sur de Brasil cazaban activamente <strong>grandes cet\u00e1ceos hace m\u00e1s de 5.000 a\u00f1os<\/strong>, al menos <strong>mil a\u00f1os antes<\/strong> de las primeras evidencias documentadas en las culturas del \u00c1rtico y el Pac\u00edfico Norte.<\/p>\n<p>Este descubrimiento no solo obliga a replantear la cronolog\u00eda de la historia mar\u00edtima humana, sino que tambi\u00e9n destaca la sofisticaci\u00f3n tecnol\u00f3gica, la complejidad social y el profundo conocimiento ecol\u00f3gico de los pueblos ind\u00edgenas sudamericanos que habitaron la costa atl\u00e1ntica de Brasil en el Holoceno.<\/p>\n<h2>\ud83d\udd0d <strong>Un estudio que reescribe los or\u00edgenes de la caza de ballenas<\/strong><\/h2>\n<p>Hasta ahora, la evidencia arqueol\u00f3gica y antropol\u00f3gica suger\u00eda que la caza sistem\u00e1tica de grandes ballenas surgi\u00f3 entre hace aproximadamente <strong>3.500 y 2.500 a\u00f1os<\/strong> en comunidades posglaciales del hemisferio norte, especialmente en el \u00c1rtico y el Pac\u00edfico Norte, donde los pueblos inuit y otras sociedades desarrollaron complejas tecnolog\u00edas balleneras.<\/p>\n<p>Sin embargo, la nueva investigaci\u00f3n liderada por cient\u00edficos del Instituto de Ciencia y Tecnolog\u00eda Ambientales de la Universitat Aut\u00f2noma de Barcelona (ICTA-UAB) y el Departamento de Prehistoria de la UAB, en colaboraci\u00f3n con arque\u00f3logos internacionales, presenta pruebas claras de que la caza de cet\u00e1ceos era una pr\u00e1ctica establecida en Sudam\u00e9rica mucho antes.<\/p>\n<p>\u201cLa evidencia demuestra claramente que estas comunidades desarrollaron el conocimiento, las herramientas y las estrategias especializadas necesarias para cazar grandes ballenas miles de a\u00f1os antes de lo que se supon\u00eda\u201d, afirmaron los investigadores.<\/p>\n<h2>\ud83e\uddec <strong>El hallazgo: sambaquis, huesos y arpones antiguos<\/strong><\/h2>\n<p>El estudio se centr\u00f3 en el an\u00e1lisis de restos de cet\u00e1ceos y artefactos de hueso recuperados de los <strong>sambaquis<\/strong>, mont\u00edculos monumentales de conchas construidos por sociedades del Holoceno a lo largo de la costa del estado de <strong>Santa Catarina<\/strong>, en la regi\u00f3n de la bah\u00eda de <strong>Babitonga<\/strong>, en el sur de Brasil.<\/p>\n<p>Estos mont\u00edculos, algunos de los cuales datan de m\u00e1s de 6.000 a\u00f1os, contienen restos arqueol\u00f3gicos que han sido objeto de excavaci\u00f3n y estudio desde hace d\u00e9cadas, aunque muchos de los yacimientos originales han desaparecido debido a la urbanizaci\u00f3n y la destrucci\u00f3n de sitios.<\/p>\n<h3>\ud83e\uddb4 <strong>Pruebas directas de caza activa<\/strong><\/h3>\n<p>Los investigadores emplearon una combinaci\u00f3n de t\u00e9cnicas avanzadas, como:<\/p>\n<ul>\n<li><strong>Zooarqueolog\u00eda tradicional<\/strong>, para identificar especies y marcas de corte en los huesos.<\/li>\n<li><strong>An\u00e1lisis tipol\u00f3gico<\/strong>, para estudiar herramientas hechas de hueso, especialmente arpones.<\/li>\n<li><strong>T\u00e9cnicas moleculares de \u00faltima generaci\u00f3n<\/strong>, incluyendo espectrometr\u00eda de masas (ZooMS), para confirmar la procedencia de las muestras y su antig\u00fcedad.<\/li>\n<\/ul>\n<p>Los an\u00e1lisis revelaron <strong>restos de ballenas francas australes, jorobadas, rorcuales azules y sei<\/strong>, adem\u00e1s de <strong>cachalotes y delfines<\/strong>, muchos con <strong>marcas de corte claramente asociadas al despiece<\/strong> y herramientas fabricadas con hueso de ballena dise\u00f1adas para la caza, incluidas puntas de arpones que se consideran entre los m\u00e1s grandes hallados en Sudam\u00e9rica.<\/p>\n<p>La presencia de estos artefactos junto con la abundancia de huesos de ballena, su inclusi\u00f3n en contextos funerarios y la mezcla de especies costeras, \u00abproporciona evidencia s\u00f3lida de caza activa y no simplemente de aprovechamiento oportunista de animales varados\u00bb seg\u00fan el equipo investigador.<\/p>\n<h2>\ud83c\udf0a <strong>\u00bfQu\u00e9 eran los sambaquis y qui\u00e9nes los construyeron?<\/strong><\/h2>\n<p>Los <strong>sambaquis<\/strong> son grandes mont\u00edculos de conchas marinas, huesos y artefactos que se encuentran a lo largo de la costa atl\u00e1ntica de Brasil y que fueron construidos por comunidades humanas durante miles de a\u00f1os, desde aproximadamente hace <strong>7.000 a\u00f1os hasta unos pocos cientos de a\u00f1os antes de la llegada europea<\/strong>. Estos mont\u00edculos funcionaban como:<\/p>\n<ul>\n<li><strong>Asentamientos residenciales<\/strong>.<\/li>\n<li><strong>Cementerios ceremoniales<\/strong>.<\/li>\n<li><strong>Centros de actividad social y econ\u00f3mica costera<\/strong>.<\/li>\n<\/ul>\n<p>Las comunidades que los construyeron son conocidas colectivamente como <strong>pueblos sambaqui<\/strong>, quienes desde hace tiempo han sido reconocidos por su profundo v\u00ednculo con el mar, su dieta basada en recursos marinos y sus complejas pr\u00e1cticas culturales. El nuevo estudio sugiere que estos grupos no solo <strong>recolectaban mariscos y pescaban activamente<\/strong>, sino que tambi\u00e9n ten\u00edan un <strong>papel destacado como balleneros prehist\u00f3ricos<\/strong>.<\/p>\n<h2>\u2693 <strong>Una cultura mar\u00edtima avanzada que desaf\u00eda viejas ideas<\/strong><\/h2>\n<p>Este hallazgo redefine el papel de las sociedades sudamericanas en la historia de las culturas mar\u00edtimas. Hasta ahora, se pensaba que las sociedades balleneras m\u00e1s antiguas estaban en regiones fr\u00edas y templadas de los oc\u00e9anos Norte y Pac\u00edfico, donde la caza de ballenas formaba parte de econom\u00edas altamente especializadas.<\/p>\n<p>Sin embargo, los resultados de este estudio sit\u00faan a <strong>las comunidades ind\u00edgenas del sur de Brasil como pioneras en la caza de grandes cet\u00e1ceos<\/strong>, con tecnolog\u00edas especializadas y estrategias que reflejan una <strong>organizaci\u00f3n social compleja, cooperaci\u00f3n colectiva e incluso significados rituales asociados a la caza de grandes animales marinos<\/strong>.<\/p>\n<p>Andr\u00e9 Colonese, uno de los autores s\u00e9nior, ha destacado que \u201ceste estudio abre una nueva perspectiva sobre la organizaci\u00f3n social de los pueblos sambaqui y representa un cambio de paradigma, ya que ahora se puede ver a estos grupos no solo como recolectores de mariscos y pescadores, sino tambi\u00e9n como balleneros\u201d.<\/p>\n<h2>\ud83e\udded <strong>Implicaciones ecol\u00f3gicas y de conservaci\u00f3n<\/strong><\/h2>\n<p>Adem\u00e1s de reescribir parte de la historia humana, el estudio ofrece <strong>nuevas claves sobre la distribuci\u00f3n hist\u00f3rica de las especies de ballenas<\/strong>. La presencia abundante de restos de ballena jorobada, por ejemplo, sugiere que <strong>su distribuci\u00f3n geogr\u00e1fica hace miles de a\u00f1os era mucho m\u00e1s al sur que los principales lugares de cr\u00eda actuales frente a la costa de Brasil<\/strong>.<\/p>\n<p>Los investigadores se\u00f1alan que el reciente aumento de avistamientos de ballenas en el sur de Brasil podr\u00eda reflejar un <strong>proceso hist\u00f3rico de recolonizaci\u00f3n<\/strong>, lo que tiene implicaciones importantes para programas de conservaci\u00f3n y manejo de especies marinas en la actualidad.<\/p>\n<h2>\ud83e\uddea <strong>M\u00e9todos cient\u00edficos que permitieron el hallazgo<\/strong><\/h2>\n<p>Una de las claves del estudio fue la combinaci\u00f3n de m\u00e9todos tradicionales de arqueolog\u00eda con t\u00e9cnicas modernas de an\u00e1lisis molecular. La aplicaci\u00f3n de <strong>ZooMS (zooarqueolog\u00eda mediante espectrometr\u00eda de masas)<\/strong> permiti\u00f3 identificar de forma precisa los restos \u00f3seos de diversas especies de cet\u00e1ceos, incluso cuando estaban fragmentados o modificados por la fabricaci\u00f3n de artefactos.<\/p>\n<p>Del mismo modo, el an\u00e1lisis tipol\u00f3gico de herramientas hechas de hueso permiti\u00f3 identificar puntas de arpones que encajan con una tecnolog\u00eda de caza dirigida a <strong>grandes presas marinas<\/strong>, lo que es consistente con una pr\u00e1ctica de caza activa en lugar de simple recolecci\u00f3n de animales varados.<\/p>\n<h2>\ud83d\udcdc <strong>Un legado cultural y cient\u00edfico<\/strong><\/h2>\n<p>Este descubrimiento no solo transforma nuestra comprensi\u00f3n de la historia mar\u00edtima antigua en el hemisferio sur, sino que tambi\u00e9n resalta la importancia de preservar los <strong>patrimonios arqueol\u00f3gicos y los museos<\/strong> que albergan colecciones como las del <strong>Museo Arqueol\u00f3gico de Sambaquis de Joinville<\/strong>, donde se conservan muchos de los restos y artefactos analizados.<\/p>\n<p>Las evidencias sugieren que las pr\u00e1cticas culturales de estos antiguos pueblos iban mucho m\u00e1s all\u00e1 de lo que se hab\u00eda documentado hasta ahora. Las ballenas no solo fueron una fuente de alimento y materia prima, sino que tambi\u00e9n tuvieron un papel simb\u00f3lico y ritual en las sociedades sambaqui.<\/p>\n<h2>\ud83d\udccc <strong>Conclusi\u00f3n<\/strong><\/h2>\n<p>El hallazgo de que la caza de grandes ballenas en Brasil comenz\u00f3 hace 5.000 a\u00f1os cambia fundamentalmente nuestra comprensi\u00f3n de las capacidades tecnol\u00f3gicas y la organizaci\u00f3n social de las primeras comunidades costeras humanas en Sudam\u00e9rica.<\/p>\n<p>Lejos de ser sociedades simples de recolectores y pescadores, los pueblos sambaqui desarrollaron <strong>conocimientos especializados, herramientas complejas y estrategias de cooperaci\u00f3n colectiva que les permitieron cazar algunos de los animales m\u00e1s grandes del oc\u00e9ano<\/strong> mucho antes de lo que se habr\u00eda esperado seg\u00fan los modelos cl\u00e1sicos de historia mar\u00edtima.<\/p>\n<p>Este avance cient\u00edfico tiene implicaciones para <strong>la arqueolog\u00eda, la historia humana, la biogeograf\u00eda de las ballenas y la conservaci\u00f3n marina<\/strong>, y demuestra que nuestra relaci\u00f3n con los oc\u00e9anos y sus gigantes ha sido profunda y extensa desde tiempos prehist\u00f3ricos.<\/p>","protected":false},"excerpt":{"rendered":"<p>Un hallazgo arqueol\u00f3gico que revoluciona la historia<\/p>","protected":false},"author":3,"featured_media":67593,"comment_status":"closed","ping_status":"closed","sticky":false,"template":"","format":"standard","meta":{"footnotes":""},"categories":[4099],"tags":[],"class_list":["post-67592","post","type-post","status-publish","format-standard","has-post-thumbnail","hentry","category-otras-miradas"],"yoast_head":"<!-- This site is optimized with the Yoast SEO plugin v27.5 - https:\/\/yoast.com\/product\/yoast-seo-wordpress\/ -->\n<title>La caza de grandes ballenas en Sudam\u00e9rica comenz\u00f3 hace 5.000 a\u00f1os, unmilenio antes de lo que se cre\u00eda - Revista Rambla<\/title>\n<meta name=\"robots\" content=\"index, follow, max-snippet:-1, max-image-preview:large, max-video-preview:-1\" \/>\n<link rel=\"canonical\" href=\"https:\/\/www.revistarambla.com\/en\/la-caza-de-grandes-ballenas-en-sudamerica-comenzo-hace-5-000-anos-unmilenio-antes-de-lo-que-se-creia\/\" \/>\n<meta property=\"og:locale\" content=\"en_GB\" \/>\n<meta property=\"og:type\" content=\"article\" \/>\n<meta property=\"og:title\" content=\"La caza de grandes ballenas en Sudam\u00e9rica comenz\u00f3 hace 5.000 a\u00f1os, unmilenio antes de lo que se cre\u00eda - Revista Rambla\" \/>\n<meta property=\"og:description\" content=\"Un hallazgo arqueol\u00f3gico que revoluciona la historia\" \/>\n<meta property=\"og:url\" content=\"https:\/\/www.revistarambla.com\/en\/la-caza-de-grandes-ballenas-en-sudamerica-comenzo-hace-5-000-anos-unmilenio-antes-de-lo-que-se-creia\/\" \/>\n<meta property=\"og:site_name\" content=\"Revista Rambla\" \/>\n<meta property=\"article:publisher\" content=\"https:\/\/www.facebook.com\/revistarambla\/\" \/>\n<meta property=\"article:author\" content=\"https:\/\/www.facebook.com\/revistarambla\" \/>\n<meta property=\"article:published_time\" content=\"2026-01-09T19:06:51+00:00\" \/>\n<meta property=\"og:image\" content=\"https:\/\/www.revistarambla.com\/wp-content\/uploads\/2026\/01\/1767888182143_1920.webp\" \/>\n\t<meta property=\"og:image:width\" content=\"1920\" \/>\n\t<meta property=\"og:image:height\" content=\"1047\" \/>\n\t<meta property=\"og:image:type\" content=\"image\/webp\" \/>\n<meta name=\"author\" content=\"R@mbla\" \/>\n<meta name=\"twitter:card\" content=\"summary_large_image\" \/>\n<meta name=\"twitter:creator\" content=\"@revistarambla\" \/>\n<meta name=\"twitter:site\" content=\"@revistarambla\" \/>\n<meta name=\"twitter:label1\" content=\"Written by\" \/>\n\t<meta name=\"twitter:data1\" content=\"R@mbla\" \/>\n\t<meta name=\"twitter:label2\" content=\"Estimated reading time\" \/>\n\t<meta name=\"twitter:data2\" content=\"6 minutes\" \/>\n<script type=\"application\/ld+json\" class=\"yoast-schema-graph\">{\"@context\":\"https:\\\/\\\/schema.org\",\"@graph\":[{\"@type\":\"Article\",\"@id\":\"https:\\\/\\\/www.revistarambla.com\\\/la-caza-de-grandes-ballenas-en-sudamerica-comenzo-hace-5-000-anos-unmilenio-antes-de-lo-que-se-creia\\\/#article\",\"isPartOf\":{\"@id\":\"https:\\\/\\\/www.revistarambla.com\\\/la-caza-de-grandes-ballenas-en-sudamerica-comenzo-hace-5-000-anos-unmilenio-antes-de-lo-que-se-creia\\\/\"},\"author\":{\"name\":\"R@mbla\",\"@id\":\"https:\\\/\\\/www.revistarambla.com\\\/#\\\/schema\\\/person\\\/a146a5a2550b94981a75131180e1bd9c\"},\"headline\":\"La caza de grandes ballenas en Sudam\u00e9rica comenz\u00f3 hace 5.000 a\u00f1os, unmilenio antes de lo que se cre\u00eda\",\"datePublished\":\"2026-01-09T19:06:51+00:00\",\"mainEntityOfPage\":{\"@id\":\"https:\\\/\\\/www.revistarambla.com\\\/la-caza-de-grandes-ballenas-en-sudamerica-comenzo-hace-5-000-anos-unmilenio-antes-de-lo-que-se-creia\\\/\"},\"wordCount\":1418,\"publisher\":{\"@id\":\"https:\\\/\\\/www.revistarambla.com\\\/#organization\"},\"image\":{\"@id\":\"https:\\\/\\\/www.revistarambla.com\\\/la-caza-de-grandes-ballenas-en-sudamerica-comenzo-hace-5-000-anos-unmilenio-antes-de-lo-que-se-creia\\\/#primaryimage\"},\"thumbnailUrl\":\"https:\\\/\\\/www.revistarambla.com\\\/wp-content\\\/uploads\\\/2026\\\/01\\\/1767888182143_1920.webp\",\"articleSection\":[\"Otras Miradas\"],\"inLanguage\":\"en-GB\"},{\"@type\":\"WebPage\",\"@id\":\"https:\\\/\\\/www.revistarambla.com\\\/la-caza-de-grandes-ballenas-en-sudamerica-comenzo-hace-5-000-anos-unmilenio-antes-de-lo-que-se-creia\\\/\",\"url\":\"https:\\\/\\\/www.revistarambla.com\\\/la-caza-de-grandes-ballenas-en-sudamerica-comenzo-hace-5-000-anos-unmilenio-antes-de-lo-que-se-creia\\\/\",\"name\":\"La caza de grandes ballenas en Sudam\u00e9rica comenz\u00f3 hace 5.000 a\u00f1os, unmilenio antes de lo que se cre\u00eda - Revista Rambla\",\"isPartOf\":{\"@id\":\"https:\\\/\\\/www.revistarambla.com\\\/#website\"},\"primaryImageOfPage\":{\"@id\":\"https:\\\/\\\/www.revistarambla.com\\\/la-caza-de-grandes-ballenas-en-sudamerica-comenzo-hace-5-000-anos-unmilenio-antes-de-lo-que-se-creia\\\/#primaryimage\"},\"image\":{\"@id\":\"https:\\\/\\\/www.revistarambla.com\\\/la-caza-de-grandes-ballenas-en-sudamerica-comenzo-hace-5-000-anos-unmilenio-antes-de-lo-que-se-creia\\\/#primaryimage\"},\"thumbnailUrl\":\"https:\\\/\\\/www.revistarambla.com\\\/wp-content\\\/uploads\\\/2026\\\/01\\\/1767888182143_1920.webp\",\"datePublished\":\"2026-01-09T19:06:51+00:00\",\"breadcrumb\":{\"@id\":\"https:\\\/\\\/www.revistarambla.com\\\/la-caza-de-grandes-ballenas-en-sudamerica-comenzo-hace-5-000-anos-unmilenio-antes-de-lo-que-se-creia\\\/#breadcrumb\"},\"inLanguage\":\"en-GB\",\"potentialAction\":[{\"@type\":\"ReadAction\",\"target\":[\"https:\\\/\\\/www.revistarambla.com\\\/la-caza-de-grandes-ballenas-en-sudamerica-comenzo-hace-5-000-anos-unmilenio-antes-de-lo-que-se-creia\\\/\"]}]},{\"@type\":\"ImageObject\",\"inLanguage\":\"en-GB\",\"@id\":\"https:\\\/\\\/www.revistarambla.com\\\/la-caza-de-grandes-ballenas-en-sudamerica-comenzo-hace-5-000-anos-unmilenio-antes-de-lo-que-se-creia\\\/#primaryimage\",\"url\":\"https:\\\/\\\/www.revistarambla.com\\\/wp-content\\\/uploads\\\/2026\\\/01\\\/1767888182143_1920.webp\",\"contentUrl\":\"https:\\\/\\\/www.revistarambla.com\\\/wp-content\\\/uploads\\\/2026\\\/01\\\/1767888182143_1920.webp\",\"width\":1920,\"height\":1047,\"caption\":\"caza de grandes ballenas\"},{\"@type\":\"BreadcrumbList\",\"@id\":\"https:\\\/\\\/www.revistarambla.com\\\/la-caza-de-grandes-ballenas-en-sudamerica-comenzo-hace-5-000-anos-unmilenio-antes-de-lo-que-se-creia\\\/#breadcrumb\",\"itemListElement\":[{\"@type\":\"ListItem\",\"position\":1,\"name\":\"Portada\",\"item\":\"https:\\\/\\\/www.revistarambla.com\\\/\"},{\"@type\":\"ListItem\",\"position\":2,\"name\":\"La caza de grandes ballenas en Sudam\u00e9rica comenz\u00f3 hace 5.000 a\u00f1os, unmilenio antes de lo que se cre\u00eda\"}]},{\"@type\":\"WebSite\",\"@id\":\"https:\\\/\\\/www.revistarambla.com\\\/#website\",\"url\":\"https:\\\/\\\/www.revistarambla.com\\\/\",\"name\":\"Revista Rambla Barcelona\",\"description\":\"Periodismo independiente\",\"publisher\":{\"@id\":\"https:\\\/\\\/www.revistarambla.com\\\/#organization\"},\"potentialAction\":[{\"@type\":\"SearchAction\",\"target\":{\"@type\":\"EntryPoint\",\"urlTemplate\":\"https:\\\/\\\/www.revistarambla.com\\\/?s={search_term_string}\"},\"query-input\":{\"@type\":\"PropertyValueSpecification\",\"valueRequired\":true,\"valueName\":\"search_term_string\"}}],\"inLanguage\":\"en-GB\"},{\"@type\":\"Organization\",\"@id\":\"https:\\\/\\\/www.revistarambla.com\\\/#organization\",\"name\":\"Revista Rambla\",\"url\":\"https:\\\/\\\/www.revistarambla.com\\\/\",\"logo\":{\"@type\":\"ImageObject\",\"inLanguage\":\"en-GB\",\"@id\":\"https:\\\/\\\/www.revistarambla.com\\\/#\\\/schema\\\/logo\\\/image\\\/\",\"url\":\"https:\\\/\\\/www.revistarambla.com\\\/wp-content\\\/uploads\\\/2020\\\/09\\\/banner_rambla_1900x600_BB.png\",\"contentUrl\":\"https:\\\/\\\/www.revistarambla.com\\\/wp-content\\\/uploads\\\/2020\\\/09\\\/banner_rambla_1900x600_BB.png\",\"width\":1900,\"height\":600,\"caption\":\"Revista Rambla\"},\"image\":{\"@id\":\"https:\\\/\\\/www.revistarambla.com\\\/#\\\/schema\\\/logo\\\/image\\\/\"},\"sameAs\":[\"https:\\\/\\\/www.facebook.com\\\/revistarambla\\\/\",\"https:\\\/\\\/x.com\\\/revistarambla\",\"https:\\\/\\\/www.instagram.com\\\/revista_rambla\",\"https:\\\/\\\/es.linkedin.com\\\/company\\\/revista-rambla\"]},{\"@type\":\"Person\",\"@id\":\"https:\\\/\\\/www.revistarambla.com\\\/#\\\/schema\\\/person\\\/a146a5a2550b94981a75131180e1bd9c\",\"name\":\"R@mbla\",\"description\":\"Este art\u00edculo ha sido redactado y\\\/o validado por el equipo de redacci\u00f3n de Revista Rambla.\",\"sameAs\":[\"https:\\\/\\\/www.revistarambla.com\\\/\",\"https:\\\/\\\/www.facebook.com\\\/revistarambla\",\"https:\\\/\\\/x.com\\\/revistarambla\"]}]}<\/script>\n<!-- \/ Yoast SEO plugin. -->","yoast_head_json":{"title":"La caza de grandes ballenas en Sudam\u00e9rica comenz\u00f3 hace 5.000 a\u00f1os, unmilenio antes de lo que se cre\u00eda - Revista Rambla","robots":{"index":"index","follow":"follow","max-snippet":"max-snippet:-1","max-image-preview":"max-image-preview:large","max-video-preview":"max-video-preview:-1"},"canonical":"https:\/\/www.revistarambla.com\/en\/la-caza-de-grandes-ballenas-en-sudamerica-comenzo-hace-5-000-anos-unmilenio-antes-de-lo-que-se-creia\/","og_locale":"en_GB","og_type":"article","og_title":"La caza de grandes ballenas en Sudam\u00e9rica comenz\u00f3 hace 5.000 a\u00f1os, unmilenio antes de lo que se cre\u00eda - Revista Rambla","og_description":"Un hallazgo arqueol\u00f3gico que revoluciona la historia","og_url":"https:\/\/www.revistarambla.com\/en\/la-caza-de-grandes-ballenas-en-sudamerica-comenzo-hace-5-000-anos-unmilenio-antes-de-lo-que-se-creia\/","og_site_name":"Revista Rambla","article_publisher":"https:\/\/www.facebook.com\/revistarambla\/","article_author":"https:\/\/www.facebook.com\/revistarambla","article_published_time":"2026-01-09T19:06:51+00:00","og_image":[{"width":1920,"height":1047,"url":"https:\/\/www.revistarambla.com\/wp-content\/uploads\/2026\/01\/1767888182143_1920.webp","type":"image\/webp"}],"author":"R@mbla","twitter_card":"summary_large_image","twitter_creator":"@revistarambla","twitter_site":"@revistarambla","twitter_misc":{"Written by":"R@mbla","Estimated reading time":"6 minutes"},"schema":{"@context":"https:\/\/schema.org","@graph":[{"@type":"Article","@id":"https:\/\/www.revistarambla.com\/la-caza-de-grandes-ballenas-en-sudamerica-comenzo-hace-5-000-anos-unmilenio-antes-de-lo-que-se-creia\/#article","isPartOf":{"@id":"https:\/\/www.revistarambla.com\/la-caza-de-grandes-ballenas-en-sudamerica-comenzo-hace-5-000-anos-unmilenio-antes-de-lo-que-se-creia\/"},"author":{"name":"R@mbla","@id":"https:\/\/www.revistarambla.com\/#\/schema\/person\/a146a5a2550b94981a75131180e1bd9c"},"headline":"La caza de grandes ballenas en Sudam\u00e9rica comenz\u00f3 hace 5.000 a\u00f1os, unmilenio antes de lo que se cre\u00eda","datePublished":"2026-01-09T19:06:51+00:00","mainEntityOfPage":{"@id":"https:\/\/www.revistarambla.com\/la-caza-de-grandes-ballenas-en-sudamerica-comenzo-hace-5-000-anos-unmilenio-antes-de-lo-que-se-creia\/"},"wordCount":1418,"publisher":{"@id":"https:\/\/www.revistarambla.com\/#organization"},"image":{"@id":"https:\/\/www.revistarambla.com\/la-caza-de-grandes-ballenas-en-sudamerica-comenzo-hace-5-000-anos-unmilenio-antes-de-lo-que-se-creia\/#primaryimage"},"thumbnailUrl":"https:\/\/www.revistarambla.com\/wp-content\/uploads\/2026\/01\/1767888182143_1920.webp","articleSection":["Otras Miradas"],"inLanguage":"en-GB"},{"@type":"WebPage","@id":"https:\/\/www.revistarambla.com\/la-caza-de-grandes-ballenas-en-sudamerica-comenzo-hace-5-000-anos-unmilenio-antes-de-lo-que-se-creia\/","url":"https:\/\/www.revistarambla.com\/la-caza-de-grandes-ballenas-en-sudamerica-comenzo-hace-5-000-anos-unmilenio-antes-de-lo-que-se-creia\/","name":"La caza de grandes ballenas en Sudam\u00e9rica comenz\u00f3 hace 5.000 a\u00f1os, unmilenio antes de lo que se cre\u00eda - Revista Rambla","isPartOf":{"@id":"https:\/\/www.revistarambla.com\/#website"},"primaryImageOfPage":{"@id":"https:\/\/www.revistarambla.com\/la-caza-de-grandes-ballenas-en-sudamerica-comenzo-hace-5-000-anos-unmilenio-antes-de-lo-que-se-creia\/#primaryimage"},"image":{"@id":"https:\/\/www.revistarambla.com\/la-caza-de-grandes-ballenas-en-sudamerica-comenzo-hace-5-000-anos-unmilenio-antes-de-lo-que-se-creia\/#primaryimage"},"thumbnailUrl":"https:\/\/www.revistarambla.com\/wp-content\/uploads\/2026\/01\/1767888182143_1920.webp","datePublished":"2026-01-09T19:06:51+00:00","breadcrumb":{"@id":"https:\/\/www.revistarambla.com\/la-caza-de-grandes-ballenas-en-sudamerica-comenzo-hace-5-000-anos-unmilenio-antes-de-lo-que-se-creia\/#breadcrumb"},"inLanguage":"en-GB","potentialAction":[{"@type":"ReadAction","target":["https:\/\/www.revistarambla.com\/la-caza-de-grandes-ballenas-en-sudamerica-comenzo-hace-5-000-anos-unmilenio-antes-de-lo-que-se-creia\/"]}]},{"@type":"ImageObject","inLanguage":"en-GB","@id":"https:\/\/www.revistarambla.com\/la-caza-de-grandes-ballenas-en-sudamerica-comenzo-hace-5-000-anos-unmilenio-antes-de-lo-que-se-creia\/#primaryimage","url":"https:\/\/www.revistarambla.com\/wp-content\/uploads\/2026\/01\/1767888182143_1920.webp","contentUrl":"https:\/\/www.revistarambla.com\/wp-content\/uploads\/2026\/01\/1767888182143_1920.webp","width":1920,"height":1047,"caption":"caza de grandes ballenas"},{"@type":"BreadcrumbList","@id":"https:\/\/www.revistarambla.com\/la-caza-de-grandes-ballenas-en-sudamerica-comenzo-hace-5-000-anos-unmilenio-antes-de-lo-que-se-creia\/#breadcrumb","itemListElement":[{"@type":"ListItem","position":1,"name":"Portada","item":"https:\/\/www.revistarambla.com\/"},{"@type":"ListItem","position":2,"name":"La caza de grandes ballenas en Sudam\u00e9rica comenz\u00f3 hace 5.000 a\u00f1os, unmilenio antes de lo que se cre\u00eda"}]},{"@type":"WebSite","@id":"https:\/\/www.revistarambla.com\/#website","url":"https:\/\/www.revistarambla.com\/","name":"Revista Rambla Barcelona","description":"Periodismo independiente","publisher":{"@id":"https:\/\/www.revistarambla.com\/#organization"},"potentialAction":[{"@type":"SearchAction","target":{"@type":"EntryPoint","urlTemplate":"https:\/\/www.revistarambla.com\/?s={search_term_string}"},"query-input":{"@type":"PropertyValueSpecification","valueRequired":true,"valueName":"search_term_string"}}],"inLanguage":"en-GB"},{"@type":"Organization","@id":"https:\/\/www.revistarambla.com\/#organization","name":"Revista Rambla","url":"https:\/\/www.revistarambla.com\/","logo":{"@type":"ImageObject","inLanguage":"en-GB","@id":"https:\/\/www.revistarambla.com\/#\/schema\/logo\/image\/","url":"https:\/\/www.revistarambla.com\/wp-content\/uploads\/2020\/09\/banner_rambla_1900x600_BB.png","contentUrl":"https:\/\/www.revistarambla.com\/wp-content\/uploads\/2020\/09\/banner_rambla_1900x600_BB.png","width":1900,"height":600,"caption":"Revista Rambla"},"image":{"@id":"https:\/\/www.revistarambla.com\/#\/schema\/logo\/image\/"},"sameAs":["https:\/\/www.facebook.com\/revistarambla\/","https:\/\/x.com\/revistarambla","https:\/\/www.instagram.com\/revista_rambla","https:\/\/es.linkedin.com\/company\/revista-rambla"]},{"@type":"Person","@id":"https:\/\/www.revistarambla.com\/#\/schema\/person\/a146a5a2550b94981a75131180e1bd9c","name":"R@mbla","description":"Este art\u00edculo ha sido redactado y\/o validado por el equipo de redacci\u00f3n de Revista Rambla.","sameAs":["https:\/\/www.revistarambla.com\/","https:\/\/www.facebook.com\/revistarambla","https:\/\/x.com\/revistarambla"]}]}},"_links":{"self":[{"href":"https:\/\/www.revistarambla.com\/en\/wp-json\/wp\/v2\/posts\/67592","targetHints":{"allow":["GET"]}}],"collection":[{"href":"https:\/\/www.revistarambla.com\/en\/wp-json\/wp\/v2\/posts"}],"about":[{"href":"https:\/\/www.revistarambla.com\/en\/wp-json\/wp\/v2\/types\/post"}],"author":[{"embeddable":true,"href":"https:\/\/www.revistarambla.com\/en\/wp-json\/wp\/v2\/users\/3"}],"replies":[{"embeddable":true,"href":"https:\/\/www.revistarambla.com\/en\/wp-json\/wp\/v2\/comments?post=67592"}],"version-history":[{"count":1,"href":"https:\/\/www.revistarambla.com\/en\/wp-json\/wp\/v2\/posts\/67592\/revisions"}],"predecessor-version":[{"id":67594,"href":"https:\/\/www.revistarambla.com\/en\/wp-json\/wp\/v2\/posts\/67592\/revisions\/67594"}],"wp:featuredmedia":[{"embeddable":true,"href":"https:\/\/www.revistarambla.com\/en\/wp-json\/wp\/v2\/media\/67593"}],"wp:attachment":[{"href":"https:\/\/www.revistarambla.com\/en\/wp-json\/wp\/v2\/media?parent=67592"}],"wp:term":[{"taxonomy":"category","embeddable":true,"href":"https:\/\/www.revistarambla.com\/en\/wp-json\/wp\/v2\/categories?post=67592"},{"taxonomy":"post_tag","embeddable":true,"href":"https:\/\/www.revistarambla.com\/en\/wp-json\/wp\/v2\/tags?post=67592"}],"curies":[{"name":"wp","href":"https:\/\/api.w.org\/{rel}","templated":true}]}}