{"id":67515,"date":"2025-12-26T13:45:41","date_gmt":"2025-12-26T12:45:41","guid":{"rendered":"https:\/\/www.revistarambla.com\/?p=67515"},"modified":"2026-01-14T18:38:35","modified_gmt":"2026-01-14T17:38:35","slug":"junqueras-tensa-la-cuerda-la-financiacion-catalana-como-prueba-definitiva-de-la-voluntad-del-gobierno2","status":"publish","type":"post","link":"https:\/\/www.revistarambla.com\/en\/junqueras-tensa-la-cuerda-la-financiacion-catalana-como-prueba-definitiva-de-la-voluntad-del-gobierno2\/","title":{"rendered":"Junqueras tensa la cuerda: la financiaci\u00f3n catalana como prueba definitiva de la voluntad del Gobierno"},"content":{"rendered":"<p>Oriol Junqueras ha decidido hablar claro. Y cuando el l\u00edder de Esquerra Republicana habla claro, en el contexto pol\u00edtico actual, no lo hace solo para marcar perfil <!--more-->ante su electorado, sino para fijar l\u00edmites muy concretos al Gobierno de Pedro S\u00e1nchez. Su advertencia, lanzada en una entrevista con la agencia Efe, va mucho m\u00e1s all\u00e1 de una simple discrepancia t\u00e9cnica sobre modelos de financiaci\u00f3n: es un aviso pol\u00edtico de primer nivel que afecta directamente a la estabilidad presupuestaria tanto del Estado como de Catalu\u00f1a.<\/p>\n<p>La tesis de Junqueras es contundente: acordar un modelo de financiaci\u00f3n \u201csingular\u201d para Catalu\u00f1a ya no basta. No es suficiente como moneda de cambio para negociar los presupuestos catalanes ni los Presupuestos Generales del Estado. Para ERC, el paso decisivo \u2014el que verdaderamente mide la voluntad del PSOE de cumplir lo pactado\u2014 es avanzar de manera efectiva en la recaudaci\u00f3n del IRPF por parte de la Generalitat. Sin ese avance, no habr\u00e1 presupuestos. As\u00ed de simple. As\u00ed de complejo.<\/p>\n<p>La advertencia no es nueva, pero s\u00ed m\u00e1s expl\u00edcita que nunca. Junqueras no solo interpela al presidente del Gobierno, Pedro S\u00e1nchez, sino que extiende el mensaje al primer secretario del PSC y presidente de la Generalitat, Salvador Illa. Ambos, recuerda ERC, firmaron un pacto de investidura que inclu\u00eda de forma clara la cesi\u00f3n de la recaudaci\u00f3n del IRPF a Catalu\u00f1a. Y los pactos, en pol\u00edtica, o se cumplen o dejan de ser cre\u00edbles.<\/p>\n<h3>De los avances al cansancio negociador<\/h3>\n<p>Junqueras reconoce que ha habido \u201cavances\u201d en la negociaci\u00f3n del nuevo modelo de financiaci\u00f3n auton\u00f3mica. Pero introduce un matiz clave: esos avances, por s\u00ed solos, ya no son suficientes. El tiempo ha pasado, las negociaciones se han alargado y la paciencia de ERC se ha ido agotando. La sensaci\u00f3n que transmite el dirigente republicano es la de una formaci\u00f3n que considera que ya ha concedido el margen necesario y que ahora exige concreci\u00f3n.<\/p>\n<p>\u201cNo queremos que estas negociaciones se eternicen y se alarguen indefinidamente, porque esto perjudica a la sociedad catalana\u201d, afirma Junqueras. No es solo una frase de advertencia al PSOE; es tambi\u00e9n un mensaje interno hacia su propio electorado y hacia un independentismo que observa con lupa cualquier concesi\u00f3n a Madrid. ERC necesita demostrar que su apuesta por la negociaci\u00f3n tiene resultados tangibles. Y esos resultados, a juicio de Junqueras, deben medirse en capacidad real de gesti\u00f3n fiscal.<\/p>\n<p>En este punto aparece un concepto recurrente en el discurso republicano: el principio de ordinalidad. Es decir, que Catalu\u00f1a no pierda posiciones relativas en el ranking de financiaci\u00f3n tras aportar m\u00e1s al sistema. Un principio que, aunque ampliamente citado, rara vez se ha respetado en la pr\u00e1ctica. Junqueras lo coloca de nuevo en el centro del debate como l\u00ednea roja irrenunciable.<\/p>\n<h3>El IRPF como s\u00edmbolo de poder pol\u00edtico<\/h3>\n<p>La recaudaci\u00f3n del IRPF no es solo una cuesti\u00f3n t\u00e9cnica o administrativa. Es, sobre todo, una cuesti\u00f3n de poder. Controlar el IRPF significa tener una herramienta clave de soberan\u00eda fiscal, capacidad de decisi\u00f3n y autonom\u00eda real. Por eso ERC insiste en que este es el verdadero n\u00facleo del acuerdo, y no tanto la arquitectura general del modelo de financiaci\u00f3n.<\/p>\n<p>\u201cSi el acuerdo sobre la recaudaci\u00f3n del IRPF tarda m\u00e1s, la negociaci\u00f3n presupuestaria tardar\u00e1 m\u00e1s\u201d, advierte Junqueras, dejando claro que no habr\u00e1 atajos. En su relato, el PSOE ha intentado invertir el orden de los factores: primero cerrar el modelo de financiaci\u00f3n y despu\u00e9s abordar la recaudaci\u00f3n del IRPF. ERC, en cambio, considera que sin este segundo elemento el primero queda vac\u00edo de contenido.<\/p>\n<p>Esta discrepancia revela una diferencia de enfoque profunda. Para los socialistas, el modelo de financiaci\u00f3n puede presentarse como un logro pol\u00edtico de alcance general, susceptible de ser defendido ante el resto de comunidades aut\u00f3nomas. Para ERC, en cambio, el IRPF es el term\u00f3metro real de la cesi\u00f3n de poder del Estado hacia Catalu\u00f1a.<\/p>\n<h3>Una ley aplazada, una presi\u00f3n intacta<\/h3>\n<p>ERC no ha permanecido de brazos cruzados. En septiembre, registr\u00f3 en el Congreso de los Diputados una proposici\u00f3n de ley para que Catalu\u00f1a recaude el IRPF. Un movimiento que demostraba voluntad pol\u00edtica y capacidad legislativa. Sin embargo, la formaci\u00f3n republicana decidi\u00f3 aplazar su tramitaci\u00f3n parlamentaria hasta 2026 para no \u201cdistorsionar\u201d las negociaciones sobre el modelo de financiaci\u00f3n.<\/p>\n<p>Este gesto, que podr\u00eda interpretarse como una concesi\u00f3n al Gobierno, es presentado ahora por Junqueras como una prueba m\u00e1s de la paciencia de ERC. Pero esa paciencia, insiste, no es infinita. El aplazamiento no puede convertirse en un caj\u00f3n donde duerma el compromiso. La ley est\u00e1 registrada, la demanda es clara y el calendario pol\u00edtico avanza inexorablemente.<\/p>\n<p>No es casual que tanto ERC como el PSC se hayan marcado enero como fecha clave para desbloquear la negociaci\u00f3n de la financiaci\u00f3n. La idea es cerrar un acuerdo que pueda presentarse en el Consejo de Pol\u00edtica Fiscal y Financiera (CPFF), cuya convocatoria la vicepresidenta primera y ministra de Hacienda, Mar\u00eda Jes\u00fas Montero, situ\u00f3 entre el primer y el segundo mes de 2026. Un calendario que, para ERC, empieza a resultar demasiado largo.<\/p>\n<h3>La recta final\u2026 o el bucle infinito<\/h3>\n<p>Junqueras introduce una ambig\u00fcedad calculada: reconoce que el acuerdo no est\u00e1 cerrado y que \u201cno hay acuerdo hasta que hay un acuerdo\u201d, pero al mismo tiempo asegura que las negociaciones est\u00e1n en la recta final. Esta dualidad refleja bien el momento pol\u00edtico: todo parece cerca, pero nada est\u00e1 garantizado.<\/p>\n<p>La advertencia sobre la irresponsabilidad de alargar indefinidamente las negociaciones apunta directamente al Gobierno. ERC sugiere que prolongar el proceso no solo es una estrategia dilatoria, sino una decisi\u00f3n pol\u00edtica con costes sociales. En otras palabras, si no hay acuerdo, no ser\u00e1 por falta de propuestas republicanas, sino por falta de voluntad socialista.<\/p>\n<h3>Desconfianza aprendida a base de experiencia<\/h3>\n<p>Quiz\u00e1 el fragmento m\u00e1s revelador de las declaraciones de Junqueras es aquel en el que reconoce haber visto \u201cmuchos cambios\u201d de opini\u00f3n en el Gobierno y en el PSOE. Desde prometer que cumplir\u00edan hasta insinuar que no lo har\u00edan, y finalmente asumir que sin cumplimiento no habr\u00eda nuevos acuerdos.<\/p>\n<p>Esta frase resume a\u00f1os de relaci\u00f3n tensa entre ERC y el socialismo espa\u00f1ol. Una relaci\u00f3n marcada por promesas, rectificaciones y negociaciones al l\u00edmite. Junqueras no oculta su escepticismo, pero tampoco su convicci\u00f3n de que la presi\u00f3n constante ha sido eficaz.<\/p>\n<p>\u201cTambi\u00e9n hemos visto que ERC no ha cedido\u201d, afirma, reivindicando la persistencia como virtud pol\u00edtica. Para el l\u00edder republicano, esa insistencia es la que acabar\u00e1 dando a Catalu\u00f1a un resultado \u201ca la altura de las necesidades del pa\u00eds\u201d. Es una declaraci\u00f3n de intenciones, pero tambi\u00e9n un mensaje de advertencia: ERC no est\u00e1 dispuesta a firmar acuerdos vac\u00edos.<\/p>\n<h3>Si dependiera solo del PSOE\u2026<\/h3>\n<p>La conclusi\u00f3n de Junqueras es tan dura como reveladora: \u201csi dependiera solo del Partido Socialista, nada de todo esto pasar\u00eda\u201d. Es una acusaci\u00f3n directa que sit\u00faa a ERC como el motor del cambio y al PSOE como una fuerza reactiva, m\u00e1s preocupada por gestionar equilibrios internos y territoriales que por cumplir compromisos concretos.<\/p>\n<p>Esta afirmaci\u00f3n tiene una doble lectura. Por un lado, refuerza el relato republicano de que solo la presi\u00f3n independentista arranca concesiones al Estado. Por otro, deja al Gobierno en una posici\u00f3n inc\u00f3moda, cuestionando su credibilidad como socio negociador.<\/p>\n<p>En definitiva, Junqueras ha decidido elevar la apuesta. Ha colocado la recaudaci\u00f3n del IRPF en el centro del tablero y ha vinculado directamente ese avance a la estabilidad presupuestaria del pa\u00eds. El mensaje es claro: sin hechos, no habr\u00e1 m\u00e1s acuerdos. Y en pol\u00edtica, cuando las advertencias se formulan con tanta claridad, ignorarlas suele tener consecuencias.<\/p>","protected":false},"excerpt":{"rendered":"<p>Oriol Junqueras ha decidido hablar claro. Y cuando el l\u00edder de Esquerra Republicana habla claro, en el contexto pol\u00edtico actual, no lo hace solo para marcar perfil<\/p>","protected":false},"author":3,"featured_media":23837,"comment_status":"closed","ping_status":"closed","sticky":false,"template":"","format":"standard","meta":{"footnotes":""},"categories":[72],"tags":[],"class_list":["post-67515","post","type-post","status-publish","format-standard","has-post-thumbnail","hentry","category-opinion"],"yoast_head":"<!-- This site is optimized with the Yoast SEO plugin v27.5 - https:\/\/yoast.com\/product\/yoast-seo-wordpress\/ -->\n<title>Junqueras tensa la cuerda: la financiaci\u00f3n catalana como prueba definitiva de la voluntad del Gobierno - Revista Rambla<\/title>\n<meta name=\"robots\" content=\"index, follow, max-snippet:-1, max-image-preview:large, max-video-preview:-1\" \/>\n<link rel=\"canonical\" href=\"https:\/\/www.revistarambla.com\/en\/junqueras-tensa-la-cuerda-la-financiacion-catalana-como-prueba-definitiva-de-la-voluntad-del-gobierno2\/\" \/>\n<meta property=\"og:locale\" content=\"en_GB\" \/>\n<meta property=\"og:type\" content=\"article\" \/>\n<meta property=\"og:title\" content=\"Junqueras tensa la cuerda: la financiaci\u00f3n catalana como prueba definitiva de la voluntad del Gobierno - Revista Rambla\" \/>\n<meta property=\"og:description\" content=\"Oriol Junqueras ha decidido hablar claro. Y cuando el l\u00edder de Esquerra Republicana habla claro, en el contexto pol\u00edtico actual, no lo hace solo para marcar perfil\" \/>\n<meta property=\"og:url\" content=\"https:\/\/www.revistarambla.com\/en\/junqueras-tensa-la-cuerda-la-financiacion-catalana-como-prueba-definitiva-de-la-voluntad-del-gobierno2\/\" \/>\n<meta property=\"og:site_name\" content=\"Revista Rambla\" \/>\n<meta property=\"article:publisher\" content=\"https:\/\/www.facebook.com\/revistarambla\/\" \/>\n<meta property=\"article:author\" content=\"https:\/\/www.facebook.com\/revistarambla\" \/>\n<meta property=\"article:published_time\" content=\"2025-12-26T12:45:41+00:00\" \/>\n<meta property=\"article:modified_time\" content=\"2026-01-14T17:38:35+00:00\" \/>\n<meta property=\"og:image\" content=\"https:\/\/www.revistarambla.com\/wp-content\/uploads\/2020\/07\/JUNQUERAS-TV3.jpg\" \/>\n\t<meta property=\"og:image:width\" content=\"1160\" \/>\n\t<meta property=\"og:image:height\" content=\"646\" \/>\n\t<meta property=\"og:image:type\" content=\"image\/jpeg\" \/>\n<meta name=\"author\" content=\"Alejandra Maller\" \/>\n<meta name=\"twitter:card\" content=\"summary_large_image\" \/>\n<meta name=\"twitter:creator\" content=\"@revistarambla\" \/>\n<meta name=\"twitter:site\" content=\"@revistarambla\" \/>\n<meta name=\"twitter:label1\" content=\"Written by\" \/>\n\t<meta name=\"twitter:data1\" content=\"Alejandra Maller\" \/>\n\t<meta name=\"twitter:label2\" content=\"Estimated reading time\" \/>\n\t<meta name=\"twitter:data2\" content=\"6 minutes\" \/>\n<script type=\"application\/ld+json\" class=\"yoast-schema-graph\">{\"@context\":\"https:\\\/\\\/schema.org\",\"@graph\":[{\"@type\":\"Article\",\"@id\":\"https:\\\/\\\/www.revistarambla.com\\\/junqueras-tensa-la-cuerda-la-financiacion-catalana-como-prueba-definitiva-de-la-voluntad-del-gobierno2\\\/#article\",\"isPartOf\":{\"@id\":\"https:\\\/\\\/www.revistarambla.com\\\/junqueras-tensa-la-cuerda-la-financiacion-catalana-como-prueba-definitiva-de-la-voluntad-del-gobierno2\\\/\"},\"author\":{\"name\":\"Alejandra Maller\",\"@id\":\"https:\\\/\\\/www.revistarambla.com\\\/#\\\/schema\\\/person\\\/a146a5a2550b94981a75131180e1bd9c\"},\"headline\":\"Junqueras tensa la cuerda: la financiaci\u00f3n catalana como prueba definitiva de la voluntad del Gobierno\",\"datePublished\":\"2025-12-26T12:45:41+00:00\",\"dateModified\":\"2026-01-14T17:38:35+00:00\",\"mainEntityOfPage\":{\"@id\":\"https:\\\/\\\/www.revistarambla.com\\\/junqueras-tensa-la-cuerda-la-financiacion-catalana-como-prueba-definitiva-de-la-voluntad-del-gobierno2\\\/\"},\"wordCount\":1372,\"publisher\":{\"@id\":\"https:\\\/\\\/www.revistarambla.com\\\/#organization\"},\"image\":{\"@id\":\"https:\\\/\\\/www.revistarambla.com\\\/junqueras-tensa-la-cuerda-la-financiacion-catalana-como-prueba-definitiva-de-la-voluntad-del-gobierno2\\\/#primaryimage\"},\"thumbnailUrl\":\"https:\\\/\\\/www.revistarambla.com\\\/wp-content\\\/uploads\\\/2020\\\/07\\\/JUNQUERAS-TV3.jpg\",\"articleSection\":[\"Opiniones\"],\"inLanguage\":\"en-GB\"},{\"@type\":\"WebPage\",\"@id\":\"https:\\\/\\\/www.revistarambla.com\\\/junqueras-tensa-la-cuerda-la-financiacion-catalana-como-prueba-definitiva-de-la-voluntad-del-gobierno2\\\/\",\"url\":\"https:\\\/\\\/www.revistarambla.com\\\/junqueras-tensa-la-cuerda-la-financiacion-catalana-como-prueba-definitiva-de-la-voluntad-del-gobierno2\\\/\",\"name\":\"Junqueras tensa la cuerda: la financiaci\u00f3n catalana como prueba definitiva de la voluntad del Gobierno - Revista Rambla\",\"isPartOf\":{\"@id\":\"https:\\\/\\\/www.revistarambla.com\\\/#website\"},\"primaryImageOfPage\":{\"@id\":\"https:\\\/\\\/www.revistarambla.com\\\/junqueras-tensa-la-cuerda-la-financiacion-catalana-como-prueba-definitiva-de-la-voluntad-del-gobierno2\\\/#primaryimage\"},\"image\":{\"@id\":\"https:\\\/\\\/www.revistarambla.com\\\/junqueras-tensa-la-cuerda-la-financiacion-catalana-como-prueba-definitiva-de-la-voluntad-del-gobierno2\\\/#primaryimage\"},\"thumbnailUrl\":\"https:\\\/\\\/www.revistarambla.com\\\/wp-content\\\/uploads\\\/2020\\\/07\\\/JUNQUERAS-TV3.jpg\",\"datePublished\":\"2025-12-26T12:45:41+00:00\",\"dateModified\":\"2026-01-14T17:38:35+00:00\",\"breadcrumb\":{\"@id\":\"https:\\\/\\\/www.revistarambla.com\\\/junqueras-tensa-la-cuerda-la-financiacion-catalana-como-prueba-definitiva-de-la-voluntad-del-gobierno2\\\/#breadcrumb\"},\"inLanguage\":\"en-GB\",\"potentialAction\":[{\"@type\":\"ReadAction\",\"target\":[\"https:\\\/\\\/www.revistarambla.com\\\/junqueras-tensa-la-cuerda-la-financiacion-catalana-como-prueba-definitiva-de-la-voluntad-del-gobierno2\\\/\"]}]},{\"@type\":\"ImageObject\",\"inLanguage\":\"en-GB\",\"@id\":\"https:\\\/\\\/www.revistarambla.com\\\/junqueras-tensa-la-cuerda-la-financiacion-catalana-como-prueba-definitiva-de-la-voluntad-del-gobierno2\\\/#primaryimage\",\"url\":\"https:\\\/\\\/www.revistarambla.com\\\/wp-content\\\/uploads\\\/2020\\\/07\\\/JUNQUERAS-TV3.jpg\",\"contentUrl\":\"https:\\\/\\\/www.revistarambla.com\\\/wp-content\\\/uploads\\\/2020\\\/07\\\/JUNQUERAS-TV3.jpg\",\"width\":1160,\"height\":646,\"caption\":\"junqueras congreso erc\"},{\"@type\":\"BreadcrumbList\",\"@id\":\"https:\\\/\\\/www.revistarambla.com\\\/junqueras-tensa-la-cuerda-la-financiacion-catalana-como-prueba-definitiva-de-la-voluntad-del-gobierno2\\\/#breadcrumb\",\"itemListElement\":[{\"@type\":\"ListItem\",\"position\":1,\"name\":\"Portada\",\"item\":\"https:\\\/\\\/www.revistarambla.com\\\/\"},{\"@type\":\"ListItem\",\"position\":2,\"name\":\"Junqueras tensa la cuerda: la financiaci\u00f3n catalana como prueba definitiva de la voluntad del Gobierno\"}]},{\"@type\":\"WebSite\",\"@id\":\"https:\\\/\\\/www.revistarambla.com\\\/#website\",\"url\":\"https:\\\/\\\/www.revistarambla.com\\\/\",\"name\":\"Revista Rambla Barcelona\",\"description\":\"Periodismo independiente\",\"publisher\":{\"@id\":\"https:\\\/\\\/www.revistarambla.com\\\/#organization\"},\"potentialAction\":[{\"@type\":\"SearchAction\",\"target\":{\"@type\":\"EntryPoint\",\"urlTemplate\":\"https:\\\/\\\/www.revistarambla.com\\\/?s={search_term_string}\"},\"query-input\":{\"@type\":\"PropertyValueSpecification\",\"valueRequired\":true,\"valueName\":\"search_term_string\"}}],\"inLanguage\":\"en-GB\"},{\"@type\":\"Organization\",\"@id\":\"https:\\\/\\\/www.revistarambla.com\\\/#organization\",\"name\":\"Revista Rambla\",\"url\":\"https:\\\/\\\/www.revistarambla.com\\\/\",\"logo\":{\"@type\":\"ImageObject\",\"inLanguage\":\"en-GB\",\"@id\":\"https:\\\/\\\/www.revistarambla.com\\\/#\\\/schema\\\/logo\\\/image\\\/\",\"url\":\"https:\\\/\\\/www.revistarambla.com\\\/wp-content\\\/uploads\\\/2020\\\/09\\\/banner_rambla_1900x600_BB.png\",\"contentUrl\":\"https:\\\/\\\/www.revistarambla.com\\\/wp-content\\\/uploads\\\/2020\\\/09\\\/banner_rambla_1900x600_BB.png\",\"width\":1900,\"height\":600,\"caption\":\"Revista Rambla\"},\"image\":{\"@id\":\"https:\\\/\\\/www.revistarambla.com\\\/#\\\/schema\\\/logo\\\/image\\\/\"},\"sameAs\":[\"https:\\\/\\\/www.facebook.com\\\/revistarambla\\\/\",\"https:\\\/\\\/x.com\\\/revistarambla\",\"https:\\\/\\\/www.instagram.com\\\/revista_rambla\",\"https:\\\/\\\/es.linkedin.com\\\/company\\\/revista-rambla\"]},{\"@type\":\"Person\",\"@id\":\"https:\\\/\\\/www.revistarambla.com\\\/#\\\/schema\\\/person\\\/a146a5a2550b94981a75131180e1bd9c\",\"name\":\"Alejandra Maller\",\"description\":\"Periodista y catalana.\",\"sameAs\":[\"https:\\\/\\\/www.revistarambla.com\\\/\",\"https:\\\/\\\/www.facebook.com\\\/revistarambla\",\"https:\\\/\\\/x.com\\\/revistarambla\"]}]}<\/script>\n<!-- \/ Yoast SEO plugin. -->","yoast_head_json":{"title":"Junqueras tensa la cuerda: la financiaci\u00f3n catalana como prueba definitiva de la voluntad del Gobierno - Revista Rambla","robots":{"index":"index","follow":"follow","max-snippet":"max-snippet:-1","max-image-preview":"max-image-preview:large","max-video-preview":"max-video-preview:-1"},"canonical":"https:\/\/www.revistarambla.com\/en\/junqueras-tensa-la-cuerda-la-financiacion-catalana-como-prueba-definitiva-de-la-voluntad-del-gobierno2\/","og_locale":"en_GB","og_type":"article","og_title":"Junqueras tensa la cuerda: la financiaci\u00f3n catalana como prueba definitiva de la voluntad del Gobierno - Revista Rambla","og_description":"Oriol Junqueras ha decidido hablar claro. Y cuando el l\u00edder de Esquerra Republicana habla claro, en el contexto pol\u00edtico actual, no lo hace solo para marcar perfil","og_url":"https:\/\/www.revistarambla.com\/en\/junqueras-tensa-la-cuerda-la-financiacion-catalana-como-prueba-definitiva-de-la-voluntad-del-gobierno2\/","og_site_name":"Revista Rambla","article_publisher":"https:\/\/www.facebook.com\/revistarambla\/","article_author":"https:\/\/www.facebook.com\/revistarambla","article_published_time":"2025-12-26T12:45:41+00:00","article_modified_time":"2026-01-14T17:38:35+00:00","og_image":[{"width":1160,"height":646,"url":"https:\/\/www.revistarambla.com\/wp-content\/uploads\/2020\/07\/JUNQUERAS-TV3.jpg","type":"image\/jpeg"}],"author":"Alejandra Maller","twitter_card":"summary_large_image","twitter_creator":"@revistarambla","twitter_site":"@revistarambla","twitter_misc":{"Written by":"Alejandra Maller","Estimated reading time":"6 minutes"},"schema":{"@context":"https:\/\/schema.org","@graph":[{"@type":"Article","@id":"https:\/\/www.revistarambla.com\/junqueras-tensa-la-cuerda-la-financiacion-catalana-como-prueba-definitiva-de-la-voluntad-del-gobierno2\/#article","isPartOf":{"@id":"https:\/\/www.revistarambla.com\/junqueras-tensa-la-cuerda-la-financiacion-catalana-como-prueba-definitiva-de-la-voluntad-del-gobierno2\/"},"author":{"name":"Alejandra Maller","@id":"https:\/\/www.revistarambla.com\/#\/schema\/person\/a146a5a2550b94981a75131180e1bd9c"},"headline":"Junqueras tensa la cuerda: la financiaci\u00f3n catalana como prueba definitiva de la voluntad del Gobierno","datePublished":"2025-12-26T12:45:41+00:00","dateModified":"2026-01-14T17:38:35+00:00","mainEntityOfPage":{"@id":"https:\/\/www.revistarambla.com\/junqueras-tensa-la-cuerda-la-financiacion-catalana-como-prueba-definitiva-de-la-voluntad-del-gobierno2\/"},"wordCount":1372,"publisher":{"@id":"https:\/\/www.revistarambla.com\/#organization"},"image":{"@id":"https:\/\/www.revistarambla.com\/junqueras-tensa-la-cuerda-la-financiacion-catalana-como-prueba-definitiva-de-la-voluntad-del-gobierno2\/#primaryimage"},"thumbnailUrl":"https:\/\/www.revistarambla.com\/wp-content\/uploads\/2020\/07\/JUNQUERAS-TV3.jpg","articleSection":["Opiniones"],"inLanguage":"en-GB"},{"@type":"WebPage","@id":"https:\/\/www.revistarambla.com\/junqueras-tensa-la-cuerda-la-financiacion-catalana-como-prueba-definitiva-de-la-voluntad-del-gobierno2\/","url":"https:\/\/www.revistarambla.com\/junqueras-tensa-la-cuerda-la-financiacion-catalana-como-prueba-definitiva-de-la-voluntad-del-gobierno2\/","name":"Junqueras tensa la cuerda: la financiaci\u00f3n catalana como prueba definitiva de la voluntad del Gobierno - Revista Rambla","isPartOf":{"@id":"https:\/\/www.revistarambla.com\/#website"},"primaryImageOfPage":{"@id":"https:\/\/www.revistarambla.com\/junqueras-tensa-la-cuerda-la-financiacion-catalana-como-prueba-definitiva-de-la-voluntad-del-gobierno2\/#primaryimage"},"image":{"@id":"https:\/\/www.revistarambla.com\/junqueras-tensa-la-cuerda-la-financiacion-catalana-como-prueba-definitiva-de-la-voluntad-del-gobierno2\/#primaryimage"},"thumbnailUrl":"https:\/\/www.revistarambla.com\/wp-content\/uploads\/2020\/07\/JUNQUERAS-TV3.jpg","datePublished":"2025-12-26T12:45:41+00:00","dateModified":"2026-01-14T17:38:35+00:00","breadcrumb":{"@id":"https:\/\/www.revistarambla.com\/junqueras-tensa-la-cuerda-la-financiacion-catalana-como-prueba-definitiva-de-la-voluntad-del-gobierno2\/#breadcrumb"},"inLanguage":"en-GB","potentialAction":[{"@type":"ReadAction","target":["https:\/\/www.revistarambla.com\/junqueras-tensa-la-cuerda-la-financiacion-catalana-como-prueba-definitiva-de-la-voluntad-del-gobierno2\/"]}]},{"@type":"ImageObject","inLanguage":"en-GB","@id":"https:\/\/www.revistarambla.com\/junqueras-tensa-la-cuerda-la-financiacion-catalana-como-prueba-definitiva-de-la-voluntad-del-gobierno2\/#primaryimage","url":"https:\/\/www.revistarambla.com\/wp-content\/uploads\/2020\/07\/JUNQUERAS-TV3.jpg","contentUrl":"https:\/\/www.revistarambla.com\/wp-content\/uploads\/2020\/07\/JUNQUERAS-TV3.jpg","width":1160,"height":646,"caption":"junqueras congreso erc"},{"@type":"BreadcrumbList","@id":"https:\/\/www.revistarambla.com\/junqueras-tensa-la-cuerda-la-financiacion-catalana-como-prueba-definitiva-de-la-voluntad-del-gobierno2\/#breadcrumb","itemListElement":[{"@type":"ListItem","position":1,"name":"Portada","item":"https:\/\/www.revistarambla.com\/"},{"@type":"ListItem","position":2,"name":"Junqueras tensa la cuerda: la financiaci\u00f3n catalana como prueba definitiva de la voluntad del Gobierno"}]},{"@type":"WebSite","@id":"https:\/\/www.revistarambla.com\/#website","url":"https:\/\/www.revistarambla.com\/","name":"Revista Rambla Barcelona","description":"Periodismo independiente","publisher":{"@id":"https:\/\/www.revistarambla.com\/#organization"},"potentialAction":[{"@type":"SearchAction","target":{"@type":"EntryPoint","urlTemplate":"https:\/\/www.revistarambla.com\/?s={search_term_string}"},"query-input":{"@type":"PropertyValueSpecification","valueRequired":true,"valueName":"search_term_string"}}],"inLanguage":"en-GB"},{"@type":"Organization","@id":"https:\/\/www.revistarambla.com\/#organization","name":"Revista Rambla","url":"https:\/\/www.revistarambla.com\/","logo":{"@type":"ImageObject","inLanguage":"en-GB","@id":"https:\/\/www.revistarambla.com\/#\/schema\/logo\/image\/","url":"https:\/\/www.revistarambla.com\/wp-content\/uploads\/2020\/09\/banner_rambla_1900x600_BB.png","contentUrl":"https:\/\/www.revistarambla.com\/wp-content\/uploads\/2020\/09\/banner_rambla_1900x600_BB.png","width":1900,"height":600,"caption":"Revista Rambla"},"image":{"@id":"https:\/\/www.revistarambla.com\/#\/schema\/logo\/image\/"},"sameAs":["https:\/\/www.facebook.com\/revistarambla\/","https:\/\/x.com\/revistarambla","https:\/\/www.instagram.com\/revista_rambla","https:\/\/es.linkedin.com\/company\/revista-rambla"]},{"@type":"Person","@id":"https:\/\/www.revistarambla.com\/#\/schema\/person\/a146a5a2550b94981a75131180e1bd9c","name":"Alejandra Maller","description":"Periodista y catalana.","sameAs":["https:\/\/www.revistarambla.com\/","https:\/\/www.facebook.com\/revistarambla","https:\/\/x.com\/revistarambla"]}]}},"_links":{"self":[{"href":"https:\/\/www.revistarambla.com\/en\/wp-json\/wp\/v2\/posts\/67515","targetHints":{"allow":["GET"]}}],"collection":[{"href":"https:\/\/www.revistarambla.com\/en\/wp-json\/wp\/v2\/posts"}],"about":[{"href":"https:\/\/www.revistarambla.com\/en\/wp-json\/wp\/v2\/types\/post"}],"author":[{"embeddable":true,"href":"https:\/\/www.revistarambla.com\/en\/wp-json\/wp\/v2\/users\/3"}],"replies":[{"embeddable":true,"href":"https:\/\/www.revistarambla.com\/en\/wp-json\/wp\/v2\/comments?post=67515"}],"version-history":[{"count":1,"href":"https:\/\/www.revistarambla.com\/en\/wp-json\/wp\/v2\/posts\/67515\/revisions"}],"predecessor-version":[{"id":67516,"href":"https:\/\/www.revistarambla.com\/en\/wp-json\/wp\/v2\/posts\/67515\/revisions\/67516"}],"wp:featuredmedia":[{"embeddable":true,"href":"https:\/\/www.revistarambla.com\/en\/wp-json\/wp\/v2\/media\/23837"}],"wp:attachment":[{"href":"https:\/\/www.revistarambla.com\/en\/wp-json\/wp\/v2\/media?parent=67515"}],"wp:term":[{"taxonomy":"category","embeddable":true,"href":"https:\/\/www.revistarambla.com\/en\/wp-json\/wp\/v2\/categories?post=67515"},{"taxonomy":"post_tag","embeddable":true,"href":"https:\/\/www.revistarambla.com\/en\/wp-json\/wp\/v2\/tags?post=67515"}],"curies":[{"name":"wp","href":"https:\/\/api.w.org\/{rel}","templated":true}]}}