{"id":67374,"date":"2025-12-11T19:27:28","date_gmt":"2025-12-11T18:27:28","guid":{"rendered":"https:\/\/www.revistarambla.com\/?p=67374"},"modified":"2025-12-11T19:27:28","modified_gmt":"2025-12-11T18:27:28","slug":"mas-de-1-300-profesionales-del-arte-exigen-al-gobierno-una-rebaja-urgente-del-iva-cultural-estamos-aqui-y-nos-estamos-ahogando","status":"publish","type":"post","link":"https:\/\/www.revistarambla.com\/en\/mas-de-1-300-profesionales-del-arte-exigen-al-gobierno-una-rebaja-urgente-del-iva-cultural-estamos-aqui-y-nos-estamos-ahogando\/","title":{"rendered":"M\u00e1s de 1.300 profesionales del arte exigen al Gobierno una rebaja urgente del IVA cultural: \u201cEstamos aqu\u00ed y nos estamos ahogando\u201d"},"content":{"rendered":"<p>La escena art\u00edstica espa\u00f1ola ha dicho basta. M\u00e1s de 1.300 artistas, galeristas, directores de museos, responsables de centros culturales y profesionales vinculados al sector de las artes visuales de toda Espa\u00f1a han unido sus voces para exigir al Gobierno una rebaja inmediata del IVA cultural que permita al sector competir en igualdad de condiciones con el resto de Europa. El 21 % con el que actualmente se gravan las ventas de obras de arte en Espa\u00f1a \u2014uno de los tipos m\u00e1s altos del continente\u2014 se ha convertido, denuncian, en un lastre que \u201casfixia\u201d al sector e impide su desarrollo.<\/p>\n<p>El clamor se hizo p\u00fablico este martes durante un acto celebrado en el C\u00edrculo de Bellas Artes de Madrid, donde se present\u00f3 el manifiesto <strong>\u201cArtistas Visuales Espa\u00f1a firman IVA Cultural YA\u201d<\/strong>, un documento que sintetiza el malestar acumulado durante a\u00f1os y que reclama una actuaci\u00f3n pol\u00edtica urgente. La presidenta del Consorcio de Galer\u00edas de Arte Contempor\u00e1neo, <strong>Idoia Fern\u00e1ndez<\/strong>, fue la encargada de abrir el acto con un mensaje contundente: \u201cEstamos aqu\u00ed y nos estamos ahogando, se nos acaba el aire\u201d. Su intervenci\u00f3n, cargada de emoci\u00f3n y frustraci\u00f3n, resumi\u00f3 el sentir de un sector que lleva m\u00e1s de una d\u00e9cada denunciando una carga impositiva que consideran incomprensible e injusta.<\/p>\n<h3><strong>Un impuesto desfasado y fuera del contexto europeo<\/strong><\/h3>\n<p>El manifiesto presentado insiste en que Espa\u00f1a es uno de los pocos pa\u00edses de la Uni\u00f3n Europea que mantiene un IVA general del 21 % para la compra de obras de arte. Esta situaci\u00f3n contrasta con la normativa comunitaria, que desde hace m\u00e1s de un a\u00f1o permite que los Estados miembros apliquen un IVA reducido a bienes culturales. Mientras que la mayor\u00eda de pa\u00edses del entorno han aprovechado esta oportunidad para rebajar la carga fiscal y fomentar el mercado del arte, Espa\u00f1a ha optado por no transponer todav\u00eda la directiva.<\/p>\n<p>\u201cEs un aut\u00e9ntico contrasentido\u201d, se\u00f1al\u00f3 durante el acto uno de los portavoces de las asociaciones de artistas. \u201cLa Uni\u00f3n Europea ha dejado claro que los pa\u00edses pueden apostar por una fiscalidad cultural m\u00e1s baja para impulsar la creaci\u00f3n y la circulaci\u00f3n del arte. Francia, Italia, Alemania, Luxemburgo, B\u00e9lgica, Portugal\u2026 todos han adoptado un IVA reducido. Lo han hecho porque entienden que el arte es un motor econ\u00f3mico, cultural y social\u201d.<\/p>\n<p>Las cifras que citan los organizadores del manifiesto son elocuentes. Francia aplica un IVA del <strong>5,5 %<\/strong> a las ventas de arte; Italia, un <strong>5 %<\/strong>; Alemania, un <strong>7 %<\/strong>; Luxemburgo, <strong>8 %<\/strong>; B\u00e9lgica, <strong>6 %<\/strong>; y Portugal, tambi\u00e9n <strong>6 %<\/strong>. En comparaci\u00f3n, Espa\u00f1a mantiene un <strong>21 %<\/strong>, m\u00e1s del doble \u2014y en algunos casos hasta cuatro veces m\u00e1s\u2014 que el tipo aplicado por sus vecinos.<\/p>\n<p>\u201cCon este margen es imposible competir en el mercado europeo\u201d, subraya el manifiesto. \u201cMientras otros pa\u00edses facilitan la adquisici\u00f3n de obra y estimulan la actividad de galer\u00edas y artistas, Espa\u00f1a contin\u00faa penalizando a su propio sector cultural\u201d.<\/p>\n<h3><strong>Un a\u00f1o perdido: la Directiva de IVA de la UE y la inacci\u00f3n del Gobierno<\/strong><\/h3>\n<p>La Directiva europea sobre impuestos de valor a\u00f1adido entr\u00f3 en vigor hace ya un a\u00f1o. Desde entonces, el sector cultural espa\u00f1ol esperaba una respuesta por parte del Ejecutivo que nunca lleg\u00f3. La normativa, flexible y orientada a favorecer a industrias creativas, permit\u00eda introducir un tipo de IVA reducido para dinamizar mercados especialmente sensibles, como el del arte contempor\u00e1neo.<\/p>\n<p>Sin embargo, seg\u00fan denuncian los firmantes del manifiesto, el Gobierno ha optado por no mover ficha. \u201cLa falta de acci\u00f3n est\u00e1 teniendo consecuencias graves y tangibles\u201d, aseguraron varios representantes del sector durante el acto. \u201cMientras nuestros pa\u00edses vecinos han avanzado con decisi\u00f3n, Espa\u00f1a sigue penalizando a sus artistas con un IVA un 100 % m\u00e1s alto que en otros Estados miembros\u201d.<\/p>\n<p>Para muchos galeristas, esta situaci\u00f3n supone una p\u00e9rdida constante de competitividad. Coleccionistas extranjeros que podr\u00edan interesarse por obra espa\u00f1ola optan por comprar en mercados europeos con un tratamiento fiscal m\u00e1s favorable. \u201c\u00bfPor qu\u00e9 pagar un 21 % cuando en Par\u00eds pagas un 5,5 %? \u00bfPor qu\u00e9 comprar en Espa\u00f1a si en Berl\u00edn o Lisboa ese mismo cuadro te cuesta miles de euros menos?\u201d, argumenta un galerista madrile\u00f1o. \u201cNos est\u00e1n expulsando del mercado internacional\u201d.<\/p>\n<h3><strong>El impacto directo en artistas y galer\u00edas<\/strong><\/h3>\n<p>La subida del IVA cultural al 21 % durante la crisis econ\u00f3mica fue, para muchos, el principio de un declive que a\u00fan no se ha revertido. Aunque otros sectores culturales, como el cine o los espect\u00e1culos en vivo, han recuperado tipos reducidos en los \u00faltimos a\u00f1os, el mercado de las artes visuales sigue operando bajo una de las cargas fiscales m\u00e1s elevadas de Europa.<\/p>\n<p>\u201cPara el comprador, un 21 % puede ser la diferencia entre adquirir o no una obra\u201d, explica Idoia Fern\u00e1ndez. \u201cPara la galer\u00eda, puede ser la diferencia entre cerrar un mes con ingresos o hacerlo en p\u00e9rdidas. Y para el artista, puede suponer la diferencia entre poder vivir de su trabajo o tener que renunciar a su carrera\u201d.<\/p>\n<p>La realidad es que el mercado espa\u00f1ol de arte contempor\u00e1neo ha perdido espacio. Seg\u00fan diversos estudios sectoriales \u2014que los organizadores del manifiesto mencionan como parte de sus argumentos\u2014, Espa\u00f1a exporta menos obra que hace una d\u00e9cada y concentra un volumen de negocio menor que pa\u00edses con menor tradici\u00f3n art\u00edstica pero con mejor fiscalidad.<\/p>\n<p>El problema afecta tambi\u00e9n a j\u00f3venes creadores que intentan abrirse camino. Con galer\u00edas debilitadas y coleccionistas m\u00e1s reticentes, el ecosistema art\u00edstico pierde dinamismo y se vuelve menos capaz de retener talento. \u201cMuchos artistas emergentes optan por buscar oportunidades en otros pa\u00edses, donde vender su obra no supone un calvario administrativo y fiscal\u201d, explica una de las artistas firmantes del manifiesto.<\/p>\n<h3><strong>Un sector cultural unido como pocas veces<\/strong><\/h3>\n<p>Uno de los aspectos m\u00e1s llamativos de esta iniciativa es el nivel de consenso alcanzado. M\u00e1s de 1.300 profesionales y entidades de todos los \u00e1mbitos de las artes visuales han apoyado la petici\u00f3n: artistas consagrados, artistas emergentes, galer\u00edas, peque\u00f1os proyectos culturales, directores de museos, centros de arte contempor\u00e1neo, asociaciones profesionales y colectivos de trabajadores del sector.<\/p>\n<p>En sus intervenciones, muchos destacaron que no se trata de una reivindicaci\u00f3n ideol\u00f3gica, sino de una cuesti\u00f3n de supervivencia. \u201cEste no es un debate pol\u00edtico ni partidista\u201d, declar\u00f3 una directora de museo. \u201cEs un problema t\u00e9cnico y econ\u00f3mico. Si queremos tener una industria cultural fuerte, debemos alinearnos con Europa. No podemos seguir pagando el precio m\u00e1s alto. Ning\u00fan otro sector acepta pac\u00edficamente una situaci\u00f3n tan desigual\u201d.<\/p>\n<p>La Uni\u00f3n de Artistas Contempor\u00e1neos de Espa\u00f1a (\u00daACE), la Asociaci\u00f3n de Mujeres en las Artes Visuales, el Consorcio de Galer\u00edas, la Federaci\u00f3n Estatal de Estudiantes de Arte y decenas de organizaciones m\u00e1s han firmado el manifiesto y se han comprometido a mantener la presi\u00f3n p\u00fablica.<\/p>\n<h3><strong>Comparaciones inevitables: el efecto en el mercado europeo<\/strong><\/h3>\n<p>Durante el acto se mostraron casos concretos de transacciones que se han desviado hacia otros pa\u00edses debido al IVA espa\u00f1ol. Galer\u00edas que planeaban participar en ferias internacionales han visto reducidas sus posibilidades porque sus precios finales son menos competitivos que los de sus colegas europeos. Tambi\u00e9n se mencionaron ejemplos de artistas que han trasladado su residencia fiscal para facilitar la venta de sus obras.<\/p>\n<p>En Francia, por ejemplo, la rebaja del IVA fue acompa\u00f1ada por medidas adicionales de apoyo al sector, lo que ha provocado un aumento del inter\u00e9s internacional y un crecimiento sostenido de su mercado nacional. \u201cMientras tanto, Espa\u00f1a est\u00e1 perdiendo oportunidades de forma continuada\u201d, explicaron los organizadores.<\/p>\n<p>Portugal, pa\u00eds vecino con un ecosistema art\u00edstico m\u00e1s peque\u00f1o, ha conseguido en los \u00faltimos a\u00f1os atraer galer\u00edas, compradores y artistas internacionales gracias a una fiscalidad m\u00e1s coherente con la directiva europea. \u201cCuando tu pa\u00eds vecino aplica un 6 % y t\u00fa mantienes un 21 %, la comparaci\u00f3n es inevitable\u201d, subray\u00f3 una galerista valenciana.<\/p>\n<h3><strong>El arte como motor econ\u00f3mico, no solo cultural<\/strong><\/h3>\n<p>Una parte importante del manifiesto insiste en que la cultura no debe entenderse \u00fanicamente como un \u00e1mbito simb\u00f3lico o est\u00e9tico, sino tambi\u00e9n econ\u00f3mico. El mercado del arte genera empleo, impulsa el turismo cultural, dinamiza barrios y ciudades, moviliza inversi\u00f3n privada y proyecta la imagen internacional del pa\u00eds.<\/p>\n<p>Los firmantes recuerdan que las galer\u00edas son, en muchos casos, peque\u00f1as empresas familiares que enfrentan m\u00e1rgenes estrechos y grandes costes operativos. \u201cCuando hablamos de rebajar el IVA, no hablamos de favorecer a grandes fortunas\u201d, recalcaron. \u201cHablamos de potenciar un tejido empresarial compuesto en su mayor\u00eda por microempresas que trabajan con artistas j\u00f3venes\u201d.<\/p>\n<h3><strong>Una petici\u00f3n clara: aplicar ya el IVA reducido<\/strong><\/h3>\n<p>La conclusi\u00f3n del manifiesto es inequ\u00edvoca. El sector exige al Gobierno que aplique, de manera urgente, un IVA reducido conforme a lo permitido por la directiva europea. Aunque no se especifica un porcentaje concreto, los firmantes reclaman un tipo similar al de pa\u00edses del entorno, situado entre el 5 % y el 8 %.<\/p>\n<p>\u201cEs lo m\u00ednimo para garantizar que Espa\u00f1a no siga perdiendo competitividad\u201d, explicaron. \u201cLa directiva permite hacerlo. Europa lo permite. Nuestros vecinos lo han hecho. Ahora solo falta la voluntad pol\u00edtica\u201d.<\/p>\n<h3><strong>Un futuro incierto si no se act\u00faa<\/strong><\/h3>\n<p>El acto concluy\u00f3 con un mensaje de unidad y de advertencia. \u201cNo podemos seguir as\u00ed otros diez a\u00f1os\u201d, afirm\u00f3 uno de los artistas presentes. \u201cEl sector est\u00e1 agotado. Si no se corrige este desajuste fiscal, veremos el cierre de m\u00e1s galer\u00edas, la huida de m\u00e1s artistas y la desaparici\u00f3n de proyectos culturales que necesitamos como sociedad\u201d.<\/p>\n<p>El C\u00edrculo de Bellas Artes, s\u00edmbolo de la cultura espa\u00f1ola, se convirti\u00f3 durante unas horas en el epicentro de un grito colectivo que lleva demasiado tiempo resonando sin respuesta. Ahora, el sector espera que el Gobierno escuche. El tiempo, dicen, se agota.<\/p>","protected":false},"excerpt":{"rendered":"<p>La escena art\u00edstica espa\u00f1ola ha dicho basta. M\u00e1s de 1.300 artistas, galeristas, directores de museos, responsables de centros culturales y profesionales vinculados al sector de las artes visuales de toda Espa\u00f1a han unido sus voces para exigir al Gobierno una rebaja inmediata del IVA cultural que permita al sector competir [&hellip;]<\/p>\n","protected":false},"author":3,"featured_media":3557,"comment_status":"closed","ping_status":"closed","sticky":false,"template":"","format":"standard","meta":{"footnotes":""},"categories":[4],"tags":[],"class_list":["post-67374","post","type-post","status-publish","format-standard","has-post-thumbnail","hentry","category-cultura"],"yoast_head":"<!-- This site is optimized with the Yoast SEO plugin v27.5 - https:\/\/yoast.com\/product\/yoast-seo-wordpress\/ -->\n<title>M\u00e1s de 1.300 profesionales del arte exigen al Gobierno una rebaja urgente del IVA cultural: \u201cEstamos aqu\u00ed y nos estamos ahogando\u201d - Revista Rambla<\/title>\n<meta name=\"robots\" content=\"index, follow, max-snippet:-1, max-image-preview:large, max-video-preview:-1\" \/>\n<link rel=\"canonical\" href=\"https:\/\/www.revistarambla.com\/en\/mas-de-1-300-profesionales-del-arte-exigen-al-gobierno-una-rebaja-urgente-del-iva-cultural-estamos-aqui-y-nos-estamos-ahogando\/\" \/>\n<meta property=\"og:locale\" content=\"en_GB\" \/>\n<meta property=\"og:type\" content=\"article\" \/>\n<meta property=\"og:title\" content=\"M\u00e1s de 1.300 profesionales del arte exigen al Gobierno una rebaja urgente del IVA cultural: \u201cEstamos aqu\u00ed y nos estamos ahogando\u201d - Revista Rambla\" \/>\n<meta property=\"og:description\" content=\"La escena art\u00edstica espa\u00f1ola ha dicho basta. M\u00e1s de 1.300 artistas, galeristas, directores de museos, responsables de centros culturales y profesionales vinculados al sector de las artes visuales de toda Espa\u00f1a han unido sus voces para exigir al Gobierno una rebaja inmediata del IVA cultural que permita al sector competir [&hellip;]\" \/>\n<meta property=\"og:url\" content=\"https:\/\/www.revistarambla.com\/en\/mas-de-1-300-profesionales-del-arte-exigen-al-gobierno-una-rebaja-urgente-del-iva-cultural-estamos-aqui-y-nos-estamos-ahogando\/\" \/>\n<meta property=\"og:site_name\" content=\"Revista Rambla\" \/>\n<meta property=\"article:publisher\" content=\"https:\/\/www.facebook.com\/revistarambla\/\" \/>\n<meta property=\"article:author\" content=\"https:\/\/www.facebook.com\/revistarambla\" \/>\n<meta property=\"article:published_time\" content=\"2025-12-11T18:27:28+00:00\" \/>\n<meta property=\"og:image\" content=\"https:\/\/www.revistarambla.com\/wp-content\/uploads\/2013\/06\/expo-02.jpg\" \/>\n\t<meta property=\"og:image:width\" content=\"700\" \/>\n\t<meta property=\"og:image:height\" content=\"330\" \/>\n\t<meta property=\"og:image:type\" content=\"image\/jpeg\" \/>\n<meta name=\"author\" content=\"R@mbla\" \/>\n<meta name=\"twitter:card\" content=\"summary_large_image\" \/>\n<meta name=\"twitter:creator\" content=\"@revistarambla\" \/>\n<meta name=\"twitter:site\" content=\"@revistarambla\" \/>\n<meta name=\"twitter:label1\" content=\"Written by\" \/>\n\t<meta name=\"twitter:data1\" content=\"R@mbla\" \/>\n\t<meta name=\"twitter:label2\" content=\"Estimated reading time\" \/>\n\t<meta name=\"twitter:data2\" content=\"8 minutes\" \/>\n<script type=\"application\/ld+json\" class=\"yoast-schema-graph\">{\"@context\":\"https:\\\/\\\/schema.org\",\"@graph\":[{\"@type\":\"Article\",\"@id\":\"https:\\\/\\\/www.revistarambla.com\\\/mas-de-1-300-profesionales-del-arte-exigen-al-gobierno-una-rebaja-urgente-del-iva-cultural-estamos-aqui-y-nos-estamos-ahogando\\\/#article\",\"isPartOf\":{\"@id\":\"https:\\\/\\\/www.revistarambla.com\\\/mas-de-1-300-profesionales-del-arte-exigen-al-gobierno-una-rebaja-urgente-del-iva-cultural-estamos-aqui-y-nos-estamos-ahogando\\\/\"},\"author\":{\"name\":\"R@mbla\",\"@id\":\"https:\\\/\\\/www.revistarambla.com\\\/#\\\/schema\\\/person\\\/a146a5a2550b94981a75131180e1bd9c\"},\"headline\":\"M\u00e1s de 1.300 profesionales del arte exigen al Gobierno una rebaja urgente del IVA cultural: \u201cEstamos aqu\u00ed y nos estamos ahogando\u201d\",\"datePublished\":\"2025-12-11T18:27:28+00:00\",\"mainEntityOfPage\":{\"@id\":\"https:\\\/\\\/www.revistarambla.com\\\/mas-de-1-300-profesionales-del-arte-exigen-al-gobierno-una-rebaja-urgente-del-iva-cultural-estamos-aqui-y-nos-estamos-ahogando\\\/\"},\"wordCount\":1723,\"publisher\":{\"@id\":\"https:\\\/\\\/www.revistarambla.com\\\/#organization\"},\"image\":{\"@id\":\"https:\\\/\\\/www.revistarambla.com\\\/mas-de-1-300-profesionales-del-arte-exigen-al-gobierno-una-rebaja-urgente-del-iva-cultural-estamos-aqui-y-nos-estamos-ahogando\\\/#primaryimage\"},\"thumbnailUrl\":\"https:\\\/\\\/www.revistarambla.com\\\/wp-content\\\/uploads\\\/2013\\\/06\\\/expo-02.jpg\",\"articleSection\":[\"Cultura\"],\"inLanguage\":\"en-GB\"},{\"@type\":\"WebPage\",\"@id\":\"https:\\\/\\\/www.revistarambla.com\\\/mas-de-1-300-profesionales-del-arte-exigen-al-gobierno-una-rebaja-urgente-del-iva-cultural-estamos-aqui-y-nos-estamos-ahogando\\\/\",\"url\":\"https:\\\/\\\/www.revistarambla.com\\\/mas-de-1-300-profesionales-del-arte-exigen-al-gobierno-una-rebaja-urgente-del-iva-cultural-estamos-aqui-y-nos-estamos-ahogando\\\/\",\"name\":\"M\u00e1s de 1.300 profesionales del arte exigen al Gobierno una rebaja urgente del IVA cultural: \u201cEstamos aqu\u00ed y nos estamos ahogando\u201d - Revista Rambla\",\"isPartOf\":{\"@id\":\"https:\\\/\\\/www.revistarambla.com\\\/#website\"},\"primaryImageOfPage\":{\"@id\":\"https:\\\/\\\/www.revistarambla.com\\\/mas-de-1-300-profesionales-del-arte-exigen-al-gobierno-una-rebaja-urgente-del-iva-cultural-estamos-aqui-y-nos-estamos-ahogando\\\/#primaryimage\"},\"image\":{\"@id\":\"https:\\\/\\\/www.revistarambla.com\\\/mas-de-1-300-profesionales-del-arte-exigen-al-gobierno-una-rebaja-urgente-del-iva-cultural-estamos-aqui-y-nos-estamos-ahogando\\\/#primaryimage\"},\"thumbnailUrl\":\"https:\\\/\\\/www.revistarambla.com\\\/wp-content\\\/uploads\\\/2013\\\/06\\\/expo-02.jpg\",\"datePublished\":\"2025-12-11T18:27:28+00:00\",\"breadcrumb\":{\"@id\":\"https:\\\/\\\/www.revistarambla.com\\\/mas-de-1-300-profesionales-del-arte-exigen-al-gobierno-una-rebaja-urgente-del-iva-cultural-estamos-aqui-y-nos-estamos-ahogando\\\/#breadcrumb\"},\"inLanguage\":\"en-GB\",\"potentialAction\":[{\"@type\":\"ReadAction\",\"target\":[\"https:\\\/\\\/www.revistarambla.com\\\/mas-de-1-300-profesionales-del-arte-exigen-al-gobierno-una-rebaja-urgente-del-iva-cultural-estamos-aqui-y-nos-estamos-ahogando\\\/\"]}]},{\"@type\":\"ImageObject\",\"inLanguage\":\"en-GB\",\"@id\":\"https:\\\/\\\/www.revistarambla.com\\\/mas-de-1-300-profesionales-del-arte-exigen-al-gobierno-una-rebaja-urgente-del-iva-cultural-estamos-aqui-y-nos-estamos-ahogando\\\/#primaryimage\",\"url\":\"https:\\\/\\\/www.revistarambla.com\\\/wp-content\\\/uploads\\\/2013\\\/06\\\/expo-02.jpg\",\"contentUrl\":\"https:\\\/\\\/www.revistarambla.com\\\/wp-content\\\/uploads\\\/2013\\\/06\\\/expo-02.jpg\",\"width\":700,\"height\":330,\"caption\":\"iva cultural\"},{\"@type\":\"BreadcrumbList\",\"@id\":\"https:\\\/\\\/www.revistarambla.com\\\/mas-de-1-300-profesionales-del-arte-exigen-al-gobierno-una-rebaja-urgente-del-iva-cultural-estamos-aqui-y-nos-estamos-ahogando\\\/#breadcrumb\",\"itemListElement\":[{\"@type\":\"ListItem\",\"position\":1,\"name\":\"Portada\",\"item\":\"https:\\\/\\\/www.revistarambla.com\\\/\"},{\"@type\":\"ListItem\",\"position\":2,\"name\":\"M\u00e1s de 1.300 profesionales del arte exigen al Gobierno una rebaja urgente del IVA cultural: \u201cEstamos aqu\u00ed y nos estamos ahogando\u201d\"}]},{\"@type\":\"WebSite\",\"@id\":\"https:\\\/\\\/www.revistarambla.com\\\/#website\",\"url\":\"https:\\\/\\\/www.revistarambla.com\\\/\",\"name\":\"Revista Rambla Barcelona\",\"description\":\"Periodismo independiente\",\"publisher\":{\"@id\":\"https:\\\/\\\/www.revistarambla.com\\\/#organization\"},\"potentialAction\":[{\"@type\":\"SearchAction\",\"target\":{\"@type\":\"EntryPoint\",\"urlTemplate\":\"https:\\\/\\\/www.revistarambla.com\\\/?s={search_term_string}\"},\"query-input\":{\"@type\":\"PropertyValueSpecification\",\"valueRequired\":true,\"valueName\":\"search_term_string\"}}],\"inLanguage\":\"en-GB\"},{\"@type\":\"Organization\",\"@id\":\"https:\\\/\\\/www.revistarambla.com\\\/#organization\",\"name\":\"Revista Rambla\",\"url\":\"https:\\\/\\\/www.revistarambla.com\\\/\",\"logo\":{\"@type\":\"ImageObject\",\"inLanguage\":\"en-GB\",\"@id\":\"https:\\\/\\\/www.revistarambla.com\\\/#\\\/schema\\\/logo\\\/image\\\/\",\"url\":\"https:\\\/\\\/www.revistarambla.com\\\/wp-content\\\/uploads\\\/2020\\\/09\\\/banner_rambla_1900x600_BB.png\",\"contentUrl\":\"https:\\\/\\\/www.revistarambla.com\\\/wp-content\\\/uploads\\\/2020\\\/09\\\/banner_rambla_1900x600_BB.png\",\"width\":1900,\"height\":600,\"caption\":\"Revista Rambla\"},\"image\":{\"@id\":\"https:\\\/\\\/www.revistarambla.com\\\/#\\\/schema\\\/logo\\\/image\\\/\"},\"sameAs\":[\"https:\\\/\\\/www.facebook.com\\\/revistarambla\\\/\",\"https:\\\/\\\/x.com\\\/revistarambla\",\"https:\\\/\\\/www.instagram.com\\\/revista_rambla\",\"https:\\\/\\\/es.linkedin.com\\\/company\\\/revista-rambla\"]},{\"@type\":\"Person\",\"@id\":\"https:\\\/\\\/www.revistarambla.com\\\/#\\\/schema\\\/person\\\/a146a5a2550b94981a75131180e1bd9c\",\"name\":\"R@mbla\",\"description\":\"Este art\u00edculo ha sido redactado y\\\/o validado por el equipo de redacci\u00f3n de Revista Rambla.\",\"sameAs\":[\"https:\\\/\\\/www.revistarambla.com\\\/\",\"https:\\\/\\\/www.facebook.com\\\/revistarambla\",\"https:\\\/\\\/x.com\\\/revistarambla\"]}]}<\/script>\n<!-- \/ Yoast SEO plugin. -->","yoast_head_json":{"title":"M\u00e1s de 1.300 profesionales del arte exigen al Gobierno una rebaja urgente del IVA cultural: \u201cEstamos aqu\u00ed y nos estamos ahogando\u201d - Revista Rambla","robots":{"index":"index","follow":"follow","max-snippet":"max-snippet:-1","max-image-preview":"max-image-preview:large","max-video-preview":"max-video-preview:-1"},"canonical":"https:\/\/www.revistarambla.com\/en\/mas-de-1-300-profesionales-del-arte-exigen-al-gobierno-una-rebaja-urgente-del-iva-cultural-estamos-aqui-y-nos-estamos-ahogando\/","og_locale":"en_GB","og_type":"article","og_title":"M\u00e1s de 1.300 profesionales del arte exigen al Gobierno una rebaja urgente del IVA cultural: \u201cEstamos aqu\u00ed y nos estamos ahogando\u201d - Revista Rambla","og_description":"La escena art\u00edstica espa\u00f1ola ha dicho basta. M\u00e1s de 1.300 artistas, galeristas, directores de museos, responsables de centros culturales y profesionales vinculados al sector de las artes visuales de toda Espa\u00f1a han unido sus voces para exigir al Gobierno una rebaja inmediata del IVA cultural que permita al sector competir [&hellip;]","og_url":"https:\/\/www.revistarambla.com\/en\/mas-de-1-300-profesionales-del-arte-exigen-al-gobierno-una-rebaja-urgente-del-iva-cultural-estamos-aqui-y-nos-estamos-ahogando\/","og_site_name":"Revista Rambla","article_publisher":"https:\/\/www.facebook.com\/revistarambla\/","article_author":"https:\/\/www.facebook.com\/revistarambla","article_published_time":"2025-12-11T18:27:28+00:00","og_image":[{"width":700,"height":330,"url":"https:\/\/www.revistarambla.com\/wp-content\/uploads\/2013\/06\/expo-02.jpg","type":"image\/jpeg"}],"author":"R@mbla","twitter_card":"summary_large_image","twitter_creator":"@revistarambla","twitter_site":"@revistarambla","twitter_misc":{"Written by":"R@mbla","Estimated reading time":"8 minutes"},"schema":{"@context":"https:\/\/schema.org","@graph":[{"@type":"Article","@id":"https:\/\/www.revistarambla.com\/mas-de-1-300-profesionales-del-arte-exigen-al-gobierno-una-rebaja-urgente-del-iva-cultural-estamos-aqui-y-nos-estamos-ahogando\/#article","isPartOf":{"@id":"https:\/\/www.revistarambla.com\/mas-de-1-300-profesionales-del-arte-exigen-al-gobierno-una-rebaja-urgente-del-iva-cultural-estamos-aqui-y-nos-estamos-ahogando\/"},"author":{"name":"R@mbla","@id":"https:\/\/www.revistarambla.com\/#\/schema\/person\/a146a5a2550b94981a75131180e1bd9c"},"headline":"M\u00e1s de 1.300 profesionales del arte exigen al Gobierno una rebaja urgente del IVA cultural: \u201cEstamos aqu\u00ed y nos estamos ahogando\u201d","datePublished":"2025-12-11T18:27:28+00:00","mainEntityOfPage":{"@id":"https:\/\/www.revistarambla.com\/mas-de-1-300-profesionales-del-arte-exigen-al-gobierno-una-rebaja-urgente-del-iva-cultural-estamos-aqui-y-nos-estamos-ahogando\/"},"wordCount":1723,"publisher":{"@id":"https:\/\/www.revistarambla.com\/#organization"},"image":{"@id":"https:\/\/www.revistarambla.com\/mas-de-1-300-profesionales-del-arte-exigen-al-gobierno-una-rebaja-urgente-del-iva-cultural-estamos-aqui-y-nos-estamos-ahogando\/#primaryimage"},"thumbnailUrl":"https:\/\/www.revistarambla.com\/wp-content\/uploads\/2013\/06\/expo-02.jpg","articleSection":["Cultura"],"inLanguage":"en-GB"},{"@type":"WebPage","@id":"https:\/\/www.revistarambla.com\/mas-de-1-300-profesionales-del-arte-exigen-al-gobierno-una-rebaja-urgente-del-iva-cultural-estamos-aqui-y-nos-estamos-ahogando\/","url":"https:\/\/www.revistarambla.com\/mas-de-1-300-profesionales-del-arte-exigen-al-gobierno-una-rebaja-urgente-del-iva-cultural-estamos-aqui-y-nos-estamos-ahogando\/","name":"M\u00e1s de 1.300 profesionales del arte exigen al Gobierno una rebaja urgente del IVA cultural: \u201cEstamos aqu\u00ed y nos estamos ahogando\u201d - Revista Rambla","isPartOf":{"@id":"https:\/\/www.revistarambla.com\/#website"},"primaryImageOfPage":{"@id":"https:\/\/www.revistarambla.com\/mas-de-1-300-profesionales-del-arte-exigen-al-gobierno-una-rebaja-urgente-del-iva-cultural-estamos-aqui-y-nos-estamos-ahogando\/#primaryimage"},"image":{"@id":"https:\/\/www.revistarambla.com\/mas-de-1-300-profesionales-del-arte-exigen-al-gobierno-una-rebaja-urgente-del-iva-cultural-estamos-aqui-y-nos-estamos-ahogando\/#primaryimage"},"thumbnailUrl":"https:\/\/www.revistarambla.com\/wp-content\/uploads\/2013\/06\/expo-02.jpg","datePublished":"2025-12-11T18:27:28+00:00","breadcrumb":{"@id":"https:\/\/www.revistarambla.com\/mas-de-1-300-profesionales-del-arte-exigen-al-gobierno-una-rebaja-urgente-del-iva-cultural-estamos-aqui-y-nos-estamos-ahogando\/#breadcrumb"},"inLanguage":"en-GB","potentialAction":[{"@type":"ReadAction","target":["https:\/\/www.revistarambla.com\/mas-de-1-300-profesionales-del-arte-exigen-al-gobierno-una-rebaja-urgente-del-iva-cultural-estamos-aqui-y-nos-estamos-ahogando\/"]}]},{"@type":"ImageObject","inLanguage":"en-GB","@id":"https:\/\/www.revistarambla.com\/mas-de-1-300-profesionales-del-arte-exigen-al-gobierno-una-rebaja-urgente-del-iva-cultural-estamos-aqui-y-nos-estamos-ahogando\/#primaryimage","url":"https:\/\/www.revistarambla.com\/wp-content\/uploads\/2013\/06\/expo-02.jpg","contentUrl":"https:\/\/www.revistarambla.com\/wp-content\/uploads\/2013\/06\/expo-02.jpg","width":700,"height":330,"caption":"iva cultural"},{"@type":"BreadcrumbList","@id":"https:\/\/www.revistarambla.com\/mas-de-1-300-profesionales-del-arte-exigen-al-gobierno-una-rebaja-urgente-del-iva-cultural-estamos-aqui-y-nos-estamos-ahogando\/#breadcrumb","itemListElement":[{"@type":"ListItem","position":1,"name":"Portada","item":"https:\/\/www.revistarambla.com\/"},{"@type":"ListItem","position":2,"name":"M\u00e1s de 1.300 profesionales del arte exigen al Gobierno una rebaja urgente del IVA cultural: \u201cEstamos aqu\u00ed y nos estamos ahogando\u201d"}]},{"@type":"WebSite","@id":"https:\/\/www.revistarambla.com\/#website","url":"https:\/\/www.revistarambla.com\/","name":"Revista Rambla Barcelona","description":"Periodismo independiente","publisher":{"@id":"https:\/\/www.revistarambla.com\/#organization"},"potentialAction":[{"@type":"SearchAction","target":{"@type":"EntryPoint","urlTemplate":"https:\/\/www.revistarambla.com\/?s={search_term_string}"},"query-input":{"@type":"PropertyValueSpecification","valueRequired":true,"valueName":"search_term_string"}}],"inLanguage":"en-GB"},{"@type":"Organization","@id":"https:\/\/www.revistarambla.com\/#organization","name":"Revista Rambla","url":"https:\/\/www.revistarambla.com\/","logo":{"@type":"ImageObject","inLanguage":"en-GB","@id":"https:\/\/www.revistarambla.com\/#\/schema\/logo\/image\/","url":"https:\/\/www.revistarambla.com\/wp-content\/uploads\/2020\/09\/banner_rambla_1900x600_BB.png","contentUrl":"https:\/\/www.revistarambla.com\/wp-content\/uploads\/2020\/09\/banner_rambla_1900x600_BB.png","width":1900,"height":600,"caption":"Revista Rambla"},"image":{"@id":"https:\/\/www.revistarambla.com\/#\/schema\/logo\/image\/"},"sameAs":["https:\/\/www.facebook.com\/revistarambla\/","https:\/\/x.com\/revistarambla","https:\/\/www.instagram.com\/revista_rambla","https:\/\/es.linkedin.com\/company\/revista-rambla"]},{"@type":"Person","@id":"https:\/\/www.revistarambla.com\/#\/schema\/person\/a146a5a2550b94981a75131180e1bd9c","name":"R@mbla","description":"Este art\u00edculo ha sido redactado y\/o validado por el equipo de redacci\u00f3n de Revista Rambla.","sameAs":["https:\/\/www.revistarambla.com\/","https:\/\/www.facebook.com\/revistarambla","https:\/\/x.com\/revistarambla"]}]}},"_links":{"self":[{"href":"https:\/\/www.revistarambla.com\/en\/wp-json\/wp\/v2\/posts\/67374","targetHints":{"allow":["GET"]}}],"collection":[{"href":"https:\/\/www.revistarambla.com\/en\/wp-json\/wp\/v2\/posts"}],"about":[{"href":"https:\/\/www.revistarambla.com\/en\/wp-json\/wp\/v2\/types\/post"}],"author":[{"embeddable":true,"href":"https:\/\/www.revistarambla.com\/en\/wp-json\/wp\/v2\/users\/3"}],"replies":[{"embeddable":true,"href":"https:\/\/www.revistarambla.com\/en\/wp-json\/wp\/v2\/comments?post=67374"}],"version-history":[{"count":1,"href":"https:\/\/www.revistarambla.com\/en\/wp-json\/wp\/v2\/posts\/67374\/revisions"}],"predecessor-version":[{"id":67375,"href":"https:\/\/www.revistarambla.com\/en\/wp-json\/wp\/v2\/posts\/67374\/revisions\/67375"}],"wp:featuredmedia":[{"embeddable":true,"href":"https:\/\/www.revistarambla.com\/en\/wp-json\/wp\/v2\/media\/3557"}],"wp:attachment":[{"href":"https:\/\/www.revistarambla.com\/en\/wp-json\/wp\/v2\/media?parent=67374"}],"wp:term":[{"taxonomy":"category","embeddable":true,"href":"https:\/\/www.revistarambla.com\/en\/wp-json\/wp\/v2\/categories?post=67374"},{"taxonomy":"post_tag","embeddable":true,"href":"https:\/\/www.revistarambla.com\/en\/wp-json\/wp\/v2\/tags?post=67374"}],"curies":[{"name":"wp","href":"https:\/\/api.w.org\/{rel}","templated":true}]}}