{"id":67371,"date":"2025-12-11T19:22:09","date_gmt":"2025-12-11T18:22:09","guid":{"rendered":"https:\/\/www.revistarambla.com\/?p=67371"},"modified":"2025-12-11T19:22:09","modified_gmt":"2025-12-11T18:22:09","slug":"enrique-vila-matas-paco-cerda-chantal-maillard-y-anna-caballe-entre-los-ganadores-de-los-ii-premios-zenda","status":"publish","type":"post","link":"https:\/\/www.revistarambla.com\/en\/enrique-vila-matas-paco-cerda-chantal-maillard-y-anna-caballe-entre-los-ganadores-de-los-ii-premios-zenda\/","title":{"rendered":"Enrique Vila-Matas, Paco Cerd\u00e1, Chantal Maillard y Anna Caball\u00e9, entre los ganadores de los II Premios Zenda"},"content":{"rendered":"<p>La literatura espa\u00f1ola tiene una nueva cita marcada en rojo en su calendario cultural: el pr\u00f3ximo <strong>13 de enero<\/strong>, la Real F\u00e1brica de Tapices de Madrid acoger\u00e1 la ceremonia de entrega de la <strong>segunda edici\u00f3n de los Premios Zenda<\/strong>, unos galardones que, pese a su corta trayectoria, han logrado situarse como uno de los reconocimientos m\u00e1s estimulantes del panorama literario actual. Este jueves, durante un desayuno informativo celebrado en la capital, <strong>Arturo P\u00e9rez-Reverte<\/strong>, escritor y fundador de la revista <em>Zenda<\/em>, anunci\u00f3 los nombres de los ganadores de este a\u00f1o, entre los que figuran destacadas voces como <strong>Enrique Vila-Matas<\/strong>, <strong>Paco Cerd\u00e1<\/strong>, <strong>Chantal Maillard<\/strong> y <strong>Anna Caball\u00e9<\/strong>.<\/p>\n<p>Con la franqueza habitual que lo caracteriza, P\u00e9rez-Reverte celebr\u00f3 la consolidaci\u00f3n del premio y explic\u00f3 que surge de \u201cun profundo deseo de resaltar la literatura en su estado m\u00e1s puro\u201d, una aspiraci\u00f3n que, seg\u00fan \u00e9l, solo puede lograrse desde un espacio libre de presiones externas. \u201cEste premio es un ejemplo de lo que puede ser la cultura en Espa\u00f1a\u201d, afirm\u00f3. \u201cUn territorio alejado de la contaminaci\u00f3n pol\u00edtica, de la crispaci\u00f3n y de la mala fe\u201d. Sus declaraciones marcaron el tono de la jornada: un elogio al rigor literario, a la independencia creativa y al valor de la palabra escrita en tiempos convulsos.<\/p>\n<h2><strong>Un galard\u00f3n joven con ambici\u00f3n de permanencia<\/strong><\/h2>\n<p>Los <strong>Premios Zenda<\/strong> nacieron con el objetivo de reconocer a escritores que, desde g\u00e9neros diversos \u2014novela, ensayo, poes\u00eda, cr\u00f3nica o investigaci\u00f3n\u2014, enriquecen el ecosistema literario espa\u00f1ol y latinoamericano. Impulsados por la revista hom\u00f3nima, fundada en 2016 por P\u00e9rez-Reverte, los galardones se han consolidado como una plataforma de prestigio en tan solo dos ediciones, en parte por la solvencia del jurado y por el respaldo de una comunidad creciente de lectores y autores que encuentran en Zenda un espacio para el intercambio de ideas y la difusi\u00f3n de la literatura contempor\u00e1nea.<\/p>\n<p>En esta segunda convocatoria, destacan nombres que representan distintas generaciones y sensibilidades, pero que comparten un compromiso inequ\u00edvoco con la escritura. La presencia de figuras como Vila-Matas o Maillard confirma la apuesta por reconocer trayectorias consolidadas, mientras que autores como Cerd\u00e1 o Caball\u00e9 aportan la perspectiva de un periodismo literario y un ensayo biogr\u00e1fico renovados y profundamente influyentes.<\/p>\n<h2><strong>Enrique Vila-Matas: un referente de la literatura posmoderna<\/strong><\/h2>\n<p>Entre los galardonados se encuentra <strong>Enrique Vila-Matas<\/strong>, uno de los escritores espa\u00f1oles m\u00e1s celebrados dentro y fuera del pa\u00eds. Su obra, siempre en di\u00e1logo con la tradici\u00f3n literaria y con una fascinaci\u00f3n constante por la figura del escritor y los mecanismos de la ficci\u00f3n, ha convertido su nombre en sin\u00f3nimo de experimentaci\u00f3n narrativa.<\/p>\n<p>Vila-Matas, autor de <em>Bartleby y compa\u00f1\u00eda<\/em>, <em>Dublinesca<\/em> o <em>Esta bruma insensata<\/em>, ha construido un universo literario propio que oscila entre la cr\u00f3nica personal, la reflexi\u00f3n metaliteraria y la novela en el l\u00edmite de sus posibilidades formales. Su incorporaci\u00f3n a los Premios Zenda refuerza la vocaci\u00f3n del galard\u00f3n por distinguir a autores que han expandido los horizontes de la narrativa en espa\u00f1ol.<\/p>\n<p>En el anuncio, P\u00e9rez-Reverte no escatim\u00f3 elogios hacia \u00e9l, destacando la \u201ccoherencia de una trayectoria inclasificable\u201d y su capacidad para \u201cmantener viva la conversaci\u00f3n literaria global desde una radical apuesta por la imaginaci\u00f3n\u201d.<\/p>\n<h2><strong>Paco Cerd\u00e1: el periodismo narrativo que rescata la memoria<\/strong><\/h2>\n<p>Otro de los premiados es <strong>Paco Cerd\u00e1<\/strong>, un escritor y periodista reconocido por su habilidad para convertir hechos reales en narraciones de alto voltaje emocional. Cerd\u00e1 ha logrado situarse como uno de los referentes espa\u00f1oles del llamado <em>non fiction<\/em> o periodismo narrativo con obras como <em>El pe\u00f3n<\/em>, <em>La buena muerte<\/em> o <em>14 de abril<\/em>, en las que combina investigaci\u00f3n minuciosa y una escritura dotada de lirismo contenido.<\/p>\n<p>Su literatura parte de lo real, pero aspira a trascenderlo, iluminando episodios olvidados o silenciados de la historia reciente. Su nombre en la lista de premiados evidencia la voluntad de Zenda de reconocer la importancia del periodismo literario como un g\u00e9nero capaz de dialogar con la literatura en igualdad de condiciones. \u201cEl trabajo de Paco Cerd\u00e1 \u2014dijo P\u00e9rez-Reverte\u2014 demuestra que el periodismo puede ser tambi\u00e9n una forma de arte cuando se ejerce con rigor, sensibilidad e inteligencia\u201d.<\/p>\n<h2><strong>Chantal Maillard: la po\u00e9tica de lo interior<\/strong><\/h2>\n<p>La poetisa y ensayista <strong>Chantal Maillard<\/strong>, otra de las galardonadas, es una de las voces m\u00e1s singulares de la poes\u00eda contempor\u00e1nea en espa\u00f1ol. Su obra transita entre la introspecci\u00f3n filos\u00f3fica, el pensamiento oriental y la exploraci\u00f3n de los l\u00edmites del lenguaje. Libros como <em>Hilos<\/em>, <em>Matar a Plat\u00f3n<\/em> o <em>La herida en la lengua<\/em> han marcado a varias generaciones de lectores por su profundidad y su capacidad para nombrar lo inefable.<\/p>\n<p>Maillard, nacida en Bruselas y afincada en Espa\u00f1a desde joven, ha construido una trayectoria que conecta lo intelectual con lo sensorial, la emoci\u00f3n con la reflexi\u00f3n, la palabra con el silencio. Su reconocimiento en esta edici\u00f3n de los Premios Zenda subraya la importancia de la poes\u00eda dentro del panorama literario actual, muchas veces opacado por la narrativa comercial. \u201cMaillard nos recuerda \u2014afirm\u00f3 P\u00e9rez-Reverte\u2014 que la poes\u00eda sigue siendo un territorio esencial para comprender el mundo y para comprendernos a nosotros mismos\u201d.<\/p>\n<h2><strong>Anna Caball\u00e9: la gran arquitecta del g\u00e9nero biogr\u00e1fico<\/strong><\/h2>\n<p>Completando el grupo de premiados se encuentra <strong>Anna Caball\u00e9<\/strong>, una de las mayores especialistas en biograf\u00eda y escritura autobiogr\u00e1fica en Espa\u00f1a. Profesora universitaria, investigadora y autora de estudios fundamentales sobre figuras como Carmen Laforet, Francisco Umbral o Emilia Pardo Baz\u00e1n, Caball\u00e9 se ha convertido en un pilar del ensayo literario en lengua espa\u00f1ola.<\/p>\n<p>Su trabajo defiende la biograf\u00eda como un g\u00e9nero mayor, capaz de ofrecer lecturas renovadas del pasado y de devolver a la esfera p\u00fablica voces fundamentales para entender la cultura contempor\u00e1nea. Su inclusi\u00f3n en la lista de galardonados reivindica un g\u00e9nero que, aunque a menudo se percibe como secundario, constituye una herramienta esencial para la difusi\u00f3n del pensamiento y la reconstrucci\u00f3n de la memoria cultural.<\/p>\n<h2><strong>Una ceremonia que aspira a convertirse en un s\u00edmbolo<\/strong><\/h2>\n<p>La Real F\u00e1brica de Tapices, un escenario cargado de historia y significado est\u00e9tico, ser\u00e1 el espacio donde el 13 de enero se celebre la ceremonia de entrega. La elecci\u00f3n del lugar no es casual: busca subrayar el v\u00ednculo entre tradici\u00f3n y modernidad, entre la artesan\u00eda del pasado y la creaci\u00f3n contempor\u00e1nea, un paralelismo que los organizadores consideran representativo del esp\u00edritu del premio.<\/p>\n<p>La gala reunir\u00e1 a escritores, editores, cr\u00edticos, periodistas y figuras relevantes del \u00e1mbito cultural. Desde su primera edici\u00f3n, los Premios Zenda han apostado por ceremonias donde prima la cercan\u00eda, el di\u00e1logo y la reivindicaci\u00f3n del papel social de la literatura. Seg\u00fan han adelantado desde la organizaci\u00f3n, se espera una jornada en la que los propios autores premiados puedan reflexionar sobre sus obras y sobre el estado actual de las letras en espa\u00f1ol.<\/p>\n<h2><strong>Un espacio literario sin ruido pol\u00edtico<\/strong><\/h2>\n<p>Uno de los aspectos que m\u00e1s subray\u00f3 P\u00e9rez-Reverte durante la presentaci\u00f3n fue la necesidad de desvincular la cultura de las tensiones pol\u00edticas. En un pa\u00eds donde el debate cultural suele contaminarse r\u00e1pidamente por posicionamientos partidistas, el creador del Capit\u00e1n Alatriste reivindic\u00f3 el premio como un refugio de independencia: \u201cZenda se cre\u00f3 y se mantiene con la idea de ofrecer un espacio libre, un lugar donde la literatura pueda respirar sin interferencias\u201d.<\/p>\n<p>El autor explic\u00f3 que la revista \u2014y, por extensi\u00f3n, los premios\u2014 busca reunir a escritores de distintas tendencias, generaciones e ideolog\u00edas bajo una \u00fanica bandera: la del respeto por la escritura. \u201cLa cultura tiene que ser un espacio donde las personas dialoguen, discrepen y creen sin miedo a ser etiquetadas. Si no cuidamos ese territorio, lo perderemos\u201d, sentenci\u00f3.<\/p>\n<h2><strong>Un futuro prometedor para la iniciativa<\/strong><\/h2>\n<p>Con solo dos ediciones, los Premios Zenda han conseguido atraer la atenci\u00f3n de la cr\u00edtica y del p\u00fablico lector, y todo indica que su proyecci\u00f3n seguir\u00e1 creciendo. La diversidad de g\u00e9neros representados, la calidad de los autores premiados y la filosof\u00eda editorial del proyecto apuntan hacia una consolidaci\u00f3n natural del galard\u00f3n en los pr\u00f3ximos a\u00f1os.<\/p>\n<p>Para muchos observadores del sector cultural, la iniciativa supone un impulso significativo en un momento de profundos cambios en los h\u00e1bitos de lectura y en la industria editorial. En ese sentido, los Premios Zenda se presentan como un recordatorio de que la literatura sigue siendo un espacio de resistencia, creatividad y di\u00e1logo.<\/p>\n<p>A la espera de la ceremonia oficial, los nombres de Vila-Matas, Cerd\u00e1, Maillard y Caball\u00e9 ya resuenan como s\u00edmbolo de esta edici\u00f3n. Cada uno, desde su singularidad, aporta un cap\u00edtulo imprescindible al panorama de la literatura en espa\u00f1ol. Su reconocimiento no solo celebra sus obras, sino tambi\u00e9n la idea de que la literatura, incluso en tiempos inciertos, contin\u00faa siendo un territorio f\u00e9rtil para la libertad y la reflexi\u00f3n.<\/p>","protected":false},"excerpt":{"rendered":"<p>La literatura espa\u00f1ola tiene una nueva cita marcada en rojo en su calendario cultural: el pr\u00f3ximo 13 de enero, la Real F\u00e1brica de Tapices de Madrid acoger\u00e1 la ceremonia de entrega de la segunda edici\u00f3n de los Premios Zenda, unos galardones que, pese a su corta trayectoria, han logrado situarse [&hellip;]<\/p>\n","protected":false},"author":3,"featured_media":67372,"comment_status":"closed","ping_status":"closed","sticky":false,"template":"","format":"standard","meta":{"footnotes":""},"categories":[60],"tags":[],"class_list":["post-67371","post","type-post","status-publish","format-standard","has-post-thumbnail","hentry","category-libros"],"yoast_head":"<!-- This site is optimized with the Yoast SEO plugin v27.5 - https:\/\/yoast.com\/product\/yoast-seo-wordpress\/ -->\n<title>Enrique Vila-Matas, Paco Cerd\u00e1, Chantal Maillard y Anna Caball\u00e9, entre los ganadores de los II Premios Zenda - Revista Rambla<\/title>\n<meta name=\"robots\" content=\"index, follow, max-snippet:-1, max-image-preview:large, max-video-preview:-1\" \/>\n<link rel=\"canonical\" href=\"https:\/\/www.revistarambla.com\/en\/enrique-vila-matas-paco-cerda-chantal-maillard-y-anna-caballe-entre-los-ganadores-de-los-ii-premios-zenda\/\" \/>\n<meta property=\"og:locale\" content=\"en_GB\" \/>\n<meta property=\"og:type\" content=\"article\" \/>\n<meta property=\"og:title\" content=\"Enrique Vila-Matas, Paco Cerd\u00e1, Chantal Maillard y Anna Caball\u00e9, entre los ganadores de los II Premios Zenda - Revista Rambla\" \/>\n<meta property=\"og:description\" content=\"La literatura espa\u00f1ola tiene una nueva cita marcada en rojo en su calendario cultural: el pr\u00f3ximo 13 de enero, la Real F\u00e1brica de Tapices de Madrid acoger\u00e1 la ceremonia de entrega de la segunda edici\u00f3n de los Premios Zenda, unos galardones que, pese a su corta trayectoria, han logrado situarse [&hellip;]\" \/>\n<meta property=\"og:url\" content=\"https:\/\/www.revistarambla.com\/en\/enrique-vila-matas-paco-cerda-chantal-maillard-y-anna-caballe-entre-los-ganadores-de-los-ii-premios-zenda\/\" \/>\n<meta property=\"og:site_name\" content=\"Revista Rambla\" \/>\n<meta property=\"article:publisher\" content=\"https:\/\/www.facebook.com\/revistarambla\/\" \/>\n<meta property=\"article:author\" content=\"https:\/\/www.facebook.com\/revistarambla\" \/>\n<meta property=\"article:published_time\" content=\"2025-12-11T18:22:09+00:00\" \/>\n<meta property=\"og:image\" content=\"https:\/\/www.revistarambla.com\/wp-content\/uploads\/2025\/12\/thumb_17793_autores_big.jpeg\" \/>\n\t<meta property=\"og:image:width\" content=\"519\" \/>\n\t<meta property=\"og:image:height\" content=\"338\" \/>\n\t<meta property=\"og:image:type\" content=\"image\/jpeg\" \/>\n<meta name=\"author\" content=\"R@mbla\" \/>\n<meta name=\"twitter:card\" content=\"summary_large_image\" \/>\n<meta name=\"twitter:creator\" content=\"@revistarambla\" \/>\n<meta name=\"twitter:site\" content=\"@revistarambla\" \/>\n<meta name=\"twitter:label1\" content=\"Written by\" \/>\n\t<meta name=\"twitter:data1\" content=\"R@mbla\" \/>\n\t<meta name=\"twitter:label2\" content=\"Estimated reading time\" \/>\n\t<meta name=\"twitter:data2\" content=\"7 minutes\" \/>\n<script type=\"application\/ld+json\" class=\"yoast-schema-graph\">{\"@context\":\"https:\\\/\\\/schema.org\",\"@graph\":[{\"@type\":\"Article\",\"@id\":\"https:\\\/\\\/www.revistarambla.com\\\/enrique-vila-matas-paco-cerda-chantal-maillard-y-anna-caballe-entre-los-ganadores-de-los-ii-premios-zenda\\\/#article\",\"isPartOf\":{\"@id\":\"https:\\\/\\\/www.revistarambla.com\\\/enrique-vila-matas-paco-cerda-chantal-maillard-y-anna-caballe-entre-los-ganadores-de-los-ii-premios-zenda\\\/\"},\"author\":{\"name\":\"R@mbla\",\"@id\":\"https:\\\/\\\/www.revistarambla.com\\\/#\\\/schema\\\/person\\\/a146a5a2550b94981a75131180e1bd9c\"},\"headline\":\"Enrique Vila-Matas, Paco Cerd\u00e1, Chantal Maillard y Anna Caball\u00e9, entre los ganadores de los II Premios Zenda\",\"datePublished\":\"2025-12-11T18:22:09+00:00\",\"mainEntityOfPage\":{\"@id\":\"https:\\\/\\\/www.revistarambla.com\\\/enrique-vila-matas-paco-cerda-chantal-maillard-y-anna-caballe-entre-los-ganadores-de-los-ii-premios-zenda\\\/\"},\"wordCount\":1560,\"publisher\":{\"@id\":\"https:\\\/\\\/www.revistarambla.com\\\/#organization\"},\"image\":{\"@id\":\"https:\\\/\\\/www.revistarambla.com\\\/enrique-vila-matas-paco-cerda-chantal-maillard-y-anna-caballe-entre-los-ganadores-de-los-ii-premios-zenda\\\/#primaryimage\"},\"thumbnailUrl\":\"https:\\\/\\\/www.revistarambla.com\\\/wp-content\\\/uploads\\\/2025\\\/12\\\/thumb_17793_autores_big.jpeg\",\"articleSection\":[\"Libros\"],\"inLanguage\":\"en-GB\"},{\"@type\":\"WebPage\",\"@id\":\"https:\\\/\\\/www.revistarambla.com\\\/enrique-vila-matas-paco-cerda-chantal-maillard-y-anna-caballe-entre-los-ganadores-de-los-ii-premios-zenda\\\/\",\"url\":\"https:\\\/\\\/www.revistarambla.com\\\/enrique-vila-matas-paco-cerda-chantal-maillard-y-anna-caballe-entre-los-ganadores-de-los-ii-premios-zenda\\\/\",\"name\":\"Enrique Vila-Matas, Paco Cerd\u00e1, Chantal Maillard y Anna Caball\u00e9, entre los ganadores de los II Premios Zenda - Revista Rambla\",\"isPartOf\":{\"@id\":\"https:\\\/\\\/www.revistarambla.com\\\/#website\"},\"primaryImageOfPage\":{\"@id\":\"https:\\\/\\\/www.revistarambla.com\\\/enrique-vila-matas-paco-cerda-chantal-maillard-y-anna-caballe-entre-los-ganadores-de-los-ii-premios-zenda\\\/#primaryimage\"},\"image\":{\"@id\":\"https:\\\/\\\/www.revistarambla.com\\\/enrique-vila-matas-paco-cerda-chantal-maillard-y-anna-caballe-entre-los-ganadores-de-los-ii-premios-zenda\\\/#primaryimage\"},\"thumbnailUrl\":\"https:\\\/\\\/www.revistarambla.com\\\/wp-content\\\/uploads\\\/2025\\\/12\\\/thumb_17793_autores_big.jpeg\",\"datePublished\":\"2025-12-11T18:22:09+00:00\",\"breadcrumb\":{\"@id\":\"https:\\\/\\\/www.revistarambla.com\\\/enrique-vila-matas-paco-cerda-chantal-maillard-y-anna-caballe-entre-los-ganadores-de-los-ii-premios-zenda\\\/#breadcrumb\"},\"inLanguage\":\"en-GB\",\"potentialAction\":[{\"@type\":\"ReadAction\",\"target\":[\"https:\\\/\\\/www.revistarambla.com\\\/enrique-vila-matas-paco-cerda-chantal-maillard-y-anna-caballe-entre-los-ganadores-de-los-ii-premios-zenda\\\/\"]}]},{\"@type\":\"ImageObject\",\"inLanguage\":\"en-GB\",\"@id\":\"https:\\\/\\\/www.revistarambla.com\\\/enrique-vila-matas-paco-cerda-chantal-maillard-y-anna-caballe-entre-los-ganadores-de-los-ii-premios-zenda\\\/#primaryimage\",\"url\":\"https:\\\/\\\/www.revistarambla.com\\\/wp-content\\\/uploads\\\/2025\\\/12\\\/thumb_17793_autores_big.jpeg\",\"contentUrl\":\"https:\\\/\\\/www.revistarambla.com\\\/wp-content\\\/uploads\\\/2025\\\/12\\\/thumb_17793_autores_big.jpeg\",\"width\":519,\"height\":338,\"caption\":\"premios zenda vila matas\"},{\"@type\":\"BreadcrumbList\",\"@id\":\"https:\\\/\\\/www.revistarambla.com\\\/enrique-vila-matas-paco-cerda-chantal-maillard-y-anna-caballe-entre-los-ganadores-de-los-ii-premios-zenda\\\/#breadcrumb\",\"itemListElement\":[{\"@type\":\"ListItem\",\"position\":1,\"name\":\"Portada\",\"item\":\"https:\\\/\\\/www.revistarambla.com\\\/\"},{\"@type\":\"ListItem\",\"position\":2,\"name\":\"Enrique Vila-Matas, Paco Cerd\u00e1, Chantal Maillard y Anna Caball\u00e9, entre los ganadores de los II Premios Zenda\"}]},{\"@type\":\"WebSite\",\"@id\":\"https:\\\/\\\/www.revistarambla.com\\\/#website\",\"url\":\"https:\\\/\\\/www.revistarambla.com\\\/\",\"name\":\"Revista Rambla Barcelona\",\"description\":\"Periodismo independiente\",\"publisher\":{\"@id\":\"https:\\\/\\\/www.revistarambla.com\\\/#organization\"},\"potentialAction\":[{\"@type\":\"SearchAction\",\"target\":{\"@type\":\"EntryPoint\",\"urlTemplate\":\"https:\\\/\\\/www.revistarambla.com\\\/?s={search_term_string}\"},\"query-input\":{\"@type\":\"PropertyValueSpecification\",\"valueRequired\":true,\"valueName\":\"search_term_string\"}}],\"inLanguage\":\"en-GB\"},{\"@type\":\"Organization\",\"@id\":\"https:\\\/\\\/www.revistarambla.com\\\/#organization\",\"name\":\"Revista Rambla\",\"url\":\"https:\\\/\\\/www.revistarambla.com\\\/\",\"logo\":{\"@type\":\"ImageObject\",\"inLanguage\":\"en-GB\",\"@id\":\"https:\\\/\\\/www.revistarambla.com\\\/#\\\/schema\\\/logo\\\/image\\\/\",\"url\":\"https:\\\/\\\/www.revistarambla.com\\\/wp-content\\\/uploads\\\/2020\\\/09\\\/banner_rambla_1900x600_BB.png\",\"contentUrl\":\"https:\\\/\\\/www.revistarambla.com\\\/wp-content\\\/uploads\\\/2020\\\/09\\\/banner_rambla_1900x600_BB.png\",\"width\":1900,\"height\":600,\"caption\":\"Revista Rambla\"},\"image\":{\"@id\":\"https:\\\/\\\/www.revistarambla.com\\\/#\\\/schema\\\/logo\\\/image\\\/\"},\"sameAs\":[\"https:\\\/\\\/www.facebook.com\\\/revistarambla\\\/\",\"https:\\\/\\\/x.com\\\/revistarambla\",\"https:\\\/\\\/www.instagram.com\\\/revista_rambla\",\"https:\\\/\\\/es.linkedin.com\\\/company\\\/revista-rambla\"]},{\"@type\":\"Person\",\"@id\":\"https:\\\/\\\/www.revistarambla.com\\\/#\\\/schema\\\/person\\\/a146a5a2550b94981a75131180e1bd9c\",\"name\":\"R@mbla\",\"description\":\"Este art\u00edculo ha sido redactado y\\\/o validado por el equipo de redacci\u00f3n de Revista Rambla.\",\"sameAs\":[\"https:\\\/\\\/www.revistarambla.com\\\/\",\"https:\\\/\\\/www.facebook.com\\\/revistarambla\",\"https:\\\/\\\/x.com\\\/revistarambla\"]}]}<\/script>\n<!-- \/ Yoast SEO plugin. -->","yoast_head_json":{"title":"Enrique Vila-Matas, Paco Cerd\u00e1, Chantal Maillard y Anna Caball\u00e9, entre los ganadores de los II Premios Zenda - Revista Rambla","robots":{"index":"index","follow":"follow","max-snippet":"max-snippet:-1","max-image-preview":"max-image-preview:large","max-video-preview":"max-video-preview:-1"},"canonical":"https:\/\/www.revistarambla.com\/en\/enrique-vila-matas-paco-cerda-chantal-maillard-y-anna-caballe-entre-los-ganadores-de-los-ii-premios-zenda\/","og_locale":"en_GB","og_type":"article","og_title":"Enrique Vila-Matas, Paco Cerd\u00e1, Chantal Maillard y Anna Caball\u00e9, entre los ganadores de los II Premios Zenda - Revista Rambla","og_description":"La literatura espa\u00f1ola tiene una nueva cita marcada en rojo en su calendario cultural: el pr\u00f3ximo 13 de enero, la Real F\u00e1brica de Tapices de Madrid acoger\u00e1 la ceremonia de entrega de la segunda edici\u00f3n de los Premios Zenda, unos galardones que, pese a su corta trayectoria, han logrado situarse [&hellip;]","og_url":"https:\/\/www.revistarambla.com\/en\/enrique-vila-matas-paco-cerda-chantal-maillard-y-anna-caballe-entre-los-ganadores-de-los-ii-premios-zenda\/","og_site_name":"Revista Rambla","article_publisher":"https:\/\/www.facebook.com\/revistarambla\/","article_author":"https:\/\/www.facebook.com\/revistarambla","article_published_time":"2025-12-11T18:22:09+00:00","og_image":[{"width":519,"height":338,"url":"https:\/\/www.revistarambla.com\/wp-content\/uploads\/2025\/12\/thumb_17793_autores_big.jpeg","type":"image\/jpeg"}],"author":"R@mbla","twitter_card":"summary_large_image","twitter_creator":"@revistarambla","twitter_site":"@revistarambla","twitter_misc":{"Written by":"R@mbla","Estimated reading time":"7 minutes"},"schema":{"@context":"https:\/\/schema.org","@graph":[{"@type":"Article","@id":"https:\/\/www.revistarambla.com\/enrique-vila-matas-paco-cerda-chantal-maillard-y-anna-caballe-entre-los-ganadores-de-los-ii-premios-zenda\/#article","isPartOf":{"@id":"https:\/\/www.revistarambla.com\/enrique-vila-matas-paco-cerda-chantal-maillard-y-anna-caballe-entre-los-ganadores-de-los-ii-premios-zenda\/"},"author":{"name":"R@mbla","@id":"https:\/\/www.revistarambla.com\/#\/schema\/person\/a146a5a2550b94981a75131180e1bd9c"},"headline":"Enrique Vila-Matas, Paco Cerd\u00e1, Chantal Maillard y Anna Caball\u00e9, entre los ganadores de los II Premios Zenda","datePublished":"2025-12-11T18:22:09+00:00","mainEntityOfPage":{"@id":"https:\/\/www.revistarambla.com\/enrique-vila-matas-paco-cerda-chantal-maillard-y-anna-caballe-entre-los-ganadores-de-los-ii-premios-zenda\/"},"wordCount":1560,"publisher":{"@id":"https:\/\/www.revistarambla.com\/#organization"},"image":{"@id":"https:\/\/www.revistarambla.com\/enrique-vila-matas-paco-cerda-chantal-maillard-y-anna-caballe-entre-los-ganadores-de-los-ii-premios-zenda\/#primaryimage"},"thumbnailUrl":"https:\/\/www.revistarambla.com\/wp-content\/uploads\/2025\/12\/thumb_17793_autores_big.jpeg","articleSection":["Libros"],"inLanguage":"en-GB"},{"@type":"WebPage","@id":"https:\/\/www.revistarambla.com\/enrique-vila-matas-paco-cerda-chantal-maillard-y-anna-caballe-entre-los-ganadores-de-los-ii-premios-zenda\/","url":"https:\/\/www.revistarambla.com\/enrique-vila-matas-paco-cerda-chantal-maillard-y-anna-caballe-entre-los-ganadores-de-los-ii-premios-zenda\/","name":"Enrique Vila-Matas, Paco Cerd\u00e1, Chantal Maillard y Anna Caball\u00e9, entre los ganadores de los II Premios Zenda - Revista Rambla","isPartOf":{"@id":"https:\/\/www.revistarambla.com\/#website"},"primaryImageOfPage":{"@id":"https:\/\/www.revistarambla.com\/enrique-vila-matas-paco-cerda-chantal-maillard-y-anna-caballe-entre-los-ganadores-de-los-ii-premios-zenda\/#primaryimage"},"image":{"@id":"https:\/\/www.revistarambla.com\/enrique-vila-matas-paco-cerda-chantal-maillard-y-anna-caballe-entre-los-ganadores-de-los-ii-premios-zenda\/#primaryimage"},"thumbnailUrl":"https:\/\/www.revistarambla.com\/wp-content\/uploads\/2025\/12\/thumb_17793_autores_big.jpeg","datePublished":"2025-12-11T18:22:09+00:00","breadcrumb":{"@id":"https:\/\/www.revistarambla.com\/enrique-vila-matas-paco-cerda-chantal-maillard-y-anna-caballe-entre-los-ganadores-de-los-ii-premios-zenda\/#breadcrumb"},"inLanguage":"en-GB","potentialAction":[{"@type":"ReadAction","target":["https:\/\/www.revistarambla.com\/enrique-vila-matas-paco-cerda-chantal-maillard-y-anna-caballe-entre-los-ganadores-de-los-ii-premios-zenda\/"]}]},{"@type":"ImageObject","inLanguage":"en-GB","@id":"https:\/\/www.revistarambla.com\/enrique-vila-matas-paco-cerda-chantal-maillard-y-anna-caballe-entre-los-ganadores-de-los-ii-premios-zenda\/#primaryimage","url":"https:\/\/www.revistarambla.com\/wp-content\/uploads\/2025\/12\/thumb_17793_autores_big.jpeg","contentUrl":"https:\/\/www.revistarambla.com\/wp-content\/uploads\/2025\/12\/thumb_17793_autores_big.jpeg","width":519,"height":338,"caption":"premios zenda vila matas"},{"@type":"BreadcrumbList","@id":"https:\/\/www.revistarambla.com\/enrique-vila-matas-paco-cerda-chantal-maillard-y-anna-caballe-entre-los-ganadores-de-los-ii-premios-zenda\/#breadcrumb","itemListElement":[{"@type":"ListItem","position":1,"name":"Portada","item":"https:\/\/www.revistarambla.com\/"},{"@type":"ListItem","position":2,"name":"Enrique Vila-Matas, Paco Cerd\u00e1, Chantal Maillard y Anna Caball\u00e9, entre los ganadores de los II Premios Zenda"}]},{"@type":"WebSite","@id":"https:\/\/www.revistarambla.com\/#website","url":"https:\/\/www.revistarambla.com\/","name":"Revista Rambla Barcelona","description":"Periodismo independiente","publisher":{"@id":"https:\/\/www.revistarambla.com\/#organization"},"potentialAction":[{"@type":"SearchAction","target":{"@type":"EntryPoint","urlTemplate":"https:\/\/www.revistarambla.com\/?s={search_term_string}"},"query-input":{"@type":"PropertyValueSpecification","valueRequired":true,"valueName":"search_term_string"}}],"inLanguage":"en-GB"},{"@type":"Organization","@id":"https:\/\/www.revistarambla.com\/#organization","name":"Revista Rambla","url":"https:\/\/www.revistarambla.com\/","logo":{"@type":"ImageObject","inLanguage":"en-GB","@id":"https:\/\/www.revistarambla.com\/#\/schema\/logo\/image\/","url":"https:\/\/www.revistarambla.com\/wp-content\/uploads\/2020\/09\/banner_rambla_1900x600_BB.png","contentUrl":"https:\/\/www.revistarambla.com\/wp-content\/uploads\/2020\/09\/banner_rambla_1900x600_BB.png","width":1900,"height":600,"caption":"Revista Rambla"},"image":{"@id":"https:\/\/www.revistarambla.com\/#\/schema\/logo\/image\/"},"sameAs":["https:\/\/www.facebook.com\/revistarambla\/","https:\/\/x.com\/revistarambla","https:\/\/www.instagram.com\/revista_rambla","https:\/\/es.linkedin.com\/company\/revista-rambla"]},{"@type":"Person","@id":"https:\/\/www.revistarambla.com\/#\/schema\/person\/a146a5a2550b94981a75131180e1bd9c","name":"R@mbla","description":"Este art\u00edculo ha sido redactado y\/o validado por el equipo de redacci\u00f3n de Revista Rambla.","sameAs":["https:\/\/www.revistarambla.com\/","https:\/\/www.facebook.com\/revistarambla","https:\/\/x.com\/revistarambla"]}]}},"_links":{"self":[{"href":"https:\/\/www.revistarambla.com\/en\/wp-json\/wp\/v2\/posts\/67371","targetHints":{"allow":["GET"]}}],"collection":[{"href":"https:\/\/www.revistarambla.com\/en\/wp-json\/wp\/v2\/posts"}],"about":[{"href":"https:\/\/www.revistarambla.com\/en\/wp-json\/wp\/v2\/types\/post"}],"author":[{"embeddable":true,"href":"https:\/\/www.revistarambla.com\/en\/wp-json\/wp\/v2\/users\/3"}],"replies":[{"embeddable":true,"href":"https:\/\/www.revistarambla.com\/en\/wp-json\/wp\/v2\/comments?post=67371"}],"version-history":[{"count":1,"href":"https:\/\/www.revistarambla.com\/en\/wp-json\/wp\/v2\/posts\/67371\/revisions"}],"predecessor-version":[{"id":67373,"href":"https:\/\/www.revistarambla.com\/en\/wp-json\/wp\/v2\/posts\/67371\/revisions\/67373"}],"wp:featuredmedia":[{"embeddable":true,"href":"https:\/\/www.revistarambla.com\/en\/wp-json\/wp\/v2\/media\/67372"}],"wp:attachment":[{"href":"https:\/\/www.revistarambla.com\/en\/wp-json\/wp\/v2\/media?parent=67371"}],"wp:term":[{"taxonomy":"category","embeddable":true,"href":"https:\/\/www.revistarambla.com\/en\/wp-json\/wp\/v2\/categories?post=67371"},{"taxonomy":"post_tag","embeddable":true,"href":"https:\/\/www.revistarambla.com\/en\/wp-json\/wp\/v2\/tags?post=67371"}],"curies":[{"name":"wp","href":"https:\/\/api.w.org\/{rel}","templated":true}]}}