{"id":67368,"date":"2025-12-11T19:01:09","date_gmt":"2025-12-11T18:01:09","guid":{"rendered":"https:\/\/www.revistarambla.com\/?p=67368"},"modified":"2025-12-11T19:01:09","modified_gmt":"2025-12-11T18:01:09","slug":"la-vendee-y-el-memoricidio-una-herida-silenciada-de-la-revolucion-francesa","status":"publish","type":"post","link":"https:\/\/www.revistarambla.com\/en\/la-vendee-y-el-memoricidio-una-herida-silenciada-de-la-revolucion-francesa\/","title":{"rendered":"La Vend\u00e9e y el \u201cmemoricidio\u201d: una herida silenciada de la Revoluci\u00f3n Francesa"},"content":{"rendered":"<p>La Revoluci\u00f3n Francesa es, para buena parte de la historiograf\u00eda contempor\u00e1nea, un punto de origen: la aurora de la ciudadan\u00eda moderna, la quiebra del Antiguo R\u00e9gimen y el inicio de una nueva cultura pol\u00edtica en Occidente. Igualdad, Libertad y Fraternidad han ido adquiriendo, con el paso del tiempo, la condici\u00f3n de dogmas laicos en la tradici\u00f3n republicana. Sin embargo, y como sucede con tantos procesos hist\u00f3ricos elevados a mito nacional, su rostro luminoso proyecta tambi\u00e9n una sombra. Una de esas sombras \u2014durante d\u00e9cadas relegada, minimizada o directamente excluida de los grandes relatos oficiales\u2014 es la guerra civil que estall\u00f3 en la regi\u00f3n de la Vend\u00e9e entre 1793 y 1796, y la pol\u00edtica de represi\u00f3n total que le sigui\u00f3: un episodio que algunos estudiosos han calificado como el primer genocidio de la era contempor\u00e1nea.<\/p>\n<p>En este contexto se sit\u00faa la investigaci\u00f3n del historiador Reynald Secher, cuyo trabajo <em>La Vend\u00e9e. Veng\u00e9. Le g\u00e9nocide franco-fran\u00e7ais<\/em> (1986) marc\u00f3 un punto de inflexi\u00f3n en la historiograf\u00eda francesa. Su tesis \u2014ampliada posteriormente y bautizada por algunos como \u00abla tesis del h\u00e9roe\u00bb por el coraje intelectual que supuso desafiar al canon estable\u2014 puso sobre la mesa un conjunto de hechos, documentos y cifras que alteraban profundamente la narrativa nacional. La publicaci\u00f3n del libro, a las puertas del Bicentenario de la Revoluci\u00f3n, produjo un aut\u00e9ntico terremoto en Francia: no solo porque reabr\u00eda un cap\u00edtulo doloroso, sino porque cuestionaba la sacralidad de la Revoluci\u00f3n en la memoria republicana.<\/p>\n<h2><strong>La Vend\u00e9e: una guerra civil incrustada en la matriz revolucionaria<\/strong><\/h2>\n<p>La regi\u00f3n de la Vend\u00e9e, situada en el oeste franc\u00e9s, era a comienzos del siglo XVIII un territorio predominantemente rural, profundamente religioso y socialmente cohesionado. La Constituci\u00f3n Civil del Clero (1790), que subordinaba la Iglesia francesa al Estado revolucionario, provoc\u00f3 en la zona una fractura inmediata. La mayor\u00eda de los sacerdotes se neg\u00f3 a jurar fidelidad al nuevo orden y la poblaci\u00f3n rural, mayoritariamente cat\u00f3lica, percibi\u00f3 la medida como un ataque directo a su fe y a su modo de vida.<\/p>\n<p>La introducci\u00f3n del servicio militar obligatorio y el creciente clima de persecuci\u00f3n religiosa fueron el detonante final. En marzo de 1793, estall\u00f3 en la regi\u00f3n un levantamiento popular que, a diferencia de otros movimientos contrarrevolucionarios europeos, no respondi\u00f3 a una estrategia aristocr\u00e1tica ni a una coordinaci\u00f3n internacional, sino a un rechazo visceral y comunitario al proyecto revolucionario. La insurrecci\u00f3n vandeana \u2014conocida como la \u201cGuerra de la Vend\u00e9e\u201d\u2014 fue intensa, r\u00e1pida y logr\u00f3 en sus primeras fases \u00e9xitos significativos frente a las fuerzas republicanas.<\/p>\n<p>Para el poder central, aquella guerra interna constitu\u00eda una doble amenaza: militar y simb\u00f3lica. No se trataba solo de sofocar una revuelta, sino de erradicar una disidencia que pon\u00eda en cuesti\u00f3n la legitimidad del nuevo Estado. Esa percepci\u00f3n explica la radicalizaci\u00f3n de las medidas represivas adoptadas a partir de 1793.<\/p>\n<h2><strong>La pol\u00edtica de \u201ctierra quemada\u201d: entre la represi\u00f3n y el exterminio<\/strong><\/h2>\n<p>La Convenci\u00f3n Nacional y los representantes en misi\u00f3n optaron por una estrategia que, seg\u00fan numerosos documentos oficiales de la \u00e9poca, exced\u00eda la mera represi\u00f3n militar. \u00d3rdenes expl\u00edcitas de destrucci\u00f3n sistem\u00e1tica del territorio, eliminaci\u00f3n de comunidades enteras sospechosas de colaborar con la insurrecci\u00f3n y aniquilaci\u00f3n de estructuras sociales consideradas \u201ccontrarrevolucionarias\u201d conformaron lo que Secher, y otros historiadores posteriores, han caracterizado como una pol\u00edtica de destrucci\u00f3n deliberada del grupo social y religioso vandeano.<\/p>\n<p>Las llamadas \u00abcolumnas infernales\u00bb, creadas por el general Turreau en 1794, ejecutaron estas directrices con una dureza sin precedentes en un conflicto interno franc\u00e9s. Los informes de la \u00e9poca describen incendios generalizados, ejecuciones sumarias, deportaciones masivas, destrucci\u00f3n de cosechas y aldeas, y una violencia que afect\u00f3 tanto a combatientes como a civiles. La dimensi\u00f3n religiosa del conflicto \u2014con comunidades enteras identificadas como \u00abfan\u00e1ticas\u00bb o \u00absupersticiosas\u00bb\u2014 acentu\u00f3 la percepci\u00f3n de que no se estaba combatiendo \u00fanicamente una rebeli\u00f3n militar, sino un modo de vida considerado incompatible con el nuevo orden revolucionario.<\/p>\n<p>Las \u00f3rdenes conservadas en los archivos republicanos son elocuentes en su intenci\u00f3n: se trataba de \u201caniquilar\u201d el foco de resistencia no solo en su capacidad militar, sino en su identidad y continuidad social. Esta dimensi\u00f3n, calificada por algunos investigadores como un \u201cgenocidio estructural\u201d de ra\u00edz religiosa y social, explica la persistencia del debate historiogr\u00e1fico hasta nuestros d\u00edas.<\/p>\n<h2><strong>El \u201cdogma revolucionario\u201d y el silenciamiento: del hecho al <em>memoricidio<\/em><\/strong><\/h2>\n<p>Aunque las cifras de v\u00edctimas siguen siendo objeto de discusi\u00f3n \u2014oscilando en los estudios entre 120.000 y 300.000 muertos, incluyendo civiles\u2014, la magnitud de la tragedia no ha sido puesta en duda. Lo que s\u00ed ha sido controvertido es el modo en que la historiograf\u00eda francesa ha abordado el episodio. Desde el siglo XIX, la Vend\u00e9e ha ocupado un lugar inc\u00f3modo en el relato nacional: demasiado ligada al \u201clado oscuro\u201d de la Revoluci\u00f3n como para integrarse sin fricciones.<\/p>\n<p>Ese silenciamiento hist\u00f3rico \u2014o \u201cmemoricidio\u201d, en palabras que han usado algunos autores y divulgadores\u2014 no consisti\u00f3 tanto en negar los hechos como en relegarlos, minimizarlos o descontextualizarlos. En un pa\u00eds en el que la Revoluci\u00f3n se convirti\u00f3 en mito fundacional, admitir que sus l\u00edderes promovieron acciones que hoy ser\u00edan calificadas como cr\u00edmenes de masas resultaba dif\u00edcil de integrar en la pedagog\u00eda republicana.<\/p>\n<p>Cuando Reynald Secher present\u00f3 su tesis doctoral en la d\u00e9cada de 1980, puso en marcha un proceso de revisi\u00f3n historiogr\u00e1fica que encontr\u00f3 inmediatamente una resistencia feroz. Seg\u00fan \u00e9l mismo ha relatado, se intent\u00f3 desacreditar su investigaci\u00f3n, se le ofrecieron sumas considerables de dinero para que renunciara a publicar y se le advirti\u00f3 de que su carrera acad\u00e9mica quedar\u00eda marcada de manera irreversible. La publicaci\u00f3n de su libro confirm\u00f3 esas previsiones: fue recibido con una mezcla de esc\u00e1ndalo, rechazo e incomodidad institucional.<\/p>\n<p>El problema no resid\u00eda solo en la gravedad de sus conclusiones, sino en cuestionar lo que \u00e9l y otros estudiosos han descrito como la \u201cintocabilidad\u201d del mito revolucionario. Se\u00f1alar que los autoproclamados art\u00edfices de la Igualdad, la Libertad y la Fraternidad hab\u00edan implementado una pol\u00edtica de destrucci\u00f3n masiva en el oeste del pa\u00eds supon\u00eda una ruptura profunda con la narrativa heredada.<\/p>\n<h2><strong>La Vend\u00e9e como paradigma: \u00bfun \u201cholocausto cat\u00f3lico\u201d?<\/strong><\/h2>\n<p>La interpretaci\u00f3n de la Vend\u00e9e como \u201cmodelo de los holocaustos cat\u00f3licos\u201d ha generado un intenso debate acad\u00e9mico. La expresi\u00f3n, utilizada por algunos autores y comentada en conferencias y obras recientes, propone la idea de que los acontecimientos de 1793-1796 representan un antecedente temprano de los cr\u00edmenes masivos de motivaci\u00f3n ideol\u00f3gica o religiosa que caracterizar\u00edan los siglos XIX y XX.<\/p>\n<p>Bajo esta lectura, la Vend\u00e9e no ser\u00eda solo un episodio violento asociado a una revoluci\u00f3n convulsa, sino un caso paradigm\u00e1tico en el que un Estado moderno, en nombre de un proyecto pol\u00edtico regenerador, decide eliminar un grupo social que considera incompatible con su visi\u00f3n del progreso. La destrucci\u00f3n de aldeas, la deportaci\u00f3n de comunidades, la persecuci\u00f3n religiosa y la intenci\u00f3n de reconfigurar la regi\u00f3n mediante colonos \u201cpatriotas\u201d refuerzan esta interpretaci\u00f3n.<\/p>\n<p>El concepto de genocidio aplicado a la Vend\u00e9e sigue siendo objeto de controversia, en parte porque la definici\u00f3n jur\u00eddica internacional del t\u00e9rmino se estableci\u00f3 m\u00e1s de un siglo despu\u00e9s. Sin embargo, la discusi\u00f3n historiogr\u00e1fica no gira ya en torno a la existencia o no de cr\u00edmenes masivos \u2014ampliamente documentados\u2014, sino sobre su naturaleza: \u00bfhubo intenci\u00f3n expl\u00edcita de destruir al grupo vandeano como tal? Los documentos conservados, incluyendo las \u00f3rdenes de los representantes en misi\u00f3n, constituyen una base s\u00f3lida para sostener que esa intenci\u00f3n form\u00f3 parte de la estrategia republicana.<\/p>\n<h2><strong>La actualidad del debate: memoria, historia y pol\u00edtica<\/strong><\/h2>\n<p>En las \u00faltimas d\u00e9cadas, los estudios sobre la Vend\u00e9e han aumentado progresivamente, incorporando an\u00e1lisis demogr\u00e1ficos, antropol\u00f3gicos y sociol\u00f3gicos. Sin embargo, la cuesti\u00f3n sigue siendo profundamente sensible en Francia. No solo afecta a la identidad republicana, sino tambi\u00e9n a las luchas pol\u00edticas contempor\u00e1neas en torno a la memoria hist\u00f3rica, la laicidad y el lugar de la religi\u00f3n en el espacio p\u00fablico.<\/p>\n<p>La obra de Secher, as\u00ed como las de otros investigadores que han retomado o ampliado sus hallazgos, ha logrado que la Vend\u00e9e deje de ser un episodio marginal para convertirse en un tema de debate central en la historiograf\u00eda de la Revoluci\u00f3n Francesa. La aparici\u00f3n de nuevas fuentes, la digitalizaci\u00f3n de archivos y los estudios comparativos han enriquecido ese debate, pero tambi\u00e9n han mostrado hasta qu\u00e9 punto la historia est\u00e1 condicionada por las sensibilidades pol\u00edticas del presente.<\/p>\n<h2><strong>Conclusi\u00f3n: una herida abierta en la memoria europea<\/strong><\/h2>\n<p>La Guerra de la Vend\u00e9e y su brutal represi\u00f3n representan uno de los cap\u00edtulos m\u00e1s oscuros \u2014y durante mucho tiempo silenciados\u2014 de la historia contempor\u00e1nea europea. Su estudio no busca deslegitimar los ideales de la Revoluci\u00f3n, sino comprender c\u00f3mo, en nombre de esos ideales, se pudieron cometer acciones que hoy resultar\u00edan incompatibles con cualquier concepci\u00f3n moderna de los derechos humanos.<\/p>\n<p>El trabajo de Reynald Secher, pese a las resistencias iniciales, ha contribuido decisivamente a romper ese silencio y a obligar a la historiograf\u00eda francesa a afrontar una parte inc\u00f3moda de su pasado. La Vend\u00e9e, m\u00e1s que un conflicto regional, es un recordatorio de que los mitos fundacionales \u2014cuando se sacralizan\u2014 pueden convertirse en obst\u00e1culos para la comprensi\u00f3n cr\u00edtica de la historia.<\/p>\n<p>En un tiempo en que Europa debate intensamente sobre memoria, identidad y narrativas nacionales, la Vend\u00e9e reaparece no como una reliquia del pasado, sino como una advertencia: la libertad prometida por las revoluciones puede convivir, parad\u00f3jicamente, con pr\u00e1cticas de eliminaci\u00f3n del disenso cuando la ideolog\u00eda se impone al respeto irrestricto de la dignidad humana.<\/p>","protected":false},"excerpt":{"rendered":"<p>La Revoluci\u00f3n Francesa es, para buena parte de la historiograf\u00eda contempor\u00e1nea, un punto de origen: la aurora de la ciudadan\u00eda moderna, la quiebra del Antiguo R\u00e9gimen y el inicio de una nueva cultura pol\u00edtica en Occidente. Igualdad, Libertad y Fraternidad han ido adquiriendo, con el paso del tiempo, la condici\u00f3n [&hellip;]<\/p>\n","protected":false},"author":3,"featured_media":67369,"comment_status":"closed","ping_status":"closed","sticky":false,"template":"","format":"standard","meta":{"footnotes":""},"categories":[562],"tags":[],"class_list":["post-67368","post","type-post","status-publish","format-standard","has-post-thumbnail","hentry","category-historia"],"yoast_head":"<!-- This site is optimized with the Yoast SEO plugin v27.5 - https:\/\/yoast.com\/product\/yoast-seo-wordpress\/ -->\n<title>La Vend\u00e9e y el \u201cmemoricidio\u201d: una herida silenciada de la Revoluci\u00f3n Francesa - Revista Rambla<\/title>\n<meta name=\"robots\" content=\"index, follow, max-snippet:-1, max-image-preview:large, max-video-preview:-1\" \/>\n<link rel=\"canonical\" href=\"https:\/\/www.revistarambla.com\/en\/la-vendee-y-el-memoricidio-una-herida-silenciada-de-la-revolucion-francesa\/\" \/>\n<meta property=\"og:locale\" content=\"en_GB\" \/>\n<meta property=\"og:type\" content=\"article\" \/>\n<meta property=\"og:title\" content=\"La Vend\u00e9e y el \u201cmemoricidio\u201d: una herida silenciada de la Revoluci\u00f3n Francesa - Revista Rambla\" \/>\n<meta property=\"og:description\" content=\"La Revoluci\u00f3n Francesa es, para buena parte de la historiograf\u00eda contempor\u00e1nea, un punto de origen: la aurora de la ciudadan\u00eda moderna, la quiebra del Antiguo R\u00e9gimen y el inicio de una nueva cultura pol\u00edtica en Occidente. Igualdad, Libertad y Fraternidad han ido adquiriendo, con el paso del tiempo, la condici\u00f3n [&hellip;]\" \/>\n<meta property=\"og:url\" content=\"https:\/\/www.revistarambla.com\/en\/la-vendee-y-el-memoricidio-una-herida-silenciada-de-la-revolucion-francesa\/\" \/>\n<meta property=\"og:site_name\" content=\"Revista Rambla\" \/>\n<meta property=\"article:publisher\" content=\"https:\/\/www.facebook.com\/revistarambla\/\" \/>\n<meta property=\"article:author\" content=\"https:\/\/www.facebook.com\/revistarambla\" \/>\n<meta property=\"article:published_time\" content=\"2025-12-11T18:01:09+00:00\" \/>\n<meta property=\"og:image\" content=\"https:\/\/www.revistarambla.com\/wp-content\/uploads\/2025\/12\/La-Vendee.jpg\" \/>\n\t<meta property=\"og:image:width\" content=\"489\" \/>\n\t<meta property=\"og:image:height\" content=\"599\" \/>\n\t<meta property=\"og:image:type\" content=\"image\/jpeg\" \/>\n<meta name=\"author\" content=\"R@mbla\" \/>\n<meta name=\"twitter:card\" content=\"summary_large_image\" \/>\n<meta name=\"twitter:creator\" content=\"@revistarambla\" \/>\n<meta name=\"twitter:site\" content=\"@revistarambla\" \/>\n<meta name=\"twitter:label1\" content=\"Written by\" \/>\n\t<meta name=\"twitter:data1\" content=\"R@mbla\" \/>\n\t<meta name=\"twitter:label2\" content=\"Estimated reading time\" \/>\n\t<meta name=\"twitter:data2\" content=\"8 minutes\" \/>\n<script type=\"application\/ld+json\" class=\"yoast-schema-graph\">{\"@context\":\"https:\\\/\\\/schema.org\",\"@graph\":[{\"@type\":\"Article\",\"@id\":\"https:\\\/\\\/www.revistarambla.com\\\/la-vendee-y-el-memoricidio-una-herida-silenciada-de-la-revolucion-francesa\\\/#article\",\"isPartOf\":{\"@id\":\"https:\\\/\\\/www.revistarambla.com\\\/la-vendee-y-el-memoricidio-una-herida-silenciada-de-la-revolucion-francesa\\\/\"},\"author\":{\"name\":\"R@mbla\",\"@id\":\"https:\\\/\\\/www.revistarambla.com\\\/#\\\/schema\\\/person\\\/a146a5a2550b94981a75131180e1bd9c\"},\"headline\":\"La Vend\u00e9e y el \u201cmemoricidio\u201d: una herida silenciada de la Revoluci\u00f3n Francesa\",\"datePublished\":\"2025-12-11T18:01:09+00:00\",\"mainEntityOfPage\":{\"@id\":\"https:\\\/\\\/www.revistarambla.com\\\/la-vendee-y-el-memoricidio-una-herida-silenciada-de-la-revolucion-francesa\\\/\"},\"wordCount\":1730,\"publisher\":{\"@id\":\"https:\\\/\\\/www.revistarambla.com\\\/#organization\"},\"image\":{\"@id\":\"https:\\\/\\\/www.revistarambla.com\\\/la-vendee-y-el-memoricidio-una-herida-silenciada-de-la-revolucion-francesa\\\/#primaryimage\"},\"thumbnailUrl\":\"https:\\\/\\\/www.revistarambla.com\\\/wp-content\\\/uploads\\\/2025\\\/12\\\/La-Vendee.jpg\",\"articleSection\":[\"Historia\"],\"inLanguage\":\"en-GB\"},{\"@type\":\"WebPage\",\"@id\":\"https:\\\/\\\/www.revistarambla.com\\\/la-vendee-y-el-memoricidio-una-herida-silenciada-de-la-revolucion-francesa\\\/\",\"url\":\"https:\\\/\\\/www.revistarambla.com\\\/la-vendee-y-el-memoricidio-una-herida-silenciada-de-la-revolucion-francesa\\\/\",\"name\":\"La Vend\u00e9e y el \u201cmemoricidio\u201d: una herida silenciada de la Revoluci\u00f3n Francesa - Revista Rambla\",\"isPartOf\":{\"@id\":\"https:\\\/\\\/www.revistarambla.com\\\/#website\"},\"primaryImageOfPage\":{\"@id\":\"https:\\\/\\\/www.revistarambla.com\\\/la-vendee-y-el-memoricidio-una-herida-silenciada-de-la-revolucion-francesa\\\/#primaryimage\"},\"image\":{\"@id\":\"https:\\\/\\\/www.revistarambla.com\\\/la-vendee-y-el-memoricidio-una-herida-silenciada-de-la-revolucion-francesa\\\/#primaryimage\"},\"thumbnailUrl\":\"https:\\\/\\\/www.revistarambla.com\\\/wp-content\\\/uploads\\\/2025\\\/12\\\/La-Vendee.jpg\",\"datePublished\":\"2025-12-11T18:01:09+00:00\",\"breadcrumb\":{\"@id\":\"https:\\\/\\\/www.revistarambla.com\\\/la-vendee-y-el-memoricidio-una-herida-silenciada-de-la-revolucion-francesa\\\/#breadcrumb\"},\"inLanguage\":\"en-GB\",\"potentialAction\":[{\"@type\":\"ReadAction\",\"target\":[\"https:\\\/\\\/www.revistarambla.com\\\/la-vendee-y-el-memoricidio-una-herida-silenciada-de-la-revolucion-francesa\\\/\"]}]},{\"@type\":\"ImageObject\",\"inLanguage\":\"en-GB\",\"@id\":\"https:\\\/\\\/www.revistarambla.com\\\/la-vendee-y-el-memoricidio-una-herida-silenciada-de-la-revolucion-francesa\\\/#primaryimage\",\"url\":\"https:\\\/\\\/www.revistarambla.com\\\/wp-content\\\/uploads\\\/2025\\\/12\\\/La-Vendee.jpg\",\"contentUrl\":\"https:\\\/\\\/www.revistarambla.com\\\/wp-content\\\/uploads\\\/2025\\\/12\\\/La-Vendee.jpg\",\"width\":489,\"height\":599,\"caption\":\"La Vend\u00e9e\"},{\"@type\":\"BreadcrumbList\",\"@id\":\"https:\\\/\\\/www.revistarambla.com\\\/la-vendee-y-el-memoricidio-una-herida-silenciada-de-la-revolucion-francesa\\\/#breadcrumb\",\"itemListElement\":[{\"@type\":\"ListItem\",\"position\":1,\"name\":\"Portada\",\"item\":\"https:\\\/\\\/www.revistarambla.com\\\/\"},{\"@type\":\"ListItem\",\"position\":2,\"name\":\"La Vend\u00e9e y el \u201cmemoricidio\u201d: una herida silenciada de la Revoluci\u00f3n Francesa\"}]},{\"@type\":\"WebSite\",\"@id\":\"https:\\\/\\\/www.revistarambla.com\\\/#website\",\"url\":\"https:\\\/\\\/www.revistarambla.com\\\/\",\"name\":\"Revista Rambla Barcelona\",\"description\":\"Periodismo independiente\",\"publisher\":{\"@id\":\"https:\\\/\\\/www.revistarambla.com\\\/#organization\"},\"potentialAction\":[{\"@type\":\"SearchAction\",\"target\":{\"@type\":\"EntryPoint\",\"urlTemplate\":\"https:\\\/\\\/www.revistarambla.com\\\/?s={search_term_string}\"},\"query-input\":{\"@type\":\"PropertyValueSpecification\",\"valueRequired\":true,\"valueName\":\"search_term_string\"}}],\"inLanguage\":\"en-GB\"},{\"@type\":\"Organization\",\"@id\":\"https:\\\/\\\/www.revistarambla.com\\\/#organization\",\"name\":\"Revista Rambla\",\"url\":\"https:\\\/\\\/www.revistarambla.com\\\/\",\"logo\":{\"@type\":\"ImageObject\",\"inLanguage\":\"en-GB\",\"@id\":\"https:\\\/\\\/www.revistarambla.com\\\/#\\\/schema\\\/logo\\\/image\\\/\",\"url\":\"https:\\\/\\\/www.revistarambla.com\\\/wp-content\\\/uploads\\\/2020\\\/09\\\/banner_rambla_1900x600_BB.png\",\"contentUrl\":\"https:\\\/\\\/www.revistarambla.com\\\/wp-content\\\/uploads\\\/2020\\\/09\\\/banner_rambla_1900x600_BB.png\",\"width\":1900,\"height\":600,\"caption\":\"Revista Rambla\"},\"image\":{\"@id\":\"https:\\\/\\\/www.revistarambla.com\\\/#\\\/schema\\\/logo\\\/image\\\/\"},\"sameAs\":[\"https:\\\/\\\/www.facebook.com\\\/revistarambla\\\/\",\"https:\\\/\\\/x.com\\\/revistarambla\",\"https:\\\/\\\/www.instagram.com\\\/revista_rambla\",\"https:\\\/\\\/es.linkedin.com\\\/company\\\/revista-rambla\"]},{\"@type\":\"Person\",\"@id\":\"https:\\\/\\\/www.revistarambla.com\\\/#\\\/schema\\\/person\\\/a146a5a2550b94981a75131180e1bd9c\",\"name\":\"R@mbla\",\"description\":\"Este art\u00edculo ha sido redactado y\\\/o validado por el equipo de redacci\u00f3n de Revista Rambla.\",\"sameAs\":[\"https:\\\/\\\/www.revistarambla.com\\\/\",\"https:\\\/\\\/www.facebook.com\\\/revistarambla\",\"https:\\\/\\\/x.com\\\/revistarambla\"]}]}<\/script>\n<!-- \/ Yoast SEO plugin. -->","yoast_head_json":{"title":"La Vend\u00e9e y el \u201cmemoricidio\u201d: una herida silenciada de la Revoluci\u00f3n Francesa - Revista Rambla","robots":{"index":"index","follow":"follow","max-snippet":"max-snippet:-1","max-image-preview":"max-image-preview:large","max-video-preview":"max-video-preview:-1"},"canonical":"https:\/\/www.revistarambla.com\/en\/la-vendee-y-el-memoricidio-una-herida-silenciada-de-la-revolucion-francesa\/","og_locale":"en_GB","og_type":"article","og_title":"La Vend\u00e9e y el \u201cmemoricidio\u201d: una herida silenciada de la Revoluci\u00f3n Francesa - Revista Rambla","og_description":"La Revoluci\u00f3n Francesa es, para buena parte de la historiograf\u00eda contempor\u00e1nea, un punto de origen: la aurora de la ciudadan\u00eda moderna, la quiebra del Antiguo R\u00e9gimen y el inicio de una nueva cultura pol\u00edtica en Occidente. Igualdad, Libertad y Fraternidad han ido adquiriendo, con el paso del tiempo, la condici\u00f3n [&hellip;]","og_url":"https:\/\/www.revistarambla.com\/en\/la-vendee-y-el-memoricidio-una-herida-silenciada-de-la-revolucion-francesa\/","og_site_name":"Revista Rambla","article_publisher":"https:\/\/www.facebook.com\/revistarambla\/","article_author":"https:\/\/www.facebook.com\/revistarambla","article_published_time":"2025-12-11T18:01:09+00:00","og_image":[{"width":489,"height":599,"url":"https:\/\/www.revistarambla.com\/wp-content\/uploads\/2025\/12\/La-Vendee.jpg","type":"image\/jpeg"}],"author":"R@mbla","twitter_card":"summary_large_image","twitter_creator":"@revistarambla","twitter_site":"@revistarambla","twitter_misc":{"Written by":"R@mbla","Estimated reading time":"8 minutes"},"schema":{"@context":"https:\/\/schema.org","@graph":[{"@type":"Article","@id":"https:\/\/www.revistarambla.com\/la-vendee-y-el-memoricidio-una-herida-silenciada-de-la-revolucion-francesa\/#article","isPartOf":{"@id":"https:\/\/www.revistarambla.com\/la-vendee-y-el-memoricidio-una-herida-silenciada-de-la-revolucion-francesa\/"},"author":{"name":"R@mbla","@id":"https:\/\/www.revistarambla.com\/#\/schema\/person\/a146a5a2550b94981a75131180e1bd9c"},"headline":"La Vend\u00e9e y el \u201cmemoricidio\u201d: una herida silenciada de la Revoluci\u00f3n Francesa","datePublished":"2025-12-11T18:01:09+00:00","mainEntityOfPage":{"@id":"https:\/\/www.revistarambla.com\/la-vendee-y-el-memoricidio-una-herida-silenciada-de-la-revolucion-francesa\/"},"wordCount":1730,"publisher":{"@id":"https:\/\/www.revistarambla.com\/#organization"},"image":{"@id":"https:\/\/www.revistarambla.com\/la-vendee-y-el-memoricidio-una-herida-silenciada-de-la-revolucion-francesa\/#primaryimage"},"thumbnailUrl":"https:\/\/www.revistarambla.com\/wp-content\/uploads\/2025\/12\/La-Vendee.jpg","articleSection":["Historia"],"inLanguage":"en-GB"},{"@type":"WebPage","@id":"https:\/\/www.revistarambla.com\/la-vendee-y-el-memoricidio-una-herida-silenciada-de-la-revolucion-francesa\/","url":"https:\/\/www.revistarambla.com\/la-vendee-y-el-memoricidio-una-herida-silenciada-de-la-revolucion-francesa\/","name":"La Vend\u00e9e y el \u201cmemoricidio\u201d: una herida silenciada de la Revoluci\u00f3n Francesa - Revista Rambla","isPartOf":{"@id":"https:\/\/www.revistarambla.com\/#website"},"primaryImageOfPage":{"@id":"https:\/\/www.revistarambla.com\/la-vendee-y-el-memoricidio-una-herida-silenciada-de-la-revolucion-francesa\/#primaryimage"},"image":{"@id":"https:\/\/www.revistarambla.com\/la-vendee-y-el-memoricidio-una-herida-silenciada-de-la-revolucion-francesa\/#primaryimage"},"thumbnailUrl":"https:\/\/www.revistarambla.com\/wp-content\/uploads\/2025\/12\/La-Vendee.jpg","datePublished":"2025-12-11T18:01:09+00:00","breadcrumb":{"@id":"https:\/\/www.revistarambla.com\/la-vendee-y-el-memoricidio-una-herida-silenciada-de-la-revolucion-francesa\/#breadcrumb"},"inLanguage":"en-GB","potentialAction":[{"@type":"ReadAction","target":["https:\/\/www.revistarambla.com\/la-vendee-y-el-memoricidio-una-herida-silenciada-de-la-revolucion-francesa\/"]}]},{"@type":"ImageObject","inLanguage":"en-GB","@id":"https:\/\/www.revistarambla.com\/la-vendee-y-el-memoricidio-una-herida-silenciada-de-la-revolucion-francesa\/#primaryimage","url":"https:\/\/www.revistarambla.com\/wp-content\/uploads\/2025\/12\/La-Vendee.jpg","contentUrl":"https:\/\/www.revistarambla.com\/wp-content\/uploads\/2025\/12\/La-Vendee.jpg","width":489,"height":599,"caption":"La Vend\u00e9e"},{"@type":"BreadcrumbList","@id":"https:\/\/www.revistarambla.com\/la-vendee-y-el-memoricidio-una-herida-silenciada-de-la-revolucion-francesa\/#breadcrumb","itemListElement":[{"@type":"ListItem","position":1,"name":"Portada","item":"https:\/\/www.revistarambla.com\/"},{"@type":"ListItem","position":2,"name":"La Vend\u00e9e y el \u201cmemoricidio\u201d: una herida silenciada de la Revoluci\u00f3n Francesa"}]},{"@type":"WebSite","@id":"https:\/\/www.revistarambla.com\/#website","url":"https:\/\/www.revistarambla.com\/","name":"Revista Rambla Barcelona","description":"Periodismo independiente","publisher":{"@id":"https:\/\/www.revistarambla.com\/#organization"},"potentialAction":[{"@type":"SearchAction","target":{"@type":"EntryPoint","urlTemplate":"https:\/\/www.revistarambla.com\/?s={search_term_string}"},"query-input":{"@type":"PropertyValueSpecification","valueRequired":true,"valueName":"search_term_string"}}],"inLanguage":"en-GB"},{"@type":"Organization","@id":"https:\/\/www.revistarambla.com\/#organization","name":"Revista Rambla","url":"https:\/\/www.revistarambla.com\/","logo":{"@type":"ImageObject","inLanguage":"en-GB","@id":"https:\/\/www.revistarambla.com\/#\/schema\/logo\/image\/","url":"https:\/\/www.revistarambla.com\/wp-content\/uploads\/2020\/09\/banner_rambla_1900x600_BB.png","contentUrl":"https:\/\/www.revistarambla.com\/wp-content\/uploads\/2020\/09\/banner_rambla_1900x600_BB.png","width":1900,"height":600,"caption":"Revista Rambla"},"image":{"@id":"https:\/\/www.revistarambla.com\/#\/schema\/logo\/image\/"},"sameAs":["https:\/\/www.facebook.com\/revistarambla\/","https:\/\/x.com\/revistarambla","https:\/\/www.instagram.com\/revista_rambla","https:\/\/es.linkedin.com\/company\/revista-rambla"]},{"@type":"Person","@id":"https:\/\/www.revistarambla.com\/#\/schema\/person\/a146a5a2550b94981a75131180e1bd9c","name":"R@mbla","description":"Este art\u00edculo ha sido redactado y\/o validado por el equipo de redacci\u00f3n de Revista Rambla.","sameAs":["https:\/\/www.revistarambla.com\/","https:\/\/www.facebook.com\/revistarambla","https:\/\/x.com\/revistarambla"]}]}},"_links":{"self":[{"href":"https:\/\/www.revistarambla.com\/en\/wp-json\/wp\/v2\/posts\/67368","targetHints":{"allow":["GET"]}}],"collection":[{"href":"https:\/\/www.revistarambla.com\/en\/wp-json\/wp\/v2\/posts"}],"about":[{"href":"https:\/\/www.revistarambla.com\/en\/wp-json\/wp\/v2\/types\/post"}],"author":[{"embeddable":true,"href":"https:\/\/www.revistarambla.com\/en\/wp-json\/wp\/v2\/users\/3"}],"replies":[{"embeddable":true,"href":"https:\/\/www.revistarambla.com\/en\/wp-json\/wp\/v2\/comments?post=67368"}],"version-history":[{"count":1,"href":"https:\/\/www.revistarambla.com\/en\/wp-json\/wp\/v2\/posts\/67368\/revisions"}],"predecessor-version":[{"id":67370,"href":"https:\/\/www.revistarambla.com\/en\/wp-json\/wp\/v2\/posts\/67368\/revisions\/67370"}],"wp:featuredmedia":[{"embeddable":true,"href":"https:\/\/www.revistarambla.com\/en\/wp-json\/wp\/v2\/media\/67369"}],"wp:attachment":[{"href":"https:\/\/www.revistarambla.com\/en\/wp-json\/wp\/v2\/media?parent=67368"}],"wp:term":[{"taxonomy":"category","embeddable":true,"href":"https:\/\/www.revistarambla.com\/en\/wp-json\/wp\/v2\/categories?post=67368"},{"taxonomy":"post_tag","embeddable":true,"href":"https:\/\/www.revistarambla.com\/en\/wp-json\/wp\/v2\/tags?post=67368"}],"curies":[{"name":"wp","href":"https:\/\/api.w.org\/{rel}","templated":true}]}}