{"id":67365,"date":"2025-12-11T18:50:04","date_gmt":"2025-12-11T17:50:04","guid":{"rendered":"https:\/\/www.revistarambla.com\/?p=67365"},"modified":"2025-12-11T18:50:04","modified_gmt":"2025-12-11T17:50:04","slug":"un-laboratorio-en-obras-y-un-brote-en-collserola-la-gestion-del-govern-ante-la-peste-porcina-africana-bajo-escrutinio","status":"publish","type":"post","link":"https:\/\/www.revistarambla.com\/en\/un-laboratorio-en-obras-y-un-brote-en-collserola-la-gestion-del-govern-ante-la-peste-porcina-africana-bajo-escrutinio\/","title":{"rendered":"Un laboratorio en obras y un brote en Collserola: la gesti\u00f3n del Govern ante la peste porcina africana bajo escrutinio"},"content":{"rendered":"<p>La gesti\u00f3n del brote de peste porcina africana (PPA) detectado en Catalu\u00f1a contin\u00faa generando interrogantes y un inusual clima de tensi\u00f3n pol\u00edtica y cient\u00edfica. <!--more-->Mientras el Govern reivindica su capacidad de reacci\u00f3n, transparencia informativa y despliegue de medios, emergen nuevas informaciones que apuntan a un elemento inquietante: el laboratorio dependiente de la Generalitat se\u00f1alado por el Ministerio de Agricultura como posible foco del brote se encuentra en plena fase de obras de ampliaci\u00f3n.<\/p>\n<p>La revelaci\u00f3n, difundida por <strong>El Pa\u00eds<\/strong> en su edici\u00f3n catalana y posteriormente amplificada en redes y medios nacionales, ha abierto un debate sobre la biocontenci\u00f3n, los protocolos de seguridad en instalaciones de nivel 3 y el flujo de comunicaci\u00f3n interna entre administraciones. Las obras afectan al centro <strong>IRTA-CReSA<\/strong>, la unidad de referencia de Catalu\u00f1a en sanidad animal, ubicada en el campus de la Universidad Aut\u00f3noma de Barcelona (UAB) en Bellaterra, un enclave a escasos cientos de metros de los puntos donde aparecieron los primeros jabal\u00edes muertos por PPA en la sierra de Collserola.<\/p>\n<h2><strong>Una ampliaci\u00f3n en pleno brote: el factor de riesgo que el Govern no hab\u00eda mencionado<\/strong><\/h2>\n<p>Aunque el consejero de Agricultura, <strong>\u00d2scar Ordeig<\/strong>, ha comparecido de forma frecuente desde el inicio de la crisis para destacar la coordinaci\u00f3n institucional y la rapidez en la respuesta, no hab\u00eda informado p\u00fablicamente de que el laboratorio bajo sospecha se encontraba en obras. Este detalle, subrayado ahora por voces acad\u00e9micas y recogido por medios de referencia, supone un elemento clave para evaluar posibles vulnerabilidades en la cadena de bioseguridad.<\/p>\n<p>El centro <strong>IRTA-CReSA<\/strong> es la instalaci\u00f3n de mayor nivel de biocontenci\u00f3n de Catalu\u00f1a, responsable de investigaciones con pat\u00f3genos animales de alto impacto econ\u00f3mico y sanitario. Su actividad exige protocolos extremadamente estrictos: accesos controlados, duchas obligatorias, gesti\u00f3n especializada de residuos biol\u00f3gicos y sistemas de presi\u00f3n negativa para evitar cualquier fuga de pat\u00f3genos. En este contexto, una ampliaci\u00f3n en curso \u2014que implica obras civiles, presencia de personal externo y potenciales alteraciones en la infraestructura\u2014 es considerada, en toda la literatura t\u00e9cnica, un <strong>factor de riesgo a\u00f1adido<\/strong>.<\/p>\n<p>Fuentes del sector recuerdan que cualquier modificaci\u00f3n estructural requiere reforzar simult\u00e1neamente los controles de seguridad, algo que normalmente se planifica con meses de antelaci\u00f3n y que debe coordinarse con las administraciones competentes. Por ello, ha sorprendido a expertos y responsables del sector porcino que la Generalitat no mencionara siquiera la existencia de las obras en las primeras comparecencias sobre el brote.<\/p>\n<h2><strong>El papel de Xavier Abad: divulgaci\u00f3n, protagonismo y controversia<\/strong><\/h2>\n<p>El foco medi\u00e1tico se ha concentrado adem\u00e1s en una figura central del IRTA-CReSA: <strong>Xavier Abad<\/strong>, jefe de la Unidad de Biocontenci\u00f3n y de los laboratorios NBS2\/NBS3 del centro. Abad, conocido por su intensa actividad divulgadora en redes sociales, se convirti\u00f3 involuntariamente en protagonista cuando el Ministerio de Agricultura mencion\u00f3 que el virus podr\u00eda haberse originado en instalaciones del CReSA, extremo que a\u00fan no se ha confirmado oficialmente.<\/p>\n<p>El Pa\u00eds se\u00f1alaba que la confirmaci\u00f3n de que el laboratorio est\u00e1 en obras no procedi\u00f3 de un comunicado institucional, sino de las propias publicaciones del vir\u00f3logo en X (antigua Twitter). El 14 de septiembre, Abad difundi\u00f3 un mensaje anunciando el inicio de la \u201cprimera fase de construcci\u00f3n de la nueva instalaci\u00f3n de nivel de bioseguridad 3\u201d en el campus de la UAB. Para acompa\u00f1ar el mensaje enlaz\u00f3 un art\u00edculo divulgativo suyo sobre biocontenci\u00f3n, publicado en el portal <strong>7 Ci\u00e8ncies<\/strong>.<\/p>\n<p>La naturalidad con la que Abad comunic\u00f3 la obra \u2014aparentemente sin considerar su potencial repercusi\u00f3n p\u00fablica en un contexto de brote\u2014 ha sido interpretada de maneras divergentes: para algunos, simple transparencia cient\u00edfica; para otros, un gesto imprudente en un momento de m\u00e1xima sensibilidad medi\u00e1tica. Sea como fuere, su publicaci\u00f3n fue el detonante que condujo a varias verificaciones sobre el terreno para confirmar que el laboratorio est\u00e1 efectivamente afectado por un proyecto de ampliaci\u00f3n.<\/p>\n<p>A ello se a\u00f1ade que Abad es una figura activa tambi\u00e9n en debates pol\u00edticos, algo poco habitual en perfiles de alta responsabilidad t\u00e9cnica en instalaciones de biocontenci\u00f3n. Su presencia en la red social, definida por El Pa\u00eds como \u201chiperactiva\u201d, y su identificaci\u00f3n p\u00fablica con causas pol\u00edticas \u2014incluido el uso del lazo amarillo que exhibi\u00f3 durante los a\u00f1os de mayor tensi\u00f3n del proc\u00e9s\u2014 han sido utilizadas en algunos \u00e1mbitos para cuestionar su neutralidad o prudencia, aunque la comunidad cient\u00edfica defiende mayoritariamente su trayectoria y aportaciones en el campo de los virus emergentes.<\/p>\n<h2><strong>El brote: 13 jabal\u00edes muertos y un posible vector urbano<\/strong><\/h2>\n<p>La PPA es una enfermedad de elevada mortalidad para los cerdos y jabal\u00edes, sin vacuna comercial efectiva y con efectos devastadores para la industria porcina. Los primeros casos en Catalu\u00f1a \u2014trece jabal\u00edes encontrados en Collserola\u2014 encendieron las alarmas de un sector que representa m\u00e1s del 40% de las exportaciones agroalimentarias catalanas.<\/p>\n<p>La proximidad de varios de estos cad\u00e1veres al campus de la UAB y, en concreto, al laboratorio del CReSA, reforz\u00f3 las sospechas iniciales del Ministerio. En algunos puntos, los animales muertos se encontraron a menos de medio kil\u00f3metro de las instalaciones de investigaci\u00f3n, un dato que no puede ignorarse pero que tampoco constituye, por s\u00ed solo, una prueba de fuga de laboratorio.<\/p>\n<p>Expertos en fauna salvaje recuerdan que la densidad de jabal\u00edes en Collserola es una de las m\u00e1s elevadas de Europa, en parte debido a la abundancia de recursos alimentarios urbanos y periurbanos. El movimiento de animales infectados podr\u00eda explicar la aparici\u00f3n del virus sin necesidad de recurrir a hip\u00f3tesis m\u00e1s complejas. Sin embargo, la coincidencia geogr\u00e1fica ha llevado al Ministerio a incluir la posible fuga accidental en su lista de escenarios a evaluar.<\/p>\n<h2><strong>La Generalitat, bajo presi\u00f3n para ofrecer explicaciones m\u00e1s detalladas<\/strong><\/h2>\n<p>El Govern, que hasta ahora hab\u00eda centrado su discurso en la eficiencia de la respuesta ante el brote, se enfrenta ahora a la necesidad de aclarar varios puntos que han quedado en el aire:<\/p>\n<h3><strong>1. \u00bfEstaba el consejero \u00d2scar Ordeig informado de las obras?<\/strong><\/h3>\n<p>Como responsable \u00faltimo del \u00e1mbito agroalimentario y sanitario animal, cabr\u00eda esperar que la conselleria estuviese plenamente al tanto de cualquier intervenci\u00f3n estructural en el principal laboratorio de biocontenci\u00f3n de Catalu\u00f1a. La ausencia de referencias a esta cuesti\u00f3n en sus comparecencias genera dudas sobre la transparencia informativa del Ejecutivo.<\/p>\n<h3><strong>2. \u00bfQu\u00e9 medidas extraordinarias de bioseguridad se implementaron durante la ampliaci\u00f3n?<\/strong><\/h3>\n<p>Es habitual que los protocolos de nivel 3 se refuercen durante cualquier obra, tanto en zonas internas como en el per\u00edmetro exterior. La Generalitat no ha detallado a\u00fan si se incrementaron inspecciones, controles o auditor\u00edas.<\/p>\n<h3><strong>3. \u00bfPor qu\u00e9 la existencia de las obras se conoci\u00f3 a trav\u00e9s de redes sociales y no de un comunicado oficial?<\/strong><\/h3>\n<p>La gesti\u00f3n de la comunicaci\u00f3n en crisis sanitarias exige precisi\u00f3n y coherencia, especialmente cuando el brote afecta a un sector econ\u00f3mico clave.<\/p>\n<h3><strong>4. \u00bfQu\u00e9 grado de colaboraci\u00f3n t\u00e9cnica existe actualmente entre el Ministerio y el IRTA-CReSA?<\/strong><\/h3>\n<p>La coordinaci\u00f3n entre administraciones es esencial para determinar el origen del brote y para evaluar si hubo fallos procedimentales.<\/p>\n<p>Diversas asociaciones de veterinarios y representantes del sector porcino han pedido explicaciones p\u00fablicas m\u00e1s exhaustivas. Aunque todas las hip\u00f3tesis siguen abiertas, existe consenso en que la transparencia plena ser\u00eda la mejor herramienta para reducir la incertidumbre y evitar especulaciones.<\/p>\n<h2><strong>El riesgo de estigmatizar la investigaci\u00f3n en biocontenci\u00f3n<\/strong><\/h2>\n<p>Uno de los temores expresados discretamente por investigadores del \u00e1mbito biom\u00e9dico es que este episodio derive en un deterioro de la confianza p\u00fablica en los laboratorios de alto nivel de bioseguridad. La pandemia de COVID-19 ya evidenci\u00f3 el impacto social de las teor\u00edas sobre fugas de laboratorio, muchas veces sin base cient\u00edfica.<\/p>\n<p>El IRTA-CReSA desempe\u00f1a un papel crucial en la vigilancia y el control de enfermedades animales. Sus instalaciones, uno de los pocos laboratorios NBS3 del Estado, son indispensables para estudiar pat\u00f3genos como la lengua azul, la fiebre aftosa o la propia PPA. Cualquier se\u00f1alamiento precipitado podr\u00eda afectar negativamente la percepci\u00f3n p\u00fablica de una infraestructura esencial.<\/p>\n<p>Por este motivo, voces del sector recomiendan cautela: <strong>investigar sin prejuzgar<\/strong>, exigir informaci\u00f3n al Govern pero tambi\u00e9n recordar que la coincidencia geogr\u00e1fica no es sin\u00f3nimo de causalidad. En brotes de PPA en pa\u00edses europeos, la mayor\u00eda de introducciones han estado vinculadas a restos c\u00e1rnicos contaminados o al movimiento de animales salvajes, no a incidentes en laboratorios.<\/p>\n<h2><strong>Una crisis que desaf\u00eda la narrativa oficial<\/strong><\/h2>\n<p>Para el Govern, el brote lleg\u00f3 en un momento pol\u00edticamente complicado, con la necesidad de demostrar solvencia t\u00e9cnica y capacidad de reacci\u00f3n. Hasta ahora, la comunicaci\u00f3n p\u00fablica se hab\u00eda presentado como un ejercicio de eficacia administrativa, voluntarismo institucional y coordinaci\u00f3n con el sector.<\/p>\n<p>Sin embargo, la inesperada atenci\u00f3n sobre las obras en el CReSA tensiona ese relato. La oposici\u00f3n ha comenzado a pedir comparecencias adicionales, mientras que sectores del independentismo miran con recelo el se\u00f1alamiento procedente del Ministerio, interpret\u00e1ndolo en clave de confrontaci\u00f3n pol\u00edtica. En este clima, la figura de Xavier Abad \u2014cient\u00edfico de perfil pol\u00edtico muy visible\u2014 se ha convertido en un s\u00edmbolo para ambos bandos: para unos, de profesionalismo t\u00e9cnico; para otros, de falta de contenci\u00f3n comunicativa.<\/p>\n<p>La situaci\u00f3n exige ahora un ejercicio de precisi\u00f3n t\u00e9cnica y pedag\u00f3gica. El Govern necesitar\u00e1 explicar qu\u00e9 protocolos se aplicaron durante las obras, qu\u00e9 mecanismos de vigilancia estaban activos y c\u00f3mo se garantizar\u00e1 que todas las l\u00edneas de investigaci\u00f3n sean analizadas de forma independiente.<\/p>\n<h2><strong>Conclusi\u00f3n: un episodio que marcar\u00e1 la gesti\u00f3n de la sanidad animal en Catalu\u00f1a<\/strong><\/h2>\n<p>El brote de peste porcina africana en Collserola ya es, por s\u00ed mismo, un desaf\u00edo sanitario y econ\u00f3mico de primera magnitud. Pero la controversia sobre el laboratorio en obras y la comunicaci\u00f3n institucional podr\u00eda tener efectos de m\u00e1s largo alcance: revisar los protocolos de bioseguridad, mejorar la coordinaci\u00f3n entre administraciones y reforzar la confianza en los centros de investigaci\u00f3n.<\/p>\n<p>En las pr\u00f3ximas semanas, los resultados de las investigaciones epidemiol\u00f3gicas del Ministerio y de los servicios t\u00e9cnicos de la Generalitat ser\u00e1n determinantes. El riesgo para el sector porcino obliga a actuar con rigor, evitando politizar un problema que requiere datos verificables, prudencia cient\u00edfica y la m\u00e1xima transparencia.<\/p>\n<p>Catalu\u00f1a se encuentra ante una prueba cr\u00edtica: no solo controlar un brote imprevisible, sino demostrar que su sistema de biocontenci\u00f3n est\u00e1 a la altura de los est\u00e1ndares internacionales, incluso en circunstancias complicadas como una ampliaci\u00f3n en pleno funcionamiento. El escrutinio p\u00fablico, ya inevitable, exige respuestas claras que a\u00fan no se han ofrecido por completo.<\/p>","protected":false},"excerpt":{"rendered":"<p>La gesti\u00f3n del brote de peste porcina africana (PPA) detectado en Catalu\u00f1a contin\u00faa generando interrogantes y un inusual clima de tensi\u00f3n pol\u00edtica y cient\u00edfica.<\/p>","protected":false},"author":3,"featured_media":67366,"comment_status":"closed","ping_status":"closed","sticky":false,"template":"","format":"standard","meta":{"footnotes":""},"categories":[59],"tags":[],"class_list":["post-67365","post","type-post","status-publish","format-standard","has-post-thumbnail","hentry","category-catalunya"],"yoast_head":"<!-- This site is optimized with the Yoast SEO plugin v27.5 - https:\/\/yoast.com\/product\/yoast-seo-wordpress\/ -->\n<title>Un laboratorio en obras y un brote en Collserola: la gesti\u00f3n del Govern ante la peste porcina africana bajo escrutinio - Revista Rambla<\/title>\n<meta name=\"robots\" content=\"index, follow, max-snippet:-1, max-image-preview:large, max-video-preview:-1\" \/>\n<link rel=\"canonical\" href=\"https:\/\/www.revistarambla.com\/en\/un-laboratorio-en-obras-y-un-brote-en-collserola-la-gestion-del-govern-ante-la-peste-porcina-africana-bajo-escrutinio\/\" \/>\n<meta property=\"og:locale\" content=\"en_GB\" \/>\n<meta property=\"og:type\" content=\"article\" \/>\n<meta property=\"og:title\" content=\"Un laboratorio en obras y un brote en Collserola: la gesti\u00f3n del Govern ante la peste porcina africana bajo escrutinio - Revista Rambla\" \/>\n<meta property=\"og:description\" content=\"La gesti\u00f3n del brote de peste porcina africana (PPA) detectado en Catalu\u00f1a contin\u00faa generando interrogantes y un inusual clima de tensi\u00f3n pol\u00edtica y cient\u00edfica.\" \/>\n<meta property=\"og:url\" content=\"https:\/\/www.revistarambla.com\/en\/un-laboratorio-en-obras-y-un-brote-en-collserola-la-gestion-del-govern-ante-la-peste-porcina-africana-bajo-escrutinio\/\" \/>\n<meta property=\"og:site_name\" content=\"Revista Rambla\" \/>\n<meta property=\"article:publisher\" content=\"https:\/\/www.facebook.com\/revistarambla\/\" \/>\n<meta property=\"article:author\" content=\"https:\/\/www.facebook.com\/revistarambla\" \/>\n<meta property=\"article:published_time\" content=\"2025-12-11T17:50:04+00:00\" \/>\n<meta property=\"og:image\" content=\"https:\/\/www.revistarambla.com\/wp-content\/uploads\/2025\/12\/laboratorio-peste-porcina-barcelona-05122025.jpg\" \/>\n\t<meta property=\"og:image:width\" content=\"1619\" \/>\n\t<meta property=\"og:image:height\" content=\"1080\" \/>\n\t<meta property=\"og:image:type\" content=\"image\/jpeg\" \/>\n<meta name=\"author\" content=\"R@mbla\" \/>\n<meta name=\"twitter:card\" content=\"summary_large_image\" \/>\n<meta name=\"twitter:creator\" content=\"@revistarambla\" \/>\n<meta name=\"twitter:site\" content=\"@revistarambla\" \/>\n<meta name=\"twitter:label1\" content=\"Written by\" \/>\n\t<meta name=\"twitter:data1\" content=\"R@mbla\" \/>\n\t<meta name=\"twitter:label2\" content=\"Estimated reading time\" \/>\n\t<meta name=\"twitter:data2\" content=\"8 minutes\" \/>\n<script type=\"application\/ld+json\" class=\"yoast-schema-graph\">{\"@context\":\"https:\\\/\\\/schema.org\",\"@graph\":[{\"@type\":\"Article\",\"@id\":\"https:\\\/\\\/www.revistarambla.com\\\/un-laboratorio-en-obras-y-un-brote-en-collserola-la-gestion-del-govern-ante-la-peste-porcina-africana-bajo-escrutinio\\\/#article\",\"isPartOf\":{\"@id\":\"https:\\\/\\\/www.revistarambla.com\\\/un-laboratorio-en-obras-y-un-brote-en-collserola-la-gestion-del-govern-ante-la-peste-porcina-africana-bajo-escrutinio\\\/\"},\"author\":{\"name\":\"R@mbla\",\"@id\":\"https:\\\/\\\/www.revistarambla.com\\\/#\\\/schema\\\/person\\\/a146a5a2550b94981a75131180e1bd9c\"},\"headline\":\"Un laboratorio en obras y un brote en Collserola: la gesti\u00f3n del Govern ante la peste porcina africana bajo escrutinio\",\"datePublished\":\"2025-12-11T17:50:04+00:00\",\"mainEntityOfPage\":{\"@id\":\"https:\\\/\\\/www.revistarambla.com\\\/un-laboratorio-en-obras-y-un-brote-en-collserola-la-gestion-del-govern-ante-la-peste-porcina-africana-bajo-escrutinio\\\/\"},\"wordCount\":1876,\"publisher\":{\"@id\":\"https:\\\/\\\/www.revistarambla.com\\\/#organization\"},\"image\":{\"@id\":\"https:\\\/\\\/www.revistarambla.com\\\/un-laboratorio-en-obras-y-un-brote-en-collserola-la-gestion-del-govern-ante-la-peste-porcina-africana-bajo-escrutinio\\\/#primaryimage\"},\"thumbnailUrl\":\"https:\\\/\\\/www.revistarambla.com\\\/wp-content\\\/uploads\\\/2025\\\/12\\\/laboratorio-peste-porcina-barcelona-05122025.jpg\",\"articleSection\":[\"Catalunya\"],\"inLanguage\":\"en-GB\"},{\"@type\":\"WebPage\",\"@id\":\"https:\\\/\\\/www.revistarambla.com\\\/un-laboratorio-en-obras-y-un-brote-en-collserola-la-gestion-del-govern-ante-la-peste-porcina-africana-bajo-escrutinio\\\/\",\"url\":\"https:\\\/\\\/www.revistarambla.com\\\/un-laboratorio-en-obras-y-un-brote-en-collserola-la-gestion-del-govern-ante-la-peste-porcina-africana-bajo-escrutinio\\\/\",\"name\":\"Un laboratorio en obras y un brote en Collserola: la gesti\u00f3n del Govern ante la peste porcina africana bajo escrutinio - Revista Rambla\",\"isPartOf\":{\"@id\":\"https:\\\/\\\/www.revistarambla.com\\\/#website\"},\"primaryImageOfPage\":{\"@id\":\"https:\\\/\\\/www.revistarambla.com\\\/un-laboratorio-en-obras-y-un-brote-en-collserola-la-gestion-del-govern-ante-la-peste-porcina-africana-bajo-escrutinio\\\/#primaryimage\"},\"image\":{\"@id\":\"https:\\\/\\\/www.revistarambla.com\\\/un-laboratorio-en-obras-y-un-brote-en-collserola-la-gestion-del-govern-ante-la-peste-porcina-africana-bajo-escrutinio\\\/#primaryimage\"},\"thumbnailUrl\":\"https:\\\/\\\/www.revistarambla.com\\\/wp-content\\\/uploads\\\/2025\\\/12\\\/laboratorio-peste-porcina-barcelona-05122025.jpg\",\"datePublished\":\"2025-12-11T17:50:04+00:00\",\"breadcrumb\":{\"@id\":\"https:\\\/\\\/www.revistarambla.com\\\/un-laboratorio-en-obras-y-un-brote-en-collserola-la-gestion-del-govern-ante-la-peste-porcina-africana-bajo-escrutinio\\\/#breadcrumb\"},\"inLanguage\":\"en-GB\",\"potentialAction\":[{\"@type\":\"ReadAction\",\"target\":[\"https:\\\/\\\/www.revistarambla.com\\\/un-laboratorio-en-obras-y-un-brote-en-collserola-la-gestion-del-govern-ante-la-peste-porcina-africana-bajo-escrutinio\\\/\"]}]},{\"@type\":\"ImageObject\",\"inLanguage\":\"en-GB\",\"@id\":\"https:\\\/\\\/www.revistarambla.com\\\/un-laboratorio-en-obras-y-un-brote-en-collserola-la-gestion-del-govern-ante-la-peste-porcina-africana-bajo-escrutinio\\\/#primaryimage\",\"url\":\"https:\\\/\\\/www.revistarambla.com\\\/wp-content\\\/uploads\\\/2025\\\/12\\\/laboratorio-peste-porcina-barcelona-05122025.jpg\",\"contentUrl\":\"https:\\\/\\\/www.revistarambla.com\\\/wp-content\\\/uploads\\\/2025\\\/12\\\/laboratorio-peste-porcina-barcelona-05122025.jpg\",\"width\":1619,\"height\":1080,\"caption\":\"peste porcina africana\"},{\"@type\":\"BreadcrumbList\",\"@id\":\"https:\\\/\\\/www.revistarambla.com\\\/un-laboratorio-en-obras-y-un-brote-en-collserola-la-gestion-del-govern-ante-la-peste-porcina-africana-bajo-escrutinio\\\/#breadcrumb\",\"itemListElement\":[{\"@type\":\"ListItem\",\"position\":1,\"name\":\"Portada\",\"item\":\"https:\\\/\\\/www.revistarambla.com\\\/\"},{\"@type\":\"ListItem\",\"position\":2,\"name\":\"Un laboratorio en obras y un brote en Collserola: la gesti\u00f3n del Govern ante la peste porcina africana bajo escrutinio\"}]},{\"@type\":\"WebSite\",\"@id\":\"https:\\\/\\\/www.revistarambla.com\\\/#website\",\"url\":\"https:\\\/\\\/www.revistarambla.com\\\/\",\"name\":\"Revista Rambla Barcelona\",\"description\":\"Periodismo independiente\",\"publisher\":{\"@id\":\"https:\\\/\\\/www.revistarambla.com\\\/#organization\"},\"potentialAction\":[{\"@type\":\"SearchAction\",\"target\":{\"@type\":\"EntryPoint\",\"urlTemplate\":\"https:\\\/\\\/www.revistarambla.com\\\/?s={search_term_string}\"},\"query-input\":{\"@type\":\"PropertyValueSpecification\",\"valueRequired\":true,\"valueName\":\"search_term_string\"}}],\"inLanguage\":\"en-GB\"},{\"@type\":\"Organization\",\"@id\":\"https:\\\/\\\/www.revistarambla.com\\\/#organization\",\"name\":\"Revista Rambla\",\"url\":\"https:\\\/\\\/www.revistarambla.com\\\/\",\"logo\":{\"@type\":\"ImageObject\",\"inLanguage\":\"en-GB\",\"@id\":\"https:\\\/\\\/www.revistarambla.com\\\/#\\\/schema\\\/logo\\\/image\\\/\",\"url\":\"https:\\\/\\\/www.revistarambla.com\\\/wp-content\\\/uploads\\\/2020\\\/09\\\/banner_rambla_1900x600_BB.png\",\"contentUrl\":\"https:\\\/\\\/www.revistarambla.com\\\/wp-content\\\/uploads\\\/2020\\\/09\\\/banner_rambla_1900x600_BB.png\",\"width\":1900,\"height\":600,\"caption\":\"Revista Rambla\"},\"image\":{\"@id\":\"https:\\\/\\\/www.revistarambla.com\\\/#\\\/schema\\\/logo\\\/image\\\/\"},\"sameAs\":[\"https:\\\/\\\/www.facebook.com\\\/revistarambla\\\/\",\"https:\\\/\\\/x.com\\\/revistarambla\",\"https:\\\/\\\/www.instagram.com\\\/revista_rambla\",\"https:\\\/\\\/es.linkedin.com\\\/company\\\/revista-rambla\"]},{\"@type\":\"Person\",\"@id\":\"https:\\\/\\\/www.revistarambla.com\\\/#\\\/schema\\\/person\\\/a146a5a2550b94981a75131180e1bd9c\",\"name\":\"R@mbla\",\"description\":\"Este art\u00edculo ha sido redactado y\\\/o validado por el equipo de redacci\u00f3n de Revista Rambla.\",\"sameAs\":[\"https:\\\/\\\/www.revistarambla.com\\\/\",\"https:\\\/\\\/www.facebook.com\\\/revistarambla\",\"https:\\\/\\\/x.com\\\/revistarambla\"]}]}<\/script>\n<!-- \/ Yoast SEO plugin. -->","yoast_head_json":{"title":"Un laboratorio en obras y un brote en Collserola: la gesti\u00f3n del Govern ante la peste porcina africana bajo escrutinio - Revista Rambla","robots":{"index":"index","follow":"follow","max-snippet":"max-snippet:-1","max-image-preview":"max-image-preview:large","max-video-preview":"max-video-preview:-1"},"canonical":"https:\/\/www.revistarambla.com\/en\/un-laboratorio-en-obras-y-un-brote-en-collserola-la-gestion-del-govern-ante-la-peste-porcina-africana-bajo-escrutinio\/","og_locale":"en_GB","og_type":"article","og_title":"Un laboratorio en obras y un brote en Collserola: la gesti\u00f3n del Govern ante la peste porcina africana bajo escrutinio - Revista Rambla","og_description":"La gesti\u00f3n del brote de peste porcina africana (PPA) detectado en Catalu\u00f1a contin\u00faa generando interrogantes y un inusual clima de tensi\u00f3n pol\u00edtica y cient\u00edfica.","og_url":"https:\/\/www.revistarambla.com\/en\/un-laboratorio-en-obras-y-un-brote-en-collserola-la-gestion-del-govern-ante-la-peste-porcina-africana-bajo-escrutinio\/","og_site_name":"Revista Rambla","article_publisher":"https:\/\/www.facebook.com\/revistarambla\/","article_author":"https:\/\/www.facebook.com\/revistarambla","article_published_time":"2025-12-11T17:50:04+00:00","og_image":[{"width":1619,"height":1080,"url":"https:\/\/www.revistarambla.com\/wp-content\/uploads\/2025\/12\/laboratorio-peste-porcina-barcelona-05122025.jpg","type":"image\/jpeg"}],"author":"R@mbla","twitter_card":"summary_large_image","twitter_creator":"@revistarambla","twitter_site":"@revistarambla","twitter_misc":{"Written by":"R@mbla","Estimated reading time":"8 minutes"},"schema":{"@context":"https:\/\/schema.org","@graph":[{"@type":"Article","@id":"https:\/\/www.revistarambla.com\/un-laboratorio-en-obras-y-un-brote-en-collserola-la-gestion-del-govern-ante-la-peste-porcina-africana-bajo-escrutinio\/#article","isPartOf":{"@id":"https:\/\/www.revistarambla.com\/un-laboratorio-en-obras-y-un-brote-en-collserola-la-gestion-del-govern-ante-la-peste-porcina-africana-bajo-escrutinio\/"},"author":{"name":"R@mbla","@id":"https:\/\/www.revistarambla.com\/#\/schema\/person\/a146a5a2550b94981a75131180e1bd9c"},"headline":"Un laboratorio en obras y un brote en Collserola: la gesti\u00f3n del Govern ante la peste porcina africana bajo escrutinio","datePublished":"2025-12-11T17:50:04+00:00","mainEntityOfPage":{"@id":"https:\/\/www.revistarambla.com\/un-laboratorio-en-obras-y-un-brote-en-collserola-la-gestion-del-govern-ante-la-peste-porcina-africana-bajo-escrutinio\/"},"wordCount":1876,"publisher":{"@id":"https:\/\/www.revistarambla.com\/#organization"},"image":{"@id":"https:\/\/www.revistarambla.com\/un-laboratorio-en-obras-y-un-brote-en-collserola-la-gestion-del-govern-ante-la-peste-porcina-africana-bajo-escrutinio\/#primaryimage"},"thumbnailUrl":"https:\/\/www.revistarambla.com\/wp-content\/uploads\/2025\/12\/laboratorio-peste-porcina-barcelona-05122025.jpg","articleSection":["Catalunya"],"inLanguage":"en-GB"},{"@type":"WebPage","@id":"https:\/\/www.revistarambla.com\/un-laboratorio-en-obras-y-un-brote-en-collserola-la-gestion-del-govern-ante-la-peste-porcina-africana-bajo-escrutinio\/","url":"https:\/\/www.revistarambla.com\/un-laboratorio-en-obras-y-un-brote-en-collserola-la-gestion-del-govern-ante-la-peste-porcina-africana-bajo-escrutinio\/","name":"Un laboratorio en obras y un brote en Collserola: la gesti\u00f3n del Govern ante la peste porcina africana bajo escrutinio - Revista Rambla","isPartOf":{"@id":"https:\/\/www.revistarambla.com\/#website"},"primaryImageOfPage":{"@id":"https:\/\/www.revistarambla.com\/un-laboratorio-en-obras-y-un-brote-en-collserola-la-gestion-del-govern-ante-la-peste-porcina-africana-bajo-escrutinio\/#primaryimage"},"image":{"@id":"https:\/\/www.revistarambla.com\/un-laboratorio-en-obras-y-un-brote-en-collserola-la-gestion-del-govern-ante-la-peste-porcina-africana-bajo-escrutinio\/#primaryimage"},"thumbnailUrl":"https:\/\/www.revistarambla.com\/wp-content\/uploads\/2025\/12\/laboratorio-peste-porcina-barcelona-05122025.jpg","datePublished":"2025-12-11T17:50:04+00:00","breadcrumb":{"@id":"https:\/\/www.revistarambla.com\/un-laboratorio-en-obras-y-un-brote-en-collserola-la-gestion-del-govern-ante-la-peste-porcina-africana-bajo-escrutinio\/#breadcrumb"},"inLanguage":"en-GB","potentialAction":[{"@type":"ReadAction","target":["https:\/\/www.revistarambla.com\/un-laboratorio-en-obras-y-un-brote-en-collserola-la-gestion-del-govern-ante-la-peste-porcina-africana-bajo-escrutinio\/"]}]},{"@type":"ImageObject","inLanguage":"en-GB","@id":"https:\/\/www.revistarambla.com\/un-laboratorio-en-obras-y-un-brote-en-collserola-la-gestion-del-govern-ante-la-peste-porcina-africana-bajo-escrutinio\/#primaryimage","url":"https:\/\/www.revistarambla.com\/wp-content\/uploads\/2025\/12\/laboratorio-peste-porcina-barcelona-05122025.jpg","contentUrl":"https:\/\/www.revistarambla.com\/wp-content\/uploads\/2025\/12\/laboratorio-peste-porcina-barcelona-05122025.jpg","width":1619,"height":1080,"caption":"peste porcina africana"},{"@type":"BreadcrumbList","@id":"https:\/\/www.revistarambla.com\/un-laboratorio-en-obras-y-un-brote-en-collserola-la-gestion-del-govern-ante-la-peste-porcina-africana-bajo-escrutinio\/#breadcrumb","itemListElement":[{"@type":"ListItem","position":1,"name":"Portada","item":"https:\/\/www.revistarambla.com\/"},{"@type":"ListItem","position":2,"name":"Un laboratorio en obras y un brote en Collserola: la gesti\u00f3n del Govern ante la peste porcina africana bajo escrutinio"}]},{"@type":"WebSite","@id":"https:\/\/www.revistarambla.com\/#website","url":"https:\/\/www.revistarambla.com\/","name":"Revista Rambla Barcelona","description":"Periodismo independiente","publisher":{"@id":"https:\/\/www.revistarambla.com\/#organization"},"potentialAction":[{"@type":"SearchAction","target":{"@type":"EntryPoint","urlTemplate":"https:\/\/www.revistarambla.com\/?s={search_term_string}"},"query-input":{"@type":"PropertyValueSpecification","valueRequired":true,"valueName":"search_term_string"}}],"inLanguage":"en-GB"},{"@type":"Organization","@id":"https:\/\/www.revistarambla.com\/#organization","name":"Revista Rambla","url":"https:\/\/www.revistarambla.com\/","logo":{"@type":"ImageObject","inLanguage":"en-GB","@id":"https:\/\/www.revistarambla.com\/#\/schema\/logo\/image\/","url":"https:\/\/www.revistarambla.com\/wp-content\/uploads\/2020\/09\/banner_rambla_1900x600_BB.png","contentUrl":"https:\/\/www.revistarambla.com\/wp-content\/uploads\/2020\/09\/banner_rambla_1900x600_BB.png","width":1900,"height":600,"caption":"Revista Rambla"},"image":{"@id":"https:\/\/www.revistarambla.com\/#\/schema\/logo\/image\/"},"sameAs":["https:\/\/www.facebook.com\/revistarambla\/","https:\/\/x.com\/revistarambla","https:\/\/www.instagram.com\/revista_rambla","https:\/\/es.linkedin.com\/company\/revista-rambla"]},{"@type":"Person","@id":"https:\/\/www.revistarambla.com\/#\/schema\/person\/a146a5a2550b94981a75131180e1bd9c","name":"R@mbla","description":"Este art\u00edculo ha sido redactado y\/o validado por el equipo de redacci\u00f3n de Revista Rambla.","sameAs":["https:\/\/www.revistarambla.com\/","https:\/\/www.facebook.com\/revistarambla","https:\/\/x.com\/revistarambla"]}]}},"_links":{"self":[{"href":"https:\/\/www.revistarambla.com\/en\/wp-json\/wp\/v2\/posts\/67365","targetHints":{"allow":["GET"]}}],"collection":[{"href":"https:\/\/www.revistarambla.com\/en\/wp-json\/wp\/v2\/posts"}],"about":[{"href":"https:\/\/www.revistarambla.com\/en\/wp-json\/wp\/v2\/types\/post"}],"author":[{"embeddable":true,"href":"https:\/\/www.revistarambla.com\/en\/wp-json\/wp\/v2\/users\/3"}],"replies":[{"embeddable":true,"href":"https:\/\/www.revistarambla.com\/en\/wp-json\/wp\/v2\/comments?post=67365"}],"version-history":[{"count":1,"href":"https:\/\/www.revistarambla.com\/en\/wp-json\/wp\/v2\/posts\/67365\/revisions"}],"predecessor-version":[{"id":67367,"href":"https:\/\/www.revistarambla.com\/en\/wp-json\/wp\/v2\/posts\/67365\/revisions\/67367"}],"wp:featuredmedia":[{"embeddable":true,"href":"https:\/\/www.revistarambla.com\/en\/wp-json\/wp\/v2\/media\/67366"}],"wp:attachment":[{"href":"https:\/\/www.revistarambla.com\/en\/wp-json\/wp\/v2\/media?parent=67365"}],"wp:term":[{"taxonomy":"category","embeddable":true,"href":"https:\/\/www.revistarambla.com\/en\/wp-json\/wp\/v2\/categories?post=67365"},{"taxonomy":"post_tag","embeddable":true,"href":"https:\/\/www.revistarambla.com\/en\/wp-json\/wp\/v2\/tags?post=67365"}],"curies":[{"name":"wp","href":"https:\/\/api.w.org\/{rel}","templated":true}]}}