{"id":67351,"date":"2025-12-11T13:19:07","date_gmt":"2025-12-11T12:19:07","guid":{"rendered":"https:\/\/www.revistarambla.com\/?p=67351"},"modified":"2025-12-11T13:19:07","modified_gmt":"2025-12-11T12:19:07","slug":"barcelona-reconoce-el-peligro-en-el-encendido-de-luces-de-navidad-y-revisara-su-protocolo-para-aglomeraciones-masivas","status":"publish","type":"post","link":"https:\/\/www.revistarambla.com\/en\/barcelona-reconoce-el-peligro-en-el-encendido-de-luces-de-navidad-y-revisara-su-protocolo-para-aglomeraciones-masivas\/","title":{"rendered":"Barcelona reconoce el peligro en el encendido de luces de Navidad y revisar\u00e1 su protocolo para aglomeraciones masivas"},"content":{"rendered":"<p>El Ayuntamiento de Barcelona ha admitido p\u00fablicamente que el encendido de las luces de Navidad del pasado 22 de noviembre represent\u00f3 un riesgo significativo para la seguridad p\u00fablica <!--more-->debido a una afluencia masiva que super\u00f3 todas las previsiones. Albert Batlle, teniente de alcalde de Prevenci\u00f3n, Seguridad y Convivencia, ha declarado que lo sucedido \u00absuper\u00f3 cualquier expectativa\u00bb, con 46.000 personas congregadas en el Paseo de Gr\u00e0cia, generando \u00absituaciones de tensi\u00f3n\u00bb y \u00abdisfunciones\u00bb que podr\u00edan haber derivado en incidentes graves. Esta revelaci\u00f3n, realizada durante una comisi\u00f3n municipal de presidencia, ha impulsado la aprobaci\u00f3n de una proposici\u00f3n para revisar y fortalecer los protocolos de gesti\u00f3n de aglomeraciones en eventos masivos, destacando la necesidad de adaptar las estrategias de seguridad urbana a la realidad de una ciudad que atrae cada vez m\u00e1s visitantes.<\/p>\n<p>El evento, presidido por el alcalde Jaume Collboni, se convirti\u00f3 en un espect\u00e1culo emblem\u00e1tico de la temporada navide\u00f1a barcelonesa, con un alumbrado que se extiende por 110 kil\u00f3metros de calles, seis m\u00e1s que el a\u00f1o anterior. Sin embargo, la concentraci\u00f3n en el tramo entre Plaza Catalunya y la Gran Via colaps\u00f3 las entradas y salidas del centro urbano, creando embotellamientos que dificultaron la movilidad y la evacuaci\u00f3n potencial. Testigos, incluyendo el concejal Jordi Coronas de Esquerra Republicana de Catalunya (ERC), describieron escenas de riesgo inminente: \u00abSi hubiese habido un alud, tendr\u00edamos que haber lamentado hechos que no nos gustar\u00eda que se produjeran\u00bb, advirti\u00f3 Coronas, recordando que Barcelona mantiene un nivel 4 sobre 5 de alerta antiterrorista, lo que agrava la vulnerabilidad en escenarios de alta densidad poblacional.<\/p>\n<p>Este no es un incidente aislado en la historia reciente de Barcelona. En a\u00f1os anteriores, el encendido de luces ha generado controversias similares por aglomeraciones y falta de previsi\u00f3n. En 2023, por ejemplo, el evento atrajo a multitudes que provocaron cr\u00edticas por el caos en el tr\u00e1fico y la seguridad peatonal, con reportes de peleas y revuelos en plena ceremonia. Un video viral mostr\u00f3 a cuatro mujeres enzarzadas en una disputa f\u00edsica en la Plaza de Catalunya, destacando c\u00f3mo la excitaci\u00f3n festiva puede escalar r\u00e1pidamente en des\u00f3rdenes. En 2024, el espect\u00e1culo reuni\u00f3 a unas 15.000 personas en la calle de Casp, un aumento notable respecto a ediciones previas, pero a\u00fan manejable comparado con los 46.000 de este a\u00f1o. Sin embargo, ya entonces se viralizaron escenas de bloqueo peatonal en redes sociales, con quejas sobre la \u00abplaga de personas\u00bb que cortaban el tr\u00e1fico para fotografiarse, llegando incluso a incidentes como el atropello casi fatal de una mujer de 60 a\u00f1os.<\/p>\n<p>El incremento exponencial en la asistencia \u2013de 15.000 en 2024 a 46.000 en 2025\u2013 refleja el \u00e9xito de la promoci\u00f3n tur\u00edstica de Barcelona como destino navide\u00f1o, impulsada por campa\u00f1as del Ayuntamiento que enfatizan la \u00abespectacularidad del momento\u00bb, seg\u00fan Batlle. No obstante, este crecimiento ha expuesto las limitaciones de los protocolos actuales, heredados de periodos pre-pand\u00e9micos cuando la afluencia era menor. Hist\u00f3ricamente, eventos como las fiestas de La Merc\u00e8 o el Mobile World Congress han requerido dispositivos especiales, pero el encendido navide\u00f1o, al ser gratuito y abierto, presenta desaf\u00edos \u00fanicos en t\u00e9rminos de control de flujo humano.<\/p>\n<p>Desde una perspectiva experta en seguridad urbana, el incidente del 22 de noviembre evidencia fallos en la aplicaci\u00f3n de est\u00e1ndares internacionales para la gesti\u00f3n de eventos masivos. Seg\u00fan gu\u00edas del Departamento de Seguridad Nacional de Estados Unidos y el Observatorio Cient\u00edfico de Eventos en Espa\u00f1a, la planificaci\u00f3n debe incluir una evaluaci\u00f3n de riesgos integral que contemple la densidad poblacional m\u00e1xima por metro cuadrado \u2013idealmente no superior a 2-4 personas en zonas de alta movilidad\u2013 y protocolos de evacuaci\u00f3n escalonados. En Barcelona, el Paseo de Gr\u00e0cia, con su anchura variable y m\u00faltiples accesos laterales, ofrece potencial para sectorizar el espacio, pero la falta de controles de aforo previos permiti\u00f3 una saturaci\u00f3n que viol\u00f3 estos umbrales.<\/p>\n<p>Expertos como Enric Cabezuelo, especialista en seguridad para festivales como S\u00f3nar, enfatizan la integraci\u00f3n de tecnolog\u00eda: drones para monitoreo a\u00e9reo, sistemas de conteo automatizado v\u00eda IA y barreras inteligentes para dirigir flujos. En el caso barcelon\u00e9s, aunque la Guardia Urbana despleg\u00f3 agentes \u2013350 en campa\u00f1as navide\u00f1as pasadas\u2013, el informe preliminar post-evento revel\u00f3 \u00abdisfunciones\u00bb en la coordinaci\u00f3n, como la ausencia de salidas escalonadas y megafon\u00eda para guiar a la multitud. Batlle ha confirmado que se ajust\u00f3 el dispositivo in situ, resolviendo los problemas \u00absin afectaci\u00f3n mayor\u00bb, pero esto subraya una reactividad en lugar de proactividad, un error com\u00fan en ciudades con alta densidad tur\u00edstica como Barcelona.<\/p>\n<p>Comparativamente, eventos internacionales como el Times Square Ball Drop en Nueva York o el encendido de luces en Londres implementan l\u00edmites de aforo estrictos y zonas segmentadas, reduciendo riesgos de pisoteo o p\u00e1nico. En Espa\u00f1a, el modelo de seguridad urbana de Barcelona, coordinado por figuras como Maria Teresa Catal\u00e0, se centra en la convivencia y prevenci\u00f3n, pero requiere actualizaci\u00f3n para integrar inteligencia artificial y an\u00e1lisis predictivo de datos de movilidad urbana. La alerta antiterrorista a\u00f1ade complejidad, exigiendo planes que consideren amenazas asim\u00e9tricas, como ataques vehiculares en zonas peatonales.<\/p>\n<p>El reconocimiento de Batlle no solo aborda el incidente inmediato, sino que tiene ramificaciones para el ecosistema tur\u00edstico de Barcelona, que genera miles de millones en ingresos anuales. El encendido navide\u00f1o se ha consolidado como \u00abuno de los actos m\u00e1s significativos y populares de las fiestas\u00bb, atrayendo no solo a residentes sino a visitantes internacionales, impulsados por la expansi\u00f3n del alumbrado a barrios perif\u00e9ricos. Sin embargo, aglomeraciones como esta pueden disuadir a turistas futuros si se perciben como inseguras, especialmente en un contexto global de sensibilidad a las multitudes.<\/p>\n<p>Desde el punto de vista de la seguridad ciudadana, la proposici\u00f3n de ERC \u2013aprobada con apoyo transversal de PSC, Junts, Barcelona en Com\u00fa y Vox\u2013 propone medidas concretas: estimaci\u00f3n de afluencia m\u00e1xima basada en la geometr\u00eda urbana, habilitaci\u00f3n de v\u00edas de evacuaci\u00f3n transversales, controles de acceso sectorizados y cortes de tr\u00e1fico adyacentes. Batlle ha anunciado una reuni\u00f3n inmediata con mandos de la Guardia Urbana y Protecci\u00f3n Civil para \u00abanalizar la situaci\u00f3n y trabajar en protocolos conjuntos\u00bb, implementando correcciones del informe preliminar para evitar \u00absituaciones conflictivas\u00bb en futuros eventos, como las cabalgatas de Reyes o conciertos navide\u00f1os.<\/p>\n<p>A nivel experto, recomiendo que Barcelona adopte un enfoque hol\u00edstico inspirado en est\u00e1ndares de la Uni\u00f3n Europea para gesti\u00f3n de crisis en eventos, incorporando simulaciones digitales de flujos humanos y colaboraci\u00f3n con empresas de seguridad privada para reforzar el control. Esto no solo mitiga riesgos f\u00edsicos, sino que mejora la percepci\u00f3n de seguridad, esencial para una ciudad que acoge \u00abmiles de eventos anualmente sin incidencias\u00bb, como resalt\u00f3 Batlle.<\/p>\n<p>En conclusi\u00f3n, el incidente del encendido de luces de 2025 sirve como llamada de atenci\u00f3n para equilibrar el encanto festivo con la rigurosidad en la planificaci\u00f3n. Con la revisi\u00f3n de protocolos en marcha, Barcelona tiene la oportunidad de liderar en seguridad urbana, asegurando que sus tradiciones navide\u00f1as sigan iluminando la ciudad sin sombras de peligro.<\/p>","protected":false},"excerpt":{"rendered":"<p>El Ayuntamiento de Barcelona ha admitido p\u00fablicamente que el encendido de las luces de Navidad del pasado 22 de noviembre represent\u00f3 un riesgo significativo para la seguridad p\u00fablica<\/p>","protected":false},"author":3,"featured_media":67352,"comment_status":"closed","ping_status":"closed","sticky":false,"template":"","format":"standard","meta":{"footnotes":""},"categories":[76],"tags":[],"class_list":["post-67351","post","type-post","status-publish","format-standard","has-post-thumbnail","hentry","category-barcelona"],"yoast_head":"<!-- This site is optimized with the Yoast SEO plugin v27.5 - https:\/\/yoast.com\/product\/yoast-seo-wordpress\/ -->\n<title>Barcelona reconoce el peligro en el encendido de luces de Navidad y revisar\u00e1 su protocolo para aglomeraciones masivas - Revista Rambla<\/title>\n<meta name=\"robots\" content=\"index, follow, max-snippet:-1, max-image-preview:large, max-video-preview:-1\" \/>\n<link rel=\"canonical\" href=\"https:\/\/www.revistarambla.com\/en\/barcelona-reconoce-el-peligro-en-el-encendido-de-luces-de-navidad-y-revisara-su-protocolo-para-aglomeraciones-masivas\/\" \/>\n<meta property=\"og:locale\" content=\"en_GB\" \/>\n<meta property=\"og:type\" content=\"article\" \/>\n<meta property=\"og:title\" content=\"Barcelona reconoce el peligro en el encendido de luces de Navidad y revisar\u00e1 su protocolo para aglomeraciones masivas - Revista Rambla\" \/>\n<meta property=\"og:description\" content=\"El Ayuntamiento de Barcelona ha admitido p\u00fablicamente que el encendido de las luces de Navidad del pasado 22 de noviembre represent\u00f3 un riesgo significativo para la seguridad p\u00fablica\" \/>\n<meta property=\"og:url\" content=\"https:\/\/www.revistarambla.com\/en\/barcelona-reconoce-el-peligro-en-el-encendido-de-luces-de-navidad-y-revisara-su-protocolo-para-aglomeraciones-masivas\/\" \/>\n<meta property=\"og:site_name\" content=\"Revista Rambla\" \/>\n<meta property=\"article:publisher\" content=\"https:\/\/www.facebook.com\/revistarambla\/\" \/>\n<meta property=\"article:author\" content=\"https:\/\/www.facebook.com\/revistarambla\" \/>\n<meta property=\"article:published_time\" content=\"2025-12-11T12:19:07+00:00\" \/>\n<meta property=\"og:image\" content=\"https:\/\/www.revistarambla.com\/wp-content\/uploads\/2025\/12\/hotel-arc-rambla-barcelona-blog-christmas-lights.webp\" \/>\n\t<meta property=\"og:image:width\" content=\"980\" \/>\n\t<meta property=\"og:image:height\" content=\"677\" \/>\n\t<meta property=\"og:image:type\" content=\"image\/webp\" \/>\n<meta name=\"author\" content=\"R@mbla\" \/>\n<meta name=\"twitter:card\" content=\"summary_large_image\" \/>\n<meta name=\"twitter:creator\" content=\"@revistarambla\" \/>\n<meta name=\"twitter:site\" content=\"@revistarambla\" \/>\n<meta name=\"twitter:label1\" content=\"Written by\" \/>\n\t<meta name=\"twitter:data1\" content=\"R@mbla\" \/>\n\t<meta name=\"twitter:label2\" content=\"Estimated reading time\" \/>\n\t<meta name=\"twitter:data2\" content=\"6 minutes\" \/>\n<script type=\"application\/ld+json\" class=\"yoast-schema-graph\">{\"@context\":\"https:\\\/\\\/schema.org\",\"@graph\":[{\"@type\":\"Article\",\"@id\":\"https:\\\/\\\/www.revistarambla.com\\\/barcelona-reconoce-el-peligro-en-el-encendido-de-luces-de-navidad-y-revisara-su-protocolo-para-aglomeraciones-masivas\\\/#article\",\"isPartOf\":{\"@id\":\"https:\\\/\\\/www.revistarambla.com\\\/barcelona-reconoce-el-peligro-en-el-encendido-de-luces-de-navidad-y-revisara-su-protocolo-para-aglomeraciones-masivas\\\/\"},\"author\":{\"name\":\"R@mbla\",\"@id\":\"https:\\\/\\\/www.revistarambla.com\\\/#\\\/schema\\\/person\\\/a146a5a2550b94981a75131180e1bd9c\"},\"headline\":\"Barcelona reconoce el peligro en el encendido de luces de Navidad y revisar\u00e1 su protocolo para aglomeraciones masivas\",\"datePublished\":\"2025-12-11T12:19:07+00:00\",\"mainEntityOfPage\":{\"@id\":\"https:\\\/\\\/www.revistarambla.com\\\/barcelona-reconoce-el-peligro-en-el-encendido-de-luces-de-navidad-y-revisara-su-protocolo-para-aglomeraciones-masivas\\\/\"},\"wordCount\":1237,\"publisher\":{\"@id\":\"https:\\\/\\\/www.revistarambla.com\\\/#organization\"},\"image\":{\"@id\":\"https:\\\/\\\/www.revistarambla.com\\\/barcelona-reconoce-el-peligro-en-el-encendido-de-luces-de-navidad-y-revisara-su-protocolo-para-aglomeraciones-masivas\\\/#primaryimage\"},\"thumbnailUrl\":\"https:\\\/\\\/www.revistarambla.com\\\/wp-content\\\/uploads\\\/2025\\\/12\\\/hotel-arc-rambla-barcelona-blog-christmas-lights.webp\",\"articleSection\":[\"Barcelona\"],\"inLanguage\":\"en-GB\"},{\"@type\":\"WebPage\",\"@id\":\"https:\\\/\\\/www.revistarambla.com\\\/barcelona-reconoce-el-peligro-en-el-encendido-de-luces-de-navidad-y-revisara-su-protocolo-para-aglomeraciones-masivas\\\/\",\"url\":\"https:\\\/\\\/www.revistarambla.com\\\/barcelona-reconoce-el-peligro-en-el-encendido-de-luces-de-navidad-y-revisara-su-protocolo-para-aglomeraciones-masivas\\\/\",\"name\":\"Barcelona reconoce el peligro en el encendido de luces de Navidad y revisar\u00e1 su protocolo para aglomeraciones masivas - Revista Rambla\",\"isPartOf\":{\"@id\":\"https:\\\/\\\/www.revistarambla.com\\\/#website\"},\"primaryImageOfPage\":{\"@id\":\"https:\\\/\\\/www.revistarambla.com\\\/barcelona-reconoce-el-peligro-en-el-encendido-de-luces-de-navidad-y-revisara-su-protocolo-para-aglomeraciones-masivas\\\/#primaryimage\"},\"image\":{\"@id\":\"https:\\\/\\\/www.revistarambla.com\\\/barcelona-reconoce-el-peligro-en-el-encendido-de-luces-de-navidad-y-revisara-su-protocolo-para-aglomeraciones-masivas\\\/#primaryimage\"},\"thumbnailUrl\":\"https:\\\/\\\/www.revistarambla.com\\\/wp-content\\\/uploads\\\/2025\\\/12\\\/hotel-arc-rambla-barcelona-blog-christmas-lights.webp\",\"datePublished\":\"2025-12-11T12:19:07+00:00\",\"breadcrumb\":{\"@id\":\"https:\\\/\\\/www.revistarambla.com\\\/barcelona-reconoce-el-peligro-en-el-encendido-de-luces-de-navidad-y-revisara-su-protocolo-para-aglomeraciones-masivas\\\/#breadcrumb\"},\"inLanguage\":\"en-GB\",\"potentialAction\":[{\"@type\":\"ReadAction\",\"target\":[\"https:\\\/\\\/www.revistarambla.com\\\/barcelona-reconoce-el-peligro-en-el-encendido-de-luces-de-navidad-y-revisara-su-protocolo-para-aglomeraciones-masivas\\\/\"]}]},{\"@type\":\"ImageObject\",\"inLanguage\":\"en-GB\",\"@id\":\"https:\\\/\\\/www.revistarambla.com\\\/barcelona-reconoce-el-peligro-en-el-encendido-de-luces-de-navidad-y-revisara-su-protocolo-para-aglomeraciones-masivas\\\/#primaryimage\",\"url\":\"https:\\\/\\\/www.revistarambla.com\\\/wp-content\\\/uploads\\\/2025\\\/12\\\/hotel-arc-rambla-barcelona-blog-christmas-lights.webp\",\"contentUrl\":\"https:\\\/\\\/www.revistarambla.com\\\/wp-content\\\/uploads\\\/2025\\\/12\\\/hotel-arc-rambla-barcelona-blog-christmas-lights.webp\",\"width\":980,\"height\":677,\"caption\":\"luces navidad barcelona fl\u00e2neur\"},{\"@type\":\"BreadcrumbList\",\"@id\":\"https:\\\/\\\/www.revistarambla.com\\\/barcelona-reconoce-el-peligro-en-el-encendido-de-luces-de-navidad-y-revisara-su-protocolo-para-aglomeraciones-masivas\\\/#breadcrumb\",\"itemListElement\":[{\"@type\":\"ListItem\",\"position\":1,\"name\":\"Portada\",\"item\":\"https:\\\/\\\/www.revistarambla.com\\\/\"},{\"@type\":\"ListItem\",\"position\":2,\"name\":\"Barcelona reconoce el peligro en el encendido de luces de Navidad y revisar\u00e1 su protocolo para aglomeraciones masivas\"}]},{\"@type\":\"WebSite\",\"@id\":\"https:\\\/\\\/www.revistarambla.com\\\/#website\",\"url\":\"https:\\\/\\\/www.revistarambla.com\\\/\",\"name\":\"Revista Rambla Barcelona\",\"description\":\"Periodismo independiente\",\"publisher\":{\"@id\":\"https:\\\/\\\/www.revistarambla.com\\\/#organization\"},\"potentialAction\":[{\"@type\":\"SearchAction\",\"target\":{\"@type\":\"EntryPoint\",\"urlTemplate\":\"https:\\\/\\\/www.revistarambla.com\\\/?s={search_term_string}\"},\"query-input\":{\"@type\":\"PropertyValueSpecification\",\"valueRequired\":true,\"valueName\":\"search_term_string\"}}],\"inLanguage\":\"en-GB\"},{\"@type\":\"Organization\",\"@id\":\"https:\\\/\\\/www.revistarambla.com\\\/#organization\",\"name\":\"Revista Rambla\",\"url\":\"https:\\\/\\\/www.revistarambla.com\\\/\",\"logo\":{\"@type\":\"ImageObject\",\"inLanguage\":\"en-GB\",\"@id\":\"https:\\\/\\\/www.revistarambla.com\\\/#\\\/schema\\\/logo\\\/image\\\/\",\"url\":\"https:\\\/\\\/www.revistarambla.com\\\/wp-content\\\/uploads\\\/2020\\\/09\\\/banner_rambla_1900x600_BB.png\",\"contentUrl\":\"https:\\\/\\\/www.revistarambla.com\\\/wp-content\\\/uploads\\\/2020\\\/09\\\/banner_rambla_1900x600_BB.png\",\"width\":1900,\"height\":600,\"caption\":\"Revista Rambla\"},\"image\":{\"@id\":\"https:\\\/\\\/www.revistarambla.com\\\/#\\\/schema\\\/logo\\\/image\\\/\"},\"sameAs\":[\"https:\\\/\\\/www.facebook.com\\\/revistarambla\\\/\",\"https:\\\/\\\/x.com\\\/revistarambla\",\"https:\\\/\\\/www.instagram.com\\\/revista_rambla\",\"https:\\\/\\\/es.linkedin.com\\\/company\\\/revista-rambla\"]},{\"@type\":\"Person\",\"@id\":\"https:\\\/\\\/www.revistarambla.com\\\/#\\\/schema\\\/person\\\/a146a5a2550b94981a75131180e1bd9c\",\"name\":\"R@mbla\",\"description\":\"Este art\u00edculo ha sido redactado y\\\/o validado por el equipo de redacci\u00f3n de Revista Rambla.\",\"sameAs\":[\"https:\\\/\\\/www.revistarambla.com\\\/\",\"https:\\\/\\\/www.facebook.com\\\/revistarambla\",\"https:\\\/\\\/x.com\\\/revistarambla\"]}]}<\/script>\n<!-- \/ Yoast SEO plugin. -->","yoast_head_json":{"title":"Barcelona reconoce el peligro en el encendido de luces de Navidad y revisar\u00e1 su protocolo para aglomeraciones masivas - Revista Rambla","robots":{"index":"index","follow":"follow","max-snippet":"max-snippet:-1","max-image-preview":"max-image-preview:large","max-video-preview":"max-video-preview:-1"},"canonical":"https:\/\/www.revistarambla.com\/en\/barcelona-reconoce-el-peligro-en-el-encendido-de-luces-de-navidad-y-revisara-su-protocolo-para-aglomeraciones-masivas\/","og_locale":"en_GB","og_type":"article","og_title":"Barcelona reconoce el peligro en el encendido de luces de Navidad y revisar\u00e1 su protocolo para aglomeraciones masivas - Revista Rambla","og_description":"El Ayuntamiento de Barcelona ha admitido p\u00fablicamente que el encendido de las luces de Navidad del pasado 22 de noviembre represent\u00f3 un riesgo significativo para la seguridad p\u00fablica","og_url":"https:\/\/www.revistarambla.com\/en\/barcelona-reconoce-el-peligro-en-el-encendido-de-luces-de-navidad-y-revisara-su-protocolo-para-aglomeraciones-masivas\/","og_site_name":"Revista Rambla","article_publisher":"https:\/\/www.facebook.com\/revistarambla\/","article_author":"https:\/\/www.facebook.com\/revistarambla","article_published_time":"2025-12-11T12:19:07+00:00","og_image":[{"width":980,"height":677,"url":"https:\/\/www.revistarambla.com\/wp-content\/uploads\/2025\/12\/hotel-arc-rambla-barcelona-blog-christmas-lights.webp","type":"image\/webp"}],"author":"R@mbla","twitter_card":"summary_large_image","twitter_creator":"@revistarambla","twitter_site":"@revistarambla","twitter_misc":{"Written by":"R@mbla","Estimated reading time":"6 minutes"},"schema":{"@context":"https:\/\/schema.org","@graph":[{"@type":"Article","@id":"https:\/\/www.revistarambla.com\/barcelona-reconoce-el-peligro-en-el-encendido-de-luces-de-navidad-y-revisara-su-protocolo-para-aglomeraciones-masivas\/#article","isPartOf":{"@id":"https:\/\/www.revistarambla.com\/barcelona-reconoce-el-peligro-en-el-encendido-de-luces-de-navidad-y-revisara-su-protocolo-para-aglomeraciones-masivas\/"},"author":{"name":"R@mbla","@id":"https:\/\/www.revistarambla.com\/#\/schema\/person\/a146a5a2550b94981a75131180e1bd9c"},"headline":"Barcelona reconoce el peligro en el encendido de luces de Navidad y revisar\u00e1 su protocolo para aglomeraciones masivas","datePublished":"2025-12-11T12:19:07+00:00","mainEntityOfPage":{"@id":"https:\/\/www.revistarambla.com\/barcelona-reconoce-el-peligro-en-el-encendido-de-luces-de-navidad-y-revisara-su-protocolo-para-aglomeraciones-masivas\/"},"wordCount":1237,"publisher":{"@id":"https:\/\/www.revistarambla.com\/#organization"},"image":{"@id":"https:\/\/www.revistarambla.com\/barcelona-reconoce-el-peligro-en-el-encendido-de-luces-de-navidad-y-revisara-su-protocolo-para-aglomeraciones-masivas\/#primaryimage"},"thumbnailUrl":"https:\/\/www.revistarambla.com\/wp-content\/uploads\/2025\/12\/hotel-arc-rambla-barcelona-blog-christmas-lights.webp","articleSection":["Barcelona"],"inLanguage":"en-GB"},{"@type":"WebPage","@id":"https:\/\/www.revistarambla.com\/barcelona-reconoce-el-peligro-en-el-encendido-de-luces-de-navidad-y-revisara-su-protocolo-para-aglomeraciones-masivas\/","url":"https:\/\/www.revistarambla.com\/barcelona-reconoce-el-peligro-en-el-encendido-de-luces-de-navidad-y-revisara-su-protocolo-para-aglomeraciones-masivas\/","name":"Barcelona reconoce el peligro en el encendido de luces de Navidad y revisar\u00e1 su protocolo para aglomeraciones masivas - Revista Rambla","isPartOf":{"@id":"https:\/\/www.revistarambla.com\/#website"},"primaryImageOfPage":{"@id":"https:\/\/www.revistarambla.com\/barcelona-reconoce-el-peligro-en-el-encendido-de-luces-de-navidad-y-revisara-su-protocolo-para-aglomeraciones-masivas\/#primaryimage"},"image":{"@id":"https:\/\/www.revistarambla.com\/barcelona-reconoce-el-peligro-en-el-encendido-de-luces-de-navidad-y-revisara-su-protocolo-para-aglomeraciones-masivas\/#primaryimage"},"thumbnailUrl":"https:\/\/www.revistarambla.com\/wp-content\/uploads\/2025\/12\/hotel-arc-rambla-barcelona-blog-christmas-lights.webp","datePublished":"2025-12-11T12:19:07+00:00","breadcrumb":{"@id":"https:\/\/www.revistarambla.com\/barcelona-reconoce-el-peligro-en-el-encendido-de-luces-de-navidad-y-revisara-su-protocolo-para-aglomeraciones-masivas\/#breadcrumb"},"inLanguage":"en-GB","potentialAction":[{"@type":"ReadAction","target":["https:\/\/www.revistarambla.com\/barcelona-reconoce-el-peligro-en-el-encendido-de-luces-de-navidad-y-revisara-su-protocolo-para-aglomeraciones-masivas\/"]}]},{"@type":"ImageObject","inLanguage":"en-GB","@id":"https:\/\/www.revistarambla.com\/barcelona-reconoce-el-peligro-en-el-encendido-de-luces-de-navidad-y-revisara-su-protocolo-para-aglomeraciones-masivas\/#primaryimage","url":"https:\/\/www.revistarambla.com\/wp-content\/uploads\/2025\/12\/hotel-arc-rambla-barcelona-blog-christmas-lights.webp","contentUrl":"https:\/\/www.revistarambla.com\/wp-content\/uploads\/2025\/12\/hotel-arc-rambla-barcelona-blog-christmas-lights.webp","width":980,"height":677,"caption":"luces navidad barcelona fl\u00e2neur"},{"@type":"BreadcrumbList","@id":"https:\/\/www.revistarambla.com\/barcelona-reconoce-el-peligro-en-el-encendido-de-luces-de-navidad-y-revisara-su-protocolo-para-aglomeraciones-masivas\/#breadcrumb","itemListElement":[{"@type":"ListItem","position":1,"name":"Portada","item":"https:\/\/www.revistarambla.com\/"},{"@type":"ListItem","position":2,"name":"Barcelona reconoce el peligro en el encendido de luces de Navidad y revisar\u00e1 su protocolo para aglomeraciones masivas"}]},{"@type":"WebSite","@id":"https:\/\/www.revistarambla.com\/#website","url":"https:\/\/www.revistarambla.com\/","name":"Revista Rambla Barcelona","description":"Periodismo independiente","publisher":{"@id":"https:\/\/www.revistarambla.com\/#organization"},"potentialAction":[{"@type":"SearchAction","target":{"@type":"EntryPoint","urlTemplate":"https:\/\/www.revistarambla.com\/?s={search_term_string}"},"query-input":{"@type":"PropertyValueSpecification","valueRequired":true,"valueName":"search_term_string"}}],"inLanguage":"en-GB"},{"@type":"Organization","@id":"https:\/\/www.revistarambla.com\/#organization","name":"Revista Rambla","url":"https:\/\/www.revistarambla.com\/","logo":{"@type":"ImageObject","inLanguage":"en-GB","@id":"https:\/\/www.revistarambla.com\/#\/schema\/logo\/image\/","url":"https:\/\/www.revistarambla.com\/wp-content\/uploads\/2020\/09\/banner_rambla_1900x600_BB.png","contentUrl":"https:\/\/www.revistarambla.com\/wp-content\/uploads\/2020\/09\/banner_rambla_1900x600_BB.png","width":1900,"height":600,"caption":"Revista Rambla"},"image":{"@id":"https:\/\/www.revistarambla.com\/#\/schema\/logo\/image\/"},"sameAs":["https:\/\/www.facebook.com\/revistarambla\/","https:\/\/x.com\/revistarambla","https:\/\/www.instagram.com\/revista_rambla","https:\/\/es.linkedin.com\/company\/revista-rambla"]},{"@type":"Person","@id":"https:\/\/www.revistarambla.com\/#\/schema\/person\/a146a5a2550b94981a75131180e1bd9c","name":"R@mbla","description":"Este art\u00edculo ha sido redactado y\/o validado por el equipo de redacci\u00f3n de Revista Rambla.","sameAs":["https:\/\/www.revistarambla.com\/","https:\/\/www.facebook.com\/revistarambla","https:\/\/x.com\/revistarambla"]}]}},"_links":{"self":[{"href":"https:\/\/www.revistarambla.com\/en\/wp-json\/wp\/v2\/posts\/67351","targetHints":{"allow":["GET"]}}],"collection":[{"href":"https:\/\/www.revistarambla.com\/en\/wp-json\/wp\/v2\/posts"}],"about":[{"href":"https:\/\/www.revistarambla.com\/en\/wp-json\/wp\/v2\/types\/post"}],"author":[{"embeddable":true,"href":"https:\/\/www.revistarambla.com\/en\/wp-json\/wp\/v2\/users\/3"}],"replies":[{"embeddable":true,"href":"https:\/\/www.revistarambla.com\/en\/wp-json\/wp\/v2\/comments?post=67351"}],"version-history":[{"count":1,"href":"https:\/\/www.revistarambla.com\/en\/wp-json\/wp\/v2\/posts\/67351\/revisions"}],"predecessor-version":[{"id":67353,"href":"https:\/\/www.revistarambla.com\/en\/wp-json\/wp\/v2\/posts\/67351\/revisions\/67353"}],"wp:featuredmedia":[{"embeddable":true,"href":"https:\/\/www.revistarambla.com\/en\/wp-json\/wp\/v2\/media\/67352"}],"wp:attachment":[{"href":"https:\/\/www.revistarambla.com\/en\/wp-json\/wp\/v2\/media?parent=67351"}],"wp:term":[{"taxonomy":"category","embeddable":true,"href":"https:\/\/www.revistarambla.com\/en\/wp-json\/wp\/v2\/categories?post=67351"},{"taxonomy":"post_tag","embeddable":true,"href":"https:\/\/www.revistarambla.com\/en\/wp-json\/wp\/v2\/tags?post=67351"}],"curies":[{"name":"wp","href":"https:\/\/api.w.org\/{rel}","templated":true}]}}